{"id":1394,"date":"2025-11-10T00:42:44","date_gmt":"2025-11-09T22:42:44","guid":{"rendered":"https:\/\/gruene-wiesbaden.de\/?p=1394"},"modified":"2025-11-24T18:56:24","modified_gmt":"2025-11-24T16:56:24","slug":"praeambel-eine-stadt-in-der-alle-dazugehoeren","status":"publish","type":"post","link":"https:\/\/gruene-wiesbaden.de\/uk\/praeambel-eine-stadt-in-der-alle-dazugehoeren\/","title":{"rendered":"\u041f\u0440\u0435\u0430\u043c\u0431\u0443\u043b\u0430: \u041c\u0456\u0441\u0442\u043e, \u0432 \u044f\u043a\u043e\u043c\u0443 \u043a\u043e\u0436\u0435\u043d \u043c\u0430\u0454"},"content":{"rendered":"<section class=\"l-section wpb_row height_medium with_img\"><div class=\"l-section-img\" role=\"img\" data-img-width=\"2560\" data-img-height=\"1440\" style=\"background-image: url(https:\/\/gruene-wiesbaden.de\/wp-content\/uploads\/2025\/11\/MJK_82683-3-scaled.jpg);\"><\/div><div class=\"l-section-overlay\" style=\"background:var(--color-header-top-transparent-bg)\"><\/div><div class=\"l-section-h i-cf\"><div class=\"g-cols vc_row via_grid cols_1 laptops-cols_inherit tablets-cols_inherit mobiles-cols_1 valign_top type_default stacking_default\"><div class=\"wpb_column vc_column_container\"><div class=\"vc_column-inner\"><div class=\"g-cols wpb_row us_custom_baf6e999 via_grid cols_1 laptops-cols_inherit tablets-cols_inherit mobiles-cols_1 valign_top type_boxes stacking_default\" style=\"--columns-gap:3rem;\"><div class=\"wpb_column vc_column_container\"><div class=\"vc_column-inner\"><h1 class=\"w-post-elm post_title us_custom_24a85f83 has_text_color entry-title\">\u041f\u0440\u0435\u0430\u043c\u0431\u0443\u043b\u0430: \u041c\u0456\u0441\u0442\u043e, \u0432 \u044f\u043a\u043e\u043c\u0443 \u043a\u043e\u0436\u0435\u043d \u043c\u0430\u0454<\/h1><div class=\"w-separator size_medium\"><\/div><div class=\"wpb_text_column us_custom_8b3d6790 has_text_color\"><div class=\"wpb_wrapper\"><p><span style=\"font-weight: 400;\">\u0412\u0456\u0441\u0431\u0430\u0434\u0435\u043d - \u0446\u0435 \u043c\u0456\u0441\u0442\u043e \u0440\u0456\u0437\u043d\u043e\u043c\u0430\u043d\u0456\u0442\u043d\u043e\u0441\u0442\u0456  \u2047 , \u0456 \u0446\u0435 \u0434\u043e\u0431\u0440\u0435. \u041b\u044e\u0434\u0438 \u0437 \u0440\u0456\u0437\u043d\u0438\u043c\u0438 \u0431\u0456\u043e\u0433\u0440\u0430\u0444\u0456\u044f\u043c\u0438, \u043f\u043e\u0445\u043e\u0434\u0436\u0435\u043d\u043d\u044f\u043c \u0456 \u0436\u0438\u0442\u0442\u0454\u0432\u0438\u043c\u0438 \u043f\u043b\u0430\u043d\u0430\u043c\u0438 \u0436\u0438\u0432\u0443\u0442\u044c \u0442\u0443\u0442 \u0440\u0430\u0437\u043e\u043c.<\/span><\/p>\n<p><span style=\"font-weight: 400;\">\u041c\u0438, \u0437\u0435\u043b\u0435\u043d\u0456, \u043f\u0440\u0430\u0433\u043d\u0435\u043c\u043e \u0434\u043e \u0412\u0456\u0441\u0431\u0430\u0434\u0435\u043d\u0443, \u0434\u0435 \u0440\u0456\u0437\u043d\u043e\u043c\u0430\u043d\u0456\u0442\u043d\u0456\u0441\u0442\u044c \u0432\u0438\u0437\u043d\u0430\u0454\u0442\u044c\u0441\u044f \u0456 \u0436\u0438\u0432\u0435 \u044f\u043a \u0441\u0438\u043b\u0430, \u0434\u0435 \u043b\u044e\u0434\u0438 \u043c\u043e\u0436\u0443\u0442\u044c \u0436\u0438\u0442\u0438 \u043d\u0435\u0437\u0430\u043b\u0435\u0436\u043d\u043e, \u0431\u0435\u0437\u043f\u0435\u0447\u043d\u043e \u0442\u0430 \u0432\u0456\u043b\u044c\u043d\u043e, \u043d\u0435\u0437\u0430\u043b\u0435\u0436\u043d\u043e \u0432\u0456\u0434 \u0434\u043e\u0445\u043e\u0434\u0443, \u043f\u043e\u0445\u043e\u0434\u0436\u0435\u043d\u043d\u044f, \u0440\u0435\u043b\u0456\u0433\u0456\u0457, \u0441\u0442\u0430\u0442\u0456, \u0432\u0456\u043a\u0443, \u0441\u0435\u043a\u0441\u0443\u0430\u043b\u044c\u043d\u043e\u0457 \u0456\u0434\u0435\u043d\u0442\u0438\u0447\u043d\u043e\u0441\u0442\u0456 \u0447\u0438 \u0456\u043d\u0432\u0430\u043b\u0456\u0434\u043d\u043e\u0441\u0442\u0456.<\/span><\/p>\n<p><span style=\"font-weight: 400;\">\u041c\u0438 \u0432\u0438\u0441\u0442\u0443\u043f\u0430\u0454\u043c\u043e \u0437\u0430 \u043f\u043e\u043b\u0456\u0442\u0438\u043a\u0443, \u044f\u043a\u0430 \u0432\u0440\u0430\u0445\u043e\u0432\u0443\u0454 \u0432\u0441\u0456\u0445 \u043b\u044e\u0434\u0435\u0439 \u0441\u0443\u0441\u043f\u0456\u043b\u044c\u0441\u0442\u0432\u0430 \u0437 \u0457\u0445 \u0440\u0456\u0437\u043d\u0438\u043c\u0438 \u0440\u0435\u0430\u043b\u0456\u044f\u043c\u0438 \u0442\u0430 \u043f\u043e\u0442\u0440\u0435\u0431\u0430\u043c\u0438 \u0442\u0430 \u0437\u043c\u0456\u0446\u043d\u044e\u0454 \u0443\u0447\u0430\u0441\u0442\u044c \u0433\u0440\u043e\u043c\u0430\u0434\u044f\u043d\u0441\u044c\u043a\u043e\u0433\u043e \u0441\u0443\u0441\u043f\u0456\u043b\u044c\u0441\u0442\u0432\u0430 \u0432 \u0434\u0438\u0437\u0430\u0439\u043d\u0456 \u043d\u0430\u0448\u043e\u0433\u043e \u043c\u0456\u0441\u0442\u0430.<\/span><\/p>\n<p><span style=\"font-weight: 400;\">\u041d\u0430\u0448\u0430 \u043c\u0435\u0442\u0430 - \u0441\u043e\u043b\u0456\u0434\u0430\u0440\u043d\u0435, \u0432\u0456\u0434\u043a\u0440\u0438\u0442\u0435 \u0442\u0430 \u0456\u043d\u043a\u043b\u044e\u0437\u0438\u0432\u043d\u0435 \u043c\u0456\u0441\u044c\u043a\u0435 \u0441\u0443\u0441\u043f\u0456\u043b\u044c\u0441\u0442\u0432\u043e \u0442\u0430 \u043c\u0456\u0441\u0442\u043e, \u044f\u043a\u0435 \u043d\u0435 \u0442\u0456\u043b\u044c\u043a\u0438 \u043f\u043e\u0432\u0430\u0436\u0430\u0454 \u0440\u0456\u0437\u043d\u043e\u043c\u0430\u043d\u0456\u0442\u043d\u0456\u0441\u0442\u044c, \u0430\u043b\u0435 \u0441\u0432\u0456\u0434\u043e\u043c\u043e \u0432\u043a\u043b\u044e\u0447\u0430\u0454 \u0457\u0457 \u0443 \u0441\u0432\u043e\u0457 \u0440\u0456\u0448\u0435\u043d\u043d\u044f \u0442\u0430 \u0432\u0436\u0438\u0432\u0430\u0454 \u0437\u0430\u0445\u043e\u0434\u0456\u0432 \u043f\u0440\u043e\u0442\u0438 \u0432\u0441\u0456\u0445 \u0444\u043e\u0440\u043c \u0434\u0438\u0441\u043a\u0440\u0438\u043c\u0456\u043d\u0430\u0446\u0456\u0457. \u041c\u0456\u0441\u0442\u043e, \u0434\u0435 \u0437\u0440\u043e\u0441\u0442\u0430\u0454 \u0437\u0433\u0443\u0440\u0442\u043e\u0432\u0430\u043d\u0456\u0441\u0442\u044c \u0442\u0430 \u0443\u0447\u0430\u0441\u0442\u044c - \u0446\u0435, \u0437\u0432\u0438\u0447\u0430\u0439\u043d\u043e, \u043f\u0438\u0442\u0430\u043d\u043d\u044f  \u2047  \u0434\u043b\u044f \u0432\u0441\u0456\u0445, \u0445\u0442\u043e \u0442\u0443\u0442 \u0436\u0438\u0432\u0435.<\/span><\/p>\n<p><span style=\"font-weight: 400;\">\u0414\u043b\u044f \u0446\u044c\u043e\u0433\u043e \u043f\u043e\u0442\u0440\u0456\u0431\u043d\u0430 \u043f\u043e\u043b\u0456\u0442\u0438\u043a\u0430, \u044f\u043a\u0430:<\/span><\/p>\n<ul>\n<li style=\"font-weight: 400;\" aria-level=\"1\"><span style=\"font-weight: 400;\">\u0421\u0442\u0432\u043e\u0440\u044e\u0454 \u0441\u043e\u0446\u0456\u0430\u043b\u044c\u043d\u0443 \u0441\u043f\u0440\u0430\u0432\u0435\u0434\u043b\u0438\u0432\u0456\u0441\u0442\u044c \u0437\u0430\u0432\u0434\u044f\u043a\u0438 \u0431\u0456\u043b\u044c\u0448\u0456\u0439 \u0440\u0456\u0432\u043d\u043e\u0441\u0442\u0456 \u0432 \u043e\u0441\u0432\u0456\u0442\u0456, \u0434\u043e\u0441\u0442\u0443\u043f\u043d\u043e\u0441\u0442\u0456 \u0434\u043b\u044f \u0434\u043e\u0437\u0432\u0456\u043b\u043b\u044f, \u043a\u0443\u043b\u044c\u0442\u0443\u0440\u0456 \u0442\u0430 \u043c\u043e\u0436\u043b\u0438\u0432\u043e\u0441\u0442\u044f\u043c \u043c\u043e\u0431\u0456\u043b\u044c\u043d\u043e\u0441\u0442\u0456, \u0430 \u0442\u0430\u043a\u043e\u0436 \u0446\u0456\u043b\u0435\u0441\u043f\u0440\u044f\u043c\u043e\u0432\u0430\u043d\u0456\u0439 \u043f\u0456\u0434\u0442\u0440\u0438\u043c\u0446\u0456 \u0434\u0456\u0442\u0435\u0439, \u043c\u043e\u043b\u043e\u0434\u0456 \u0442\u0430 \u0441\u0456\u043c\u0435\u0439, \u0430 \u0442\u0430\u043a\u043e\u0436 \u043b\u044e\u0434\u0435\u0439 \u043f\u043e\u0445\u0438\u043b\u043e\u0433\u043e \u0432\u0456\u043a\u0443.<\/span><\/li>\n<\/ul>\n<ul>\n<li style=\"font-weight: 400;\" aria-level=\"1\"><span style=\"font-weight: 400;\">\u0437\u0430\u0431\u0435\u0437\u043f\u0435\u0447\u0443\u0454 \u0437\u0430\u0445\u0438\u0441\u0442 \u0432\u0456\u0434 \u0434\u0438\u0441\u043a\u0440\u0438\u043c\u0456\u043d\u0430\u0446\u0456\u0457, \u0440\u0430\u0441\u0438\u0437\u043c\u0443, \u0430\u043d\u0442\u0438\u0441\u0435\u043c\u0456\u0442\u0438\u0437\u043c\u0443, \u043a\u0432\u0456\u0440\u0438\u0437\u043c\u0443, \u043d\u0435\u043d\u0430\u0432\u0438\u0441\u0442\u0456 \u0434\u043e \u0436\u0456\u043d\u043e\u043a \u0442\u0430 \u0432\u0441\u0456\u0445 \u0444\u043e\u0440\u043c \u0433\u0440\u0443\u043f\u043e\u0432\u043e\u0457 \u043c\u0456\u0437\u043e\u0433\u0456\u043d\u0456\u0457, \u043d\u0430\u0441\u0438\u043b\u044c\u0441\u0442\u0432\u0430 \u0442\u0430 \u0431\u0435\u0437\u043f\u0440\u0438\u0442\u0443\u043b\u044c\u043d\u043e\u0441\u0442\u0456.<\/span><\/li>\n<\/ul>\n<ul>\n<li style=\"font-weight: 400;\" aria-level=\"1\"><span style=\"font-weight: 400;\">\u0420\u0443\u0439\u043d\u0443\u0432\u0430\u043d\u043d\u044f \u0431\u0430\u0440'\u0454\u0440\u0456\u0432 - \u0444\u0456\u0437\u0438\u0447\u043d\u0438\u0445, \u0446\u0438\u0444\u0440\u043e\u0432\u0438\u0445 \u0447\u0438 \u0441\u043e\u0446\u0456\u0430\u043b\u044c\u043d\u0438\u0445, \u0449\u043e\u0431 \u0443\u0441\u0456 \u043b\u044e\u0434\u0438 \u043c\u043e\u0433\u043b\u0438 \u0436\u0438\u0442\u0438 \u0441\u0430\u043c\u043e\u0441\u0442\u0456\u0439\u043d\u043e.<\/span><\/li>\n<\/ul>\n<ul>\n<li style=\"font-weight: 400;\" aria-level=\"1\"><span style=\"font-weight: 400;\">\u0417\u043c\u0456\u0446\u043d\u0435\u043d\u043d\u044f \u0437\u0433\u0443\u0440\u0442\u043e\u0432\u0430\u043d\u043e\u0441\u0442\u0456 \u0447\u0435\u0440\u0435\u0437 \u0430\u043a\u0442\u0438\u0432\u043d\u0435 \u0433\u0440\u043e\u043c\u0430\u0434\u044f\u043d\u0441\u044c\u043a\u0435 \u0441\u0443\u0441\u043f\u0456\u043b\u044c\u0441\u0442\u0432\u043e, \u0434\u0435\u043c\u043e\u043a\u0440\u0430\u0442\u0438\u0447\u043d\u0443 \u0443\u0447\u0430\u0441\u0442\u044c \u0442\u0430 \u043a\u0443\u043b\u044c\u0442\u0443\u0440\u0443 \u0454\u0434\u043d\u0430\u043d\u043d\u044f.<\/span><\/li>\n<\/ul>\n<p><span style=\"font-weight: 400;\">\u0426\u0435\u0439 \u0440\u043e\u0437\u0434\u0456\u043b \u043f\u043e\u043a\u0430\u0437\u0443\u0454, \u044f\u043a \u043c\u0438 \u0445\u043e\u0447\u0435\u043c\u043e \u0437\u0440\u043e\u0431\u0438\u0442\u0438 \u0412\u0456\u0441\u0431\u0430\u0434\u0435\u043d \u043c\u0456\u0441\u0442\u043e\u043c, \u0434\u0435 \u0441\u0432\u043e\u0431\u043e\u0434\u0430, \u0431\u0435\u0437\u043f\u0435\u043a\u0430 \u0442\u0430 \u0441\u0430\u043c\u043e\u0432\u0438\u0437\u043d\u0430\u0447\u0435\u043d\u043d\u044f \u0441\u0442\u0430\u044e\u0442\u044c \u0440\u0435\u0430\u043b\u044c\u043d\u0456\u0441\u0442\u044e \u0434\u043b\u044f \u0432\u0441\u0456\u0445. \u0422\u043e\u043c\u0443 \u0449\u043e \u043c\u0456\u0441\u0442\u043e, \u0434\u0435 \u0432\u0441\u0456 \u043d\u0430\u043b\u0435\u0436\u0430\u0442\u044c, \u043d\u0435 \u0454 \u0443\u0442\u043e\u043f\u0456\u0454\u044e  \u2047  \u0446\u0435 \u043c\u043e\u0436\u043b\u0438\u0432\u043e.<\/span><\/p>\n<p>\u041c\u0438 \u0440\u043e\u0431\u0438\u043c\u043e \u0431\u0456\u043b\u044c\u0448\u0435 \u043c\u043e\u0436\u043b\u0438\u0432\u043e\u0441\u0442\u0435\u0439. \u0434\u043b\u044f \u0412\u0456\u0441\u0431\u0430\u0434\u0435\u043d\u0430. \u0421\u0432\u043e\u0457\u043c \u0433\u043e\u043b\u043e\u0441\u043e\u043c.<\/p>\n<\/div><\/div><div class=\"w-separator size_medium\"><\/div><div class=\"w-btn-wrapper align_left\"><a class=\"w-btn us-btn-style_8 icon_atleft\" href=\"https:\/\/gruene-wiesbaden.de\/uk\/kommunalwahl\/#Kapitel2\"><i class=\"fas fa-chevron-circle-right\"><\/i><span class=\"w-btn-label\">\u041f\u043e\u0432\u0435\u0440\u043d\u0443\u0442\u0438\u0441\u044f \u0434\u043e \u043e\u0433\u043b\u044f\u0434\u0443<\/span><\/a><\/div><\/div><\/div><\/div><div class=\"w-separator size_medium\"><\/div><\/div><\/div><\/div><\/div><\/section>","protected":false},"excerpt":{"rendered":"\u041f\u0440\u0435\u0430\u043c\u0431\u0443\u043b\u0430: \u041c\u0456\u0441\u0442\u043e, \u0434\u0435 \u043a\u043e\u0436\u0435\u043d \u043d\u0430\u043b\u0435\u0436\u0438\u0442\u044cWiesbaden \u0446\u0435 \u043c\u0456\u0441\u0442\u043e \u0440\u0456\u0437\u043d\u043e\u043c\u0430\u043d\u0456\u0442\u043d\u043e\u0441\u0442\u0456  \u2047  \u0456 \u0446\u0435 \u0434\u043e\u0431\u0440\u0435. \u041b\u044e\u0434\u0438 \u0437 \u0440\u0456\u0437\u043d\u0438\u043c\u0438 \u0431\u0456\u043e\u0433\u0440\u0430\u0444\u0456\u044f\u043c\u0438, \u043f\u043e\u0445\u043e\u0434\u0436\u0435\u043d\u043d\u044f\u043c \u0456 \u0436\u0438\u0442\u0442\u0454\u0432\u0438\u043c\u0438 \u043f\u043b\u0430\u043d\u0430\u043c\u0438 \u0436\u0438\u0432\u0443\u0442\u044c \u0442\u0443\u0442 \u0440\u0430\u0437\u043e\u043c. \u041c\u0438, \u0437\u0435\u043b\u0435\u043d\u0456, \u043f\u0440\u0430\u0433\u043d\u0435\u043c\u043e \u0434\u043e \u0412\u0456\u0441\u0431\u0430\u0434\u0435\u043d\u0443, \u0434\u0435 \u0440\u0456\u0437\u043d\u043e\u043c\u0430\u043d\u0456\u0442\u043d\u0456\u0441\u0442\u044c \u0432\u0438\u0437\u043d\u0430\u0454\u0442\u044c\u0441\u044f \u0456 \u0436\u0438\u0432\u0435 \u044f\u043a \u0441\u0438\u043b\u0430, \u0434\u0435 \u043b\u044e\u0434\u0438 \u043d\u0435 \u0437\u0430\u043b\u0435\u0436\u0430\u0442\u044c \u0432\u0456\u0434 \u0434\u043e\u0445\u043e\u0434\u0443, \u043f\u043e\u0445\u043e\u0434\u0436\u0435\u043d\u043d\u044f, \u0440\u0435\u043b\u0456\u0433\u0456\u0457, \u0441\u0442\u0430\u0442\u0456 \u0442\u043e\u0449\u043e.","protected":false},"author":1,"featured_media":1400,"comment_status":"closed","ping_status":"closed","sticky":false,"template":"","format":"standard","meta":{"footnotes":""},"categories":[19],"tags":[],"class_list":["post-1394","post","type-post","status-publish","format-standard","has-post-thumbnail","hentry","category-kapitel-2-praeambel"],"yoast_head":"<!-- This site is optimized with the Yoast SEO plugin v27.5 - https:\/\/yoast.com\/product\/yoast-seo-wordpress\/ -->\n<title>Pr\u00e4ambel: Eine Stadt, in der alle dazugeh\u00f6ren - B\u00dcNDNIS 90\/DIE GR\u00dcNEN Wiesbaden<\/title>\n<meta name=\"robots\" content=\"index, follow, max-snippet:-1, max-image-preview:large, max-video-preview:-1\" \/>\n<link rel=\"canonical\" href=\"https:\/\/gruene-wiesbaden.de\/uk\/praeambel-eine-stadt-in-der-alle-dazugehoeren\/\" \/>\n<meta property=\"og:locale\" content=\"uk_UA\" \/>\n<meta property=\"og:type\" content=\"article\" \/>\n<meta property=\"og:title\" content=\"Pr\u00e4ambel: Eine Stadt, in der alle dazugeh\u00f6ren - B\u00dcNDNIS 90\/DIE GR\u00dcNEN Wiesbaden\" \/>\n<meta property=\"og:url\" content=\"https:\/\/gruene-wiesbaden.de\/uk\/praeambel-eine-stadt-in-der-alle-dazugehoeren\/\" \/>\n<meta property=\"og:site_name\" content=\"B\u00dcNDNIS 90\/DIE GR\u00dcNEN Wiesbaden\" \/>\n<meta property=\"article:publisher\" content=\"https:\/\/www.facebook.com\/gruene.wi\" \/>\n<meta property=\"article:published_time\" content=\"2025-11-09T22:42:44+00:00\" \/>\n<meta property=\"article:modified_time\" content=\"2025-11-24T16:56:24+00:00\" \/>\n<meta property=\"og:image\" content=\"https:\/\/gruene-wiesbaden.de\/wp-content\/uploads\/2025\/11\/MJK_82683-3-scaled.jpg\" \/>\n\t<meta property=\"og:image:width\" content=\"2560\" \/>\n\t<meta property=\"og:image:height\" content=\"1440\" \/>\n\t<meta property=\"og:image:type\" content=\"image\/jpeg\" \/>\n<meta name=\"author\" content=\"admin\" \/>\n<meta name=\"twitter:card\" content=\"summary_large_image\" \/>\n<meta name=\"twitter:label1\" content=\"\u041d\u0430\u043f\u0438\u0441\u0430\u043d\u043e\" \/>\n\t<meta name=\"twitter:data1\" content=\"admin\" \/>\n\t<meta name=\"twitter:label2\" content=\"\u041f\u0440\u0438\u0431\u043b. \u0447\u0430\u0441 \u0447\u0438\u0442\u0430\u043d\u043d\u044f\" \/>\n\t<meta name=\"twitter:data2\" content=\"2 minutes\" \/>\n<script type=\"application\/ld+json\" class=\"yoast-schema-graph\">{\"@context\":\"https:\\\/\\\/schema.org\",\"@graph\":[{\"@type\":\"Article\",\"@id\":\"https:\\\/\\\/gruene-wiesbaden.de\\\/praeambel-eine-stadt-in-der-alle-dazugehoeren\\\/#article\",\"isPartOf\":{\"@id\":\"https:\\\/\\\/gruene-wiesbaden.de\\\/praeambel-eine-stadt-in-der-alle-dazugehoeren\\\/\"},\"author\":{\"name\":\"admin\",\"@id\":\"https:\\\/\\\/gruene-wiesbaden.de\\\/#\\\/schema\\\/person\\\/6785c34779159cd4fd86886bb097afe9\"},\"headline\":\"Pr\u00e4ambel: Eine Stadt, in der alle dazugeh\u00f6ren\",\"datePublished\":\"2025-11-09T22:42:44+00:00\",\"dateModified\":\"2025-11-24T16:56:24+00:00\",\"mainEntityOfPage\":{\"@id\":\"https:\\\/\\\/gruene-wiesbaden.de\\\/praeambel-eine-stadt-in-der-alle-dazugehoeren\\\/\"},\"wordCount\":417,\"publisher\":{\"@id\":\"https:\\\/\\\/gruene-wiesbaden.de\\\/#organization\"},\"image\":{\"@id\":\"https:\\\/\\\/gruene-wiesbaden.de\\\/praeambel-eine-stadt-in-der-alle-dazugehoeren\\\/#primaryimage\"},\"thumbnailUrl\":\"https:\\\/\\\/gruene-wiesbaden.de\\\/wp-content\\\/uploads\\\/2025\\\/11\\\/MJK_82683-3-scaled.jpg\",\"articleSection\":[\"Kapitel 2 Pr\u00e4ambel\"],\"inLanguage\":\"uk\"},{\"@type\":\"WebPage\",\"@id\":\"https:\\\/\\\/gruene-wiesbaden.de\\\/praeambel-eine-stadt-in-der-alle-dazugehoeren\\\/\",\"url\":\"https:\\\/\\\/gruene-wiesbaden.de\\\/praeambel-eine-stadt-in-der-alle-dazugehoeren\\\/\",\"name\":\"Pr\u00e4ambel: Eine Stadt, in der alle dazugeh\u00f6ren - B\u00dcNDNIS 90\\\/DIE GR\u00dcNEN Wiesbaden\",\"isPartOf\":{\"@id\":\"https:\\\/\\\/gruene-wiesbaden.de\\\/#website\"},\"primaryImageOfPage\":{\"@id\":\"https:\\\/\\\/gruene-wiesbaden.de\\\/praeambel-eine-stadt-in-der-alle-dazugehoeren\\\/#primaryimage\"},\"image\":{\"@id\":\"https:\\\/\\\/gruene-wiesbaden.de\\\/praeambel-eine-stadt-in-der-alle-dazugehoeren\\\/#primaryimage\"},\"thumbnailUrl\":\"https:\\\/\\\/gruene-wiesbaden.de\\\/wp-content\\\/uploads\\\/2025\\\/11\\\/MJK_82683-3-scaled.jpg\",\"datePublished\":\"2025-11-09T22:42:44+00:00\",\"dateModified\":\"2025-11-24T16:56:24+00:00\",\"breadcrumb\":{\"@id\":\"https:\\\/\\\/gruene-wiesbaden.de\\\/praeambel-eine-stadt-in-der-alle-dazugehoeren\\\/#breadcrumb\"},\"inLanguage\":\"uk\",\"potentialAction\":[{\"@type\":\"ReadAction\",\"target\":[\"https:\\\/\\\/gruene-wiesbaden.de\\\/praeambel-eine-stadt-in-der-alle-dazugehoeren\\\/\"]}]},{\"@type\":\"ImageObject\",\"inLanguage\":\"uk\",\"@id\":\"https:\\\/\\\/gruene-wiesbaden.de\\\/praeambel-eine-stadt-in-der-alle-dazugehoeren\\\/#primaryimage\",\"url\":\"https:\\\/\\\/gruene-wiesbaden.de\\\/wp-content\\\/uploads\\\/2025\\\/11\\\/MJK_82683-3-scaled.jpg\",\"contentUrl\":\"https:\\\/\\\/gruene-wiesbaden.de\\\/wp-content\\\/uploads\\\/2025\\\/11\\\/MJK_82683-3-scaled.jpg\",\"width\":2560,\"height\":1440},{\"@type\":\"BreadcrumbList\",\"@id\":\"https:\\\/\\\/gruene-wiesbaden.de\\\/praeambel-eine-stadt-in-der-alle-dazugehoeren\\\/#breadcrumb\",\"itemListElement\":[{\"@type\":\"ListItem\",\"position\":1,\"name\":\"Startseite\",\"item\":\"https:\\\/\\\/gruene-wiesbaden.de\\\/\"},{\"@type\":\"ListItem\",\"position\":2,\"name\":\"Pr\u00e4ambel: Eine Stadt, in der alle dazugeh\u00f6ren\"}]},{\"@type\":\"WebSite\",\"@id\":\"https:\\\/\\\/gruene-wiesbaden.de\\\/#website\",\"url\":\"https:\\\/\\\/gruene-wiesbaden.de\\\/\",\"name\":\"DIE GR\u00dcNEN Wiesbaden\",\"description\":\"\",\"publisher\":{\"@id\":\"https:\\\/\\\/gruene-wiesbaden.de\\\/#organization\"},\"potentialAction\":[{\"@type\":\"SearchAction\",\"target\":{\"@type\":\"EntryPoint\",\"urlTemplate\":\"https:\\\/\\\/gruene-wiesbaden.de\\\/?s={search_term_string}\"},\"query-input\":{\"@type\":\"PropertyValueSpecification\",\"valueRequired\":true,\"valueName\":\"search_term_string\"}}],\"inLanguage\":\"uk\"},{\"@type\":\"Organization\",\"@id\":\"https:\\\/\\\/gruene-wiesbaden.de\\\/#organization\",\"name\":\"DIE GR\u00dcNEN Wiesbaden\",\"url\":\"https:\\\/\\\/gruene-wiesbaden.de\\\/\",\"logo\":{\"@type\":\"ImageObject\",\"inLanguage\":\"uk\",\"@id\":\"https:\\\/\\\/gruene-wiesbaden.de\\\/#\\\/schema\\\/logo\\\/image\\\/\",\"url\":\"https:\\\/\\\/gruene-wiesbaden-fuer-europa.de\\\/wp-content\\\/uploads\\\/2024\\\/04\\\/Machen-was-zaehlt-5.png\",\"contentUrl\":\"https:\\\/\\\/gruene-wiesbaden-fuer-europa.de\\\/wp-content\\\/uploads\\\/2024\\\/04\\\/Machen-was-zaehlt-5.png\",\"width\":1772,\"height\":1772,\"caption\":\"DIE GR\u00dcNEN Wiesbaden\"},\"image\":{\"@id\":\"https:\\\/\\\/gruene-wiesbaden.de\\\/#\\\/schema\\\/logo\\\/image\\\/\"},\"sameAs\":[\"https:\\\/\\\/www.facebook.com\\\/gruene.wi\",\"https:\\\/\\\/instagram.com\\\/gruene_wi\"]},{\"@type\":\"Person\",\"@id\":\"https:\\\/\\\/gruene-wiesbaden.de\\\/#\\\/schema\\\/person\\\/6785c34779159cd4fd86886bb097afe9\",\"name\":\"admin\",\"sameAs\":[\"http:\\\/\\\/gruene-wiesbaden-fuer-europa.de\"],\"url\":\"https:\\\/\\\/gruene-wiesbaden.de\\\/uk\\\/author\\\/admin\\\/\"}]}<\/script>\n<!-- \/ Yoast SEO plugin. -->","yoast_head_json":{"title":"Pr\u00e4ambel: Eine Stadt, in der alle dazugeh\u00f6ren - B\u00dcNDNIS 90\/DIE GR\u00dcNEN Wiesbaden","robots":{"index":"index","follow":"follow","max-snippet":"max-snippet:-1","max-image-preview":"max-image-preview:large","max-video-preview":"max-video-preview:-1"},"canonical":"https:\/\/gruene-wiesbaden.de\/uk\/praeambel-eine-stadt-in-der-alle-dazugehoeren\/","og_locale":"uk_UA","og_type":"article","og_title":"Pr\u00e4ambel: Eine Stadt, in der alle dazugeh\u00f6ren - B\u00dcNDNIS 90\/DIE GR\u00dcNEN Wiesbaden","og_url":"https:\/\/gruene-wiesbaden.de\/uk\/praeambel-eine-stadt-in-der-alle-dazugehoeren\/","og_site_name":"B\u00dcNDNIS 90\/DIE GR\u00dcNEN Wiesbaden","article_publisher":"https:\/\/www.facebook.com\/gruene.wi","article_published_time":"2025-11-09T22:42:44+00:00","article_modified_time":"2025-11-24T16:56:24+00:00","og_image":[{"width":2560,"height":1440,"url":"https:\/\/gruene-wiesbaden.de\/wp-content\/uploads\/2025\/11\/MJK_82683-3-scaled.jpg","type":"image\/jpeg"}],"author":"admin","twitter_card":"summary_large_image","twitter_misc":{"\u041d\u0430\u043f\u0438\u0441\u0430\u043d\u043e":"admin","\u041f\u0440\u0438\u0431\u043b. \u0447\u0430\u0441 \u0447\u0438\u0442\u0430\u043d\u043d\u044f":"2 minutes"},"schema":{"@context":"https:\/\/schema.org","@graph":[{"@type":"Article","@id":"https:\/\/gruene-wiesbaden.de\/praeambel-eine-stadt-in-der-alle-dazugehoeren\/#article","isPartOf":{"@id":"https:\/\/gruene-wiesbaden.de\/praeambel-eine-stadt-in-der-alle-dazugehoeren\/"},"author":{"name":"admin","@id":"https:\/\/gruene-wiesbaden.de\/#\/schema\/person\/6785c34779159cd4fd86886bb097afe9"},"headline":"Pr\u00e4ambel: Eine Stadt, in der alle dazugeh\u00f6ren","datePublished":"2025-11-09T22:42:44+00:00","dateModified":"2025-11-24T16:56:24+00:00","mainEntityOfPage":{"@id":"https:\/\/gruene-wiesbaden.de\/praeambel-eine-stadt-in-der-alle-dazugehoeren\/"},"wordCount":417,"publisher":{"@id":"https:\/\/gruene-wiesbaden.de\/#organization"},"image":{"@id":"https:\/\/gruene-wiesbaden.de\/praeambel-eine-stadt-in-der-alle-dazugehoeren\/#primaryimage"},"thumbnailUrl":"https:\/\/gruene-wiesbaden.de\/wp-content\/uploads\/2025\/11\/MJK_82683-3-scaled.jpg","articleSection":["Kapitel 2 Pr\u00e4ambel"],"inLanguage":"uk"},{"@type":"WebPage","@id":"https:\/\/gruene-wiesbaden.de\/praeambel-eine-stadt-in-der-alle-dazugehoeren\/","url":"https:\/\/gruene-wiesbaden.de\/praeambel-eine-stadt-in-der-alle-dazugehoeren\/","name":"Pr\u00e4ambel: Eine Stadt, in der alle dazugeh\u00f6ren - B\u00dcNDNIS 90\/DIE GR\u00dcNEN Wiesbaden","isPartOf":{"@id":"https:\/\/gruene-wiesbaden.de\/#website"},"primaryImageOfPage":{"@id":"https:\/\/gruene-wiesbaden.de\/praeambel-eine-stadt-in-der-alle-dazugehoeren\/#primaryimage"},"image":{"@id":"https:\/\/gruene-wiesbaden.de\/praeambel-eine-stadt-in-der-alle-dazugehoeren\/#primaryimage"},"thumbnailUrl":"https:\/\/gruene-wiesbaden.de\/wp-content\/uploads\/2025\/11\/MJK_82683-3-scaled.jpg","datePublished":"2025-11-09T22:42:44+00:00","dateModified":"2025-11-24T16:56:24+00:00","breadcrumb":{"@id":"https:\/\/gruene-wiesbaden.de\/praeambel-eine-stadt-in-der-alle-dazugehoeren\/#breadcrumb"},"inLanguage":"uk","potentialAction":[{"@type":"ReadAction","target":["https:\/\/gruene-wiesbaden.de\/praeambel-eine-stadt-in-der-alle-dazugehoeren\/"]}]},{"@type":"ImageObject","inLanguage":"uk","@id":"https:\/\/gruene-wiesbaden.de\/praeambel-eine-stadt-in-der-alle-dazugehoeren\/#primaryimage","url":"https:\/\/gruene-wiesbaden.de\/wp-content\/uploads\/2025\/11\/MJK_82683-3-scaled.jpg","contentUrl":"https:\/\/gruene-wiesbaden.de\/wp-content\/uploads\/2025\/11\/MJK_82683-3-scaled.jpg","width":2560,"height":1440},{"@type":"BreadcrumbList","@id":"https:\/\/gruene-wiesbaden.de\/praeambel-eine-stadt-in-der-alle-dazugehoeren\/#breadcrumb","itemListElement":[{"@type":"ListItem","position":1,"name":"Startseite","item":"https:\/\/gruene-wiesbaden.de\/"},{"@type":"ListItem","position":2,"name":"Pr\u00e4ambel: Eine Stadt, in der alle dazugeh\u00f6ren"}]},{"@type":"WebSite","@id":"https:\/\/gruene-wiesbaden.de\/#website","url":"https:\/\/gruene-wiesbaden.de\/","name":"DIE GR\u00dcNEN Wiesbaden","description":"","publisher":{"@id":"https:\/\/gruene-wiesbaden.de\/#organization"},"potentialAction":[{"@type":"SearchAction","target":{"@type":"EntryPoint","urlTemplate":"https:\/\/gruene-wiesbaden.de\/?s={search_term_string}"},"query-input":{"@type":"PropertyValueSpecification","valueRequired":true,"valueName":"search_term_string"}}],"inLanguage":"uk"},{"@type":"Organization","@id":"https:\/\/gruene-wiesbaden.de\/#organization","name":"DIE GR\u00dcNEN Wiesbaden","url":"https:\/\/gruene-wiesbaden.de\/","logo":{"@type":"ImageObject","inLanguage":"uk","@id":"https:\/\/gruene-wiesbaden.de\/#\/schema\/logo\/image\/","url":"https:\/\/gruene-wiesbaden-fuer-europa.de\/wp-content\/uploads\/2024\/04\/Machen-was-zaehlt-5.png","contentUrl":"https:\/\/gruene-wiesbaden-fuer-europa.de\/wp-content\/uploads\/2024\/04\/Machen-was-zaehlt-5.png","width":1772,"height":1772,"caption":"DIE GR\u00dcNEN Wiesbaden"},"image":{"@id":"https:\/\/gruene-wiesbaden.de\/#\/schema\/logo\/image\/"},"sameAs":["https:\/\/www.facebook.com\/gruene.wi","https:\/\/instagram.com\/gruene_wi"]},{"@type":"Person","@id":"https:\/\/gruene-wiesbaden.de\/#\/schema\/person\/6785c34779159cd4fd86886bb097afe9","name":"admin","sameAs":["http:\/\/gruene-wiesbaden-fuer-europa.de"],"url":"https:\/\/gruene-wiesbaden.de\/uk\/author\/admin\/"}]}},"_links":{"self":[{"href":"https:\/\/gruene-wiesbaden.de\/uk\/wp-json\/wp\/v2\/posts\/1394","targetHints":{"allow":["GET"]}}],"collection":[{"href":"https:\/\/gruene-wiesbaden.de\/uk\/wp-json\/wp\/v2\/posts"}],"about":[{"href":"https:\/\/gruene-wiesbaden.de\/uk\/wp-json\/wp\/v2\/types\/post"}],"author":[{"embeddable":true,"href":"https:\/\/gruene-wiesbaden.de\/uk\/wp-json\/wp\/v2\/users\/1"}],"replies":[{"embeddable":true,"href":"https:\/\/gruene-wiesbaden.de\/uk\/wp-json\/wp\/v2\/comments?post=1394"}],"version-history":[{"count":7,"href":"https:\/\/gruene-wiesbaden.de\/uk\/wp-json\/wp\/v2\/posts\/1394\/revisions"}],"predecessor-version":[{"id":1592,"href":"https:\/\/gruene-wiesbaden.de\/uk\/wp-json\/wp\/v2\/posts\/1394\/revisions\/1592"}],"wp:featuredmedia":[{"embeddable":true,"href":"https:\/\/gruene-wiesbaden.de\/uk\/wp-json\/wp\/v2\/media\/1400"}],"wp:attachment":[{"href":"https:\/\/gruene-wiesbaden.de\/uk\/wp-json\/wp\/v2\/media?parent=1394"}],"wp:term":[{"taxonomy":"category","embeddable":true,"href":"https:\/\/gruene-wiesbaden.de\/uk\/wp-json\/wp\/v2\/categories?post=1394"},{"taxonomy":"post_tag","embeddable":true,"href":"https:\/\/gruene-wiesbaden.de\/uk\/wp-json\/wp\/v2\/tags?post=1394"}],"curies":[{"name":"wp","href":"https:\/\/api.w.org\/{rel}","templated":true}]}}