{"id":884,"date":"2025-03-12T12:00:45","date_gmt":"2025-03-12T12:00:45","guid":{"rendered":"http:\/\/gruene-wiesbaden.de.w0207e8f.kasserver.com\/?p=884"},"modified":"2025-06-17T15:47:58","modified_gmt":"2025-06-17T15:47:58","slug":"ob-stichwahl2025","status":"publish","type":"post","link":"https:\/\/gruene-wiesbaden.de\/tr\/ob-stichwahl2025\/","title":{"rendered":"B\u00dcNDNIS 90 \/ DIE GR\u00dcNEN Wiesbaden, OB se\u00e7imlerine kat\u0131lma \u00e7a\u011fr\u0131s\u0131 yapt\u0131 ve SPD aday\u0131 Gert-Uwe Mende'yi tavsiye etti"},"content":{"rendered":"<section class=\"l-section wpb_row height_medium\"><div class=\"l-section-h i-cf\"><div class=\"g-cols vc_row via_grid cols_1 laptops-cols_inherit tablets-cols_inherit mobiles-cols_1 valign_top type_default stacking_default\"><div class=\"wpb_column vc_column_container\"><div class=\"vc_column-inner\"><h3 class=\"w-post-elm post_title us_custom_ea76afbe entry-title color_link_inherit\">B\u00dcNDNIS 90 \/ DIE GR\u00dcNEN Wiesbaden, OB se\u00e7imlerine kat\u0131lma \u00e7a\u011fr\u0131s\u0131 yapt\u0131 ve SPD aday\u0131 Gert-Uwe Mende'yi tavsiye etti<\/h3><div class=\"w-post-elm post_image\"><img loading=\"lazy\" decoding=\"async\" width=\"600\" height=\"400\" src=\"https:\/\/gruene-wiesbaden.de\/wp-content\/uploads\/2025\/03\/OB-Wahl-Gesine-600x400.png\" class=\"attachment-large size-large wp-post-image\" alt=\"\" srcset=\"https:\/\/gruene-wiesbaden.de\/wp-content\/uploads\/2025\/03\/OB-Wahl-Gesine-600x400.png 600w, https:\/\/gruene-wiesbaden.de\/wp-content\/uploads\/2025\/03\/OB-Wahl-Gesine-400x267.png 400w, https:\/\/gruene-wiesbaden.de\/wp-content\/uploads\/2025\/03\/OB-Wahl-Gesine.png 1750w\" sizes=\"auto, (max-width: 600px) 100vw, 600px\" \/><\/div><div class=\"w-separator size_medium\"><\/div><div class=\"wpb_text_column\"><div class=\"wpb_wrapper\"><p><strong><span>B\u00dcNDNIS 90\/DIE GR\u00dcNEN'in Wiesbaden il\u00e7e derne\u011fi \u00fcyeleri Sal\u0131 ak\u015fam\u0131 yapt\u0131klar\u0131 genel toplant\u0131da, federal ve belediye ba\u015fkanl\u0131\u011f\u0131 se\u00e7imlerinin sonu\u00e7lar\u0131n\u0131 analiz ettiler, belediye ba\u015fkanl\u0131\u011f\u0131 se\u00e7imine ikinci tur se\u00e7im \u00f6nerisinin art\u0131lar\u0131 ve eksileri hakk\u0131nda g\u00f6r\u00fc\u015f al\u0131\u015fveri\u015finde bulundular ve Gert-Uwe Mende (SPD) i\u00e7in bir se\u00e7im \u00f6nerisi yay\u0131nlamaya karar verdiler.\u00a0<\/span><\/strong><\/p>\n<p><span>\u2047 OB se\u00e7imlerinde ye\u015fil aday\u0131m\u0131za oy veren t\u00fcm se\u00e7menlere te\u015fekk\u00fcr ederiz. Wiesbaden'in ilerici ve ekolojik gelece\u011fini b\u00fcy\u00fck bir enerjiyle destekleyen Gesine Bonnet'e \u00f6zel bir te\u015fekk\u00fcr. \u0130ki b\u00f6lge ba\u015fkan\u0131 Rebecca Thomas ve Daniel Schmitt, se\u00e7im kampanyalar\u0131n\u0131n \u00f6zellikle hareketlilik ge\u00e7i\u015fi, iklim korumas\u0131 ve \u00e7ocuklar ve gen\u00e7ler i\u00e7in \u00f6nemli bir ivme sa\u011flad\u0131\u011f\u0131n\u0131 s\u00f6yledi.<\/span><\/p>\n<h4><span><strong>Gert-Uwe Mende (SPD) i\u00e7in ikinci turda se\u00e7im \u00f6nerisi<\/strong><\/span><\/h4>\n<p><span>Wiesbaden'in Ye\u015filleri, yakla\u015f\u0131k \u00fc\u00e7 y\u0131ld\u0131r ba\u015far\u0131l\u0131 bir \u015fekilde \u00e7al\u0131\u015f\u0131yor. <\/span><span><strong>SPD, VOLT ve DIE LINKE ile i\u015fbirli\u011fi<\/strong><\/span><span> Hem de birlikte. Son y\u0131llarda, Gert-Uwe Mende ile belediye binas\u0131 i\u015fbirli\u011fine g\u00fcven ruhu i\u00e7inde OB olarak birlikte \u00e7al\u0131\u015ft\u0131k ve yeni yaya b\u00f6lgeleri, Alsace Meydan\u0131'n\u0131n ye\u015fil bir alana d\u00f6n\u00fc\u015ft\u00fcr\u00fclmesi ve Schwalbacher Stra\u00dfe'nin y\u00fckseltilmesi gibi bir\u00e7ok ye\u015fil projeyi ortakla\u015fa uygulad\u0131k veya ba\u015flatt\u0131k. Onunla birlikte koronavir\u00fcs ve enerji krizine hakim olduk. Ayn\u0131 zamanda Ye\u015fil Grup lideri olan Gesine Bonnet, \"Ayr\u0131ca a\u015f\u0131r\u0131 sa\u011fc\u0131l\u0131\u011fa kar\u015f\u0131 ve \u00e7e\u015fitli bir kentsel toplum i\u00e7in m\u00fccadelede de birle\u015ftik\" diyor. \"Ayn\u0131 zamanda, daha da fazlas\u0131n\u0131n ger\u00e7ekle\u015fmesi gereken alanlar var. Bu konuyu Gert-Uwe Mende ile Sal\u0131 g\u00fcn\u00fc y\u00fcz y\u00fcze g\u00f6r\u00fc\u015ft\u00fck. Yeniden se\u00e7ilmesi durumunda, gelecekteki \u00f6nemli projeleri bizimle birlikte ilerletmeye devam edece\u011fine dair bize g\u00fcvence verdi: Bunlar aras\u0131nda ula\u015f\u0131m ve \u0131s\u0131tmaya ge\u00e7i\u015f, arazi t\u00fcketimini en aza indirmek i\u00e7in mevcut binalarda bina, \u015fehir genelinde iklim koruma y\u00f6netimi ve \"\u0130dari Modernizasyon\" projesi yer al\u0131yor.<\/span><\/p>\n<p><span>Gert-Uwe Mende'nin rakibinin aksine ESWE Verkehr'in Denetim Kurulu'ndan ayr\u0131lmak istemesi GR\u00dcNEN i\u00e7in de \u00f6nemliydi. \"Belediye otob\u00fcs \u015firketimiz tekrar yoluna girdi, belediye i\u015fbirli\u011fi finansman\u0131 art\u0131rd\u0131, zaman \u00e7izelgesi tekrar uzat\u0131ld\u0131. Yak\u0131n zamanda kabul edilen yerel ula\u015f\u0131m plan\u0131 ve planlanan yeni depo ile g\u00fc\u00e7l\u00fc bir gelecek perspektifi var. Bonnet, \u00e7al\u0131\u015fanlar ve otob\u00fcs yolcular\u0131 i\u00e7in art\u0131k i\u015fin bar\u0131\u015f ve s\u00fcreklilikle devam edebilmesinin \u00f6nemli oldu\u011funu ve bunun yaln\u0131zca Lord Mayor Mende \u2047  taraf\u0131ndan sa\u011fland\u0131\u011f\u0131n\u0131 s\u00f6yl\u00fcyor.<\/span><\/p>\n<p><span>Wiesbaden il\u00e7e derne\u011fi \u00fcyeleri<\/span><span><\/span><span>Bak\u0131n\u0131z yeniden se\u00e7imde <\/span><span><strong>Gert-uwe mende (alb\u00fcm)<\/strong><\/span><span> Ye\u015fil i\u00e7eri\u011fi tan\u0131tman\u0131n en iyi yolu. Bu nedenle B\u00dcNDNIS 90\/DIE GR\u00dcNEN Wiesbaden genel kurulu ikinci tur se\u00e7imleri i\u00e7in oy kullanmaya karar verdi. <\/span><span><strong>30 mart<\/strong><\/span><span> i\u00e7in bir se\u00e7im \u00f6nerisi <\/span><span><strong>Gert-uwe mende (alb\u00fcm)<\/strong><\/span><span> Telaffuz et. - Hay\u0131r.<\/span><\/p>\n<h4><span><strong>Se\u00e7men Kat\u0131l\u0131m \u00c7a\u011fr\u0131s\u0131<\/strong><\/span><\/h4>\n<p><span>30 Mart 2025'te Wiesbaden'de yap\u0131lacak ikinci tur se\u00e7imlerde Gert-Uwe Mende (SPD) ve Thilo von Debschitz (CDU ve FDP'nin ortak aday\u0131) birbirlerine kar\u015f\u0131 yar\u0131\u015facaklar. Rebecca Thomas, \"Ye\u015fil bir adayla ikinci tur i\u00e7in ko\u015fmasak bile, se\u00e7menlerimizin oylar\u0131n\u0131 \u00f6l\u00e7eklere koymalar\u0131 hala \u00f6nemlidir\" diyor. Daniel Schmitt, \"Bu nedenle se\u00e7menlerimizi ikinci tura gitmeye ve OB aday\u0131 Gert-Uwe Mende'ye (SPD) oy vermeyi tavsiye etmeye \u00e7a\u011f\u0131r\u0131yoruz\" diyor.<\/span><\/p>\n<\/div><\/div><\/div><\/div><\/div><\/div><\/section>","protected":false},"excerpt":{"rendered":"B\u00dcNDNIS 90\/ DIE GR\u00dcNEN Wiesbaden, OB se\u00e7imlerine kat\u0131lma \u00e7a\u011fr\u0131s\u0131 yapt\u0131 ve SPD aday\u0131 Gert-Uwe Mende'yi tavsiye ettiB\u00dcNDNIS 90\/DIE GR\u00dcNEN'in Wiesbaden il\u00e7e derne\u011fi \u00fcyeleri, Sal\u0131 ak\u015fam\u0131 yap\u0131lan genel kurulda federal ve belediye ba\u015fkanl\u0131\u011f\u0131 se\u00e7imlerinin sonu\u00e7lar\u0131n\u0131 analiz ettiler, belediye ba\u015fkanl\u0131\u011f\u0131 se\u00e7imine ikinci tur se\u00e7im \u00f6nerisinin art\u0131lar\u0131 ve eksileri hakk\u0131nda g\u00f6r\u00fc\u015f al\u0131\u015fveri\u015finde bulundular ve...","protected":false},"author":1,"featured_media":911,"comment_status":"closed","ping_status":"closed","sticky":false,"template":"","format":"standard","meta":{"footnotes":""},"categories":[5],"tags":[],"class_list":["post-884","post","type-post","status-publish","format-standard","has-post-thumbnail","hentry","category-wahlen"],"yoast_head":"<!-- This site is optimized with the Yoast SEO plugin v27.5 - https:\/\/yoast.com\/product\/yoast-seo-wordpress\/ -->\n<title>B\u00dcNDNIS 90\/ DIE GR\u00dcNEN Wiesbaden rufen zur Beteiligung an der OB-Stichwahl auf und empfehlen den SPD-Kandidaten Gert-Uwe Mende - B\u00dcNDNIS 90\/DIE GR\u00dcNEN Wiesbaden<\/title>\n<meta name=\"robots\" content=\"index, follow, max-snippet:-1, max-image-preview:large, max-video-preview:-1\" \/>\n<link rel=\"canonical\" href=\"https:\/\/gruene-wiesbaden.de\/tr\/ob-stichwahl2025\/\" \/>\n<meta property=\"og:locale\" content=\"tr_TR\" \/>\n<meta property=\"og:type\" content=\"article\" \/>\n<meta property=\"og:title\" content=\"B\u00dcNDNIS 90\/ DIE GR\u00dcNEN Wiesbaden rufen zur Beteiligung an der OB-Stichwahl auf und empfehlen den SPD-Kandidaten Gert-Uwe Mende - B\u00dcNDNIS 90\/DIE GR\u00dcNEN Wiesbaden\" \/>\n<meta property=\"og:url\" content=\"https:\/\/gruene-wiesbaden.de\/tr\/ob-stichwahl2025\/\" \/>\n<meta property=\"og:site_name\" content=\"B\u00dcNDNIS 90\/DIE GR\u00dcNEN Wiesbaden\" \/>\n<meta property=\"article:publisher\" content=\"https:\/\/www.facebook.com\/gruene.wi\" \/>\n<meta property=\"article:published_time\" content=\"2025-03-12T12:00:45+00:00\" \/>\n<meta property=\"article:modified_time\" content=\"2025-06-17T15:47:58+00:00\" \/>\n<meta property=\"og:image\" content=\"https:\/\/gruene-wiesbaden.de\/wp-content\/uploads\/2025\/03\/OB-Wahl-Gesine-600x400.png\" \/>\n\t<meta property=\"og:image:width\" content=\"600\" \/>\n\t<meta property=\"og:image:height\" content=\"400\" \/>\n\t<meta property=\"og:image:type\" content=\"image\/png\" \/>\n<meta name=\"author\" content=\"admin\" \/>\n<meta name=\"twitter:card\" content=\"summary_large_image\" \/>\n<meta name=\"twitter:label1\" content=\"Yazan:\" \/>\n\t<meta name=\"twitter:data1\" content=\"admin\" \/>\n\t<meta name=\"twitter:label2\" content=\"Tahmini okuma s\u00fcresi\" \/>\n\t<meta name=\"twitter:data2\" content=\"3 minutes\" \/>\n<script type=\"application\/ld+json\" class=\"yoast-schema-graph\">{\"@context\":\"https:\\\/\\\/schema.org\",\"@graph\":[{\"@type\":\"Article\",\"@id\":\"https:\\\/\\\/gruene-wiesbaden.de\\\/ob-stichwahl2025\\\/#article\",\"isPartOf\":{\"@id\":\"https:\\\/\\\/gruene-wiesbaden.de\\\/ob-stichwahl2025\\\/\"},\"author\":{\"name\":\"admin\",\"@id\":\"https:\\\/\\\/gruene-wiesbaden.de\\\/#\\\/schema\\\/person\\\/6785c34779159cd4fd86886bb097afe9\"},\"headline\":\"B\u00dcNDNIS 90\\\/ DIE GR\u00dcNEN Wiesbaden rufen zur Beteiligung an der OB-Stichwahl auf und empfehlen den SPD-Kandidaten Gert-Uwe Mende\",\"datePublished\":\"2025-03-12T12:00:45+00:00\",\"dateModified\":\"2025-06-17T15:47:58+00:00\",\"mainEntityOfPage\":{\"@id\":\"https:\\\/\\\/gruene-wiesbaden.de\\\/ob-stichwahl2025\\\/\"},\"wordCount\":590,\"publisher\":{\"@id\":\"https:\\\/\\\/gruene-wiesbaden.de\\\/#organization\"},\"image\":{\"@id\":\"https:\\\/\\\/gruene-wiesbaden.de\\\/ob-stichwahl2025\\\/#primaryimage\"},\"thumbnailUrl\":\"https:\\\/\\\/gruene-wiesbaden.de\\\/wp-content\\\/uploads\\\/2025\\\/03\\\/OB-Wahl-Gesine.png\",\"articleSection\":[\"Wahlen\"],\"inLanguage\":\"tr-TR\"},{\"@type\":\"WebPage\",\"@id\":\"https:\\\/\\\/gruene-wiesbaden.de\\\/ob-stichwahl2025\\\/\",\"url\":\"https:\\\/\\\/gruene-wiesbaden.de\\\/ob-stichwahl2025\\\/\",\"name\":\"B\u00dcNDNIS 90\\\/ DIE GR\u00dcNEN Wiesbaden rufen zur Beteiligung an der OB-Stichwahl auf und empfehlen den SPD-Kandidaten Gert-Uwe Mende - B\u00dcNDNIS 90\\\/DIE GR\u00dcNEN Wiesbaden\",\"isPartOf\":{\"@id\":\"https:\\\/\\\/gruene-wiesbaden.de\\\/#website\"},\"primaryImageOfPage\":{\"@id\":\"https:\\\/\\\/gruene-wiesbaden.de\\\/ob-stichwahl2025\\\/#primaryimage\"},\"image\":{\"@id\":\"https:\\\/\\\/gruene-wiesbaden.de\\\/ob-stichwahl2025\\\/#primaryimage\"},\"thumbnailUrl\":\"https:\\\/\\\/gruene-wiesbaden.de\\\/wp-content\\\/uploads\\\/2025\\\/03\\\/OB-Wahl-Gesine.png\",\"datePublished\":\"2025-03-12T12:00:45+00:00\",\"dateModified\":\"2025-06-17T15:47:58+00:00\",\"breadcrumb\":{\"@id\":\"https:\\\/\\\/gruene-wiesbaden.de\\\/ob-stichwahl2025\\\/#breadcrumb\"},\"inLanguage\":\"tr-TR\",\"potentialAction\":[{\"@type\":\"ReadAction\",\"target\":[\"https:\\\/\\\/gruene-wiesbaden.de\\\/ob-stichwahl2025\\\/\"]}]},{\"@type\":\"ImageObject\",\"inLanguage\":\"tr-TR\",\"@id\":\"https:\\\/\\\/gruene-wiesbaden.de\\\/ob-stichwahl2025\\\/#primaryimage\",\"url\":\"https:\\\/\\\/gruene-wiesbaden.de\\\/wp-content\\\/uploads\\\/2025\\\/03\\\/OB-Wahl-Gesine.png\",\"contentUrl\":\"https:\\\/\\\/gruene-wiesbaden.de\\\/wp-content\\\/uploads\\\/2025\\\/03\\\/OB-Wahl-Gesine.png\",\"width\":1750,\"height\":1166},{\"@type\":\"BreadcrumbList\",\"@id\":\"https:\\\/\\\/gruene-wiesbaden.de\\\/ob-stichwahl2025\\\/#breadcrumb\",\"itemListElement\":[{\"@type\":\"ListItem\",\"position\":1,\"name\":\"Startseite\",\"item\":\"https:\\\/\\\/gruene-wiesbaden.de\\\/\"},{\"@type\":\"ListItem\",\"position\":2,\"name\":\"B\u00dcNDNIS 90\\\/ DIE GR\u00dcNEN Wiesbaden rufen zur Beteiligung an der OB-Stichwahl auf und empfehlen den SPD-Kandidaten Gert-Uwe Mende\"}]},{\"@type\":\"WebSite\",\"@id\":\"https:\\\/\\\/gruene-wiesbaden.de\\\/#website\",\"url\":\"https:\\\/\\\/gruene-wiesbaden.de\\\/\",\"name\":\"DIE GR\u00dcNEN Wiesbaden\",\"description\":\"\",\"publisher\":{\"@id\":\"https:\\\/\\\/gruene-wiesbaden.de\\\/#organization\"},\"potentialAction\":[{\"@type\":\"SearchAction\",\"target\":{\"@type\":\"EntryPoint\",\"urlTemplate\":\"https:\\\/\\\/gruene-wiesbaden.de\\\/?s={search_term_string}\"},\"query-input\":{\"@type\":\"PropertyValueSpecification\",\"valueRequired\":true,\"valueName\":\"search_term_string\"}}],\"inLanguage\":\"tr-TR\"},{\"@type\":\"Organization\",\"@id\":\"https:\\\/\\\/gruene-wiesbaden.de\\\/#organization\",\"name\":\"DIE GR\u00dcNEN Wiesbaden\",\"url\":\"https:\\\/\\\/gruene-wiesbaden.de\\\/\",\"logo\":{\"@type\":\"ImageObject\",\"inLanguage\":\"tr-TR\",\"@id\":\"https:\\\/\\\/gruene-wiesbaden.de\\\/#\\\/schema\\\/logo\\\/image\\\/\",\"url\":\"https:\\\/\\\/gruene-wiesbaden-fuer-europa.de\\\/wp-content\\\/uploads\\\/2024\\\/04\\\/Machen-was-zaehlt-5.png\",\"contentUrl\":\"https:\\\/\\\/gruene-wiesbaden-fuer-europa.de\\\/wp-content\\\/uploads\\\/2024\\\/04\\\/Machen-was-zaehlt-5.png\",\"width\":1772,\"height\":1772,\"caption\":\"DIE GR\u00dcNEN Wiesbaden\"},\"image\":{\"@id\":\"https:\\\/\\\/gruene-wiesbaden.de\\\/#\\\/schema\\\/logo\\\/image\\\/\"},\"sameAs\":[\"https:\\\/\\\/www.facebook.com\\\/gruene.wi\",\"https:\\\/\\\/instagram.com\\\/gruene_wi\"]},{\"@type\":\"Person\",\"@id\":\"https:\\\/\\\/gruene-wiesbaden.de\\\/#\\\/schema\\\/person\\\/6785c34779159cd4fd86886bb097afe9\",\"name\":\"admin\",\"sameAs\":[\"http:\\\/\\\/gruene-wiesbaden-fuer-europa.de\"],\"url\":\"https:\\\/\\\/gruene-wiesbaden.de\\\/tr\\\/author\\\/admin\\\/\"}]}<\/script>\n<!-- \/ Yoast SEO plugin. -->","yoast_head_json":{"title":"B\u00dcNDNIS 90\/ DIE GR\u00dcNEN Wiesbaden rufen zur Beteiligung an der OB-Stichwahl auf und empfehlen den SPD-Kandidaten Gert-Uwe Mende - B\u00dcNDNIS 90\/DIE GR\u00dcNEN Wiesbaden","robots":{"index":"index","follow":"follow","max-snippet":"max-snippet:-1","max-image-preview":"max-image-preview:large","max-video-preview":"max-video-preview:-1"},"canonical":"https:\/\/gruene-wiesbaden.de\/tr\/ob-stichwahl2025\/","og_locale":"tr_TR","og_type":"article","og_title":"B\u00dcNDNIS 90\/ DIE GR\u00dcNEN Wiesbaden rufen zur Beteiligung an der OB-Stichwahl auf und empfehlen den SPD-Kandidaten Gert-Uwe Mende - B\u00dcNDNIS 90\/DIE GR\u00dcNEN Wiesbaden","og_url":"https:\/\/gruene-wiesbaden.de\/tr\/ob-stichwahl2025\/","og_site_name":"B\u00dcNDNIS 90\/DIE GR\u00dcNEN Wiesbaden","article_publisher":"https:\/\/www.facebook.com\/gruene.wi","article_published_time":"2025-03-12T12:00:45+00:00","article_modified_time":"2025-06-17T15:47:58+00:00","og_image":[{"width":600,"height":400,"url":"https:\/\/gruene-wiesbaden.de\/wp-content\/uploads\/2025\/03\/OB-Wahl-Gesine-600x400.png","type":"image\/png"}],"author":"admin","twitter_card":"summary_large_image","twitter_misc":{"Yazan:":"admin","Tahmini okuma s\u00fcresi":"3 minutes"},"schema":{"@context":"https:\/\/schema.org","@graph":[{"@type":"Article","@id":"https:\/\/gruene-wiesbaden.de\/ob-stichwahl2025\/#article","isPartOf":{"@id":"https:\/\/gruene-wiesbaden.de\/ob-stichwahl2025\/"},"author":{"name":"admin","@id":"https:\/\/gruene-wiesbaden.de\/#\/schema\/person\/6785c34779159cd4fd86886bb097afe9"},"headline":"B\u00dcNDNIS 90\/ DIE GR\u00dcNEN Wiesbaden rufen zur Beteiligung an der OB-Stichwahl auf und empfehlen den SPD-Kandidaten Gert-Uwe Mende","datePublished":"2025-03-12T12:00:45+00:00","dateModified":"2025-06-17T15:47:58+00:00","mainEntityOfPage":{"@id":"https:\/\/gruene-wiesbaden.de\/ob-stichwahl2025\/"},"wordCount":590,"publisher":{"@id":"https:\/\/gruene-wiesbaden.de\/#organization"},"image":{"@id":"https:\/\/gruene-wiesbaden.de\/ob-stichwahl2025\/#primaryimage"},"thumbnailUrl":"https:\/\/gruene-wiesbaden.de\/wp-content\/uploads\/2025\/03\/OB-Wahl-Gesine.png","articleSection":["Wahlen"],"inLanguage":"tr-TR"},{"@type":"WebPage","@id":"https:\/\/gruene-wiesbaden.de\/ob-stichwahl2025\/","url":"https:\/\/gruene-wiesbaden.de\/ob-stichwahl2025\/","name":"B\u00dcNDNIS 90\/ DIE GR\u00dcNEN Wiesbaden rufen zur Beteiligung an der OB-Stichwahl auf und empfehlen den SPD-Kandidaten Gert-Uwe Mende - B\u00dcNDNIS 90\/DIE GR\u00dcNEN Wiesbaden","isPartOf":{"@id":"https:\/\/gruene-wiesbaden.de\/#website"},"primaryImageOfPage":{"@id":"https:\/\/gruene-wiesbaden.de\/ob-stichwahl2025\/#primaryimage"},"image":{"@id":"https:\/\/gruene-wiesbaden.de\/ob-stichwahl2025\/#primaryimage"},"thumbnailUrl":"https:\/\/gruene-wiesbaden.de\/wp-content\/uploads\/2025\/03\/OB-Wahl-Gesine.png","datePublished":"2025-03-12T12:00:45+00:00","dateModified":"2025-06-17T15:47:58+00:00","breadcrumb":{"@id":"https:\/\/gruene-wiesbaden.de\/ob-stichwahl2025\/#breadcrumb"},"inLanguage":"tr-TR","potentialAction":[{"@type":"ReadAction","target":["https:\/\/gruene-wiesbaden.de\/ob-stichwahl2025\/"]}]},{"@type":"ImageObject","inLanguage":"tr-TR","@id":"https:\/\/gruene-wiesbaden.de\/ob-stichwahl2025\/#primaryimage","url":"https:\/\/gruene-wiesbaden.de\/wp-content\/uploads\/2025\/03\/OB-Wahl-Gesine.png","contentUrl":"https:\/\/gruene-wiesbaden.de\/wp-content\/uploads\/2025\/03\/OB-Wahl-Gesine.png","width":1750,"height":1166},{"@type":"BreadcrumbList","@id":"https:\/\/gruene-wiesbaden.de\/ob-stichwahl2025\/#breadcrumb","itemListElement":[{"@type":"ListItem","position":1,"name":"Startseite","item":"https:\/\/gruene-wiesbaden.de\/"},{"@type":"ListItem","position":2,"name":"B\u00dcNDNIS 90\/ DIE GR\u00dcNEN Wiesbaden rufen zur Beteiligung an der OB-Stichwahl auf und empfehlen den SPD-Kandidaten Gert-Uwe Mende"}]},{"@type":"WebSite","@id":"https:\/\/gruene-wiesbaden.de\/#website","url":"https:\/\/gruene-wiesbaden.de\/","name":"DIE GR\u00dcNEN Wiesbaden","description":"","publisher":{"@id":"https:\/\/gruene-wiesbaden.de\/#organization"},"potentialAction":[{"@type":"SearchAction","target":{"@type":"EntryPoint","urlTemplate":"https:\/\/gruene-wiesbaden.de\/?s={search_term_string}"},"query-input":{"@type":"PropertyValueSpecification","valueRequired":true,"valueName":"search_term_string"}}],"inLanguage":"tr-TR"},{"@type":"Organization","@id":"https:\/\/gruene-wiesbaden.de\/#organization","name":"DIE GR\u00dcNEN Wiesbaden","url":"https:\/\/gruene-wiesbaden.de\/","logo":{"@type":"ImageObject","inLanguage":"tr-TR","@id":"https:\/\/gruene-wiesbaden.de\/#\/schema\/logo\/image\/","url":"https:\/\/gruene-wiesbaden-fuer-europa.de\/wp-content\/uploads\/2024\/04\/Machen-was-zaehlt-5.png","contentUrl":"https:\/\/gruene-wiesbaden-fuer-europa.de\/wp-content\/uploads\/2024\/04\/Machen-was-zaehlt-5.png","width":1772,"height":1772,"caption":"DIE GR\u00dcNEN Wiesbaden"},"image":{"@id":"https:\/\/gruene-wiesbaden.de\/#\/schema\/logo\/image\/"},"sameAs":["https:\/\/www.facebook.com\/gruene.wi","https:\/\/instagram.com\/gruene_wi"]},{"@type":"Person","@id":"https:\/\/gruene-wiesbaden.de\/#\/schema\/person\/6785c34779159cd4fd86886bb097afe9","name":"admin","sameAs":["http:\/\/gruene-wiesbaden-fuer-europa.de"],"url":"https:\/\/gruene-wiesbaden.de\/tr\/author\/admin\/"}]}},"_links":{"self":[{"href":"https:\/\/gruene-wiesbaden.de\/tr\/wp-json\/wp\/v2\/posts\/884","targetHints":{"allow":["GET"]}}],"collection":[{"href":"https:\/\/gruene-wiesbaden.de\/tr\/wp-json\/wp\/v2\/posts"}],"about":[{"href":"https:\/\/gruene-wiesbaden.de\/tr\/wp-json\/wp\/v2\/types\/post"}],"author":[{"embeddable":true,"href":"https:\/\/gruene-wiesbaden.de\/tr\/wp-json\/wp\/v2\/users\/1"}],"replies":[{"embeddable":true,"href":"https:\/\/gruene-wiesbaden.de\/tr\/wp-json\/wp\/v2\/comments?post=884"}],"version-history":[{"count":5,"href":"https:\/\/gruene-wiesbaden.de\/tr\/wp-json\/wp\/v2\/posts\/884\/revisions"}],"predecessor-version":[{"id":910,"href":"https:\/\/gruene-wiesbaden.de\/tr\/wp-json\/wp\/v2\/posts\/884\/revisions\/910"}],"wp:featuredmedia":[{"embeddable":true,"href":"https:\/\/gruene-wiesbaden.de\/tr\/wp-json\/wp\/v2\/media\/911"}],"wp:attachment":[{"href":"https:\/\/gruene-wiesbaden.de\/tr\/wp-json\/wp\/v2\/media?parent=884"}],"wp:term":[{"taxonomy":"category","embeddable":true,"href":"https:\/\/gruene-wiesbaden.de\/tr\/wp-json\/wp\/v2\/categories?post=884"},{"taxonomy":"post_tag","embeddable":true,"href":"https:\/\/gruene-wiesbaden.de\/tr\/wp-json\/wp\/v2\/tags?post=884"}],"curies":[{"name":"wp","href":"https:\/\/api.w.org\/{rel}","templated":true}]}}