{"id":726,"date":"2024-06-26T12:00:16","date_gmt":"2024-06-26T12:00:16","guid":{"rendered":"http:\/\/gruene-wiesbaden.de.w0207e8f.kasserver.com\/?p=726"},"modified":"2025-06-16T21:08:28","modified_gmt":"2025-06-16T21:08:28","slug":"gesinebonnet_obkandidatin","status":"publish","type":"post","link":"https:\/\/gruene-wiesbaden.de\/tr\/gesinebonnet_obkandidatin\/","title":{"rendered":"Ye\u015filler belediye ba\u015fkan\u0131 aday\u0131 olarak Gesine Bonnet'i se\u00e7ti"},"content":{"rendered":"<section class=\"l-section wpb_row height_medium\"><div class=\"l-section-h i-cf\"><div class=\"g-cols vc_row via_grid cols_1 laptops-cols_inherit tablets-cols_inherit mobiles-cols_1 valign_top type_default stacking_default\"><div class=\"wpb_column vc_column_container\"><div class=\"vc_column-inner\"><h2 class=\"w-post-elm post_title entry-title color_link_inherit\">Ye\u015filler belediye ba\u015fkan\u0131 aday\u0131 olarak Gesine Bonnet'i se\u00e7ti<\/h2><div class=\"w-post-elm post_image\"><img loading=\"lazy\" decoding=\"async\" width=\"400\" height=\"265\" src=\"https:\/\/gruene-wiesbaden.de\/wp-content\/uploads\/2025\/03\/Bildschirmfoto-2025-06-16-um-23.06.31-400x265.png\" class=\"attachment-medium size-medium wp-post-image\" alt=\"\" srcset=\"https:\/\/gruene-wiesbaden.de\/wp-content\/uploads\/2025\/03\/Bildschirmfoto-2025-06-16-um-23.06.31-400x265.png 400w, https:\/\/gruene-wiesbaden.de\/wp-content\/uploads\/2025\/03\/Bildschirmfoto-2025-06-16-um-23.06.31-600x398.png 600w, https:\/\/gruene-wiesbaden.de\/wp-content\/uploads\/2025\/03\/Bildschirmfoto-2025-06-16-um-23.06.31.png 1760w\" sizes=\"auto, (max-width: 400px) 100vw, 400px\" \/><\/div><div class=\"wpb_text_column\"><div class=\"wpb_wrapper\"><p><span>\u0130ttifak 90\/Ye\u015filler 26 Haziran ak\u015fam\u0131 Genel Kurul'da bir araya geldiler. Gesine Bonnet 2025 belediye ba\u015fkanl\u0131\u011f\u0131 se\u00e7imine aday g\u00f6sterildi. 93.0 ald\u0131% O sesler var ya. \u2047 Hem deneyimi hem de temiz havay\u0131 somutla\u015ft\u0131ran belediye ba\u015fkanl\u0131\u011f\u0131 se\u00e7imi aday\u0131 Gesine Bonnet'e sahip olmaktan mutluluk duyuyoruz. Enerjiyi ve \u015fehrimizin zorluklar\u0131na yenilik\u00e7i bir bak\u0131\u015f a\u00e7\u0131s\u0131n\u0131 temsil ediyor. Ba\u015fka hi\u00e7bir \u015fey gibi, Gesine Bonnet insanlar\u0131 bir araya getirebilir ve Wiesbaden'deki bir\u00e7ok kararl\u0131 insan, \u015firketleri ve \u015fehir siyaseti aras\u0131nda yeni bir ittifak olu\u015fturabilir. Eminiz ki: Vatanda\u015flar\u0131 kazanan do\u011fas\u0131yla ikna edecek \"dedi il\u00e7e derne\u011fi ba\u015fkanlar\u0131 Uta Brehm ve Mathias Wagner. <\/span><\/p>\n<p><span>Gesine Bonnet'in \u00d6zellikleri: \u00d6n\u00fcm\u00fczde ele al\u0131nmas\u0131 gereken bir\u00e7ok g\u00f6rev var: Enerji ge\u00e7i\u015fi, \u015fehir merkezinin yap\u0131sal de\u011fi\u015fimi ve dijitalle\u015fme, bunlardan sadece birka\u00e7\u0131. \u0130\u00e7inde yatan f\u0131rsatlar\u0131 de\u011ferlendirmek ve bu \u015fehirde yeni \u015feyler denemek i\u00e7in daha fazla cesaret ve arzu uyand\u0131rmak istiyorum\" diye a\u00e7\u0131kl\u0131yor Bonnet, adayl\u0131\u011f\u0131n\u0131 \"Bu \u015fehrin bir\u00e7ok yerinde neredeyse her g\u00fcn d\u00fc\u015f\u00fcnme ve kat\u0131lma iste\u011fini ya\u015f\u0131yorum. Lord Mayor olarak iddiam, bu kalk\u0131\u015fa g\u00fc\u00e7l\u00fc bir ses vermek, bunun i\u00e7in aya\u011fa kalkmak, yeni ittifaklar kurmak ve de\u011fi\u015fime kat\u0131lmak isteyen insanlara kap\u0131lar a\u00e7mak olacakt\u0131r. Birlikte, \u015fehrimizin gelece\u011fini \u015fekillendiriyoruz!<\/span><\/p>\n<p><span>Bonnet 1970 y\u0131l\u0131nda Kassel'de do\u011fdu ve serbest edit\u00f6r, yazar ve moderat\u00f6r olarak \u00e7al\u0131\u015f\u0131yor. 2021'den beri belediye meclisi \u00fcyesi ve 2022'den beri Ye\u015filler siyasi grubunun ba\u015fkan\u0131d\u0131r. Daha \u00f6nce, yerel konsey Mitte'nin bir \u00fcyesiydi.<\/span><\/p>\n<\/div><\/div><\/div><\/div><\/div><\/div><\/section>","protected":false},"excerpt":{"rendered":"Ye\u015filler belediye ba\u015fkan\u0131 aday\u0131 olarak Gesine Bonnet'i se\u00e7tilerAlliance 90\/Ye\u015filler 26 Haziran ak\u015fam\u0131 genel toplant\u0131lar\u0131na kat\u0131ld\u0131lar. Gesine Bonnet 2025 belediye ba\u015fkanl\u0131\u011f\u0131 se\u00e7imine aday g\u00f6sterildi. 93.0 ald\u0131% O sesler var ya. \u2047 Hem deneyimi hem de temiz havay\u0131 somutla\u015ft\u0131ran belediye ba\u015fkanl\u0131\u011f\u0131 se\u00e7imi aday\u0131 Gesine Bonnet'e sahip olmaktan mutluluk duyuyoruz. Enerjiyi temsil ediyor ve...","protected":false},"author":1,"featured_media":934,"comment_status":"closed","ping_status":"closed","sticky":false,"template":"","format":"standard","meta":{"footnotes":""},"categories":[5],"tags":[],"class_list":["post-726","post","type-post","status-publish","format-standard","has-post-thumbnail","hentry","category-wahlen"],"yoast_head":"<!-- This site is optimized with the Yoast SEO plugin v27.5 - https:\/\/yoast.com\/product\/yoast-seo-wordpress\/ -->\n<title>GR\u00dcNE w\u00e4hlen Gesine Bonnet zur Oberb\u00fcrgermeisterkandidatin - B\u00dcNDNIS 90\/DIE GR\u00dcNEN Wiesbaden<\/title>\n<meta name=\"robots\" content=\"index, follow, max-snippet:-1, max-image-preview:large, max-video-preview:-1\" \/>\n<link rel=\"canonical\" href=\"https:\/\/gruene-wiesbaden.de\/tr\/gesinebonnet_obkandidatin\/\" \/>\n<meta property=\"og:locale\" content=\"tr_TR\" \/>\n<meta property=\"og:type\" content=\"article\" \/>\n<meta property=\"og:title\" content=\"GR\u00dcNE w\u00e4hlen Gesine Bonnet zur Oberb\u00fcrgermeisterkandidatin - B\u00dcNDNIS 90\/DIE GR\u00dcNEN Wiesbaden\" \/>\n<meta property=\"og:url\" content=\"https:\/\/gruene-wiesbaden.de\/tr\/gesinebonnet_obkandidatin\/\" \/>\n<meta property=\"og:site_name\" content=\"B\u00dcNDNIS 90\/DIE GR\u00dcNEN Wiesbaden\" \/>\n<meta property=\"article:publisher\" content=\"https:\/\/www.facebook.com\/gruene.wi\" \/>\n<meta property=\"article:published_time\" content=\"2024-06-26T12:00:16+00:00\" \/>\n<meta property=\"article:modified_time\" content=\"2025-06-16T21:08:28+00:00\" \/>\n<meta property=\"og:image\" content=\"https:\/\/gruene-wiesbaden.de\/wp-content\/uploads\/2025\/03\/Bildschirmfoto-2025-06-16-um-23.06.31-600x398.png\" \/>\n\t<meta property=\"og:image:width\" content=\"600\" \/>\n\t<meta property=\"og:image:height\" content=\"398\" \/>\n\t<meta property=\"og:image:type\" content=\"image\/png\" \/>\n<meta name=\"author\" content=\"admin\" \/>\n<meta name=\"twitter:card\" content=\"summary_large_image\" \/>\n<meta name=\"twitter:label1\" content=\"Yazan:\" \/>\n\t<meta name=\"twitter:data1\" content=\"admin\" \/>\n\t<meta name=\"twitter:label2\" content=\"Tahmini okuma s\u00fcresi\" \/>\n\t<meta name=\"twitter:data2\" content=\"2 minutes\" \/>\n<script type=\"application\/ld+json\" class=\"yoast-schema-graph\">{\"@context\":\"https:\\\/\\\/schema.org\",\"@graph\":[{\"@type\":\"Article\",\"@id\":\"https:\\\/\\\/gruene-wiesbaden.de\\\/gesinebonnet_obkandidatin\\\/#article\",\"isPartOf\":{\"@id\":\"https:\\\/\\\/gruene-wiesbaden.de\\\/gesinebonnet_obkandidatin\\\/\"},\"author\":{\"name\":\"admin\",\"@id\":\"https:\\\/\\\/gruene-wiesbaden.de\\\/#\\\/schema\\\/person\\\/6785c34779159cd4fd86886bb097afe9\"},\"headline\":\"GR\u00dcNE w\u00e4hlen Gesine Bonnet zur Oberb\u00fcrgermeisterkandidatin\",\"datePublished\":\"2024-06-26T12:00:16+00:00\",\"dateModified\":\"2025-06-16T21:08:28+00:00\",\"mainEntityOfPage\":{\"@id\":\"https:\\\/\\\/gruene-wiesbaden.de\\\/gesinebonnet_obkandidatin\\\/\"},\"wordCount\":297,\"publisher\":{\"@id\":\"https:\\\/\\\/gruene-wiesbaden.de\\\/#organization\"},\"image\":{\"@id\":\"https:\\\/\\\/gruene-wiesbaden.de\\\/gesinebonnet_obkandidatin\\\/#primaryimage\"},\"thumbnailUrl\":\"https:\\\/\\\/gruene-wiesbaden.de\\\/wp-content\\\/uploads\\\/2025\\\/03\\\/Bildschirmfoto-2025-06-16-um-23.06.31.png\",\"articleSection\":[\"Wahlen\"],\"inLanguage\":\"tr-TR\"},{\"@type\":\"WebPage\",\"@id\":\"https:\\\/\\\/gruene-wiesbaden.de\\\/gesinebonnet_obkandidatin\\\/\",\"url\":\"https:\\\/\\\/gruene-wiesbaden.de\\\/gesinebonnet_obkandidatin\\\/\",\"name\":\"GR\u00dcNE w\u00e4hlen Gesine Bonnet zur Oberb\u00fcrgermeisterkandidatin - B\u00dcNDNIS 90\\\/DIE GR\u00dcNEN Wiesbaden\",\"isPartOf\":{\"@id\":\"https:\\\/\\\/gruene-wiesbaden.de\\\/#website\"},\"primaryImageOfPage\":{\"@id\":\"https:\\\/\\\/gruene-wiesbaden.de\\\/gesinebonnet_obkandidatin\\\/#primaryimage\"},\"image\":{\"@id\":\"https:\\\/\\\/gruene-wiesbaden.de\\\/gesinebonnet_obkandidatin\\\/#primaryimage\"},\"thumbnailUrl\":\"https:\\\/\\\/gruene-wiesbaden.de\\\/wp-content\\\/uploads\\\/2025\\\/03\\\/Bildschirmfoto-2025-06-16-um-23.06.31.png\",\"datePublished\":\"2024-06-26T12:00:16+00:00\",\"dateModified\":\"2025-06-16T21:08:28+00:00\",\"breadcrumb\":{\"@id\":\"https:\\\/\\\/gruene-wiesbaden.de\\\/gesinebonnet_obkandidatin\\\/#breadcrumb\"},\"inLanguage\":\"tr-TR\",\"potentialAction\":[{\"@type\":\"ReadAction\",\"target\":[\"https:\\\/\\\/gruene-wiesbaden.de\\\/gesinebonnet_obkandidatin\\\/\"]}]},{\"@type\":\"ImageObject\",\"inLanguage\":\"tr-TR\",\"@id\":\"https:\\\/\\\/gruene-wiesbaden.de\\\/gesinebonnet_obkandidatin\\\/#primaryimage\",\"url\":\"https:\\\/\\\/gruene-wiesbaden.de\\\/wp-content\\\/uploads\\\/2025\\\/03\\\/Bildschirmfoto-2025-06-16-um-23.06.31.png\",\"contentUrl\":\"https:\\\/\\\/gruene-wiesbaden.de\\\/wp-content\\\/uploads\\\/2025\\\/03\\\/Bildschirmfoto-2025-06-16-um-23.06.31.png\",\"width\":1760,\"height\":1168},{\"@type\":\"BreadcrumbList\",\"@id\":\"https:\\\/\\\/gruene-wiesbaden.de\\\/gesinebonnet_obkandidatin\\\/#breadcrumb\",\"itemListElement\":[{\"@type\":\"ListItem\",\"position\":1,\"name\":\"Startseite\",\"item\":\"https:\\\/\\\/gruene-wiesbaden.de\\\/\"},{\"@type\":\"ListItem\",\"position\":2,\"name\":\"GR\u00dcNE w\u00e4hlen Gesine Bonnet zur Oberb\u00fcrgermeisterkandidatin\"}]},{\"@type\":\"WebSite\",\"@id\":\"https:\\\/\\\/gruene-wiesbaden.de\\\/#website\",\"url\":\"https:\\\/\\\/gruene-wiesbaden.de\\\/\",\"name\":\"DIE GR\u00dcNEN Wiesbaden\",\"description\":\"\",\"publisher\":{\"@id\":\"https:\\\/\\\/gruene-wiesbaden.de\\\/#organization\"},\"potentialAction\":[{\"@type\":\"SearchAction\",\"target\":{\"@type\":\"EntryPoint\",\"urlTemplate\":\"https:\\\/\\\/gruene-wiesbaden.de\\\/?s={search_term_string}\"},\"query-input\":{\"@type\":\"PropertyValueSpecification\",\"valueRequired\":true,\"valueName\":\"search_term_string\"}}],\"inLanguage\":\"tr-TR\"},{\"@type\":\"Organization\",\"@id\":\"https:\\\/\\\/gruene-wiesbaden.de\\\/#organization\",\"name\":\"DIE GR\u00dcNEN Wiesbaden\",\"url\":\"https:\\\/\\\/gruene-wiesbaden.de\\\/\",\"logo\":{\"@type\":\"ImageObject\",\"inLanguage\":\"tr-TR\",\"@id\":\"https:\\\/\\\/gruene-wiesbaden.de\\\/#\\\/schema\\\/logo\\\/image\\\/\",\"url\":\"https:\\\/\\\/gruene-wiesbaden-fuer-europa.de\\\/wp-content\\\/uploads\\\/2024\\\/04\\\/Machen-was-zaehlt-5.png\",\"contentUrl\":\"https:\\\/\\\/gruene-wiesbaden-fuer-europa.de\\\/wp-content\\\/uploads\\\/2024\\\/04\\\/Machen-was-zaehlt-5.png\",\"width\":1772,\"height\":1772,\"caption\":\"DIE GR\u00dcNEN Wiesbaden\"},\"image\":{\"@id\":\"https:\\\/\\\/gruene-wiesbaden.de\\\/#\\\/schema\\\/logo\\\/image\\\/\"},\"sameAs\":[\"https:\\\/\\\/www.facebook.com\\\/gruene.wi\",\"https:\\\/\\\/instagram.com\\\/gruene_wi\"]},{\"@type\":\"Person\",\"@id\":\"https:\\\/\\\/gruene-wiesbaden.de\\\/#\\\/schema\\\/person\\\/6785c34779159cd4fd86886bb097afe9\",\"name\":\"admin\",\"sameAs\":[\"http:\\\/\\\/gruene-wiesbaden-fuer-europa.de\"],\"url\":\"https:\\\/\\\/gruene-wiesbaden.de\\\/tr\\\/author\\\/admin\\\/\"}]}<\/script>\n<!-- \/ Yoast SEO plugin. -->","yoast_head_json":{"title":"GR\u00dcNE w\u00e4hlen Gesine Bonnet zur Oberb\u00fcrgermeisterkandidatin - B\u00dcNDNIS 90\/DIE GR\u00dcNEN Wiesbaden","robots":{"index":"index","follow":"follow","max-snippet":"max-snippet:-1","max-image-preview":"max-image-preview:large","max-video-preview":"max-video-preview:-1"},"canonical":"https:\/\/gruene-wiesbaden.de\/tr\/gesinebonnet_obkandidatin\/","og_locale":"tr_TR","og_type":"article","og_title":"GR\u00dcNE w\u00e4hlen Gesine Bonnet zur Oberb\u00fcrgermeisterkandidatin - B\u00dcNDNIS 90\/DIE GR\u00dcNEN Wiesbaden","og_url":"https:\/\/gruene-wiesbaden.de\/tr\/gesinebonnet_obkandidatin\/","og_site_name":"B\u00dcNDNIS 90\/DIE GR\u00dcNEN Wiesbaden","article_publisher":"https:\/\/www.facebook.com\/gruene.wi","article_published_time":"2024-06-26T12:00:16+00:00","article_modified_time":"2025-06-16T21:08:28+00:00","og_image":[{"width":600,"height":398,"url":"https:\/\/gruene-wiesbaden.de\/wp-content\/uploads\/2025\/03\/Bildschirmfoto-2025-06-16-um-23.06.31-600x398.png","type":"image\/png"}],"author":"admin","twitter_card":"summary_large_image","twitter_misc":{"Yazan:":"admin","Tahmini okuma s\u00fcresi":"2 minutes"},"schema":{"@context":"https:\/\/schema.org","@graph":[{"@type":"Article","@id":"https:\/\/gruene-wiesbaden.de\/gesinebonnet_obkandidatin\/#article","isPartOf":{"@id":"https:\/\/gruene-wiesbaden.de\/gesinebonnet_obkandidatin\/"},"author":{"name":"admin","@id":"https:\/\/gruene-wiesbaden.de\/#\/schema\/person\/6785c34779159cd4fd86886bb097afe9"},"headline":"GR\u00dcNE w\u00e4hlen Gesine Bonnet zur Oberb\u00fcrgermeisterkandidatin","datePublished":"2024-06-26T12:00:16+00:00","dateModified":"2025-06-16T21:08:28+00:00","mainEntityOfPage":{"@id":"https:\/\/gruene-wiesbaden.de\/gesinebonnet_obkandidatin\/"},"wordCount":297,"publisher":{"@id":"https:\/\/gruene-wiesbaden.de\/#organization"},"image":{"@id":"https:\/\/gruene-wiesbaden.de\/gesinebonnet_obkandidatin\/#primaryimage"},"thumbnailUrl":"https:\/\/gruene-wiesbaden.de\/wp-content\/uploads\/2025\/03\/Bildschirmfoto-2025-06-16-um-23.06.31.png","articleSection":["Wahlen"],"inLanguage":"tr-TR"},{"@type":"WebPage","@id":"https:\/\/gruene-wiesbaden.de\/gesinebonnet_obkandidatin\/","url":"https:\/\/gruene-wiesbaden.de\/gesinebonnet_obkandidatin\/","name":"GR\u00dcNE w\u00e4hlen Gesine Bonnet zur Oberb\u00fcrgermeisterkandidatin - B\u00dcNDNIS 90\/DIE GR\u00dcNEN Wiesbaden","isPartOf":{"@id":"https:\/\/gruene-wiesbaden.de\/#website"},"primaryImageOfPage":{"@id":"https:\/\/gruene-wiesbaden.de\/gesinebonnet_obkandidatin\/#primaryimage"},"image":{"@id":"https:\/\/gruene-wiesbaden.de\/gesinebonnet_obkandidatin\/#primaryimage"},"thumbnailUrl":"https:\/\/gruene-wiesbaden.de\/wp-content\/uploads\/2025\/03\/Bildschirmfoto-2025-06-16-um-23.06.31.png","datePublished":"2024-06-26T12:00:16+00:00","dateModified":"2025-06-16T21:08:28+00:00","breadcrumb":{"@id":"https:\/\/gruene-wiesbaden.de\/gesinebonnet_obkandidatin\/#breadcrumb"},"inLanguage":"tr-TR","potentialAction":[{"@type":"ReadAction","target":["https:\/\/gruene-wiesbaden.de\/gesinebonnet_obkandidatin\/"]}]},{"@type":"ImageObject","inLanguage":"tr-TR","@id":"https:\/\/gruene-wiesbaden.de\/gesinebonnet_obkandidatin\/#primaryimage","url":"https:\/\/gruene-wiesbaden.de\/wp-content\/uploads\/2025\/03\/Bildschirmfoto-2025-06-16-um-23.06.31.png","contentUrl":"https:\/\/gruene-wiesbaden.de\/wp-content\/uploads\/2025\/03\/Bildschirmfoto-2025-06-16-um-23.06.31.png","width":1760,"height":1168},{"@type":"BreadcrumbList","@id":"https:\/\/gruene-wiesbaden.de\/gesinebonnet_obkandidatin\/#breadcrumb","itemListElement":[{"@type":"ListItem","position":1,"name":"Startseite","item":"https:\/\/gruene-wiesbaden.de\/"},{"@type":"ListItem","position":2,"name":"GR\u00dcNE w\u00e4hlen Gesine Bonnet zur Oberb\u00fcrgermeisterkandidatin"}]},{"@type":"WebSite","@id":"https:\/\/gruene-wiesbaden.de\/#website","url":"https:\/\/gruene-wiesbaden.de\/","name":"DIE GR\u00dcNEN Wiesbaden","description":"","publisher":{"@id":"https:\/\/gruene-wiesbaden.de\/#organization"},"potentialAction":[{"@type":"SearchAction","target":{"@type":"EntryPoint","urlTemplate":"https:\/\/gruene-wiesbaden.de\/?s={search_term_string}"},"query-input":{"@type":"PropertyValueSpecification","valueRequired":true,"valueName":"search_term_string"}}],"inLanguage":"tr-TR"},{"@type":"Organization","@id":"https:\/\/gruene-wiesbaden.de\/#organization","name":"DIE GR\u00dcNEN Wiesbaden","url":"https:\/\/gruene-wiesbaden.de\/","logo":{"@type":"ImageObject","inLanguage":"tr-TR","@id":"https:\/\/gruene-wiesbaden.de\/#\/schema\/logo\/image\/","url":"https:\/\/gruene-wiesbaden-fuer-europa.de\/wp-content\/uploads\/2024\/04\/Machen-was-zaehlt-5.png","contentUrl":"https:\/\/gruene-wiesbaden-fuer-europa.de\/wp-content\/uploads\/2024\/04\/Machen-was-zaehlt-5.png","width":1772,"height":1772,"caption":"DIE GR\u00dcNEN Wiesbaden"},"image":{"@id":"https:\/\/gruene-wiesbaden.de\/#\/schema\/logo\/image\/"},"sameAs":["https:\/\/www.facebook.com\/gruene.wi","https:\/\/instagram.com\/gruene_wi"]},{"@type":"Person","@id":"https:\/\/gruene-wiesbaden.de\/#\/schema\/person\/6785c34779159cd4fd86886bb097afe9","name":"admin","sameAs":["http:\/\/gruene-wiesbaden-fuer-europa.de"],"url":"https:\/\/gruene-wiesbaden.de\/tr\/author\/admin\/"}]}},"_links":{"self":[{"href":"https:\/\/gruene-wiesbaden.de\/tr\/wp-json\/wp\/v2\/posts\/726","targetHints":{"allow":["GET"]}}],"collection":[{"href":"https:\/\/gruene-wiesbaden.de\/tr\/wp-json\/wp\/v2\/posts"}],"about":[{"href":"https:\/\/gruene-wiesbaden.de\/tr\/wp-json\/wp\/v2\/types\/post"}],"author":[{"embeddable":true,"href":"https:\/\/gruene-wiesbaden.de\/tr\/wp-json\/wp\/v2\/users\/1"}],"replies":[{"embeddable":true,"href":"https:\/\/gruene-wiesbaden.de\/tr\/wp-json\/wp\/v2\/comments?post=726"}],"version-history":[{"count":7,"href":"https:\/\/gruene-wiesbaden.de\/tr\/wp-json\/wp\/v2\/posts\/726\/revisions"}],"predecessor-version":[{"id":935,"href":"https:\/\/gruene-wiesbaden.de\/tr\/wp-json\/wp\/v2\/posts\/726\/revisions\/935"}],"wp:featuredmedia":[{"embeddable":true,"href":"https:\/\/gruene-wiesbaden.de\/tr\/wp-json\/wp\/v2\/media\/934"}],"wp:attachment":[{"href":"https:\/\/gruene-wiesbaden.de\/tr\/wp-json\/wp\/v2\/media?parent=726"}],"wp:term":[{"taxonomy":"category","embeddable":true,"href":"https:\/\/gruene-wiesbaden.de\/tr\/wp-json\/wp\/v2\/categories?post=726"},{"taxonomy":"post_tag","embeddable":true,"href":"https:\/\/gruene-wiesbaden.de\/tr\/wp-json\/wp\/v2\/tags?post=726"}],"curies":[{"name":"wp","href":"https:\/\/api.w.org\/{rel}","templated":true}]}}