{"id":1660,"date":"2025-12-01T12:53:02","date_gmt":"2025-12-01T10:53:02","guid":{"rendered":"https:\/\/gruene-wiesbaden.de\/?p=1660"},"modified":"2025-12-01T12:55:39","modified_gmt":"2025-12-01T10:55:39","slug":"mehr-moeglich-machen-fuer-wiesbaden-gruene-wiesbaden-starten-mit-starkem-team-und-zukunftsprogramm-in-den-kommunalwahlkampf-2026","status":"publish","type":"post","link":"https:\/\/gruene-wiesbaden.de\/tr\/mehr-moeglich-machen-fuer-wiesbaden-gruene-wiesbaden-starten-mit-starkem-team-und-zukunftsprogramm-in-den-kommunalwahlkampf-2026\/","title":{"rendered":"Wiesbaden i\u00e7in DAHA M\u00dcMK\u00dcN YAPMAK - YE\u015e\u0130L Wiesbaden gelecek i\u00e7in g\u00fc\u00e7l\u00fc bir ekip ve program ile 2026 y\u0131l\u0131nda belediye se\u00e7im kampanyas\u0131 ba\u015flatmak"},"content":{"rendered":"<section class=\"l-section wpb_row height_medium\"><div class=\"l-section-h i-cf\"><div class=\"g-cols vc_row via_grid cols_1 laptops-cols_inherit tablets-cols_inherit mobiles-cols_1 valign_top type_default stacking_default\"><div class=\"wpb_column vc_column_container\"><div class=\"vc_column-inner\"><h3 class=\"w-post-elm post_title us_custom_ea76afbe entry-title color_link_inherit\">Wiesbaden i\u00e7in DAHA M\u00dcMK\u00dcN YAPMAK - YE\u015e\u0130L Wiesbaden gelecek i\u00e7in g\u00fc\u00e7l\u00fc bir ekip ve program ile 2026 y\u0131l\u0131nda belediye se\u00e7im kampanyas\u0131 ba\u015flatmak<\/h3><div class=\"w-post-elm post_image\"><img loading=\"lazy\" decoding=\"async\" width=\"600\" height=\"452\" src=\"https:\/\/gruene-wiesbaden.de\/wp-content\/uploads\/2025\/12\/Bild-GRUeNE-WIESBADEN-600x452.png\" class=\"attachment-large size-large wp-post-image\" alt=\"\" srcset=\"https:\/\/gruene-wiesbaden.de\/wp-content\/uploads\/2025\/12\/Bild-GRUeNE-WIESBADEN-600x452.png 600w, https:\/\/gruene-wiesbaden.de\/wp-content\/uploads\/2025\/12\/Bild-GRUeNE-WIESBADEN-400x302.png 400w, https:\/\/gruene-wiesbaden.de\/wp-content\/uploads\/2025\/12\/Bild-GRUeNE-WIESBADEN-16x12.png 16w, https:\/\/gruene-wiesbaden.de\/wp-content\/uploads\/2025\/12\/Bild-GRUeNE-WIESBADEN.png 968w\" sizes=\"auto, (max-width: 600px) 100vw, 600px\" \/><\/div><div class=\"w-separator size_medium\"><\/div><div class=\"wpb_text_column\"><div class=\"wpb_wrapper\"><p style=\"font-weight: 400;\">Wiesbaden Ye\u015filleri bug\u00fcn se\u00e7im programlar\u0131n\u0131 ve 2026'daki yerel se\u00e7imlerin listesini sundular. G\u00fc\u00e7l\u00fc bir liderlik, halihaz\u0131rda deneyimli ve yeni adaylardan olu\u015fan geni\u015f tabanl\u0131 bir ekiple, \u00f6n\u00fcm\u00fczdeki y\u0131llarda Wiesbaden'i siyasi olarak \u015fekillendirmeye devam etmek ve bu \u015fehri herkes i\u00e7in daha ya\u015fanabilir ve s\u00fcrd\u00fcr\u00fclebilir hale getirmek istiyorlar.<\/p>\n<p style=\"font-weight: 400;\"><strong>Ye\u015filler, bir\u00e7ok gen\u00e7 y\u00fcze sahip farkl\u0131 bir ekiple rekabet ediyor<\/strong><\/p>\n<p style=\"font-weight: 400;\">\u015eehir konseyi listesinde bir\u00e7ok yeni isim ve \u015fehir konseyinde zaten YE\u015e\u0130L Wiesbaden i\u00e7in olan ki\u015filer var.<\/p>\n<p style=\"font-weight: 400;\">\u2047 Listemizle geni\u015f bir konuma sahibiz ve farkl\u0131 ge\u00e7mi\u015flerle birlikte t\u00fcm politika alanlar\u0131na uzmanl\u0131k getiriyoruz. Listemizdeki k\u0131smen \u00e7ok deneyimli ki\u015filer olarak 35 ya\u015f\u0131n alt\u0131ndaki sekiz ki\u015fiyi se\u00e7mi\u015f olmam\u0131z a\u00e7\u0131k\u00e7a g\u00f6stermektedir: B\u00dcNDNIS 90\/DIE GR\u00dcNEN Wiesbaden b\u00f6lge ba\u015fkan\u0131 Rebecca Thomas, sadece gelece\u011fi d\u00fc\u015f\u00fcnm\u00fcyoruz, aktif olarak masaya getiriyoruz diyor.<\/p>\n<p style=\"font-weight: 400;\"><strong>Wiesbaden'deki Ye\u015filler \"daha fazlas\u0131n\u0131 m\u00fcmk\u00fcn k\u0131lmak\" istiyor<\/strong><\/p>\n<p style=\"font-weight: 400;\">Geni\u015f kapsaml\u0131 se\u00e7im program\u0131 ile Ye\u015filler, Wiesbaden'in \u015fehir toplumunun t\u00fcm kesimlerine bir \u015feyler sunmak istiyor.<\/p>\n<p style=\"font-weight: 400;\">B\u00dcNDNIS 90\/DIE GR\u00dcNEN Wiesbaden b\u00f6lge ba\u015fkan\u0131 Rebecca Thomas: T\u00fcm \u015fehrin sorumlulu\u011funu \u00fcstleniyoruz. Bireysel \u00e7\u0131karlara daralan siyasi bir g\u00fc\u00e7 olmak istemiyoruz, ancak \u015fehri Wiesbaden'deki t\u00fcm insanlar i\u00e7in daha iyi hale getirmek ve gelecek i\u00e7in iyi konumland\u0131rmak ve Wiesbaden'deki herkes i\u00e7in daha m\u00fcmk\u00fcn k\u0131lmak istiyoruz.<\/p>\n<p style=\"font-weight: 400;\">Bu nedenle GREEN Wiesbaden'in se\u00e7im program\u0131 sadece politika alan\u0131na g\u00f6re de\u011fil, ayn\u0131 zamanda  \u2047 \u00e7ocuklar, aileler ve bekar ebeveynler \u2047  veya  \u2047 seniors \u2047  gibi hedef gruplar taraf\u0131ndan da yap\u0131land\u0131r\u0131lm\u0131\u015ft\u0131r, b\u00f6ylece okuyucular kendileri i\u00e7in \u00f6zellikle alakal\u0131 olan i\u00e7eri\u011fi h\u0131zl\u0131 bir \u015fekilde bulabilirler.<\/p>\n<p style=\"font-weight: 400;\">\u00d6n\u00fcm\u00fczdeki y\u0131llar Wiesbaden'in iklim de\u011fi\u015fikli\u011fi, sosyal adalet, hareketlilik ve dijital d\u00f6n\u00fc\u015f\u00fcm zorluklar\u0131na yan\u0131t\u0131 i\u00e7in \u00e7ok \u00f6nemli olacak. Bug\u00fcn ayn\u0131 zamanda iddial\u0131 ve ger\u00e7ek\u00e7i bir programla sorumluluk almaya devam etmeye haz\u0131r oldu\u011fumuzu g\u00f6steriyoruz. Yeni bir \u015feye ihtiya\u00e7 duyuldu\u011funda cesurca m\u00fccadele eden ve de\u011ferini kan\u0131tlad\u0131\u011f\u0131nda var olan\u0131 geli\u015ftiren bir politikay\u0131 savunuyoruz. Yol g\u00f6sterici fikrimiz durmayan, ancak burada ya\u015fayan herkes i\u00e7in kademeli olarak geli\u015fen bir \u015fehir\" diyor B\u00dcNDNIS 90\/DIE GR\u00dcNEN Wiesbaden b\u00f6lge ba\u015fkan\u0131 Daniel Schmitt.<\/p>\n<p style=\"font-weight: 400;\">\u00dc\u00e7 ana b\u00f6l\u00fcmden olu\u015fan se\u00e7im program\u0131 \u00fc\u00e7 ana alana odaklan\u0131yor:<\/p>\n<ol>\n<li><strong>Wiesbaden'in herkesin iyi ya\u015fayabilece\u011fi bir \u015fehre d\u00f6n\u00fc\u015fmesi:<\/strong> Bu b\u00f6l\u00fcm, konut, hareketlilik, sa\u011fl\u0131k ve \u00e7ocuk bak\u0131m\u0131 hizmetlerinin yan\u0131 s\u0131ra dijital vatanda\u015f hizmetlerinden k\u00fclt\u00fcrel ve sportif faaliyetlere kadar t\u00fcm Wiesbaden sakinlerini etkileyen ya\u015fam\u0131n t\u00fcm altyap\u0131 y\u00f6nlerini ele almaktad\u0131r. Her \u015feyden \u00f6nce, odak noktas\u0131 Wiesbaden'deki t\u00fcm insanlar i\u00e7in ya\u015fam kalitesini korumak ve iyile\u015ftirmektir. \u0130klim krizi ve gelece\u011fin ortaya \u00e7\u0131kan zorluklar\u0131 g\u00f6z \u00f6n\u00fcne al\u0131nd\u0131\u011f\u0131nda, Ye\u015filler kentsel kalk\u0131nmay\u0131 iklim koruma, iklim adaptasyonu ve \u00e7evre koruman\u0131n yan\u0131 s\u0131ra n\u00fcfusun korunmas\u0131 ile birle\u015ftiriyor.<\/li>\n<li><strong>Wiesbaden'i herkesin ait oldu\u011fu bir \u015fehir olarak tasarlamak:<\/strong> Burada GR\u00dcNEN, farkl\u0131 ger\u00e7eklikleri, ihtiya\u00e7lar\u0131 ve bak\u0131\u015f a\u00e7\u0131lar\u0131 ile t\u00fcm farkl\u0131 sosyal gruplar\u0131n Wiesbaden'i kad\u0131nlardan, ailelerden, gen\u00e7 yeti\u015fkinlerden ve ya\u015fl\u0131lardan LGBTQAI* toplulu\u011fundan insanlara, engellilere, g\u00f6\u00e7 ge\u00e7mi\u015fi olan insanlara ve ayr\u0131ca sosyal acil durumlardaki insanlara daha iyi hale getirecek siyasi bir teklif almas\u0131n\u0131n onlar\u0131n endi\u015fesi oldu\u011funu g\u00f6stermektedir.<\/li>\n<li><strong>Wiesbaden'in g\u00fc\u00e7l\u00fc bir belediye olarak gelecekteki ya\u015fayabilirli\u011fini g\u00fcvence alt\u0131na almak<\/strong>: Burada, GREEN Wiesbaden, Wiesbaden'in bir \u00fcniversite ve i\u015f yeri olarak \u00e7ekicili\u011fini ve g\u00fcc\u00fcn\u00fc, Wiesbaden'in bir i\u015f yeri olarak g\u00fcvenilir, i\u015fleyen ve s\u00fcrd\u00fcr\u00fclebilir ko\u015fullar yaratmak i\u00e7in Wiesbaden'in altyap\u0131s\u0131n\u0131 modernize etmek ve d\u00f6n\u00fc\u015ft\u00fcrmek i\u00e7in \u00f6nlemlerle birle\u015ftiriyor. Ye\u015filler ayr\u0131ca y\u00f6netimi modernize etmek, dijitalle\u015fme ve demografik de\u011fi\u015fim amac\u0131yla gelece\u011fe uygun hale getirmek ve \u015fehir y\u00f6netimini bir i\u015fveren olarak gen\u00e7 profesyoneller i\u00e7in cazip hale getirmek istiyor.<\/li>\n<\/ol>\n<p style=\"font-weight: 400;\"><strong>Gesine Bonnet ve Martin Kraft ye\u015fil tak\u0131m\u0131n \u00f6nde gelen ikilisi olarak<\/strong><\/p>\n<p style=\"font-weight: 400;\">B\u00dcNDNIS 90\/DIE GR\u00dcNEN Wiesbaden'in belediye meclisi toplant\u0131s\u0131n\u0131n listesi, deneyim ve gelecek perspektiflerini birle\u015ftiren Gesine Bonnet ve Martin Kraft taraf\u0131ndan y\u00f6netiliyor.<\/p>\n<p style=\"font-weight: 400;\">\u2047 Enerji ge\u00e7i\u015finden \u015fehir merkezinin yap\u0131sal d\u00f6n\u00fc\u015f\u00fcm\u00fcne ve dijital d\u00f6n\u00fc\u015f\u00fcme kadar de\u011fi\u015fim f\u0131rsatlar\u0131n\u0131 yakalayan bir politikay\u0131 savunuyoruz. Bu \u015fekilde, i\u015f yerimizi g\u00fc\u00e7lendiriyor, vas\u0131fl\u0131 i\u015f\u00e7i s\u0131k\u0131nt\u0131s\u0131 zamanlar\u0131nda bile etkili ve vatanda\u015f odakl\u0131 y\u00f6netim sa\u011fl\u0131yor ve sosyal a\u011f\u0131m\u0131z\u0131 krize dayan\u0131kl\u0131 hale getiriyoruz.  \u2047 , diyor Gesine Bonnet. Gelecekle ilgili mevcut endi\u015felere ger\u00e7ek cevaplar bulman\u0131n tek yolu budur. \u00d6te yandan, \u00e7\u00f6z\u00fcm\u00fcn d\u00fcn nostaljik oldu\u011funa inananlar insanlar\u0131 kand\u0131r\u0131yor.<\/p>\n<p style=\"font-weight: 400;\">\u00d6nde gelen aday Martin Kraft \u015funlar\u0131 ekliyor: \u015eehrimizin muazzam bir potansiyeli var. Bununla birlikte, bu da kullan\u0131lmal\u0131d\u0131r. Bug\u00fcn, son on y\u0131llar\u0131n tadilat t\u0131kan\u0131kl\u0131\u011f\u0131n\u0131n sonu\u00e7lar\u0131na tan\u0131k oluyoruz. Bu nedenle, iklim a\u00e7\u0131s\u0131ndan n\u00f6tr enerji arz\u0131, okullar ve \u015fehir evleri ve ula\u015f\u0131m altyap\u0131s\u0131na yap\u0131lan yat\u0131r\u0131mlarla Wiesbaden'i \u015fimdi gelece\u011fe uygun hale getirmek bizim i\u00e7in \u00e7ok \u00f6nemlidir. \u0130klim korumay\u0131 kentsel geli\u015fim i\u00e7in bir f\u0131rsat olarak kullanmak istiyoruz. Bunun \u00f6rnekleri, Alsace Meydan\u0131'n\u0131n bir parka d\u00f6n\u00fc\u015ft\u00fcr\u00fclmesi veya Schwalbacher Stra\u00dfe'nin d\u00f6n\u00fc\u015ft\u00fcr\u00fclmesidir.<\/p>\n<p style=\"font-weight: 400;\"><strong>Se\u00e7im program\u0131  \u2047  \u00e7ok dilli, engelsiz ve mobil uyumlu<\/strong><\/p>\n<p style=\"font-weight: 400;\">On <a href=\"https:\/\/gruene-wiesbaden.de\/tr\/\">gruene-wiesbaden.de<\/a> Se\u00e7im program\u0131 ve belediye meclisi listesi PDF dosyalar\u0131 olarak mevcuttur ve se\u00e7im program\u0131 da web sitesinde mevcuttur.<\/p>\n<p style=\"font-weight: 400;\">Rebecca Thomas \u015f\u00f6yle diyor: Herkesin neyi temsil etti\u011fimizi anlamas\u0131 bizim i\u00e7in \u00f6nemlidir. Bu nedenle web sitemizi ve se\u00e7im program\u0131n\u0131 bir\u00e7ok farkl\u0131 dilde sunuyoruz ve web sitemizi m\u00fcmk\u00fcn oldu\u011funca engelsiz ve kapsay\u0131c\u0131 hale getirmek i\u00e7in \u00e7al\u0131\u015ft\u0131k. Bir\u00e7ok ki\u015fi temel olarak ak\u0131ll\u0131 telefonlar\u0131n\u0131 bilgi edinmek i\u00e7in kulland\u0131\u011f\u0131ndan, mobil okunabilirlik de bizim i\u00e7in \u00f6nemliydi.<\/p>\n<\/div><\/div><\/div><\/div><\/div><\/div><\/section>","protected":false},"excerpt":{"rendered":"Wiesbaden i\u00e7in DAHA FAZLA M\u00dcMK\u00dcN YAP  \u2047  YE\u015e\u0130L Wiesbaden, 2026 belediye se\u00e7im kampanyas\u0131na g\u00fc\u00e7l\u00fc bir ekip ve gelecek i\u00e7in bir programla ba\u015fl\u0131yorWiesbaden GREEN, bug\u00fcn se\u00e7im program\u0131n\u0131 ve 2026 belediye se\u00e7imlerinin listesini sundu. G\u00fc\u00e7l\u00fc bir liderlik, zaten deneyimli ve yeni adaylardan olu\u015fan geni\u015f tabanl\u0131 bir ekiple, \u00f6n\u00fcm\u00fczdeki y\u0131llarda Wiesbaden'i siyasi olarak desteklemeye devam etmek istiyorlar.","protected":false},"author":1,"featured_media":1661,"comment_status":"closed","ping_status":"closed","sticky":false,"template":"","format":"standard","meta":{"footnotes":""},"categories":[8,5],"tags":[],"class_list":["post-1660","post","type-post","status-publish","format-standard","has-post-thumbnail","hentry","category-allgemein","category-wahlen"],"yoast_head":"<!-- This site is optimized with the Yoast SEO plugin v27.5 - https:\/\/yoast.com\/product\/yoast-seo-wordpress\/ -->\n<title>MEHR M\u00d6GLICH MACHEN f\u00fcr Wiesbaden - GR\u00dcNE Wiesbaden starten mit starkem Team und Zukunftsprogramm in den Kommunalwahlkampf 2026 - B\u00dcNDNIS 90\/DIE GR\u00dcNEN Wiesbaden<\/title>\n<meta name=\"robots\" content=\"index, follow, max-snippet:-1, max-image-preview:large, max-video-preview:-1\" \/>\n<link rel=\"canonical\" href=\"https:\/\/gruene-wiesbaden.de\/tr\/mehr-moeglich-machen-fuer-wiesbaden-gruene-wiesbaden-starten-mit-starkem-team-und-zukunftsprogramm-in-den-kommunalwahlkampf-2026\/\" \/>\n<meta property=\"og:locale\" content=\"tr_TR\" \/>\n<meta property=\"og:type\" content=\"article\" \/>\n<meta property=\"og:title\" content=\"MEHR M\u00d6GLICH MACHEN f\u00fcr Wiesbaden - GR\u00dcNE Wiesbaden starten mit starkem Team und Zukunftsprogramm in den Kommunalwahlkampf 2026 - B\u00dcNDNIS 90\/DIE GR\u00dcNEN Wiesbaden\" \/>\n<meta property=\"og:url\" content=\"https:\/\/gruene-wiesbaden.de\/tr\/mehr-moeglich-machen-fuer-wiesbaden-gruene-wiesbaden-starten-mit-starkem-team-und-zukunftsprogramm-in-den-kommunalwahlkampf-2026\/\" \/>\n<meta property=\"og:site_name\" content=\"B\u00dcNDNIS 90\/DIE GR\u00dcNEN Wiesbaden\" \/>\n<meta property=\"article:publisher\" content=\"https:\/\/www.facebook.com\/gruene.wi\" \/>\n<meta property=\"article:published_time\" content=\"2025-12-01T10:53:02+00:00\" \/>\n<meta property=\"article:modified_time\" content=\"2025-12-01T10:55:39+00:00\" \/>\n<meta property=\"og:image\" content=\"https:\/\/gruene-wiesbaden.de\/wp-content\/uploads\/2025\/12\/Bild-GRUeNE-WIESBADEN.png\" \/>\n\t<meta property=\"og:image:width\" content=\"968\" \/>\n\t<meta property=\"og:image:height\" content=\"730\" \/>\n\t<meta property=\"og:image:type\" content=\"image\/png\" \/>\n<meta name=\"author\" content=\"admin\" \/>\n<meta name=\"twitter:card\" content=\"summary_large_image\" \/>\n<meta name=\"twitter:label1\" content=\"Yazan:\" \/>\n\t<meta name=\"twitter:data1\" content=\"admin\" \/>\n\t<meta name=\"twitter:label2\" content=\"Tahmini okuma s\u00fcresi\" \/>\n\t<meta name=\"twitter:data2\" content=\"5 minutes\" \/>\n<script type=\"application\/ld+json\" class=\"yoast-schema-graph\">{\"@context\":\"https:\\\/\\\/schema.org\",\"@graph\":[{\"@type\":\"Article\",\"@id\":\"https:\\\/\\\/gruene-wiesbaden.de\\\/mehr-moeglich-machen-fuer-wiesbaden-gruene-wiesbaden-starten-mit-starkem-team-und-zukunftsprogramm-in-den-kommunalwahlkampf-2026\\\/#article\",\"isPartOf\":{\"@id\":\"https:\\\/\\\/gruene-wiesbaden.de\\\/mehr-moeglich-machen-fuer-wiesbaden-gruene-wiesbaden-starten-mit-starkem-team-und-zukunftsprogramm-in-den-kommunalwahlkampf-2026\\\/\"},\"author\":{\"name\":\"admin\",\"@id\":\"https:\\\/\\\/gruene-wiesbaden.de\\\/#\\\/schema\\\/person\\\/6785c34779159cd4fd86886bb097afe9\"},\"headline\":\"MEHR M\u00d6GLICH MACHEN f\u00fcr Wiesbaden &#8211; GR\u00dcNE Wiesbaden starten mit starkem Team und Zukunftsprogramm in den Kommunalwahlkampf 2026\",\"datePublished\":\"2025-12-01T10:53:02+00:00\",\"dateModified\":\"2025-12-01T10:55:39+00:00\",\"mainEntityOfPage\":{\"@id\":\"https:\\\/\\\/gruene-wiesbaden.de\\\/mehr-moeglich-machen-fuer-wiesbaden-gruene-wiesbaden-starten-mit-starkem-team-und-zukunftsprogramm-in-den-kommunalwahlkampf-2026\\\/\"},\"wordCount\":1000,\"publisher\":{\"@id\":\"https:\\\/\\\/gruene-wiesbaden.de\\\/#organization\"},\"image\":{\"@id\":\"https:\\\/\\\/gruene-wiesbaden.de\\\/mehr-moeglich-machen-fuer-wiesbaden-gruene-wiesbaden-starten-mit-starkem-team-und-zukunftsprogramm-in-den-kommunalwahlkampf-2026\\\/#primaryimage\"},\"thumbnailUrl\":\"https:\\\/\\\/gruene-wiesbaden.de\\\/wp-content\\\/uploads\\\/2025\\\/12\\\/Bild-GRUeNE-WIESBADEN.png\",\"articleSection\":[\"Allgemein\",\"Wahlen\"],\"inLanguage\":\"tr-TR\"},{\"@type\":\"WebPage\",\"@id\":\"https:\\\/\\\/gruene-wiesbaden.de\\\/mehr-moeglich-machen-fuer-wiesbaden-gruene-wiesbaden-starten-mit-starkem-team-und-zukunftsprogramm-in-den-kommunalwahlkampf-2026\\\/\",\"url\":\"https:\\\/\\\/gruene-wiesbaden.de\\\/mehr-moeglich-machen-fuer-wiesbaden-gruene-wiesbaden-starten-mit-starkem-team-und-zukunftsprogramm-in-den-kommunalwahlkampf-2026\\\/\",\"name\":\"MEHR M\u00d6GLICH MACHEN f\u00fcr Wiesbaden - GR\u00dcNE Wiesbaden starten mit starkem Team und Zukunftsprogramm in den Kommunalwahlkampf 2026 - B\u00dcNDNIS 90\\\/DIE GR\u00dcNEN Wiesbaden\",\"isPartOf\":{\"@id\":\"https:\\\/\\\/gruene-wiesbaden.de\\\/#website\"},\"primaryImageOfPage\":{\"@id\":\"https:\\\/\\\/gruene-wiesbaden.de\\\/mehr-moeglich-machen-fuer-wiesbaden-gruene-wiesbaden-starten-mit-starkem-team-und-zukunftsprogramm-in-den-kommunalwahlkampf-2026\\\/#primaryimage\"},\"image\":{\"@id\":\"https:\\\/\\\/gruene-wiesbaden.de\\\/mehr-moeglich-machen-fuer-wiesbaden-gruene-wiesbaden-starten-mit-starkem-team-und-zukunftsprogramm-in-den-kommunalwahlkampf-2026\\\/#primaryimage\"},\"thumbnailUrl\":\"https:\\\/\\\/gruene-wiesbaden.de\\\/wp-content\\\/uploads\\\/2025\\\/12\\\/Bild-GRUeNE-WIESBADEN.png\",\"datePublished\":\"2025-12-01T10:53:02+00:00\",\"dateModified\":\"2025-12-01T10:55:39+00:00\",\"breadcrumb\":{\"@id\":\"https:\\\/\\\/gruene-wiesbaden.de\\\/mehr-moeglich-machen-fuer-wiesbaden-gruene-wiesbaden-starten-mit-starkem-team-und-zukunftsprogramm-in-den-kommunalwahlkampf-2026\\\/#breadcrumb\"},\"inLanguage\":\"tr-TR\",\"potentialAction\":[{\"@type\":\"ReadAction\",\"target\":[\"https:\\\/\\\/gruene-wiesbaden.de\\\/mehr-moeglich-machen-fuer-wiesbaden-gruene-wiesbaden-starten-mit-starkem-team-und-zukunftsprogramm-in-den-kommunalwahlkampf-2026\\\/\"]}]},{\"@type\":\"ImageObject\",\"inLanguage\":\"tr-TR\",\"@id\":\"https:\\\/\\\/gruene-wiesbaden.de\\\/mehr-moeglich-machen-fuer-wiesbaden-gruene-wiesbaden-starten-mit-starkem-team-und-zukunftsprogramm-in-den-kommunalwahlkampf-2026\\\/#primaryimage\",\"url\":\"https:\\\/\\\/gruene-wiesbaden.de\\\/wp-content\\\/uploads\\\/2025\\\/12\\\/Bild-GRUeNE-WIESBADEN.png\",\"contentUrl\":\"https:\\\/\\\/gruene-wiesbaden.de\\\/wp-content\\\/uploads\\\/2025\\\/12\\\/Bild-GRUeNE-WIESBADEN.png\",\"width\":968,\"height\":730},{\"@type\":\"BreadcrumbList\",\"@id\":\"https:\\\/\\\/gruene-wiesbaden.de\\\/mehr-moeglich-machen-fuer-wiesbaden-gruene-wiesbaden-starten-mit-starkem-team-und-zukunftsprogramm-in-den-kommunalwahlkampf-2026\\\/#breadcrumb\",\"itemListElement\":[{\"@type\":\"ListItem\",\"position\":1,\"name\":\"Startseite\",\"item\":\"https:\\\/\\\/gruene-wiesbaden.de\\\/\"},{\"@type\":\"ListItem\",\"position\":2,\"name\":\"MEHR M\u00d6GLICH MACHEN f\u00fcr Wiesbaden &#8211; GR\u00dcNE Wiesbaden starten mit starkem Team und Zukunftsprogramm in den Kommunalwahlkampf 2026\"}]},{\"@type\":\"WebSite\",\"@id\":\"https:\\\/\\\/gruene-wiesbaden.de\\\/#website\",\"url\":\"https:\\\/\\\/gruene-wiesbaden.de\\\/\",\"name\":\"DIE GR\u00dcNEN Wiesbaden\",\"description\":\"\",\"publisher\":{\"@id\":\"https:\\\/\\\/gruene-wiesbaden.de\\\/#organization\"},\"potentialAction\":[{\"@type\":\"SearchAction\",\"target\":{\"@type\":\"EntryPoint\",\"urlTemplate\":\"https:\\\/\\\/gruene-wiesbaden.de\\\/?s={search_term_string}\"},\"query-input\":{\"@type\":\"PropertyValueSpecification\",\"valueRequired\":true,\"valueName\":\"search_term_string\"}}],\"inLanguage\":\"tr-TR\"},{\"@type\":\"Organization\",\"@id\":\"https:\\\/\\\/gruene-wiesbaden.de\\\/#organization\",\"name\":\"DIE GR\u00dcNEN Wiesbaden\",\"url\":\"https:\\\/\\\/gruene-wiesbaden.de\\\/\",\"logo\":{\"@type\":\"ImageObject\",\"inLanguage\":\"tr-TR\",\"@id\":\"https:\\\/\\\/gruene-wiesbaden.de\\\/#\\\/schema\\\/logo\\\/image\\\/\",\"url\":\"https:\\\/\\\/gruene-wiesbaden-fuer-europa.de\\\/wp-content\\\/uploads\\\/2024\\\/04\\\/Machen-was-zaehlt-5.png\",\"contentUrl\":\"https:\\\/\\\/gruene-wiesbaden-fuer-europa.de\\\/wp-content\\\/uploads\\\/2024\\\/04\\\/Machen-was-zaehlt-5.png\",\"width\":1772,\"height\":1772,\"caption\":\"DIE GR\u00dcNEN Wiesbaden\"},\"image\":{\"@id\":\"https:\\\/\\\/gruene-wiesbaden.de\\\/#\\\/schema\\\/logo\\\/image\\\/\"},\"sameAs\":[\"https:\\\/\\\/www.facebook.com\\\/gruene.wi\",\"https:\\\/\\\/instagram.com\\\/gruene_wi\"]},{\"@type\":\"Person\",\"@id\":\"https:\\\/\\\/gruene-wiesbaden.de\\\/#\\\/schema\\\/person\\\/6785c34779159cd4fd86886bb097afe9\",\"name\":\"admin\",\"sameAs\":[\"http:\\\/\\\/gruene-wiesbaden-fuer-europa.de\"],\"url\":\"https:\\\/\\\/gruene-wiesbaden.de\\\/tr\\\/author\\\/admin\\\/\"}]}<\/script>\n<!-- \/ Yoast SEO plugin. -->","yoast_head_json":{"title":"MEHR M\u00d6GLICH MACHEN f\u00fcr Wiesbaden - GR\u00dcNE Wiesbaden starten mit starkem Team und Zukunftsprogramm in den Kommunalwahlkampf 2026 - B\u00dcNDNIS 90\/DIE GR\u00dcNEN Wiesbaden","robots":{"index":"index","follow":"follow","max-snippet":"max-snippet:-1","max-image-preview":"max-image-preview:large","max-video-preview":"max-video-preview:-1"},"canonical":"https:\/\/gruene-wiesbaden.de\/tr\/mehr-moeglich-machen-fuer-wiesbaden-gruene-wiesbaden-starten-mit-starkem-team-und-zukunftsprogramm-in-den-kommunalwahlkampf-2026\/","og_locale":"tr_TR","og_type":"article","og_title":"MEHR M\u00d6GLICH MACHEN f\u00fcr Wiesbaden - GR\u00dcNE Wiesbaden starten mit starkem Team und Zukunftsprogramm in den Kommunalwahlkampf 2026 - B\u00dcNDNIS 90\/DIE GR\u00dcNEN Wiesbaden","og_url":"https:\/\/gruene-wiesbaden.de\/tr\/mehr-moeglich-machen-fuer-wiesbaden-gruene-wiesbaden-starten-mit-starkem-team-und-zukunftsprogramm-in-den-kommunalwahlkampf-2026\/","og_site_name":"B\u00dcNDNIS 90\/DIE GR\u00dcNEN Wiesbaden","article_publisher":"https:\/\/www.facebook.com\/gruene.wi","article_published_time":"2025-12-01T10:53:02+00:00","article_modified_time":"2025-12-01T10:55:39+00:00","og_image":[{"width":968,"height":730,"url":"https:\/\/gruene-wiesbaden.de\/wp-content\/uploads\/2025\/12\/Bild-GRUeNE-WIESBADEN.png","type":"image\/png"}],"author":"admin","twitter_card":"summary_large_image","twitter_misc":{"Yazan:":"admin","Tahmini okuma s\u00fcresi":"5 minutes"},"schema":{"@context":"https:\/\/schema.org","@graph":[{"@type":"Article","@id":"https:\/\/gruene-wiesbaden.de\/mehr-moeglich-machen-fuer-wiesbaden-gruene-wiesbaden-starten-mit-starkem-team-und-zukunftsprogramm-in-den-kommunalwahlkampf-2026\/#article","isPartOf":{"@id":"https:\/\/gruene-wiesbaden.de\/mehr-moeglich-machen-fuer-wiesbaden-gruene-wiesbaden-starten-mit-starkem-team-und-zukunftsprogramm-in-den-kommunalwahlkampf-2026\/"},"author":{"name":"admin","@id":"https:\/\/gruene-wiesbaden.de\/#\/schema\/person\/6785c34779159cd4fd86886bb097afe9"},"headline":"MEHR M\u00d6GLICH MACHEN f\u00fcr Wiesbaden &#8211; GR\u00dcNE Wiesbaden starten mit starkem Team und Zukunftsprogramm in den Kommunalwahlkampf 2026","datePublished":"2025-12-01T10:53:02+00:00","dateModified":"2025-12-01T10:55:39+00:00","mainEntityOfPage":{"@id":"https:\/\/gruene-wiesbaden.de\/mehr-moeglich-machen-fuer-wiesbaden-gruene-wiesbaden-starten-mit-starkem-team-und-zukunftsprogramm-in-den-kommunalwahlkampf-2026\/"},"wordCount":1000,"publisher":{"@id":"https:\/\/gruene-wiesbaden.de\/#organization"},"image":{"@id":"https:\/\/gruene-wiesbaden.de\/mehr-moeglich-machen-fuer-wiesbaden-gruene-wiesbaden-starten-mit-starkem-team-und-zukunftsprogramm-in-den-kommunalwahlkampf-2026\/#primaryimage"},"thumbnailUrl":"https:\/\/gruene-wiesbaden.de\/wp-content\/uploads\/2025\/12\/Bild-GRUeNE-WIESBADEN.png","articleSection":["Allgemein","Wahlen"],"inLanguage":"tr-TR"},{"@type":"WebPage","@id":"https:\/\/gruene-wiesbaden.de\/mehr-moeglich-machen-fuer-wiesbaden-gruene-wiesbaden-starten-mit-starkem-team-und-zukunftsprogramm-in-den-kommunalwahlkampf-2026\/","url":"https:\/\/gruene-wiesbaden.de\/mehr-moeglich-machen-fuer-wiesbaden-gruene-wiesbaden-starten-mit-starkem-team-und-zukunftsprogramm-in-den-kommunalwahlkampf-2026\/","name":"MEHR M\u00d6GLICH MACHEN f\u00fcr Wiesbaden - GR\u00dcNE Wiesbaden starten mit starkem Team und Zukunftsprogramm in den Kommunalwahlkampf 2026 - B\u00dcNDNIS 90\/DIE GR\u00dcNEN Wiesbaden","isPartOf":{"@id":"https:\/\/gruene-wiesbaden.de\/#website"},"primaryImageOfPage":{"@id":"https:\/\/gruene-wiesbaden.de\/mehr-moeglich-machen-fuer-wiesbaden-gruene-wiesbaden-starten-mit-starkem-team-und-zukunftsprogramm-in-den-kommunalwahlkampf-2026\/#primaryimage"},"image":{"@id":"https:\/\/gruene-wiesbaden.de\/mehr-moeglich-machen-fuer-wiesbaden-gruene-wiesbaden-starten-mit-starkem-team-und-zukunftsprogramm-in-den-kommunalwahlkampf-2026\/#primaryimage"},"thumbnailUrl":"https:\/\/gruene-wiesbaden.de\/wp-content\/uploads\/2025\/12\/Bild-GRUeNE-WIESBADEN.png","datePublished":"2025-12-01T10:53:02+00:00","dateModified":"2025-12-01T10:55:39+00:00","breadcrumb":{"@id":"https:\/\/gruene-wiesbaden.de\/mehr-moeglich-machen-fuer-wiesbaden-gruene-wiesbaden-starten-mit-starkem-team-und-zukunftsprogramm-in-den-kommunalwahlkampf-2026\/#breadcrumb"},"inLanguage":"tr-TR","potentialAction":[{"@type":"ReadAction","target":["https:\/\/gruene-wiesbaden.de\/mehr-moeglich-machen-fuer-wiesbaden-gruene-wiesbaden-starten-mit-starkem-team-und-zukunftsprogramm-in-den-kommunalwahlkampf-2026\/"]}]},{"@type":"ImageObject","inLanguage":"tr-TR","@id":"https:\/\/gruene-wiesbaden.de\/mehr-moeglich-machen-fuer-wiesbaden-gruene-wiesbaden-starten-mit-starkem-team-und-zukunftsprogramm-in-den-kommunalwahlkampf-2026\/#primaryimage","url":"https:\/\/gruene-wiesbaden.de\/wp-content\/uploads\/2025\/12\/Bild-GRUeNE-WIESBADEN.png","contentUrl":"https:\/\/gruene-wiesbaden.de\/wp-content\/uploads\/2025\/12\/Bild-GRUeNE-WIESBADEN.png","width":968,"height":730},{"@type":"BreadcrumbList","@id":"https:\/\/gruene-wiesbaden.de\/mehr-moeglich-machen-fuer-wiesbaden-gruene-wiesbaden-starten-mit-starkem-team-und-zukunftsprogramm-in-den-kommunalwahlkampf-2026\/#breadcrumb","itemListElement":[{"@type":"ListItem","position":1,"name":"Startseite","item":"https:\/\/gruene-wiesbaden.de\/"},{"@type":"ListItem","position":2,"name":"MEHR M\u00d6GLICH MACHEN f\u00fcr Wiesbaden &#8211; GR\u00dcNE Wiesbaden starten mit starkem Team und Zukunftsprogramm in den Kommunalwahlkampf 2026"}]},{"@type":"WebSite","@id":"https:\/\/gruene-wiesbaden.de\/#website","url":"https:\/\/gruene-wiesbaden.de\/","name":"DIE GR\u00dcNEN Wiesbaden","description":"","publisher":{"@id":"https:\/\/gruene-wiesbaden.de\/#organization"},"potentialAction":[{"@type":"SearchAction","target":{"@type":"EntryPoint","urlTemplate":"https:\/\/gruene-wiesbaden.de\/?s={search_term_string}"},"query-input":{"@type":"PropertyValueSpecification","valueRequired":true,"valueName":"search_term_string"}}],"inLanguage":"tr-TR"},{"@type":"Organization","@id":"https:\/\/gruene-wiesbaden.de\/#organization","name":"DIE GR\u00dcNEN Wiesbaden","url":"https:\/\/gruene-wiesbaden.de\/","logo":{"@type":"ImageObject","inLanguage":"tr-TR","@id":"https:\/\/gruene-wiesbaden.de\/#\/schema\/logo\/image\/","url":"https:\/\/gruene-wiesbaden-fuer-europa.de\/wp-content\/uploads\/2024\/04\/Machen-was-zaehlt-5.png","contentUrl":"https:\/\/gruene-wiesbaden-fuer-europa.de\/wp-content\/uploads\/2024\/04\/Machen-was-zaehlt-5.png","width":1772,"height":1772,"caption":"DIE GR\u00dcNEN Wiesbaden"},"image":{"@id":"https:\/\/gruene-wiesbaden.de\/#\/schema\/logo\/image\/"},"sameAs":["https:\/\/www.facebook.com\/gruene.wi","https:\/\/instagram.com\/gruene_wi"]},{"@type":"Person","@id":"https:\/\/gruene-wiesbaden.de\/#\/schema\/person\/6785c34779159cd4fd86886bb097afe9","name":"admin","sameAs":["http:\/\/gruene-wiesbaden-fuer-europa.de"],"url":"https:\/\/gruene-wiesbaden.de\/tr\/author\/admin\/"}]}},"_links":{"self":[{"href":"https:\/\/gruene-wiesbaden.de\/tr\/wp-json\/wp\/v2\/posts\/1660","targetHints":{"allow":["GET"]}}],"collection":[{"href":"https:\/\/gruene-wiesbaden.de\/tr\/wp-json\/wp\/v2\/posts"}],"about":[{"href":"https:\/\/gruene-wiesbaden.de\/tr\/wp-json\/wp\/v2\/types\/post"}],"author":[{"embeddable":true,"href":"https:\/\/gruene-wiesbaden.de\/tr\/wp-json\/wp\/v2\/users\/1"}],"replies":[{"embeddable":true,"href":"https:\/\/gruene-wiesbaden.de\/tr\/wp-json\/wp\/v2\/comments?post=1660"}],"version-history":[{"count":4,"href":"https:\/\/gruene-wiesbaden.de\/tr\/wp-json\/wp\/v2\/posts\/1660\/revisions"}],"predecessor-version":[{"id":1665,"href":"https:\/\/gruene-wiesbaden.de\/tr\/wp-json\/wp\/v2\/posts\/1660\/revisions\/1665"}],"wp:featuredmedia":[{"embeddable":true,"href":"https:\/\/gruene-wiesbaden.de\/tr\/wp-json\/wp\/v2\/media\/1661"}],"wp:attachment":[{"href":"https:\/\/gruene-wiesbaden.de\/tr\/wp-json\/wp\/v2\/media?parent=1660"}],"wp:term":[{"taxonomy":"category","embeddable":true,"href":"https:\/\/gruene-wiesbaden.de\/tr\/wp-json\/wp\/v2\/categories?post=1660"},{"taxonomy":"post_tag","embeddable":true,"href":"https:\/\/gruene-wiesbaden.de\/tr\/wp-json\/wp\/v2\/tags?post=1660"}],"curies":[{"name":"wp","href":"https:\/\/api.w.org\/{rel}","templated":true}]}}