{"id":1388,"date":"2025-11-10T00:37:40","date_gmt":"2025-11-09T22:37:40","guid":{"rendered":"https:\/\/gruene-wiesbaden.de\/?p=1388"},"modified":"2026-04-09T00:38:19","modified_gmt":"2026-04-08T22:38:19","slug":"die-stadt-wiesbaden-als-attraktiver-arbeitgeber","status":"publish","type":"post","link":"https:\/\/gruene-wiesbaden.de\/tr\/die-stadt-wiesbaden-als-attraktiver-arbeitgeber\/","title":{"rendered":"\u00c7ekici bir i\u015fveren olarak Wiesbaden \u015fehri"},"content":{"rendered":"<section class=\"l-section wpb_row height_medium with_img\"><div class=\"l-section-img\" role=\"img\" data-img-width=\"1080\" data-img-height=\"800\" style=\"background-image: url(https:\/\/gruene-wiesbaden.de\/wp-content\/uploads\/2025\/11\/neuer-Verlauf-gruene-wiesbaden.de_-2-e1762709402177.png);\"><\/div><div class=\"l-section-overlay\" style=\"background:var(--color-header-top-transparent-bg)\"><\/div><div class=\"l-section-h i-cf\"><div class=\"g-cols vc_row via_grid cols_1 laptops-cols_inherit tablets-cols_inherit mobiles-cols_1 valign_top type_default stacking_default\"><div class=\"wpb_column vc_column_container\"><div class=\"vc_column-inner\"><h1 class=\"w-post-elm post_title us_custom_a574d586 has_text_color entry-title\">\u00c7ekici bir i\u015fveren olarak Wiesbaden \u015fehri<\/h1><div class=\"w-separator size_medium\"><\/div><div class=\"g-cols wpb_row via_grid cols_2-1 laptops-cols_inherit tablets-cols_inherit mobiles-cols_1 valign_top type_default stacking_default\" style=\"--columns-gap:3rem;\"><div class=\"wpb_column vc_column_container\"><div class=\"vc_column-inner\"><div class=\"wpb_text_column us_custom_8b3d6790 has_text_color\"><div class=\"wpb_wrapper\"><p><span style=\"font-weight: 400;\">Eyalet ba\u015fkenti Wiesbaden, b\u00f6lgedeki en b\u00fcy\u00fck i\u015fverenlerden biridir: \u00c7ekirdek y\u00f6netimde yakla\u015f\u0131k 6.000 ki\u015fi \u00e7al\u0131\u015f\u0131yor ve \u015fehir holdingleri iki kat daha fazla. Bir e\u011fitimci, bah\u00e7\u0131van, otob\u00fcs \u015fof\u00f6r\u00fc veya dijitalle\u015fme y\u00f6neticisi olsan\u0131z da, hepsi \u015fehrimizin \u00e7al\u0131\u015fmas\u0131n\u0131 sa\u011flar. Biz Ye\u015filler, belediye \u00e7al\u0131\u015fanlar\u0131n\u0131n kendilerini de\u011ferli hissetmelerini, geli\u015fme umutlar\u0131na sahip olmalar\u0131n\u0131 ve \u00e7al\u0131\u015fmalar\u0131n\u0131 \u00f6zel hayatlar\u0131yla esnek bir \u015fekilde uzla\u015ft\u0131rabilmelerini istiyoruz.<\/span><\/p>\n<p><span style=\"font-weight: 400;\">Memnun \u00e7al\u0131\u015fanlar \u00e7ok \u00f6nemlidir, \u00e7\u00fcnk\u00fc y\u00f6netim \u015fehrimizi gelecek i\u00e7in donatmada \u00f6nemli bir rol oynar.<\/span><\/p>\n<p><span style=\"font-weight: 400;\">Ayn\u0131 zamanda, y\u00f6netimin kendisi de beceri eksikli\u011finden dijitalle\u015fmeye kadar b\u00fcy\u00fck de\u011fi\u015fiklikler ge\u00e7iriyor. Bu zorluklar\u0131 \u00e7al\u0131\u015fanlarla birlikte ele almak, deneyimlerini ciddiye almak ve g\u00f6r\u00fc\u015flerini dinlemek istiyoruz  \u2047  her zaman yeni f\u0131rsatlar\u0131 yakalama, sosyal sorumluluk alma ve Wiesbaden'i herkes i\u00e7in daha \u00e7ekici hale getirme h\u0131rs\u0131yla.<\/span><\/p>\n<\/div><\/div><div class=\"w-separator size_medium\"><\/div><div class=\"w-btn-wrapper align_left\"><a class=\"w-btn us-btn-style_8 icon_atleft\" href=\"https:\/\/gruene-wiesbaden.de\/tr\/kommunalwahl\/#Kapitel3\"><i class=\"fas fa-chevron-circle-right\"><\/i><span class=\"w-btn-label\">Genel bak\u0131\u015fa geri d\u00f6n<\/span><\/a><\/div><\/div><\/div><div class=\"wpb_column vc_column_container\"><div class=\"vc_column-inner\"><div class=\"w-image align_center\"><div class=\"w-image-h\"><img decoding=\"async\" width=\"2560\" height=\"1703\" src=\"https:\/\/gruene-wiesbaden.de\/wp-content\/uploads\/2025\/11\/3.7-Stadt-Wiesbaden-als-attraktive-Arbeitgeberin-scaled.jpeg\" class=\"attachment-full size-full\" alt=\"\" loading=\"lazy\" srcset=\"https:\/\/gruene-wiesbaden.de\/wp-content\/uploads\/2025\/11\/3.7-Stadt-Wiesbaden-als-attraktive-Arbeitgeberin-scaled.jpeg 2560w, https:\/\/gruene-wiesbaden.de\/wp-content\/uploads\/2025\/11\/3.7-Stadt-Wiesbaden-als-attraktive-Arbeitgeberin-400x266.jpeg 400w, https:\/\/gruene-wiesbaden.de\/wp-content\/uploads\/2025\/11\/3.7-Stadt-Wiesbaden-als-attraktive-Arbeitgeberin-600x399.jpeg 600w\" sizes=\"auto, (max-width: 2560px) 100vw, 2560px\" \/><\/div><\/div><div class=\"w-separator size_small\"><\/div><\/div><\/div><\/div><div class=\"w-separator size_medium\"><\/div><div class=\"w-separator size_medium\"><\/div><div class=\"wpb_text_column us_custom_29deb344 has_text_color\"><div class=\"wpb_wrapper\"><h1>\u0130\u015fveren olarak Wiesbaden \u015fehrinin \u00e7ekicili\u011fi bizim i\u00e7in ne anlama geliyor?<\/h1>\n<\/div><\/div><div class=\"w-separator size_large\"><\/div><div class=\"g-cols wpb_row via_grid cols_3 laptops-cols_inherit tablets-cols_inherit mobiles-cols_1 valign_top type_default stacking_default\" style=\"--columns-gap:3rem;\"><div class=\"wpb_column vc_column_container\"><div class=\"vc_column-inner\"><div class=\"w-iconbox us_custom_8b3d6790 has_text_color iconpos_left style_default color_custom align_left\"><div class=\"w-iconbox-icon\" style=\"font-size:2rem;--icon-color:#Ffffff;--icon-bg-color:var(--color-header-middle-bg);\"><i class=\"fas fa-layer-group\"><\/i><\/div><div class=\"w-iconbox-meta\"><h4 class=\"w-iconbox-title\" style=\"font-size:1.5rem;\">Olduk\u00e7a \u00f6denmi\u015f, tarifeye ba\u011fl\u0131<\/h4><div class=\"w-iconbox-text\"><p><span style=\"font-weight: 400;\">Adil \u00fccretle iyi \u00e7al\u0131\u015fmay\u0131 savunuyoruz. T\u00fcm \u00e7al\u0131\u015fanlar ve d\u0131\u015f y\u00fckleniciler toplu pazarl\u0131k ve adil, \u015feffaf \u00e7al\u0131\u015fma ko\u015fullar\u0131ndan yararlan\u0131r.<\/span><\/p>\n<\/div><\/div><\/div><\/div><\/div><div class=\"wpb_column vc_column_container\"><div class=\"vc_column-inner\"><div class=\"w-iconbox us_custom_8b3d6790 has_text_color iconpos_left style_default color_custom align_left\"><div class=\"w-iconbox-icon\" style=\"font-size:2rem;--icon-color:#Ffffff;--icon-bg-color:var(--color-header-transparent-text);\"><i class=\"fas fa-layer-group\"><\/i><\/div><div class=\"w-iconbox-meta\"><h4 class=\"w-iconbox-title\" style=\"font-size:1.5rem;\">Sa\u011fl\u0131kl\u0131 \u00e7al\u0131\u015f, sa\u011fl\u0131kl\u0131 kal<\/h4><div class=\"w-iconbox-text\"><p><span style=\"font-weight: 400;\">\u00d6nleme, egzersiz ve zihinsel sa\u011fl\u0131k bizim i\u00e7in \u00f6nemlidir. Uzun s\u00fcreli sa\u011fl\u0131k ve esenlik sa\u011flayan yap\u0131lar olu\u015fturuyoruz.<\/span><\/p>\n<\/div><\/div><\/div><\/div><\/div><div class=\"wpb_column vc_column_container\"><div class=\"vc_column-inner\"><div class=\"w-iconbox us_custom_8b3d6790 has_text_color iconpos_left style_default color_custom align_left\"><div class=\"w-iconbox-icon\" style=\"font-size:2rem;--icon-color:#Ffffff;--icon-bg-color:var(--color-header-transparent-text);\"><i class=\"fas fa-layer-group\"><\/i><\/div><div class=\"w-iconbox-meta\"><h4 class=\"w-iconbox-title\" style=\"font-size:1.5rem;\">\u0130\u015f-ya\u015fam dengesi<\/h4><div class=\"w-iconbox-text\"><p><span style=\"font-weight: 400;\">Esnek \u00e7al\u0131\u015fma s\u00fcresi modelleri, ev ofisi (i\u015fle ilgiliyse) ve i\u015fle ilgili \u00f6zel bak\u0131m y\u00fck\u00fcml\u00fcl\u00fcklerini kabul etmede destek, modern bir i\u015f-ya\u015fam dengesi sa\u011flar.<\/span><\/p>\n<\/div><\/div><\/div><\/div><\/div><\/div><div class=\"w-separator size_medium\"><\/div><div class=\"g-cols wpb_row via_grid cols_3 laptops-cols_inherit tablets-cols_inherit mobiles-cols_1 valign_top type_default stacking_default\" style=\"--columns-gap:3rem;\"><div class=\"wpb_column vc_column_container\"><div class=\"vc_column-inner\"><div class=\"w-iconbox us_custom_8b3d6790 has_text_color iconpos_left style_default color_custom align_left\"><div class=\"w-iconbox-icon\" style=\"font-size:2rem;--icon-color:#Ffffff;--icon-bg-color:var(--color-header-transparent-text);\"><i class=\"fas fa-layer-group\"><\/i><\/div><div class=\"w-iconbox-meta\"><h4 class=\"w-iconbox-title\" style=\"font-size:1.5rem;\">Kat\u0131l\u0131m ve e\u015f-belirleme<\/h4><div class=\"w-iconbox-text\"><p><span style=\"font-weight: 400;\">\u00c7al\u0131\u015fanlar de\u011fi\u015fimi \u015fekillendirmeye aktif olarak kat\u0131l\u0131rlar. Personel Konseyi, A\u011f\u0131r Engelliler Temsilcileri ve Kad\u0131n ve Toplumsal Cinsiyet E\u015fitli\u011fi G\u00f6revlileri ile yak\u0131n i\u015fbirli\u011fi i\u00e7inde \u015feffafl\u0131\u011fa, geri bildirim k\u00fclt\u00fcr\u00fcne ve demokratik ortak belirlemeye g\u00fcveniyoruz.<\/span><\/p>\n<\/div><\/div><\/div><\/div><\/div><div class=\"wpb_column vc_column_container\"><div class=\"vc_column-inner\"><div class=\"w-iconbox us_custom_8b3d6790 has_text_color iconpos_left style_default color_custom align_left\"><div class=\"w-iconbox-icon\" style=\"font-size:2rem;--icon-color:#Ffffff;--icon-bg-color:var(--color-header-middle-bg);\"><i class=\"fas fa-layer-group\"><\/i><\/div><div class=\"w-iconbox-meta\"><h4 class=\"w-iconbox-title\" style=\"font-size:1.5rem;\">Ak\u0131ll\u0131 ve s\u00fcrd\u00fcr\u00fclebilir \u00e7al\u0131\u015fma ortam\u0131<\/h4><div class=\"w-iconbox-text\"><p><span style=\"font-weight: 400;\">Modern, verimli ve s\u00fcrd\u00fcr\u00fclebilir i\u015flere ba\u011fl\u0131y\u0131z: Mobil \u00e7al\u0131\u015fma modelleri ve yeni \u00e7al\u0131\u015fmalar ofis alan\u0131n\u0131 ve trafi\u011fini azalt\u0131r, enerji tasarruflu i\u015fyerlerinin yan\u0131 s\u0131ra i\u015f biletleri veya i\u015f bisikletleri gibi hareketlilik teklifleri kaynaklar\u0131 korur.<\/span><\/p>\n<\/div><\/div><\/div><\/div><\/div><div class=\"wpb_column vc_column_container\"><div class=\"vc_column-inner\"><div class=\"w-iconbox us_custom_8b3d6790 has_text_color iconpos_left style_default color_custom align_left\"><div class=\"w-iconbox-icon\" style=\"font-size:2rem;--icon-color:#Ffffff;--icon-bg-color:var(--color-header-transparent-text);\"><i class=\"fas fa-layer-group\"><\/i><\/div><div class=\"w-iconbox-meta\"><h4 class=\"w-iconbox-title\" style=\"font-size:1.5rem;\">S\u00fcrekli E\u011fitim Yoluyla Gelecek<\/h4><div class=\"w-iconbox-text\"><p><span style=\"font-weight: 400;\">Hedeflenen e\u011fitim ve dijital beceri geli\u015ftirme, t\u00fcm \u015fehir \u00e7al\u0131\u015fanlar\u0131n\u0131 g\u00fc\u00e7lendirir, ki\u015fisel geli\u015fimi sa\u011flar ve Wiesbaden \u015fehrini gelece\u011fe uygun hale getirir.<\/span><\/p>\n<\/div><\/div><\/div><\/div><\/div><\/div><div class=\"w-separator size_medium\"><\/div><div class=\"g-cols wpb_row via_grid cols_3 laptops-cols_inherit tablets-cols_inherit mobiles-cols_1 valign_top type_default stacking_default\" style=\"--columns-gap:3rem;\"><div class=\"wpb_column vc_column_container\"><div class=\"vc_column-inner\"><div class=\"w-iconbox us_custom_8b3d6790 has_text_color iconpos_left style_default color_custom align_left\"><div class=\"w-iconbox-icon\" style=\"font-size:2rem;--icon-color:#Ffffff;--icon-bg-color:var(--color-header-middle-bg);\"><i class=\"fas fa-layer-group\"><\/i><\/div><div class=\"w-iconbox-meta\"><h4 class=\"w-iconbox-title\" style=\"font-size:1.5rem;\">G\u00fc\u00e7 olarak \u00e7e\u015fitlilik<\/h4><div class=\"w-iconbox-text\"><p><span style=\"font-weight: 400;\">Kentsel \u00e7al\u0131\u015fman\u0131n t\u00fcm alanlar\u0131nda \u00e7e\u015fitlili\u011fi te\u015fvik ediyoruz  \u2047  men\u015fei, cinsiyeti veya kimli\u011fi ne olursa olsun her \u00e7al\u0131\u015fan \u00f6nemlidir.<\/span><\/p>\n<\/div><\/div><\/div><\/div><\/div><div class=\"wpb_column vc_column_container\"><div class=\"vc_column-inner\"><\/div><\/div><div class=\"wpb_column vc_column_container\"><div class=\"vc_column-inner\"><\/div><\/div><\/div><div class=\"w-separator size_medium\"><\/div><div class=\"w-btn-wrapper align_left\"><a class=\"w-btn us-btn-style_8 icon_atleft\" href=\"https:\/\/gruene-wiesbaden.de\/tr\/kommunalwahl\/#Kapitel3\"><i class=\"fas fa-chevron-circle-right\"><\/i><span class=\"w-btn-label\">Genel bak\u0131\u015fa geri d\u00f6n<\/span><\/a><\/div><div class=\"w-separator size_medium\"><\/div><\/div><\/div><\/div><\/div><\/section><section class=\"l-section wpb_row height_auto with_img\"><div class=\"l-section-img\" role=\"img\" data-img-width=\"2560\" data-img-height=\"1703\" style=\"background-image: url(https:\/\/gruene-wiesbaden.de\/wp-content\/uploads\/2025\/11\/3.7-Stadt-Wiesbaden-als-attraktive-Arbeitgeberin-scaled.jpeg);background-repeat: no-repeat;\"><\/div><div class=\"l-section-overlay\" style=\"background:var(--color-header-top-transparent-bg)\"><\/div><div class=\"l-section-h i-cf\"><div class=\"g-cols vc_row via_grid cols_1 laptops-cols_inherit tablets-cols_inherit mobiles-cols_1 valign_middle type_default stacking_default\" style=\"--columns-gap:1rem;\"><div class=\"wpb_column vc_column_container\"><div class=\"vc_column-inner\"><div class=\"w-separator size_large\"><\/div><div class=\"wpb_text_column us_custom_fa36a3ac has_text_color background_inside_text\"><div class=\"wpb_wrapper\"><h1>\u00d6zellikle bu alanda yapmak istediklerimiz<\/h1>\n<\/div><\/div><div class=\"w-separator size_medium\"><\/div><div class=\"w-tabs us_custom_42d693a0 has_text_color style_default switch_click accordion has_scrolling\" style=\"--sections-title-size:1.4rem\"><div class=\"w-tabs-sections titles-align_none icon_chevron cpos_right\"><div class=\"w-tabs-section has_text_color\" id=\"g2dd\" style=\"background:var(--color-header-transparent-text);color:var(--color-header-top-text-hover);\"><button class=\"w-tabs-section-header\" aria-controls=\"content-g2dd\" aria-expanded=\"false\"><div class=\"w-tabs-section-title\">Sa\u011fl\u0131k y\u00f6netimi ve i\u015f-ya\u015fam dengesinin g\u00fc\u00e7lendirilmesi<\/div><div class=\"w-tabs-section-control\"><\/div><\/button><div  class=\"w-tabs-section-content\" id=\"content-g2dd\"><div class=\"w-tabs-section-content-h i-cf\"><div class=\"wpb_text_column\"><div class=\"wpb_wrapper\"><p><span style=\"font-weight: 400;\">Gelecekte sa\u011fl\u0131\u011f\u0131n geli\u015ftirilmesi ve iyi bir i\u015f-ya\u015fam dengesi i\u00e7in teklifleri g\u00fcvence alt\u0131na almak ve daha da geli\u015ftirmek istiyoruz. \u00d6nleme, egzersiz, tavsiye, g\u00fcvenli ve ergonomik i\u015fyeri tasar\u0131m\u0131 ve esnek \u00e7al\u0131\u015fma modelleri, \u00e7al\u0131\u015fanlar\u0131n sa\u011fl\u0131kl\u0131 kalmalar\u0131na, kendilerini iyi hissetmelerine ve potansiyellerini geli\u015ftirmelerine yard\u0131mc\u0131 olur. Bu \u015fekilde, memnuniyeti, motivasyonu ve performans\u0131 g\u00fc\u00e7lendiriyor ve Wiesbaden \u015fehrini modern, \u00e7ekici bir i\u015fveren haline getiriyoruz.<\/span><\/p>\n<\/div><\/div><\/div><\/div><\/div><div class=\"w-tabs-section has_text_color\" id=\"l3f9\" style=\"background:var(--color-header-transparent-text);color:var(--color-header-top-text-hover);\"><button class=\"w-tabs-section-header\" aria-controls=\"content-l3f9\" aria-expanded=\"false\"><div class=\"w-tabs-section-title\">\u00c7al\u0131\u015fanlar i\u00e7in s\u00fcrd\u00fcr\u00fclebilir hareketlili\u011fi te\u015fvik etmeye devam edin<\/div><div class=\"w-tabs-section-control\"><\/div><\/button><div  class=\"w-tabs-section-content\" id=\"content-l3f9\"><div class=\"w-tabs-section-content-h i-cf\"><div class=\"wpb_text_column\"><div class=\"wpb_wrapper\"><p><span style=\"font-weight: 400;\">GR\u00dcNE, RMV i\u015f biletini \u00fccretsiz olarak sunmaya ve \u00e7evre dostu mobiliteyi g\u00fc\u00e7lendirmek i\u00e7in bir servis bisikleti kiralama hizmeti sunmaya devam edecektir. Ayn\u0131 zamanda, talebe g\u00f6re park yerleri tasarlamak, g\u00fcvenli ve kapal\u0131 bisiklet park alanlar\u0131 olu\u015fturmak ve e-ara\u00e7lar i\u00e7in \u015farj altyap\u0131s\u0131n\u0131 geni\u015fletmek istiyoruz. Bu \u015fekilde, s\u00fcrd\u00fcr\u00fclebilir hareketlili\u011fi te\u015fvik ediyor, \u00e7evreyi koruyor ve \u00e7al\u0131\u015fanlar\u0131m\u0131z\u0131n sa\u011fl\u0131\u011f\u0131n\u0131, memnuniyetini ve esnekli\u011fini destekliyoruz.<\/span><\/p>\n<\/div><\/div><\/div><\/div><\/div><div class=\"w-tabs-section has_text_color\" id=\"a515\" style=\"background:var(--color-header-transparent-text);color:var(--color-header-top-text-hover);\"><button class=\"w-tabs-section-header\" aria-controls=\"content-a515\" aria-expanded=\"false\"><div class=\"w-tabs-section-title\">\u0130darede Yeni \u0130\u015f Kurmak<\/div><div class=\"w-tabs-section-control\"><\/div><\/button><div  class=\"w-tabs-section-content\" id=\"content-a515\"><div class=\"w-tabs-section-content-h i-cf\"><div class=\"wpb_text_column\"><div class=\"wpb_wrapper\"><p><span style=\"font-weight: 400;\">New Work'\u00fcn bir par\u00e7as\u0131 olarak, Wiesbaden \u015fehri modern ve esnek \u00e7al\u0131\u015fma yollar\u0131 tasarl\u0131yor. Ayr\u0131ca, yeni \u00e7al\u0131\u015fma bi\u00e7imleri ve masa payla\u015f\u0131m\u0131 konusunda bir hizmet anla\u015fmas\u0131 geli\u015ftirilmektedir. Gelecekte \u015fehir genelinde tan\u0131t\u0131lacak mobil \u00e7al\u0131\u015fma, masa payla\u015f\u0131m\u0131 ve dijital i\u015fbirli\u011fi i\u00e7in organizasyonel \u00e7er\u00e7eveyi olu\u015fturur. Ad\u0131m ad\u0131m, bu, bir i\u015fveren olarak g\u00fcncel, vatanda\u015f odakl\u0131 ve \u00e7ekici bir y\u00f6netim yarat\u0131r.<\/span><\/p>\n<\/div><\/div><\/div><\/div><\/div><div class=\"w-tabs-section has_text_color\" id=\"k62f\" style=\"background:var(--color-header-middle-bg);color:var(--color-content-heading);\"><button class=\"w-tabs-section-header\" aria-controls=\"content-k62f\" aria-expanded=\"false\"><div class=\"w-tabs-section-title\">Y\u00f6netimde esnek \u00e7al\u0131\u015fmay\u0131 etkinle\u015ftirin<\/div><div class=\"w-tabs-section-control\"><\/div><\/button><div  class=\"w-tabs-section-content\" id=\"content-k62f\"><div class=\"w-tabs-section-content-h i-cf\"><div class=\"wpb_text_column\"><div class=\"wpb_wrapper\"><p><span style=\"font-weight: 400;\">Wiesbaden'in \u015fehir y\u00f6netiminde ev ofisi ve mobil \u00e7al\u0131\u015fma i\u00e7in daha fazla f\u0131rsat yarat\u0131yoruz  \u2047  a\u00e7\u0131k\u00e7a \u00e7\u0131raklar i\u00e7in de. Bunun i\u00e7in \u00f6n ko\u015ful, e-dosya ve tutarl\u0131 dijital i\u015f s\u00fcre\u00e7lerinin genel personel konseyi ile yak\u0131n koordinasyon i\u00e7inde tan\u0131t\u0131lmas\u0131d\u0131r. Bu t\u00fcr modern \u00e7al\u0131\u015fma modelleri i\u015f-ya\u015fam dengesini iyile\u015ftirir, \u00e7al\u0131\u015fan memnuniyetini artt\u0131r\u0131r ve \u00e7ekici bir i\u015fveren olarak \u015fehri g\u00fc\u00e7lendirir. Bu, gen\u00e7 yetenek perspektifleri sunan ve modern bir i\u015f d\u00fcnyas\u0131n\u0131n gereksinimlerini kar\u015f\u0131layan gelece\u011fe y\u00f6nelik bir y\u00f6netim yarat\u0131r.<\/span><\/p>\n<\/div><\/div><\/div><\/div><\/div><div class=\"w-tabs-section has_text_color\" id=\"e747\" style=\"background:var(--color-header-transparent-text);color:var(--color-header-top-text-hover);\"><button class=\"w-tabs-section-header\" aria-controls=\"content-e747\" aria-expanded=\"false\"><div class=\"w-tabs-section-title\">Y\u00f6neticileri ve \u00e7al\u0131\u015fanlar\u0131 dijital d\u00f6n\u00fc\u015f\u00fcm i\u00e7in g\u00fc\u00e7lendirmek<\/div><div class=\"w-tabs-section-control\"><\/div><\/button><div  class=\"w-tabs-section-content\" id=\"content-e747\"><div class=\"w-tabs-section-content-h i-cf\"><div class=\"wpb_text_column\"><div class=\"wpb_wrapper\"><p><span style=\"font-weight: 400;\">Dijital d\u00f6n\u00fc\u015f\u00fcm yeni beceriler gerektirir: a\u011f ba\u011flant\u0131l\u0131 \u00e7al\u0131\u015fma, \u00e7evik y\u00f6ntemler ve de\u011fi\u015fime isteklilik. T\u00fcm kentsel \u00e7al\u0131\u015fma alanlar\u0131ndaki y\u00f6neticiler ve \u00e7al\u0131\u015fanlar i\u00e7in ki\u015fiye \u00f6zel e\u011fitim teklifleri, mentorluk programlar\u0131 ve s\u00fcrekli ileri e\u011fitimler olmas\u0131 daha da \u00f6nemlidir. Gen\u00e7 yeteneklerin te\u015fviki, a\u00e7\u0131k kariyer yollar\u0131 ve e\u015fit f\u0131rsatlar, uzun vadeli geli\u015fim umutlar\u0131 sa\u011flar. Ayr\u0131ca inovasyonu te\u015fvik eden, \u00e7al\u0131\u015fanlar\u0131 motive eden ve Wiesbaden \u015fehrini gelece\u011fe haz\u0131rlayan bir k\u00fclt\u00fcre ihtiya\u00e7 vard\u0131r  \u2047  esnek, dijital olarak yetkin ve t\u00fcm \u00e7al\u0131\u015fanlar i\u00e7in kapsay\u0131c\u0131.<\/span><\/p>\n<\/div><\/div><\/div><\/div><\/div><div class=\"w-tabs-section has_text_color\" id=\"c85d\" style=\"background:var(--color-header-middle-bg);color:var(--color-header-middle-text);\"><button class=\"w-tabs-section-header\" aria-controls=\"content-c85d\" aria-expanded=\"false\"><div class=\"w-tabs-section-title\">Geni\u015fleyen \u00e7\u0131rak ve \u015firket daireleri<\/div><div class=\"w-tabs-section-control\"><\/div><\/button><div  class=\"w-tabs-section-content\" id=\"content-c85d\"><div class=\"w-tabs-section-content-h i-cf\"><div class=\"wpb_text_column\"><div class=\"wpb_wrapper\"><p><span style=\"font-weight: 400;\">Ayr\u0131ca \u015fehirli i\u015f\u00e7iler i\u00e7in konut arz\u0131n\u0131 art\u0131rmak istiyoruz. Ayr\u0131ca, \u015firket dairelerini, ESWE Verkehr'in otob\u00fcs \u015fof\u00f6rleri gibi di\u011fer \u00e7al\u0131\u015fan gruplar\u0131 i\u00e7in GWW taraf\u0131ndan Helios Dr. Horst Schmidt Kliniken (HSK) gerek\u00e7esiyle in\u015fa etti\u011fimiz i\u00e7in test etmek istiyoruz. \u00c7\u0131rak Konutu model projesini geni\u015fletmek ve ayn\u0131 zamanda kentsel \u00e7\u0131raklara fayda sa\u011flamak istiyoruz.<\/span><\/p>\n<\/div><\/div><\/div><\/div><\/div><div class=\"w-tabs-section has_text_color\" id=\"g978\" style=\"background:var(--color-header-transparent-text);color:var(--color-header-top-text-hover);\"><button class=\"w-tabs-section-header\" aria-controls=\"content-g978\" aria-expanded=\"false\"><div class=\"w-tabs-section-title\">D\u0131\u015f s\u00f6zle\u015fmelerin adil \u00f6d\u00fcl\u00fc<\/div><div class=\"w-tabs-section-control\"><\/div><\/button><div  class=\"w-tabs-section-content\" id=\"content-g978\"><div class=\"w-tabs-section-content-h i-cf\"><div class=\"wpb_text_column\"><div class=\"wpb_wrapper\"><p><span style=\"font-weight: 400;\">Wiesbaden \u015fehri, t\u00fcm d\u0131\u015f sipari\u015fleri s\u00fcrekli olarak yaln\u0131zca tarifelerle ba\u011fl\u0131 \u015firketlere verir. Bu, do\u011frudan \u015fehirle \u00e7al\u0131\u015fmayan \u00e7al\u0131\u015fanlar da dahil olmak \u00fczere adil \u00e7al\u0131\u015fma ko\u015fullar\u0131, insana yak\u0131\u015f\u0131r \u00fccret ve sosyal standartlar sa\u011flar. Bu, \u015fehir y\u00f6netimimizin sorumlu eylem i\u00e7in bir model olarak \u00e7ekicili\u011fini g\u00fc\u00e7lendirir ve her alanda adalet ve takdir iddiam\u0131z\u0131n alt\u0131n\u0131 \u00e7izer.<\/span><\/p>\n<\/div><\/div><\/div><\/div><\/div><div class=\"w-tabs-section has_text_color\" id=\"ya8b\" style=\"background:var(--color-header-transparent-text);color:var(--color-header-top-text-hover);\"><button class=\"w-tabs-section-header\" aria-controls=\"content-ya8b\" aria-expanded=\"false\"><div class=\"w-tabs-section-title\">Y\u00f6netimde \u00e7e\u015fitlili\u011fin art\u0131r\u0131lmas\u0131<\/div><div class=\"w-tabs-section-control\"><\/div><\/button><div  class=\"w-tabs-section-content\" id=\"content-ya8b\"><div class=\"w-tabs-section-content-h i-cf\"><div class=\"wpb_text_column\"><div class=\"wpb_wrapper\"><p><span style=\"font-weight: 400;\">Farkl\u0131 bir \u015fehir olarak Wiesbaden, idari personel \u00e7e\u015fitli ve k\u00fclt\u00fcrleraras\u0131 yeterliliklere sahip olsa bile, bundan yararlan\u0131r. Bunu tan\u0131tmak istiyoruz ve ayr\u0131ca i\u015f ilanlar\u0131nda g\u00f6\u00e7 ge\u00e7mi\u015fi olan ki\u015filerden gelen ba\u015fvurular\u0131n a\u00e7\u0131k\u00e7a istendi\u011fini a\u00e7\u0131k\u00e7a belirtmek istiyoruz.<\/span><\/p>\n<\/div><\/div><\/div><\/div><\/div><div class=\"w-tabs-section has_text_color\" id=\"xba2\" style=\"background:var(--color-header-transparent-text);color:var(--color-header-top-text-hover);\"><button class=\"w-tabs-section-header\" aria-controls=\"content-xba2\" aria-expanded=\"false\"><div class=\"w-tabs-section-title\">\u0130\u015fyerine dahil edilmeyi s\u00fcrekli olarak te\u015fvik etmek<\/div><div class=\"w-tabs-section-control\"><\/div><\/button><div  class=\"w-tabs-section-content\" id=\"content-xba2\"><div class=\"w-tabs-section-content-h i-cf\"><div class=\"wpb_text_column\"><div class=\"wpb_wrapper\"><p><span style=\"font-weight: 400;\">Kapsay\u0131c\u0131l\u0131\u011f\u0131 ciddiye al\u0131yoruz: Engelli insanlar, \u00e7al\u0131\u015fanlar ve uzmanlar olarak tam potansiyellerine katk\u0131da bulunabilmelidir. A\u011f\u0131r engelli oran\u0131n\u0131 sadece resmi bir gereklilik olarak de\u011fil, ayn\u0131 zamanda kendini i\u015fine adam\u0131\u015f uzmanlar\u0131 \u00e7ekmek i\u00e7in bir f\u0131rsat olarak g\u00f6r\u00fcyoruz. Hassasiyet, iyi kullan\u0131m ve teknik yard\u0131mlarla rezervasyonlara kar\u015f\u0131 koymak istiyoruz. \u0130\u015fyerlerini engelsiz hale getirmek ve bireysel ihtiya\u00e7lar\u0131 dikkate almak i\u00e7in Entegrasyon Ofisi'nden gelen destek teklifleri tutarl\u0131 bir \u015fekilde kullan\u0131lmal\u0131d\u0131r. T\u00fcm bunlar, t\u00fcm \u00e7al\u0131\u015fanlar\u0131n de\u011fer g\u00f6rd\u00fc\u011f\u00fc ve geli\u015fim ve kat\u0131l\u0131m i\u00e7in e\u015fit f\u0131rsatlara sahip oldu\u011fu kapsay\u0131c\u0131 bir \u00e7al\u0131\u015fma k\u00fclt\u00fcr\u00fcne katk\u0131da bulunur.<\/span><\/p>\n<\/div><\/div><\/div><\/div><\/div><\/div><\/div><div class=\"w-separator size_medium\"><\/div><div class=\"w-btn-wrapper align_left\"><a class=\"w-btn us-btn-style_8 icon_atleft\" href=\"https:\/\/gruene-wiesbaden.de\/tr\/kommunalwahl\/#Kapitel3\"><i class=\"fas fa-chevron-circle-right\"><\/i><span class=\"w-btn-label\">Genel bak\u0131\u015fa geri d\u00f6n<\/span><\/a><\/div><div class=\"w-separator size_large\"><\/div><div class=\"wpb_text_column us_custom_29deb344 has_text_color\"><div class=\"wpb_wrapper\"><h1>\u015eimdiye kadar ba\u015fard\u0131klar\u0131m\u0131z<\/h1>\n<\/div><\/div><div class=\"w-separator size_medium\"><\/div><div class=\"w-tabs us_custom_42d693a0 has_text_color style_default switch_click accordion has_scrolling\" style=\"--sections-title-size:1.4rem\"><div class=\"w-tabs-sections titles-align_none icon_chevron cpos_right\"><div class=\"w-tabs-section has_text_color\" id=\"ff03\" style=\"background:var(--color-header-transparent-text);color:var(--color-header-top-text-hover);\"><button class=\"w-tabs-section-header\" aria-controls=\"content-ff03\" aria-expanded=\"false\"><div class=\"w-tabs-section-title\">Wiesbaden \u015fehri aile dostu bir i\u015fveren olarak \u00f6d\u00fcllendirildi<\/div><div class=\"w-tabs-section-control\"><\/div><\/button><div  class=\"w-tabs-section-content\" id=\"content-ff03\"><div class=\"w-tabs-section-content-h i-cf\"><div class=\"wpb_text_column\"><div class=\"wpb_wrapper\"><p><span style=\"font-weight: 400;\">Belediye y\u00f6netimine yine 2025 y\u0131l\u0131nda Hessen Eyaleti taraf\u0131ndan aile dostu i\u015fveren onay m\u00fchr\u00fc verildi. Bu, \u015fehrin \u00e7al\u0131\u015fanlar\u0131na esnek \u00e7al\u0131\u015fma saatleri, ev ofis f\u0131rsatlar\u0131, yar\u0131 zamanl\u0131 ve Sabbath modellerinin yan\u0131 s\u0131ra aile ve bak\u0131m konusunda dan\u0131\u015fmanl\u0131k hizmetleri sundu\u011funu kabul ediyor. Teklif, \u00e7ocuklar i\u00e7in tatil bak\u0131m\u0131 ile desteklenir. Bu \u00f6nlemler, \u00e7al\u0131\u015fanlar\u0131n i\u015f ve \u00f6zel ya\u015fam\u0131 uzla\u015ft\u0131rmas\u0131na, \u00e7al\u0131\u015fan memnuniyetini ve elde tutulmas\u0131n\u0131 te\u015fvik etmesine ve Wiesbaden'in modern, sorumlu bir i\u015fveren oldu\u011funun alt\u0131n\u0131 \u00e7izmesine olanak tan\u0131r.<\/span><\/p>\n<\/div><\/div><\/div><\/div><\/div><div class=\"w-tabs-section has_text_color\" id=\"r031\" style=\"background:var(--color-header-transparent-text);color:var(--color-header-top-text-hover);\"><button class=\"w-tabs-section-header\" aria-controls=\"content-r031\" aria-expanded=\"false\"><div class=\"w-tabs-section-title\">Sa\u011fl\u0131k y\u00f6netimi ve i\u015f-ya\u015fam dengesi g\u00fc\u00e7lendirildi<\/div><div class=\"w-tabs-section-control\"><\/div><\/button><div  class=\"w-tabs-section-content\" id=\"content-r031\"><div class=\"w-tabs-section-content-h i-cf\"><div class=\"wpb_text_column\"><div class=\"wpb_wrapper\"><p><span style=\"font-weight: 400;\">Wiesbaden \u015fehri, \u00e7al\u0131\u015fanlar\u0131n\u0131n sa\u011fl\u0131\u011f\u0131n\u0131 ve dengeli bir i\u015f-ya\u015fam dengesini te\u015fvik eder ve di\u011fer \u015feylerin yan\u0131 s\u0131ra, ortak spor salonlar\u0131n\u0131n uygun maliyetli kullan\u0131m\u0131n\u0131 ve Wiesbaden'in a\u00e7\u0131k ve kapal\u0131 havuzlar\u0131n\u0131n azalt\u0131lm\u0131\u015f veya \u00fccretsiz kullan\u0131m\u0131n\u0131 sa\u011flar. Bunu yaparken, \u00e7al\u0131\u015fan memnuniyetini ve performans\u0131n\u0131 sa\u011flamak i\u00e7in \u00f6nleme, refah ve s\u00fcrd\u00fcr\u00fclebilir \u00e7al\u0131\u015fma ko\u015fullar\u0131  \u2047  \u00f6nemli yap\u0131 ta\u015flar\u0131 i\u00e7in net bir sinyal g\u00f6nderiyoruz.<\/span><\/p>\n<\/div><\/div><\/div><\/div><\/div><div class=\"w-tabs-section has_text_color\" id=\"l16e\" style=\"background:var(--color-header-transparent-text);color:var(--color-header-top-text-hover);\"><button class=\"w-tabs-section-header\" aria-controls=\"content-l16e\" aria-expanded=\"false\"><div class=\"w-tabs-section-title\">S\u00fcrd\u00fcr\u00fclebilir mobilite, \u00e7al\u0131\u015fanlar i\u00e7in cazip hale getirildi<\/div><div class=\"w-tabs-section-control\"><\/div><\/button><div  class=\"w-tabs-section-content\" id=\"content-l16e\"><div class=\"w-tabs-section-content-h i-cf\"><div class=\"wpb_text_column\"><div class=\"wpb_wrapper\"><p><span style=\"font-weight: 400;\">Wiesbaden \u015fehri, RMV b\u00f6lgesindeki t\u00fcm toplu ta\u015f\u0131ma ara\u00e7lar\u0131n\u0131 kapsayan t\u00fcm \u00e7al\u0131\u015fanlar i\u00e7in \u00fccretsiz bir RMV i\u015f bileti arac\u0131l\u0131\u011f\u0131yla s\u00fcrd\u00fcr\u00fclebilir hareketlili\u011fi te\u015fvik etmektedir. Buna ek olarak, \u015fehir, ta\u015f\u0131tlar i\u00e7in yolculuk payla\u015f\u0131m\u0131 teklifleri sa\u011flayan PENDLA a\u011f\u0131n\u0131n bir \u00fcyesidir. Bu \u00f6nlemler ayr\u0131ca CO2 emisyonlar\u0131n\u0131n azalt\u0131lmas\u0131na katk\u0131da bulunur.<\/span><\/p>\n<\/div><\/div><\/div><\/div><\/div><div class=\"w-tabs-section has_text_color\" id=\"r29b\" style=\"background:var(--color-header-middle-bg);color:var(--color-content-heading);\"><button class=\"w-tabs-section-header\" aria-controls=\"content-r29b\" aria-expanded=\"false\"><div class=\"w-tabs-section-title\">Dijitalle\u015fme sald\u0131rgan ve modern i\u015f s\u00fcre\u00e7leri<\/div><div class=\"w-tabs-section-control\"><\/div><\/button><div  class=\"w-tabs-section-content\" id=\"content-r29b\"><div class=\"w-tabs-section-content-h i-cf\"><div class=\"wpb_text_column\"><div class=\"wpb_wrapper\"><p><span style=\"font-weight: 400;\">Wiesbaden, federal h\u00fck\u00fcmet ile Hessen eyaleti aras\u0131nda ortak bir dijitalle\u015ftirme sald\u0131r\u0131s\u0131nda bulunan alt\u0131 Hessen pilot belediyesinden biridir. Ama\u00e7, idari hizmetleri vatanda\u015flar i\u00e7in daha h\u0131zl\u0131, daha kolay ve daha kullan\u0131c\u0131 dostu hale getirmektir. Bu, Hessen Dijitalle\u015fme ve \u0130novasyon Bakanl\u0131\u011f\u0131 taraf\u0131ndan 2,25 milyon Euro ile desteklenen  \u2047 Smart City 2030  \u2047  Wiesbaden goes smart \u2047  projesinin bir par\u00e7as\u0131 olarak \u015fehrin dijital 3D modelinin geli\u015ftirilmesini i\u00e7erir.<\/span><\/p>\n<\/div><\/div><\/div><\/div><\/div><div class=\"w-tabs-section has_text_color\" id=\"h3d9\" style=\"background:var(--color-header-transparent-text);color:var(--color-header-top-text-hover);\"><button class=\"w-tabs-section-header\" aria-controls=\"content-h3d9\" aria-expanded=\"false\"><div class=\"w-tabs-section-title\">Wintra - \u015eehir i\u00e7i intranet<\/div><div class=\"w-tabs-section-control\"><\/div><\/button><div  class=\"w-tabs-section-content\" id=\"content-h3d9\"><div class=\"w-tabs-section-content-h i-cf\"><div class=\"wpb_text_column\"><div class=\"wpb_wrapper\"><p><span style=\"font-weight: 400;\">Wintra ile t\u00fcm \u015fehir \u00e7al\u0131\u015fanlar\u0131 i\u00e7in merkezi bir \u015fehir i\u00e7i intranet kuruldu. Bilgi, dijital hizmetler ve idari s\u00fcre\u00e7leri tek bir yerde toplar ve y\u00f6netim i\u00e7inde i\u00e7 ileti\u015fimi ve i\u015fbirli\u011fini kolayla\u015ft\u0131r\u0131r.<\/span><\/p>\n<\/div><\/div><\/div><\/div><\/div><\/div><\/div><div class=\"w-separator size_medium\"><\/div><div class=\"w-btn-wrapper align_left\"><a class=\"w-btn us-btn-style_8 icon_atleft\" href=\"https:\/\/gruene-wiesbaden.de\/tr\/kommunalwahl\/#Kapitel3\"><i class=\"fas fa-chevron-circle-right\"><\/i><span class=\"w-btn-label\">Genel bak\u0131\u015fa geri d\u00f6n<\/span><\/a><\/div><div class=\"w-separator size_large\"><\/div><\/div><\/div><\/div><\/div><\/section>","protected":false},"excerpt":{"rendered":"Cazip bir i\u015fveren olarak Wiesbaden \u015fehriDevlet ba\u015fkenti Wiesbaden, b\u00f6lgedeki en b\u00fcy\u00fck i\u015fverenlerden biridir: \u00c7ekirdek y\u00f6netimde yakla\u015f\u0131k 6.000 ki\u015fi \u00e7al\u0131\u015f\u0131yor ve \u015fehir holdingleri iki kat daha fazla. Bir e\u011fitimci, bah\u00e7\u0131van, otob\u00fcs \u015fof\u00f6r\u00fc veya dijitalle\u015fme y\u00f6neticisi olsan\u0131z da, hepsi \u015fehrimizin \u00e7al\u0131\u015fmas\u0131n\u0131 sa\u011flar. Biz Ye\u015filler, belediye i\u015f\u00e7ilerinin...","protected":false},"author":1,"featured_media":1572,"comment_status":"closed","ping_status":"closed","sticky":false,"template":"","format":"standard","meta":{"footnotes":""},"categories":[16],"tags":[],"class_list":["post-1388","post","type-post","status-publish","format-standard","has-post-thumbnail","hentry","category-kapitel-3"],"yoast_head":"<!-- This site is optimized with the Yoast SEO plugin v27.5 - https:\/\/yoast.com\/product\/yoast-seo-wordpress\/ -->\n<title>Die Stadt Wiesbaden als attraktiver Arbeitgeber - B\u00dcNDNIS 90\/DIE GR\u00dcNEN Wiesbaden<\/title>\n<meta name=\"robots\" content=\"index, follow, max-snippet:-1, max-image-preview:large, max-video-preview:-1\" \/>\n<link rel=\"canonical\" href=\"https:\/\/gruene-wiesbaden.de\/tr\/die-stadt-wiesbaden-als-attraktiver-arbeitgeber\/\" \/>\n<meta property=\"og:locale\" content=\"tr_TR\" \/>\n<meta property=\"og:type\" content=\"article\" \/>\n<meta property=\"og:title\" content=\"Die Stadt Wiesbaden als attraktiver Arbeitgeber - B\u00dcNDNIS 90\/DIE GR\u00dcNEN Wiesbaden\" \/>\n<meta property=\"og:url\" content=\"https:\/\/gruene-wiesbaden.de\/tr\/die-stadt-wiesbaden-als-attraktiver-arbeitgeber\/\" \/>\n<meta property=\"og:site_name\" content=\"B\u00dcNDNIS 90\/DIE GR\u00dcNEN Wiesbaden\" \/>\n<meta property=\"article:publisher\" content=\"https:\/\/www.facebook.com\/gruene.wi\" \/>\n<meta property=\"article:published_time\" content=\"2025-11-09T22:37:40+00:00\" \/>\n<meta property=\"article:modified_time\" content=\"2026-04-08T22:38:19+00:00\" \/>\n<meta property=\"og:image\" content=\"https:\/\/gruene-wiesbaden.de\/wp-content\/uploads\/2025\/11\/3.7-Stadt-Wiesbaden-als-attraktive-Arbeitgeberin-scaled.jpeg\" \/>\n\t<meta property=\"og:image:width\" content=\"2560\" \/>\n\t<meta property=\"og:image:height\" content=\"1703\" \/>\n\t<meta property=\"og:image:type\" content=\"image\/jpeg\" \/>\n<meta name=\"author\" content=\"admin\" \/>\n<meta name=\"twitter:card\" content=\"summary_large_image\" \/>\n<meta name=\"twitter:label1\" content=\"Yazan:\" \/>\n\t<meta name=\"twitter:data1\" content=\"admin\" \/>\n\t<meta name=\"twitter:label2\" content=\"Tahmini okuma s\u00fcresi\" \/>\n\t<meta name=\"twitter:data2\" content=\"9 minutes\" \/>\n<script type=\"application\/ld+json\" class=\"yoast-schema-graph\">{\"@context\":\"https:\\\/\\\/schema.org\",\"@graph\":[{\"@type\":\"Article\",\"@id\":\"https:\\\/\\\/gruene-wiesbaden.de\\\/die-stadt-wiesbaden-als-attraktiver-arbeitgeber\\\/#article\",\"isPartOf\":{\"@id\":\"https:\\\/\\\/gruene-wiesbaden.de\\\/die-stadt-wiesbaden-als-attraktiver-arbeitgeber\\\/\"},\"author\":{\"name\":\"admin\",\"@id\":\"https:\\\/\\\/gruene-wiesbaden.de\\\/#\\\/schema\\\/person\\\/6785c34779159cd4fd86886bb097afe9\"},\"headline\":\"Die Stadt Wiesbaden als attraktiver Arbeitgeber\",\"datePublished\":\"2025-11-09T22:37:40+00:00\",\"dateModified\":\"2026-04-08T22:38:19+00:00\",\"mainEntityOfPage\":{\"@id\":\"https:\\\/\\\/gruene-wiesbaden.de\\\/die-stadt-wiesbaden-als-attraktiver-arbeitgeber\\\/\"},\"wordCount\":2612,\"publisher\":{\"@id\":\"https:\\\/\\\/gruene-wiesbaden.de\\\/#organization\"},\"image\":{\"@id\":\"https:\\\/\\\/gruene-wiesbaden.de\\\/die-stadt-wiesbaden-als-attraktiver-arbeitgeber\\\/#primaryimage\"},\"thumbnailUrl\":\"https:\\\/\\\/gruene-wiesbaden.de\\\/wp-content\\\/uploads\\\/2025\\\/11\\\/3.7-Stadt-Wiesbaden-als-attraktive-Arbeitgeberin-scaled.jpeg\",\"articleSection\":[\"Kapitel 3\"],\"inLanguage\":\"tr-TR\"},{\"@type\":\"WebPage\",\"@id\":\"https:\\\/\\\/gruene-wiesbaden.de\\\/die-stadt-wiesbaden-als-attraktiver-arbeitgeber\\\/\",\"url\":\"https:\\\/\\\/gruene-wiesbaden.de\\\/die-stadt-wiesbaden-als-attraktiver-arbeitgeber\\\/\",\"name\":\"Die Stadt Wiesbaden als attraktiver Arbeitgeber - B\u00dcNDNIS 90\\\/DIE GR\u00dcNEN Wiesbaden\",\"isPartOf\":{\"@id\":\"https:\\\/\\\/gruene-wiesbaden.de\\\/#website\"},\"primaryImageOfPage\":{\"@id\":\"https:\\\/\\\/gruene-wiesbaden.de\\\/die-stadt-wiesbaden-als-attraktiver-arbeitgeber\\\/#primaryimage\"},\"image\":{\"@id\":\"https:\\\/\\\/gruene-wiesbaden.de\\\/die-stadt-wiesbaden-als-attraktiver-arbeitgeber\\\/#primaryimage\"},\"thumbnailUrl\":\"https:\\\/\\\/gruene-wiesbaden.de\\\/wp-content\\\/uploads\\\/2025\\\/11\\\/3.7-Stadt-Wiesbaden-als-attraktive-Arbeitgeberin-scaled.jpeg\",\"datePublished\":\"2025-11-09T22:37:40+00:00\",\"dateModified\":\"2026-04-08T22:38:19+00:00\",\"breadcrumb\":{\"@id\":\"https:\\\/\\\/gruene-wiesbaden.de\\\/die-stadt-wiesbaden-als-attraktiver-arbeitgeber\\\/#breadcrumb\"},\"inLanguage\":\"tr-TR\",\"potentialAction\":[{\"@type\":\"ReadAction\",\"target\":[\"https:\\\/\\\/gruene-wiesbaden.de\\\/die-stadt-wiesbaden-als-attraktiver-arbeitgeber\\\/\"]}]},{\"@type\":\"ImageObject\",\"inLanguage\":\"tr-TR\",\"@id\":\"https:\\\/\\\/gruene-wiesbaden.de\\\/die-stadt-wiesbaden-als-attraktiver-arbeitgeber\\\/#primaryimage\",\"url\":\"https:\\\/\\\/gruene-wiesbaden.de\\\/wp-content\\\/uploads\\\/2025\\\/11\\\/3.7-Stadt-Wiesbaden-als-attraktive-Arbeitgeberin-scaled.jpeg\",\"contentUrl\":\"https:\\\/\\\/gruene-wiesbaden.de\\\/wp-content\\\/uploads\\\/2025\\\/11\\\/3.7-Stadt-Wiesbaden-als-attraktive-Arbeitgeberin-scaled.jpeg\",\"width\":2560,\"height\":1703,\"caption\":\"Portrait of confident female lawyer with arms crossed smiling and leaning on column in modern office\"},{\"@type\":\"BreadcrumbList\",\"@id\":\"https:\\\/\\\/gruene-wiesbaden.de\\\/die-stadt-wiesbaden-als-attraktiver-arbeitgeber\\\/#breadcrumb\",\"itemListElement\":[{\"@type\":\"ListItem\",\"position\":1,\"name\":\"Startseite\",\"item\":\"https:\\\/\\\/gruene-wiesbaden.de\\\/\"},{\"@type\":\"ListItem\",\"position\":2,\"name\":\"Die Stadt Wiesbaden als attraktiver Arbeitgeber\"}]},{\"@type\":\"WebSite\",\"@id\":\"https:\\\/\\\/gruene-wiesbaden.de\\\/#website\",\"url\":\"https:\\\/\\\/gruene-wiesbaden.de\\\/\",\"name\":\"DIE GR\u00dcNEN Wiesbaden\",\"description\":\"\",\"publisher\":{\"@id\":\"https:\\\/\\\/gruene-wiesbaden.de\\\/#organization\"},\"potentialAction\":[{\"@type\":\"SearchAction\",\"target\":{\"@type\":\"EntryPoint\",\"urlTemplate\":\"https:\\\/\\\/gruene-wiesbaden.de\\\/?s={search_term_string}\"},\"query-input\":{\"@type\":\"PropertyValueSpecification\",\"valueRequired\":true,\"valueName\":\"search_term_string\"}}],\"inLanguage\":\"tr-TR\"},{\"@type\":\"Organization\",\"@id\":\"https:\\\/\\\/gruene-wiesbaden.de\\\/#organization\",\"name\":\"DIE GR\u00dcNEN Wiesbaden\",\"url\":\"https:\\\/\\\/gruene-wiesbaden.de\\\/\",\"logo\":{\"@type\":\"ImageObject\",\"inLanguage\":\"tr-TR\",\"@id\":\"https:\\\/\\\/gruene-wiesbaden.de\\\/#\\\/schema\\\/logo\\\/image\\\/\",\"url\":\"https:\\\/\\\/gruene-wiesbaden-fuer-europa.de\\\/wp-content\\\/uploads\\\/2024\\\/04\\\/Machen-was-zaehlt-5.png\",\"contentUrl\":\"https:\\\/\\\/gruene-wiesbaden-fuer-europa.de\\\/wp-content\\\/uploads\\\/2024\\\/04\\\/Machen-was-zaehlt-5.png\",\"width\":1772,\"height\":1772,\"caption\":\"DIE GR\u00dcNEN Wiesbaden\"},\"image\":{\"@id\":\"https:\\\/\\\/gruene-wiesbaden.de\\\/#\\\/schema\\\/logo\\\/image\\\/\"},\"sameAs\":[\"https:\\\/\\\/www.facebook.com\\\/gruene.wi\",\"https:\\\/\\\/instagram.com\\\/gruene_wi\"]},{\"@type\":\"Person\",\"@id\":\"https:\\\/\\\/gruene-wiesbaden.de\\\/#\\\/schema\\\/person\\\/6785c34779159cd4fd86886bb097afe9\",\"name\":\"admin\",\"sameAs\":[\"http:\\\/\\\/gruene-wiesbaden-fuer-europa.de\"],\"url\":\"https:\\\/\\\/gruene-wiesbaden.de\\\/tr\\\/author\\\/admin\\\/\"}]}<\/script>\n<!-- \/ Yoast SEO plugin. -->","yoast_head_json":{"title":"Die Stadt Wiesbaden als attraktiver Arbeitgeber - B\u00dcNDNIS 90\/DIE GR\u00dcNEN Wiesbaden","robots":{"index":"index","follow":"follow","max-snippet":"max-snippet:-1","max-image-preview":"max-image-preview:large","max-video-preview":"max-video-preview:-1"},"canonical":"https:\/\/gruene-wiesbaden.de\/tr\/die-stadt-wiesbaden-als-attraktiver-arbeitgeber\/","og_locale":"tr_TR","og_type":"article","og_title":"Die Stadt Wiesbaden als attraktiver Arbeitgeber - B\u00dcNDNIS 90\/DIE GR\u00dcNEN Wiesbaden","og_url":"https:\/\/gruene-wiesbaden.de\/tr\/die-stadt-wiesbaden-als-attraktiver-arbeitgeber\/","og_site_name":"B\u00dcNDNIS 90\/DIE GR\u00dcNEN Wiesbaden","article_publisher":"https:\/\/www.facebook.com\/gruene.wi","article_published_time":"2025-11-09T22:37:40+00:00","article_modified_time":"2026-04-08T22:38:19+00:00","og_image":[{"width":2560,"height":1703,"url":"https:\/\/gruene-wiesbaden.de\/wp-content\/uploads\/2025\/11\/3.7-Stadt-Wiesbaden-als-attraktive-Arbeitgeberin-scaled.jpeg","type":"image\/jpeg"}],"author":"admin","twitter_card":"summary_large_image","twitter_misc":{"Yazan:":"admin","Tahmini okuma s\u00fcresi":"9 minutes"},"schema":{"@context":"https:\/\/schema.org","@graph":[{"@type":"Article","@id":"https:\/\/gruene-wiesbaden.de\/die-stadt-wiesbaden-als-attraktiver-arbeitgeber\/#article","isPartOf":{"@id":"https:\/\/gruene-wiesbaden.de\/die-stadt-wiesbaden-als-attraktiver-arbeitgeber\/"},"author":{"name":"admin","@id":"https:\/\/gruene-wiesbaden.de\/#\/schema\/person\/6785c34779159cd4fd86886bb097afe9"},"headline":"Die Stadt Wiesbaden als attraktiver Arbeitgeber","datePublished":"2025-11-09T22:37:40+00:00","dateModified":"2026-04-08T22:38:19+00:00","mainEntityOfPage":{"@id":"https:\/\/gruene-wiesbaden.de\/die-stadt-wiesbaden-als-attraktiver-arbeitgeber\/"},"wordCount":2612,"publisher":{"@id":"https:\/\/gruene-wiesbaden.de\/#organization"},"image":{"@id":"https:\/\/gruene-wiesbaden.de\/die-stadt-wiesbaden-als-attraktiver-arbeitgeber\/#primaryimage"},"thumbnailUrl":"https:\/\/gruene-wiesbaden.de\/wp-content\/uploads\/2025\/11\/3.7-Stadt-Wiesbaden-als-attraktive-Arbeitgeberin-scaled.jpeg","articleSection":["Kapitel 3"],"inLanguage":"tr-TR"},{"@type":"WebPage","@id":"https:\/\/gruene-wiesbaden.de\/die-stadt-wiesbaden-als-attraktiver-arbeitgeber\/","url":"https:\/\/gruene-wiesbaden.de\/die-stadt-wiesbaden-als-attraktiver-arbeitgeber\/","name":"Die Stadt Wiesbaden als attraktiver Arbeitgeber - B\u00dcNDNIS 90\/DIE GR\u00dcNEN Wiesbaden","isPartOf":{"@id":"https:\/\/gruene-wiesbaden.de\/#website"},"primaryImageOfPage":{"@id":"https:\/\/gruene-wiesbaden.de\/die-stadt-wiesbaden-als-attraktiver-arbeitgeber\/#primaryimage"},"image":{"@id":"https:\/\/gruene-wiesbaden.de\/die-stadt-wiesbaden-als-attraktiver-arbeitgeber\/#primaryimage"},"thumbnailUrl":"https:\/\/gruene-wiesbaden.de\/wp-content\/uploads\/2025\/11\/3.7-Stadt-Wiesbaden-als-attraktive-Arbeitgeberin-scaled.jpeg","datePublished":"2025-11-09T22:37:40+00:00","dateModified":"2026-04-08T22:38:19+00:00","breadcrumb":{"@id":"https:\/\/gruene-wiesbaden.de\/die-stadt-wiesbaden-als-attraktiver-arbeitgeber\/#breadcrumb"},"inLanguage":"tr-TR","potentialAction":[{"@type":"ReadAction","target":["https:\/\/gruene-wiesbaden.de\/die-stadt-wiesbaden-als-attraktiver-arbeitgeber\/"]}]},{"@type":"ImageObject","inLanguage":"tr-TR","@id":"https:\/\/gruene-wiesbaden.de\/die-stadt-wiesbaden-als-attraktiver-arbeitgeber\/#primaryimage","url":"https:\/\/gruene-wiesbaden.de\/wp-content\/uploads\/2025\/11\/3.7-Stadt-Wiesbaden-als-attraktive-Arbeitgeberin-scaled.jpeg","contentUrl":"https:\/\/gruene-wiesbaden.de\/wp-content\/uploads\/2025\/11\/3.7-Stadt-Wiesbaden-als-attraktive-Arbeitgeberin-scaled.jpeg","width":2560,"height":1703,"caption":"Portrait of confident female lawyer with arms crossed smiling and leaning on column in modern office"},{"@type":"BreadcrumbList","@id":"https:\/\/gruene-wiesbaden.de\/die-stadt-wiesbaden-als-attraktiver-arbeitgeber\/#breadcrumb","itemListElement":[{"@type":"ListItem","position":1,"name":"Startseite","item":"https:\/\/gruene-wiesbaden.de\/"},{"@type":"ListItem","position":2,"name":"Die Stadt Wiesbaden als attraktiver Arbeitgeber"}]},{"@type":"WebSite","@id":"https:\/\/gruene-wiesbaden.de\/#website","url":"https:\/\/gruene-wiesbaden.de\/","name":"DIE GR\u00dcNEN Wiesbaden","description":"","publisher":{"@id":"https:\/\/gruene-wiesbaden.de\/#organization"},"potentialAction":[{"@type":"SearchAction","target":{"@type":"EntryPoint","urlTemplate":"https:\/\/gruene-wiesbaden.de\/?s={search_term_string}"},"query-input":{"@type":"PropertyValueSpecification","valueRequired":true,"valueName":"search_term_string"}}],"inLanguage":"tr-TR"},{"@type":"Organization","@id":"https:\/\/gruene-wiesbaden.de\/#organization","name":"DIE GR\u00dcNEN Wiesbaden","url":"https:\/\/gruene-wiesbaden.de\/","logo":{"@type":"ImageObject","inLanguage":"tr-TR","@id":"https:\/\/gruene-wiesbaden.de\/#\/schema\/logo\/image\/","url":"https:\/\/gruene-wiesbaden-fuer-europa.de\/wp-content\/uploads\/2024\/04\/Machen-was-zaehlt-5.png","contentUrl":"https:\/\/gruene-wiesbaden-fuer-europa.de\/wp-content\/uploads\/2024\/04\/Machen-was-zaehlt-5.png","width":1772,"height":1772,"caption":"DIE GR\u00dcNEN Wiesbaden"},"image":{"@id":"https:\/\/gruene-wiesbaden.de\/#\/schema\/logo\/image\/"},"sameAs":["https:\/\/www.facebook.com\/gruene.wi","https:\/\/instagram.com\/gruene_wi"]},{"@type":"Person","@id":"https:\/\/gruene-wiesbaden.de\/#\/schema\/person\/6785c34779159cd4fd86886bb097afe9","name":"admin","sameAs":["http:\/\/gruene-wiesbaden-fuer-europa.de"],"url":"https:\/\/gruene-wiesbaden.de\/tr\/author\/admin\/"}]}},"_links":{"self":[{"href":"https:\/\/gruene-wiesbaden.de\/tr\/wp-json\/wp\/v2\/posts\/1388","targetHints":{"allow":["GET"]}}],"collection":[{"href":"https:\/\/gruene-wiesbaden.de\/tr\/wp-json\/wp\/v2\/posts"}],"about":[{"href":"https:\/\/gruene-wiesbaden.de\/tr\/wp-json\/wp\/v2\/types\/post"}],"author":[{"embeddable":true,"href":"https:\/\/gruene-wiesbaden.de\/tr\/wp-json\/wp\/v2\/users\/1"}],"replies":[{"embeddable":true,"href":"https:\/\/gruene-wiesbaden.de\/tr\/wp-json\/wp\/v2\/comments?post=1388"}],"version-history":[{"count":7,"href":"https:\/\/gruene-wiesbaden.de\/tr\/wp-json\/wp\/v2\/posts\/1388\/revisions"}],"predecessor-version":[{"id":2385,"href":"https:\/\/gruene-wiesbaden.de\/tr\/wp-json\/wp\/v2\/posts\/1388\/revisions\/2385"}],"wp:featuredmedia":[{"embeddable":true,"href":"https:\/\/gruene-wiesbaden.de\/tr\/wp-json\/wp\/v2\/media\/1572"}],"wp:attachment":[{"href":"https:\/\/gruene-wiesbaden.de\/tr\/wp-json\/wp\/v2\/media?parent=1388"}],"wp:term":[{"taxonomy":"category","embeddable":true,"href":"https:\/\/gruene-wiesbaden.de\/tr\/wp-json\/wp\/v2\/categories?post=1388"},{"taxonomy":"post_tag","embeddable":true,"href":"https:\/\/gruene-wiesbaden.de\/tr\/wp-json\/wp\/v2\/tags?post=1388"}],"curies":[{"name":"wp","href":"https:\/\/api.w.org\/{rel}","templated":true}]}}