{"id":1386,"date":"2025-11-10T00:36:31","date_gmt":"2025-11-09T22:36:31","guid":{"rendered":"https:\/\/gruene-wiesbaden.de\/?p=1386"},"modified":"2026-04-09T00:36:02","modified_gmt":"2026-04-08T22:36:02","slug":"verwaltungsmodernisierung-und-digitalisierung","status":"publish","type":"post","link":"https:\/\/gruene-wiesbaden.de\/tr\/verwaltungsmodernisierung-und-digitalisierung\/","title":{"rendered":"\u0130dari modernizasyon ve dijitalle\u015fme"},"content":{"rendered":"<section class=\"l-section wpb_row height_medium with_img\"><div class=\"l-section-img\" role=\"img\" data-img-width=\"1080\" data-img-height=\"800\" style=\"background-image: url(https:\/\/gruene-wiesbaden.de\/wp-content\/uploads\/2025\/11\/neuer-Verlauf-gruene-wiesbaden.de_-2-e1762709402177.png);\"><\/div><div class=\"l-section-overlay\" style=\"background:var(--color-header-top-transparent-bg)\"><\/div><div class=\"l-section-h i-cf\"><div class=\"g-cols vc_row via_grid cols_1 laptops-cols_inherit tablets-cols_inherit mobiles-cols_1 valign_top type_default stacking_default\"><div class=\"wpb_column vc_column_container\"><div class=\"vc_column-inner\"><h1 class=\"w-post-elm post_title us_custom_a574d586 has_text_color entry-title\">\u0130dari modernizasyon ve dijitalle\u015fme<\/h1><div class=\"w-separator size_medium\"><\/div><div class=\"g-cols wpb_row via_grid cols_2-1 laptops-cols_inherit tablets-cols_inherit mobiles-cols_1 valign_top type_default stacking_default\" style=\"--columns-gap:3rem;\"><div class=\"wpb_column vc_column_container\"><div class=\"vc_column-inner\"><div class=\"wpb_text_column us_custom_8b3d6790 has_text_color\"><div class=\"wpb_wrapper\"><p><span style=\"font-weight: 400;\">Demokrasimizin i\u015fleyi\u015fi i\u00e7in modern ve verimli bir y\u00f6netim \u015fartt\u0131r: Vatanda\u015flar\u0131n hizmetleri nas\u0131l deneyimledi\u011fine ve \u015fehrimizin ne kadar etkili oldu\u011funa karar verir. Derin teknolojik ve toplumsal de\u011fi\u015fikliklerin yan\u0131 s\u0131ra demografik de\u011fi\u015fim zamanlar\u0131nda, Wiesbaden ayn\u0131 zamanda gelece\u011fe uygun hale getirilmeli, i\u015fg\u00fcc\u00fc ve beceri k\u0131tl\u0131\u011f\u0131 aktif olarak ele al\u0131nmal\u0131d\u0131r.<\/span><\/p>\n<p><span style=\"font-weight: 400;\">Biz YE\u015e\u0130L, her zaman yol g\u00f6sterici ilkemize g\u00f6re, y\u00f6netimin tutarl\u0131 bir \u015fekilde dijitalle\u015ftirilmesine ve vatanda\u015f hizmetlerinin geni\u015fletilmesine g\u00fcveniyoruz: B\u00fcrokrasiyi azaltmak, zaman alan dijitalle\u015fmeye g\u00f6re \u00f6nceliklidir. Hizmetler engelsiz, karma\u015f\u0131k olmayan ve kapsay\u0131c\u0131 olmal\u0131d\u0131r. BT'de s\u00fcrd\u00fcr\u00fclebilirlik, mevcut verilerin ak\u0131ll\u0131 kullan\u0131m\u0131 ve dijital ara\u00e7lar\u0131n ve yapay zekan\u0131n hedeflenen kullan\u0131m\u0131, \u00e7al\u0131\u015fanlar\u0131 rahatlat\u0131r ve insan temas\u0131n\u0131n \u00e7ok \u00f6nemli oldu\u011fu alanlar i\u00e7in \u00f6zg\u00fcrl\u00fck yarat\u0131r.<\/span><\/p>\n<p><span style=\"font-weight: 400;\">Bizim iddiam\u0131z: Dijitalle\u015fme yol haritas\u0131n\u0131 h\u0131zla uygulay\u0131n, s\u00fcre\u00e7leri g\u00f6zden ge\u00e7irin, yap\u0131lar\u0131 modernle\u015ftirin ve Wiesbaden sakinlerinin ihtiya\u00e7lar\u0131na g\u00f6re verimli, s\u00fcrd\u00fcr\u00fclebilir ve yak\u0131n \u00e7al\u0131\u015fan bir y\u00f6netim i\u00e7in bina uygulamalar\u0131ndan i\u015fletme kay\u0131tlar\u0131na kadar dijital olarak vatanda\u015f hizmetleri sunun.<\/span><\/p>\n<\/div><\/div><div class=\"w-separator size_medium\"><\/div><div class=\"w-btn-wrapper align_left\"><a class=\"w-btn us-btn-style_8 icon_atleft\" href=\"https:\/\/gruene-wiesbaden.de\/tr\/kommunalwahl\/#Kapitel3\"><i class=\"fas fa-chevron-circle-right\"><\/i><span class=\"w-btn-label\">Genel bak\u0131\u015fa geri d\u00f6n<\/span><\/a><\/div><\/div><\/div><div class=\"wpb_column vc_column_container\"><div class=\"vc_column-inner\"><div class=\"w-image align_center\"><div class=\"w-image-h\"><img decoding=\"async\" width=\"2560\" height=\"1513\" src=\"https:\/\/gruene-wiesbaden.de\/wp-content\/uploads\/2025\/11\/3.6-Verwaltungsmodernisierung-und-Digitalisierung-scaled.jpeg\" class=\"attachment-full size-full\" alt=\"\" loading=\"lazy\" srcset=\"https:\/\/gruene-wiesbaden.de\/wp-content\/uploads\/2025\/11\/3.6-Verwaltungsmodernisierung-und-Digitalisierung-scaled.jpeg 2560w, https:\/\/gruene-wiesbaden.de\/wp-content\/uploads\/2025\/11\/3.6-Verwaltungsmodernisierung-und-Digitalisierung-400x236.jpeg 400w, https:\/\/gruene-wiesbaden.de\/wp-content\/uploads\/2025\/11\/3.6-Verwaltungsmodernisierung-und-Digitalisierung-600x355.jpeg 600w\" sizes=\"auto, (max-width: 2560px) 100vw, 2560px\" \/><\/div><\/div><div class=\"w-separator size_small\"><\/div><\/div><\/div><\/div><div class=\"w-separator size_medium\"><\/div><div class=\"w-separator size_medium\"><\/div><div class=\"wpb_text_column\"><div class=\"wpb_wrapper\"><h1>\u0130dari modernizasyon ve dijitalle\u015fme bizim i\u00e7in ne anlama geliyor?<\/h1>\n<\/div><\/div><div class=\"w-separator size_large\"><\/div><div class=\"g-cols wpb_row via_grid cols_2 laptops-cols_inherit tablets-cols_inherit mobiles-cols_1 valign_top type_default stacking_default\" style=\"--columns-gap:3rem;\"><div class=\"wpb_column vc_column_container\"><div class=\"vc_column-inner\"><div class=\"w-iconbox us_custom_8b3d6790 has_text_color iconpos_left style_default color_custom align_left\"><div class=\"w-iconbox-icon\" style=\"font-size:2rem;--icon-color:#Ffffff;--icon-bg-color:var(--color-header-middle-bg);\"><i class=\"fas fa-layer-group\"><\/i><\/div><div class=\"w-iconbox-meta\"><h4 class=\"w-iconbox-title\" style=\"font-size:1.5rem;\">S\u00fcrd\u00fcr\u00fclebilir bir y\u00f6netim kurmak<\/h4><div class=\"w-iconbox-text\"><p><span style=\"font-weight: 400;\">Yap\u0131lar, s\u00fcre\u00e7ler ve teknolojiler s\u00fcrekli olarak modernize edilmektedir. Dijital ara\u00e7lar \u00e7al\u0131\u015fanlar\u0131 rahatlat\u0131r ve ki\u015fisel temas i\u00e7in \u00f6zg\u00fcrl\u00fck yarat\u0131r. \u00c7al\u0131\u015fanlar uygun \u015fekilde e\u011fitilmeli veya kalifiye olmal\u0131d\u0131r. Bu da y\u00f6netimi gen\u00e7 personel i\u00e7in cazip hale getiriyor.<\/span><\/p>\n<\/div><\/div><\/div><\/div><\/div><div class=\"wpb_column vc_column_container\"><div class=\"vc_column-inner\"><div class=\"w-iconbox us_custom_8b3d6790 has_text_color iconpos_left style_default color_custom align_left\"><div class=\"w-iconbox-icon\" style=\"font-size:2rem;--icon-color:#Ffffff;--icon-bg-color:var(--color-header-transparent-text);\"><i class=\"fas fa-layer-group\"><\/i><\/div><div class=\"w-iconbox-meta\"><h4 class=\"w-iconbox-title\" style=\"font-size:1.5rem;\">B\u00fcrokrasiyi azaltmak<\/h4><div class=\"w-iconbox-text\"><p><span style=\"font-weight: 400;\">Vatanda\u015flar, i\u015fletmeler ve \u00e7al\u0131\u015fanlar i\u00e7in zaman ve kaynak tasarrufu sa\u011flayan yal\u0131n, \u015feffaf ve anla\u015f\u0131labilir s\u00fcre\u00e7lere g\u00fcveniyoruz.<\/span><\/p>\n<\/div><\/div><\/div><\/div><\/div><\/div><div class=\"w-separator size_medium\"><\/div><div class=\"g-cols wpb_row via_grid cols_2 laptops-cols_inherit tablets-cols_inherit mobiles-cols_1 valign_top type_default stacking_default\" style=\"--columns-gap:3rem;\"><div class=\"wpb_column vc_column_container\"><div class=\"vc_column-inner\"><div class=\"w-iconbox us_custom_8b3d6790 has_text_color iconpos_left style_default color_custom align_left\"><div class=\"w-iconbox-icon\" style=\"font-size:2rem;--icon-color:#Ffffff;--icon-bg-color:var(--color-header-middle-bg);\"><i class=\"fas fa-layer-group\"><\/i><\/div><div class=\"w-iconbox-meta\"><h4 class=\"w-iconbox-title\" style=\"font-size:1.5rem;\">Dijital dahil etme<\/h4><div class=\"w-iconbox-text\"><p><span style=\"font-weight: 400;\">Dijital hizmetler, ya\u015f, dil veya \u00f6nceki deneyimlerden ba\u011f\u0131ms\u0131z olarak engelsiz ve herkes taraf\u0131ndan eri\u015filebilir olmal\u0131d\u0131r, b\u00f6ylece hi\u00e7 kimse tekliflerden d\u0131\u015flanmaz.<\/span><\/p>\n<\/div><\/div><\/div><\/div><\/div><div class=\"wpb_column vc_column_container\"><div class=\"vc_column-inner\"><div class=\"w-iconbox us_custom_8b3d6790 has_text_color iconpos_left style_default color_custom align_left\"><div class=\"w-iconbox-icon\" style=\"font-size:2rem;--icon-color:#Ffffff;--icon-bg-color:var(--color-header-transparent-text);\"><i class=\"fas fa-layer-group\"><\/i><\/div><div class=\"w-iconbox-meta\"><h4 class=\"w-iconbox-title\" style=\"font-size:1.5rem;\">Dijitalle\u015fme, ancak s\u00fcrd\u00fcr\u00fclebilir<\/h4><div class=\"w-iconbox-text\"><p><span style=\"font-weight: 400;\">Ekolojik olarak sorumlu olmal\u0131d\u0131r: Enerji tasarruflu sistemler, adil tedarik ve kaynak tasarrufu sa\u011flayan dijital \u00e7\u00f6z\u00fcmler, inovasyonu iklim korumas\u0131 ile birle\u015ftiriyor.<\/span><\/p>\n<\/div><\/div><\/div><\/div><\/div><\/div><div class=\"w-separator size_medium\"><\/div><div class=\"w-btn-wrapper align_left\"><a class=\"w-btn us-btn-style_8 icon_atleft\" href=\"https:\/\/gruene-wiesbaden.de\/tr\/kommunalwahl\/#Kapitel3\"><i class=\"fas fa-chevron-circle-right\"><\/i><span class=\"w-btn-label\">Genel bak\u0131\u015fa geri d\u00f6n<\/span><\/a><\/div><div class=\"w-separator size_medium\"><\/div><\/div><\/div><\/div><\/div><\/section><section class=\"l-section wpb_row height_auto with_img\"><div class=\"l-section-img\" role=\"img\" data-img-width=\"2560\" data-img-height=\"1513\" style=\"background-image: url(https:\/\/gruene-wiesbaden.de\/wp-content\/uploads\/2025\/11\/3.6-Verwaltungsmodernisierung-und-Digitalisierung-scaled.jpeg);background-repeat: no-repeat;\"><\/div><div class=\"l-section-overlay\" style=\"background:var(--color-header-top-transparent-bg)\"><\/div><div class=\"l-section-h i-cf\"><div class=\"g-cols vc_row via_grid cols_1 laptops-cols_inherit tablets-cols_inherit mobiles-cols_1 valign_middle type_default stacking_default\" style=\"--columns-gap:1rem;\"><div class=\"wpb_column vc_column_container\"><div class=\"vc_column-inner\"><div class=\"w-separator size_large\"><\/div><div class=\"wpb_text_column background_inside_text\"><div class=\"wpb_wrapper\"><h1>\u00d6zellikle bu alanda yapmak istediklerimiz<\/h1>\n<\/div><\/div><div class=\"w-separator size_medium\"><\/div><div class=\"w-tabs us_custom_42d693a0 has_text_color style_default switch_click accordion has_scrolling\" style=\"--sections-title-size:1.4rem\"><div class=\"w-tabs-sections titles-align_none icon_chevron cpos_right\"><div class=\"w-tabs-section has_text_color\" id=\"ff0e\" style=\"background:var(--color-header-transparent-text);color:var(--color-header-top-text-hover);\"><button class=\"w-tabs-section-header\" aria-controls=\"content-ff0e\" aria-expanded=\"false\"><div class=\"w-tabs-section-title\">Yeni i\u015f kurmak<\/div><div class=\"w-tabs-section-control\"><\/div><\/button><div  class=\"w-tabs-section-content\" id=\"content-ff0e\"><div class=\"w-tabs-section-content-h i-cf\"><div class=\"wpb_text_column\"><div class=\"wpb_wrapper\"><p><span style=\"font-weight: 400;\">\u015eehir y\u00f6netiminde Yeni \u00c7al\u0131\u015fmay\u0131 daha da te\u015fvik etmek ve b\u00f6ylece modern ve esnek \u00e7al\u0131\u015fma yollar\u0131 olu\u015fturmak istiyoruz. Ayr\u0131ca, yeni \u00e7al\u0131\u015fma bi\u00e7imleri ve masa payla\u015f\u0131m\u0131 konusunda bir hizmet anla\u015fmas\u0131 geli\u015ftirilmektedir. Gelecekte \u015fehir genelinde tan\u0131t\u0131lacak mobil \u00e7al\u0131\u015fma, masa payla\u015f\u0131m\u0131 ve dijital i\u015fbirli\u011fi i\u00e7in organizasyonel \u00e7er\u00e7eveyi olu\u015fturur. Ad\u0131m ad\u0131m, bu, bir i\u015fveren olarak g\u00fcncel, vatanda\u015f odakl\u0131 ve \u00e7ekici bir y\u00f6netim yarat\u0131r.<\/span><\/p>\n<\/div><\/div><\/div><\/div><\/div><div class=\"w-tabs-section has_text_color\" id=\"c033\" style=\"background:var(--color-header-transparent-text);color:var(--color-header-top-text-hover);\"><button class=\"w-tabs-section-header\" aria-controls=\"content-c033\" aria-expanded=\"false\"><div class=\"w-tabs-section-title\">Kategori: E-dosya<\/div><div class=\"w-tabs-section-control\"><\/div><\/button><div  class=\"w-tabs-section-content\" id=\"content-c033\"><div class=\"w-tabs-section-content-h i-cf\"><div class=\"wpb_text_column\"><div class=\"wpb_wrapper\"><p><span style=\"font-weight: 400;\">E-dosya y\u00f6netimi modernize ediyor: S\u00fcre\u00e7leri h\u0131zland\u0131r\u0131r, ka\u011f\u0131t tasarrufu sa\u011flar, konumdan ba\u011f\u0131ms\u0131z eri\u015fim sa\u011flar ve \u015feffaf s\u00fcre\u00e7ler sa\u011flar. E-dosya, mobil \u00e7al\u0131\u015fman\u0131n temelidir. \u0130dare departmanlar\u0131n\u0131 ihtiyaca \u00f6zel e-dosya \u00fcr\u00fcnleri ile destekliyor ve b\u00f6ylece dijital s\u00fcre\u00e7lere ge\u00e7i\u015fi h\u0131zland\u0131r\u0131yoruz.<\/span><\/p>\n<\/div><\/div><\/div><\/div><\/div><div class=\"w-tabs-section has_text_color\" id=\"p16d\" style=\"background:var(--color-header-transparent-text);color:var(--color-header-top-text-hover);\"><button class=\"w-tabs-section-header\" aria-controls=\"content-p16d\" aria-expanded=\"false\"><div class=\"w-tabs-section-title\">Dijital liderli\u011fi g\u00fc\u00e7lendirmek<\/div><div class=\"w-tabs-section-control\"><\/div><\/button><div  class=\"w-tabs-section-content\" id=\"content-p16d\"><div class=\"w-tabs-section-content-h i-cf\"><div class=\"wpb_text_column\"><div class=\"wpb_wrapper\"><p><span style=\"font-weight: 400;\">Dijital d\u00f6n\u00fc\u015f\u00fcm\u00fcn yeni bir liderlik anlay\u0131\u015f\u0131na ihtiyac\u0131 var: A\u011fa ba\u011fl\u0131 \u00e7al\u0131\u015fma, \u00e7evik y\u00f6ntemler ve de\u011fi\u015fimi aktif olarak \u015fekillendirme yetene\u011fi. Y\u00f6neticileri modern bir y\u00f6netimin gereksinimlerine uygun hale getirmek i\u00e7in hedeflenen e\u011fitim, dijital e\u011fitim formatlar\u0131 ve s\u00fcrekli e\u011fitime kararl\u0131y\u0131z. Bu, \u00e7al\u0131\u015fanlar\u0131 motive eden, yenili\u011fi te\u015fvik eden ve \u015fehir y\u00f6netimini gelece\u011fe haz\u0131rlayan bir k\u00fclt\u00fcr\u00fc i\u00e7erir. Bu nedenle y\u00f6neticiler i\u00e7in dijital yeterlilik programlar\u0131na ba\u011fl\u0131y\u0131z. \u00c7evik y\u00f6ntemler ve a\u011f ba\u011flant\u0131l\u0131 \u00e7al\u0131\u015fma \u00fczerine e\u011fitim kurslar\u0131, y\u00f6netimi dijital d\u00f6n\u00fc\u015f\u00fcme uygun hale getirir ve motive edici, gelece\u011fe y\u00f6nelik bir y\u00f6netim k\u00fclt\u00fcr\u00fc olu\u015fturur.<\/span><\/p>\n<\/div><\/div><\/div><\/div><\/div><div class=\"w-tabs-section has_text_color\" id=\"d28b\" style=\"background:var(--color-header-middle-bg);color:var(--color-content-heading);\"><button class=\"w-tabs-section-header\" aria-controls=\"content-d28b\" aria-expanded=\"false\"><div class=\"w-tabs-section-title\">B\u00fcrokrasiyi azaltmak<\/div><div class=\"w-tabs-section-control\"><\/div><\/button><div  class=\"w-tabs-section-content\" id=\"content-d28b\"><div class=\"w-tabs-section-content-h i-cf\"><div class=\"wpb_text_column\"><div class=\"wpb_wrapper\"><p><span style=\"font-weight: 400;\">Wiesbaden'deki b\u00fcrokrasiyi dijital \u00e7\u00f6z\u00fcmlerin yard\u0131m\u0131yla s\u00fcrekli olarak azaltmak istiyoruz. Gelecekte, idari s\u00fcre\u00e7ler standartla\u015ft\u0131r\u0131lacak, otomatikle\u015ftirilecek ve b\u00fcy\u00fck \u00f6l\u00e7\u00fcde ka\u011f\u0131ts\u0131z hale getirilecektir. Dijital formlar, \u00e7evrimi\u00e7i randevular ve istenmeyen prosed\u00fcrler vatanda\u015flara ve \u015firketlere zaman kazand\u0131r\u0131r ve hayal k\u0131r\u0131kl\u0131\u011f\u0131n\u0131 azalt\u0131r. Ayn\u0131 zamanda bu, y\u00f6netimin verimlili\u011fini art\u0131r\u0131r ve evrak yerine ger\u00e7ek hizmet i\u00e7in alan yarat\u0131r. Bu, insanlara hizmet eden ve kaynaklar\u0131 makul bir \u015fekilde kullanan modern, hizmet odakl\u0131 bir y\u00f6netim yarat\u0131r.<\/span><\/p>\n<\/div><\/div><\/div><\/div><\/div><div class=\"w-tabs-section has_text_color\" id=\"b3a5\" style=\"background:var(--color-header-transparent-text);color:var(--color-header-top-text-hover);\"><button class=\"w-tabs-section-header\" aria-controls=\"content-b3a5\" aria-expanded=\"false\"><div class=\"w-tabs-section-title\">AI'y\u0131 ak\u0131ll\u0131ca kullan\u0131n<\/div><div class=\"w-tabs-section-control\"><\/div><\/button><div  class=\"w-tabs-section-content\" id=\"content-b3a5\"><div class=\"w-tabs-section-content-h i-cf\"><div class=\"wpb_text_column\"><div class=\"wpb_wrapper\"><p><span style=\"font-weight: 400;\">Yapay zeka kullan\u0131m\u0131n\u0131n s\u00fcrekli olarak test edilmesini istiyoruz ve yapay zekan\u0131n yaln\u0131zca net katma de\u011fer yaratt\u0131\u011f\u0131 yerlerde kullan\u0131lmas\u0131n\u0131 sa\u011flamaya kararl\u0131y\u0131z. Ama\u00e7, verimli \u00e7al\u0131\u015fan, \u00e7al\u0131\u015fanlar\u0131 destekleyen ve Wiesbaden sakinleri i\u00e7in hizmeti geli\u015ftiren modern bir y\u00f6netimdir. Bu her zaman veri koruma ve \u015feffafl\u0131k a\u00e7\u0131s\u0131ndan da yap\u0131l\u0131r.<\/span><\/p>\n<\/div><\/div><\/div><\/div><\/div><div class=\"w-tabs-section has_text_color\" id=\"a4ed\" style=\"background:var(--color-header-middle-bg);color:var(--color-header-middle-text);\"><button class=\"w-tabs-section-header\" aria-controls=\"content-a4ed\" aria-expanded=\"false\"><div class=\"w-tabs-section-title\">Engelsiz y\u00f6netim<\/div><div class=\"w-tabs-section-control\"><\/div><\/button><div  class=\"w-tabs-section-content\" id=\"content-a4ed\"><div class=\"w-tabs-section-content-h i-cf\"><div class=\"wpb_text_column\"><div class=\"wpb_wrapper\"><p><span style=\"font-weight: 400;\">Wiesbaden'in dijital y\u00f6netim hizmetleri, t\u00fcm kullan\u0131c\u0131 dostu, \u00e7ok dilli ve engelsiz olacak \u015fekilde geli\u015ftirilmelidir. Formlar ve hizmetler basitle\u015ftirilir, mobil cihazlar daha iyi dikkate al\u0131n\u0131r ve yard\u0131m teklifleri entegre edilir. Bunu yaparken, kimseyi d\u0131\u015flamayan ve t\u00fcm vatanda\u015flar\u0131n endi\u015felerini \u00e7evrimi\u00e7i olarak h\u0131zl\u0131 ve kolay bir \u015fekilde ele almalar\u0131n\u0131 sa\u011flayan bir y\u00f6netim olu\u015fturuyoruz.<\/span><\/p>\n<\/div><\/div><\/div><\/div><\/div><div class=\"w-tabs-section has_text_color\" id=\"m605\" style=\"background:var(--color-header-transparent-text);color:var(--color-header-top-text-hover);\"><button class=\"w-tabs-section-header\" aria-controls=\"content-m605\" aria-expanded=\"false\"><div class=\"w-tabs-section-title\">\u0130darenin 115'e ba\u011flanmas\u0131<\/div><div class=\"w-tabs-section-control\"><\/div><\/button><div  class=\"w-tabs-section-content\" id=\"content-m605\"><div class=\"w-tabs-section-content-h i-cf\"><div class=\"wpb_text_column\"><div class=\"wpb_wrapper\"><p><span style=\"font-weight: 400;\">Wiesbaden y\u00f6netimini Almanya genelindeki yetki numaras\u0131 115'e ba\u011flamak istiyoruz. \u00d6rne\u011fin, vatanda\u015flar ve i\u015fletmeler, at\u0131k bertaraf\u0131ndan ara\u00e7 tesciline kadar t\u00fcm devlet sorunlar\u0131 i\u00e7in yetkili bir ileti\u015fim noktas\u0131na sahiptir. Bu, eri\u015fimi kolayla\u015ft\u0131r\u0131r, b\u00fcrokrasiyi azalt\u0131r ve vatanda\u015f hizmetini g\u00fc\u00e7lendirir.<\/span><\/p>\n<\/div><\/div><\/div><\/div><\/div><div class=\"w-tabs-section has_text_color\" id=\"s72e\" style=\"background:var(--color-header-transparent-text);color:var(--color-header-top-text-hover);\"><button class=\"w-tabs-section-header\" aria-controls=\"content-s72e\" aria-expanded=\"false\"><div class=\"w-tabs-section-title\">Dijital Cinsiyet Bo\u015flu\u011funu Kapat\u0131n<\/div><div class=\"w-tabs-section-control\"><\/div><\/button><div  class=\"w-tabs-section-content\" id=\"content-s72e\"><div class=\"w-tabs-section-content-h i-cf\"><div class=\"wpb_text_column\"><div class=\"wpb_wrapper\"><p><span style=\"font-weight: 400;\">Digital Gender Gap ara\u015ft\u0131rmas\u0131 \u015funlar\u0131 g\u00f6steriyor: Kad\u0131nlar genellikle dijital hizmetleri daha az g\u00fcvenle kullan\u0131rlar, bu da ba\u015fvurular, randevu rezervasyonlar\u0131 veya dijital bilgiler gibi \u00e7evrimi\u00e7i vatanda\u015f hizmetlerine eri\u015fmelerini zorla\u015ft\u0131r\u0131r.<\/span><\/p>\n<p><span style=\"font-weight: 400;\">\u00d6zellikle kad\u0131nlar\u0131n BT ve y\u00f6netime kat\u0131l\u0131m\u0131n\u0131 g\u00fc\u00e7lendirmeye odaklan\u0131yoruz, kad\u0131n rol modellerini ve a\u011flar\u0131n geni\u015flemesini te\u015fvik etmeyi ama\u00e7l\u0131yoruz ve e\u015fit f\u0131rsatlar\u0131 geli\u015ftiren ve Wiesbaden'deki cinsiyet fark\u0131n\u0131 g\u00f6zle g\u00f6r\u00fcl\u00fcr \u015fekilde azaltan programlar\u0131 destekliyoruz.<\/span><\/p>\n<\/div><\/div><\/div><\/div><\/div><div class=\"w-tabs-section has_text_color\" id=\"e875\" style=\"background:var(--color-header-transparent-text);color:var(--color-header-top-text-hover);\"><button class=\"w-tabs-section-header\" aria-controls=\"content-e875\" aria-expanded=\"false\"><div class=\"w-tabs-section-title\">S\u00fcrd\u00fcr\u00fclebilir BT<\/div><div class=\"w-tabs-section-control\"><\/div><\/button><div  class=\"w-tabs-section-content\" id=\"content-e875\"><div class=\"w-tabs-section-content-h i-cf\"><div class=\"wpb_text_column\"><div class=\"wpb_wrapper\"><p><span style=\"font-weight: 400;\">Wiesbaden'in BT tedarik ve BT operasyonlar\u0131n\u0131 s\u00fcrekli olarak s\u00fcrd\u00fcr\u00fclebilir bir \u015fekilde konumland\u0131r\u0131yoruz: Adil tedarikten yenilenmi\u015f cihazlar\u0131n kullan\u0131m\u0131na, tamamen yenilenebilir enerji ile \u00e7al\u0131\u015fan veri merkezlerine kadar. Bu sayede dijital inovasyonu ekolojik sorumlulukla birle\u015ftiriyoruz.<\/span><\/p>\n<\/div><\/div><\/div><\/div><\/div><div class=\"w-tabs-section has_text_color\" id=\"t990\" style=\"background:var(--color-header-transparent-text);color:var(--color-header-top-text-hover);\"><button class=\"w-tabs-section-header\" aria-controls=\"content-t990\" aria-expanded=\"false\"><div class=\"w-tabs-section-title\">Wiesbaden \u0130novasyon Konseyi<\/div><div class=\"w-tabs-section-control\"><\/div><\/button><div  class=\"w-tabs-section-content\" id=\"content-t990\"><div class=\"w-tabs-section-content-h i-cf\"><div class=\"wpb_text_column\"><div class=\"wpb_wrapper\"><p><span style=\"font-weight: 400;\">Biz GR\u00dcNE, Wiesbaden'de y\u00f6netim, siyaset, i\u015f, bilim ve Wiesbaden sakinlerini kal\u0131c\u0131 olarak bir araya getiren bir \u0130novasyon Konseyi'nin kurulmas\u0131na kararl\u0131y\u0131z. Ama\u00e7, dijital geli\u015fmeleri aktif olarak \u015fekillendirmek, bilgi havuzu olu\u015fturmak ve \u015fehir i\u00e7in pratik \u00e7\u00f6z\u00fcmler geli\u015ftirmektir. \u0130novasyon Konseyi d\u00fczenli olarak toplanmal\u0131, mevcut zorluklar\u0131 ele almal\u0131 ve ak\u0131ll\u0131 mobiliteden dijital kat\u0131l\u0131ma ve idari modernizasyona kadar pilot projeler ba\u015flatmal\u0131d\u0131r. Bu s\u00fcrekli de\u011fi\u015fim \u015feffafl\u0131k, g\u00fcven ve i\u015fbirli\u011fi k\u00fclt\u00fcr\u00fc yarat\u0131r. Wiesbaden bu nedenle kendisini sadece dijitalle\u015fmeyi uygulamakla kalmay\u0131p ayn\u0131 zamanda birlikte \u015fekillendiren \u00f6nc\u00fc bir \u015fehir olarak konumland\u0131r\u0131yor.<\/span><\/p>\n<\/div><\/div><\/div><\/div><\/div><\/div><\/div><div class=\"w-separator size_medium\"><\/div><div class=\"w-btn-wrapper align_left\"><a class=\"w-btn us-btn-style_8 icon_atleft\" href=\"https:\/\/gruene-wiesbaden.de\/tr\/kommunalwahl\/#Kapitel3\"><i class=\"fas fa-chevron-circle-right\"><\/i><span class=\"w-btn-label\">Genel bak\u0131\u015fa geri d\u00f6n<\/span><\/a><\/div><div class=\"w-separator size_large\"><\/div><div class=\"wpb_text_column\"><div class=\"wpb_wrapper\"><h1>\u015eimdiye kadar ba\u015fard\u0131klar\u0131m\u0131z<\/h1>\n<\/div><\/div><div class=\"w-separator size_medium\"><\/div><div class=\"w-tabs us_custom_42d693a0 has_text_color style_default switch_click accordion has_scrolling\" style=\"--sections-title-size:1.4rem\"><div class=\"w-tabs-sections titles-align_none icon_chevron cpos_right\"><div class=\"w-tabs-section has_text_color\" id=\"pe3d\" style=\"background:var(--color-header-transparent-text);color:var(--color-header-top-text-hover);\"><button class=\"w-tabs-section-header\" aria-controls=\"content-pe3d\" aria-expanded=\"false\"><div class=\"w-tabs-section-title\">\u015eehir y\u00f6netimi i\u00e7in dijital misyon beyan\u0131<\/div><div class=\"w-tabs-section-control\"><\/div><\/button><div  class=\"w-tabs-section-content\" id=\"content-pe3d\"><div class=\"w-tabs-section-content-h i-cf\"><div class=\"wpb_text_column\"><div class=\"wpb_wrapper\"><p><span style=\"font-weight: 400;\">Wiesbaden, dijital misyon beyan\u0131 ile gelece\u011fin y\u00f6netimi i\u00e7in net ilkeler geli\u015ftirmi\u015ftir. Modern, vatanda\u015f dostu ve verimli y\u00f6netim sa\u011flamak i\u00e7in dijital hizmetler, i\u00e7 s\u00fcre\u00e7ler ve yeni teknolojilerin kullan\u0131m\u0131 i\u00e7in standartlar\u0131 tan\u0131mlar.<\/span><\/p>\n<\/div><\/div><\/div><\/div><\/div><div class=\"w-tabs-section has_text_color\" id=\"mf6d\" style=\"background:var(--color-header-transparent-text);color:var(--color-header-top-text-hover);\"><button class=\"w-tabs-section-header\" aria-controls=\"content-mf6d\" aria-expanded=\"false\"><div class=\"w-tabs-section-title\">Merkezi dijitalle\u015fme \u015eehir stratejisi<\/div><div class=\"w-tabs-section-control\"><\/div><\/button><div  class=\"w-tabs-section-content\" id=\"content-mf6d\"><div class=\"w-tabs-section-content-h i-cf\"><div class=\"wpb_text_column\"><div class=\"wpb_wrapper\"><p><span style=\"font-weight: 400;\">\u015eehir stratejisinin merkezi dijitalle\u015fmesi, \u015fehrin t\u00fcm dijital projelerinin s\u00fcrd\u00fcr\u00fclebilir bir \u015fekilde koordine edilmesini ve uygulanmas\u0131n\u0131 sa\u011flar. Y\u0131ll\u0131k g\u00fcncelleme ile hedefler ve \u00f6nlemler d\u00fczenli olarak ayarlan\u0131r, b\u00f6ylece Wiesbaden dijital olarak ilerlemeye devam eder.<\/span><\/p>\n<\/div><\/div><\/div><\/div><\/div><div class=\"w-tabs-section has_text_color\" id=\"y0ac\" style=\"background:var(--color-header-transparent-text);color:var(--color-header-top-text-hover);\"><button class=\"w-tabs-section-header\" aria-controls=\"content-y0ac\" aria-expanded=\"false\"><div class=\"w-tabs-section-title\">\u0130dari d\u00f6n\u00fc\u015f\u00fcm devam ediyor<\/div><div class=\"w-tabs-section-control\"><\/div><\/button><div  class=\"w-tabs-section-content\" id=\"content-y0ac\"><div class=\"w-tabs-section-content-h i-cf\"><div class=\"wpb_text_column\"><div class=\"wpb_wrapper\"><p><span style=\"font-weight: 400;\">Wiesbaden \u015fehri y\u00f6netimini temelden modernle\u015ftiriyor. \u0130dari d\u00f6n\u00fc\u015f\u00fcm \u015fu anlama gelir: S\u00fcre\u00e7ler basitle\u015ftirilir, kararlar daha h\u0131zl\u0131 al\u0131n\u0131r ve dijital ara\u00e7lar hedefli bir \u015fekilde kullan\u0131l\u0131r. Ayn\u0131 zamanda, \u00e7al\u0131\u015fma k\u00fclt\u00fcr\u00fc kat\u0131 hiyerar\u015filerden daha fazla i\u015fbirli\u011fine do\u011fru de\u011fi\u015fiyor. Vatanda\u015flar i\u00e7in bu \u015fu anlama gelir: Endi\u015feler daha h\u0131zl\u0131 ele al\u0131n\u0131r, bilgi daha eri\u015filebilir hale gelir ve bir b\u00fct\u00fcn olarak y\u00f6netim daha anla\u015f\u0131l\u0131r ve vatanda\u015flara daha yak\u0131n hale gelir.<\/span><\/p>\n<\/div><\/div><\/div><\/div><\/div><div class=\"w-tabs-section has_text_color\" id=\"b1d8\" style=\"background:var(--color-header-middle-bg);color:var(--color-content-heading);\"><button class=\"w-tabs-section-header\" aria-controls=\"content-b1d8\" aria-expanded=\"false\"><div class=\"w-tabs-section-title\">Yenilik\u00e7i i\u015f y\u00f6netimi<\/div><div class=\"w-tabs-section-control\"><\/div><\/button><div  class=\"w-tabs-section-content\" id=\"content-b1d8\"><div class=\"w-tabs-section-content-h i-cf\"><div class=\"wpb_text_column\"><div class=\"wpb_wrapper\"><p><span style=\"font-weight: 400;\">Gelecekte verimli kalmak i\u00e7in, Wiesbaden \u015fehri yenilik\u00e7i i\u015f y\u00f6netimine g\u00fcveniyor. Bunun arkas\u0131nda daha modern bir personel planlamas\u0131 t\u00fcr\u00fc var: A\u00e7\u0131k pozisyonlar daha esnek bir \u015fekilde doldurulur, bazen pozisyonlar projeler i\u00e7in de paketlenir ve uygulamalar dijital olarak i\u015flenebilir. Sonu\u00e7 olarak, y\u00f6netim vas\u0131fl\u0131 i\u015f\u00e7i s\u0131k\u0131nt\u0131s\u0131na daha iyi tepki verir ve g\u00fcnl\u00fck bak\u0131mdan bina yetkililerine kadar \u00f6nemli g\u00f6revlerin g\u00fcvenilir bir \u015fekilde yerine getirilmesini sa\u011flar.<\/span><\/p>\n<\/div><\/div><\/div><\/div><\/div><div class=\"w-tabs-section has_text_color\" id=\"w2ed\" style=\"background:var(--color-header-transparent-text);color:var(--color-header-top-text-hover);\"><button class=\"w-tabs-section-header\" aria-controls=\"content-w2ed\" aria-expanded=\"false\"><div class=\"w-tabs-section-title\">Wintra - \u015eehir i\u00e7i intranet<\/div><div class=\"w-tabs-section-control\"><\/div><\/button><div  class=\"w-tabs-section-content\" id=\"content-w2ed\"><div class=\"w-tabs-section-content-h i-cf\"><div class=\"wpb_text_column\"><div class=\"wpb_wrapper\"><p><span style=\"font-weight: 400;\">Wintra ile t\u00fcm \u015fehir \u00e7al\u0131\u015fanlar\u0131 i\u00e7in merkezi bir \u015fehir i\u00e7i intranet kuruldu. Bilgi, dijital hizmetler ve idari s\u00fcre\u00e7leri tek bir yerde toplar ve y\u00f6netim i\u00e7inde i\u00e7 ileti\u015fimi ve i\u015fbirli\u011fini kolayla\u015ft\u0131r\u0131r.<\/span><\/p>\n<\/div><\/div><\/div><\/div><\/div><div class=\"w-tabs-section has_text_color\" id=\"t43f\" style=\"background:var(--color-header-transparent-text);color:var(--color-header-top-text-hover);\"><button class=\"w-tabs-section-header\" aria-controls=\"content-t43f\" aria-expanded=\"false\"><div class=\"w-tabs-section-title\">New Work - Dijital oda rezervasyonu<\/div><div class=\"w-tabs-section-control\"><\/div><\/button><div  class=\"w-tabs-section-content\" id=\"content-t43f\"><div class=\"w-tabs-section-content-h i-cf\"><div class=\"wpb_text_column\"><div class=\"wpb_wrapper\"><p><span style=\"font-weight: 400;\">New Work'\u00fcn bir par\u00e7as\u0131 olarak dijital alan rezervasyon sistemlerinin tan\u0131t\u0131lmas\u0131, kentsel \u00e7al\u0131\u015fma alanlar\u0131n\u0131n kullan\u0131m\u0131n\u0131 daha verimli hale getiriyor. \u00c7al\u0131\u015fanlar, y\u00f6netimde modern, esnek \u00e7al\u0131\u015fma bi\u00e7imleri sa\u011flayan i\u015f istasyonlar\u0131n\u0131 ve toplant\u0131 odalar\u0131n\u0131 esnek bir \u015fekilde rezerve edebilir.<\/span><\/p>\n<\/div><\/div><\/div><\/div><\/div><div class=\"w-tabs-section has_text_color\" id=\"v55d\" style=\"background:var(--color-header-transparent-text);color:var(--color-header-top-text-hover);\"><button class=\"w-tabs-section-header\" aria-controls=\"content-v55d\" aria-expanded=\"false\"><div class=\"w-tabs-section-title\">Dijital ikiz<\/div><div class=\"w-tabs-section-control\"><\/div><\/button><div  class=\"w-tabs-section-content\" id=\"content-v55d\"><div class=\"w-tabs-section-content-h i-cf\"><div class=\"wpb_text_column\"><div class=\"wpb_wrapper\"><p><span style=\"font-weight: 400;\">Dijital bir ikizin olu\u015fturulmas\u0131, Wiesbaden'in sanal bir g\u00f6r\u00fcnt\u00fcs\u00fcn\u00fc olu\u015fturur  \u2047  \u015fehrin ayr\u0131nt\u0131l\u0131 bir 2D ve 3D temsili, binalar, ula\u015f\u0131m, \u00e7evre ve altyap\u0131 hakk\u0131nda g\u00fcncel verilerle tamamlan\u0131r. Bu dijital model, geli\u015fmeleri sim\u00fcle etmeyi ve ger\u00e7ek d\u00fcnyada deneyimlenmesi zor olan g\u00f6r\u00fcn\u00fcr senaryolar olu\u015fturmay\u0131 m\u00fcmk\u00fcn k\u0131lar. Bu \u015fekilde, kentsel planlama, iklim koruma ve hareketlilik \u00f6zel olarak desteklenebilir: \u00d6rne\u011fin, yeni in\u015faat projelerinin, binalar\u0131n g\u00f6lgelendirilmesinin, sel veya \u0131s\u0131 y\u00fcklerinin yan\u0131 s\u0131ra trafik ak\u0131\u015flar\u0131n\u0131n etkileri \u00f6nceden incelenebilir. Dijital ikiz, karma\u015f\u0131k ba\u011flant\u0131lar\u0131 y\u00f6netim, politika ve vatanda\u015flar i\u00e7in \u015feffaf ve anla\u015f\u0131l\u0131r hale getirir ve b\u00f6ylece s\u00fcrd\u00fcr\u00fclebilir kararlar i\u00e7in sa\u011flam bir temel olu\u015fturur.<\/span><\/p>\n<\/div><\/div><\/div><\/div><\/div><div class=\"w-tabs-section has_text_color\" id=\"r671\" style=\"background:var(--color-header-transparent-text);color:var(--color-header-top-text-hover);\"><button class=\"w-tabs-section-header\" aria-controls=\"content-r671\" aria-expanded=\"false\"><div class=\"w-tabs-section-title\">Ye\u015fil IT<\/div><div class=\"w-tabs-section-control\"><\/div><\/button><div  class=\"w-tabs-section-content\" id=\"content-r671\"><div class=\"w-tabs-section-content-h i-cf\"><div class=\"wpb_text_column\"><div class=\"wpb_wrapper\"><p><span style=\"font-weight: 400;\">Belediye hizmet sa\u011flay\u0131c\u0131s\u0131 WiTCOM'un veri merkezi art\u0131k tamamen do\u011fal elektrikle \u00e7al\u0131\u015f\u0131yor. Bunu yaparken, iklim dostu dijitalle\u015fmeye do\u011fru \u00f6nemli bir ad\u0131m att\u0131k.<\/span><\/p>\n<\/div><\/div><\/div><\/div><\/div><div class=\"w-tabs-section has_text_color\" id=\"x7b8\" style=\"background:var(--color-header-transparent-text);color:var(--color-header-top-text-hover);\"><button class=\"w-tabs-section-header\" aria-controls=\"content-x7b8\" aria-expanded=\"false\"><div class=\"w-tabs-section-title\">\u0130n\u015faat y\u00f6netiminin dijitalle\u015ftirilmesi<\/div><div class=\"w-tabs-section-control\"><\/div><\/button><div  class=\"w-tabs-section-content\" id=\"content-x7b8\"><div class=\"w-tabs-section-content-h i-cf\"><div class=\"wpb_text_column\"><div class=\"wpb_wrapper\"><p><span style=\"font-weight: 400;\">Wiesbaden, in\u015faat s\u00fcre\u00e7lerini daha h\u0131zl\u0131, daha \u015feffaf ve dijital olarak eri\u015filebilir hale getirir. Mimarlar ve in\u015faat\u00e7\u0131lar, bina ba\u015fvurular\u0131n\u0131n yan\u0131 s\u0131ra bina izinleri ve an\u0131t koruma ba\u015fvurular\u0131n\u0131 tamamen \u00e7evrimi\u00e7i olarak sunabilirler. 2023'ten bu yana hibrid in\u015faat uygulamas\u0131yla, belgelerin PDF olarak dijital olarak sunulmas\u0131 m\u00fcmk\u00fcnd\u00fcr  \u2047  bas\u0131l\u0131 kopyalar yaln\u0131zca bir kez daha gereklidir. Ayn\u0131 zamanda, dijital dosya eri\u015fimi, in\u015faat\u00e7\u0131lar\u0131n bina dosyalar\u0131n\u0131 \u00e7evrimi\u00e7i olarak g\u00f6r\u00fcnt\u00fclemelerini ve gerekli belgeleri do\u011frudan y\u00fcklemelerini sa\u011flar. Bu, onay s\u00fcre\u00e7lerini ilgili herkes i\u00e7in \u00e7ok daha verimli ve kullan\u0131\u015fl\u0131 hale getirir.<\/span><\/p>\n<\/div><\/div><\/div><\/div><\/div><div class=\"w-tabs-section has_text_color\" id=\"r8d3\" style=\"background:var(--color-header-transparent-text);color:var(--color-header-top-text-hover);\"><button class=\"w-tabs-section-header\" aria-controls=\"content-r8d3\" aria-expanded=\"false\"><div class=\"w-tabs-section-title\">\u015eirketler i\u00e7in dijital hizmetler<\/div><div class=\"w-tabs-section-control\"><\/div><\/button><div  class=\"w-tabs-section-content\" id=\"content-r8d3\"><div class=\"w-tabs-section-content-h i-cf\"><div class=\"wpb_text_column\"><div class=\"wpb_wrapper\"><p><span style=\"font-weight: 400;\">Wiesbaden, \u015firketleri dijital d\u00f6n\u00fc\u015f\u00fcmlerinde aktif olarak desteklemektedir. Wiesbaden 2030 El Sanatlar\u0131 G\u00fcndemi, fiber optik altyap\u0131n\u0131n geni\u015fletilmesi ve yenilik\u00e7i ak\u0131ll\u0131 \u015fehir \u00e7\u00f6z\u00fcmlerinin geli\u015ftirilmesi yoluyla zanaat i\u015fletmelerini \u00f6zel olarak te\u015fvik etmektedir. Buna ek olarak, 2025'ten itibaren \u015firket hesab\u0131, \u015fehir hizmetlerine merkezi dijital eri\u015fim sunacak ve \u015firketlerin ilgili t\u00fcm hizmetlere do\u011frudan ve kolay eri\u015fimini sa\u011flayacak.<\/span><\/p>\n<\/div><\/div><\/div><\/div><\/div><\/div><\/div><div class=\"w-separator size_medium\"><\/div><div class=\"w-btn-wrapper align_left\"><a class=\"w-btn us-btn-style_8 icon_atleft\" href=\"https:\/\/gruene-wiesbaden.de\/tr\/kommunalwahl\/#Kapitel3\"><i class=\"fas fa-chevron-circle-right\"><\/i><span class=\"w-btn-label\">Genel bak\u0131\u015fa geri d\u00f6n<\/span><\/a><\/div><div class=\"w-separator size_large\"><\/div><\/div><\/div><\/div><\/div><\/section>","protected":false},"excerpt":{"rendered":"Demokrasimizin i\u015fleyi\u015fi i\u00e7in modern ve etkin y\u00f6netim \u015fartt\u0131r: Vatanda\u015flar\u0131n hizmetleri nas\u0131l deneyimledi\u011fine ve \u015fehrimizin ne kadar etkili oldu\u011funa karar verir. Derin teknolojik ve toplumsal de\u011fi\u015fimlerin yan\u0131 s\u0131ra demografik de\u011fi\u015fim zamanlar\u0131nda, Wiesbaden'in ayn\u0131 zamanda gelece\u011fe uygun hale getirilmesi, i\u015fg\u00fcc\u00fc ve beceri k\u0131tl\u0131\u011f\u0131n\u0131n aktif olarak ele al\u0131nmas\u0131 gerekiyor.","protected":false},"author":1,"featured_media":1568,"comment_status":"closed","ping_status":"closed","sticky":false,"template":"","format":"standard","meta":{"footnotes":""},"categories":[16],"tags":[],"class_list":["post-1386","post","type-post","status-publish","format-standard","has-post-thumbnail","hentry","category-kapitel-3"],"yoast_head":"<!-- This site is optimized with the Yoast SEO plugin v27.5 - https:\/\/yoast.com\/product\/yoast-seo-wordpress\/ -->\n<title>Verwaltungsmodernisierung und Digitalisierung - B\u00dcNDNIS 90\/DIE GR\u00dcNEN Wiesbaden<\/title>\n<meta name=\"robots\" content=\"index, follow, max-snippet:-1, max-image-preview:large, max-video-preview:-1\" \/>\n<link rel=\"canonical\" href=\"https:\/\/gruene-wiesbaden.de\/tr\/verwaltungsmodernisierung-und-digitalisierung\/\" \/>\n<meta property=\"og:locale\" content=\"tr_TR\" \/>\n<meta property=\"og:type\" content=\"article\" \/>\n<meta property=\"og:title\" content=\"Verwaltungsmodernisierung und Digitalisierung - B\u00dcNDNIS 90\/DIE GR\u00dcNEN Wiesbaden\" \/>\n<meta property=\"og:url\" content=\"https:\/\/gruene-wiesbaden.de\/tr\/verwaltungsmodernisierung-und-digitalisierung\/\" \/>\n<meta property=\"og:site_name\" content=\"B\u00dcNDNIS 90\/DIE GR\u00dcNEN Wiesbaden\" \/>\n<meta property=\"article:publisher\" content=\"https:\/\/www.facebook.com\/gruene.wi\" \/>\n<meta property=\"article:published_time\" content=\"2025-11-09T22:36:31+00:00\" \/>\n<meta property=\"article:modified_time\" content=\"2026-04-08T22:36:02+00:00\" \/>\n<meta property=\"og:image\" content=\"https:\/\/gruene-wiesbaden.de\/wp-content\/uploads\/2025\/11\/3.6-Verwaltungsmodernisierung-und-Digitalisierung-scaled.jpeg\" \/>\n\t<meta property=\"og:image:width\" content=\"2560\" \/>\n\t<meta property=\"og:image:height\" content=\"1513\" \/>\n\t<meta property=\"og:image:type\" content=\"image\/jpeg\" \/>\n<meta name=\"author\" content=\"admin\" \/>\n<meta name=\"twitter:card\" content=\"summary_large_image\" \/>\n<meta name=\"twitter:label1\" content=\"Yazan:\" \/>\n\t<meta name=\"twitter:data1\" content=\"admin\" \/>\n\t<meta name=\"twitter:label2\" content=\"Tahmini okuma s\u00fcresi\" \/>\n\t<meta name=\"twitter:data2\" content=\"10 minutes\" \/>\n<script type=\"application\/ld+json\" class=\"yoast-schema-graph\">{\"@context\":\"https:\\\/\\\/schema.org\",\"@graph\":[{\"@type\":\"Article\",\"@id\":\"https:\\\/\\\/gruene-wiesbaden.de\\\/verwaltungsmodernisierung-und-digitalisierung\\\/#article\",\"isPartOf\":{\"@id\":\"https:\\\/\\\/gruene-wiesbaden.de\\\/verwaltungsmodernisierung-und-digitalisierung\\\/\"},\"author\":{\"name\":\"admin\",\"@id\":\"https:\\\/\\\/gruene-wiesbaden.de\\\/#\\\/schema\\\/person\\\/6785c34779159cd4fd86886bb097afe9\"},\"headline\":\"Verwaltungsmodernisierung und Digitalisierung\",\"datePublished\":\"2025-11-09T22:36:31+00:00\",\"dateModified\":\"2026-04-08T22:36:02+00:00\",\"mainEntityOfPage\":{\"@id\":\"https:\\\/\\\/gruene-wiesbaden.de\\\/verwaltungsmodernisierung-und-digitalisierung\\\/\"},\"wordCount\":2776,\"publisher\":{\"@id\":\"https:\\\/\\\/gruene-wiesbaden.de\\\/#organization\"},\"image\":{\"@id\":\"https:\\\/\\\/gruene-wiesbaden.de\\\/verwaltungsmodernisierung-und-digitalisierung\\\/#primaryimage\"},\"thumbnailUrl\":\"https:\\\/\\\/gruene-wiesbaden.de\\\/wp-content\\\/uploads\\\/2025\\\/11\\\/3.6-Verwaltungsmodernisierung-und-Digitalisierung-scaled.jpeg\",\"articleSection\":[\"Kapitel 3\"],\"inLanguage\":\"tr-TR\"},{\"@type\":\"WebPage\",\"@id\":\"https:\\\/\\\/gruene-wiesbaden.de\\\/verwaltungsmodernisierung-und-digitalisierung\\\/\",\"url\":\"https:\\\/\\\/gruene-wiesbaden.de\\\/verwaltungsmodernisierung-und-digitalisierung\\\/\",\"name\":\"Verwaltungsmodernisierung und Digitalisierung - B\u00dcNDNIS 90\\\/DIE GR\u00dcNEN Wiesbaden\",\"isPartOf\":{\"@id\":\"https:\\\/\\\/gruene-wiesbaden.de\\\/#website\"},\"primaryImageOfPage\":{\"@id\":\"https:\\\/\\\/gruene-wiesbaden.de\\\/verwaltungsmodernisierung-und-digitalisierung\\\/#primaryimage\"},\"image\":{\"@id\":\"https:\\\/\\\/gruene-wiesbaden.de\\\/verwaltungsmodernisierung-und-digitalisierung\\\/#primaryimage\"},\"thumbnailUrl\":\"https:\\\/\\\/gruene-wiesbaden.de\\\/wp-content\\\/uploads\\\/2025\\\/11\\\/3.6-Verwaltungsmodernisierung-und-Digitalisierung-scaled.jpeg\",\"datePublished\":\"2025-11-09T22:36:31+00:00\",\"dateModified\":\"2026-04-08T22:36:02+00:00\",\"breadcrumb\":{\"@id\":\"https:\\\/\\\/gruene-wiesbaden.de\\\/verwaltungsmodernisierung-und-digitalisierung\\\/#breadcrumb\"},\"inLanguage\":\"tr-TR\",\"potentialAction\":[{\"@type\":\"ReadAction\",\"target\":[\"https:\\\/\\\/gruene-wiesbaden.de\\\/verwaltungsmodernisierung-und-digitalisierung\\\/\"]}]},{\"@type\":\"ImageObject\",\"inLanguage\":\"tr-TR\",\"@id\":\"https:\\\/\\\/gruene-wiesbaden.de\\\/verwaltungsmodernisierung-und-digitalisierung\\\/#primaryimage\",\"url\":\"https:\\\/\\\/gruene-wiesbaden.de\\\/wp-content\\\/uploads\\\/2025\\\/11\\\/3.6-Verwaltungsmodernisierung-und-Digitalisierung-scaled.jpeg\",\"contentUrl\":\"https:\\\/\\\/gruene-wiesbaden.de\\\/wp-content\\\/uploads\\\/2025\\\/11\\\/3.6-Verwaltungsmodernisierung-und-Digitalisierung-scaled.jpeg\",\"width\":2560,\"height\":1513,\"caption\":\"Hand touching secure access service edge icon on smartphone virtual screen background, password, network, framework and support technology in office. secure access service edge concept.\"},{\"@type\":\"BreadcrumbList\",\"@id\":\"https:\\\/\\\/gruene-wiesbaden.de\\\/verwaltungsmodernisierung-und-digitalisierung\\\/#breadcrumb\",\"itemListElement\":[{\"@type\":\"ListItem\",\"position\":1,\"name\":\"Startseite\",\"item\":\"https:\\\/\\\/gruene-wiesbaden.de\\\/\"},{\"@type\":\"ListItem\",\"position\":2,\"name\":\"Verwaltungsmodernisierung und Digitalisierung\"}]},{\"@type\":\"WebSite\",\"@id\":\"https:\\\/\\\/gruene-wiesbaden.de\\\/#website\",\"url\":\"https:\\\/\\\/gruene-wiesbaden.de\\\/\",\"name\":\"DIE GR\u00dcNEN Wiesbaden\",\"description\":\"\",\"publisher\":{\"@id\":\"https:\\\/\\\/gruene-wiesbaden.de\\\/#organization\"},\"potentialAction\":[{\"@type\":\"SearchAction\",\"target\":{\"@type\":\"EntryPoint\",\"urlTemplate\":\"https:\\\/\\\/gruene-wiesbaden.de\\\/?s={search_term_string}\"},\"query-input\":{\"@type\":\"PropertyValueSpecification\",\"valueRequired\":true,\"valueName\":\"search_term_string\"}}],\"inLanguage\":\"tr-TR\"},{\"@type\":\"Organization\",\"@id\":\"https:\\\/\\\/gruene-wiesbaden.de\\\/#organization\",\"name\":\"DIE GR\u00dcNEN Wiesbaden\",\"url\":\"https:\\\/\\\/gruene-wiesbaden.de\\\/\",\"logo\":{\"@type\":\"ImageObject\",\"inLanguage\":\"tr-TR\",\"@id\":\"https:\\\/\\\/gruene-wiesbaden.de\\\/#\\\/schema\\\/logo\\\/image\\\/\",\"url\":\"https:\\\/\\\/gruene-wiesbaden-fuer-europa.de\\\/wp-content\\\/uploads\\\/2024\\\/04\\\/Machen-was-zaehlt-5.png\",\"contentUrl\":\"https:\\\/\\\/gruene-wiesbaden-fuer-europa.de\\\/wp-content\\\/uploads\\\/2024\\\/04\\\/Machen-was-zaehlt-5.png\",\"width\":1772,\"height\":1772,\"caption\":\"DIE GR\u00dcNEN Wiesbaden\"},\"image\":{\"@id\":\"https:\\\/\\\/gruene-wiesbaden.de\\\/#\\\/schema\\\/logo\\\/image\\\/\"},\"sameAs\":[\"https:\\\/\\\/www.facebook.com\\\/gruene.wi\",\"https:\\\/\\\/instagram.com\\\/gruene_wi\"]},{\"@type\":\"Person\",\"@id\":\"https:\\\/\\\/gruene-wiesbaden.de\\\/#\\\/schema\\\/person\\\/6785c34779159cd4fd86886bb097afe9\",\"name\":\"admin\",\"sameAs\":[\"http:\\\/\\\/gruene-wiesbaden-fuer-europa.de\"],\"url\":\"https:\\\/\\\/gruene-wiesbaden.de\\\/tr\\\/author\\\/admin\\\/\"}]}<\/script>\n<!-- \/ Yoast SEO plugin. -->","yoast_head_json":{"title":"Verwaltungsmodernisierung und Digitalisierung - B\u00dcNDNIS 90\/DIE GR\u00dcNEN Wiesbaden","robots":{"index":"index","follow":"follow","max-snippet":"max-snippet:-1","max-image-preview":"max-image-preview:large","max-video-preview":"max-video-preview:-1"},"canonical":"https:\/\/gruene-wiesbaden.de\/tr\/verwaltungsmodernisierung-und-digitalisierung\/","og_locale":"tr_TR","og_type":"article","og_title":"Verwaltungsmodernisierung und Digitalisierung - B\u00dcNDNIS 90\/DIE GR\u00dcNEN Wiesbaden","og_url":"https:\/\/gruene-wiesbaden.de\/tr\/verwaltungsmodernisierung-und-digitalisierung\/","og_site_name":"B\u00dcNDNIS 90\/DIE GR\u00dcNEN Wiesbaden","article_publisher":"https:\/\/www.facebook.com\/gruene.wi","article_published_time":"2025-11-09T22:36:31+00:00","article_modified_time":"2026-04-08T22:36:02+00:00","og_image":[{"width":2560,"height":1513,"url":"https:\/\/gruene-wiesbaden.de\/wp-content\/uploads\/2025\/11\/3.6-Verwaltungsmodernisierung-und-Digitalisierung-scaled.jpeg","type":"image\/jpeg"}],"author":"admin","twitter_card":"summary_large_image","twitter_misc":{"Yazan:":"admin","Tahmini okuma s\u00fcresi":"10 minutes"},"schema":{"@context":"https:\/\/schema.org","@graph":[{"@type":"Article","@id":"https:\/\/gruene-wiesbaden.de\/verwaltungsmodernisierung-und-digitalisierung\/#article","isPartOf":{"@id":"https:\/\/gruene-wiesbaden.de\/verwaltungsmodernisierung-und-digitalisierung\/"},"author":{"name":"admin","@id":"https:\/\/gruene-wiesbaden.de\/#\/schema\/person\/6785c34779159cd4fd86886bb097afe9"},"headline":"Verwaltungsmodernisierung und Digitalisierung","datePublished":"2025-11-09T22:36:31+00:00","dateModified":"2026-04-08T22:36:02+00:00","mainEntityOfPage":{"@id":"https:\/\/gruene-wiesbaden.de\/verwaltungsmodernisierung-und-digitalisierung\/"},"wordCount":2776,"publisher":{"@id":"https:\/\/gruene-wiesbaden.de\/#organization"},"image":{"@id":"https:\/\/gruene-wiesbaden.de\/verwaltungsmodernisierung-und-digitalisierung\/#primaryimage"},"thumbnailUrl":"https:\/\/gruene-wiesbaden.de\/wp-content\/uploads\/2025\/11\/3.6-Verwaltungsmodernisierung-und-Digitalisierung-scaled.jpeg","articleSection":["Kapitel 3"],"inLanguage":"tr-TR"},{"@type":"WebPage","@id":"https:\/\/gruene-wiesbaden.de\/verwaltungsmodernisierung-und-digitalisierung\/","url":"https:\/\/gruene-wiesbaden.de\/verwaltungsmodernisierung-und-digitalisierung\/","name":"Verwaltungsmodernisierung und Digitalisierung - B\u00dcNDNIS 90\/DIE GR\u00dcNEN Wiesbaden","isPartOf":{"@id":"https:\/\/gruene-wiesbaden.de\/#website"},"primaryImageOfPage":{"@id":"https:\/\/gruene-wiesbaden.de\/verwaltungsmodernisierung-und-digitalisierung\/#primaryimage"},"image":{"@id":"https:\/\/gruene-wiesbaden.de\/verwaltungsmodernisierung-und-digitalisierung\/#primaryimage"},"thumbnailUrl":"https:\/\/gruene-wiesbaden.de\/wp-content\/uploads\/2025\/11\/3.6-Verwaltungsmodernisierung-und-Digitalisierung-scaled.jpeg","datePublished":"2025-11-09T22:36:31+00:00","dateModified":"2026-04-08T22:36:02+00:00","breadcrumb":{"@id":"https:\/\/gruene-wiesbaden.de\/verwaltungsmodernisierung-und-digitalisierung\/#breadcrumb"},"inLanguage":"tr-TR","potentialAction":[{"@type":"ReadAction","target":["https:\/\/gruene-wiesbaden.de\/verwaltungsmodernisierung-und-digitalisierung\/"]}]},{"@type":"ImageObject","inLanguage":"tr-TR","@id":"https:\/\/gruene-wiesbaden.de\/verwaltungsmodernisierung-und-digitalisierung\/#primaryimage","url":"https:\/\/gruene-wiesbaden.de\/wp-content\/uploads\/2025\/11\/3.6-Verwaltungsmodernisierung-und-Digitalisierung-scaled.jpeg","contentUrl":"https:\/\/gruene-wiesbaden.de\/wp-content\/uploads\/2025\/11\/3.6-Verwaltungsmodernisierung-und-Digitalisierung-scaled.jpeg","width":2560,"height":1513,"caption":"Hand touching secure access service edge icon on smartphone virtual screen background, password, network, framework and support technology in office. secure access service edge concept."},{"@type":"BreadcrumbList","@id":"https:\/\/gruene-wiesbaden.de\/verwaltungsmodernisierung-und-digitalisierung\/#breadcrumb","itemListElement":[{"@type":"ListItem","position":1,"name":"Startseite","item":"https:\/\/gruene-wiesbaden.de\/"},{"@type":"ListItem","position":2,"name":"Verwaltungsmodernisierung und Digitalisierung"}]},{"@type":"WebSite","@id":"https:\/\/gruene-wiesbaden.de\/#website","url":"https:\/\/gruene-wiesbaden.de\/","name":"DIE GR\u00dcNEN Wiesbaden","description":"","publisher":{"@id":"https:\/\/gruene-wiesbaden.de\/#organization"},"potentialAction":[{"@type":"SearchAction","target":{"@type":"EntryPoint","urlTemplate":"https:\/\/gruene-wiesbaden.de\/?s={search_term_string}"},"query-input":{"@type":"PropertyValueSpecification","valueRequired":true,"valueName":"search_term_string"}}],"inLanguage":"tr-TR"},{"@type":"Organization","@id":"https:\/\/gruene-wiesbaden.de\/#organization","name":"DIE GR\u00dcNEN Wiesbaden","url":"https:\/\/gruene-wiesbaden.de\/","logo":{"@type":"ImageObject","inLanguage":"tr-TR","@id":"https:\/\/gruene-wiesbaden.de\/#\/schema\/logo\/image\/","url":"https:\/\/gruene-wiesbaden-fuer-europa.de\/wp-content\/uploads\/2024\/04\/Machen-was-zaehlt-5.png","contentUrl":"https:\/\/gruene-wiesbaden-fuer-europa.de\/wp-content\/uploads\/2024\/04\/Machen-was-zaehlt-5.png","width":1772,"height":1772,"caption":"DIE GR\u00dcNEN Wiesbaden"},"image":{"@id":"https:\/\/gruene-wiesbaden.de\/#\/schema\/logo\/image\/"},"sameAs":["https:\/\/www.facebook.com\/gruene.wi","https:\/\/instagram.com\/gruene_wi"]},{"@type":"Person","@id":"https:\/\/gruene-wiesbaden.de\/#\/schema\/person\/6785c34779159cd4fd86886bb097afe9","name":"admin","sameAs":["http:\/\/gruene-wiesbaden-fuer-europa.de"],"url":"https:\/\/gruene-wiesbaden.de\/tr\/author\/admin\/"}]}},"_links":{"self":[{"href":"https:\/\/gruene-wiesbaden.de\/tr\/wp-json\/wp\/v2\/posts\/1386","targetHints":{"allow":["GET"]}}],"collection":[{"href":"https:\/\/gruene-wiesbaden.de\/tr\/wp-json\/wp\/v2\/posts"}],"about":[{"href":"https:\/\/gruene-wiesbaden.de\/tr\/wp-json\/wp\/v2\/types\/post"}],"author":[{"embeddable":true,"href":"https:\/\/gruene-wiesbaden.de\/tr\/wp-json\/wp\/v2\/users\/1"}],"replies":[{"embeddable":true,"href":"https:\/\/gruene-wiesbaden.de\/tr\/wp-json\/wp\/v2\/comments?post=1386"}],"version-history":[{"count":7,"href":"https:\/\/gruene-wiesbaden.de\/tr\/wp-json\/wp\/v2\/posts\/1386\/revisions"}],"predecessor-version":[{"id":2384,"href":"https:\/\/gruene-wiesbaden.de\/tr\/wp-json\/wp\/v2\/posts\/1386\/revisions\/2384"}],"wp:featuredmedia":[{"embeddable":true,"href":"https:\/\/gruene-wiesbaden.de\/tr\/wp-json\/wp\/v2\/media\/1568"}],"wp:attachment":[{"href":"https:\/\/gruene-wiesbaden.de\/tr\/wp-json\/wp\/v2\/media?parent=1386"}],"wp:term":[{"taxonomy":"category","embeddable":true,"href":"https:\/\/gruene-wiesbaden.de\/tr\/wp-json\/wp\/v2\/categories?post=1386"},{"taxonomy":"post_tag","embeddable":true,"href":"https:\/\/gruene-wiesbaden.de\/tr\/wp-json\/wp\/v2\/tags?post=1386"}],"curies":[{"name":"wp","href":"https:\/\/api.w.org\/{rel}","templated":true}]}}