{"id":1380,"date":"2025-11-10T00:33:24","date_gmt":"2025-11-09T22:33:24","guid":{"rendered":"https:\/\/gruene-wiesbaden.de\/?p=1380"},"modified":"2026-04-09T00:29:47","modified_gmt":"2026-04-08T22:29:47","slug":"wirtschaftsfoerderung-und-beschaeftigung","status":"publish","type":"post","link":"https:\/\/gruene-wiesbaden.de\/tr\/wirtschaftsfoerderung-und-beschaeftigung\/","title":{"rendered":"Ekonomik kalk\u0131nma ve istihdam"},"content":{"rendered":"<section class=\"l-section wpb_row height_medium with_img\"><div class=\"l-section-img\" role=\"img\" data-img-width=\"1080\" data-img-height=\"800\" style=\"background-image: url(https:\/\/gruene-wiesbaden.de\/wp-content\/uploads\/2025\/11\/neuer-Verlauf-gruene-wiesbaden.de_-2-e1762709402177.png);\"><\/div><div class=\"l-section-overlay\" style=\"background:var(--color-header-top-transparent-bg)\"><\/div><div class=\"l-section-h i-cf\"><div class=\"g-cols vc_row via_grid cols_1 laptops-cols_inherit tablets-cols_inherit mobiles-cols_1 valign_top type_default stacking_default\"><div class=\"wpb_column vc_column_container\"><div class=\"vc_column-inner\"><h1 class=\"w-post-elm post_title us_custom_a574d586 has_text_color entry-title\">Ekonomik kalk\u0131nma ve istihdam<\/h1><div class=\"w-separator size_medium\"><\/div><div class=\"g-cols wpb_row via_grid cols_2-1 laptops-cols_inherit tablets-cols_inherit mobiles-cols_1 valign_top type_default stacking_default\" style=\"--columns-gap:3rem;\"><div class=\"wpb_column vc_column_container\"><div class=\"vc_column-inner\"><div class=\"wpb_text_column us_custom_8b3d6790 has_text_color\"><div class=\"wpb_wrapper\"><p><span style=\"font-weight: 400;\">Belediye kararlar\u0131 yerel ekonomi, i\u015fler ve ya\u015fam kalitesi \u00fczerinde do\u011frudan bir etkiye sahiptir. \u00c7e\u015fitli sekt\u00f6rlerdeki \u015firketler, el sanatlar\u0131, start-up'lar ve turizm i\u00e7in hedeflenen destekle, Wiesbaden'de istihdam, yenilik ve kalifiye i\u015f\u00e7ileri g\u00fcvence alt\u0131na al\u0131yor ve ba\u015far\u0131l\u0131 bir d\u00f6n\u00fc\u015f\u00fcm ve ekonomik iyile\u015fme i\u00e7in rota belirliyoruz. Kamu s\u00f6zle\u015fmelerini tarife uyumu ve s\u00fcrd\u00fcr\u00fclebilirlik kriterlerini dikkate alarak adil bir \u015fekilde \u00f6d\u00fcllendiriyoruz. Dijitalle\u015fme, modern altyap\u0131 ve i\u015f, e\u011fitim ve y\u00f6netim aras\u0131ndaki stratejik a\u011f, Wiesbaden'i \u015firketler, \u00e7al\u0131\u015fanlar ve t\u00fcm \u015fehir toplumu i\u00e7in adil, yenilik\u00e7i ve s\u00fcrd\u00fcr\u00fclebilir bir yer olarak esnek ve \u00e7ekici k\u0131lmaktad\u0131r.<\/span><\/p>\n<\/div><\/div><div class=\"w-separator size_medium\"><\/div><div class=\"w-btn-wrapper align_left\"><a class=\"w-btn us-btn-style_8 icon_atleft\" href=\"https:\/\/gruene-wiesbaden.de\/tr\/kommunalwahl\/#Kapitel3\"><i class=\"fas fa-chevron-circle-right\"><\/i><span class=\"w-btn-label\">Genel bak\u0131\u015fa geri d\u00f6n<\/span><\/a><\/div><\/div><\/div><div class=\"wpb_column vc_column_container\"><div class=\"vc_column-inner\"><div class=\"w-image align_center\"><div class=\"w-image-h\"><img decoding=\"async\" width=\"2560\" height=\"1707\" src=\"https:\/\/gruene-wiesbaden.de\/wp-content\/uploads\/2025\/11\/3.3-Wirtschaftsfoerderung-und-Beschaeftigung-scaled.jpeg\" class=\"attachment-full size-full\" alt=\"\" loading=\"lazy\" srcset=\"https:\/\/gruene-wiesbaden.de\/wp-content\/uploads\/2025\/11\/3.3-Wirtschaftsfoerderung-und-Beschaeftigung-scaled.jpeg 2560w, https:\/\/gruene-wiesbaden.de\/wp-content\/uploads\/2025\/11\/3.3-Wirtschaftsfoerderung-und-Beschaeftigung-400x267.jpeg 400w, https:\/\/gruene-wiesbaden.de\/wp-content\/uploads\/2025\/11\/3.3-Wirtschaftsfoerderung-und-Beschaeftigung-600x400.jpeg 600w\" sizes=\"auto, (max-width: 2560px) 100vw, 2560px\" \/><\/div><\/div><div class=\"w-separator size_small\"><\/div><\/div><\/div><\/div><div class=\"w-separator size_medium\"><\/div><div class=\"w-separator size_medium\"><\/div><div class=\"wpb_text_column\"><div class=\"wpb_wrapper\"><h1>G\u00fc\u00e7l\u00fc bir ekonomik kalk\u0131nma ve iyi istihdam politikas\u0131 bizim i\u00e7in ne anlama geliyor?<\/h1>\n<\/div><\/div><div class=\"w-separator size_large\"><\/div><div class=\"g-cols wpb_row via_grid cols_3 laptops-cols_inherit tablets-cols_inherit mobiles-cols_1 valign_top type_default stacking_default\" style=\"--columns-gap:3rem;\"><div class=\"wpb_column vc_column_container\"><div class=\"vc_column-inner\"><div class=\"w-iconbox us_custom_8b3d6790 has_text_color iconpos_left style_default color_custom align_left\"><div class=\"w-iconbox-icon\" style=\"font-size:2rem;--icon-color:#Ffffff;--icon-bg-color:var(--color-header-middle-bg);\"><i class=\"fas fa-layer-group\"><\/i><\/div><div class=\"w-iconbox-meta\"><h4 class=\"w-iconbox-title\" style=\"font-size:1.5rem;\">S\u00fcrd\u00fcr\u00fclebilirlik ve \u00e7evre bilinci<\/h4><div class=\"w-iconbox-text\"><p><span style=\"font-weight: 400;\">S\u00fcrd\u00fcr\u00fclebilir i\u015fletmeler ve ye\u015fil i\u015fler i\u00e7in iklim dostu, kaynak a\u00e7\u0131s\u0131ndan verimli bir ekonomiyi te\u015fvik ediyoruz.<\/span><\/p>\n<\/div><\/div><\/div><\/div><\/div><div class=\"wpb_column vc_column_container\"><div class=\"vc_column-inner\"><div class=\"w-iconbox us_custom_8b3d6790 has_text_color iconpos_left style_default color_custom align_left\"><div class=\"w-iconbox-icon\" style=\"font-size:2rem;--icon-color:#Ffffff;--icon-bg-color:var(--color-header-transparent-text);\"><i class=\"fas fa-layer-group\"><\/i><\/div><div class=\"w-iconbox-meta\"><h4 class=\"w-iconbox-title\" style=\"font-size:1.5rem;\">F\u0131rsat e\u015fitli\u011fi ve KOB\u0130 dostlu\u011fu<\/h4><div class=\"w-iconbox-text\"><p><span style=\"font-weight: 400;\">Kamu s\u00f6zle\u015fmelerini adil, orta \u00f6l\u00e7ekli ve ba\u015flang\u0131\u00e7 dostu bir \u015fekilde, tarife sadakati ve entegrasyonu amac\u0131yla \u00f6d\u00fcllendiriyoruz. Uygun programlar ile kalifikasyon ve istihdam konusunda destek veriyoruz.<\/span><\/p>\n<\/div><\/div><\/div><\/div><\/div><div class=\"wpb_column vc_column_container\"><div class=\"vc_column-inner\"><div class=\"w-iconbox us_custom_8b3d6790 has_text_color iconpos_left style_default color_custom align_left\"><div class=\"w-iconbox-icon\" style=\"font-size:2rem;--icon-color:#Ffffff;--icon-bg-color:var(--color-header-transparent-text);\"><i class=\"fas fa-layer-group\"><\/i><\/div><div class=\"w-iconbox-meta\"><h4 class=\"w-iconbox-title\" style=\"font-size:1.5rem;\">\u0130novasyon, dijitalle\u015fme ve s\u00fcrd\u00fcr\u00fclebilirlik<\/h4><div class=\"w-iconbox-text\"><p><span style=\"font-weight: 400;\">Nitelikli i\u015f\u00e7ileri \u00e7ekmek ve Wiesbaden'i ekonomik olarak esnek hale getirmek i\u00e7in giri\u015fimleri, dijital platformlar\u0131, i\u015f ve e\u011fitim ara\u015ft\u0131rmalar\u0131n\u0131 ve a\u011flar\u0131n\u0131 g\u00fc\u00e7lendiriyoruz.<\/span><\/p>\n<p><br style=\"font-weight: 400;\" \/><br style=\"font-weight: 400;\" \/><\/p>\n<\/div><\/div><\/div><\/div><\/div><\/div><div class=\"w-separator size_medium\"><\/div><div class=\"g-cols wpb_row via_grid cols_3 laptops-cols_inherit tablets-cols_inherit mobiles-cols_1 valign_top type_default stacking_default\" style=\"--columns-gap:3rem;\"><div class=\"wpb_column vc_column_container\"><div class=\"vc_column-inner\"><div class=\"w-iconbox us_custom_8b3d6790 has_text_color iconpos_left style_default color_custom align_left\"><div class=\"w-iconbox-icon\" style=\"font-size:2rem;--icon-color:#Ffffff;--icon-bg-color:var(--color-header-middle-bg);\"><i class=\"fas fa-layer-group\"><\/i><\/div><div class=\"w-iconbox-meta\"><h4 class=\"w-iconbox-title\" style=\"font-size:1.5rem;\">\u0130\u015fbirli\u011fi ve diyalog<\/h4><div class=\"w-iconbox-text\"><p><span style=\"font-weight: 400;\">Sanayi, el sanatlar\u0131, dernekler ve y\u00f6netim birlikte yak\u0131ndan \u00e7al\u0131\u015f\u0131r. Birlikte s\u00fcrd\u00fcr\u00fclebilir turizm, \u015fehir i\u00e7i ba\u015far\u0131l\u0131 bir d\u00f6n\u00fc\u015f\u00fcm, ekonomik kalk\u0131nma, iklim tarafs\u0131zl\u0131\u011f\u0131na d\u00f6n\u00fc\u015f\u00fcm ve yenilik i\u00e7in stratejiler geli\u015ftiriyoruz.<\/span><\/p>\n<\/div><\/div><\/div><\/div><\/div><div class=\"wpb_column vc_column_container\"><div class=\"vc_column-inner\"><div class=\"w-iconbox us_custom_8b3d6790 has_text_color iconpos_left style_default color_custom align_left\"><div class=\"w-iconbox-icon\" style=\"font-size:2rem;--icon-color:#Ffffff;--icon-bg-color:var(--color-header-transparent-text);\"><i class=\"fas fa-layer-group\"><\/i><\/div><div class=\"w-iconbox-meta\"><h4 class=\"w-iconbox-title\" style=\"font-size:1.5rem;\">Mesleki geli\u015fim ve e\u011fitim<\/h4><div class=\"w-iconbox-text\"><p><span style=\"font-weight: 400;\">Gen\u00e7 yetenekleri, kalifikasyonu ve kariyer olanaklar\u0131n\u0131 sekt\u00f6rler genelinde te\u015fvik ediyoruz  \u2047  e\u011fitim radar\u0131, beceri giri\u015fimleri ve dijital platformlar yetenek ve becerilerin korunmas\u0131n\u0131 sa\u011flar.<\/span><\/p>\n<\/div><\/div><\/div><\/div><\/div><div class=\"wpb_column vc_column_container\"><div class=\"vc_column-inner\"><div class=\"w-iconbox us_custom_8b3d6790 has_text_color iconpos_left style_default color_custom align_left\"><div class=\"w-iconbox-icon\" style=\"font-size:2rem;--icon-color:#Ffffff;--icon-bg-color:var(--color-header-transparent-text);\"><i class=\"fas fa-layer-group\"><\/i><\/div><div class=\"w-iconbox-meta\"><h4 class=\"w-iconbox-title\" style=\"font-size:1.5rem;\">Wiesbaden lokasyonunun \u00e7ekicili\u011fi<\/h4><div class=\"w-iconbox-text\"><p><span style=\"font-weight: 400;\">\u015eehir merkezini, turizmi ve yerel ekonomiyi canland\u0131r\u0131yoruz, i\u015f yarat\u0131yoruz ve k\u00fclt\u00fcr\u00fc, kar\u015f\u0131la\u015fmay\u0131 ve yenili\u011fi \u00e7ekici bir konumda birle\u015ftiriyoruz.<\/span><\/p>\n<\/div><\/div><\/div><\/div><\/div><\/div><div class=\"w-separator size_medium\"><\/div><div class=\"w-btn-wrapper align_left\"><a class=\"w-btn us-btn-style_8 icon_atleft\" href=\"https:\/\/gruene-wiesbaden.de\/tr\/kommunalwahl\/#Kapitel3\"><i class=\"fas fa-chevron-circle-right\"><\/i><span class=\"w-btn-label\">Genel bak\u0131\u015fa geri d\u00f6n<\/span><\/a><\/div><div class=\"w-separator size_medium\"><\/div><\/div><\/div><\/div><\/div><\/section><section class=\"l-section wpb_row height_auto with_img\"><div class=\"l-section-img\" role=\"img\" data-img-width=\"2560\" data-img-height=\"1707\" style=\"background-image: url(https:\/\/gruene-wiesbaden.de\/wp-content\/uploads\/2025\/11\/3.3-Wirtschaftsfoerderung-und-Beschaeftigung-scaled.jpeg);background-repeat: no-repeat;\"><\/div><div class=\"l-section-overlay\" style=\"background:var(--color-header-top-transparent-bg)\"><\/div><div class=\"l-section-h i-cf\"><div class=\"g-cols vc_row via_grid cols_1 laptops-cols_inherit tablets-cols_inherit mobiles-cols_1 valign_middle type_default stacking_default\" style=\"--columns-gap:1rem;\"><div class=\"wpb_column vc_column_container\"><div class=\"vc_column-inner\"><div class=\"w-separator size_large\"><\/div><div class=\"wpb_text_column background_inside_text\"><div class=\"wpb_wrapper\"><h1>\u00d6zellikle bu alanda yapmak istediklerimiz<\/h1>\n<\/div><\/div><div class=\"w-separator size_medium\"><\/div><div class=\"w-tabs us_custom_42d693a0 has_text_color style_default switch_click accordion has_scrolling\" style=\"--sections-title-size:1.4rem\"><div class=\"w-tabs-sections titles-align_none icon_chevron cpos_right\"><div class=\"w-tabs-section has_text_color\" id=\"m84a\" style=\"background:var(--color-header-transparent-text);color:var(--color-header-top-text-hover);\"><button class=\"w-tabs-section-header\" aria-controls=\"content-m84a\" aria-expanded=\"false\"><div class=\"w-tabs-section-title\">S\u00fcrd\u00fcr\u00fclebilir ve KOB\u0130 dostu tedarik<\/div><div class=\"w-tabs-section-control\"><\/div><\/button><div  class=\"w-tabs-section-content\" id=\"content-m84a\"><div class=\"w-tabs-section-content-h i-cf\"><div class=\"wpb_text_column\"><div class=\"wpb_wrapper\"><p><span style=\"font-weight: 400;\">Kamu al\u0131mlar\u0131, yerel ekonomik ili\u015fkileri \u015fekillendirmede belediyeler i\u00e7in ilgili bir kald\u0131ra\u00e7t\u0131r. Kamu s\u00f6zle\u015fmelerinin \u00f6d\u00fcl\u00fcn\u00fc daha orta \u00f6l\u00e7ekli ve yenilik dostu hale getirmek istiyoruz, b\u00f6ylece yerel \u015firketlere ve start-up'lara daha iyi hizmet verilir. Ayr\u0131ca, ya\u015fam d\u00f6ng\u00fcs\u00fc maliyetleri ve tarifelere ba\u011fl\u0131l\u0131k gibi sistematik s\u00fcrd\u00fcr\u00fclebilirlik kriterlerinin de dikkate al\u0131nmas\u0131n\u0131 istiyoruz.<\/span><\/p>\n<\/div><\/div><\/div><\/div><\/div><div class=\"w-tabs-section has_text_color\" id=\"f96d\" style=\"background:var(--color-header-transparent-text);color:var(--color-header-top-text-hover);\"><button class=\"w-tabs-section-header\" aria-controls=\"content-f96d\" aria-expanded=\"false\"><div class=\"w-tabs-section-title\">Yerel i\u015fg\u00fcc\u00fc piyasas\u0131 politikas\u0131n\u0131n rol\u00fcn\u00fcn g\u00fc\u00e7lendirilmesi<\/div><div class=\"w-tabs-section-control\"><\/div><\/button><div  class=\"w-tabs-section-content\" id=\"content-f96d\"><div class=\"w-tabs-section-content-h i-cf\"><div class=\"wpb_text_column\"><div class=\"wpb_wrapper\"><p><span style=\"font-weight: 400;\">Wiesbaden kimseyi geride b\u0131rakmamal\u0131. \u0130stihdam te\u015fvik tekliflerini daha iyi koordine etmek ve \u015firket ve \u015firket d\u0131\u015f\u0131 \u00f6nlemleri entegre etmek istiyoruz. Ama\u00e7, d\u00fc\u015f\u00fck e\u015fik nitelikleri, gen\u00e7ler, g\u00f6\u00e7 ge\u00e7mi\u015fi olan insanlar, m\u00fclteciler ve uzun s\u00fcreli i\u015fsizler i\u00e7in \u00f6zel programlar sa\u011flamakt\u0131r. Wiesbaden Gen\u00e7lik At\u00f6lyesi'ni alaca\u011f\u0131z. \u2047 Optionskommune \u2047  modelini incelemek istiyoruz.<\/span><\/p>\n<\/div><\/div><\/div><\/div><\/div><div class=\"w-tabs-section has_text_color\" id=\"yacb\" style=\"background:var(--color-header-transparent-text);color:var(--color-header-top-text-hover);\"><button class=\"w-tabs-section-header\" aria-controls=\"content-yacb\" aria-expanded=\"false\"><div class=\"w-tabs-section-title\">\u0130\u015fg\u00fcc\u00fc piyasas\u0131na daha fazla kap\u0131 a\u00e7mak<\/div><div class=\"w-tabs-section-control\"><\/div><\/button><div  class=\"w-tabs-section-content\" id=\"content-yacb\"><div class=\"w-tabs-section-content-h i-cf\"><div class=\"wpb_text_column\"><div class=\"wpb_wrapper\"><p><span style=\"font-weight: 400;\">\u0130\u015fg\u00fcc\u00fc piyasas\u0131 projesi  \u2047 Stay in Wiesbaden \u2047 'nin izledi\u011fi yolu tutarl\u0131 bir \u015fekilde takip etmek ve m\u00fcltecilerin i\u015fg\u00fcc\u00fc piyasas\u0131na eri\u015fimini kolayla\u015ft\u0131rmak i\u00e7in t\u00fcm yasal se\u00e7enekleri kullanmak istiyoruz. Yerel \u015firketler, Sanayi ve Ticaret Odas\u0131 ve El Sanatlar\u0131 Odas\u0131 ile yak\u0131n bir \u015fekilde \u00e7al\u0131\u015fmak ve ayr\u0131ca uzman giri\u015fimimiz dahilinde hedef m\u00fclteci grubuna \u00f6zel bir odaklanma yapmak istiyoruz. \u00d6nemli oldu\u011funu d\u00fc\u015f\u00fcnd\u00fc\u011f\u00fcm\u00fcz \u00f6nlemler aras\u0131nda b\u00fcrokratik engellerin a\u015f\u0131lmas\u0131nda ve yabanc\u0131 niteliklerin tan\u0131nmas\u0131nda, d\u00fc\u015f\u00fck e\u015fikli dil ve mesleki haz\u0131rl\u0131k kurslar\u0131nda ve \u015firketler ve m\u00fclteciler aras\u0131ndaki sponsorluklarda destek yer al\u0131yor. Bu \u015fekilde kazan-kazan durumu yarat\u0131yoruz: M\u00fclteciler ger\u00e7ek bir bak\u0131\u015f a\u00e7\u0131s\u0131 kazan\u0131yor, \u015firketler vas\u0131fl\u0131 i\u015f\u00e7iler buluyor ve Wiesbaden f\u0131rsatlar ve uyum \u015fehri olarak daha cazip hale geliyor.<\/span><\/p>\n<\/div><\/div><\/div><\/div><\/div><div class=\"w-tabs-section has_text_color\" id=\"nc00\" style=\"background:var(--color-header-middle-bg);color:var(--color-content-heading);\"><button class=\"w-tabs-section-header\" aria-controls=\"content-nc00\" aria-expanded=\"false\"><div class=\"w-tabs-section-title\">Yerel ekonomi ile diyalog<\/div><div class=\"w-tabs-section-control\"><\/div><\/button><div  class=\"w-tabs-section-content\" id=\"content-nc00\"><div class=\"w-tabs-section-content-h i-cf\"><div class=\"wpb_text_column\"><div class=\"wpb_wrapper\"><p><span style=\"font-weight: 400;\">\u015eirketler ve dernekleri ile diyalog ve yap\u0131c\u0131 i\u015fbirli\u011fini s\u00fcrd\u00fcrmek istiyoruz. End\u00fcstriyel Dan\u0131\u015fma Kurulu gibi \u00e7e\u015fitli formatlar kullan\u0131yoruz. \u0130\u015f\u00e7ilikle birlikte, tutarl\u0131 bir \u015fekilde uygulamak istedi\u011fimiz el sanatlar\u0131 g\u00fcndemi geli\u015ftirildi. Demografik de\u011fi\u015fim, dijitalle\u015fme ve enerji ge\u00e7i\u015finin en b\u00fcy\u00fck zorluklar\u0131n\u0131n ancak bu i\u015fbirli\u011fi ile a\u015f\u0131labilece\u011fine inan\u0131yoruz.<\/span><\/p>\n<\/div><\/div><\/div><\/div><\/div><div class=\"w-tabs-section has_text_color\" id=\"ld18\" style=\"background:var(--color-header-transparent-text);color:var(--color-header-top-text-hover);\"><button class=\"w-tabs-section-header\" aria-controls=\"content-ld18\" aria-expanded=\"false\"><div class=\"w-tabs-section-title\">S\u00fcrd\u00fcr\u00fclebilir bina  \u2047  zanaat sekt\u00f6r\u00fc i\u00e7in bir f\u0131rsat<\/div><div class=\"w-tabs-section-control\"><\/div><\/button><div  class=\"w-tabs-section-content\" id=\"content-ld18\"><div class=\"w-tabs-section-content-h i-cf\"><div class=\"wpb_text_column\"><div class=\"wpb_wrapper\"><p><span style=\"font-weight: 400;\">Ekolojik d\u00f6n\u00fc\u015f\u00fcm, yerel el sanatlar\u0131 ve in\u015faat end\u00fcstrisi i\u00e7in b\u00fcy\u00fck f\u0131rsatlar sunuyor: Enerji yenilemeden PV'ye ve yeni mobiliteye kadar. Dernekler, \u015firketler, iklim koruma ajans\u0131 ve e\u011fitim kurumlar\u0131 ile birlikte, ye\u015fil ticaret i\u00e7in bir Wiesbaden ittifak\u0131 olu\u015fturmak, a\u011f olu\u015fturmay\u0131 ve dan\u0131\u015fmanl\u0131\u011f\u0131 te\u015fvik etmek ve hedeflenen finansman\u0131 elde etmek istiyoruz.<\/span><\/p>\n<\/div><\/div><\/div><\/div><\/div><div class=\"w-tabs-section has_text_color\" id=\"ie3c\" style=\"background:var(--color-header-middle-bg);color:var(--color-header-middle-text);\"><button class=\"w-tabs-section-header\" aria-controls=\"content-ie3c\" aria-expanded=\"false\"><div class=\"w-tabs-section-title\">\u0130\u015fletmeleri iklim n\u00f6trl\u00fc\u011f\u00fcne giden yolda desteklemek<\/div><div class=\"w-tabs-section-control\"><\/div><\/button><div  class=\"w-tabs-section-content\" id=\"content-ie3c\"><div class=\"w-tabs-section-content-h i-cf\"><div class=\"wpb_text_column\"><div class=\"wpb_wrapper\"><p><span style=\"font-weight: 400;\">\u0130klim a\u00e7\u0131s\u0131ndan n\u00f6tr, g\u00fcvenli ve uygun fiyatl\u0131 bir enerji kayna\u011f\u0131, \u00f6nemli bir konum fakt\u00f6r\u00fcd\u00fcr. Yerel \u015firketlerimizi bu \u015fekilde desteklemek, fon \u00e7ekmek ve \u00f6rne\u011fin at\u0131k \u0131s\u0131 kullan\u0131m\u0131nda yenilik\u00e7i i\u015fbirli\u011fini te\u015fvik etmek istiyoruz.<\/span><\/p>\n<\/div><\/div><\/div><\/div><\/div><div class=\"w-tabs-section has_text_color\" id=\"rf57\" style=\"background:var(--color-header-transparent-text);color:var(--color-header-top-text-hover);\"><button class=\"w-tabs-section-header\" aria-controls=\"content-rf57\" aria-expanded=\"false\"><div class=\"w-tabs-section-title\">S\u00fcrd\u00fcr\u00fclebilir turizmin te\u015fvik edilmesi<\/div><div class=\"w-tabs-section-control\"><\/div><\/button><div  class=\"w-tabs-section-content\" id=\"content-rf57\"><div class=\"w-tabs-section-content-h i-cf\"><div class=\"wpb_text_column\"><div class=\"wpb_wrapper\"><p><span style=\"font-weight: 400;\">Turizm, otel, gastronomi ve perakende sekt\u00f6rlerinde \u00f6zellikle \u00f6nem ta\u015f\u0131yan kentsel ekonomik stratejinin merkezi bir bile\u015fenidir. Wiesbaden'i cazip bir destinasyon ve s\u00fcrd\u00fcr\u00fclebilir bir turizm merkezi olarak daha da g\u00fc\u00e7lendirmek istiyoruz. \u2047 Destination Wiesbaden Rheingau \u2047 'nun ortak pazarlanmas\u0131n\u0131n ard\u0131ndan, toplu ta\u015f\u0131ma ve kiralama hizmetlerini turistler i\u00e7in daha cazip hale getirerek iklim dostu seyahat ve ula\u015f\u0131m i\u00e7in te\u015fvikler yarat\u0131yoruz. Gen\u00e7 hedef gruplara, ailelere ve k\u00fclt\u00fcrel turistlere y\u00f6nelik teklifleri geli\u015ftirmeye devam ediyoruz. Turizm bilgilerini geli\u015ftirmek ve dijital pazarlama kanallar\u0131n\u0131 geni\u015fletmek istiyoruz.<\/span><\/p>\n<\/div><\/div><\/div><\/div><\/div><div class=\"w-tabs-section has_text_color\" id=\"m06c\" style=\"background:var(--color-header-transparent-text);color:var(--color-header-top-text-hover);\"><button class=\"w-tabs-section-header\" aria-controls=\"content-m06c\" aria-expanded=\"false\"><div class=\"w-tabs-section-title\">Nitelikli i\u015f\u00e7ilerin i\u015fe al\u0131nmas\u0131n\u0131 desteklemek<\/div><div class=\"w-tabs-section-control\"><\/div><\/button><div  class=\"w-tabs-section-content\" id=\"content-m06c\"><div class=\"w-tabs-section-content-h i-cf\"><div class=\"wpb_text_column\"><div class=\"wpb_wrapper\"><p><span style=\"font-weight: 400;\">Nitelikli i\u015fg\u00fcc\u00fc k\u0131tl\u0131\u011f\u0131 ve gen\u00e7 yeteneklerin i\u015fe al\u0131nmas\u0131, \u015firketlerin kar\u015f\u0131la\u015ft\u0131\u011f\u0131 temel zorluklar aras\u0131ndad\u0131r. Son yasama d\u00f6neminde geli\u015ftirilen  \u2047 End\u00fcstriyel Nitelikli \u0130\u015f\u00e7i Giri\u015fimi \u2047 'ni yeterli kaynaklarla donatmaya ve el sanatlar\u0131 ve sa\u011fl\u0131k gibi di\u011fer sekt\u00f6rlere geni\u015fletmeye kararl\u0131y\u0131z.<\/span><\/p>\n<\/div><\/div><\/div><\/div><\/div><\/div><\/div><div class=\"w-separator size_medium\"><\/div><div class=\"w-btn-wrapper align_left\"><a class=\"w-btn us-btn-style_8 icon_atleft\" href=\"https:\/\/gruene-wiesbaden.de\/tr\/kommunalwahl\/#Kapitel3\"><i class=\"fas fa-chevron-circle-right\"><\/i><span class=\"w-btn-label\">Genel bak\u0131\u015fa geri d\u00f6n<\/span><\/a><\/div><div class=\"w-separator size_large\"><\/div><div class=\"wpb_text_column\"><div class=\"wpb_wrapper\"><h1>\u015eimdiye kadar ba\u015fard\u0131klar\u0131m\u0131z<\/h1>\n<\/div><\/div><div class=\"w-separator size_medium\"><\/div><div class=\"w-tabs us_custom_42d693a0 has_text_color style_default switch_click accordion has_scrolling\" style=\"--sections-title-size:1.4rem\"><div class=\"w-tabs-sections titles-align_none icon_chevron cpos_right\"><div class=\"w-tabs-section has_text_color\" id=\"k302\" style=\"background:var(--color-header-transparent-text);color:var(--color-header-top-text-hover);\"><button class=\"w-tabs-section-header\" aria-controls=\"content-k302\" aria-expanded=\"false\"><div class=\"w-tabs-section-title\">F\u0131rsatlar platformu Wiesbaden<\/div><div class=\"w-tabs-section-control\"><\/div><\/button><div  class=\"w-tabs-section-content\" id=\"content-k302\"><div class=\"w-tabs-section-content-h i-cf\"><div class=\"wpb_text_column\"><div class=\"wpb_wrapper\"><p><span style=\"font-weight: 400;\">F\u0131rsatlar Platformu, 2022 y\u0131l\u0131nda WI WORK LIFE ?? End\u00fcstri Becerileri Giri\u015fimi'nin bir par\u00e7as\u0131 olarak ba\u015flat\u0131ld\u0131. Vatanda\u015flara e\u011fitim, \u00f6\u011fretim ve kariyer alanlar\u0131nda dijital destek sunar ve Wiesbaden'deki i\u015f tekliflerine, ileri e\u011fitime ve \u00e7\u0131rakl\u0131klara eri\u015fimi kolayla\u015ft\u0131r\u0131r.<\/span><\/p>\n<\/div><\/div><\/div><\/div><\/div><div class=\"w-tabs-section has_text_color\" id=\"w489\" style=\"background:var(--color-header-transparent-text);color:var(--color-header-top-text-hover);\"><button class=\"w-tabs-section-header\" aria-controls=\"content-w489\" aria-expanded=\"false\"><div class=\"w-tabs-section-title\">E\u011fitim radar\u0131 Wiesbaden<\/div><div class=\"w-tabs-section-control\"><\/div><\/button><div  class=\"w-tabs-section-content\" id=\"content-w489\"><div class=\"w-tabs-section-content-h i-cf\"><div class=\"wpb_text_column\"><div class=\"wpb_wrapper\"><p><span style=\"font-weight: 400;\">E\u011fitim radar\u0131 2025 y\u0131l\u0131nda tan\u0131t\u0131ld\u0131. Bu dijital platform arac\u0131l\u0131\u011f\u0131yla \u015firketler, kapasite nedenleriyle i\u015fe alamayacaklar\u0131 uygun ba\u015fvuru sahiplerini Wiesbaden merkezli di\u011fer \u015firketlere \u00f6nerebilirler. Bu \u015fekilde, b\u00f6lgedeki e\u011fitim f\u0131rsatlar\u0131 \u015feffaf ve kolay eri\u015filebilir olmaya devam etmektedir.<\/span><\/p>\n<\/div><\/div><\/div><\/div><\/div><div class=\"w-tabs-section has_text_color\" id=\"h611\" style=\"background:var(--color-header-transparent-text);color:var(--color-header-top-text-hover);\"><button class=\"w-tabs-section-header\" aria-controls=\"content-h611\" aria-expanded=\"false\"><div class=\"w-tabs-section-title\">End\u00fcstri Nitelikli \u0130\u015f\u00e7iler \u0130nisiyatifi Forumu<\/div><div class=\"w-tabs-section-control\"><\/div><\/button><div  class=\"w-tabs-section-content\" id=\"content-h611\"><div class=\"w-tabs-section-content-h i-cf\"><div class=\"wpb_text_column\"><div class=\"wpb_wrapper\"><p><span style=\"font-weight: 400;\">Forum Yetenek Giri\u015fimi End\u00fcstrisi 2022 y\u0131l\u0131nda kuruldu. Profesyonelleri dijital olarak birbirine ba\u011flar ve \u015firketleri yetenek bulma ve tan\u0131tma konusunda destekler. Ayn\u0131 zamanda, Wiesbaden'de kalifiye i\u015f\u00e7ilerin tutulmas\u0131n\u0131 g\u00fc\u00e7lendirmek i\u00e7in end\u00fcstri, e\u011fitim kurumlar\u0131 ve kurulu\u015flar aras\u0131nda profesyonel al\u0131\u015fveri\u015fi kolayla\u015ft\u0131r\u0131r.<\/span><\/p>\n<\/div><\/div><\/div><\/div><\/div><div class=\"w-tabs-section has_text_color\" id=\"a778\" style=\"background:var(--color-header-middle-bg);color:var(--color-content-heading);\"><button class=\"w-tabs-section-header\" aria-controls=\"content-a778\" aria-expanded=\"false\"><div class=\"w-tabs-section-title\">El Sanatlar\u0131 G\u00fcndemi Wiesbaden 2030<\/div><div class=\"w-tabs-section-control\"><\/div><\/button><div  class=\"w-tabs-section-content\" id=\"content-a778\"><div class=\"w-tabs-section-content-h i-cf\"><div class=\"wpb_text_column\"><div class=\"wpb_wrapper\"><p><span style=\"font-weight: 400;\">Bu \u015fehirde g\u00fc\u00e7l\u00fc bir gemi istiyoruz. May\u0131s 2025'te Wiesbaden 2030 El Sanatlar\u0131 G\u00fcndemi sunuldu. Bununla birlikte, \u015fehrimizin zanaat i\u015flerini g\u00fc\u00e7lendiriyor ve \u00f6zellikle dijitalle\u015fmede, gen\u00e7 yeteneklerin ve vas\u0131fl\u0131 i\u015f\u00e7ilerin tan\u0131t\u0131m\u0131nda onlara e\u015flik ediyoruz. Modern altyap\u0131y\u0131 ve ak\u0131ll\u0131 \u00e7\u00f6z\u00fcmleri geni\u015fleterek \u015firketler s\u00fcrd\u00fcr\u00fclebilir hale geliyor, y\u00fcksek kaliteli i\u015fler yarat\u0131yor ve Wiesbaden'i canl\u0131, s\u00fcrd\u00fcr\u00fclebilir bir \u015fehir olarak \u015fekillendirmeye yard\u0131mc\u0131 oluyor.<\/span><\/p>\n<\/div><\/div><\/div><\/div><\/div><div class=\"w-tabs-section has_text_color\" id=\"m8a8\" style=\"background:var(--color-header-transparent-text);color:var(--color-header-top-text-hover);\"><button class=\"w-tabs-section-header\" aria-controls=\"content-m8a8\" aria-expanded=\"false\"><div class=\"w-tabs-section-title\">WiCoPop  \u2047  \u015eehir merkezi i\u00e7in yarat\u0131c\u0131 d\u00fcrt\u00fcler<\/div><div class=\"w-tabs-section-control\"><\/div><\/button><div  class=\"w-tabs-section-content\" id=\"content-m8a8\"><div class=\"w-tabs-section-content-h i-cf\"><div class=\"wpb_text_column\"><div class=\"wpb_wrapper\"><p><span style=\"font-weight: 400;\">Wiesbaden, WiCoPop ile \u015fehir merkezindeki bo\u015f ma\u011fazalar\u0131 canland\u0131ran yenilik\u00e7i bir proje ba\u015flatt\u0131. Start-up'lar, gen\u00e7 giri\u015fimciler ve kreatifler \u00fcr\u00fcnlerini, fikirlerini ve k\u00fclt\u00fcrel projelerini ge\u00e7ici sat\u0131\u015f ve sergi odalar\u0131nda kiras\u0131z veya uygun maliyetli olarak sundular. WiCoPop b\u00f6ylece sadece yerel ekonomiyi te\u015fvik etmekle kalmad\u0131, ayn\u0131 zamanda yeni istihdam ve ba\u015flang\u0131\u00e7 f\u0131rsatlar\u0131 yaratt\u0131, \u015fehir merkezini \u00e7ekici bir yer olarak g\u00fc\u00e7lendirdi ve Wiesbaden'i hem vatanda\u015flar hem de \u015firketler i\u00e7in canl\u0131 bir yenilik ve kar\u015f\u0131la\u015fma yeri haline getirdi.<\/span><\/p>\n<\/div><\/div><\/div><\/div><\/div><div class=\"w-tabs-section has_text_color\" id=\"y9de\" style=\"background:var(--color-header-transparent-text);color:var(--color-header-top-text-hover);\"><button class=\"w-tabs-section-header\" aria-controls=\"content-y9de\" aria-expanded=\"false\"><div class=\"w-tabs-section-title\">2025+ perakende konseptinin devam\u0131<\/div><div class=\"w-tabs-section-control\"><\/div><\/button><div  class=\"w-tabs-section-content\" id=\"content-y9de\"><div class=\"w-tabs-section-content-h i-cf\"><div class=\"wpb_text_column\"><div class=\"wpb_wrapper\"><p><span style=\"font-weight: 400;\">2025+ perakende konseptinin devam etmesiyle Wiesbaden, \u00f6zellikle \u015fehir i\u00e7i ve merkez b\u00f6lgelerini g\u00fc\u00e7lendiriyor. Konsept, yerel perakendecilere, start-up'lara ve pop-up ma\u011fazalar\u0131na stratejik olarak e\u015flik ediyor ve hem yerel hem de dijital olarak tekliflerinin daha da geli\u015ftirilmesinde onlar\u0131 destekliyor. Ama\u00e7, \u015fehir merkezini canl\u0131 ve \u00e7ekici hale getirmek, istihdam\u0131 g\u00fcvence alt\u0131na almak ve Wiesbaden'i ekonomik olarak g\u00fc\u00e7l\u00fc, modern bir yer olarak konumland\u0131rmakt\u0131r. Uzun vadeli y\u00f6nelim ticarete, ekonomiye ve vatanda\u015flara fayda sa\u011flayacakt\u0131r.<\/span><\/p>\n<\/div><\/div><\/div><\/div><\/div><div class=\"w-tabs-section has_text_color\" id=\"eaf5\" style=\"background:var(--color-header-transparent-text);color:var(--color-header-top-text-hover);\"><button class=\"w-tabs-section-header\" aria-controls=\"content-eaf5\" aria-expanded=\"false\"><div class=\"w-tabs-section-title\">Parkletler i\u00e7in alan<\/div><div class=\"w-tabs-section-control\"><\/div><\/button><div  class=\"w-tabs-section-content\" id=\"content-eaf5\"><div class=\"w-tabs-section-content-h i-cf\"><div class=\"wpb_text_column\"><div class=\"wpb_wrapper\"><p><span style=\"font-weight: 400;\">Koronavir\u00fcs pandemisi s\u0131ras\u0131nda, Wiesbaden restorant\u00f6rleri otoparklardaki ge\u00e7ici teraslar\u0131 - parkletler olarak adland\u0131r\u0131lan - karma\u015f\u0131k olmayan bir \u015fekilde deneyebildiler. Yeni bir t\u00fcz\u00fck sayesinde, bunlar art\u0131k kal\u0131c\u0131 olarak uygulanabilir. Parkletler sokaklar\u0131 canland\u0131r\u0131r, misafirler i\u00e7in ek koltuklar yarat\u0131r ve \u015fehir merkezini kar\u015f\u0131la\u015fmalar, k\u00fclt\u00fcr ve al\u0131\u015fveri\u015f i\u00e7in daha \u00e7ekici hale getirir.<\/span><\/p>\n<\/div><\/div><\/div><\/div><\/div><div class=\"w-tabs-section has_text_color\" id=\"sc0b\" style=\"background:var(--color-header-transparent-text);color:var(--color-header-top-text-hover);\"><button class=\"w-tabs-section-header\" aria-controls=\"content-sc0b\" aria-expanded=\"false\"><div class=\"w-tabs-section-title\">End\u00fcstriyel Dan\u0131\u015fma Kurulu: End\u00fcstrinin karar alma s\u00fcre\u00e7lerine kat\u0131l\u0131m\u0131<\/div><div class=\"w-tabs-section-control\"><\/div><\/button><div  class=\"w-tabs-section-content\" id=\"content-sc0b\"><div class=\"w-tabs-section-content-h i-cf\"><div class=\"wpb_text_column\"><div class=\"wpb_wrapper\"><p><span style=\"font-weight: 400;\">Sanayi Dan\u0131\u015fma Kurulu, Wiesbaden ekonomisi i\u00e7in merkezi temas noktas\u0131 olarak kendini kurmu\u015ftur. Bu, \u015firketlerin, odalar\u0131n, \u00fcniversitelerin ve sendikalar\u0131n mevcut zorluklar\u0131, yat\u0131r\u0131mlar\u0131 ve inovasyon projelerini tart\u0131\u015fmak i\u00e7in bir araya geldi\u011fi yerdir. Ye\u015filler Bakan\u0131m\u0131z ve Belediye Ba\u015fkan\u0131m\u0131z\u0131n \u00f6nc\u00fcl\u00fc\u011f\u00fcnde, ekonomi erken bir a\u015famada karar alma s\u00fcre\u00e7lerine kat\u0131lmaktad\u0131r. Bu, end\u00fcstrinin ihtiya\u00e7lar\u0131n\u0131n duyulmas\u0131n\u0131, konumun \u00e7ekicili\u011finin g\u00fc\u00e7lendirilmesini ve uzun vadede i\u015flerin g\u00fcvence alt\u0131na al\u0131nmas\u0131n\u0131 sa\u011flar.<\/span><\/p>\n<\/div><\/div><\/div><\/div><\/div><div class=\"w-tabs-section has_text_color\" id=\"pd4c\" style=\"background:var(--color-header-transparent-text);color:var(--color-header-top-text-hover);\"><button class=\"w-tabs-section-header\" aria-controls=\"content-pd4c\" aria-expanded=\"false\"><div class=\"w-tabs-section-title\">\u015eehir y\u00f6netimi g\u00fc\u00e7lendi  \u2047  \u015fehir merkezini canland\u0131r\u0131yor<\/div><div class=\"w-tabs-section-control\"><\/div><\/button><div  class=\"w-tabs-section-content\" id=\"content-pd4c\"><div class=\"w-tabs-section-content-h i-cf\"><div class=\"wpb_text_column\"><div class=\"wpb_wrapper\"><p><span style=\"font-weight: 400;\">De\u011fi\u015fim zamanlar\u0131nda, i\u00e7 \u015fehrimizin g\u00fc\u00e7l\u00fc bir sese ihtiyac\u0131 var. YE\u015e\u0130L milletvekili ve belediye ba\u015fkan\u0131m\u0131z\u0131n liderli\u011findeki kentsel \u015fehir y\u00f6netimi ekibinin, esnaf ve di\u011fer akt\u00f6rlerle birlikte canl\u0131 bir \u015fehir merkezini te\u015fvik etti\u011fi \u015fey budur. Etkinlikleri, pazarlar\u0131 ve \u015fehir eylemlerini koordine eder, ticaret ve gastronomiyi destekler, yerel akt\u00f6rleri a\u011flar ve \u00e7ekicili\u011fi te\u015fvik etmek ve art\u0131rmak i\u00e7in stratejiler geli\u015ftirir. Bu sadece ziyaret\u00e7ileri \u00e7ekmekle kalmaz, ayn\u0131 zamanda i\u015fleri g\u00fc\u00e7lendirir ve \u015fehir merkezini ekonomik olarak canl\u0131 bir yer olarak g\u00fcvence alt\u0131na al\u0131r. Bu \u00e7al\u0131\u015f\u0131r: 2025 y\u0131l\u0131nda, 250.000 ila 600.000 n\u00fcfuslu di\u011fer \u015fehirlerle kar\u015f\u0131la\u015ft\u0131r\u0131ld\u0131\u011f\u0131nda, Wiesbaden \u015fehri, i\u00e7 \u015fehirlerinin canl\u0131l\u0131\u011f\u0131n\u0131 \u00f6l\u00e7mek ve te\u015fvik etmek i\u00e7in Almanya'daki \u015fehirlere her y\u0131l verilen bir \u00f6d\u00fcl olan VITALCity \u00d6d\u00fcl\u00fc'nde \u00fclke \u00e7ap\u0131nda birinci oldu.<\/span><\/p>\n<\/div><\/div><\/div><\/div><\/div><div class=\"w-tabs-section has_text_color\" id=\"ge65\" style=\"background:var(--color-header-transparent-text);color:var(--color-header-top-text-hover);\"><button class=\"w-tabs-section-header\" aria-controls=\"content-ge65\" aria-expanded=\"false\"><div class=\"w-tabs-section-title\">Mallara yap\u0131lan harcamalar i\u00e7in daha adil \u00fccret tarifesi<\/div><div class=\"w-tabs-section-control\"><\/div><\/button><div  class=\"w-tabs-section-content\" id=\"content-ge65\"><div class=\"w-tabs-section-content-h i-cf\"><div class=\"wpb_text_column\"><div class=\"wpb_wrapper\"><p><span style=\"font-weight: 400;\">2021'in sonuna kadar, mallar\u0131n sergilenmesi i\u00e7in \u00fccretler, ilgili yol durumunun temel \u00f6l\u00e7\u00fctlerine dayan\u0131yordu. Sonu\u00e7 olarak, Kirchgasse gibi y\u00fcksek frekansl\u0131 yerlerdeki perakendeciler y\u0131lda metrekare ba\u015f\u0131na 600 avroya kadar \u00f6deme yapmak zorunda kal\u0131rken, daha az merkezi alanlardaki d\u00fckkanlar \u00f6nemli \u00f6l\u00e7\u00fcde daha d\u00fc\u015f\u00fck \u00fccretlere sahipti. Ticari vitrinler i\u00e7in yeni bir \u00fccret tarifesinin getirilmesiyle Wiesbaden, \u015fehir merkezindeki perakende ticaretini \u00f6nemli \u00f6l\u00e7\u00fcde rahatlatt\u0131. \u00dccretler \u015fehir merkezindeki konuma g\u00f6re \u015feffaf ve kademeliydi, bu da bir\u00e7ok perakendecinin maliyetlerde \u00f6nemli bir d\u00fc\u015f\u00fc\u015ften yararland\u0131\u011f\u0131 anlam\u0131na geliyor. Bu \u00f6nlem, tu\u011fla ve har\u00e7 perakendecili\u011finin rekabet g\u00fcc\u00fcn\u00fc g\u00fc\u00e7lendirir ve \u015fehir merkezinin canlanmas\u0131na katk\u0131da bulunur.<\/span><\/p>\n<\/div><\/div><\/div><\/div><\/div><div class=\"w-tabs-section has_text_color\" id=\"yf7b\" style=\"background:var(--color-header-transparent-text);color:var(--color-header-top-text-hover);\"><button class=\"w-tabs-section-header\" aria-controls=\"content-yf7b\" aria-expanded=\"false\"><div class=\"w-tabs-section-title\">Turizm ve turizm: Seyahat ak\u0131\u015f\u0131: Wiesbaden-Rheingau<\/div><div class=\"w-tabs-section-control\"><\/div><\/button><div  class=\"w-tabs-section-content\" id=\"content-yf7b\"><div class=\"w-tabs-section-content-h i-cf\"><div class=\"wpb_text_column\"><div class=\"wpb_wrapper\"><p><span style=\"font-weight: 400;\">Wiesbaden, turistik tekliflerini Wiesbaden Rheingau destinasyonu \u00fczerinden Rheingau b\u00f6lgesi ile bir araya getiriyor. Koordineli pazarlama kampanyalar\u0131, rezerve edilebilir teklifler ve yerel \u00fcr\u00fcnlerin a\u011f olu\u015fturmas\u0131 ziyaret\u00e7iler i\u00e7in \u00e7ekici, b\u00fct\u00fcnsel bir deneyim yarat\u0131r. \u0130\u015fbirli\u011fi turizmi te\u015fvik ediyor, gastronomiyi, otel end\u00fcstrisini ve k\u00fclt\u00fcr\u00fcn\u00fc g\u00fc\u00e7lendiriyor ve b\u00f6lgede istihdam yarat\u0131yor. Ayr\u0131ca, destinasyon 2024'ten beri s\u00fcrd\u00fcr\u00fclebilir bir destinasyon olarak onaylanm\u0131\u015ft\u0131r ve bu nedenle \u00e7evre dostu turizmi desteklemektedir.<\/span><\/p>\n<\/div><\/div><\/div><\/div><\/div><div class=\"w-tabs-section has_text_color\" id=\"i092\" style=\"background:var(--color-header-transparent-text);color:var(--color-header-top-text-hover);\"><button class=\"w-tabs-section-header\" aria-controls=\"content-i092\" aria-expanded=\"false\"><div class=\"w-tabs-section-title\">Turizm ve turizm: Kurhaus ve Casino<\/div><div class=\"w-tabs-section-control\"><\/div><\/button><div  class=\"w-tabs-section-content\" id=\"content-i092\"><div class=\"w-tabs-section-content-h i-cf\"><div class=\"wpb_text_column\"><div class=\"wpb_wrapper\"><p><span style=\"font-weight: 400;\">Wiesbaden \u015fehri \u00f6zellikle merkezi turizm ve etkinlik yerlerine yat\u0131r\u0131m yapmaktad\u0131r: Kurhaus'un yenilenmesi in\u015faat ve zanaat sipari\u015fleri yarat\u0131r ve k\u00fclt\u00fcr ve gastronomi i\u00e7in uzun vadeli kullan\u0131m f\u0131rsatlar\u0131 sa\u011flar. Ayn\u0131 zamanda, Casino ve Kurhausgastronomie, \u00f6nceki operat\u00f6r s\u00f6zle\u015fmelerinin s\u00fcresi doldu\u011fundan yeniden ihale edilecektir. Bu, yat\u0131r\u0131mlar\u0131, modern kavramlar\u0131 ve i\u015fleri sa\u011flar. Bu \u00f6nlemler, \u015fehir merkezini ziyaret\u00e7iler ve istihdam i\u00e7in ekonomik a\u00e7\u0131dan cazip bir yer olarak g\u00fc\u00e7lendirmektedir.<\/span><\/p>\n<\/div><\/div><\/div><\/div><\/div><\/div><\/div><div class=\"w-separator size_medium\"><\/div><div class=\"w-btn-wrapper align_left\"><a class=\"w-btn us-btn-style_8 icon_atleft\" href=\"https:\/\/gruene-wiesbaden.de\/tr\/kommunalwahl\/#Kapitel3\"><i class=\"fas fa-chevron-circle-right\"><\/i><span class=\"w-btn-label\">Genel bak\u0131\u015fa geri d\u00f6n<\/span><\/a><\/div><div class=\"w-separator size_large\"><\/div><\/div><\/div><\/div><\/div><\/section>","protected":false},"excerpt":{"rendered":"Yerel kararlar, yerel ekonomi, i\u015fler ve ya\u015fam kalitesi \u00fczerinde do\u011frudan bir etkiye sahiptir. \u00c7e\u015fitli sekt\u00f6rlerdeki \u015firketler, el sanatlar\u0131, start-up'lar ve turizm i\u00e7in hedeflenen destekle, Wiesbaden'de istihdam, yenilik ve kalifiye i\u015f\u00e7ileri g\u00fcvence alt\u0131na al\u0131yor ve ba\u015far\u0131l\u0131 bir d\u00f6n\u00fc\u015f\u00fcm ve ekonomik iyile\u015fme i\u00e7in rota belirliyoruz. Kamu s\u00f6zle\u015fmelerini tarife uyumu ve s\u00fcrd\u00fcr\u00fclebilirlik kriterlerini dikkate alarak adil bir \u015fekilde \u00f6d\u00fcllendiriyoruz.","protected":false},"author":1,"featured_media":1566,"comment_status":"closed","ping_status":"closed","sticky":false,"template":"","format":"standard","meta":{"footnotes":""},"categories":[16],"tags":[],"class_list":["post-1380","post","type-post","status-publish","format-standard","has-post-thumbnail","hentry","category-kapitel-3"],"yoast_head":"<!-- This site is optimized with the Yoast SEO plugin v27.5 - https:\/\/yoast.com\/product\/yoast-seo-wordpress\/ -->\n<title>Wirtschaftsf\u00f6rderung und Besch\u00e4ftigung - B\u00dcNDNIS 90\/DIE GR\u00dcNEN Wiesbaden<\/title>\n<meta name=\"robots\" content=\"index, follow, max-snippet:-1, max-image-preview:large, max-video-preview:-1\" \/>\n<link rel=\"canonical\" href=\"https:\/\/gruene-wiesbaden.de\/tr\/wirtschaftsfoerderung-und-beschaeftigung\/\" \/>\n<meta property=\"og:locale\" content=\"tr_TR\" \/>\n<meta property=\"og:type\" content=\"article\" \/>\n<meta property=\"og:title\" content=\"Wirtschaftsf\u00f6rderung und Besch\u00e4ftigung - B\u00dcNDNIS 90\/DIE GR\u00dcNEN Wiesbaden\" \/>\n<meta property=\"og:url\" content=\"https:\/\/gruene-wiesbaden.de\/tr\/wirtschaftsfoerderung-und-beschaeftigung\/\" \/>\n<meta property=\"og:site_name\" content=\"B\u00dcNDNIS 90\/DIE GR\u00dcNEN Wiesbaden\" \/>\n<meta property=\"article:publisher\" content=\"https:\/\/www.facebook.com\/gruene.wi\" \/>\n<meta property=\"article:published_time\" content=\"2025-11-09T22:33:24+00:00\" \/>\n<meta property=\"article:modified_time\" content=\"2026-04-08T22:29:47+00:00\" \/>\n<meta property=\"og:image\" content=\"https:\/\/gruene-wiesbaden.de\/wp-content\/uploads\/2025\/11\/3.3-Wirtschaftsfoerderung-und-Beschaeftigung-scaled.jpeg\" \/>\n\t<meta property=\"og:image:width\" content=\"2560\" \/>\n\t<meta property=\"og:image:height\" content=\"1707\" \/>\n\t<meta property=\"og:image:type\" content=\"image\/jpeg\" \/>\n<meta name=\"author\" content=\"admin\" \/>\n<meta name=\"twitter:card\" content=\"summary_large_image\" \/>\n<meta name=\"twitter:label1\" content=\"Yazan:\" \/>\n\t<meta name=\"twitter:data1\" content=\"admin\" \/>\n\t<meta name=\"twitter:label2\" content=\"Tahmini okuma s\u00fcresi\" \/>\n\t<meta name=\"twitter:data2\" content=\"10 minutes\" \/>\n<script type=\"application\/ld+json\" class=\"yoast-schema-graph\">{\"@context\":\"https:\\\/\\\/schema.org\",\"@graph\":[{\"@type\":\"Article\",\"@id\":\"https:\\\/\\\/gruene-wiesbaden.de\\\/wirtschaftsfoerderung-und-beschaeftigung\\\/#article\",\"isPartOf\":{\"@id\":\"https:\\\/\\\/gruene-wiesbaden.de\\\/wirtschaftsfoerderung-und-beschaeftigung\\\/\"},\"author\":{\"name\":\"admin\",\"@id\":\"https:\\\/\\\/gruene-wiesbaden.de\\\/#\\\/schema\\\/person\\\/6785c34779159cd4fd86886bb097afe9\"},\"headline\":\"Wirtschaftsf\u00f6rderung und Besch\u00e4ftigung\",\"datePublished\":\"2025-11-09T22:33:24+00:00\",\"dateModified\":\"2026-04-08T22:29:47+00:00\",\"mainEntityOfPage\":{\"@id\":\"https:\\\/\\\/gruene-wiesbaden.de\\\/wirtschaftsfoerderung-und-beschaeftigung\\\/\"},\"wordCount\":3041,\"publisher\":{\"@id\":\"https:\\\/\\\/gruene-wiesbaden.de\\\/#organization\"},\"image\":{\"@id\":\"https:\\\/\\\/gruene-wiesbaden.de\\\/wirtschaftsfoerderung-und-beschaeftigung\\\/#primaryimage\"},\"thumbnailUrl\":\"https:\\\/\\\/gruene-wiesbaden.de\\\/wp-content\\\/uploads\\\/2025\\\/11\\\/3.3-Wirtschaftsfoerderung-und-Beschaeftigung-scaled.jpeg\",\"articleSection\":[\"Kapitel 3\"],\"inLanguage\":\"tr-TR\"},{\"@type\":\"WebPage\",\"@id\":\"https:\\\/\\\/gruene-wiesbaden.de\\\/wirtschaftsfoerderung-und-beschaeftigung\\\/\",\"url\":\"https:\\\/\\\/gruene-wiesbaden.de\\\/wirtschaftsfoerderung-und-beschaeftigung\\\/\",\"name\":\"Wirtschaftsf\u00f6rderung und Besch\u00e4ftigung - B\u00dcNDNIS 90\\\/DIE GR\u00dcNEN Wiesbaden\",\"isPartOf\":{\"@id\":\"https:\\\/\\\/gruene-wiesbaden.de\\\/#website\"},\"primaryImageOfPage\":{\"@id\":\"https:\\\/\\\/gruene-wiesbaden.de\\\/wirtschaftsfoerderung-und-beschaeftigung\\\/#primaryimage\"},\"image\":{\"@id\":\"https:\\\/\\\/gruene-wiesbaden.de\\\/wirtschaftsfoerderung-und-beschaeftigung\\\/#primaryimage\"},\"thumbnailUrl\":\"https:\\\/\\\/gruene-wiesbaden.de\\\/wp-content\\\/uploads\\\/2025\\\/11\\\/3.3-Wirtschaftsfoerderung-und-Beschaeftigung-scaled.jpeg\",\"datePublished\":\"2025-11-09T22:33:24+00:00\",\"dateModified\":\"2026-04-08T22:29:47+00:00\",\"breadcrumb\":{\"@id\":\"https:\\\/\\\/gruene-wiesbaden.de\\\/wirtschaftsfoerderung-und-beschaeftigung\\\/#breadcrumb\"},\"inLanguage\":\"tr-TR\",\"potentialAction\":[{\"@type\":\"ReadAction\",\"target\":[\"https:\\\/\\\/gruene-wiesbaden.de\\\/wirtschaftsfoerderung-und-beschaeftigung\\\/\"]}]},{\"@type\":\"ImageObject\",\"inLanguage\":\"tr-TR\",\"@id\":\"https:\\\/\\\/gruene-wiesbaden.de\\\/wirtschaftsfoerderung-und-beschaeftigung\\\/#primaryimage\",\"url\":\"https:\\\/\\\/gruene-wiesbaden.de\\\/wp-content\\\/uploads\\\/2025\\\/11\\\/3.3-Wirtschaftsfoerderung-und-Beschaeftigung-scaled.jpeg\",\"contentUrl\":\"https:\\\/\\\/gruene-wiesbaden.de\\\/wp-content\\\/uploads\\\/2025\\\/11\\\/3.3-Wirtschaftsfoerderung-und-Beschaeftigung-scaled.jpeg\",\"width\":2560,\"height\":1707},{\"@type\":\"BreadcrumbList\",\"@id\":\"https:\\\/\\\/gruene-wiesbaden.de\\\/wirtschaftsfoerderung-und-beschaeftigung\\\/#breadcrumb\",\"itemListElement\":[{\"@type\":\"ListItem\",\"position\":1,\"name\":\"Startseite\",\"item\":\"https:\\\/\\\/gruene-wiesbaden.de\\\/\"},{\"@type\":\"ListItem\",\"position\":2,\"name\":\"Wirtschaftsf\u00f6rderung und Besch\u00e4ftigung\"}]},{\"@type\":\"WebSite\",\"@id\":\"https:\\\/\\\/gruene-wiesbaden.de\\\/#website\",\"url\":\"https:\\\/\\\/gruene-wiesbaden.de\\\/\",\"name\":\"DIE GR\u00dcNEN Wiesbaden\",\"description\":\"\",\"publisher\":{\"@id\":\"https:\\\/\\\/gruene-wiesbaden.de\\\/#organization\"},\"potentialAction\":[{\"@type\":\"SearchAction\",\"target\":{\"@type\":\"EntryPoint\",\"urlTemplate\":\"https:\\\/\\\/gruene-wiesbaden.de\\\/?s={search_term_string}\"},\"query-input\":{\"@type\":\"PropertyValueSpecification\",\"valueRequired\":true,\"valueName\":\"search_term_string\"}}],\"inLanguage\":\"tr-TR\"},{\"@type\":\"Organization\",\"@id\":\"https:\\\/\\\/gruene-wiesbaden.de\\\/#organization\",\"name\":\"DIE GR\u00dcNEN Wiesbaden\",\"url\":\"https:\\\/\\\/gruene-wiesbaden.de\\\/\",\"logo\":{\"@type\":\"ImageObject\",\"inLanguage\":\"tr-TR\",\"@id\":\"https:\\\/\\\/gruene-wiesbaden.de\\\/#\\\/schema\\\/logo\\\/image\\\/\",\"url\":\"https:\\\/\\\/gruene-wiesbaden-fuer-europa.de\\\/wp-content\\\/uploads\\\/2024\\\/04\\\/Machen-was-zaehlt-5.png\",\"contentUrl\":\"https:\\\/\\\/gruene-wiesbaden-fuer-europa.de\\\/wp-content\\\/uploads\\\/2024\\\/04\\\/Machen-was-zaehlt-5.png\",\"width\":1772,\"height\":1772,\"caption\":\"DIE GR\u00dcNEN Wiesbaden\"},\"image\":{\"@id\":\"https:\\\/\\\/gruene-wiesbaden.de\\\/#\\\/schema\\\/logo\\\/image\\\/\"},\"sameAs\":[\"https:\\\/\\\/www.facebook.com\\\/gruene.wi\",\"https:\\\/\\\/instagram.com\\\/gruene_wi\"]},{\"@type\":\"Person\",\"@id\":\"https:\\\/\\\/gruene-wiesbaden.de\\\/#\\\/schema\\\/person\\\/6785c34779159cd4fd86886bb097afe9\",\"name\":\"admin\",\"sameAs\":[\"http:\\\/\\\/gruene-wiesbaden-fuer-europa.de\"],\"url\":\"https:\\\/\\\/gruene-wiesbaden.de\\\/tr\\\/author\\\/admin\\\/\"}]}<\/script>\n<!-- \/ Yoast SEO plugin. -->","yoast_head_json":{"title":"Wirtschaftsf\u00f6rderung und Besch\u00e4ftigung - B\u00dcNDNIS 90\/DIE GR\u00dcNEN Wiesbaden","robots":{"index":"index","follow":"follow","max-snippet":"max-snippet:-1","max-image-preview":"max-image-preview:large","max-video-preview":"max-video-preview:-1"},"canonical":"https:\/\/gruene-wiesbaden.de\/tr\/wirtschaftsfoerderung-und-beschaeftigung\/","og_locale":"tr_TR","og_type":"article","og_title":"Wirtschaftsf\u00f6rderung und Besch\u00e4ftigung - B\u00dcNDNIS 90\/DIE GR\u00dcNEN Wiesbaden","og_url":"https:\/\/gruene-wiesbaden.de\/tr\/wirtschaftsfoerderung-und-beschaeftigung\/","og_site_name":"B\u00dcNDNIS 90\/DIE GR\u00dcNEN Wiesbaden","article_publisher":"https:\/\/www.facebook.com\/gruene.wi","article_published_time":"2025-11-09T22:33:24+00:00","article_modified_time":"2026-04-08T22:29:47+00:00","og_image":[{"width":2560,"height":1707,"url":"https:\/\/gruene-wiesbaden.de\/wp-content\/uploads\/2025\/11\/3.3-Wirtschaftsfoerderung-und-Beschaeftigung-scaled.jpeg","type":"image\/jpeg"}],"author":"admin","twitter_card":"summary_large_image","twitter_misc":{"Yazan:":"admin","Tahmini okuma s\u00fcresi":"10 minutes"},"schema":{"@context":"https:\/\/schema.org","@graph":[{"@type":"Article","@id":"https:\/\/gruene-wiesbaden.de\/wirtschaftsfoerderung-und-beschaeftigung\/#article","isPartOf":{"@id":"https:\/\/gruene-wiesbaden.de\/wirtschaftsfoerderung-und-beschaeftigung\/"},"author":{"name":"admin","@id":"https:\/\/gruene-wiesbaden.de\/#\/schema\/person\/6785c34779159cd4fd86886bb097afe9"},"headline":"Wirtschaftsf\u00f6rderung und Besch\u00e4ftigung","datePublished":"2025-11-09T22:33:24+00:00","dateModified":"2026-04-08T22:29:47+00:00","mainEntityOfPage":{"@id":"https:\/\/gruene-wiesbaden.de\/wirtschaftsfoerderung-und-beschaeftigung\/"},"wordCount":3041,"publisher":{"@id":"https:\/\/gruene-wiesbaden.de\/#organization"},"image":{"@id":"https:\/\/gruene-wiesbaden.de\/wirtschaftsfoerderung-und-beschaeftigung\/#primaryimage"},"thumbnailUrl":"https:\/\/gruene-wiesbaden.de\/wp-content\/uploads\/2025\/11\/3.3-Wirtschaftsfoerderung-und-Beschaeftigung-scaled.jpeg","articleSection":["Kapitel 3"],"inLanguage":"tr-TR"},{"@type":"WebPage","@id":"https:\/\/gruene-wiesbaden.de\/wirtschaftsfoerderung-und-beschaeftigung\/","url":"https:\/\/gruene-wiesbaden.de\/wirtschaftsfoerderung-und-beschaeftigung\/","name":"Wirtschaftsf\u00f6rderung und Besch\u00e4ftigung - B\u00dcNDNIS 90\/DIE GR\u00dcNEN Wiesbaden","isPartOf":{"@id":"https:\/\/gruene-wiesbaden.de\/#website"},"primaryImageOfPage":{"@id":"https:\/\/gruene-wiesbaden.de\/wirtschaftsfoerderung-und-beschaeftigung\/#primaryimage"},"image":{"@id":"https:\/\/gruene-wiesbaden.de\/wirtschaftsfoerderung-und-beschaeftigung\/#primaryimage"},"thumbnailUrl":"https:\/\/gruene-wiesbaden.de\/wp-content\/uploads\/2025\/11\/3.3-Wirtschaftsfoerderung-und-Beschaeftigung-scaled.jpeg","datePublished":"2025-11-09T22:33:24+00:00","dateModified":"2026-04-08T22:29:47+00:00","breadcrumb":{"@id":"https:\/\/gruene-wiesbaden.de\/wirtschaftsfoerderung-und-beschaeftigung\/#breadcrumb"},"inLanguage":"tr-TR","potentialAction":[{"@type":"ReadAction","target":["https:\/\/gruene-wiesbaden.de\/wirtschaftsfoerderung-und-beschaeftigung\/"]}]},{"@type":"ImageObject","inLanguage":"tr-TR","@id":"https:\/\/gruene-wiesbaden.de\/wirtschaftsfoerderung-und-beschaeftigung\/#primaryimage","url":"https:\/\/gruene-wiesbaden.de\/wp-content\/uploads\/2025\/11\/3.3-Wirtschaftsfoerderung-und-Beschaeftigung-scaled.jpeg","contentUrl":"https:\/\/gruene-wiesbaden.de\/wp-content\/uploads\/2025\/11\/3.3-Wirtschaftsfoerderung-und-Beschaeftigung-scaled.jpeg","width":2560,"height":1707},{"@type":"BreadcrumbList","@id":"https:\/\/gruene-wiesbaden.de\/wirtschaftsfoerderung-und-beschaeftigung\/#breadcrumb","itemListElement":[{"@type":"ListItem","position":1,"name":"Startseite","item":"https:\/\/gruene-wiesbaden.de\/"},{"@type":"ListItem","position":2,"name":"Wirtschaftsf\u00f6rderung und Besch\u00e4ftigung"}]},{"@type":"WebSite","@id":"https:\/\/gruene-wiesbaden.de\/#website","url":"https:\/\/gruene-wiesbaden.de\/","name":"DIE GR\u00dcNEN Wiesbaden","description":"","publisher":{"@id":"https:\/\/gruene-wiesbaden.de\/#organization"},"potentialAction":[{"@type":"SearchAction","target":{"@type":"EntryPoint","urlTemplate":"https:\/\/gruene-wiesbaden.de\/?s={search_term_string}"},"query-input":{"@type":"PropertyValueSpecification","valueRequired":true,"valueName":"search_term_string"}}],"inLanguage":"tr-TR"},{"@type":"Organization","@id":"https:\/\/gruene-wiesbaden.de\/#organization","name":"DIE GR\u00dcNEN Wiesbaden","url":"https:\/\/gruene-wiesbaden.de\/","logo":{"@type":"ImageObject","inLanguage":"tr-TR","@id":"https:\/\/gruene-wiesbaden.de\/#\/schema\/logo\/image\/","url":"https:\/\/gruene-wiesbaden-fuer-europa.de\/wp-content\/uploads\/2024\/04\/Machen-was-zaehlt-5.png","contentUrl":"https:\/\/gruene-wiesbaden-fuer-europa.de\/wp-content\/uploads\/2024\/04\/Machen-was-zaehlt-5.png","width":1772,"height":1772,"caption":"DIE GR\u00dcNEN Wiesbaden"},"image":{"@id":"https:\/\/gruene-wiesbaden.de\/#\/schema\/logo\/image\/"},"sameAs":["https:\/\/www.facebook.com\/gruene.wi","https:\/\/instagram.com\/gruene_wi"]},{"@type":"Person","@id":"https:\/\/gruene-wiesbaden.de\/#\/schema\/person\/6785c34779159cd4fd86886bb097afe9","name":"admin","sameAs":["http:\/\/gruene-wiesbaden-fuer-europa.de"],"url":"https:\/\/gruene-wiesbaden.de\/tr\/author\/admin\/"}]}},"_links":{"self":[{"href":"https:\/\/gruene-wiesbaden.de\/tr\/wp-json\/wp\/v2\/posts\/1380","targetHints":{"allow":["GET"]}}],"collection":[{"href":"https:\/\/gruene-wiesbaden.de\/tr\/wp-json\/wp\/v2\/posts"}],"about":[{"href":"https:\/\/gruene-wiesbaden.de\/tr\/wp-json\/wp\/v2\/types\/post"}],"author":[{"embeddable":true,"href":"https:\/\/gruene-wiesbaden.de\/tr\/wp-json\/wp\/v2\/users\/1"}],"replies":[{"embeddable":true,"href":"https:\/\/gruene-wiesbaden.de\/tr\/wp-json\/wp\/v2\/comments?post=1380"}],"version-history":[{"count":7,"href":"https:\/\/gruene-wiesbaden.de\/tr\/wp-json\/wp\/v2\/posts\/1380\/revisions"}],"predecessor-version":[{"id":2381,"href":"https:\/\/gruene-wiesbaden.de\/tr\/wp-json\/wp\/v2\/posts\/1380\/revisions\/2381"}],"wp:featuredmedia":[{"embeddable":true,"href":"https:\/\/gruene-wiesbaden.de\/tr\/wp-json\/wp\/v2\/media\/1566"}],"wp:attachment":[{"href":"https:\/\/gruene-wiesbaden.de\/tr\/wp-json\/wp\/v2\/media?parent=1380"}],"wp:term":[{"taxonomy":"category","embeddable":true,"href":"https:\/\/gruene-wiesbaden.de\/tr\/wp-json\/wp\/v2\/categories?post=1380"},{"taxonomy":"post_tag","embeddable":true,"href":"https:\/\/gruene-wiesbaden.de\/tr\/wp-json\/wp\/v2\/tags?post=1380"}],"curies":[{"name":"wp","href":"https:\/\/api.w.org\/{rel}","templated":true}]}}