{"id":1372,"date":"2025-11-10T00:21:37","date_gmt":"2025-11-09T22:21:37","guid":{"rendered":"https:\/\/gruene-wiesbaden.de\/?p=1372"},"modified":"2026-04-09T10:46:37","modified_gmt":"2026-04-09T08:46:37","slug":"soziale-teilhabe-und-unterstuetzung-von-menschen-in-notlagen","status":"publish","type":"post","link":"https:\/\/gruene-wiesbaden.de\/tr\/soziale-teilhabe-und-unterstuetzung-von-menschen-in-notlagen\/","title":{"rendered":"Acil durumlarda insanlara sosyal kat\u0131l\u0131m ve destek"},"content":{"rendered":"<section class=\"l-section wpb_row height_medium with_img\"><div class=\"l-section-img\" role=\"img\" data-img-width=\"1080\" data-img-height=\"800\" style=\"background-image: url(https:\/\/gruene-wiesbaden.de\/wp-content\/uploads\/2025\/11\/neuer-Verlauf-gruene-wiesbaden.de_-2-e1762709402177.png);\"><\/div><div class=\"l-section-overlay\" style=\"background:var(--color-header-top-transparent-bg)\"><\/div><div class=\"l-section-h i-cf\"><div class=\"g-cols vc_row via_grid cols_1 laptops-cols_inherit tablets-cols_inherit mobiles-cols_1 valign_top type_default stacking_default\"><div class=\"wpb_column vc_column_container\"><div class=\"vc_column-inner\"><h1 class=\"w-post-elm post_title us_custom_a574d586 has_text_color entry-title\">Acil durumlarda insanlara sosyal kat\u0131l\u0131m ve destek<\/h1><div class=\"w-separator size_medium\"><\/div><div class=\"g-cols wpb_row via_grid cols_2-1 laptops-cols_inherit tablets-cols_inherit mobiles-cols_1 valign_top type_default stacking_default\" style=\"--columns-gap:3rem;\"><div class=\"wpb_column vc_column_container\"><div class=\"vc_column-inner\"><div class=\"wpb_text_column us_custom_8b3d6790 has_text_color\"><div class=\"wpb_wrapper\"><p><span style=\"font-weight: 400;\">Sosyal kat\u0131l\u0131m, toplumumuzdaki t\u00fcm insanlara ait temel bir hakt\u0131r. Sadece \u00f6nleyici yakla\u015f\u0131mlar, sa\u011flam bir kentsel toplum ve d\u00fc\u015f\u00fck e\u015fik deste\u011finin geni\u015flemesi yoluyla d\u0131\u015flanmay\u0131 \u00f6nleyebilir ve t\u00fcm Wiesbadeners'in onurlu bir ya\u015fam s\u00fcrmesini sa\u011flayabiliriz. Yoksulluk, \u00f6zellikle \u00e7ocuk ve ya\u015fl\u0131l\u0131k yoksullu\u011fu ve evsizlik, sosyal uyumu tehdit eder ve insanlar\u0131 marjinalle\u015ftirir. K\u0131t belediye kasalar\u0131n\u0131n oldu\u011fu zamanlarda, kaynaklar hedefli ve talep odakl\u0131 bir \u015fekilde kullan\u0131lmal\u0131d\u0131r. Biz Ye\u015filler, optimuma y\u00f6nelik ve insanlar\u0131n ihtiya\u00e7lar\u0131na odaklanan s\u00fcrd\u00fcr\u00fclebilir, krize dayan\u0131kl\u0131 yap\u0131lar yaratmak istiyoruz. Bunu yaparken, toplumun ve ihtiya\u00e7lar\u0131n\u0131n de\u011fi\u015febilece\u011fini g\u00f6z \u00f6n\u00fcnde bulundururuz.<\/span><\/p>\n<\/div><\/div><div class=\"w-separator size_medium\"><\/div><div class=\"w-btn-wrapper align_left\"><a class=\"w-btn us-btn-style_8 icon_atleft\" href=\"https:\/\/gruene-wiesbaden.de\/tr\/kommunalwahl\/#Kapitel2\"><i class=\"fas fa-chevron-circle-right\"><\/i><span class=\"w-btn-label\">Genel bak\u0131\u015fa geri d\u00f6n<\/span><\/a><\/div><\/div><\/div><div class=\"wpb_column vc_column_container\"><div class=\"vc_column-inner\"><div class=\"w-image align_center\"><div class=\"w-image-h\"><img decoding=\"async\" width=\"2560\" height=\"1707\" src=\"https:\/\/gruene-wiesbaden.de\/wp-content\/uploads\/2025\/11\/2.11-Soziale-Teilhabe-und-Unterstuetzung-fuer-Menschen-in-Notlagen-scaled.jpg\" class=\"attachment-full size-full\" alt=\"\" loading=\"lazy\" srcset=\"https:\/\/gruene-wiesbaden.de\/wp-content\/uploads\/2025\/11\/2.11-Soziale-Teilhabe-und-Unterstuetzung-fuer-Menschen-in-Notlagen-scaled.jpg 2560w, https:\/\/gruene-wiesbaden.de\/wp-content\/uploads\/2025\/11\/2.11-Soziale-Teilhabe-und-Unterstuetzung-fuer-Menschen-in-Notlagen-400x267.jpg 400w, https:\/\/gruene-wiesbaden.de\/wp-content\/uploads\/2025\/11\/2.11-Soziale-Teilhabe-und-Unterstuetzung-fuer-Menschen-in-Notlagen-600x400.jpg 600w\" sizes=\"auto, (max-width: 2560px) 100vw, 2560px\" \/><\/div><\/div><div class=\"w-separator size_small\"><\/div><\/div><\/div><\/div><div class=\"w-separator size_medium\"><\/div><div class=\"w-separator size_medium\"><\/div><div class=\"wpb_text_column\"><div class=\"wpb_wrapper\"><h1>\u0130htiyac\u0131 olan insanlar i\u00e7in sosyal kat\u0131l\u0131m ve destek bizim i\u00e7in ne anlama geliyor?<\/h1>\n<\/div><\/div><div class=\"w-separator size_large\"><\/div><div class=\"g-cols wpb_row via_grid cols_3 laptops-cols_inherit tablets-cols_inherit mobiles-cols_1 valign_top type_default stacking_default\" style=\"--columns-gap:3rem;\"><div class=\"wpb_column vc_column_container\"><div class=\"vc_column-inner\"><div class=\"w-iconbox us_custom_8b3d6790 has_text_color iconpos_left style_default color_custom align_left\"><div class=\"w-iconbox-icon\" style=\"font-size:2rem;--icon-color:#Ffffff;--icon-bg-color:var(--color-header-middle-bg);\"><i class=\"fas fa-layer-group\"><\/i><\/div><div class=\"w-iconbox-meta\"><h4 class=\"w-iconbox-title\" style=\"font-size:1.5rem;\">\u00d6nleyici yakla\u015f\u0131mlar<\/h4><div class=\"w-iconbox-text\"><p><span style=\"font-weight: 400;\">B\u00fct\u00fcnle\u015fik belediye stratejileri ve t\u00fcm vatanda\u015flar i\u00e7in ihtiyaca dayal\u0131 destek yoluyla yoksullu\u011fu erken bir a\u015famada \u00f6nl\u00fcyoruz.<\/span><\/p>\n<\/div><\/div><\/div><\/div><\/div><div class=\"wpb_column vc_column_container\"><div class=\"vc_column-inner\"><div class=\"w-iconbox us_custom_8b3d6790 has_text_color iconpos_left style_default color_custom align_left\"><div class=\"w-iconbox-icon\" style=\"font-size:2rem;--icon-color:#Ffffff;--icon-bg-color:var(--color-header-transparent-text);\"><i class=\"fas fa-layer-group\"><\/i><\/div><div class=\"w-iconbox-meta\"><h4 class=\"w-iconbox-title\" style=\"font-size:1.5rem;\">Sitede il\u00e7e sosyal hizmet<\/h4><div class=\"w-iconbox-text\"><p><span style=\"font-weight: 400;\">Sahada krizlerin hafifletilmesi ve \u00f6nleyici destek i\u00e7in iyi donan\u0131ml\u0131 sosyal hizmet sa\u011fl\u0131yoruz.<\/span><\/p>\n<\/div><\/div><\/div><\/div><\/div><div class=\"wpb_column vc_column_container\"><div class=\"vc_column-inner\"><div class=\"w-iconbox us_custom_8b3d6790 has_text_color iconpos_left style_default color_custom align_left\"><div class=\"w-iconbox-icon\" style=\"font-size:2rem;--icon-color:#Ffffff;--icon-bg-color:var(--color-header-transparent-text);\"><i class=\"fas fa-layer-group\"><\/i><\/div><div class=\"w-iconbox-meta\"><h4 class=\"w-iconbox-title\" style=\"font-size:1.5rem;\">E\u015fit kat\u0131l\u0131m<\/h4><div class=\"w-iconbox-text\"><p><span style=\"font-weight: 400;\">T\u00fcm insanlar gelirden ba\u011f\u0131ms\u0131z olarak sosyal ve k\u00fclt\u00fcrel ya\u015fama kat\u0131labilmelidir.<\/span><\/p>\n<\/div><\/div><\/div><\/div><\/div><\/div><div class=\"w-separator size_medium\"><\/div><div class=\"g-cols wpb_row via_grid cols_3 laptops-cols_inherit tablets-cols_inherit mobiles-cols_1 valign_top type_default stacking_default\" style=\"--columns-gap:3rem;\"><div class=\"wpb_column vc_column_container\"><div class=\"vc_column-inner\"><div class=\"w-iconbox us_custom_8b3d6790 has_text_color iconpos_left style_default color_custom align_left\"><div class=\"w-iconbox-icon\" style=\"font-size:2rem;--icon-color:#Ffffff;--icon-bg-color:var(--color-header-middle-bg);\"><i class=\"fas fa-layer-group\"><\/i><\/div><div class=\"w-iconbox-meta\"><h4 class=\"w-iconbox-title\" style=\"font-size:1.5rem;\">Vulnerable Groups Altyaz\u0131lar\u0131<\/h4><div class=\"w-iconbox-text\"><p><span style=\"font-weight: 400;\">Evsiz insanlara, sosyal yard\u0131ma ihtiyac\u0131 olan insanlara ve ya\u015fl\u0131lar\u0131n ve bak\u0131m evlerinin sakinlerine \u00f6zel destek sunuyoruz.<\/span><\/p>\n<\/div><\/div><\/div><\/div><\/div><div class=\"wpb_column vc_column_container\"><div class=\"vc_column-inner\"><div class=\"w-iconbox us_custom_8b3d6790 has_text_color iconpos_left style_default color_custom align_left\"><div class=\"w-iconbox-icon\" style=\"font-size:2rem;--icon-color:#Ffffff;--icon-bg-color:var(--color-header-transparent-text);\"><i class=\"fas fa-layer-group\"><\/i><\/div><div class=\"w-iconbox-meta\"><h4 class=\"w-iconbox-title\" style=\"font-size:1.5rem;\">Herkese a\u00e7\u0131k alanlar<\/h4><div class=\"w-iconbox-text\"><p><span style=\"font-weight: 400;\">Mahalle ile ilgili yakla\u015f\u0131mlar\u0131 te\u015fvik ediyoruz ve t\u00fcm vatanda\u015flar i\u00e7in t\u00fcketimden ar\u0131nd\u0131r\u0131lm\u0131\u015f kamusal alanlar yarat\u0131yoruz.<\/span><\/p>\n<\/div><\/div><\/div><\/div><\/div><div class=\"wpb_column vc_column_container\"><div class=\"vc_column-inner\"><div class=\"w-iconbox us_custom_8b3d6790 has_text_color iconpos_left style_default color_custom align_left\"><div class=\"w-iconbox-icon\" style=\"font-size:2rem;--icon-color:#Ffffff;--icon-bg-color:var(--color-header-transparent-text);\"><i class=\"fas fa-layer-group\"><\/i><\/div><div class=\"w-iconbox-meta\"><h4 class=\"w-iconbox-title\" style=\"font-size:1.5rem;\">D\u00fc\u015f\u00fck e\u015fikli eri\u015fim<\/h4><div class=\"w-iconbox-text\"><p><span style=\"font-weight: 400;\">En iyi teklifler bile, insanlar onlar\u0131 bulamazsa veya kullan\u0131m\u0131 zorla\u015ft\u0131r\u0131l\u0131rsa i\u015fe yaramaz.<\/span><\/p>\n<\/div><\/div><\/div><\/div><\/div><\/div><div class=\"w-separator size_medium\"><\/div><div class=\"w-btn-wrapper align_left\"><a class=\"w-btn us-btn-style_8 icon_atleft\" href=\"https:\/\/gruene-wiesbaden.de\/tr\/kommunalwahl\/#Kapitel2\"><i class=\"fas fa-chevron-circle-right\"><\/i><span class=\"w-btn-label\">Genel bak\u0131\u015fa geri d\u00f6n<\/span><\/a><\/div><div class=\"w-separator size_medium\"><\/div><\/div><\/div><\/div><\/div><\/section><section class=\"l-section wpb_row height_auto with_img\"><div class=\"l-section-img\" role=\"img\" data-img-width=\"2560\" data-img-height=\"1707\" style=\"background-image: url(https:\/\/gruene-wiesbaden.de\/wp-content\/uploads\/2025\/11\/2.11-Soziale-Teilhabe-und-Unterstuetzung-fuer-Menschen-in-Notlagen-scaled.jpg);background-repeat: no-repeat;\"><\/div><div class=\"l-section-overlay\" style=\"background:var(--color-header-top-transparent-bg)\"><\/div><div class=\"l-section-h i-cf\"><div class=\"g-cols vc_row via_grid cols_1 laptops-cols_inherit tablets-cols_inherit mobiles-cols_1 valign_middle type_default stacking_default\" style=\"--columns-gap:1rem;\"><div class=\"wpb_column vc_column_container\"><div class=\"vc_column-inner\"><div class=\"w-separator size_large\"><\/div><div class=\"wpb_text_column background_inside_text\"><div class=\"wpb_wrapper\"><h1>\u00d6zellikle bu alanda yapmak istediklerimiz<\/h1>\n<\/div><\/div><div class=\"w-separator size_medium\"><\/div><div class=\"w-tabs us_custom_42d693a0 has_text_color style_default switch_click accordion has_scrolling\" style=\"--sections-title-size:1.4rem\"><div class=\"w-tabs-sections titles-align_none icon_chevron cpos_right\"><div class=\"w-tabs-section has_text_color\" id=\"dfa7\" style=\"background:var(--color-header-transparent-text);color:var(--color-header-top-text-hover);\"><button class=\"w-tabs-section-header\" aria-controls=\"content-dfa7\" aria-expanded=\"false\"><div class=\"w-tabs-section-title\">Sosyal dan\u0131\u015fma merkezlerinin kapsam\u0131n\u0131n geni\u015fletilmesi<\/div><div class=\"w-tabs-section-control\"><\/div><\/button><div  class=\"w-tabs-section-content\" id=\"content-dfa7\"><div class=\"w-tabs-section-content-h i-cf\"><div class=\"wpb_text_column\"><div class=\"wpb_wrapper\"><p><span style=\"font-weight: 400;\">\u0130nsanlar\u0131n sosyal ihtiya\u00e7lar\u0131n\u0131 kar\u015f\u0131lamalar\u0131na ve zor durumlarda destek almalar\u0131na yard\u0131mc\u0131 olmak i\u00e7in t\u00fcm il\u00e7elerde b\u00fcrokratik olmayan sosyal dan\u0131\u015fma merkezleri olu\u015fturmak istiyoruz. Dernekler arac\u0131l\u0131\u011f\u0131yla \u00f6rg\u00fctlenen bu belediye organlar\u0131 veya organlar\u0131, vatanda\u015flar\u0131n yard\u0131mlar\u0131 ve konut \u00f6denekleri gibi devlet yard\u0131mlar\u0131na eri\u015fim sa\u011flar.<\/span><\/p>\n<\/div><\/div><\/div><\/div><\/div><div class=\"w-tabs-section has_text_color\" id=\"k0d5\" style=\"background:var(--color-header-transparent-text);color:var(--color-header-top-text-hover);\"><button class=\"w-tabs-section-header\" aria-controls=\"content-k0d5\" aria-expanded=\"false\"><div class=\"w-tabs-section-title\">T\u00fcketici olmayan kamusal alanlar\u0131n te\u015fvik edilmesi<\/div><div class=\"w-tabs-section-control\"><\/div><\/button><div  class=\"w-tabs-section-content\" id=\"content-k0d5\"><div class=\"w-tabs-section-content-h i-cf\"><div class=\"wpb_text_column\"><div class=\"wpb_wrapper\"><p><span style=\"font-weight: 400;\">Banklar, i\u00e7me suyu, tuvaletler ve oyun alanlar\u0131 gibi altyap\u0131ya sahip yerlerin yan\u0131 s\u0131ra daha fazla k\u00fct\u00fcphane, gen\u00e7lik ve il\u00e7e toplant\u0131s\u0131 olu\u015fturmak istiyoruz. Ama\u00e7, her sosyo-ekonomik stat\u00fcden insanlar\u0131n kat\u0131l\u0131m\u0131 ve t\u00fcm sosyal gruplar\u0131n bir araya getirilmesidir.<\/span><\/p>\n<\/div><\/div><\/div><\/div><\/div><div class=\"w-tabs-section has_text_color\" id=\"d21a\" style=\"background:var(--color-header-transparent-text);color:var(--color-header-top-text-hover);\"><button class=\"w-tabs-section-header\" aria-controls=\"content-d21a\" aria-expanded=\"false\"><div class=\"w-tabs-section-title\">Wiesbaden Vatanda\u015f Kart\u0131<\/div><div class=\"w-tabs-section-control\"><\/div><\/button><div  class=\"w-tabs-section-content\" id=\"content-d21a\"><div class=\"w-tabs-section-content-h i-cf\"><div class=\"wpb_text_column\"><div class=\"wpb_wrapper\"><p><span style=\"font-weight: 400;\">Sadece sosyal yard\u0131mlar\u0131 de\u011fil, ayn\u0131 zamanda g\u00f6n\u00fcll\u00fc kart\u0131 ve k\u00fct\u00fcphane kart\u0131n\u0131 da i\u00e7eren ayr\u0131mc\u0131 olmayan bir dijital vatanda\u015f kart\u0131 tan\u0131tmak istiyoruz. Bu, kentsel hizmetlere eri\u015fimi basitle\u015ftirir ve damgalanmay\u0131 azalt\u0131r.<\/span><\/p>\n<\/div><\/div><\/div><\/div><\/div><div class=\"w-tabs-section has_text_color\" id=\"s34a\" style=\"background:var(--color-header-middle-bg);color:var(--color-content-heading);\"><button class=\"w-tabs-section-header\" aria-controls=\"content-s34a\" aria-expanded=\"false\"><div class=\"w-tabs-section-title\">\u00c7ocuk yoksullu\u011funa kar\u015f\u0131 sistematik m\u00fccadele<\/div><div class=\"w-tabs-section-control\"><\/div><\/button><div  class=\"w-tabs-section-content\" id=\"content-s34a\"><div class=\"w-tabs-section-content-h i-cf\"><div class=\"wpb_text_column\"><div class=\"wpb_wrapper\"><p><span style=\"font-weight: 400;\">\u00c7ocuklara ve ailelere dokunan t\u00fcm alanlar\u0131n a\u011f\u0131 ile departmanlar aras\u0131 bir \u00f6nleme stratejisinin geli\u015ftirilmesine kararl\u0131y\u0131z. E\u011fitim ve kat\u0131l\u0131m paketi geni\u015fletilecek ve ihtiyaca dayal\u0131 \u00f6zel ders i\u00e7in ek kapsam sa\u011flanacakt\u0131r.<\/span><\/p>\n<\/div><\/div><\/div><\/div><\/div><div class=\"w-tabs-section has_text_color\" id=\"e476\" style=\"background:var(--color-header-transparent-text);color:var(--color-header-top-text-hover);\"><button class=\"w-tabs-section-header\" aria-controls=\"content-e476\" aria-expanded=\"false\"><div class=\"w-tabs-section-title\">Kat\u0131l\u0131m\u0131 g\u00fc\u00e7lendirin<\/div><div class=\"w-tabs-section-control\"><\/div><\/button><div  class=\"w-tabs-section-content\" id=\"content-e476\"><div class=\"w-tabs-section-content-h i-cf\"><div class=\"wpb_text_column\"><div class=\"wpb_wrapper\"><p><span style=\"font-weight: 400;\">Vatanda\u015flar Konseyi i\u00e7in bir pilot proje ba\u015flatmak istiyoruz. Bu, \u015fehir \u00e7ap\u0131nda ilgili konularda toplanabilir. T\u00fcm Wiesbaden sakinleri i\u00e7in kat\u0131l\u0131m m\u00fcmk\u00fcnd\u00fcr. Ayr\u0131ca, sosyal kat\u0131l\u0131m\u0131n hedeflenen tan\u0131t\u0131m\u0131 i\u00e7in bir kat\u0131l\u0131m endeksi geli\u015ftiriyoruz. Bunu yaparken, marjinal gruplar\u0131n dahil oldu\u011fundan emin oluruz.<\/span><\/p>\n<\/div><\/div><\/div><\/div><\/div><div class=\"w-tabs-section has_text_color\" id=\"w59d\" style=\"background:var(--color-header-middle-bg);color:var(--color-header-middle-text);\"><button class=\"w-tabs-section-header\" aria-controls=\"content-w59d\" aria-expanded=\"false\"><div class=\"w-tabs-section-title\">Korunan masa yap\u0131lar\u0131<\/div><div class=\"w-tabs-section-control\"><\/div><\/button><div  class=\"w-tabs-section-content\" id=\"content-w59d\"><div class=\"w-tabs-section-content-h i-cf\"><div class=\"wpb_text_column\"><div class=\"wpb_wrapper\"><p><span style=\"font-weight: 400;\">Panel yap\u0131lar\u0131n\u0131 ve sosyal ma\u011fazalar\u0131, gerekli oldu\u011fu s\u00fcrece ge\u00e7i\u015f yard\u0131mc\u0131s\u0131 olarak g\u00fcvence alt\u0131na almak istiyoruz. Hedefimiz art\u0131k masa olmamas\u0131.<\/span><\/p>\n<\/div><\/div><\/div><\/div><\/div><div class=\"w-tabs-section has_text_color\" id=\"p6c6\" style=\"background:var(--color-header-transparent-text);color:var(--color-header-top-text-hover);\"><button class=\"w-tabs-section-header\" aria-controls=\"content-p6c6\" aria-expanded=\"false\"><div class=\"w-tabs-section-title\">\u0130nsani dan\u0131\u015fma saatlerinin g\u00fc\u00e7lendirilmesi<\/div><div class=\"w-tabs-section-control\"><\/div><\/button><div  class=\"w-tabs-section-content\" id=\"content-p6c6\"><div class=\"w-tabs-section-content-h i-cf\"><div class=\"wpb_text_column\"><div class=\"wpb_wrapper\"><p><span style=\"font-weight: 400;\">Sa\u011fl\u0131k Maliyet Fonu arac\u0131l\u0131\u011f\u0131yla evsiz insanlar i\u00e7in temel t\u0131bbi bak\u0131m\u0131 te\u015fvik etmek ve kriz durumlar\u0131ndaki insanlar i\u00e7in psikososyal dan\u0131\u015fmanl\u0131k yap\u0131lar\u0131n\u0131n geni\u015flemesini \u00f6nlemek istiyoruz.<\/span><\/p>\n<\/div><\/div><\/div><\/div><\/div><div class=\"w-tabs-section has_text_color\" id=\"q7f6\" style=\"background:var(--color-header-transparent-text);color:var(--color-header-top-text-hover);\"><button class=\"w-tabs-section-header\" aria-controls=\"content-q7f6\" aria-expanded=\"false\"><div class=\"w-tabs-section-title\">Mahalle ile ilgili sa\u011fl\u0131k projelerini te\u015fvik etmek<\/div><div class=\"w-tabs-section-control\"><\/div><\/button><div  class=\"w-tabs-section-content\" id=\"content-q7f6\"><div class=\"w-tabs-section-content-h i-cf\"><div class=\"wpb_text_column\"><div class=\"wpb_wrapper\"><p><span style=\"font-weight: 400;\">Sakinlerin kendi giri\u015fimlerini g\u00fcvenli bir finansal temele yerle\u015ftiriyoruz ve m\u00fclteci ve entegrasyon \u00e7al\u0131\u015fmalar\u0131nda g\u00f6n\u00fcll\u00fc kat\u0131l\u0131m\u0131n daha iyi koordinasyonunu taahh\u00fct ediyoruz.<\/span><\/p>\n<\/div><\/div><\/div><\/div><\/div><div class=\"w-tabs-section has_text_color\" id=\"g911\" style=\"background:var(--color-header-transparent-text);color:var(--color-header-top-text-hover);\"><button class=\"w-tabs-section-header\" aria-controls=\"content-g911\" aria-expanded=\"false\"><div class=\"w-tabs-section-title\">Evsizli\u011fe ilk yakla\u015f\u0131m<\/div><div class=\"w-tabs-section-control\"><\/div><\/button><div  class=\"w-tabs-section-content\" id=\"content-g911\"><div class=\"w-tabs-section-content-h i-cf\"><div class=\"wpb_text_column\"><div class=\"wpb_wrapper\"><p><span style=\"font-weight: 400;\">\u015eehir y\u00f6netiminin insanlar\u0131 evsizli\u011fe d\u00fc\u015fmeyecek \u015fekilde desteklemesini istiyoruz. \u00d6nce Konut yakla\u015f\u0131m\u0131yla evsizli\u011fin \u00fcstesinden gelmek istiyoruz. Bu m\u00fcmk\u00fcn de\u011filse veya etkilenenler taraf\u0131ndan istenmiyorsa, yeterli uyku yerleri ve t\u0131bbi yan\u0131 s\u0131ra psikolojik ve psikiyatrik bak\u0131m sa\u011flanmal\u0131d\u0131r.<\/span><\/p>\n<\/div><\/div><\/div><\/div><\/div><div class=\"w-tabs-section has_text_color\" id=\"ia4b\" style=\"background:var(--color-header-transparent-text);color:var(--color-header-top-text-hover);\"><button class=\"w-tabs-section-header\" aria-controls=\"content-ia4b\" aria-expanded=\"false\"><div class=\"w-tabs-section-title\">Zorla fuhu\u015f yapan insanlar i\u00e7in korunan konut<\/div><div class=\"w-tabs-section-control\"><\/div><\/button><div  class=\"w-tabs-section-content\" id=\"content-ia4b\"><div class=\"w-tabs-section-content-h i-cf\"><div class=\"wpb_text_column\"><div class=\"wpb_wrapper\"><p><span style=\"font-weight: 400;\">Zorla fuhu\u015f bir insan haklar\u0131 su\u00e7udur. Bu nedenle, insanlar\u0131 zorla fuhu\u015ftan almak ve onlara koruyucu bir yer vermek i\u00e7in bar\u0131naklar kurulmal\u0131d\u0131r.<\/span><\/p>\n<\/div><\/div><\/div><\/div><\/div><\/div><\/div><div class=\"w-separator size_medium\"><\/div><div class=\"w-btn-wrapper align_left\"><a class=\"w-btn us-btn-style_8 icon_atleft\" href=\"https:\/\/gruene-wiesbaden.de\/tr\/kommunalwahl\/#Kapitel2\"><i class=\"fas fa-chevron-circle-right\"><\/i><span class=\"w-btn-label\">Genel bak\u0131\u015fa geri d\u00f6n<\/span><\/a><\/div><div class=\"w-separator size_large\"><\/div><div class=\"wpb_text_column\"><div class=\"wpb_wrapper\"><h1>\u015eimdiye kadar ba\u015fard\u0131klar\u0131m\u0131z<\/h1>\n<\/div><\/div><div class=\"w-separator size_medium\"><\/div><div class=\"w-tabs us_custom_42d693a0 has_text_color style_default switch_click accordion has_scrolling\" style=\"--sections-title-size:1.4rem\"><div class=\"w-tabs-sections titles-align_none icon_chevron cpos_right\"><div class=\"w-tabs-section has_text_color\" id=\"qf3d\" style=\"background:var(--color-header-transparent-text);color:var(--color-header-top-text-hover);\"><button class=\"w-tabs-section-header\" aria-controls=\"content-qf3d\" aria-expanded=\"false\"><div class=\"w-tabs-section-title\">Ya\u015fl\u0131l\u0131kta kendi kaderini tayin eden bir ya\u015fam i\u00e7in mahalle evleri<\/div><div class=\"w-tabs-section-control\"><\/div><\/button><div  class=\"w-tabs-section-content\" id=\"content-qf3d\"><div class=\"w-tabs-section-content-h i-cf\"><div class=\"wpb_text_column\"><div class=\"wpb_wrapper\"><p><span style=\"font-weight: 400;\">2023'te ba\u015flat\u0131lan Quartiersh\u00e4user Wiesbaden projesi, ya\u015fl\u0131l\u0131kta kar\u015f\u0131la\u015fma, kat\u0131l\u0131m ve kendi kaderini tayin eden ya\u015fam i\u00e7in yeni alanlar yaratt\u0131. \u2047 Bielefeld modelinin ard\u0131ndan, b\u00f6lge evleri engelsiz ya\u015fam\u0131 sosyal altyap\u0131  \u2047  toplant\u0131 odalar\u0131, tavsiye ve mahalle yard\u0131m\u0131 ile birle\u015ftirir. B\u00f6lgede uyumu te\u015fvik ederler ve yaln\u0131zl\u0131\u011f\u0131 \u00f6nlerler. Bu, nesiller aras\u0131 bir arada ya\u015famay\u0131, sosyal kat\u0131l\u0131m\u0131 ve ya\u015fl\u0131l\u0131kta bile tan\u0131d\u0131k bir ortamda kendi kaderini tayin etme olas\u0131l\u0131\u011f\u0131n\u0131 g\u00fc\u00e7lendirir.<\/span><\/p>\n<\/div><\/div><\/div><\/div><\/div><div class=\"w-tabs-section has_text_color\" id=\"r06b\" style=\"background:var(--color-header-transparent-text);color:var(--color-header-top-text-hover);\"><button class=\"w-tabs-section-header\" aria-controls=\"content-r06b\" aria-expanded=\"false\"><div class=\"w-tabs-section-title\">Evsizlere E\u015fg\u00fcd\u00fcml\u00fc Yard\u0131m<\/div><div class=\"w-tabs-section-control\"><\/div><\/button><div  class=\"w-tabs-section-content\" id=\"content-r06b\"><div class=\"w-tabs-section-content-h i-cf\"><div class=\"wpb_text_column\"><div class=\"wpb_wrapper\"><p><span style=\"font-weight: 400;\">Biz Ye\u015filler, Wiesbaden'de evsizlere y\u00f6nelik bak\u0131m\u0131n sistematikle\u015ftirilmesi i\u00e7in kampanya y\u00fcr\u00fctt\u00fck: \u00c7al\u0131\u015fma Grubu <\/span><i><span style=\"font-weight: 400;\">#nerede <\/span><\/i><span style=\"font-weight: 400;\">Kamusal alanlarda evsiz insanlara yard\u0131m etmek i\u00e7in refah ve i\u015f merkezleri, \u015fehir polisi, sa\u011fl\u0131k ve ba\u011f\u0131ml\u0131l\u0131k yard\u0131m\u0131, caritas, diaconia ve g\u00f6n\u00fcll\u00fcleri tek bir koordinasyon birimi alt\u0131nda birle\u015ftirir. \u015eehir, 400'den fazla yere sahip 22 acil bar\u0131nak i\u015fletiyor, Konut-\u0130lk \u00f6nce Freudenberg'deki konteyner k\u00f6yleriyle test ediyor ve sosyal yard\u0131m sosyal hizmetini ikiden on bir yere ve ak\u015fam ve gece saatlerinde sokak sosyal hizmetini geni\u015fletti. Sokak sosyal hizmetlerine eri\u015fim yoluyla, etkilenenlere do\u011frudan hitap edilir, dan\u0131\u015fmanl\u0131k yap\u0131l\u0131r ve evsizli\u011fi sona erdirme umutlar\u0131 geli\u015ftirilir. Odak noktas\u0131, kriz m\u00fcdahalesi ve ya\u015fam durumunun iyile\u015ftirilmesi gibi \u00f6nlemlerdir.<\/span><\/p>\n<\/div><\/div><\/div><\/div><\/div><div class=\"w-tabs-section has_text_color\" id=\"j1c9\" style=\"background:var(--color-header-transparent-text);color:var(--color-header-top-text-hover);\"><button class=\"w-tabs-section-header\" aria-controls=\"content-j1c9\" aria-expanded=\"false\"><div class=\"w-tabs-section-title\">Wiesbaden Model I ve II  \u2047  Fuhu\u015f \u00fczerine belediye stratejileri<\/div><div class=\"w-tabs-section-control\"><\/div><\/button><div  class=\"w-tabs-section-content\" id=\"content-j1c9\"><div class=\"w-tabs-section-content-h i-cf\"><div class=\"wpb_text_column\"><div class=\"wpb_wrapper\"><p><span style=\"font-weight: 400;\">Fahi\u015felik alan\u0131nda sosyal yard\u0131m yapan ve \u00e7\u0131k\u0131\u015f yard\u0131m\u0131 sunan bir travma terapisti tuttuk. Bu yasama organ\u0131ndan bu yana, Kad\u0131n Birimi de tatil dairelerinde ve otellerde yasad\u0131\u015f\u0131 fuhu\u015fa kar\u015f\u0131 ba\u015far\u0131l\u0131 bir \u015fekilde harekete ge\u00e7ti. Wiesbaden modeli di\u011fer belediyeler i\u00e7in en iyi uygulamad\u0131r.<\/span><\/p>\n<\/div><\/div><\/div><\/div><\/div><div class=\"w-tabs-section has_text_color\" id=\"v325\" style=\"background:var(--color-header-middle-bg);color:var(--color-content-heading);\"><button class=\"w-tabs-section-header\" aria-controls=\"content-v325\" aria-expanded=\"false\"><div class=\"w-tabs-section-title\">G\u00fc\u00e7lendirilmi\u015f il\u00e7e sosyal hizmet<\/div><div class=\"w-tabs-section-control\"><\/div><\/button><div  class=\"w-tabs-section-content\" id=\"content-v325\"><div class=\"w-tabs-section-content-h i-cf\"><div class=\"wpb_text_column\"><div class=\"wpb_wrapper\"><p><span style=\"font-weight: 400;\">Wiesbaden'deki il\u00e7e sosyal hizmeti geni\u015fletildi ve il\u00e7elerdeki sosyal dan\u0131\u015fmanl\u0131k g\u00fc\u00e7lendirildi. Zor durumlardaki insanlar, \u00f6nleyici yard\u0131mdan kriz m\u00fcdahalesine kadar eve yak\u0131n destek al\u0131rlar. Mahallelerdeki mobil ekipler ve daimi irtibat ki\u015fileri sosyal kat\u0131l\u0131m\u0131 te\u015fvik eder, izolasyonu \u00f6nler ve hizmetlere eri\u015fimi kolayla\u015ft\u0131r\u0131r. Bu, sorunlar\u0131n t\u0131rmanmas\u0131ndan \u00f6nce erken bir a\u015famada yard\u0131mc\u0131 olur ve Wiesbaden'deki sosyal altyap\u0131y\u0131 s\u00fcrd\u00fcr\u00fclebilir bir \u015fekilde g\u00fc\u00e7lendirir.<\/span><\/p>\n<\/div><\/div><\/div><\/div><\/div><\/div><\/div><div class=\"w-separator size_medium\"><\/div><div class=\"w-btn-wrapper align_left\"><a class=\"w-btn us-btn-style_8 icon_atleft\" href=\"https:\/\/gruene-wiesbaden.de\/tr\/kommunalwahl\/#Kapitel2\"><i class=\"fas fa-chevron-circle-right\"><\/i><span class=\"w-btn-label\">Genel bak\u0131\u015fa geri d\u00f6n<\/span><\/a><\/div><div class=\"w-separator size_large\"><\/div><\/div><\/div><\/div><\/div><\/section>","protected":false},"excerpt":{"rendered":"Sosyal kat\u0131l\u0131m ve ihtiya\u00e7 sahiplerine destekSosyal kat\u0131l\u0131m, toplumumuzdaki t\u00fcm insanlara ait temel bir hakt\u0131r. Sadece \u00f6nleyici yakla\u015f\u0131mlar, sa\u011flam bir kentsel toplum ve d\u00fc\u015f\u00fck e\u015fik deste\u011finin geni\u015flemesi yoluyla d\u0131\u015flanmay\u0131 \u00f6nleyebilir ve t\u00fcm Wiesbadeners'in onurlu bir ya\u015fam s\u00fcrmesini sa\u011flayabiliriz. Yoksulluk, \u00f6zellikle \u00e7ocuk ve ya\u015fl\u0131l\u0131k yoksullu\u011fu, evsizli\u011fin yan\u0131 s\u0131ra sosyal uyumu ve s\u0131n\u0131r\u0131 tehdit ediyor...","protected":false},"author":1,"featured_media":1494,"comment_status":"closed","ping_status":"closed","sticky":false,"template":"","format":"standard","meta":{"footnotes":""},"categories":[15],"tags":[],"class_list":["post-1372","post","type-post","status-publish","format-standard","has-post-thumbnail","hentry","category-kapitel-2"],"yoast_head":"<!-- This site is optimized with the Yoast SEO plugin v27.5 - https:\/\/yoast.com\/product\/yoast-seo-wordpress\/ -->\n<title>Soziale Teilhabe und Unterst\u00fctzung von Menschen in Notlagen - B\u00dcNDNIS 90\/DIE GR\u00dcNEN Wiesbaden<\/title>\n<meta name=\"robots\" content=\"index, follow, max-snippet:-1, max-image-preview:large, max-video-preview:-1\" \/>\n<link rel=\"canonical\" href=\"https:\/\/gruene-wiesbaden.de\/tr\/soziale-teilhabe-und-unterstuetzung-von-menschen-in-notlagen\/\" \/>\n<meta property=\"og:locale\" content=\"tr_TR\" \/>\n<meta property=\"og:type\" content=\"article\" \/>\n<meta property=\"og:title\" content=\"Soziale Teilhabe und Unterst\u00fctzung von Menschen in Notlagen - B\u00dcNDNIS 90\/DIE GR\u00dcNEN Wiesbaden\" \/>\n<meta property=\"og:url\" content=\"https:\/\/gruene-wiesbaden.de\/tr\/soziale-teilhabe-und-unterstuetzung-von-menschen-in-notlagen\/\" \/>\n<meta property=\"og:site_name\" content=\"B\u00dcNDNIS 90\/DIE GR\u00dcNEN Wiesbaden\" \/>\n<meta property=\"article:publisher\" content=\"https:\/\/www.facebook.com\/gruene.wi\" \/>\n<meta property=\"article:published_time\" content=\"2025-11-09T22:21:37+00:00\" \/>\n<meta property=\"article:modified_time\" content=\"2026-04-09T08:46:37+00:00\" \/>\n<meta property=\"og:image\" content=\"https:\/\/gruene-wiesbaden.de\/wp-content\/uploads\/2025\/11\/2.11-Soziale-Teilhabe-und-Unterstuetzung-fuer-Menschen-in-Notlagen-scaled.jpg\" \/>\n\t<meta property=\"og:image:width\" content=\"2560\" \/>\n\t<meta property=\"og:image:height\" content=\"1707\" \/>\n\t<meta property=\"og:image:type\" content=\"image\/jpeg\" \/>\n<meta name=\"author\" content=\"admin\" \/>\n<meta name=\"twitter:card\" content=\"summary_large_image\" \/>\n<meta name=\"twitter:label1\" content=\"Yazan:\" \/>\n\t<meta name=\"twitter:data1\" content=\"admin\" \/>\n\t<meta name=\"twitter:label2\" content=\"Tahmini okuma s\u00fcresi\" \/>\n\t<meta name=\"twitter:data2\" content=\"7 minutes\" \/>\n<script type=\"application\/ld+json\" class=\"yoast-schema-graph\">{\"@context\":\"https:\\\/\\\/schema.org\",\"@graph\":[{\"@type\":\"Article\",\"@id\":\"https:\\\/\\\/gruene-wiesbaden.de\\\/soziale-teilhabe-und-unterstuetzung-von-menschen-in-notlagen\\\/#article\",\"isPartOf\":{\"@id\":\"https:\\\/\\\/gruene-wiesbaden.de\\\/soziale-teilhabe-und-unterstuetzung-von-menschen-in-notlagen\\\/\"},\"author\":{\"name\":\"admin\",\"@id\":\"https:\\\/\\\/gruene-wiesbaden.de\\\/#\\\/schema\\\/person\\\/6785c34779159cd4fd86886bb097afe9\"},\"headline\":\"Soziale Teilhabe und Unterst\u00fctzung von Menschen in Notlagen\",\"datePublished\":\"2025-11-09T22:21:37+00:00\",\"dateModified\":\"2026-04-09T08:46:37+00:00\",\"mainEntityOfPage\":{\"@id\":\"https:\\\/\\\/gruene-wiesbaden.de\\\/soziale-teilhabe-und-unterstuetzung-von-menschen-in-notlagen\\\/\"},\"wordCount\":2083,\"publisher\":{\"@id\":\"https:\\\/\\\/gruene-wiesbaden.de\\\/#organization\"},\"image\":{\"@id\":\"https:\\\/\\\/gruene-wiesbaden.de\\\/soziale-teilhabe-und-unterstuetzung-von-menschen-in-notlagen\\\/#primaryimage\"},\"thumbnailUrl\":\"https:\\\/\\\/gruene-wiesbaden.de\\\/wp-content\\\/uploads\\\/2025\\\/11\\\/2.11-Soziale-Teilhabe-und-Unterstuetzung-fuer-Menschen-in-Notlagen-scaled.jpg\",\"articleSection\":[\"Kapitel 2\"],\"inLanguage\":\"tr-TR\"},{\"@type\":\"WebPage\",\"@id\":\"https:\\\/\\\/gruene-wiesbaden.de\\\/soziale-teilhabe-und-unterstuetzung-von-menschen-in-notlagen\\\/\",\"url\":\"https:\\\/\\\/gruene-wiesbaden.de\\\/soziale-teilhabe-und-unterstuetzung-von-menschen-in-notlagen\\\/\",\"name\":\"Soziale Teilhabe und Unterst\u00fctzung von Menschen in Notlagen - B\u00dcNDNIS 90\\\/DIE GR\u00dcNEN Wiesbaden\",\"isPartOf\":{\"@id\":\"https:\\\/\\\/gruene-wiesbaden.de\\\/#website\"},\"primaryImageOfPage\":{\"@id\":\"https:\\\/\\\/gruene-wiesbaden.de\\\/soziale-teilhabe-und-unterstuetzung-von-menschen-in-notlagen\\\/#primaryimage\"},\"image\":{\"@id\":\"https:\\\/\\\/gruene-wiesbaden.de\\\/soziale-teilhabe-und-unterstuetzung-von-menschen-in-notlagen\\\/#primaryimage\"},\"thumbnailUrl\":\"https:\\\/\\\/gruene-wiesbaden.de\\\/wp-content\\\/uploads\\\/2025\\\/11\\\/2.11-Soziale-Teilhabe-und-Unterstuetzung-fuer-Menschen-in-Notlagen-scaled.jpg\",\"datePublished\":\"2025-11-09T22:21:37+00:00\",\"dateModified\":\"2026-04-09T08:46:37+00:00\",\"breadcrumb\":{\"@id\":\"https:\\\/\\\/gruene-wiesbaden.de\\\/soziale-teilhabe-und-unterstuetzung-von-menschen-in-notlagen\\\/#breadcrumb\"},\"inLanguage\":\"tr-TR\",\"potentialAction\":[{\"@type\":\"ReadAction\",\"target\":[\"https:\\\/\\\/gruene-wiesbaden.de\\\/soziale-teilhabe-und-unterstuetzung-von-menschen-in-notlagen\\\/\"]}]},{\"@type\":\"ImageObject\",\"inLanguage\":\"tr-TR\",\"@id\":\"https:\\\/\\\/gruene-wiesbaden.de\\\/soziale-teilhabe-und-unterstuetzung-von-menschen-in-notlagen\\\/#primaryimage\",\"url\":\"https:\\\/\\\/gruene-wiesbaden.de\\\/wp-content\\\/uploads\\\/2025\\\/11\\\/2.11-Soziale-Teilhabe-und-Unterstuetzung-fuer-Menschen-in-Notlagen-scaled.jpg\",\"contentUrl\":\"https:\\\/\\\/gruene-wiesbaden.de\\\/wp-content\\\/uploads\\\/2025\\\/11\\\/2.11-Soziale-Teilhabe-und-Unterstuetzung-fuer-Menschen-in-Notlagen-scaled.jpg\",\"width\":2560,\"height\":1707},{\"@type\":\"BreadcrumbList\",\"@id\":\"https:\\\/\\\/gruene-wiesbaden.de\\\/soziale-teilhabe-und-unterstuetzung-von-menschen-in-notlagen\\\/#breadcrumb\",\"itemListElement\":[{\"@type\":\"ListItem\",\"position\":1,\"name\":\"Startseite\",\"item\":\"https:\\\/\\\/gruene-wiesbaden.de\\\/\"},{\"@type\":\"ListItem\",\"position\":2,\"name\":\"Soziale Teilhabe und Unterst\u00fctzung von Menschen in Notlagen\"}]},{\"@type\":\"WebSite\",\"@id\":\"https:\\\/\\\/gruene-wiesbaden.de\\\/#website\",\"url\":\"https:\\\/\\\/gruene-wiesbaden.de\\\/\",\"name\":\"DIE GR\u00dcNEN Wiesbaden\",\"description\":\"\",\"publisher\":{\"@id\":\"https:\\\/\\\/gruene-wiesbaden.de\\\/#organization\"},\"potentialAction\":[{\"@type\":\"SearchAction\",\"target\":{\"@type\":\"EntryPoint\",\"urlTemplate\":\"https:\\\/\\\/gruene-wiesbaden.de\\\/?s={search_term_string}\"},\"query-input\":{\"@type\":\"PropertyValueSpecification\",\"valueRequired\":true,\"valueName\":\"search_term_string\"}}],\"inLanguage\":\"tr-TR\"},{\"@type\":\"Organization\",\"@id\":\"https:\\\/\\\/gruene-wiesbaden.de\\\/#organization\",\"name\":\"DIE GR\u00dcNEN Wiesbaden\",\"url\":\"https:\\\/\\\/gruene-wiesbaden.de\\\/\",\"logo\":{\"@type\":\"ImageObject\",\"inLanguage\":\"tr-TR\",\"@id\":\"https:\\\/\\\/gruene-wiesbaden.de\\\/#\\\/schema\\\/logo\\\/image\\\/\",\"url\":\"https:\\\/\\\/gruene-wiesbaden-fuer-europa.de\\\/wp-content\\\/uploads\\\/2024\\\/04\\\/Machen-was-zaehlt-5.png\",\"contentUrl\":\"https:\\\/\\\/gruene-wiesbaden-fuer-europa.de\\\/wp-content\\\/uploads\\\/2024\\\/04\\\/Machen-was-zaehlt-5.png\",\"width\":1772,\"height\":1772,\"caption\":\"DIE GR\u00dcNEN Wiesbaden\"},\"image\":{\"@id\":\"https:\\\/\\\/gruene-wiesbaden.de\\\/#\\\/schema\\\/logo\\\/image\\\/\"},\"sameAs\":[\"https:\\\/\\\/www.facebook.com\\\/gruene.wi\",\"https:\\\/\\\/instagram.com\\\/gruene_wi\"]},{\"@type\":\"Person\",\"@id\":\"https:\\\/\\\/gruene-wiesbaden.de\\\/#\\\/schema\\\/person\\\/6785c34779159cd4fd86886bb097afe9\",\"name\":\"admin\",\"sameAs\":[\"http:\\\/\\\/gruene-wiesbaden-fuer-europa.de\"],\"url\":\"https:\\\/\\\/gruene-wiesbaden.de\\\/tr\\\/author\\\/admin\\\/\"}]}<\/script>\n<!-- \/ Yoast SEO plugin. -->","yoast_head_json":{"title":"Soziale Teilhabe und Unterst\u00fctzung von Menschen in Notlagen - B\u00dcNDNIS 90\/DIE GR\u00dcNEN Wiesbaden","robots":{"index":"index","follow":"follow","max-snippet":"max-snippet:-1","max-image-preview":"max-image-preview:large","max-video-preview":"max-video-preview:-1"},"canonical":"https:\/\/gruene-wiesbaden.de\/tr\/soziale-teilhabe-und-unterstuetzung-von-menschen-in-notlagen\/","og_locale":"tr_TR","og_type":"article","og_title":"Soziale Teilhabe und Unterst\u00fctzung von Menschen in Notlagen - B\u00dcNDNIS 90\/DIE GR\u00dcNEN Wiesbaden","og_url":"https:\/\/gruene-wiesbaden.de\/tr\/soziale-teilhabe-und-unterstuetzung-von-menschen-in-notlagen\/","og_site_name":"B\u00dcNDNIS 90\/DIE GR\u00dcNEN Wiesbaden","article_publisher":"https:\/\/www.facebook.com\/gruene.wi","article_published_time":"2025-11-09T22:21:37+00:00","article_modified_time":"2026-04-09T08:46:37+00:00","og_image":[{"width":2560,"height":1707,"url":"https:\/\/gruene-wiesbaden.de\/wp-content\/uploads\/2025\/11\/2.11-Soziale-Teilhabe-und-Unterstuetzung-fuer-Menschen-in-Notlagen-scaled.jpg","type":"image\/jpeg"}],"author":"admin","twitter_card":"summary_large_image","twitter_misc":{"Yazan:":"admin","Tahmini okuma s\u00fcresi":"7 minutes"},"schema":{"@context":"https:\/\/schema.org","@graph":[{"@type":"Article","@id":"https:\/\/gruene-wiesbaden.de\/soziale-teilhabe-und-unterstuetzung-von-menschen-in-notlagen\/#article","isPartOf":{"@id":"https:\/\/gruene-wiesbaden.de\/soziale-teilhabe-und-unterstuetzung-von-menschen-in-notlagen\/"},"author":{"name":"admin","@id":"https:\/\/gruene-wiesbaden.de\/#\/schema\/person\/6785c34779159cd4fd86886bb097afe9"},"headline":"Soziale Teilhabe und Unterst\u00fctzung von Menschen in Notlagen","datePublished":"2025-11-09T22:21:37+00:00","dateModified":"2026-04-09T08:46:37+00:00","mainEntityOfPage":{"@id":"https:\/\/gruene-wiesbaden.de\/soziale-teilhabe-und-unterstuetzung-von-menschen-in-notlagen\/"},"wordCount":2083,"publisher":{"@id":"https:\/\/gruene-wiesbaden.de\/#organization"},"image":{"@id":"https:\/\/gruene-wiesbaden.de\/soziale-teilhabe-und-unterstuetzung-von-menschen-in-notlagen\/#primaryimage"},"thumbnailUrl":"https:\/\/gruene-wiesbaden.de\/wp-content\/uploads\/2025\/11\/2.11-Soziale-Teilhabe-und-Unterstuetzung-fuer-Menschen-in-Notlagen-scaled.jpg","articleSection":["Kapitel 2"],"inLanguage":"tr-TR"},{"@type":"WebPage","@id":"https:\/\/gruene-wiesbaden.de\/soziale-teilhabe-und-unterstuetzung-von-menschen-in-notlagen\/","url":"https:\/\/gruene-wiesbaden.de\/soziale-teilhabe-und-unterstuetzung-von-menschen-in-notlagen\/","name":"Soziale Teilhabe und Unterst\u00fctzung von Menschen in Notlagen - B\u00dcNDNIS 90\/DIE GR\u00dcNEN Wiesbaden","isPartOf":{"@id":"https:\/\/gruene-wiesbaden.de\/#website"},"primaryImageOfPage":{"@id":"https:\/\/gruene-wiesbaden.de\/soziale-teilhabe-und-unterstuetzung-von-menschen-in-notlagen\/#primaryimage"},"image":{"@id":"https:\/\/gruene-wiesbaden.de\/soziale-teilhabe-und-unterstuetzung-von-menschen-in-notlagen\/#primaryimage"},"thumbnailUrl":"https:\/\/gruene-wiesbaden.de\/wp-content\/uploads\/2025\/11\/2.11-Soziale-Teilhabe-und-Unterstuetzung-fuer-Menschen-in-Notlagen-scaled.jpg","datePublished":"2025-11-09T22:21:37+00:00","dateModified":"2026-04-09T08:46:37+00:00","breadcrumb":{"@id":"https:\/\/gruene-wiesbaden.de\/soziale-teilhabe-und-unterstuetzung-von-menschen-in-notlagen\/#breadcrumb"},"inLanguage":"tr-TR","potentialAction":[{"@type":"ReadAction","target":["https:\/\/gruene-wiesbaden.de\/soziale-teilhabe-und-unterstuetzung-von-menschen-in-notlagen\/"]}]},{"@type":"ImageObject","inLanguage":"tr-TR","@id":"https:\/\/gruene-wiesbaden.de\/soziale-teilhabe-und-unterstuetzung-von-menschen-in-notlagen\/#primaryimage","url":"https:\/\/gruene-wiesbaden.de\/wp-content\/uploads\/2025\/11\/2.11-Soziale-Teilhabe-und-Unterstuetzung-fuer-Menschen-in-Notlagen-scaled.jpg","contentUrl":"https:\/\/gruene-wiesbaden.de\/wp-content\/uploads\/2025\/11\/2.11-Soziale-Teilhabe-und-Unterstuetzung-fuer-Menschen-in-Notlagen-scaled.jpg","width":2560,"height":1707},{"@type":"BreadcrumbList","@id":"https:\/\/gruene-wiesbaden.de\/soziale-teilhabe-und-unterstuetzung-von-menschen-in-notlagen\/#breadcrumb","itemListElement":[{"@type":"ListItem","position":1,"name":"Startseite","item":"https:\/\/gruene-wiesbaden.de\/"},{"@type":"ListItem","position":2,"name":"Soziale Teilhabe und Unterst\u00fctzung von Menschen in Notlagen"}]},{"@type":"WebSite","@id":"https:\/\/gruene-wiesbaden.de\/#website","url":"https:\/\/gruene-wiesbaden.de\/","name":"DIE GR\u00dcNEN Wiesbaden","description":"","publisher":{"@id":"https:\/\/gruene-wiesbaden.de\/#organization"},"potentialAction":[{"@type":"SearchAction","target":{"@type":"EntryPoint","urlTemplate":"https:\/\/gruene-wiesbaden.de\/?s={search_term_string}"},"query-input":{"@type":"PropertyValueSpecification","valueRequired":true,"valueName":"search_term_string"}}],"inLanguage":"tr-TR"},{"@type":"Organization","@id":"https:\/\/gruene-wiesbaden.de\/#organization","name":"DIE GR\u00dcNEN Wiesbaden","url":"https:\/\/gruene-wiesbaden.de\/","logo":{"@type":"ImageObject","inLanguage":"tr-TR","@id":"https:\/\/gruene-wiesbaden.de\/#\/schema\/logo\/image\/","url":"https:\/\/gruene-wiesbaden-fuer-europa.de\/wp-content\/uploads\/2024\/04\/Machen-was-zaehlt-5.png","contentUrl":"https:\/\/gruene-wiesbaden-fuer-europa.de\/wp-content\/uploads\/2024\/04\/Machen-was-zaehlt-5.png","width":1772,"height":1772,"caption":"DIE GR\u00dcNEN Wiesbaden"},"image":{"@id":"https:\/\/gruene-wiesbaden.de\/#\/schema\/logo\/image\/"},"sameAs":["https:\/\/www.facebook.com\/gruene.wi","https:\/\/instagram.com\/gruene_wi"]},{"@type":"Person","@id":"https:\/\/gruene-wiesbaden.de\/#\/schema\/person\/6785c34779159cd4fd86886bb097afe9","name":"admin","sameAs":["http:\/\/gruene-wiesbaden-fuer-europa.de"],"url":"https:\/\/gruene-wiesbaden.de\/tr\/author\/admin\/"}]}},"_links":{"self":[{"href":"https:\/\/gruene-wiesbaden.de\/tr\/wp-json\/wp\/v2\/posts\/1372","targetHints":{"allow":["GET"]}}],"collection":[{"href":"https:\/\/gruene-wiesbaden.de\/tr\/wp-json\/wp\/v2\/posts"}],"about":[{"href":"https:\/\/gruene-wiesbaden.de\/tr\/wp-json\/wp\/v2\/types\/post"}],"author":[{"embeddable":true,"href":"https:\/\/gruene-wiesbaden.de\/tr\/wp-json\/wp\/v2\/users\/1"}],"replies":[{"embeddable":true,"href":"https:\/\/gruene-wiesbaden.de\/tr\/wp-json\/wp\/v2\/comments?post=1372"}],"version-history":[{"count":7,"href":"https:\/\/gruene-wiesbaden.de\/tr\/wp-json\/wp\/v2\/posts\/1372\/revisions"}],"predecessor-version":[{"id":2399,"href":"https:\/\/gruene-wiesbaden.de\/tr\/wp-json\/wp\/v2\/posts\/1372\/revisions\/2399"}],"wp:featuredmedia":[{"embeddable":true,"href":"https:\/\/gruene-wiesbaden.de\/tr\/wp-json\/wp\/v2\/media\/1494"}],"wp:attachment":[{"href":"https:\/\/gruene-wiesbaden.de\/tr\/wp-json\/wp\/v2\/media?parent=1372"}],"wp:term":[{"taxonomy":"category","embeddable":true,"href":"https:\/\/gruene-wiesbaden.de\/tr\/wp-json\/wp\/v2\/categories?post=1372"},{"taxonomy":"post_tag","embeddable":true,"href":"https:\/\/gruene-wiesbaden.de\/tr\/wp-json\/wp\/v2\/tags?post=1372"}],"curies":[{"name":"wp","href":"https:\/\/api.w.org\/{rel}","templated":true}]}}