{"id":1366,"date":"2025-11-10T00:18:23","date_gmt":"2025-11-09T22:18:23","guid":{"rendered":"https:\/\/gruene-wiesbaden.de\/?p=1366"},"modified":"2026-04-09T10:38:51","modified_gmt":"2026-04-09T08:38:51","slug":"kinder-familien-und-alleinerziehende","status":"publish","type":"post","link":"https:\/\/gruene-wiesbaden.de\/tr\/kinder-familien-und-alleinerziehende\/","title":{"rendered":"\u00c7ocuklar, aileler ve bekar ebeveynler"},"content":{"rendered":"<section class=\"l-section wpb_row height_medium with_img\"><div class=\"l-section-img\" role=\"img\" data-img-width=\"1080\" data-img-height=\"800\" style=\"background-image: url(https:\/\/gruene-wiesbaden.de\/wp-content\/uploads\/2025\/11\/neuer-Verlauf-gruene-wiesbaden.de_-2-e1762709402177.png);\"><\/div><div class=\"l-section-overlay\" style=\"background:var(--color-header-top-transparent-bg)\"><\/div><div class=\"l-section-h i-cf\"><div class=\"g-cols vc_row via_grid cols_1 laptops-cols_inherit tablets-cols_inherit mobiles-cols_1 valign_top type_default stacking_default\"><div class=\"wpb_column vc_column_container\"><div class=\"vc_column-inner\"><h1 class=\"w-post-elm post_title us_custom_a574d586 has_text_color entry-title\">\u00c7ocuklar, aileler ve bekar ebeveynler<\/h1><div class=\"w-separator size_medium\"><\/div><div class=\"g-cols wpb_row via_grid cols_2-1 laptops-cols_inherit tablets-cols_inherit mobiles-cols_1 valign_top type_default stacking_default\" style=\"--columns-gap:3rem;\"><div class=\"wpb_column vc_column_container\"><div class=\"vc_column-inner\"><div class=\"wpb_text_column us_custom_8b3d6790 has_text_color\"><div class=\"wpb_wrapper\"><p><span style=\"font-weight: 400;\">\u00c7ocuklar bizim gelece\u011fimizdir ve ailelerinin sosyal k\u00f6keni ne olursa olsun iyi ya\u015fam ko\u015fullar\u0131na sahip olma hakk\u0131na sahiptir. \u00c7ocuk yoksullu\u011fu, \u00f6zellikle bekar kad\u0131nlar\u0131 ve b\u00fcy\u00fck aileleri etkileyen yap\u0131sal bir sorundur. \u0130\u015f ve aile hayat\u0131n\u0131 uzla\u015ft\u0131rmak sosyal bir zorluk olmaya devam ediyor. \u00c7ocuklar\u0131n kendi haklar\u0131 vard\u0131r ve demokratik karar alma s\u00fcre\u00e7lerine dahil olmal\u0131d\u0131rlar. Aile dostu bir \u015fehir, t\u00fcm nesilleri destekler ve \u00e7ocuklar\u0131n g\u00fcvenli ve sa\u011fl\u0131kl\u0131 bir \u015fekilde b\u00fcy\u00fcyebilecekleri alanlar yarat\u0131r.<\/span><\/p>\n<\/div><\/div><div class=\"w-separator size_medium\"><\/div><div class=\"w-btn-wrapper align_left\"><a class=\"w-btn us-btn-style_8 icon_atleft\" href=\"https:\/\/gruene-wiesbaden.de\/tr\/kommunalwahl\/#Kapitel2\"><i class=\"fas fa-chevron-circle-right\"><\/i><span class=\"w-btn-label\">Genel bak\u0131\u015fa geri d\u00f6n<\/span><\/a><\/div><\/div><\/div><div class=\"wpb_column vc_column_container\"><div class=\"vc_column-inner\"><div class=\"w-image align_center\"><div class=\"w-image-h\"><img decoding=\"async\" width=\"2560\" height=\"1707\" src=\"https:\/\/gruene-wiesbaden.de\/wp-content\/uploads\/2025\/11\/2.8-Kinder-Familien-und-Alleinerziehende-scaled.jpg\" class=\"attachment-full size-full\" alt=\"\" loading=\"lazy\" srcset=\"https:\/\/gruene-wiesbaden.de\/wp-content\/uploads\/2025\/11\/2.8-Kinder-Familien-und-Alleinerziehende-scaled.jpg 2560w, https:\/\/gruene-wiesbaden.de\/wp-content\/uploads\/2025\/11\/2.8-Kinder-Familien-und-Alleinerziehende-400x267.jpg 400w, https:\/\/gruene-wiesbaden.de\/wp-content\/uploads\/2025\/11\/2.8-Kinder-Familien-und-Alleinerziehende-600x400.jpg 600w\" sizes=\"auto, (max-width: 2560px) 100vw, 2560px\" \/><\/div><\/div><div class=\"w-separator size_small\"><\/div><\/div><\/div><\/div><div class=\"w-separator size_medium\"><\/div><div class=\"w-separator size_medium\"><\/div><div class=\"wpb_text_column\"><div class=\"wpb_wrapper\"><h1>\u00c7ocuklar, Aileler ve Bekar Ebeveynler \u0130\u00e7in \u0130yi Politika Ne Demektir?<\/h1>\n<\/div><\/div><div class=\"w-separator size_large\"><\/div><div class=\"g-cols wpb_row via_grid cols_3 laptops-cols_inherit tablets-cols_inherit mobiles-cols_1 valign_top type_default stacking_default\" style=\"--columns-gap:3rem;\"><div class=\"wpb_column vc_column_container\"><div class=\"vc_column-inner\"><div class=\"w-iconbox us_custom_8b3d6790 has_text_color iconpos_left style_default color_custom align_left\"><div class=\"w-iconbox-icon\" style=\"font-size:2rem;--icon-color:#Ffffff;--icon-bg-color:var(--color-header-middle-bg);\"><i class=\"fas fa-layer-group\"><\/i><\/div><div class=\"w-iconbox-meta\"><h4 class=\"w-iconbox-title\" style=\"font-size:1.5rem;\">\u00c7ocuk Haklar\u0131n\u0131n Uygulanmas\u0131<\/h4><div class=\"w-iconbox-text\"><p><span style=\"font-weight: 400;\">\u00c7ocuklar\u0131n kendi \u015fehirlerinde duyulma, desteklenme ve birlikte belirlenme haklar\u0131 vard\u0131r.<\/span><\/p>\n<\/div><\/div><\/div><\/div><\/div><div class=\"wpb_column vc_column_container\"><div class=\"vc_column-inner\"><div class=\"w-iconbox us_custom_8b3d6790 has_text_color iconpos_left style_default color_custom align_left\"><div class=\"w-iconbox-icon\" style=\"font-size:2rem;--icon-color:#Ffffff;--icon-bg-color:var(--color-header-transparent-text);\"><i class=\"fas fa-layer-group\"><\/i><\/div><div class=\"w-iconbox-meta\"><h4 class=\"w-iconbox-title\" style=\"font-size:1.5rem;\">Aile dostu \u015fehir<\/h4><div class=\"w-iconbox-text\"><p><span style=\"font-weight: 400;\">T\u00fcm nesillerin iyi ya\u015fayabilece\u011fi mekanlar yarat\u0131yoruz.<\/span><\/p>\n<\/div><\/div><\/div><\/div><\/div><div class=\"wpb_column vc_column_container\"><div class=\"vc_column-inner\"><div class=\"w-iconbox us_custom_8b3d6790 has_text_color iconpos_left style_default color_custom align_left\"><div class=\"w-iconbox-icon\" style=\"font-size:2rem;--icon-color:#Ffffff;--icon-bg-color:var(--color-header-transparent-text);\"><i class=\"fas fa-layer-group\"><\/i><\/div><div class=\"w-iconbox-meta\"><h4 class=\"w-iconbox-title\" style=\"font-size:1.5rem;\">Yoksullukla m\u00fccadele<\/h4><div class=\"w-iconbox-text\"><p><span style=\"font-weight: 400;\">Her \u00e7ocuk, ebeveynlerinin c\u00fczdanlar\u0131ndan ba\u011f\u0131ms\u0131z olarak adil f\u0131rsatlar\u0131 hak eder.<\/span><\/p>\n<\/div><\/div><\/div><\/div><\/div><\/div><div class=\"w-separator size_medium\"><\/div><div class=\"g-cols wpb_row via_grid cols_3 laptops-cols_inherit tablets-cols_inherit mobiles-cols_1 valign_top type_default stacking_default\" style=\"--columns-gap:3rem;\"><div class=\"wpb_column vc_column_container\"><div class=\"vc_column-inner\"><div class=\"w-iconbox us_custom_8b3d6790 has_text_color iconpos_left style_default color_custom align_left\"><div class=\"w-iconbox-icon\" style=\"font-size:2rem;--icon-color:#Ffffff;--icon-bg-color:var(--color-header-middle-bg);\"><i class=\"fas fa-layer-group\"><\/i><\/div><div class=\"w-iconbox-meta\"><h4 class=\"w-iconbox-title\" style=\"font-size:1.5rem;\">Destek olu\u015fturma<\/h4><div class=\"w-iconbox-text\"><p><span style=\"font-weight: 400;\">Ailelerin y\u00fcksek kaliteli, g\u00fcvenilir \u00e7ocuk bak\u0131m\u0131na ve \u00e7eyrekte canl\u0131 bulu\u015fma yerlerine ihtiyac\u0131 var.<\/span><\/p>\n<\/div><\/div><\/div><\/div><\/div><div class=\"wpb_column vc_column_container\"><div class=\"vc_column-inner\"><div class=\"w-iconbox us_custom_8b3d6790 has_text_color iconpos_left style_default color_custom align_left\"><div class=\"w-iconbox-icon\" style=\"font-size:2rem;--icon-color:#Ffffff;--icon-bg-color:var(--color-header-transparent-text);\"><i class=\"fas fa-layer-group\"><\/i><\/div><div class=\"w-iconbox-meta\"><h4 class=\"w-iconbox-title\" style=\"font-size:1.5rem;\">E\u015fitli\u011fi te\u015fvik etmek<\/h4><div class=\"w-iconbox-text\"><p><span style=\"font-weight: 400;\">\u0130yi \u00e7er\u00e7eve ko\u015fullar\u0131, bak\u0131m i\u015flerinin adil bir \u015fekilde b\u00f6l\u00fcnmesini sa\u011flar ve cinsiyet e\u015fitli\u011fine katk\u0131da bulunur. Bekar ebeveynler, \u00e7al\u0131\u015fma ve \u015fehir ya\u015fam\u0131na kat\u0131lmalar\u0131n\u0131 m\u00fcmk\u00fcn k\u0131lar.<\/span><\/p>\n<\/div><\/div><\/div><\/div><\/div><div class=\"wpb_column vc_column_container\"><div class=\"vc_column-inner\"><\/div><\/div><\/div><div class=\"w-separator size_medium\"><\/div><div class=\"w-btn-wrapper align_left\"><a class=\"w-btn us-btn-style_8 icon_atleft\" href=\"https:\/\/gruene-wiesbaden.de\/tr\/kommunalwahl\/#Kapitel2\"><i class=\"fas fa-chevron-circle-right\"><\/i><span class=\"w-btn-label\">Genel bak\u0131\u015fa geri d\u00f6n<\/span><\/a><\/div><div class=\"w-separator size_medium\"><\/div><\/div><\/div><\/div><\/div><\/section><section class=\"l-section wpb_row height_auto with_img\"><div class=\"l-section-img\" role=\"img\" data-img-width=\"2560\" data-img-height=\"1707\" style=\"background-image: url(https:\/\/gruene-wiesbaden.de\/wp-content\/uploads\/2025\/11\/2.8-Kinder-Familien-und-Alleinerziehende-scaled.jpg);background-repeat: no-repeat;\"><\/div><div class=\"l-section-overlay\" style=\"background:var(--color-header-top-transparent-bg)\"><\/div><div class=\"l-section-h i-cf\"><div class=\"g-cols vc_row via_grid cols_1 laptops-cols_inherit tablets-cols_inherit mobiles-cols_1 valign_middle type_default stacking_default\" style=\"--columns-gap:1rem;\"><div class=\"wpb_column vc_column_container\"><div class=\"vc_column-inner\"><div class=\"w-separator size_large\"><\/div><div class=\"wpb_text_column us_custom_fa36a3ac has_text_color background_inside_text\"><div class=\"wpb_wrapper\"><h1>\u00d6zellikle bu alanda yapmak istediklerimiz<\/h1>\n<\/div><\/div><div class=\"w-separator size_medium\"><\/div><div class=\"w-tabs us_custom_42d693a0 has_text_color style_default switch_click accordion has_scrolling\" style=\"--sections-title-size:1.4rem\"><div class=\"w-tabs-sections titles-align_none icon_chevron cpos_right\"><div class=\"w-tabs-section has_text_color\" id=\"b118\" style=\"background:var(--color-header-transparent-text);color:var(--color-header-top-text-hover);\"><button class=\"w-tabs-section-header\" aria-controls=\"content-b118\" aria-expanded=\"false\"><div class=\"w-tabs-section-title\">\u00c7ocuk yoksullu\u011funa kar\u015f\u0131 \u00f6zel program\u0131 daha eri\u015filebilir hale getirmek<\/div><div class=\"w-tabs-section-control\"><\/div><\/button><div  class=\"w-tabs-section-content\" id=\"content-b118\"><div class=\"w-tabs-section-content-h i-cf\"><div class=\"wpb_text_column\"><div class=\"wpb_wrapper\"><p><span style=\"font-weight: 400;\">T\u00fcm \u00e7ocuklar\u0131n e\u015fit f\u0131rsatlara sahip olmas\u0131n\u0131 istiyoruz. Bu nedenle bo\u015f zaman, e\u011fitim ve sa\u011fl\u0131k alanlar\u0131nda mevcut teklifleri g\u00fc\u00e7lendirmek ve daha eri\u015filebilir hale getirmek istiyoruz. Bu, d\u00fc\u015f\u00fck e\u015fikli, b\u00fcrokratik olmayan ve \u00e7ok dilli eri\u015fim gerektirir.<\/span><\/p>\n<\/div><\/div><\/div><\/div><\/div><div class=\"w-tabs-section has_text_color\" id=\"h263\" style=\"background:var(--color-header-transparent-text);color:var(--color-header-top-text-hover);\"><button class=\"w-tabs-section-header\" aria-controls=\"content-h263\" aria-expanded=\"false\"><div class=\"w-tabs-section-title\">Karar Vermeye \u00c7ocuk ve Aileleri Dahil Etmek<\/div><div class=\"w-tabs-section-control\"><\/div><\/button><div  class=\"w-tabs-section-content\" id=\"content-h263\"><div class=\"w-tabs-section-content-h i-cf\"><div class=\"wpb_text_column\"><div class=\"wpb_wrapper\"><p><span style=\"font-weight: 400;\">\u00c7ocuklar\u0131n kendilerini etkileyen kararlara sistematik olarak dahil olmalar\u0131n\u0131 ve demokratik kat\u0131l\u0131m f\u0131rsatlar\u0131n\u0131 g\u00fc\u00e7lendirmelerini istiyoruz. GR\u00dcNE, \u00e7ocuklar\u0131 ve aileleri \u015fehirlerinin aktif ortak yarat\u0131c\u0131lar\u0131 haline getiriyoruz. Fikirleri, oyun alanlar\u0131n\u0131n, e\u011fitim ve e\u011flence faaliyetlerinin yan\u0131 s\u0131ra kentsel projelerin planlanmas\u0131na dahil edilecektir. \u00c7ocuk konferanslar\u0131, dijital kat\u0131l\u0131m formatlar\u0131 ve proje ile ilgili komitelere kat\u0131l\u0131m buna katk\u0131da bulunmal\u0131d\u0131r. Anaokullar\u0131, okullar ve KiEZen (\u00c7ocuk Ana Merkezleri) ile i\u015fbirli\u011fi, \u00f6nerilerin uygulanmas\u0131n\u0131 ve g\u00f6r\u00fcn\u00fcr bir etkiye sahip olmas\u0131n\u0131 sa\u011flar. Bu \u015fekilde erken ya\u015flardan itibaren demokratik kat\u0131l\u0131m\u0131 te\u015fvik ediyor ve Wiesbaden'i \u00e7ocuk dostu, canl\u0131 ve gelece\u011fe y\u00f6nelik hale getirmek i\u00e7in birlikte \u00e7al\u0131\u015f\u0131yoruz.<\/span><\/p>\n<\/div><\/div><\/div><\/div><\/div><div class=\"w-tabs-section has_text_color\" id=\"j39f\" style=\"background:var(--color-header-transparent-text);color:var(--color-header-top-text-hover);\"><button class=\"w-tabs-section-header\" aria-controls=\"content-j39f\" aria-expanded=\"false\"><div class=\"w-tabs-section-title\">Sa\u011fl\u0131kl\u0131 okul yemekleri sa\u011flamak<\/div><div class=\"w-tabs-section-control\"><\/div><\/button><div  class=\"w-tabs-section-content\" id=\"content-j39f\"><div class=\"w-tabs-section-content-h i-cf\"><div class=\"wpb_text_column\"><div class=\"wpb_wrapper\"><p><span style=\"font-weight: 400;\">G\u00fcnl\u00fck bak\u0131m merkezlerindeki t\u00fcm \u00e7ocuklar\u0131n ve Wiesbaden'deki t\u00fcm \u00f6\u011frencilerin sa\u011fl\u0131kl\u0131, dengeli ve lezzetli yiyeceklere g\u00fcnl\u00fck eri\u015fimi olmas\u0131n\u0131 istiyoruz. Sa\u011fl\u0131kl\u0131 beslenme sadece konsantrasyon ve performans\u0131 desteklemekle kalmaz, ayn\u0131 zamanda uzun vadeli sa\u011fl\u0131\u011f\u0131 da destekler. Bu nedenle, t\u00fcm \u00e7ocuklar\u0131n ve gen\u00e7lerin ailelerinin c\u00fczdanlar\u0131ndan ba\u011f\u0131ms\u0131z olarak bundan yararlanabilmeleri i\u00e7in uygun fiyatl\u0131 olan y\u00fcksek kaliteli, taze yiyeceklere ba\u011fl\u0131y\u0131z.<\/span><\/p>\n<\/div><\/div><\/div><\/div><\/div><div class=\"w-tabs-section has_text_color\" id=\"v4bf\" style=\"background:var(--color-header-middle-bg);color:var(--color-content-heading);\"><button class=\"w-tabs-section-header\" aria-controls=\"content-v4bf\" aria-expanded=\"false\"><div class=\"w-tabs-section-title\">B\u00f6lgesel sosyal hizmetin g\u00fcvence alt\u0131na al\u0131nmas\u0131<\/div><div class=\"w-tabs-section-control\"><\/div><\/button><div  class=\"w-tabs-section-content\" id=\"content-v4bf\"><div class=\"w-tabs-section-content-h i-cf\"><div class=\"wpb_text_column\"><div class=\"wpb_wrapper\"><p><span style=\"font-weight: 400;\">\u0130nsanlara yard\u0131ma ihtiya\u00e7 duyduklar\u0131 yerde ula\u015fan etkili b\u00f6lge sosyal hizmetlerine ba\u011fl\u0131y\u0131z. Bu ama\u00e7la, mevcut teklifleri de\u011ferlendirmek ve \u015fehir y\u00f6netiminin ihtiya\u00e7lar\u0131 do\u011frultusunda daha da geli\u015ftirmek istiyoruz. Sahadaki iyi donan\u0131ml\u0131 ekipler, \u00e7at\u0131\u015fmalarda, stresli ya\u015fam durumlar\u0131nda veya g\u00fcnl\u00fck ya\u015famdaki krizlerde ailelere ve \u00e7ocuklara erken bir a\u015famada destek sa\u011flayabilir. Sosyal hizmetin \u00f6nleyici etkisi vard\u0131r: Tehlikeli durumlar\u0131 tespit eder, yard\u0131m sa\u011flar ve sorunlar t\u0131rmanmadan \u00f6nce ebeveynleri rahatlat\u0131r. Ayn\u0131 zamanda, il\u00e7ede uyumu te\u015fvik eder, okullar\u0131, kre\u015fleri ve dernekleri a\u011flar ve t\u00fcm aileler i\u00e7in d\u00fc\u015f\u00fck e\u015fikli temas noktalar\u0131 olu\u015fturur. \u0130yi konumland\u0131r\u0131lm\u0131\u015f il\u00e7e sosyal hizmeti ile her ailenin ihtiya\u00e7 duydu\u011fu deste\u011fi almas\u0131n\u0131 ve \u00e7ocuklar\u0131n g\u00fcvenli bir ortamda b\u00fcy\u00fcyebilmesini sa\u011fl\u0131yoruz.<\/span><\/p>\n<\/div><\/div><\/div><\/div><\/div><div class=\"w-tabs-section has_text_color\" id=\"o5df\" style=\"background:var(--color-header-transparent-text);color:var(--color-header-top-text-hover);\"><button class=\"w-tabs-section-header\" aria-controls=\"content-o5df\" aria-expanded=\"false\"><div class=\"w-tabs-section-title\">\u00c7ocuk bak\u0131m\u0131n\u0131 katk\u0131s\u0131z hale getirin<\/div><div class=\"w-tabs-section-control\"><\/div><\/button><div  class=\"w-tabs-section-content\" id=\"content-o5df\"><div class=\"w-tabs-section-content-h i-cf\"><div class=\"wpb_text_column\"><div class=\"wpb_wrapper\"><p><span style=\"font-weight: 400;\">\u00c7ocuk kre\u015flerinin \u00fccretsiz olmas\u0131n\u0131 sa\u011flamak i\u00e7in devletle birlikte \u00e7al\u0131\u015f\u0131yoruz. O zamana kadar, b\u00fcy\u00fck \u00e7ocuklu ailelerin katk\u0131lar\u0131n\u0131 azaltan ve d\u00fc\u015f\u00fck gelirli aileleri katk\u0131lardan muaf tutan mevcut kentsel katk\u0131 plan\u0131na devam edece\u011fiz.<\/span><\/p>\n<\/div><\/div><\/div><\/div><\/div><div class=\"w-tabs-section has_text_color\" id=\"y700\" style=\"background:var(--color-header-middle-bg);color:var(--color-header-middle-text);\"><button class=\"w-tabs-section-header\" aria-controls=\"content-y700\" aria-expanded=\"false\"><div class=\"w-tabs-section-title\">\u00c7ocuklar\u0131n ebeveyn merkezlerini tan\u0131t\u0131n ve di\u011fer b\u00f6lgelere geni\u015fletin<\/div><div class=\"w-tabs-section-control\"><\/div><\/button><div  class=\"w-tabs-section-content\" id=\"content-y700\"><div class=\"w-tabs-section-content-h i-cf\"><div class=\"wpb_text_column\"><div class=\"wpb_wrapper\"><p><span style=\"font-weight: 400;\">KinderElternZentren (KiEZe) ile aileleri do\u011frudan kendi b\u00f6lgelerinde g\u00fc\u00e7lendiriyoruz. Birka\u00e7 y\u0131ld\u0131r Wiesbaden'deki KiEZe  \u2047  \u00f6rne\u011fin Klarenthal, Schelmengraben, Westend ve Biebrich  \u2047  tavsiye, e\u011fitim ve toplant\u0131lar sunmaktad\u0131r. Bunlar, il\u00e7elerde d\u00fc\u015f\u00fck e\u015fikli temas noktalar\u0131 olarak hizmet eder ve esnek \u00e7ocuk bak\u0131m\u0131, ebeveynlik kafeleri ve tek bir kaynaktan e\u011fitim \u00f6nerileri sunar  \u2047  \u00f6zellikle zorlu durumlarda bekar ebeveynler ve aileler i\u00e7in. KiEZe, g\u00fcnl\u00fck bak\u0131m merkezlerini, sosyal hizmetleri ve mahalle giri\u015fimlerini a\u011flar ve b\u00f6ylece topluluk ve f\u0131rsat e\u015fitli\u011fini te\u015fvik eder. Biz Ye\u015filler bu konsepti erkenden destekledik ve mevcut KiEZe'yi daha da g\u00fc\u00e7lendirmeye ve di\u011fer b\u00f6lgelere geni\u015fletmeye kararl\u0131y\u0131z. Ayr\u0131ca KiEZe'yi aileleri destekleyebilmeleri ve projeleri kendi inisiyatifleriyle uygulayabilmeleri i\u00e7in yeterli finansal kaynaklarla desteklemek istiyoruz.<\/span><\/p>\n<\/div><\/div><\/div><\/div><\/div><div class=\"w-tabs-section has_text_color\" id=\"p81a\" style=\"background:var(--color-header-transparent-text);color:var(--color-header-top-text-hover);\"><button class=\"w-tabs-section-header\" aria-controls=\"content-p81a\" aria-expanded=\"false\"><div class=\"w-tabs-section-title\">Oyun alanlar\u0131n\u0131 \u00e7ekici hale getirin<\/div><div class=\"w-tabs-section-control\"><\/div><\/button><div  class=\"w-tabs-section-content\" id=\"content-p81a\"><div class=\"w-tabs-section-content-h i-cf\"><div class=\"wpb_text_column\"><div class=\"wpb_wrapper\"><p><span style=\"font-weight: 400;\">T\u00fcm aileler y\u00fcr\u00fcme mesafesinde \u00e7ekici oyun alanlar\u0131na ula\u015fabilmelidir. Engelsiz oyun ekipmanlar\u0131n\u0131n say\u0131s\u0131n\u0131n geni\u015fletilmesi bizim i\u00e7in \u00f6nemlidir.<\/span><\/p>\n<\/div><\/div><\/div><\/div><\/div><\/div><\/div><div class=\"w-separator size_medium\"><\/div><div class=\"w-btn-wrapper align_left\"><a class=\"w-btn us-btn-style_8 icon_atleft\" href=\"https:\/\/gruene-wiesbaden.de\/tr\/kommunalwahl\/#Kapitel2\"><i class=\"fas fa-chevron-circle-right\"><\/i><span class=\"w-btn-label\">Genel bak\u0131\u015fa geri d\u00f6n<\/span><\/a><\/div><div class=\"w-separator size_large\"><\/div><div class=\"wpb_text_column us_custom_29deb344 has_text_color\"><div class=\"wpb_wrapper\"><h1>\u015eimdiye kadar ba\u015fard\u0131klar\u0131m\u0131z<\/h1>\n<\/div><\/div><div class=\"w-separator size_medium\"><\/div><div class=\"w-tabs us_custom_42d693a0 has_text_color style_default switch_click accordion has_scrolling\" style=\"--sections-title-size:1.4rem\"><div class=\"w-tabs-sections titles-align_none icon_chevron cpos_right\"><div class=\"w-tabs-section has_text_color\" id=\"wa15\" style=\"background:var(--color-header-transparent-text);color:var(--color-header-top-text-hover);\"><button class=\"w-tabs-section-header\" aria-controls=\"content-wa15\" aria-expanded=\"false\"><div class=\"w-tabs-section-title\">Kita geni\u015flemesi ba\u015far\u0131yla ilerledi<\/div><div class=\"w-tabs-section-control\"><\/div><\/button><div  class=\"w-tabs-section-content\" id=\"content-wa15\"><div class=\"w-tabs-section-content-h i-cf\"><div class=\"wpb_text_column\"><div class=\"wpb_wrapper\"><p><span style=\"font-weight: 400;\">2022'den bu yana Wiesbaden'de g\u00fcnd\u00fcz bak\u0131m\u0131n\u0131 \u00f6nemli \u00f6l\u00e7\u00fcde geni\u015flettik: Kre\u015f y\u0131l\u0131nda 2024\/25, 10.308 yer mevcuttu \u2047 227 bir \u00f6nceki y\u0131la g\u00f6re daha fazla, Wiesbaden'deki \u00e7ocuk say\u0131s\u0131 d\u00fc\u015f\u00fcyor (2020\/21 11.062, 2024\/25 10.912). U3 alan\u0131nda, mevcut alan 37.7% 2020\/21'den 41.1'e% 2024\/25 ve 90 temel aral\u0131\u011f\u0131nda% 2020\/21 ile 94,4 aras\u0131nda24\/2025'te art\u0131\u015f. Bu, daha fazla ailenin i\u015f ve \u00e7ocuk bak\u0131m\u0131n\u0131 birle\u015ftirmesini sa\u011flayacakt\u0131r.<\/span><\/p>\n<\/div><\/div><\/div><\/div><\/div><div class=\"w-tabs-section has_text_color\" id=\"jb40\" style=\"background:var(--color-header-transparent-text);color:var(--color-header-top-text-hover);\"><button class=\"w-tabs-section-header\" aria-controls=\"content-jb40\" aria-expanded=\"false\"><div class=\"w-tabs-section-title\">Yeni anaokullar\u0131 a\u00e7\u0131ld\u0131<\/div><div class=\"w-tabs-section-control\"><\/div><\/button><div  class=\"w-tabs-section-content\" id=\"content-jb40\"><div class=\"w-tabs-section-content-h i-cf\"><div class=\"wpb_text_column\"><div class=\"wpb_wrapper\"><p><span style=\"font-weight: 400;\">\u00d6zellikle Karintiya b\u00f6lgesi gibi yeni in\u015faat alanlar\u0131nda yeni tesisler olu\u015fturulmu\u015ftur. Bu nedenle, y\u00fcksek b\u00fcy\u00fcme b\u00f6lgelerindeki arz \u00f6zel olarak geli\u015ftirilmi\u015ftir.<\/span><\/p>\n<\/div><\/div><\/div><\/div><\/div><div class=\"w-tabs-section has_text_color\" id=\"zc53\" style=\"background:var(--color-header-transparent-text);color:var(--color-header-top-text-hover);\"><button class=\"w-tabs-section-header\" aria-controls=\"content-zc53\" aria-expanded=\"false\"><div class=\"w-tabs-section-title\">Okullarda t\u00fcm g\u00fcn bak\u0131m geni\u015fletildi<\/div><div class=\"w-tabs-section-control\"><\/div><\/button><div  class=\"w-tabs-section-content\" id=\"content-zc53\"><div class=\"w-tabs-section-content-h i-cf\"><div class=\"wpb_text_column\"><div class=\"wpb_wrapper\"><p><span style=\"font-weight: 400;\">\u015eimdiden 62 % \u0130lkokul \u00e7ocuklar\u0131 art\u0131k \u00f6\u011fleden sonra bak\u0131mdan yararlan\u0131yor. Bu, tam zamanl\u0131 bak\u0131m i\u00e7in yasal hakk\u0131n uygulanmas\u0131na y\u00f6nelik \u00f6nemli bir ad\u0131md\u0131r.<\/span><\/p>\n<\/div><\/div><\/div><\/div><\/div><div class=\"w-tabs-section has_text_color\" id=\"id99\" style=\"background:var(--color-header-middle-bg);color:var(--color-content-heading);\"><button class=\"w-tabs-section-header\" aria-controls=\"content-id99\" aria-expanded=\"false\"><div class=\"w-tabs-section-title\">Tatil bak\u0131m hizmetleri geni\u015fletildi ve geli\u015ftirildi<\/div><div class=\"w-tabs-section-control\"><\/div><\/button><div  class=\"w-tabs-section-content\" id=\"content-id99\"><div class=\"w-tabs-section-content-h i-cf\"><div class=\"wpb_text_column\"><div class=\"wpb_wrapper\"><p><span style=\"font-weight: 400;\">\u00c7ocuklar ve gen\u00e7ler i\u00e7in tatil bak\u0131m hizmetleri \u00f6nemli \u00f6l\u00e7\u00fcde geni\u015fletilmi\u015ftir. \u015eehir y\u00f6netiminin \u00e7e\u015fitli ortaklarla i\u015fbirli\u011fi sayesinde, ailelerin ihtiya\u00e7lar\u0131n\u0131 kar\u015f\u0131layan ek programlar olu\u015fturulmu\u015ftur. \u00d6rne\u011fin Cyperus Tabiat Park\u0131'ndaki yaz tatili oyunlar\u0131 gibi projeler, \u00e7ocuklara tatillerini do\u011fal bir ortamda ge\u00e7irme f\u0131rsat\u0131 sundu. Buna ek olarak, biz Ye\u015filler, gelirleri veya ya\u015fam durumlar\u0131 ne olursa olsun t\u00fcm aileler i\u00e7in daha iyi bir genel bak\u0131\u015f ve eri\u015filebilirlik sa\u011flamak i\u00e7in tatil tekliflerini kentsel tatil program\u0131na entegre etmeye kararl\u0131y\u0131z.<\/span><\/p>\n<\/div><\/div><\/div><\/div><\/div><div class=\"w-tabs-section has_text_color\" id=\"heb2\" style=\"background:var(--color-header-transparent-text);color:var(--color-header-top-text-hover);\"><button class=\"w-tabs-section-header\" aria-controls=\"content-heb2\" aria-expanded=\"false\"><div class=\"w-tabs-section-title\">Okullarda sosyal hizmet arz\u0131 g\u00fc\u00e7lendirildi<\/div><div class=\"w-tabs-section-control\"><\/div><\/button><div  class=\"w-tabs-section-content\" id=\"content-heb2\"><div class=\"w-tabs-section-content-h i-cf\"><div class=\"wpb_text_column\"><div class=\"wpb_wrapper\"><p><span style=\"font-weight: 400;\">Wiesbaden'de okul sosyal hizmetini \u00f6nemli \u00f6l\u00e7\u00fcde g\u00fc\u00e7lendirdik: 2025'ten bu yana, t\u00fcm ilk ve ortaokullarda, entegre kapsaml\u0131 okullarda ve meslek okullar\u0131nda sahada profesyonel sosyal hizmet uzmanlar\u0131 bulunmaktad\u0131r. \u00d6\u011frenciler, ebeveynler ve \u00f6\u011fretmenler i\u00e7in do\u011frudan ileti\u015fim noktas\u0131d\u0131rlar  \u2047  okul, sosyal veya ki\u015fisel zorluklar i\u00e7in olsun. Okul sosyal hizmet \u00f6nleme \u00e7al\u0131\u015fmalar\u0131 sa\u011flar, \u00e7at\u0131\u015fmalarda ve krizlerde destekler ve \u00e7ocuklar\u0131n ve ergenlerin sosyal geli\u015fimini te\u015fvik eder. Okullardaki yayg\u0131n varl\u0131k, e\u015fit f\u0131rsatlar\u0131 art\u0131rmaya, uyumu g\u00fc\u00e7lendirmeye ve \u00e7ocuklara g\u00fcvenli, destekleyici bir \u00f6\u011frenme ortam\u0131 sa\u011flamaya yard\u0131mc\u0131 olur.<\/span><\/p>\n<\/div><\/div><\/div><\/div><\/div><div class=\"w-tabs-section has_text_color\" id=\"kfc6\" style=\"background:var(--color-header-transparent-text);color:var(--color-header-top-text-hover);\"><button class=\"w-tabs-section-header\" aria-controls=\"content-kfc6\" aria-expanded=\"false\"><div class=\"w-tabs-section-title\">Gen\u00e7ler i\u00e7in tek irtibat noktas\u0131 olarak Gen\u00e7lik Bilgi Merkezi (JIZ)<\/div><div class=\"w-tabs-section-control\"><\/div><\/button><div  class=\"w-tabs-section-content\" id=\"content-kfc6\"><div class=\"w-tabs-section-content-h i-cf\"><div class=\"wpb_text_column\"><div class=\"wpb_wrapper\"><p><span style=\"font-weight: 400;\">Yeni olu\u015fturulan JIZ one-stop shop bir bilgi noktas\u0131ndan \u00e7ok daha fazlas\u0131d\u0131r. Burada gen\u00e7ler bo\u015f zaman f\u0131rsatlar\u0131, e\u011fitim yollar\u0131, yasal konular veya ki\u015fisel sorunlar hakk\u0131nda tavsiyeler al\u0131rlar. Bu nedenle JIZ, gen\u00e7lerin ihtiya\u00e7 duyduklar\u0131nda kolayca yard\u0131m bulabilecekleri bir yerdir.<\/span><\/p>\n<\/div><\/div><\/div><\/div><\/div><div class=\"w-tabs-section has_text_color\" id=\"s0da\" style=\"background:var(--color-header-transparent-text);color:var(--color-header-top-text-hover);\"><button class=\"w-tabs-section-header\" aria-controls=\"content-s0da\" aria-expanded=\"false\"><div class=\"w-tabs-section-title\">\u00dccretsiz spor ve e\u011flence alanlar\u0131n\u0131n geni\u015fletilmesi<\/div><div class=\"w-tabs-section-control\"><\/div><\/button><div  class=\"w-tabs-section-content\" id=\"content-s0da\"><div class=\"w-tabs-section-content-h i-cf\"><div class=\"wpb_text_column\"><div class=\"wpb_wrapper\"><p><span style=\"font-weight: 400;\">Bolzplatz yenilenmi\u015ftir ve \u00f6rne\u011fin Mainz-Kastel'deki Kransand'da oldu\u011fu gibi kalistenik veya paten i\u00e7in yeni tesisler olu\u015fturulmu\u015ftur. \u015eehirde spor yapmak ve \u00fccretsiz olarak dola\u015fmak i\u00e7in f\u0131rsatlar sunmak istiyoruz.<\/span><\/p>\n<\/div><\/div><\/div><\/div><\/div><div class=\"w-tabs-section has_text_color\" id=\"p214\" style=\"background:var(--color-header-transparent-text);color:var(--color-header-top-text-hover);\"><button class=\"w-tabs-section-header\" aria-controls=\"content-p214\" aria-expanded=\"false\"><div class=\"w-tabs-section-title\">WI15 bileti<\/div><div class=\"w-tabs-section-control\"><\/div><\/button><div  class=\"w-tabs-section-content\" id=\"content-p214\"><div class=\"w-tabs-section-content-h i-cf\"><div class=\"wpb_text_column\"><div class=\"wpb_wrapper\"><p><span style=\"font-weight: 400;\">Wiesbaden'li \u00e7ocuklar ve ergenler 18. do\u011fum g\u00fcnlerine kadar kalabilirler. Do\u011fum g\u00fcn\u00fc, Hessen ve Mainz'deki toplu ta\u015f\u0131ma ara\u00e7lar\u0131n\u0131 ayda sadece 15 \u20ac kar\u015f\u0131l\u0131\u011f\u0131nda kullan\u0131r. D\u00fc\u015f\u00fck gelirli aileler sadece 10 Euro \u00f6d\u00fcyor. D\u00fczenli \u00f6\u011frenci bileti Hessen'in RMV taraf\u0131ndan ayda yakla\u015f\u0131k 32 \u20ac'ya y\u00fckselmesine ra\u011fmen, Wiesbaden \u015fehri WI15 biletinin fiyat\u0131n\u0131 sabit tutuyor. Bu \u015fekilde, aileler \u00f6zellikle enflasyon ve artan ya\u015fam maliyetleri zamanlar\u0131nda rahatlarlar.<\/span><\/p>\n<\/div><\/div><\/div><\/div><\/div><div class=\"w-tabs-section has_text_color\" id=\"o325\" style=\"background:var(--color-header-transparent-text);color:var(--color-header-top-text-hover);\"><button class=\"w-tabs-section-header\" aria-controls=\"content-o325\" aria-expanded=\"false\"><div class=\"w-tabs-section-title\">Tatillerde \u00fccretsiz y\u00fczme<\/div><div class=\"w-tabs-section-control\"><\/div><\/button><div  class=\"w-tabs-section-content\" id=\"content-o325\"><div class=\"w-tabs-section-content-h i-cf\"><div class=\"wpb_text_column\"><div class=\"wpb_wrapper\"><p><span style=\"font-weight: 400;\">Aral\u0131k 2023'ten bu yana, 18 ya\u015f\u0131na kadar olan \u00e7ocuklar ve ergenler, t\u00fcm Hessen okul tatillerinde Wiesbaden'in y\u00fczme havuzlar\u0131n\u0131n \u00e7o\u011funda \u00fccretsiz olarak y\u00fczebiliyorlar.<\/span><\/p>\n<\/div><\/div><\/div><\/div><\/div><div class=\"w-tabs-section has_text_color\" id=\"b44e\" style=\"background:var(--color-header-transparent-text);color:var(--color-header-top-text-hover);\"><button class=\"w-tabs-section-header\" aria-controls=\"content-b44e\" aria-expanded=\"false\"><div class=\"w-tabs-section-title\">\u015eehir merkezinde daha fazla g\u00fcvenlik ve daha az g\u00fcr\u00fclt\u00fc<\/div><div class=\"w-tabs-section-control\"><\/div><\/button><div  class=\"w-tabs-section-content\" id=\"content-b44e\"><div class=\"w-tabs-section-content-h i-cf\"><div class=\"wpb_text_column\"><div class=\"wpb_wrapper\"><p><span style=\"font-weight: 400;\">Ana yollarda 40 km \/ s ve ikincil yollarda 30 km \/ s'lik daha fazla b\u00f6lge, \u00f6zellikle sokaklardan y\u00fcr\u00fcyerek veya bisikletle ge\u00e7en \u00e7ocuklar i\u00e7in daha fazla g\u00fcvenlik anlam\u0131na gelir. Ayn\u0131 zamanda herkes i\u00e7in g\u00fcr\u00fclt\u00fc kirlili\u011fi azal\u0131r, bu da ya\u015fam kalitesini iyile\u015ftirir ve sa\u011fl\u0131\u011f\u0131m\u0131z\u0131 korur.<\/span><\/p>\n<\/div><\/div><\/div><\/div><\/div><div class=\"w-tabs-section has_text_color\" id=\"b594\" style=\"background:var(--color-header-transparent-text);color:var(--color-header-top-text-hover);\"><button class=\"w-tabs-section-header\" aria-controls=\"content-b594\" aria-expanded=\"false\"><div class=\"w-tabs-section-title\">G\u00fcvenli bisiklet yollar\u0131n\u0131n geni\u015fletilmesi<\/div><div class=\"w-tabs-section-control\"><\/div><\/button><div  class=\"w-tabs-section-content\" id=\"content-b594\"><div class=\"w-tabs-section-content-h i-cf\"><div class=\"wpb_text_column\"><div class=\"wpb_wrapper\"><p><span style=\"font-weight: 400;\">G\u00fcvenli bisiklet yollar\u0131, \u00f6zellikle \u00e7ocuklar\u0131n ba\u011f\u0131ms\u0131z olarak ve daha az tehlike ile okula gitmelerini ve g\u00fcnl\u00fck olarak ba\u011f\u0131ms\u0131z olarak binmelerini kolayla\u015ft\u0131r\u0131r. Bu nedenle, \u00f6rne\u011fin, okula yak\u0131n iki caddeyi, Lessingstra\u00dfe ve Mosbacher Stra\u00dfe'yi bisiklet yollar\u0131na d\u00f6n\u00fc\u015ft\u00fcrd\u00fck. Ren \u00e7ay\u0131r\u0131 bisiklet yolu \u00f6rne\u011fi, altyap\u0131n\u0131n \u00f6zellikle gen\u00e7 bisiklet\u00e7ilerin bile bo\u015f zamanlar\u0131nda veya okula giderken g\u00fcvenle kullanabilecekleri \u015fekilde planland\u0131\u011f\u0131n\u0131 g\u00f6stermektedir.<\/span><\/p>\n<\/div><\/div><\/div><\/div><\/div><div class=\"w-tabs-section has_text_color\" id=\"x6ab\" style=\"background:var(--color-header-transparent-text);color:var(--color-header-top-text-hover);\"><button class=\"w-tabs-section-header\" aria-controls=\"content-x6ab\" aria-expanded=\"false\"><div class=\"w-tabs-section-title\">Aile dostu bir \u015fehir i\u00e7in modern oyun alanlar\u0131<\/div><div class=\"w-tabs-section-control\"><\/div><\/button><div  class=\"w-tabs-section-content\" id=\"content-x6ab\"><div class=\"w-tabs-section-content-h i-cf\"><div class=\"wpb_text_column\"><div class=\"wpb_wrapper\"><p><span style=\"font-weight: 400;\">Wiesbaden'i aileler i\u00e7in uygun hale getiriyoruz: Oyun alan\u0131 geli\u015ftirme konsepti ile t\u00fcm nesiller i\u00e7in oynamak ve bulu\u015fmak i\u00e7in modern, g\u00fcvenli ve kapsay\u0131c\u0131 yerler yarat\u0131yoruz. Hohenloheplatz, Bolzplatz Bertramstra\u00dfe, Schlosspark Biebrich, Quellbornstra\u00dfe ve Wallufer Platz gibi \u00e7ok say\u0131da tesis yeniden tasarland\u0131 veya yap\u0131m a\u015famas\u0131nda. Luisenplatz'daki su oyun alan\u0131 gibi yeni teklifler, \u00e7ocuklara ke\u015ffedilecek alan ve ailelerin bir araya gelece\u011fi yerler sunan bir Wiesbaden i\u00e7in il\u00e7elerimize daha fazla ne\u015fe ve hareket getiriyor.<\/span><\/p>\n<\/div><\/div><\/div><\/div><\/div><div class=\"w-tabs-section has_text_color\" id=\"z7d6\" style=\"background:var(--color-header-transparent-text);color:var(--color-header-top-text-hover);\"><button class=\"w-tabs-section-header\" aria-controls=\"content-z7d6\" aria-expanded=\"false\"><div class=\"w-tabs-section-title\">G\u00fcvenli ve canl\u0131 sokaklar ve meydanlar<\/div><div class=\"w-tabs-section-control\"><\/div><\/button><div  class=\"w-tabs-section-content\" id=\"content-z7d6\"><div class=\"w-tabs-section-content-h i-cf\"><div class=\"wpb_text_column\"><div class=\"wpb_wrapper\"><p><span style=\"font-weight: 400;\">Wiesbaden'in sokaklar\u0131n\u0131 ve meydanlar\u0131n\u0131 g\u00fcvenli, ye\u015fil ve ya\u015famaya de\u011fer olacak \u015fekilde tasarl\u0131yor ve sizi daha uzun s\u00fcre kalmaya davet ediyoruz. Sedanplatz ve Court Street'in yeniden tasar\u0131mlar\u0131 tamamland\u0131, ard\u0131ndan B\u00fclowplatz, Wallufer Platz, Yorckstra\u00dfe, Schwalbacher Stra\u00dfe ve Alsatian Park gibi ba\u015fka projeler yap\u0131ld\u0131. Ye\u015fil alanlar, daha kaliteli konaklama ve g\u00fcvenli yollar, ailelerin kendilerini rahat hissettikleri yerler yarat\u0131r. Yaya b\u00f6lgesi Wellritzstra\u00dfe'nin geni\u015fletilmesi ve bir\u00e7ok il\u00e7e meydan\u0131n\u0131n y\u00fckseltilmesiyle, kenti, kentsel alanda bile, \u00e7ocuklar\u0131n ikamet yerlerine yak\u0131n, \u00f6zg\u00fcrce ve g\u00fcvenli bir \u015fekilde hareket edebilecekleri ve oynayabilecekleri bir yer haline getiriyoruz.<\/span><\/p>\n<\/div><\/div><\/div><\/div><\/div><div class=\"w-tabs-section has_text_color\" id=\"r918\" style=\"background:var(--color-header-transparent-text);color:var(--color-header-top-text-hover);\"><button class=\"w-tabs-section-header\" aria-controls=\"content-r918\" aria-expanded=\"false\"><div class=\"w-tabs-section-title\">T\u00fcm nesiller i\u00e7in e\u011flence, do\u011fa ve k\u00fclt\u00fcr<\/div><div class=\"w-tabs-section-control\"><\/div><\/button><div  class=\"w-tabs-section-content\" id=\"content-r918\"><div class=\"w-tabs-section-content-h i-cf\"><div class=\"wpb_text_column\"><div class=\"wpb_wrapper\"><p><span style=\"font-weight: 400;\">Aile dostu olma, bo\u015f zaman ve k\u00fclt\u00fcrde de belirgindir. Feasantry, Arche Park'a geni\u015fletildi, k\u00fclt\u00fcr park\u0131 geni\u015fletildi ve tuvaletler ve su da\u011f\u0131t\u0131c\u0131lar\u0131 ile aile dostu olarak tasarland\u0131. 2025 y\u0131l\u0131nda faaliyete ge\u00e7ecek olan Reisinger tesislerinde yeni bir su oyun alan\u0131 olan Luisenplatz'daki Oyun \u00c7e\u015fmesi ve Wiesbaden on Ice, \u00e7ocuk kayan y\u0131ld\u0131z pazar\u0131 veya \u00e7e\u015fitli yerlerde kullan\u0131lan oyun arabas\u0131 gibi etkinlikler, gen\u00e7ler ve ya\u015fl\u0131lar i\u00e7in sevin\u00e7 ve kar\u015f\u0131la\u015fma sunuyor.<\/span><\/p>\n<\/div><\/div><\/div><\/div><\/div><\/div><\/div><div class=\"w-separator size_medium\"><\/div><div class=\"w-btn-wrapper align_left\"><a class=\"w-btn us-btn-style_8 icon_atleft\" href=\"https:\/\/gruene-wiesbaden.de\/tr\/kommunalwahl\/#Kapitel2\"><i class=\"fas fa-chevron-circle-right\"><\/i><span class=\"w-btn-label\">Genel bak\u0131\u015fa geri d\u00f6n<\/span><\/a><\/div><div class=\"w-separator size_large\"><\/div><\/div><\/div><\/div><\/div><\/section>","protected":false},"excerpt":{"rendered":"\u00c7ocuklar, aileler ve bekar ebeveynler\u00c7ocuklar gelece\u011fimizdir ve ailelerinin sosyal k\u00f6keni ne olursa olsun iyi ya\u015fam ko\u015fullar\u0131na sahip olma hakk\u0131na sahiptir. \u00c7ocuk yoksullu\u011fu, \u00f6zellikle bekar kad\u0131nlar\u0131 ve b\u00fcy\u00fck aileleri etkileyen yap\u0131sal bir sorundur. \u0130\u015f ve aile hayat\u0131n\u0131 uzla\u015ft\u0131rmak sosyal bir zorluk olmaya devam ediyor. \u00c7ocuklar\u0131n kendi haklar\u0131 vard\u0131r ve demokratik karar alma s\u00fcre\u00e7lerine dahil olmal\u0131d\u0131rlar.","protected":false},"author":1,"featured_media":1491,"comment_status":"closed","ping_status":"closed","sticky":false,"template":"","format":"standard","meta":{"footnotes":""},"categories":[15],"tags":[],"class_list":["post-1366","post","type-post","status-publish","format-standard","has-post-thumbnail","hentry","category-kapitel-2"],"yoast_head":"<!-- This site is optimized with the Yoast SEO plugin v27.5 - https:\/\/yoast.com\/product\/yoast-seo-wordpress\/ -->\n<title>Kinder, Familien und Alleinerziehende - B\u00dcNDNIS 90\/DIE GR\u00dcNEN Wiesbaden<\/title>\n<meta name=\"robots\" content=\"index, follow, max-snippet:-1, max-image-preview:large, max-video-preview:-1\" \/>\n<link rel=\"canonical\" href=\"https:\/\/gruene-wiesbaden.de\/tr\/kinder-familien-und-alleinerziehende\/\" \/>\n<meta property=\"og:locale\" content=\"tr_TR\" \/>\n<meta property=\"og:type\" content=\"article\" \/>\n<meta property=\"og:title\" content=\"Kinder, Familien und Alleinerziehende - B\u00dcNDNIS 90\/DIE GR\u00dcNEN Wiesbaden\" \/>\n<meta property=\"og:url\" content=\"https:\/\/gruene-wiesbaden.de\/tr\/kinder-familien-und-alleinerziehende\/\" \/>\n<meta property=\"og:site_name\" content=\"B\u00dcNDNIS 90\/DIE GR\u00dcNEN Wiesbaden\" \/>\n<meta property=\"article:publisher\" content=\"https:\/\/www.facebook.com\/gruene.wi\" \/>\n<meta property=\"article:published_time\" content=\"2025-11-09T22:18:23+00:00\" \/>\n<meta property=\"article:modified_time\" content=\"2026-04-09T08:38:51+00:00\" \/>\n<meta property=\"og:image\" content=\"https:\/\/gruene-wiesbaden.de\/wp-content\/uploads\/2025\/11\/2.8-Kinder-Familien-und-Alleinerziehende-scaled.jpg\" \/>\n\t<meta property=\"og:image:width\" content=\"2560\" \/>\n\t<meta property=\"og:image:height\" content=\"1707\" \/>\n\t<meta property=\"og:image:type\" content=\"image\/jpeg\" \/>\n<meta name=\"author\" content=\"admin\" \/>\n<meta name=\"twitter:card\" content=\"summary_large_image\" \/>\n<meta name=\"twitter:label1\" content=\"Yazan:\" \/>\n\t<meta name=\"twitter:data1\" content=\"admin\" \/>\n\t<meta name=\"twitter:label2\" content=\"Tahmini okuma s\u00fcresi\" \/>\n\t<meta name=\"twitter:data2\" content=\"10 minutes\" \/>\n<script type=\"application\/ld+json\" class=\"yoast-schema-graph\">{\"@context\":\"https:\\\/\\\/schema.org\",\"@graph\":[{\"@type\":\"Article\",\"@id\":\"https:\\\/\\\/gruene-wiesbaden.de\\\/kinder-familien-und-alleinerziehende\\\/#article\",\"isPartOf\":{\"@id\":\"https:\\\/\\\/gruene-wiesbaden.de\\\/kinder-familien-und-alleinerziehende\\\/\"},\"author\":{\"name\":\"admin\",\"@id\":\"https:\\\/\\\/gruene-wiesbaden.de\\\/#\\\/schema\\\/person\\\/6785c34779159cd4fd86886bb097afe9\"},\"headline\":\"Kinder, Familien und Alleinerziehende\",\"datePublished\":\"2025-11-09T22:18:23+00:00\",\"dateModified\":\"2026-04-09T08:38:51+00:00\",\"mainEntityOfPage\":{\"@id\":\"https:\\\/\\\/gruene-wiesbaden.de\\\/kinder-familien-und-alleinerziehende\\\/\"},\"wordCount\":2989,\"publisher\":{\"@id\":\"https:\\\/\\\/gruene-wiesbaden.de\\\/#organization\"},\"image\":{\"@id\":\"https:\\\/\\\/gruene-wiesbaden.de\\\/kinder-familien-und-alleinerziehende\\\/#primaryimage\"},\"thumbnailUrl\":\"https:\\\/\\\/gruene-wiesbaden.de\\\/wp-content\\\/uploads\\\/2025\\\/11\\\/2.8-Kinder-Familien-und-Alleinerziehende-scaled.jpg\",\"articleSection\":[\"Kapitel 2\"],\"inLanguage\":\"tr-TR\"},{\"@type\":\"WebPage\",\"@id\":\"https:\\\/\\\/gruene-wiesbaden.de\\\/kinder-familien-und-alleinerziehende\\\/\",\"url\":\"https:\\\/\\\/gruene-wiesbaden.de\\\/kinder-familien-und-alleinerziehende\\\/\",\"name\":\"Kinder, Familien und Alleinerziehende - B\u00dcNDNIS 90\\\/DIE GR\u00dcNEN Wiesbaden\",\"isPartOf\":{\"@id\":\"https:\\\/\\\/gruene-wiesbaden.de\\\/#website\"},\"primaryImageOfPage\":{\"@id\":\"https:\\\/\\\/gruene-wiesbaden.de\\\/kinder-familien-und-alleinerziehende\\\/#primaryimage\"},\"image\":{\"@id\":\"https:\\\/\\\/gruene-wiesbaden.de\\\/kinder-familien-und-alleinerziehende\\\/#primaryimage\"},\"thumbnailUrl\":\"https:\\\/\\\/gruene-wiesbaden.de\\\/wp-content\\\/uploads\\\/2025\\\/11\\\/2.8-Kinder-Familien-und-Alleinerziehende-scaled.jpg\",\"datePublished\":\"2025-11-09T22:18:23+00:00\",\"dateModified\":\"2026-04-09T08:38:51+00:00\",\"breadcrumb\":{\"@id\":\"https:\\\/\\\/gruene-wiesbaden.de\\\/kinder-familien-und-alleinerziehende\\\/#breadcrumb\"},\"inLanguage\":\"tr-TR\",\"potentialAction\":[{\"@type\":\"ReadAction\",\"target\":[\"https:\\\/\\\/gruene-wiesbaden.de\\\/kinder-familien-und-alleinerziehende\\\/\"]}]},{\"@type\":\"ImageObject\",\"inLanguage\":\"tr-TR\",\"@id\":\"https:\\\/\\\/gruene-wiesbaden.de\\\/kinder-familien-und-alleinerziehende\\\/#primaryimage\",\"url\":\"https:\\\/\\\/gruene-wiesbaden.de\\\/wp-content\\\/uploads\\\/2025\\\/11\\\/2.8-Kinder-Familien-und-Alleinerziehende-scaled.jpg\",\"contentUrl\":\"https:\\\/\\\/gruene-wiesbaden.de\\\/wp-content\\\/uploads\\\/2025\\\/11\\\/2.8-Kinder-Familien-und-Alleinerziehende-scaled.jpg\",\"width\":2560,\"height\":1707},{\"@type\":\"BreadcrumbList\",\"@id\":\"https:\\\/\\\/gruene-wiesbaden.de\\\/kinder-familien-und-alleinerziehende\\\/#breadcrumb\",\"itemListElement\":[{\"@type\":\"ListItem\",\"position\":1,\"name\":\"Startseite\",\"item\":\"https:\\\/\\\/gruene-wiesbaden.de\\\/\"},{\"@type\":\"ListItem\",\"position\":2,\"name\":\"Kinder, Familien und Alleinerziehende\"}]},{\"@type\":\"WebSite\",\"@id\":\"https:\\\/\\\/gruene-wiesbaden.de\\\/#website\",\"url\":\"https:\\\/\\\/gruene-wiesbaden.de\\\/\",\"name\":\"DIE GR\u00dcNEN Wiesbaden\",\"description\":\"\",\"publisher\":{\"@id\":\"https:\\\/\\\/gruene-wiesbaden.de\\\/#organization\"},\"potentialAction\":[{\"@type\":\"SearchAction\",\"target\":{\"@type\":\"EntryPoint\",\"urlTemplate\":\"https:\\\/\\\/gruene-wiesbaden.de\\\/?s={search_term_string}\"},\"query-input\":{\"@type\":\"PropertyValueSpecification\",\"valueRequired\":true,\"valueName\":\"search_term_string\"}}],\"inLanguage\":\"tr-TR\"},{\"@type\":\"Organization\",\"@id\":\"https:\\\/\\\/gruene-wiesbaden.de\\\/#organization\",\"name\":\"DIE GR\u00dcNEN Wiesbaden\",\"url\":\"https:\\\/\\\/gruene-wiesbaden.de\\\/\",\"logo\":{\"@type\":\"ImageObject\",\"inLanguage\":\"tr-TR\",\"@id\":\"https:\\\/\\\/gruene-wiesbaden.de\\\/#\\\/schema\\\/logo\\\/image\\\/\",\"url\":\"https:\\\/\\\/gruene-wiesbaden-fuer-europa.de\\\/wp-content\\\/uploads\\\/2024\\\/04\\\/Machen-was-zaehlt-5.png\",\"contentUrl\":\"https:\\\/\\\/gruene-wiesbaden-fuer-europa.de\\\/wp-content\\\/uploads\\\/2024\\\/04\\\/Machen-was-zaehlt-5.png\",\"width\":1772,\"height\":1772,\"caption\":\"DIE GR\u00dcNEN Wiesbaden\"},\"image\":{\"@id\":\"https:\\\/\\\/gruene-wiesbaden.de\\\/#\\\/schema\\\/logo\\\/image\\\/\"},\"sameAs\":[\"https:\\\/\\\/www.facebook.com\\\/gruene.wi\",\"https:\\\/\\\/instagram.com\\\/gruene_wi\"]},{\"@type\":\"Person\",\"@id\":\"https:\\\/\\\/gruene-wiesbaden.de\\\/#\\\/schema\\\/person\\\/6785c34779159cd4fd86886bb097afe9\",\"name\":\"admin\",\"sameAs\":[\"http:\\\/\\\/gruene-wiesbaden-fuer-europa.de\"],\"url\":\"https:\\\/\\\/gruene-wiesbaden.de\\\/tr\\\/author\\\/admin\\\/\"}]}<\/script>\n<!-- \/ Yoast SEO plugin. -->","yoast_head_json":{"title":"Kinder, Familien und Alleinerziehende - B\u00dcNDNIS 90\/DIE GR\u00dcNEN Wiesbaden","robots":{"index":"index","follow":"follow","max-snippet":"max-snippet:-1","max-image-preview":"max-image-preview:large","max-video-preview":"max-video-preview:-1"},"canonical":"https:\/\/gruene-wiesbaden.de\/tr\/kinder-familien-und-alleinerziehende\/","og_locale":"tr_TR","og_type":"article","og_title":"Kinder, Familien und Alleinerziehende - B\u00dcNDNIS 90\/DIE GR\u00dcNEN Wiesbaden","og_url":"https:\/\/gruene-wiesbaden.de\/tr\/kinder-familien-und-alleinerziehende\/","og_site_name":"B\u00dcNDNIS 90\/DIE GR\u00dcNEN Wiesbaden","article_publisher":"https:\/\/www.facebook.com\/gruene.wi","article_published_time":"2025-11-09T22:18:23+00:00","article_modified_time":"2026-04-09T08:38:51+00:00","og_image":[{"width":2560,"height":1707,"url":"https:\/\/gruene-wiesbaden.de\/wp-content\/uploads\/2025\/11\/2.8-Kinder-Familien-und-Alleinerziehende-scaled.jpg","type":"image\/jpeg"}],"author":"admin","twitter_card":"summary_large_image","twitter_misc":{"Yazan:":"admin","Tahmini okuma s\u00fcresi":"10 minutes"},"schema":{"@context":"https:\/\/schema.org","@graph":[{"@type":"Article","@id":"https:\/\/gruene-wiesbaden.de\/kinder-familien-und-alleinerziehende\/#article","isPartOf":{"@id":"https:\/\/gruene-wiesbaden.de\/kinder-familien-und-alleinerziehende\/"},"author":{"name":"admin","@id":"https:\/\/gruene-wiesbaden.de\/#\/schema\/person\/6785c34779159cd4fd86886bb097afe9"},"headline":"Kinder, Familien und Alleinerziehende","datePublished":"2025-11-09T22:18:23+00:00","dateModified":"2026-04-09T08:38:51+00:00","mainEntityOfPage":{"@id":"https:\/\/gruene-wiesbaden.de\/kinder-familien-und-alleinerziehende\/"},"wordCount":2989,"publisher":{"@id":"https:\/\/gruene-wiesbaden.de\/#organization"},"image":{"@id":"https:\/\/gruene-wiesbaden.de\/kinder-familien-und-alleinerziehende\/#primaryimage"},"thumbnailUrl":"https:\/\/gruene-wiesbaden.de\/wp-content\/uploads\/2025\/11\/2.8-Kinder-Familien-und-Alleinerziehende-scaled.jpg","articleSection":["Kapitel 2"],"inLanguage":"tr-TR"},{"@type":"WebPage","@id":"https:\/\/gruene-wiesbaden.de\/kinder-familien-und-alleinerziehende\/","url":"https:\/\/gruene-wiesbaden.de\/kinder-familien-und-alleinerziehende\/","name":"Kinder, Familien und Alleinerziehende - B\u00dcNDNIS 90\/DIE GR\u00dcNEN Wiesbaden","isPartOf":{"@id":"https:\/\/gruene-wiesbaden.de\/#website"},"primaryImageOfPage":{"@id":"https:\/\/gruene-wiesbaden.de\/kinder-familien-und-alleinerziehende\/#primaryimage"},"image":{"@id":"https:\/\/gruene-wiesbaden.de\/kinder-familien-und-alleinerziehende\/#primaryimage"},"thumbnailUrl":"https:\/\/gruene-wiesbaden.de\/wp-content\/uploads\/2025\/11\/2.8-Kinder-Familien-und-Alleinerziehende-scaled.jpg","datePublished":"2025-11-09T22:18:23+00:00","dateModified":"2026-04-09T08:38:51+00:00","breadcrumb":{"@id":"https:\/\/gruene-wiesbaden.de\/kinder-familien-und-alleinerziehende\/#breadcrumb"},"inLanguage":"tr-TR","potentialAction":[{"@type":"ReadAction","target":["https:\/\/gruene-wiesbaden.de\/kinder-familien-und-alleinerziehende\/"]}]},{"@type":"ImageObject","inLanguage":"tr-TR","@id":"https:\/\/gruene-wiesbaden.de\/kinder-familien-und-alleinerziehende\/#primaryimage","url":"https:\/\/gruene-wiesbaden.de\/wp-content\/uploads\/2025\/11\/2.8-Kinder-Familien-und-Alleinerziehende-scaled.jpg","contentUrl":"https:\/\/gruene-wiesbaden.de\/wp-content\/uploads\/2025\/11\/2.8-Kinder-Familien-und-Alleinerziehende-scaled.jpg","width":2560,"height":1707},{"@type":"BreadcrumbList","@id":"https:\/\/gruene-wiesbaden.de\/kinder-familien-und-alleinerziehende\/#breadcrumb","itemListElement":[{"@type":"ListItem","position":1,"name":"Startseite","item":"https:\/\/gruene-wiesbaden.de\/"},{"@type":"ListItem","position":2,"name":"Kinder, Familien und Alleinerziehende"}]},{"@type":"WebSite","@id":"https:\/\/gruene-wiesbaden.de\/#website","url":"https:\/\/gruene-wiesbaden.de\/","name":"DIE GR\u00dcNEN Wiesbaden","description":"","publisher":{"@id":"https:\/\/gruene-wiesbaden.de\/#organization"},"potentialAction":[{"@type":"SearchAction","target":{"@type":"EntryPoint","urlTemplate":"https:\/\/gruene-wiesbaden.de\/?s={search_term_string}"},"query-input":{"@type":"PropertyValueSpecification","valueRequired":true,"valueName":"search_term_string"}}],"inLanguage":"tr-TR"},{"@type":"Organization","@id":"https:\/\/gruene-wiesbaden.de\/#organization","name":"DIE GR\u00dcNEN Wiesbaden","url":"https:\/\/gruene-wiesbaden.de\/","logo":{"@type":"ImageObject","inLanguage":"tr-TR","@id":"https:\/\/gruene-wiesbaden.de\/#\/schema\/logo\/image\/","url":"https:\/\/gruene-wiesbaden-fuer-europa.de\/wp-content\/uploads\/2024\/04\/Machen-was-zaehlt-5.png","contentUrl":"https:\/\/gruene-wiesbaden-fuer-europa.de\/wp-content\/uploads\/2024\/04\/Machen-was-zaehlt-5.png","width":1772,"height":1772,"caption":"DIE GR\u00dcNEN Wiesbaden"},"image":{"@id":"https:\/\/gruene-wiesbaden.de\/#\/schema\/logo\/image\/"},"sameAs":["https:\/\/www.facebook.com\/gruene.wi","https:\/\/instagram.com\/gruene_wi"]},{"@type":"Person","@id":"https:\/\/gruene-wiesbaden.de\/#\/schema\/person\/6785c34779159cd4fd86886bb097afe9","name":"admin","sameAs":["http:\/\/gruene-wiesbaden-fuer-europa.de"],"url":"https:\/\/gruene-wiesbaden.de\/tr\/author\/admin\/"}]}},"_links":{"self":[{"href":"https:\/\/gruene-wiesbaden.de\/tr\/wp-json\/wp\/v2\/posts\/1366","targetHints":{"allow":["GET"]}}],"collection":[{"href":"https:\/\/gruene-wiesbaden.de\/tr\/wp-json\/wp\/v2\/posts"}],"about":[{"href":"https:\/\/gruene-wiesbaden.de\/tr\/wp-json\/wp\/v2\/types\/post"}],"author":[{"embeddable":true,"href":"https:\/\/gruene-wiesbaden.de\/tr\/wp-json\/wp\/v2\/users\/1"}],"replies":[{"embeddable":true,"href":"https:\/\/gruene-wiesbaden.de\/tr\/wp-json\/wp\/v2\/comments?post=1366"}],"version-history":[{"count":7,"href":"https:\/\/gruene-wiesbaden.de\/tr\/wp-json\/wp\/v2\/posts\/1366\/revisions"}],"predecessor-version":[{"id":2396,"href":"https:\/\/gruene-wiesbaden.de\/tr\/wp-json\/wp\/v2\/posts\/1366\/revisions\/2396"}],"wp:featuredmedia":[{"embeddable":true,"href":"https:\/\/gruene-wiesbaden.de\/tr\/wp-json\/wp\/v2\/media\/1491"}],"wp:attachment":[{"href":"https:\/\/gruene-wiesbaden.de\/tr\/wp-json\/wp\/v2\/media?parent=1366"}],"wp:term":[{"taxonomy":"category","embeddable":true,"href":"https:\/\/gruene-wiesbaden.de\/tr\/wp-json\/wp\/v2\/categories?post=1366"},{"taxonomy":"post_tag","embeddable":true,"href":"https:\/\/gruene-wiesbaden.de\/tr\/wp-json\/wp\/v2\/tags?post=1366"}],"curies":[{"name":"wp","href":"https:\/\/api.w.org\/{rel}","templated":true}]}}