{"id":1359,"date":"2025-11-10T00:15:14","date_gmt":"2025-11-09T22:15:14","guid":{"rendered":"https:\/\/gruene-wiesbaden.de\/?p=1359"},"modified":"2026-04-09T10:34:43","modified_gmt":"2026-04-09T08:34:43","slug":"zivilgesellschaftliches-engagement-und-demokratiefoerderung","status":"publish","type":"post","link":"https:\/\/gruene-wiesbaden.de\/tr\/zivilgesellschaftliches-engagement-und-demokratiefoerderung\/","title":{"rendered":"Sivil toplum kat\u0131l\u0131m\u0131 ve demokrasinin te\u015fviki"},"content":{"rendered":"<section class=\"l-section wpb_row height_medium with_img\"><div class=\"l-section-img\" role=\"img\" data-img-width=\"1080\" data-img-height=\"800\" style=\"background-image: url(https:\/\/gruene-wiesbaden.de\/wp-content\/uploads\/2025\/11\/neuer-Verlauf-gruene-wiesbaden.de_-2-e1762709402177.png);\"><\/div><div class=\"l-section-overlay\" style=\"background:var(--color-header-top-transparent-bg)\"><\/div><div class=\"l-section-h i-cf\"><div class=\"g-cols vc_row via_grid cols_1 laptops-cols_inherit tablets-cols_inherit mobiles-cols_1 valign_top type_default stacking_default\"><div class=\"wpb_column vc_column_container\"><div class=\"vc_column-inner\"><h1 class=\"w-post-elm post_title us_custom_a574d586 has_text_color entry-title\">Sivil toplum kat\u0131l\u0131m\u0131 ve demokrasinin te\u015fviki<\/h1><div class=\"w-separator size_medium\"><\/div><div class=\"g-cols wpb_row via_grid cols_2-1 laptops-cols_inherit tablets-cols_inherit mobiles-cols_1 valign_top type_default stacking_default\" style=\"--columns-gap:3rem;\"><div class=\"wpb_column vc_column_container\"><div class=\"vc_column-inner\"><div class=\"wpb_text_column us_custom_8b3d6790 has_text_color\"><div class=\"wpb_wrapper\"><p><span style=\"font-weight: 400;\">Vatanda\u015flar i\u00e7in kat\u0131l\u0131m formatlar\u0131, il\u00e7edeki projelerin ortak uygulanmas\u0131 veya dernekler, giri\u015fimler veya vak\u0131flardaki hay\u0131rsever g\u00f6n\u00fcll\u00fc \u00e7al\u0131\u015fmalar yoluyla kendi toplulu\u011funuzun geli\u015fimine kat\u0131labilmek, topluluk duygusunu g\u00fc\u00e7lendirir, engelleri y\u0131kar, insanlar\u0131 bir araya getirir, toplumla \u00f6zde\u015fle\u015fmeyi art\u0131r\u0131r ve nefrete kar\u015f\u0131 en etkili \u00f6nlemlerden biridir., nefret s\u00f6ylemi, ho\u015fg\u00f6r\u00fcs\u00fczl\u00fck ve d\u0131\u015flanma.<\/span><\/p>\n<p><span style=\"font-weight: 400;\">\u00d6zellikle belediye politikas\u0131 burada \u00f6zel bir sorumluluk ta\u015f\u0131maktad\u0131r: Sivil toplum kat\u0131l\u0131m\u0131n\u0131n geli\u015febilece\u011fi \u00e7er\u00e7eve ko\u015fullar\u0131n\u0131 yarat\u0131r, diyalog ve kar\u015f\u0131la\u015fma alanlar\u0131 a\u00e7ar ve vatanda\u015flar\u0131n fikirleri, endi\u015feleri ve becerileri ile do\u011frudan etkili olabilmelerini sa\u011flar.<\/span><\/p>\n<\/div><\/div><div class=\"w-separator size_medium\"><\/div><div class=\"w-btn-wrapper align_left\"><a class=\"w-btn us-btn-style_8 icon_atleft\" href=\"https:\/\/gruene-wiesbaden.de\/tr\/kommunalwahl\/#Kapitel2\"><i class=\"fas fa-chevron-circle-right\"><\/i><span class=\"w-btn-label\">Genel bak\u0131\u015fa geri d\u00f6n<\/span><\/a><\/div><\/div><\/div><div class=\"wpb_column vc_column_container\"><div class=\"vc_column-inner\"><div class=\"w-image align_center\"><div class=\"w-image-h\"><img decoding=\"async\" width=\"750\" height=\"750\" src=\"https:\/\/gruene-wiesbaden.de\/wp-content\/uploads\/2025\/11\/2.6-Zivilgesellschaftliches-Engagement-1.jpg\" class=\"attachment-full size-full\" alt=\"\" loading=\"lazy\" srcset=\"https:\/\/gruene-wiesbaden.de\/wp-content\/uploads\/2025\/11\/2.6-Zivilgesellschaftliches-Engagement-1.jpg 750w, https:\/\/gruene-wiesbaden.de\/wp-content\/uploads\/2025\/11\/2.6-Zivilgesellschaftliches-Engagement-1-400x400.jpg 400w, https:\/\/gruene-wiesbaden.de\/wp-content\/uploads\/2025\/11\/2.6-Zivilgesellschaftliches-Engagement-1-600x600.jpg 600w, https:\/\/gruene-wiesbaden.de\/wp-content\/uploads\/2025\/11\/2.6-Zivilgesellschaftliches-Engagement-1-150x150.jpg 150w\" sizes=\"auto, (max-width: 750px) 100vw, 750px\" \/><\/div><\/div><div class=\"w-separator size_small\"><\/div><\/div><\/div><\/div><div class=\"w-separator size_medium\"><\/div><div class=\"w-separator size_medium\"><\/div><div class=\"wpb_text_column\"><div class=\"wpb_wrapper\"><h1>Sivil toplum kat\u0131l\u0131m\u0131 ve demokrasi tan\u0131t\u0131m\u0131 bizim i\u00e7in ne anlama geliyor?<\/h1>\n<\/div><\/div><div class=\"w-separator size_large\"><\/div><div class=\"g-cols wpb_row via_grid cols_3 laptops-cols_inherit tablets-cols_inherit mobiles-cols_1 valign_top type_default stacking_default\" style=\"--columns-gap:3rem;\"><div class=\"wpb_column vc_column_container\"><div class=\"vc_column-inner\"><div class=\"w-iconbox us_custom_8b3d6790 has_text_color iconpos_left style_default color_custom align_left\"><div class=\"w-iconbox-icon\" style=\"font-size:2rem;--icon-color:#Ffffff;--icon-bg-color:var(--color-header-middle-bg);\"><i class=\"fas fa-layer-group\"><\/i><\/div><div class=\"w-iconbox-meta\"><h4 class=\"w-iconbox-title\" style=\"font-size:1.5rem;\">Sivil toplum kat\u0131l\u0131m\u0131 kar\u015f\u0131la\u015fmalar\u0131 te\u015fvik eder ve k\u00f6pr\u00fcler kurar<\/h4><div class=\"w-iconbox-text\"><p><span style=\"font-weight: 400;\">Birlikte \u00e7al\u0131\u015fanlar birlikte b\u00fcy\u00fcrler. Bu, birbirleri i\u00e7in yak\u0131nl\u0131k, anlay\u0131\u015f yarat\u0131r ve kar\u015f\u0131l\u0131kl\u0131 kabul\u00fc te\u015fvik eder. Bu da \u00e7e\u015fitlili\u011fi, kapsay\u0131c\u0131l\u0131\u011f\u0131 ve entegrasyonu te\u015fvik eder.<\/span><\/p>\n<\/div><\/div><\/div><\/div><\/div><div class=\"wpb_column vc_column_container\"><div class=\"vc_column-inner\"><div class=\"w-iconbox us_custom_8b3d6790 has_text_color iconpos_left style_default color_custom align_left\"><div class=\"w-iconbox-icon\" style=\"font-size:2rem;--icon-color:#Ffffff;--icon-bg-color:var(--color-header-transparent-text);\"><i class=\"fas fa-layer-group\"><\/i><\/div><div class=\"w-iconbox-meta\"><h4 class=\"w-iconbox-title\" style=\"font-size:1.5rem;\">Kentsel topluma kat\u0131l\u0131m demokrasiyi g\u00fc\u00e7lendiriyor<\/h4><div class=\"w-iconbox-text\"><p><span style=\"font-weight: 400;\">Kentsel toplum i\u00e7in kat\u0131l\u0131m s\u00fcre\u00e7leri kat\u0131l\u0131m\u0131 ve yarat\u0131c\u0131 g\u00fcc\u00fc te\u015fvik eder. Bu, demokratik yap\u0131lar\u0131 g\u00fc\u00e7lendirir, siyasi hayal k\u0131r\u0131kl\u0131\u011f\u0131 yarat\u0131r, vatanda\u015flar\u0131n etkisini g\u00fc\u00e7lendirir ve siyasi kararlar\u0131n daha fazla kabul edilmesine yol a\u00e7ar.<\/span><\/p>\n<\/div><\/div><\/div><\/div><\/div><div class=\"wpb_column vc_column_container\"><div class=\"vc_column-inner\"><div class=\"w-iconbox us_custom_8b3d6790 has_text_color iconpos_left style_default color_custom align_left\"><div class=\"w-iconbox-icon\" style=\"font-size:2rem;--icon-color:#Ffffff;--icon-bg-color:var(--color-header-transparent-text);\"><i class=\"fas fa-layer-group\"><\/i><\/div><div class=\"w-iconbox-meta\"><h4 class=\"w-iconbox-title\" style=\"font-size:1.5rem;\">Taahh\u00fct kat\u0131l\u0131m\u0131 te\u015fvik eder<\/h4><div class=\"w-iconbox-text\"><p><span style=\"font-weight: 400;\">H\u0131zl\u0131 bir \u015fekilde ba\u011flant\u0131 kuranlar, ba\u011flar kurarlar, arkada\u015fl\u0131klar kurarlar ve b\u00f6ylece kendi ba\u011fl\u0131l\u0131klar\u0131n\u0131n etkinli\u011fini deneyimlerler. Bu, belediye ile \u00f6zde\u015fle\u015fmeyi art\u0131r\u0131r, ufku geni\u015fletir, demokratik m\u00fczakere s\u00fcre\u00e7lerini ve ki\u015finin kendi tasar\u0131m olanaklar\u0131n\u0131 somutla\u015ft\u0131r\u0131r.<\/span><\/p>\n<\/div><\/div><\/div><\/div><\/div><\/div><div class=\"w-separator size_medium\"><\/div><div class=\"w-separator size_medium\"><\/div><div class=\"w-btn-wrapper align_left\"><a class=\"w-btn us-btn-style_8 icon_atleft\" href=\"https:\/\/gruene-wiesbaden.de\/tr\/kommunalwahl\/#Kapitel2\"><i class=\"fas fa-chevron-circle-right\"><\/i><span class=\"w-btn-label\">Genel bak\u0131\u015fa geri d\u00f6n<\/span><\/a><\/div><div class=\"w-separator size_medium\"><\/div><\/div><\/div><\/div><\/div><\/section><section class=\"l-section wpb_row height_auto with_img\"><div class=\"l-section-img\" role=\"img\" data-img-width=\"750\" data-img-height=\"750\" style=\"background-image: url(https:\/\/gruene-wiesbaden.de\/wp-content\/uploads\/2025\/11\/2.6-Zivilgesellschaftliches-Engagement-1.jpg);background-repeat: no-repeat;\"><\/div><div class=\"l-section-overlay\" style=\"background:var(--color-header-top-transparent-bg)\"><\/div><div class=\"l-section-h i-cf\"><div class=\"g-cols vc_row via_grid cols_1 laptops-cols_inherit tablets-cols_inherit mobiles-cols_1 valign_middle type_default stacking_default\" style=\"--columns-gap:1rem;\"><div class=\"wpb_column vc_column_container\"><div class=\"vc_column-inner\"><div class=\"w-separator size_large\"><\/div><div class=\"wpb_text_column background_inside_text\"><div class=\"wpb_wrapper\"><h1>\u00d6zellikle bu alanda yapmak istediklerimiz<\/h1>\n<\/div><\/div><div class=\"w-separator size_medium\"><\/div><div class=\"w-tabs us_custom_42d693a0 has_text_color style_default switch_click accordion has_scrolling\" style=\"--sections-title-size:1.4rem\"><div class=\"w-tabs-sections titles-align_none icon_chevron cpos_right\"><div class=\"w-tabs-section has_text_color\" id=\"zd9b\" style=\"background:var(--color-header-transparent-text);color:var(--color-header-top-text-hover);\"><button class=\"w-tabs-section-header\" aria-controls=\"content-zd9b\" aria-expanded=\"false\"><div class=\"w-tabs-section-title\">Sivil toplumu harekete ge\u00e7irmek i\u00e7in sivil e\u011fitim<\/div><div class=\"w-tabs-section-control\"><\/div><\/button><div  class=\"w-tabs-section-content\" id=\"content-zd9b\"><div class=\"w-tabs-section-content-h i-cf\"><div class=\"wpb_text_column\"><div class=\"wpb_wrapper\"><p><span style=\"font-weight: 400;\">Demokrasi kat\u0131l\u0131mla geli\u015fir. Sadece aktif ve ele\u015ftirel bir sivil toplum, demokrasiyi yok etmek isteyen sa\u011fc\u0131 g\u00fc\u00e7lere kar\u015f\u0131 savunma g\u00fcc\u00fcne sahiptir. Wiesbaden, M\u00fclteci Konseyi veya Yabanc\u0131lar Dan\u0131\u015fma Kurulu olarak bizler: Wiesbaden, a\u00e7\u0131k ve \u00e7e\u015fitli bir topluma kendini adam\u0131\u015f \u00e7ok say\u0131da dernek, giri\u015fim ve kuruma sahiptir. Bu yap\u0131lar\u0131 korumak ve yasal m\u00fcdahalelere kar\u015f\u0131 savunmak istiyoruz. Zor b\u00fct\u00e7e durumlar\u0131nda bile.<\/span><\/p>\n<\/div><\/div><\/div><\/div><\/div><div class=\"w-tabs-section has_text_color\" id=\"lebb\" style=\"background:var(--color-header-transparent-text);color:var(--color-header-top-text-hover);\"><button class=\"w-tabs-section-header\" aria-controls=\"content-lebb\" aria-expanded=\"false\"><div class=\"w-tabs-section-title\">De\u011fi\u015fen b\u00f6lgelerde y\u0131ll\u0131k \"Demokrasi Haftas\u0131\"<\/div><div class=\"w-tabs-section-control\"><\/div><\/button><div  class=\"w-tabs-section-content\" id=\"content-lebb\"><div class=\"w-tabs-section-content-h i-cf\"><div class=\"wpb_text_column\"><div class=\"wpb_wrapper\"><p><span style=\"font-weight: 400;\">Temel haklar da dahil olmak \u00fczere demokratik temel d\u00fczen, Wiesbaden sakinlerinin g\u00fcnl\u00fck ya\u015fam\u0131n\u0131 \u00f6nemli \u00f6l\u00e7\u00fcde \u015fekillendirse de, bunun somut fark\u0131ndal\u0131\u011f\u0131 azalmaktad\u0131r. Demokrasiyi tekrar somut ve somut hale getirmek i\u00e7in, demokrasinin ne oldu\u011funu ve her hafta at\u00f6lyelerde, okumalarda, futbol ma\u00e7lar\u0131nda, oyun etkinliklerinde ve benzerlerinde somut olarak ta\u015f\u0131mak istiyoruz. Pilot proje veya model, 22 - 26 Eyl\u00fcl 2025 tarihleri aras\u0131ndaki ilk Klarenthal Demokrasi Haftas\u0131d\u0131r.<\/span><\/p>\n<\/div><\/div><\/div><\/div><\/div><div class=\"w-tabs-section has_text_color\" id=\"zff1\" style=\"background:var(--color-header-transparent-text);color:var(--color-header-top-text-hover);\"><button class=\"w-tabs-section-header\" aria-controls=\"content-zff1\" aria-expanded=\"false\"><div class=\"w-tabs-section-title\">\u015eehir e\u015fle\u015ftirmesini g\u00fc\u00e7lendirmek<\/div><div class=\"w-tabs-section-control\"><\/div><\/button><div  class=\"w-tabs-section-content\" id=\"content-zff1\"><div class=\"w-tabs-section-content-h i-cf\"><div class=\"wpb_text_column\"><div class=\"wpb_wrapper\"><p><span style=\"font-weight: 400;\">Wiesbaden, NExT ittifak\u0131nda yer alan Avrupa \u015fehri Rainbow City'dir ve Federal Network DemocracyLife'a kat\u0131l\u0131r. Demokratik de\u011ferlerin de\u011fi\u015fimini ve g\u00fc\u00e7lendirilmesini daha da te\u015fvik etmek i\u00e7in ortakl\u0131k derneklerine daha fazla destek vermek istiyoruz. Bu ayn\u0131 zamanda, \u0130stanbul veya G\u00f6rlitz gibi demokratik de\u011ferlerin ve ya\u015fanm\u0131\u015f \u00e7e\u015fitlili\u011fin giderek daha fazla bask\u0131 alt\u0131na girdi\u011fi ortak \u015fehirler oldu\u011fu ger\u00e7e\u011fini de g\u00f6z \u00f6n\u00fcnde bulundurmaktad\u0131r.<\/span><\/p>\n<\/div><\/div><\/div><\/div><\/div><div class=\"w-tabs-section has_text_color\" id=\"m10d\" style=\"background:var(--color-header-middle-bg);color:var(--color-content-heading);\"><button class=\"w-tabs-section-header\" aria-controls=\"content-m10d\" aria-expanded=\"false\"><div class=\"w-tabs-section-title\">Yurtta\u015flar Konseyi pilot projesi<\/div><div class=\"w-tabs-section-control\"><\/div><\/button><div  class=\"w-tabs-section-content\" id=\"content-m10d\"><div class=\"w-tabs-section-content-h i-cf\"><div class=\"wpb_text_column\"><div class=\"wpb_wrapper\"><p><span style=\"font-weight: 400;\">\u00d6nemli Wiesbaden sakinleri, \u00f6zellikle gen\u00e7ler ve g\u00f6\u00e7men k\u00f6kenli insanlar, \u015fu anda yerel konseyler, ya\u015fl\u0131lar dan\u0131\u015fma kurulu veya yabanc\u0131lar dan\u0131\u015fma kurulu gibi vatanda\u015f kat\u0131l\u0131m\u0131 i\u00e7in mevcut f\u0131rsatlara nispeten az eri\u015fime sahiptir. Bu nedenle, bu sistemi tamamlamak i\u00e7in daha fazla eri\u015fim a\u00e7\u0131lmal\u0131d\u0131r: bir Yurtta\u015flar Konseyi. Bu, \u015fehir \u00e7ap\u0131nda ilgili konularda toplanabilir. T\u00fcm Wiesbaden sakinleri i\u00e7in kat\u0131l\u0131m m\u00fcmk\u00fcnd\u00fcr. Bu format\u0131 \u015fehir d\u00fczeyinde test etmek i\u00e7in bir pilot projenin tan\u0131t\u0131m\u0131n\u0131 yapmak istiyoruz.<\/span><\/p>\n<\/div><\/div><\/div><\/div><\/div><div class=\"w-tabs-section has_text_color\" id=\"l236\" style=\"background:var(--color-header-transparent-text);color:var(--color-header-top-text-hover);\"><button class=\"w-tabs-section-header\" aria-controls=\"content-l236\" aria-expanded=\"false\"><div class=\"w-tabs-section-title\">Kat\u0131l\u0131m\u0131 g\u00fc\u00e7lendirin<\/div><div class=\"w-tabs-section-control\"><\/div><\/button><div  class=\"w-tabs-section-content\" id=\"content-l236\"><div class=\"w-tabs-section-content-h i-cf\"><div class=\"wpb_text_column\"><div class=\"wpb_wrapper\"><p><span style=\"font-weight: 400;\">gibi mevcut formatlar\u0131 olu\u015fturuyoruz. <\/span><i><span style=\"font-weight: 400;\">Wiesbaden \u00c7al\u0131\u015f\u0131yor <\/span><\/i><span style=\"font-weight: 400;\">S\u00fcrekli olarak yeni dijital kat\u0131l\u0131m ara\u00e7lar\u0131 geli\u015ftirmek ve geli\u015ftirmek. Bu, birlikte yaratmay\u0131 daha kolay, daha \u015feffaf ve daha \u00e7ekici hale getirir. Vatanda\u015flar, \u015fehir planlamas\u0131 ve k\u00fclt\u00fcr\u00fcnden \u00e7evre ve iklim korumas\u0131na kadar \u015fehirlerindeki projeler \u00fczerinde daha fazla etkiye sahiptir. Hibrit tekliflerle (yerinde ve dijital), \u00f6zellikle gen\u00e7lere ve hen\u00fcz ula\u015f\u0131lmam\u0131\u015f gruplara hitap etmek istiyoruz. Wiesbaden b\u00f6ylece kat\u0131l\u0131m\u0131n elbette oldu\u011fu ve kararlar\u0131n birlikte al\u0131nd\u0131\u011f\u0131 bir \u015fehir haline gelir.<\/span><\/p>\n<\/div><\/div><\/div><\/div><\/div><div class=\"w-tabs-section has_text_color\" id=\"i36c\" style=\"background:var(--color-header-middle-bg);color:var(--color-header-middle-text);\"><button class=\"w-tabs-section-header\" aria-controls=\"content-i36c\" aria-expanded=\"false\"><div class=\"w-tabs-section-title\">Mevcut yap\u0131lar\u0131 korumak ve g\u00fc\u00e7lendirmek<\/div><div class=\"w-tabs-section-control\"><\/div><\/button><div  class=\"w-tabs-section-content\" id=\"content-i36c\"><div class=\"w-tabs-section-content-h i-cf\"><div class=\"wpb_text_column\"><div class=\"wpb_wrapper\"><p><span style=\"font-weight: 400;\">Wiesbaden, G\u00f6n\u00fcll\u00fc Merkezi, Wiesbaden Vakf\u0131, Dernekler Hizmet Merkezi veya B\u00fcrgerkolleg ile geni\u015f bir altyap\u0131 olu\u015fturmu\u015ftur. Bu sadece insanlar\u0131 hay\u0131r i\u015fleriyle ve \u00e7ok say\u0131da aktif giri\u015fim ve dernekle tan\u0131\u015ft\u0131rmakla kalmaz, ayn\u0131 zamanda insanlar\u0131 g\u00f6n\u00fcll\u00fc olarak \u00e7al\u0131\u015fabilmeleri i\u00e7in \u00e7ok \u00e7e\u015fitli alanlarda niteler. \u00d6zellikle gergin hane zamanlar\u0131nda, bu mevcut a\u011f sald\u0131r\u0131ya u\u011framamal\u0131, ancak gelecekte geni\u015fletilmelidir.<\/span><\/p>\n<\/div><\/div><\/div><\/div><\/div><div class=\"w-tabs-section has_text_color\" id=\"a485\" style=\"background:var(--color-header-transparent-text);color:var(--color-header-top-text-hover);\"><button class=\"w-tabs-section-header\" aria-controls=\"content-a485\" aria-expanded=\"false\"><div class=\"w-tabs-section-title\">Taahh\u00fct gen\u00e7 yeteneklere ihtiya\u00e7 duyar<\/div><div class=\"w-tabs-section-control\"><\/div><\/button><div  class=\"w-tabs-section-content\" id=\"content-a485\"><div class=\"w-tabs-section-content-h i-cf\"><div class=\"wpb_text_column\"><div class=\"wpb_wrapper\"><p><span style=\"font-weight: 400;\">\u0130nsanlar\u0131n toplulu\u011fumuza dahil olmaya devam etmesini sa\u011flamak i\u00e7in, gen\u00e7leri daha g\u00fc\u00e7l\u00fc bir \u015fekilde dahil olmaya te\u015fvik eden \u00f6nlemleri desteklemek istiyoruz. Bu nedenle, Gen\u00e7 ve Taahh\u00fctl\u00fc gibi programlar veya Gen\u00e7lik Bilgi Merkezi (JIZ) veya Gen\u00e7lik Parlamentosu gibi kurumlar, gen\u00e7lerin kat\u0131l\u0131m ve taahh\u00fctten yararlanabilmeleri i\u00e7in daha da te\u015fvik edilmelidir. Buna ek olarak, g\u00f6n\u00fcll\u00fc insanlar i\u00e7in takdiri art\u0131ran \u00f6nlemleri desteklemek istiyoruz. Bu y\u00fczden g\u00f6n\u00fcll\u00fc kart\u0131n\u0131 daha iyi tan\u0131tmak ve y\u0131lda bir kez g\u00f6n\u00fcll\u00fcler i\u00e7in bir \u015f\u00fckran partisi vermek istiyoruz.<\/span><\/p>\n<\/div><\/div><\/div><\/div><\/div><\/div><\/div><div class=\"w-separator size_medium\"><\/div><div class=\"w-btn-wrapper align_left\"><a class=\"w-btn us-btn-style_8 icon_atleft\" href=\"https:\/\/gruene-wiesbaden.de\/tr\/kommunalwahl\/#Kapitel2\"><i class=\"fas fa-chevron-circle-right\"><\/i><span class=\"w-btn-label\">Genel bak\u0131\u015fa geri d\u00f6n<\/span><\/a><\/div><div class=\"w-separator size_large\"><\/div><div class=\"wpb_text_column\"><div class=\"wpb_wrapper\"><h1>\u015eimdiye kadar ba\u015fard\u0131klar\u0131m\u0131z<\/h1>\n<\/div><\/div><div class=\"w-separator size_medium\"><\/div><div class=\"w-tabs us_custom_42d693a0 has_text_color style_default switch_click accordion has_scrolling\" style=\"--sections-title-size:1.4rem\"><div class=\"w-tabs-sections titles-align_none icon_chevron cpos_right\"><div class=\"w-tabs-section has_text_color\" id=\"q553\" style=\"background:var(--color-header-transparent-text);color:var(--color-header-top-text-hover);\"><button class=\"w-tabs-section-header\" aria-controls=\"content-q553\" aria-expanded=\"false\"><div class=\"w-tabs-section-title\">Dein.Wiesbaden Wiesbaden olur<\/div><div class=\"w-tabs-section-control\"><\/div><\/button><div  class=\"w-tabs-section-content\" id=\"content-q553\"><div class=\"w-tabs-section-content-h i-cf\"><div class=\"wpb_text_column\"><div class=\"wpb_wrapper\"><p><span style=\"font-weight: 400;\">Web sitesi yeniden a\u00e7\u0131ld\u0131. \u00d6zellikle dijital kat\u0131l\u0131m f\u0131rsatlar\u0131 a\u00e7\u0131s\u0131ndan \u00f6nemli iyile\u015ftirme f\u0131rsatlar\u0131 hayata ge\u00e7irilmi\u015ftir. Sonu\u00e7 olarak, daha fazla vatanda\u015f aktif olarak kat\u0131labilir, fikir sunabilir ve tart\u0131\u015fmalara kat\u0131labilir  \u2047  demokrasi ve kentsel kalk\u0131nma i\u00e7in bir kazan-kazan.<\/span><\/p>\n<\/div><\/div><\/div><\/div><\/div><div class=\"w-tabs-section has_text_color\" id=\"k698\" style=\"background:var(--color-header-transparent-text);color:var(--color-header-top-text-hover);\"><button class=\"w-tabs-section-header\" aria-controls=\"content-k698\" aria-expanded=\"false\"><div class=\"w-tabs-section-title\">A\u011f Olu\u015fturma PiWI \/ Wiesbaden<\/div><div class=\"w-tabs-section-control\"><\/div><\/button><div  class=\"w-tabs-section-content\" id=\"content-k698\"><div class=\"w-tabs-section-content-h i-cf\"><div class=\"wpb_text_column\"><div class=\"wpb_wrapper\"><p><span style=\"font-weight: 400;\">T\u00fcm oturum \u015fablonlar\u0131n\u0131 g\u00f6r\u00fcnt\u00fcleyerek <\/span><i><span style=\"font-weight: 400;\">Wiesbaden eylemleri<\/span><\/i><span style=\"font-weight: 400;\"> Daha fazla \u015feffafl\u0131k olu\u015fturuldu ve kat\u0131l\u0131m platformu y\u00fckseltildi.<\/span><\/p>\n<\/div><\/div><\/div><\/div><\/div><div class=\"w-tabs-section has_text_color\" id=\"t7dc\" style=\"background:var(--color-header-transparent-text);color:var(--color-header-top-text-hover);\"><button class=\"w-tabs-section-header\" aria-controls=\"content-t7dc\" aria-expanded=\"false\"><div class=\"w-tabs-section-title\">Y\u00f6netim ve siyaset aras\u0131nda d\u00fczenli de\u011fi\u015fim<\/div><div class=\"w-tabs-section-control\"><\/div><\/button><div  class=\"w-tabs-section-content\" id=\"content-t7dc\"><div class=\"w-tabs-section-content-h i-cf\"><div class=\"wpb_text_column\"><div class=\"wpb_wrapper\"><p><span style=\"font-weight: 400;\">\"Vatanda\u015f Kat\u0131l\u0131m\u0131 Rehberi\" ve kat\u0131l\u0131m s\u00fcreci, y\u00f6netim ve politika aras\u0131ndaki de\u011fi\u015fimde s\u00fcrekli olarak de\u011ferlendirilir ve uyarlan\u0131r.<\/span><\/p>\n<\/div><\/div><\/div><\/div><\/div><div class=\"w-tabs-section has_text_color\" id=\"j8f4\" style=\"background:var(--color-header-middle-bg);color:var(--color-content-heading);\"><button class=\"w-tabs-section-header\" aria-controls=\"content-j8f4\" aria-expanded=\"false\"><div class=\"w-tabs-section-title\">G\u00f6n\u00fcll\u00fc kart\u0131n\u0131z\u0131 g\u00fc\u00e7lendirin<\/div><div class=\"w-tabs-section-control\"><\/div><\/button><div  class=\"w-tabs-section-content\" id=\"content-j8f4\"><div class=\"w-tabs-section-content-h i-cf\"><div class=\"wpb_text_column\"><div class=\"wpb_wrapper\"><p><span style=\"font-weight: 400;\">Sinerji etkileri, daha fazla halkla ili\u015fkiler, yeni ortak \u015firketlerin sat\u0131n al\u0131nmas\u0131 ve Wiesbaden Card'daki hizmetlerin birle\u015fimi yoluyla yarat\u0131lacakt\u0131r. Burada bir s\u00fcre\u00e7 ba\u015flat\u0131ld\u0131. Birle\u015fik bir haritan\u0131n uygulanmas\u0131 hen\u00fcz tamamlanmad\u0131.<\/span><\/p>\n<\/div><\/div><\/div><\/div><\/div><div class=\"w-tabs-section has_text_color\" id=\"wa08\" style=\"background:var(--color-header-transparent-text);color:var(--color-header-top-text-hover);\"><button class=\"w-tabs-section-header\" aria-controls=\"content-wa08\" aria-expanded=\"false\"><div class=\"w-tabs-section-title\">Ho\u015fgeldin paketi<\/div><div class=\"w-tabs-section-control\"><\/div><\/button><div  class=\"w-tabs-section-content\" id=\"content-wa08\"><div class=\"w-tabs-section-content-h i-cf\"><div class=\"wpb_text_column\"><div class=\"wpb_wrapper\"><p><span style=\"font-weight: 400;\">Wiesbaden'deki yeni vatanda\u015flar, g\u00f6n\u00fcll\u00fc olma f\u0131rsatlar\u0131na eri\u015fim hakk\u0131nda bilgi al\u0131r. Fikir yolda. Y\u00f6netim uygulamay\u0131 kontrol eder.<\/span><\/p>\n<\/div><\/div><\/div><\/div><\/div><\/div><\/div><div class=\"w-separator size_medium\"><\/div><div class=\"w-btn-wrapper align_left\"><a class=\"w-btn us-btn-style_8 icon_atleft\" href=\"https:\/\/gruene-wiesbaden.de\/tr\/kommunalwahl\/#Kapitel2\"><i class=\"fas fa-chevron-circle-right\"><\/i><span class=\"w-btn-label\">Genel bak\u0131\u015fa geri d\u00f6n<\/span><\/a><\/div><div class=\"w-separator size_large\"><\/div><\/div><\/div><\/div><\/div><\/section>","protected":false},"excerpt":{"rendered":"Vatanda\u015flar i\u00e7in kat\u0131l\u0131m formatlar\u0131, il\u00e7edeki projelerin ortak uygulanmas\u0131 veya dernekler, giri\u015fimler veya vak\u0131flardaki hay\u0131rsever g\u00f6n\u00fcll\u00fc \u00e7al\u0131\u015fmalar yoluyla kendi toplulu\u011funuzun geli\u015fimine kat\u0131labilmek, topluluk duygusunu g\u00fc\u00e7lendirir, engelleri y\u0131kar, insanlar\u0131 bir araya getirir, toplulukla \u00f6zde\u015fle\u015fmeyi art\u0131r\u0131r ve en \u00e7ok...","protected":false},"author":1,"featured_media":1490,"comment_status":"closed","ping_status":"closed","sticky":false,"template":"","format":"standard","meta":{"footnotes":""},"categories":[15],"tags":[],"class_list":["post-1359","post","type-post","status-publish","format-standard","has-post-thumbnail","hentry","category-kapitel-2"],"yoast_head":"<!-- This site is optimized with the Yoast SEO plugin v27.5 - https:\/\/yoast.com\/product\/yoast-seo-wordpress\/ -->\n<title>Zivilgesellschaftliches Engagement und Demokratief\u00f6rderung - B\u00dcNDNIS 90\/DIE GR\u00dcNEN Wiesbaden<\/title>\n<meta name=\"robots\" content=\"index, follow, max-snippet:-1, max-image-preview:large, max-video-preview:-1\" \/>\n<link rel=\"canonical\" href=\"https:\/\/gruene-wiesbaden.de\/tr\/zivilgesellschaftliches-engagement-und-demokratiefoerderung\/\" \/>\n<meta property=\"og:locale\" content=\"tr_TR\" \/>\n<meta property=\"og:type\" content=\"article\" \/>\n<meta property=\"og:title\" content=\"Zivilgesellschaftliches Engagement und Demokratief\u00f6rderung - B\u00dcNDNIS 90\/DIE GR\u00dcNEN Wiesbaden\" \/>\n<meta property=\"og:url\" content=\"https:\/\/gruene-wiesbaden.de\/tr\/zivilgesellschaftliches-engagement-und-demokratiefoerderung\/\" \/>\n<meta property=\"og:site_name\" content=\"B\u00dcNDNIS 90\/DIE GR\u00dcNEN Wiesbaden\" \/>\n<meta property=\"article:publisher\" content=\"https:\/\/www.facebook.com\/gruene.wi\" \/>\n<meta property=\"article:published_time\" content=\"2025-11-09T22:15:14+00:00\" \/>\n<meta property=\"article:modified_time\" content=\"2026-04-09T08:34:43+00:00\" \/>\n<meta property=\"og:image\" content=\"https:\/\/gruene-wiesbaden.de\/wp-content\/uploads\/2025\/11\/2.6-Zivilgesellschaftliches-Engagement-1.jpg\" \/>\n\t<meta property=\"og:image:width\" content=\"750\" \/>\n\t<meta property=\"og:image:height\" content=\"750\" \/>\n\t<meta property=\"og:image:type\" content=\"image\/jpeg\" \/>\n<meta name=\"author\" content=\"admin\" \/>\n<meta name=\"twitter:card\" content=\"summary_large_image\" \/>\n<meta name=\"twitter:label1\" content=\"Yazan:\" \/>\n\t<meta name=\"twitter:data1\" content=\"admin\" \/>\n\t<meta name=\"twitter:label2\" content=\"Tahmini okuma s\u00fcresi\" \/>\n\t<meta name=\"twitter:data2\" content=\"7 minutes\" \/>\n<script type=\"application\/ld+json\" class=\"yoast-schema-graph\">{\"@context\":\"https:\\\/\\\/schema.org\",\"@graph\":[{\"@type\":\"Article\",\"@id\":\"https:\\\/\\\/gruene-wiesbaden.de\\\/zivilgesellschaftliches-engagement-und-demokratiefoerderung\\\/#article\",\"isPartOf\":{\"@id\":\"https:\\\/\\\/gruene-wiesbaden.de\\\/zivilgesellschaftliches-engagement-und-demokratiefoerderung\\\/\"},\"author\":{\"name\":\"admin\",\"@id\":\"https:\\\/\\\/gruene-wiesbaden.de\\\/#\\\/schema\\\/person\\\/6785c34779159cd4fd86886bb097afe9\"},\"headline\":\"Zivilgesellschaftliches Engagement und Demokratief\u00f6rderung\",\"datePublished\":\"2025-11-09T22:15:14+00:00\",\"dateModified\":\"2026-04-09T08:34:43+00:00\",\"mainEntityOfPage\":{\"@id\":\"https:\\\/\\\/gruene-wiesbaden.de\\\/zivilgesellschaftliches-engagement-und-demokratiefoerderung\\\/\"},\"wordCount\":1885,\"publisher\":{\"@id\":\"https:\\\/\\\/gruene-wiesbaden.de\\\/#organization\"},\"image\":{\"@id\":\"https:\\\/\\\/gruene-wiesbaden.de\\\/zivilgesellschaftliches-engagement-und-demokratiefoerderung\\\/#primaryimage\"},\"thumbnailUrl\":\"https:\\\/\\\/gruene-wiesbaden.de\\\/wp-content\\\/uploads\\\/2025\\\/11\\\/2.6-Zivilgesellschaftliches-Engagement-1.jpg\",\"articleSection\":[\"Kapitel 2\"],\"inLanguage\":\"tr-TR\"},{\"@type\":\"WebPage\",\"@id\":\"https:\\\/\\\/gruene-wiesbaden.de\\\/zivilgesellschaftliches-engagement-und-demokratiefoerderung\\\/\",\"url\":\"https:\\\/\\\/gruene-wiesbaden.de\\\/zivilgesellschaftliches-engagement-und-demokratiefoerderung\\\/\",\"name\":\"Zivilgesellschaftliches Engagement und Demokratief\u00f6rderung - B\u00dcNDNIS 90\\\/DIE GR\u00dcNEN Wiesbaden\",\"isPartOf\":{\"@id\":\"https:\\\/\\\/gruene-wiesbaden.de\\\/#website\"},\"primaryImageOfPage\":{\"@id\":\"https:\\\/\\\/gruene-wiesbaden.de\\\/zivilgesellschaftliches-engagement-und-demokratiefoerderung\\\/#primaryimage\"},\"image\":{\"@id\":\"https:\\\/\\\/gruene-wiesbaden.de\\\/zivilgesellschaftliches-engagement-und-demokratiefoerderung\\\/#primaryimage\"},\"thumbnailUrl\":\"https:\\\/\\\/gruene-wiesbaden.de\\\/wp-content\\\/uploads\\\/2025\\\/11\\\/2.6-Zivilgesellschaftliches-Engagement-1.jpg\",\"datePublished\":\"2025-11-09T22:15:14+00:00\",\"dateModified\":\"2026-04-09T08:34:43+00:00\",\"breadcrumb\":{\"@id\":\"https:\\\/\\\/gruene-wiesbaden.de\\\/zivilgesellschaftliches-engagement-und-demokratiefoerderung\\\/#breadcrumb\"},\"inLanguage\":\"tr-TR\",\"potentialAction\":[{\"@type\":\"ReadAction\",\"target\":[\"https:\\\/\\\/gruene-wiesbaden.de\\\/zivilgesellschaftliches-engagement-und-demokratiefoerderung\\\/\"]}]},{\"@type\":\"ImageObject\",\"inLanguage\":\"tr-TR\",\"@id\":\"https:\\\/\\\/gruene-wiesbaden.de\\\/zivilgesellschaftliches-engagement-und-demokratiefoerderung\\\/#primaryimage\",\"url\":\"https:\\\/\\\/gruene-wiesbaden.de\\\/wp-content\\\/uploads\\\/2025\\\/11\\\/2.6-Zivilgesellschaftliches-Engagement-1.jpg\",\"contentUrl\":\"https:\\\/\\\/gruene-wiesbaden.de\\\/wp-content\\\/uploads\\\/2025\\\/11\\\/2.6-Zivilgesellschaftliches-Engagement-1.jpg\",\"width\":750,\"height\":750},{\"@type\":\"BreadcrumbList\",\"@id\":\"https:\\\/\\\/gruene-wiesbaden.de\\\/zivilgesellschaftliches-engagement-und-demokratiefoerderung\\\/#breadcrumb\",\"itemListElement\":[{\"@type\":\"ListItem\",\"position\":1,\"name\":\"Startseite\",\"item\":\"https:\\\/\\\/gruene-wiesbaden.de\\\/\"},{\"@type\":\"ListItem\",\"position\":2,\"name\":\"Zivilgesellschaftliches Engagement und Demokratief\u00f6rderung\"}]},{\"@type\":\"WebSite\",\"@id\":\"https:\\\/\\\/gruene-wiesbaden.de\\\/#website\",\"url\":\"https:\\\/\\\/gruene-wiesbaden.de\\\/\",\"name\":\"DIE GR\u00dcNEN Wiesbaden\",\"description\":\"\",\"publisher\":{\"@id\":\"https:\\\/\\\/gruene-wiesbaden.de\\\/#organization\"},\"potentialAction\":[{\"@type\":\"SearchAction\",\"target\":{\"@type\":\"EntryPoint\",\"urlTemplate\":\"https:\\\/\\\/gruene-wiesbaden.de\\\/?s={search_term_string}\"},\"query-input\":{\"@type\":\"PropertyValueSpecification\",\"valueRequired\":true,\"valueName\":\"search_term_string\"}}],\"inLanguage\":\"tr-TR\"},{\"@type\":\"Organization\",\"@id\":\"https:\\\/\\\/gruene-wiesbaden.de\\\/#organization\",\"name\":\"DIE GR\u00dcNEN Wiesbaden\",\"url\":\"https:\\\/\\\/gruene-wiesbaden.de\\\/\",\"logo\":{\"@type\":\"ImageObject\",\"inLanguage\":\"tr-TR\",\"@id\":\"https:\\\/\\\/gruene-wiesbaden.de\\\/#\\\/schema\\\/logo\\\/image\\\/\",\"url\":\"https:\\\/\\\/gruene-wiesbaden-fuer-europa.de\\\/wp-content\\\/uploads\\\/2024\\\/04\\\/Machen-was-zaehlt-5.png\",\"contentUrl\":\"https:\\\/\\\/gruene-wiesbaden-fuer-europa.de\\\/wp-content\\\/uploads\\\/2024\\\/04\\\/Machen-was-zaehlt-5.png\",\"width\":1772,\"height\":1772,\"caption\":\"DIE GR\u00dcNEN Wiesbaden\"},\"image\":{\"@id\":\"https:\\\/\\\/gruene-wiesbaden.de\\\/#\\\/schema\\\/logo\\\/image\\\/\"},\"sameAs\":[\"https:\\\/\\\/www.facebook.com\\\/gruene.wi\",\"https:\\\/\\\/instagram.com\\\/gruene_wi\"]},{\"@type\":\"Person\",\"@id\":\"https:\\\/\\\/gruene-wiesbaden.de\\\/#\\\/schema\\\/person\\\/6785c34779159cd4fd86886bb097afe9\",\"name\":\"admin\",\"sameAs\":[\"http:\\\/\\\/gruene-wiesbaden-fuer-europa.de\"],\"url\":\"https:\\\/\\\/gruene-wiesbaden.de\\\/tr\\\/author\\\/admin\\\/\"}]}<\/script>\n<!-- \/ Yoast SEO plugin. -->","yoast_head_json":{"title":"Zivilgesellschaftliches Engagement und Demokratief\u00f6rderung - B\u00dcNDNIS 90\/DIE GR\u00dcNEN Wiesbaden","robots":{"index":"index","follow":"follow","max-snippet":"max-snippet:-1","max-image-preview":"max-image-preview:large","max-video-preview":"max-video-preview:-1"},"canonical":"https:\/\/gruene-wiesbaden.de\/tr\/zivilgesellschaftliches-engagement-und-demokratiefoerderung\/","og_locale":"tr_TR","og_type":"article","og_title":"Zivilgesellschaftliches Engagement und Demokratief\u00f6rderung - B\u00dcNDNIS 90\/DIE GR\u00dcNEN Wiesbaden","og_url":"https:\/\/gruene-wiesbaden.de\/tr\/zivilgesellschaftliches-engagement-und-demokratiefoerderung\/","og_site_name":"B\u00dcNDNIS 90\/DIE GR\u00dcNEN Wiesbaden","article_publisher":"https:\/\/www.facebook.com\/gruene.wi","article_published_time":"2025-11-09T22:15:14+00:00","article_modified_time":"2026-04-09T08:34:43+00:00","og_image":[{"width":750,"height":750,"url":"https:\/\/gruene-wiesbaden.de\/wp-content\/uploads\/2025\/11\/2.6-Zivilgesellschaftliches-Engagement-1.jpg","type":"image\/jpeg"}],"author":"admin","twitter_card":"summary_large_image","twitter_misc":{"Yazan:":"admin","Tahmini okuma s\u00fcresi":"7 minutes"},"schema":{"@context":"https:\/\/schema.org","@graph":[{"@type":"Article","@id":"https:\/\/gruene-wiesbaden.de\/zivilgesellschaftliches-engagement-und-demokratiefoerderung\/#article","isPartOf":{"@id":"https:\/\/gruene-wiesbaden.de\/zivilgesellschaftliches-engagement-und-demokratiefoerderung\/"},"author":{"name":"admin","@id":"https:\/\/gruene-wiesbaden.de\/#\/schema\/person\/6785c34779159cd4fd86886bb097afe9"},"headline":"Zivilgesellschaftliches Engagement und Demokratief\u00f6rderung","datePublished":"2025-11-09T22:15:14+00:00","dateModified":"2026-04-09T08:34:43+00:00","mainEntityOfPage":{"@id":"https:\/\/gruene-wiesbaden.de\/zivilgesellschaftliches-engagement-und-demokratiefoerderung\/"},"wordCount":1885,"publisher":{"@id":"https:\/\/gruene-wiesbaden.de\/#organization"},"image":{"@id":"https:\/\/gruene-wiesbaden.de\/zivilgesellschaftliches-engagement-und-demokratiefoerderung\/#primaryimage"},"thumbnailUrl":"https:\/\/gruene-wiesbaden.de\/wp-content\/uploads\/2025\/11\/2.6-Zivilgesellschaftliches-Engagement-1.jpg","articleSection":["Kapitel 2"],"inLanguage":"tr-TR"},{"@type":"WebPage","@id":"https:\/\/gruene-wiesbaden.de\/zivilgesellschaftliches-engagement-und-demokratiefoerderung\/","url":"https:\/\/gruene-wiesbaden.de\/zivilgesellschaftliches-engagement-und-demokratiefoerderung\/","name":"Zivilgesellschaftliches Engagement und Demokratief\u00f6rderung - B\u00dcNDNIS 90\/DIE GR\u00dcNEN Wiesbaden","isPartOf":{"@id":"https:\/\/gruene-wiesbaden.de\/#website"},"primaryImageOfPage":{"@id":"https:\/\/gruene-wiesbaden.de\/zivilgesellschaftliches-engagement-und-demokratiefoerderung\/#primaryimage"},"image":{"@id":"https:\/\/gruene-wiesbaden.de\/zivilgesellschaftliches-engagement-und-demokratiefoerderung\/#primaryimage"},"thumbnailUrl":"https:\/\/gruene-wiesbaden.de\/wp-content\/uploads\/2025\/11\/2.6-Zivilgesellschaftliches-Engagement-1.jpg","datePublished":"2025-11-09T22:15:14+00:00","dateModified":"2026-04-09T08:34:43+00:00","breadcrumb":{"@id":"https:\/\/gruene-wiesbaden.de\/zivilgesellschaftliches-engagement-und-demokratiefoerderung\/#breadcrumb"},"inLanguage":"tr-TR","potentialAction":[{"@type":"ReadAction","target":["https:\/\/gruene-wiesbaden.de\/zivilgesellschaftliches-engagement-und-demokratiefoerderung\/"]}]},{"@type":"ImageObject","inLanguage":"tr-TR","@id":"https:\/\/gruene-wiesbaden.de\/zivilgesellschaftliches-engagement-und-demokratiefoerderung\/#primaryimage","url":"https:\/\/gruene-wiesbaden.de\/wp-content\/uploads\/2025\/11\/2.6-Zivilgesellschaftliches-Engagement-1.jpg","contentUrl":"https:\/\/gruene-wiesbaden.de\/wp-content\/uploads\/2025\/11\/2.6-Zivilgesellschaftliches-Engagement-1.jpg","width":750,"height":750},{"@type":"BreadcrumbList","@id":"https:\/\/gruene-wiesbaden.de\/zivilgesellschaftliches-engagement-und-demokratiefoerderung\/#breadcrumb","itemListElement":[{"@type":"ListItem","position":1,"name":"Startseite","item":"https:\/\/gruene-wiesbaden.de\/"},{"@type":"ListItem","position":2,"name":"Zivilgesellschaftliches Engagement und Demokratief\u00f6rderung"}]},{"@type":"WebSite","@id":"https:\/\/gruene-wiesbaden.de\/#website","url":"https:\/\/gruene-wiesbaden.de\/","name":"DIE GR\u00dcNEN Wiesbaden","description":"","publisher":{"@id":"https:\/\/gruene-wiesbaden.de\/#organization"},"potentialAction":[{"@type":"SearchAction","target":{"@type":"EntryPoint","urlTemplate":"https:\/\/gruene-wiesbaden.de\/?s={search_term_string}"},"query-input":{"@type":"PropertyValueSpecification","valueRequired":true,"valueName":"search_term_string"}}],"inLanguage":"tr-TR"},{"@type":"Organization","@id":"https:\/\/gruene-wiesbaden.de\/#organization","name":"DIE GR\u00dcNEN Wiesbaden","url":"https:\/\/gruene-wiesbaden.de\/","logo":{"@type":"ImageObject","inLanguage":"tr-TR","@id":"https:\/\/gruene-wiesbaden.de\/#\/schema\/logo\/image\/","url":"https:\/\/gruene-wiesbaden-fuer-europa.de\/wp-content\/uploads\/2024\/04\/Machen-was-zaehlt-5.png","contentUrl":"https:\/\/gruene-wiesbaden-fuer-europa.de\/wp-content\/uploads\/2024\/04\/Machen-was-zaehlt-5.png","width":1772,"height":1772,"caption":"DIE GR\u00dcNEN Wiesbaden"},"image":{"@id":"https:\/\/gruene-wiesbaden.de\/#\/schema\/logo\/image\/"},"sameAs":["https:\/\/www.facebook.com\/gruene.wi","https:\/\/instagram.com\/gruene_wi"]},{"@type":"Person","@id":"https:\/\/gruene-wiesbaden.de\/#\/schema\/person\/6785c34779159cd4fd86886bb097afe9","name":"admin","sameAs":["http:\/\/gruene-wiesbaden-fuer-europa.de"],"url":"https:\/\/gruene-wiesbaden.de\/tr\/author\/admin\/"}]}},"_links":{"self":[{"href":"https:\/\/gruene-wiesbaden.de\/tr\/wp-json\/wp\/v2\/posts\/1359","targetHints":{"allow":["GET"]}}],"collection":[{"href":"https:\/\/gruene-wiesbaden.de\/tr\/wp-json\/wp\/v2\/posts"}],"about":[{"href":"https:\/\/gruene-wiesbaden.de\/tr\/wp-json\/wp\/v2\/types\/post"}],"author":[{"embeddable":true,"href":"https:\/\/gruene-wiesbaden.de\/tr\/wp-json\/wp\/v2\/users\/1"}],"replies":[{"embeddable":true,"href":"https:\/\/gruene-wiesbaden.de\/tr\/wp-json\/wp\/v2\/comments?post=1359"}],"version-history":[{"count":7,"href":"https:\/\/gruene-wiesbaden.de\/tr\/wp-json\/wp\/v2\/posts\/1359\/revisions"}],"predecessor-version":[{"id":2394,"href":"https:\/\/gruene-wiesbaden.de\/tr\/wp-json\/wp\/v2\/posts\/1359\/revisions\/2394"}],"wp:featuredmedia":[{"embeddable":true,"href":"https:\/\/gruene-wiesbaden.de\/tr\/wp-json\/wp\/v2\/media\/1490"}],"wp:attachment":[{"href":"https:\/\/gruene-wiesbaden.de\/tr\/wp-json\/wp\/v2\/media?parent=1359"}],"wp:term":[{"taxonomy":"category","embeddable":true,"href":"https:\/\/gruene-wiesbaden.de\/tr\/wp-json\/wp\/v2\/categories?post=1359"},{"taxonomy":"post_tag","embeddable":true,"href":"https:\/\/gruene-wiesbaden.de\/tr\/wp-json\/wp\/v2\/tags?post=1359"}],"curies":[{"name":"wp","href":"https:\/\/api.w.org\/{rel}","templated":true}]}}