{"id":1357,"date":"2025-11-10T00:14:08","date_gmt":"2025-11-09T22:14:08","guid":{"rendered":"https:\/\/gruene-wiesbaden.de\/?p=1357"},"modified":"2026-04-09T10:33:03","modified_gmt":"2026-04-09T08:33:03","slug":"sicherheit-und-schutz-vor-gewalt","status":"publish","type":"post","link":"https:\/\/gruene-wiesbaden.de\/tr\/sicherheit-und-schutz-vor-gewalt\/","title":{"rendered":"\u015eiddete kar\u015f\u0131 g\u00fcvenlik ve koruma"},"content":{"rendered":"<section class=\"l-section wpb_row height_medium with_img\"><div class=\"l-section-img\" role=\"img\" data-img-width=\"1080\" data-img-height=\"800\" style=\"background-image: url(https:\/\/gruene-wiesbaden.de\/wp-content\/uploads\/2025\/11\/neuer-Verlauf-gruene-wiesbaden.de_-2-e1762709402177.png);\"><\/div><div class=\"l-section-overlay\" style=\"background:var(--color-header-top-transparent-bg)\"><\/div><div class=\"l-section-h i-cf\"><div class=\"g-cols vc_row via_grid cols_1 laptops-cols_inherit tablets-cols_inherit mobiles-cols_1 valign_top type_default stacking_default\"><div class=\"wpb_column vc_column_container\"><div class=\"vc_column-inner\"><h1 class=\"w-post-elm post_title us_custom_a574d586 has_text_color entry-title\">\u015eiddete kar\u015f\u0131 g\u00fcvenlik ve koruma<\/h1><div class=\"w-separator size_medium\"><\/div><div class=\"g-cols wpb_row via_grid cols_2-1 laptops-cols_inherit tablets-cols_inherit mobiles-cols_1 valign_top type_default stacking_default\" style=\"--columns-gap:3rem;\"><div class=\"wpb_column vc_column_container\"><div class=\"vc_column-inner\"><div class=\"wpb_text_column us_custom_8b3d6790 has_text_color\"><div class=\"wpb_wrapper\"><p><span style=\"font-weight: 400;\">Wiesbaden'deki herkesin evlerine, okullar\u0131na veya kamusal alanlara giderken kendilerini g\u00fcvende hissetmelerini ve ayr\u0131mc\u0131l\u0131\u011fa ve \u015fiddete maruz kalmamalar\u0131n\u0131 istiyoruz. G\u00fcvenlik herkes i\u00e7in farkl\u0131 bir \u015fey ifade eder, bu nedenle ayr\u0131mc\u0131l\u0131k, nefret veya d\u0131\u015flanma ya\u015fayan insanlar\u0131n bak\u0131\u015f a\u00e7\u0131lar\u0131na dikkat ederiz. Genellikle g\u00f6zden ka\u00e7an sesleri g\u00fc\u00e7lendirmek bizim i\u00e7in \u00f6zellikle \u00f6nemlidir: Irk\u00e7\u0131, Yahudi kar\u015f\u0131t\u0131, engelli kar\u015f\u0131t\u0131, cinsiyet\u00e7i veya queer ve transfobik sald\u0131r\u0131lar ya\u015fayan insanlar.<\/span><\/p>\n<p><span style=\"font-weight: 400;\">Koruma, \u015fehir polisi ve kamu d\u00fczeni ofisi ile de\u011fil, g\u00fcven, eri\u015filebilir irtibat ki\u015fileri, iyi tasarlanm\u0131\u015f odalar ve sayg\u0131l\u0131 bir arada ya\u015fama ile ba\u015flar. \u00c7e\u015fitlili\u011fin ya\u015fand\u0131\u011f\u0131, etkilenen insanlar\u0131n duyuldu\u011fu ve \u015fiddetin s\u00fcrekli olarak g\u00fcvenli ve sa\u011flam bir Wiesbaden i\u00e7in m\u00fccadele edildi\u011fi bir \u015fehre ba\u011fl\u0131y\u0131z.<\/span><\/p>\n<\/div><\/div><div class=\"w-separator size_medium\"><\/div><div class=\"w-btn-wrapper align_left\"><a class=\"w-btn us-btn-style_8 icon_atleft\" href=\"https:\/\/gruene-wiesbaden.de\/tr\/kommunalwahl\/#Kapitel2\"><i class=\"fas fa-chevron-circle-right\"><\/i><span class=\"w-btn-label\">Genel bak\u0131\u015fa geri d\u00f6n<\/span><\/a><\/div><\/div><\/div><div class=\"wpb_column vc_column_container\"><div class=\"vc_column-inner\"><div class=\"w-image align_center\"><div class=\"w-image-h\"><img decoding=\"async\" width=\"2048\" height=\"2560\" src=\"https:\/\/gruene-wiesbaden.de\/wp-content\/uploads\/2025\/11\/2.5-Sicherheit-und-Schutz-vor-Gewalt-scaled.jpg\" class=\"attachment-full size-full\" alt=\"\" loading=\"lazy\" srcset=\"https:\/\/gruene-wiesbaden.de\/wp-content\/uploads\/2025\/11\/2.5-Sicherheit-und-Schutz-vor-Gewalt-scaled.jpg 2048w, https:\/\/gruene-wiesbaden.de\/wp-content\/uploads\/2025\/11\/2.5-Sicherheit-und-Schutz-vor-Gewalt-320x400.jpg 320w, https:\/\/gruene-wiesbaden.de\/wp-content\/uploads\/2025\/11\/2.5-Sicherheit-und-Schutz-vor-Gewalt-480x600.jpg 480w\" sizes=\"auto, (max-width: 2048px) 100vw, 2048px\" \/><\/div><\/div><div class=\"w-separator size_small\"><\/div><\/div><\/div><\/div><div class=\"w-separator size_medium\"><\/div><div class=\"w-separator size_medium\"><\/div><div class=\"wpb_text_column us_custom_29deb344 has_text_color\"><div class=\"wpb_wrapper\"><h1>G\u00fcvenlik ve \u015eiddetten Korunma Bizim \u0130\u00e7in Ne Anlama Geliyor?<\/h1>\n<\/div><\/div><div class=\"w-separator size_large\"><\/div><div class=\"g-cols wpb_row via_grid cols_3 laptops-cols_inherit tablets-cols_inherit mobiles-cols_1 valign_top type_default stacking_default\" style=\"--columns-gap:3rem;\"><div class=\"wpb_column vc_column_container\"><div class=\"vc_column-inner\"><div class=\"w-iconbox us_custom_8b3d6790 has_text_color iconpos_left style_default color_custom align_left\"><div class=\"w-iconbox-icon\" style=\"font-size:2rem;--icon-color:#Ffffff;--icon-bg-color:var(--color-header-middle-bg);\"><i class=\"fas fa-layer-group\"><\/i><\/div><div class=\"w-iconbox-meta\"><h4 class=\"w-iconbox-title\" style=\"font-size:1.5rem;\">Herkes i\u00e7in g\u00fcvenlik<\/h4><div class=\"w-iconbox-text\"><p><span style=\"font-weight: 400;\">Bununla birlikte, kimin g\u00fcvende oldu\u011fu, bir ki\u015finin hangi cinsiyete, cinselli\u011fe veya k\u00f6kene sahip oldu\u011funa ba\u011fl\u0131 olmamal\u0131d\u0131r. Wiesbaden herkesin kendini g\u00fcvende hissetti\u011fi bir \u015fehir olmal\u0131.<\/span><\/p>\n<\/div><\/div><\/div><\/div><\/div><div class=\"wpb_column vc_column_container\"><div class=\"vc_column-inner\"><div class=\"w-iconbox us_custom_8b3d6790 has_text_color iconpos_left style_default color_custom align_left\"><div class=\"w-iconbox-icon\" style=\"font-size:2rem;--icon-color:#Ffffff;--icon-bg-color:var(--color-header-transparent-text);\"><i class=\"fas fa-layer-group\"><\/i><\/div><div class=\"w-iconbox-meta\"><h4 class=\"w-iconbox-title\" style=\"font-size:1.5rem;\">Toplumsal cinsiyete dayal\u0131 \u015fiddetin \u00fcstesinden gelmek<\/h4><div class=\"w-iconbox-text\"><p><span style=\"font-weight: 400;\">Kad\u0131nlar, ortakl\u0131k \u015fiddetinden etkilenen en b\u00fcy\u00fck insan grubudur. Burada \u00f6zel bir g\u00f6z atmak \u00f6nemlidir.<\/span><\/p>\n<\/div><\/div><\/div><\/div><\/div><div class=\"wpb_column vc_column_container\"><div class=\"vc_column-inner\"><div class=\"w-iconbox us_custom_8b3d6790 has_text_color iconpos_left style_default color_custom align_left\"><div class=\"w-iconbox-icon\" style=\"font-size:2rem;--icon-color:#Ffffff;--icon-bg-color:var(--color-header-transparent-text);\"><i class=\"fas fa-layer-group\"><\/i><\/div><div class=\"w-iconbox-meta\"><h4 class=\"w-iconbox-title\" style=\"font-size:1.5rem;\">Daha fazla izleme yerine daha fazla canl\u0131l\u0131k ve ayd\u0131nlatma ile daha g\u00fcvenli yerler<\/h4><div class=\"w-iconbox-text\"><p><span style=\"font-weight: 400;\">Giderek daha fazla g\u00f6zetim yoluyla de\u011fil, canl\u0131, iyi ayd\u0131nlat\u0131lm\u0131\u015f ve davetkar kamusal alanlar arac\u0131l\u0131\u011f\u0131yla g\u00fcvenlik yaratmak istiyoruz.<\/span><\/p>\n<\/div><\/div><\/div><\/div><\/div><\/div><div class=\"w-separator size_medium\"><\/div><div class=\"g-cols wpb_row via_grid cols_3 laptops-cols_inherit tablets-cols_inherit mobiles-cols_1 valign_top type_default stacking_default\" style=\"--columns-gap:3rem;\"><div class=\"wpb_column vc_column_container\"><div class=\"vc_column-inner\"><div class=\"w-iconbox us_custom_8b3d6790 has_text_color iconpos_left style_default color_custom align_left\"><div class=\"w-iconbox-icon\" style=\"font-size:2rem;--icon-color:#Ffffff;--icon-bg-color:var(--color-header-middle-bg);\"><i class=\"fas fa-layer-group\"><\/i><\/div><div class=\"w-iconbox-meta\"><h4 class=\"w-iconbox-title\" style=\"font-size:1.5rem;\">D\u00fczenleyici otoritelere kar\u015f\u0131 fark\u0131ndal\u0131k<\/h4><div class=\"w-iconbox-text\"><p><span style=\"font-weight: 400;\">D\u00fczenleyici makamlar, ayr\u0131mc\u0131l\u0131k bilincini art\u0131rarak, savunuculuk gruplar\u0131yla bilgi al\u0131\u015fveri\u015finde bulunarak ve insanlar\u0131 daha eri\u015filebilir hale getirerek g\u00fcvenli\u011fi g\u00fc\u00e7lendirir - bu, t\u00fcm Wiesbaden sakinleri i\u00e7in g\u00fcven ve koruma yarat\u0131r.<\/span><\/p>\n<\/div><\/div><\/div><\/div><\/div><div class=\"wpb_column vc_column_container\"><div class=\"vc_column-inner\"><div class=\"w-iconbox us_custom_8b3d6790 has_text_color iconpos_left style_default color_custom align_left\"><div class=\"w-iconbox-icon\" style=\"font-size:2rem;--icon-color:#Ffffff;--icon-bg-color:var(--color-header-transparent-text);\"><i class=\"fas fa-layer-group\"><\/i><\/div><div class=\"w-iconbox-meta\"><h4 class=\"w-iconbox-title\" style=\"font-size:1.5rem;\">Vatanda\u015flara yak\u0131n \u015fehir polisi ve kamu d\u00fczeni ofisi<\/h4><div class=\"w-iconbox-text\"><p><span style=\"font-weight: 400;\">Adil ve sayg\u0131l\u0131 bir \u015fehir polisine ve her ikisi de ayr\u0131mc\u0131 olmayan \u00e7al\u0131\u015fan, etkilenenleri dinleyen ve t\u00fcm Wiesbadeners'a g\u00fcvenlik ve hareket \u00f6zg\u00fcrl\u00fc\u011f\u00fc sunan bir belediye sipari\u015f ofisine g\u00fcveniyoruz.<\/span><\/p>\n<\/div><\/div><\/div><\/div><\/div><div class=\"wpb_column vc_column_container\"><div class=\"vc_column-inner\"><\/div><\/div><\/div><div class=\"w-separator size_medium\"><\/div><div class=\"w-btn-wrapper align_left\"><a class=\"w-btn us-btn-style_8 icon_atleft\" href=\"https:\/\/gruene-wiesbaden.de\/tr\/kommunalwahl\/#Kapitel2\"><i class=\"fas fa-chevron-circle-right\"><\/i><span class=\"w-btn-label\">Genel bak\u0131\u015fa geri d\u00f6n<\/span><\/a><\/div><div class=\"w-separator size_medium\"><\/div><\/div><\/div><\/div><\/div><\/section><section class=\"l-section wpb_row height_auto with_img\"><div class=\"l-section-img\" role=\"img\" data-img-width=\"2048\" data-img-height=\"2560\" style=\"background-image: url(https:\/\/gruene-wiesbaden.de\/wp-content\/uploads\/2025\/11\/2.5-Sicherheit-und-Schutz-vor-Gewalt-scaled.jpg);background-repeat: no-repeat;\"><\/div><div class=\"l-section-overlay\" style=\"background:var(--color-header-top-transparent-bg)\"><\/div><div class=\"l-section-h i-cf\"><div class=\"g-cols vc_row via_grid cols_1 laptops-cols_inherit tablets-cols_inherit mobiles-cols_1 valign_middle type_default stacking_default\" style=\"--columns-gap:1rem;\"><div class=\"wpb_column vc_column_container\"><div class=\"vc_column-inner\"><div class=\"w-separator size_large\"><\/div><div class=\"wpb_text_column background_inside_text\"><div class=\"wpb_wrapper\"><h1>\u00d6zellikle bu alanda yapmak istediklerimiz<\/h1>\n<\/div><\/div><div class=\"w-separator size_medium\"><\/div><div class=\"w-tabs us_custom_42d693a0 has_text_color style_default switch_click accordion has_scrolling\" style=\"--sections-title-size:1.4rem\"><div class=\"w-tabs-sections titles-align_none icon_chevron cpos_right\"><div class=\"w-tabs-section has_text_color\" id=\"reb9\" style=\"background:var(--color-header-transparent-text);color:var(--color-header-top-text-hover);\"><button class=\"w-tabs-section-header\" aria-controls=\"content-reb9\" aria-expanded=\"false\"><div class=\"w-tabs-section-title\">Kamusal alanlar\u0131 video g\u00f6zetimi olmadan g\u00fcvenli hale getirin<\/div><div class=\"w-tabs-section-control\"><\/div><\/button><div  class=\"w-tabs-section-content\" id=\"content-reb9\"><div class=\"w-tabs-section-content-h i-cf\"><div class=\"wpb_text_column\"><div class=\"wpb_wrapper\"><p><span style=\"font-weight: 400;\">Biz GR\u00dcNE, Wiesbaden'in halka a\u00e7\u0131k meydanlar\u0131n\u0131 canl\u0131, g\u00fcvenli ve misafirperver hale getirmek istiyoruz. Uzay y\u00f6netimi, sosyal destek ve gen\u00e7lik kurumlar\u0131na y\u00f6nelik hedefli destek yoluyla t\u00fcm il\u00e7elerde g\u00fcvenli\u011fi ve uyumu g\u00fc\u00e7lendiriyoruz. Kamusal alanlar iyi ayd\u0131nlat\u0131lm\u0131\u015f, engelsiz ve eri\u015filebilir olmal\u0131d\u0131r.<\/span><\/p>\n<p><span style=\"font-weight: 400;\">Video g\u00f6zleminin uzat\u0131lmas\u0131n\u0131 reddediyoruz; G\u00fcvenlik, ya\u015fam alanlar\u0131ndan ve sosyal varl\u0131klardan gelir. Bug\u00fcn g\u00fcvensiz olarak alg\u0131lanan yerleri, \u00f6rne\u011fin gastronomi, k\u00fclt\u00fcrel teklifler veya ortak bulu\u015fma yerleri gibi yeni kullan\u0131m f\u0131rsatlar\u0131yla daha cazip hale getiriyoruz. Bu, insanlar\u0131n bir araya gelmeyi sevdi\u011fi, kentsel ya\u015fam\u0131n \u00e7e\u015fitlili\u011finin g\u00f6r\u00fcn\u00fcr hale geldi\u011fi ve sosyal g\u00fcvenli\u011fin b\u00fcy\u00fcd\u00fc\u011f\u00fc alanlar yarat\u0131r. \u0130yi bir \u00f6rnek Mauritius Meydan\u0131'd\u0131r.<\/span><\/p>\n<p><span style=\"font-weight: 400;\">B\u00fcy\u00fck etkinliklerde, cam yasaklar\u0131, g\u00fcvenli kutlamalar ve \u00fccretsiz uyu\u015fturucu kontrol\u00fc yoluyla g\u00fcvenli\u011fi sa\u011flamak istiyoruz. Bu \u015fekilde, aileler, gen\u00e7ler veya ya\u015fl\u0131 vatanda\u015flar olsun, t\u00fcm insanlar \u00f6zg\u00fcrce ve g\u00fcvenli bir \u015fekilde hareket edebilirler.<\/span><\/p>\n<\/div><\/div><\/div><\/div><\/div><div class=\"w-tabs-section has_text_color\" id=\"tfe0\" style=\"background:var(--color-header-transparent-text);color:var(--color-header-top-text-hover);\"><button class=\"w-tabs-section-header\" aria-controls=\"content-tfe0\" aria-expanded=\"false\"><div class=\"w-tabs-section-title\">G\u00f6r\u00fcn\u00fcr olarak g\u00fcvenlik<\/div><div class=\"w-tabs-section-control\"><\/div><\/button><div  class=\"w-tabs-section-content\" id=\"content-tfe0\"><div class=\"w-tabs-section-content-h i-cf\"><div class=\"wpb_text_column\"><div class=\"wpb_wrapper\"><p><span style=\"font-weight: 400;\">Mevcut \u00e7eyreklerin aktif bak\u0131m\u0131yla, bo\u015f ve ayd\u0131nlat\u0131lmam\u0131\u015f alanlardan ka\u00e7\u0131nmak istiyoruz. Kamusal alan\u0131n korunmas\u0131n\u0131 ve sorunlar\u0131 olan il\u00e7elerin yap\u0131sal olarak y\u00fckseltilmesini istiyoruz. Ayr\u0131ca duraklar\u0131 ve hareketlilik istasyonlar\u0131n\u0131 daha iyi ayd\u0131nlatmak istiyoruz. Bu ama\u00e7la, hem \u015fehir \u00e7ap\u0131nda hem de \u00e7evre dostu d\u00fc\u015f\u00fcnen bir ayd\u0131nlatma konsepti geli\u015ftirilecektir. Bu da g\u00fcvenlik duygusunu g\u00fc\u00e7lendiriyor. Bir raporlama platformu, g\u00fcvenli olmayan yerleri g\u00f6r\u00fcn\u00fcr hale getirmelidir.<\/span><\/p>\n<\/div><\/div><\/div><\/div><\/div><div class=\"w-tabs-section has_text_color\" id=\"l109\" style=\"background:var(--color-header-transparent-text);color:var(--color-header-top-text-hover);\"><button class=\"w-tabs-section-header\" aria-controls=\"content-l109\" aria-expanded=\"false\"><div class=\"w-tabs-section-title\">\u00d6nleme ve koruma kavramlar\u0131n\u0131 daha da g\u00fc\u00e7lendirmek: Luisa burada! ve ev telefonu<\/div><div class=\"w-tabs-section-control\"><\/div><\/button><div  class=\"w-tabs-section-content\" id=\"content-l109\"><div class=\"w-tabs-section-content-h i-cf\"><div class=\"wpb_text_column\"><div class=\"wpb_wrapper\"><p><span style=\"font-weight: 400;\">\u2047 Luisa burada! \u2047  projesi bir s\u00fcredir Wiesbaden'de ba\u015far\u0131l\u0131 oldu. Bu projeyi s\u00fcrd\u00fcrmek ve geni\u015fletmek istiyoruz, b\u00f6ylece Wiesbaden gece hayat\u0131nda, barlarda, kul\u00fcplerde ve Wiesbaden festivallerinde daha fazla g\u00fcvenlik ve dikkat yaratmak istiyoruz. B\u00f6ylece Wiesbaden'deki her \u015fehir festivali, herkesin h\u0131zl\u0131 bir \u015fekilde g\u00fcvenlik alabilece\u011fi bir yerdir. \u00c7\u00fcnk\u00fc s\u0131n\u0131r \u00f6tesi, istilac\u0131 ve ayr\u0131mc\u0131 davran\u0131\u015flar\u0131n hi\u00e7bir yerde yeri yoktur.<\/span><\/p>\n<p><span style=\"font-weight: 400;\">Buna ek olarak, \u015fehir zaten Heimwegtelefon e.V. ile i\u015fbirli\u011fi yap\u0131yor, eve giderken kendilerini g\u00fcvende hissetmemeleri durumunda arayanlara geceleri telefonla e\u015flik eden Almanya \u00e7ap\u0131nda bir hizmet. Bu teklif pazardan per\u015fembeye ak\u015fam 9'dan gece yar\u0131s\u0131na kadar ve cuma ve cumartesi g\u00fcnleri ak\u015fam 9'dan ak\u015fam 3'e kadar 030 12074182 numaras\u0131 alt\u0131nda mevcuttur. Bu t\u00fcr koruma kavramlar\u0131n\u0131 daha da olu\u015fturmaya ve bunlar\u0131 herkes i\u00e7in eri\u015filebilir k\u0131lmaya kararl\u0131y\u0131z.<\/span><\/p>\n<\/div><\/div><\/div><\/div><\/div><div class=\"w-tabs-section has_text_color\" id=\"c220\" style=\"background:var(--color-header-middle-bg);color:var(--color-content-heading);\"><button class=\"w-tabs-section-header\" aria-controls=\"content-c220\" aria-expanded=\"false\"><div class=\"w-tabs-section-title\">Kad\u0131n Taksileri<\/div><div class=\"w-tabs-section-control\"><\/div><\/button><div  class=\"w-tabs-section-content\" id=\"content-c220\"><div class=\"w-tabs-section-content-h i-cf\"><div class=\"wpb_text_column\"><div class=\"wpb_wrapper\"><p><span style=\"font-weight: 400;\">Kad\u0131nlar\u0131n istedikleri zaman evlerine g\u00fcvenle d\u00f6nebilmeleri i\u00e7in, kad\u0131nlar\u0131n gece taksilerinin modelini Wiesbaden'e getirmek istiyoruz. Stuttgart'ta, bu model 20 y\u0131ld\u0131r var ve ba\u015far\u0131l\u0131. Herkesin taksi yolculu\u011funu kar\u015f\u0131layabilmesi i\u00e7in, yaln\u0131z seyahat eden kad\u0131nlar\u0131n b\u00f6yle bir taksiyle eve gitmek i\u00e7in s\u00fcbvansiyon ald\u0131klar\u0131 bir model geli\u015ftirmek istiyoruz.<\/span><\/p>\n<\/div><\/div><\/div><\/div><\/div><div class=\"w-tabs-section has_text_color\" id=\"p34e\" style=\"background:var(--color-header-transparent-text);color:var(--color-header-top-text-hover);\"><button class=\"w-tabs-section-header\" aria-controls=\"content-p34e\" aria-expanded=\"false\"><div class=\"w-tabs-section-title\">Kad\u0131n s\u0131\u011f\u0131nma evlerinin ve dan\u0131\u015fma merkezlerinin geni\u015fletilmesi<\/div><div class=\"w-tabs-section-control\"><\/div><\/button><div  class=\"w-tabs-section-content\" id=\"content-p34e\"><div class=\"w-tabs-section-content-h i-cf\"><div class=\"wpb_text_column\"><div class=\"wpb_wrapper\"><p><span style=\"font-weight: 400;\">GR\u00dcNE olarak, Wiesbaden'deki kad\u0131nlar\u0131n h\u0131zl\u0131 ve kolay bir \u015fekilde koruma bulmas\u0131n\u0131 sa\u011flamaya kararl\u0131y\u0131z. Bu ama\u00e7la, kad\u0131n s\u0131\u011f\u0131nma evlerini ve dan\u0131\u015fmanl\u0131k hizmetlerini geni\u015fletmek, yerel kurumlar\u0131 desteklemek, insan ve mali kaynaklar\u0131 g\u00fcvence alt\u0131na almak istiyoruz. Koruma c\u00fczdana ba\u011fl\u0131 olmamal\u0131d\u0131r: Korunmak isteyen kad\u0131nlar\u0131n kendi masraflar\u0131n\u0131 \u00fcstlenmek zorunda kalmamas\u0131n\u0131 sa\u011fl\u0131yoruz.<\/span><\/p>\n<p><span style=\"font-weight: 400;\">Ayn\u0131 zamanda, d\u00fc\u015f\u00fck e\u015fikli teklifleri ve \u00f6nleme \u00e7al\u0131\u015fmalar\u0131n\u0131 te\u015fvik etmek istiyoruz, b\u00f6ylece \u015fiddet erken bir a\u015famada tespit edilir ve \u00f6nlenir. Bu taahh\u00fctle, \u0130stanbul S\u00f6zle\u015fmesi'nin uygulanmas\u0131na aktif olarak katk\u0131da bulunuyor ve \u015fehrimizde kad\u0131nlar\u0131n korunmas\u0131n\u0131 ve g\u00fcvenli\u011fini g\u00fc\u00e7lendiriyoruz.<\/span><\/p>\n<\/div><\/div><\/div><\/div><\/div><div class=\"w-tabs-section has_text_color\" id=\"y466\" style=\"background:var(--color-header-middle-bg);color:var(--color-header-middle-text);\"><button class=\"w-tabs-section-header\" aria-controls=\"content-y466\" aria-expanded=\"false\"><div class=\"w-tabs-section-title\">\u0130stanbul S\u00f6zle\u015fmesi'nin uygulanmas\u0131n\u0131n sa\u011flanmas\u0131<\/div><div class=\"w-tabs-section-control\"><\/div><\/button><div  class=\"w-tabs-section-content\" id=\"content-y466\"><div class=\"w-tabs-section-content-h i-cf\"><div class=\"wpb_text_column\"><div class=\"wpb_wrapper\"><p><span style=\"font-weight: 400;\">\u0130stanbul S\u00f6zle\u015fmesi'nin Wiesbaden'de tutarl\u0131 bir \u015fekilde uygulanabilmesi i\u00e7in gerekli insan kayna\u011f\u0131na da ihtiya\u00e7 vard\u0131r. \u0130stanbul S\u00f6zle\u015fmesi'nin uygulanmas\u0131 i\u00e7in yerel koordinasyon organ\u0131 \u00e7al\u0131\u015fmaya ba\u015flad\u0131. Bununla birlikte, bunun i\u00e7in finansal kaynaklar\u0131n art\u0131r\u0131lmas\u0131 \u00f6nemlidir, b\u00f6ylece uygulama m\u00fcmk\u00fcn oldu\u011funca \u00e7abuk ilerleyebilir.<\/span><\/p>\n<\/div><\/div><\/div><\/div><\/div><div class=\"w-tabs-section has_text_color\" id=\"t57a\" style=\"background:var(--color-header-transparent-text);color:var(--color-header-top-text-hover);\"><button class=\"w-tabs-section-header\" aria-controls=\"content-t57a\" aria-expanded=\"false\"><div class=\"w-tabs-section-title\">Zorla fuhu\u015f yapan insanlar i\u00e7in korunan konut<\/div><div class=\"w-tabs-section-control\"><\/div><\/button><div  class=\"w-tabs-section-content\" id=\"content-t57a\"><div class=\"w-tabs-section-content-h i-cf\"><div class=\"wpb_text_column\"><div class=\"wpb_wrapper\"><p><span style=\"font-weight: 400;\">Zorla fuhu\u015f bir insan haklar\u0131 su\u00e7udur. Bu nedenle, insanlar\u0131 zorla fuhu\u015ftan almak ve onlara koruyucu bir yer vermek i\u00e7in bar\u0131naklar kurulmal\u0131d\u0131r.<\/span><\/p>\n<\/div><\/div><\/div><\/div><\/div><div class=\"w-tabs-section has_text_color\" id=\"q6a0\" style=\"background:var(--color-header-transparent-text);color:var(--color-header-top-text-hover);\"><button class=\"w-tabs-section-header\" aria-controls=\"content-q6a0\" aria-expanded=\"false\"><div class=\"w-tabs-section-title\">Evsizli\u011fin \u00fcstesinden gelmek  \u2047  \u00d6nce konut<\/div><div class=\"w-tabs-section-control\"><\/div><\/button><div  class=\"w-tabs-section-content\" id=\"content-q6a0\"><div class=\"w-tabs-section-content-h i-cf\"><div class=\"wpb_text_column\"><div class=\"wpb_wrapper\"><p><span style=\"font-weight: 400;\">\u0130nsanlar\u0131 evsiz kalmamalar\u0131 i\u00e7in destekliyoruz. \u00d6nce konut yakla\u015f\u0131m\u0131yla evsizli\u011fin \u00fcstesinden gelmek istiyoruz. Etkilenenler taraf\u0131ndan bunun m\u00fcmk\u00fcn olmad\u0131\u011f\u0131 veya istenmedi\u011fi durumlarda, yeterli uyku yerleri ve t\u0131bbi bak\u0131m sa\u011fl\u0131yoruz.<\/span><\/p>\n<p><span style=\"font-weight: 400;\">Evsizli\u011fe d\u00fc\u015fen insanlar \u00f6ncelikle ba\u011f\u0131ml\u0131l\u0131k, i\u015fsizlik, zihinsel sa\u011fl\u0131k sorunlar\u0131 veya benzerleri gibi sorunlar\u0131 ele almak i\u00e7in bir daireye ihtiya\u00e7 duyarlar.<\/span><\/p>\n<\/div><\/div><\/div><\/div><\/div><div class=\"w-tabs-section has_text_color\" id=\"j7bf\" style=\"background:var(--color-header-transparent-text);color:var(--color-header-top-text-hover);\"><button class=\"w-tabs-section-header\" aria-controls=\"content-j7bf\" aria-expanded=\"false\"><div class=\"w-tabs-section-title\">Herkes i\u00e7in g\u00fcvenilir ki\u015filer olarak \u015fehir polisi ve kamu d\u00fczeni ofisi<\/div><div class=\"w-tabs-section-control\"><\/div><\/button><div  class=\"w-tabs-section-content\" id=\"content-j7bf\"><div class=\"w-tabs-section-content-h i-cf\"><div class=\"wpb_text_column\"><div class=\"wpb_wrapper\"><p><span style=\"font-weight: 400;\">Vatanda\u015flara yak\u0131n bir \u015fehir polis g\u00fcc\u00fcne ve adil, sayg\u0131l\u0131 ve silahs\u0131z hareket eden bir belediye emir b\u00fcrosuna g\u00fcveniyoruz. D\u00fczenli ayak ve bisiklet \u015feritleri, \u00f6nleyici mevcudiyet ve acil servisler i\u00e7in koruyucu \u00f6nlemler, n\u00fcfusun g\u00fcvenlik duygusunu g\u00fc\u00e7lendirir. Biber gaz\u0131 tabancalar\u0131n\u0131n kullan\u0131lmas\u0131n\u0131 reddediyoruz. Ayr\u0131ca, yetkililerin farkl\u0131 g\u00f6rev ve yetkilerini a\u00e7\u0131k\u00e7a tan\u0131nabilir k\u0131lmak i\u00e7in Kamu D\u00fczeni Ofisi'nin polisle g\u00f6rsel uyumunu tersine \u00e7evirmek istiyoruz.<\/span><\/p>\n<\/div><\/div><\/div><\/div><\/div><div class=\"w-tabs-section has_text_color\" id=\"x8e9\" style=\"background:var(--color-header-transparent-text);color:var(--color-header-top-text-hover);\"><button class=\"w-tabs-section-header\" aria-controls=\"content-x8e9\" aria-expanded=\"false\"><div class=\"w-tabs-section-title\">\u015eehir polisi ve kolluk kuvvetleri i\u00e7in fark\u0131ndal\u0131k, e\u011fitim ve koruma<\/div><div class=\"w-tabs-section-control\"><\/div><\/button><div  class=\"w-tabs-section-content\" id=\"content-x8e9\"><div class=\"w-tabs-section-content-h i-cf\"><div class=\"wpb_text_column\"><div class=\"wpb_wrapper\"><p><span style=\"font-weight: 400;\">Bizim endi\u015fe  \u2047  bir \u015fehir polisi ve fark\u0131ndal\u0131k ile bir kamu d\u00fczeni ofisi: \u015eehir polisi ve kamu d\u00fczeni dairesi, sosyal kurumlar ve sivil toplum kurulu\u015flar\u0131 ile i\u015fbirli\u011fi i\u00e7inde \u00e7al\u0131\u015facak ve ayr\u0131mc\u0131l\u0131\u011fa duyarl\u0131 bir \u015fekilde e\u011fitilecektir. Kuir d\u00fc\u015fmanl\u0131\u011f\u0131, a\u015f\u0131r\u0131 sa\u011fc\u0131l\u0131k, aile i\u00e7i \u015fiddet ve psikolojik krizler \u00fczerine \u00f6zel e\u011fitim kurslar\u0131, acil durum hizmetlerinin profesyonelce hareket etmesini sa\u011flamay\u0131 ama\u00e7lamaktad\u0131r. Merkezi olmayan yap\u0131lar, d\u00fczenli d\u0131\u015f de\u011ferlendirmeler ve g\u00f6r\u00fcn\u00fcr bir hata k\u00fclt\u00fcr\u00fc g\u00fcveni te\u015fvik eder ve \u0131rk\u00e7\u0131l\u0131kla sava\u015f\u0131r.<\/span><\/p>\n<p><span style=\"font-weight: 400;\">Ayn\u0131 zamanda ama\u00e7, \u00e7al\u0131\u015fanlar\u0131 s\u00f6zl\u00fc ve fiziksel sald\u0131r\u0131lardan korumak ve \u00f6rne\u011fin bir raporlama sistemi ve kurtarma ve acil durum hizmetlerine kar\u015f\u0131 \u015fiddet ba\u015fl\u0131kl\u0131 bir belediye birimi arac\u0131l\u0131\u011f\u0131yla raporlama prosed\u00fcrlerinde desteklemektir.<\/span><\/p>\n<\/div><\/div><\/div><\/div><\/div><div class=\"w-tabs-section has_text_color\" id=\"ya02\" style=\"background:var(--color-header-transparent-text);color:var(--color-header-top-text-hover);\"><button class=\"w-tabs-section-header\" aria-controls=\"content-ya02\" aria-expanded=\"false\"><div class=\"w-tabs-section-title\">\u015eehirde ki\u015fiye \u00f6zel g\u00fcvenlik \u00f6nlemleri i\u00e7in Masterplan Security<\/div><div class=\"w-tabs-section-control\"><\/div><\/button><div  class=\"w-tabs-section-content\" id=\"content-ya02\"><div class=\"w-tabs-section-content-h i-cf\"><div class=\"wpb_text_column\"><div class=\"wpb_wrapper\"><p><span style=\"font-weight: 400;\">Wiesbaden'deki su\u00e7 nedenlerini sistematik olarak analiz eden ve hem d\u00fczenleyici hem de sosyal \u00f6nlemleri i\u00e7eren bir g\u00fcvenlik ana plan\u0131 geli\u015ftiriyor ve uyguluyoruz. Ama\u00e7, \u00f6nlemleri farkl\u0131 il\u00e7elere ve halka a\u00e7\u0131k alanlara uyarlamakt\u0131r. Bu ama\u00e7la, polis, kamu d\u00fczeni dairesi, sosyal kurumlar ve sivil toplum kurulu\u015flar\u0131n\u0131n yan\u0131 s\u0131ra \u00e7al\u0131\u015fma gruplar\u0131 Kamusal Alan ve #Nerede bir araya getirilmi\u015f. Analizlere dayanarak, \u00f6zellikle \u00f6nleyici projeleri te\u015fvik ediyoruz, merkezi olmayan yap\u0131lar\u0131 g\u00fc\u00e7lendiriyoruz ve gerekirse il\u00e7elerde daha fazla d\u00fczenleyici ortakl\u0131k ba\u015flat\u0131yoruz. Bu \u015fekilde, etkili, i\u015fbirlik\u00e7i ve s\u00fcrd\u00fcr\u00fclebilir bir etkiye sahip olan ve t\u00fcm vatanda\u015flar\u0131n g\u00fcvenlik duygusunu belirgin \u015fekilde art\u0131ran g\u00fcvenlik kavramlar\u0131 olu\u015fturuyoruz.<\/span><\/p>\n<\/div><\/div><\/div><\/div><\/div><\/div><\/div><div class=\"w-separator size_medium\"><\/div><div class=\"w-btn-wrapper align_left\"><a class=\"w-btn us-btn-style_8 icon_atleft\" href=\"https:\/\/gruene-wiesbaden.de\/tr\/kommunalwahl\/#Kapitel2\"><i class=\"fas fa-chevron-circle-right\"><\/i><span class=\"w-btn-label\">Genel bak\u0131\u015fa geri d\u00f6n<\/span><\/a><\/div><div class=\"w-separator size_large\"><\/div><div class=\"wpb_text_column\"><div class=\"wpb_wrapper\"><h1>\u015eimdiye kadar ba\u015fard\u0131klar\u0131m\u0131z<\/h1>\n<\/div><\/div><div class=\"w-separator size_medium\"><\/div><div class=\"w-tabs us_custom_42d693a0 has_text_color style_default switch_click accordion has_scrolling\" style=\"--sections-title-size:1.4rem\"><div class=\"w-tabs-sections titles-align_none icon_chevron cpos_right\"><div class=\"w-tabs-section has_text_color\" id=\"of4a\" style=\"background:var(--color-header-transparent-text);color:var(--color-header-top-text-hover);\"><button class=\"w-tabs-section-header\" aria-controls=\"content-of4a\" aria-expanded=\"false\"><div class=\"w-tabs-section-title\">\u0130stanbul Kongre A\u011f\u0131 kuruldu<\/div><div class=\"w-tabs-section-control\"><\/div><\/button><div  class=\"w-tabs-section-content\" id=\"content-of4a\"><div class=\"w-tabs-section-content-h i-cf\"><div class=\"wpb_text_column\"><div class=\"wpb_wrapper\"><p><span style=\"font-weight: 400;\">\u0130stanbul S\u00f6zle\u015fmesi'ni uygulamak i\u00e7in Wiesbaden'de bir a\u011f kurduk. Y\u00f6netim, politika ve yard\u0131m sistemlerinden 80'den fazla akt\u00f6r, kad\u0131na y\u00f6nelik \u015fiddeti \u00f6nlemek, tespit etmek ve etkili bir \u015fekilde desteklemek i\u00e7in birlikte \u00e7al\u0131\u015f\u0131yor. A\u011f, borsalar\u0131 g\u00fc\u00e7lendirir, koordineli eylemleri te\u015fvik eder ve net bir sinyal g\u00f6nderir: Wiesbaden, kad\u0131nlar\u0131n korunmas\u0131n\u0131 ciddiye al\u0131r ve \u0130stanbul S\u00f6zle\u015fmesi'nin uluslararas\u0131 standartlar\u0131n\u0131n kentte ger\u00e7e\u011fe d\u00f6n\u00fc\u015fmesini sa\u011flar.<\/span><\/p>\n<\/div><\/div><\/div><\/div><\/div><div class=\"w-tabs-section has_text_color\" id=\"c065\" style=\"background:var(--color-header-transparent-text);color:var(--color-header-top-text-hover);\"><button class=\"w-tabs-section-header\" aria-controls=\"content-c065\" aria-expanded=\"false\"><div class=\"w-tabs-section-title\">Proje  \u2047  Luisa burada m\u0131? \u2047<\/div><div class=\"w-tabs-section-control\"><\/div><\/button><div  class=\"w-tabs-section-content\" id=\"content-c065\"><div class=\"w-tabs-section-content-h i-cf\"><div class=\"wpb_text_column\"><div class=\"wpb_wrapper\"><p><span style=\"font-weight: 400;\">Wiesbaden'deki kad\u0131nlar\u0131n d\u0131\u015far\u0131 \u00e7\u0131karken g\u00fcvende olmalar\u0131n\u0131 sa\u011flamaya kararl\u0131y\u0131z. Luisa burada m\u0131? kampanyas\u0131, kad\u0131nlar\u0131n kendilerini tehdit alt\u0131nda veya rahats\u0131z hissettiklerinde barlara, kul\u00fcplere ve kamu kurumlar\u0131na kat\u0131lmak i\u00e7in ihtiyatl\u0131 bir \u015fekilde yard\u0131m istemelerini sa\u011flar. Kampanyay\u0131 ba\u015flatt\u0131k, g\u00f6r\u00fcn\u00fcrl\u00fc\u011f\u00fc sa\u011flad\u0131k ve projeyi di\u011fer kamu kurumlar\u0131na geni\u015flettik ve oradaki personele e\u011fitim verdik. Bu \u015fekilde, kad\u0131nlar\u0131n korunmas\u0131n\u0131 g\u00fc\u00e7lendiriyor, \u015fiddeti \u00f6nl\u00fcyor ve \u015fehirde g\u00fcvenli, sayg\u0131l\u0131 bir birlikteli\u011fi te\u015fvik ediyoruz.<\/span><\/p>\n<\/div><\/div><\/div><\/div><\/div><div class=\"w-tabs-section has_text_color\" id=\"z17c\" style=\"background:var(--color-header-transparent-text);color:var(--color-header-top-text-hover);\"><button class=\"w-tabs-section-header\" aria-controls=\"content-z17c\" aria-expanded=\"false\"><div class=\"w-tabs-section-title\">Proje ev telefonu<\/div><div class=\"w-tabs-section-control\"><\/div><\/button><div  class=\"w-tabs-section-content\" id=\"content-z17c\"><div class=\"w-tabs-section-content-h i-cf\"><div class=\"wpb_text_column\"><div class=\"wpb_wrapper\"><p><span style=\"font-weight: 400;\">Buna ek olarak, \u015fehir Heimwegtelefon e.V., eve giderken g\u00fcvensiz hissederlerse geceleri telefonla arayanlara e\u015flik eden Almanya \u00e7ap\u0131nda bir hizmet. Bu teklif pazardan per\u015fembeye ak\u015fam 9'dan gece yar\u0131s\u0131na kadar ve cuma ve cumartesi g\u00fcnleri ak\u015fam 9'dan ak\u015fam 3'e kadar 030 12074182 numaras\u0131 alt\u0131nda mevcuttur. Bu t\u00fcr koruma kavramlar\u0131n\u0131 daha da olu\u015fturmaya ve bunlar\u0131 herkes i\u00e7in eri\u015filebilir k\u0131lmaya kararl\u0131y\u0131z.<\/span><\/p>\n<\/div><\/div><\/div><\/div><\/div><div class=\"w-tabs-section has_text_color\" id=\"w298\" style=\"background:var(--color-header-middle-bg);color:var(--color-content-heading);\"><button class=\"w-tabs-section-header\" aria-controls=\"content-w298\" aria-expanded=\"false\"><div class=\"w-tabs-section-title\">Wiesbaden Model I ve II  \u2047  Fuhu\u015f \u00fczerine belediye stratejileri<\/div><div class=\"w-tabs-section-control\"><\/div><\/button><div  class=\"w-tabs-section-content\" id=\"content-w298\"><div class=\"w-tabs-section-content-h i-cf\"><div class=\"wpb_text_column\"><div class=\"wpb_wrapper\"><p><span style=\"font-weight: 400;\">\u015eehrin, fuhu\u015f alan\u0131nda sosyal yard\u0131m yapan ve \u00e7\u0131k\u0131\u015f yard\u0131m\u0131 sunan bir travma terapisti tutmas\u0131n\u0131 sa\u011flad\u0131k. Bu se\u00e7im d\u00f6neminden bu yana Kad\u0131n Birimi, tatil dairelerinde ve otellerde yasad\u0131\u015f\u0131 fuhu\u015fa kar\u015f\u0131 da ba\u015far\u0131l\u0131 bir \u015fekilde harekete ge\u00e7ti. Wiesbaden modeli di\u011fer belediyeler i\u00e7in en iyi uygulamad\u0131r.<\/span><\/p>\n<\/div><\/div><\/div><\/div><\/div><div class=\"w-tabs-section has_text_color\" id=\"i3ae\" style=\"background:var(--color-header-transparent-text);color:var(--color-header-top-text-hover);\"><button class=\"w-tabs-section-header\" aria-controls=\"content-i3ae\" aria-expanded=\"false\"><div class=\"w-tabs-section-title\">Konferans i\u00e7in: LGBTQIA'ya kar\u015f\u0131 \u015fiddet*<\/div><div class=\"w-tabs-section-control\"><\/div><\/button><div  class=\"w-tabs-section-content\" id=\"content-i3ae\"><div class=\"w-tabs-section-content-h i-cf\"><div class=\"wpb_text_column\"><div class=\"wpb_wrapper\"><p><span style=\"font-weight: 400;\">LGBTQIAI* bireylere y\u00f6nelik \u015fiddet \u00fczerine bir sempozyum ba\u015flatt\u0131k. Profesyoneller ve kurulu\u015flar, koruma \u00f6nlemlerini iyile\u015ftirmek ve \u015fiddet ve ayr\u0131mc\u0131l\u0131\u011f\u0131n \u00f6nlenmesini g\u00fc\u00e7lendirmek i\u00e7in g\u00f6r\u00fc\u015f al\u0131\u015fveri\u015finde bulunurlar.<\/span><\/p>\n<\/div><\/div><\/div><\/div><\/div><div class=\"w-tabs-section has_text_color\" id=\"k500\" style=\"background:var(--color-header-transparent-text);color:var(--color-header-top-text-hover);\"><button class=\"w-tabs-section-header\" aria-controls=\"content-k500\" aria-expanded=\"false\"><div class=\"w-tabs-section-title\">Esrar sat\u0131\u015flar\u0131 i\u00e7in bir model b\u00f6lge olarak \u0130la\u00e7 Kontrol\u00fc ve Wiesbaden<\/div><div class=\"w-tabs-section-control\"><\/div><\/button><div  class=\"w-tabs-section-content\" id=\"content-k500\"><div class=\"w-tabs-section-content-h i-cf\"><div class=\"wpb_text_column\"><div class=\"wpb_wrapper\"><p><span style=\"font-weight: 400;\">Wiesbaden'de, t\u00fcketicileri kontamine ila\u00e7lardan daha iyi korumak i\u00e7in bir pilot proje \"Uyu\u015fturucu Kontrol\u00fc\" olu\u015fturduk. Se\u00e7ilen Wiesbaden parti etkinliklerinde, esrar gibi ila\u00e7lar kirletici maddeler i\u00e7in uzmanlar taraf\u0131ndan incelenir ve ayn\u0131 zamanda \u00f6nleme teklifleri g\u00fc\u00e7lendirilir. Pilot proje, t\u00fcketicileri m\u00fcmk\u00fcn olan en iyi \u015fekilde koruyabilmek i\u00e7in di\u011fer maddelerin sonraki a\u015famalarda test edilmesini de i\u00e7ermelidir.<\/span><\/p>\n<p><span style=\"font-weight: 400;\">Ayr\u0131ca, model projenin bir par\u00e7as\u0131 olarak eczanelerde esrar\u0131n bilin\u00e7li ve kontroll\u00fc sat\u0131\u015f\u0131 i\u00e7in ba\u015fvuruda bulunan Wiesbaden'de de yer ald\u0131k. Bu prosed\u00fcr hala devam ediyor. Bununla birlikte, sorumlu bir uyu\u015fturucu politikas\u0131, t\u00fcketicileri m\u00fcmk\u00fcn olan en iyi \u015fekilde korumak i\u00e7in aktif olarak \u00f6nleme ve destek hizmetleri olu\u015fturmak anlam\u0131na gelir.<\/span><\/p>\n<\/div><\/div><\/div><\/div><\/div><\/div><\/div><div class=\"w-separator size_medium\"><\/div><div class=\"w-btn-wrapper align_left\"><a class=\"w-btn us-btn-style_8 icon_atleft\" href=\"https:\/\/gruene-wiesbaden.de\/tr\/kommunalwahl\/#Kapitel2\"><i class=\"fas fa-chevron-circle-right\"><\/i><span class=\"w-btn-label\">Genel bak\u0131\u015fa geri d\u00f6n<\/span><\/a><\/div><div class=\"w-separator size_large\"><\/div><\/div><\/div><\/div><\/div><\/section>","protected":false},"excerpt":{"rendered":"Wiesbaden'deki herkesin evlerine, okullar\u0131na veya kamusal alanlara giderken kendilerini g\u00fcvende hissetmelerini ve ayr\u0131mc\u0131l\u0131\u011fa ve \u015fiddete maruz kalmamalar\u0131n\u0131 istiyoruz. G\u00fcvenlik herkes i\u00e7in farkl\u0131 bir \u015fey ifade eder, bu nedenle ayr\u0131mc\u0131l\u0131k, nefret veya d\u0131\u015flanma ya\u015fayan insanlar\u0131n bak\u0131\u015f a\u00e7\u0131lar\u0131na dikkat ederiz. Bu bizim i\u00e7in \u00f6zellikle \u00f6nemli...","protected":false},"author":1,"featured_media":1489,"comment_status":"closed","ping_status":"closed","sticky":false,"template":"","format":"standard","meta":{"footnotes":""},"categories":[15],"tags":[],"class_list":["post-1357","post","type-post","status-publish","format-standard","has-post-thumbnail","hentry","category-kapitel-2"],"yoast_head":"<!-- This site is optimized with the Yoast SEO plugin v27.5 - https:\/\/yoast.com\/product\/yoast-seo-wordpress\/ -->\n<title>Sicherheit und Schutz vor Gewalt - B\u00dcNDNIS 90\/DIE GR\u00dcNEN Wiesbaden<\/title>\n<meta name=\"robots\" content=\"index, follow, max-snippet:-1, max-image-preview:large, max-video-preview:-1\" \/>\n<link rel=\"canonical\" href=\"https:\/\/gruene-wiesbaden.de\/tr\/sicherheit-und-schutz-vor-gewalt\/\" \/>\n<meta property=\"og:locale\" content=\"tr_TR\" \/>\n<meta property=\"og:type\" content=\"article\" \/>\n<meta property=\"og:title\" content=\"Sicherheit und Schutz vor Gewalt - B\u00dcNDNIS 90\/DIE GR\u00dcNEN Wiesbaden\" \/>\n<meta property=\"og:url\" content=\"https:\/\/gruene-wiesbaden.de\/tr\/sicherheit-und-schutz-vor-gewalt\/\" \/>\n<meta property=\"og:site_name\" content=\"B\u00dcNDNIS 90\/DIE GR\u00dcNEN Wiesbaden\" \/>\n<meta property=\"article:publisher\" content=\"https:\/\/www.facebook.com\/gruene.wi\" \/>\n<meta property=\"article:published_time\" content=\"2025-11-09T22:14:08+00:00\" \/>\n<meta property=\"article:modified_time\" content=\"2026-04-09T08:33:03+00:00\" \/>\n<meta property=\"og:image\" content=\"https:\/\/gruene-wiesbaden.de\/wp-content\/uploads\/2025\/11\/2.5-Sicherheit-und-Schutz-vor-Gewalt-scaled.jpg\" \/>\n\t<meta property=\"og:image:width\" content=\"2048\" \/>\n\t<meta property=\"og:image:height\" content=\"2560\" \/>\n\t<meta property=\"og:image:type\" content=\"image\/jpeg\" \/>\n<meta name=\"author\" content=\"admin\" \/>\n<meta name=\"twitter:card\" content=\"summary_large_image\" \/>\n<meta name=\"twitter:label1\" content=\"Yazan:\" \/>\n\t<meta name=\"twitter:data1\" content=\"admin\" \/>\n\t<meta name=\"twitter:label2\" content=\"Tahmini okuma s\u00fcresi\" \/>\n\t<meta name=\"twitter:data2\" content=\"11 minutes\" \/>\n<script type=\"application\/ld+json\" class=\"yoast-schema-graph\">{\"@context\":\"https:\\\/\\\/schema.org\",\"@graph\":[{\"@type\":\"Article\",\"@id\":\"https:\\\/\\\/gruene-wiesbaden.de\\\/sicherheit-und-schutz-vor-gewalt\\\/#article\",\"isPartOf\":{\"@id\":\"https:\\\/\\\/gruene-wiesbaden.de\\\/sicherheit-und-schutz-vor-gewalt\\\/\"},\"author\":{\"name\":\"admin\",\"@id\":\"https:\\\/\\\/gruene-wiesbaden.de\\\/#\\\/schema\\\/person\\\/6785c34779159cd4fd86886bb097afe9\"},\"headline\":\"Sicherheit und Schutz vor Gewalt\",\"datePublished\":\"2025-11-09T22:14:08+00:00\",\"dateModified\":\"2026-04-09T08:33:03+00:00\",\"mainEntityOfPage\":{\"@id\":\"https:\\\/\\\/gruene-wiesbaden.de\\\/sicherheit-und-schutz-vor-gewalt\\\/\"},\"wordCount\":2926,\"publisher\":{\"@id\":\"https:\\\/\\\/gruene-wiesbaden.de\\\/#organization\"},\"image\":{\"@id\":\"https:\\\/\\\/gruene-wiesbaden.de\\\/sicherheit-und-schutz-vor-gewalt\\\/#primaryimage\"},\"thumbnailUrl\":\"https:\\\/\\\/gruene-wiesbaden.de\\\/wp-content\\\/uploads\\\/2025\\\/11\\\/2.5-Sicherheit-und-Schutz-vor-Gewalt-scaled.jpg\",\"articleSection\":[\"Kapitel 2\"],\"inLanguage\":\"tr-TR\"},{\"@type\":\"WebPage\",\"@id\":\"https:\\\/\\\/gruene-wiesbaden.de\\\/sicherheit-und-schutz-vor-gewalt\\\/\",\"url\":\"https:\\\/\\\/gruene-wiesbaden.de\\\/sicherheit-und-schutz-vor-gewalt\\\/\",\"name\":\"Sicherheit und Schutz vor Gewalt - B\u00dcNDNIS 90\\\/DIE GR\u00dcNEN Wiesbaden\",\"isPartOf\":{\"@id\":\"https:\\\/\\\/gruene-wiesbaden.de\\\/#website\"},\"primaryImageOfPage\":{\"@id\":\"https:\\\/\\\/gruene-wiesbaden.de\\\/sicherheit-und-schutz-vor-gewalt\\\/#primaryimage\"},\"image\":{\"@id\":\"https:\\\/\\\/gruene-wiesbaden.de\\\/sicherheit-und-schutz-vor-gewalt\\\/#primaryimage\"},\"thumbnailUrl\":\"https:\\\/\\\/gruene-wiesbaden.de\\\/wp-content\\\/uploads\\\/2025\\\/11\\\/2.5-Sicherheit-und-Schutz-vor-Gewalt-scaled.jpg\",\"datePublished\":\"2025-11-09T22:14:08+00:00\",\"dateModified\":\"2026-04-09T08:33:03+00:00\",\"breadcrumb\":{\"@id\":\"https:\\\/\\\/gruene-wiesbaden.de\\\/sicherheit-und-schutz-vor-gewalt\\\/#breadcrumb\"},\"inLanguage\":\"tr-TR\",\"potentialAction\":[{\"@type\":\"ReadAction\",\"target\":[\"https:\\\/\\\/gruene-wiesbaden.de\\\/sicherheit-und-schutz-vor-gewalt\\\/\"]}]},{\"@type\":\"ImageObject\",\"inLanguage\":\"tr-TR\",\"@id\":\"https:\\\/\\\/gruene-wiesbaden.de\\\/sicherheit-und-schutz-vor-gewalt\\\/#primaryimage\",\"url\":\"https:\\\/\\\/gruene-wiesbaden.de\\\/wp-content\\\/uploads\\\/2025\\\/11\\\/2.5-Sicherheit-und-Schutz-vor-Gewalt-scaled.jpg\",\"contentUrl\":\"https:\\\/\\\/gruene-wiesbaden.de\\\/wp-content\\\/uploads\\\/2025\\\/11\\\/2.5-Sicherheit-und-Schutz-vor-Gewalt-scaled.jpg\",\"width\":2048,\"height\":2560},{\"@type\":\"BreadcrumbList\",\"@id\":\"https:\\\/\\\/gruene-wiesbaden.de\\\/sicherheit-und-schutz-vor-gewalt\\\/#breadcrumb\",\"itemListElement\":[{\"@type\":\"ListItem\",\"position\":1,\"name\":\"Startseite\",\"item\":\"https:\\\/\\\/gruene-wiesbaden.de\\\/\"},{\"@type\":\"ListItem\",\"position\":2,\"name\":\"Sicherheit und Schutz vor Gewalt\"}]},{\"@type\":\"WebSite\",\"@id\":\"https:\\\/\\\/gruene-wiesbaden.de\\\/#website\",\"url\":\"https:\\\/\\\/gruene-wiesbaden.de\\\/\",\"name\":\"DIE GR\u00dcNEN Wiesbaden\",\"description\":\"\",\"publisher\":{\"@id\":\"https:\\\/\\\/gruene-wiesbaden.de\\\/#organization\"},\"potentialAction\":[{\"@type\":\"SearchAction\",\"target\":{\"@type\":\"EntryPoint\",\"urlTemplate\":\"https:\\\/\\\/gruene-wiesbaden.de\\\/?s={search_term_string}\"},\"query-input\":{\"@type\":\"PropertyValueSpecification\",\"valueRequired\":true,\"valueName\":\"search_term_string\"}}],\"inLanguage\":\"tr-TR\"},{\"@type\":\"Organization\",\"@id\":\"https:\\\/\\\/gruene-wiesbaden.de\\\/#organization\",\"name\":\"DIE GR\u00dcNEN Wiesbaden\",\"url\":\"https:\\\/\\\/gruene-wiesbaden.de\\\/\",\"logo\":{\"@type\":\"ImageObject\",\"inLanguage\":\"tr-TR\",\"@id\":\"https:\\\/\\\/gruene-wiesbaden.de\\\/#\\\/schema\\\/logo\\\/image\\\/\",\"url\":\"https:\\\/\\\/gruene-wiesbaden-fuer-europa.de\\\/wp-content\\\/uploads\\\/2024\\\/04\\\/Machen-was-zaehlt-5.png\",\"contentUrl\":\"https:\\\/\\\/gruene-wiesbaden-fuer-europa.de\\\/wp-content\\\/uploads\\\/2024\\\/04\\\/Machen-was-zaehlt-5.png\",\"width\":1772,\"height\":1772,\"caption\":\"DIE GR\u00dcNEN Wiesbaden\"},\"image\":{\"@id\":\"https:\\\/\\\/gruene-wiesbaden.de\\\/#\\\/schema\\\/logo\\\/image\\\/\"},\"sameAs\":[\"https:\\\/\\\/www.facebook.com\\\/gruene.wi\",\"https:\\\/\\\/instagram.com\\\/gruene_wi\"]},{\"@type\":\"Person\",\"@id\":\"https:\\\/\\\/gruene-wiesbaden.de\\\/#\\\/schema\\\/person\\\/6785c34779159cd4fd86886bb097afe9\",\"name\":\"admin\",\"sameAs\":[\"http:\\\/\\\/gruene-wiesbaden-fuer-europa.de\"],\"url\":\"https:\\\/\\\/gruene-wiesbaden.de\\\/tr\\\/author\\\/admin\\\/\"}]}<\/script>\n<!-- \/ Yoast SEO plugin. -->","yoast_head_json":{"title":"Sicherheit und Schutz vor Gewalt - B\u00dcNDNIS 90\/DIE GR\u00dcNEN Wiesbaden","robots":{"index":"index","follow":"follow","max-snippet":"max-snippet:-1","max-image-preview":"max-image-preview:large","max-video-preview":"max-video-preview:-1"},"canonical":"https:\/\/gruene-wiesbaden.de\/tr\/sicherheit-und-schutz-vor-gewalt\/","og_locale":"tr_TR","og_type":"article","og_title":"Sicherheit und Schutz vor Gewalt - B\u00dcNDNIS 90\/DIE GR\u00dcNEN Wiesbaden","og_url":"https:\/\/gruene-wiesbaden.de\/tr\/sicherheit-und-schutz-vor-gewalt\/","og_site_name":"B\u00dcNDNIS 90\/DIE GR\u00dcNEN Wiesbaden","article_publisher":"https:\/\/www.facebook.com\/gruene.wi","article_published_time":"2025-11-09T22:14:08+00:00","article_modified_time":"2026-04-09T08:33:03+00:00","og_image":[{"width":2048,"height":2560,"url":"https:\/\/gruene-wiesbaden.de\/wp-content\/uploads\/2025\/11\/2.5-Sicherheit-und-Schutz-vor-Gewalt-scaled.jpg","type":"image\/jpeg"}],"author":"admin","twitter_card":"summary_large_image","twitter_misc":{"Yazan:":"admin","Tahmini okuma s\u00fcresi":"11 minutes"},"schema":{"@context":"https:\/\/schema.org","@graph":[{"@type":"Article","@id":"https:\/\/gruene-wiesbaden.de\/sicherheit-und-schutz-vor-gewalt\/#article","isPartOf":{"@id":"https:\/\/gruene-wiesbaden.de\/sicherheit-und-schutz-vor-gewalt\/"},"author":{"name":"admin","@id":"https:\/\/gruene-wiesbaden.de\/#\/schema\/person\/6785c34779159cd4fd86886bb097afe9"},"headline":"Sicherheit und Schutz vor Gewalt","datePublished":"2025-11-09T22:14:08+00:00","dateModified":"2026-04-09T08:33:03+00:00","mainEntityOfPage":{"@id":"https:\/\/gruene-wiesbaden.de\/sicherheit-und-schutz-vor-gewalt\/"},"wordCount":2926,"publisher":{"@id":"https:\/\/gruene-wiesbaden.de\/#organization"},"image":{"@id":"https:\/\/gruene-wiesbaden.de\/sicherheit-und-schutz-vor-gewalt\/#primaryimage"},"thumbnailUrl":"https:\/\/gruene-wiesbaden.de\/wp-content\/uploads\/2025\/11\/2.5-Sicherheit-und-Schutz-vor-Gewalt-scaled.jpg","articleSection":["Kapitel 2"],"inLanguage":"tr-TR"},{"@type":"WebPage","@id":"https:\/\/gruene-wiesbaden.de\/sicherheit-und-schutz-vor-gewalt\/","url":"https:\/\/gruene-wiesbaden.de\/sicherheit-und-schutz-vor-gewalt\/","name":"Sicherheit und Schutz vor Gewalt - B\u00dcNDNIS 90\/DIE GR\u00dcNEN Wiesbaden","isPartOf":{"@id":"https:\/\/gruene-wiesbaden.de\/#website"},"primaryImageOfPage":{"@id":"https:\/\/gruene-wiesbaden.de\/sicherheit-und-schutz-vor-gewalt\/#primaryimage"},"image":{"@id":"https:\/\/gruene-wiesbaden.de\/sicherheit-und-schutz-vor-gewalt\/#primaryimage"},"thumbnailUrl":"https:\/\/gruene-wiesbaden.de\/wp-content\/uploads\/2025\/11\/2.5-Sicherheit-und-Schutz-vor-Gewalt-scaled.jpg","datePublished":"2025-11-09T22:14:08+00:00","dateModified":"2026-04-09T08:33:03+00:00","breadcrumb":{"@id":"https:\/\/gruene-wiesbaden.de\/sicherheit-und-schutz-vor-gewalt\/#breadcrumb"},"inLanguage":"tr-TR","potentialAction":[{"@type":"ReadAction","target":["https:\/\/gruene-wiesbaden.de\/sicherheit-und-schutz-vor-gewalt\/"]}]},{"@type":"ImageObject","inLanguage":"tr-TR","@id":"https:\/\/gruene-wiesbaden.de\/sicherheit-und-schutz-vor-gewalt\/#primaryimage","url":"https:\/\/gruene-wiesbaden.de\/wp-content\/uploads\/2025\/11\/2.5-Sicherheit-und-Schutz-vor-Gewalt-scaled.jpg","contentUrl":"https:\/\/gruene-wiesbaden.de\/wp-content\/uploads\/2025\/11\/2.5-Sicherheit-und-Schutz-vor-Gewalt-scaled.jpg","width":2048,"height":2560},{"@type":"BreadcrumbList","@id":"https:\/\/gruene-wiesbaden.de\/sicherheit-und-schutz-vor-gewalt\/#breadcrumb","itemListElement":[{"@type":"ListItem","position":1,"name":"Startseite","item":"https:\/\/gruene-wiesbaden.de\/"},{"@type":"ListItem","position":2,"name":"Sicherheit und Schutz vor Gewalt"}]},{"@type":"WebSite","@id":"https:\/\/gruene-wiesbaden.de\/#website","url":"https:\/\/gruene-wiesbaden.de\/","name":"DIE GR\u00dcNEN Wiesbaden","description":"","publisher":{"@id":"https:\/\/gruene-wiesbaden.de\/#organization"},"potentialAction":[{"@type":"SearchAction","target":{"@type":"EntryPoint","urlTemplate":"https:\/\/gruene-wiesbaden.de\/?s={search_term_string}"},"query-input":{"@type":"PropertyValueSpecification","valueRequired":true,"valueName":"search_term_string"}}],"inLanguage":"tr-TR"},{"@type":"Organization","@id":"https:\/\/gruene-wiesbaden.de\/#organization","name":"DIE GR\u00dcNEN Wiesbaden","url":"https:\/\/gruene-wiesbaden.de\/","logo":{"@type":"ImageObject","inLanguage":"tr-TR","@id":"https:\/\/gruene-wiesbaden.de\/#\/schema\/logo\/image\/","url":"https:\/\/gruene-wiesbaden-fuer-europa.de\/wp-content\/uploads\/2024\/04\/Machen-was-zaehlt-5.png","contentUrl":"https:\/\/gruene-wiesbaden-fuer-europa.de\/wp-content\/uploads\/2024\/04\/Machen-was-zaehlt-5.png","width":1772,"height":1772,"caption":"DIE GR\u00dcNEN Wiesbaden"},"image":{"@id":"https:\/\/gruene-wiesbaden.de\/#\/schema\/logo\/image\/"},"sameAs":["https:\/\/www.facebook.com\/gruene.wi","https:\/\/instagram.com\/gruene_wi"]},{"@type":"Person","@id":"https:\/\/gruene-wiesbaden.de\/#\/schema\/person\/6785c34779159cd4fd86886bb097afe9","name":"admin","sameAs":["http:\/\/gruene-wiesbaden-fuer-europa.de"],"url":"https:\/\/gruene-wiesbaden.de\/tr\/author\/admin\/"}]}},"_links":{"self":[{"href":"https:\/\/gruene-wiesbaden.de\/tr\/wp-json\/wp\/v2\/posts\/1357","targetHints":{"allow":["GET"]}}],"collection":[{"href":"https:\/\/gruene-wiesbaden.de\/tr\/wp-json\/wp\/v2\/posts"}],"about":[{"href":"https:\/\/gruene-wiesbaden.de\/tr\/wp-json\/wp\/v2\/types\/post"}],"author":[{"embeddable":true,"href":"https:\/\/gruene-wiesbaden.de\/tr\/wp-json\/wp\/v2\/users\/1"}],"replies":[{"embeddable":true,"href":"https:\/\/gruene-wiesbaden.de\/tr\/wp-json\/wp\/v2\/comments?post=1357"}],"version-history":[{"count":7,"href":"https:\/\/gruene-wiesbaden.de\/tr\/wp-json\/wp\/v2\/posts\/1357\/revisions"}],"predecessor-version":[{"id":2393,"href":"https:\/\/gruene-wiesbaden.de\/tr\/wp-json\/wp\/v2\/posts\/1357\/revisions\/2393"}],"wp:featuredmedia":[{"embeddable":true,"href":"https:\/\/gruene-wiesbaden.de\/tr\/wp-json\/wp\/v2\/media\/1489"}],"wp:attachment":[{"href":"https:\/\/gruene-wiesbaden.de\/tr\/wp-json\/wp\/v2\/media?parent=1357"}],"wp:term":[{"taxonomy":"category","embeddable":true,"href":"https:\/\/gruene-wiesbaden.de\/tr\/wp-json\/wp\/v2\/categories?post=1357"},{"taxonomy":"post_tag","embeddable":true,"href":"https:\/\/gruene-wiesbaden.de\/tr\/wp-json\/wp\/v2\/tags?post=1357"}],"curies":[{"name":"wp","href":"https:\/\/api.w.org\/{rel}","templated":true}]}}