{"id":1351,"date":"2025-11-10T00:10:26","date_gmt":"2025-11-09T22:10:26","guid":{"rendered":"https:\/\/gruene-wiesbaden.de\/?p=1351"},"modified":"2026-04-09T10:27:25","modified_gmt":"2026-04-09T08:27:25","slug":"gleichstellung-von-lgbtqia","status":"publish","type":"post","link":"https:\/\/gruene-wiesbaden.de\/tr\/gleichstellung-von-lgbtqia\/","title":{"rendered":"LGBTQIA e\u015fitli\u011fi*"},"content":{"rendered":"<section class=\"l-section wpb_row height_medium with_img\"><div class=\"l-section-img\" role=\"img\" data-img-width=\"1080\" data-img-height=\"800\" style=\"background-image: url(https:\/\/gruene-wiesbaden.de\/wp-content\/uploads\/2025\/11\/neuer-Verlauf-gruene-wiesbaden.de_-2-e1762709402177.png);\"><\/div><div class=\"l-section-overlay\" style=\"background:var(--color-header-top-transparent-bg)\"><\/div><div class=\"l-section-h i-cf\"><div class=\"g-cols vc_row via_grid cols_1 laptops-cols_inherit tablets-cols_inherit mobiles-cols_1 valign_top type_default stacking_default\"><div class=\"wpb_column vc_column_container\"><div class=\"vc_column-inner\"><h1 class=\"w-post-elm post_title us_custom_a574d586 has_text_color entry-title\">LGBTQIA e\u015fitli\u011fi*<\/h1><div class=\"w-separator size_medium\"><\/div><div class=\"g-cols wpb_row via_grid cols_2-1 laptops-cols_inherit tablets-cols_inherit mobiles-cols_1 valign_top type_default stacking_default\" style=\"--columns-gap:3rem;\"><div class=\"wpb_column vc_column_container\"><div class=\"vc_column-inner\"><div class=\"wpb_text_column us_custom_8b3d6790 has_text_color\"><div class=\"wpb_wrapper\"><p><span style=\"font-weight: 400;\">A\u00e7\u0131k, \u00e7e\u015fitli ve adil bir kentsel toplum, insanlar\u0131n cinsel y\u00f6nelimleri veya cinsiyet kimlikleri ne olursa olsun g\u00fcvenli, g\u00f6r\u00fcn\u00fcr ve kendi kaderini tayin eden hayatlar ya\u015fayabilecekleri anlam\u0131na gelir. Ancak Wiesbaden'de LGBTQIA* bireyler hala g\u00fcnl\u00fck ya\u015famda, kamusal alanlarda veya kurumlarda ayr\u0131mc\u0131l\u0131\u011fa, g\u00f6r\u00fcnmezli\u011fe ve d\u00fc\u015fmanl\u0131\u011fa maruz kalmaktad\u0131r. Bizim i\u00e7in ye\u015fil a\u00e7\u0131k: E\u015fit haklar ve tan\u0131nma tart\u0131\u015f\u0131lamaz. \u00c7e\u015fitlilik demokrasimizi g\u00fc\u00e7lendirir ve Wiesbaden'i herkes i\u00e7in daha ya\u015fanabilir k\u0131lar. Bu nedenle g\u00f6r\u00fcn\u00fcrl\u00fck, bar\u0131naklar, ayr\u0131mc\u0131 olmayan kat\u0131l\u0131m ve k\u00fclt\u00fcr ve e\u011fitimden y\u00f6netim ve \u015fehir planlamas\u0131na kadar g\u00fc\u00e7l\u00fc a\u011flar kurmaya kararl\u0131y\u0131z.<\/span><\/p>\n<\/div><\/div><div class=\"w-separator size_medium\"><\/div><div class=\"w-btn-wrapper align_left\"><a class=\"w-btn us-btn-style_8 icon_atleft\" href=\"https:\/\/gruene-wiesbaden.de\/tr\/kommunalwahl\/#Kapitel2\"><i class=\"fas fa-chevron-circle-right\"><\/i><span class=\"w-btn-label\">Genel bak\u0131\u015fa geri d\u00f6n<\/span><\/a><\/div><\/div><\/div><div class=\"wpb_column vc_column_container\"><div class=\"vc_column-inner\"><div class=\"w-image align_center\"><div class=\"w-image-h\"><img decoding=\"async\" width=\"2560\" height=\"1707\" src=\"https:\/\/gruene-wiesbaden.de\/wp-content\/uploads\/2025\/11\/2.2-Gleichstellung-LGBTQAI-scaled.jpeg\" class=\"attachment-full size-full\" alt=\"\" loading=\"lazy\" srcset=\"https:\/\/gruene-wiesbaden.de\/wp-content\/uploads\/2025\/11\/2.2-Gleichstellung-LGBTQAI-scaled.jpeg 2560w, https:\/\/gruene-wiesbaden.de\/wp-content\/uploads\/2025\/11\/2.2-Gleichstellung-LGBTQAI-400x267.jpeg 400w, https:\/\/gruene-wiesbaden.de\/wp-content\/uploads\/2025\/11\/2.2-Gleichstellung-LGBTQAI-600x400.jpeg 600w\" sizes=\"auto, (max-width: 2560px) 100vw, 2560px\" \/><\/div><\/div><div class=\"w-separator size_small\"><\/div><\/div><\/div><\/div><div class=\"w-separator size_medium\"><\/div><div class=\"w-separator size_medium\"><\/div><div class=\"wpb_text_column\"><div class=\"wpb_wrapper\"><h1>LGBTQIA e\u015fitli\u011fi bizim i\u00e7in ne anlama geliyor?<\/h1>\n<\/div><\/div><div class=\"w-separator size_large\"><\/div><div class=\"g-cols wpb_row via_grid cols_3 laptops-cols_inherit tablets-cols_inherit mobiles-cols_1 valign_top type_default stacking_default\" style=\"--columns-gap:3rem;\"><div class=\"wpb_column vc_column_container\"><div class=\"vc_column-inner\"><div class=\"w-iconbox us_custom_8b3d6790 has_text_color iconpos_left style_default color_custom align_left\"><div class=\"w-iconbox-icon\" style=\"font-size:2rem;--icon-color:#Ffffff;--icon-bg-color:var(--color-header-middle-bg);\"><i class=\"fas fa-layer-group\"><\/i><\/div><div class=\"w-iconbox-meta\"><h4 class=\"w-iconbox-title\" style=\"font-size:1.5rem;\">K\u00fclt\u00fcr\u00fc ve CSD'yi te\u015fvik etmek<\/h4><div class=\"w-iconbox-text\"><p><span style=\"font-weight: 400;\">Queer k\u00fclt\u00fcrel teklifler ve CSD, g\u00fcvenilir deste\u011fi hak ettikleri \u00f6nemli g\u00f6r\u00fcn\u00fcrl\u00fck i\u015faretleridir.<\/span><\/p>\n<\/div><\/div><\/div><\/div><\/div><div class=\"wpb_column vc_column_container\"><div class=\"vc_column-inner\"><div class=\"w-iconbox us_custom_8b3d6790 has_text_color iconpos_left style_default color_custom align_left\"><div class=\"w-iconbox-icon\" style=\"font-size:2rem;--icon-color:#Ffffff;--icon-bg-color:var(--color-header-transparent-text);\"><i class=\"fas fa-layer-group\"><\/i><\/div><div class=\"w-iconbox-meta\"><h4 class=\"w-iconbox-title\" style=\"font-size:1.5rem;\">Sa\u011fl\u0131\u011f\u0131n korunmas\u0131<\/h4><div class=\"w-iconbox-text\"><p><span style=\"font-weight: 400;\">LGBTQIA* i\u00e7in ihtiya\u00e7 temelli sa\u011fl\u0131k ve dan\u0131\u015fmanl\u0131k hizmetleri f\u0131rsat e\u015fitli\u011fi i\u00e7in bir \u00f6n ko\u015fuldur.<\/span><\/p>\n<\/div><\/div><\/div><\/div><\/div><div class=\"wpb_column vc_column_container\"><div class=\"vc_column-inner\"><div class=\"w-iconbox us_custom_8b3d6790 has_text_color iconpos_left style_default color_custom align_left\"><div class=\"w-iconbox-icon\" style=\"font-size:2rem;--icon-color:#Ffffff;--icon-bg-color:var(--color-header-transparent-text);\"><i class=\"fas fa-layer-group\"><\/i><\/div><div class=\"w-iconbox-meta\"><h4 class=\"w-iconbox-title\" style=\"font-size:1.5rem;\">Gen\u00e7li\u011fi Te\u015fvik Etmek<\/h4><div class=\"w-iconbox-text\"><p><span style=\"font-weight: 400;\">Queer gen\u00e7ler, kabul ve kat\u0131l\u0131m\u0131 m\u00fcmk\u00fcn k\u0131lan g\u00fcvenli alanlara, tavsiyelere ve tekliflere ihtiya\u00e7 duyarlar.<\/span><\/p>\n<\/div><\/div><\/div><\/div><\/div><\/div><div class=\"w-separator size_medium\"><\/div><div class=\"g-cols wpb_row via_grid cols_3 laptops-cols_inherit tablets-cols_inherit mobiles-cols_1 valign_top type_default stacking_default\" style=\"--columns-gap:3rem;\"><div class=\"wpb_column vc_column_container\"><div class=\"vc_column-inner\"><div class=\"w-iconbox us_custom_8b3d6790 has_text_color iconpos_left style_default color_custom align_left\"><div class=\"w-iconbox-icon\" style=\"font-size:2rem;--icon-color:#Ffffff;--icon-bg-color:var(--color-header-middle-bg);\"><i class=\"fas fa-layer-group\"><\/i><\/div><div class=\"w-iconbox-meta\"><h4 class=\"w-iconbox-title\" style=\"font-size:1.5rem;\">Ayr\u0131mc\u0131l\u0131kla m\u00fccadele<\/h4><div class=\"w-iconbox-text\"><p><span style=\"font-weight: 400;\">D\u00fc\u015fmanl\u0131klara kar\u015f\u0131 \u00e7\u0131k\u0131yoruz ve koruma ve deste\u011fi garanti eden yap\u0131lar olu\u015fturuyoruz.<\/span><\/p>\n<\/div><\/div><\/div><\/div><\/div><div class=\"wpb_column vc_column_container\"><div class=\"vc_column-inner\"><div class=\"w-iconbox us_custom_8b3d6790 has_text_color iconpos_left style_default color_custom align_left\"><div class=\"w-iconbox-icon\" style=\"font-size:2rem;--icon-color:#Ffffff;--icon-bg-color:var(--color-header-transparent-text);\"><i class=\"fas fa-layer-group\"><\/i><\/div><div class=\"w-iconbox-meta\"><h4 class=\"w-iconbox-title\" style=\"font-size:1.5rem;\">G\u00f6r\u00fcn\u00fcrl\u00fc\u011f\u00fc g\u00fc\u00e7lendirin<\/h4><div class=\"w-iconbox-text\"><p><span style=\"font-weight: 400;\">\u00c7e\u015fitlilik \u015fehrin merkezindedir  \u2047  LGBTQIA* Wiesbaden'de g\u00f6r\u00fcn\u00fcr ve de\u011ferli olmal\u0131d\u0131r.<\/span><\/p>\n<\/div><\/div><\/div><\/div><\/div><div class=\"wpb_column vc_column_container\"><div class=\"vc_column-inner\"><\/div><\/div><\/div><div class=\"w-separator size_medium\"><\/div><div class=\"w-btn-wrapper align_left\"><a class=\"w-btn us-btn-style_8 icon_atleft\" href=\"https:\/\/gruene-wiesbaden.de\/tr\/kommunalwahl\/#Kapitel2\"><i class=\"fas fa-chevron-circle-right\"><\/i><span class=\"w-btn-label\">Genel bak\u0131\u015fa geri d\u00f6n<\/span><\/a><\/div><div class=\"w-separator size_medium\"><\/div><\/div><\/div><\/div><\/div><\/section><section class=\"l-section wpb_row height_auto with_img\"><div class=\"l-section-img\" role=\"img\" data-img-width=\"2560\" data-img-height=\"1707\" style=\"background-image: url(https:\/\/gruene-wiesbaden.de\/wp-content\/uploads\/2025\/11\/2.2-Gleichstellung-LGBTQAI-scaled.jpeg);background-repeat: no-repeat;\"><\/div><div class=\"l-section-overlay\" style=\"background:var(--color-header-top-transparent-bg)\"><\/div><div class=\"l-section-h i-cf\"><div class=\"g-cols vc_row via_grid cols_1 laptops-cols_inherit tablets-cols_inherit mobiles-cols_1 valign_middle type_default stacking_default\" style=\"--columns-gap:1rem;\"><div class=\"wpb_column vc_column_container\"><div class=\"vc_column-inner\"><div class=\"w-separator size_large\"><\/div><div class=\"wpb_text_column background_inside_text\"><div class=\"wpb_wrapper\"><h1>\u00d6zellikle bu alanda yapmak istediklerimiz<\/h1>\n<\/div><\/div><div class=\"w-separator size_medium\"><\/div><div class=\"w-tabs us_custom_42d693a0 has_text_color style_default switch_click accordion has_scrolling\" style=\"--sections-title-size:1.4rem\"><div class=\"w-tabs-sections titles-align_none icon_chevron cpos_right\"><div class=\"w-tabs-section has_text_color\" id=\"t2a6\" style=\"background:var(--color-header-transparent-text);color:var(--color-header-top-text-hover);\"><button class=\"w-tabs-section-header\" aria-controls=\"content-t2a6\" aria-expanded=\"false\"><div class=\"w-tabs-section-title\">Kamu binalar\u0131nda cinsiyetten ba\u011f\u0131ms\u0131z tesisler<\/div><div class=\"w-tabs-section-control\"><\/div><\/button><div  class=\"w-tabs-section-content\" id=\"content-t2a6\"><div class=\"w-tabs-section-content-h i-cf\"><div class=\"wpb_text_column\"><div class=\"wpb_wrapper\"><p><span style=\"font-weight: 400;\">\u015eehirdeki t\u00fcm kamu binalar\u0131n\u0131n tuvaletler ve gerekti\u011finde soyunma odalar\u0131 da dahil olmak \u00fczere cinsiyetten ba\u011f\u0131ms\u0131z tesislere sahip olmas\u0131n\u0131 sa\u011flamay\u0131 taahh\u00fct ediyoruz. LGBTQIA* toplulu\u011fundaki bir\u00e7ok insan i\u00e7in bu, g\u00f6r\u00fcn\u00fcr tan\u0131ma, g\u00fcvenlik ve kendi kaderini tayin etme anlam\u0131na gelir: Tesisleri ayr\u0131mc\u0131l\u0131k, d\u00fc\u015fmanl\u0131k veya ho\u015f olmayan durumlardan korkmadan kullanabilirler. Bu t\u00fcr alanlar, kat\u0131l\u0131m ve sayg\u0131n\u0131n somut bir i\u015faretidir ve y\u00f6netim, okullar, k\u00fclt\u00fcr ve spor tesislerinde a\u00e7\u0131k, \u00e7e\u015fitli bir birlikteli\u011fi te\u015fvik eder.<\/span><\/p>\n<\/div><\/div><\/div><\/div><\/div><div class=\"w-tabs-section has_text_color\" id=\"r3c4\" style=\"background:var(--color-header-transparent-text);color:var(--color-header-top-text-hover);\"><button class=\"w-tabs-section-header\" aria-controls=\"content-r3c4\" aria-expanded=\"false\"><div class=\"w-tabs-section-title\">CSD'nin g\u00fcvenilir tan\u0131t\u0131m\u0131<\/div><div class=\"w-tabs-section-control\"><\/div><\/button><div  class=\"w-tabs-section-content\" id=\"content-r3c4\"><div class=\"w-tabs-section-content-h i-cf\"><div class=\"wpb_text_column\"><div class=\"wpb_wrapper\"><p><span style=\"font-weight: 400;\">Wiesbaden'deki Christopher Street Day'in mali deste\u011fini g\u00fcvence alt\u0131na al\u0131yoruz. CSD, LGBTQIA* toplulu\u011funun e\u015fitlik ve ayr\u0131mc\u0131l\u0131\u011fa kar\u015f\u0131 tarihsel m\u00fccadelesini, 1969'daki Stonewall ayaklanmalar\u0131ndan bu yana g\u00f6r\u00fcn\u00fcrl\u00fck, tan\u0131nma ve \u00e7e\u015fitlili\u011fin k\u00fcresel bir sembol\u00fc olarak hat\u0131rl\u0131yor. \u00d6zellikle sa\u011fa do\u011fru sosyal bir kayma kar\u015f\u0131s\u0131nda, baz\u0131 \u015firketler sponsor olarak istifa etse bile, \u015fehrin tutumunu g\u00f6stermesi ve toplumu desteklemesi \u00f6nemlidir. G\u00fcvenilir destek sa\u011flayarak, g\u00fc\u00e7l\u00fc bir dayan\u0131\u015fma, insan haklar\u0131 ve sosyal kat\u0131l\u0131m sinyali g\u00f6nderiyoruz.<\/span><\/p>\n<\/div><\/div><\/div><\/div><\/div><div class=\"w-tabs-section has_text_color\" id=\"u4e7\" style=\"background:var(--color-header-transparent-text);color:var(--color-header-top-text-hover);\"><button class=\"w-tabs-section-header\" aria-controls=\"content-u4e7\" aria-expanded=\"false\"><div class=\"w-tabs-section-title\">Dan\u0131\u015fmanl\u0131k merkezlerinin tan\u0131t\u0131lmas\u0131<\/div><div class=\"w-tabs-section-control\"><\/div><\/button><div  class=\"w-tabs-section-content\" id=\"content-u4e7\"><div class=\"w-tabs-section-content-h i-cf\"><div class=\"wpb_text_column\"><div class=\"wpb_wrapper\"><p><span style=\"font-weight: 400;\">Queer dan\u0131\u015fmanl\u0131\u011f\u0131n\u0131 ve SCHLAU Wiesbaden gibi destek hizmetlerini destekliyoruz. Ayr\u0131mc\u0131l\u0131\u011fa kar\u015f\u0131 ve g\u00fc\u00e7lendirme i\u00e7in \u00f6nemli temas noktalar\u0131d\u0131r. Queer gen\u00e7ler aras\u0131nda intihar oranlar\u0131 hala \u00f6nemli \u00f6l\u00e7\u00fcde daha y\u00fcksek  \u2047  burada aktif olarak kar\u015f\u0131 koymak istiyoruz. Bu nedenle, \u00f6nleme ve kendi kendine yard\u0131m tekliflerini sa\u011flamaya ve okul e\u011fitimi giri\u015fimlerini te\u015fvik etmeye kararl\u0131y\u0131z. Bu \u00f6nlemlerle, queer gen\u00e7ler i\u00e7in g\u00fcvenlik, bar\u0131naklar ve umutlar yarat\u0131yor ve sosyal kat\u0131l\u0131mlar\u0131n\u0131 g\u00fc\u00e7lendiriyoruz.<\/span><\/p>\n<\/div><\/div><\/div><\/div><\/div><div class=\"w-tabs-section has_text_color\" id=\"x601\" style=\"background:var(--color-header-middle-bg);color:var(--color-content-heading);\"><button class=\"w-tabs-section-header\" aria-controls=\"content-x601\" aria-expanded=\"false\"><div class=\"w-tabs-section-title\">Queer Youth Spaces yak\u0131n\u0131ndaki oteller<\/div><div class=\"w-tabs-section-control\"><\/div><\/button><div  class=\"w-tabs-section-content\" id=\"content-x601\"><div class=\"w-tabs-section-content-h i-cf\"><div class=\"wpb_text_column\"><div class=\"wpb_wrapper\"><p><span style=\"font-weight: 400;\">Queer gen\u00e7lerin bo\u015f zamanlar\u0131n\u0131 ge\u00e7irebilecekleri, tavsiye alabilecekleri ve kendi belirledikleri \u015fekilde geli\u015febilecekleri g\u00fcvenli alanlar yarat\u0131yoruz. Bu t\u00fcr alanlar, \u00f6zellikle queer gen\u00e7lerin hala ayr\u0131mc\u0131l\u0131k ve d\u0131\u015flanma ya\u015fad\u0131\u011f\u0131 bir zamanda, g\u00fc\u00e7lendirme, \u00f6zg\u00fcven ve sosyal kat\u0131l\u0131m i\u00e7in \u00e7ok \u00f6nemlidir. Yerel toplulukla birlikte, Wiesbaden'deki gen\u00e7lerin ihtiya\u00e7lar\u0131na g\u00f6re uyarlanm\u0131\u015f teklifler geli\u015ftirmek istiyoruz. Bu \u015fekilde, gen\u00e7 ya\u015ftan itibaren kabul\u00fc te\u015fvik ediyor ve gen\u00e7lere kendileri olma g\u00fcvencesini veriyoruz.<\/span><\/p>\n<\/div><\/div><\/div><\/div><\/div><div class=\"w-tabs-section has_text_color\" id=\"u716\" style=\"background:var(--color-header-transparent-text);color:var(--color-header-top-text-hover);\"><button class=\"w-tabs-section-header\" aria-controls=\"content-u716\" aria-expanded=\"false\"><div class=\"w-tabs-section-title\">Queer dan\u0131\u015fma merkezleri arac\u0131l\u0131\u011f\u0131yla okullardaki projeleri te\u015fvik edin<\/div><div class=\"w-tabs-section-control\"><\/div><\/button><div  class=\"w-tabs-section-content\" id=\"content-u716\"><div class=\"w-tabs-section-content-h i-cf\"><div class=\"wpb_text_column\"><div class=\"wpb_wrapper\"><p><span style=\"font-weight: 400;\">E\u011fitim projeleri, okullar\u0131n queer toplulu\u011fundan insanlara kar\u015f\u0131 \u00f6nyarg\u0131y\u0131 azaltmas\u0131na ve b\u00f6ylece queer insanlara kar\u015f\u0131 uzun vadeli \u015fiddeti \u00f6nlemesine yard\u0131mc\u0131 olabilir. Ayn\u0131 zamanda, bu t\u00fcr projeler queer gen\u00e7lerin \u015fehir toplumunda uygun dan\u0131\u015fmanl\u0131k hizmetleri bulmalar\u0131na yard\u0131mc\u0131 olabilir.<\/span><\/p>\n<\/div><\/div><\/div><\/div><\/div><div class=\"w-tabs-section has_text_color\" id=\"w830\" style=\"background:var(--color-header-middle-bg);color:var(--color-header-middle-text);\"><button class=\"w-tabs-section-header\" aria-controls=\"content-w830\" aria-expanded=\"false\"><div class=\"w-tabs-section-title\">\u015eehirdeki queer ya\u015fam\u0131n\u0131n g\u00f6r\u00fcn\u00fcrl\u00fc\u011f\u00fcn\u00fc te\u015fvik edin<\/div><div class=\"w-tabs-section-control\"><\/div><\/button><div  class=\"w-tabs-section-content\" id=\"content-w830\"><div class=\"w-tabs-section-content-h i-cf\"><div class=\"wpb_text_column\"><div class=\"wpb_wrapper\"><p><span style=\"font-weight: 400;\">Queer ya\u015fam \u015fehir manzaras\u0131nda daha da g\u00f6r\u00fcn\u00fcr hale gelmelidir, bu y\u00fczden kamu binalar\u0131nda g\u00f6kku\u015fa\u011f\u0131 bayra\u011f\u0131n\u0131n y\u00fckseltilmesi i\u00e7in kampanya y\u00fcr\u00fctt\u00fck ve Wiesbaden \u015fehir manzaras\u0131nda daha y\u00fcksek bir temsil olu\u015fturmak istiyoruz, \u00f6rne\u011fin queer trafik \u0131\u015f\u0131klar\u0131 \u00e7iftleri, g\u00f6kku\u015fa\u011f\u0131 banklar\u0131 ve g\u00f6kku\u015fa\u011f\u0131 zebra \u00e7izgileri. Buna ek olarak, kentsel yay\u0131nlar\u0131n ve reklam kampanyalar\u0131n\u0131n, konu ne olursa olsun LGBTQIA* insanlar\u0131n ya\u015famlar\u0131n\u0131n ger\u00e7eklerini de tasvir etmesini sa\u011flamaya kararl\u0131y\u0131z.<\/span><\/p>\n<\/div><\/div><\/div><\/div><\/div><div class=\"w-tabs-section has_text_color\" id=\"q94f\" style=\"background:var(--color-header-transparent-text);color:var(--color-header-top-text-hover);\"><button class=\"w-tabs-section-header\" aria-controls=\"content-q94f\" aria-expanded=\"false\"><div class=\"w-tabs-section-title\">Dan\u0131\u015fmanl\u0131k ve destek hizmetlerinin s\u00fcrd\u00fcr\u00fclebilir tan\u0131t\u0131m\u0131<\/div><div class=\"w-tabs-section-control\"><\/div><\/button><div  class=\"w-tabs-section-content\" id=\"content-q94f\"><div class=\"w-tabs-section-content-h i-cf\"><div class=\"wpb_text_column\"><div class=\"wpb_wrapper\"><p><span style=\"font-weight: 400;\">Dernekler ve dernekler, \u00f6rne\u011fin HIV ve AIDS ile ya\u015fayan insanlara ve ailelerine dan\u0131\u015fmanl\u0131k, \u00f6nleme ve e\u015flik etme konusunda vazge\u00e7ilmez i\u015fler yapmaktad\u0131r. LGBTQIA* toplulu\u011fu i\u00e7in tek durak noktas\u0131d\u0131r ve \u00f6nemli sosyal g\u00f6revleri yerine getirirler. GR\u00dcNE, Pro Familia e.V. ve AIDS-Hilfe Wiesbaden gibi bu kurulu\u015flar i\u00e7in s\u00fcrekli ve g\u00fcvenilir finansal destek sa\u011flamay\u0131 taahh\u00fct ediyoruz.<\/span><\/p>\n<\/div><\/div><\/div><\/div><\/div><div class=\"w-tabs-section has_text_color\" id=\"za68\" style=\"background:var(--color-header-transparent-text);color:var(--color-header-top-text-hover);\"><button class=\"w-tabs-section-header\" aria-controls=\"content-za68\" aria-expanded=\"false\"><div class=\"w-tabs-section-title\">Ya\u015fl\u0131l\u0131kta queer insanlar\u0131 g\u00fc\u00e7lendirmek ve g\u00f6r\u00fcn\u00fcr k\u0131lmak<\/div><div class=\"w-tabs-section-control\"><\/div><\/button><div  class=\"w-tabs-section-content\" id=\"content-za68\"><div class=\"w-tabs-section-content-h i-cf\"><div class=\"wpb_text_column\"><div class=\"wpb_wrapper\"><p><span style=\"font-weight: 400;\">LGBTQIA* toplulu\u011fundaki ya\u015fl\u0131 insanlar genellikle kabul ve g\u00f6r\u00fcn\u00fcrl\u00fck i\u00e7in zorland\u0131lar. Sosyal damgalamaya ek olarak, onlar\u0131 yasalarla da s\u0131n\u0131rlayan bir ortamda b\u00fcy\u00fcd\u00fcler. Genellikle bu reddedilmenin bu g\u00fcne etkisi vard\u0131r ve ya\u015fl\u0131 queer insanlar\u0131n kimliklerini gizlemelerini sa\u011flar. K\u0131demli Vatanda\u015f Dan\u0131\u015fma Kurulu, queer dernekleri ve LSBT * IQ Koordinasyon Merkezi ile birlikte, ya\u015fl\u0131l\u0131kta queer insanlar\u0131 g\u00fc\u00e7lendiren ve g\u00f6r\u00fcn\u00fcr k\u0131lan kavramlar geli\u015ftirmek istiyoruz. Ayr\u0131ca, kentsel bak\u0131m tesislerindeki \u00e7al\u0131\u015fanlar, ya\u015fl\u0131l\u0131kta ya\u015fam\u0131n queer ger\u00e7ekleriyle ba\u015fa \u00e7\u0131kma konusunda \u00f6zel olarak e\u011fitilmelidir.<\/span><\/p>\n<\/div><\/div><\/div><\/div><\/div><\/div><\/div><div class=\"w-separator size_medium\"><\/div><div class=\"w-btn-wrapper align_left\"><a class=\"w-btn us-btn-style_8 icon_atleft\" href=\"https:\/\/gruene-wiesbaden.de\/tr\/kommunalwahl\/#Kapitel2\"><i class=\"fas fa-chevron-circle-right\"><\/i><span class=\"w-btn-label\">Genel bak\u0131\u015fa geri d\u00f6n<\/span><\/a><\/div><div class=\"w-separator size_large\"><\/div><div class=\"wpb_text_column\"><div class=\"wpb_wrapper\"><h1>\u015eimdiye kadar ba\u015fard\u0131klar\u0131m\u0131z<\/h1>\n<\/div><\/div><div class=\"w-separator size_medium\"><\/div><div class=\"w-tabs us_custom_42d693a0 has_text_color style_default switch_click accordion has_scrolling\" style=\"--sections-title-size:1.4rem\"><div class=\"w-tabs-sections titles-align_none icon_chevron cpos_right\"><div class=\"w-tabs-section has_text_color\" id=\"nbba\" style=\"background:var(--color-header-transparent-text);color:var(--color-header-top-text-hover);\"><button class=\"w-tabs-section-header\" aria-controls=\"content-nbba\" aria-expanded=\"false\"><div class=\"w-tabs-section-title\">\u015eehir y\u00f6netiminde kuir a\u011f\u0131<\/div><div class=\"w-tabs-section-control\"><\/div><\/button><div  class=\"w-tabs-section-content\" id=\"content-nbba\"><div class=\"w-tabs-section-content-h i-cf\"><div class=\"wpb_text_column\"><div class=\"wpb_wrapper\"><p><span style=\"font-weight: 400;\">Wiesbaden \u015fehir y\u00f6netiminde bir queer a\u011f\u0131 kurduk. LGBTQIA* \u00e7al\u0131\u015fanlar\u0131n\u0131n de\u011fi\u015fimini te\u015fvik eder, kapsay\u0131c\u0131 \u00f6nlemlerin uygulanmas\u0131n\u0131 destekler ve queer kayg\u0131lar\u0131n t\u00fcm kararlara dahil edilmesini sa\u011flar. Bunu yaparken, g\u00f6r\u00fcn\u00fcr, ayr\u0131mc\u0131 olmayan bir \u00e7al\u0131\u015fma ortam\u0131 yarat\u0131yor ve y\u00f6netimdeki queer insanlar\u0131n haklar\u0131n\u0131 ve tan\u0131nmas\u0131n\u0131 g\u00fc\u00e7lendiriyoruz. Bu a\u011f, \u00e7e\u015fitlilik, e\u015fitlik ve Wiesbaden'e kat\u0131l\u0131m i\u00e7in a\u00e7\u0131k bir ba\u015far\u0131d\u0131r.<\/span><\/p>\n<\/div><\/div><\/div><\/div><\/div><div class=\"w-tabs-section has_text_color\" id=\"xd33\" style=\"background:var(--color-header-transparent-text);color:var(--color-header-top-text-hover);\"><button class=\"w-tabs-section-header\" aria-controls=\"content-xd33\" aria-expanded=\"false\"><div class=\"w-tabs-section-title\">Artan maliyetlere ra\u011fmen CSD 2025'i g\u00fcvence alt\u0131na almak<\/div><div class=\"w-tabs-section-control\"><\/div><\/button><div  class=\"w-tabs-section-content\" id=\"content-xd33\"><div class=\"w-tabs-section-content-h i-cf\"><div class=\"wpb_text_column\"><div class=\"wpb_wrapper\"><p><span style=\"font-weight: 400;\">Artan maliyetleri kar\u015f\u0131lamak i\u00e7in 2025'te Christopher Street Day'in b\u00fct\u00e7esini art\u0131rd\u0131k ve b\u00f6ylece Wiesbaden'deki CSD'nin d\u00fc\u015fen sponsorlar\u0131na ra\u011fmen ger\u00e7ekle\u015febilece\u011fi ger\u00e7e\u011fine katk\u0131da bulunduk. G\u00fcvenilir destek sa\u011flayarak, g\u00fc\u00e7l\u00fc bir dayan\u0131\u015fma, insan haklar\u0131 ve sosyal kat\u0131l\u0131m sinyali g\u00f6nderiyoruz.<\/span><\/p>\n<\/div><\/div><\/div><\/div><\/div><div class=\"w-tabs-section has_text_color\" id=\"we65\" style=\"background:var(--color-header-transparent-text);color:var(--color-header-top-text-hover);\"><button class=\"w-tabs-section-header\" aria-controls=\"content-we65\" aria-expanded=\"false\"><div class=\"w-tabs-section-title\">IDAHOBIT - G\u00f6r\u00fcn\u00fcrl\u00fc\u011f\u00fc ve kabul\u00fc g\u00fc\u00e7lendirin<\/div><div class=\"w-tabs-section-control\"><\/div><\/button><div  class=\"w-tabs-section-content\" id=\"content-we65\"><div class=\"w-tabs-section-content-h i-cf\"><div class=\"wpb_text_column\"><div class=\"wpb_wrapper\"><p><span style=\"font-weight: 400;\">Wiesbaden'de Uluslararas\u0131 Homofobi, Bifobi, \u0130nterfobi ve Transfobiye Kar\u015f\u0131 G\u00fcn\u00fc'n\u00fcn (IDAHOBIT) uygulanmas\u0131n\u0131 g\u00fcvence alt\u0131na ald\u0131k ve finansal olarak destekledik. Etkinlik, LGBTQIA+ toplulu\u011funun \u00e7\u0131karlar\u0131n\u0131 g\u00f6r\u00fcn\u00fcr k\u0131l\u0131yor, ayr\u0131mc\u0131l\u0131\u011fa kar\u015f\u0131 net bir sinyal g\u00f6nderiyor ve tan\u0131nmay\u0131, \u00e7e\u015fitlili\u011fi ve sosyal kat\u0131l\u0131m\u0131 te\u015fvik ediyor. Deste\u011fimizle IDAHOBIT, kentsel toplumda g\u00fc\u00e7lendirme, de\u011fi\u015fim ve fark\u0131ndal\u0131k yaratmay\u0131 sa\u011flayan kal\u0131c\u0131 bir kamu forumu haline geldi.<\/span><\/p>\n<\/div><\/div><\/div><\/div><\/div><div class=\"w-tabs-section has_text_color\" id=\"bf9f\" style=\"background:var(--color-header-middle-bg);color:var(--color-content-heading);\"><button class=\"w-tabs-section-header\" aria-controls=\"content-bf9f\" aria-expanded=\"false\"><div class=\"w-tabs-section-title\">Kuir gen\u00e7li\u011fi te\u015fvik etmek: Gurur Ku\u015flar\u0131 (Warmes Wiesbaden e.V.)<\/div><div class=\"w-tabs-section-control\"><\/div><\/button><div  class=\"w-tabs-section-content\" id=\"content-bf9f\"><div class=\"w-tabs-section-content-h i-cf\"><div class=\"wpb_text_column\"><div class=\"wpb_wrapper\"><p><span style=\"font-weight: 400;\">Warmes Wiesbaden e.V.'nin \u00e7al\u0131\u015fmalar\u0131n\u0131 destekledik, b\u00f6ylece  \u2047 Birds of Pride \u2047  gen\u00e7lik grubundaki queer gen\u00e7ler fikir al\u0131\u015fveri\u015finde bulunabilir, destek alabilir ve kimliklerini \u00f6zg\u00fcrce geli\u015ftirebilirler. Siyasi deste\u011fimiz gerekli \u00e7er\u00e7eve ko\u015fullar\u0131n\u0131 ve kaynaklar\u0131 sa\u011flam\u0131\u015ft\u0131r. Bu \u015fekilde, g\u00fc\u00e7lendirme, a\u011f olu\u015fturma ve kat\u0131l\u0131m i\u00e7in korunan bir alan olu\u015fturuyoruz ve Wiesbaden'deki queer gen\u00e7lerin g\u00f6r\u00fcn\u00fcrl\u00fc\u011f\u00fcn\u00fc ve kabul\u00fcn\u00fc g\u00fc\u00e7lendiriyoruz.<\/span><\/p>\n<\/div><\/div><\/div><\/div><\/div><div class=\"w-tabs-section has_text_color\" id=\"m0bd\" style=\"background:var(--color-header-transparent-text);color:var(--color-header-top-text-hover);\"><button class=\"w-tabs-section-header\" aria-controls=\"content-m0bd\" aria-expanded=\"false\"><div class=\"w-tabs-section-title\">Queeres Zentrum Wiesbaden e.V. g\u00fc\u00e7lendi<\/div><div class=\"w-tabs-section-control\"><\/div><\/button><div  class=\"w-tabs-section-content\" id=\"content-m0bd\"><div class=\"w-tabs-section-content-h i-cf\"><div class=\"wpb_text_column\"><div class=\"wpb_wrapper\"><p><span style=\"font-weight: 400;\">Queeren Zentrum Wiesbaden'e (QZ e.V.) ge\u00e7ici bir \u00e7\u00f6z\u00fcm sa\u011flad\u0131k ve 2025'in sonuna kadar son odalara ge\u00e7meyi m\u00fcmk\u00fcn k\u0131ld\u0131k. Merkez, queer toplulu\u011funun tavsiyesi, e\u011flencesi, a\u011f\u0131 ve g\u00fc\u00e7lendirilmesi i\u00e7in g\u00fcvenli bir yer sunmaktad\u0131r. Siyasi deste\u011fimiz sayesinde odalar, ekipman ve operasyon g\u00fcvence alt\u0131na al\u0131nabilir. Bu \u015fekilde, g\u00f6r\u00fcn\u00fcr, korunan temas noktalar\u0131 olu\u015fturuyoruz, queer insanlar\u0131n kat\u0131l\u0131m\u0131n\u0131 g\u00fc\u00e7lendiriyoruz ve \u00e7e\u015fitli, a\u00e7\u0131k bir Wiesbaden'i te\u015fvik ediyoruz.<\/span><\/p>\n<\/div><\/div><\/div><\/div><\/div><div class=\"w-tabs-section has_text_color\" id=\"p1d1\" style=\"background:var(--color-header-transparent-text);color:var(--color-header-top-text-hover);\"><button class=\"w-tabs-section-header\" aria-controls=\"content-p1d1\" aria-expanded=\"false\"><div class=\"w-tabs-section-title\">LSBT*IQ Koordinasyon Birimi g\u00fc\u00e7lendirildi<\/div><div class=\"w-tabs-section-control\"><\/div><\/button><div  class=\"w-tabs-section-content\" id=\"content-p1d1\"><div class=\"w-tabs-section-content-h i-cf\"><div class=\"wpb_text_column\"><div class=\"wpb_wrapper\"><p><span style=\"font-weight: 400;\">LGBT*IQ Koordinasyon Birimi'ndeki ikinci pozisyonu uygulad\u0131k ve doldurduk. Sonu\u00e7 olarak, queer toplulu\u011funun endi\u015feleri daha h\u0131zl\u0131 bir \u015fekilde ele al\u0131nabilir, uygulanan \u00f6nlemler ve koruma, g\u00f6r\u00fcn\u00fcrl\u00fck ve kat\u0131l\u0131m s\u00fcrd\u00fcr\u00fclebilir bir \u015fekilde sa\u011flan\u0131r.<\/span><\/p>\n<\/div><\/div><\/div><\/div><\/div><div class=\"w-tabs-section has_text_color\" id=\"y314\" style=\"background:var(--color-header-transparent-text);color:var(--color-header-top-text-hover);\"><button class=\"w-tabs-section-header\" aria-controls=\"content-y314\" aria-expanded=\"false\"><div class=\"w-tabs-section-title\">Yuvarlak masa LSBT * IQ<\/div><div class=\"w-tabs-section-control\"><\/div><\/button><div  class=\"w-tabs-section-content\" id=\"content-y314\"><div class=\"w-tabs-section-content-h i-cf\"><div class=\"wpb_text_column\"><div class=\"wpb_wrapper\"><p><span style=\"font-weight: 400;\">\u00dc\u00e7 ayda bir yuvarlak masa LSBT * IQ kurduk. Burada, y\u00f6netim, politika ve topluluk g\u00fcncel konular hakk\u0131nda bilgi al\u0131\u015fveri\u015finde bulunur ve g\u00f6r\u00fcn\u00fcrl\u00fc\u011f\u00fc, korumay\u0131 ve e\u015fitli\u011fi iyile\u015ftirmek i\u00e7in ortakla\u015fa \u00f6nlemler geli\u015ftirir.<\/span><\/p>\n<\/div><\/div><\/div><\/div><\/div><div class=\"w-tabs-section has_text_color\" id=\"n48b\" style=\"background:var(--color-header-transparent-text);color:var(--color-header-top-text-hover);\"><button class=\"w-tabs-section-header\" aria-controls=\"content-n48b\" aria-expanded=\"false\"><div class=\"w-tabs-section-title\">\u015eiddet Konferans\u0131<\/div><div class=\"w-tabs-section-control\"><\/div><\/button><div  class=\"w-tabs-section-content\" id=\"content-n48b\"><div class=\"w-tabs-section-content-h i-cf\"><div class=\"wpb_text_column\"><div class=\"wpb_wrapper\"><p><span style=\"font-weight: 400;\">LGBTQIA* bireylere y\u00f6nelik \u015fiddet \u00fczerine bir sempozyum ba\u015flatt\u0131k. Profesyoneller ve kurulu\u015flar, koruma \u00f6nlemlerini iyile\u015ftirmek ve \u015fiddet ve ayr\u0131mc\u0131l\u0131\u011f\u0131n \u00f6nlenmesini g\u00fc\u00e7lendirmek i\u00e7in g\u00f6r\u00fc\u015f al\u0131\u015fveri\u015finde bulunurlar.<\/span><\/p>\n<\/div><\/div><\/div><\/div><\/div><div class=\"w-tabs-section has_text_color\" id=\"p5a6\" style=\"background:var(--color-header-transparent-text);color:var(--color-header-top-text-hover);\"><button class=\"w-tabs-section-header\" aria-controls=\"content-p5a6\" aria-expanded=\"false\"><div class=\"w-tabs-section-title\">G\u00f6kku\u015fa\u011f\u0131 M\u00fcltecileri Desteklendi<\/div><div class=\"w-tabs-section-control\"><\/div><\/button><div  class=\"w-tabs-section-content\" id=\"content-p5a6\"><div class=\"w-tabs-section-content-h i-cf\"><div class=\"wpb_text_column\"><div class=\"wpb_wrapper\"><p><span style=\"font-weight: 400;\">Wiesbaden'deki queer m\u00fcltecilerin g\u00f6r\u00fcn\u00fcr bir \u015fekilde desteklenmesini ve iyi bir \u015fekilde entegre edilmesini sa\u011flad\u0131k. Siyasi kararlar yoluyla, \u015fehir, AIDS-Hilfe Hessen ve di\u011fer \u00f6rg\u00fctler aras\u0131ndaki i\u015fbirli\u011fini te\u015fvik ettik. G\u00f6kku\u015fa\u011f\u0131 M\u00fclteci Deste\u011fi projesi, izolasyonu \u00f6nlemek i\u00e7in dan\u0131\u015fmanl\u0131k, iltica prosed\u00fcrlerinde destek, psikososyal destek ve grup teklifleri sunmaktad\u0131r. Biz Ye\u015filler, queer m\u00fcltecilerin \u015fehrimizde koruma, g\u00fc\u00e7lendirme ve kat\u0131l\u0131m\u0131 deneyimlemeleri i\u00e7in bir \u00e7er\u00e7eve olu\u015fturduk.<\/span><\/p>\n<\/div><\/div><\/div><\/div><\/div><div class=\"w-tabs-section has_text_color\" id=\"k6be\" style=\"background:var(--color-header-transparent-text);color:var(--color-header-top-text-hover);\"><button class=\"w-tabs-section-header\" aria-controls=\"content-k6be\" aria-expanded=\"false\"><div class=\"w-tabs-section-title\">Wiesbaden'de \u00e7e\u015fitlili\u011fi g\u00f6r\u00fcn\u00fcr k\u0131lmak<\/div><div class=\"w-tabs-section-control\"><\/div><\/button><div  class=\"w-tabs-section-content\" id=\"content-k6be\"><div class=\"w-tabs-section-content-h i-cf\"><div class=\"wpb_text_column\"><div class=\"wpb_wrapper\"><p><span style=\"font-weight: 400;\">Ayetleri \u015f\u00f6yle s\u0131ralad\u0131k: G\u00f6kku\u015fa\u011f\u0131 zebra \u015feridi ve g\u00f6kku\u015fa\u011f\u0131 \u00e7emberi, \u015fehrimizin \u00e7e\u015fitlili\u011fini g\u00f6r\u00fcn\u00fcr k\u0131lar. Bunlar kabul, g\u00f6r\u00fcn\u00fcrl\u00fck ve e\u015fitli\u011fin somut sembolleridir ve Wiesbaden'in LGBTQIA * insanlar i\u00e7in a\u00e7\u0131k bir \u015fehir oldu\u011funu g\u00f6stermektedir. Bu kal\u0131c\u0131 g\u00f6r\u00fcn\u00fcr i\u015faretler, toplumun kendine g\u00fcvenini g\u00fc\u00e7lendirir ve t\u00fcm \u015fehir toplumunu duyarl\u0131la\u015ft\u0131r\u0131r.<\/span><\/p>\n<\/div><\/div><\/div><\/div><\/div><\/div><\/div><div class=\"w-separator size_medium\"><\/div><div class=\"w-btn-wrapper align_left\"><a class=\"w-btn us-btn-style_8 icon_atleft\" href=\"https:\/\/gruene-wiesbaden.de\/tr\/kommunalwahl\/#Kapitel2\"><i class=\"fas fa-chevron-circle-right\"><\/i><span class=\"w-btn-label\">Genel bak\u0131\u015fa geri d\u00f6n<\/span><\/a><\/div><div class=\"w-separator size_large\"><\/div><\/div><\/div><\/div><\/div><\/section>","protected":false},"excerpt":{"rendered":"A\u00e7\u0131k, \u00e7e\u015fitli ve adil bir kentsel toplum, insanlar\u0131n cinsel y\u00f6nelimleri veya cinsiyet kimlikleri ne olursa olsun, g\u00fcvenli, g\u00f6r\u00fcn\u00fcr ve kendi kaderini tayin eden hayatlar ya\u015fayabilecekleri anlam\u0131na gelir. Ancak Wiesbaden'de LGBTQIA* bireyler hala g\u00fcnl\u00fck ya\u015famda, kamusal alanlarda veya kurumlarda ayr\u0131mc\u0131l\u0131\u011fa, g\u00f6r\u00fcnmezli\u011fe ve d\u00fc\u015fmanl\u0131\u011fa maruz kalmaktad\u0131r. Bizim i\u00e7in ye\u015fil a\u00e7\u0131k: E\u015fit haklar ve tan\u0131nma...","protected":false},"author":1,"featured_media":1547,"comment_status":"closed","ping_status":"closed","sticky":false,"template":"","format":"standard","meta":{"footnotes":""},"categories":[15],"tags":[],"class_list":["post-1351","post","type-post","status-publish","format-standard","has-post-thumbnail","hentry","category-kapitel-2"],"yoast_head":"<!-- This site is optimized with the Yoast SEO plugin v27.5 - https:\/\/yoast.com\/product\/yoast-seo-wordpress\/ -->\n<title>Gleichstellung von LGBTQIA* - B\u00dcNDNIS 90\/DIE GR\u00dcNEN Wiesbaden<\/title>\n<meta name=\"robots\" content=\"index, follow, max-snippet:-1, max-image-preview:large, max-video-preview:-1\" \/>\n<link rel=\"canonical\" href=\"https:\/\/gruene-wiesbaden.de\/tr\/gleichstellung-von-lgbtqia\/\" \/>\n<meta property=\"og:locale\" content=\"tr_TR\" \/>\n<meta property=\"og:type\" content=\"article\" \/>\n<meta property=\"og:title\" content=\"Gleichstellung von LGBTQIA* - B\u00dcNDNIS 90\/DIE GR\u00dcNEN Wiesbaden\" \/>\n<meta property=\"og:url\" content=\"https:\/\/gruene-wiesbaden.de\/tr\/gleichstellung-von-lgbtqia\/\" \/>\n<meta property=\"og:site_name\" content=\"B\u00dcNDNIS 90\/DIE GR\u00dcNEN Wiesbaden\" \/>\n<meta property=\"article:publisher\" content=\"https:\/\/www.facebook.com\/gruene.wi\" \/>\n<meta property=\"article:published_time\" content=\"2025-11-09T22:10:26+00:00\" \/>\n<meta property=\"article:modified_time\" content=\"2026-04-09T08:27:25+00:00\" \/>\n<meta property=\"og:image\" content=\"https:\/\/gruene-wiesbaden.de\/wp-content\/uploads\/2025\/11\/2.2-Gleichstellung-LGBTQAI-scaled.jpeg\" \/>\n\t<meta property=\"og:image:width\" content=\"2560\" \/>\n\t<meta property=\"og:image:height\" content=\"1707\" \/>\n\t<meta property=\"og:image:type\" content=\"image\/jpeg\" \/>\n<meta name=\"author\" content=\"admin\" \/>\n<meta name=\"twitter:card\" content=\"summary_large_image\" \/>\n<meta name=\"twitter:label1\" content=\"Yazan:\" \/>\n\t<meta name=\"twitter:data1\" content=\"admin\" \/>\n\t<meta name=\"twitter:label2\" content=\"Tahmini okuma s\u00fcresi\" \/>\n\t<meta name=\"twitter:data2\" content=\"9 minutes\" \/>\n<script type=\"application\/ld+json\" class=\"yoast-schema-graph\">{\"@context\":\"https:\\\/\\\/schema.org\",\"@graph\":[{\"@type\":\"Article\",\"@id\":\"https:\\\/\\\/gruene-wiesbaden.de\\\/gleichstellung-von-lgbtqia\\\/#article\",\"isPartOf\":{\"@id\":\"https:\\\/\\\/gruene-wiesbaden.de\\\/gleichstellung-von-lgbtqia\\\/\"},\"author\":{\"name\":\"admin\",\"@id\":\"https:\\\/\\\/gruene-wiesbaden.de\\\/#\\\/schema\\\/person\\\/6785c34779159cd4fd86886bb097afe9\"},\"headline\":\"Gleichstellung von LGBTQIA*\",\"datePublished\":\"2025-11-09T22:10:26+00:00\",\"dateModified\":\"2026-04-09T08:27:25+00:00\",\"mainEntityOfPage\":{\"@id\":\"https:\\\/\\\/gruene-wiesbaden.de\\\/gleichstellung-von-lgbtqia\\\/\"},\"wordCount\":2670,\"publisher\":{\"@id\":\"https:\\\/\\\/gruene-wiesbaden.de\\\/#organization\"},\"image\":{\"@id\":\"https:\\\/\\\/gruene-wiesbaden.de\\\/gleichstellung-von-lgbtqia\\\/#primaryimage\"},\"thumbnailUrl\":\"https:\\\/\\\/gruene-wiesbaden.de\\\/wp-content\\\/uploads\\\/2025\\\/11\\\/2.2-Gleichstellung-LGBTQAI-scaled.jpeg\",\"articleSection\":[\"Kapitel 2\"],\"inLanguage\":\"tr-TR\"},{\"@type\":\"WebPage\",\"@id\":\"https:\\\/\\\/gruene-wiesbaden.de\\\/gleichstellung-von-lgbtqia\\\/\",\"url\":\"https:\\\/\\\/gruene-wiesbaden.de\\\/gleichstellung-von-lgbtqia\\\/\",\"name\":\"Gleichstellung von LGBTQIA* - B\u00dcNDNIS 90\\\/DIE GR\u00dcNEN Wiesbaden\",\"isPartOf\":{\"@id\":\"https:\\\/\\\/gruene-wiesbaden.de\\\/#website\"},\"primaryImageOfPage\":{\"@id\":\"https:\\\/\\\/gruene-wiesbaden.de\\\/gleichstellung-von-lgbtqia\\\/#primaryimage\"},\"image\":{\"@id\":\"https:\\\/\\\/gruene-wiesbaden.de\\\/gleichstellung-von-lgbtqia\\\/#primaryimage\"},\"thumbnailUrl\":\"https:\\\/\\\/gruene-wiesbaden.de\\\/wp-content\\\/uploads\\\/2025\\\/11\\\/2.2-Gleichstellung-LGBTQAI-scaled.jpeg\",\"datePublished\":\"2025-11-09T22:10:26+00:00\",\"dateModified\":\"2026-04-09T08:27:25+00:00\",\"breadcrumb\":{\"@id\":\"https:\\\/\\\/gruene-wiesbaden.de\\\/gleichstellung-von-lgbtqia\\\/#breadcrumb\"},\"inLanguage\":\"tr-TR\",\"potentialAction\":[{\"@type\":\"ReadAction\",\"target\":[\"https:\\\/\\\/gruene-wiesbaden.de\\\/gleichstellung-von-lgbtqia\\\/\"]}]},{\"@type\":\"ImageObject\",\"inLanguage\":\"tr-TR\",\"@id\":\"https:\\\/\\\/gruene-wiesbaden.de\\\/gleichstellung-von-lgbtqia\\\/#primaryimage\",\"url\":\"https:\\\/\\\/gruene-wiesbaden.de\\\/wp-content\\\/uploads\\\/2025\\\/11\\\/2.2-Gleichstellung-LGBTQAI-scaled.jpeg\",\"contentUrl\":\"https:\\\/\\\/gruene-wiesbaden.de\\\/wp-content\\\/uploads\\\/2025\\\/11\\\/2.2-Gleichstellung-LGBTQAI-scaled.jpeg\",\"width\":2560,\"height\":1707},{\"@type\":\"BreadcrumbList\",\"@id\":\"https:\\\/\\\/gruene-wiesbaden.de\\\/gleichstellung-von-lgbtqia\\\/#breadcrumb\",\"itemListElement\":[{\"@type\":\"ListItem\",\"position\":1,\"name\":\"Startseite\",\"item\":\"https:\\\/\\\/gruene-wiesbaden.de\\\/\"},{\"@type\":\"ListItem\",\"position\":2,\"name\":\"Gleichstellung von LGBTQIA*\"}]},{\"@type\":\"WebSite\",\"@id\":\"https:\\\/\\\/gruene-wiesbaden.de\\\/#website\",\"url\":\"https:\\\/\\\/gruene-wiesbaden.de\\\/\",\"name\":\"DIE GR\u00dcNEN Wiesbaden\",\"description\":\"\",\"publisher\":{\"@id\":\"https:\\\/\\\/gruene-wiesbaden.de\\\/#organization\"},\"potentialAction\":[{\"@type\":\"SearchAction\",\"target\":{\"@type\":\"EntryPoint\",\"urlTemplate\":\"https:\\\/\\\/gruene-wiesbaden.de\\\/?s={search_term_string}\"},\"query-input\":{\"@type\":\"PropertyValueSpecification\",\"valueRequired\":true,\"valueName\":\"search_term_string\"}}],\"inLanguage\":\"tr-TR\"},{\"@type\":\"Organization\",\"@id\":\"https:\\\/\\\/gruene-wiesbaden.de\\\/#organization\",\"name\":\"DIE GR\u00dcNEN Wiesbaden\",\"url\":\"https:\\\/\\\/gruene-wiesbaden.de\\\/\",\"logo\":{\"@type\":\"ImageObject\",\"inLanguage\":\"tr-TR\",\"@id\":\"https:\\\/\\\/gruene-wiesbaden.de\\\/#\\\/schema\\\/logo\\\/image\\\/\",\"url\":\"https:\\\/\\\/gruene-wiesbaden-fuer-europa.de\\\/wp-content\\\/uploads\\\/2024\\\/04\\\/Machen-was-zaehlt-5.png\",\"contentUrl\":\"https:\\\/\\\/gruene-wiesbaden-fuer-europa.de\\\/wp-content\\\/uploads\\\/2024\\\/04\\\/Machen-was-zaehlt-5.png\",\"width\":1772,\"height\":1772,\"caption\":\"DIE GR\u00dcNEN Wiesbaden\"},\"image\":{\"@id\":\"https:\\\/\\\/gruene-wiesbaden.de\\\/#\\\/schema\\\/logo\\\/image\\\/\"},\"sameAs\":[\"https:\\\/\\\/www.facebook.com\\\/gruene.wi\",\"https:\\\/\\\/instagram.com\\\/gruene_wi\"]},{\"@type\":\"Person\",\"@id\":\"https:\\\/\\\/gruene-wiesbaden.de\\\/#\\\/schema\\\/person\\\/6785c34779159cd4fd86886bb097afe9\",\"name\":\"admin\",\"sameAs\":[\"http:\\\/\\\/gruene-wiesbaden-fuer-europa.de\"],\"url\":\"https:\\\/\\\/gruene-wiesbaden.de\\\/tr\\\/author\\\/admin\\\/\"}]}<\/script>\n<!-- \/ Yoast SEO plugin. -->","yoast_head_json":{"title":"Gleichstellung von LGBTQIA* - B\u00dcNDNIS 90\/DIE GR\u00dcNEN Wiesbaden","robots":{"index":"index","follow":"follow","max-snippet":"max-snippet:-1","max-image-preview":"max-image-preview:large","max-video-preview":"max-video-preview:-1"},"canonical":"https:\/\/gruene-wiesbaden.de\/tr\/gleichstellung-von-lgbtqia\/","og_locale":"tr_TR","og_type":"article","og_title":"Gleichstellung von LGBTQIA* - B\u00dcNDNIS 90\/DIE GR\u00dcNEN Wiesbaden","og_url":"https:\/\/gruene-wiesbaden.de\/tr\/gleichstellung-von-lgbtqia\/","og_site_name":"B\u00dcNDNIS 90\/DIE GR\u00dcNEN Wiesbaden","article_publisher":"https:\/\/www.facebook.com\/gruene.wi","article_published_time":"2025-11-09T22:10:26+00:00","article_modified_time":"2026-04-09T08:27:25+00:00","og_image":[{"width":2560,"height":1707,"url":"https:\/\/gruene-wiesbaden.de\/wp-content\/uploads\/2025\/11\/2.2-Gleichstellung-LGBTQAI-scaled.jpeg","type":"image\/jpeg"}],"author":"admin","twitter_card":"summary_large_image","twitter_misc":{"Yazan:":"admin","Tahmini okuma s\u00fcresi":"9 minutes"},"schema":{"@context":"https:\/\/schema.org","@graph":[{"@type":"Article","@id":"https:\/\/gruene-wiesbaden.de\/gleichstellung-von-lgbtqia\/#article","isPartOf":{"@id":"https:\/\/gruene-wiesbaden.de\/gleichstellung-von-lgbtqia\/"},"author":{"name":"admin","@id":"https:\/\/gruene-wiesbaden.de\/#\/schema\/person\/6785c34779159cd4fd86886bb097afe9"},"headline":"Gleichstellung von LGBTQIA*","datePublished":"2025-11-09T22:10:26+00:00","dateModified":"2026-04-09T08:27:25+00:00","mainEntityOfPage":{"@id":"https:\/\/gruene-wiesbaden.de\/gleichstellung-von-lgbtqia\/"},"wordCount":2670,"publisher":{"@id":"https:\/\/gruene-wiesbaden.de\/#organization"},"image":{"@id":"https:\/\/gruene-wiesbaden.de\/gleichstellung-von-lgbtqia\/#primaryimage"},"thumbnailUrl":"https:\/\/gruene-wiesbaden.de\/wp-content\/uploads\/2025\/11\/2.2-Gleichstellung-LGBTQAI-scaled.jpeg","articleSection":["Kapitel 2"],"inLanguage":"tr-TR"},{"@type":"WebPage","@id":"https:\/\/gruene-wiesbaden.de\/gleichstellung-von-lgbtqia\/","url":"https:\/\/gruene-wiesbaden.de\/gleichstellung-von-lgbtqia\/","name":"Gleichstellung von LGBTQIA* - B\u00dcNDNIS 90\/DIE GR\u00dcNEN Wiesbaden","isPartOf":{"@id":"https:\/\/gruene-wiesbaden.de\/#website"},"primaryImageOfPage":{"@id":"https:\/\/gruene-wiesbaden.de\/gleichstellung-von-lgbtqia\/#primaryimage"},"image":{"@id":"https:\/\/gruene-wiesbaden.de\/gleichstellung-von-lgbtqia\/#primaryimage"},"thumbnailUrl":"https:\/\/gruene-wiesbaden.de\/wp-content\/uploads\/2025\/11\/2.2-Gleichstellung-LGBTQAI-scaled.jpeg","datePublished":"2025-11-09T22:10:26+00:00","dateModified":"2026-04-09T08:27:25+00:00","breadcrumb":{"@id":"https:\/\/gruene-wiesbaden.de\/gleichstellung-von-lgbtqia\/#breadcrumb"},"inLanguage":"tr-TR","potentialAction":[{"@type":"ReadAction","target":["https:\/\/gruene-wiesbaden.de\/gleichstellung-von-lgbtqia\/"]}]},{"@type":"ImageObject","inLanguage":"tr-TR","@id":"https:\/\/gruene-wiesbaden.de\/gleichstellung-von-lgbtqia\/#primaryimage","url":"https:\/\/gruene-wiesbaden.de\/wp-content\/uploads\/2025\/11\/2.2-Gleichstellung-LGBTQAI-scaled.jpeg","contentUrl":"https:\/\/gruene-wiesbaden.de\/wp-content\/uploads\/2025\/11\/2.2-Gleichstellung-LGBTQAI-scaled.jpeg","width":2560,"height":1707},{"@type":"BreadcrumbList","@id":"https:\/\/gruene-wiesbaden.de\/gleichstellung-von-lgbtqia\/#breadcrumb","itemListElement":[{"@type":"ListItem","position":1,"name":"Startseite","item":"https:\/\/gruene-wiesbaden.de\/"},{"@type":"ListItem","position":2,"name":"Gleichstellung von LGBTQIA*"}]},{"@type":"WebSite","@id":"https:\/\/gruene-wiesbaden.de\/#website","url":"https:\/\/gruene-wiesbaden.de\/","name":"DIE GR\u00dcNEN Wiesbaden","description":"","publisher":{"@id":"https:\/\/gruene-wiesbaden.de\/#organization"},"potentialAction":[{"@type":"SearchAction","target":{"@type":"EntryPoint","urlTemplate":"https:\/\/gruene-wiesbaden.de\/?s={search_term_string}"},"query-input":{"@type":"PropertyValueSpecification","valueRequired":true,"valueName":"search_term_string"}}],"inLanguage":"tr-TR"},{"@type":"Organization","@id":"https:\/\/gruene-wiesbaden.de\/#organization","name":"DIE GR\u00dcNEN Wiesbaden","url":"https:\/\/gruene-wiesbaden.de\/","logo":{"@type":"ImageObject","inLanguage":"tr-TR","@id":"https:\/\/gruene-wiesbaden.de\/#\/schema\/logo\/image\/","url":"https:\/\/gruene-wiesbaden-fuer-europa.de\/wp-content\/uploads\/2024\/04\/Machen-was-zaehlt-5.png","contentUrl":"https:\/\/gruene-wiesbaden-fuer-europa.de\/wp-content\/uploads\/2024\/04\/Machen-was-zaehlt-5.png","width":1772,"height":1772,"caption":"DIE GR\u00dcNEN Wiesbaden"},"image":{"@id":"https:\/\/gruene-wiesbaden.de\/#\/schema\/logo\/image\/"},"sameAs":["https:\/\/www.facebook.com\/gruene.wi","https:\/\/instagram.com\/gruene_wi"]},{"@type":"Person","@id":"https:\/\/gruene-wiesbaden.de\/#\/schema\/person\/6785c34779159cd4fd86886bb097afe9","name":"admin","sameAs":["http:\/\/gruene-wiesbaden-fuer-europa.de"],"url":"https:\/\/gruene-wiesbaden.de\/tr\/author\/admin\/"}]}},"_links":{"self":[{"href":"https:\/\/gruene-wiesbaden.de\/tr\/wp-json\/wp\/v2\/posts\/1351","targetHints":{"allow":["GET"]}}],"collection":[{"href":"https:\/\/gruene-wiesbaden.de\/tr\/wp-json\/wp\/v2\/posts"}],"about":[{"href":"https:\/\/gruene-wiesbaden.de\/tr\/wp-json\/wp\/v2\/types\/post"}],"author":[{"embeddable":true,"href":"https:\/\/gruene-wiesbaden.de\/tr\/wp-json\/wp\/v2\/users\/1"}],"replies":[{"embeddable":true,"href":"https:\/\/gruene-wiesbaden.de\/tr\/wp-json\/wp\/v2\/comments?post=1351"}],"version-history":[{"count":8,"href":"https:\/\/gruene-wiesbaden.de\/tr\/wp-json\/wp\/v2\/posts\/1351\/revisions"}],"predecessor-version":[{"id":2390,"href":"https:\/\/gruene-wiesbaden.de\/tr\/wp-json\/wp\/v2\/posts\/1351\/revisions\/2390"}],"wp:featuredmedia":[{"embeddable":true,"href":"https:\/\/gruene-wiesbaden.de\/tr\/wp-json\/wp\/v2\/media\/1547"}],"wp:attachment":[{"href":"https:\/\/gruene-wiesbaden.de\/tr\/wp-json\/wp\/v2\/media?parent=1351"}],"wp:term":[{"taxonomy":"category","embeddable":true,"href":"https:\/\/gruene-wiesbaden.de\/tr\/wp-json\/wp\/v2\/categories?post=1351"},{"taxonomy":"post_tag","embeddable":true,"href":"https:\/\/gruene-wiesbaden.de\/tr\/wp-json\/wp\/v2\/tags?post=1351"}],"curies":[{"name":"wp","href":"https:\/\/api.w.org\/{rel}","templated":true}]}}