{"id":1346,"date":"2025-11-10T00:04:08","date_gmt":"2025-11-09T22:04:08","guid":{"rendered":"https:\/\/gruene-wiesbaden.de\/?p=1346"},"modified":"2025-11-24T19:05:14","modified_gmt":"2025-11-24T17:05:14","slug":"praeambel-gut-leben-in-wiesbaden","status":"publish","type":"post","link":"https:\/\/gruene-wiesbaden.de\/tr\/praeambel-gut-leben-in-wiesbaden\/","title":{"rendered":"\u00d6ns\u00f6z: Wiesbaden'de iyi ya\u015famak"},"content":{"rendered":"<section class=\"l-section wpb_row height_medium with_img\"><div class=\"l-section-img\" role=\"img\" data-img-width=\"2560\" data-img-height=\"1440\" style=\"background-image: url(https:\/\/gruene-wiesbaden.de\/wp-content\/uploads\/2025\/11\/MJK_82683-3-scaled.jpg);\"><\/div><div class=\"l-section-overlay\" style=\"background:var(--color-header-top-transparent-bg)\"><\/div><div class=\"l-section-h i-cf\"><div class=\"g-cols vc_row via_grid cols_1 laptops-cols_inherit tablets-cols_inherit mobiles-cols_1 valign_top type_default stacking_default\"><div class=\"wpb_column vc_column_container\"><div class=\"vc_column-inner\"><div class=\"g-cols wpb_row us_custom_baf6e999 via_grid cols_1 laptops-cols_inherit tablets-cols_inherit mobiles-cols_1 valign_top type_boxes stacking_default\" style=\"--columns-gap:3rem;\"><div class=\"wpb_column vc_column_container\"><div class=\"vc_column-inner\"><h1 class=\"w-post-elm post_title us_custom_24a85f83 has_text_color entry-title\">\u00d6ns\u00f6z: Wiesbaden'de iyi ya\u015famak<\/h1><div class=\"w-separator size_medium\"><\/div><div class=\"wpb_text_column us_custom_8b3d6790 has_text_color\"><div class=\"wpb_wrapper\"><p><span style=\"font-weight: 400;\">Wiesbaden y\u00fcksek bir ya\u015fam kalitesi sunar  \u2047  ancak e\u015fit olmayan bir \u015fekilde da\u011f\u0131t\u0131l\u0131r. Bir\u00e7ok insan kendini g\u00fcvende hisseder, \u015fehir manzaras\u0131n\u0131n, k\u00fclt\u00fcrel \u00e7e\u015fitlili\u011fin ve do\u011faya yak\u0131nl\u0131\u011f\u0131n tad\u0131n\u0131 \u00e7\u0131kar\u0131r. Ancak trafik s\u0131k\u0131\u015f\u0131kl\u0131\u011f\u0131, ye\u015fil alan eksikli\u011fi, artan konut maliyetleri ve e\u011fitim, sa\u011fl\u0131k ve kat\u0131l\u0131mdaki e\u015fitsiz f\u0131rsatlar \u015funlar\u0131 g\u00f6steriyor: Ya\u015fam kalitesi kendili\u011finden ortaya \u00e7\u0131kmaz. Sosyal, ekolojik ve burada ya\u015fayan insanlarla birlikte tekrar tekrar tasarlanmas\u0131 gerekiyor.<\/span><\/p>\n<p><span style=\"font-weight: 400;\">Biz Ye\u015filler, ister \u015fehir merkezinde, ister banliy\u00f6lerde veya aradaki yolda olsun, t\u00fcm Wiesbadener'lerin \u015fehrimizin g\u00fc\u00e7l\u00fc y\u00f6nlerini g\u00fcnl\u00fck ya\u015famda ya\u015fayabilmelerini istiyoruz.<\/span><span style=\"font-weight: 400;\"><br \/>\n<\/span><span style=\"font-weight: 400;\">Bu ama\u00e7la, iklim koruma, sosyal g\u00fcvenlik, kentsel geli\u015fim ve hareketlili\u011fi Wiesbaden'i daha esnek, daha adil ve daha ya\u015fanabilir hale getiren bir politikada birle\u015ftiriyoruz.<\/span><\/p>\n<p><span style=\"font-weight: 400;\">\u00d6yle bir politikaya ihtiyac\u0131m\u0131z var ki<\/span><\/p>\n<ul>\n<li style=\"font-weight: 400;\" aria-level=\"1\"><span style=\"font-weight: 400;\">Ye\u015fil biyo\u00e7e\u015fitlili\u011fe a\u00e7\u0131k alanlar ve iklime dayan\u0131kl\u0131 kentsel planlama yoluyla iklim de\u011fi\u015fikli\u011finin azalt\u0131lmas\u0131n\u0131 ve adaptasyonunu te\u015fvik etmek;<\/span><\/li>\n<\/ul>\n<ul>\n<li style=\"font-weight: 400;\" aria-level=\"1\"><span style=\"font-weight: 400;\">Wiesbaden'in krizlerde g\u00fcvende kalmas\u0131 i\u00e7in sivil koruma ve genel \u00e7\u0131kar hizmetlerinin g\u00fc\u00e7lendirilmesi;<\/span><\/li>\n<\/ul>\n<ul>\n<li style=\"font-weight: 400;\" aria-level=\"1\"><span style=\"font-weight: 400;\">Biyolojik \u00e7e\u015fitlilik, sa\u011fl\u0131kl\u0131 topraklar ve s\u00fcrd\u00fcr\u00fclebilir beslenme i\u00e7in do\u011fay\u0131, tar\u0131m\u0131 ve ormanc\u0131l\u0131\u011f\u0131 korur ve te\u015fvik eder;<\/span><\/li>\n<\/ul>\n<ul>\n<li style=\"font-weight: 400;\" aria-level=\"1\"><span style=\"font-weight: 400;\">Kentsel geli\u015fim, konut ve ya\u015fam\u0131 yeniden d\u00fc\u015f\u00fcnmek  \u2047  uygun fiyatl\u0131, enerji tasarruflu, sosyal olarak kar\u0131\u015f\u0131k, \u00e7ocuk ve aile dostu;<\/span><\/li>\n<\/ul>\n<ul>\n<li style=\"font-weight: 400;\" aria-level=\"1\"><span style=\"font-weight: 400;\">yeniden d\u00fczenlenmi\u015f hareketlilik  \u2047  herkes i\u00e7in g\u00fcvenli, iklim dostu ve rahat;<\/span><\/li>\n<\/ul>\n<ul>\n<li style=\"font-weight: 400;\" aria-level=\"1\"><span style=\"font-weight: 400;\">Dijital altyap\u0131n\u0131n ve hizmetlerin geni\u015fletilmesi  \u2047  insanlara ba\u011fl\u0131 olmadan \u015fehirdeki dijital hizmetlerin ve faaliyetlerin daha iyi kullan\u0131labilirli\u011fi ve fark\u0131ndal\u0131\u011f\u0131 i\u00e7in;<\/span><\/li>\n<\/ul>\n<ul>\n<li style=\"font-weight: 400;\" aria-level=\"1\"><span style=\"font-weight: 400;\">K\u00fclt\u00fcr, sa\u011fl\u0131k ve sporun g\u00fc\u00e7lendirilmesi  \u2047  \u00e7\u00fcnk\u00fc kar\u015f\u0131la\u015fma, hareket ve yarat\u0131c\u0131l\u0131k canl\u0131 bir \u015fehrin par\u00e7as\u0131d\u0131r ve \u015fehrimizle uyum ve \u00f6zde\u015fle\u015fmeyi te\u015fvik eder.<\/span><\/li>\n<\/ul>\n<p><span style=\"font-weight: 400;\">Bu b\u00f6l\u00fcm, Wiesbaden'in Ren ve Taunus aras\u0131nda ye\u015fil, sosyal ve sa\u011fl\u0131kl\u0131 bir \u015fehir olarak ya\u015famaya ve geli\u015fmeye de\u011fer olmas\u0131n\u0131 nas\u0131l sa\u011flamak istedi\u011fimizi g\u00f6stermektedir.<\/span><\/p>\n<p>Daha fazlas\u0131n\u0131 m\u00fcmk\u00fcn k\u0131l\u0131yoruz. Wiesbaden i\u00e7in. Senin sesinle.<\/p>\n<\/div><\/div><div class=\"w-separator size_medium\"><\/div><div class=\"w-btn-wrapper align_left\"><a class=\"w-btn us-btn-style_8 icon_atleft\" href=\"https:\/\/gruene-wiesbaden.de\/tr\/kommunalwahl\/#Kapitel1\"><i class=\"fas fa-chevron-circle-right\"><\/i><span class=\"w-btn-label\">Genel bak\u0131\u015fa geri d\u00f6n<\/span><\/a><\/div><\/div><\/div><\/div><div class=\"w-separator size_medium\"><\/div><\/div><\/div><\/div><\/div><\/section>","protected":false},"excerpt":{"rendered":"\u00d6ns\u00f6z i\u00e7in: Wiesbaden'de iyi ya\u015famakWiesbaden y\u00fcksek bir ya\u015fam kalitesi sunar  \u2047  ancak e\u015fit olmayan bir \u015fekilde da\u011f\u0131t\u0131l\u0131r. Bir\u00e7ok insan kendini g\u00fcvende hisseder, \u015fehir manzaras\u0131n\u0131n, k\u00fclt\u00fcrel \u00e7e\u015fitlili\u011fin ve do\u011faya yak\u0131nl\u0131\u011f\u0131n tad\u0131n\u0131 \u00e7\u0131kar\u0131r. Ancak trafik s\u0131k\u0131\u015f\u0131kl\u0131\u011f\u0131, ye\u015fil alan eksikli\u011fi, artan konut maliyetleri ve e\u011fitim, sa\u011fl\u0131k ve kat\u0131l\u0131mdaki e\u015fitsiz f\u0131rsatlar \u015funlar\u0131 g\u00f6steriyor: Ya\u015fam kalitesi kendili\u011finden ortaya \u00e7\u0131kmaz. Tutmas\u0131 gereken...","protected":false},"author":1,"featured_media":1400,"comment_status":"closed","ping_status":"closed","sticky":false,"template":"","format":"standard","meta":{"footnotes":""},"categories":[17],"tags":[],"class_list":["post-1346","post","type-post","status-publish","format-standard","has-post-thumbnail","hentry","category-kapitel-1-praeambel"],"yoast_head":"<!-- This site is optimized with the Yoast SEO plugin v27.5 - https:\/\/yoast.com\/product\/yoast-seo-wordpress\/ -->\n<title>Pr\u00e4ambel: Gut leben in Wiesbaden - B\u00dcNDNIS 90\/DIE GR\u00dcNEN Wiesbaden<\/title>\n<meta name=\"robots\" content=\"index, follow, max-snippet:-1, max-image-preview:large, max-video-preview:-1\" \/>\n<link rel=\"canonical\" href=\"https:\/\/gruene-wiesbaden.de\/tr\/praeambel-gut-leben-in-wiesbaden\/\" \/>\n<meta property=\"og:locale\" content=\"tr_TR\" \/>\n<meta property=\"og:type\" content=\"article\" \/>\n<meta property=\"og:title\" content=\"Pr\u00e4ambel: Gut leben in Wiesbaden - B\u00dcNDNIS 90\/DIE GR\u00dcNEN Wiesbaden\" \/>\n<meta property=\"og:url\" content=\"https:\/\/gruene-wiesbaden.de\/tr\/praeambel-gut-leben-in-wiesbaden\/\" \/>\n<meta property=\"og:site_name\" content=\"B\u00dcNDNIS 90\/DIE GR\u00dcNEN Wiesbaden\" \/>\n<meta property=\"article:publisher\" content=\"https:\/\/www.facebook.com\/gruene.wi\" \/>\n<meta property=\"article:published_time\" content=\"2025-11-09T22:04:08+00:00\" \/>\n<meta property=\"article:modified_time\" content=\"2025-11-24T17:05:14+00:00\" \/>\n<meta property=\"og:image\" content=\"https:\/\/gruene-wiesbaden.de\/wp-content\/uploads\/2025\/11\/MJK_82683-3-scaled.jpg\" \/>\n\t<meta property=\"og:image:width\" content=\"2560\" \/>\n\t<meta property=\"og:image:height\" content=\"1440\" \/>\n\t<meta property=\"og:image:type\" content=\"image\/jpeg\" \/>\n<meta name=\"author\" content=\"admin\" \/>\n<meta name=\"twitter:card\" content=\"summary_large_image\" \/>\n<meta name=\"twitter:label1\" content=\"Yazan:\" \/>\n\t<meta name=\"twitter:data1\" content=\"admin\" \/>\n\t<meta name=\"twitter:label2\" content=\"Tahmini okuma s\u00fcresi\" \/>\n\t<meta name=\"twitter:data2\" content=\"2 minutes\" \/>\n<script type=\"application\/ld+json\" class=\"yoast-schema-graph\">{\"@context\":\"https:\\\/\\\/schema.org\",\"@graph\":[{\"@type\":\"Article\",\"@id\":\"https:\\\/\\\/gruene-wiesbaden.de\\\/praeambel-gut-leben-in-wiesbaden\\\/#article\",\"isPartOf\":{\"@id\":\"https:\\\/\\\/gruene-wiesbaden.de\\\/praeambel-gut-leben-in-wiesbaden\\\/\"},\"author\":{\"name\":\"admin\",\"@id\":\"https:\\\/\\\/gruene-wiesbaden.de\\\/#\\\/schema\\\/person\\\/6785c34779159cd4fd86886bb097afe9\"},\"headline\":\"Pr\u00e4ambel: Gut leben in Wiesbaden\",\"datePublished\":\"2025-11-09T22:04:08+00:00\",\"dateModified\":\"2025-11-24T17:05:14+00:00\",\"mainEntityOfPage\":{\"@id\":\"https:\\\/\\\/gruene-wiesbaden.de\\\/praeambel-gut-leben-in-wiesbaden\\\/\"},\"wordCount\":427,\"publisher\":{\"@id\":\"https:\\\/\\\/gruene-wiesbaden.de\\\/#organization\"},\"image\":{\"@id\":\"https:\\\/\\\/gruene-wiesbaden.de\\\/praeambel-gut-leben-in-wiesbaden\\\/#primaryimage\"},\"thumbnailUrl\":\"https:\\\/\\\/gruene-wiesbaden.de\\\/wp-content\\\/uploads\\\/2025\\\/11\\\/MJK_82683-3-scaled.jpg\",\"articleSection\":[\"Kapitel 1 Pr\u00e4ambel\"],\"inLanguage\":\"tr-TR\"},{\"@type\":\"WebPage\",\"@id\":\"https:\\\/\\\/gruene-wiesbaden.de\\\/praeambel-gut-leben-in-wiesbaden\\\/\",\"url\":\"https:\\\/\\\/gruene-wiesbaden.de\\\/praeambel-gut-leben-in-wiesbaden\\\/\",\"name\":\"Pr\u00e4ambel: Gut leben in Wiesbaden - B\u00dcNDNIS 90\\\/DIE GR\u00dcNEN Wiesbaden\",\"isPartOf\":{\"@id\":\"https:\\\/\\\/gruene-wiesbaden.de\\\/#website\"},\"primaryImageOfPage\":{\"@id\":\"https:\\\/\\\/gruene-wiesbaden.de\\\/praeambel-gut-leben-in-wiesbaden\\\/#primaryimage\"},\"image\":{\"@id\":\"https:\\\/\\\/gruene-wiesbaden.de\\\/praeambel-gut-leben-in-wiesbaden\\\/#primaryimage\"},\"thumbnailUrl\":\"https:\\\/\\\/gruene-wiesbaden.de\\\/wp-content\\\/uploads\\\/2025\\\/11\\\/MJK_82683-3-scaled.jpg\",\"datePublished\":\"2025-11-09T22:04:08+00:00\",\"dateModified\":\"2025-11-24T17:05:14+00:00\",\"breadcrumb\":{\"@id\":\"https:\\\/\\\/gruene-wiesbaden.de\\\/praeambel-gut-leben-in-wiesbaden\\\/#breadcrumb\"},\"inLanguage\":\"tr-TR\",\"potentialAction\":[{\"@type\":\"ReadAction\",\"target\":[\"https:\\\/\\\/gruene-wiesbaden.de\\\/praeambel-gut-leben-in-wiesbaden\\\/\"]}]},{\"@type\":\"ImageObject\",\"inLanguage\":\"tr-TR\",\"@id\":\"https:\\\/\\\/gruene-wiesbaden.de\\\/praeambel-gut-leben-in-wiesbaden\\\/#primaryimage\",\"url\":\"https:\\\/\\\/gruene-wiesbaden.de\\\/wp-content\\\/uploads\\\/2025\\\/11\\\/MJK_82683-3-scaled.jpg\",\"contentUrl\":\"https:\\\/\\\/gruene-wiesbaden.de\\\/wp-content\\\/uploads\\\/2025\\\/11\\\/MJK_82683-3-scaled.jpg\",\"width\":2560,\"height\":1440},{\"@type\":\"BreadcrumbList\",\"@id\":\"https:\\\/\\\/gruene-wiesbaden.de\\\/praeambel-gut-leben-in-wiesbaden\\\/#breadcrumb\",\"itemListElement\":[{\"@type\":\"ListItem\",\"position\":1,\"name\":\"Startseite\",\"item\":\"https:\\\/\\\/gruene-wiesbaden.de\\\/\"},{\"@type\":\"ListItem\",\"position\":2,\"name\":\"Pr\u00e4ambel: Gut leben in Wiesbaden\"}]},{\"@type\":\"WebSite\",\"@id\":\"https:\\\/\\\/gruene-wiesbaden.de\\\/#website\",\"url\":\"https:\\\/\\\/gruene-wiesbaden.de\\\/\",\"name\":\"DIE GR\u00dcNEN Wiesbaden\",\"description\":\"\",\"publisher\":{\"@id\":\"https:\\\/\\\/gruene-wiesbaden.de\\\/#organization\"},\"potentialAction\":[{\"@type\":\"SearchAction\",\"target\":{\"@type\":\"EntryPoint\",\"urlTemplate\":\"https:\\\/\\\/gruene-wiesbaden.de\\\/?s={search_term_string}\"},\"query-input\":{\"@type\":\"PropertyValueSpecification\",\"valueRequired\":true,\"valueName\":\"search_term_string\"}}],\"inLanguage\":\"tr-TR\"},{\"@type\":\"Organization\",\"@id\":\"https:\\\/\\\/gruene-wiesbaden.de\\\/#organization\",\"name\":\"DIE GR\u00dcNEN Wiesbaden\",\"url\":\"https:\\\/\\\/gruene-wiesbaden.de\\\/\",\"logo\":{\"@type\":\"ImageObject\",\"inLanguage\":\"tr-TR\",\"@id\":\"https:\\\/\\\/gruene-wiesbaden.de\\\/#\\\/schema\\\/logo\\\/image\\\/\",\"url\":\"https:\\\/\\\/gruene-wiesbaden-fuer-europa.de\\\/wp-content\\\/uploads\\\/2024\\\/04\\\/Machen-was-zaehlt-5.png\",\"contentUrl\":\"https:\\\/\\\/gruene-wiesbaden-fuer-europa.de\\\/wp-content\\\/uploads\\\/2024\\\/04\\\/Machen-was-zaehlt-5.png\",\"width\":1772,\"height\":1772,\"caption\":\"DIE GR\u00dcNEN Wiesbaden\"},\"image\":{\"@id\":\"https:\\\/\\\/gruene-wiesbaden.de\\\/#\\\/schema\\\/logo\\\/image\\\/\"},\"sameAs\":[\"https:\\\/\\\/www.facebook.com\\\/gruene.wi\",\"https:\\\/\\\/instagram.com\\\/gruene_wi\"]},{\"@type\":\"Person\",\"@id\":\"https:\\\/\\\/gruene-wiesbaden.de\\\/#\\\/schema\\\/person\\\/6785c34779159cd4fd86886bb097afe9\",\"name\":\"admin\",\"sameAs\":[\"http:\\\/\\\/gruene-wiesbaden-fuer-europa.de\"],\"url\":\"https:\\\/\\\/gruene-wiesbaden.de\\\/tr\\\/author\\\/admin\\\/\"}]}<\/script>\n<!-- \/ Yoast SEO plugin. -->","yoast_head_json":{"title":"Pr\u00e4ambel: Gut leben in Wiesbaden - B\u00dcNDNIS 90\/DIE GR\u00dcNEN Wiesbaden","robots":{"index":"index","follow":"follow","max-snippet":"max-snippet:-1","max-image-preview":"max-image-preview:large","max-video-preview":"max-video-preview:-1"},"canonical":"https:\/\/gruene-wiesbaden.de\/tr\/praeambel-gut-leben-in-wiesbaden\/","og_locale":"tr_TR","og_type":"article","og_title":"Pr\u00e4ambel: Gut leben in Wiesbaden - B\u00dcNDNIS 90\/DIE GR\u00dcNEN Wiesbaden","og_url":"https:\/\/gruene-wiesbaden.de\/tr\/praeambel-gut-leben-in-wiesbaden\/","og_site_name":"B\u00dcNDNIS 90\/DIE GR\u00dcNEN Wiesbaden","article_publisher":"https:\/\/www.facebook.com\/gruene.wi","article_published_time":"2025-11-09T22:04:08+00:00","article_modified_time":"2025-11-24T17:05:14+00:00","og_image":[{"width":2560,"height":1440,"url":"https:\/\/gruene-wiesbaden.de\/wp-content\/uploads\/2025\/11\/MJK_82683-3-scaled.jpg","type":"image\/jpeg"}],"author":"admin","twitter_card":"summary_large_image","twitter_misc":{"Yazan:":"admin","Tahmini okuma s\u00fcresi":"2 minutes"},"schema":{"@context":"https:\/\/schema.org","@graph":[{"@type":"Article","@id":"https:\/\/gruene-wiesbaden.de\/praeambel-gut-leben-in-wiesbaden\/#article","isPartOf":{"@id":"https:\/\/gruene-wiesbaden.de\/praeambel-gut-leben-in-wiesbaden\/"},"author":{"name":"admin","@id":"https:\/\/gruene-wiesbaden.de\/#\/schema\/person\/6785c34779159cd4fd86886bb097afe9"},"headline":"Pr\u00e4ambel: Gut leben in Wiesbaden","datePublished":"2025-11-09T22:04:08+00:00","dateModified":"2025-11-24T17:05:14+00:00","mainEntityOfPage":{"@id":"https:\/\/gruene-wiesbaden.de\/praeambel-gut-leben-in-wiesbaden\/"},"wordCount":427,"publisher":{"@id":"https:\/\/gruene-wiesbaden.de\/#organization"},"image":{"@id":"https:\/\/gruene-wiesbaden.de\/praeambel-gut-leben-in-wiesbaden\/#primaryimage"},"thumbnailUrl":"https:\/\/gruene-wiesbaden.de\/wp-content\/uploads\/2025\/11\/MJK_82683-3-scaled.jpg","articleSection":["Kapitel 1 Pr\u00e4ambel"],"inLanguage":"tr-TR"},{"@type":"WebPage","@id":"https:\/\/gruene-wiesbaden.de\/praeambel-gut-leben-in-wiesbaden\/","url":"https:\/\/gruene-wiesbaden.de\/praeambel-gut-leben-in-wiesbaden\/","name":"Pr\u00e4ambel: Gut leben in Wiesbaden - B\u00dcNDNIS 90\/DIE GR\u00dcNEN Wiesbaden","isPartOf":{"@id":"https:\/\/gruene-wiesbaden.de\/#website"},"primaryImageOfPage":{"@id":"https:\/\/gruene-wiesbaden.de\/praeambel-gut-leben-in-wiesbaden\/#primaryimage"},"image":{"@id":"https:\/\/gruene-wiesbaden.de\/praeambel-gut-leben-in-wiesbaden\/#primaryimage"},"thumbnailUrl":"https:\/\/gruene-wiesbaden.de\/wp-content\/uploads\/2025\/11\/MJK_82683-3-scaled.jpg","datePublished":"2025-11-09T22:04:08+00:00","dateModified":"2025-11-24T17:05:14+00:00","breadcrumb":{"@id":"https:\/\/gruene-wiesbaden.de\/praeambel-gut-leben-in-wiesbaden\/#breadcrumb"},"inLanguage":"tr-TR","potentialAction":[{"@type":"ReadAction","target":["https:\/\/gruene-wiesbaden.de\/praeambel-gut-leben-in-wiesbaden\/"]}]},{"@type":"ImageObject","inLanguage":"tr-TR","@id":"https:\/\/gruene-wiesbaden.de\/praeambel-gut-leben-in-wiesbaden\/#primaryimage","url":"https:\/\/gruene-wiesbaden.de\/wp-content\/uploads\/2025\/11\/MJK_82683-3-scaled.jpg","contentUrl":"https:\/\/gruene-wiesbaden.de\/wp-content\/uploads\/2025\/11\/MJK_82683-3-scaled.jpg","width":2560,"height":1440},{"@type":"BreadcrumbList","@id":"https:\/\/gruene-wiesbaden.de\/praeambel-gut-leben-in-wiesbaden\/#breadcrumb","itemListElement":[{"@type":"ListItem","position":1,"name":"Startseite","item":"https:\/\/gruene-wiesbaden.de\/"},{"@type":"ListItem","position":2,"name":"Pr\u00e4ambel: Gut leben in Wiesbaden"}]},{"@type":"WebSite","@id":"https:\/\/gruene-wiesbaden.de\/#website","url":"https:\/\/gruene-wiesbaden.de\/","name":"DIE GR\u00dcNEN Wiesbaden","description":"","publisher":{"@id":"https:\/\/gruene-wiesbaden.de\/#organization"},"potentialAction":[{"@type":"SearchAction","target":{"@type":"EntryPoint","urlTemplate":"https:\/\/gruene-wiesbaden.de\/?s={search_term_string}"},"query-input":{"@type":"PropertyValueSpecification","valueRequired":true,"valueName":"search_term_string"}}],"inLanguage":"tr-TR"},{"@type":"Organization","@id":"https:\/\/gruene-wiesbaden.de\/#organization","name":"DIE GR\u00dcNEN Wiesbaden","url":"https:\/\/gruene-wiesbaden.de\/","logo":{"@type":"ImageObject","inLanguage":"tr-TR","@id":"https:\/\/gruene-wiesbaden.de\/#\/schema\/logo\/image\/","url":"https:\/\/gruene-wiesbaden-fuer-europa.de\/wp-content\/uploads\/2024\/04\/Machen-was-zaehlt-5.png","contentUrl":"https:\/\/gruene-wiesbaden-fuer-europa.de\/wp-content\/uploads\/2024\/04\/Machen-was-zaehlt-5.png","width":1772,"height":1772,"caption":"DIE GR\u00dcNEN Wiesbaden"},"image":{"@id":"https:\/\/gruene-wiesbaden.de\/#\/schema\/logo\/image\/"},"sameAs":["https:\/\/www.facebook.com\/gruene.wi","https:\/\/instagram.com\/gruene_wi"]},{"@type":"Person","@id":"https:\/\/gruene-wiesbaden.de\/#\/schema\/person\/6785c34779159cd4fd86886bb097afe9","name":"admin","sameAs":["http:\/\/gruene-wiesbaden-fuer-europa.de"],"url":"https:\/\/gruene-wiesbaden.de\/tr\/author\/admin\/"}]}},"_links":{"self":[{"href":"https:\/\/gruene-wiesbaden.de\/tr\/wp-json\/wp\/v2\/posts\/1346","targetHints":{"allow":["GET"]}}],"collection":[{"href":"https:\/\/gruene-wiesbaden.de\/tr\/wp-json\/wp\/v2\/posts"}],"about":[{"href":"https:\/\/gruene-wiesbaden.de\/tr\/wp-json\/wp\/v2\/types\/post"}],"author":[{"embeddable":true,"href":"https:\/\/gruene-wiesbaden.de\/tr\/wp-json\/wp\/v2\/users\/1"}],"replies":[{"embeddable":true,"href":"https:\/\/gruene-wiesbaden.de\/tr\/wp-json\/wp\/v2\/comments?post=1346"}],"version-history":[{"count":7,"href":"https:\/\/gruene-wiesbaden.de\/tr\/wp-json\/wp\/v2\/posts\/1346\/revisions"}],"predecessor-version":[{"id":1589,"href":"https:\/\/gruene-wiesbaden.de\/tr\/wp-json\/wp\/v2\/posts\/1346\/revisions\/1589"}],"wp:featuredmedia":[{"embeddable":true,"href":"https:\/\/gruene-wiesbaden.de\/tr\/wp-json\/wp\/v2\/media\/1400"}],"wp:attachment":[{"href":"https:\/\/gruene-wiesbaden.de\/tr\/wp-json\/wp\/v2\/media?parent=1346"}],"wp:term":[{"taxonomy":"category","embeddable":true,"href":"https:\/\/gruene-wiesbaden.de\/tr\/wp-json\/wp\/v2\/categories?post=1346"},{"taxonomy":"post_tag","embeddable":true,"href":"https:\/\/gruene-wiesbaden.de\/tr\/wp-json\/wp\/v2\/tags?post=1346"}],"curies":[{"name":"wp","href":"https:\/\/api.w.org\/{rel}","templated":true}]}}