{"id":1337,"date":"2025-11-09T23:50:07","date_gmt":"2025-11-09T21:50:07","guid":{"rendered":"https:\/\/gruene-wiesbaden.de\/?p=1337"},"modified":"2026-04-09T00:18:22","modified_gmt":"2026-04-08T22:18:22","slug":"kultur","status":"publish","type":"post","link":"https:\/\/gruene-wiesbaden.de\/tr\/kultur\/","title":{"rendered":"Kategori: K\u00fclt\u00fcr"},"content":{"rendered":"<section class=\"l-section wpb_row height_medium with_img\"><div class=\"l-section-img\" role=\"img\" data-img-width=\"1080\" data-img-height=\"800\" style=\"background-image: url(https:\/\/gruene-wiesbaden.de\/wp-content\/uploads\/2025\/11\/neuer-Verlauf-gruene-wiesbaden.de_-2-e1762709402177.png);\"><\/div><div class=\"l-section-overlay\" style=\"background:var(--color-header-top-transparent-bg)\"><\/div><div class=\"l-section-h i-cf\"><div class=\"g-cols vc_row via_grid cols_1 laptops-cols_inherit tablets-cols_inherit mobiles-cols_1 valign_top type_default stacking_default\"><div class=\"wpb_column vc_column_container\"><div class=\"vc_column-inner\"><h1 class=\"w-post-elm post_title us_custom_a574d586 has_text_color entry-title\">Kategori: K\u00fclt\u00fcr<\/h1><div class=\"w-separator size_medium\"><\/div><div class=\"g-cols wpb_row via_grid cols_2-1 laptops-cols_inherit tablets-cols_inherit mobiles-cols_1 valign_top type_default stacking_default\" style=\"--columns-gap:3rem;\"><div class=\"wpb_column vc_column_container\"><div class=\"vc_column-inner\"><div class=\"wpb_text_column us_custom_8b3d6790 has_text_color\"><div class=\"wpb_wrapper\"><p><span style=\"font-weight: 400;\">K\u00fclt\u00fcr var, ama \u00e7ok daha fazlas\u0131 var: \u00c7e\u015fitli teklifleri, kar\u015f\u0131la\u015fmalar i\u00e7in f\u0131rsatlar yarat\u0131r, yeni bak\u0131\u015f a\u00e7\u0131lar\u0131 a\u00e7ar ve g\u00fcnl\u00fck ya\u015famda y\u00f6nelim sa\u011flar. Santrif\u00fcj kuvvetleri, ki\u015fisel geli\u015fim ve sosyal uyum \u00fczerinde olumlu bir etkiye sahiptir. Bu nedenle k\u00fclt\u00fcrel kat\u0131l\u0131m, \u0130nsan Haklar\u0131 Evrensel Beyannamesi ve BM Engelli Haklar\u0131 S\u00f6zle\u015fmesi'nde yer alan bir insan hakk\u0131d\u0131r.<\/span><\/p>\n<p><span style=\"font-weight: 400;\">Sanat ve k\u00fclt\u00fcr \u00f6zg\u00fcrl\u00fc\u011f\u00fcn \u00e7ocuklar\u0131d\u0131r. Geli\u015fmek ve geli\u015fmek i\u00e7in, Wiesbaden'in k\u00fclt\u00fcrel manzaras\u0131 \u00e7e\u015fitlili\u011fi i\u00e7inde korunmal\u0131 ve herhangi bir siyasi etkiye kar\u015f\u0131 korunmal\u0131d\u0131r.<\/span><\/p>\n<\/div><\/div><div class=\"w-separator size_medium\"><\/div><div class=\"w-btn-wrapper align_left\"><a class=\"w-btn us-btn-style_8 icon_atleft\" href=\"https:\/\/gruene-wiesbaden.de\/tr\/kommunalwahl\/#Kapitel1\"><i class=\"fas fa-chevron-circle-right\"><\/i><span class=\"w-btn-label\">Genel bak\u0131\u015fa geri d\u00f6n<\/span><\/a><\/div><\/div><\/div><div class=\"wpb_column vc_column_container\"><div class=\"vc_column-inner\"><div class=\"w-image align_center\"><div class=\"w-image-h\"><img decoding=\"async\" width=\"2560\" height=\"1708\" src=\"https:\/\/gruene-wiesbaden.de\/wp-content\/uploads\/2025\/11\/1.10-Kultur-scaled.jpeg\" class=\"attachment-full size-full\" alt=\"\" loading=\"lazy\" srcset=\"https:\/\/gruene-wiesbaden.de\/wp-content\/uploads\/2025\/11\/1.10-Kultur-scaled.jpeg 2560w, https:\/\/gruene-wiesbaden.de\/wp-content\/uploads\/2025\/11\/1.10-Kultur-400x267.jpeg 400w, https:\/\/gruene-wiesbaden.de\/wp-content\/uploads\/2025\/11\/1.10-Kultur-600x400.jpeg 600w\" sizes=\"auto, (max-width: 2560px) 100vw, 2560px\" \/><\/div><\/div><div class=\"w-separator size_small\"><\/div><\/div><\/div><\/div><div class=\"w-separator size_medium\"><\/div><div class=\"w-separator size_medium\"><\/div><div class=\"wpb_text_column\"><div class=\"wpb_wrapper\"><h1>S\u00fcrd\u00fcr\u00fclebilir tar\u0131m ve ormanc\u0131l\u0131k bizim i\u00e7in ne anlama geliyor?<\/h1>\n<\/div><\/div><div class=\"w-separator size_large\"><\/div><div class=\"g-cols wpb_row via_grid cols_3 laptops-cols_inherit tablets-cols_inherit mobiles-cols_1 valign_top type_default stacking_default\" style=\"--columns-gap:3rem;\"><div class=\"wpb_column vc_column_container\"><div class=\"vc_column-inner\"><div class=\"w-iconbox us_custom_8b3d6790 has_text_color iconpos_left style_default color_custom align_left\"><div class=\"w-iconbox-icon\" style=\"font-size:2rem;--icon-color:#Ffffff;--icon-bg-color:var(--color-header-middle-bg);\"><i class=\"fas fa-layer-group\"><\/i><\/div><div class=\"w-iconbox-meta\"><h4 class=\"w-iconbox-title\" style=\"font-size:1.5rem;\">K\u00fclt\u00fcr\u00fcn te\u015fviki demokrasinin korunmas\u0131d\u0131r<\/h4><div class=\"w-iconbox-text\"><p><span style=\"font-weight: 400;\">K\u00fclt\u00fcr e\u011flenceden daha fazlas\u0131d\u0131r. Kar\u015f\u0131la\u015fmalar\u0131 te\u015fvik eder, yans\u0131may\u0131 te\u015fvik eder ve demokratik birlikteli\u011fimizi g\u00fc\u00e7lendirir. K\u00fclt\u00fcr farkl\u0131 sesler ve ya\u015fam tarzlar\u0131 g\u00f6sterir ve onlar\u0131 somut hale getirir. \u00c7e\u015fitlilik ve kapsay\u0131c\u0131l\u0131k burada ya\u015fan\u0131yor, sa\u011fl\u0131k ve sosyal uyum te\u015fvik ediliyor.<\/span><\/p>\n<p><span style=\"font-weight: 400;\">Bu nedenle k\u00fclt\u00fcr, a\u00e7\u0131k ve demokratik bir toplumun temel dire\u011fidir.<\/span><\/p>\n<p><br style=\"font-weight: 400;\" \/><br style=\"font-weight: 400;\" \/><\/p>\n<\/div><\/div><\/div><\/div><\/div><div class=\"wpb_column vc_column_container\"><div class=\"vc_column-inner\"><div class=\"w-iconbox us_custom_8b3d6790 has_text_color iconpos_left style_default color_custom align_left\"><div class=\"w-iconbox-icon\" style=\"font-size:2rem;--icon-color:#Ffffff;--icon-bg-color:var(--color-header-transparent-text);\"><i class=\"fas fa-layer-group\"><\/i><\/div><div class=\"w-iconbox-meta\"><h4 class=\"w-iconbox-title\" style=\"font-size:1.5rem;\">K\u00fclt\u00fcr bir konum fakt\u00f6r\u00fcd\u00fcr<\/h4><div class=\"w-iconbox-text\"><p><span style=\"font-weight: 400;\">Cazip bir k\u00fclt\u00fcrel teklif, Wiesbaden'in turizmini g\u00fc\u00e7lendirir ve i\u015f yerle\u015fimleri, kalifiye i\u015f\u00e7i ve \u00f6\u011frenci ak\u0131n\u0131 i\u00e7in cazibeyi artt\u0131r\u0131r ve insanlar\u0131 \u015fehrimize ba\u011flar.<\/span><\/p>\n<\/div><\/div><\/div><\/div><\/div><div class=\"wpb_column vc_column_container\"><div class=\"vc_column-inner\"><div class=\"w-iconbox us_custom_8b3d6790 has_text_color iconpos_left style_default color_custom align_left\"><div class=\"w-iconbox-icon\" style=\"font-size:2rem;--icon-color:#Ffffff;--icon-bg-color:var(--color-header-transparent-text);\"><i class=\"fas fa-layer-group\"><\/i><\/div><div class=\"w-iconbox-meta\"><h4 class=\"w-iconbox-title\" style=\"font-size:1.5rem;\">Bir geli\u015ftirme motoru olarak k\u00fclt\u00fcr<\/h4><div class=\"w-iconbox-text\"><p><span style=\"font-weight: 400;\">K\u00fclt\u00fcr s\u0131n\u0131rlar\u0131 ara\u015ft\u0131r\u0131r ve sosyal s\u00fcre\u00e7lere ele\u015ftirel bir \u015fekilde e\u015flik eder. Yal\u0131yor, rahats\u0131z ve tabular\u0131 y\u0131k\u0131yor. K\u00fclt\u00fcr, demokrasinin uygulanabilece\u011fi ve m\u00fczakere s\u00fcre\u00e7lerinin ya\u015fanabilece\u011fi deneysel bir aland\u0131r. Bu nedenle k\u00fclt\u00fcr, demokratik bir toplumun gelece\u011fe y\u00f6nelik daha da geli\u015fmesi i\u00e7in vazge\u00e7ilmez bir itici g\u00fc\u00e7t\u00fcr.<\/span><\/p>\n<\/div><\/div><\/div><\/div><\/div><\/div><div class=\"w-separator size_medium\"><\/div><div class=\"g-cols wpb_row via_grid cols_1-2 laptops-cols_inherit tablets-cols_inherit mobiles-cols_1 valign_top type_default stacking_default\" style=\"--columns-gap:3rem;\"><div class=\"wpb_column vc_column_container\"><div class=\"vc_column-inner\"><div class=\"w-iconbox us_custom_8b3d6790 has_text_color iconpos_left style_default color_custom align_left\"><div class=\"w-iconbox-icon\" style=\"font-size:2rem;--icon-color:#Ffffff;--icon-bg-color:var(--color-header-middle-bg);\"><i class=\"fas fa-layer-group\"><\/i><\/div><div class=\"w-iconbox-meta\"><h4 class=\"w-iconbox-title\" style=\"font-size:1.5rem;\">K\u00fclt\u00fcr \u00f6zg\u00fcrl\u00fck yarat\u0131r<\/h4><div class=\"w-iconbox-text\"><p><span style=\"font-weight: 400;\">K\u00fclt\u00fcrel kat\u0131l\u0131m, sahip olunmas\u0131 g\u00fczel bir \u015fey de\u011fil, bir insan hakk\u0131d\u0131r. K\u00fclt\u00fcr ilham verir ve d\u00fc\u015f\u00fcnmeyi te\u015fvik eder. K\u00fclt\u00fcrel e\u011fitim ufku geni\u015fletir, ho\u015fg\u00f6r\u00fcy\u00fc ve \u00f6z yeterlili\u011fi g\u00fc\u00e7lendirir. K\u00fclt\u00fcrel alanlar, ki\u015finin kendi kimli\u011finin geli\u015fimini te\u015fvik etmek i\u00e7in g\u00fcvenli alanlar sa\u011flar. K\u00fclt\u00fcr, ger\u00e7ek bir payla\u015f\u0131lan deneyim sunar ve b\u00f6lmek yerine birlikte yol a\u00e7ar.<\/span><\/p>\n<p><br style=\"font-weight: 400;\" \/><br style=\"font-weight: 400;\" \/><\/p>\n<\/div><\/div><\/div><\/div><\/div><div class=\"wpb_column vc_column_container\"><div class=\"vc_column-inner\"><div class=\"w-iconbox us_custom_8b3d6790 has_text_color iconpos_left style_default color_custom align_left\"><div class=\"w-iconbox-icon\" style=\"font-size:2rem;--icon-color:#Ffffff;--icon-bg-color:var(--color-header-transparent-text);\"><i class=\"fas fa-layer-group\"><\/i><\/div><div class=\"w-iconbox-meta\"><h4 class=\"w-iconbox-title\" style=\"font-size:1.5rem;\">K\u00fclt\u00fcr kentsel geli\u015fimdir<\/h4><div class=\"w-iconbox-text\"><p><span style=\"font-weight: 400;\">Wiesbaden'de de b\u00fcy\u00fcyen \u00e7evrimi\u00e7i ticaret iz b\u0131rak\u0131yor. Bo\u015fluk b\u00fcy\u00fcyor. \u00d6zel ma\u011fazalar ve hatta b\u00fcy\u00fck ma\u011fazalar bile s\u0131k\u0131nt\u0131da. Iss\u0131z bir \u015fehir merkezi sadece \u00e7ekici de\u011fil, ayn\u0131 zamanda ger\u00e7ek ya da hissedilen belirsizlik de orada h\u0131zla bir sorun haline geliyor.<\/span><\/p>\n<p><span style=\"font-weight: 400;\">\u015eehrimizin yarat\u0131c\u0131 ve k\u00fclt\u00fcrel potansiyeli burada k\u00f6pr\u00fcler kurabilir: Bo\u015fluk kullan\u0131m\u0131, \u00fc\u00e7\u00fcnc\u00fc mekanlar\u0131n yarat\u0131lmas\u0131, meydanlar\u0131n etkinliklerle yeniden canland\u0131r\u0131lmas\u0131 ve kul\u00fcplerin ve gastronominin kurulmas\u0131, \u015fehir merkezinin \u00e7ekicili\u011fini art\u0131ran yeni kar\u015f\u0131la\u015fma yerleri yaratmaktad\u0131r.<\/span><\/p>\n<p><br style=\"font-weight: 400;\" \/><br style=\"font-weight: 400;\" \/><\/p>\n<\/div><\/div><\/div><\/div><\/div><\/div><div class=\"w-separator size_medium\"><\/div><div class=\"w-btn-wrapper align_left\"><a class=\"w-btn us-btn-style_8 icon_atleft\" href=\"https:\/\/gruene-wiesbaden.de\/tr\/kommunalwahl\/#Kapitel1\"><i class=\"fas fa-chevron-circle-right\"><\/i><span class=\"w-btn-label\">Genel bak\u0131\u015fa geri d\u00f6n<\/span><\/a><\/div><div class=\"w-separator size_medium\"><\/div><\/div><\/div><\/div><\/div><\/section><section class=\"l-section wpb_row height_auto with_img\"><div class=\"l-section-img\" role=\"img\" data-img-width=\"2560\" data-img-height=\"1708\" style=\"background-image: url(https:\/\/gruene-wiesbaden.de\/wp-content\/uploads\/2025\/11\/1.10-Kultur-scaled.jpeg);background-repeat: no-repeat;\"><\/div><div class=\"l-section-overlay\" style=\"background:var(--color-header-top-transparent-bg)\"><\/div><div class=\"l-section-h i-cf\"><div class=\"g-cols vc_row via_grid cols_1 laptops-cols_inherit tablets-cols_inherit mobiles-cols_1 valign_middle type_default stacking_default\" style=\"--columns-gap:1rem;\"><div class=\"wpb_column vc_column_container\"><div class=\"vc_column-inner\"><div class=\"w-separator size_large\"><\/div><div class=\"wpb_text_column background_inside_text\"><div class=\"wpb_wrapper\"><h1>\u00d6zellikle bu alanda yapmak istediklerimiz<\/h1>\n<\/div><\/div><div class=\"w-separator size_medium\"><\/div><div class=\"w-tabs us_custom_42d693a0 has_text_color style_default switch_click accordion has_scrolling\" style=\"--sections-title-size:1.4rem\"><div class=\"w-tabs-sections titles-align_none icon_chevron cpos_right\"><div class=\"w-tabs-section has_text_color\" id=\"ffc8\" style=\"background:var(--color-header-transparent-text);color:var(--color-header-top-text-hover);\"><button class=\"w-tabs-section-header\" aria-controls=\"content-ffc8\" aria-expanded=\"false\"><div class=\"w-tabs-section-title\">K\u00fclt\u00fcr\u00fcn alana ihtiyac\u0131 var<\/div><div class=\"w-tabs-section-control\"><\/div><\/button><div  class=\"w-tabs-section-content\" id=\"content-ffc8\"><div class=\"w-tabs-section-content-h i-cf\"><div class=\"wpb_text_column\"><div class=\"wpb_wrapper\"><p><span style=\"font-weight: 400;\">K\u00fcnstlerhaus43, VHS, Stadtmuseum, Kreativfabrik, KONTEXT veya Tanzhaus  \u2047  hepsi \u00f6zellikle birle\u015fmi\u015ftir: K\u00fclt\u00fcr\u00fcn alanlara, envanter korumas\u0131na ve net bak\u0131\u015f a\u00e7\u0131lar\u0131na ihtiyac\u0131 vard\u0131r. Bu nedenle, bo\u015flu\u011fun yeniden kullan\u0131lmas\u0131, KULTurCAMPu'nun daha da geli\u015ftirilmesi ve WALHALLA gibi yeni \u00fc\u00e7\u00fcnc\u00fc yerlerin ortaya \u00e7\u0131kmas\u0131 yoluyla k\u00fclt\u00fcrel kentsel geli\u015fimi destekliyoruz.<\/span><\/p>\n<\/div><\/div><\/div><\/div><\/div><div class=\"w-tabs-section has_text_color\" id=\"h0e4\" style=\"background:var(--color-header-transparent-text);color:var(--color-header-top-text-hover);\"><button class=\"w-tabs-section-header\" aria-controls=\"content-h0e4\" aria-expanded=\"false\"><div class=\"w-tabs-section-title\">K\u00fclt\u00fcr\u00fc s\u00fcrd\u00fcr\u00fclebilir k\u0131lmak<\/div><div class=\"w-tabs-section-control\"><\/div><\/button><div  class=\"w-tabs-section-content\" id=\"content-h0e4\"><div class=\"w-tabs-section-content-h i-cf\"><div class=\"wpb_text_column\"><div class=\"wpb_wrapper\"><p><span style=\"font-weight: 400;\">\u00c7evresel ve sosyal s\u00fcrd\u00fcr\u00fclebilirlik de k\u00fclt\u00fcrde \u00f6nemli bir hedeftir. Bununla birlikte, s\u00fcrd\u00fcr\u00fclebilir fikirleri uygulamak i\u00e7in genellikle bilgi birikimi ve finansal kaynak eksikli\u011fi vard\u0131r. Bu nedenle, tavsiyeler yoluyla mevcut finansman f\u0131rsatlar\u0131na eri\u015fimi kolayla\u015ft\u0131rmak ve d\u00fczenli at\u00f6lye \u00e7al\u0131\u015fmalar\u0131 ve TourCert ve \u00d6koprofit veya sekt\u00f6re \u00f6zg\u00fc sertifikasyon standartlar\u0131n\u0131n s\u00fcrekli deste\u011fi yoluyla k\u00fclt\u00fcrel kurumlar aras\u0131nda bilgi aktar\u0131m\u0131n\u0131 iyile\u015ftirmek istiyoruz.<\/span><\/p>\n<\/div><\/div><\/div><\/div><\/div><div class=\"w-tabs-section has_text_color\" id=\"i1fd\" style=\"background:var(--color-header-transparent-text);color:var(--color-header-top-text-hover);\"><button class=\"w-tabs-section-header\" aria-controls=\"content-i1fd\" aria-expanded=\"false\"><div class=\"w-tabs-section-title\">K\u00fclt\u00fcr\u00fcn perspektife ihtiyac\u0131 var<\/div><div class=\"w-tabs-section-control\"><\/div><\/button><div  class=\"w-tabs-section-content\" id=\"content-i1fd\"><div class=\"w-tabs-section-content-h i-cf\"><div class=\"wpb_text_column\"><div class=\"wpb_wrapper\"><p><span style=\"font-weight: 400;\">K\u00fclt\u00fcr\u00fc te\u015fvik etmek, g\u00f6ze alman\u0131z gereken bir l\u00fcks de\u011fildir. K\u00fclt\u00fcr\u00fcn te\u015fviki demokrasinin korunmas\u0131d\u0131r. Bu nedenle, ekonomik ve politik olarak zor zamanlarda k\u00fclt\u00fcrel tan\u0131t\u0131m\u0131n tekerle\u011fin alt\u0131na girmemesi \u00f6zellikle \u00f6nemlidir. S\u00fcbvansiyonlar siyasi keyfili\u011fe ba\u011fl\u0131 oldu\u011funda ve istenmeyen i\u00e7erik kald\u0131r\u0131ld\u0131\u011f\u0131nda, demokrasimizin temel ta\u015flar\u0131 tehlikededir. Bu nedenle YE\u015e\u0130L, \u00e7e\u015fitli k\u00fclt\u00fcrel manzaram\u0131z\u0131n korunmas\u0131n\u0131, K\u00fclt\u00fcr Dan\u0131\u015fma Kurulu'nun lobisini, K\u00fclt\u00fcrde Kat\u0131l\u0131m Dairesi'nin daha fazla tan\u0131t\u0131m\u0131n\u0131 ve K\u00fclt\u00fcrel Kalk\u0131nma Plan\u0131'n\u0131n uygulanmas\u0131n\u0131 savunuyoruz.<\/span><\/p>\n<\/div><\/div><\/div><\/div><\/div><div class=\"w-tabs-section has_text_color\" id=\"a31f\" style=\"background:var(--color-header-middle-bg);color:var(--color-content-heading);\"><button class=\"w-tabs-section-header\" aria-controls=\"content-a31f\" aria-expanded=\"false\"><div class=\"w-tabs-section-title\">Serbest Sahneyi G\u00fc\u00e7lendirmek<\/div><div class=\"w-tabs-section-control\"><\/div><\/button><div  class=\"w-tabs-section-content\" id=\"content-a31f\"><div class=\"w-tabs-section-content-h i-cf\"><div class=\"wpb_text_column\"><div class=\"wpb_wrapper\"><p><span style=\"font-weight: 400;\">A\u00e7\u0131k sahneler, st\u00fcdyolar ve sosyo-k\u00fclt\u00fcrel merkezler toplumun yarat\u0131c\u0131 humusudur. Yeni fikirlerin ve sekt\u00f6rler aras\u0131 projelerin ortaya \u00e7\u0131kt\u0131\u011f\u0131 yer buras\u0131d\u0131r. Biz Ye\u015filler, sanat\u00e7\u0131lar\u0131n ve k\u00fclt\u00fcr profesyonellerinin finansal g\u00fcvenli\u011fini art\u0131rmak i\u00e7in desteklerinin s\u00fcrd\u00fcr\u00fclmesini ve kentin ve k\u0131rsal kesimin k\u00fclt\u00fcrel kurumlar\u0131na kar\u015f\u0131 ayr\u0131mc\u0131l\u0131\u011fa son verilmesini istiyoruz.<\/span><\/p>\n<\/div><\/div><\/div><\/div><\/div><div class=\"w-tabs-section has_text_color\" id=\"f435\" style=\"background:var(--color-header-transparent-text);color:var(--color-header-top-text-hover);\"><button class=\"w-tabs-section-header\" aria-controls=\"content-f435\" aria-expanded=\"false\"><div class=\"w-tabs-section-title\">Devlet Tiyatrosu ve Festivali<\/div><div class=\"w-tabs-section-control\"><\/div><\/button><div  class=\"w-tabs-section-content\" id=\"content-f435\"><div class=\"w-tabs-section-content-h i-cf\"><div class=\"wpb_text_column\"><div class=\"wpb_wrapper\"><p><span style=\"font-weight: 400;\">Uluslararas\u0131 Maifestspiele ve Wiesbaden Bienali ile Hessen Devlet Tiyatrosu, Wiesbaden'den ve \u015fehir s\u0131n\u0131rlar\u0131n\u0131n \u00f6tesinden \u00e7ok say\u0131da insana ula\u015f\u0131yor. Devlet Tiyatrosu'nun finansman\u0131nda \u00fclkenin daha fazla kat\u0131l\u0131m\u0131n\u0131 sa\u011flamak istiyoruz ve evi m\u00fcmk\u00fcn oldu\u011funca \u00e7ok say\u0131da n\u00fcfus grubuna a\u00e7maya kararl\u0131y\u0131z.<\/span><\/p>\n<\/div><\/div><\/div><\/div><\/div><div class=\"w-tabs-section has_text_color\" id=\"m54a\" style=\"background:var(--color-header-middle-bg);color:var(--color-header-middle-text);\"><button class=\"w-tabs-section-header\" aria-controls=\"content-m54a\" aria-expanded=\"false\"><div class=\"w-tabs-section-title\">K\u00fclt\u00fcr\u00fc Ekonomik Bir Fakt\u00f6r Olarak Daha G\u00f6r\u00fcn\u00fcr Hale Getirmek<\/div><div class=\"w-tabs-section-control\"><\/div><\/button><div  class=\"w-tabs-section-content\" id=\"content-m54a\"><div class=\"w-tabs-section-content-h i-cf\"><div class=\"wpb_text_column\"><div class=\"wpb_wrapper\"><p><span style=\"font-weight: 400;\">K\u00fclt\u00fcrel \u00e7e\u015fitlilik, Wiesbaden'i turistler, profesyoneller, \u00f6\u011frenciler ve \u015firketler i\u00e7in canl\u0131 ve \u00e7ekici k\u0131lar. D\u0131\u015f sunumumuzda k\u00fclt\u00fcrel sahneyi daha da g\u00f6r\u00fcn\u00fcr k\u0131lmak, k\u00fclt\u00fcr, turizm ve i\u015f d\u00fcnyas\u0131 aras\u0131ndaki i\u015fbirli\u011fini daha da g\u00fc\u00e7lendirmek ve kentsel geli\u015fimin kal\u0131c\u0131 bir i\u015fbirli\u011fi orta\u011f\u0131 olarak demirlemek istiyoruz.<\/span><\/p>\n<\/div><\/div><\/div><\/div><\/div><div class=\"w-tabs-section has_text_color\" id=\"y65f\" style=\"background:var(--color-header-transparent-text);color:var(--color-header-top-text-hover);\"><button class=\"w-tabs-section-header\" aria-controls=\"content-y65f\" aria-expanded=\"false\"><div class=\"w-tabs-section-title\">Kamusal alanlarda sanat\u0131 desteklemek<\/div><div class=\"w-tabs-section-control\"><\/div><\/button><div  class=\"w-tabs-section-content\" id=\"content-y65f\"><div class=\"w-tabs-section-content-h i-cf\"><div class=\"wpb_text_column\"><div class=\"wpb_wrapper\"><p><span style=\"font-weight: 400;\">Kamusal alanda sanat, bulu\u015fma yerleri ve canl\u0131 sergi alanlar\u0131 yarat\u0131r. Yerel sanat\u00e7\u0131lar\u0131 te\u015fvik eder ve \u015fehir ve yerel sahne ile \u00f6zde\u015fle\u015fmeyi artt\u0131r\u0131r. Mekanlar ve kamusal alanda ge\u00e7ici bir sanat sergisi i\u00e7in \u00e7al\u0131\u015fmak istiyoruz.<\/span><\/p>\n<\/div><\/div><\/div><\/div><\/div><div class=\"w-tabs-section has_text_color\" id=\"a796\" style=\"background:var(--color-header-transparent-text);color:var(--color-header-top-text-hover);\"><button class=\"w-tabs-section-header\" aria-controls=\"content-a796\" aria-expanded=\"false\"><div class=\"w-tabs-section-title\">Gen\u00e7lik K\u00fclt\u00fcr Festivali  \u2047  Kat\u0131l\u0131m f\u0131rsatlar\u0131n\u0131n artt\u0131r\u0131lmas\u0131<\/div><div class=\"w-tabs-section-control\"><\/div><\/button><div  class=\"w-tabs-section-content\" id=\"content-a796\"><div class=\"w-tabs-section-content-h i-cf\"><div class=\"wpb_text_column\"><div class=\"wpb_wrapper\"><p><span style=\"font-weight: 400;\">Gen\u00e7lik K\u00fclt\u00fcr Festivali \u00f6rne\u011fi, gen\u00e7lerin sadece k\u00fclt\u00fcrel etkinliklerin organizasyonuna kat\u0131lmakla kalmay\u0131p, ayn\u0131 zamanda kendilerini \u015fekillendirmeye de b\u00fcy\u00fck ilgi g\u00f6sterdi\u011fini etkileyici bir \u015fekilde g\u00f6stermektedir. Gen\u00e7lik \u00e7al\u0131\u015fmalar\u0131n\u0131n ortaklar\u0131 ve ba\u011f\u0131ms\u0131z sahne ile birlikte gen\u00e7ler i\u00e7in k\u00fclt\u00fcr alan\u0131nda kat\u0131l\u0131m ve kendi kaderini tayin eden kat\u0131l\u0131m f\u0131rsatlar\u0131n\u0131 geni\u015fletmek i\u00e7in \u00e7al\u0131\u015fmak istiyoruz.<\/span><\/p>\n<\/div><\/div><\/div><\/div><\/div><div class=\"w-tabs-section has_text_color\" id=\"o8bd\" style=\"background:var(--color-header-transparent-text);color:var(--color-header-top-text-hover);\"><button class=\"w-tabs-section-header\" aria-controls=\"content-o8bd\" aria-expanded=\"false\"><div class=\"w-tabs-section-title\">Wiesbaden'deki etkinliklere daha fazla genel bak\u0131\u015f i\u00e7in gece hayat\u0131n\u0131 ve uygulamay\u0131 g\u00fc\u00e7lendirin Her \u015fey Wiesbaden<\/div><div class=\"w-tabs-section-control\"><\/div><\/button><div  class=\"w-tabs-section-content\" id=\"content-o8bd\"><div class=\"w-tabs-section-content-h i-cf\"><div class=\"wpb_text_column\"><div class=\"wpb_wrapper\"><p><span style=\"font-weight: 400;\">Wiesbaden'deki gece hayat\u0131n\u0131 bir b\u00fct\u00fcn olarak g\u00fc\u00e7lendirmek i\u00e7in, bir gece belediye ba\u015fkan\u0131 i\u00e7in bir yer yaratmaya devam ediyoruz. Gece ekonomisinin \u00e7e\u015fitli akt\u00f6rlerini siyaset, y\u00f6netim ve vatanda\u015flarla bir araya getirmek, engelleri y\u0131kmak, kar\u015f\u0131l\u0131kl\u0131 anlay\u0131\u015f olu\u015fturmak, kentsel kalk\u0131nmay\u0131 \u015fekillendirmeye yard\u0131mc\u0131 olmak ve kul\u00fcplerin ve gastronominin yerle\u015fmesini te\u015fvik etmek ama\u00e7lanmaktad\u0131r.<\/span><\/p>\n<p><span style=\"font-weight: 400;\">Ayr\u0131ca, Wiesbaden \u015fehrinin etkinlik takvimini  \u2047 Alles Wiesbaden \u2047  uygulamas\u0131nda deneyimlenebilir hale getirmek ve b\u00f6ylece k\u00fclt\u00fcr\u00fcn g\u00f6r\u00fcn\u00fcrl\u00fc\u011f\u00fcn\u00fc daha da art\u0131rmak istiyoruz.<\/span><\/p>\n<\/div><\/div><\/div><\/div><\/div><\/div><\/div><div class=\"w-separator size_medium\"><\/div><div class=\"w-btn-wrapper align_left\"><a class=\"w-btn us-btn-style_8 icon_atleft\" href=\"https:\/\/gruene-wiesbaden.de\/tr\/kommunalwahl\/#Kapitel1\"><i class=\"fas fa-chevron-circle-right\"><\/i><span class=\"w-btn-label\">Genel bak\u0131\u015fa geri d\u00f6n<\/span><\/a><\/div><div class=\"w-separator size_large\"><\/div><div class=\"wpb_text_column\"><div class=\"wpb_wrapper\"><h1>\u015eimdiye kadar ba\u015fard\u0131klar\u0131m\u0131z<\/h1>\n<\/div><\/div><div class=\"w-separator size_medium\"><\/div><div class=\"w-tabs us_custom_42d693a0 has_text_color style_default switch_click accordion has_scrolling\" style=\"--sections-title-size:1.4rem\"><div class=\"w-tabs-sections titles-align_none icon_chevron cpos_right\"><div class=\"w-tabs-section has_text_color\" id=\"bb43\" style=\"background:var(--color-header-transparent-text);color:var(--color-header-top-text-hover);\"><button class=\"w-tabs-section-header\" aria-controls=\"content-bb43\" aria-expanded=\"false\"><div class=\"w-tabs-section-title\">K\u00fclt\u00fcrel kat\u0131l\u0131m bir insan hakk\u0131d\u0131r<\/div><div class=\"w-tabs-section-control\"><\/div><\/button><div  class=\"w-tabs-section-content\" id=\"content-bb43\"><div class=\"w-tabs-section-content-h i-cf\"><div class=\"wpb_text_column\"><div class=\"wpb_wrapper\"><p><span style=\"font-weight: 400;\">Herkes k\u00fclt\u00fcre kat\u0131labilmelidir. Bu y\u00fczden \u015fehir k\u00fct\u00fcphanesinde \u00fccretsiz \u00fcyelik ba\u015flatt\u0131k. Gen\u00e7leri erken bir a\u015famada k\u00fclt\u00fcrle tan\u0131\u015ft\u0131rmak i\u00e7in, Okullarda K\u00fclt\u00fcrel E\u011fitim finansman program\u0131 da kuruldu. K\u00fclt\u00fcrleraras\u0131 projeler i\u00e7in finansman program\u0131, geni\u015f bir kitleye y\u00f6nelik projeler ba\u015flatmak i\u00e7in \u00f6zellikle \u00e7e\u015fitli k\u00fclt\u00fcrel ge\u00e7mi\u015flerden gelen sanat\u00e7\u0131lar\u0131, dernekleri ve giri\u015fimleri desteklemektedir.<\/span><\/p>\n<\/div><\/div><\/div><\/div><\/div><div class=\"w-tabs-section has_text_color\" id=\"wc5d\" style=\"background:var(--color-header-transparent-text);color:var(--color-header-top-text-hover);\"><button class=\"w-tabs-section-header\" aria-controls=\"content-wc5d\" aria-expanded=\"false\"><div class=\"w-tabs-section-title\">\u015eehir merkezini yeniden canland\u0131rmak<\/div><div class=\"w-tabs-section-control\"><\/div><\/button><div  class=\"w-tabs-section-content\" id=\"content-wc5d\"><div class=\"w-tabs-section-content-h i-cf\"><div class=\"wpb_text_column\"><div class=\"wpb_wrapper\"><p><span style=\"font-weight: 400;\">VHS'nin \u015fehir merkezine ta\u015f\u0131nmas\u0131 ve Walhalla'n\u0131n \u00fc\u00e7\u00fcnc\u00fc bir yer olarak yenilenmesinin ba\u015flamas\u0131yla, k\u00fclt\u00fcrel ve e\u011fitim kurumlar\u0131yla i\u015fbirli\u011fi i\u00e7inde Wiesbaden'in \u015fehir merkezinin \u00e7ekicili\u011fini art\u0131rmay\u0131 ama\u00e7layan iki ilk proje devam ediyor.<\/span><\/p>\n<\/div><\/div><\/div><\/div><\/div><div class=\"w-tabs-section has_text_color\" id=\"yd85\" style=\"background:var(--color-header-transparent-text);color:var(--color-header-top-text-hover);\"><button class=\"w-tabs-section-header\" aria-controls=\"content-yd85\" aria-expanded=\"false\"><div class=\"w-tabs-section-title\">K\u00fclt\u00fcrde S\u00fcrd\u00fcr\u00fclebilirlik<\/div><div class=\"w-tabs-section-control\"><\/div><\/button><div  class=\"w-tabs-section-content\" id=\"content-yd85\"><div class=\"w-tabs-section-content-h i-cf\"><div class=\"wpb_text_column\"><div class=\"wpb_wrapper\"><p><span style=\"font-weight: 400;\">Ortak a\u011f\u0131 ile birlikte TourCert, k\u00fclt\u00fcr kurumlar\u0131 i\u00e7in bir sertifika olarak da uygulanmaktad\u0131r. Eko-kar ayn\u0131 zamanda k\u00fclt\u00fcrel kurumlara da a\u00e7\u0131kt\u0131r. Sat\u0131n almak yerine bor\u00e7 almak, kaynak t\u00fcketimini ve bireysel ekolojik ayak izini azalt\u0131r. Kaynaklar\u0131n s\u00fcrd\u00fcr\u00fclebilir kullan\u0131m\u0131 i\u00e7in, g\u00fcnl\u00fck kullan\u0131m nesnelerinin \u00fccretsiz olarak \u00f6d\u00fcn\u00e7 al\u0131nabilece\u011fi \u015fehir k\u00fct\u00fcphanesinde bir \u015feyler k\u00fct\u00fcphanesi kurulmas\u0131n\u0131 sa\u011flad\u0131k.<\/span><span style=\"font-weight: 400;\"><br \/>\n<\/span><span style=\"font-weight: 400;\">Ekim 2025'te Wiesbaden \u015fehri, k\u00fclt\u00fcrel kurumlar aras\u0131nda bilgi aktar\u0131m\u0131n\u0131 ve al\u0131\u015fveri\u015fini te\u015fvik etmek i\u00e7in Wiesbaden'in k\u00fclt\u00fcrel kurumlar\u0131yla ilk b\u00fcy\u00fck s\u00fcrd\u00fcr\u00fclebilirlik konferans\u0131n\u0131 d\u00fczenleyecek.<\/span><\/p>\n<\/div><\/div><\/div><\/div><\/div><div class=\"w-tabs-section has_text_color\" id=\"oeb7\" style=\"background:var(--color-header-middle-bg);color:var(--color-content-heading);\"><button class=\"w-tabs-section-header\" aria-controls=\"content-oeb7\" aria-expanded=\"false\"><div class=\"w-tabs-section-title\">K\u00fclt\u00fcr\u00fcn tan\u0131t\u0131m\u0131nda \u015feffafl\u0131k<\/div><div class=\"w-tabs-section-control\"><\/div><\/button><div  class=\"w-tabs-section-content\" id=\"content-oeb7\"><div class=\"w-tabs-section-content-h i-cf\"><div class=\"wpb_text_column\"><div class=\"wpb_wrapper\"><p><span style=\"font-weight: 400;\">\u015eeffafl\u0131\u011f\u0131 sa\u011flamak ve politikan\u0131n k\u00fclt\u00fcr\u00fcn tan\u0131t\u0131m\u0131 \u00fczerindeki etkisini en aza indirmek i\u00e7in uzman bir dan\u0131\u015fma kurulu kuruldu ve kurumsal destek konusundaki \u00f6nerileri b\u00fcy\u00fck \u00f6l\u00e7\u00fcde uyguland\u0131. K\u00fclt\u00fcrel geli\u015fim plan\u0131 s\u00fcrekli olarak uygulanmaktad\u0131r.<\/span><\/p>\n<\/div><\/div><\/div><\/div><\/div><\/div><\/div><div class=\"w-separator size_medium\"><\/div><div class=\"w-btn-wrapper align_left\"><a class=\"w-btn us-btn-style_8 icon_atleft\" href=\"https:\/\/gruene-wiesbaden.de\/tr\/kommunalwahl\/#Kapitel1\"><i class=\"fas fa-chevron-circle-right\"><\/i><span class=\"w-btn-label\">Genel bak\u0131\u015fa geri d\u00f6n<\/span><\/a><\/div><div class=\"w-separator size_large\"><\/div><\/div><\/div><\/div><\/div><\/section>","protected":false},"excerpt":{"rendered":"CultureCulture korur, ama \u00e7ok daha fazlas\u0131: \u00c7e\u015fitli teklifleri, kar\u015f\u0131la\u015fmalar i\u00e7in f\u0131rsatlar yarat\u0131r, yeni bak\u0131\u015f a\u00e7\u0131lar\u0131 a\u00e7ar ve g\u00fcnl\u00fck ya\u015famda y\u00f6nelim sa\u011flar. Santrif\u00fcj kuvvetleri, ki\u015fisel geli\u015fim ve sosyal uyum \u00fczerinde olumlu bir etkiye sahiptir. Bu nedenle k\u00fclt\u00fcrel kat\u0131l\u0131m, \u0130nsan Haklar\u0131 Evrensel Beyannamesi ve BM Engelli Haklar\u0131 S\u00f6zle\u015fmesi'nde tan\u0131nan bir insan hakk\u0131d\u0131r.","protected":false},"author":1,"featured_media":1513,"comment_status":"closed","ping_status":"closed","sticky":false,"template":"","format":"standard","meta":{"footnotes":""},"categories":[14],"tags":[],"class_list":["post-1337","post","type-post","status-publish","format-standard","has-post-thumbnail","hentry","category-kapitel-1"],"yoast_head":"<!-- This site is optimized with the Yoast SEO plugin v27.5 - https:\/\/yoast.com\/product\/yoast-seo-wordpress\/ -->\n<title>Kultur - B\u00dcNDNIS 90\/DIE GR\u00dcNEN Wiesbaden<\/title>\n<meta name=\"robots\" content=\"index, follow, max-snippet:-1, max-image-preview:large, max-video-preview:-1\" \/>\n<link rel=\"canonical\" href=\"https:\/\/gruene-wiesbaden.de\/tr\/kultur\/\" \/>\n<meta property=\"og:locale\" content=\"tr_TR\" \/>\n<meta property=\"og:type\" content=\"article\" \/>\n<meta property=\"og:title\" content=\"Kultur - B\u00dcNDNIS 90\/DIE GR\u00dcNEN Wiesbaden\" \/>\n<meta property=\"og:url\" content=\"https:\/\/gruene-wiesbaden.de\/tr\/kultur\/\" \/>\n<meta property=\"og:site_name\" content=\"B\u00dcNDNIS 90\/DIE GR\u00dcNEN Wiesbaden\" \/>\n<meta property=\"article:publisher\" content=\"https:\/\/www.facebook.com\/gruene.wi\" \/>\n<meta property=\"article:published_time\" content=\"2025-11-09T21:50:07+00:00\" \/>\n<meta property=\"article:modified_time\" content=\"2026-04-08T22:18:22+00:00\" \/>\n<meta property=\"og:image\" content=\"https:\/\/gruene-wiesbaden.de\/wp-content\/uploads\/2025\/11\/1.10-Kultur-scaled.jpeg\" \/>\n\t<meta property=\"og:image:width\" content=\"2560\" \/>\n\t<meta property=\"og:image:height\" content=\"1708\" \/>\n\t<meta property=\"og:image:type\" content=\"image\/jpeg\" \/>\n<meta name=\"author\" content=\"admin\" \/>\n<meta name=\"twitter:card\" content=\"summary_large_image\" \/>\n<meta name=\"twitter:label1\" content=\"Yazan:\" \/>\n\t<meta name=\"twitter:data1\" content=\"admin\" \/>\n\t<meta name=\"twitter:label2\" content=\"Tahmini okuma s\u00fcresi\" \/>\n\t<meta name=\"twitter:data2\" content=\"8 minutes\" \/>\n<script type=\"application\/ld+json\" class=\"yoast-schema-graph\">{\"@context\":\"https:\\\/\\\/schema.org\",\"@graph\":[{\"@type\":\"Article\",\"@id\":\"https:\\\/\\\/gruene-wiesbaden.de\\\/kultur\\\/#article\",\"isPartOf\":{\"@id\":\"https:\\\/\\\/gruene-wiesbaden.de\\\/kultur\\\/\"},\"author\":{\"name\":\"admin\",\"@id\":\"https:\\\/\\\/gruene-wiesbaden.de\\\/#\\\/schema\\\/person\\\/6785c34779159cd4fd86886bb097afe9\"},\"headline\":\"Kultur\",\"datePublished\":\"2025-11-09T21:50:07+00:00\",\"dateModified\":\"2026-04-08T22:18:22+00:00\",\"mainEntityOfPage\":{\"@id\":\"https:\\\/\\\/gruene-wiesbaden.de\\\/kultur\\\/\"},\"wordCount\":2309,\"publisher\":{\"@id\":\"https:\\\/\\\/gruene-wiesbaden.de\\\/#organization\"},\"image\":{\"@id\":\"https:\\\/\\\/gruene-wiesbaden.de\\\/kultur\\\/#primaryimage\"},\"thumbnailUrl\":\"https:\\\/\\\/gruene-wiesbaden.de\\\/wp-content\\\/uploads\\\/2025\\\/11\\\/1.10-Kultur-scaled.jpeg\",\"articleSection\":[\"Kapitel 1\"],\"inLanguage\":\"tr-TR\"},{\"@type\":\"WebPage\",\"@id\":\"https:\\\/\\\/gruene-wiesbaden.de\\\/kultur\\\/\",\"url\":\"https:\\\/\\\/gruene-wiesbaden.de\\\/kultur\\\/\",\"name\":\"Kultur - B\u00dcNDNIS 90\\\/DIE GR\u00dcNEN Wiesbaden\",\"isPartOf\":{\"@id\":\"https:\\\/\\\/gruene-wiesbaden.de\\\/#website\"},\"primaryImageOfPage\":{\"@id\":\"https:\\\/\\\/gruene-wiesbaden.de\\\/kultur\\\/#primaryimage\"},\"image\":{\"@id\":\"https:\\\/\\\/gruene-wiesbaden.de\\\/kultur\\\/#primaryimage\"},\"thumbnailUrl\":\"https:\\\/\\\/gruene-wiesbaden.de\\\/wp-content\\\/uploads\\\/2025\\\/11\\\/1.10-Kultur-scaled.jpeg\",\"datePublished\":\"2025-11-09T21:50:07+00:00\",\"dateModified\":\"2026-04-08T22:18:22+00:00\",\"breadcrumb\":{\"@id\":\"https:\\\/\\\/gruene-wiesbaden.de\\\/kultur\\\/#breadcrumb\"},\"inLanguage\":\"tr-TR\",\"potentialAction\":[{\"@type\":\"ReadAction\",\"target\":[\"https:\\\/\\\/gruene-wiesbaden.de\\\/kultur\\\/\"]}]},{\"@type\":\"ImageObject\",\"inLanguage\":\"tr-TR\",\"@id\":\"https:\\\/\\\/gruene-wiesbaden.de\\\/kultur\\\/#primaryimage\",\"url\":\"https:\\\/\\\/gruene-wiesbaden.de\\\/wp-content\\\/uploads\\\/2025\\\/11\\\/1.10-Kultur-scaled.jpeg\",\"contentUrl\":\"https:\\\/\\\/gruene-wiesbaden.de\\\/wp-content\\\/uploads\\\/2025\\\/11\\\/1.10-Kultur-scaled.jpeg\",\"width\":2560,\"height\":1708},{\"@type\":\"BreadcrumbList\",\"@id\":\"https:\\\/\\\/gruene-wiesbaden.de\\\/kultur\\\/#breadcrumb\",\"itemListElement\":[{\"@type\":\"ListItem\",\"position\":1,\"name\":\"Startseite\",\"item\":\"https:\\\/\\\/gruene-wiesbaden.de\\\/\"},{\"@type\":\"ListItem\",\"position\":2,\"name\":\"Kultur\"}]},{\"@type\":\"WebSite\",\"@id\":\"https:\\\/\\\/gruene-wiesbaden.de\\\/#website\",\"url\":\"https:\\\/\\\/gruene-wiesbaden.de\\\/\",\"name\":\"DIE GR\u00dcNEN Wiesbaden\",\"description\":\"\",\"publisher\":{\"@id\":\"https:\\\/\\\/gruene-wiesbaden.de\\\/#organization\"},\"potentialAction\":[{\"@type\":\"SearchAction\",\"target\":{\"@type\":\"EntryPoint\",\"urlTemplate\":\"https:\\\/\\\/gruene-wiesbaden.de\\\/?s={search_term_string}\"},\"query-input\":{\"@type\":\"PropertyValueSpecification\",\"valueRequired\":true,\"valueName\":\"search_term_string\"}}],\"inLanguage\":\"tr-TR\"},{\"@type\":\"Organization\",\"@id\":\"https:\\\/\\\/gruene-wiesbaden.de\\\/#organization\",\"name\":\"DIE GR\u00dcNEN Wiesbaden\",\"url\":\"https:\\\/\\\/gruene-wiesbaden.de\\\/\",\"logo\":{\"@type\":\"ImageObject\",\"inLanguage\":\"tr-TR\",\"@id\":\"https:\\\/\\\/gruene-wiesbaden.de\\\/#\\\/schema\\\/logo\\\/image\\\/\",\"url\":\"https:\\\/\\\/gruene-wiesbaden-fuer-europa.de\\\/wp-content\\\/uploads\\\/2024\\\/04\\\/Machen-was-zaehlt-5.png\",\"contentUrl\":\"https:\\\/\\\/gruene-wiesbaden-fuer-europa.de\\\/wp-content\\\/uploads\\\/2024\\\/04\\\/Machen-was-zaehlt-5.png\",\"width\":1772,\"height\":1772,\"caption\":\"DIE GR\u00dcNEN Wiesbaden\"},\"image\":{\"@id\":\"https:\\\/\\\/gruene-wiesbaden.de\\\/#\\\/schema\\\/logo\\\/image\\\/\"},\"sameAs\":[\"https:\\\/\\\/www.facebook.com\\\/gruene.wi\",\"https:\\\/\\\/instagram.com\\\/gruene_wi\"]},{\"@type\":\"Person\",\"@id\":\"https:\\\/\\\/gruene-wiesbaden.de\\\/#\\\/schema\\\/person\\\/6785c34779159cd4fd86886bb097afe9\",\"name\":\"admin\",\"sameAs\":[\"http:\\\/\\\/gruene-wiesbaden-fuer-europa.de\"],\"url\":\"https:\\\/\\\/gruene-wiesbaden.de\\\/tr\\\/author\\\/admin\\\/\"}]}<\/script>\n<!-- \/ Yoast SEO plugin. -->","yoast_head_json":{"title":"Kultur - B\u00dcNDNIS 90\/DIE GR\u00dcNEN Wiesbaden","robots":{"index":"index","follow":"follow","max-snippet":"max-snippet:-1","max-image-preview":"max-image-preview:large","max-video-preview":"max-video-preview:-1"},"canonical":"https:\/\/gruene-wiesbaden.de\/tr\/kultur\/","og_locale":"tr_TR","og_type":"article","og_title":"Kultur - B\u00dcNDNIS 90\/DIE GR\u00dcNEN Wiesbaden","og_url":"https:\/\/gruene-wiesbaden.de\/tr\/kultur\/","og_site_name":"B\u00dcNDNIS 90\/DIE GR\u00dcNEN Wiesbaden","article_publisher":"https:\/\/www.facebook.com\/gruene.wi","article_published_time":"2025-11-09T21:50:07+00:00","article_modified_time":"2026-04-08T22:18:22+00:00","og_image":[{"width":2560,"height":1708,"url":"https:\/\/gruene-wiesbaden.de\/wp-content\/uploads\/2025\/11\/1.10-Kultur-scaled.jpeg","type":"image\/jpeg"}],"author":"admin","twitter_card":"summary_large_image","twitter_misc":{"Yazan:":"admin","Tahmini okuma s\u00fcresi":"8 minutes"},"schema":{"@context":"https:\/\/schema.org","@graph":[{"@type":"Article","@id":"https:\/\/gruene-wiesbaden.de\/kultur\/#article","isPartOf":{"@id":"https:\/\/gruene-wiesbaden.de\/kultur\/"},"author":{"name":"admin","@id":"https:\/\/gruene-wiesbaden.de\/#\/schema\/person\/6785c34779159cd4fd86886bb097afe9"},"headline":"Kultur","datePublished":"2025-11-09T21:50:07+00:00","dateModified":"2026-04-08T22:18:22+00:00","mainEntityOfPage":{"@id":"https:\/\/gruene-wiesbaden.de\/kultur\/"},"wordCount":2309,"publisher":{"@id":"https:\/\/gruene-wiesbaden.de\/#organization"},"image":{"@id":"https:\/\/gruene-wiesbaden.de\/kultur\/#primaryimage"},"thumbnailUrl":"https:\/\/gruene-wiesbaden.de\/wp-content\/uploads\/2025\/11\/1.10-Kultur-scaled.jpeg","articleSection":["Kapitel 1"],"inLanguage":"tr-TR"},{"@type":"WebPage","@id":"https:\/\/gruene-wiesbaden.de\/kultur\/","url":"https:\/\/gruene-wiesbaden.de\/kultur\/","name":"Kultur - B\u00dcNDNIS 90\/DIE GR\u00dcNEN Wiesbaden","isPartOf":{"@id":"https:\/\/gruene-wiesbaden.de\/#website"},"primaryImageOfPage":{"@id":"https:\/\/gruene-wiesbaden.de\/kultur\/#primaryimage"},"image":{"@id":"https:\/\/gruene-wiesbaden.de\/kultur\/#primaryimage"},"thumbnailUrl":"https:\/\/gruene-wiesbaden.de\/wp-content\/uploads\/2025\/11\/1.10-Kultur-scaled.jpeg","datePublished":"2025-11-09T21:50:07+00:00","dateModified":"2026-04-08T22:18:22+00:00","breadcrumb":{"@id":"https:\/\/gruene-wiesbaden.de\/kultur\/#breadcrumb"},"inLanguage":"tr-TR","potentialAction":[{"@type":"ReadAction","target":["https:\/\/gruene-wiesbaden.de\/kultur\/"]}]},{"@type":"ImageObject","inLanguage":"tr-TR","@id":"https:\/\/gruene-wiesbaden.de\/kultur\/#primaryimage","url":"https:\/\/gruene-wiesbaden.de\/wp-content\/uploads\/2025\/11\/1.10-Kultur-scaled.jpeg","contentUrl":"https:\/\/gruene-wiesbaden.de\/wp-content\/uploads\/2025\/11\/1.10-Kultur-scaled.jpeg","width":2560,"height":1708},{"@type":"BreadcrumbList","@id":"https:\/\/gruene-wiesbaden.de\/kultur\/#breadcrumb","itemListElement":[{"@type":"ListItem","position":1,"name":"Startseite","item":"https:\/\/gruene-wiesbaden.de\/"},{"@type":"ListItem","position":2,"name":"Kultur"}]},{"@type":"WebSite","@id":"https:\/\/gruene-wiesbaden.de\/#website","url":"https:\/\/gruene-wiesbaden.de\/","name":"DIE GR\u00dcNEN Wiesbaden","description":"","publisher":{"@id":"https:\/\/gruene-wiesbaden.de\/#organization"},"potentialAction":[{"@type":"SearchAction","target":{"@type":"EntryPoint","urlTemplate":"https:\/\/gruene-wiesbaden.de\/?s={search_term_string}"},"query-input":{"@type":"PropertyValueSpecification","valueRequired":true,"valueName":"search_term_string"}}],"inLanguage":"tr-TR"},{"@type":"Organization","@id":"https:\/\/gruene-wiesbaden.de\/#organization","name":"DIE GR\u00dcNEN Wiesbaden","url":"https:\/\/gruene-wiesbaden.de\/","logo":{"@type":"ImageObject","inLanguage":"tr-TR","@id":"https:\/\/gruene-wiesbaden.de\/#\/schema\/logo\/image\/","url":"https:\/\/gruene-wiesbaden-fuer-europa.de\/wp-content\/uploads\/2024\/04\/Machen-was-zaehlt-5.png","contentUrl":"https:\/\/gruene-wiesbaden-fuer-europa.de\/wp-content\/uploads\/2024\/04\/Machen-was-zaehlt-5.png","width":1772,"height":1772,"caption":"DIE GR\u00dcNEN Wiesbaden"},"image":{"@id":"https:\/\/gruene-wiesbaden.de\/#\/schema\/logo\/image\/"},"sameAs":["https:\/\/www.facebook.com\/gruene.wi","https:\/\/instagram.com\/gruene_wi"]},{"@type":"Person","@id":"https:\/\/gruene-wiesbaden.de\/#\/schema\/person\/6785c34779159cd4fd86886bb097afe9","name":"admin","sameAs":["http:\/\/gruene-wiesbaden-fuer-europa.de"],"url":"https:\/\/gruene-wiesbaden.de\/tr\/author\/admin\/"}]}},"_links":{"self":[{"href":"https:\/\/gruene-wiesbaden.de\/tr\/wp-json\/wp\/v2\/posts\/1337","targetHints":{"allow":["GET"]}}],"collection":[{"href":"https:\/\/gruene-wiesbaden.de\/tr\/wp-json\/wp\/v2\/posts"}],"about":[{"href":"https:\/\/gruene-wiesbaden.de\/tr\/wp-json\/wp\/v2\/types\/post"}],"author":[{"embeddable":true,"href":"https:\/\/gruene-wiesbaden.de\/tr\/wp-json\/wp\/v2\/users\/1"}],"replies":[{"embeddable":true,"href":"https:\/\/gruene-wiesbaden.de\/tr\/wp-json\/wp\/v2\/comments?post=1337"}],"version-history":[{"count":9,"href":"https:\/\/gruene-wiesbaden.de\/tr\/wp-json\/wp\/v2\/posts\/1337\/revisions"}],"predecessor-version":[{"id":2375,"href":"https:\/\/gruene-wiesbaden.de\/tr\/wp-json\/wp\/v2\/posts\/1337\/revisions\/2375"}],"wp:featuredmedia":[{"embeddable":true,"href":"https:\/\/gruene-wiesbaden.de\/tr\/wp-json\/wp\/v2\/media\/1513"}],"wp:attachment":[{"href":"https:\/\/gruene-wiesbaden.de\/tr\/wp-json\/wp\/v2\/media?parent=1337"}],"wp:term":[{"taxonomy":"category","embeddable":true,"href":"https:\/\/gruene-wiesbaden.de\/tr\/wp-json\/wp\/v2\/categories?post=1337"},{"taxonomy":"post_tag","embeddable":true,"href":"https:\/\/gruene-wiesbaden.de\/tr\/wp-json\/wp\/v2\/tags?post=1337"}],"curies":[{"name":"wp","href":"https:\/\/api.w.org\/{rel}","templated":true}]}}