{"id":1335,"date":"2025-11-09T23:49:11","date_gmt":"2025-11-09T21:49:11","guid":{"rendered":"https:\/\/gruene-wiesbaden.de\/?p=1335"},"modified":"2026-04-09T00:16:13","modified_gmt":"2026-04-08T22:16:13","slug":"digitale-infrastruktur-und-digitale-services-fuer-alle","status":"publish","type":"post","link":"https:\/\/gruene-wiesbaden.de\/tr\/digitale-infrastruktur-und-digitale-services-fuer-alle\/","title":{"rendered":"Herkes i\u00e7in dijital altyap\u0131 ve dijital hizmetler"},"content":{"rendered":"<section class=\"l-section wpb_row height_medium with_img\"><div class=\"l-section-img\" role=\"img\" data-img-width=\"1080\" data-img-height=\"800\" style=\"background-image: url(https:\/\/gruene-wiesbaden.de\/wp-content\/uploads\/2025\/11\/neuer-Verlauf-gruene-wiesbaden.de_-2-e1762709402177.png);\"><\/div><div class=\"l-section-overlay\" style=\"background:var(--color-header-top-transparent-bg)\"><\/div><div class=\"l-section-h i-cf\"><div class=\"g-cols vc_row via_grid cols_1 laptops-cols_inherit tablets-cols_inherit mobiles-cols_1 valign_top type_default stacking_default\"><div class=\"wpb_column vc_column_container\"><div class=\"vc_column-inner\"><h1 class=\"w-post-elm post_title us_custom_a574d586 has_text_color entry-title\">Herkes i\u00e7in dijital altyap\u0131 ve dijital hizmetler<\/h1><div class=\"w-separator size_medium\"><\/div><div class=\"g-cols wpb_row via_grid cols_2-1 laptops-cols_inherit tablets-cols_inherit mobiles-cols_1 valign_top type_default stacking_default\" style=\"--columns-gap:3rem;\"><div class=\"wpb_column vc_column_container\"><div class=\"vc_column-inner\"><div class=\"wpb_text_column us_custom_8b3d6790 has_text_color\"><div class=\"wpb_wrapper\"><p><span style=\"font-weight: 400;\">Dijital hizmetler teknik ara\u00e7lardan daha fazlas\u0131d\u0131r ve y\u00f6netimin t\u00fcm Wiesbadeners i\u00e7in h\u0131zl\u0131, kolay ve \u015feffaf bir \u015fekilde \u00e7al\u0131\u015fmas\u0131n\u0131 sa\u011flamak i\u00e7in \u00e7ok \u00f6nemlidir. Kay\u0131tlar\u0131 tamamlamay\u0131, Vatanda\u015fl\u0131k Ofisi'nde randevu rezervasyonlar\u0131n\u0131 tamamlamay\u0131 veya \u00e7evrimi\u00e7i ba\u015fvurular\u0131 vermeyi kolayla\u015ft\u0131rarak g\u00fcnl\u00fck hayat\u0131 kolayla\u015ft\u0131r\u0131rlar.<\/span><\/p>\n<p><span style=\"font-weight: 400;\">Dijital kat\u0131l\u0131m sadece bir internet ba\u011flant\u0131s\u0131ndan daha fazlas\u0131d\u0131r  \u2047  f\u0131rsat e\u015fitli\u011fi ve sosyal kat\u0131l\u0131m i\u00e7in bir \u00f6n ko\u015fuldur. Biz Ye\u015filler, Wiesbaden'deki t\u00fcm insanlar\u0131n dijitalle\u015fmenin sundu\u011fu f\u0131rsatlardan e\u015fit olarak faydalanmas\u0131n\u0131 istiyoruz. Bu, eri\u015filebilir teklifler, dijital \u00f6\u011frenme f\u0131rsatlar\u0131 ve kimsenin geride kalmamas\u0131 i\u00e7in becerilerin kazan\u0131lmas\u0131nda destek anlam\u0131na gelir.<\/span><\/p>\n<p><span style=\"font-weight: 400;\">Dijital altyap\u0131 ve ak\u0131ll\u0131 hizmetlerin geni\u015flemesini ilerletmek istiyoruz, \u00e7\u00fcnk\u00fc bu \u015fehrimizde kat\u0131l\u0131m\u0131, verimlili\u011fi ve ya\u015fam kalitesini art\u0131racakt\u0131r. Verileri korumak ve ba\u011f\u0131ml\u0131l\u0131klardan ka\u00e7\u0131nmak i\u00e7in g\u00fcvenlik, ba\u011f\u0131ms\u0131zl\u0131k ve a\u00e7\u0131k kaynakl\u0131 \u00e7\u00f6z\u00fcmlere g\u00fcveniyoruz.<\/span><\/p>\n<\/div><\/div><div class=\"w-separator size_medium\"><\/div><div class=\"w-btn-wrapper align_left\"><a class=\"w-btn us-btn-style_8 icon_atleft\" href=\"https:\/\/gruene-wiesbaden.de\/tr\/kommunalwahl\/#Kapitel1\"><i class=\"fas fa-chevron-circle-right\"><\/i><span class=\"w-btn-label\">Genel bak\u0131\u015fa geri d\u00f6n<\/span><\/a><\/div><\/div><\/div><div class=\"wpb_column vc_column_container\"><div class=\"vc_column-inner\"><div class=\"w-image align_center\"><div class=\"w-image-h\"><img decoding=\"async\" width=\"1991\" height=\"2560\" src=\"https:\/\/gruene-wiesbaden.de\/wp-content\/uploads\/2025\/11\/1.8-Digitale-Infrastruktur-und-digitale-Services-fuer-alle-scaled.jpeg\" class=\"attachment-full size-full\" alt=\"\" loading=\"lazy\" srcset=\"https:\/\/gruene-wiesbaden.de\/wp-content\/uploads\/2025\/11\/1.8-Digitale-Infrastruktur-und-digitale-Services-fuer-alle-scaled.jpeg 1991w, https:\/\/gruene-wiesbaden.de\/wp-content\/uploads\/2025\/11\/1.8-Digitale-Infrastruktur-und-digitale-Services-fuer-alle-311x400.jpeg 311w, https:\/\/gruene-wiesbaden.de\/wp-content\/uploads\/2025\/11\/1.8-Digitale-Infrastruktur-und-digitale-Services-fuer-alle-467x600.jpeg 467w\" sizes=\"auto, (max-width: 1991px) 100vw, 1991px\" \/><\/div><\/div><div class=\"w-separator size_small\"><\/div><\/div><\/div><\/div><div class=\"w-separator size_medium\"><\/div><div class=\"w-separator size_medium\"><\/div><div class=\"wpb_text_column\"><div class=\"wpb_wrapper\"><h1>Dijital Altyap\u0131 ve Dijital Hizmetler Politikas\u0131n\u0131n Hepimiz \u0130\u00e7in Anlam\u0131<\/h1>\n<\/div><\/div><div class=\"w-separator size_large\"><\/div><div class=\"g-cols wpb_row via_grid cols_3 laptops-cols_inherit tablets-cols_inherit mobiles-cols_1 valign_top type_default stacking_default\" style=\"--columns-gap:3rem;\"><div class=\"wpb_column vc_column_container\"><div class=\"vc_column-inner\"><div class=\"w-iconbox us_custom_8b3d6790 has_text_color iconpos_left style_default color_custom align_left\"><div class=\"w-iconbox-icon\" style=\"font-size:2rem;--icon-color:#Ffffff;--icon-bg-color:var(--color-header-middle-bg);\"><i class=\"fas fa-layer-group\"><\/i><\/div><div class=\"w-iconbox-meta\"><h4 class=\"w-iconbox-title\" style=\"font-size:1.5rem;\">Dijital kat\u0131l\u0131m\u0131n sa\u011flanmas\u0131<\/h4><div class=\"w-iconbox-text\"><p><span style=\"font-weight: 400;\">T\u00fcm insanlar gelir, ya\u015f veya k\u00f6ken ne olursa olsun dijitalle\u015fmeden yararlanabilmelidir. Kimsenin geride kalmad\u0131\u011f\u0131ndan emin olmak istiyoruz.<\/span><\/p>\n<\/div><\/div><\/div><\/div><\/div><div class=\"wpb_column vc_column_container\"><div class=\"vc_column-inner\"><div class=\"w-iconbox us_custom_8b3d6790 has_text_color iconpos_left style_default color_custom align_left\"><div class=\"w-iconbox-icon\" style=\"font-size:2rem;--icon-color:#Ffffff;--icon-bg-color:var(--color-header-transparent-text);\"><i class=\"fas fa-layer-group\"><\/i><\/div><div class=\"w-iconbox-meta\"><h4 class=\"w-iconbox-title\" style=\"font-size:1.5rem;\">Hizmet dijital, basit<\/h4><div class=\"w-iconbox-text\"><p><span style=\"font-weight: 400;\">Dijital teklifler, resmi mant\u0131klar yerine vatanda\u015flar\u0131n g\u00fcnl\u00fck ya\u015fam\u0131na a\u00e7\u0131k bir y\u00f6nelimle h\u0131zl\u0131, kullan\u0131c\u0131 dostu ve karma\u015f\u0131k olmamal\u0131d\u0131r.<\/span><\/p>\n<\/div><\/div><\/div><\/div><\/div><div class=\"wpb_column vc_column_container\"><div class=\"vc_column-inner\"><div class=\"w-iconbox us_custom_8b3d6790 has_text_color iconpos_left style_default color_custom align_left\"><div class=\"w-iconbox-icon\" style=\"font-size:2rem;--icon-color:#Ffffff;--icon-bg-color:var(--color-header-transparent-text);\"><i class=\"fas fa-layer-group\"><\/i><\/div><div class=\"w-iconbox-meta\"><h4 class=\"w-iconbox-title\" style=\"font-size:1.5rem;\">Yapay zekay\u0131 sorumlu bir \u015fekilde kullanmak<\/h4><div class=\"w-iconbox-text\"><p><span style=\"font-weight: 400;\">AI, Wiesbaden'i daha ak\u0131ll\u0131 hale getirmelidir: verimli y\u00f6netim ve daha iyi hizmetler yoluyla. A\u015fa\u011f\u0131dakiler bizim i\u00e7in ge\u00e7erlidir: Veri koruma, \u015feffafl\u0131k ve etik standartlar her zaman \u00f6nceliklidir.<\/span><\/p>\n<p><br style=\"font-weight: 400;\" \/><br style=\"font-weight: 400;\" \/><\/p>\n<\/div><\/div><\/div><\/div><\/div><\/div><div class=\"w-separator size_medium\"><\/div><div class=\"g-cols wpb_row via_grid cols_3 laptops-cols_inherit tablets-cols_inherit mobiles-cols_1 valign_top type_default stacking_default\" style=\"--columns-gap:3rem;\"><div class=\"wpb_column vc_column_container\"><div class=\"vc_column-inner\"><div class=\"w-iconbox us_custom_8b3d6790 has_text_color iconpos_left style_default color_custom align_left\"><div class=\"w-iconbox-icon\" style=\"font-size:2rem;--icon-color:#Ffffff;--icon-bg-color:var(--color-header-middle-bg);\"><i class=\"fas fa-layer-group\"><\/i><\/div><div class=\"w-iconbox-meta\"><h4 class=\"w-iconbox-title\" style=\"font-size:1.5rem;\">Egemen ve g\u00fcvenli<\/h4><div class=\"w-iconbox-text\"><p><span style=\"font-weight: 400;\">A\u00e7\u0131k kaynak, veri korumas\u0131 ve y\u00fcksek BT g\u00fcvenli\u011fine g\u00fcveniyoruz. Sonu\u00e7 olarak, Wiesbaden ba\u011f\u0131ms\u0131z ve dijital risklere kar\u015f\u0131 diren\u00e7li olmaya devam ediyor.<\/span><\/p>\n<\/div><\/div><\/div><\/div><\/div><div class=\"wpb_column vc_column_container\"><div class=\"vc_column-inner\"><div class=\"w-iconbox us_custom_8b3d6790 has_text_color iconpos_left style_default color_custom align_left\"><div class=\"w-iconbox-icon\" style=\"font-size:2rem;--icon-color:#Ffffff;--icon-bg-color:var(--color-header-transparent-text);\"><i class=\"fas fa-layer-group\"><\/i><\/div><div class=\"w-iconbox-meta\"><h4 class=\"w-iconbox-title\" style=\"font-size:1.5rem;\">S\u00fcrd\u00fcr\u00fclebilir dijitalle\u015fme<\/h4><div class=\"w-iconbox-text\"><p><span style=\"font-weight: 400;\">BT altyap\u0131s\u0131 ve hizmetleri kaynak tasarrufu sa\u011flayan, iklim dostu ve adil bir \u015fekilde tedarik edilmelidir. S\u00fcrd\u00fcr\u00fclebilirlik, her dijital yat\u0131r\u0131m i\u00e7in bir k\u0131lavuzdur.<\/span><\/p>\n<\/div><\/div><\/div><\/div><\/div><div class=\"wpb_column vc_column_container\"><div class=\"vc_column-inner\"><div class=\"w-iconbox us_custom_8b3d6790 has_text_color iconpos_left style_default color_custom align_left\"><div class=\"w-iconbox-icon\" style=\"font-size:2rem;--icon-color:#Ffffff;--icon-bg-color:var(--color-header-transparent-text);\"><i class=\"fas fa-layer-group\"><\/i><\/div><div class=\"w-iconbox-meta\"><h4 class=\"w-iconbox-title\" style=\"font-size:1.5rem;\">\u0130novasyonu birlikte \u015fekillendirmek<\/h4><div class=\"w-iconbox-text\"><p><span style=\"font-weight: 400;\">Dijitalle\u015fme ancak diyalog yoluyla sa\u011flanabilir. A\u00e7\u0131k laboratuvarlar\u0131, \u015fehir toplumundan ak\u0131ll\u0131 fikirleri ve ak\u0131ll\u0131 \u015fehir projelerine kat\u0131l\u0131m\u0131 te\u015fvik ediyoruz.<\/span><\/p>\n<\/div><\/div><\/div><\/div><\/div><\/div><div class=\"w-separator size_medium\"><\/div><div class=\"w-btn-wrapper align_left\"><a class=\"w-btn us-btn-style_8 icon_atleft\" href=\"https:\/\/gruene-wiesbaden.de\/tr\/kommunalwahl\/#Kapitel1\"><i class=\"fas fa-chevron-circle-right\"><\/i><span class=\"w-btn-label\">Genel bak\u0131\u015fa geri d\u00f6n<\/span><\/a><\/div><div class=\"w-separator size_medium\"><\/div><\/div><\/div><\/div><\/div><\/section><section class=\"l-section wpb_row height_auto with_img\"><div class=\"l-section-img\" role=\"img\" data-img-width=\"1991\" data-img-height=\"2560\" style=\"background-image: url(https:\/\/gruene-wiesbaden.de\/wp-content\/uploads\/2025\/11\/1.8-Digitale-Infrastruktur-und-digitale-Services-fuer-alle-scaled.jpeg);background-repeat: no-repeat;\"><\/div><div class=\"l-section-overlay\" style=\"background:var(--color-header-top-transparent-bg)\"><\/div><div class=\"l-section-h i-cf\"><div class=\"g-cols vc_row via_grid cols_1 laptops-cols_inherit tablets-cols_inherit mobiles-cols_1 valign_middle type_default stacking_default\" style=\"--columns-gap:1rem;\"><div class=\"wpb_column vc_column_container\"><div class=\"vc_column-inner\"><div class=\"w-separator size_large\"><\/div><div class=\"wpb_text_column background_inside_text\"><div class=\"wpb_wrapper\"><h1>\u00d6zellikle bu alanda yapmak istediklerimiz<\/h1>\n<\/div><\/div><div class=\"w-separator size_medium\"><\/div><div class=\"w-tabs us_custom_42d693a0 has_text_color style_default switch_click accordion has_scrolling\" style=\"--sections-title-size:1.4rem\"><div class=\"w-tabs-sections titles-align_none icon_chevron cpos_right\"><div class=\"w-tabs-section has_text_color\" id=\"le2e\" style=\"background:var(--color-header-transparent-text);color:var(--color-header-top-text-hover);\"><button class=\"w-tabs-section-header\" aria-controls=\"content-le2e\" aria-expanded=\"false\"><div class=\"w-tabs-section-title\">Halka a\u00e7\u0131k kullan\u0131m i\u00e7in geli\u015fmi\u015f Wi-Fi geni\u015fletmesi<\/div><div class=\"w-tabs-section-control\"><\/div><\/button><div  class=\"w-tabs-section-content\" id=\"content-le2e\"><div class=\"w-tabs-section-content-h i-cf\"><div class=\"wpb_text_column\"><div class=\"wpb_wrapper\"><p><span style=\"font-weight: 400;\">Dijital kat\u0131l\u0131m\u0131n \u00fccretsiz eri\u015fime ihtiyac\u0131 vard\u0131r. Wiesbaden'in parklar\u0131n\u0131n, meydanlar\u0131n\u0131n, gen\u00e7lik tesislerinin ve e\u011fitim kurumlar\u0131n\u0131n herkesin yararlanabilmesi i\u00e7in \u00fccretsiz Wi-Fi ile donat\u0131lmas\u0131n\u0131 sa\u011flamaya kararl\u0131y\u0131z. Bu sayede b\u00fct\u00e7eden ba\u011f\u0131ms\u0131z olarak dijital kat\u0131l\u0131m\u0131 m\u00fcmk\u00fcn k\u0131larak \u015fehri modern, \u00e7ekici ve gelece\u011fe haz\u0131r hale getiriyoruz.<\/span><\/p>\n<\/div><\/div><\/div><\/div><\/div><div class=\"w-tabs-section has_text_color\" id=\"zf48\" style=\"background:var(--color-header-transparent-text);color:var(--color-header-top-text-hover);\"><button class=\"w-tabs-section-header\" aria-controls=\"content-zf48\" aria-expanded=\"false\"><div class=\"w-tabs-section-title\">Uygulama Her \u015feyi tan\u0131t\u0131n Wiesbaden<\/div><div class=\"w-tabs-section-control\"><\/div><\/button><div  class=\"w-tabs-section-content\" id=\"content-zf48\"><div class=\"w-tabs-section-content-h i-cf\"><div class=\"wpb_text_column\"><div class=\"wpb_wrapper\"><p><span style=\"font-weight: 400;\">K\u00fclt\u00fcrel, bo\u015f zaman ve e\u011fitim tekliflerinin yan\u0131 s\u0131ra dijital hizmetleri de tek bir yerde net bir \u015fekilde bir araya getirmek istiyoruz. \u015eehrin web sitesine ve di\u011fer ilgili hizmetlere ba\u011fl\u0131 olan  \u2047 Alles Wiesbaden \u2047 , \u015fehrin dijital kalbi  \u2047  bilgilendirici, etkile\u015fimli ve iklim bilincine sahip olacak. Uygulama, daha fazla bilgi ve etkile\u015fim olanaklar\u0131 ile s\u00fcrekli olarak geni\u015fletilecektir.<\/span><\/p>\n<\/div><\/div><\/div><\/div><\/div><div class=\"w-tabs-section has_text_color\" id=\"n064\" style=\"background:var(--color-header-transparent-text);color:var(--color-header-top-text-hover);\"><button class=\"w-tabs-section-header\" aria-controls=\"content-n064\" aria-expanded=\"false\"><div class=\"w-tabs-section-title\">Engelsiz y\u00f6netim<\/div><div class=\"w-tabs-section-control\"><\/div><\/button><div  class=\"w-tabs-section-content\" id=\"content-n064\"><div class=\"w-tabs-section-content-h i-cf\"><div class=\"wpb_text_column\"><div class=\"wpb_wrapper\"><p><span style=\"font-weight: 400;\">Wiesbaden'in dijital y\u00f6netim hizmetlerini, t\u00fcm kullan\u0131c\u0131 dostu, \u00e7ok dilli ve engelsiz olacak \u015fekilde geli\u015ftirmek istiyoruz. Formlar ve hizmetler basitle\u015ftirilir, mobil cihazlar daha iyi dikkate al\u0131n\u0131r ve yard\u0131m teklifleri entegre edilir. Bunu yaparken, kimseyi d\u0131\u015flamayan ve t\u00fcm vatanda\u015flar\u0131n endi\u015felerini \u00e7evrimi\u00e7i olarak h\u0131zl\u0131 ve kolay bir \u015fekilde ele almalar\u0131n\u0131 sa\u011flayan bir y\u00f6netim olu\u015fturuyoruz.<\/span><\/p>\n<\/div><\/div><\/div><\/div><\/div><div class=\"w-tabs-section has_text_color\" id=\"t17e\" style=\"background:var(--color-header-middle-bg);color:var(--color-content-heading);\"><button class=\"w-tabs-section-header\" aria-controls=\"content-t17e\" aria-expanded=\"false\"><div class=\"w-tabs-section-title\">Y\u00f6netim yeniden d\u00fc\u015f\u00fcn\u00fcld\u00fc<\/div><div class=\"w-tabs-section-control\"><\/div><\/button><div  class=\"w-tabs-section-content\" id=\"content-t17e\"><div class=\"w-tabs-section-content-h i-cf\"><div class=\"wpb_text_column\"><div class=\"wpb_wrapper\"><p><span style=\"font-weight: 400;\">Dijital hat\u0131rlat\u0131c\u0131lar ihmalleri \u00f6nler, y\u00f6netimi rahatlat\u0131r ve zamandan tasarruf sa\u011flar. Kimlik kartlar\u0131n\u0131n s\u00fcresinin dolmas\u0131 i\u00e7in bir dijital hat\u0131rlatma prosed\u00fcr\u00fcn\u00fcn ba\u015flat\u0131lmas\u0131na kararl\u0131y\u0131z. Vatanda\u015flar zaman\u0131nda mektup, e-posta veya uygulama ile bilgilendirilir ve ba\u015fvurular\u0131n\u0131 erken g\u00f6nderebilirler. Bu, stresi azalt\u0131r, ihmalleri \u00f6nler ve k\u0131sa s\u00fcreli uygulamalar daha nadir hale geldi\u011finden uygulamay\u0131 rahatlat\u0131r. Ayn\u0131 zamanda, t\u00fcm vatanda\u015flar i\u00e7in hizmet geli\u015fiyor ve y\u00f6netim daha kolay ve daha kullan\u0131c\u0131 dostu hale geliyor.<\/span><\/p>\n<\/div><\/div><\/div><\/div><\/div><div class=\"w-tabs-section has_text_color\" id=\"u293\" style=\"background:var(--color-header-transparent-text);color:var(--color-header-top-text-hover);\"><button class=\"w-tabs-section-header\" aria-controls=\"content-u293\" aria-expanded=\"false\"><div class=\"w-tabs-section-title\">\u0130darenin 115'e ba\u011flanmas\u0131<\/div><div class=\"w-tabs-section-control\"><\/div><\/button><div  class=\"w-tabs-section-content\" id=\"content-u293\"><div class=\"w-tabs-section-content-h i-cf\"><div class=\"wpb_text_column\"><div class=\"wpb_wrapper\"><p><span style=\"font-weight: 400;\">Wiesbaden y\u00f6netimini Almanya genelindeki yetki numaras\u0131 115'e ba\u011flamak istiyoruz. \u00d6rne\u011fin, vatanda\u015flar ve i\u015fletmeler, at\u0131k bertaraf\u0131ndan ara\u00e7 tesciline kadar t\u00fcm devlet sorunlar\u0131 i\u00e7in yetkili bir ileti\u015fim noktas\u0131na sahiptir. Bu, eri\u015fimi kolayla\u015ft\u0131r\u0131r, b\u00fcrokrasiyi azalt\u0131r ve vatanda\u015f hizmetini g\u00fc\u00e7lendirir.<\/span><\/p>\n<\/div><\/div><\/div><\/div><\/div><div class=\"w-tabs-section has_text_color\" id=\"y3ad\" style=\"background:var(--color-header-middle-bg);color:var(--color-header-middle-text);\"><button class=\"w-tabs-section-header\" aria-controls=\"content-y3ad\" aria-expanded=\"false\"><div class=\"w-tabs-section-title\">D\u0130J\u0130TAL Y\u00d6NET\u0130M, SADECE A\u00c7IKLANMI\u015e<\/div><div class=\"w-tabs-section-control\"><\/div><\/button><div  class=\"w-tabs-section-content\" id=\"content-y3ad\"><div class=\"w-tabs-section-content-h i-cf\"><div class=\"wpb_text_column\"><div class=\"wpb_wrapper\"><p><span style=\"font-weight: 400;\">Wiesbaden'de dijital destek i\u00e7in kal\u0131c\u0131 ileti\u015fim noktalar\u0131 kurmak istiyoruz  \u2047  Vatanda\u015flar\u0131n dijital ba\u015fvuru s\u00fcreciyle ilgili karma\u015f\u0131k olmayan yard\u0131m ald\u0131klar\u0131 belediye binas\u0131nda merkezi bir birinci d\u00fczey destekle ba\u015flayarak. Ayr\u0131ca, dijital becerileri g\u00fc\u00e7lendirmek i\u00e7in e\u011fitim kurslar\u0131 ve at\u00f6lye \u00e7al\u0131\u015fmalar\u0131 da sunulacak. Bu kademeli model, dijital kat\u0131l\u0131m\u0131 kolayla\u015ft\u0131r\u0131r, yerel y\u00f6netimleri rahatlat\u0131r ve kimsenin dijital ilerlemeden geride kalmamas\u0131n\u0131 sa\u011flar. Daha sonra, mobil ekipler hizmet yelpazesini geni\u015fletecek ve do\u011frudan sahada destek sa\u011flayacakt\u0131r.<\/span><\/p>\n<\/div><\/div><\/div><\/div><\/div><div class=\"w-tabs-section has_text_color\" id=\"g4d0\" style=\"background:var(--color-header-transparent-text);color:var(--color-header-top-text-hover);\"><button class=\"w-tabs-section-header\" aria-controls=\"content-g4d0\" aria-expanded=\"false\"><div class=\"w-tabs-section-title\">\u00d6nce dijital<\/div><div class=\"w-tabs-section-control\"><\/div><\/button><div  class=\"w-tabs-section-content\" id=\"content-g4d0\"><div class=\"w-tabs-section-content-h i-cf\"><div class=\"wpb_text_column\"><div class=\"wpb_wrapper\"><p><span style=\"font-weight: 400;\">\u015eehrin hizmetlerine dijital, h\u0131zl\u0131 ve b\u00fcrokratik olmayan bir \u015fekilde eri\u015filebilir olmal\u0131 ve y\u00f6netimi daha kullan\u0131c\u0131 dostu hale getirmelidir. Dijital \u00f6ncelikli bir yakla\u015f\u0131mla, zamandan ve maliyetten tasarruf sa\u011flayan, hizmet kalitesini art\u0131ran ve hala benzer alternatifleri g\u00fcvence alt\u0131na alan uygulama gerektirmeyen, otomatikle\u015ftirilmi\u015f, dijitalle\u015ftirilmi\u015f s\u00fcre\u00e7lere g\u00fcveniyoruz.<\/span><\/p>\n<\/div><\/div><\/div><\/div><\/div><div class=\"w-tabs-section has_text_color\" id=\"t5ed\" style=\"background:var(--color-header-transparent-text);color:var(--color-header-top-text-hover);\"><button class=\"w-tabs-section-header\" aria-controls=\"content-t5ed\" aria-expanded=\"false\"><div class=\"w-tabs-section-title\">Dijital egemenli\u011fin g\u00fc\u00e7lendirilmesi<\/div><div class=\"w-tabs-section-control\"><\/div><\/button><div  class=\"w-tabs-section-content\" id=\"content-t5ed\"><div class=\"w-tabs-section-content-h i-cf\"><div class=\"wpb_text_column\"><div class=\"wpb_wrapper\"><p><span style=\"font-weight: 400;\">Biz GR\u00dcNE, Wiesbaden'in y\u00f6netiminde a\u00e7\u0131k kaynakl\u0131 yaz\u0131l\u0131mlar\u0131n \u00f6ncelikli kullan\u0131m\u0131 yoluyla Wiesbaden'in dijital egemenli\u011fini g\u00fc\u00e7lendirmek istiyoruz. Tescilli sistemler kademeli olarak Wiesbaden'deki yerel ihtiya\u00e7lara esnek bir \u015fekilde uyarlanabilen a\u00e7\u0131k \u00e7\u00f6z\u00fcmlerle de\u011fi\u015ftirilecektir. Bunu ba\u015farmak i\u00e7in gerekli \u00e7er\u00e7eve ko\u015fullar\u0131na ba\u011fl\u0131y\u0131z: B\u00f6lgesel BT hizmet sa\u011flay\u0131c\u0131lar\u0131 ve \u00fcniversitelerle i\u015fbirli\u011fi i\u00e7inde \u00e7al\u0131\u015fanlar i\u00e7in e\u011fitim ve profesyonel destek. Bu \u015fekilde, \u00e7al\u0131\u015fanlar\u0131 yaln\u0131z b\u0131rakmadan inovasyonu te\u015fvik ediyor, ba\u011f\u0131ml\u0131l\u0131klardan ka\u00e7\u0131n\u0131yor, \u015feffafl\u0131k yarat\u0131yor, veri korumas\u0131n\u0131 g\u00fc\u00e7lendiriyor ve \u015fehrimizin dijital egemenli\u011fini art\u0131r\u0131yoruz.<\/span><\/p>\n<\/div><\/div><\/div><\/div><\/div><div class=\"w-tabs-section has_text_color\" id=\"c709\" style=\"background:var(--color-header-transparent-text);color:var(--color-header-top-text-hover);\"><button class=\"w-tabs-section-header\" aria-controls=\"content-c709\" aria-expanded=\"false\"><div class=\"w-tabs-section-title\">Wiesbaden'in gelece\u011fi i\u00e7in BT<\/div><div class=\"w-tabs-section-control\"><\/div><\/button><div  class=\"w-tabs-section-content\" id=\"content-c709\"><div class=\"w-tabs-section-content-h i-cf\"><div class=\"wpb_text_column\"><div class=\"wpb_wrapper\"><p><span style=\"font-weight: 400;\">Kentsel BT s\u00fcre\u00e7lerini konsolide etmek ve hem Wiesbaden i\u00e7inde hem de di\u011fer belediyelerle i\u015fbirli\u011fi i\u00e7inde daha verimli hale getirmek istiyoruz. Ama\u00e7, s\u00fcre\u00e7leri daha iyi birbirine ba\u011flamak, ofisler aras\u0131ndaki koordinasyonu g\u00fc\u00e7lendirmek ve bireysel eylemlerden ka\u00e7\u0131nmakt\u0131r. Ayr\u0131ca, kaynaklar\u0131 bir araya getirmek, maliyetleri azaltmak ve operasyonel g\u00fcvenli\u011fi art\u0131rmak i\u00e7in kentsel BT s\u00fcre\u00e7lerinin ortak, merkezi hizmet ve s\u00fcre\u00e7 sa\u011flama potansiyelleri a\u00e7\u0131s\u0131ndan incelenmesini istiyoruz. Di\u011fer belediyelerle ortak \u00e7\u00f6z\u00fcmler \u00f6l\u00e7eklendirme etkileri yarat\u0131r, maliyetleri d\u00fc\u015f\u00fcr\u00fcr ve g\u00fcvenlik, performans ve hizmet kalitesini art\u0131r\u0131r. Bu, Wiesbaden'in y\u00f6netimini daha verimli ve kullan\u0131c\u0131 dostu hale getirir.<\/span><\/p>\n<\/div><\/div><\/div><\/div><\/div><div class=\"w-tabs-section has_text_color\" id=\"l828\" style=\"background:var(--color-header-transparent-text);color:var(--color-header-top-text-hover);\"><button class=\"w-tabs-section-header\" aria-controls=\"content-l828\" aria-expanded=\"false\"><div class=\"w-tabs-section-title\">Dijital g\u00fcvenlik<\/div><div class=\"w-tabs-section-control\"><\/div><\/button><div  class=\"w-tabs-section-content\" id=\"content-l828\"><div class=\"w-tabs-section-content-h i-cf\"><div class=\"wpb_text_column\"><div class=\"wpb_wrapper\"><p><span style=\"font-weight: 400;\">Modern koruma sistemlerinin geli\u015ftirilmesi, d\u00fczenli g\u00fcvenlik denetimlerinin y\u00fcr\u00fct\u00fclmesi ve dijital risklerle ba\u015fa \u00e7\u0131kmada kentsel personelin s\u00fcrekli e\u011fitimi de dahil olmak \u00fczere Wiesbaden'de BT g\u00fcvenli\u011finin tutarl\u0131 bir \u015fekilde g\u00fc\u00e7lendirilmesini taahh\u00fct ediyoruz. Bu \u015fekilde, \u015fehrin a\u011flar\u0131n\u0131 ve sistemlerini siber sald\u0131r\u0131lara kar\u015f\u0131 daha dayan\u0131kl\u0131 hale getiriyor ve hassas verilerin g\u00fcvenilir bir \u015fekilde korunmas\u0131n\u0131 sa\u011fl\u0131yoruz. Sadece y\u00fcksek BT g\u00fcvenli\u011fi ile dijital y\u00f6netim g\u00fcvenilir ve Wiesbaden gelece\u011fe d\u00f6n\u00fck kal\u0131r. Wiesbaden sakinlerinin verileri g\u00fcvenli bir \u015fekilde korunmal\u0131d\u0131r.<\/span><\/p>\n<\/div><\/div><\/div><\/div><\/div><div class=\"w-tabs-section has_text_color\" id=\"u940\" style=\"background:var(--color-header-transparent-text);color:var(--color-header-top-text-hover);\"><button class=\"w-tabs-section-header\" aria-controls=\"content-u940\" aria-expanded=\"false\"><div class=\"w-tabs-section-title\">Yapay zekay\u0131 sorumlu bir \u015fekilde kullan\u0131n<\/div><div class=\"w-tabs-section-control\"><\/div><\/button><div  class=\"w-tabs-section-content\" id=\"content-u940\"><div class=\"w-tabs-section-content-h i-cf\"><div class=\"wpb_text_column\"><div class=\"wpb_wrapper\"><p><span style=\"font-weight: 400;\">Yapay zeka, y\u00f6netim ve kentsel geli\u015fim i\u00e7in b\u00fcy\u00fck f\u0131rsatlar sunuyor. Yapay zeka destekli sistemlerin, talepleri daha h\u0131zl\u0131 i\u015flemek, vatanda\u015flar i\u00e7in hizmetleri basitle\u015ftirmek ve kaynaklar\u0131 daha verimli kullanmak i\u00e7in vatanda\u015flar i\u00e7in ger\u00e7ek katma de\u011fer yaratt\u0131klar\u0131 y\u00f6netimde \u00f6zel olarak kullan\u0131lmas\u0131n\u0131 istiyoruz. \u015eeffafl\u0131k, veri koruma ve kullan\u0131c\u0131 y\u00f6nelimi en \u00f6nemli \u00f6nceliklerdir. Buna ek olarak, Wiesbaden'de y\u00f6netim, i\u015f ve bilimi birbirine ba\u011flayan ve yenilik\u00e7i uygulamalar\u0131 sorumlu bir \u015fekilde te\u015fvik eden bir AI yetkinlik merkezine ba\u011fl\u0131y\u0131z.<\/span><\/p>\n<\/div><\/div><\/div><\/div><\/div><div class=\"w-tabs-section has_text_color\" id=\"ua57\" style=\"background:var(--color-header-transparent-text);color:var(--color-header-top-text-hover);\"><button class=\"w-tabs-section-header\" aria-controls=\"content-ua57\" aria-expanded=\"false\"><div class=\"w-tabs-section-title\">Ak\u0131ll\u0131 \u015fehir 2.0<\/div><div class=\"w-tabs-section-control\"><\/div><\/button><div  class=\"w-tabs-section-content\" id=\"content-ua57\"><div class=\"w-tabs-section-content-h i-cf\"><div class=\"wpb_text_column\"><div class=\"wpb_wrapper\"><p><span style=\"font-weight: 400;\">\u015eehri dijital ara\u00e7larla daha ak\u0131ll\u0131 hale getirmenin bir\u00e7ok yolu var. Dijital ara\u00e7larla, Wiesbaden'deki hayat\u0131 daha ak\u0131ll\u0131, daha verimli ve daha ya\u015fanabilir hale getirmek istiyoruz - kat\u0131l\u0131m, \u015feffafl\u0131k ve ortak eylemle. En iyi fikirler diyalogdan gelir. Bu nedenle, vatanda\u015flar\u0131n at\u00f6lyelerde hareketlilik, y\u00f6netim veya s\u00fcrd\u00fcr\u00fclebilir kentsel kalk\u0131nma gibi dijital konular\u0131 \u015fekillendirebilmelerini istiyoruz. \u015eehir toplumuna en b\u00fcy\u00fck fayday\u0131 sa\u011flayan Ak\u0131ll\u0131 \u015eehir fikirlerinin uygulanmas\u0131nda siyasi olarak destek olmak istiyoruz.<\/span><\/p>\n<\/div><\/div><\/div><\/div><\/div><div class=\"w-tabs-section has_text_color\" id=\"cb70\" style=\"background:var(--color-header-transparent-text);color:var(--color-header-top-text-hover);\"><button class=\"w-tabs-section-header\" aria-controls=\"content-cb70\" aria-expanded=\"false\"><div class=\"w-tabs-section-title\">Dijital laboratuvarlar\u0131n g\u00fc\u00e7lendirilmesi<\/div><div class=\"w-tabs-section-control\"><\/div><\/button><div  class=\"w-tabs-section-content\" id=\"content-cb70\"><div class=\"w-tabs-section-content-h i-cf\"><div class=\"wpb_text_column\"><div class=\"wpb_wrapper\"><p><span style=\"font-weight: 400;\">Zukunftswerk gibi mevcut inovasyon lokasyonlar\u0131n\u0131n finansman\u0131n\u0131 g\u00fcvence alt\u0131na al\u0131yoruz ve dijital kentsel geli\u015fimin ayr\u0131lmaz bir par\u00e7as\u0131 olarak geni\u015fletilmesini istiyoruz. Ayn\u0131 zamanda, dijital laboratuvarlar ve giri\u015fimler, \u00f6zellikle gen\u00e7lere dijital konularda erken ya\u015fta ilham vermek i\u00e7in, \u00f6rne\u011fin tatil d\u00f6nemlerinde veya okullarda deneyleri, at\u00f6lyeleri ve projeleri  \u2047  te\u015fvik etmektedir. Bunu desteklemek istiyoruz. Ayr\u0131ca, bir onar\u0131m kafesinde modellenen  \u2047 digital caf\u00e9 \u2047  gibi d\u00fc\u015f\u00fck e\u015fikli teklifler yaratmaya da kararl\u0131y\u0131z: Burada vatanda\u015flar soru sorabilir, \u00e7\u00f6z\u00fcmler \u00fczerinde birlikte \u00e7al\u0131\u015fabilir veya yeni teknolojiler hakk\u0131nda bilgi edinebilir. Bu \u00e7ok y\u00f6nl\u00fc test laboratuvarlar\u0131 ile de\u011fi\u015fim, birlikte yaratma ve yenili\u011fi te\u015fvik ediyoruz ve dijitalle\u015fmeyi Wiesbaden'deki herkes i\u00e7in somut hale getiriyoruz.<\/span><\/p>\n<\/div><\/div><\/div><\/div><\/div><\/div><\/div><div class=\"w-separator size_medium\"><\/div><div class=\"w-btn-wrapper align_left\"><a class=\"w-btn us-btn-style_8 icon_atleft\" href=\"https:\/\/gruene-wiesbaden.de\/tr\/kommunalwahl\/#Kapitel1\"><i class=\"fas fa-chevron-circle-right\"><\/i><span class=\"w-btn-label\">Genel bak\u0131\u015fa geri d\u00f6n<\/span><\/a><\/div><div class=\"w-separator size_large\"><\/div><div class=\"wpb_text_column\"><div class=\"wpb_wrapper\"><h1>\u015eimdiye kadar ba\u015fard\u0131klar\u0131m\u0131z<\/h1>\n<\/div><\/div><div class=\"w-separator size_medium\"><\/div><div class=\"w-tabs us_custom_42d693a0 has_text_color style_default switch_click accordion has_scrolling\" style=\"--sections-title-size:1.4rem\"><div class=\"w-tabs-sections titles-align_none icon_chevron cpos_right\"><div class=\"w-tabs-section has_text_color\" id=\"z302\" style=\"background:var(--color-header-transparent-text);color:var(--color-header-top-text-hover);\"><button class=\"w-tabs-section-header\" aria-controls=\"content-z302\" aria-expanded=\"false\"><div class=\"w-tabs-section-title\">Wiesbaden \u015fehrinin yeni web sitesi<\/div><div class=\"w-tabs-section-control\"><\/div><\/button><div  class=\"w-tabs-section-content\" id=\"content-z302\"><div class=\"w-tabs-section-content-h i-cf\"><div class=\"wpb_text_column\"><div class=\"wpb_wrapper\"><p><span style=\"font-weight: 400;\">Wiesbaden \u015eehri, bilgi ve hizmetlere eri\u015fimi kolayla\u015ft\u0131rmak i\u00e7in web sitesini modernize etti. Site engelsizdir ve 12 dilde i\u00e7erik sunar. Ayr\u0131ca, eri\u015filebilirli\u011fi daha da art\u0131rmak i\u00e7in kolay dilde ve Almanca i\u015faret dilinde i\u00e7erik sunulacakt\u0131r.<\/span><\/p>\n<\/div><\/div><\/div><\/div><\/div><div class=\"w-tabs-section has_text_color\" id=\"g43d\" style=\"background:var(--color-header-transparent-text);color:var(--color-header-top-text-hover);\"><button class=\"w-tabs-section-header\" aria-controls=\"content-g43d\" aria-expanded=\"false\"><div class=\"w-tabs-section-title\">Giderek daha fazla dijital hizmet g\u00fcnl\u00fck hayat\u0131 kolayla\u015ft\u0131r\u0131yor<\/div><div class=\"w-tabs-section-control\"><\/div><\/button><div  class=\"w-tabs-section-content\" id=\"content-g43d\"><div class=\"w-tabs-section-content-h i-cf\"><div class=\"wpb_text_column\"><div class=\"wpb_wrapper\"><p><span style=\"font-weight: 400;\">Wiesbaden'de vatanda\u015flar \u00e7evrimi\u00e7i olarak \u00e7ok say\u0131da kentsel hizmete eri\u015febilir. Kay\u0131t sertifikalar\u0131 veya iyi davran\u0131\u015f sertifikalar\u0131 evinizin rahatl\u0131\u011f\u0131nda uygulanabilir. Vatanda\u015fl\u0131k Ofisi veya pasaportlar i\u00e7in randevular da dijital olarak rezerve edilebilir, bu da bekleme s\u00fcrelerini \u00f6nemli \u00f6l\u00e7\u00fcde azalt\u0131r. Etkile\u015fimli \u015fehir haritas\u0131, okullar\u0131, kre\u015fleri, spor tesislerini veya otoparklar\u0131 bulmay\u0131 kolayla\u015ft\u0131r\u0131r ve \u00e7al\u0131\u015fma saatleri, teklifler ve eri\u015filebilirlik hakk\u0131nda ek bilgi sa\u011flar. Vatanda\u015flar, \u00f6rne\u011fin \u015fantiyeler, ula\u015f\u0131m veya sivil koruma hakk\u0131nda uygulamalar ve dijital b\u00fcltenler hakk\u0131nda her zaman bilgi sahibi olurlar.<\/span><\/p>\n<p><span style=\"font-weight: 400;\">K\u00fclt\u00fcrel ve bo\u015f zaman etkinlikleri de \u00e7evrimi\u00e7i olarak mevcuttur: Belediye tiyatrolar\u0131, m\u00fczeler veya spor etkinlikleri i\u00e7in biletler dijital olarak rezerve edilebilir ve sanal turlar veya etkinlikler de teklifi geni\u015fletir. \u015eehirdeki barbek\u00fc alanlar\u0131 ve \u015fehir evleri de \u00e7evrimi\u00e7i olarak uygun bir \u015fekilde rezerve edilebilir.<\/span><\/p>\n<\/div><\/div><\/div><\/div><\/div><div class=\"w-tabs-section has_text_color\" id=\"a556\" style=\"background:var(--color-header-transparent-text);color:var(--color-header-top-text-hover);\"><button class=\"w-tabs-section-header\" aria-controls=\"content-a556\" aria-expanded=\"false\"><div class=\"w-tabs-section-title\">Wiesbaden \u015fehri hakk\u0131nda herkes i\u00e7in dijital olarak mevcut bilgiler<\/div><div class=\"w-tabs-section-control\"><\/div><\/button><div  class=\"w-tabs-section-content\" id=\"content-a556\"><div class=\"w-tabs-section-content-h i-cf\"><div class=\"wpb_text_column\"><div class=\"wpb_wrapper\"><p><span style=\"font-weight: 400;\">Wiesbaden, vatanda\u015flara ve ilgili taraflara \u015fehir hakk\u0131nda dijital olarak kapsaml\u0131 bilgi sa\u011flar. Dijital \u0130statistik Y\u0131ll\u0131\u011f\u0131, etkile\u015fimli haritalar ve Excel elektronik tablolar\u0131yla tamamlanan ayr\u0131nt\u0131l\u0131 veriler ve istatistikler sunarak ilgili t\u00fcm kentsel metriklere h\u0131zl\u0131 ve \u015feffaf bir bak\u0131\u015f a\u00e7\u0131s\u0131 sa\u011flar.<\/span><\/p>\n<\/div><\/div><\/div><\/div><\/div><div class=\"w-tabs-section has_text_color\" id=\"t66f\" style=\"background:var(--color-header-middle-bg);color:var(--color-content-heading);\"><button class=\"w-tabs-section-header\" aria-controls=\"content-t66f\" aria-expanded=\"false\"><div class=\"w-tabs-section-title\">Kids Fox kre\u015f uygulamas\u0131yla tan\u0131\u015f\u0131n<\/div><div class=\"w-tabs-section-control\"><\/div><\/button><div  class=\"w-tabs-section-content\" id=\"content-t66f\"><div class=\"w-tabs-section-content-h i-cf\"><div class=\"wpb_text_column\"><div class=\"wpb_wrapper\"><p><span style=\"font-weight: 400;\">2025'ten bu yana, Kids Fox uygulamas\u0131 42 kentsel g\u00fcnl\u00fck bak\u0131m merkezinin tamam\u0131nda tan\u0131t\u0131ld\u0131. Bu, ileti\u015fim ve organizasyonda ebeveynleri ve kre\u015f personelini destekler. Uygulama, 27 dilde otomatik \u00e7eviri i\u015flevi sunar.<\/span><\/p>\n<\/div><\/div><\/div><\/div><\/div><div class=\"w-tabs-section has_text_color\" id=\"i78e\" style=\"background:var(--color-header-transparent-text);color:var(--color-header-top-text-hover);\"><button class=\"w-tabs-section-header\" aria-controls=\"content-i78e\" aria-expanded=\"false\"><div class=\"w-tabs-section-title\">Herkes i\u00e7in \u015feffaf veriler<\/div><div class=\"w-tabs-section-control\"><\/div><\/button><div  class=\"w-tabs-section-content\" id=\"content-i78e\"><div class=\"w-tabs-section-content-h i-cf\"><div class=\"wpb_text_column\"><div class=\"wpb_wrapper\"><p><span style=\"font-weight: 400;\">Yeni A\u00e7\u0131k Veri Stratejisi, 2025 sonbahar\u0131na kadar Wiesbaden'de merkezi bir platform olu\u015fturacak ve vatanda\u015flara, i\u015fletmelere ve akademiye \u00fccretsiz olarak eri\u015filebilen verileri \u015feffafl\u0131k ve yenilik i\u00e7in bir kilometre ta\u015f\u0131 haline getirecek.<\/span><\/p>\n<\/div><\/div><\/div><\/div><\/div><div class=\"w-tabs-section has_text_color\" id=\"y8a2\" style=\"background:var(--color-header-transparent-text);color:var(--color-header-top-text-hover);\"><button class=\"w-tabs-section-header\" aria-controls=\"content-y8a2\" aria-expanded=\"false\"><div class=\"w-tabs-section-title\">Bilgi \u00d6zg\u00fcrl\u00fc\u011f\u00fc G\u00fc\u00e7lendirildi<\/div><div class=\"w-tabs-section-control\"><\/div><\/button><div  class=\"w-tabs-section-content\" id=\"content-y8a2\"><div class=\"w-tabs-section-content-h i-cf\"><div class=\"wpb_text_column\"><div class=\"wpb_wrapper\"><p><span style=\"font-weight: 400;\">Bilgi Edinme \u00d6zg\u00fcrl\u00fc\u011f\u00fc Stat\u00fcs\u00fc, Ocak 2023'ten bu yana Wiesbaden'de y\u00fcr\u00fcrl\u00fcktedir. Vatanda\u015flara resmi bilgilere karma\u015f\u0131k olmayan eri\u015fim sa\u011flar ve b\u00f6ylece g\u00fcveni ve demokratik kat\u0131l\u0131m\u0131 g\u00fc\u00e7lendirir.<\/span><\/p>\n<\/div><\/div><\/div><\/div><\/div><div class=\"w-tabs-section has_text_color\" id=\"d9b5\" style=\"background:var(--color-header-transparent-text);color:var(--color-header-top-text-hover);\"><button class=\"w-tabs-section-header\" aria-controls=\"content-d9b5\" aria-expanded=\"false\"><div class=\"w-tabs-section-title\">Siyaset Canl\u0131 Ya\u015fanabilir<\/div><div class=\"w-tabs-section-control\"><\/div><\/button><div  class=\"w-tabs-section-content\" id=\"content-d9b5\"><div class=\"w-tabs-section-content-h i-cf\"><div class=\"wpb_text_column\"><div class=\"wpb_wrapper\"><p><span style=\"font-weight: 400;\">Mart 2024'ten bu yana, Belediye Meclisi toplant\u0131lar\u0131 YouTube'da canl\u0131 olarak yay\u0131nland\u0131. Bu, yerel siyaseti daha \u015feffaf hale getirir ve herkesin kararlara eri\u015fmesini kolayla\u015ft\u0131r\u0131r.<\/span><\/p>\n<\/div><\/div><\/div><\/div><\/div><div class=\"w-tabs-section has_text_color\" id=\"qac8\" style=\"background:var(--color-header-transparent-text);color:var(--color-header-top-text-hover);\"><button class=\"w-tabs-section-header\" aria-controls=\"content-qac8\" aria-expanded=\"false\"><div class=\"w-tabs-section-title\">F\u0131rsatlar platformu Wiesbaden<\/div><div class=\"w-tabs-section-control\"><\/div><\/button><div  class=\"w-tabs-section-content\" id=\"content-qac8\"><div class=\"w-tabs-section-content-h i-cf\"><div class=\"wpb_text_column\"><div class=\"wpb_wrapper\"><p><span style=\"font-weight: 400;\">F\u0131rsatlar Platformu, 2022 y\u0131l\u0131nda WI WORK LIFE ?? End\u00fcstri Becerileri Giri\u015fimi'nin bir par\u00e7as\u0131 olarak ba\u015flat\u0131ld\u0131. Vatanda\u015flara e\u011fitim, \u00f6\u011fretim ve kariyer alanlar\u0131nda dijital destek sunar ve Wiesbaden'deki i\u015f tekliflerine, ileri e\u011fitime ve \u00e7\u0131rakl\u0131klara eri\u015fimi kolayla\u015ft\u0131r\u0131r.<\/span><\/p>\n<\/div><\/div><\/div><\/div><\/div><div class=\"w-tabs-section has_text_color\" id=\"tbe1\" style=\"background:var(--color-header-transparent-text);color:var(--color-header-top-text-hover);\"><button class=\"w-tabs-section-header\" aria-controls=\"content-tbe1\" aria-expanded=\"false\"><div class=\"w-tabs-section-title\">E\u011fitim radar\u0131 Wiesbaden<\/div><div class=\"w-tabs-section-control\"><\/div><\/button><div  class=\"w-tabs-section-content\" id=\"content-tbe1\"><div class=\"w-tabs-section-content-h i-cf\"><div class=\"wpb_text_column\"><div class=\"wpb_wrapper\"><p><span style=\"font-weight: 400;\">E\u011fitim radar\u0131 2025 y\u0131l\u0131nda tan\u0131t\u0131ld\u0131. Bu dijital platform arac\u0131l\u0131\u011f\u0131yla \u015firketler, kapasite nedenleriyle i\u015fe alamayacaklar\u0131 uygun ba\u015fvuru sahiplerini Wiesbaden merkezli di\u011fer \u015firketlere \u00f6nerebilirler. Bu \u015fekilde, b\u00f6lgedeki e\u011fitim f\u0131rsatlar\u0131 \u015feffaf ve kolay eri\u015filebilir olmaya devam etmektedir.<\/span><\/p>\n<\/div><\/div><\/div><\/div><\/div><div class=\"w-tabs-section has_text_color\" id=\"ucf7\" style=\"background:var(--color-header-transparent-text);color:var(--color-header-top-text-hover);\"><button class=\"w-tabs-section-header\" aria-controls=\"content-ucf7\" aria-expanded=\"false\"><div class=\"w-tabs-section-title\">End\u00fcstri Nitelikli \u0130\u015f\u00e7iler \u0130nisiyatifi Forumu<\/div><div class=\"w-tabs-section-control\"><\/div><\/button><div  class=\"w-tabs-section-content\" id=\"content-ucf7\"><div class=\"w-tabs-section-content-h i-cf\"><div class=\"wpb_text_column\"><div class=\"wpb_wrapper\"><p><span style=\"font-weight: 400;\">Forum Yetenek Giri\u015fimi End\u00fcstrisi 2022 y\u0131l\u0131nda kuruldu. Profesyonelleri dijital olarak birbirine ba\u011flar ve \u015firketleri yetenek bulma ve tan\u0131tma konusunda destekler. Ayn\u0131 zamanda, Wiesbaden'de kalifiye i\u015f\u00e7ilerin tutulmas\u0131n\u0131 g\u00fc\u00e7lendirmek i\u00e7in end\u00fcstri, e\u011fitim kurumlar\u0131 ve kurulu\u015flar aras\u0131nda profesyonel al\u0131\u015fveri\u015fi kolayla\u015ft\u0131r\u0131r.<\/span><\/p>\n<\/div><\/div><\/div><\/div><\/div><div class=\"w-tabs-section has_text_color\" id=\"ee10\" style=\"background:var(--color-header-transparent-text);color:var(--color-header-top-text-hover);\"><button class=\"w-tabs-section-header\" aria-controls=\"content-ee10\" aria-expanded=\"false\"><div class=\"w-tabs-section-title\">\u0130n\u015faat y\u00f6netiminin dijitalle\u015ftirilmesi<\/div><div class=\"w-tabs-section-control\"><\/div><\/button><div  class=\"w-tabs-section-content\" id=\"content-ee10\"><div class=\"w-tabs-section-content-h i-cf\"><div class=\"wpb_text_column\"><div class=\"wpb_wrapper\"><p><span style=\"font-weight: 400;\">Wiesbaden, in\u015faat s\u00fcre\u00e7lerini daha h\u0131zl\u0131, daha \u015feffaf ve dijital olarak eri\u015filebilir hale getirir. Mimarlar ve in\u015faat\u00e7\u0131lar, bina ba\u015fvurular\u0131n\u0131n yan\u0131 s\u0131ra bina izinleri ve an\u0131t koruma ba\u015fvurular\u0131n\u0131 tamamen \u00e7evrimi\u00e7i olarak sunarlar. 2023'ten bu yana hibrid in\u015faat uygulamas\u0131yla, belgelerin PDF olarak dijital olarak sunulmas\u0131 m\u00fcmk\u00fcnd\u00fcr  \u2047  bas\u0131l\u0131 kopyalar yaln\u0131zca bir kez daha gereklidir. Ayn\u0131 zamanda, dijital dosya eri\u015fimi, in\u015faat\u00e7\u0131lar\u0131n bina dosyalar\u0131n\u0131 \u00e7evrimi\u00e7i olarak g\u00f6r\u00fcnt\u00fclemelerini ve gerekli belgeleri do\u011frudan y\u00fcklemelerini sa\u011flar. Bu, onay s\u00fcre\u00e7lerini ilgili herkes i\u00e7in \u00e7ok daha verimli ve kullan\u0131\u015fl\u0131 hale getirir.<\/span><\/p>\n<\/div><\/div><\/div><\/div><\/div><\/div><\/div><div class=\"w-separator size_medium\"><\/div><div class=\"w-btn-wrapper align_left\"><a class=\"w-btn us-btn-style_8 icon_atleft\" href=\"https:\/\/gruene-wiesbaden.de\/tr\/kommunalwahl\/#Kapitel1\"><i class=\"fas fa-chevron-circle-right\"><\/i><span class=\"w-btn-label\">Genel bak\u0131\u015fa geri d\u00f6n<\/span><\/a><\/div><div class=\"w-separator size_large\"><\/div><\/div><\/div><\/div><\/div><\/section>","protected":false},"excerpt":{"rendered":"Dijital altyap\u0131 ve t\u00fcm dijital hizmetlerDijital hizmetler teknik ara\u00e7lardan daha fazlas\u0131d\u0131r ve y\u00f6netimin t\u00fcm Wiesbadeners i\u00e7in h\u0131zl\u0131, kolay ve \u015feffaf bir \u015fekilde \u00e7al\u0131\u015fmas\u0131n\u0131 sa\u011flamak i\u00e7in \u00e7ok \u00f6nemlidir. Kay\u0131tlar\u0131 tamamlamay\u0131, Vatanda\u015fl\u0131k Ofisi'nde randevu rezervasyonlar\u0131n\u0131 tamamlamay\u0131 veya \u00e7evrimi\u00e7i ba\u015fvurular\u0131 vermeyi kolayla\u015ft\u0131rarak g\u00fcnl\u00fck hayat\u0131 kolayla\u015ft\u0131r\u0131rlar. Dijital kat\u0131l\u0131m sadece bir internet ba\u011flant\u0131s\u0131ndan daha fazlas\u0131d\u0131r  \u2047  bu bir \u00f6nko\u015fuldur...","protected":false},"author":1,"featured_media":1511,"comment_status":"closed","ping_status":"closed","sticky":false,"template":"","format":"standard","meta":{"footnotes":""},"categories":[14],"tags":[],"class_list":["post-1335","post","type-post","status-publish","format-standard","has-post-thumbnail","hentry","category-kapitel-1"],"yoast_head":"<!-- This site is optimized with the Yoast SEO plugin v27.5 - https:\/\/yoast.com\/product\/yoast-seo-wordpress\/ -->\n<title>Digitale Infrastruktur und digitale Services f\u00fcr alle - B\u00dcNDNIS 90\/DIE GR\u00dcNEN Wiesbaden<\/title>\n<meta name=\"robots\" content=\"index, follow, max-snippet:-1, max-image-preview:large, max-video-preview:-1\" \/>\n<link rel=\"canonical\" href=\"https:\/\/gruene-wiesbaden.de\/tr\/digitale-infrastruktur-und-digitale-services-fuer-alle\/\" \/>\n<meta property=\"og:locale\" content=\"tr_TR\" \/>\n<meta property=\"og:type\" content=\"article\" \/>\n<meta property=\"og:title\" content=\"Digitale Infrastruktur und digitale Services f\u00fcr alle - B\u00dcNDNIS 90\/DIE GR\u00dcNEN Wiesbaden\" \/>\n<meta property=\"og:url\" content=\"https:\/\/gruene-wiesbaden.de\/tr\/digitale-infrastruktur-und-digitale-services-fuer-alle\/\" \/>\n<meta property=\"og:site_name\" content=\"B\u00dcNDNIS 90\/DIE GR\u00dcNEN Wiesbaden\" \/>\n<meta property=\"article:publisher\" content=\"https:\/\/www.facebook.com\/gruene.wi\" \/>\n<meta property=\"article:published_time\" content=\"2025-11-09T21:49:11+00:00\" \/>\n<meta property=\"article:modified_time\" content=\"2026-04-08T22:16:13+00:00\" \/>\n<meta property=\"og:image\" content=\"https:\/\/gruene-wiesbaden.de\/wp-content\/uploads\/2025\/11\/1.8-Digitale-Infrastruktur-und-digitale-Services-fuer-alle-scaled.jpeg\" \/>\n\t<meta property=\"og:image:width\" content=\"1991\" \/>\n\t<meta property=\"og:image:height\" content=\"2560\" \/>\n\t<meta property=\"og:image:type\" content=\"image\/jpeg\" \/>\n<meta name=\"author\" content=\"admin\" \/>\n<meta name=\"twitter:card\" content=\"summary_large_image\" \/>\n<meta name=\"twitter:label1\" content=\"Yazan:\" \/>\n\t<meta name=\"twitter:data1\" content=\"admin\" \/>\n\t<meta name=\"twitter:label2\" content=\"Tahmini okuma s\u00fcresi\" \/>\n\t<meta name=\"twitter:data2\" content=\"12 minutes\" \/>\n<script type=\"application\/ld+json\" class=\"yoast-schema-graph\">{\"@context\":\"https:\\\/\\\/schema.org\",\"@graph\":[{\"@type\":\"Article\",\"@id\":\"https:\\\/\\\/gruene-wiesbaden.de\\\/digitale-infrastruktur-und-digitale-services-fuer-alle\\\/#article\",\"isPartOf\":{\"@id\":\"https:\\\/\\\/gruene-wiesbaden.de\\\/digitale-infrastruktur-und-digitale-services-fuer-alle\\\/\"},\"author\":{\"name\":\"admin\",\"@id\":\"https:\\\/\\\/gruene-wiesbaden.de\\\/#\\\/schema\\\/person\\\/6785c34779159cd4fd86886bb097afe9\"},\"headline\":\"Digitale Infrastruktur und digitale Services f\u00fcr alle\",\"datePublished\":\"2025-11-09T21:49:11+00:00\",\"dateModified\":\"2026-04-08T22:16:13+00:00\",\"mainEntityOfPage\":{\"@id\":\"https:\\\/\\\/gruene-wiesbaden.de\\\/digitale-infrastruktur-und-digitale-services-fuer-alle\\\/\"},\"wordCount\":3375,\"publisher\":{\"@id\":\"https:\\\/\\\/gruene-wiesbaden.de\\\/#organization\"},\"image\":{\"@id\":\"https:\\\/\\\/gruene-wiesbaden.de\\\/digitale-infrastruktur-und-digitale-services-fuer-alle\\\/#primaryimage\"},\"thumbnailUrl\":\"https:\\\/\\\/gruene-wiesbaden.de\\\/wp-content\\\/uploads\\\/2025\\\/11\\\/1.8-Digitale-Infrastruktur-und-digitale-Services-fuer-alle-scaled.jpeg\",\"articleSection\":[\"Kapitel 1\"],\"inLanguage\":\"tr-TR\"},{\"@type\":\"WebPage\",\"@id\":\"https:\\\/\\\/gruene-wiesbaden.de\\\/digitale-infrastruktur-und-digitale-services-fuer-alle\\\/\",\"url\":\"https:\\\/\\\/gruene-wiesbaden.de\\\/digitale-infrastruktur-und-digitale-services-fuer-alle\\\/\",\"name\":\"Digitale Infrastruktur und digitale Services f\u00fcr alle - B\u00dcNDNIS 90\\\/DIE GR\u00dcNEN Wiesbaden\",\"isPartOf\":{\"@id\":\"https:\\\/\\\/gruene-wiesbaden.de\\\/#website\"},\"primaryImageOfPage\":{\"@id\":\"https:\\\/\\\/gruene-wiesbaden.de\\\/digitale-infrastruktur-und-digitale-services-fuer-alle\\\/#primaryimage\"},\"image\":{\"@id\":\"https:\\\/\\\/gruene-wiesbaden.de\\\/digitale-infrastruktur-und-digitale-services-fuer-alle\\\/#primaryimage\"},\"thumbnailUrl\":\"https:\\\/\\\/gruene-wiesbaden.de\\\/wp-content\\\/uploads\\\/2025\\\/11\\\/1.8-Digitale-Infrastruktur-und-digitale-Services-fuer-alle-scaled.jpeg\",\"datePublished\":\"2025-11-09T21:49:11+00:00\",\"dateModified\":\"2026-04-08T22:16:13+00:00\",\"breadcrumb\":{\"@id\":\"https:\\\/\\\/gruene-wiesbaden.de\\\/digitale-infrastruktur-und-digitale-services-fuer-alle\\\/#breadcrumb\"},\"inLanguage\":\"tr-TR\",\"potentialAction\":[{\"@type\":\"ReadAction\",\"target\":[\"https:\\\/\\\/gruene-wiesbaden.de\\\/digitale-infrastruktur-und-digitale-services-fuer-alle\\\/\"]}]},{\"@type\":\"ImageObject\",\"inLanguage\":\"tr-TR\",\"@id\":\"https:\\\/\\\/gruene-wiesbaden.de\\\/digitale-infrastruktur-und-digitale-services-fuer-alle\\\/#primaryimage\",\"url\":\"https:\\\/\\\/gruene-wiesbaden.de\\\/wp-content\\\/uploads\\\/2025\\\/11\\\/1.8-Digitale-Infrastruktur-und-digitale-Services-fuer-alle-scaled.jpeg\",\"contentUrl\":\"https:\\\/\\\/gruene-wiesbaden.de\\\/wp-content\\\/uploads\\\/2025\\\/11\\\/1.8-Digitale-Infrastruktur-und-digitale-Services-fuer-alle-scaled.jpeg\",\"width\":1991,\"height\":2560},{\"@type\":\"BreadcrumbList\",\"@id\":\"https:\\\/\\\/gruene-wiesbaden.de\\\/digitale-infrastruktur-und-digitale-services-fuer-alle\\\/#breadcrumb\",\"itemListElement\":[{\"@type\":\"ListItem\",\"position\":1,\"name\":\"Startseite\",\"item\":\"https:\\\/\\\/gruene-wiesbaden.de\\\/\"},{\"@type\":\"ListItem\",\"position\":2,\"name\":\"Digitale Infrastruktur und digitale Services f\u00fcr alle\"}]},{\"@type\":\"WebSite\",\"@id\":\"https:\\\/\\\/gruene-wiesbaden.de\\\/#website\",\"url\":\"https:\\\/\\\/gruene-wiesbaden.de\\\/\",\"name\":\"DIE GR\u00dcNEN Wiesbaden\",\"description\":\"\",\"publisher\":{\"@id\":\"https:\\\/\\\/gruene-wiesbaden.de\\\/#organization\"},\"potentialAction\":[{\"@type\":\"SearchAction\",\"target\":{\"@type\":\"EntryPoint\",\"urlTemplate\":\"https:\\\/\\\/gruene-wiesbaden.de\\\/?s={search_term_string}\"},\"query-input\":{\"@type\":\"PropertyValueSpecification\",\"valueRequired\":true,\"valueName\":\"search_term_string\"}}],\"inLanguage\":\"tr-TR\"},{\"@type\":\"Organization\",\"@id\":\"https:\\\/\\\/gruene-wiesbaden.de\\\/#organization\",\"name\":\"DIE GR\u00dcNEN Wiesbaden\",\"url\":\"https:\\\/\\\/gruene-wiesbaden.de\\\/\",\"logo\":{\"@type\":\"ImageObject\",\"inLanguage\":\"tr-TR\",\"@id\":\"https:\\\/\\\/gruene-wiesbaden.de\\\/#\\\/schema\\\/logo\\\/image\\\/\",\"url\":\"https:\\\/\\\/gruene-wiesbaden-fuer-europa.de\\\/wp-content\\\/uploads\\\/2024\\\/04\\\/Machen-was-zaehlt-5.png\",\"contentUrl\":\"https:\\\/\\\/gruene-wiesbaden-fuer-europa.de\\\/wp-content\\\/uploads\\\/2024\\\/04\\\/Machen-was-zaehlt-5.png\",\"width\":1772,\"height\":1772,\"caption\":\"DIE GR\u00dcNEN Wiesbaden\"},\"image\":{\"@id\":\"https:\\\/\\\/gruene-wiesbaden.de\\\/#\\\/schema\\\/logo\\\/image\\\/\"},\"sameAs\":[\"https:\\\/\\\/www.facebook.com\\\/gruene.wi\",\"https:\\\/\\\/instagram.com\\\/gruene_wi\"]},{\"@type\":\"Person\",\"@id\":\"https:\\\/\\\/gruene-wiesbaden.de\\\/#\\\/schema\\\/person\\\/6785c34779159cd4fd86886bb097afe9\",\"name\":\"admin\",\"sameAs\":[\"http:\\\/\\\/gruene-wiesbaden-fuer-europa.de\"],\"url\":\"https:\\\/\\\/gruene-wiesbaden.de\\\/tr\\\/author\\\/admin\\\/\"}]}<\/script>\n<!-- \/ Yoast SEO plugin. -->","yoast_head_json":{"title":"Digitale Infrastruktur und digitale Services f\u00fcr alle - B\u00dcNDNIS 90\/DIE GR\u00dcNEN Wiesbaden","robots":{"index":"index","follow":"follow","max-snippet":"max-snippet:-1","max-image-preview":"max-image-preview:large","max-video-preview":"max-video-preview:-1"},"canonical":"https:\/\/gruene-wiesbaden.de\/tr\/digitale-infrastruktur-und-digitale-services-fuer-alle\/","og_locale":"tr_TR","og_type":"article","og_title":"Digitale Infrastruktur und digitale Services f\u00fcr alle - B\u00dcNDNIS 90\/DIE GR\u00dcNEN Wiesbaden","og_url":"https:\/\/gruene-wiesbaden.de\/tr\/digitale-infrastruktur-und-digitale-services-fuer-alle\/","og_site_name":"B\u00dcNDNIS 90\/DIE GR\u00dcNEN Wiesbaden","article_publisher":"https:\/\/www.facebook.com\/gruene.wi","article_published_time":"2025-11-09T21:49:11+00:00","article_modified_time":"2026-04-08T22:16:13+00:00","og_image":[{"width":1991,"height":2560,"url":"https:\/\/gruene-wiesbaden.de\/wp-content\/uploads\/2025\/11\/1.8-Digitale-Infrastruktur-und-digitale-Services-fuer-alle-scaled.jpeg","type":"image\/jpeg"}],"author":"admin","twitter_card":"summary_large_image","twitter_misc":{"Yazan:":"admin","Tahmini okuma s\u00fcresi":"12 minutes"},"schema":{"@context":"https:\/\/schema.org","@graph":[{"@type":"Article","@id":"https:\/\/gruene-wiesbaden.de\/digitale-infrastruktur-und-digitale-services-fuer-alle\/#article","isPartOf":{"@id":"https:\/\/gruene-wiesbaden.de\/digitale-infrastruktur-und-digitale-services-fuer-alle\/"},"author":{"name":"admin","@id":"https:\/\/gruene-wiesbaden.de\/#\/schema\/person\/6785c34779159cd4fd86886bb097afe9"},"headline":"Digitale Infrastruktur und digitale Services f\u00fcr alle","datePublished":"2025-11-09T21:49:11+00:00","dateModified":"2026-04-08T22:16:13+00:00","mainEntityOfPage":{"@id":"https:\/\/gruene-wiesbaden.de\/digitale-infrastruktur-und-digitale-services-fuer-alle\/"},"wordCount":3375,"publisher":{"@id":"https:\/\/gruene-wiesbaden.de\/#organization"},"image":{"@id":"https:\/\/gruene-wiesbaden.de\/digitale-infrastruktur-und-digitale-services-fuer-alle\/#primaryimage"},"thumbnailUrl":"https:\/\/gruene-wiesbaden.de\/wp-content\/uploads\/2025\/11\/1.8-Digitale-Infrastruktur-und-digitale-Services-fuer-alle-scaled.jpeg","articleSection":["Kapitel 1"],"inLanguage":"tr-TR"},{"@type":"WebPage","@id":"https:\/\/gruene-wiesbaden.de\/digitale-infrastruktur-und-digitale-services-fuer-alle\/","url":"https:\/\/gruene-wiesbaden.de\/digitale-infrastruktur-und-digitale-services-fuer-alle\/","name":"Digitale Infrastruktur und digitale Services f\u00fcr alle - B\u00dcNDNIS 90\/DIE GR\u00dcNEN Wiesbaden","isPartOf":{"@id":"https:\/\/gruene-wiesbaden.de\/#website"},"primaryImageOfPage":{"@id":"https:\/\/gruene-wiesbaden.de\/digitale-infrastruktur-und-digitale-services-fuer-alle\/#primaryimage"},"image":{"@id":"https:\/\/gruene-wiesbaden.de\/digitale-infrastruktur-und-digitale-services-fuer-alle\/#primaryimage"},"thumbnailUrl":"https:\/\/gruene-wiesbaden.de\/wp-content\/uploads\/2025\/11\/1.8-Digitale-Infrastruktur-und-digitale-Services-fuer-alle-scaled.jpeg","datePublished":"2025-11-09T21:49:11+00:00","dateModified":"2026-04-08T22:16:13+00:00","breadcrumb":{"@id":"https:\/\/gruene-wiesbaden.de\/digitale-infrastruktur-und-digitale-services-fuer-alle\/#breadcrumb"},"inLanguage":"tr-TR","potentialAction":[{"@type":"ReadAction","target":["https:\/\/gruene-wiesbaden.de\/digitale-infrastruktur-und-digitale-services-fuer-alle\/"]}]},{"@type":"ImageObject","inLanguage":"tr-TR","@id":"https:\/\/gruene-wiesbaden.de\/digitale-infrastruktur-und-digitale-services-fuer-alle\/#primaryimage","url":"https:\/\/gruene-wiesbaden.de\/wp-content\/uploads\/2025\/11\/1.8-Digitale-Infrastruktur-und-digitale-Services-fuer-alle-scaled.jpeg","contentUrl":"https:\/\/gruene-wiesbaden.de\/wp-content\/uploads\/2025\/11\/1.8-Digitale-Infrastruktur-und-digitale-Services-fuer-alle-scaled.jpeg","width":1991,"height":2560},{"@type":"BreadcrumbList","@id":"https:\/\/gruene-wiesbaden.de\/digitale-infrastruktur-und-digitale-services-fuer-alle\/#breadcrumb","itemListElement":[{"@type":"ListItem","position":1,"name":"Startseite","item":"https:\/\/gruene-wiesbaden.de\/"},{"@type":"ListItem","position":2,"name":"Digitale Infrastruktur und digitale Services f\u00fcr alle"}]},{"@type":"WebSite","@id":"https:\/\/gruene-wiesbaden.de\/#website","url":"https:\/\/gruene-wiesbaden.de\/","name":"DIE GR\u00dcNEN Wiesbaden","description":"","publisher":{"@id":"https:\/\/gruene-wiesbaden.de\/#organization"},"potentialAction":[{"@type":"SearchAction","target":{"@type":"EntryPoint","urlTemplate":"https:\/\/gruene-wiesbaden.de\/?s={search_term_string}"},"query-input":{"@type":"PropertyValueSpecification","valueRequired":true,"valueName":"search_term_string"}}],"inLanguage":"tr-TR"},{"@type":"Organization","@id":"https:\/\/gruene-wiesbaden.de\/#organization","name":"DIE GR\u00dcNEN Wiesbaden","url":"https:\/\/gruene-wiesbaden.de\/","logo":{"@type":"ImageObject","inLanguage":"tr-TR","@id":"https:\/\/gruene-wiesbaden.de\/#\/schema\/logo\/image\/","url":"https:\/\/gruene-wiesbaden-fuer-europa.de\/wp-content\/uploads\/2024\/04\/Machen-was-zaehlt-5.png","contentUrl":"https:\/\/gruene-wiesbaden-fuer-europa.de\/wp-content\/uploads\/2024\/04\/Machen-was-zaehlt-5.png","width":1772,"height":1772,"caption":"DIE GR\u00dcNEN Wiesbaden"},"image":{"@id":"https:\/\/gruene-wiesbaden.de\/#\/schema\/logo\/image\/"},"sameAs":["https:\/\/www.facebook.com\/gruene.wi","https:\/\/instagram.com\/gruene_wi"]},{"@type":"Person","@id":"https:\/\/gruene-wiesbaden.de\/#\/schema\/person\/6785c34779159cd4fd86886bb097afe9","name":"admin","sameAs":["http:\/\/gruene-wiesbaden-fuer-europa.de"],"url":"https:\/\/gruene-wiesbaden.de\/tr\/author\/admin\/"}]}},"_links":{"self":[{"href":"https:\/\/gruene-wiesbaden.de\/tr\/wp-json\/wp\/v2\/posts\/1335","targetHints":{"allow":["GET"]}}],"collection":[{"href":"https:\/\/gruene-wiesbaden.de\/tr\/wp-json\/wp\/v2\/posts"}],"about":[{"href":"https:\/\/gruene-wiesbaden.de\/tr\/wp-json\/wp\/v2\/types\/post"}],"author":[{"embeddable":true,"href":"https:\/\/gruene-wiesbaden.de\/tr\/wp-json\/wp\/v2\/users\/1"}],"replies":[{"embeddable":true,"href":"https:\/\/gruene-wiesbaden.de\/tr\/wp-json\/wp\/v2\/comments?post=1335"}],"version-history":[{"count":9,"href":"https:\/\/gruene-wiesbaden.de\/tr\/wp-json\/wp\/v2\/posts\/1335\/revisions"}],"predecessor-version":[{"id":2374,"href":"https:\/\/gruene-wiesbaden.de\/tr\/wp-json\/wp\/v2\/posts\/1335\/revisions\/2374"}],"wp:featuredmedia":[{"embeddable":true,"href":"https:\/\/gruene-wiesbaden.de\/tr\/wp-json\/wp\/v2\/media\/1511"}],"wp:attachment":[{"href":"https:\/\/gruene-wiesbaden.de\/tr\/wp-json\/wp\/v2\/media?parent=1335"}],"wp:term":[{"taxonomy":"category","embeddable":true,"href":"https:\/\/gruene-wiesbaden.de\/tr\/wp-json\/wp\/v2\/categories?post=1335"},{"taxonomy":"post_tag","embeddable":true,"href":"https:\/\/gruene-wiesbaden.de\/tr\/wp-json\/wp\/v2\/tags?post=1335"}],"curies":[{"name":"wp","href":"https:\/\/api.w.org\/{rel}","templated":true}]}}