{"id":1327,"date":"2025-11-09T23:44:50","date_gmt":"2025-11-09T21:44:50","guid":{"rendered":"https:\/\/gruene-wiesbaden.de\/?p=1327"},"modified":"2026-04-08T22:41:01","modified_gmt":"2026-04-08T20:41:01","slug":"stadtentwicklung","status":"publish","type":"post","link":"https:\/\/gruene-wiesbaden.de\/tr\/stadtentwicklung\/","title":{"rendered":"Kentsel geli\u015fim"},"content":{"rendered":"<section class=\"l-section wpb_row height_medium with_img\"><div class=\"l-section-img\" role=\"img\" data-img-width=\"1080\" data-img-height=\"800\" style=\"background-image: url(https:\/\/gruene-wiesbaden.de\/wp-content\/uploads\/2025\/11\/neuer-Verlauf-gruene-wiesbaden.de_-2-e1762709402177.png);\"><\/div><div class=\"l-section-overlay\" style=\"background:var(--color-header-top-transparent-bg)\"><\/div><div class=\"l-section-h i-cf\"><div class=\"g-cols vc_row via_grid cols_1 laptops-cols_inherit tablets-cols_inherit mobiles-cols_1 valign_top type_default stacking_default\"><div class=\"wpb_column vc_column_container\"><div class=\"vc_column-inner\"><h1 class=\"w-post-elm post_title us_custom_a574d586 has_text_color entry-title\">Kentsel geli\u015fim<\/h1><div class=\"w-separator size_medium\"><\/div><div class=\"g-cols wpb_row via_grid cols_2-1 laptops-cols_inherit tablets-cols_inherit mobiles-cols_1 valign_top type_default stacking_default\" style=\"--columns-gap:3rem;\"><div class=\"wpb_column vc_column_container\"><div class=\"vc_column-inner\"><div class=\"wpb_text_column us_custom_8b3d6790 has_text_color\"><div class=\"wpb_wrapper\"><p><span style=\"font-weight: 400;\">Kentsel planlama ve kentsel geli\u015fim, belediyedeki en b\u00fcy\u00fck zorluklar\u0131n anahtar\u0131d\u0131r.<\/span><\/p>\n<p><span style=\"font-weight: 400;\">Aksi takdirde ula\u015f\u0131mda bir de\u011fi\u015fiklik olmayacak, iklim krizine kar\u015f\u0131 koyamayaca\u011f\u0131z, sosyal uyumu s\u00fcrd\u00fcremeyece\u011fiz, g\u00fc\u00e7lendiremeyece\u011fiz veya arazi t\u00fcketimini azaltamayaca\u011f\u0131z.<\/span><\/p>\n<p><span style=\"font-weight: 400;\">Sa\u011fl\u0131k, iyi bir ya\u015fam kalitesi ve ikamet, uygun fiyatl\u0131 konut, sosyal uyum, g\u00fc\u00e7l\u00fc bir i\u015f yeri olsun: T\u00fcm bunlar\u0131 ancak makul, insan \u00f6l\u00e7e\u011finde ve kamu yarar\u0131 odakl\u0131, kapsaml\u0131 d\u00fc\u015f\u00fcn\u00fclm\u00fc\u015f ve planl\u0131 bir kentsel kalk\u0131nma ile ba\u015farabiliriz. B\u00f6lge \u00e7o\u011falt\u0131lamaz. Bu nedenle, mevcut binalardaki alanlar\u0131n a\u00e7\u0131k havada geli\u015ftirilmeden \u00f6nce (d\u0131\u015f geli\u015fimden \u00f6nce i\u00e7 geli\u015fim) kullan\u0131lmas\u0131 gerekir. Mevcut binalar\u0131n yeniden kullan\u0131m\u0131 y\u0131k\u0131mdan \u00f6nce gelir, binalar gelecekte par\u00e7alanabilir olmal\u0131 ve yap\u0131 malzemeleri yeniden kullan\u0131labilir olmal\u0131d\u0131r.<\/span><\/p>\n<\/div><\/div><div class=\"w-separator size_medium\"><\/div><div class=\"w-btn-wrapper align_left\"><a class=\"w-btn us-btn-style_8 icon_atleft\" href=\"https:\/\/gruene-wiesbaden.de\/tr\/kommunalwahl\/#Kapitel1\"><i class=\"fas fa-chevron-circle-right\"><\/i><span class=\"w-btn-label\">Genel bak\u0131\u015fa geri d\u00f6n<\/span><\/a><\/div><\/div><\/div><div class=\"wpb_column vc_column_container\"><div class=\"vc_column-inner\"><div class=\"w-image align_center\"><div class=\"w-image-h\"><img decoding=\"async\" width=\"1920\" height=\"2560\" src=\"https:\/\/gruene-wiesbaden.de\/wp-content\/uploads\/2025\/11\/1.5-Stadtentwicklung-scaled.jpg\" class=\"attachment-full size-full\" alt=\"\" loading=\"lazy\" srcset=\"https:\/\/gruene-wiesbaden.de\/wp-content\/uploads\/2025\/11\/1.5-Stadtentwicklung-scaled.jpg 1920w, https:\/\/gruene-wiesbaden.de\/wp-content\/uploads\/2025\/11\/1.5-Stadtentwicklung-300x400.jpg 300w, https:\/\/gruene-wiesbaden.de\/wp-content\/uploads\/2025\/11\/1.5-Stadtentwicklung-450x600.jpg 450w\" sizes=\"auto, (max-width: 1920px) 100vw, 1920px\" \/><\/div><\/div><div class=\"w-separator size_small\"><\/div><\/div><\/div><\/div><div class=\"w-separator size_medium\"><\/div><div class=\"w-separator size_medium\"><\/div><div class=\"wpb_text_column\"><div class=\"wpb_wrapper\"><h1>Ortak iyili\u011fe y\u00f6nelik s\u00fcrd\u00fcr\u00fclebilir bir kentsel kalk\u0131nma bizim i\u00e7in ne anlama geliyor?<\/h1>\n<\/div><\/div><div class=\"w-separator size_large\"><\/div><div class=\"g-cols wpb_row via_grid cols_2 laptops-cols_inherit tablets-cols_inherit mobiles-cols_1 valign_top type_default stacking_default\" style=\"--columns-gap:3rem;\"><div class=\"wpb_column vc_column_container\"><div class=\"vc_column-inner\"><div class=\"w-iconbox us_custom_8b3d6790 has_text_color iconpos_left style_default color_custom align_left\"><div class=\"w-iconbox-icon\" style=\"font-size:2rem;--icon-color:#Ffffff;--icon-bg-color:var(--color-header-middle-bg);\"><i class=\"fas fa-layer-group\"><\/i><\/div><div class=\"w-iconbox-meta\"><h4 class=\"w-iconbox-title\" style=\"font-size:1.5rem;\">\u0130klime Uyum Sa\u011flayan \u015eehir<\/h4><div class=\"w-iconbox-text\"><p><span style=\"font-weight: 400;\">Is\u0131 korumas\u0131 ve \u015fiddetli ya\u011fmur olaylar\u0131, mevcut ve yeni il\u00e7elerde kentsel planlaman\u0131n bir par\u00e7as\u0131d\u0131r. \u0130klim krizinde, bu nedenle alanlar gelecekte \u00e7e\u015fitli i\u015flevleri yerine getirmelidir: Su emilebilir ve ya\u011fmurda s\u0131zmas\u0131na izin verebilir, bo\u015f zaman ve kal\u0131\u015f kalitesi sunabilir ve eri\u015fim yollar\u0131 olarak hizmet edebilir. Uygun bir dikim g\u00f6lge sa\u011flar ve il\u00e7ede so\u011futmaya katk\u0131da bulunur.<\/span><\/p>\n<\/div><\/div><\/div><\/div><\/div><div class=\"wpb_column vc_column_container\"><div class=\"vc_column-inner\"><div class=\"w-iconbox us_custom_8b3d6790 has_text_color iconpos_left style_default color_custom align_left\"><div class=\"w-iconbox-icon\" style=\"font-size:2rem;--icon-color:#Ffffff;--icon-bg-color:var(--color-header-transparent-text);\"><i class=\"fas fa-layer-group\"><\/i><\/div><div class=\"w-iconbox-meta\"><h4 class=\"w-iconbox-title\" style=\"font-size:1.5rem;\">Ya\u015famaya de\u011fer \u015fehir<\/h4><div class=\"w-iconbox-text\"><p><span style=\"font-weight: 400;\">S\u00fcrd\u00fcr\u00fclebilir bir \u015fehirde, kamusal alan yeniden tan\u0131mlan\u0131yor ve yeni konut bi\u00e7imleri, daha ye\u015fillik, k\u0131sa mesafeler ve \u0131s\u0131ya kar\u015f\u0131 y\u00fcksek diren\u00e7 ile sakinlerin ihtiya\u00e7lar\u0131 ile uyumlu hale getiriliyor.<\/span><\/p>\n<\/div><\/div><\/div><\/div><\/div><\/div><div class=\"w-separator size_medium\"><\/div><div class=\"g-cols wpb_row via_grid cols_2 laptops-cols_inherit tablets-cols_inherit mobiles-cols_1 valign_top type_default stacking_default\" style=\"--columns-gap:3rem;\"><div class=\"wpb_column vc_column_container\"><div class=\"vc_column-inner\"><div class=\"w-iconbox us_custom_8b3d6790 has_text_color iconpos_left style_default color_custom align_left\"><div class=\"w-iconbox-icon\" style=\"font-size:2rem;--icon-color:#Ffffff;--icon-bg-color:var(--color-header-transparent-text);\"><i class=\"fas fa-layer-group\"><\/i><\/div><div class=\"w-iconbox-meta\"><h4 class=\"w-iconbox-title\" style=\"font-size:1.5rem;\">\u00dcretken \u015fehir<\/h4><div class=\"w-iconbox-text\"><p><span style=\"font-weight: 400;\">Yeni arazi kullan\u0131m plan\u0131, i\u015fletmelerin kurulmas\u0131 i\u00e7in arazi \u00f6ng\u00f6rmektedir. Geli\u015fimleri, daha \u00f6nce oldu\u011fu gibi alan \u00fczerinde ayr\u0131m g\u00f6zetmeksizin da\u011f\u0131tmak yerine, a\u00e7\u0131k kavramlara g\u00f6re ger\u00e7ekle\u015ftirilir. Mevcut ticari alanlar da buna g\u00f6re revize edilecektir.<\/span><\/p>\n<\/div><\/div><\/div><\/div><\/div><div class=\"wpb_column vc_column_container\"><div class=\"vc_column-inner\"><div class=\"w-iconbox us_custom_8b3d6790 has_text_color iconpos_left style_default color_custom align_left\"><div class=\"w-iconbox-icon\" style=\"font-size:2rem;--icon-color:#Ffffff;--icon-bg-color:var(--color-header-middle-bg);\"><i class=\"fas fa-layer-group\"><\/i><\/div><div class=\"w-iconbox-meta\"><h4 class=\"w-iconbox-title\" style=\"font-size:1.5rem;\">Sosyal ve \u00e7evre dostu \u015fehir<\/h4><div class=\"w-iconbox-text\"><p><span style=\"font-weight: 400;\">Rhine-Main b\u00f6lgesindeki ucuz konutlar, belediye arazi stoklama ve yeni in\u015faat projelerinde s\u00fcbvansiyonlu konutlar\u0131n pay\u0131 i\u00e7in k\u0131lavuzlar arac\u0131l\u0131\u011f\u0131yla elde etmek istedi\u011fimiz \u015feydir. Burada, bina in\u015fa ederken ekolojik gereksinimler esast\u0131r. Wiesbadener Wohnungsbaugesellschaft GWW burada \u00f6nc\u00fc bir role sahiptir.<\/span><\/p>\n<\/div><\/div><\/div><\/div><\/div><\/div><div class=\"w-separator size_medium\"><\/div><div class=\"w-btn-wrapper align_left\"><a class=\"w-btn us-btn-style_8 icon_atleft\" href=\"https:\/\/gruene-wiesbaden.de\/tr\/kommunalwahl\/#Kapitel1\"><i class=\"fas fa-chevron-circle-right\"><\/i><span class=\"w-btn-label\">Genel bak\u0131\u015fa geri d\u00f6n<\/span><\/a><\/div><div class=\"w-separator size_medium\"><\/div><\/div><\/div><\/div><\/div><\/section><section class=\"l-section wpb_row height_auto with_img\"><div class=\"l-section-img\" role=\"img\" data-img-width=\"1920\" data-img-height=\"2560\" style=\"background-image: url(https:\/\/gruene-wiesbaden.de\/wp-content\/uploads\/2025\/11\/1.5-Stadtentwicklung-scaled.jpg);background-repeat: no-repeat;\"><\/div><div class=\"l-section-overlay\" style=\"background:var(--color-header-top-transparent-bg)\"><\/div><div class=\"l-section-h i-cf\"><div class=\"g-cols vc_row via_grid cols_1 laptops-cols_inherit tablets-cols_inherit mobiles-cols_1 valign_middle type_default stacking_default\" style=\"--columns-gap:1rem;\"><div class=\"wpb_column vc_column_container\"><div class=\"vc_column-inner\"><div class=\"w-separator size_large\"><\/div><div class=\"wpb_text_column background_inside_text\"><div class=\"wpb_wrapper\"><h1>\u00d6zellikle bu alanda yapmak istediklerimiz<\/h1>\n<\/div><\/div><div class=\"w-separator size_medium\"><\/div><div class=\"w-tabs us_custom_42d693a0 has_text_color style_default switch_click accordion has_scrolling\" style=\"--sections-title-size:1.4rem\"><div class=\"w-tabs-sections titles-align_none icon_chevron cpos_right\"><div class=\"w-tabs-section has_text_color\" id=\"aa7f\" style=\"background:var(--color-header-transparent-text);color:var(--color-header-top-text-hover);\"><button class=\"w-tabs-section-header\" aria-controls=\"content-aa7f\" aria-expanded=\"false\"><div class=\"w-tabs-section-title\">\u0130klime uyarlanm\u0131\u015f \u015fehirlerin ve yeni b\u00f6lgelerin s\u00fcrd\u00fcr\u00fclebilir geli\u015fimi<\/div><div class=\"w-tabs-section-control\"><\/div><\/button><div  class=\"w-tabs-section-content\" id=\"content-aa7f\"><div class=\"w-tabs-section-content-h i-cf\"><div class=\"wpb_text_column\"><div class=\"wpb_wrapper\"><p><span style=\"font-weight: 400;\">\u015eehri iklim krizinin sonu\u00e7lar\u0131na dayanabilecek ve ayn\u0131 zamanda daha ya\u015fanabilir hale gelecek \u015fekilde \u015fekillendirmek istiyoruz. Zaten karar verilmi\u015f olan <\/span><i><span style=\"font-weight: 400;\">\"Kom\u015fuluklar\u0131n s\u00fcrd\u00fcr\u00fclebilir geli\u015fimi i\u00e7in oyunun kurallar\u0131\" <\/span><\/i><span style=\"font-weight: 400;\">Bu temeldir ve olacakt\u0131r <\/span><i><span style=\"font-weight: 400;\">CLIMATE_PLAN <\/span><\/i><span style=\"font-weight: 400;\">daha fazla belirtilmi\u015ftir. Bunlar aras\u0131nda daha fazla g\u00f6lgelendirme i\u00e7in \u00f6nlemler, \u00e7oklu arazi kullan\u0131m\u0131 yoluyla ek ye\u015fil alanlar, stokta a\u00e7\u0131lma, il\u00e7ede su ve s\u00fcrd\u00fcr\u00fclebilir hareketlilik kavramlar\u0131 yer al\u0131yor.<\/span><\/p>\n<p><span style=\"font-weight: 400;\">Kentin binalar\u0131 ve hissedarlar\u0131, d\u00fc\u015f\u00fck enerji t\u00fcketimi ve fosil yak\u0131ts\u0131z \u0131s\u0131tma sistemleri ile s\u00fcrd\u00fcr\u00fclebilir in\u015faat\u0131n yol g\u00f6sterici ilkelerine ve ilgili y\u00f6nergelerine g\u00f6re in\u015fa edilecektir. Bu, sera gaz\u0131 emisyonlar\u0131n\u0131 azalt\u0131r ve uzun vadede maliyetleri azalt\u0131r.<\/span><\/p>\n<p><span style=\"font-weight: 400;\">M\u00fcmk\u00fcn olan her yerde, y\u00fczeylerin s\u0131zd\u0131rmaz olmas\u0131n\u0131 sa\u011flamak istiyoruz. \u00d6zellikle Westend, Rheingauviertel ve Biebrich-Mitte gibi yo\u011fun yerle\u015fim b\u00f6lgelerinde, daha ye\u015fil yeniden yarat\u0131lacak.<\/span><\/p>\n<\/div><\/div><\/div><\/div><\/div><div class=\"w-tabs-section has_text_color\" id=\"ubc4\" style=\"background:var(--color-header-transparent-text);color:var(--color-header-top-text-hover);\"><button class=\"w-tabs-section-header\" aria-controls=\"content-ubc4\" aria-expanded=\"false\"><div class=\"w-tabs-section-title\">Kentin yarar\u0131na d\u00f6n\u00fc\u015f\u00fcm alanlar\u0131 kullanarak i\u00e7 geli\u015ftirme  \u2047  Te\u015fvik<\/div><div class=\"w-tabs-section-control\"><\/div><\/button><div  class=\"w-tabs-section-content\" id=\"content-ubc4\"><div class=\"w-tabs-section-content-h i-cf\"><div class=\"wpb_text_column\"><div class=\"wpb_wrapper\"><p><span style=\"font-weight: 400;\">Son derece s\u0131k\u0131\u015ft\u0131r\u0131lm\u0131\u015f b\u00f6lgemizdeki alan s\u0131zd\u0131rmazl\u0131\u011f\u0131n\u0131 s\u0131n\u0131rlamak i\u00e7in, s\u0131k\u0131\u015ft\u0131rma se\u00e7eneklerinin eskisinden daha sistematik bir \u015fekilde kullan\u0131lmas\u0131 gerekir.<\/span><\/p>\n<p><span style=\"font-weight: 400;\">Daha iyi bir veri temeli, in\u015faat hukukundaki yeniliklerin tutarl\u0131 bir \u015fekilde uygulanmas\u0131 (\u00f6rne\u011fin \u00e7at\u0131 yap\u0131m\u0131nda), ayn\u0131 zamanda yenilik\u00e7i \u00e7\u00f6z\u00fcmlere olan isteklilik de yard\u0131mc\u0131 olur. Bu y\u00fczden Wiesbaden \u015fehrinin s\u00fcpermarketlerin ve otoparklar\u0131n \u00fcst yap\u0131s\u0131n\u0131n olanaklar\u0131n\u0131 aktif olarak ele almas\u0131n\u0131 ve sahipleriyle sohbet etmesini istiyoruz.<\/span><\/p>\n<p><span style=\"font-weight: 400;\">BKA'n\u0131n ve devlet polisinin gelecekte serbest b\u0131rak\u0131lacak alanlar\u0131, i\u00e7 kalk\u0131nma i\u00e7in \u00f6zel bir potansiyel sunuyor. Gelecekteki kullan\u0131m\u0131n B Plan\u0131 de\u011fi\u015fiklikleriyle \u015fekillendirilmesine yard\u0131mc\u0131 olmak istiyoruz. Bu nedenle, bunlar ancak \u015fehir en az\u0131ndan b\u00f6lgenin bir par\u00e7as\u0131ysa, bina arazisi \u00e7\u00f6z\u00fcm\u00fcm\u00fcz anlam\u0131nda m\u00fcmk\u00fcn olmal\u0131d\u0131r. Federal olarak sahip olunan BKA b\u00f6lgeleri i\u00e7in, \u015fehrin ilk eri\u015fim hakk\u0131 vard\u0131r. Bundan olumlu bir \u015fekilde yararlanmak i\u00e7in, bir kentsel \u00e7er\u00e7eve plan\u0131 uygulanmal\u0131d\u0131r. Bunun i\u00e7in bast\u0131r\u0131yoruz ve aktif arazi politikas\u0131n\u0131n finansal kaynaklarla yeterince donat\u0131ld\u0131\u011f\u0131ndan emin oluyoruz. Ancak o zaman belediyemizin \u015fartlar\u0131na g\u00f6re kentsel geli\u015fim m\u00fcmk\u00fcnd\u00fcr.<\/span><\/p>\n<\/div><\/div><\/div><\/div><\/div><div class=\"w-tabs-section has_text_color\" id=\"dcfa\" style=\"background:var(--color-header-transparent-text);color:var(--color-header-top-text-hover);\"><button class=\"w-tabs-section-header\" aria-controls=\"content-dcfa\" aria-expanded=\"false\"><div class=\"w-tabs-section-title\">Araba fakir \u015fehir<\/div><div class=\"w-tabs-section-control\"><\/div><\/button><div  class=\"w-tabs-section-content\" id=\"content-dcfa\"><div class=\"w-tabs-section-content-h i-cf\"><div class=\"wpb_text_column\"><div class=\"wpb_wrapper\"><p><span style=\"font-weight: 400;\">\u015eehrin k\u0131sa mesafeler ilkesine g\u00f6re yeni mahalleler planlamas\u0131n\u0131 istiyoruz. Her yeni b\u00f6lgenin bir ula\u015f\u0131m ve mobilite konseptine ihtiyac\u0131 vard\u0131r. \u00c7eyrek garajlar, parsel istasyonlar\u0131, araba payla\u015f\u0131m\u0131 ve bisiklet depolama tesislerini i\u00e7erecektir.<\/span><\/p>\n<p><span style=\"font-weight: 400;\">Trafik olmadan g\u00fcvenli, sessiz yerle\u015fim alanlar\u0131na, \u00f6rne\u011fin tek y\u00f6nl\u00fc sokaklara veya Adolfsallee'de oldu\u011fu gibi trafik engellerine ba\u011fl\u0131y\u0131z.<\/span><\/p>\n<p><span style=\"font-weight: 400;\">Yollar, arabalar\u0131n daha yava\u015f seyahat edebilece\u011fi ve herkesin y\u00fcr\u00fcyerek, bisikletle veya arabada g\u00fcvenli bir \u015fekilde seyahat edebilece\u011fi \u015fekilde tasarlanmal\u0131d\u0131r. \u00c7ocuklar okula g\u00fcvenli bir \u015fekilde gelmeli ve uygun yollar yaz aylar\u0131nda oyun alan\u0131 ve kalacak yer olarak kullan\u0131lmal\u0131d\u0131r. Tarihi be\u015fgende, daha az araba ve daha fazla ya\u015fam kalitesi istiyoruz.<\/span><\/p>\n<\/div><\/div><\/div><\/div><\/div><div class=\"w-tabs-section has_text_color\" id=\"xe34\" style=\"background:var(--color-header-middle-bg);color:var(--color-content-heading);\"><button class=\"w-tabs-section-header\" aria-controls=\"content-xe34\" aria-expanded=\"false\"><div class=\"w-tabs-section-title\">\u00dcretken \u015fehir<\/div><div class=\"w-tabs-section-control\"><\/div><\/button><div  class=\"w-tabs-section-content\" id=\"content-xe34\"><div class=\"w-tabs-section-content-h i-cf\"><div class=\"wpb_text_column\"><div class=\"wpb_wrapper\"><p><span style=\"font-weight: 400;\">Yeni ticari alanlar\u0131 s\u00fcrd\u00fcr\u00fclebilir ve iklime uyumlu olacak \u015fekilde tasarlamak istiyoruz. Bu ama\u00e7la, geli\u015ftirme planlar\u0131 i\u00e7in uygun kriterler zaten tan\u0131mlanmal\u0131d\u0131r. Amac\u0131m\u0131z arazi kullan\u0131m\u0131n\u0131 m\u00fcmk\u00fcn oldu\u011funca d\u00fc\u015f\u00fck tutmak ve park alanlar\u0131 gibi b\u00fcy\u00fck, tamamen kapal\u0131 alanlardan ka\u00e7\u0131nmak veya en az\u0131ndan PV sistemleri taraf\u0131ndan ikincil kullan\u0131m sa\u011flamak.<\/span><\/p>\n<p><span style=\"font-weight: 400;\">Mevcut ticari tesislerin yeni geli\u015ftirilmesi ve yenilenmesi i\u00e7in a\u00e7\u0131k kurallar ve prosed\u00fcrler geli\u015ftirilmi\u015ftir. <\/span><i><span style=\"font-weight: 400;\">\"Kom\u015fuluklar\u0131n s\u00fcrd\u00fcr\u00fclebilir geli\u015fimi i\u00e7in oyunun kurallar\u0131\" <\/span><\/i><span style=\"font-weight: 400;\">Oryantasyon yap\u0131n. \u00d6zellikle, s\u00fcrd\u00fcr\u00fclebilir mobilite, alan\u0131n dikkatli kullan\u0131m\u0131, verimli ve s\u00fcrd\u00fcr\u00fclebilir bir enerji arz\u0131n\u0131n yan\u0131 s\u0131ra teslimatlar ve kamyonlar\u0131n park edilmesi i\u00e7in s\u00fcrd\u00fcr\u00fclebilir \u00e7\u00f6z\u00fcmler \u00fczerinde duruluyor.<\/span><\/p>\n<\/div><\/div><\/div><\/div><\/div><div class=\"w-tabs-section has_text_color\" id=\"kf86\" style=\"background:var(--color-header-transparent-text);color:var(--color-header-top-text-hover);\"><button class=\"w-tabs-section-header\" aria-controls=\"content-kf86\" aria-expanded=\"false\"><div class=\"w-tabs-section-title\">Sosyal ve \u00e7evre dostu \u015fehir<\/div><div class=\"w-tabs-section-control\"><\/div><\/button><div  class=\"w-tabs-section-content\" id=\"content-kf86\"><div class=\"w-tabs-section-content-h i-cf\"><div class=\"wpb_text_column\"><div class=\"wpb_wrapper\"><p><span style=\"font-weight: 400;\">N\u00fcfustaki t\u00fcm gelir gruplar\u0131 i\u00e7in konut olu\u015fturmak istiyoruz. \u00d6zellikle, s\u00fcbvansiyonlu konutlara odaklan\u0131lmaktad\u0131r. Binan\u0131n daha ucuz olmas\u0131 gerekiyor  \u2047  bunun i\u00e7in bir \u00f6n ko\u015ful uygun fiyatl\u0131 arazidir. Bu nedenle, devlet ba\u015fkenti Wiesbaden taraf\u0131ndan stratejik toprak stoklanmas\u0131n\u0131n ger\u00e7ekle\u015fmesini sa\u011flamaya devam edece\u011fiz. Bu \u015fekilde, yat\u0131r\u0131mc\u0131lar\u0131n sadece y\u00fcksek fiyatl\u0131 daireler in\u015fa etmelerini engelliyoruz. Wiesbaden Sosyal Arazi Kullan\u0131m\u0131 Direktifi, yat\u0131r\u0131mc\u0131lar\u0131n s\u00fcbvansiyonlu konutlar\u0131n y\u00fczde 30'unun yan\u0131 s\u0131ra g\u00fcnl\u00fck bak\u0131m merkezleri ve okullar gibi sosyal altyap\u0131n\u0131n in\u015fas\u0131n\u0131 sa\u011flamas\u0131n\u0131 gerektiriyor.<\/span><\/p>\n<p><span style=\"font-weight: 400;\">Konut alanlar\u0131 i\u00e7in, hektar ba\u015f\u0131na en az 80 konut birimi yo\u011funlu\u011fu hedefine ba\u011fl\u0131y\u0131z. 2 hektar\u0131 ge\u00e7meyen k\u0131rsal alanlar i\u00e7in, hektar ba\u015f\u0131na en az 50 konut birimi yo\u011funlu\u011fu uygulanacakt\u0131r. Zemin katta a\u011f\u0131rl\u0131kl\u0131 olarak ticari kullan\u0131mlar lehine sapmalar m\u00fcmk\u00fcn kalmal\u0131d\u0131r.<\/span><\/p>\n<p><span style=\"font-weight: 400;\">Konsept \u00f6d\u00fclleri ile Wiesbaden \u015fehri, topluluk konut projeleri, kooperatifler in\u015fa etmek veya topluluklar in\u015fa etmek gibi \u00e7e\u015fitli konut bi\u00e7imlerinin geni\u015flemesini zaten te\u015fvik ediyor. Bu geni\u015flemeyi devam ettirmek istiyoruz. Seri ve mod\u00fcler yap\u0131 sayesinde \u015fehir, uygulamada daha h\u0131zl\u0131 sonu\u00e7lar elde edebilir.<\/span><\/p>\n<\/div><\/div><\/div><\/div><\/div><div class=\"w-tabs-section has_text_color\" id=\"l09f\" style=\"background:var(--color-header-middle-bg);color:var(--color-header-middle-text);\"><button class=\"w-tabs-section-header\" aria-controls=\"content-l09f\" aria-expanded=\"false\"><div class=\"w-tabs-section-title\">Ana istasyonda fly-over ile daha fazla g\u00fcvenlik<\/div><div class=\"w-tabs-section-control\"><\/div><\/button><div  class=\"w-tabs-section-content\" id=\"content-l09f\"><div class=\"w-tabs-section-content-h i-cf\"><div class=\"wpb_text_column\"><div class=\"wpb_wrapper\"><p><span style=\"font-weight: 400;\">\u00d6zellikle, bisiklet i\u00e7in, 1. Ana istasyonun \u00f6n\u00fcnde tehlikeli bir engel \u00e7al\u0131n. Bisiklete binmek i\u00e7in y\u00fcksek bir yol in\u015fa ederek, t\u00fcm trafik kat\u0131l\u0131mc\u0131lar\u0131 i\u00e7in daha fazla g\u00fcvenlik ve konfor ve \u015fehir giri\u015finde bir d\u00f6n\u00fcm noktas\u0131 yarat\u0131yoruz. K\u00f6pr\u00fcn\u00fcn bir sonucu olarak, bisiklet\u00e7iler art\u0131k istasyondaki yo\u011fun kav\u015fa\u011f\u0131 ge\u00e7mek zorunda de\u011filler ve arabalardan ve yayalardan istasyona veya istasyondan \u015fehre gidebilirler.<\/span><\/p>\n<\/div><\/div><\/div><\/div><\/div><div class=\"w-tabs-section has_text_color\" id=\"x1b5\" style=\"background:var(--color-header-transparent-text);color:var(--color-header-top-text-hover);\"><button class=\"w-tabs-section-header\" aria-controls=\"content-x1b5\" aria-expanded=\"false\"><div class=\"w-tabs-section-title\">Korunan An\u0131tlar<\/div><div class=\"w-tabs-section-control\"><\/div><\/button><div  class=\"w-tabs-section-content\" id=\"content-x1b5\"><div class=\"w-tabs-section-content-h i-cf\"><div class=\"wpb_text_column\"><div class=\"wpb_wrapper\"><p><span style=\"font-weight: 400;\">Yap\u0131 k\u00fclt\u00fcr\u00fcm\u00fcz\u00fcn listelenen an\u0131tlar ve binalar \u015feklinde dikkatli bir \u015fekilde ele al\u0131nmas\u0131, ya\u015fam kalitesine katk\u0131da bulunur. Burada, ge\u00e7mi\u015fe dair ifadelerimiz korunmal\u0131 ve bo\u015fluk ve \/ veya \u00e7evresel etkilerden kaynaklanan hasarlardan korunmal\u0131d\u0131r. \u00d6zellikle \u00f6nemli yerler Valhalla, Uyuyan Kafa veya Hofgut Klarenthal'dir. Listelenen binalar\u0131n \u00f6zel sahipleri de yenilenebilir enerjileri (\u00f6rne\u011fin PV sistemleri) kullanabilecektir.<\/span><\/p>\n<\/div><\/div><\/div><\/div><\/div><\/div><\/div><div class=\"w-separator size_medium\"><\/div><div class=\"w-btn-wrapper align_left\"><a class=\"w-btn us-btn-style_8 icon_atleft\" href=\"https:\/\/gruene-wiesbaden.de\/tr\/kommunalwahl\/#Kapitel1\"><i class=\"fas fa-chevron-circle-right\"><\/i><span class=\"w-btn-label\">Genel bak\u0131\u015fa geri d\u00f6n<\/span><\/a><\/div><div class=\"w-separator size_large\"><\/div><div class=\"wpb_text_column\"><div class=\"wpb_wrapper\"><h1>\u015eimdiye kadar ba\u015fard\u0131klar\u0131m\u0131z<\/h1>\n<\/div><\/div><div class=\"w-separator size_medium\"><\/div><div class=\"w-tabs us_custom_42d693a0 has_text_color style_default switch_click accordion has_scrolling\" style=\"--sections-title-size:1.4rem\"><div class=\"w-tabs-sections titles-align_none icon_chevron cpos_right\"><div class=\"w-tabs-section has_text_color\" id=\"u1c6\" style=\"background:var(--color-header-transparent-text);color:var(--color-header-top-text-hover);\"><button class=\"w-tabs-section-header\" aria-controls=\"content-u1c6\" aria-expanded=\"false\"><div class=\"w-tabs-section-title\">S\u00fcrd\u00fcr\u00fclebilir kom\u015fuluk geli\u015fimi kurallar\u0131<\/div><div class=\"w-tabs-section-control\"><\/div><\/button><div  class=\"w-tabs-section-content\" id=\"content-u1c6\"><div class=\"w-tabs-section-content-h i-cf\"><div class=\"wpb_text_column\"><div class=\"wpb_wrapper\"><p><span style=\"font-weight: 400;\">Biz Ye\u015filler, s\u00fcrd\u00fcr\u00fclebilir mahalle geli\u015fiminin sadece bir hedef de\u011fil, ya\u015fanm\u0131\u015f bir uygulama olmas\u0131n\u0131 sa\u011flamaya \u00f6nemli bir katk\u0131da bulunduk. S\u00fcrd\u00fcr\u00fclebilir mahalle geli\u015fimi i\u00e7in oyunun kurallar\u0131 bunun i\u00e7in ba\u011flay\u0131c\u0131 kurallar olu\u015fturur. Planlama be\u015f tematik alana dayanmaktad\u0131r: \u2047 Ya\u015fayan \u015fehir \u2047 ,  \u2047 \u0130klim i\u00e7in optimize edilmi\u015f kentsel ye\u015fil \u2047 ,  \u2047 Hassas su y\u00f6netimi \u2047 ,  \u2047 Yenilenebilir enerji \u2047  ve  \u2047 Yeni hareketlilik \u2047 . Bu konulara somut \u00f6nlemler verilir. Bu k\u0131lavuzlar\u0131n ve \u00f6nlemlerin uygulanmas\u0131yla, Wiesbaden'deki b\u00f6lge geli\u015fimi s\u00fcrd\u00fcr\u00fclebilir ve gelece\u011fe d\u00f6n\u00fck olacak \u015fekilde tasarlanm\u0131\u015ft\u0131r.<\/span><\/p>\n<\/div><\/div><\/div><\/div><\/div><div class=\"w-tabs-section has_text_color\" id=\"v2fe\" style=\"background:var(--color-header-transparent-text);color:var(--color-header-top-text-hover);\"><button class=\"w-tabs-section-header\" aria-controls=\"content-v2fe\" aria-expanded=\"false\"><div class=\"w-tabs-section-title\">Y\u0131k\u0131m yerine mevcut binalar\u0131n s\u00fcrd\u00fcr\u00fclebilir in\u015fas\u0131 ve d\u00f6n\u00fc\u015ft\u00fcr\u00fclmesi<\/div><div class=\"w-tabs-section-control\"><\/div><\/button><div  class=\"w-tabs-section-content\" id=\"content-v2fe\"><div class=\"w-tabs-section-content-h i-cf\"><div class=\"wpb_text_column\"><div class=\"wpb_wrapper\"><p><span style=\"font-weight: 400;\">Biz Ye\u015filler, Wiesbaden'de s\u00fcrd\u00fcr\u00fclebilir bina i\u00e7in net kurallar belirledik. Gelecekte, belediye binalar\u0131, ekolojik, sosyal ve ekonomik kriterleri e\u015fit \u00f6l\u00e7\u00fcde dikkate alan BNB y\u00f6nergelerine (S\u00fcrd\u00fcr\u00fclebilir Bina De\u011ferlendirme Sistemi) uygun olarak in\u015fa edilmelidir. Burada ekonomik verimlilik, in\u015faat projesinin sadece k\u0131sa vadede de\u011fil, gelecekte de ekonomik olmaya devam edece\u011fi anlam\u0131na geliyor.<\/span><\/p>\n<p><span style=\"font-weight: 400;\">Merkezi bir endi\u015fe, y\u0131k\u0131m yerine mevcut binalar\u0131n d\u00f6n\u00fc\u015ft\u00fcr\u00fclmesidir: Yenileme, enerji tasarruflu modernizasyon ve esnek yeniden tasar\u0131m sayesinde mevcut binalar korunabilir ve ayn\u0131 zamanda mevcut gereksinimlere uyarlanabilir. Bu, kaynaklar\u0131 korur ve iklimi korur ve kentsel geli\u015fimin \u00e7evre, maliyetler ve ortak yarar a\u00e7\u0131s\u0131ndan ne kadar sorumlu oldu\u011funu g\u00f6sterir. Y\u0131k\u0131m t\u00fcm se\u00e7eneklerin en k\u00f6t\u00fcs\u00fcd\u00fcr. \u00c7\u00fcnk\u00fc bir bina y\u0131k\u0131ld\u0131\u011f\u0131nda, malzemelerin \u00fcretiminden in\u015faat\u0131n kendisine kadar \u00fcretimine akan t\u00fcm enerji kaybolur. Yeni bir binada, bu enerji daha sonra tekrar uygulanmal\u0131d\u0131r. Bu, bir\u00e7ok ek hammaddeye mal olur ve iklim dengesini \u00f6nemli \u00f6l\u00e7\u00fcde k\u00f6t\u00fcle\u015ftirir.<\/span><\/p>\n<\/div><\/div><\/div><\/div><\/div><div class=\"w-tabs-section has_text_color\" id=\"i426\" style=\"background:var(--color-header-transparent-text);color:var(--color-header-top-text-hover);\"><button class=\"w-tabs-section-header\" aria-controls=\"content-i426\" aria-expanded=\"false\"><div class=\"w-tabs-section-title\">S\u00fcnger \u015fehir prensibi  \u2047  Wiesbaden'i iklime dayan\u0131kl\u0131 hale getiriyor<\/div><div class=\"w-tabs-section-control\"><\/div><\/button><div  class=\"w-tabs-section-content\" id=\"content-i426\"><div class=\"w-tabs-section-content-h i-cf\"><div class=\"wpb_text_column\"><div class=\"wpb_wrapper\"><p><span style=\"font-weight: 400;\">Wiesbaden'de, Ye\u015fil Departman ve \u00e7evreden sorumlu Belediye Ba\u015fkan\u0131 da dahil olmak \u00fczere \u015fehri \u015fiddetli ya\u011fmur ve s\u0131cak hava dalgalar\u0131na kar\u015f\u0131 daha iyi silahland\u0131rmak i\u00e7in somut ad\u0131mlar att\u0131k. Bunlar aras\u0131nda y\u00fczeylerin a\u00e7\u0131lmas\u0131, \u00e7at\u0131lar\u0131n ve cephelerin ye\u015fillendirilmesi, ge\u00e7irgen kaplamalar, halka a\u00e7\u0131k meydanlar\u0131n yeniden tasarlanmas\u0131 ve hedeflenen ya\u011fmur suyu s\u0131zmas\u0131 i\u00e7in s\u0131rtlar\u0131n ve tutma sistemlerinin kurulmas\u0131 yer almaktad\u0131r.<\/span><\/p>\n<p><span style=\"font-weight: 400;\">Merkezi bir proje, gelecekte ge\u00e7ici ya\u011fmur tutma ve b\u00f6ylece \u015fiddetli ya\u011fmur olaylar\u0131n\u0131 tamponlayan ye\u015fil bir \u015fehir park\u0131 olarak hizmet verecek olan Alsace Meydan\u0131'n\u0131n yeniden tasarlanmas\u0131d\u0131r. Buna ek olarak, \u015fehir, ya\u011fmur suyunu yerinde depolamak, hava kalitesini iyile\u015ftirmek ve kentsel \u0131s\u0131y\u0131 azaltmak i\u00e7in ye\u015fil \u00e7at\u0131lar ve cephe ye\u015fillendirmesi i\u00e7in destek programlar\u0131 kurmu\u015ftur.<\/span><\/p>\n<\/div><\/div><\/div><\/div><\/div><div class=\"w-tabs-section has_text_color\" id=\"p542\" style=\"background:var(--color-header-middle-bg);color:var(--color-content-heading);\"><button class=\"w-tabs-section-header\" aria-controls=\"content-p542\" aria-expanded=\"false\"><div class=\"w-tabs-section-title\">Y\u00fczeylerin \u00e7oklu kodlamas\u0131<\/div><div class=\"w-tabs-section-control\"><\/div><\/button><div  class=\"w-tabs-section-content\" id=\"content-p542\"><div class=\"w-tabs-section-content-h i-cf\"><div class=\"wpb_text_column\"><div class=\"wpb_wrapper\"><p><span style=\"font-weight: 400;\">Biz Ye\u015filler, Wiesbaden'deki alanlar\u0131n \u00e7oklu kodlamas\u0131n\u0131 aktif olarak destekledik ve b\u00f6ylece s\u00fcrd\u00fcr\u00fclebilir kentsel kalk\u0131nma i\u00e7in \u00f6nemli bir ad\u0131m att\u0131k. Bu konsept, alanlar\u0131n ayn\u0131 anda ye\u015fil alanlar, sokak alanlar\u0131, park alanlar\u0131, spor ve okul alanlar\u0131 veya su y\u00f6netimi kullan\u0131m\u0131 gibi \u00e7e\u015fitli i\u015flevleri yerine getirmesini sa\u011flar. Ama\u00e7, farkl\u0131 akt\u00f6rlerin \u00e7\u0131karlar\u0131n\u0131 bir araya getirmek, araziyi verimli kullanmak ve ayn\u0131 zamanda sosyal, ekolojik ve iklimsel gereksinimleri kar\u015f\u0131lamakt\u0131r.<\/span><\/p>\n<\/div><\/div><\/div><\/div><\/div><div class=\"w-tabs-section has_text_color\" id=\"v65a\" style=\"background:var(--color-header-transparent-text);color:var(--color-header-top-text-hover);\"><button class=\"w-tabs-section-header\" aria-controls=\"content-v65a\" aria-expanded=\"false\"><div class=\"w-tabs-section-title\">CLIMATE_PLAN<\/div><div class=\"w-tabs-section-control\"><\/div><\/button><div  class=\"w-tabs-section-content\" id=\"content-v65a\"><div class=\"w-tabs-section-content-h i-cf\"><div class=\"wpb_text_column\"><div class=\"wpb_wrapper\"><p><span style=\"font-weight: 400;\">Wiesbaden 2045 y\u0131l\u0131na kadar iklim n\u00f6tr hale gelecek ve bu \u00f6zel gereksinimler gerektiriyor. CLIMATE_PLAN bu ama\u00e7la benimsenmi\u015ftir. KLIMA_PLAN eylem alanlar\u0131n\u0131 kapsar: Enerji, hareketlilik, iklim dostu \/ s\u00fcrd\u00fcr\u00fclebilir kentsel ve il\u00e7e geli\u015fimi ve kentsel a\u011f. Her eylem alan\u0131 i\u00e7in, sera gazlar\u0131n\u0131n  \u2047  okullar\u0131n enerji tasarruflu yenilenmesinden otob\u00fcs ta\u015f\u0131mac\u0131l\u0131\u011f\u0131n\u0131n elektrifikasyonuna kadar \u00f6nlenmesi i\u00e7in somut \u00f6nlemler belirler.<\/span><\/p>\n<\/div><\/div><\/div><\/div><\/div><div class=\"w-tabs-section has_text_color\" id=\"x779\" style=\"background:var(--color-header-transparent-text);color:var(--color-header-top-text-hover);\"><button class=\"w-tabs-section-header\" aria-controls=\"content-x779\" aria-expanded=\"false\"><div class=\"w-tabs-section-title\">Meydanlar\u0131 yeniden tasarlayarak b\u00f6lgede daha fazla ye\u015fillik ve daha kaliteli konaklama<\/div><div class=\"w-tabs-section-control\"><\/div><\/button><div  class=\"w-tabs-section-content\" id=\"content-x779\"><div class=\"w-tabs-section-content-h i-cf\"><div class=\"wpb_text_column\"><div class=\"wpb_wrapper\"><p><span style=\"font-weight: 400;\">Biz Ye\u015filler, \u015fehir merkezindeki meydanlar\u0131n yeniden tasarlanmas\u0131n\u0131 sa\u011flad\u0131k: Sedanplatz \u00e7oktan tamamland\u0131, Alsas Meydan\u0131, Schlossplatz ve B\u00fclowplatz tamamlanma s\u00fcrecinde. Mekanlar bir zamanlar olduklar\u0131 gibi restore edilecek: Mahalleden insanlar i\u00e7in bulu\u015fma noktalar\u0131 ve mahalle i\u00e7in ye\u015fil  \u2047 lungs \u2047 . Yeniden tasarlanmas\u0131 ayn\u0131 zamanda iklim adaptasyonuna katk\u0131da bulunur, b\u00f6lgedeki \u0131s\u0131nmay\u0131 azalt\u0131r ve ayn\u0131 zamanda bo\u015f zamanlar\u0131 ve ya\u015fam kalitesini art\u0131r\u0131r. \u00d6zellikle g\u00fc\u00e7l\u00fc bir \u015fekilde \u0131s\u0131nan b\u00f6lgelerde, gelecekte alanlar\u0131 a\u00e7mak ve yeniden tasarlamak i\u00e7in \u00e7al\u0131\u015fmaya devam edece\u011fiz.<\/span><\/p>\n<\/div><\/div><\/div><\/div><\/div><div class=\"w-tabs-section has_text_color\" id=\"o8b4\" style=\"background:var(--color-header-transparent-text);color:var(--color-header-top-text-hover);\"><button class=\"w-tabs-section-header\" aria-controls=\"content-o8b4\" aria-expanded=\"false\"><div class=\"w-tabs-section-title\">Daha sosyal ve iklim dostu konutlar i\u00e7in arazi \u00e7\u00f6z\u00fcm\u00fc olu\u015fturma<\/div><div class=\"w-tabs-section-control\"><\/div><\/button><div  class=\"w-tabs-section-content\" id=\"content-o8b4\"><div class=\"w-tabs-section-content-h i-cf\"><div class=\"wpb_text_column\"><div class=\"wpb_wrapper\"><p><span style=\"font-weight: 400;\">Yeni bina arazisi karar\u0131yla, sosyal arazi kullan\u0131m\u0131, konsept tahsisleri, kal\u0131tsal yap\u0131 hukuku, s\u00fcbvansiyonlu konut ve iklim dostu yerle\u015fim geli\u015ftirme  \u2047  gibi ge\u00e7mi\u015fte bina arazisi geli\u015ftirme konusunda al\u0131nan \u00e7ok say\u0131da karar\u0131 ortak bir k\u0131lavuzda bir araya getiriyor ve koordine ediyoruz. Sonu\u00e7 olarak, planlama g\u00fcvenli\u011fini ve kentsel geli\u015fimin net hedeflere y\u00f6nelik bir y\u00f6nelimini elde ediyoruz. Bina arazisi \u00e7\u00f6z\u00fcm\u00fc, arazi temini, iklim korumas\u0131 ve uygun fiyatl\u0131 konut in\u015fa etmeye odaklanarak Wiesbaden'in s\u00fcrd\u00fcr\u00fclebilir ve sosyal a\u00e7\u0131dan adil bir geli\u015fimi i\u00e7in bir kazan\u00e7t\u0131r.<\/span><\/p>\n<p><span style=\"font-weight: 400;\">Bina arazisi karar\u0131yla, gelecekte Wiesbaden'de yeni bina arazisinin nas\u0131l geli\u015ftirilece\u011fi konusunda politika ve y\u00f6netim i\u00e7in net bir \u00e7er\u00e7eve olu\u015fturuyoruz. Gelecekte: Konut in\u015faat\u0131 i\u00e7in yeni bina alanlar\u0131, yaln\u0131zca en az y\u00fczde 50'si \u015fehre aitse veya \u015fehre devredilirse g\u00f6sterilir. Buna ek olarak, kentsel planlaman\u0131n mant\u0131kl\u0131 oldu\u011fu veya m\u00fcmk\u00fcn oldu\u011fu durumlarda, hektar ba\u015f\u0131na en az 80 konut birimi yo\u011funlu\u011fu uygulanmal\u0131d\u0131r.<\/span><\/p>\n<p><span style=\"font-weight: 400;\">Ancak bu \u015fekilde Ren-Main metropol b\u00f6lgesindeki a\u015f\u0131r\u0131 \u0131s\u0131nan emlak piyasas\u0131n\u0131n sonu\u00e7lar\u0131 s\u0131n\u0131rl\u0131 olabilir ve t\u00fcm gelir gruplar\u0131 i\u00e7in kontroll\u00fc ve uygun fiyatl\u0131 konutlar olu\u015fturulabilir. Ancak bu \u015fekilde sosyal olarak kabul edilebilir ve iklim dostu kentsel geli\u015fim ger\u00e7ekle\u015febilir.<\/span><\/p>\n<\/div><\/div><\/div><\/div><\/div><div class=\"w-tabs-section has_text_color\" id=\"o9ee\" style=\"background:var(--color-header-transparent-text);color:var(--color-header-top-text-hover);\"><button class=\"w-tabs-section-header\" aria-controls=\"content-o9ee\" aria-expanded=\"false\"><div class=\"w-tabs-section-title\">S\u00fcrd\u00fcr\u00fclebilirlik ve kaynak korumas\u0131 i\u00e7in toprak y\u00f6netimi konsepti<\/div><div class=\"w-tabs-section-control\"><\/div><\/button><div  class=\"w-tabs-section-content\" id=\"content-o9ee\"><div class=\"w-tabs-section-content-h i-cf\"><div class=\"wpb_text_column\"><div class=\"wpb_wrapper\"><p><span style=\"font-weight: 400;\">Biz GR\u00dcNE, Wiesbaden \u015fehrinin yer y\u00f6netimi konseptini ba\u015flatt\u0131k. B\u00f6ylece Wiesbaden, topraklar\u0131n kalite ve i\u015flevlerini vazge\u00e7ilmez bir ge\u00e7im kayna\u011f\u0131 olarak koruma ve gelecek nesiller i\u00e7in i\u015flevlerini g\u00fcvence alt\u0131na alma hedefini s\u00fcrd\u00fcrmektedir. Orta vadede, tutarl\u0131 toprak y\u00f6netimi net s\u0131f\u0131r t\u00fcketimle sonu\u00e7lan\u0131r.<\/span><span style=\"font-weight: 400;\"><br \/>\n<\/span><span style=\"font-weight: 400;\">Bu \u015fu anlama gelir: Hi\u00e7bir y\u00fczey kal\u0131c\u0131 olarak kapat\u0131lamaz. Buna kar\u015f\u0131l\u0131k, yeni binalar veya yollar olu\u015fturulursa, zaten in\u015fa edilmi\u015f bir alan ba\u015fka bir yere kapat\u0131lmal\u0131 ve do\u011fal veya ye\u015fil alanlara geri g\u00f6nderilmelidir. Net 0'a ula\u015ft\u0131ktan sonra, arazi kullan\u0131m\u0131 d\u00f6ng\u00fcsel bir ekonomiye girece\u011fiz.<\/span><\/p>\n<p><span style=\"font-weight: 400;\">Konsept, Stuttgart Modeli'ne (BOKS) dayan\u0131yor ve kentsel alanlardaki toprak kalitesi ve miktar\u0131 hakk\u0131ndaki mevcut verilere dayan\u0131yor. Bu, arazi y\u00f6netimini optimize eder ve de\u011ferli topraklar\u0131 s\u0131zd\u0131rmazl\u0131\u011fa kar\u015f\u0131 korur.<\/span><\/p>\n<\/div><\/div><\/div><\/div><\/div><div class=\"w-tabs-section has_text_color\" id=\"ab2d\" style=\"background:var(--color-header-transparent-text);color:var(--color-header-top-text-hover);\"><button class=\"w-tabs-section-header\" aria-controls=\"content-ab2d\" aria-expanded=\"false\"><div class=\"w-tabs-section-title\">Aktif toprak politikas\u0131<\/div><div class=\"w-tabs-section-control\"><\/div><\/button><div  class=\"w-tabs-section-content\" id=\"content-ab2d\"><div class=\"w-tabs-section-content-h i-cf\"><div class=\"wpb_text_column\"><div class=\"wpb_wrapper\"><p><span style=\"font-weight: 400;\">Biz Ye\u015filler, Wiesbaden'de aktif bir toprak politikas\u0131 geli\u015ftirdik. Araziyi hedefli bir \u015fekilde elde etmek, y\u00f6netmek ve da\u011f\u0131tmak i\u00e7in stratejik bir ara\u00e7t\u0131r. Toprak, saf bir emtia olarak kabul edilemeyen k\u0131t, tekrarlanamayan bir hammaddedir. Belediyenin ortak iyi niyetli hedeflerinin hayata ge\u00e7irilebilmesi i\u00e7in arazi politikas\u0131n\u0131n aktif ve uzun vadede planlanmas\u0131 gerekmektedir.<\/span><\/p>\n<p><span style=\"font-weight: 400;\">Bunu yaparken Ulm, M\u00fcnster ve Hamburg gibi \u015fehirlerin on y\u0131llard\u0131r ba\u015far\u0131yla takip etti\u011fi bir yola giriyoruz.<\/span><\/p>\n<p><span style=\"font-weight: 400;\">Kentsel, konut ve a\u00e7\u0131k alanlar i\u00e7in belediyeler taraf\u0131ndan potansiyel geli\u015fim alanlar\u0131n\u0131n erken kazan\u0131lmas\u0131, kentsel geli\u015fimin temelidir, vatanda\u015flar i\u00e7in genel ilginin bir hizmeti olarak hizmet eder ve belediyelerin yerel konut piyasas\u0131 \u00fczerindeki etkilerini art\u0131rmalar\u0131na olanak tan\u0131r. Belediye, gayrimenkul veya araziyi kime teslim edece\u011fine karar verebilir. \u00dc\u00e7\u00fcnc\u00fc \u015fah\u0131slar taraf\u0131ndan arazi ile spek\u00fclasyondan ka\u00e7\u0131nman\u0131n ve uygun fiyatl\u0131 konut in\u015fas\u0131n\u0131 sa\u011flaman\u0131n tek yolu budur. Belediye, konutun geli\u015ftirilip geli\u015ftirilmedi\u011fine, sosyal altyap\u0131n\u0131n kre\u015fler veya okullar \u015feklinde olu\u015fturulup olu\u015fturulmad\u0131\u011f\u0131na veya \u00f6rne\u011fin \u00e7evre ve iklim koruman\u0131n te\u015fvik edilip edilmedi\u011fine karar verebilir. Aktif bir toprak politikas\u0131 b\u00f6ylece belediyenin harekete ge\u00e7me kapasitesini g\u00fc\u00e7lendirir.<\/span><\/p>\n<\/div><\/div><\/div><\/div><\/div><\/div><\/div><div class=\"w-separator size_medium\"><\/div><div class=\"w-btn-wrapper align_left\"><a class=\"w-btn us-btn-style_8 icon_atleft\" href=\"https:\/\/gruene-wiesbaden.de\/tr\/kommunalwahl\/#Kapitel1\"><i class=\"fas fa-chevron-circle-right\"><\/i><span class=\"w-btn-label\">Genel bak\u0131\u015fa geri d\u00f6n<\/span><\/a><\/div><div class=\"w-separator size_large\"><\/div><\/div><\/div><\/div><\/div><\/section>","protected":false},"excerpt":{"rendered":"Kentsel planlama ve kentsel geli\u015fim, belediyedeki en b\u00fcy\u00fck zorluklar\u0131n anahtar\u0131d\u0131r. Aksi takdirde ula\u015f\u0131mda bir de\u011fi\u015fiklik olmayacak, iklim krizine kar\u015f\u0131 koyamayaca\u011f\u0131z, sosyal uyumu s\u00fcrd\u00fcremeyece\u011fiz, g\u00fc\u00e7lendiremeyece\u011fiz veya arazi t\u00fcketimini azaltamayaca\u011f\u0131z. Sa\u011fl\u0131k, iyi bir ya\u015fam kalitesi ve ikamet, uygun fiyatl\u0131 konut, sosyal uyum, g\u00fc\u00e7l\u00fc bir i\u015f yeri olsun: T\u00fcm bunlar\u0131 ancak ba\u015farabiliriz...","protected":false},"author":1,"featured_media":1502,"comment_status":"closed","ping_status":"closed","sticky":false,"template":"","format":"standard","meta":{"footnotes":""},"categories":[14],"tags":[],"class_list":["post-1327","post","type-post","status-publish","format-standard","has-post-thumbnail","hentry","category-kapitel-1"],"yoast_head":"<!-- This site is optimized with the Yoast SEO plugin v27.5 - https:\/\/yoast.com\/product\/yoast-seo-wordpress\/ -->\n<title>Stadtentwicklung - B\u00dcNDNIS 90\/DIE GR\u00dcNEN Wiesbaden<\/title>\n<meta name=\"robots\" content=\"index, follow, max-snippet:-1, max-image-preview:large, max-video-preview:-1\" \/>\n<link rel=\"canonical\" href=\"https:\/\/gruene-wiesbaden.de\/tr\/stadtentwicklung\/\" \/>\n<meta property=\"og:locale\" content=\"tr_TR\" \/>\n<meta property=\"og:type\" content=\"article\" \/>\n<meta property=\"og:title\" content=\"Stadtentwicklung - B\u00dcNDNIS 90\/DIE GR\u00dcNEN Wiesbaden\" \/>\n<meta property=\"og:url\" content=\"https:\/\/gruene-wiesbaden.de\/tr\/stadtentwicklung\/\" \/>\n<meta property=\"og:site_name\" content=\"B\u00dcNDNIS 90\/DIE GR\u00dcNEN Wiesbaden\" \/>\n<meta property=\"article:publisher\" content=\"https:\/\/www.facebook.com\/gruene.wi\" \/>\n<meta property=\"article:published_time\" content=\"2025-11-09T21:44:50+00:00\" \/>\n<meta property=\"article:modified_time\" content=\"2026-04-08T20:41:01+00:00\" \/>\n<meta property=\"og:image\" content=\"https:\/\/gruene-wiesbaden.de\/wp-content\/uploads\/2025\/11\/1.5-Stadtentwicklung-scaled.jpg\" \/>\n\t<meta property=\"og:image:width\" content=\"1920\" \/>\n\t<meta property=\"og:image:height\" content=\"2560\" \/>\n\t<meta property=\"og:image:type\" content=\"image\/jpeg\" \/>\n<meta name=\"author\" content=\"admin\" \/>\n<meta name=\"twitter:card\" content=\"summary_large_image\" \/>\n<meta name=\"twitter:label1\" content=\"Yazan:\" \/>\n\t<meta name=\"twitter:data1\" content=\"admin\" \/>\n\t<meta name=\"twitter:label2\" content=\"Tahmini okuma s\u00fcresi\" \/>\n\t<meta name=\"twitter:data2\" content=\"14 minutes\" \/>\n<script type=\"application\/ld+json\" class=\"yoast-schema-graph\">{\"@context\":\"https:\\\/\\\/schema.org\",\"@graph\":[{\"@type\":\"Article\",\"@id\":\"https:\\\/\\\/gruene-wiesbaden.de\\\/stadtentwicklung\\\/#article\",\"isPartOf\":{\"@id\":\"https:\\\/\\\/gruene-wiesbaden.de\\\/stadtentwicklung\\\/\"},\"author\":{\"name\":\"admin\",\"@id\":\"https:\\\/\\\/gruene-wiesbaden.de\\\/#\\\/schema\\\/person\\\/6785c34779159cd4fd86886bb097afe9\"},\"headline\":\"Stadtentwicklung\",\"datePublished\":\"2025-11-09T21:44:50+00:00\",\"dateModified\":\"2026-04-08T20:41:01+00:00\",\"mainEntityOfPage\":{\"@id\":\"https:\\\/\\\/gruene-wiesbaden.de\\\/stadtentwicklung\\\/\"},\"wordCount\":3464,\"publisher\":{\"@id\":\"https:\\\/\\\/gruene-wiesbaden.de\\\/#organization\"},\"image\":{\"@id\":\"https:\\\/\\\/gruene-wiesbaden.de\\\/stadtentwicklung\\\/#primaryimage\"},\"thumbnailUrl\":\"https:\\\/\\\/gruene-wiesbaden.de\\\/wp-content\\\/uploads\\\/2025\\\/11\\\/1.5-Stadtentwicklung-scaled.jpg\",\"articleSection\":[\"Kapitel 1\"],\"inLanguage\":\"tr-TR\"},{\"@type\":\"WebPage\",\"@id\":\"https:\\\/\\\/gruene-wiesbaden.de\\\/stadtentwicklung\\\/\",\"url\":\"https:\\\/\\\/gruene-wiesbaden.de\\\/stadtentwicklung\\\/\",\"name\":\"Stadtentwicklung - B\u00dcNDNIS 90\\\/DIE GR\u00dcNEN Wiesbaden\",\"isPartOf\":{\"@id\":\"https:\\\/\\\/gruene-wiesbaden.de\\\/#website\"},\"primaryImageOfPage\":{\"@id\":\"https:\\\/\\\/gruene-wiesbaden.de\\\/stadtentwicklung\\\/#primaryimage\"},\"image\":{\"@id\":\"https:\\\/\\\/gruene-wiesbaden.de\\\/stadtentwicklung\\\/#primaryimage\"},\"thumbnailUrl\":\"https:\\\/\\\/gruene-wiesbaden.de\\\/wp-content\\\/uploads\\\/2025\\\/11\\\/1.5-Stadtentwicklung-scaled.jpg\",\"datePublished\":\"2025-11-09T21:44:50+00:00\",\"dateModified\":\"2026-04-08T20:41:01+00:00\",\"breadcrumb\":{\"@id\":\"https:\\\/\\\/gruene-wiesbaden.de\\\/stadtentwicklung\\\/#breadcrumb\"},\"inLanguage\":\"tr-TR\",\"potentialAction\":[{\"@type\":\"ReadAction\",\"target\":[\"https:\\\/\\\/gruene-wiesbaden.de\\\/stadtentwicklung\\\/\"]}]},{\"@type\":\"ImageObject\",\"inLanguage\":\"tr-TR\",\"@id\":\"https:\\\/\\\/gruene-wiesbaden.de\\\/stadtentwicklung\\\/#primaryimage\",\"url\":\"https:\\\/\\\/gruene-wiesbaden.de\\\/wp-content\\\/uploads\\\/2025\\\/11\\\/1.5-Stadtentwicklung-scaled.jpg\",\"contentUrl\":\"https:\\\/\\\/gruene-wiesbaden.de\\\/wp-content\\\/uploads\\\/2025\\\/11\\\/1.5-Stadtentwicklung-scaled.jpg\",\"width\":1920,\"height\":2560},{\"@type\":\"BreadcrumbList\",\"@id\":\"https:\\\/\\\/gruene-wiesbaden.de\\\/stadtentwicklung\\\/#breadcrumb\",\"itemListElement\":[{\"@type\":\"ListItem\",\"position\":1,\"name\":\"Startseite\",\"item\":\"https:\\\/\\\/gruene-wiesbaden.de\\\/\"},{\"@type\":\"ListItem\",\"position\":2,\"name\":\"Stadtentwicklung\"}]},{\"@type\":\"WebSite\",\"@id\":\"https:\\\/\\\/gruene-wiesbaden.de\\\/#website\",\"url\":\"https:\\\/\\\/gruene-wiesbaden.de\\\/\",\"name\":\"DIE GR\u00dcNEN Wiesbaden\",\"description\":\"\",\"publisher\":{\"@id\":\"https:\\\/\\\/gruene-wiesbaden.de\\\/#organization\"},\"potentialAction\":[{\"@type\":\"SearchAction\",\"target\":{\"@type\":\"EntryPoint\",\"urlTemplate\":\"https:\\\/\\\/gruene-wiesbaden.de\\\/?s={search_term_string}\"},\"query-input\":{\"@type\":\"PropertyValueSpecification\",\"valueRequired\":true,\"valueName\":\"search_term_string\"}}],\"inLanguage\":\"tr-TR\"},{\"@type\":\"Organization\",\"@id\":\"https:\\\/\\\/gruene-wiesbaden.de\\\/#organization\",\"name\":\"DIE GR\u00dcNEN Wiesbaden\",\"url\":\"https:\\\/\\\/gruene-wiesbaden.de\\\/\",\"logo\":{\"@type\":\"ImageObject\",\"inLanguage\":\"tr-TR\",\"@id\":\"https:\\\/\\\/gruene-wiesbaden.de\\\/#\\\/schema\\\/logo\\\/image\\\/\",\"url\":\"https:\\\/\\\/gruene-wiesbaden-fuer-europa.de\\\/wp-content\\\/uploads\\\/2024\\\/04\\\/Machen-was-zaehlt-5.png\",\"contentUrl\":\"https:\\\/\\\/gruene-wiesbaden-fuer-europa.de\\\/wp-content\\\/uploads\\\/2024\\\/04\\\/Machen-was-zaehlt-5.png\",\"width\":1772,\"height\":1772,\"caption\":\"DIE GR\u00dcNEN Wiesbaden\"},\"image\":{\"@id\":\"https:\\\/\\\/gruene-wiesbaden.de\\\/#\\\/schema\\\/logo\\\/image\\\/\"},\"sameAs\":[\"https:\\\/\\\/www.facebook.com\\\/gruene.wi\",\"https:\\\/\\\/instagram.com\\\/gruene_wi\"]},{\"@type\":\"Person\",\"@id\":\"https:\\\/\\\/gruene-wiesbaden.de\\\/#\\\/schema\\\/person\\\/6785c34779159cd4fd86886bb097afe9\",\"name\":\"admin\",\"sameAs\":[\"http:\\\/\\\/gruene-wiesbaden-fuer-europa.de\"],\"url\":\"https:\\\/\\\/gruene-wiesbaden.de\\\/tr\\\/author\\\/admin\\\/\"}]}<\/script>\n<!-- \/ Yoast SEO plugin. -->","yoast_head_json":{"title":"Stadtentwicklung - B\u00dcNDNIS 90\/DIE GR\u00dcNEN Wiesbaden","robots":{"index":"index","follow":"follow","max-snippet":"max-snippet:-1","max-image-preview":"max-image-preview:large","max-video-preview":"max-video-preview:-1"},"canonical":"https:\/\/gruene-wiesbaden.de\/tr\/stadtentwicklung\/","og_locale":"tr_TR","og_type":"article","og_title":"Stadtentwicklung - B\u00dcNDNIS 90\/DIE GR\u00dcNEN Wiesbaden","og_url":"https:\/\/gruene-wiesbaden.de\/tr\/stadtentwicklung\/","og_site_name":"B\u00dcNDNIS 90\/DIE GR\u00dcNEN Wiesbaden","article_publisher":"https:\/\/www.facebook.com\/gruene.wi","article_published_time":"2025-11-09T21:44:50+00:00","article_modified_time":"2026-04-08T20:41:01+00:00","og_image":[{"width":1920,"height":2560,"url":"https:\/\/gruene-wiesbaden.de\/wp-content\/uploads\/2025\/11\/1.5-Stadtentwicklung-scaled.jpg","type":"image\/jpeg"}],"author":"admin","twitter_card":"summary_large_image","twitter_misc":{"Yazan:":"admin","Tahmini okuma s\u00fcresi":"14 minutes"},"schema":{"@context":"https:\/\/schema.org","@graph":[{"@type":"Article","@id":"https:\/\/gruene-wiesbaden.de\/stadtentwicklung\/#article","isPartOf":{"@id":"https:\/\/gruene-wiesbaden.de\/stadtentwicklung\/"},"author":{"name":"admin","@id":"https:\/\/gruene-wiesbaden.de\/#\/schema\/person\/6785c34779159cd4fd86886bb097afe9"},"headline":"Stadtentwicklung","datePublished":"2025-11-09T21:44:50+00:00","dateModified":"2026-04-08T20:41:01+00:00","mainEntityOfPage":{"@id":"https:\/\/gruene-wiesbaden.de\/stadtentwicklung\/"},"wordCount":3464,"publisher":{"@id":"https:\/\/gruene-wiesbaden.de\/#organization"},"image":{"@id":"https:\/\/gruene-wiesbaden.de\/stadtentwicklung\/#primaryimage"},"thumbnailUrl":"https:\/\/gruene-wiesbaden.de\/wp-content\/uploads\/2025\/11\/1.5-Stadtentwicklung-scaled.jpg","articleSection":["Kapitel 1"],"inLanguage":"tr-TR"},{"@type":"WebPage","@id":"https:\/\/gruene-wiesbaden.de\/stadtentwicklung\/","url":"https:\/\/gruene-wiesbaden.de\/stadtentwicklung\/","name":"Stadtentwicklung - B\u00dcNDNIS 90\/DIE GR\u00dcNEN Wiesbaden","isPartOf":{"@id":"https:\/\/gruene-wiesbaden.de\/#website"},"primaryImageOfPage":{"@id":"https:\/\/gruene-wiesbaden.de\/stadtentwicklung\/#primaryimage"},"image":{"@id":"https:\/\/gruene-wiesbaden.de\/stadtentwicklung\/#primaryimage"},"thumbnailUrl":"https:\/\/gruene-wiesbaden.de\/wp-content\/uploads\/2025\/11\/1.5-Stadtentwicklung-scaled.jpg","datePublished":"2025-11-09T21:44:50+00:00","dateModified":"2026-04-08T20:41:01+00:00","breadcrumb":{"@id":"https:\/\/gruene-wiesbaden.de\/stadtentwicklung\/#breadcrumb"},"inLanguage":"tr-TR","potentialAction":[{"@type":"ReadAction","target":["https:\/\/gruene-wiesbaden.de\/stadtentwicklung\/"]}]},{"@type":"ImageObject","inLanguage":"tr-TR","@id":"https:\/\/gruene-wiesbaden.de\/stadtentwicklung\/#primaryimage","url":"https:\/\/gruene-wiesbaden.de\/wp-content\/uploads\/2025\/11\/1.5-Stadtentwicklung-scaled.jpg","contentUrl":"https:\/\/gruene-wiesbaden.de\/wp-content\/uploads\/2025\/11\/1.5-Stadtentwicklung-scaled.jpg","width":1920,"height":2560},{"@type":"BreadcrumbList","@id":"https:\/\/gruene-wiesbaden.de\/stadtentwicklung\/#breadcrumb","itemListElement":[{"@type":"ListItem","position":1,"name":"Startseite","item":"https:\/\/gruene-wiesbaden.de\/"},{"@type":"ListItem","position":2,"name":"Stadtentwicklung"}]},{"@type":"WebSite","@id":"https:\/\/gruene-wiesbaden.de\/#website","url":"https:\/\/gruene-wiesbaden.de\/","name":"DIE GR\u00dcNEN Wiesbaden","description":"","publisher":{"@id":"https:\/\/gruene-wiesbaden.de\/#organization"},"potentialAction":[{"@type":"SearchAction","target":{"@type":"EntryPoint","urlTemplate":"https:\/\/gruene-wiesbaden.de\/?s={search_term_string}"},"query-input":{"@type":"PropertyValueSpecification","valueRequired":true,"valueName":"search_term_string"}}],"inLanguage":"tr-TR"},{"@type":"Organization","@id":"https:\/\/gruene-wiesbaden.de\/#organization","name":"DIE GR\u00dcNEN Wiesbaden","url":"https:\/\/gruene-wiesbaden.de\/","logo":{"@type":"ImageObject","inLanguage":"tr-TR","@id":"https:\/\/gruene-wiesbaden.de\/#\/schema\/logo\/image\/","url":"https:\/\/gruene-wiesbaden-fuer-europa.de\/wp-content\/uploads\/2024\/04\/Machen-was-zaehlt-5.png","contentUrl":"https:\/\/gruene-wiesbaden-fuer-europa.de\/wp-content\/uploads\/2024\/04\/Machen-was-zaehlt-5.png","width":1772,"height":1772,"caption":"DIE GR\u00dcNEN Wiesbaden"},"image":{"@id":"https:\/\/gruene-wiesbaden.de\/#\/schema\/logo\/image\/"},"sameAs":["https:\/\/www.facebook.com\/gruene.wi","https:\/\/instagram.com\/gruene_wi"]},{"@type":"Person","@id":"https:\/\/gruene-wiesbaden.de\/#\/schema\/person\/6785c34779159cd4fd86886bb097afe9","name":"admin","sameAs":["http:\/\/gruene-wiesbaden-fuer-europa.de"],"url":"https:\/\/gruene-wiesbaden.de\/tr\/author\/admin\/"}]}},"_links":{"self":[{"href":"https:\/\/gruene-wiesbaden.de\/tr\/wp-json\/wp\/v2\/posts\/1327","targetHints":{"allow":["GET"]}}],"collection":[{"href":"https:\/\/gruene-wiesbaden.de\/tr\/wp-json\/wp\/v2\/posts"}],"about":[{"href":"https:\/\/gruene-wiesbaden.de\/tr\/wp-json\/wp\/v2\/types\/post"}],"author":[{"embeddable":true,"href":"https:\/\/gruene-wiesbaden.de\/tr\/wp-json\/wp\/v2\/users\/1"}],"replies":[{"embeddable":true,"href":"https:\/\/gruene-wiesbaden.de\/tr\/wp-json\/wp\/v2\/comments?post=1327"}],"version-history":[{"count":9,"href":"https:\/\/gruene-wiesbaden.de\/tr\/wp-json\/wp\/v2\/posts\/1327\/revisions"}],"predecessor-version":[{"id":2370,"href":"https:\/\/gruene-wiesbaden.de\/tr\/wp-json\/wp\/v2\/posts\/1327\/revisions\/2370"}],"wp:featuredmedia":[{"embeddable":true,"href":"https:\/\/gruene-wiesbaden.de\/tr\/wp-json\/wp\/v2\/media\/1502"}],"wp:attachment":[{"href":"https:\/\/gruene-wiesbaden.de\/tr\/wp-json\/wp\/v2\/media?parent=1327"}],"wp:term":[{"taxonomy":"category","embeddable":true,"href":"https:\/\/gruene-wiesbaden.de\/tr\/wp-json\/wp\/v2\/categories?post=1327"},{"taxonomy":"post_tag","embeddable":true,"href":"https:\/\/gruene-wiesbaden.de\/tr\/wp-json\/wp\/v2\/tags?post=1327"}],"curies":[{"name":"wp","href":"https:\/\/api.w.org\/{rel}","templated":true}]}}