{"id":1323,"date":"2025-11-09T23:41:29","date_gmt":"2025-11-09T21:41:29","guid":{"rendered":"https:\/\/gruene-wiesbaden.de\/?p=1323"},"modified":"2026-04-08T22:32:07","modified_gmt":"2026-04-08T20:32:07","slug":"bevoelkerungsschutz","status":"publish","type":"post","link":"https:\/\/gruene-wiesbaden.de\/tr\/bevoelkerungsschutz\/","title":{"rendered":"Sivil koruma"},"content":{"rendered":"<section class=\"l-section wpb_row height_medium with_img\"><div class=\"l-section-img\" role=\"img\" data-img-width=\"1080\" data-img-height=\"800\" style=\"background-image: url(https:\/\/gruene-wiesbaden.de\/wp-content\/uploads\/2025\/11\/neuer-Verlauf-gruene-wiesbaden.de_-2-e1762709402177.png);\"><\/div><div class=\"l-section-overlay\" style=\"background:var(--color-header-top-transparent-bg)\"><\/div><div class=\"l-section-h i-cf\"><div class=\"g-cols vc_row via_grid cols_1 laptops-cols_inherit tablets-cols_inherit mobiles-cols_1 valign_top type_default stacking_default\"><div class=\"wpb_column vc_column_container\"><div class=\"vc_column-inner\"><h1 class=\"w-post-elm post_title us_custom_a574d586 has_text_color entry-title\">Sivil koruma<\/h1><div class=\"w-separator size_medium\"><\/div><div class=\"g-cols wpb_row via_grid cols_2-1 laptops-cols_inherit tablets-cols_inherit mobiles-cols_1 valign_top type_default stacking_default\" style=\"--columns-gap:3rem;\"><div class=\"wpb_column vc_column_container\"><div class=\"vc_column-inner\"><div class=\"wpb_text_column us_custom_8b3d6790 has_text_color\"><div class=\"wpb_wrapper\"><p><span style=\"font-weight: 400;\">\u0130klim krizi ve jeopolitik tehditlerin neden oldu\u011fu artan a\u015f\u0131r\u0131 hava olaylar\u0131 g\u00f6z \u00f6n\u00fcne al\u0131nd\u0131\u011f\u0131nda, esnek n\u00fcfus korumas\u0131 vazge\u00e7ilmezdir. \u0130nsanlar\u0131 her durumda koruyan etkili g\u00fcvenlik ve iyi kriz \u00f6nleme konusunda kararl\u0131y\u0131z.<\/span><\/p>\n<p><span style=\"font-weight: 400;\">Bunlar, savunmas\u0131z gruplar\u0131 koruyan belediye \u0131s\u0131 eylem plan\u0131n\u0131n devam etmesinin yan\u0131 s\u0131ra nehir sahalar\u0131n\u0131n yeniden d\u00fczenlenmesi ve tutma alanlar\u0131n\u0131n olu\u015fturulmas\u0131 ile kapsaml\u0131 bir ta\u015fk\u0131n koruma konseptini i\u00e7erir.<\/span><\/p>\n<p><span style=\"font-weight: 400;\">T\u00fcm vatanda\u015flara zaman\u0131nda ula\u015fan yerel bir erken uyar\u0131 sistemine ba\u011fl\u0131y\u0131z. Ayn\u0131 zamanda, n\u00fcfusun kendi kendine yard\u0131m kapasitesini g\u00fc\u00e7lendirmek istiyoruz.<\/span><\/p>\n<p><span style=\"font-weight: 400;\">Sivil korumada gen\u00e7leri i\u015fe almak \u00f6nemli bir zorluktur. Bu g\u00f6n\u00fcll\u00fc hizmet i\u00e7in yeni hedef gruplara ilham vermek ve \u00e7ekici e\u011fitim ve yeterlilik tekliflerinin yan\u0131 s\u0131ra itfaiye ve yard\u0131m kurulu\u015flar\u0131 i\u00e7in uygun ekipman sa\u011flamak istiyoruz.<\/span><\/p>\n<\/div><\/div><div class=\"w-separator size_medium\"><\/div><div class=\"w-btn-wrapper align_left\"><a class=\"w-btn us-btn-style_8 icon_atleft\" href=\"https:\/\/gruene-wiesbaden.de\/tr\/kommunalwahl\/#Kapitel1\"><i class=\"fas fa-chevron-circle-right\"><\/i><span class=\"w-btn-label\">Genel bak\u0131\u015fa geri d\u00f6n<\/span><\/a><\/div><\/div><\/div><div class=\"wpb_column vc_column_container\"><div class=\"vc_column-inner\"><div class=\"w-image align_center\"><div class=\"w-image-h\"><img decoding=\"async\" width=\"2560\" height=\"1707\" src=\"https:\/\/gruene-wiesbaden.de\/wp-content\/uploads\/2025\/11\/1.2-Bevoelkerungsschutz-scaled.jpeg\" class=\"attachment-full size-full\" alt=\"\" loading=\"lazy\" srcset=\"https:\/\/gruene-wiesbaden.de\/wp-content\/uploads\/2025\/11\/1.2-Bevoelkerungsschutz-scaled.jpeg 2560w, https:\/\/gruene-wiesbaden.de\/wp-content\/uploads\/2025\/11\/1.2-Bevoelkerungsschutz-400x267.jpeg 400w, https:\/\/gruene-wiesbaden.de\/wp-content\/uploads\/2025\/11\/1.2-Bevoelkerungsschutz-600x400.jpeg 600w\" sizes=\"auto, (max-width: 2560px) 100vw, 2560px\" \/><\/div><\/div><div class=\"w-separator size_small\"><\/div><\/div><\/div><\/div><div class=\"w-separator size_medium\"><\/div><div class=\"w-separator size_medium\"><\/div><div class=\"wpb_text_column\"><div class=\"wpb_wrapper\"><h1>Diren\u00e7li Sivil Koruma Bizim \u0130\u00e7in Ne Anlama Geliyor?<\/h1>\n<\/div><\/div><div class=\"w-separator size_large\"><\/div><div class=\"g-cols wpb_row via_grid cols_3 laptops-cols_inherit tablets-cols_inherit mobiles-cols_1 valign_top type_default stacking_default\" style=\"--columns-gap:3rem;\"><div class=\"wpb_column vc_column_container\"><div class=\"vc_column-inner\"><div class=\"w-iconbox us_custom_f4639b64 has_text_color iconpos_left style_default color_custom align_left\"><div class=\"w-iconbox-icon\" style=\"font-size:2rem;--icon-color:#Ffffff;--icon-bg-color:var(--color-header-middle-bg);\"><i class=\"fas fa-layer-group\"><\/i><\/div><div class=\"w-iconbox-meta\"><h4 class=\"w-iconbox-title\" style=\"font-size:1.5rem;\">\u00d6ng\u00f6r\u00fc ile hareket ediyoruz<\/h4><div class=\"w-iconbox-text\"><p><span style=\"font-weight: 400;\">Felaketlere m\u00fcdahale etmek yerine \u00f6nlemeye yat\u0131r\u0131m yapmak istiyoruz. Wiesbaden'i krize dayan\u0131kl\u0131 hale getirmek yapabilece\u011fimiz en iyi yat\u0131r\u0131md\u0131r.<\/span><\/p>\n<\/div><\/div><\/div><\/div><\/div><div class=\"wpb_column vc_column_container\"><div class=\"vc_column-inner\"><div class=\"w-iconbox us_custom_f4639b64 has_text_color iconpos_left style_default color_custom align_left\"><div class=\"w-iconbox-icon\" style=\"font-size:2rem;--icon-color:#Ffffff;--icon-bg-color:var(--color-header-transparent-text);\"><i class=\"fas fa-layer-group\"><\/i><\/div><div class=\"w-iconbox-meta\"><h4 class=\"w-iconbox-title\" style=\"font-size:1.5rem;\">Altyap\u0131y\u0131 krize dayan\u0131kl\u0131 hale getiriyoruz<\/h4><div class=\"w-iconbox-text\"><p><span style=\"font-weight: 400;\">Enerji ve su temini, ileti\u015fim ve sa\u011fl\u0131k tesisleri alanlar\u0131nda kritik altyap\u0131n\u0131n korunmas\u0131 bizim i\u00e7in \u00f6zellikle \u00f6nemlidir.<\/span><\/p>\n<\/div><\/div><\/div><\/div><\/div><div class=\"wpb_column vc_column_container\"><div class=\"vc_column-inner\"><div class=\"w-iconbox us_custom_f4639b64 has_text_color iconpos_left style_default color_custom align_left\"><div class=\"w-iconbox-icon\" style=\"font-size:2rem;--icon-color:#Ffffff;--icon-bg-color:var(--color-header-transparent-text);\"><i class=\"fas fa-layer-group\"><\/i><\/div><div class=\"w-iconbox-meta\"><h4 class=\"w-iconbox-title\" style=\"font-size:1.5rem;\">En de\u011ferli olan\u0131 koruyoruz<\/h4><div class=\"w-iconbox-text\"><p><span style=\"font-weight: 400;\">Bizim i\u00e7in \u00f6nemli olan herkesi \u00f6nemsiyoruz: \u00c7ocuklar\u0131m\u0131z, ebeveynlerimiz, arkada\u015flar\u0131m\u0131z, kom\u015fular\u0131m\u0131z, evcil hayvanlar\u0131m\u0131z. Onlar\u0131n iyili\u011fi i\u00e7in elimizden geleni yap\u0131yoruz.<\/span><\/p>\n<\/div><\/div><\/div><\/div><\/div><\/div><div class=\"w-separator size_medium\"><\/div><div class=\"g-cols wpb_row via_grid cols_3 laptops-cols_inherit tablets-cols_inherit mobiles-cols_1 valign_top type_default stacking_default\" style=\"--columns-gap:3rem;\"><div class=\"wpb_column vc_column_container\"><div class=\"vc_column-inner\"><div class=\"w-iconbox us_custom_f4639b64 has_text_color iconpos_left style_default color_custom align_left\"><div class=\"w-iconbox-icon\" style=\"font-size:2rem;--icon-color:#Ffffff;--icon-bg-color:var(--color-header-middle-bg);\"><i class=\"fas fa-layer-group\"><\/i><\/div><div class=\"w-iconbox-meta\"><h4 class=\"w-iconbox-title\" style=\"font-size:1.5rem;\">Birlikte aktifiz<\/h4><div class=\"w-iconbox-text\"><p><span style=\"font-weight: 400;\">Ortak eylem g\u00fcvenli\u011fimizin \u00f6n \u015fart\u0131d\u0131r. G\u00f6n\u00fcll\u00fcl\u00fc\u011f\u00fc te\u015fvik ediyoruz ve sivil toplum a\u011flar\u0131n\u0131 destekliyoruz.<\/span><\/p>\n<\/div><\/div><\/div><\/div><\/div><div class=\"wpb_column vc_column_container\"><div class=\"vc_column-inner\"><div class=\"w-iconbox us_custom_f4639b64 has_text_color iconpos_left style_default color_custom align_left\"><div class=\"w-iconbox-icon\" style=\"font-size:2rem;--icon-color:#Ffffff;--icon-bg-color:var(--color-header-transparent-text);\"><i class=\"fas fa-layer-group\"><\/i><\/div><div class=\"w-iconbox-meta\"><h4 class=\"w-iconbox-title\" style=\"font-size:1.5rem;\">Dayan\u0131\u015fma i\u00e7inde hareket ediyoruz<\/h4><div class=\"w-iconbox-text\"><p><span style=\"font-weight: 400;\">Biz toplum olarak bir araday\u0131z. \u0130klim krizi herkesi e\u015fit \u015fekilde etkilemiyor \u00d6zellikle etkilenenler genellikle ya\u015fl\u0131lar, hastalar, yaln\u0131zlar ve dezavantajl\u0131lar.<\/span><\/p>\n<\/div><\/div><\/div><\/div><\/div><div class=\"wpb_column vc_column_container\"><div class=\"vc_column-inner\"><div class=\"w-iconbox us_custom_f4639b64 has_text_color iconpos_left style_default color_custom align_left\"><div class=\"w-iconbox-icon\" style=\"font-size:2rem;--icon-color:#Ffffff;--icon-bg-color:var(--color-header-transparent-text);\"><i class=\"fas fa-layer-group\"><\/i><\/div><div class=\"w-iconbox-meta\"><h4 class=\"w-iconbox-title\" style=\"font-size:1.5rem;\">Herkese ula\u015f\u0131yoruz<\/h4><div class=\"w-iconbox-text\"><p><span style=\"font-weight: 400;\">T\u00fcm insanlar\u0131 her zaman ve her yerde bilgilendirebilmek i\u00e7in erken uyar\u0131 sistemlerimizi geni\u015f bir \u015fekilde kuruyoruz.<\/span><\/p>\n<\/div><\/div><\/div><\/div><\/div><\/div><div class=\"w-separator size_medium\"><\/div><div class=\"w-btn-wrapper align_left\"><a class=\"w-btn us-btn-style_8 icon_atleft\" href=\"https:\/\/gruene-wiesbaden.de\/tr\/kommunalwahl\/#Kapitel1\"><i class=\"fas fa-chevron-circle-right\"><\/i><span class=\"w-btn-label\">Genel bak\u0131\u015fa geri d\u00f6n<\/span><\/a><\/div><div class=\"w-separator size_medium\"><\/div><\/div><\/div><\/div><\/div><\/section><section class=\"l-section wpb_row height_auto with_img\"><div class=\"l-section-img\" role=\"img\" data-img-width=\"2560\" data-img-height=\"1707\" style=\"background-image: url(https:\/\/gruene-wiesbaden.de\/wp-content\/uploads\/2025\/11\/1.2-Bevoelkerungsschutz-scaled.jpeg);background-repeat: no-repeat;\"><\/div><div class=\"l-section-overlay\" style=\"background:var(--color-header-top-transparent-bg)\"><\/div><div class=\"l-section-h i-cf\"><div class=\"g-cols vc_row via_grid cols_1 laptops-cols_inherit tablets-cols_inherit mobiles-cols_1 valign_middle type_default stacking_default\" style=\"--columns-gap:1rem;\"><div class=\"wpb_column vc_column_container\"><div class=\"vc_column-inner\"><div class=\"w-separator size_large\"><\/div><div class=\"wpb_text_column background_inside_text\"><div class=\"wpb_wrapper\"><h1>\u00d6zellikle bu alanda yapmak istediklerimiz<\/h1>\n<\/div><\/div><div class=\"w-separator size_medium\"><\/div><div class=\"w-tabs us_custom_42d693a0 has_text_color style_default switch_click accordion has_scrolling\" style=\"--sections-title-size:1.4rem\"><div class=\"w-tabs-sections titles-align_none icon_chevron cpos_right\"><div class=\"w-tabs-section has_text_color\" id=\"rdeb\" style=\"background:var(--color-header-transparent-text);color:var(--color-header-top-text-hover);\"><button class=\"w-tabs-section-header\" aria-controls=\"content-rdeb\" aria-expanded=\"false\"><div class=\"w-tabs-section-title\">T\u00fcm durumlar i\u00e7in iyi haz\u0131rlan\u0131n<\/div><div class=\"w-tabs-section-control\"><\/div><\/button><div  class=\"w-tabs-section-content\" id=\"content-rdeb\"><div class=\"w-tabs-section-content-h i-cf\"><div class=\"wpb_text_column\"><div class=\"wpb_wrapper\"><p><span style=\"font-weight: 400;\">\u00d6nleme, hasar\u0131n bir k\u0131sm\u0131na mal olur. Wiesbaden'in \u0131s\u0131, \u015fiddetli ya\u011fmur ve sel koruma planlar\u0131 yoluyla krize dayan\u0131kl\u0131 olmas\u0131n\u0131 sa\u011flamaya kararl\u0131y\u0131z. Vatanda\u015flar\u0131n sel, elektrik kesintileri ve orman yang\u0131nlar\u0131 gibi tehlikelere kar\u015f\u0131 fark\u0131ndal\u0131\u011f\u0131n\u0131n artmas\u0131n\u0131 sa\u011flamak istiyoruz. Sivil koruma \u00e7al\u0131\u015fmalar\u0131, e\u011fitim ve ileri e\u011fitim yoluyla, n\u00fcfusun kendini koruma kapasitesini ve yetkililer ile operasyonel kurulu\u015flar aras\u0131ndaki etkili i\u015fbirli\u011fini g\u00fc\u00e7lendirmek ve (erken) uyar\u0131lar ve uyar\u0131lar i\u00e7in ileti\u015fim kanallar\u0131n\u0131 geni\u015fletmek i\u00e7in \u00e7al\u0131\u015fmak istiyoruz. Uyar\u0131 uygulamalar\u0131 gibi sanal kanallar, ya\u015fl\u0131lara ve dijital eri\u015fimi olmayan hatta engelli insanlara ula\u015fmak i\u00e7in sirenler ve yerel a\u011flar kadar \u00f6nemlidir.<\/span><\/p>\n<\/div><\/div><\/div><\/div><\/div><div class=\"w-tabs-section has_text_color\" id=\"zf0d\" style=\"background:var(--color-header-transparent-text);color:var(--color-header-top-text-hover);\"><button class=\"w-tabs-section-header\" aria-controls=\"content-zf0d\" aria-expanded=\"false\"><div class=\"w-tabs-section-title\">Kimseyi yaln\u0131z b\u0131rakmay\u0131z.<\/div><div class=\"w-tabs-section-control\"><\/div><\/button><div  class=\"w-tabs-section-content\" id=\"content-zf0d\"><div class=\"w-tabs-section-content-h i-cf\"><div class=\"wpb_text_column\"><div class=\"wpb_wrapper\"><p><span style=\"font-weight: 400;\">Afetlerden etkilenen vatanda\u015flar\u0131n h\u0131zl\u0131 yard\u0131ma ihtiyac\u0131 vard\u0131r, ancak acil durum \u00e7al\u0131\u015fanlar\u0131 ve spontane yard\u0131mc\u0131lar genellikle dayan\u0131kl\u0131l\u0131klar\u0131n\u0131n s\u0131n\u0131rlar\u0131na ula\u015f\u0131r. Bir kriz durumunda, Wiesbaden \u015fehrinin b\u00fcrokratik olmayan destek sa\u011flayabilece\u011finden ve ayr\u0131ca psikososyal acil bak\u0131mla ilgilenebilece\u011finden emin olmak istiyoruz. Hastaneler, bak\u0131m evleri ve t\u0131bbi uygulamalar gibi sosyal altyap\u0131lar\u0131n ba\u015far\u0131s\u0131z olmamas\u0131n\u0131 sa\u011flamak i\u00e7in, olas\u0131 hasta yer de\u011fi\u015ftirmeleri ve yaral\u0131lar\u0131n kabul\u00fc ile ilgili acil durum planlar\u0131 haz\u0131rlanmal\u0131d\u0131r. Sivil koruman\u0131n \u00f6zellikle binlerce g\u00f6n\u00fcll\u00fcn\u00fcn ba\u011fl\u0131l\u0131\u011f\u0131na ba\u011fl\u0131 oldu\u011funu biliyoruz: Almanya'da sivil koruma yard\u0131mc\u0131lar\u0131n\u0131n y\u00fczde 90'\u0131 g\u00f6n\u00fcll\u00fc! Bu vazge\u00e7ilmez taahh\u00fcd\u00fc tan\u0131mak, g\u00fc\u00e7lendirmek ve \u00f6zellikle gen\u00e7ler, kad\u0131nlar ve g\u00f6\u00e7 ge\u00e7mi\u015fi olan insanlar i\u00e7in daha cazip hale getirmek istiyoruz.<\/span><\/p>\n<\/div><\/div><\/div><\/div><\/div><div class=\"w-tabs-section has_text_color\" id=\"y040\" style=\"background:var(--color-header-transparent-text);color:var(--color-header-top-text-hover);\"><button class=\"w-tabs-section-header\" aria-controls=\"content-y040\" aria-expanded=\"false\"><div class=\"w-tabs-section-title\">Sa\u011fl\u0131k tehlikelerine kar\u015f\u0131 koruma<\/div><div class=\"w-tabs-section-control\"><\/div><\/button><div  class=\"w-tabs-section-content\" id=\"content-y040\"><div class=\"w-tabs-section-content-h i-cf\"><div class=\"wpb_text_column\"><div class=\"wpb_wrapper\"><p><span style=\"font-weight: 400;\">\u015eiddetli ya\u011fmurlarda ve sellerde, do\u011frudan tehlikelere ek olarak, di\u011fer \u015feylerin yan\u0131 s\u0131ra, \u0131s\u0131tma mahzenlerinde ya\u011f tanklar\u0131n\u0131n s\u0131z\u0131nt\u0131s\u0131 olabilir. \u00d6te yandan uzun kurakl\u0131k ve \u0131s\u0131, sular\u0131m\u0131zda zehirli alg \u00e7i\u00e7eklerine neden olur; Yang\u0131n durumunda tehlikeli baca gazlar\u0131 \u00fcretilir. Wiesbaden \u015fehri, bu kriz durumlar\u0131nda vatanda\u015flar\u0131 erken bir a\u015famada uyarabilmeli ve etkilenenlerle ilgilenebilmelidir. Bu nedenle sivil koruma birimlerinin itfaiye, THW ve yard\u0131m kurulu\u015flar\u0131 ile i\u015fbirli\u011fini g\u00fc\u00e7lendirmek istiyoruz.<\/span><\/p>\n<\/div><\/div><\/div><\/div><\/div><div class=\"w-tabs-section has_text_color\" id=\"g15a\" style=\"background:var(--color-alt-content-bg);color:var(--color-content-heading);\"><button class=\"w-tabs-section-header\" aria-controls=\"content-g15a\" aria-expanded=\"false\"><div class=\"w-tabs-section-title\">T\u00fcketmek i\u00e7in zorlama olmadan g\u00f6lge b\u00f6lgeleri kullan\u0131n<\/div><div class=\"w-tabs-section-control\"><\/div><\/button><div  class=\"w-tabs-section-content\" id=\"content-g15a\"><div class=\"w-tabs-section-content-h i-cf\"><div class=\"wpb_text_column\"><div class=\"wpb_wrapper\"><p><span style=\"font-weight: 400;\">\u0130klim de\u011fi\u015fikli\u011finin ard\u0131ndan daha uzun bir s\u00fcre boyunca a\u015f\u0131r\u0131 \u0131s\u0131 d\u00f6nemleri art\u0131yor ve insanlar \u00fczerinde artan bir y\u00fck haline geliyor. \u00d6zellikle \u015fehir merkezinde, daireler g\u00fcn boyunca dinlendirici bir konaklamay\u0131 ve orada uyumay\u0131 imkans\u0131z k\u0131lan s\u0131cakl\u0131klara kadar \u0131s\u0131nabilir. Bu nedenle, Wiesbaden'de vatanda\u015flar\u0131n en az\u0131ndan g\u00fcn boyunca \u00fccretsiz olarak kalabilecekleri serin yerlerin bulunmas\u0131n\u0131n \u015fart oldu\u011funu d\u00fc\u015f\u00fcn\u00fcyoruz.<\/span><\/p>\n<\/div><\/div><\/div><\/div><\/div><div class=\"w-tabs-section has_text_color\" id=\"g274\" style=\"background:var(--color-header-transparent-text);color:var(--color-header-top-text-hover);\"><button class=\"w-tabs-section-header\" aria-controls=\"content-g274\" aria-expanded=\"false\"><div class=\"w-tabs-section-title\">Orman yang\u0131n\u0131 riskini azaltmak<\/div><div class=\"w-tabs-section-control\"><\/div><\/button><div  class=\"w-tabs-section-content\" id=\"content-g274\"><div class=\"w-tabs-section-content-h i-cf\"><div class=\"wpb_text_column\"><div class=\"wpb_wrapper\"><p><span style=\"font-weight: 400;\">80'den fazla% Ormandaki t\u00fcm yang\u0131nlar insan kaynakl\u0131d\u0131r. Bu nedenle, Wiesbaden \u015fehrinin ormandaki yang\u0131n tehlikeleri hakk\u0131nda bilgi veren ve sorumlu davran\u0131\u015f fark\u0131ndal\u0131\u011f\u0131n\u0131 art\u0131ran geni\u015f tabanl\u0131 bir fark\u0131ndal\u0131k kampanyas\u0131 ba\u015flatmas\u0131n\u0131 istiyoruz. Bir orman yang\u0131n\u0131 ne kadar erken tespit edilirse, b\u00fcy\u00fck hasarlardan ka\u00e7\u0131nmak o kadar kolay olur. Kapsaml\u0131 bir dijital erken uyar\u0131 sistemine ba\u011fl\u0131y\u0131z ve itfaiyelerimizin ekipmanlar\u0131n\u0131 ve e\u011fitimini destekliyoruz. Buna ek olarak, Wiesbaden \u015fehrinde uygun s\u00f6nd\u00fcrme suyu toplama noktalar\u0131ndan olu\u015fan yo\u011fun bir a\u011f sa\u011flamak istiyoruz.<\/span><\/p>\n<\/div><\/div><\/div><\/div><\/div><div class=\"w-tabs-section has_text_color\" id=\"r390\" style=\"background:var(--color-alt-content-bg);color:var(--color-header-middle-text);\"><button class=\"w-tabs-section-header\" aria-controls=\"content-r390\" aria-expanded=\"false\"><div class=\"w-tabs-section-title\">Acil bir durum i\u00e7in haz\u0131rl\u0131kl\u0131 olun<\/div><div class=\"w-tabs-section-control\"><\/div><\/button><div  class=\"w-tabs-section-content\" id=\"content-r390\"><div class=\"w-tabs-section-content-h i-cf\"><div class=\"wpb_text_column\"><div class=\"wpb_wrapper\"><p><span style=\"font-weight: 400;\">Bir kriz durumunda, kritik altyap\u0131 ba\u015far\u0131s\u0131z olabilir. Bu nedenle, mevcut sivil koruma planlar\u0131n\u0131n t\u00fcm vatanda\u015flar taraf\u0131ndan bilinmesi ve gerekli altyap\u0131n\u0131n geli\u015ftirilmesi \u00f6zellikle \u00f6nemlidir. Kendimizi buna adad\u0131k. Bunlar aras\u0131nda mobil su tanklar\u0131n\u0131n ve tuvaletlerin h\u0131zl\u0131 bir \u015fekilde kurulmas\u0131, g\u0131da rasyonlar\u0131n\u0131n da\u011f\u0131t\u0131lmas\u0131 ve n\u00fcfus i\u00e7in gerekli ila\u00e7lar\u0131n yan\u0131 s\u0131ra acil durum hizmetleri i\u00e7in acil durum g\u00fcc\u00fc ve yak\u0131t temini yer almaktad\u0131r. \u0130tfaiye ve yard\u0131m kurulu\u015flar\u0131n\u0131n gelece\u011fe d\u00f6n\u00fck ve krize dayan\u0131kl\u0131 bir \u015fekilde gerekli altyap\u0131 ile donat\u0131lmas\u0131n\u0131 ve kentsel tesisler taraf\u0131ndan desteklenmesini sa\u011flamay\u0131 taahh\u00fct ediyoruz.<\/span><\/p>\n<\/div><\/div><\/div><\/div><\/div><div class=\"w-tabs-section has_text_color\" id=\"h4d7\" style=\"background:var(--color-header-transparent-text);color:var(--color-header-top-text-hover);\"><button class=\"w-tabs-section-header\" aria-controls=\"content-h4d7\" aria-expanded=\"false\"><div class=\"w-tabs-section-title\">Suya yer veriyoruz<\/div><div class=\"w-tabs-section-control\"><\/div><\/button><div  class=\"w-tabs-section-content\" id=\"content-h4d7\"><div class=\"w-tabs-section-content-h i-cf\"><div class=\"wpb_text_column\"><div class=\"wpb_wrapper\"><p><span style=\"font-weight: 400;\">Su bask\u0131nlar\u0131na kar\u015f\u0131 korunmak i\u00e7in s\u00fcnger \u015fehir prensibine g\u00fcveniyoruz: Ya\u011fmur suyu s\u0131k\u0131\u015f\u0131k kanallara akmak yerine d\u00fc\u015ft\u00fc\u011f\u00fc yere s\u0131zabilmelidir. Bu nedenle, Wiesbaden'deki ye\u015fil \u00e7at\u0131lar\u0131n, s\u0131zma alanlar\u0131n\u0131n ve yeralt\u0131 depolama tesislerinin say\u0131s\u0131n\u0131 art\u0131rman\u0131n yan\u0131 s\u0131ra m\u00fcmk\u00fcn olan yerlerde a\u00e7\u0131k alanlar\u0131 a\u00e7maya kararl\u0131y\u0131z.<\/span><\/p>\n<\/div><\/div><\/div><\/div><\/div><\/div><\/div><div class=\"w-separator size_medium\"><\/div><div class=\"w-btn-wrapper align_left\"><a class=\"w-btn us-btn-style_8 icon_atleft\" href=\"https:\/\/gruene-wiesbaden.de\/tr\/kommunalwahl\/#Kapitel1\"><i class=\"fas fa-chevron-circle-right\"><\/i><span class=\"w-btn-label\">Genel bak\u0131\u015fa geri d\u00f6n<\/span><\/a><\/div><div class=\"w-separator size_large\"><\/div><div class=\"wpb_text_column\"><div class=\"wpb_wrapper\"><h1>\u015eimdiye kadar ba\u015fard\u0131klar\u0131m\u0131z<\/h1>\n<\/div><\/div><div class=\"w-separator size_medium\"><\/div><div class=\"w-tabs us_custom_42d693a0 has_text_color style_default switch_click accordion has_scrolling\" style=\"--sections-title-size:1.4rem\"><div class=\"w-tabs-sections titles-align_none icon_chevron cpos_right\"><div class=\"w-tabs-section has_text_color\" id=\"g538\" style=\"background:var(--color-header-transparent-text);color:var(--color-header-top-text-hover);\"><button class=\"w-tabs-section-header\" aria-controls=\"content-g538\" aria-expanded=\"false\"><div class=\"w-tabs-section-title\">Daha fazla M\u00fch\u00fcrs\u00fcz Alan<\/div><div class=\"w-tabs-section-control\"><\/div><\/button><div  class=\"w-tabs-section-content\" id=\"content-g538\"><div class=\"w-tabs-section-content-h i-cf\"><div class=\"wpb_text_column\"><div class=\"wpb_wrapper\"><p><span style=\"font-weight: 400;\">Saklama alanlar\u0131 ve ta\u015fk\u0131n yataklar\u0131 olarak, kentsel alanlar zaten m\u00fch\u00fcrs\u00fcz hale getirilmi\u015f ve t\u00fcrlerle birlikte ekilmi\u015ftir. Bu s\u00fcreci ba\u015far\u0131yla s\u00fcrd\u00fcrece\u011fiz.<\/span><\/p>\n<\/div><\/div><\/div><\/div><\/div><div class=\"w-tabs-section has_text_color\" id=\"l65f\" style=\"background:var(--color-header-transparent-text);color:var(--color-header-top-text-hover);\"><button class=\"w-tabs-section-header\" aria-controls=\"content-l65f\" aria-expanded=\"false\"><div class=\"w-tabs-section-title\">Sel ve \u015fiddetli ya\u011fmura kar\u015f\u0131 daha fazla koruma<\/div><div class=\"w-tabs-section-control\"><\/div><\/button><div  class=\"w-tabs-section-content\" id=\"content-l65f\"><div class=\"w-tabs-section-content-h i-cf\"><div class=\"wpb_text_column\"><div class=\"wpb_wrapper\"><p><span style=\"font-weight: 400;\">Wiesbaden \u015fehri, Rambach'taki ya\u011fmur tutma havzas\u0131n\u0131 planlamaya ba\u015flad\u0131 ve Kurparkweiher'deki Schluckbrunnen'i tamamlad\u0131. Buna ek olarak, kentsel orman\u0131m\u0131zdaki \u015fehir, korunabilir orman stoklar\u0131 sa\u011flar. Bilin\u00e7li bir su y\u00f6netimi geli\u015ftirildi ve \u00f6rne\u011fin, alan boyunca k\u00fc\u00e7\u00fck tutma alanlar\u0131 olu\u015fturuldu.<\/span><\/p>\n<p><span style=\"font-weight: 400;\">Do\u011faya yak\u0131n orman yap\u0131lar\u0131 ve s\u00fcrekli olarak bozulmam\u0131\u015f topraklar, ya\u011f\u0131\u015flar\u0131n d\u00fc\u015ft\u00fc\u011f\u00fc yerlerde su emilimini te\u015fvik eder ve y\u00fczey ak\u0131\u015f\u0131n\u0131 azalt\u0131r. Bu, sellerin geli\u015fimini yava\u015flat\u0131r, a\u011fa\u00e7lar i\u00e7in toprak suyunun mevcudiyetini artt\u0131r\u0131r ve yeni yeralt\u0131 suyunun olu\u015fmas\u0131n\u0131 sa\u011flar.<\/span><\/p>\n<\/div><\/div><\/div><\/div><\/div><div class=\"w-tabs-section has_text_color\" id=\"o77b\" style=\"background:var(--color-header-transparent-text);color:var(--color-header-top-text-hover);\"><button class=\"w-tabs-section-header\" aria-controls=\"content-o77b\" aria-expanded=\"false\"><div class=\"w-tabs-section-title\">Ya\u011f\u0131\u015f olaylar\u0131 hakk\u0131nda daha iyi bilgi<\/div><div class=\"w-tabs-section-control\"><\/div><\/button><div  class=\"w-tabs-section-content\" id=\"content-o77b\"><div class=\"w-tabs-section-content-h i-cf\"><div class=\"wpb_text_column\"><div class=\"wpb_wrapper\"><p><span style=\"font-weight: 400;\">Ya\u011f\u0131\u015f suyunun iklime dayan\u0131kl\u0131 kullan\u0131m\u0131n\u0131 te\u015fvik ediyoruz. Bu nedenle, \u015fiddetli ya\u011fmur haritalar\u0131n\u0131n Wiesbaden \u015fehri taraf\u0131ndan haz\u0131rlanmas\u0131 ve halka a\u00e7\u0131k hale getirilmesi i\u00e7in ba\u015far\u0131l\u0131 bir kampanya y\u00fcr\u00fctt\u00fck. Buna ek olarak, bir ya\u011f\u0131\u015f suyu t\u00fcz\u00fc\u011f\u00fc \u00fczerinde \u00e7al\u0131\u015f\u0131lmaktad\u0131r. S\u00fcnger \u015fehir prensibi art\u0131k meydanlar\u0131n (Els\u00e4sser Park, Schlo\u00dfplatz, vb.) Yeniden tasarlanmas\u0131nda ve b\u00fcy\u00fck yeni in\u015faat projelerinde kullan\u0131lmaktad\u0131r.<\/span><\/p>\n<\/div><\/div><\/div><\/div><\/div><div class=\"w-tabs-section has_text_color\" id=\"o8c1\" style=\"background:var(--color-alt-content-bg);color:var(--color-content-heading);\"><button class=\"w-tabs-section-header\" aria-controls=\"content-o8c1\" aria-expanded=\"false\"><div class=\"w-tabs-section-title\">T\u00fcm Wiesbaden sakinleri i\u00e7in \u0131s\u0131 korumas\u0131n\u0131 iyile\u015ftirmek<\/div><div class=\"w-tabs-section-control\"><\/div><\/button><div  class=\"w-tabs-section-content\" id=\"content-o8c1\"><div class=\"w-tabs-section-content-h i-cf\"><div class=\"wpb_text_column\"><div class=\"wpb_wrapper\"><p><span style=\"font-weight: 400;\">Wiesbaden \u015eehri, Is\u0131 Eylem Plan\u0131'n\u0131n s\u00fcrekli g\u00fcncellendi\u011fi, de\u011ferlendirildi\u011fi ve daha da geli\u015ftirildi\u011fi ilk bask\u0131s\u0131n\u0131 zaten yay\u0131nlad\u0131. Buna ek olarak, bir  \u2047 Map of Cool Places \u2047  geli\u015ftirildi ve yay\u0131nland\u0131. Bu harita s\u00fcrekli geni\u015fletiliyor.<\/span><\/p>\n<\/div><\/div><\/div><\/div><\/div><div class=\"w-tabs-section has_text_color\" id=\"h9f0\" style=\"background:var(--color-header-transparent-text);color:var(--color-header-top-text-hover);\"><button class=\"w-tabs-section-header\" aria-controls=\"content-h9f0\" aria-expanded=\"false\"><div class=\"w-tabs-section-title\">Bir felaket durumunda g\u00fcvenli ileti\u015fim<\/div><div class=\"w-tabs-section-control\"><\/div><\/button><div  class=\"w-tabs-section-content\" id=\"content-h9f0\"><div class=\"w-tabs-section-content-h i-cf\"><div class=\"wpb_text_column\"><div class=\"wpb_wrapper\"><p><span style=\"font-weight: 400;\">\u00dclke \u00e7ap\u0131nda bir elektrik kesintisi durumunda veya telekom\u00fcnikasyon kesintiye u\u011frarsa, itfaiyelerimiz ve yard\u0131m kurulu\u015flar\u0131m\u0131z t\u00fcm il\u00e7elerde mobil ve sabit sivil koruma fenerleri kurdu. Bu, acil durum tedariki ve ileti\u015fimi sa\u011flar. Burada bir kriz durumunda acil aramalar yapabilir, pratik yard\u0131m\u0131n yan\u0131 s\u0131ra mevcut durum hakk\u0131nda g\u00fcvenilir ve net bilgiler alabilirsiniz. Konumlar Wiesbaden co\u011frafi portal\u0131nda \u00e7evrimi\u00e7i olarak bulunabilir.<\/span><\/p>\n<\/div><\/div><\/div><\/div><\/div><\/div><\/div><div class=\"w-separator size_medium\"><\/div><div class=\"w-btn-wrapper align_left\"><a class=\"w-btn us-btn-style_8 icon_atleft\" href=\"https:\/\/gruene-wiesbaden.de\/tr\/kommunalwahl\/#Kapitel1\"><i class=\"fas fa-chevron-circle-right\"><\/i><span class=\"w-btn-label\">Genel bak\u0131\u015fa geri d\u00f6n<\/span><\/a><\/div><div class=\"w-separator size_large\"><\/div><\/div><\/div><\/div><\/div><\/section>","protected":false},"excerpt":{"rendered":"\u0130klim krizinin ve jeopolitik tehditlerin neden oldu\u011fu artan a\u015f\u0131r\u0131 hava olaylar\u0131 g\u00f6z \u00f6n\u00fcne al\u0131nd\u0131\u011f\u0131nda, esnek sivil koruma vazge\u00e7ilmezdir. \u0130nsanlar\u0131 her durumda koruyan etkili g\u00fcvenlik ve iyi kriz \u00f6nleme konusunda kararl\u0131y\u0131z. Bunlar, savunmas\u0131z gruplar\u0131 koruyan belediye \u0131s\u0131 eylem plan\u0131n\u0131n devam etmesinin yan\u0131 s\u0131ra nehirlerin ve nehirlerin yeniden d\u00fczenlenmesiyle kapsaml\u0131 bir ta\u015fk\u0131n koruma konseptini de i\u00e7eriyor.","protected":false},"author":1,"featured_media":1497,"comment_status":"closed","ping_status":"closed","sticky":false,"template":"","format":"standard","meta":{"footnotes":""},"categories":[14],"tags":[],"class_list":["post-1323","post","type-post","status-publish","format-standard","has-post-thumbnail","hentry","category-kapitel-1"],"yoast_head":"<!-- This site is optimized with the Yoast SEO plugin v27.5 - https:\/\/yoast.com\/product\/yoast-seo-wordpress\/ -->\n<title>Bev\u00f6lkerungsschutz - B\u00dcNDNIS 90\/DIE GR\u00dcNEN Wiesbaden<\/title>\n<meta name=\"robots\" content=\"index, follow, max-snippet:-1, max-image-preview:large, max-video-preview:-1\" \/>\n<link rel=\"canonical\" href=\"https:\/\/gruene-wiesbaden.de\/tr\/bevoelkerungsschutz\/\" \/>\n<meta property=\"og:locale\" content=\"tr_TR\" \/>\n<meta property=\"og:type\" content=\"article\" \/>\n<meta property=\"og:title\" content=\"Bev\u00f6lkerungsschutz - B\u00dcNDNIS 90\/DIE GR\u00dcNEN Wiesbaden\" \/>\n<meta property=\"og:url\" content=\"https:\/\/gruene-wiesbaden.de\/tr\/bevoelkerungsschutz\/\" \/>\n<meta property=\"og:site_name\" content=\"B\u00dcNDNIS 90\/DIE GR\u00dcNEN Wiesbaden\" \/>\n<meta property=\"article:publisher\" content=\"https:\/\/www.facebook.com\/gruene.wi\" \/>\n<meta property=\"article:published_time\" content=\"2025-11-09T21:41:29+00:00\" \/>\n<meta property=\"article:modified_time\" content=\"2026-04-08T20:32:07+00:00\" \/>\n<meta property=\"og:image\" content=\"https:\/\/gruene-wiesbaden.de\/wp-content\/uploads\/2025\/11\/1.2-Bevoelkerungsschutz-scaled.jpeg\" \/>\n\t<meta property=\"og:image:width\" content=\"2560\" \/>\n\t<meta property=\"og:image:height\" content=\"1707\" \/>\n\t<meta property=\"og:image:type\" content=\"image\/jpeg\" \/>\n<meta name=\"author\" content=\"admin\" \/>\n<meta name=\"twitter:card\" content=\"summary_large_image\" \/>\n<meta name=\"twitter:label1\" content=\"Yazan:\" \/>\n\t<meta name=\"twitter:data1\" content=\"admin\" \/>\n\t<meta name=\"twitter:label2\" content=\"Tahmini okuma s\u00fcresi\" \/>\n\t<meta name=\"twitter:data2\" content=\"8 minutes\" \/>\n<script type=\"application\/ld+json\" class=\"yoast-schema-graph\">{\"@context\":\"https:\\\/\\\/schema.org\",\"@graph\":[{\"@type\":\"Article\",\"@id\":\"https:\\\/\\\/gruene-wiesbaden.de\\\/bevoelkerungsschutz\\\/#article\",\"isPartOf\":{\"@id\":\"https:\\\/\\\/gruene-wiesbaden.de\\\/bevoelkerungsschutz\\\/\"},\"author\":{\"name\":\"admin\",\"@id\":\"https:\\\/\\\/gruene-wiesbaden.de\\\/#\\\/schema\\\/person\\\/6785c34779159cd4fd86886bb097afe9\"},\"headline\":\"Bev\u00f6lkerungsschutz\",\"datePublished\":\"2025-11-09T21:41:29+00:00\",\"dateModified\":\"2026-04-08T20:32:07+00:00\",\"mainEntityOfPage\":{\"@id\":\"https:\\\/\\\/gruene-wiesbaden.de\\\/bevoelkerungsschutz\\\/\"},\"wordCount\":2343,\"publisher\":{\"@id\":\"https:\\\/\\\/gruene-wiesbaden.de\\\/#organization\"},\"image\":{\"@id\":\"https:\\\/\\\/gruene-wiesbaden.de\\\/bevoelkerungsschutz\\\/#primaryimage\"},\"thumbnailUrl\":\"https:\\\/\\\/gruene-wiesbaden.de\\\/wp-content\\\/uploads\\\/2025\\\/11\\\/1.2-Bevoelkerungsschutz-scaled.jpeg\",\"articleSection\":[\"Kapitel 1\"],\"inLanguage\":\"tr-TR\"},{\"@type\":\"WebPage\",\"@id\":\"https:\\\/\\\/gruene-wiesbaden.de\\\/bevoelkerungsschutz\\\/\",\"url\":\"https:\\\/\\\/gruene-wiesbaden.de\\\/bevoelkerungsschutz\\\/\",\"name\":\"Bev\u00f6lkerungsschutz - B\u00dcNDNIS 90\\\/DIE GR\u00dcNEN Wiesbaden\",\"isPartOf\":{\"@id\":\"https:\\\/\\\/gruene-wiesbaden.de\\\/#website\"},\"primaryImageOfPage\":{\"@id\":\"https:\\\/\\\/gruene-wiesbaden.de\\\/bevoelkerungsschutz\\\/#primaryimage\"},\"image\":{\"@id\":\"https:\\\/\\\/gruene-wiesbaden.de\\\/bevoelkerungsschutz\\\/#primaryimage\"},\"thumbnailUrl\":\"https:\\\/\\\/gruene-wiesbaden.de\\\/wp-content\\\/uploads\\\/2025\\\/11\\\/1.2-Bevoelkerungsschutz-scaled.jpeg\",\"datePublished\":\"2025-11-09T21:41:29+00:00\",\"dateModified\":\"2026-04-08T20:32:07+00:00\",\"breadcrumb\":{\"@id\":\"https:\\\/\\\/gruene-wiesbaden.de\\\/bevoelkerungsschutz\\\/#breadcrumb\"},\"inLanguage\":\"tr-TR\",\"potentialAction\":[{\"@type\":\"ReadAction\",\"target\":[\"https:\\\/\\\/gruene-wiesbaden.de\\\/bevoelkerungsschutz\\\/\"]}]},{\"@type\":\"ImageObject\",\"inLanguage\":\"tr-TR\",\"@id\":\"https:\\\/\\\/gruene-wiesbaden.de\\\/bevoelkerungsschutz\\\/#primaryimage\",\"url\":\"https:\\\/\\\/gruene-wiesbaden.de\\\/wp-content\\\/uploads\\\/2025\\\/11\\\/1.2-Bevoelkerungsschutz-scaled.jpeg\",\"contentUrl\":\"https:\\\/\\\/gruene-wiesbaden.de\\\/wp-content\\\/uploads\\\/2025\\\/11\\\/1.2-Bevoelkerungsschutz-scaled.jpeg\",\"width\":2560,\"height\":1707,\"caption\":\"Boots flooded house closeup. Home rain flood. Generate Ai\"},{\"@type\":\"BreadcrumbList\",\"@id\":\"https:\\\/\\\/gruene-wiesbaden.de\\\/bevoelkerungsschutz\\\/#breadcrumb\",\"itemListElement\":[{\"@type\":\"ListItem\",\"position\":1,\"name\":\"Startseite\",\"item\":\"https:\\\/\\\/gruene-wiesbaden.de\\\/\"},{\"@type\":\"ListItem\",\"position\":2,\"name\":\"Bev\u00f6lkerungsschutz\"}]},{\"@type\":\"WebSite\",\"@id\":\"https:\\\/\\\/gruene-wiesbaden.de\\\/#website\",\"url\":\"https:\\\/\\\/gruene-wiesbaden.de\\\/\",\"name\":\"DIE GR\u00dcNEN Wiesbaden\",\"description\":\"\",\"publisher\":{\"@id\":\"https:\\\/\\\/gruene-wiesbaden.de\\\/#organization\"},\"potentialAction\":[{\"@type\":\"SearchAction\",\"target\":{\"@type\":\"EntryPoint\",\"urlTemplate\":\"https:\\\/\\\/gruene-wiesbaden.de\\\/?s={search_term_string}\"},\"query-input\":{\"@type\":\"PropertyValueSpecification\",\"valueRequired\":true,\"valueName\":\"search_term_string\"}}],\"inLanguage\":\"tr-TR\"},{\"@type\":\"Organization\",\"@id\":\"https:\\\/\\\/gruene-wiesbaden.de\\\/#organization\",\"name\":\"DIE GR\u00dcNEN Wiesbaden\",\"url\":\"https:\\\/\\\/gruene-wiesbaden.de\\\/\",\"logo\":{\"@type\":\"ImageObject\",\"inLanguage\":\"tr-TR\",\"@id\":\"https:\\\/\\\/gruene-wiesbaden.de\\\/#\\\/schema\\\/logo\\\/image\\\/\",\"url\":\"https:\\\/\\\/gruene-wiesbaden-fuer-europa.de\\\/wp-content\\\/uploads\\\/2024\\\/04\\\/Machen-was-zaehlt-5.png\",\"contentUrl\":\"https:\\\/\\\/gruene-wiesbaden-fuer-europa.de\\\/wp-content\\\/uploads\\\/2024\\\/04\\\/Machen-was-zaehlt-5.png\",\"width\":1772,\"height\":1772,\"caption\":\"DIE GR\u00dcNEN Wiesbaden\"},\"image\":{\"@id\":\"https:\\\/\\\/gruene-wiesbaden.de\\\/#\\\/schema\\\/logo\\\/image\\\/\"},\"sameAs\":[\"https:\\\/\\\/www.facebook.com\\\/gruene.wi\",\"https:\\\/\\\/instagram.com\\\/gruene_wi\"]},{\"@type\":\"Person\",\"@id\":\"https:\\\/\\\/gruene-wiesbaden.de\\\/#\\\/schema\\\/person\\\/6785c34779159cd4fd86886bb097afe9\",\"name\":\"admin\",\"sameAs\":[\"http:\\\/\\\/gruene-wiesbaden-fuer-europa.de\"],\"url\":\"https:\\\/\\\/gruene-wiesbaden.de\\\/tr\\\/author\\\/admin\\\/\"}]}<\/script>\n<!-- \/ Yoast SEO plugin. -->","yoast_head_json":{"title":"Bev\u00f6lkerungsschutz - B\u00dcNDNIS 90\/DIE GR\u00dcNEN Wiesbaden","robots":{"index":"index","follow":"follow","max-snippet":"max-snippet:-1","max-image-preview":"max-image-preview:large","max-video-preview":"max-video-preview:-1"},"canonical":"https:\/\/gruene-wiesbaden.de\/tr\/bevoelkerungsschutz\/","og_locale":"tr_TR","og_type":"article","og_title":"Bev\u00f6lkerungsschutz - B\u00dcNDNIS 90\/DIE GR\u00dcNEN Wiesbaden","og_url":"https:\/\/gruene-wiesbaden.de\/tr\/bevoelkerungsschutz\/","og_site_name":"B\u00dcNDNIS 90\/DIE GR\u00dcNEN Wiesbaden","article_publisher":"https:\/\/www.facebook.com\/gruene.wi","article_published_time":"2025-11-09T21:41:29+00:00","article_modified_time":"2026-04-08T20:32:07+00:00","og_image":[{"width":2560,"height":1707,"url":"https:\/\/gruene-wiesbaden.de\/wp-content\/uploads\/2025\/11\/1.2-Bevoelkerungsschutz-scaled.jpeg","type":"image\/jpeg"}],"author":"admin","twitter_card":"summary_large_image","twitter_misc":{"Yazan:":"admin","Tahmini okuma s\u00fcresi":"8 minutes"},"schema":{"@context":"https:\/\/schema.org","@graph":[{"@type":"Article","@id":"https:\/\/gruene-wiesbaden.de\/bevoelkerungsschutz\/#article","isPartOf":{"@id":"https:\/\/gruene-wiesbaden.de\/bevoelkerungsschutz\/"},"author":{"name":"admin","@id":"https:\/\/gruene-wiesbaden.de\/#\/schema\/person\/6785c34779159cd4fd86886bb097afe9"},"headline":"Bev\u00f6lkerungsschutz","datePublished":"2025-11-09T21:41:29+00:00","dateModified":"2026-04-08T20:32:07+00:00","mainEntityOfPage":{"@id":"https:\/\/gruene-wiesbaden.de\/bevoelkerungsschutz\/"},"wordCount":2343,"publisher":{"@id":"https:\/\/gruene-wiesbaden.de\/#organization"},"image":{"@id":"https:\/\/gruene-wiesbaden.de\/bevoelkerungsschutz\/#primaryimage"},"thumbnailUrl":"https:\/\/gruene-wiesbaden.de\/wp-content\/uploads\/2025\/11\/1.2-Bevoelkerungsschutz-scaled.jpeg","articleSection":["Kapitel 1"],"inLanguage":"tr-TR"},{"@type":"WebPage","@id":"https:\/\/gruene-wiesbaden.de\/bevoelkerungsschutz\/","url":"https:\/\/gruene-wiesbaden.de\/bevoelkerungsschutz\/","name":"Bev\u00f6lkerungsschutz - B\u00dcNDNIS 90\/DIE GR\u00dcNEN Wiesbaden","isPartOf":{"@id":"https:\/\/gruene-wiesbaden.de\/#website"},"primaryImageOfPage":{"@id":"https:\/\/gruene-wiesbaden.de\/bevoelkerungsschutz\/#primaryimage"},"image":{"@id":"https:\/\/gruene-wiesbaden.de\/bevoelkerungsschutz\/#primaryimage"},"thumbnailUrl":"https:\/\/gruene-wiesbaden.de\/wp-content\/uploads\/2025\/11\/1.2-Bevoelkerungsschutz-scaled.jpeg","datePublished":"2025-11-09T21:41:29+00:00","dateModified":"2026-04-08T20:32:07+00:00","breadcrumb":{"@id":"https:\/\/gruene-wiesbaden.de\/bevoelkerungsschutz\/#breadcrumb"},"inLanguage":"tr-TR","potentialAction":[{"@type":"ReadAction","target":["https:\/\/gruene-wiesbaden.de\/bevoelkerungsschutz\/"]}]},{"@type":"ImageObject","inLanguage":"tr-TR","@id":"https:\/\/gruene-wiesbaden.de\/bevoelkerungsschutz\/#primaryimage","url":"https:\/\/gruene-wiesbaden.de\/wp-content\/uploads\/2025\/11\/1.2-Bevoelkerungsschutz-scaled.jpeg","contentUrl":"https:\/\/gruene-wiesbaden.de\/wp-content\/uploads\/2025\/11\/1.2-Bevoelkerungsschutz-scaled.jpeg","width":2560,"height":1707,"caption":"Boots flooded house closeup. Home rain flood. Generate Ai"},{"@type":"BreadcrumbList","@id":"https:\/\/gruene-wiesbaden.de\/bevoelkerungsschutz\/#breadcrumb","itemListElement":[{"@type":"ListItem","position":1,"name":"Startseite","item":"https:\/\/gruene-wiesbaden.de\/"},{"@type":"ListItem","position":2,"name":"Bev\u00f6lkerungsschutz"}]},{"@type":"WebSite","@id":"https:\/\/gruene-wiesbaden.de\/#website","url":"https:\/\/gruene-wiesbaden.de\/","name":"DIE GR\u00dcNEN Wiesbaden","description":"","publisher":{"@id":"https:\/\/gruene-wiesbaden.de\/#organization"},"potentialAction":[{"@type":"SearchAction","target":{"@type":"EntryPoint","urlTemplate":"https:\/\/gruene-wiesbaden.de\/?s={search_term_string}"},"query-input":{"@type":"PropertyValueSpecification","valueRequired":true,"valueName":"search_term_string"}}],"inLanguage":"tr-TR"},{"@type":"Organization","@id":"https:\/\/gruene-wiesbaden.de\/#organization","name":"DIE GR\u00dcNEN Wiesbaden","url":"https:\/\/gruene-wiesbaden.de\/","logo":{"@type":"ImageObject","inLanguage":"tr-TR","@id":"https:\/\/gruene-wiesbaden.de\/#\/schema\/logo\/image\/","url":"https:\/\/gruene-wiesbaden-fuer-europa.de\/wp-content\/uploads\/2024\/04\/Machen-was-zaehlt-5.png","contentUrl":"https:\/\/gruene-wiesbaden-fuer-europa.de\/wp-content\/uploads\/2024\/04\/Machen-was-zaehlt-5.png","width":1772,"height":1772,"caption":"DIE GR\u00dcNEN Wiesbaden"},"image":{"@id":"https:\/\/gruene-wiesbaden.de\/#\/schema\/logo\/image\/"},"sameAs":["https:\/\/www.facebook.com\/gruene.wi","https:\/\/instagram.com\/gruene_wi"]},{"@type":"Person","@id":"https:\/\/gruene-wiesbaden.de\/#\/schema\/person\/6785c34779159cd4fd86886bb097afe9","name":"admin","sameAs":["http:\/\/gruene-wiesbaden-fuer-europa.de"],"url":"https:\/\/gruene-wiesbaden.de\/tr\/author\/admin\/"}]}},"_links":{"self":[{"href":"https:\/\/gruene-wiesbaden.de\/tr\/wp-json\/wp\/v2\/posts\/1323","targetHints":{"allow":["GET"]}}],"collection":[{"href":"https:\/\/gruene-wiesbaden.de\/tr\/wp-json\/wp\/v2\/posts"}],"about":[{"href":"https:\/\/gruene-wiesbaden.de\/tr\/wp-json\/wp\/v2\/types\/post"}],"author":[{"embeddable":true,"href":"https:\/\/gruene-wiesbaden.de\/tr\/wp-json\/wp\/v2\/users\/1"}],"replies":[{"embeddable":true,"href":"https:\/\/gruene-wiesbaden.de\/tr\/wp-json\/wp\/v2\/comments?post=1323"}],"version-history":[{"count":10,"href":"https:\/\/gruene-wiesbaden.de\/tr\/wp-json\/wp\/v2\/posts\/1323\/revisions"}],"predecessor-version":[{"id":2367,"href":"https:\/\/gruene-wiesbaden.de\/tr\/wp-json\/wp\/v2\/posts\/1323\/revisions\/2367"}],"wp:featuredmedia":[{"embeddable":true,"href":"https:\/\/gruene-wiesbaden.de\/tr\/wp-json\/wp\/v2\/media\/1497"}],"wp:attachment":[{"href":"https:\/\/gruene-wiesbaden.de\/tr\/wp-json\/wp\/v2\/media?parent=1323"}],"wp:term":[{"taxonomy":"category","embeddable":true,"href":"https:\/\/gruene-wiesbaden.de\/tr\/wp-json\/wp\/v2\/categories?post=1323"},{"taxonomy":"post_tag","embeddable":true,"href":"https:\/\/gruene-wiesbaden.de\/tr\/wp-json\/wp\/v2\/tags?post=1323"}],"curies":[{"name":"wp","href":"https:\/\/api.w.org\/{rel}","templated":true}]}}