{"id":1303,"date":"2025-11-05T14:28:17","date_gmt":"2025-11-05T12:28:17","guid":{"rendered":"https:\/\/gruene-wiesbaden.de\/?p=1303"},"modified":"2026-04-05T16:52:21","modified_gmt":"2026-04-05T14:52:21","slug":"tag-des-offenen-heizungskellers-waermepumpen-auch-in-alten-mehrfamilienhaeusern-sinnvoll","status":"publish","type":"post","link":"https:\/\/gruene-wiesbaden.de\/tr\/tag-des-offenen-heizungskellers-waermepumpen-auch-in-alten-mehrfamilienhaeusern-sinnvoll\/","title":{"rendered":"A\u00e7\u0131k Is\u0131tma Mahzeni G\u00fcn\u00fc  \u2047  Is\u0131 pompalar\u0131 eski \u00e7ok aileli evlerde de yararl\u0131d\u0131r"},"content":{"rendered":"<section class=\"l-section wpb_row height_medium\"><div class=\"l-section-h i-cf\"><div class=\"g-cols vc_row via_grid cols_1 laptops-cols_inherit tablets-cols_inherit mobiles-cols_1 valign_top type_default stacking_default\"><div class=\"wpb_column vc_column_container\"><div class=\"vc_column-inner\"><h3 class=\"w-post-elm post_title us_custom_ea76afbe entry-title color_link_inherit\">A\u00e7\u0131k Is\u0131tma Mahzeni G\u00fcn\u00fc  \u2047  Is\u0131 pompalar\u0131 eski \u00e7ok aileli evlerde de yararl\u0131d\u0131r<\/h3><div class=\"w-post-elm post_image\"><img loading=\"lazy\" decoding=\"async\" width=\"600\" height=\"450\" src=\"https:\/\/gruene-wiesbaden.de\/wp-content\/uploads\/2025\/11\/he-gong-2VCtLsPEaWI-unsplash-600x450.jpg\" class=\"attachment-large size-large wp-post-image\" alt=\"\" srcset=\"https:\/\/gruene-wiesbaden.de\/wp-content\/uploads\/2025\/11\/he-gong-2VCtLsPEaWI-unsplash-600x450.jpg 600w, https:\/\/gruene-wiesbaden.de\/wp-content\/uploads\/2025\/11\/he-gong-2VCtLsPEaWI-unsplash-400x300.jpg 400w\" sizes=\"auto, (max-width: 600px) 100vw, 600px\" \/><\/div><div class=\"w-separator size_medium\"><\/div><div class=\"wpb_text_column\"><div class=\"wpb_wrapper\"><p><b>Wiesbaden \/ Taunusstein, 05.11.2025. Bir\u00e7ok ki\u015fi merak ediyor: Bina Enerji Yasas\u0131 \u00e7evresel nedenlerden dolay\u0131 birka\u00e7 y\u0131l i\u00e7inde petrol ve gaz \u0131s\u0131tmas\u0131na izin vermiyorsa dairemi veya evimi nas\u0131l \u0131s\u0131tmal\u0131y\u0131m?<span class=\"Apple-converted-space\">\u00a0<\/span><\/b><b><\/b><b>15.11.2025'teki \"A\u00e7\u0131k Is\u0131tma Mahzeni G\u00fcn\u00fc\" nde, ilgili taraflar bir\u00e7ok \u015fehirde pratik \u00e7\u00f6z\u00fcmlere yerinde bakabilir ve \u0131s\u0131tma \u00f6nc\u00fcleri hala kendilerini kaydedebilir ve sunabilir (<\/b><a href=\"https:\/\/localzero.net\/mit-machen\/offener-heizungskeller#besucher\" target=\"_blank\" rel=\"noopener\"><span><b>https:\/\/localzero.net\/mit-machen\/offener-heizungskeller#besucher<\/b><\/span><\/a><b>). Bu Ye\u015filler Wiesbaden Enerji ve \u0130klim Koruma \u00c7al\u0131\u015fma Grubu taraf\u0131ndan i\u015faret edilmektedir (<\/b><a href=\"https:\/\/gruene-wiesbaden.de\/tr\/mitmachen\/\" target=\"_blank\" rel=\"noopener\"><span><b>https:\/\/gruene-wiesbaden.de\/mitmachen\/<\/b><\/span><\/a><b>) \u0130\u00e7sel bir deneyim al\u0131\u015fveri\u015finden sonra.<span class=\"Apple-converted-space\">\u00a0<\/span><\/b><b><\/b><\/p>\n<p>AK'ye g\u00f6re, \u0131s\u0131 pompalar\u0131, s\u0131kl\u0131kla iddia edilenin aksine, eski \u00e7ok aileli evlerde bile genellikle uygulanabilir ve karl\u0131 bir se\u00e7enektir. \u00c7al\u0131\u015fma grubunun bir \u00fcyesi olan Stefan Klooth, Taunusstein'da ya\u015fad\u0131\u011f\u0131 ve ayn\u0131 zamanda y\u00f6netti\u011fi sekiz daireli neredeyse 50 y\u0131ll\u0131k bir evde bunu kan\u0131tl\u0131yor. \u2047 \u0130\u015fti, ama \u015fimdi her \u015fey \u00e7al\u0131\u015f\u0131yor ve herkes s\u0131cak,  \u2047  Klooth diyor. Alt\u0131 y\u0131l i\u00e7inde<span class=\"Apple-converted-space\"> <\/span>Tesise yap\u0131lan yat\u0131r\u0131m dokuz y\u0131la kadar itfa edilecek. O da internet \u00fczerinde bitki sunar<span class=\"Apple-converted-space\">\u00a0<\/span><span>(<\/span><a href=\"https:\/\/www.youtube.com\/watch?v=6QWnikNH1ss\" target=\"_blank\" rel=\"noopener\">https:\/\/www.youtube.com\/watch?v=6QWnikNH1ss<\/a><span>).\u00a0<\/span><\/p>\n<p>\"Bu \u00f6rnek bir \u00e7\u00f6z\u00fcmd\u00fcr,\" Axel Bretzke, \u00e7al\u0131\u015fma grubu s\u00f6zc\u00fcs\u00fc ve gayrimenkul enerji kullan\u0131m\u0131 i\u00e7in Profes\u00f6r aD diyor. Bretzke, \"Kendi bilginiz veya konuya dahil olmadan, iyi bir enerji dan\u0131\u015fman\u0131 bir e\u015flik olarak vazge\u00e7ilmezdir\" diye devam ediyor. Bu nedenle a\u00e7\u0131k \u0131s\u0131tma mahzenlerinin giri\u015fimi \u00e7ok yararl\u0131d\u0131r ve Sanayi ve Ticaret Odas\u0131 (IHK) \u0131s\u0131tma \u00f6nc\u00fcleri arac\u0131l\u0131\u011f\u0131yla bile yenilik\u00e7i \u0131s\u0131tma sistemlerini 15.11.2025'te halka g\u00f6stermeye karar verece\u011fini umuyor.<span class=\"Apple-converted-space\">\u00a0<\/span><\/p>\n<p>B\u00f6lgesel \u0131s\u0131tman\u0131n nerede olaca\u011f\u0131 ve sahiplerinin kendilerinin yeni bir \u0131s\u0131tma ile ilgilenmek zorunda kalaca\u011f\u0131, \u015fehrin veya belediyenin \u0131s\u0131 planlamas\u0131na ba\u011fl\u0131d\u0131r. Eyalet ba\u015fkenti Wiesbaden'de, \u00c7evre Ajans\u0131'nda ye\u015fil y\u00f6netmen Christiane Hinninger alt\u0131nda geli\u015ftiriliyor. <span>(<\/span><a href=\"https:\/\/www.wiesbaden.de\/leben-in-wiesbaden\/umwelt-natur-klima\/klima-schutz\/\" target=\"_blank\" rel=\"noopener\">https:\/\/www.wiesbaden.de\/leben-in-wiesbaden\/umwelt-natur-klima\/klima-schutz\/<\/a><span>).<span class=\"Apple-converted-space\">\u00a0<\/span><\/span>B\u00f6lgesel ve yerel \u0131s\u0131tma \u00e7\u00f6z\u00fcmlerine ek olarak, hava, y\u00fczey suyu, jeotermal enerji ve at\u0131k \u0131s\u0131dan gelen \u0131s\u0131 pompalar\u0131n\u0131n muazzam potansiyeli burada vurgulanmaktad\u0131r.<span class=\"Apple-converted-space\">\u00a0<\/span><\/p>\n<\/div><\/div><\/div><\/div><\/div><\/div><\/section>","protected":false},"excerpt":{"rendered":"A\u00e7\u0131k \u0131s\u0131tma mahzeni g\u00fcn  \u2047  \u0131s\u0131 pompalar\u0131 da eski \u00e7ok aileli evlerde yararl\u0131Wiesbaden \/ Taunusstein, 05.11.2025. Bir\u00e7ok ki\u015fi merak ediyor: Bina Enerji Yasas\u0131 \u00e7evresel nedenlerden dolay\u0131 birka\u00e7 y\u0131l i\u00e7inde petrol ve gaz \u0131s\u0131tmas\u0131na izin vermiyorsa dairemi veya evimi nas\u0131l \u0131s\u0131tmal\u0131y\u0131m?\u00a015.11.2025 tarihinde \"A\u00e7\u0131k Is\u0131tma Mahzeni G\u00fcn\u00fc\"nde, ilgili taraflar bir\u00e7ok yerel \u015fehirde pratik \u00e7\u00f6z\u00fcmler bulabilirler...","protected":false},"author":1,"featured_media":1306,"comment_status":"closed","ping_status":"closed","sticky":false,"template":"","format":"standard","meta":{"footnotes":""},"categories":[8,6],"tags":[],"class_list":["post-1303","post","type-post","status-publish","format-standard","has-post-thumbnail","hentry","category-allgemein","category-veranstaltungen"],"yoast_head":"<!-- This site is optimized with the Yoast SEO plugin v27.5 - https:\/\/yoast.com\/product\/yoast-seo-wordpress\/ -->\n<title>Tag des offenen Heizungskellers \u2013 W\u00e4rmepumpen auch in alten Mehrfamilienh\u00e4usern sinnvoll - B\u00dcNDNIS 90\/DIE GR\u00dcNEN Wiesbaden<\/title>\n<meta name=\"robots\" content=\"index, follow, max-snippet:-1, max-image-preview:large, max-video-preview:-1\" \/>\n<link rel=\"canonical\" href=\"https:\/\/gruene-wiesbaden.de\/tr\/tag-des-offenen-heizungskellers-waermepumpen-auch-in-alten-mehrfamilienhaeusern-sinnvoll\/\" \/>\n<meta property=\"og:locale\" content=\"tr_TR\" \/>\n<meta property=\"og:type\" content=\"article\" \/>\n<meta property=\"og:title\" content=\"Tag des offenen Heizungskellers \u2013 W\u00e4rmepumpen auch in alten Mehrfamilienh\u00e4usern sinnvoll - B\u00dcNDNIS 90\/DIE GR\u00dcNEN Wiesbaden\" \/>\n<meta property=\"og:url\" content=\"https:\/\/gruene-wiesbaden.de\/tr\/tag-des-offenen-heizungskellers-waermepumpen-auch-in-alten-mehrfamilienhaeusern-sinnvoll\/\" \/>\n<meta property=\"og:site_name\" content=\"B\u00dcNDNIS 90\/DIE GR\u00dcNEN Wiesbaden\" \/>\n<meta property=\"article:publisher\" content=\"https:\/\/www.facebook.com\/gruene.wi\" \/>\n<meta property=\"article:published_time\" content=\"2025-11-05T12:28:17+00:00\" \/>\n<meta property=\"article:modified_time\" content=\"2026-04-05T14:52:21+00:00\" \/>\n<meta property=\"og:image\" content=\"https:\/\/gruene-wiesbaden.de\/wp-content\/uploads\/2025\/11\/he-gong-2VCtLsPEaWI-unsplash-scaled.jpg\" \/>\n\t<meta property=\"og:image:width\" content=\"2560\" \/>\n\t<meta property=\"og:image:height\" content=\"1920\" \/>\n\t<meta property=\"og:image:type\" content=\"image\/jpeg\" \/>\n<meta name=\"author\" content=\"admin\" \/>\n<meta name=\"twitter:card\" content=\"summary_large_image\" \/>\n<meta name=\"twitter:label1\" content=\"Yazan:\" \/>\n\t<meta name=\"twitter:data1\" content=\"admin\" \/>\n\t<meta name=\"twitter:label2\" content=\"Tahmini okuma s\u00fcresi\" \/>\n\t<meta name=\"twitter:data2\" content=\"2 minutes\" \/>\n<script type=\"application\/ld+json\" class=\"yoast-schema-graph\">{\"@context\":\"https:\\\/\\\/schema.org\",\"@graph\":[{\"@type\":\"Article\",\"@id\":\"https:\\\/\\\/gruene-wiesbaden.de\\\/tag-des-offenen-heizungskellers-waermepumpen-auch-in-alten-mehrfamilienhaeusern-sinnvoll\\\/#article\",\"isPartOf\":{\"@id\":\"https:\\\/\\\/gruene-wiesbaden.de\\\/tag-des-offenen-heizungskellers-waermepumpen-auch-in-alten-mehrfamilienhaeusern-sinnvoll\\\/\"},\"author\":{\"name\":\"admin\",\"@id\":\"https:\\\/\\\/gruene-wiesbaden.de\\\/#\\\/schema\\\/person\\\/6785c34779159cd4fd86886bb097afe9\"},\"headline\":\"Tag des offenen Heizungskellers \u2013 W\u00e4rmepumpen auch in alten Mehrfamilienh\u00e4usern sinnvoll\",\"datePublished\":\"2025-11-05T12:28:17+00:00\",\"dateModified\":\"2026-04-05T14:52:21+00:00\",\"mainEntityOfPage\":{\"@id\":\"https:\\\/\\\/gruene-wiesbaden.de\\\/tag-des-offenen-heizungskellers-waermepumpen-auch-in-alten-mehrfamilienhaeusern-sinnvoll\\\/\"},\"wordCount\":381,\"publisher\":{\"@id\":\"https:\\\/\\\/gruene-wiesbaden.de\\\/#organization\"},\"image\":{\"@id\":\"https:\\\/\\\/gruene-wiesbaden.de\\\/tag-des-offenen-heizungskellers-waermepumpen-auch-in-alten-mehrfamilienhaeusern-sinnvoll\\\/#primaryimage\"},\"thumbnailUrl\":\"https:\\\/\\\/gruene-wiesbaden.de\\\/wp-content\\\/uploads\\\/2025\\\/11\\\/he-gong-2VCtLsPEaWI-unsplash-scaled.jpg\",\"articleSection\":[\"Allgemein\",\"Veranstaltungen\"],\"inLanguage\":\"tr-TR\"},{\"@type\":\"WebPage\",\"@id\":\"https:\\\/\\\/gruene-wiesbaden.de\\\/tag-des-offenen-heizungskellers-waermepumpen-auch-in-alten-mehrfamilienhaeusern-sinnvoll\\\/\",\"url\":\"https:\\\/\\\/gruene-wiesbaden.de\\\/tag-des-offenen-heizungskellers-waermepumpen-auch-in-alten-mehrfamilienhaeusern-sinnvoll\\\/\",\"name\":\"Tag des offenen Heizungskellers \u2013 W\u00e4rmepumpen auch in alten Mehrfamilienh\u00e4usern sinnvoll - B\u00dcNDNIS 90\\\/DIE GR\u00dcNEN Wiesbaden\",\"isPartOf\":{\"@id\":\"https:\\\/\\\/gruene-wiesbaden.de\\\/#website\"},\"primaryImageOfPage\":{\"@id\":\"https:\\\/\\\/gruene-wiesbaden.de\\\/tag-des-offenen-heizungskellers-waermepumpen-auch-in-alten-mehrfamilienhaeusern-sinnvoll\\\/#primaryimage\"},\"image\":{\"@id\":\"https:\\\/\\\/gruene-wiesbaden.de\\\/tag-des-offenen-heizungskellers-waermepumpen-auch-in-alten-mehrfamilienhaeusern-sinnvoll\\\/#primaryimage\"},\"thumbnailUrl\":\"https:\\\/\\\/gruene-wiesbaden.de\\\/wp-content\\\/uploads\\\/2025\\\/11\\\/he-gong-2VCtLsPEaWI-unsplash-scaled.jpg\",\"datePublished\":\"2025-11-05T12:28:17+00:00\",\"dateModified\":\"2026-04-05T14:52:21+00:00\",\"breadcrumb\":{\"@id\":\"https:\\\/\\\/gruene-wiesbaden.de\\\/tag-des-offenen-heizungskellers-waermepumpen-auch-in-alten-mehrfamilienhaeusern-sinnvoll\\\/#breadcrumb\"},\"inLanguage\":\"tr-TR\",\"potentialAction\":[{\"@type\":\"ReadAction\",\"target\":[\"https:\\\/\\\/gruene-wiesbaden.de\\\/tag-des-offenen-heizungskellers-waermepumpen-auch-in-alten-mehrfamilienhaeusern-sinnvoll\\\/\"]}]},{\"@type\":\"ImageObject\",\"inLanguage\":\"tr-TR\",\"@id\":\"https:\\\/\\\/gruene-wiesbaden.de\\\/tag-des-offenen-heizungskellers-waermepumpen-auch-in-alten-mehrfamilienhaeusern-sinnvoll\\\/#primaryimage\",\"url\":\"https:\\\/\\\/gruene-wiesbaden.de\\\/wp-content\\\/uploads\\\/2025\\\/11\\\/he-gong-2VCtLsPEaWI-unsplash-scaled.jpg\",\"contentUrl\":\"https:\\\/\\\/gruene-wiesbaden.de\\\/wp-content\\\/uploads\\\/2025\\\/11\\\/he-gong-2VCtLsPEaWI-unsplash-scaled.jpg\",\"width\":2560,\"height\":1920},{\"@type\":\"BreadcrumbList\",\"@id\":\"https:\\\/\\\/gruene-wiesbaden.de\\\/tag-des-offenen-heizungskellers-waermepumpen-auch-in-alten-mehrfamilienhaeusern-sinnvoll\\\/#breadcrumb\",\"itemListElement\":[{\"@type\":\"ListItem\",\"position\":1,\"name\":\"Startseite\",\"item\":\"https:\\\/\\\/gruene-wiesbaden.de\\\/\"},{\"@type\":\"ListItem\",\"position\":2,\"name\":\"Tag des offenen Heizungskellers \u2013 W\u00e4rmepumpen auch in alten Mehrfamilienh\u00e4usern sinnvoll\"}]},{\"@type\":\"WebSite\",\"@id\":\"https:\\\/\\\/gruene-wiesbaden.de\\\/#website\",\"url\":\"https:\\\/\\\/gruene-wiesbaden.de\\\/\",\"name\":\"DIE GR\u00dcNEN Wiesbaden\",\"description\":\"\",\"publisher\":{\"@id\":\"https:\\\/\\\/gruene-wiesbaden.de\\\/#organization\"},\"potentialAction\":[{\"@type\":\"SearchAction\",\"target\":{\"@type\":\"EntryPoint\",\"urlTemplate\":\"https:\\\/\\\/gruene-wiesbaden.de\\\/?s={search_term_string}\"},\"query-input\":{\"@type\":\"PropertyValueSpecification\",\"valueRequired\":true,\"valueName\":\"search_term_string\"}}],\"inLanguage\":\"tr-TR\"},{\"@type\":\"Organization\",\"@id\":\"https:\\\/\\\/gruene-wiesbaden.de\\\/#organization\",\"name\":\"DIE GR\u00dcNEN Wiesbaden\",\"url\":\"https:\\\/\\\/gruene-wiesbaden.de\\\/\",\"logo\":{\"@type\":\"ImageObject\",\"inLanguage\":\"tr-TR\",\"@id\":\"https:\\\/\\\/gruene-wiesbaden.de\\\/#\\\/schema\\\/logo\\\/image\\\/\",\"url\":\"https:\\\/\\\/gruene-wiesbaden-fuer-europa.de\\\/wp-content\\\/uploads\\\/2024\\\/04\\\/Machen-was-zaehlt-5.png\",\"contentUrl\":\"https:\\\/\\\/gruene-wiesbaden-fuer-europa.de\\\/wp-content\\\/uploads\\\/2024\\\/04\\\/Machen-was-zaehlt-5.png\",\"width\":1772,\"height\":1772,\"caption\":\"DIE GR\u00dcNEN Wiesbaden\"},\"image\":{\"@id\":\"https:\\\/\\\/gruene-wiesbaden.de\\\/#\\\/schema\\\/logo\\\/image\\\/\"},\"sameAs\":[\"https:\\\/\\\/www.facebook.com\\\/gruene.wi\",\"https:\\\/\\\/instagram.com\\\/gruene_wi\"]},{\"@type\":\"Person\",\"@id\":\"https:\\\/\\\/gruene-wiesbaden.de\\\/#\\\/schema\\\/person\\\/6785c34779159cd4fd86886bb097afe9\",\"name\":\"admin\",\"sameAs\":[\"http:\\\/\\\/gruene-wiesbaden-fuer-europa.de\"],\"url\":\"https:\\\/\\\/gruene-wiesbaden.de\\\/tr\\\/author\\\/admin\\\/\"}]}<\/script>\n<!-- \/ Yoast SEO plugin. -->","yoast_head_json":{"title":"Tag des offenen Heizungskellers \u2013 W\u00e4rmepumpen auch in alten Mehrfamilienh\u00e4usern sinnvoll - B\u00dcNDNIS 90\/DIE GR\u00dcNEN Wiesbaden","robots":{"index":"index","follow":"follow","max-snippet":"max-snippet:-1","max-image-preview":"max-image-preview:large","max-video-preview":"max-video-preview:-1"},"canonical":"https:\/\/gruene-wiesbaden.de\/tr\/tag-des-offenen-heizungskellers-waermepumpen-auch-in-alten-mehrfamilienhaeusern-sinnvoll\/","og_locale":"tr_TR","og_type":"article","og_title":"Tag des offenen Heizungskellers \u2013 W\u00e4rmepumpen auch in alten Mehrfamilienh\u00e4usern sinnvoll - B\u00dcNDNIS 90\/DIE GR\u00dcNEN Wiesbaden","og_url":"https:\/\/gruene-wiesbaden.de\/tr\/tag-des-offenen-heizungskellers-waermepumpen-auch-in-alten-mehrfamilienhaeusern-sinnvoll\/","og_site_name":"B\u00dcNDNIS 90\/DIE GR\u00dcNEN Wiesbaden","article_publisher":"https:\/\/www.facebook.com\/gruene.wi","article_published_time":"2025-11-05T12:28:17+00:00","article_modified_time":"2026-04-05T14:52:21+00:00","og_image":[{"width":2560,"height":1920,"url":"https:\/\/gruene-wiesbaden.de\/wp-content\/uploads\/2025\/11\/he-gong-2VCtLsPEaWI-unsplash-scaled.jpg","type":"image\/jpeg"}],"author":"admin","twitter_card":"summary_large_image","twitter_misc":{"Yazan:":"admin","Tahmini okuma s\u00fcresi":"2 minutes"},"schema":{"@context":"https:\/\/schema.org","@graph":[{"@type":"Article","@id":"https:\/\/gruene-wiesbaden.de\/tag-des-offenen-heizungskellers-waermepumpen-auch-in-alten-mehrfamilienhaeusern-sinnvoll\/#article","isPartOf":{"@id":"https:\/\/gruene-wiesbaden.de\/tag-des-offenen-heizungskellers-waermepumpen-auch-in-alten-mehrfamilienhaeusern-sinnvoll\/"},"author":{"name":"admin","@id":"https:\/\/gruene-wiesbaden.de\/#\/schema\/person\/6785c34779159cd4fd86886bb097afe9"},"headline":"Tag des offenen Heizungskellers \u2013 W\u00e4rmepumpen auch in alten Mehrfamilienh\u00e4usern sinnvoll","datePublished":"2025-11-05T12:28:17+00:00","dateModified":"2026-04-05T14:52:21+00:00","mainEntityOfPage":{"@id":"https:\/\/gruene-wiesbaden.de\/tag-des-offenen-heizungskellers-waermepumpen-auch-in-alten-mehrfamilienhaeusern-sinnvoll\/"},"wordCount":381,"publisher":{"@id":"https:\/\/gruene-wiesbaden.de\/#organization"},"image":{"@id":"https:\/\/gruene-wiesbaden.de\/tag-des-offenen-heizungskellers-waermepumpen-auch-in-alten-mehrfamilienhaeusern-sinnvoll\/#primaryimage"},"thumbnailUrl":"https:\/\/gruene-wiesbaden.de\/wp-content\/uploads\/2025\/11\/he-gong-2VCtLsPEaWI-unsplash-scaled.jpg","articleSection":["Allgemein","Veranstaltungen"],"inLanguage":"tr-TR"},{"@type":"WebPage","@id":"https:\/\/gruene-wiesbaden.de\/tag-des-offenen-heizungskellers-waermepumpen-auch-in-alten-mehrfamilienhaeusern-sinnvoll\/","url":"https:\/\/gruene-wiesbaden.de\/tag-des-offenen-heizungskellers-waermepumpen-auch-in-alten-mehrfamilienhaeusern-sinnvoll\/","name":"Tag des offenen Heizungskellers \u2013 W\u00e4rmepumpen auch in alten Mehrfamilienh\u00e4usern sinnvoll - B\u00dcNDNIS 90\/DIE GR\u00dcNEN Wiesbaden","isPartOf":{"@id":"https:\/\/gruene-wiesbaden.de\/#website"},"primaryImageOfPage":{"@id":"https:\/\/gruene-wiesbaden.de\/tag-des-offenen-heizungskellers-waermepumpen-auch-in-alten-mehrfamilienhaeusern-sinnvoll\/#primaryimage"},"image":{"@id":"https:\/\/gruene-wiesbaden.de\/tag-des-offenen-heizungskellers-waermepumpen-auch-in-alten-mehrfamilienhaeusern-sinnvoll\/#primaryimage"},"thumbnailUrl":"https:\/\/gruene-wiesbaden.de\/wp-content\/uploads\/2025\/11\/he-gong-2VCtLsPEaWI-unsplash-scaled.jpg","datePublished":"2025-11-05T12:28:17+00:00","dateModified":"2026-04-05T14:52:21+00:00","breadcrumb":{"@id":"https:\/\/gruene-wiesbaden.de\/tag-des-offenen-heizungskellers-waermepumpen-auch-in-alten-mehrfamilienhaeusern-sinnvoll\/#breadcrumb"},"inLanguage":"tr-TR","potentialAction":[{"@type":"ReadAction","target":["https:\/\/gruene-wiesbaden.de\/tag-des-offenen-heizungskellers-waermepumpen-auch-in-alten-mehrfamilienhaeusern-sinnvoll\/"]}]},{"@type":"ImageObject","inLanguage":"tr-TR","@id":"https:\/\/gruene-wiesbaden.de\/tag-des-offenen-heizungskellers-waermepumpen-auch-in-alten-mehrfamilienhaeusern-sinnvoll\/#primaryimage","url":"https:\/\/gruene-wiesbaden.de\/wp-content\/uploads\/2025\/11\/he-gong-2VCtLsPEaWI-unsplash-scaled.jpg","contentUrl":"https:\/\/gruene-wiesbaden.de\/wp-content\/uploads\/2025\/11\/he-gong-2VCtLsPEaWI-unsplash-scaled.jpg","width":2560,"height":1920},{"@type":"BreadcrumbList","@id":"https:\/\/gruene-wiesbaden.de\/tag-des-offenen-heizungskellers-waermepumpen-auch-in-alten-mehrfamilienhaeusern-sinnvoll\/#breadcrumb","itemListElement":[{"@type":"ListItem","position":1,"name":"Startseite","item":"https:\/\/gruene-wiesbaden.de\/"},{"@type":"ListItem","position":2,"name":"Tag des offenen Heizungskellers \u2013 W\u00e4rmepumpen auch in alten Mehrfamilienh\u00e4usern sinnvoll"}]},{"@type":"WebSite","@id":"https:\/\/gruene-wiesbaden.de\/#website","url":"https:\/\/gruene-wiesbaden.de\/","name":"DIE GR\u00dcNEN Wiesbaden","description":"","publisher":{"@id":"https:\/\/gruene-wiesbaden.de\/#organization"},"potentialAction":[{"@type":"SearchAction","target":{"@type":"EntryPoint","urlTemplate":"https:\/\/gruene-wiesbaden.de\/?s={search_term_string}"},"query-input":{"@type":"PropertyValueSpecification","valueRequired":true,"valueName":"search_term_string"}}],"inLanguage":"tr-TR"},{"@type":"Organization","@id":"https:\/\/gruene-wiesbaden.de\/#organization","name":"DIE GR\u00dcNEN Wiesbaden","url":"https:\/\/gruene-wiesbaden.de\/","logo":{"@type":"ImageObject","inLanguage":"tr-TR","@id":"https:\/\/gruene-wiesbaden.de\/#\/schema\/logo\/image\/","url":"https:\/\/gruene-wiesbaden-fuer-europa.de\/wp-content\/uploads\/2024\/04\/Machen-was-zaehlt-5.png","contentUrl":"https:\/\/gruene-wiesbaden-fuer-europa.de\/wp-content\/uploads\/2024\/04\/Machen-was-zaehlt-5.png","width":1772,"height":1772,"caption":"DIE GR\u00dcNEN Wiesbaden"},"image":{"@id":"https:\/\/gruene-wiesbaden.de\/#\/schema\/logo\/image\/"},"sameAs":["https:\/\/www.facebook.com\/gruene.wi","https:\/\/instagram.com\/gruene_wi"]},{"@type":"Person","@id":"https:\/\/gruene-wiesbaden.de\/#\/schema\/person\/6785c34779159cd4fd86886bb097afe9","name":"admin","sameAs":["http:\/\/gruene-wiesbaden-fuer-europa.de"],"url":"https:\/\/gruene-wiesbaden.de\/tr\/author\/admin\/"}]}},"_links":{"self":[{"href":"https:\/\/gruene-wiesbaden.de\/tr\/wp-json\/wp\/v2\/posts\/1303","targetHints":{"allow":["GET"]}}],"collection":[{"href":"https:\/\/gruene-wiesbaden.de\/tr\/wp-json\/wp\/v2\/posts"}],"about":[{"href":"https:\/\/gruene-wiesbaden.de\/tr\/wp-json\/wp\/v2\/types\/post"}],"author":[{"embeddable":true,"href":"https:\/\/gruene-wiesbaden.de\/tr\/wp-json\/wp\/v2\/users\/1"}],"replies":[{"embeddable":true,"href":"https:\/\/gruene-wiesbaden.de\/tr\/wp-json\/wp\/v2\/comments?post=1303"}],"version-history":[{"count":5,"href":"https:\/\/gruene-wiesbaden.de\/tr\/wp-json\/wp\/v2\/posts\/1303\/revisions"}],"predecessor-version":[{"id":2173,"href":"https:\/\/gruene-wiesbaden.de\/tr\/wp-json\/wp\/v2\/posts\/1303\/revisions\/2173"}],"wp:featuredmedia":[{"embeddable":true,"href":"https:\/\/gruene-wiesbaden.de\/tr\/wp-json\/wp\/v2\/media\/1306"}],"wp:attachment":[{"href":"https:\/\/gruene-wiesbaden.de\/tr\/wp-json\/wp\/v2\/media?parent=1303"}],"wp:term":[{"taxonomy":"category","embeddable":true,"href":"https:\/\/gruene-wiesbaden.de\/tr\/wp-json\/wp\/v2\/categories?post=1303"},{"taxonomy":"post_tag","embeddable":true,"href":"https:\/\/gruene-wiesbaden.de\/tr\/wp-json\/wp\/v2\/tags?post=1303"}],"curies":[{"name":"wp","href":"https:\/\/api.w.org\/{rel}","templated":true}]}}