{"id":1222,"date":"2025-08-01T22:40:52","date_gmt":"2025-08-01T20:40:52","guid":{"rendered":"https:\/\/gruene-wiesbaden.de\/?p=1222"},"modified":"2026-04-08T22:38:25","modified_gmt":"2026-04-08T20:38:25","slug":"lore-ipsum-samed","status":"publish","type":"post","link":"https:\/\/gruene-wiesbaden.de\/tr\/lore-ipsum-samed\/","title":{"rendered":"Tar\u0131m ve ormanc\u0131l\u0131k"},"content":{"rendered":"<section class=\"l-section wpb_row height_medium with_img\"><div class=\"l-section-img\" role=\"img\" data-img-width=\"1080\" data-img-height=\"800\" style=\"background-image: url(https:\/\/gruene-wiesbaden.de\/wp-content\/uploads\/2025\/11\/neuer-Verlauf-gruene-wiesbaden.de_-2-e1762709402177.png);\"><\/div><div class=\"l-section-overlay\" style=\"background:var(--color-header-top-transparent-bg)\"><\/div><div class=\"l-section-h i-cf\"><div class=\"g-cols vc_row via_grid cols_1 laptops-cols_inherit tablets-cols_inherit mobiles-cols_1 valign_top type_default stacking_default\"><div class=\"wpb_column vc_column_container\"><div class=\"vc_column-inner\"><h1 class=\"w-post-elm post_title us_custom_a574d586 has_text_color entry-title\">Tar\u0131m ve ormanc\u0131l\u0131k<\/h1><div class=\"w-separator size_medium\"><\/div><div class=\"g-cols wpb_row via_grid cols_2-1 laptops-cols_inherit tablets-cols_inherit mobiles-cols_1 valign_top type_default stacking_default\" style=\"--columns-gap:3rem;\"><div class=\"wpb_column vc_column_container\"><div class=\"vc_column-inner\"><div class=\"wpb_text_column us_custom_8b3d6790 has_text_color\"><div class=\"wpb_wrapper\"><p><span style=\"font-weight: 400;\">Tar\u0131m ve ormanc\u0131l\u0131k sadece ekonomik sekt\u00f6rlerden \u00e7ok daha fazlas\u0131d\u0131r  \u2047  bunlar g\u0131dalar\u0131m\u0131z\u0131n, manzaralar\u0131m\u0131z\u0131n ve iklimimizin temelidir. \u015eehirde veya k\u0131rsalda olsun: \u00c7iftlik kurma \u015feklimiz ya\u015fam kalitemiz, sa\u011fl\u0131\u011f\u0131m\u0131z ve \u00e7evremiz \u00fczerinde do\u011frudan bir etkiye sahiptir.<\/span><\/p>\n<p><span style=\"font-weight: 400;\">\u00c7evresel olarak s\u00fcrd\u00fcr\u00fclebilir ve ekonomik olarak uygulanabilir ve \u00fcr\u00fcnleri herhangi bir hane taraf\u0131ndan kar\u015f\u0131lanabilen s\u00fcrd\u00fcr\u00fclebilir bir tar\u0131m tasarlama zorlu\u011fuyla kar\u015f\u0131 kar\u015f\u0131yay\u0131z.<\/span><\/p>\n<p><span style=\"font-weight: 400;\">Ormanlar milyonlarca y\u0131ld\u0131r b\u00fcy\u00fck malzeme d\u00f6ng\u00fclerinin motorlar\u0131 olmu\u015ftur. Ekolojik i\u015flevlerini orman geli\u015ftirme stratejimizin merkezine koyuyoruz, \u00e7\u00fcnk\u00fc iklime dayan\u0131kl\u0131 karma ormanlar temiz i\u00e7me suyunun, temiz havan\u0131n, biyolojik \u00e7e\u015fitlili\u011fin korunmas\u0131n\u0131n ve s\u0131cak yazlarda daha serin bir \u015fehrin garant\u00f6rleridir.<\/span><\/p>\n<\/div><\/div><div class=\"w-separator size_medium\"><\/div><div class=\"w-btn-wrapper align_left\"><a class=\"w-btn us-btn-style_8 icon_atleft\" href=\"https:\/\/gruene-wiesbaden.de\/tr\/kommunalwahl\/#Kapitel1\"><i class=\"fas fa-chevron-circle-right\"><\/i><span class=\"w-btn-label\">Genel bak\u0131\u015fa geri d\u00f6n<\/span><\/a><\/div><\/div><\/div><div class=\"wpb_column vc_column_container\"><div class=\"vc_column-inner\"><div class=\"w-image align_center\"><div class=\"w-image-h\"><img decoding=\"async\" width=\"1920\" height=\"2560\" src=\"https:\/\/gruene-wiesbaden.de\/wp-content\/uploads\/2025\/07\/noaa-SkJG9sNkQVQ-unsplash-scaled.jpg\" class=\"attachment-full size-full\" alt=\"\" loading=\"lazy\" srcset=\"https:\/\/gruene-wiesbaden.de\/wp-content\/uploads\/2025\/07\/noaa-SkJG9sNkQVQ-unsplash-scaled.jpg 1920w, https:\/\/gruene-wiesbaden.de\/wp-content\/uploads\/2025\/07\/noaa-SkJG9sNkQVQ-unsplash-300x400.jpg 300w, https:\/\/gruene-wiesbaden.de\/wp-content\/uploads\/2025\/07\/noaa-SkJG9sNkQVQ-unsplash-450x600.jpg 450w\" sizes=\"auto, (max-width: 1920px) 100vw, 1920px\" \/><\/div><\/div><div class=\"w-separator size_small\"><\/div><\/div><\/div><\/div><div class=\"w-separator size_medium\"><\/div><div class=\"w-separator size_medium\"><\/div><div class=\"wpb_text_column\"><div class=\"wpb_wrapper\"><h1>S\u00fcrd\u00fcr\u00fclebilir tar\u0131m ve ormanc\u0131l\u0131k bizim i\u00e7in ne anlama geliyor?<\/h1>\n<\/div><\/div><div class=\"w-separator size_large\"><\/div><div class=\"g-cols wpb_row via_grid cols_3 laptops-cols_inherit tablets-cols_inherit mobiles-cols_1 valign_top type_default stacking_default\" style=\"--columns-gap:3rem;\"><div class=\"wpb_column vc_column_container\"><div class=\"vc_column-inner\"><div class=\"w-iconbox us_custom_f4639b64 has_text_color iconpos_left style_default color_custom align_left\"><div class=\"w-iconbox-icon\" style=\"font-size:2rem;--icon-color:#Ffffff;--icon-bg-color:var(--color-header-middle-bg);\"><i class=\"fas fa-layer-group\"><\/i><\/div><div class=\"w-iconbox-meta\"><h4 class=\"w-iconbox-title\" style=\"font-size:1.5rem;\">\u00c7ift\u00e7iler taraf\u0131ndan do\u011fan\u0131n korunmas\u0131<\/h4><div class=\"w-iconbox-text\"><p><span style=\"font-weight: 400;\">Do\u011fam\u0131z\u0131 korumak i\u00e7in \u00e7ift\u00e7ilerle birlikte \u00e7al\u0131\u015fan bir politikay\u0131 savunuyoruz. Hem \u00e7ift\u00e7i olarak \u00e7al\u0131\u015fmalar\u0131n\u0131n varolu\u015fsal olarak hem de t\u00fcm ekosistemimize ba\u011fl\u0131 oldu\u011fu sa\u011fl\u0131kl\u0131 topraklar\u0131n, temiz suyun ve biyo\u00e7e\u015fitlili\u011fin \u00f6nemi hakk\u0131nda derinlemesine bilgiye sahiptirler.<\/span><\/p>\n<\/div><\/div><\/div><\/div><\/div><div class=\"wpb_column vc_column_container\"><div class=\"vc_column-inner\"><div class=\"w-iconbox us_custom_f4639b64 has_text_color iconpos_left style_default color_custom align_left\"><div class=\"w-iconbox-icon\" style=\"font-size:2rem;--icon-color:#Ffffff;--icon-bg-color:var(--color-header-transparent-text);\"><i class=\"fas fa-layer-group\"><\/i><\/div><div class=\"w-iconbox-meta\"><h4 class=\"w-iconbox-title\" style=\"font-size:1.5rem;\">Sa\u011fl\u0131kl\u0131 topraklar\u0131n te\u015fvik edilmesi<\/h4><div class=\"w-iconbox-text\"><p><span style=\"font-weight: 400;\">Topraklar\u0131m\u0131z, plakalar\u0131m\u0131za inen hemen hemen her \u015feyin temelidir ve biyolojik \u00e7e\u015fitlili\u011fin korunmas\u0131 i\u00e7in vazge\u00e7ilmezdir. Uzun vadeli canl\u0131l\u0131\u011f\u0131 garanti eden y\u00f6netimi destekliyoruz.<\/span><\/p>\n<\/div><\/div><\/div><\/div><\/div><div class=\"wpb_column vc_column_container\"><div class=\"vc_column-inner\"><div class=\"w-iconbox us_custom_f4639b64 has_text_color iconpos_left style_default color_custom align_left\"><div class=\"w-iconbox-icon\" style=\"font-size:2rem;--icon-color:#Ffffff;--icon-bg-color:var(--color-header-transparent-text);\"><i class=\"fas fa-layer-group\"><\/i><\/div><div class=\"w-iconbox-meta\"><h4 class=\"w-iconbox-title\" style=\"font-size:1.5rem;\">Orman\u0131 ve oyunu birlikte d\u00fc\u015f\u00fcnmek<\/h4><div class=\"w-iconbox-text\"><p><span style=\"font-weight: 400;\">Bozulmam\u0131\u015f bir orman dengede ya\u015far. Bizim i\u00e7in, politikac\u0131lar\u0131n avc\u0131larla yak\u0131n \u00e7al\u0131\u015farak vah\u015fi ya\u015fam\u0131n korunmas\u0131na ve ormanlar\u0131m\u0131z\u0131n sa\u011fl\u0131\u011f\u0131na e\u015fit derecede dikkat etmeleri \u00e7ok \u00f6nemlidir.<\/span><\/p>\n<\/div><\/div><\/div><\/div><\/div><\/div><div class=\"w-separator size_medium\"><\/div><div class=\"g-cols wpb_row via_grid cols_3 laptops-cols_inherit tablets-cols_inherit mobiles-cols_1 valign_top type_default stacking_default\" style=\"--columns-gap:3rem;\"><div class=\"wpb_column vc_column_container\"><div class=\"vc_column-inner\"><div class=\"w-iconbox us_custom_f4639b64 has_text_color iconpos_left style_default color_custom align_left\"><div class=\"w-iconbox-icon\" style=\"font-size:2rem;--icon-color:#Ffffff;--icon-bg-color:var(--color-header-middle-bg);\"><i class=\"fas fa-layer-group\"><\/i><\/div><div class=\"w-iconbox-meta\"><h4 class=\"w-iconbox-title\" style=\"font-size:1.5rem;\">B\u00f6lgesel, sa\u011fl\u0131kl\u0131 diyetlerin g\u00fc\u00e7lendirilmesi<\/h4><div class=\"w-iconbox-text\"><p><span style=\"font-weight: 400;\">B\u00f6lgemizde sa\u011fl\u0131kl\u0131 g\u0131dalar\u0131n uygun fiyatlarla \u00fcretilmesi bizim i\u00e7in \u00f6nemlidir. \u0130yi yemek, bizim i\u00e7in, \u00e7ocuklar\u0131m\u0131z ve torunlar\u0131m\u0131z i\u00e7in aktif ve keyifli bir ya\u015fam\u0131n temelidir. Bu herkes i\u00e7in, birka\u00e7 ki\u015finin ayr\u0131cal\u0131\u011f\u0131 olarak de\u011fil.<\/span><\/p>\n<\/div><\/div><\/div><\/div><\/div><div class=\"wpb_column vc_column_container\"><div class=\"vc_column-inner\"><div class=\"w-iconbox us_custom_836f727b has_text_color iconpos_left style_default color_custom align_left\"><div class=\"w-iconbox-icon\" style=\"font-size:2rem;--icon-color:#Ffffff;--icon-bg-color:var(--color-header-transparent-text);\"><i class=\"fas fa-layer-group\"><\/i><\/div><div class=\"w-iconbox-meta\"><h4 class=\"w-iconbox-title\" style=\"font-size:1.5rem;\">Daha fazla hayvan refah\u0131na ba\u011fl\u0131l\u0131k<\/h4><div class=\"w-iconbox-text\"><p><span style=\"font-weight: 400;\">End\u00fcstriyel fabrika \u00e7ift\u00e7ili\u011fi hayvanlar\u0131n ac\u0131 \u00e7ekmesine neden olur, suyu ve iklimi kirletir ve sa\u011fl\u0131\u011f\u0131m\u0131z\u0131 tehlikeye atabilir. T\u00fcrlere uygun, b\u00f6lgesel hayvanc\u0131l\u0131k yapmaya kararl\u0131y\u0131z.<\/span><\/p>\n<\/div><\/div><\/div><\/div><\/div><div class=\"wpb_column vc_column_container\"><div class=\"vc_column-inner\"><div class=\"w-iconbox us_custom_f4639b64 has_text_color iconpos_left style_default color_custom align_left\"><div class=\"w-iconbox-icon\" style=\"font-size:2rem;--icon-color:#Ffffff;--icon-bg-color:var(--color-header-transparent-text);\"><i class=\"fas fa-layer-group\"><\/i><\/div><div class=\"w-iconbox-meta\"><h4 class=\"w-iconbox-title\" style=\"font-size:1.5rem;\">K\u00fclt\u00fcrel manzaralar\u0131n korunmas\u0131<\/h4><div class=\"w-iconbox-text\"><p><span style=\"font-weight: 400;\">Tar\u0131m alanlar\u0131m\u0131z\u0131n k\u00fc\u00e7\u00fck \u00f6l\u00e7ekli yap\u0131lar\u0131, inan\u0131lmaz bir biyo\u00e7e\u015fitlilik ve k\u00fclt\u00fcrel miras hazinesine sahiptir. Do\u011fal kaynaklar\u0131m\u0131z\u0131n dikkatli kullan\u0131m\u0131n\u0131 yans\u0131t\u0131rlar.<\/span><\/p>\n<\/div><\/div><\/div><\/div><\/div><\/div><div class=\"w-separator size_medium\"><\/div><div class=\"w-btn-wrapper align_left\"><a class=\"w-btn us-btn-style_8 icon_atleft\" href=\"https:\/\/gruene-wiesbaden.de\/tr\/kommunalwahl\/#Kapitel1\"><i class=\"fas fa-chevron-circle-right\"><\/i><span class=\"w-btn-label\">Genel bak\u0131\u015fa geri d\u00f6n<\/span><\/a><\/div><div class=\"w-separator size_medium\"><\/div><\/div><\/div><\/div><\/div><\/section><section class=\"l-section wpb_row height_auto with_img\"><div class=\"l-section-img\" role=\"img\" data-img-width=\"1920\" data-img-height=\"2560\" style=\"background-image: url(https:\/\/gruene-wiesbaden.de\/wp-content\/uploads\/2025\/07\/noaa-SkJG9sNkQVQ-unsplash-scaled.jpg);background-repeat: no-repeat;\"><\/div><div class=\"l-section-overlay\" style=\"background:var(--color-header-top-transparent-bg)\"><\/div><div class=\"l-section-h i-cf\"><div class=\"g-cols vc_row via_grid cols_1 laptops-cols_inherit tablets-cols_inherit mobiles-cols_1 valign_middle type_default stacking_default\" style=\"--columns-gap:1rem;\"><div class=\"wpb_column vc_column_container\"><div class=\"vc_column-inner\"><div class=\"w-separator size_large\"><\/div><div class=\"wpb_text_column background_inside_text\"><div class=\"wpb_wrapper\"><h1>\u00d6zellikle bu alanda yapmak istediklerimiz<\/h1>\n<\/div><\/div><div class=\"w-separator size_medium\"><\/div><div class=\"w-tabs us_custom_42d693a0 has_text_color style_default switch_click accordion has_scrolling\" style=\"--sections-title-size:1.4rem\"><div class=\"w-tabs-sections titles-align_none icon_chevron cpos_right\"><div class=\"w-tabs-section has_text_color\" id=\"if80\" style=\"background:var(--color-header-transparent-text);color:var(--color-header-top-text-hover);\"><button class=\"w-tabs-section-header\" aria-controls=\"content-if80\" aria-expanded=\"false\"><div class=\"w-tabs-section-title\">\u00c7evre-kentsel ormanlar\u0131m\u0131z\u0131 gelece\u011fe d\u00f6n\u00fck bir \u015fekilde geli\u015ftirmek<\/div><div class=\"w-tabs-section-control\"><\/div><\/button><div  class=\"w-tabs-section-content\" id=\"content-if80\"><div class=\"w-tabs-section-content-h i-cf\"><div class=\"wpb_text_column\"><div class=\"wpb_wrapper\"><p><span style=\"font-weight: 400;\">Ormanlar, temiz hava, t\u00fcrlerin korunmas\u0131, yeralt\u0131 sular\u0131n\u0131n yenilenmesi ve rekreasyonunu sa\u011flayan ve son olarak da hammadde sa\u011flayan en \u00f6nemli karbon depolama sistemlerimizden biridir. \u00dcnl\u00fc  \u2047 Yunan \u015eapeli \u2047  ve Opelbad  \u2047  ile kentsel orman\u0131m\u0131z, ya\u015fam kalitemizin bir kayna\u011f\u0131 olan Wiesbaden'in simge yap\u0131lar\u0131ndan biridir ve bu nedenle \u00f6zellikle kalbimize yak\u0131nd\u0131r. Artan s\u0131cakl\u0131klara, kurakl\u0131klara, \u015fiddetli ya\u011fmurlara ve f\u0131rt\u0131nalara kar\u015f\u0131 dayan\u0131kl\u0131l\u0131\u011f\u0131 g\u00fc\u00e7lendirmek i\u00e7in rakip kullan\u0131mlar\u0131n yap\u0131c\u0131 bir \u015fekilde \u00e7\u00f6z\u00fclmesini ve orman\u0131n do\u011faya yak\u0131n bir \u015fekilde daha da geli\u015ftirilmesini istiyoruz. \u015eehir merkezi i\u00e7in so\u011futma etkisini koruman\u0131n tek yolu budur. \u015eehir orman\u0131ndaki atlarla \u00e7evre dostu ah\u015fap deste\u011fi g\u00fc\u00e7lendirmek ve g\u00f6r\u00fcn\u00fcr k\u0131lmak i\u00e7in \u00e7al\u0131\u015fmak istiyoruz. Bu \u015fekilde, Wiesbaden \u015fehri de\u011ferli orman topra\u011f\u0131n\u0131 koruyabilir, fosil yak\u0131t t\u00fcketimini azaltabilir ve t\u00fcm y\u0131l boyunca do\u011faya yak\u0131n orman bak\u0131m\u0131 i\u00e7in bir model haline gelebilir.<\/span><\/p>\n<\/div><\/div><\/div><\/div><\/div><div class=\"w-tabs-section has_text_color\" id=\"i0a5\" style=\"background:var(--color-header-transparent-text);color:var(--color-header-top-text-hover);\"><button class=\"w-tabs-section-header\" aria-controls=\"content-i0a5\" aria-expanded=\"false\"><div class=\"w-tabs-section-title\">Gelece\u011fimizin temeli olarak topra\u011f\u0131 korumak<\/div><div class=\"w-tabs-section-control\"><\/div><\/button><div  class=\"w-tabs-section-content\" id=\"content-i0a5\"><div class=\"w-tabs-section-content-h i-cf\"><div class=\"wpb_text_column\"><div class=\"wpb_wrapper\"><p><span style=\"font-weight: 400;\">Tar\u0131m\u0131n sa\u011fl\u0131kl\u0131 \u00fcr\u00fcnlere ihtiyac\u0131 var. Ekosistemlerimizin korunmas\u0131 i\u00e7in toprak koruma ve rejeneratif y\u00f6netimi g\u00fc\u00e7lendirmek istiyoruz. B\u00f6lgesel g\u0131da \u00fcretimimizin temelini olu\u015ftururlar ve iklimin korunmas\u0131na ve biyo\u00e7e\u015fitlili\u011fe \u00f6nemli bir katk\u0131 sa\u011flarlar. Gelecekteki bir arazi politikas\u0131 \u00e7evresel, sosyal ve ekonomik y\u00f6nleri birle\u015ftirmelidir. Geli\u015fim ve s\u0131zd\u0131rmazl\u0131k yoluyla verimli topra\u011f\u0131n kayb\u0131 geri d\u00f6nd\u00fcr\u00fclemez ve bu nedenle tolere edilemez. Wiesbaden \u015fehrinin toprak yollar\u0131n ilave s\u0131zd\u0131rmazl\u0131\u011f\u0131n\u0131 durdurmas\u0131n\u0131 istiyoruz. M\u00fcmk\u00fcn oldu\u011funda ve kullan\u0131m \u00e7at\u0131\u015fmas\u0131 olmad\u0131\u011f\u0131nda (\u00f6rne\u011fin bisiklet yollar\u0131 ile), baz\u0131 evcil yaban hayat\u0131 a\u00e7\u0131k topraklara, \u00f6rne\u011fin bir in\u015faat malzemesi kayna\u011f\u0131 olarak g\u00fcvendi\u011finden, saha yollar\u0131 yeniden kapat\u0131lmal\u0131d\u0131r. Ya\u015famsal topraklar\u0131n de\u011feri konusunda fark\u0131ndal\u0131k yaratmak i\u00e7in, Wiesbaden \u015fehrinin kentsel alanlar\u0131 topluluk bah\u00e7eleri ve permak\u00fclt\u00fcr projeleri i\u00e7in kullan\u0131labilir hale getirmesini istiyoruz.<\/span><\/p>\n<\/div><\/div><\/div><\/div><\/div><div class=\"w-tabs-section has_text_color\" id=\"j1be\" style=\"background:var(--color-header-transparent-text);color:var(--color-header-top-text-hover);\"><button class=\"w-tabs-section-header\" aria-controls=\"content-j1be\" aria-expanded=\"false\"><div class=\"w-tabs-section-title\">\u00c7ift\u00e7ilere destek<\/div><div class=\"w-tabs-section-control\"><\/div><\/button><div  class=\"w-tabs-section-content\" id=\"content-j1be\"><div class=\"w-tabs-section-content-h i-cf\"><div class=\"wpb_text_column\"><div class=\"wpb_wrapper\"><p><span style=\"font-weight: 400;\">\u00c7ift\u00e7ilerimiz, do\u011fal ge\u00e7im kayna\u011f\u0131m\u0131z\u0131n korunmas\u0131 ve beslenmemizin korunmas\u0131 i\u00e7in en \u00f6nemli ortaklard\u0131r. Ekolojik olarak uyumlu, ekonomik olarak uygulanabilir ve herkes i\u00e7in uygun fiyatl\u0131 bir tar\u0131m istiyoruz. Bunu ba\u015farmak i\u00e7in, yeti\u015ftirme iklim de\u011fi\u015fikli\u011fine ve a\u015f\u0131r\u0131 hava olaylar\u0131na kar\u015f\u0131 dayan\u0131kl\u0131 olmal\u0131d\u0131r. Organik tar\u0131ma ge\u00e7i\u015f, dijital tar\u0131m\u0131n ba\u015flat\u0131lmas\u0131 kadar gelece\u011fe yap\u0131lan bir yat\u0131r\u0131md\u0131r. Wiesbaden \u015fehrinin, daha fazla mahkeme varisini durdurmak i\u00e7in \u00e7ift\u00e7ileri bu ad\u0131mlarda aktif olarak desteklemesini istiyoruz.<\/span><\/p>\n<\/div><\/div><\/div><\/div><\/div><div class=\"w-tabs-section has_text_color\" id=\"s2e3\" style=\"background:var(--color-header-middle-bg);color:var(--color-content-heading);\"><button class=\"w-tabs-section-header\" aria-controls=\"content-s2e3\" aria-expanded=\"false\"><div class=\"w-tabs-section-title\">B\u00f6lgesel g\u0131da \u00fcretiminin g\u00fc\u00e7lendirilmesi<\/div><div class=\"w-tabs-section-control\"><\/div><\/button><div  class=\"w-tabs-section-content\" id=\"content-s2e3\"><div class=\"w-tabs-section-content-h i-cf\"><div class=\"wpb_text_column\"><div class=\"wpb_wrapper\"><p><span style=\"font-weight: 400;\">Wiesbaden'in tar\u0131m\u0131 g\u0131da g\u00fcvenli\u011fimizin temel dire\u011fidir. K\u00fcresel krizler ba\u011f\u0131ms\u0131z ve dayan\u0131kl\u0131 g\u0131da \u00fcretiminin \u00f6nemini g\u00f6stermektedir. Ayn\u0131 zamanda t\u00fcketiciye ula\u015f\u0131m i\u00e7in enerji harcamalar\u0131n\u0131 azalt\u0131r. Bu ama\u00e7la, Wiesbaden \u015fehrinin yerel bir altyap\u0131 olu\u015fturmas\u0131n\u0131 ve b\u00f6lgesel pazarlamay\u0131 te\u015fvik etmesini istiyoruz. Bu, \u00f6zellikle banliy\u00f6lerde haftal\u0131k pazarlar\u0131n tan\u0131t\u0131m\u0131n\u0131 i\u00e7erir. Dikey tar\u0131m ve akuaponik gibi k\u0131sa mesafeler ve yeni g\u0131da \u00fcretimi kavram\u0131n\u0131 destekliyoruz.<\/span><\/p>\n<\/div><\/div><\/div><\/div><\/div><div class=\"w-tabs-section has_text_color\" id=\"n3ff\" style=\"background:var(--color-header-transparent-text);color:var(--color-header-top-text-hover);\"><button class=\"w-tabs-section-header\" aria-controls=\"content-n3ff\" aria-expanded=\"false\"><div class=\"w-tabs-section-title\">Tar\u0131m ve do\u011fan\u0131n korunmas\u0131n\u0131n uzla\u015ft\u0131r\u0131lmas\u0131<\/div><div class=\"w-tabs-section-control\"><\/div><\/button><div  class=\"w-tabs-section-content\" id=\"content-n3ff\"><div class=\"w-tabs-section-content-h i-cf\"><div class=\"wpb_text_column\"><div class=\"wpb_wrapper\"><p><span style=\"font-weight: 400;\">Sentetik bitki koruma \u00fcr\u00fcnleri gerektirmeyen ve b\u00f6ylece topraklar\u0131, su k\u00fctlelerini, sa\u011fl\u0131\u011f\u0131m\u0131z\u0131 ve t\u00fcm yerel flora ve faunay\u0131 koruyan tar\u0131m y\u00f6ntemlerine ba\u011fl\u0131y\u0131z. Bunun hen\u00fcz m\u00fcmk\u00fcn olmad\u0131\u011f\u0131 durumlarda, kirletici girdileri azaltmak i\u00e7in akarsularda ve sularda g\u00fcbre ve b\u00f6cek ilac\u0131 i\u00e7ermeyen k\u0131y\u0131 b\u00f6lgelerinin kurulmas\u0131n\u0131 ve geni\u015fletilmesini istiyoruz. Biyo\u00e7e\u015fitlili\u011fi korumak i\u00e7in, Wiesbaden \u015fehrinin \u00e7i\u00e7ekli \u015feritlerin ve \u00e7itlerin \u00f6nemine dair fark\u0131ndal\u0131\u011f\u0131 te\u015fvik etmesini istiyoruz. Gelecekte, peyzaj y\u00f6netiminin \u00e7ift\u00e7iler i\u00e7in ek bir gelir kayna\u011f\u0131 olarak giderek daha fazla g\u00fcvence alt\u0131na al\u0131nmas\u0131n\u0131 istiyoruz.<\/span><\/p>\n<\/div><\/div><\/div><\/div><\/div><div class=\"w-tabs-section has_text_color\" id=\"p52d\" style=\"background:var(--color-header-middle-bg);color:var(--color-header-middle-text);\"><button class=\"w-tabs-section-header\" aria-controls=\"content-p52d\" aria-expanded=\"false\"><div class=\"w-tabs-section-title\">K\u00fclt\u00fcrel manzaram\u0131z\u0131 g\u00fc\u00e7lendirmek<\/div><div class=\"w-tabs-section-control\"><\/div><\/button><div  class=\"w-tabs-section-content\" id=\"content-p52d\"><div class=\"w-tabs-section-content-h i-cf\"><div class=\"wpb_text_column\"><div class=\"wpb_wrapper\"><p><span style=\"font-weight: 400;\">Do\u011faya yak\u0131n yeti\u015ftirilen ba\u015f\u0131bo\u015f meyve bah\u00e7eleri ve \u00fcz\u00fcm ba\u011flar\u0131 sadece k\u00fclt\u00fcrel manzaram\u0131z\u0131 karakterize etmekle kalmaz, ayn\u0131 zamanda \u00e7ok say\u0131da hayvan ve bitki i\u00e7in vazge\u00e7ilmez habitatlard\u0131r, Orta Avrupa'daki t\u00fcr bak\u0131m\u0131ndan en zengin habitatlar aras\u0131ndad\u0131r. Wiesbaden \u00e7evresinde, koruma stat\u00fcs\u00fcn\u00fc Wiesbaden \u015fehri taraf\u0131ndan kal\u0131c\u0131 olarak g\u00fcvence alt\u0131na almak istedi\u011fimiz, sevindirici derecede b\u00fcy\u00fck bir eski meyve bah\u00e7esi sto\u011fu var. Bak\u0131mlar\u0131n\u0131 destekliyoruz ve yerel pazarlamay\u0131 g\u00fc\u00e7lendiriyoruz, b\u00f6ylece da\u011f\u0131n\u0131k meyve \u00fcr\u00fcnleri tekrar takdir edilebilir ve \u00e7ift\u00e7ilik de\u011ferli olabilir.<\/span><\/p>\n<p><span style=\"font-weight: 400;\">Meyve a\u011fac\u0131 sponsorluklar\u0131, bak\u0131m kampanyalar\u0131 ve hasat projeleri ile bu habitatlar\u0131n de\u011feri hakk\u0131nda fark\u0131ndal\u0131k yaratmak ve sivil toplum kat\u0131l\u0131m\u0131n\u0131 etkinle\u015ftirmek istiyoruz. \u015eehrin topluluk taahh\u00fcd\u00fcn\u00fc desteklemesini ve \u00f6rne\u011fin \u015fehir i\u00e7i sakinlerinin banliy\u00f6lerden insanlarla birlikte meyve bah\u00e7esine bakt\u0131\u011f\u0131 meyve bah\u00e7esi sponsorluklar\u0131n\u0131 te\u015fvik etmesini istiyoruz.<\/span><\/p>\n<\/div><\/div><\/div><\/div><\/div><div class=\"w-tabs-section has_text_color\" id=\"t656\" style=\"background:var(--color-header-transparent-text);color:var(--color-header-top-text-hover);\"><button class=\"w-tabs-section-header\" aria-controls=\"content-t656\" aria-expanded=\"false\"><div class=\"w-tabs-section-title\">Gelecekte WJW i\u00e7inde Mechtildshausen alan\u0131n\u0131 desteklemek<\/div><div class=\"w-tabs-section-control\"><\/div><\/button><div  class=\"w-tabs-section-content\" id=\"content-t656\"><div class=\"w-tabs-section-content-h i-cf\"><div class=\"wpb_text_column\"><div class=\"wpb_wrapper\"><p><span style=\"font-weight: 400;\">Mechtildshausen alan\u0131 ile Wiesbaden \u015fehri, \u00e7iftlik d\u00fckkanlar\u0131, gastronomi ve at ah\u0131rlar\u0131n\u0131 i\u00e7eren bir amiral gemisi organik tar\u0131m ve i\u015f\u00e7ilik i\u015fine sahiptir. Sosyal a\u00e7\u0131dan dezavantajl\u0131 gen\u00e7leri ve yeti\u015fkinleri e\u011fiten ve \u00e7ok \u00e7e\u015fitli e\u011fitim f\u0131rsatlar\u0131 sunan Wiesbadener Jugendwerkstatt'\u0131n (WJW) bir par\u00e7as\u0131d\u0131r. Bu formda Mechtildshausen etki alan\u0131  \u2047  dahil olmak \u00fczere WJW  \u2047 'yi korumaya kararl\u0131y\u0131z.<\/span><\/p>\n<p><span style=\"font-weight: 400;\">Buna ek olarak, sahaya uyarlanm\u0131\u015f dikimleri denemek ve ara\u015ft\u0131rma ile tar\u0131msal uygulama aras\u0131ndaki bilgi transferini geli\u015ftirmek istiyoruz. Bu nedenle, pratik deneyimin aktar\u0131ld\u0131\u011f\u0131 yenilik\u00e7i tar\u0131m i\u00e7in \u00f6\u011frenme yerleri kurmaya kararl\u0131y\u0131z.<\/span><\/p>\n<\/div><\/div><\/div><\/div><\/div><div class=\"w-tabs-section has_text_color\" id=\"o7a2\" style=\"background:var(--color-header-transparent-text);color:var(--color-header-top-text-hover);\"><button class=\"w-tabs-section-header\" aria-controls=\"content-o7a2\" aria-expanded=\"false\"><div class=\"w-tabs-section-title\">Kendinizi \u015fehir orman\u0131na b\u0131rak\u0131n<\/div><div class=\"w-tabs-section-control\"><\/div><\/button><div  class=\"w-tabs-section-content\" id=\"content-o7a2\"><div class=\"w-tabs-section-content-h i-cf\"><div class=\"wpb_text_column\"><div class=\"wpb_wrapper\"><p><span style=\"font-weight: 400;\">Ormanlar\u0131m\u0131z sadece a\u011fa\u00e7 k\u00fcmeleri de\u011fil, gezegenimizin akci\u011ferleri ve biyolojik \u00e7e\u015fitlili\u011fin hazineleridir.<\/span><\/p>\n<p><span style=\"font-weight: 400;\">\u00c7ocuklara ve gen\u00e7lere \u00f6zellikle orman\u0131n dijital bir teklif olarak \u00f6nemini \u00f6\u011freten bir bilgi ve medya program\u0131na ba\u011fl\u0131y\u0131z. Belediye ormanc\u0131lar\u0131n\u0131n okullar, kre\u015fler ve \u00e7evre dernekleri ile i\u015fbirli\u011fini g\u00fc\u00e7lendirmek istiyoruz. Buna orman turlar\u0131, proje g\u00fcnleri ve \u00e7evre e\u011fitimi teklifleri dahildir. Wiesbaden \u015fehri ile do\u011frudan \u015fehir orman\u0131ndaki n\u00fcfus aras\u0131ndaki diyalog bi\u00e7imleri arac\u0131l\u0131\u011f\u0131yla, Wiesbaden halk\u0131n\u0131 ekolojik orman y\u00f6netimi stratejilerine dahil etmek ve bilgilerini vatanda\u015f bilimi projeleri ba\u011flam\u0131nda kullanmak istiyoruz.<\/span><\/p>\n<\/div><\/div><\/div><\/div><\/div><div class=\"w-tabs-section has_text_color\" id=\"v8ea\" style=\"background:var(--color-header-transparent-text);color:var(--color-header-top-text-hover);\"><button class=\"w-tabs-section-header\" aria-controls=\"content-v8ea\" aria-expanded=\"false\"><div class=\"w-tabs-section-title\">Ormanlar\u0131m\u0131z\u0131 herkes i\u00e7in tasarl\u0131yoruz<\/div><div class=\"w-tabs-section-control\"><\/div><\/button><div  class=\"w-tabs-section-content\" id=\"content-v8ea\"><div class=\"w-tabs-section-content-h i-cf\"><div class=\"wpb_text_column\"><div class=\"wpb_wrapper\"><p><span style=\"font-weight: 400;\">\u015eehir orman\u0131, anavatan\u0131m\u0131z\u0131n vazge\u00e7ilmez bir par\u00e7as\u0131d\u0131r ve t\u00fcm vatanda\u015flara \u00fccretsiz olarak sunulan bir rekreasyon alan\u0131d\u0131r. \u015eehir merkezinden toplu ta\u015f\u0131ma ara\u00e7lar\u0131yla eri\u015filebilirlik sa\u011flamak ve ayn\u0131 zamanda hassas b\u00f6lgeleri aksakl\u0131klardan korumak istiyoruz. Engelsiz yollar, orman oyun alanlar\u0131 ve e\u011flence olanaklar\u0131, t\u00fcm insanlar\u0131n do\u011fay\u0131 rahat bir \u015fekilde deneyimlemelerini sa\u011flamal\u0131d\u0131r. \u015eehrin orman y\u00fcr\u00fcy\u00fc\u015flerinin hassas vah\u015fi kedinin b\u00f6lgesinden ge\u00e7medi\u011finden emin olmas\u0131n\u0131 istiyoruz. Avc\u0131lar orman tasar\u0131m\u0131na \u00f6nemli katk\u0131larda bulunurlar. Avlanman\u0131n ekolojik kriterlere giderek daha fazla y\u00f6nelmesini ve do\u011fal orman yenilenmesini sa\u011flamay\u0131 taahh\u00fct ediyoruz. Bu nedenle Wiesbaden, orman d\u00f6n\u00fc\u015f\u00fcm\u00fcn\u00fc destekleyen ve ayn\u0131 zamanda hayvan refah\u0131 dostu avlanma y\u00f6ntemleri sa\u011flayan ekolojik bir avc\u0131l\u0131k konsepti getirmi\u015ftir. Ancak t\u00fcm orman kullan\u0131c\u0131lar\u0131 birlikte \u00e7al\u0131\u015f\u0131rsa ormanlar\u0131m\u0131z\u0131 gelecek i\u00e7in koruyabiliriz. FSC ve Naturland'a g\u00f6re sertifikalara devam etmeyi taahh\u00fct ediyoruz.<\/span><\/p>\n<\/div><\/div><\/div><\/div><\/div><div class=\"w-tabs-section has_text_color\" id=\"la02\" style=\"background:var(--color-header-transparent-text);color:var(--color-header-top-text-hover);\"><button class=\"w-tabs-section-header\" aria-controls=\"content-la02\" aria-expanded=\"false\"><div class=\"w-tabs-section-title\">Evcil ve vah\u015fi hayvanlara sayg\u0131y\u0131 te\u015fvik ediyoruz<\/div><div class=\"w-tabs-section-control\"><\/div><\/button><div  class=\"w-tabs-section-content\" id=\"content-la02\"><div class=\"w-tabs-section-content-h i-cf\"><div class=\"wpb_text_column\"><div class=\"wpb_wrapper\"><p><span style=\"font-weight: 400;\">Wiesbaden hayvan bar\u0131na\u011f\u0131n\u0131n endi\u015felerini destekliyoruz ve Cyperus Park\u0131, Kastel hayvan park\u0131 ve feasantry'yi destekliyoruz. Yeni g\u00f6\u00e7 eden hayvan t\u00fcrlerinin sorumlu bir \u015fekilde ele al\u0131nmas\u0131yla ilgili e\u011fitimi destekliyoruz. \u015eehir merkezinde, \u00f6rne\u011fin g\u00fcvercin ve Nilgans pop\u00fclasyonlar\u0131n\u0131n t\u00fcre uygun ve bilimsel olarak desteklenen bir \u015fekilde ele al\u0131nmas\u0131na kararl\u0131y\u0131z.<\/span><\/p>\n<\/div><\/div><\/div><\/div><\/div><\/div><\/div><div class=\"w-separator size_medium\"><\/div><div class=\"w-btn-wrapper align_left\"><a class=\"w-btn us-btn-style_8 icon_atleft\" href=\"https:\/\/gruene-wiesbaden.de\/tr\/kommunalwahl\/#Kapitel1\"><i class=\"fas fa-chevron-circle-right\"><\/i><span class=\"w-btn-label\">Genel bak\u0131\u015fa geri d\u00f6n<\/span><\/a><\/div><div class=\"w-separator size_large\"><\/div><div class=\"wpb_text_column\"><div class=\"wpb_wrapper\"><h1>\u015eimdiye kadar ba\u015fard\u0131klar\u0131m\u0131z<\/h1>\n<\/div><\/div><div class=\"w-separator size_medium\"><\/div><div class=\"w-tabs us_custom_42d693a0 has_text_color style_default switch_click accordion has_scrolling\" style=\"--sections-title-size:1.4rem\"><div class=\"w-tabs-sections titles-align_none icon_chevron cpos_right\"><div class=\"w-tabs-section has_text_color\" id=\"ne93\" style=\"background:var(--color-header-transparent-text);color:var(--color-header-top-text-hover);\"><button class=\"w-tabs-section-header\" aria-controls=\"content-ne93\" aria-expanded=\"false\"><div class=\"w-tabs-section-title\">Wiesbaden, 2025 Y\u0131l\u0131n\u0131n Orman Alan\u0131<\/div><div class=\"w-tabs-section-control\"><\/div><\/button><div  class=\"w-tabs-section-content\" id=\"content-ne93\"><div class=\"w-tabs-section-content-h i-cf\"><div class=\"wpb_text_column\"><div class=\"wpb_wrapper\"><p><span style=\"font-weight: 400;\">Wiesbaden \u015fehir orman\u0131, do\u011fa odakl\u0131 y\u00f6netim y\u00f6ntemimizin yan\u0131 s\u0131ra uzun s\u00fcredir devam eden FSC ve Naturland sertifikas\u0131 i\u00e7in bu \u00f6d\u00fcl\u00fc ald\u0131. \u015eehir orman\u0131nda a\u011fa\u00e7l\u0131k atlar\u0131n hedeflenen kullan\u0131m\u0131 ile \u015fehir, ekoloji ve ekonomiyi birle\u015ftirmek i\u00e7in ba\u015far\u0131l\u0131 bir yol olu\u015fturmu\u015ftur.<\/span><\/p>\n<\/div><\/div><\/div><\/div><\/div><div class=\"w-tabs-section has_text_color\" id=\"sfc2\" style=\"background:var(--color-header-transparent-text);color:var(--color-header-top-text-hover);\"><button class=\"w-tabs-section-header\" aria-controls=\"content-sfc2\" aria-expanded=\"false\"><div class=\"w-tabs-section-title\">Vah\u015fi ve orman  \u2047  Wiesbaden avc\u0131l\u0131k konsepti<\/div><div class=\"w-tabs-section-control\"><\/div><\/button><div  class=\"w-tabs-section-content\" id=\"content-sfc2\"><div class=\"w-tabs-section-content-h i-cf\"><div class=\"wpb_text_column\"><div class=\"wpb_wrapper\"><p><span style=\"font-weight: 400;\">Yeni avc\u0131l\u0131k konseptimiz, orman\u0131n ve yaban hayat\u0131n\u0131n ihtiya\u00e7lar\u0131n\u0131 ve \u00e7a\u011fda\u015f avc\u0131l\u0131k gereksinimlerini kar\u015f\u0131lar.<\/span><\/p>\n<\/div><\/div><\/div><\/div><\/div><div class=\"w-tabs-section has_text_color\" id=\"g0d7\" style=\"background:var(--color-header-transparent-text);color:var(--color-header-top-text-hover);\"><button class=\"w-tabs-section-header\" aria-controls=\"content-g0d7\" aria-expanded=\"false\"><div class=\"w-tabs-section-title\">Nadir hayvan t\u00fcrleri korunur<\/div><div class=\"w-tabs-section-control\"><\/div><\/button><div  class=\"w-tabs-section-content\" id=\"content-g0d7\"><div class=\"w-tabs-section-content-h i-cf\"><div class=\"wpb_text_column\"><div class=\"wpb_wrapper\"><p><span style=\"font-weight: 400;\">Eski ve nesli t\u00fckenmekte olan hayvan \u0131rklar\u0131 i\u00e7in Wiesbaden \u015fehri, feasantry'yi kapsaml\u0131 bir program ve e\u011fitim teklifleri ile bir gemi park\u0131na d\u00f6n\u00fc\u015ft\u00fcrd\u00fc.<\/span><\/p>\n<\/div><\/div><\/div><\/div><\/div><div class=\"w-tabs-section has_text_color\" id=\"x204\" style=\"background:var(--color-header-middle-bg);color:var(--color-content-heading);\"><button class=\"w-tabs-section-header\" aria-controls=\"content-x204\" aria-expanded=\"false\"><div class=\"w-tabs-section-title\">Modern y\u00fcr\u00fcy\u00fc\u015f kolayla\u015ft\u0131<\/div><div class=\"w-tabs-section-control\"><\/div><\/button><div  class=\"w-tabs-section-content\" id=\"content-x204\"><div class=\"w-tabs-section-content-h i-cf\"><div class=\"wpb_text_column\"><div class=\"wpb_wrapper\"><p><span style=\"font-weight: 400;\">Wiesbaden, RheinTaunus Do\u011fa Park\u0131 ile birlikte yenilik\u00e7i bir rota konsepti geli\u015ftirdi ve 2500 km'lik y\u00fcr\u00fcy\u00fc\u015f parkurlar\u0131n\u0131 dijital olarak eri\u015filebilir hale getirdi.<\/span><\/p>\n<\/div><\/div><\/div><\/div><\/div><div class=\"w-tabs-section has_text_color\" id=\"z32f\" style=\"background:var(--color-header-transparent-text);color:var(--color-header-top-text-hover);\"><button class=\"w-tabs-section-header\" aria-controls=\"content-z32f\" aria-expanded=\"false\"><div class=\"w-tabs-section-title\">Wiesbaden'in arazisinin sorumlu kullan\u0131m\u0131<\/div><div class=\"w-tabs-section-control\"><\/div><\/button><div  class=\"w-tabs-section-content\" id=\"content-z32f\"><div class=\"w-tabs-section-content-h i-cf\"><div class=\"wpb_text_column\"><div class=\"wpb_wrapper\"><p><span style=\"font-weight: 400;\">Yeni arazi kullan\u0131m plan\u0131n\u0131n yan\u0131 s\u0131ra b\u00f6lgesel plan i\u00e7in peyzaj planlamas\u0131 ve \u00e7evresel de\u011ferlendirme G\u00fcney Hessen \u015feffafl\u0131k yarat\u0131r. Vatanda\u015flar da dahil olmak \u00fczere ve \u00f6zellikle vatanda\u015flar i\u00e7in gelecekteki kararlar i\u00e7in sa\u011flam bir teknik temel sa\u011flarlar.<\/span><\/p>\n<\/div><\/div><\/div><\/div><\/div><\/div><\/div><div class=\"w-separator size_medium\"><\/div><div class=\"w-btn-wrapper align_left\"><a class=\"w-btn us-btn-style_8 icon_atleft\" href=\"https:\/\/gruene-wiesbaden.de\/tr\/kommunalwahl\/#Kapitel1\"><i class=\"fas fa-chevron-circle-right\"><\/i><span class=\"w-btn-label\">Genel bak\u0131\u015fa geri d\u00f6n<\/span><\/a><\/div><div class=\"w-separator size_large\"><\/div><\/div><\/div><\/div><\/div><\/section>","protected":false},"excerpt":{"rendered":"Tar\u0131m ve ormanc\u0131l\u0131k sadece ekonomik sekt\u00f6rlerden \u00e7ok daha fazlas\u0131d\u0131r  \u2047  bunlar g\u0131dalar\u0131m\u0131z\u0131n, manzaralar\u0131m\u0131z\u0131n ve iklimimizin temelidir. \u015eehirde veya k\u0131rsalda olsun: \u00c7iftlik kurma \u015feklimiz ya\u015fam kalitemiz, sa\u011fl\u0131\u011f\u0131m\u0131z ve \u00e7evremiz \u00fczerinde do\u011frudan bir etkiye sahiptir. Bir \u015fey yaratman\u0131n zorlu\u011fuyla kar\u015f\u0131 kar\u015f\u0131yay\u0131z...","protected":false},"author":1,"featured_media":1195,"comment_status":"closed","ping_status":"closed","sticky":false,"template":"","format":"standard","meta":{"footnotes":""},"categories":[14],"tags":[],"class_list":["post-1222","post","type-post","status-publish","format-standard","has-post-thumbnail","hentry","category-kapitel-1"],"yoast_head":"<!-- This site is optimized with the Yoast SEO plugin v27.5 - https:\/\/yoast.com\/product\/yoast-seo-wordpress\/ -->\n<title>Land- und Forstwirtschaft - B\u00dcNDNIS 90\/DIE GR\u00dcNEN Wiesbaden<\/title>\n<meta name=\"robots\" content=\"index, follow, max-snippet:-1, max-image-preview:large, max-video-preview:-1\" \/>\n<link rel=\"canonical\" href=\"https:\/\/gruene-wiesbaden.de\/tr\/lore-ipsum-samed\/\" \/>\n<meta property=\"og:locale\" content=\"tr_TR\" \/>\n<meta property=\"og:type\" content=\"article\" \/>\n<meta property=\"og:title\" content=\"Land- und Forstwirtschaft - B\u00dcNDNIS 90\/DIE GR\u00dcNEN Wiesbaden\" \/>\n<meta property=\"og:url\" content=\"https:\/\/gruene-wiesbaden.de\/tr\/lore-ipsum-samed\/\" \/>\n<meta property=\"og:site_name\" content=\"B\u00dcNDNIS 90\/DIE GR\u00dcNEN Wiesbaden\" \/>\n<meta property=\"article:publisher\" content=\"https:\/\/www.facebook.com\/gruene.wi\" \/>\n<meta property=\"article:published_time\" content=\"2025-08-01T20:40:52+00:00\" \/>\n<meta property=\"article:modified_time\" content=\"2026-04-08T20:38:25+00:00\" \/>\n<meta property=\"og:image\" content=\"https:\/\/gruene-wiesbaden.de\/wp-content\/uploads\/2025\/07\/noaa-SkJG9sNkQVQ-unsplash-scaled.jpg\" \/>\n\t<meta property=\"og:image:width\" content=\"1920\" \/>\n\t<meta property=\"og:image:height\" content=\"2560\" \/>\n\t<meta property=\"og:image:type\" content=\"image\/jpeg\" \/>\n<meta name=\"author\" content=\"admin\" \/>\n<meta name=\"twitter:card\" content=\"summary_large_image\" \/>\n<meta name=\"twitter:label1\" content=\"Yazan:\" \/>\n\t<meta name=\"twitter:data1\" content=\"admin\" \/>\n\t<meta name=\"twitter:label2\" content=\"Tahmini okuma s\u00fcresi\" \/>\n\t<meta name=\"twitter:data2\" content=\"10 minutes\" \/>\n<script type=\"application\/ld+json\" class=\"yoast-schema-graph\">{\"@context\":\"https:\\\/\\\/schema.org\",\"@graph\":[{\"@type\":\"Article\",\"@id\":\"https:\\\/\\\/gruene-wiesbaden.de\\\/lore-ipsum-samed\\\/#article\",\"isPartOf\":{\"@id\":\"https:\\\/\\\/gruene-wiesbaden.de\\\/lore-ipsum-samed\\\/\"},\"author\":{\"name\":\"admin\",\"@id\":\"https:\\\/\\\/gruene-wiesbaden.de\\\/#\\\/schema\\\/person\\\/6785c34779159cd4fd86886bb097afe9\"},\"headline\":\"Land- und Forstwirtschaft\",\"datePublished\":\"2025-08-01T20:40:52+00:00\",\"dateModified\":\"2026-04-08T20:38:25+00:00\",\"mainEntityOfPage\":{\"@id\":\"https:\\\/\\\/gruene-wiesbaden.de\\\/lore-ipsum-samed\\\/\"},\"wordCount\":2860,\"publisher\":{\"@id\":\"https:\\\/\\\/gruene-wiesbaden.de\\\/#organization\"},\"image\":{\"@id\":\"https:\\\/\\\/gruene-wiesbaden.de\\\/lore-ipsum-samed\\\/#primaryimage\"},\"thumbnailUrl\":\"https:\\\/\\\/gruene-wiesbaden.de\\\/wp-content\\\/uploads\\\/2025\\\/07\\\/noaa-SkJG9sNkQVQ-unsplash-scaled.jpg\",\"articleSection\":[\"Kapitel 1\"],\"inLanguage\":\"tr-TR\"},{\"@type\":\"WebPage\",\"@id\":\"https:\\\/\\\/gruene-wiesbaden.de\\\/lore-ipsum-samed\\\/\",\"url\":\"https:\\\/\\\/gruene-wiesbaden.de\\\/lore-ipsum-samed\\\/\",\"name\":\"Land- und Forstwirtschaft - B\u00dcNDNIS 90\\\/DIE GR\u00dcNEN Wiesbaden\",\"isPartOf\":{\"@id\":\"https:\\\/\\\/gruene-wiesbaden.de\\\/#website\"},\"primaryImageOfPage\":{\"@id\":\"https:\\\/\\\/gruene-wiesbaden.de\\\/lore-ipsum-samed\\\/#primaryimage\"},\"image\":{\"@id\":\"https:\\\/\\\/gruene-wiesbaden.de\\\/lore-ipsum-samed\\\/#primaryimage\"},\"thumbnailUrl\":\"https:\\\/\\\/gruene-wiesbaden.de\\\/wp-content\\\/uploads\\\/2025\\\/07\\\/noaa-SkJG9sNkQVQ-unsplash-scaled.jpg\",\"datePublished\":\"2025-08-01T20:40:52+00:00\",\"dateModified\":\"2026-04-08T20:38:25+00:00\",\"breadcrumb\":{\"@id\":\"https:\\\/\\\/gruene-wiesbaden.de\\\/lore-ipsum-samed\\\/#breadcrumb\"},\"inLanguage\":\"tr-TR\",\"potentialAction\":[{\"@type\":\"ReadAction\",\"target\":[\"https:\\\/\\\/gruene-wiesbaden.de\\\/lore-ipsum-samed\\\/\"]}]},{\"@type\":\"ImageObject\",\"inLanguage\":\"tr-TR\",\"@id\":\"https:\\\/\\\/gruene-wiesbaden.de\\\/lore-ipsum-samed\\\/#primaryimage\",\"url\":\"https:\\\/\\\/gruene-wiesbaden.de\\\/wp-content\\\/uploads\\\/2025\\\/07\\\/noaa-SkJG9sNkQVQ-unsplash-scaled.jpg\",\"contentUrl\":\"https:\\\/\\\/gruene-wiesbaden.de\\\/wp-content\\\/uploads\\\/2025\\\/07\\\/noaa-SkJG9sNkQVQ-unsplash-scaled.jpg\",\"width\":1920,\"height\":2560},{\"@type\":\"BreadcrumbList\",\"@id\":\"https:\\\/\\\/gruene-wiesbaden.de\\\/lore-ipsum-samed\\\/#breadcrumb\",\"itemListElement\":[{\"@type\":\"ListItem\",\"position\":1,\"name\":\"Startseite\",\"item\":\"https:\\\/\\\/gruene-wiesbaden.de\\\/\"},{\"@type\":\"ListItem\",\"position\":2,\"name\":\"Land- und Forstwirtschaft\"}]},{\"@type\":\"WebSite\",\"@id\":\"https:\\\/\\\/gruene-wiesbaden.de\\\/#website\",\"url\":\"https:\\\/\\\/gruene-wiesbaden.de\\\/\",\"name\":\"DIE GR\u00dcNEN Wiesbaden\",\"description\":\"\",\"publisher\":{\"@id\":\"https:\\\/\\\/gruene-wiesbaden.de\\\/#organization\"},\"potentialAction\":[{\"@type\":\"SearchAction\",\"target\":{\"@type\":\"EntryPoint\",\"urlTemplate\":\"https:\\\/\\\/gruene-wiesbaden.de\\\/?s={search_term_string}\"},\"query-input\":{\"@type\":\"PropertyValueSpecification\",\"valueRequired\":true,\"valueName\":\"search_term_string\"}}],\"inLanguage\":\"tr-TR\"},{\"@type\":\"Organization\",\"@id\":\"https:\\\/\\\/gruene-wiesbaden.de\\\/#organization\",\"name\":\"DIE GR\u00dcNEN Wiesbaden\",\"url\":\"https:\\\/\\\/gruene-wiesbaden.de\\\/\",\"logo\":{\"@type\":\"ImageObject\",\"inLanguage\":\"tr-TR\",\"@id\":\"https:\\\/\\\/gruene-wiesbaden.de\\\/#\\\/schema\\\/logo\\\/image\\\/\",\"url\":\"https:\\\/\\\/gruene-wiesbaden-fuer-europa.de\\\/wp-content\\\/uploads\\\/2024\\\/04\\\/Machen-was-zaehlt-5.png\",\"contentUrl\":\"https:\\\/\\\/gruene-wiesbaden-fuer-europa.de\\\/wp-content\\\/uploads\\\/2024\\\/04\\\/Machen-was-zaehlt-5.png\",\"width\":1772,\"height\":1772,\"caption\":\"DIE GR\u00dcNEN Wiesbaden\"},\"image\":{\"@id\":\"https:\\\/\\\/gruene-wiesbaden.de\\\/#\\\/schema\\\/logo\\\/image\\\/\"},\"sameAs\":[\"https:\\\/\\\/www.facebook.com\\\/gruene.wi\",\"https:\\\/\\\/instagram.com\\\/gruene_wi\"]},{\"@type\":\"Person\",\"@id\":\"https:\\\/\\\/gruene-wiesbaden.de\\\/#\\\/schema\\\/person\\\/6785c34779159cd4fd86886bb097afe9\",\"name\":\"admin\",\"sameAs\":[\"http:\\\/\\\/gruene-wiesbaden-fuer-europa.de\"],\"url\":\"https:\\\/\\\/gruene-wiesbaden.de\\\/tr\\\/author\\\/admin\\\/\"}]}<\/script>\n<!-- \/ Yoast SEO plugin. -->","yoast_head_json":{"title":"Land- und Forstwirtschaft - B\u00dcNDNIS 90\/DIE GR\u00dcNEN Wiesbaden","robots":{"index":"index","follow":"follow","max-snippet":"max-snippet:-1","max-image-preview":"max-image-preview:large","max-video-preview":"max-video-preview:-1"},"canonical":"https:\/\/gruene-wiesbaden.de\/tr\/lore-ipsum-samed\/","og_locale":"tr_TR","og_type":"article","og_title":"Land- und Forstwirtschaft - B\u00dcNDNIS 90\/DIE GR\u00dcNEN Wiesbaden","og_url":"https:\/\/gruene-wiesbaden.de\/tr\/lore-ipsum-samed\/","og_site_name":"B\u00dcNDNIS 90\/DIE GR\u00dcNEN Wiesbaden","article_publisher":"https:\/\/www.facebook.com\/gruene.wi","article_published_time":"2025-08-01T20:40:52+00:00","article_modified_time":"2026-04-08T20:38:25+00:00","og_image":[{"width":1920,"height":2560,"url":"https:\/\/gruene-wiesbaden.de\/wp-content\/uploads\/2025\/07\/noaa-SkJG9sNkQVQ-unsplash-scaled.jpg","type":"image\/jpeg"}],"author":"admin","twitter_card":"summary_large_image","twitter_misc":{"Yazan:":"admin","Tahmini okuma s\u00fcresi":"10 minutes"},"schema":{"@context":"https:\/\/schema.org","@graph":[{"@type":"Article","@id":"https:\/\/gruene-wiesbaden.de\/lore-ipsum-samed\/#article","isPartOf":{"@id":"https:\/\/gruene-wiesbaden.de\/lore-ipsum-samed\/"},"author":{"name":"admin","@id":"https:\/\/gruene-wiesbaden.de\/#\/schema\/person\/6785c34779159cd4fd86886bb097afe9"},"headline":"Land- und Forstwirtschaft","datePublished":"2025-08-01T20:40:52+00:00","dateModified":"2026-04-08T20:38:25+00:00","mainEntityOfPage":{"@id":"https:\/\/gruene-wiesbaden.de\/lore-ipsum-samed\/"},"wordCount":2860,"publisher":{"@id":"https:\/\/gruene-wiesbaden.de\/#organization"},"image":{"@id":"https:\/\/gruene-wiesbaden.de\/lore-ipsum-samed\/#primaryimage"},"thumbnailUrl":"https:\/\/gruene-wiesbaden.de\/wp-content\/uploads\/2025\/07\/noaa-SkJG9sNkQVQ-unsplash-scaled.jpg","articleSection":["Kapitel 1"],"inLanguage":"tr-TR"},{"@type":"WebPage","@id":"https:\/\/gruene-wiesbaden.de\/lore-ipsum-samed\/","url":"https:\/\/gruene-wiesbaden.de\/lore-ipsum-samed\/","name":"Land- und Forstwirtschaft - B\u00dcNDNIS 90\/DIE GR\u00dcNEN Wiesbaden","isPartOf":{"@id":"https:\/\/gruene-wiesbaden.de\/#website"},"primaryImageOfPage":{"@id":"https:\/\/gruene-wiesbaden.de\/lore-ipsum-samed\/#primaryimage"},"image":{"@id":"https:\/\/gruene-wiesbaden.de\/lore-ipsum-samed\/#primaryimage"},"thumbnailUrl":"https:\/\/gruene-wiesbaden.de\/wp-content\/uploads\/2025\/07\/noaa-SkJG9sNkQVQ-unsplash-scaled.jpg","datePublished":"2025-08-01T20:40:52+00:00","dateModified":"2026-04-08T20:38:25+00:00","breadcrumb":{"@id":"https:\/\/gruene-wiesbaden.de\/lore-ipsum-samed\/#breadcrumb"},"inLanguage":"tr-TR","potentialAction":[{"@type":"ReadAction","target":["https:\/\/gruene-wiesbaden.de\/lore-ipsum-samed\/"]}]},{"@type":"ImageObject","inLanguage":"tr-TR","@id":"https:\/\/gruene-wiesbaden.de\/lore-ipsum-samed\/#primaryimage","url":"https:\/\/gruene-wiesbaden.de\/wp-content\/uploads\/2025\/07\/noaa-SkJG9sNkQVQ-unsplash-scaled.jpg","contentUrl":"https:\/\/gruene-wiesbaden.de\/wp-content\/uploads\/2025\/07\/noaa-SkJG9sNkQVQ-unsplash-scaled.jpg","width":1920,"height":2560},{"@type":"BreadcrumbList","@id":"https:\/\/gruene-wiesbaden.de\/lore-ipsum-samed\/#breadcrumb","itemListElement":[{"@type":"ListItem","position":1,"name":"Startseite","item":"https:\/\/gruene-wiesbaden.de\/"},{"@type":"ListItem","position":2,"name":"Land- und Forstwirtschaft"}]},{"@type":"WebSite","@id":"https:\/\/gruene-wiesbaden.de\/#website","url":"https:\/\/gruene-wiesbaden.de\/","name":"DIE GR\u00dcNEN Wiesbaden","description":"","publisher":{"@id":"https:\/\/gruene-wiesbaden.de\/#organization"},"potentialAction":[{"@type":"SearchAction","target":{"@type":"EntryPoint","urlTemplate":"https:\/\/gruene-wiesbaden.de\/?s={search_term_string}"},"query-input":{"@type":"PropertyValueSpecification","valueRequired":true,"valueName":"search_term_string"}}],"inLanguage":"tr-TR"},{"@type":"Organization","@id":"https:\/\/gruene-wiesbaden.de\/#organization","name":"DIE GR\u00dcNEN Wiesbaden","url":"https:\/\/gruene-wiesbaden.de\/","logo":{"@type":"ImageObject","inLanguage":"tr-TR","@id":"https:\/\/gruene-wiesbaden.de\/#\/schema\/logo\/image\/","url":"https:\/\/gruene-wiesbaden-fuer-europa.de\/wp-content\/uploads\/2024\/04\/Machen-was-zaehlt-5.png","contentUrl":"https:\/\/gruene-wiesbaden-fuer-europa.de\/wp-content\/uploads\/2024\/04\/Machen-was-zaehlt-5.png","width":1772,"height":1772,"caption":"DIE GR\u00dcNEN Wiesbaden"},"image":{"@id":"https:\/\/gruene-wiesbaden.de\/#\/schema\/logo\/image\/"},"sameAs":["https:\/\/www.facebook.com\/gruene.wi","https:\/\/instagram.com\/gruene_wi"]},{"@type":"Person","@id":"https:\/\/gruene-wiesbaden.de\/#\/schema\/person\/6785c34779159cd4fd86886bb097afe9","name":"admin","sameAs":["http:\/\/gruene-wiesbaden-fuer-europa.de"],"url":"https:\/\/gruene-wiesbaden.de\/tr\/author\/admin\/"}]}},"_links":{"self":[{"href":"https:\/\/gruene-wiesbaden.de\/tr\/wp-json\/wp\/v2\/posts\/1222","targetHints":{"allow":["GET"]}}],"collection":[{"href":"https:\/\/gruene-wiesbaden.de\/tr\/wp-json\/wp\/v2\/posts"}],"about":[{"href":"https:\/\/gruene-wiesbaden.de\/tr\/wp-json\/wp\/v2\/types\/post"}],"author":[{"embeddable":true,"href":"https:\/\/gruene-wiesbaden.de\/tr\/wp-json\/wp\/v2\/users\/1"}],"replies":[{"embeddable":true,"href":"https:\/\/gruene-wiesbaden.de\/tr\/wp-json\/wp\/v2\/comments?post=1222"}],"version-history":[{"count":15,"href":"https:\/\/gruene-wiesbaden.de\/tr\/wp-json\/wp\/v2\/posts\/1222\/revisions"}],"predecessor-version":[{"id":2369,"href":"https:\/\/gruene-wiesbaden.de\/tr\/wp-json\/wp\/v2\/posts\/1222\/revisions\/2369"}],"wp:featuredmedia":[{"embeddable":true,"href":"https:\/\/gruene-wiesbaden.de\/tr\/wp-json\/wp\/v2\/media\/1195"}],"wp:attachment":[{"href":"https:\/\/gruene-wiesbaden.de\/tr\/wp-json\/wp\/v2\/media?parent=1222"}],"wp:term":[{"taxonomy":"category","embeddable":true,"href":"https:\/\/gruene-wiesbaden.de\/tr\/wp-json\/wp\/v2\/categories?post=1222"},{"taxonomy":"post_tag","embeddable":true,"href":"https:\/\/gruene-wiesbaden.de\/tr\/wp-json\/wp\/v2\/tags?post=1222"}],"curies":[{"name":"wp","href":"https:\/\/api.w.org\/{rel}","templated":true}]}}