{"id":876,"date":"2024-12-11T12:00:20","date_gmt":"2024-12-11T12:00:20","guid":{"rendered":"http:\/\/gruene-wiesbaden.de.w0207e8f.kasserver.com\/?p=876"},"modified":"2025-06-16T20:55:40","modified_gmt":"2025-06-16T20:55:40","slug":"600-mitglied","status":"publish","type":"post","link":"https:\/\/gruene-wiesbaden.de\/sl\/600-mitglied\/","title":{"rendered":"De\u017eelna skup\u0161\u010dina Zelenih Wiesbaden: Presene\u010denje za vseh 600. \u010clan!"},"content":{"rendered":"<section class=\"l-section wpb_row height_medium\"><div class=\"l-section-h i-cf\"><div class=\"g-cols vc_row via_grid cols_1 laptops-cols_inherit tablets-cols_inherit mobiles-cols_1 valign_top type_default stacking_default\"><div class=\"wpb_column vc_column_container\"><div class=\"vc_column-inner\"><h2 class=\"w-post-elm post_title entry-title color_link_inherit\">De\u017eelna skup\u0161\u010dina Zelenih Wiesbaden: Presene\u010denje za vseh 600. \u010clan!<\/h2><div class=\"w-post-elm post_image\"><img loading=\"lazy\" decoding=\"async\" width=\"600\" height=\"467\" src=\"https:\/\/gruene-wiesbaden.de\/wp-content\/uploads\/2025\/03\/Bildschirmfoto-2025-06-16-um-22.54.40-600x467.png\" class=\"attachment-large size-large wp-post-image\" alt=\"\" srcset=\"https:\/\/gruene-wiesbaden.de\/wp-content\/uploads\/2025\/03\/Bildschirmfoto-2025-06-16-um-22.54.40-600x467.png 600w, https:\/\/gruene-wiesbaden.de\/wp-content\/uploads\/2025\/03\/Bildschirmfoto-2025-06-16-um-22.54.40-400x312.png 400w, https:\/\/gruene-wiesbaden.de\/wp-content\/uploads\/2025\/03\/Bildschirmfoto-2025-06-16-um-22.54.40.png 1756w\" sizes=\"auto, (max-width: 600px) 100vw, 600px\" \/><\/div><div class=\"w-separator size_medium\"><\/div><div class=\"wpb_text_column\"><div class=\"wpb_wrapper\"><p>Na 10. mestu. Decembra je potekala okro\u017ena skup\u0161\u010dina B\u00fcndnis 90\/Die Gr\u00fcnen Wiesbaden \u2013 ve\u010der s \u0161tevilnimi volitvami delegatov, pomembnimi informacijami o volilni kampanji in novimi obrazi: Zdru\u017eenje je lahko sprejelo \u0161tevilne nove \u010dlane!<\/p>\n<p>En \u010dlan je pri\u010dakoval poseben nastop: Pred nekaj dnevi je okro\u017eno zdru\u017eenje razbilo oznako 600. To je treba praznovati. \u0160eststoti\u010d. Poslanec je bil vnaprej obve\u0161\u010den, da bo pri\u0161lo do manj\u0161ega presene\u010denja. Na za\u010detku sre\u010danja je Jochen prejel vre\u010do gradiva za kampanjo in zelene darila kot simboli\u010den znak sprejema \u010dlana upravnega odbora Larise. Jan\u0161a ima svoje prve na\u010drte: \u017deli se vklju\u010diti v podro\u010dje plakatov in tako prispevati k prepoznavnosti na\u0161ih sporo\u010dil v prihajajo\u010di predvolilni kampanji Bundestaga in OB.<\/p>\n<p>Na\u0161e okro\u017eno zdru\u017eenje raste in ka\u017ee, da je vedno ve\u010d ljudi pripravljenih delati za trajnostno, pravi\u010dno in \u017eivljenjsko prihodnost. Zahvaljujemo se vam za va\u0161o zavezanost in se veselimo sodelovanja z Jochenom in vsemi drugimi novimi \u010dlani.<\/p>\n<p>\u017delite postati del na\u0161ega zelenega gibanja? Tukaj lahko izveste, kako lahko postanete \u010dlan in aktivno sodelujete v Wiesbadnu.<\/p>\n<\/div><\/div><\/div><\/div><\/div><\/div><\/section>","protected":false},"excerpt":{"rendered":"De\u017eelna skup\u0161\u010dina Zelenih Wiesbaden: Presene\u010denje za vseh 600. Vabljeni na 10. Decembra je potekala okro\u017ena skup\u0161\u010dina B\u00fcndnis 90\/Die Gr\u00fcnen Wiesbaden \u2013 ve\u010der s \u0161tevilnimi volitvami delegatov, pomembnimi informacijami o volilni kampanji in novimi obrazi: Zdru\u017eenje je lahko sprejelo \u0161tevilne nove \u010dlane! En \u010dlan je pri\u010dakoval poseben nastop: Pred nekaj dnevi je okro\u017eje...","protected":false},"author":1,"featured_media":923,"comment_status":"closed","ping_status":"closed","sticky":false,"template":"","format":"standard","meta":{"footnotes":""},"categories":[9],"tags":[],"class_list":["post-876","post","type-post","status-publish","format-standard","has-post-thumbnail","hentry","category-mitglieder"],"yoast_head":"<!-- This site is optimized with the Yoast SEO plugin v27.5 - https:\/\/yoast.com\/product\/yoast-seo-wordpress\/ -->\n<title>Kreismitgliederversammlung der Gr\u00fcnen Wiesbaden: \u00dcberraschung f\u00fcr unser 600. Mitglied! - B\u00dcNDNIS 90\/DIE GR\u00dcNEN Wiesbaden<\/title>\n<meta name=\"robots\" content=\"index, follow, max-snippet:-1, max-image-preview:large, max-video-preview:-1\" \/>\n<link rel=\"canonical\" href=\"https:\/\/gruene-wiesbaden.de\/sl\/600-mitglied\/\" \/>\n<meta property=\"og:locale\" content=\"sl_SI\" \/>\n<meta property=\"og:type\" content=\"article\" \/>\n<meta property=\"og:title\" content=\"Kreismitgliederversammlung der Gr\u00fcnen Wiesbaden: \u00dcberraschung f\u00fcr unser 600. Mitglied! - B\u00dcNDNIS 90\/DIE GR\u00dcNEN Wiesbaden\" \/>\n<meta property=\"og:url\" content=\"https:\/\/gruene-wiesbaden.de\/sl\/600-mitglied\/\" \/>\n<meta property=\"og:site_name\" content=\"B\u00dcNDNIS 90\/DIE GR\u00dcNEN Wiesbaden\" \/>\n<meta property=\"article:publisher\" content=\"https:\/\/www.facebook.com\/gruene.wi\" \/>\n<meta property=\"article:published_time\" content=\"2024-12-11T12:00:20+00:00\" \/>\n<meta property=\"article:modified_time\" content=\"2025-06-16T20:55:40+00:00\" \/>\n<meta property=\"og:image\" content=\"https:\/\/gruene-wiesbaden.de\/wp-content\/uploads\/2025\/03\/Bildschirmfoto-2025-06-16-um-22.54.40-600x467.png\" \/>\n\t<meta property=\"og:image:width\" content=\"600\" \/>\n\t<meta property=\"og:image:height\" content=\"467\" \/>\n\t<meta property=\"og:image:type\" content=\"image\/png\" \/>\n<meta name=\"author\" content=\"admin\" \/>\n<meta name=\"twitter:card\" content=\"summary_large_image\" \/>\n<meta name=\"twitter:label1\" content=\"Written by\" \/>\n\t<meta name=\"twitter:data1\" content=\"admin\" \/>\n\t<meta name=\"twitter:label2\" content=\"Est. reading time\" \/>\n\t<meta name=\"twitter:data2\" content=\"2 minutes\" \/>\n<script type=\"application\/ld+json\" class=\"yoast-schema-graph\">{\"@context\":\"https:\\\/\\\/schema.org\",\"@graph\":[{\"@type\":\"Article\",\"@id\":\"https:\\\/\\\/gruene-wiesbaden.de\\\/600-mitglied\\\/#article\",\"isPartOf\":{\"@id\":\"https:\\\/\\\/gruene-wiesbaden.de\\\/600-mitglied\\\/\"},\"author\":{\"name\":\"admin\",\"@id\":\"https:\\\/\\\/gruene-wiesbaden.de\\\/#\\\/schema\\\/person\\\/6785c34779159cd4fd86886bb097afe9\"},\"headline\":\"Kreismitgliederversammlung der Gr\u00fcnen Wiesbaden: \u00dcberraschung f\u00fcr unser 600. Mitglied!\",\"datePublished\":\"2024-12-11T12:00:20+00:00\",\"dateModified\":\"2025-06-16T20:55:40+00:00\",\"mainEntityOfPage\":{\"@id\":\"https:\\\/\\\/gruene-wiesbaden.de\\\/600-mitglied\\\/\"},\"wordCount\":227,\"publisher\":{\"@id\":\"https:\\\/\\\/gruene-wiesbaden.de\\\/#organization\"},\"image\":{\"@id\":\"https:\\\/\\\/gruene-wiesbaden.de\\\/600-mitglied\\\/#primaryimage\"},\"thumbnailUrl\":\"https:\\\/\\\/gruene-wiesbaden.de\\\/wp-content\\\/uploads\\\/2025\\\/03\\\/Bildschirmfoto-2025-06-16-um-22.54.40.png\",\"articleSection\":[\"Mitglieder\"],\"inLanguage\":\"sl-SI\"},{\"@type\":\"WebPage\",\"@id\":\"https:\\\/\\\/gruene-wiesbaden.de\\\/600-mitglied\\\/\",\"url\":\"https:\\\/\\\/gruene-wiesbaden.de\\\/600-mitglied\\\/\",\"name\":\"Kreismitgliederversammlung der Gr\u00fcnen Wiesbaden: \u00dcberraschung f\u00fcr unser 600. Mitglied! - B\u00dcNDNIS 90\\\/DIE GR\u00dcNEN Wiesbaden\",\"isPartOf\":{\"@id\":\"https:\\\/\\\/gruene-wiesbaden.de\\\/#website\"},\"primaryImageOfPage\":{\"@id\":\"https:\\\/\\\/gruene-wiesbaden.de\\\/600-mitglied\\\/#primaryimage\"},\"image\":{\"@id\":\"https:\\\/\\\/gruene-wiesbaden.de\\\/600-mitglied\\\/#primaryimage\"},\"thumbnailUrl\":\"https:\\\/\\\/gruene-wiesbaden.de\\\/wp-content\\\/uploads\\\/2025\\\/03\\\/Bildschirmfoto-2025-06-16-um-22.54.40.png\",\"datePublished\":\"2024-12-11T12:00:20+00:00\",\"dateModified\":\"2025-06-16T20:55:40+00:00\",\"breadcrumb\":{\"@id\":\"https:\\\/\\\/gruene-wiesbaden.de\\\/600-mitglied\\\/#breadcrumb\"},\"inLanguage\":\"sl-SI\",\"potentialAction\":[{\"@type\":\"ReadAction\",\"target\":[\"https:\\\/\\\/gruene-wiesbaden.de\\\/600-mitglied\\\/\"]}]},{\"@type\":\"ImageObject\",\"inLanguage\":\"sl-SI\",\"@id\":\"https:\\\/\\\/gruene-wiesbaden.de\\\/600-mitglied\\\/#primaryimage\",\"url\":\"https:\\\/\\\/gruene-wiesbaden.de\\\/wp-content\\\/uploads\\\/2025\\\/03\\\/Bildschirmfoto-2025-06-16-um-22.54.40.png\",\"contentUrl\":\"https:\\\/\\\/gruene-wiesbaden.de\\\/wp-content\\\/uploads\\\/2025\\\/03\\\/Bildschirmfoto-2025-06-16-um-22.54.40.png\",\"width\":1756,\"height\":1368},{\"@type\":\"BreadcrumbList\",\"@id\":\"https:\\\/\\\/gruene-wiesbaden.de\\\/600-mitglied\\\/#breadcrumb\",\"itemListElement\":[{\"@type\":\"ListItem\",\"position\":1,\"name\":\"Startseite\",\"item\":\"https:\\\/\\\/gruene-wiesbaden.de\\\/\"},{\"@type\":\"ListItem\",\"position\":2,\"name\":\"Kreismitgliederversammlung der Gr\u00fcnen Wiesbaden: \u00dcberraschung f\u00fcr unser 600. Mitglied!\"}]},{\"@type\":\"WebSite\",\"@id\":\"https:\\\/\\\/gruene-wiesbaden.de\\\/#website\",\"url\":\"https:\\\/\\\/gruene-wiesbaden.de\\\/\",\"name\":\"DIE GR\u00dcNEN Wiesbaden\",\"description\":\"\",\"publisher\":{\"@id\":\"https:\\\/\\\/gruene-wiesbaden.de\\\/#organization\"},\"potentialAction\":[{\"@type\":\"SearchAction\",\"target\":{\"@type\":\"EntryPoint\",\"urlTemplate\":\"https:\\\/\\\/gruene-wiesbaden.de\\\/?s={search_term_string}\"},\"query-input\":{\"@type\":\"PropertyValueSpecification\",\"valueRequired\":true,\"valueName\":\"search_term_string\"}}],\"inLanguage\":\"sl-SI\"},{\"@type\":\"Organization\",\"@id\":\"https:\\\/\\\/gruene-wiesbaden.de\\\/#organization\",\"name\":\"DIE GR\u00dcNEN Wiesbaden\",\"url\":\"https:\\\/\\\/gruene-wiesbaden.de\\\/\",\"logo\":{\"@type\":\"ImageObject\",\"inLanguage\":\"sl-SI\",\"@id\":\"https:\\\/\\\/gruene-wiesbaden.de\\\/#\\\/schema\\\/logo\\\/image\\\/\",\"url\":\"https:\\\/\\\/gruene-wiesbaden-fuer-europa.de\\\/wp-content\\\/uploads\\\/2024\\\/04\\\/Machen-was-zaehlt-5.png\",\"contentUrl\":\"https:\\\/\\\/gruene-wiesbaden-fuer-europa.de\\\/wp-content\\\/uploads\\\/2024\\\/04\\\/Machen-was-zaehlt-5.png\",\"width\":1772,\"height\":1772,\"caption\":\"DIE GR\u00dcNEN Wiesbaden\"},\"image\":{\"@id\":\"https:\\\/\\\/gruene-wiesbaden.de\\\/#\\\/schema\\\/logo\\\/image\\\/\"},\"sameAs\":[\"https:\\\/\\\/www.facebook.com\\\/gruene.wi\",\"https:\\\/\\\/instagram.com\\\/gruene_wi\"]},{\"@type\":\"Person\",\"@id\":\"https:\\\/\\\/gruene-wiesbaden.de\\\/#\\\/schema\\\/person\\\/6785c34779159cd4fd86886bb097afe9\",\"name\":\"admin\",\"sameAs\":[\"http:\\\/\\\/gruene-wiesbaden-fuer-europa.de\"],\"url\":\"https:\\\/\\\/gruene-wiesbaden.de\\\/sl\\\/author\\\/admin\\\/\"}]}<\/script>\n<!-- \/ Yoast SEO plugin. -->","yoast_head_json":{"title":"Kreismitgliederversammlung der Gr\u00fcnen Wiesbaden: \u00dcberraschung f\u00fcr unser 600. Mitglied! - B\u00dcNDNIS 90\/DIE GR\u00dcNEN Wiesbaden","robots":{"index":"index","follow":"follow","max-snippet":"max-snippet:-1","max-image-preview":"max-image-preview:large","max-video-preview":"max-video-preview:-1"},"canonical":"https:\/\/gruene-wiesbaden.de\/sl\/600-mitglied\/","og_locale":"sl_SI","og_type":"article","og_title":"Kreismitgliederversammlung der Gr\u00fcnen Wiesbaden: \u00dcberraschung f\u00fcr unser 600. Mitglied! - B\u00dcNDNIS 90\/DIE GR\u00dcNEN Wiesbaden","og_url":"https:\/\/gruene-wiesbaden.de\/sl\/600-mitglied\/","og_site_name":"B\u00dcNDNIS 90\/DIE GR\u00dcNEN Wiesbaden","article_publisher":"https:\/\/www.facebook.com\/gruene.wi","article_published_time":"2024-12-11T12:00:20+00:00","article_modified_time":"2025-06-16T20:55:40+00:00","og_image":[{"width":600,"height":467,"url":"https:\/\/gruene-wiesbaden.de\/wp-content\/uploads\/2025\/03\/Bildschirmfoto-2025-06-16-um-22.54.40-600x467.png","type":"image\/png"}],"author":"admin","twitter_card":"summary_large_image","twitter_misc":{"Written by":"admin","Est. reading time":"2 minutes"},"schema":{"@context":"https:\/\/schema.org","@graph":[{"@type":"Article","@id":"https:\/\/gruene-wiesbaden.de\/600-mitglied\/#article","isPartOf":{"@id":"https:\/\/gruene-wiesbaden.de\/600-mitglied\/"},"author":{"name":"admin","@id":"https:\/\/gruene-wiesbaden.de\/#\/schema\/person\/6785c34779159cd4fd86886bb097afe9"},"headline":"Kreismitgliederversammlung der Gr\u00fcnen Wiesbaden: \u00dcberraschung f\u00fcr unser 600. Mitglied!","datePublished":"2024-12-11T12:00:20+00:00","dateModified":"2025-06-16T20:55:40+00:00","mainEntityOfPage":{"@id":"https:\/\/gruene-wiesbaden.de\/600-mitglied\/"},"wordCount":227,"publisher":{"@id":"https:\/\/gruene-wiesbaden.de\/#organization"},"image":{"@id":"https:\/\/gruene-wiesbaden.de\/600-mitglied\/#primaryimage"},"thumbnailUrl":"https:\/\/gruene-wiesbaden.de\/wp-content\/uploads\/2025\/03\/Bildschirmfoto-2025-06-16-um-22.54.40.png","articleSection":["Mitglieder"],"inLanguage":"sl-SI"},{"@type":"WebPage","@id":"https:\/\/gruene-wiesbaden.de\/600-mitglied\/","url":"https:\/\/gruene-wiesbaden.de\/600-mitglied\/","name":"Kreismitgliederversammlung der Gr\u00fcnen Wiesbaden: \u00dcberraschung f\u00fcr unser 600. Mitglied! - B\u00dcNDNIS 90\/DIE GR\u00dcNEN Wiesbaden","isPartOf":{"@id":"https:\/\/gruene-wiesbaden.de\/#website"},"primaryImageOfPage":{"@id":"https:\/\/gruene-wiesbaden.de\/600-mitglied\/#primaryimage"},"image":{"@id":"https:\/\/gruene-wiesbaden.de\/600-mitglied\/#primaryimage"},"thumbnailUrl":"https:\/\/gruene-wiesbaden.de\/wp-content\/uploads\/2025\/03\/Bildschirmfoto-2025-06-16-um-22.54.40.png","datePublished":"2024-12-11T12:00:20+00:00","dateModified":"2025-06-16T20:55:40+00:00","breadcrumb":{"@id":"https:\/\/gruene-wiesbaden.de\/600-mitglied\/#breadcrumb"},"inLanguage":"sl-SI","potentialAction":[{"@type":"ReadAction","target":["https:\/\/gruene-wiesbaden.de\/600-mitglied\/"]}]},{"@type":"ImageObject","inLanguage":"sl-SI","@id":"https:\/\/gruene-wiesbaden.de\/600-mitglied\/#primaryimage","url":"https:\/\/gruene-wiesbaden.de\/wp-content\/uploads\/2025\/03\/Bildschirmfoto-2025-06-16-um-22.54.40.png","contentUrl":"https:\/\/gruene-wiesbaden.de\/wp-content\/uploads\/2025\/03\/Bildschirmfoto-2025-06-16-um-22.54.40.png","width":1756,"height":1368},{"@type":"BreadcrumbList","@id":"https:\/\/gruene-wiesbaden.de\/600-mitglied\/#breadcrumb","itemListElement":[{"@type":"ListItem","position":1,"name":"Startseite","item":"https:\/\/gruene-wiesbaden.de\/"},{"@type":"ListItem","position":2,"name":"Kreismitgliederversammlung der Gr\u00fcnen Wiesbaden: \u00dcberraschung f\u00fcr unser 600. Mitglied!"}]},{"@type":"WebSite","@id":"https:\/\/gruene-wiesbaden.de\/#website","url":"https:\/\/gruene-wiesbaden.de\/","name":"DIE GR\u00dcNEN Wiesbaden","description":"","publisher":{"@id":"https:\/\/gruene-wiesbaden.de\/#organization"},"potentialAction":[{"@type":"SearchAction","target":{"@type":"EntryPoint","urlTemplate":"https:\/\/gruene-wiesbaden.de\/?s={search_term_string}"},"query-input":{"@type":"PropertyValueSpecification","valueRequired":true,"valueName":"search_term_string"}}],"inLanguage":"sl-SI"},{"@type":"Organization","@id":"https:\/\/gruene-wiesbaden.de\/#organization","name":"DIE GR\u00dcNEN Wiesbaden","url":"https:\/\/gruene-wiesbaden.de\/","logo":{"@type":"ImageObject","inLanguage":"sl-SI","@id":"https:\/\/gruene-wiesbaden.de\/#\/schema\/logo\/image\/","url":"https:\/\/gruene-wiesbaden-fuer-europa.de\/wp-content\/uploads\/2024\/04\/Machen-was-zaehlt-5.png","contentUrl":"https:\/\/gruene-wiesbaden-fuer-europa.de\/wp-content\/uploads\/2024\/04\/Machen-was-zaehlt-5.png","width":1772,"height":1772,"caption":"DIE GR\u00dcNEN Wiesbaden"},"image":{"@id":"https:\/\/gruene-wiesbaden.de\/#\/schema\/logo\/image\/"},"sameAs":["https:\/\/www.facebook.com\/gruene.wi","https:\/\/instagram.com\/gruene_wi"]},{"@type":"Person","@id":"https:\/\/gruene-wiesbaden.de\/#\/schema\/person\/6785c34779159cd4fd86886bb097afe9","name":"admin","sameAs":["http:\/\/gruene-wiesbaden-fuer-europa.de"],"url":"https:\/\/gruene-wiesbaden.de\/sl\/author\/admin\/"}]}},"_links":{"self":[{"href":"https:\/\/gruene-wiesbaden.de\/sl\/wp-json\/wp\/v2\/posts\/876","targetHints":{"allow":["GET"]}}],"collection":[{"href":"https:\/\/gruene-wiesbaden.de\/sl\/wp-json\/wp\/v2\/posts"}],"about":[{"href":"https:\/\/gruene-wiesbaden.de\/sl\/wp-json\/wp\/v2\/types\/post"}],"author":[{"embeddable":true,"href":"https:\/\/gruene-wiesbaden.de\/sl\/wp-json\/wp\/v2\/users\/1"}],"replies":[{"embeddable":true,"href":"https:\/\/gruene-wiesbaden.de\/sl\/wp-json\/wp\/v2\/comments?post=876"}],"version-history":[{"count":3,"href":"https:\/\/gruene-wiesbaden.de\/sl\/wp-json\/wp\/v2\/posts\/876\/revisions"}],"predecessor-version":[{"id":924,"href":"https:\/\/gruene-wiesbaden.de\/sl\/wp-json\/wp\/v2\/posts\/876\/revisions\/924"}],"wp:featuredmedia":[{"embeddable":true,"href":"https:\/\/gruene-wiesbaden.de\/sl\/wp-json\/wp\/v2\/media\/923"}],"wp:attachment":[{"href":"https:\/\/gruene-wiesbaden.de\/sl\/wp-json\/wp\/v2\/media?parent=876"}],"wp:term":[{"taxonomy":"category","embeddable":true,"href":"https:\/\/gruene-wiesbaden.de\/sl\/wp-json\/wp\/v2\/categories?post=876"},{"taxonomy":"post_tag","embeddable":true,"href":"https:\/\/gruene-wiesbaden.de\/sl\/wp-json\/wp\/v2\/tags?post=876"}],"curies":[{"name":"wp","href":"https:\/\/api.w.org\/{rel}","templated":true}]}}