{"id":1359,"date":"2025-11-10T00:15:14","date_gmt":"2025-11-09T22:15:14","guid":{"rendered":"https:\/\/gruene-wiesbaden.de\/?p=1359"},"modified":"2026-04-09T10:34:43","modified_gmt":"2026-04-09T08:34:43","slug":"zivilgesellschaftliches-engagement-und-demokratiefoerderung","status":"publish","type":"post","link":"https:\/\/gruene-wiesbaden.de\/sl\/zivilgesellschaftliches-engagement-und-demokratiefoerderung\/","title":{"rendered":"Sodelovanje civilne dru\u017ebe in spodbujanje demokracije"},"content":{"rendered":"<section class=\"l-section wpb_row height_medium with_img\"><div class=\"l-section-img\" role=\"img\" data-img-width=\"1080\" data-img-height=\"800\" style=\"background-image: url(https:\/\/gruene-wiesbaden.de\/wp-content\/uploads\/2025\/11\/neuer-Verlauf-gruene-wiesbaden.de_-2-e1762709402177.png);\"><\/div><div class=\"l-section-overlay\" style=\"background:var(--color-header-top-transparent-bg)\"><\/div><div class=\"l-section-h i-cf\"><div class=\"g-cols vc_row via_grid cols_1 laptops-cols_inherit tablets-cols_inherit mobiles-cols_1 valign_top type_default stacking_default\"><div class=\"wpb_column vc_column_container\"><div class=\"vc_column-inner\"><h1 class=\"w-post-elm post_title us_custom_a574d586 has_text_color entry-title\">Sodelovanje civilne dru\u017ebe in spodbujanje demokracije<\/h1><div class=\"w-separator size_medium\"><\/div><div class=\"g-cols wpb_row via_grid cols_2-1 laptops-cols_inherit tablets-cols_inherit mobiles-cols_1 valign_top type_default stacking_default\" style=\"--columns-gap:3rem;\"><div class=\"wpb_column vc_column_container\"><div class=\"vc_column-inner\"><div class=\"wpb_text_column us_custom_8b3d6790 has_text_color\"><div class=\"wpb_wrapper\"><p><span style=\"font-weight: 400;\">Mo\u017enost sodelovanja pri razvoju lastne skupnosti, bodisi prek oblik udele\u017ebe dr\u017eavljanov, skupnega izvajanja projektov v okro\u017eju ali dobrodelnega prostovoljnega dela v zdru\u017eenjih, pobudah ali fundacijah, krepi ob\u010dutek skupnosti, odpravlja ovire, zdru\u017euje ljudi, pove\u010duje identifikacijo s skupnostjo in je eden naju\u010dinkovitej\u0161ih ukrepov proti sovra\u0161tvu, sovra\u017enemu govoru, nestrpnosti in izklju\u010denosti.<\/span><\/p>\n<p><span style=\"font-weight: 400;\">Zlasti ob\u010dinska politika ima pri tem posebno odgovornost: Ustvarja okvirne pogoje, v katerih lahko sodelovanje civilne dru\u017ebe uspeva, odpira prostore za dialog in sre\u010danja ter zagotavlja, da so lahko dr\u017eavljani neposredno u\u010dinkoviti pri svojih zamislih, pomislekih ter znanjih in spretnostih.<\/span><\/p>\n<\/div><\/div><div class=\"w-separator size_medium\"><\/div><div class=\"w-btn-wrapper align_left\"><a class=\"w-btn us-btn-style_8 icon_atleft\" href=\"https:\/\/gruene-wiesbaden.de\/sl\/kommunalwahl\/#Kapitel2\"><i class=\"fas fa-chevron-circle-right\"><\/i><span class=\"w-btn-label\">Nazaj na pregled<\/span><\/a><\/div><\/div><\/div><div class=\"wpb_column vc_column_container\"><div class=\"vc_column-inner\"><div class=\"w-image align_center\"><div class=\"w-image-h\"><img decoding=\"async\" width=\"750\" height=\"750\" src=\"https:\/\/gruene-wiesbaden.de\/wp-content\/uploads\/2025\/11\/2.6-Zivilgesellschaftliches-Engagement-1.jpg\" class=\"attachment-full size-full\" alt=\"\" loading=\"lazy\" srcset=\"https:\/\/gruene-wiesbaden.de\/wp-content\/uploads\/2025\/11\/2.6-Zivilgesellschaftliches-Engagement-1.jpg 750w, https:\/\/gruene-wiesbaden.de\/wp-content\/uploads\/2025\/11\/2.6-Zivilgesellschaftliches-Engagement-1-400x400.jpg 400w, https:\/\/gruene-wiesbaden.de\/wp-content\/uploads\/2025\/11\/2.6-Zivilgesellschaftliches-Engagement-1-600x600.jpg 600w, https:\/\/gruene-wiesbaden.de\/wp-content\/uploads\/2025\/11\/2.6-Zivilgesellschaftliches-Engagement-1-150x150.jpg 150w\" sizes=\"auto, (max-width: 750px) 100vw, 750px\" \/><\/div><\/div><div class=\"w-separator size_small\"><\/div><\/div><\/div><\/div><div class=\"w-separator size_medium\"><\/div><div class=\"w-separator size_medium\"><\/div><div class=\"wpb_text_column\"><div class=\"wpb_wrapper\"><h1>Kaj nam pomenita anga\u017eiranost civilne dru\u017ebe in spodbujanje demokracije<\/h1>\n<\/div><\/div><div class=\"w-separator size_large\"><\/div><div class=\"g-cols wpb_row via_grid cols_3 laptops-cols_inherit tablets-cols_inherit mobiles-cols_1 valign_top type_default stacking_default\" style=\"--columns-gap:3rem;\"><div class=\"wpb_column vc_column_container\"><div class=\"vc_column-inner\"><div class=\"w-iconbox us_custom_8b3d6790 has_text_color iconpos_left style_default color_custom align_left\"><div class=\"w-iconbox-icon\" style=\"font-size:2rem;--icon-color:#Ffffff;--icon-bg-color:var(--color-header-middle-bg);\"><i class=\"fas fa-layer-group\"><\/i><\/div><div class=\"w-iconbox-meta\"><h4 class=\"w-iconbox-title\" style=\"font-size:1.5rem;\">Sodelovanje civilne dru\u017ebe spodbuja sre\u010danja in gradi mostove<\/h4><div class=\"w-iconbox-text\"><p><span style=\"font-weight: 400;\">Tisti, ki delajo skupaj, rastejo skupaj. To ustvarja bli\u017eino, medsebojno razumevanje in spodbuja vzajemno sprejemanje. To pa spodbuja raznolikost, vklju\u010devanje in vklju\u010devanje.<\/span><\/p>\n<\/div><\/div><\/div><\/div><\/div><div class=\"wpb_column vc_column_container\"><div class=\"vc_column-inner\"><div class=\"w-iconbox us_custom_8b3d6790 has_text_color iconpos_left style_default color_custom align_left\"><div class=\"w-iconbox-icon\" style=\"font-size:2rem;--icon-color:#Ffffff;--icon-bg-color:var(--color-header-transparent-text);\"><i class=\"fas fa-layer-group\"><\/i><\/div><div class=\"w-iconbox-meta\"><h4 class=\"w-iconbox-title\" style=\"font-size:1.5rem;\">Sodelovanje mestne dru\u017ebe krepi demokracijo<\/h4><div class=\"w-iconbox-text\"><p><span style=\"font-weight: 400;\">Procesi participacije v mestni dru\u017ebi spodbujajo participacijo in ustvarjalno mo\u010d. To krepi demokrati\u010dne strukture, ustvarja politi\u010dno razo\u010daranje, krepi vpliv dr\u017eavljanov in vodi k ve\u010djemu sprejemanju politi\u010dnih odlo\u010ditev.<\/span><\/p>\n<\/div><\/div><\/div><\/div><\/div><div class=\"wpb_column vc_column_container\"><div class=\"vc_column-inner\"><div class=\"w-iconbox us_custom_8b3d6790 has_text_color iconpos_left style_default color_custom align_left\"><div class=\"w-iconbox-icon\" style=\"font-size:2rem;--icon-color:#Ffffff;--icon-bg-color:var(--color-header-transparent-text);\"><i class=\"fas fa-layer-group\"><\/i><\/div><div class=\"w-iconbox-meta\"><h4 class=\"w-iconbox-title\" style=\"font-size:1.5rem;\">Zaveza spodbuja udele\u017ebo<\/h4><div class=\"w-iconbox-text\"><p><span style=\"font-weight: 400;\">Tisti, ki se vklju\u010dijo, hitro najdejo povezave, oblikujejo vezi, oblikujejo prijateljstva in tako izkusijo u\u010dinkovitost lastne zavezanosti. To pove\u010duje identifikacijo z ob\u010dino, \u0161iri obzorja, naredi demokrati\u010dne pogajalske procese in lastne oblikovalske mo\u017enosti oprijemljive.<\/span><\/p>\n<\/div><\/div><\/div><\/div><\/div><\/div><div class=\"w-separator size_medium\"><\/div><div class=\"w-separator size_medium\"><\/div><div class=\"w-btn-wrapper align_left\"><a class=\"w-btn us-btn-style_8 icon_atleft\" href=\"https:\/\/gruene-wiesbaden.de\/sl\/kommunalwahl\/#Kapitel2\"><i class=\"fas fa-chevron-circle-right\"><\/i><span class=\"w-btn-label\">Nazaj na pregled<\/span><\/a><\/div><div class=\"w-separator size_medium\"><\/div><\/div><\/div><\/div><\/div><\/section><section class=\"l-section wpb_row height_auto with_img\"><div class=\"l-section-img\" role=\"img\" data-img-width=\"750\" data-img-height=\"750\" style=\"background-image: url(https:\/\/gruene-wiesbaden.de\/wp-content\/uploads\/2025\/11\/2.6-Zivilgesellschaftliches-Engagement-1.jpg);background-repeat: no-repeat;\"><\/div><div class=\"l-section-overlay\" style=\"background:var(--color-header-top-transparent-bg)\"><\/div><div class=\"l-section-h i-cf\"><div class=\"g-cols vc_row via_grid cols_1 laptops-cols_inherit tablets-cols_inherit mobiles-cols_1 valign_middle type_default stacking_default\" style=\"--columns-gap:1rem;\"><div class=\"wpb_column vc_column_container\"><div class=\"vc_column-inner\"><div class=\"w-separator size_large\"><\/div><div class=\"wpb_text_column background_inside_text\"><div class=\"wpb_wrapper\"><h1>Kaj \u017eelimo konkretno storiti na tem podro\u010dju<\/h1>\n<\/div><\/div><div class=\"w-separator size_medium\"><\/div><div class=\"w-tabs us_custom_42d693a0 has_text_color style_default switch_click accordion has_scrolling\" style=\"--sections-title-size:1.4rem\"><div class=\"w-tabs-sections titles-align_none icon_chevron cpos_right\"><div class=\"w-tabs-section has_text_color\" id=\"ff39\" style=\"background:var(--color-header-transparent-text);color:var(--color-header-top-text-hover);\"><button class=\"w-tabs-section-header\" aria-controls=\"content-ff39\" aria-expanded=\"false\"><div class=\"w-tabs-section-title\">Dr\u017eavljanska vzgoja za aktiviranje civilne dru\u017ebe<\/div><div class=\"w-tabs-section-control\"><\/div><\/button><div  class=\"w-tabs-section-content\" id=\"content-ff39\"><div class=\"w-tabs-section-content-h i-cf\"><div class=\"wpb_text_column\"><div class=\"wpb_wrapper\"><p><span style=\"font-weight: 400;\">Demokracija se krepi z udele\u017ebo. Samo dejavna in kriti\u010dna civilna dru\u017eba ima mo\u010d, da brani demokracijo pred desni\u010darskimi silami, ki jo \u017eelijo uni\u010diti. V Wiesbadnu, svetu za begunce ali svetovalnem odboru za tujce: Wiesbaden ima veliko \u0161tevilo zdru\u017eenj, pobud in institucij, ki so zavezane odprti in raznoliki dru\u017ebi. Te strukture \u017eelimo ohraniti in jih za\u0161\u010dititi pred pravnim vme\u0161avanjem. Tudi v te\u017ekih prora\u010dunskih razmerah.<\/span><\/p>\n<\/div><\/div><\/div><\/div><\/div><div class=\"w-tabs-section has_text_color\" id=\"l055\" style=\"background:var(--color-header-transparent-text);color:var(--color-header-top-text-hover);\"><button class=\"w-tabs-section-header\" aria-controls=\"content-l055\" aria-expanded=\"false\"><div class=\"w-tabs-section-title\">Letni \"teden demokracije\" v spreminjajo\u010dih se okro\u017ejih<\/div><div class=\"w-tabs-section-control\"><\/div><\/button><div  class=\"w-tabs-section-content\" id=\"content-l055\"><div class=\"w-tabs-section-content-h i-cf\"><div class=\"wpb_text_column\"><div class=\"wpb_wrapper\"><p><span style=\"font-weight: 400;\">\u010ceprav temeljni demokrati\u010dni red, vklju\u010dno s temeljnimi pravicami, dejansko pomembno vpliva na vsakdanje \u017eivljenje prebivalcev Wiesbadna, se konkretna zavest o tem zmanj\u0161uje. Da bi demokracija spet postala oprijemljiva in oprijemljiva, \u017eelimo konkretno prenesti, kaj demokracija je in kaj po\u010dne vsak teden na delavnicah, branjih, nogometnih tekmah, prireditvah iger na sre\u010do in podobno. Pilotni projekt ali model je prvi Klarenthalov teden demokracije, ki bo potekal od 22. do 26. septembra 2025.<\/span><\/p>\n<\/div><\/div><\/div><\/div><\/div><div class=\"w-tabs-section has_text_color\" id=\"n16b\" style=\"background:var(--color-header-transparent-text);color:var(--color-header-top-text-hover);\"><button class=\"w-tabs-section-header\" aria-controls=\"content-n16b\" aria-expanded=\"false\"><div class=\"w-tabs-section-title\">Krepitev partnerstev med mesti<\/div><div class=\"w-tabs-section-control\"><\/div><\/button><div  class=\"w-tabs-section-content\" id=\"content-n16b\"><div class=\"w-tabs-section-content-h i-cf\"><div class=\"wpb_text_column\"><div class=\"wpb_wrapper\"><p><span style=\"font-weight: 400;\">Wiesbaden je Rainbow City, evropsko mesto, v zavezni\u0161tvu NExT in sodeluje v zvezni mre\u017ei DemocracyLife. Partnerskim zdru\u017eenjem \u017eelimo zagotoviti ve\u010d podpore, da bi \u0161e naprej spodbujali izmenjavo in krepitev demokrati\u010dnih vrednot. To velja tudi ob upo\u0161tevanju dejstva, da obstajajo partnerska mesta, v katerih so demokrati\u010dne vrednote in \u017eiva raznolikost vse bolj pod pritiskom, na primer v Istanbulu ali G\u00f6rlitzu.<\/span><\/p>\n<\/div><\/div><\/div><\/div><\/div><div class=\"w-tabs-section has_text_color\" id=\"i287\" style=\"background:var(--color-header-middle-bg);color:var(--color-content-heading);\"><button class=\"w-tabs-section-header\" aria-controls=\"content-i287\" aria-expanded=\"false\"><div class=\"w-tabs-section-title\">Pilotni projekt Sveta dr\u017eavljanov<\/div><div class=\"w-tabs-section-control\"><\/div><\/button><div  class=\"w-tabs-section-content\" id=\"content-i287\"><div class=\"w-tabs-section-content-h i-cf\"><div class=\"wpb_text_column\"><div class=\"wpb_wrapper\"><p><span style=\"font-weight: 400;\">Pomembni prebivalci Wiesbadna, zlasti mladi in ljudje z migrantskim ozadjem, imajo trenutno \u0161e vedno razmeroma malo dostopa do \u017ee obstoje\u010dih prilo\u017enosti za udele\u017ebo dr\u017eavljanov, kot so lokalni sveti, svetovalni odbor starej\u0161ih dr\u017eavljanov ali svetovalni odbor tujcev. Zato bi bilo treba omogo\u010diti nadaljnji dostop za dokon\u010danje tega sistema: dr\u017eavljanski svet. To se lahko skli\u010de v zvezi s pomembnimi temami za celotno mesto. Udele\u017eba je mogo\u010da za vse prebivalce Wiesbadna. Spodbujati \u017eelimo pilotni projekt za presku\u0161anje te oblike na ravni mesta.<\/span><\/p>\n<\/div><\/div><\/div><\/div><\/div><div class=\"w-tabs-section has_text_color\" id=\"f3ae\" style=\"background:var(--color-header-transparent-text);color:var(--color-header-top-text-hover);\"><button class=\"w-tabs-section-header\" aria-controls=\"content-f3ae\" aria-expanded=\"false\"><div class=\"w-tabs-section-title\">Okrepitev sodelovanja<\/div><div class=\"w-tabs-section-control\"><\/div><\/button><div  class=\"w-tabs-section-content\" id=\"content-f3ae\"><div class=\"w-tabs-section-content-h i-cf\"><div class=\"wpb_text_column\"><div class=\"wpb_wrapper\"><p><span style=\"font-weight: 400;\">Izdelujemo obstoje\u010de formate, kot so <\/span><i><span style=\"font-weight: 400;\">Wiesbaden \u0161e vedno dela <\/span><\/i><span style=\"font-weight: 400;\">Dosledno razvijati in razvijati nove instrumente digitalne udele\u017ebe. Tako je soustvarjanje la\u017eje, preglednej\u0161e in privla\u010dnej\u0161e. Dr\u017eavljani imajo ve\u010dji vpliv na projekte v svojem mestu \u2013 od urbanisti\u010dnega na\u010drtovanja in kulture do varstva okolja in podnebja. S hibridnimi ponudbami (na kraju samem in digitalnimi) \u017eelimo nagovoriti zlasti mlade in skupine, ki \u0161e niso bile dose\u017eene. Wiesbaden tako postane mesto, v katerem je sodelovanje samoumevno in se odlo\u010ditve sprejemajo skupaj.<\/span><\/p>\n<\/div><\/div><\/div><\/div><\/div><div class=\"w-tabs-section has_text_color\" id=\"g4c3\" style=\"background:var(--color-header-middle-bg);color:var(--color-header-middle-text);\"><button class=\"w-tabs-section-header\" aria-controls=\"content-g4c3\" aria-expanded=\"false\"><div class=\"w-tabs-section-title\">Ohranjanje in krepitev obstoje\u010dih struktur<\/div><div class=\"w-tabs-section-control\"><\/div><\/button><div  class=\"w-tabs-section-content\" id=\"content-g4c3\"><div class=\"w-tabs-section-content-h i-cf\"><div class=\"wpb_text_column\"><div class=\"wpb_wrapper\"><p><span style=\"font-weight: 400;\">Wiesbaden je zgradil \u0161iroko infrastrukturo s centrom prostovoljcev, fundacijo Wiesbaden, storitvenim centrom za zdru\u017eenja ali B\u00fcrgerkollegom. To ne le uvaja ljudi v dobrodelno delo in \u0161tevilne aktivne pobude in zdru\u017eenja, temve\u010d tudi kvalificira ljudi na najrazli\u010dnej\u0161ih podro\u010djih, da lahko delajo prostovoljno. Zlasti v \u010dasu napetih gospodinjstev tega obstoje\u010dega omre\u017eja ne smemo napadati, temve\u010d ga moramo v prihodnosti raz\u0161iriti.<\/span><\/p>\n<\/div><\/div><\/div><\/div><\/div><div class=\"w-tabs-section has_text_color\" id=\"d5da\" style=\"background:var(--color-header-transparent-text);color:var(--color-header-top-text-hover);\"><button class=\"w-tabs-section-header\" aria-controls=\"content-d5da\" aria-expanded=\"false\"><div class=\"w-tabs-section-title\">Zaveza potrebuje mlade talente<\/div><div class=\"w-tabs-section-control\"><\/div><\/button><div  class=\"w-tabs-section-content\" id=\"content-d5da\"><div class=\"w-tabs-section-content-h i-cf\"><div class=\"wpb_text_column\"><div class=\"wpb_wrapper\"><p><span style=\"font-weight: 400;\">Da bi zagotovili, da bodo ljudje \u0161e naprej vklju\u010deni v na\u0161o skupnost, \u017eelimo podpreti ukrepe, ki mlade navdihujejo k ve\u010dji vklju\u010denosti. Zato je treba \u0161e naprej spodbujati programe, kot so Mladi in predani, ali institucije, kot sta Mladinski informacijski center (JIZ) ali Mladinski parlament, da bodo mladi lahko sodelovali in se zavzemali zanje. Poleg tega \u017eelimo podpreti ukrepe, ki pove\u010dujejo spo\u0161tovanje ljudi, ki opravljajo prostovoljno delo. Zato \u017eelimo izbolj\u0161ati prepoznavnost kartice prostovoljstva in enkrat letno uvesti zahvalno zabavo za prostovoljce.<\/span><\/p>\n<\/div><\/div><\/div><\/div><\/div><\/div><\/div><div class=\"w-separator size_medium\"><\/div><div class=\"w-btn-wrapper align_left\"><a class=\"w-btn us-btn-style_8 icon_atleft\" href=\"https:\/\/gruene-wiesbaden.de\/sl\/kommunalwahl\/#Kapitel2\"><i class=\"fas fa-chevron-circle-right\"><\/i><span class=\"w-btn-label\">Nazaj na pregled<\/span><\/a><\/div><div class=\"w-separator size_large\"><\/div><div class=\"wpb_text_column\"><div class=\"wpb_wrapper\"><h1>Kaj smo \u017ee dosegli<\/h1>\n<\/div><\/div><div class=\"w-separator size_medium\"><\/div><div class=\"w-tabs us_custom_42d693a0 has_text_color style_default switch_click accordion has_scrolling\" style=\"--sections-title-size:1.4rem\"><div class=\"w-tabs-sections titles-align_none icon_chevron cpos_right\"><div class=\"w-tabs-section has_text_color\" id=\"p5c7\" style=\"background:var(--color-header-transparent-text);color:var(--color-header-top-text-hover);\"><button class=\"w-tabs-section-header\" aria-controls=\"content-p5c7\" aria-expanded=\"false\"><div class=\"w-tabs-section-title\">Dein.Wiesbaden postane Wiesbaden<\/div><div class=\"w-tabs-section-control\"><\/div><\/button><div  class=\"w-tabs-section-content\" id=\"content-p5c7\"><div class=\"w-tabs-section-content-h i-cf\"><div class=\"wpb_text_column\"><div class=\"wpb_wrapper\"><p><span style=\"font-weight: 400;\">Spletna stran je bila ponovno vzpostavljena. Izvedene so bile pomembne prilo\u017enosti za izbolj\u0161ave, zlasti v smislu prilo\u017enosti za digitalno udele\u017ebo. Tako lahko ve\u010d dr\u017eavljanov dejavno sodeluje, predlo\u017ei zamisli in sodeluje v razpravah, kar koristi demokraciji in razvoju mest.<\/span><\/p>\n<\/div><\/div><\/div><\/div><\/div><div class=\"w-tabs-section has_text_color\" id=\"a6eb\" style=\"background:var(--color-header-transparent-text);color:var(--color-header-top-text-hover);\"><button class=\"w-tabs-section-header\" aria-controls=\"content-a6eb\" aria-expanded=\"false\"><div class=\"w-tabs-section-title\">Omre\u017eje PiWI \/ Wiesbaden<\/div><div class=\"w-tabs-section-control\"><\/div><\/button><div  class=\"w-tabs-section-content\" id=\"content-a6eb\"><div class=\"w-tabs-section-content-h i-cf\"><div class=\"wpb_text_column\"><div class=\"wpb_wrapper\"><p><span style=\"font-weight: 400;\">S prikazom vseh predlog sej na <\/span><i><span style=\"font-weight: 400;\">Dejanja v Wiesbadnu<\/span><\/i><span style=\"font-weight: 400;\"> Vzpostavljena je bila ve\u010dja preglednost, platforma za sodelovanje pa je bila nadgrajena.<\/span><\/p>\n<\/div><\/div><\/div><\/div><\/div><div class=\"w-tabs-section has_text_color\" id=\"h7fe\" style=\"background:var(--color-header-transparent-text);color:var(--color-header-top-text-hover);\"><button class=\"w-tabs-section-header\" aria-controls=\"content-h7fe\" aria-expanded=\"false\"><div class=\"w-tabs-section-title\">Redna izmenjava med upravo in politiko<\/div><div class=\"w-tabs-section-control\"><\/div><\/button><div  class=\"w-tabs-section-content\" id=\"content-h7fe\"><div class=\"w-tabs-section-content-h i-cf\"><div class=\"wpb_text_column\"><div class=\"wpb_wrapper\"><p><span style=\"font-weight: 400;\">\"Smernice za dr\u017eavljansko udele\u017ebo\" in proces udele\u017ebe se nenehno ocenjujeta in prilagajata v izmenjavi med upravo in politiko.<\/span><\/p>\n<\/div><\/div><\/div><\/div><\/div><div class=\"w-tabs-section has_text_color\" id=\"e913\" style=\"background:var(--color-header-middle-bg);color:var(--color-content-heading);\"><button class=\"w-tabs-section-header\" aria-controls=\"content-e913\" aria-expanded=\"false\"><div class=\"w-tabs-section-title\">Okrepite svojo kartico prostovoljstva<\/div><div class=\"w-tabs-section-control\"><\/div><\/button><div  class=\"w-tabs-section-content\" id=\"content-e913\"><div class=\"w-tabs-section-content-h i-cf\"><div class=\"wpb_text_column\"><div class=\"wpb_wrapper\"><p><span style=\"font-weight: 400;\">Sinergijski u\u010dinki naj bi se ustvarili z ve\u010d odnosi z javnostmi, prevzemom novih partnerskih podjetij in kombinacijo storitev na kartici Wiesbaden. Tukaj se je za\u010del proces. Uvedba enotnega zemljevida \u0161e ni kon\u010dana.<\/span><\/p>\n<\/div><\/div><\/div><\/div><\/div><div class=\"w-tabs-section has_text_color\" id=\"ja41\" style=\"background:var(--color-header-transparent-text);color:var(--color-header-top-text-hover);\"><button class=\"w-tabs-section-header\" aria-controls=\"content-ja41\" aria-expanded=\"false\"><div class=\"w-tabs-section-title\">Sve\u017eenj dobrodo\u0161lice<\/div><div class=\"w-tabs-section-control\"><\/div><\/button><div  class=\"w-tabs-section-content\" id=\"content-ja41\"><div class=\"w-tabs-section-content-h i-cf\"><div class=\"wpb_text_column\"><div class=\"wpb_wrapper\"><p><span style=\"font-weight: 400;\">Novi dr\u017eavljani v Wiesbadnu dobijo informacije o dostopu do prilo\u017enosti za prostovoljstvo. Ideja je \u017ee na poti. Uprava preverja izvajanje.<\/span><\/p>\n<\/div><\/div><\/div><\/div><\/div><\/div><\/div><div class=\"w-separator size_medium\"><\/div><div class=\"w-btn-wrapper align_left\"><a class=\"w-btn us-btn-style_8 icon_atleft\" href=\"https:\/\/gruene-wiesbaden.de\/sl\/kommunalwahl\/#Kapitel2\"><i class=\"fas fa-chevron-circle-right\"><\/i><span class=\"w-btn-label\">Nazaj na pregled<\/span><\/a><\/div><div class=\"w-separator size_large\"><\/div><\/div><\/div><\/div><\/div><\/section>","protected":false},"excerpt":{"rendered":"Sposobnost sodelovanja pri razvoju lastne skupnosti, pa naj bo to prek oblik udele\u017ebe dr\u017eavljanov, skupnega izvajanja projektov v okro\u017eju ali dobrodelnega prostovoljnega dela v zdru\u017eenjih, pobudah ali fundacijah, krepi ob\u010dutek skupnosti, odpravlja ovire, zdru\u017euje ljudi, pove\u010duje identifikacijo s skupnostjo in je ena izmed najbolj...","protected":false},"author":1,"featured_media":1490,"comment_status":"closed","ping_status":"closed","sticky":false,"template":"","format":"standard","meta":{"footnotes":""},"categories":[15],"tags":[],"class_list":["post-1359","post","type-post","status-publish","format-standard","has-post-thumbnail","hentry","category-kapitel-2"],"yoast_head":"<!-- This site is optimized with the Yoast SEO plugin v27.5 - https:\/\/yoast.com\/product\/yoast-seo-wordpress\/ -->\n<title>Zivilgesellschaftliches Engagement und Demokratief\u00f6rderung - B\u00dcNDNIS 90\/DIE GR\u00dcNEN Wiesbaden<\/title>\n<meta name=\"robots\" content=\"index, follow, max-snippet:-1, max-image-preview:large, max-video-preview:-1\" \/>\n<link rel=\"canonical\" href=\"https:\/\/gruene-wiesbaden.de\/sl\/zivilgesellschaftliches-engagement-und-demokratiefoerderung\/\" \/>\n<meta property=\"og:locale\" content=\"sl_SI\" \/>\n<meta property=\"og:type\" content=\"article\" \/>\n<meta property=\"og:title\" content=\"Zivilgesellschaftliches Engagement und Demokratief\u00f6rderung - B\u00dcNDNIS 90\/DIE GR\u00dcNEN Wiesbaden\" \/>\n<meta property=\"og:url\" content=\"https:\/\/gruene-wiesbaden.de\/sl\/zivilgesellschaftliches-engagement-und-demokratiefoerderung\/\" \/>\n<meta property=\"og:site_name\" content=\"B\u00dcNDNIS 90\/DIE GR\u00dcNEN Wiesbaden\" \/>\n<meta property=\"article:publisher\" content=\"https:\/\/www.facebook.com\/gruene.wi\" \/>\n<meta property=\"article:published_time\" content=\"2025-11-09T22:15:14+00:00\" \/>\n<meta property=\"article:modified_time\" content=\"2026-04-09T08:34:43+00:00\" \/>\n<meta property=\"og:image\" content=\"https:\/\/gruene-wiesbaden.de\/wp-content\/uploads\/2025\/11\/2.6-Zivilgesellschaftliches-Engagement-1.jpg\" \/>\n\t<meta property=\"og:image:width\" content=\"750\" \/>\n\t<meta property=\"og:image:height\" content=\"750\" \/>\n\t<meta property=\"og:image:type\" content=\"image\/jpeg\" \/>\n<meta name=\"author\" content=\"admin\" \/>\n<meta name=\"twitter:card\" content=\"summary_large_image\" \/>\n<meta name=\"twitter:label1\" content=\"Written by\" \/>\n\t<meta name=\"twitter:data1\" content=\"admin\" \/>\n\t<meta name=\"twitter:label2\" content=\"Est. reading time\" \/>\n\t<meta name=\"twitter:data2\" content=\"7 minutes\" \/>\n<script type=\"application\/ld+json\" class=\"yoast-schema-graph\">{\"@context\":\"https:\\\/\\\/schema.org\",\"@graph\":[{\"@type\":\"Article\",\"@id\":\"https:\\\/\\\/gruene-wiesbaden.de\\\/zivilgesellschaftliches-engagement-und-demokratiefoerderung\\\/#article\",\"isPartOf\":{\"@id\":\"https:\\\/\\\/gruene-wiesbaden.de\\\/zivilgesellschaftliches-engagement-und-demokratiefoerderung\\\/\"},\"author\":{\"name\":\"admin\",\"@id\":\"https:\\\/\\\/gruene-wiesbaden.de\\\/#\\\/schema\\\/person\\\/6785c34779159cd4fd86886bb097afe9\"},\"headline\":\"Zivilgesellschaftliches Engagement und Demokratief\u00f6rderung\",\"datePublished\":\"2025-11-09T22:15:14+00:00\",\"dateModified\":\"2026-04-09T08:34:43+00:00\",\"mainEntityOfPage\":{\"@id\":\"https:\\\/\\\/gruene-wiesbaden.de\\\/zivilgesellschaftliches-engagement-und-demokratiefoerderung\\\/\"},\"wordCount\":1885,\"publisher\":{\"@id\":\"https:\\\/\\\/gruene-wiesbaden.de\\\/#organization\"},\"image\":{\"@id\":\"https:\\\/\\\/gruene-wiesbaden.de\\\/zivilgesellschaftliches-engagement-und-demokratiefoerderung\\\/#primaryimage\"},\"thumbnailUrl\":\"https:\\\/\\\/gruene-wiesbaden.de\\\/wp-content\\\/uploads\\\/2025\\\/11\\\/2.6-Zivilgesellschaftliches-Engagement-1.jpg\",\"articleSection\":[\"Kapitel 2\"],\"inLanguage\":\"sl-SI\"},{\"@type\":\"WebPage\",\"@id\":\"https:\\\/\\\/gruene-wiesbaden.de\\\/zivilgesellschaftliches-engagement-und-demokratiefoerderung\\\/\",\"url\":\"https:\\\/\\\/gruene-wiesbaden.de\\\/zivilgesellschaftliches-engagement-und-demokratiefoerderung\\\/\",\"name\":\"Zivilgesellschaftliches Engagement und Demokratief\u00f6rderung - B\u00dcNDNIS 90\\\/DIE GR\u00dcNEN Wiesbaden\",\"isPartOf\":{\"@id\":\"https:\\\/\\\/gruene-wiesbaden.de\\\/#website\"},\"primaryImageOfPage\":{\"@id\":\"https:\\\/\\\/gruene-wiesbaden.de\\\/zivilgesellschaftliches-engagement-und-demokratiefoerderung\\\/#primaryimage\"},\"image\":{\"@id\":\"https:\\\/\\\/gruene-wiesbaden.de\\\/zivilgesellschaftliches-engagement-und-demokratiefoerderung\\\/#primaryimage\"},\"thumbnailUrl\":\"https:\\\/\\\/gruene-wiesbaden.de\\\/wp-content\\\/uploads\\\/2025\\\/11\\\/2.6-Zivilgesellschaftliches-Engagement-1.jpg\",\"datePublished\":\"2025-11-09T22:15:14+00:00\",\"dateModified\":\"2026-04-09T08:34:43+00:00\",\"breadcrumb\":{\"@id\":\"https:\\\/\\\/gruene-wiesbaden.de\\\/zivilgesellschaftliches-engagement-und-demokratiefoerderung\\\/#breadcrumb\"},\"inLanguage\":\"sl-SI\",\"potentialAction\":[{\"@type\":\"ReadAction\",\"target\":[\"https:\\\/\\\/gruene-wiesbaden.de\\\/zivilgesellschaftliches-engagement-und-demokratiefoerderung\\\/\"]}]},{\"@type\":\"ImageObject\",\"inLanguage\":\"sl-SI\",\"@id\":\"https:\\\/\\\/gruene-wiesbaden.de\\\/zivilgesellschaftliches-engagement-und-demokratiefoerderung\\\/#primaryimage\",\"url\":\"https:\\\/\\\/gruene-wiesbaden.de\\\/wp-content\\\/uploads\\\/2025\\\/11\\\/2.6-Zivilgesellschaftliches-Engagement-1.jpg\",\"contentUrl\":\"https:\\\/\\\/gruene-wiesbaden.de\\\/wp-content\\\/uploads\\\/2025\\\/11\\\/2.6-Zivilgesellschaftliches-Engagement-1.jpg\",\"width\":750,\"height\":750},{\"@type\":\"BreadcrumbList\",\"@id\":\"https:\\\/\\\/gruene-wiesbaden.de\\\/zivilgesellschaftliches-engagement-und-demokratiefoerderung\\\/#breadcrumb\",\"itemListElement\":[{\"@type\":\"ListItem\",\"position\":1,\"name\":\"Startseite\",\"item\":\"https:\\\/\\\/gruene-wiesbaden.de\\\/\"},{\"@type\":\"ListItem\",\"position\":2,\"name\":\"Zivilgesellschaftliches Engagement und Demokratief\u00f6rderung\"}]},{\"@type\":\"WebSite\",\"@id\":\"https:\\\/\\\/gruene-wiesbaden.de\\\/#website\",\"url\":\"https:\\\/\\\/gruene-wiesbaden.de\\\/\",\"name\":\"DIE GR\u00dcNEN Wiesbaden\",\"description\":\"\",\"publisher\":{\"@id\":\"https:\\\/\\\/gruene-wiesbaden.de\\\/#organization\"},\"potentialAction\":[{\"@type\":\"SearchAction\",\"target\":{\"@type\":\"EntryPoint\",\"urlTemplate\":\"https:\\\/\\\/gruene-wiesbaden.de\\\/?s={search_term_string}\"},\"query-input\":{\"@type\":\"PropertyValueSpecification\",\"valueRequired\":true,\"valueName\":\"search_term_string\"}}],\"inLanguage\":\"sl-SI\"},{\"@type\":\"Organization\",\"@id\":\"https:\\\/\\\/gruene-wiesbaden.de\\\/#organization\",\"name\":\"DIE GR\u00dcNEN Wiesbaden\",\"url\":\"https:\\\/\\\/gruene-wiesbaden.de\\\/\",\"logo\":{\"@type\":\"ImageObject\",\"inLanguage\":\"sl-SI\",\"@id\":\"https:\\\/\\\/gruene-wiesbaden.de\\\/#\\\/schema\\\/logo\\\/image\\\/\",\"url\":\"https:\\\/\\\/gruene-wiesbaden-fuer-europa.de\\\/wp-content\\\/uploads\\\/2024\\\/04\\\/Machen-was-zaehlt-5.png\",\"contentUrl\":\"https:\\\/\\\/gruene-wiesbaden-fuer-europa.de\\\/wp-content\\\/uploads\\\/2024\\\/04\\\/Machen-was-zaehlt-5.png\",\"width\":1772,\"height\":1772,\"caption\":\"DIE GR\u00dcNEN Wiesbaden\"},\"image\":{\"@id\":\"https:\\\/\\\/gruene-wiesbaden.de\\\/#\\\/schema\\\/logo\\\/image\\\/\"},\"sameAs\":[\"https:\\\/\\\/www.facebook.com\\\/gruene.wi\",\"https:\\\/\\\/instagram.com\\\/gruene_wi\"]},{\"@type\":\"Person\",\"@id\":\"https:\\\/\\\/gruene-wiesbaden.de\\\/#\\\/schema\\\/person\\\/6785c34779159cd4fd86886bb097afe9\",\"name\":\"admin\",\"sameAs\":[\"http:\\\/\\\/gruene-wiesbaden-fuer-europa.de\"],\"url\":\"https:\\\/\\\/gruene-wiesbaden.de\\\/sl\\\/author\\\/admin\\\/\"}]}<\/script>\n<!-- \/ Yoast SEO plugin. -->","yoast_head_json":{"title":"Zivilgesellschaftliches Engagement und Demokratief\u00f6rderung - B\u00dcNDNIS 90\/DIE GR\u00dcNEN Wiesbaden","robots":{"index":"index","follow":"follow","max-snippet":"max-snippet:-1","max-image-preview":"max-image-preview:large","max-video-preview":"max-video-preview:-1"},"canonical":"https:\/\/gruene-wiesbaden.de\/sl\/zivilgesellschaftliches-engagement-und-demokratiefoerderung\/","og_locale":"sl_SI","og_type":"article","og_title":"Zivilgesellschaftliches Engagement und Demokratief\u00f6rderung - B\u00dcNDNIS 90\/DIE GR\u00dcNEN Wiesbaden","og_url":"https:\/\/gruene-wiesbaden.de\/sl\/zivilgesellschaftliches-engagement-und-demokratiefoerderung\/","og_site_name":"B\u00dcNDNIS 90\/DIE GR\u00dcNEN Wiesbaden","article_publisher":"https:\/\/www.facebook.com\/gruene.wi","article_published_time":"2025-11-09T22:15:14+00:00","article_modified_time":"2026-04-09T08:34:43+00:00","og_image":[{"width":750,"height":750,"url":"https:\/\/gruene-wiesbaden.de\/wp-content\/uploads\/2025\/11\/2.6-Zivilgesellschaftliches-Engagement-1.jpg","type":"image\/jpeg"}],"author":"admin","twitter_card":"summary_large_image","twitter_misc":{"Written by":"admin","Est. reading time":"7 minutes"},"schema":{"@context":"https:\/\/schema.org","@graph":[{"@type":"Article","@id":"https:\/\/gruene-wiesbaden.de\/zivilgesellschaftliches-engagement-und-demokratiefoerderung\/#article","isPartOf":{"@id":"https:\/\/gruene-wiesbaden.de\/zivilgesellschaftliches-engagement-und-demokratiefoerderung\/"},"author":{"name":"admin","@id":"https:\/\/gruene-wiesbaden.de\/#\/schema\/person\/6785c34779159cd4fd86886bb097afe9"},"headline":"Zivilgesellschaftliches Engagement und Demokratief\u00f6rderung","datePublished":"2025-11-09T22:15:14+00:00","dateModified":"2026-04-09T08:34:43+00:00","mainEntityOfPage":{"@id":"https:\/\/gruene-wiesbaden.de\/zivilgesellschaftliches-engagement-und-demokratiefoerderung\/"},"wordCount":1885,"publisher":{"@id":"https:\/\/gruene-wiesbaden.de\/#organization"},"image":{"@id":"https:\/\/gruene-wiesbaden.de\/zivilgesellschaftliches-engagement-und-demokratiefoerderung\/#primaryimage"},"thumbnailUrl":"https:\/\/gruene-wiesbaden.de\/wp-content\/uploads\/2025\/11\/2.6-Zivilgesellschaftliches-Engagement-1.jpg","articleSection":["Kapitel 2"],"inLanguage":"sl-SI"},{"@type":"WebPage","@id":"https:\/\/gruene-wiesbaden.de\/zivilgesellschaftliches-engagement-und-demokratiefoerderung\/","url":"https:\/\/gruene-wiesbaden.de\/zivilgesellschaftliches-engagement-und-demokratiefoerderung\/","name":"Zivilgesellschaftliches Engagement und Demokratief\u00f6rderung - B\u00dcNDNIS 90\/DIE GR\u00dcNEN Wiesbaden","isPartOf":{"@id":"https:\/\/gruene-wiesbaden.de\/#website"},"primaryImageOfPage":{"@id":"https:\/\/gruene-wiesbaden.de\/zivilgesellschaftliches-engagement-und-demokratiefoerderung\/#primaryimage"},"image":{"@id":"https:\/\/gruene-wiesbaden.de\/zivilgesellschaftliches-engagement-und-demokratiefoerderung\/#primaryimage"},"thumbnailUrl":"https:\/\/gruene-wiesbaden.de\/wp-content\/uploads\/2025\/11\/2.6-Zivilgesellschaftliches-Engagement-1.jpg","datePublished":"2025-11-09T22:15:14+00:00","dateModified":"2026-04-09T08:34:43+00:00","breadcrumb":{"@id":"https:\/\/gruene-wiesbaden.de\/zivilgesellschaftliches-engagement-und-demokratiefoerderung\/#breadcrumb"},"inLanguage":"sl-SI","potentialAction":[{"@type":"ReadAction","target":["https:\/\/gruene-wiesbaden.de\/zivilgesellschaftliches-engagement-und-demokratiefoerderung\/"]}]},{"@type":"ImageObject","inLanguage":"sl-SI","@id":"https:\/\/gruene-wiesbaden.de\/zivilgesellschaftliches-engagement-und-demokratiefoerderung\/#primaryimage","url":"https:\/\/gruene-wiesbaden.de\/wp-content\/uploads\/2025\/11\/2.6-Zivilgesellschaftliches-Engagement-1.jpg","contentUrl":"https:\/\/gruene-wiesbaden.de\/wp-content\/uploads\/2025\/11\/2.6-Zivilgesellschaftliches-Engagement-1.jpg","width":750,"height":750},{"@type":"BreadcrumbList","@id":"https:\/\/gruene-wiesbaden.de\/zivilgesellschaftliches-engagement-und-demokratiefoerderung\/#breadcrumb","itemListElement":[{"@type":"ListItem","position":1,"name":"Startseite","item":"https:\/\/gruene-wiesbaden.de\/"},{"@type":"ListItem","position":2,"name":"Zivilgesellschaftliches Engagement und Demokratief\u00f6rderung"}]},{"@type":"WebSite","@id":"https:\/\/gruene-wiesbaden.de\/#website","url":"https:\/\/gruene-wiesbaden.de\/","name":"DIE GR\u00dcNEN Wiesbaden","description":"","publisher":{"@id":"https:\/\/gruene-wiesbaden.de\/#organization"},"potentialAction":[{"@type":"SearchAction","target":{"@type":"EntryPoint","urlTemplate":"https:\/\/gruene-wiesbaden.de\/?s={search_term_string}"},"query-input":{"@type":"PropertyValueSpecification","valueRequired":true,"valueName":"search_term_string"}}],"inLanguage":"sl-SI"},{"@type":"Organization","@id":"https:\/\/gruene-wiesbaden.de\/#organization","name":"DIE GR\u00dcNEN Wiesbaden","url":"https:\/\/gruene-wiesbaden.de\/","logo":{"@type":"ImageObject","inLanguage":"sl-SI","@id":"https:\/\/gruene-wiesbaden.de\/#\/schema\/logo\/image\/","url":"https:\/\/gruene-wiesbaden-fuer-europa.de\/wp-content\/uploads\/2024\/04\/Machen-was-zaehlt-5.png","contentUrl":"https:\/\/gruene-wiesbaden-fuer-europa.de\/wp-content\/uploads\/2024\/04\/Machen-was-zaehlt-5.png","width":1772,"height":1772,"caption":"DIE GR\u00dcNEN Wiesbaden"},"image":{"@id":"https:\/\/gruene-wiesbaden.de\/#\/schema\/logo\/image\/"},"sameAs":["https:\/\/www.facebook.com\/gruene.wi","https:\/\/instagram.com\/gruene_wi"]},{"@type":"Person","@id":"https:\/\/gruene-wiesbaden.de\/#\/schema\/person\/6785c34779159cd4fd86886bb097afe9","name":"admin","sameAs":["http:\/\/gruene-wiesbaden-fuer-europa.de"],"url":"https:\/\/gruene-wiesbaden.de\/sl\/author\/admin\/"}]}},"_links":{"self":[{"href":"https:\/\/gruene-wiesbaden.de\/sl\/wp-json\/wp\/v2\/posts\/1359","targetHints":{"allow":["GET"]}}],"collection":[{"href":"https:\/\/gruene-wiesbaden.de\/sl\/wp-json\/wp\/v2\/posts"}],"about":[{"href":"https:\/\/gruene-wiesbaden.de\/sl\/wp-json\/wp\/v2\/types\/post"}],"author":[{"embeddable":true,"href":"https:\/\/gruene-wiesbaden.de\/sl\/wp-json\/wp\/v2\/users\/1"}],"replies":[{"embeddable":true,"href":"https:\/\/gruene-wiesbaden.de\/sl\/wp-json\/wp\/v2\/comments?post=1359"}],"version-history":[{"count":7,"href":"https:\/\/gruene-wiesbaden.de\/sl\/wp-json\/wp\/v2\/posts\/1359\/revisions"}],"predecessor-version":[{"id":2394,"href":"https:\/\/gruene-wiesbaden.de\/sl\/wp-json\/wp\/v2\/posts\/1359\/revisions\/2394"}],"wp:featuredmedia":[{"embeddable":true,"href":"https:\/\/gruene-wiesbaden.de\/sl\/wp-json\/wp\/v2\/media\/1490"}],"wp:attachment":[{"href":"https:\/\/gruene-wiesbaden.de\/sl\/wp-json\/wp\/v2\/media?parent=1359"}],"wp:term":[{"taxonomy":"category","embeddable":true,"href":"https:\/\/gruene-wiesbaden.de\/sl\/wp-json\/wp\/v2\/categories?post=1359"},{"taxonomy":"post_tag","embeddable":true,"href":"https:\/\/gruene-wiesbaden.de\/sl\/wp-json\/wp\/v2\/tags?post=1359"}],"curies":[{"name":"wp","href":"https:\/\/api.w.org\/{rel}","templated":true}]}}