{"id":1357,"date":"2025-11-10T00:14:08","date_gmt":"2025-11-09T22:14:08","guid":{"rendered":"https:\/\/gruene-wiesbaden.de\/?p=1357"},"modified":"2026-04-09T10:33:03","modified_gmt":"2026-04-09T08:33:03","slug":"sicherheit-und-schutz-vor-gewalt","status":"publish","type":"post","link":"https:\/\/gruene-wiesbaden.de\/sl\/sicherheit-und-schutz-vor-gewalt\/","title":{"rendered":"Varnost in za\u0161\u010dita pred nasiljem"},"content":{"rendered":"<section class=\"l-section wpb_row height_medium with_img\"><div class=\"l-section-img\" role=\"img\" data-img-width=\"1080\" data-img-height=\"800\" style=\"background-image: url(https:\/\/gruene-wiesbaden.de\/wp-content\/uploads\/2025\/11\/neuer-Verlauf-gruene-wiesbaden.de_-2-e1762709402177.png);\"><\/div><div class=\"l-section-overlay\" style=\"background:var(--color-header-top-transparent-bg)\"><\/div><div class=\"l-section-h i-cf\"><div class=\"g-cols vc_row via_grid cols_1 laptops-cols_inherit tablets-cols_inherit mobiles-cols_1 valign_top type_default stacking_default\"><div class=\"wpb_column vc_column_container\"><div class=\"vc_column-inner\"><h1 class=\"w-post-elm post_title us_custom_a574d586 has_text_color entry-title\">Varnost in za\u0161\u010dita pred nasiljem<\/h1><div class=\"w-separator size_medium\"><\/div><div class=\"g-cols wpb_row via_grid cols_2-1 laptops-cols_inherit tablets-cols_inherit mobiles-cols_1 valign_top type_default stacking_default\" style=\"--columns-gap:3rem;\"><div class=\"wpb_column vc_column_container\"><div class=\"vc_column-inner\"><div class=\"wpb_text_column us_custom_8b3d6790 has_text_color\"><div class=\"wpb_wrapper\"><p><span style=\"font-weight: 400;\">\u017delimo, da se vsi v Wiesbadnu na poti domov, v \u0161oli ali na javnih mestih po\u010dutijo varne in brez diskriminacije in nasilja. Varnost pomeni za vsakogar nekaj druga\u010dnega, zato smo pozorni na perspektive ljudi, ki do\u017eivljajo diskriminacijo, sovra\u0161tvo ali izklju\u010denost. Za nas je zlasti pomembno, da okrepimo glasove, ki so pogosto spregledani: Ljudje, ki do\u017eivljajo rasisti\u010dne, antisemitske, anti-invalidne, seksisti\u010dne ali queer in transfobi\u010dne napade.<\/span><\/p>\n<p><span style=\"font-weight: 400;\">Za\u0161\u010dita se ne za\u010dne pri mestni policiji in uradu za javni red, temve\u010d z zaupanjem, dostopnimi kontaktnimi osebami, dobro zasnovanimi prostori in spo\u0161tljivim sobivanjem. Zavzemamo se za mesto, v katerem se \u017eivi raznolikost, prisluhne prizadetim ljudem in se dosledno bori proti nasilju \u2013 za varen in solidaren Wiesbaden.<\/span><\/p>\n<\/div><\/div><div class=\"w-separator size_medium\"><\/div><div class=\"w-btn-wrapper align_left\"><a class=\"w-btn us-btn-style_8 icon_atleft\" href=\"https:\/\/gruene-wiesbaden.de\/sl\/kommunalwahl\/#Kapitel2\"><i class=\"fas fa-chevron-circle-right\"><\/i><span class=\"w-btn-label\">Nazaj na pregled<\/span><\/a><\/div><\/div><\/div><div class=\"wpb_column vc_column_container\"><div class=\"vc_column-inner\"><div class=\"w-image align_center\"><div class=\"w-image-h\"><img decoding=\"async\" width=\"2048\" height=\"2560\" src=\"https:\/\/gruene-wiesbaden.de\/wp-content\/uploads\/2025\/11\/2.5-Sicherheit-und-Schutz-vor-Gewalt-scaled.jpg\" class=\"attachment-full size-full\" alt=\"\" loading=\"lazy\" srcset=\"https:\/\/gruene-wiesbaden.de\/wp-content\/uploads\/2025\/11\/2.5-Sicherheit-und-Schutz-vor-Gewalt-scaled.jpg 2048w, https:\/\/gruene-wiesbaden.de\/wp-content\/uploads\/2025\/11\/2.5-Sicherheit-und-Schutz-vor-Gewalt-320x400.jpg 320w, https:\/\/gruene-wiesbaden.de\/wp-content\/uploads\/2025\/11\/2.5-Sicherheit-und-Schutz-vor-Gewalt-480x600.jpg 480w\" sizes=\"auto, (max-width: 2048px) 100vw, 2048px\" \/><\/div><\/div><div class=\"w-separator size_small\"><\/div><\/div><\/div><\/div><div class=\"w-separator size_medium\"><\/div><div class=\"w-separator size_medium\"><\/div><div class=\"wpb_text_column us_custom_29deb344 has_text_color\"><div class=\"wpb_wrapper\"><h1>Kaj nam pomenita varnost in za\u0161\u010dita pred nasiljem<\/h1>\n<\/div><\/div><div class=\"w-separator size_large\"><\/div><div class=\"g-cols wpb_row via_grid cols_3 laptops-cols_inherit tablets-cols_inherit mobiles-cols_1 valign_top type_default stacking_default\" style=\"--columns-gap:3rem;\"><div class=\"wpb_column vc_column_container\"><div class=\"vc_column-inner\"><div class=\"w-iconbox us_custom_8b3d6790 has_text_color iconpos_left style_default color_custom align_left\"><div class=\"w-iconbox-icon\" style=\"font-size:2rem;--icon-color:#Ffffff;--icon-bg-color:var(--color-header-middle-bg);\"><i class=\"fas fa-layer-group\"><\/i><\/div><div class=\"w-iconbox-meta\"><h4 class=\"w-iconbox-title\" style=\"font-size:1.5rem;\">Varnost za vse<\/h4><div class=\"w-iconbox-text\"><p><span style=\"font-weight: 400;\">Kdo je varen, pa ne sme biti odvisno od spola, spolnosti ali izvora osebe. Wiesbaden mora biti mesto, kjer se vsi po\u010dutijo varne.<\/span><\/p>\n<\/div><\/div><\/div><\/div><\/div><div class=\"wpb_column vc_column_container\"><div class=\"vc_column-inner\"><div class=\"w-iconbox us_custom_8b3d6790 has_text_color iconpos_left style_default color_custom align_left\"><div class=\"w-iconbox-icon\" style=\"font-size:2rem;--icon-color:#Ffffff;--icon-bg-color:var(--color-header-transparent-text);\"><i class=\"fas fa-layer-group\"><\/i><\/div><div class=\"w-iconbox-meta\"><h4 class=\"w-iconbox-title\" style=\"font-size:1.5rem;\">Premagovanje nasilja na podlagi spola<\/h4><div class=\"w-iconbox-text\"><p><span style=\"font-weight: 400;\">\u017denske so najve\u010dja skupina ljudi, ki jih prizadene partnersko nasilje. Pomembno je, da si ga tukaj posebej ogledate.<\/span><\/p>\n<\/div><\/div><\/div><\/div><\/div><div class=\"wpb_column vc_column_container\"><div class=\"vc_column-inner\"><div class=\"w-iconbox us_custom_8b3d6790 has_text_color iconpos_left style_default color_custom align_left\"><div class=\"w-iconbox-icon\" style=\"font-size:2rem;--icon-color:#Ffffff;--icon-bg-color:var(--color-header-transparent-text);\"><i class=\"fas fa-layer-group\"><\/i><\/div><div class=\"w-iconbox-meta\"><h4 class=\"w-iconbox-title\" style=\"font-size:1.5rem;\">Varnej\u0161a mesta z ve\u010d \u017eivahnosti in osvetlitve namesto ve\u010d spremljanja<\/h4><div class=\"w-iconbox-text\"><p><span style=\"font-weight: 400;\">Ne \u017eelimo ustvarjati varnosti z vse ve\u010djim nadzorom, temve\u010d z \u017eivahnimi, dobro osvetljenimi in privla\u010dnimi javnimi prostori.<\/span><\/p>\n<\/div><\/div><\/div><\/div><\/div><\/div><div class=\"w-separator size_medium\"><\/div><div class=\"g-cols wpb_row via_grid cols_3 laptops-cols_inherit tablets-cols_inherit mobiles-cols_1 valign_top type_default stacking_default\" style=\"--columns-gap:3rem;\"><div class=\"wpb_column vc_column_container\"><div class=\"vc_column-inner\"><div class=\"w-iconbox us_custom_8b3d6790 has_text_color iconpos_left style_default color_custom align_left\"><div class=\"w-iconbox-icon\" style=\"font-size:2rem;--icon-color:#Ffffff;--icon-bg-color:var(--color-header-middle-bg);\"><i class=\"fas fa-layer-group\"><\/i><\/div><div class=\"w-iconbox-meta\"><h4 class=\"w-iconbox-title\" style=\"font-size:1.5rem;\">Ozave\u0161\u010denost regulativnih organov<\/h4><div class=\"w-iconbox-text\"><p><span style=\"font-weight: 400;\">Regulativni organi krepijo varnost z ozave\u0161\u010danjem o diskriminaciji, izmenjavo informacij z zagovorni\u0161kimi skupinami in ve\u010djo dostopnostjo ljudi - to ustvarja zaupanje in za\u0161\u010dito za vse prebivalce Wiesbadna.<\/span><\/p>\n<\/div><\/div><\/div><\/div><\/div><div class=\"wpb_column vc_column_container\"><div class=\"vc_column-inner\"><div class=\"w-iconbox us_custom_8b3d6790 has_text_color iconpos_left style_default color_custom align_left\"><div class=\"w-iconbox-icon\" style=\"font-size:2rem;--icon-color:#Ffffff;--icon-bg-color:var(--color-header-transparent-text);\"><i class=\"fas fa-layer-group\"><\/i><\/div><div class=\"w-iconbox-meta\"><h4 class=\"w-iconbox-title\" style=\"font-size:1.5rem;\">Mestna policija in urad za javni red v bli\u017eini dr\u017eavljanov<\/h4><div class=\"w-iconbox-text\"><p><span style=\"font-weight: 400;\">Zana\u0161amo se na po\u0161teno in spo\u0161tljivo mestno policijo in ob\u010dinski urad za red, ki delujeta nediskriminatorno, prisluhneta prizadetim in vsem Wiesbadenersom zagotavljata varnost in svobodo gibanja.<\/span><\/p>\n<\/div><\/div><\/div><\/div><\/div><div class=\"wpb_column vc_column_container\"><div class=\"vc_column-inner\"><\/div><\/div><\/div><div class=\"w-separator size_medium\"><\/div><div class=\"w-btn-wrapper align_left\"><a class=\"w-btn us-btn-style_8 icon_atleft\" href=\"https:\/\/gruene-wiesbaden.de\/sl\/kommunalwahl\/#Kapitel2\"><i class=\"fas fa-chevron-circle-right\"><\/i><span class=\"w-btn-label\">Nazaj na pregled<\/span><\/a><\/div><div class=\"w-separator size_medium\"><\/div><\/div><\/div><\/div><\/div><\/section><section class=\"l-section wpb_row height_auto with_img\"><div class=\"l-section-img\" role=\"img\" data-img-width=\"2048\" data-img-height=\"2560\" style=\"background-image: url(https:\/\/gruene-wiesbaden.de\/wp-content\/uploads\/2025\/11\/2.5-Sicherheit-und-Schutz-vor-Gewalt-scaled.jpg);background-repeat: no-repeat;\"><\/div><div class=\"l-section-overlay\" style=\"background:var(--color-header-top-transparent-bg)\"><\/div><div class=\"l-section-h i-cf\"><div class=\"g-cols vc_row via_grid cols_1 laptops-cols_inherit tablets-cols_inherit mobiles-cols_1 valign_middle type_default stacking_default\" style=\"--columns-gap:1rem;\"><div class=\"wpb_column vc_column_container\"><div class=\"vc_column-inner\"><div class=\"w-separator size_large\"><\/div><div class=\"wpb_text_column background_inside_text\"><div class=\"wpb_wrapper\"><h1>Kaj \u017eelimo konkretno storiti na tem podro\u010dju<\/h1>\n<\/div><\/div><div class=\"w-separator size_medium\"><\/div><div class=\"w-tabs us_custom_42d693a0 has_text_color style_default switch_click accordion has_scrolling\" style=\"--sections-title-size:1.4rem\"><div class=\"w-tabs-sections titles-align_none icon_chevron cpos_right\"><div class=\"w-tabs-section has_text_color\" id=\"uc74\" style=\"background:var(--color-header-transparent-text);color:var(--color-header-top-text-hover);\"><button class=\"w-tabs-section-header\" aria-controls=\"content-uc74\" aria-expanded=\"false\"><div class=\"w-tabs-section-title\">Zagotavljanje varnosti javnih prostorov brez video nadzora<\/div><div class=\"w-tabs-section-control\"><\/div><\/button><div  class=\"w-tabs-section-content\" id=\"content-uc74\"><div class=\"w-tabs-section-content-h i-cf\"><div class=\"wpb_text_column\"><div class=\"wpb_wrapper\"><p><span style=\"font-weight: 400;\">GR\u00dcNE \u017eelimo, da bi bili javni trgi v Wiesbadnu \u017eivahni, varni in dobrodo\u0161li. Varnost in kohezijo v vseh okro\u017ejih krepimo z upravljanjem vesolja, socialno podporo in ciljno usmerjeno podporo mladinskim ustanovam. Javni prostori bi morali biti dobro osvetljeni, brez ovir in dostopni.<\/span><\/p>\n<p><span style=\"font-weight: 400;\">Zavra\u010damo raz\u0161iritev video opazovanja; Varnost prihaja iz bivalnih prostorov in dru\u017ebene prisotnosti. Kraje, ki danes veljajo za nevarne, naredimo privla\u010dnej\u0161e z novimi prilo\u017enostmi za uporabo, na primer z gastronomijo, kulturno ponudbo ali skupnimi prostori za sre\u010danja. To ustvarja prostore, v katerih se ljudje radi zdru\u017eujejo, raznolikost mestnega \u017eivljenja postane vidna in socialna varnost raste. Dober primer je Mavricij.<\/span><\/p>\n<p><span style=\"font-weight: 400;\">Na ve\u010djih dogodkih \u017eelimo zagotoviti varnost s prepovedjo uporabe stekla, \u201evarnimi praznovanji\u201c in brezpla\u010dnim preverjanjem drog. Tako se lahko vsi ljudje \u2013 dru\u017eine, mladi ali starej\u0161i dr\u017eavljani \u2013 prosto in varno gibljejo.<\/span><\/p>\n<\/div><\/div><\/div><\/div><\/div><div class=\"w-tabs-section has_text_color\" id=\"yd8f\" style=\"background:var(--color-header-transparent-text);color:var(--color-header-top-text-hover);\"><button class=\"w-tabs-section-header\" aria-controls=\"content-yd8f\" aria-expanded=\"false\"><div class=\"w-tabs-section-title\">Varnost z vidnostjo<\/div><div class=\"w-tabs-section-control\"><\/div><\/button><div  class=\"w-tabs-section-content\" id=\"content-yd8f\"><div class=\"w-tabs-section-content-h i-cf\"><div class=\"wpb_text_column\"><div class=\"wpb_wrapper\"><p><span style=\"font-weight: 400;\">Z aktivno skrbjo za obstoje\u010de prostore se \u017eelimo izogniti praznim in neosvetljenim prostorom. \u017delimo, da se ohrani javni prostor in strukturno nadgradijo okro\u017eja s te\u017eavami. Poleg tega \u017eelimo bolje osvetliti postajali\u0161\u010da in postaje za mobilnost. V ta namen je treba razviti koncept razsvetljave, ki bo mislil tako na celotno mesto kot na okolju prijazno. To krepi tudi ob\u010dutek varnosti. Platforma za poro\u010danje bi morala zagotoviti vidnost nevarnih mest.<\/span><\/p>\n<\/div><\/div><\/div><\/div><\/div><div class=\"w-tabs-section has_text_color\" id=\"iebc\" style=\"background:var(--color-header-transparent-text);color:var(--color-header-top-text-hover);\"><button class=\"w-tabs-section-header\" aria-controls=\"content-iebc\" aria-expanded=\"false\"><div class=\"w-tabs-section-title\">Nadaljnja krepitev konceptov prepre\u010devanja in za\u0161\u010dite: Luisa je tukaj! in doma\u010di telefon<\/div><div class=\"w-tabs-section-control\"><\/div><\/button><div  class=\"w-tabs-section-content\" id=\"content-iebc\"><div class=\"w-tabs-section-content-h i-cf\"><div class=\"wpb_text_column\"><div class=\"wpb_wrapper\"><p><span style=\"font-weight: 400;\">Projekt \u201eLuisa je tukaj!\u201c je \u017ee nekaj \u010dasa uspe\u0161en v Wiesbadnu. \u017delimo ohraniti in raz\u0161iriti ta projekt, tako da bomo ustvarili ve\u010d varnosti in pozornosti v no\u010dnem \u017eivljenju v Wiesbadnu, v barih, klubih in na festivalih v Wiesbadnu. Tako je vsak mestni festival v Wiesbadnu kraj, kjer lahko vsakdo hitro dobi varnost. Ker nikjer ni prostora za \u010dezmejno, invazivno in diskriminatorno ravnanje.<\/span><\/p>\n<p><span style=\"font-weight: 400;\">Poleg tega mesto \u017ee sodeluje s Heimwegtelefon e.V., nem\u0161ko storitvijo, ki spremlja klicatelje po telefonu pono\u010di, \u010de se na poti domov po\u010dutijo nevarne. Ponudba je na voljo ob nedeljah in \u010detrtkih od 21.00 do polno\u010di ter ob petkih in sobotah od 21.00 do 15.00 pod \u0161tevilko 030 12074182. Zavezani smo k nadaljnjemu vzpostavljanju tak\u0161nih konceptov za\u0161\u010dite in zagotavljanju, da so dostopni vsem.<\/span><\/p>\n<\/div><\/div><\/div><\/div><\/div><div class=\"w-tabs-section has_text_color\" id=\"ofd3\" style=\"background:var(--color-header-middle-bg);color:var(--color-content-heading);\"><button class=\"w-tabs-section-header\" aria-controls=\"content-ofd3\" aria-expanded=\"false\"><div class=\"w-tabs-section-title\">\u017denski taksiji<\/div><div class=\"w-tabs-section-control\"><\/div><\/button><div  class=\"w-tabs-section-content\" id=\"content-ofd3\"><div class=\"w-tabs-section-content-h i-cf\"><div class=\"wpb_text_column\"><div class=\"wpb_wrapper\"><p><span style=\"font-weight: 400;\">Da bi se \u017eenske lahko kadar koli varno vrnile domov, \u017eelimo model \u017eenskih no\u010dnih taksijev prinesti v Wiesbaden. V Stuttgartu ta model obstaja \u017ee 20 let in je uspe\u0161en. Da bi si lahko vsi privo\u0161\u010dili vo\u017enjo s taksijem, \u017eelimo razviti model, po katerem \u017eenske, ki potujejo same, prejmejo subvencijo za vo\u017enjo domov s takim taksijem.<\/span><\/p>\n<\/div><\/div><\/div><\/div><\/div><div class=\"w-tabs-section has_text_color\" id=\"s0fc\" style=\"background:var(--color-header-transparent-text);color:var(--color-header-top-text-hover);\"><button class=\"w-tabs-section-header\" aria-controls=\"content-s0fc\" aria-expanded=\"false\"><div class=\"w-tabs-section-title\">Raz\u0161iritev zaveti\u0161\u010d in svetovalnih centrov za \u017eenske<\/div><div class=\"w-tabs-section-control\"><\/div><\/button><div  class=\"w-tabs-section-content\" id=\"content-s0fc\"><div class=\"w-tabs-section-content-h i-cf\"><div class=\"wpb_text_column\"><div class=\"wpb_wrapper\"><p><span style=\"font-weight: 400;\">GR\u00dcNE smo zavezani k zagotavljanju, da \u017eenske v Wiesbadnu hitro in enostavno najdejo za\u0161\u010dito. V ta namen \u017eelimo raz\u0161iriti zato\u010di\u0161\u010da in svetovalne storitve za \u017eenske, podpreti lokalne institucije ter zagotoviti \u010dlove\u0161ke in finan\u010dne vire. Za\u0161\u010dita ne sme biti odvisna od denarnice: Zagotavljamo, da \u017eenskam, ki i\u0161\u010dejo za\u0161\u010dito, ni treba nositi svojih stro\u0161kov.<\/span><\/p>\n<p><span style=\"font-weight: 400;\">Hkrati \u017eelimo spodbujati ponudbe z nizkim pragom in preventivno delo, da se nasilje odkrije in prepre\u010di \u017ee v zgodnji fazi. S to zavezo dejavno prispevamo k izvajanju Istanbulske konvencije ter krepimo za\u0161\u010dito in varnost \u017eensk v na\u0161em mestu.<\/span><\/p>\n<\/div><\/div><\/div><\/div><\/div><div class=\"w-tabs-section has_text_color\" id=\"y212\" style=\"background:var(--color-header-middle-bg);color:var(--color-header-middle-text);\"><button class=\"w-tabs-section-header\" aria-controls=\"content-y212\" aria-expanded=\"false\"><div class=\"w-tabs-section-title\">Zagotavljanje izvajanja Istanbulske konvencije<\/div><div class=\"w-tabs-section-control\"><\/div><\/button><div  class=\"w-tabs-section-content\" id=\"content-y212\"><div class=\"w-tabs-section-content-h i-cf\"><div class=\"wpb_text_column\"><div class=\"wpb_wrapper\"><p><span style=\"font-weight: 400;\">Za dosledno izvajanje Istanbulske konvencije v Wiesbadnu so potrebni tudi potrebni \u010dlove\u0161ki viri. Lokalni usklajevalni organ za izvajanje Istanbulske konvencije je za\u010del delo. Vendar je pomembno, da se finan\u010dna sredstva za to pove\u010dajo, da se lahko izvajanje \u010dim prej nadaljuje.<\/span><\/p>\n<\/div><\/div><\/div><\/div><\/div><div class=\"w-tabs-section has_text_color\" id=\"i329\" style=\"background:var(--color-header-transparent-text);color:var(--color-header-top-text-hover);\"><button class=\"w-tabs-section-header\" aria-controls=\"content-i329\" aria-expanded=\"false\"><div class=\"w-tabs-section-title\">Za\u0161\u010ditena stanovanja za osebe v prisilni prostituciji<\/div><div class=\"w-tabs-section-control\"><\/div><\/button><div  class=\"w-tabs-section-content\" id=\"content-i329\"><div class=\"w-tabs-section-content-h i-cf\"><div class=\"wpb_text_column\"><div class=\"wpb_wrapper\"><p><span style=\"font-weight: 400;\">Prisilna prostitucija je kaznivo dejanje na podro\u010dju \u010dlovekovih pravic. Zato bi bilo treba vzpostaviti zato\u010di\u0161\u010da za osebe, ki so \u017ertve prisilne prostitucije, in jim zagotoviti za\u0161\u010ditno mesto.<\/span><\/p>\n<\/div><\/div><\/div><\/div><\/div><div class=\"w-tabs-section has_text_color\" id=\"n44e\" style=\"background:var(--color-header-transparent-text);color:var(--color-header-top-text-hover);\"><button class=\"w-tabs-section-header\" aria-controls=\"content-n44e\" aria-expanded=\"false\"><div class=\"w-tabs-section-title\">Premagovanje brezdomstva \u2013 stanovanje na prvem mestu<\/div><div class=\"w-tabs-section-control\"><\/div><\/button><div  class=\"w-tabs-section-content\" id=\"content-n44e\"><div class=\"w-tabs-section-content-h i-cf\"><div class=\"wpb_text_column\"><div class=\"wpb_wrapper\"><p><span style=\"font-weight: 400;\">Podpiramo ljudi, da ne postanejo brezdomci. Brezdomstvo \u017eelimo premagati s pristopom \u201enajprej stanovanje\u201c. Kjer to ni mogo\u010de ali za\u017eeleno s strani prizadetih, nudimo dovolj spalnih prostorov in zdravstveno oskrbo.<\/span><\/p>\n<p><span style=\"font-weight: 400;\">Ljudje, ki so padli v brezdomstvo, potrebujejo predvsem stanovanje za re\u0161evanje te\u017eav, kot so zasvojenost, brezposelnost, te\u017eave z du\u0161evnim zdravjem ali podobno.<\/span><\/p>\n<\/div><\/div><\/div><\/div><\/div><div class=\"w-tabs-section has_text_color\" id=\"a58e\" style=\"background:var(--color-header-transparent-text);color:var(--color-header-top-text-hover);\"><button class=\"w-tabs-section-header\" aria-controls=\"content-a58e\" aria-expanded=\"false\"><div class=\"w-tabs-section-title\">Mestna policija in urad za javni red kot zaupanja vredni osebi za vse<\/div><div class=\"w-tabs-section-control\"><\/div><\/button><div  class=\"w-tabs-section-content\" id=\"content-a58e\"><div class=\"w-tabs-section-content-h i-cf\"><div class=\"wpb_text_column\"><div class=\"wpb_wrapper\"><p><span style=\"font-weight: 400;\">Zana\u0161amo se na mestno policijo v bli\u017eini me\u0161\u010danov in ob\u010dinski urad za red, ki delujeta po\u0161teno, spo\u0161tljivo in brez oboro\u017eitve. Redni pasovi za noge in kolesa, preventivna prisotnost in za\u0161\u010ditni ukrepi za re\u0161evalne slu\u017ebe krepijo ob\u010dutek varnosti prebivalstva. Zavra\u010damo uvedbo pi\u0161tol za razpr\u0161evanje popra. Poleg tega \u017eelimo obrniti vizualno usklajenost urada za javni red s policijo, da bi bile razli\u010dne naloge in pooblastila organov jasno prepoznavni.<\/span><\/p>\n<\/div><\/div><\/div><\/div><\/div><div class=\"w-tabs-section has_text_color\" id=\"p6e9\" style=\"background:var(--color-header-transparent-text);color:var(--color-header-top-text-hover);\"><button class=\"w-tabs-section-header\" aria-controls=\"content-p6e9\" aria-expanded=\"false\"><div class=\"w-tabs-section-title\">Ozave\u0161\u010denost, usposabljanje in za\u0161\u010dita mestne policije in organov kazenskega pregona<\/div><div class=\"w-tabs-section-control\"><\/div><\/button><div  class=\"w-tabs-section-content\" id=\"content-p6e9\"><div class=\"w-tabs-section-content-h i-cf\"><div class=\"wpb_text_column\"><div class=\"wpb_wrapper\"><p><span style=\"font-weight: 400;\">Na\u0161a skrb \u2013 mestna policija in urad za javni red z ozave\u0161\u010denostjo: Mestna policija in urad za javni red morata sodelovati s socialnimi institucijami in institucijami civilne dru\u017ebe ter se usposabljati na na\u010din, ki upo\u0161teva diskriminacijo. Namen posebnih te\u010dajev usposabljanja o queer sovra\u017enosti, desni\u010darskem ekstremizmu, nasilju v dru\u017eini in psiholo\u0161kih krizah je zagotoviti, da slu\u017ebe za ukrepanje ob izrednih dogodkih delujejo strokovno. Decentralizirane strukture, redna zunanja ocenjevanja in vidna kultura napak spodbujajo zaupanje in boj proti rasizmu.<\/span><\/p>\n<p><span style=\"font-weight: 400;\">Hkrati je cilj za\u0161\u010dititi zaposlene pred verbalnimi in fizi\u010dnimi napadi ter jih podpreti pri postopkih poro\u010danja, na primer s sistemom poro\u010danja in ob\u010dinsko enoto z naslovom \u201eNasilje nad re\u0161evalnimi in re\u0161evalnimi slu\u017ebami\u201c.<\/span><\/p>\n<\/div><\/div><\/div><\/div><\/div><div class=\"w-tabs-section has_text_color\" id=\"w801\" style=\"background:var(--color-header-transparent-text);color:var(--color-header-top-text-hover);\"><button class=\"w-tabs-section-header\" aria-controls=\"content-w801\" aria-expanded=\"false\"><div class=\"w-tabs-section-title\">Glavni na\u010drt Varnost za prilagojene varnostne ukrepe v mestu<\/div><div class=\"w-tabs-section-control\"><\/div><\/button><div  class=\"w-tabs-section-content\" id=\"content-w801\"><div class=\"w-tabs-section-content-h i-cf\"><div class=\"wpb_text_column\"><div class=\"wpb_wrapper\"><p><span style=\"font-weight: 400;\">Razvijamo in izvajamo glavni na\u010drt za varnost, ki sistemati\u010dno analizira vzroke kriminala v Wiesbadnu ter vklju\u010duje regulativne in socialne ukrepe. Cilj je prilagoditi ukrepe razli\u010dnim okro\u017ejem in javnim obmo\u010djem. V ta namen podatki in pri\u010devanja policije, urada za javni red, socialnih institucij in institucij civilne dru\u017ebe ter delovnih skupin Javni prostor in #kjer so se zbrali. Na podlagi analize posebej spodbujamo preventivne projekte, krepimo decentralizirane strukture in po potrebi vzpostavljamo nadaljnja regulativna partnerstva v okro\u017ejih. Na ta na\u010din ustvarjamo varnostne koncepte, ki imajo u\u010dinkovit, sodelovalen in trajnosten u\u010dinek ter opazno pove\u010dujejo ob\u010dutek varnosti vseh dr\u017eavljanov.<\/span><\/p>\n<\/div><\/div><\/div><\/div><\/div><\/div><\/div><div class=\"w-separator size_medium\"><\/div><div class=\"w-btn-wrapper align_left\"><a class=\"w-btn us-btn-style_8 icon_atleft\" href=\"https:\/\/gruene-wiesbaden.de\/sl\/kommunalwahl\/#Kapitel2\"><i class=\"fas fa-chevron-circle-right\"><\/i><span class=\"w-btn-label\">Nazaj na pregled<\/span><\/a><\/div><div class=\"w-separator size_large\"><\/div><div class=\"wpb_text_column\"><div class=\"wpb_wrapper\"><h1>Kaj smo \u017ee dosegli<\/h1>\n<\/div><\/div><div class=\"w-separator size_medium\"><\/div><div class=\"w-tabs us_custom_42d693a0 has_text_color style_default switch_click accordion has_scrolling\" style=\"--sections-title-size:1.4rem\"><div class=\"w-tabs-sections titles-align_none icon_chevron cpos_right\"><div class=\"w-tabs-section has_text_color\" id=\"sde2\" style=\"background:var(--color-header-transparent-text);color:var(--color-header-top-text-hover);\"><button class=\"w-tabs-section-header\" aria-controls=\"content-sde2\" aria-expanded=\"false\"><div class=\"w-tabs-section-title\">Vzpostavljena je bila mre\u017ea Istanbulske konvencije.<\/div><div class=\"w-tabs-section-control\"><\/div><\/button><div  class=\"w-tabs-section-content\" id=\"content-sde2\"><div class=\"w-tabs-section-content-h i-cf\"><div class=\"wpb_text_column\"><div class=\"wpb_wrapper\"><p><span style=\"font-weight: 400;\">V Wiesbadnu smo vzpostavili mre\u017eo za izvajanje Istanbulske konvencije. Ve\u010d kot 80 akterjev iz uprave, politike in sistemov pomo\u010di sodeluje pri prepre\u010devanju, odkrivanju in u\u010dinkovitem podpiranju nasilja nad \u017eenskami. Mre\u017ea krepi izmenjave, spodbuja usklajene ukrepe in po\u0161ilja jasen signal: Wiesbaden jemlje za\u0161\u010dito \u017eensk resno in zagotavlja, da mednarodni standardi Istanbulske konvencije postanejo resni\u010dnost v mestu.<\/span><\/p>\n<\/div><\/div><\/div><\/div><\/div><div class=\"w-tabs-section has_text_color\" id=\"tf2b\" style=\"background:var(--color-header-transparent-text);color:var(--color-header-top-text-hover);\"><button class=\"w-tabs-section-header\" aria-controls=\"content-tf2b\" aria-expanded=\"false\"><div class=\"w-tabs-section-title\">Projekt \u201eAli je Luisa tukaj?\u201c<\/div><div class=\"w-tabs-section-control\"><\/div><\/button><div  class=\"w-tabs-section-content\" id=\"content-tf2b\"><div class=\"w-tabs-section-content-h i-cf\"><div class=\"wpb_text_column\"><div class=\"wpb_wrapper\"><p><span style=\"font-weight: 400;\">Zavezani smo k zagotavljanju, da so \u017eenske v Wiesbadnu varne, ko gredo ven. Kampanja \u201eAli je Luisa tukaj?\u201c \u017eenskam omogo\u010da, da diskretno poi\u0161\u010dejo pomo\u010d v sodelujo\u010dih barih, klubih in javnih ustanovah, kadar se po\u010dutijo ogro\u017eene ali jim je neprijetno. Za\u010deli smo kampanjo, zagotovili prepoznavnost in raz\u0161irili projekt na druge javne institucije ter poskrbeli za usposabljanje tamkaj\u0161njega osebja. Na ta na\u010din krepimo za\u0161\u010dito \u017eensk, prepre\u010dujemo nasilje in spodbujamo varno, spo\u0161tljivo sobivanje v mestu.<\/span><\/p>\n<\/div><\/div><\/div><\/div><\/div><div class=\"w-tabs-section has_text_color\" id=\"d041\" style=\"background:var(--color-header-transparent-text);color:var(--color-header-top-text-hover);\"><button class=\"w-tabs-section-header\" aria-controls=\"content-d041\" aria-expanded=\"false\"><div class=\"w-tabs-section-title\">Doma\u010di telefon projekta<\/div><div class=\"w-tabs-section-control\"><\/div><\/button><div  class=\"w-tabs-section-content\" id=\"content-d041\"><div class=\"w-tabs-section-content-h i-cf\"><div class=\"wpb_text_column\"><div class=\"wpb_wrapper\"><p><span style=\"font-weight: 400;\">Poleg tega mesto sodeluje s Heimwegtelefon e.V., nem\u0161ko storitvijo, ki spremlja klicatelje po telefonu pono\u010di, \u010de se na poti domov po\u010dutijo nevarne. Ponudba je na voljo ob nedeljah in \u010detrtkih od 21.00 do polno\u010di ter ob petkih in sobotah od 21.00 do 15.00 pod \u0161tevilko 030 12074182. Zavezani smo k nadaljnjemu vzpostavljanju tak\u0161nih konceptov za\u0161\u010dite in zagotavljanju, da so dostopni vsem.<\/span><\/p>\n<\/div><\/div><\/div><\/div><\/div><div class=\"w-tabs-section has_text_color\" id=\"l153\" style=\"background:var(--color-header-middle-bg);color:var(--color-content-heading);\"><button class=\"w-tabs-section-header\" aria-controls=\"content-l153\" aria-expanded=\"false\"><div class=\"w-tabs-section-title\">Wiesbaden Model I in II \u2013 ob\u010dinske strategije za prostitucijo<\/div><div class=\"w-tabs-section-control\"><\/div><\/button><div  class=\"w-tabs-section-content\" id=\"content-l153\"><div class=\"w-tabs-section-content-h i-cf\"><div class=\"wpb_text_column\"><div class=\"wpb_wrapper\"><p><span style=\"font-weight: 400;\">Zagotovili smo, da je mesto najelo travmatskega terapevta, ki opravlja socialno delo na podro\u010dju prostitucije in nudi pomo\u010d pri izhodu. Od tega volilnega obdobja je oddelek za \u017eenske uspe\u0161no ukrepal tudi proti nezakoniti prostituciji v po\u010ditni\u0161kih stanovanjih in hotelih. Wiesbadenov model je najbolj\u0161a praksa za druge ob\u010dine.<\/span><\/p>\n<\/div><\/div><\/div><\/div><\/div><div class=\"w-tabs-section has_text_color\" id=\"p05e\" style=\"background:var(--color-header-transparent-text);color:var(--color-header-top-text-hover);\"><button class=\"w-tabs-section-header\" aria-controls=\"content-p05e\" aria-expanded=\"false\"><div class=\"w-tabs-section-title\">Konferenca: Nasilje nad LGBTQIA*<\/div><div class=\"w-tabs-section-control\"><\/div><\/button><div  class=\"w-tabs-section-content\" id=\"content-p05e\"><div class=\"w-tabs-section-content-h i-cf\"><div class=\"wpb_text_column\"><div class=\"wpb_wrapper\"><p><span style=\"font-weight: 400;\">Za\u010deli smo simpozij o nasilju nad osebami LGBTQIAI*. Strokovnjaki in organizacije si izmenjujejo mnenja, da bi izbolj\u0161ali za\u0161\u010ditne ukrepe ter okrepili prepre\u010devanje nasilja in diskriminacije.<\/span><\/p>\n<\/div><\/div><\/div><\/div><\/div><div class=\"w-tabs-section has_text_color\" id=\"m187\" style=\"background:var(--color-header-transparent-text);color:var(--color-header-top-text-hover);\"><button class=\"w-tabs-section-header\" aria-controls=\"content-m187\" aria-expanded=\"false\"><div class=\"w-tabs-section-title\">Preverjanja drog in Wiesbaden kot vzor\u010dna regija za prodajo konoplje<\/div><div class=\"w-tabs-section-control\"><\/div><\/button><div  class=\"w-tabs-section-content\" id=\"content-m187\"><div class=\"w-tabs-section-content-h i-cf\"><div class=\"wpb_text_column\"><div class=\"wpb_wrapper\"><p><span style=\"font-weight: 400;\">V Wiesbadnu smo ustvarili pilotni projekt \"Preverjanje uporabe drog\" za bolj\u0161o za\u0161\u010dito potro\u0161nikov pred kontaminiranimi drogami. Na izbranih dogodkih zabave v Wiesbadnu droge, kot je konoplja, pregledajo strokovnjaki za kontaminante, hkrati pa se okrepijo ponudbe za prepre\u010devanje. Pilotni projekt bi moral vklju\u010devati tudi presku\u0161anje drugih snovi v poznej\u0161ih fazah, da bi lahko \u010dim bolje za\u0161\u010ditili potro\u0161nike.<\/span><\/p>\n<p><span style=\"font-weight: 400;\">Sodelovali smo tudi pri prijavi Wiesbadna za zavestno in nadzorovano prodajo konoplje v lekarnah v okviru vzor\u010dnega projekta. Ta postopek \u0161e poteka. Vendar odgovorna politika na podro\u010dju drog pomeni tudi dejavno oblikovanje preventivnih in podpornih storitev za \u010dim bolj\u0161e varstvo potro\u0161nikov.<\/span><\/p>\n<\/div><\/div><\/div><\/div><\/div><\/div><\/div><div class=\"w-separator size_medium\"><\/div><div class=\"w-btn-wrapper align_left\"><a class=\"w-btn us-btn-style_8 icon_atleft\" href=\"https:\/\/gruene-wiesbaden.de\/sl\/kommunalwahl\/#Kapitel2\"><i class=\"fas fa-chevron-circle-right\"><\/i><span class=\"w-btn-label\">Nazaj na pregled<\/span><\/a><\/div><div class=\"w-separator size_large\"><\/div><\/div><\/div><\/div><\/div><\/section>","protected":false},"excerpt":{"rendered":"\u017delimo, da se vsi v Wiesbadnu na poti domov, v \u0161oli ali na javnih mestih po\u010dutijo varne in brez diskriminacije in nasilja. Varnost pomeni za vsakogar nekaj druga\u010dnega, zato smo pozorni na perspektive ljudi, ki do\u017eivljajo diskriminacijo, sovra\u0161tvo ali izklju\u010denost. To je za nas \u0161e posebej pomembno...","protected":false},"author":1,"featured_media":1489,"comment_status":"closed","ping_status":"closed","sticky":false,"template":"","format":"standard","meta":{"footnotes":""},"categories":[15],"tags":[],"class_list":["post-1357","post","type-post","status-publish","format-standard","has-post-thumbnail","hentry","category-kapitel-2"],"yoast_head":"<!-- This site is optimized with the Yoast SEO plugin v27.5 - https:\/\/yoast.com\/product\/yoast-seo-wordpress\/ -->\n<title>Sicherheit und Schutz vor Gewalt - B\u00dcNDNIS 90\/DIE GR\u00dcNEN Wiesbaden<\/title>\n<meta name=\"robots\" content=\"index, follow, max-snippet:-1, max-image-preview:large, max-video-preview:-1\" \/>\n<link rel=\"canonical\" href=\"https:\/\/gruene-wiesbaden.de\/sl\/sicherheit-und-schutz-vor-gewalt\/\" \/>\n<meta property=\"og:locale\" content=\"sl_SI\" \/>\n<meta property=\"og:type\" content=\"article\" \/>\n<meta property=\"og:title\" content=\"Sicherheit und Schutz vor Gewalt - B\u00dcNDNIS 90\/DIE GR\u00dcNEN Wiesbaden\" \/>\n<meta property=\"og:url\" content=\"https:\/\/gruene-wiesbaden.de\/sl\/sicherheit-und-schutz-vor-gewalt\/\" \/>\n<meta property=\"og:site_name\" content=\"B\u00dcNDNIS 90\/DIE GR\u00dcNEN Wiesbaden\" \/>\n<meta property=\"article:publisher\" content=\"https:\/\/www.facebook.com\/gruene.wi\" \/>\n<meta property=\"article:published_time\" content=\"2025-11-09T22:14:08+00:00\" \/>\n<meta property=\"article:modified_time\" content=\"2026-04-09T08:33:03+00:00\" \/>\n<meta property=\"og:image\" content=\"https:\/\/gruene-wiesbaden.de\/wp-content\/uploads\/2025\/11\/2.5-Sicherheit-und-Schutz-vor-Gewalt-scaled.jpg\" \/>\n\t<meta property=\"og:image:width\" content=\"2048\" \/>\n\t<meta property=\"og:image:height\" content=\"2560\" \/>\n\t<meta property=\"og:image:type\" content=\"image\/jpeg\" \/>\n<meta name=\"author\" content=\"admin\" \/>\n<meta name=\"twitter:card\" content=\"summary_large_image\" \/>\n<meta name=\"twitter:label1\" content=\"Written by\" \/>\n\t<meta name=\"twitter:data1\" content=\"admin\" \/>\n\t<meta name=\"twitter:label2\" content=\"Est. reading time\" \/>\n\t<meta name=\"twitter:data2\" content=\"11 minutes\" \/>\n<script type=\"application\/ld+json\" class=\"yoast-schema-graph\">{\"@context\":\"https:\\\/\\\/schema.org\",\"@graph\":[{\"@type\":\"Article\",\"@id\":\"https:\\\/\\\/gruene-wiesbaden.de\\\/sicherheit-und-schutz-vor-gewalt\\\/#article\",\"isPartOf\":{\"@id\":\"https:\\\/\\\/gruene-wiesbaden.de\\\/sicherheit-und-schutz-vor-gewalt\\\/\"},\"author\":{\"name\":\"admin\",\"@id\":\"https:\\\/\\\/gruene-wiesbaden.de\\\/#\\\/schema\\\/person\\\/6785c34779159cd4fd86886bb097afe9\"},\"headline\":\"Sicherheit und Schutz vor Gewalt\",\"datePublished\":\"2025-11-09T22:14:08+00:00\",\"dateModified\":\"2026-04-09T08:33:03+00:00\",\"mainEntityOfPage\":{\"@id\":\"https:\\\/\\\/gruene-wiesbaden.de\\\/sicherheit-und-schutz-vor-gewalt\\\/\"},\"wordCount\":2926,\"publisher\":{\"@id\":\"https:\\\/\\\/gruene-wiesbaden.de\\\/#organization\"},\"image\":{\"@id\":\"https:\\\/\\\/gruene-wiesbaden.de\\\/sicherheit-und-schutz-vor-gewalt\\\/#primaryimage\"},\"thumbnailUrl\":\"https:\\\/\\\/gruene-wiesbaden.de\\\/wp-content\\\/uploads\\\/2025\\\/11\\\/2.5-Sicherheit-und-Schutz-vor-Gewalt-scaled.jpg\",\"articleSection\":[\"Kapitel 2\"],\"inLanguage\":\"sl-SI\"},{\"@type\":\"WebPage\",\"@id\":\"https:\\\/\\\/gruene-wiesbaden.de\\\/sicherheit-und-schutz-vor-gewalt\\\/\",\"url\":\"https:\\\/\\\/gruene-wiesbaden.de\\\/sicherheit-und-schutz-vor-gewalt\\\/\",\"name\":\"Sicherheit und Schutz vor Gewalt - B\u00dcNDNIS 90\\\/DIE GR\u00dcNEN Wiesbaden\",\"isPartOf\":{\"@id\":\"https:\\\/\\\/gruene-wiesbaden.de\\\/#website\"},\"primaryImageOfPage\":{\"@id\":\"https:\\\/\\\/gruene-wiesbaden.de\\\/sicherheit-und-schutz-vor-gewalt\\\/#primaryimage\"},\"image\":{\"@id\":\"https:\\\/\\\/gruene-wiesbaden.de\\\/sicherheit-und-schutz-vor-gewalt\\\/#primaryimage\"},\"thumbnailUrl\":\"https:\\\/\\\/gruene-wiesbaden.de\\\/wp-content\\\/uploads\\\/2025\\\/11\\\/2.5-Sicherheit-und-Schutz-vor-Gewalt-scaled.jpg\",\"datePublished\":\"2025-11-09T22:14:08+00:00\",\"dateModified\":\"2026-04-09T08:33:03+00:00\",\"breadcrumb\":{\"@id\":\"https:\\\/\\\/gruene-wiesbaden.de\\\/sicherheit-und-schutz-vor-gewalt\\\/#breadcrumb\"},\"inLanguage\":\"sl-SI\",\"potentialAction\":[{\"@type\":\"ReadAction\",\"target\":[\"https:\\\/\\\/gruene-wiesbaden.de\\\/sicherheit-und-schutz-vor-gewalt\\\/\"]}]},{\"@type\":\"ImageObject\",\"inLanguage\":\"sl-SI\",\"@id\":\"https:\\\/\\\/gruene-wiesbaden.de\\\/sicherheit-und-schutz-vor-gewalt\\\/#primaryimage\",\"url\":\"https:\\\/\\\/gruene-wiesbaden.de\\\/wp-content\\\/uploads\\\/2025\\\/11\\\/2.5-Sicherheit-und-Schutz-vor-Gewalt-scaled.jpg\",\"contentUrl\":\"https:\\\/\\\/gruene-wiesbaden.de\\\/wp-content\\\/uploads\\\/2025\\\/11\\\/2.5-Sicherheit-und-Schutz-vor-Gewalt-scaled.jpg\",\"width\":2048,\"height\":2560},{\"@type\":\"BreadcrumbList\",\"@id\":\"https:\\\/\\\/gruene-wiesbaden.de\\\/sicherheit-und-schutz-vor-gewalt\\\/#breadcrumb\",\"itemListElement\":[{\"@type\":\"ListItem\",\"position\":1,\"name\":\"Startseite\",\"item\":\"https:\\\/\\\/gruene-wiesbaden.de\\\/\"},{\"@type\":\"ListItem\",\"position\":2,\"name\":\"Sicherheit und Schutz vor Gewalt\"}]},{\"@type\":\"WebSite\",\"@id\":\"https:\\\/\\\/gruene-wiesbaden.de\\\/#website\",\"url\":\"https:\\\/\\\/gruene-wiesbaden.de\\\/\",\"name\":\"DIE GR\u00dcNEN Wiesbaden\",\"description\":\"\",\"publisher\":{\"@id\":\"https:\\\/\\\/gruene-wiesbaden.de\\\/#organization\"},\"potentialAction\":[{\"@type\":\"SearchAction\",\"target\":{\"@type\":\"EntryPoint\",\"urlTemplate\":\"https:\\\/\\\/gruene-wiesbaden.de\\\/?s={search_term_string}\"},\"query-input\":{\"@type\":\"PropertyValueSpecification\",\"valueRequired\":true,\"valueName\":\"search_term_string\"}}],\"inLanguage\":\"sl-SI\"},{\"@type\":\"Organization\",\"@id\":\"https:\\\/\\\/gruene-wiesbaden.de\\\/#organization\",\"name\":\"DIE GR\u00dcNEN Wiesbaden\",\"url\":\"https:\\\/\\\/gruene-wiesbaden.de\\\/\",\"logo\":{\"@type\":\"ImageObject\",\"inLanguage\":\"sl-SI\",\"@id\":\"https:\\\/\\\/gruene-wiesbaden.de\\\/#\\\/schema\\\/logo\\\/image\\\/\",\"url\":\"https:\\\/\\\/gruene-wiesbaden-fuer-europa.de\\\/wp-content\\\/uploads\\\/2024\\\/04\\\/Machen-was-zaehlt-5.png\",\"contentUrl\":\"https:\\\/\\\/gruene-wiesbaden-fuer-europa.de\\\/wp-content\\\/uploads\\\/2024\\\/04\\\/Machen-was-zaehlt-5.png\",\"width\":1772,\"height\":1772,\"caption\":\"DIE GR\u00dcNEN Wiesbaden\"},\"image\":{\"@id\":\"https:\\\/\\\/gruene-wiesbaden.de\\\/#\\\/schema\\\/logo\\\/image\\\/\"},\"sameAs\":[\"https:\\\/\\\/www.facebook.com\\\/gruene.wi\",\"https:\\\/\\\/instagram.com\\\/gruene_wi\"]},{\"@type\":\"Person\",\"@id\":\"https:\\\/\\\/gruene-wiesbaden.de\\\/#\\\/schema\\\/person\\\/6785c34779159cd4fd86886bb097afe9\",\"name\":\"admin\",\"sameAs\":[\"http:\\\/\\\/gruene-wiesbaden-fuer-europa.de\"],\"url\":\"https:\\\/\\\/gruene-wiesbaden.de\\\/sl\\\/author\\\/admin\\\/\"}]}<\/script>\n<!-- \/ Yoast SEO plugin. -->","yoast_head_json":{"title":"Sicherheit und Schutz vor Gewalt - B\u00dcNDNIS 90\/DIE GR\u00dcNEN Wiesbaden","robots":{"index":"index","follow":"follow","max-snippet":"max-snippet:-1","max-image-preview":"max-image-preview:large","max-video-preview":"max-video-preview:-1"},"canonical":"https:\/\/gruene-wiesbaden.de\/sl\/sicherheit-und-schutz-vor-gewalt\/","og_locale":"sl_SI","og_type":"article","og_title":"Sicherheit und Schutz vor Gewalt - B\u00dcNDNIS 90\/DIE GR\u00dcNEN Wiesbaden","og_url":"https:\/\/gruene-wiesbaden.de\/sl\/sicherheit-und-schutz-vor-gewalt\/","og_site_name":"B\u00dcNDNIS 90\/DIE GR\u00dcNEN Wiesbaden","article_publisher":"https:\/\/www.facebook.com\/gruene.wi","article_published_time":"2025-11-09T22:14:08+00:00","article_modified_time":"2026-04-09T08:33:03+00:00","og_image":[{"width":2048,"height":2560,"url":"https:\/\/gruene-wiesbaden.de\/wp-content\/uploads\/2025\/11\/2.5-Sicherheit-und-Schutz-vor-Gewalt-scaled.jpg","type":"image\/jpeg"}],"author":"admin","twitter_card":"summary_large_image","twitter_misc":{"Written by":"admin","Est. reading time":"11 minutes"},"schema":{"@context":"https:\/\/schema.org","@graph":[{"@type":"Article","@id":"https:\/\/gruene-wiesbaden.de\/sicherheit-und-schutz-vor-gewalt\/#article","isPartOf":{"@id":"https:\/\/gruene-wiesbaden.de\/sicherheit-und-schutz-vor-gewalt\/"},"author":{"name":"admin","@id":"https:\/\/gruene-wiesbaden.de\/#\/schema\/person\/6785c34779159cd4fd86886bb097afe9"},"headline":"Sicherheit und Schutz vor Gewalt","datePublished":"2025-11-09T22:14:08+00:00","dateModified":"2026-04-09T08:33:03+00:00","mainEntityOfPage":{"@id":"https:\/\/gruene-wiesbaden.de\/sicherheit-und-schutz-vor-gewalt\/"},"wordCount":2926,"publisher":{"@id":"https:\/\/gruene-wiesbaden.de\/#organization"},"image":{"@id":"https:\/\/gruene-wiesbaden.de\/sicherheit-und-schutz-vor-gewalt\/#primaryimage"},"thumbnailUrl":"https:\/\/gruene-wiesbaden.de\/wp-content\/uploads\/2025\/11\/2.5-Sicherheit-und-Schutz-vor-Gewalt-scaled.jpg","articleSection":["Kapitel 2"],"inLanguage":"sl-SI"},{"@type":"WebPage","@id":"https:\/\/gruene-wiesbaden.de\/sicherheit-und-schutz-vor-gewalt\/","url":"https:\/\/gruene-wiesbaden.de\/sicherheit-und-schutz-vor-gewalt\/","name":"Sicherheit und Schutz vor Gewalt - B\u00dcNDNIS 90\/DIE GR\u00dcNEN Wiesbaden","isPartOf":{"@id":"https:\/\/gruene-wiesbaden.de\/#website"},"primaryImageOfPage":{"@id":"https:\/\/gruene-wiesbaden.de\/sicherheit-und-schutz-vor-gewalt\/#primaryimage"},"image":{"@id":"https:\/\/gruene-wiesbaden.de\/sicherheit-und-schutz-vor-gewalt\/#primaryimage"},"thumbnailUrl":"https:\/\/gruene-wiesbaden.de\/wp-content\/uploads\/2025\/11\/2.5-Sicherheit-und-Schutz-vor-Gewalt-scaled.jpg","datePublished":"2025-11-09T22:14:08+00:00","dateModified":"2026-04-09T08:33:03+00:00","breadcrumb":{"@id":"https:\/\/gruene-wiesbaden.de\/sicherheit-und-schutz-vor-gewalt\/#breadcrumb"},"inLanguage":"sl-SI","potentialAction":[{"@type":"ReadAction","target":["https:\/\/gruene-wiesbaden.de\/sicherheit-und-schutz-vor-gewalt\/"]}]},{"@type":"ImageObject","inLanguage":"sl-SI","@id":"https:\/\/gruene-wiesbaden.de\/sicherheit-und-schutz-vor-gewalt\/#primaryimage","url":"https:\/\/gruene-wiesbaden.de\/wp-content\/uploads\/2025\/11\/2.5-Sicherheit-und-Schutz-vor-Gewalt-scaled.jpg","contentUrl":"https:\/\/gruene-wiesbaden.de\/wp-content\/uploads\/2025\/11\/2.5-Sicherheit-und-Schutz-vor-Gewalt-scaled.jpg","width":2048,"height":2560},{"@type":"BreadcrumbList","@id":"https:\/\/gruene-wiesbaden.de\/sicherheit-und-schutz-vor-gewalt\/#breadcrumb","itemListElement":[{"@type":"ListItem","position":1,"name":"Startseite","item":"https:\/\/gruene-wiesbaden.de\/"},{"@type":"ListItem","position":2,"name":"Sicherheit und Schutz vor Gewalt"}]},{"@type":"WebSite","@id":"https:\/\/gruene-wiesbaden.de\/#website","url":"https:\/\/gruene-wiesbaden.de\/","name":"DIE GR\u00dcNEN Wiesbaden","description":"","publisher":{"@id":"https:\/\/gruene-wiesbaden.de\/#organization"},"potentialAction":[{"@type":"SearchAction","target":{"@type":"EntryPoint","urlTemplate":"https:\/\/gruene-wiesbaden.de\/?s={search_term_string}"},"query-input":{"@type":"PropertyValueSpecification","valueRequired":true,"valueName":"search_term_string"}}],"inLanguage":"sl-SI"},{"@type":"Organization","@id":"https:\/\/gruene-wiesbaden.de\/#organization","name":"DIE GR\u00dcNEN Wiesbaden","url":"https:\/\/gruene-wiesbaden.de\/","logo":{"@type":"ImageObject","inLanguage":"sl-SI","@id":"https:\/\/gruene-wiesbaden.de\/#\/schema\/logo\/image\/","url":"https:\/\/gruene-wiesbaden-fuer-europa.de\/wp-content\/uploads\/2024\/04\/Machen-was-zaehlt-5.png","contentUrl":"https:\/\/gruene-wiesbaden-fuer-europa.de\/wp-content\/uploads\/2024\/04\/Machen-was-zaehlt-5.png","width":1772,"height":1772,"caption":"DIE GR\u00dcNEN Wiesbaden"},"image":{"@id":"https:\/\/gruene-wiesbaden.de\/#\/schema\/logo\/image\/"},"sameAs":["https:\/\/www.facebook.com\/gruene.wi","https:\/\/instagram.com\/gruene_wi"]},{"@type":"Person","@id":"https:\/\/gruene-wiesbaden.de\/#\/schema\/person\/6785c34779159cd4fd86886bb097afe9","name":"admin","sameAs":["http:\/\/gruene-wiesbaden-fuer-europa.de"],"url":"https:\/\/gruene-wiesbaden.de\/sl\/author\/admin\/"}]}},"_links":{"self":[{"href":"https:\/\/gruene-wiesbaden.de\/sl\/wp-json\/wp\/v2\/posts\/1357","targetHints":{"allow":["GET"]}}],"collection":[{"href":"https:\/\/gruene-wiesbaden.de\/sl\/wp-json\/wp\/v2\/posts"}],"about":[{"href":"https:\/\/gruene-wiesbaden.de\/sl\/wp-json\/wp\/v2\/types\/post"}],"author":[{"embeddable":true,"href":"https:\/\/gruene-wiesbaden.de\/sl\/wp-json\/wp\/v2\/users\/1"}],"replies":[{"embeddable":true,"href":"https:\/\/gruene-wiesbaden.de\/sl\/wp-json\/wp\/v2\/comments?post=1357"}],"version-history":[{"count":7,"href":"https:\/\/gruene-wiesbaden.de\/sl\/wp-json\/wp\/v2\/posts\/1357\/revisions"}],"predecessor-version":[{"id":2393,"href":"https:\/\/gruene-wiesbaden.de\/sl\/wp-json\/wp\/v2\/posts\/1357\/revisions\/2393"}],"wp:featuredmedia":[{"embeddable":true,"href":"https:\/\/gruene-wiesbaden.de\/sl\/wp-json\/wp\/v2\/media\/1489"}],"wp:attachment":[{"href":"https:\/\/gruene-wiesbaden.de\/sl\/wp-json\/wp\/v2\/media?parent=1357"}],"wp:term":[{"taxonomy":"category","embeddable":true,"href":"https:\/\/gruene-wiesbaden.de\/sl\/wp-json\/wp\/v2\/categories?post=1357"},{"taxonomy":"post_tag","embeddable":true,"href":"https:\/\/gruene-wiesbaden.de\/sl\/wp-json\/wp\/v2\/tags?post=1357"}],"curies":[{"name":"wp","href":"https:\/\/api.w.org\/{rel}","templated":true}]}}