{"id":1335,"date":"2025-11-09T23:49:11","date_gmt":"2025-11-09T21:49:11","guid":{"rendered":"https:\/\/gruene-wiesbaden.de\/?p=1335"},"modified":"2026-04-09T00:16:13","modified_gmt":"2026-04-08T22:16:13","slug":"digitale-infrastruktur-und-digitale-services-fuer-alle","status":"publish","type":"post","link":"https:\/\/gruene-wiesbaden.de\/sl\/digitale-infrastruktur-und-digitale-services-fuer-alle\/","title":{"rendered":"Digitalna infrastruktura in digitalne storitve za vse"},"content":{"rendered":"<section class=\"l-section wpb_row height_medium with_img\"><div class=\"l-section-img\" role=\"img\" data-img-width=\"1080\" data-img-height=\"800\" style=\"background-image: url(https:\/\/gruene-wiesbaden.de\/wp-content\/uploads\/2025\/11\/neuer-Verlauf-gruene-wiesbaden.de_-2-e1762709402177.png);\"><\/div><div class=\"l-section-overlay\" style=\"background:var(--color-header-top-transparent-bg)\"><\/div><div class=\"l-section-h i-cf\"><div class=\"g-cols vc_row via_grid cols_1 laptops-cols_inherit tablets-cols_inherit mobiles-cols_1 valign_top type_default stacking_default\"><div class=\"wpb_column vc_column_container\"><div class=\"vc_column-inner\"><h1 class=\"w-post-elm post_title us_custom_a574d586 has_text_color entry-title\">Digitalna infrastruktura in digitalne storitve za vse<\/h1><div class=\"w-separator size_medium\"><\/div><div class=\"g-cols wpb_row via_grid cols_2-1 laptops-cols_inherit tablets-cols_inherit mobiles-cols_1 valign_top type_default stacking_default\" style=\"--columns-gap:3rem;\"><div class=\"wpb_column vc_column_container\"><div class=\"vc_column-inner\"><div class=\"wpb_text_column us_custom_8b3d6790 has_text_color\"><div class=\"wpb_wrapper\"><p><span style=\"font-weight: 400;\">Digitalne storitve so ve\u010d kot le tehni\u010dna orodja \u2013 so klju\u010dnega pomena za zagotavljanje hitrega, enostavnega in preglednega delovanja uprave za vse Wiesbadenerje. Olaj\u0161ajo vsakdanje \u017eivljenje z enostavnim izpolnjevanjem prijav, rezervacijami terminov na uradu za dr\u017eavljane ali spletnimi vlogami za nepovratna sredstva.<\/span><\/p>\n<p><span style=\"font-weight: 400;\">Digitalna udele\u017eba ni le internetna povezava, temve\u010d predpogoj za enake mo\u017enosti in dru\u017ebeno udele\u017ebo. Zeleni \u017eelimo, da bi vsi ljudje v Wiesbadnu enako izkoristili prilo\u017enosti, ki jih ponuja digitalizacija. To pomeni dostopne ponudbe, prilo\u017enosti za digitalno u\u010denje in podporo pri pridobivanju znanj in spretnosti, tako da nih\u010de ne bo zapostavljen.<\/span><\/p>\n<p><span style=\"font-weight: 400;\">\u017delimo nadaljevati \u0161iritev digitalne infrastrukture in pametnih storitev, saj bo to pove\u010dalo udele\u017ebo, u\u010dinkovitost in kakovost \u017eivljenja v na\u0161em mestu. Za za\u0161\u010dito podatkov in prepre\u010devanje odvisnosti se zana\u0161amo na varnost, neodvisnost in odprtokodne re\u0161itve.<\/span><\/p>\n<\/div><\/div><div class=\"w-separator size_medium\"><\/div><div class=\"w-btn-wrapper align_left\"><a class=\"w-btn us-btn-style_8 icon_atleft\" href=\"https:\/\/gruene-wiesbaden.de\/sl\/kommunalwahl\/#Kapitel1\"><i class=\"fas fa-chevron-circle-right\"><\/i><span class=\"w-btn-label\">Nazaj na pregled<\/span><\/a><\/div><\/div><\/div><div class=\"wpb_column vc_column_container\"><div class=\"vc_column-inner\"><div class=\"w-image align_center\"><div class=\"w-image-h\"><img decoding=\"async\" width=\"1991\" height=\"2560\" src=\"https:\/\/gruene-wiesbaden.de\/wp-content\/uploads\/2025\/11\/1.8-Digitale-Infrastruktur-und-digitale-Services-fuer-alle-scaled.jpeg\" class=\"attachment-full size-full\" alt=\"\" loading=\"lazy\" srcset=\"https:\/\/gruene-wiesbaden.de\/wp-content\/uploads\/2025\/11\/1.8-Digitale-Infrastruktur-und-digitale-Services-fuer-alle-scaled.jpeg 1991w, https:\/\/gruene-wiesbaden.de\/wp-content\/uploads\/2025\/11\/1.8-Digitale-Infrastruktur-und-digitale-Services-fuer-alle-311x400.jpeg 311w, https:\/\/gruene-wiesbaden.de\/wp-content\/uploads\/2025\/11\/1.8-Digitale-Infrastruktur-und-digitale-Services-fuer-alle-467x600.jpeg 467w\" sizes=\"auto, (max-width: 1991px) 100vw, 1991px\" \/><\/div><\/div><div class=\"w-separator size_small\"><\/div><\/div><\/div><\/div><div class=\"w-separator size_medium\"><\/div><div class=\"w-separator size_medium\"><\/div><div class=\"wpb_text_column\"><div class=\"wpb_wrapper\"><h1>Kaj digitalna infrastruktura in politika digitalnih storitev pomenita za vse nas<\/h1>\n<\/div><\/div><div class=\"w-separator size_large\"><\/div><div class=\"g-cols wpb_row via_grid cols_3 laptops-cols_inherit tablets-cols_inherit mobiles-cols_1 valign_top type_default stacking_default\" style=\"--columns-gap:3rem;\"><div class=\"wpb_column vc_column_container\"><div class=\"vc_column-inner\"><div class=\"w-iconbox us_custom_8b3d6790 has_text_color iconpos_left style_default color_custom align_left\"><div class=\"w-iconbox-icon\" style=\"font-size:2rem;--icon-color:#Ffffff;--icon-bg-color:var(--color-header-middle-bg);\"><i class=\"fas fa-layer-group\"><\/i><\/div><div class=\"w-iconbox-meta\"><h4 class=\"w-iconbox-title\" style=\"font-size:1.5rem;\">Zagotavljanje digitalne udele\u017ebe<\/h4><div class=\"w-iconbox-text\"><p><span style=\"font-weight: 400;\">Digitalizacija mora koristiti vsem ljudem, ne glede na dohodek, starost ali izvor. Poskrbeti moramo, da nih\u010de ne bo zapostavljen.<\/span><\/p>\n<\/div><\/div><\/div><\/div><\/div><div class=\"wpb_column vc_column_container\"><div class=\"vc_column-inner\"><div class=\"w-iconbox us_custom_8b3d6790 has_text_color iconpos_left style_default color_custom align_left\"><div class=\"w-iconbox-icon\" style=\"font-size:2rem;--icon-color:#Ffffff;--icon-bg-color:var(--color-header-transparent-text);\"><i class=\"fas fa-layer-group\"><\/i><\/div><div class=\"w-iconbox-meta\"><h4 class=\"w-iconbox-title\" style=\"font-size:1.5rem;\">Digitalna storitev, preprosta<\/h4><div class=\"w-iconbox-text\"><p><span style=\"font-weight: 400;\">Digitalne ponudbe morajo biti hitre, uporabniku prijazne in nezapletene \u2013 z jasno usmeritvijo v vsakdanje \u017eivljenje dr\u017eavljanov namesto v uradno logiko.<\/span><\/p>\n<\/div><\/div><\/div><\/div><\/div><div class=\"wpb_column vc_column_container\"><div class=\"vc_column-inner\"><div class=\"w-iconbox us_custom_8b3d6790 has_text_color iconpos_left style_default color_custom align_left\"><div class=\"w-iconbox-icon\" style=\"font-size:2rem;--icon-color:#Ffffff;--icon-bg-color:var(--color-header-transparent-text);\"><i class=\"fas fa-layer-group\"><\/i><\/div><div class=\"w-iconbox-meta\"><h4 class=\"w-iconbox-title\" style=\"font-size:1.5rem;\">Odgovorna uporaba umetne inteligence<\/h4><div class=\"w-iconbox-text\"><p><span style=\"font-weight: 400;\">Z umetno inteligenco bi moral Wiesbaden postati pametnej\u0161i: z u\u010dinkovitim upravljanjem in bolj\u0161imi storitvami. Za nas velja naslednje: Varstvo podatkov, preglednost in eti\u010dni standardi imajo vedno prednost.<\/span><\/p>\n<p><br style=\"font-weight: 400;\" \/><br style=\"font-weight: 400;\" \/><\/p>\n<\/div><\/div><\/div><\/div><\/div><\/div><div class=\"w-separator size_medium\"><\/div><div class=\"g-cols wpb_row via_grid cols_3 laptops-cols_inherit tablets-cols_inherit mobiles-cols_1 valign_top type_default stacking_default\" style=\"--columns-gap:3rem;\"><div class=\"wpb_column vc_column_container\"><div class=\"vc_column-inner\"><div class=\"w-iconbox us_custom_8b3d6790 has_text_color iconpos_left style_default color_custom align_left\"><div class=\"w-iconbox-icon\" style=\"font-size:2rem;--icon-color:#Ffffff;--icon-bg-color:var(--color-header-middle-bg);\"><i class=\"fas fa-layer-group\"><\/i><\/div><div class=\"w-iconbox-meta\"><h4 class=\"w-iconbox-title\" style=\"font-size:1.5rem;\">Suveren in varen<\/h4><div class=\"w-iconbox-text\"><p><span style=\"font-weight: 400;\">Zana\u0161amo se na odprto kodo, varstvo podatkov in visoko informacijsko varnost. Zato Wiesbaden ostaja neodvisen in odporen na digitalna tveganja.<\/span><\/p>\n<\/div><\/div><\/div><\/div><\/div><div class=\"wpb_column vc_column_container\"><div class=\"vc_column-inner\"><div class=\"w-iconbox us_custom_8b3d6790 has_text_color iconpos_left style_default color_custom align_left\"><div class=\"w-iconbox-icon\" style=\"font-size:2rem;--icon-color:#Ffffff;--icon-bg-color:var(--color-header-transparent-text);\"><i class=\"fas fa-layer-group\"><\/i><\/div><div class=\"w-iconbox-meta\"><h4 class=\"w-iconbox-title\" style=\"font-size:1.5rem;\">Trajnostna digitalizacija<\/h4><div class=\"w-iconbox-text\"><p><span style=\"font-weight: 400;\">Infrastruktura in storitve IT bi morale biti var\u010dne z viri, podnebju prijazne in pravi\u010dno nabavljene. Trajnost je smernica za vsako digitalno nalo\u017ebo.<\/span><\/p>\n<\/div><\/div><\/div><\/div><\/div><div class=\"wpb_column vc_column_container\"><div class=\"vc_column-inner\"><div class=\"w-iconbox us_custom_8b3d6790 has_text_color iconpos_left style_default color_custom align_left\"><div class=\"w-iconbox-icon\" style=\"font-size:2rem;--icon-color:#Ffffff;--icon-bg-color:var(--color-header-transparent-text);\"><i class=\"fas fa-layer-group\"><\/i><\/div><div class=\"w-iconbox-meta\"><h4 class=\"w-iconbox-title\" style=\"font-size:1.5rem;\">Skupno oblikovanje inovacij<\/h4><div class=\"w-iconbox-text\"><p><span style=\"font-weight: 400;\">Digitalizacijo je mogo\u010de dose\u010di le z dialogom. Spodbujamo odprte laboratorije, pametne ideje urbane dru\u017ebe in sodelovanje v projektih pametnih mest.<\/span><\/p>\n<\/div><\/div><\/div><\/div><\/div><\/div><div class=\"w-separator size_medium\"><\/div><div class=\"w-btn-wrapper align_left\"><a class=\"w-btn us-btn-style_8 icon_atleft\" href=\"https:\/\/gruene-wiesbaden.de\/sl\/kommunalwahl\/#Kapitel1\"><i class=\"fas fa-chevron-circle-right\"><\/i><span class=\"w-btn-label\">Nazaj na pregled<\/span><\/a><\/div><div class=\"w-separator size_medium\"><\/div><\/div><\/div><\/div><\/div><\/section><section class=\"l-section wpb_row height_auto with_img\"><div class=\"l-section-img\" role=\"img\" data-img-width=\"1991\" data-img-height=\"2560\" style=\"background-image: url(https:\/\/gruene-wiesbaden.de\/wp-content\/uploads\/2025\/11\/1.8-Digitale-Infrastruktur-und-digitale-Services-fuer-alle-scaled.jpeg);background-repeat: no-repeat;\"><\/div><div class=\"l-section-overlay\" style=\"background:var(--color-header-top-transparent-bg)\"><\/div><div class=\"l-section-h i-cf\"><div class=\"g-cols vc_row via_grid cols_1 laptops-cols_inherit tablets-cols_inherit mobiles-cols_1 valign_middle type_default stacking_default\" style=\"--columns-gap:1rem;\"><div class=\"wpb_column vc_column_container\"><div class=\"vc_column-inner\"><div class=\"w-separator size_large\"><\/div><div class=\"wpb_text_column background_inside_text\"><div class=\"wpb_wrapper\"><h1>Kaj \u017eelimo konkretno storiti na tem podro\u010dju<\/h1>\n<\/div><\/div><div class=\"w-separator size_medium\"><\/div><div class=\"w-tabs us_custom_42d693a0 has_text_color style_default switch_click accordion has_scrolling\" style=\"--sections-title-size:1.4rem\"><div class=\"w-tabs-sections titles-align_none icon_chevron cpos_right\"><div class=\"w-tabs-section has_text_color\" id=\"jcd1\" style=\"background:var(--color-header-transparent-text);color:var(--color-header-top-text-hover);\"><button class=\"w-tabs-section-header\" aria-controls=\"content-jcd1\" aria-expanded=\"false\"><div class=\"w-tabs-section-title\">Napredna raz\u0161iritev Wi-Fi za javno uporabo<\/div><div class=\"w-tabs-section-control\"><\/div><\/button><div  class=\"w-tabs-section-content\" id=\"content-jcd1\"><div class=\"w-tabs-section-content-h i-cf\"><div class=\"wpb_text_column\"><div class=\"wpb_wrapper\"><p><span style=\"font-weight: 400;\">Digitalna udele\u017eba potrebuje prost dostop. Zavezani smo k zagotavljanju, da so parki, trgi, mladinski objekti in izobra\u017eevalne ustanove v Wiesbadnu opremljeni z brezpla\u010dnim brez\u017ei\u010dnim internetom, tako da lahko vsakdo koristi. Na ta na\u010din omogo\u010damo digitalno udele\u017ebo ne glede na prora\u010dun ter poskrbimo, da je mesto sodobno, privla\u010dno in primerno za prihodnost.<\/span><\/p>\n<\/div><\/div><\/div><\/div><\/div><div class=\"w-tabs-section has_text_color\" id=\"sdef\" style=\"background:var(--color-header-transparent-text);color:var(--color-header-top-text-hover);\"><button class=\"w-tabs-section-header\" aria-controls=\"content-sdef\" aria-expanded=\"false\"><div class=\"w-tabs-section-title\">App Uvedite vse Wiesbaden<\/div><div class=\"w-tabs-section-control\"><\/div><\/button><div  class=\"w-tabs-section-content\" id=\"content-sdef\"><div class=\"w-tabs-section-content-h i-cf\"><div class=\"wpb_text_column\"><div class=\"wpb_wrapper\"><p><span style=\"font-weight: 400;\">Kulturne, prosto\u010dasne in izobra\u017eevalne ponudbe ter digitalne storitve \u017eelimo jasno zdru\u017eiti na enem mestu. \u201eAlles Wiesbaden\u201c, ki je povezan s spleti\u0161\u010dem mesta in drugimi ustreznimi storitvami, bo postal digitalno srce mesta \u2013 informativno, interaktivno in podnebno ozave\u0161\u010deno. Aplikacijo je treba dosledno raz\u0161iriti z dodatnimi informacijami in mo\u017enostmi interakcije.<\/span><\/p>\n<\/div><\/div><\/div><\/div><\/div><div class=\"w-tabs-section has_text_color\" id=\"qf0c\" style=\"background:var(--color-header-transparent-text);color:var(--color-header-top-text-hover);\"><button class=\"w-tabs-section-header\" aria-controls=\"content-qf0c\" aria-expanded=\"false\"><div class=\"w-tabs-section-title\">Upravljanje brez ovir<\/div><div class=\"w-tabs-section-control\"><\/div><\/button><div  class=\"w-tabs-section-content\" id=\"content-qf0c\"><div class=\"w-tabs-section-content-h i-cf\"><div class=\"wpb_text_column\"><div class=\"wpb_wrapper\"><p><span style=\"font-weight: 400;\">Storitve digitalne uprave v Wiesbadnu \u017eelimo razviti tako, da bodo dostopne vsem \u2013 uporabniku prijazne, ve\u010djezi\u010dne in brez ovir. Obrazci in storitve so poenostavljeni, mobilne naprave so bolje upo\u0161tevane in ponudbe pomo\u010di integrirane. S tem ustvarjamo upravo, ki nikogar ne izklju\u010duje in vsem dr\u017eavljanom omogo\u010da, da se hitro in enostavno spoprimejo s svojimi pomisleki na spletu.<\/span><\/p>\n<\/div><\/div><\/div><\/div><\/div><div class=\"w-tabs-section has_text_color\" id=\"m027\" style=\"background:var(--color-header-middle-bg);color:var(--color-content-heading);\"><button class=\"w-tabs-section-header\" aria-controls=\"content-m027\" aria-expanded=\"false\"><div class=\"w-tabs-section-title\">Ponovna preu\u010ditev administracije<\/div><div class=\"w-tabs-section-control\"><\/div><\/button><div  class=\"w-tabs-section-content\" id=\"content-m027\"><div class=\"w-tabs-section-content-h i-cf\"><div class=\"wpb_text_column\"><div class=\"wpb_wrapper\"><p><span style=\"font-weight: 400;\">Digitalni opomniki se izogibajo opustitvam, laj\u0161ajo administracijo in prihranijo \u010das. Zavezani smo k uvedbi postopka digitalnega opomnika za potek veljavnosti osebnih izkaznic. Dr\u017eavljani so o tem pravo\u010dasno obve\u0161\u010deni s pismom, elektronsko po\u0161to ali aplikacijo, vlogo pa lahko oddajo pred\u010dasno. To zmanj\u0161uje stres, prepre\u010duje izpuste in laj\u0161a administracijo, saj kratkoro\u010dne aplikacije postanejo redkej\u0161e. Hkrati se izbolj\u0161ujejo storitve za vse dr\u017eavljane, uprava pa postaja enostavnej\u0161a in uporabniku prijaznej\u0161a.<\/span><\/p>\n<\/div><\/div><\/div><\/div><\/div><div class=\"w-tabs-section has_text_color\" id=\"c140\" style=\"background:var(--color-header-transparent-text);color:var(--color-header-top-text-hover);\"><button class=\"w-tabs-section-header\" aria-controls=\"content-c140\" aria-expanded=\"false\"><div class=\"w-tabs-section-title\">Povezanost uprave s 115<\/div><div class=\"w-tabs-section-control\"><\/div><\/button><div  class=\"w-tabs-section-content\" id=\"content-c140\"><div class=\"w-tabs-section-content-h i-cf\"><div class=\"wpb_text_column\"><div class=\"wpb_wrapper\"><p><span style=\"font-weight: 400;\">Upravo Wiesbadna \u017eelimo povezati z nem\u0161kim organom \u0161t. 115. Dr\u017eavljani in podjetja imajo na primer pristojno kontaktno to\u010dko za vsa vladna vpra\u0161anja \u2013 od odstranjevanja odpadkov do registracije vozil. To olaj\u0161uje dostop, zmanj\u0161uje birokracijo in krepi storitve za dr\u017eavljane.<\/span><\/p>\n<\/div><\/div><\/div><\/div><\/div><div class=\"w-tabs-section has_text_color\" id=\"p26a\" style=\"background:var(--color-header-middle-bg);color:var(--color-header-middle-text);\"><button class=\"w-tabs-section-header\" aria-controls=\"content-p26a\" aria-expanded=\"false\"><div class=\"w-tabs-section-title\">Digitalno upravljanje, enostavno pojasnjeno<\/div><div class=\"w-tabs-section-control\"><\/div><\/button><div  class=\"w-tabs-section-content\" id=\"content-p26a\"><div class=\"w-tabs-section-content-h i-cf\"><div class=\"wpb_text_column\"><div class=\"wpb_wrapper\"><p><span style=\"font-weight: 400;\">Vzpostaviti \u017eelimo stalne kontaktne to\u010dke za digitalno podporo v Wiesbadnu, za\u010den\u0161i z osrednjo prvostopenjsko podporo v mestni hi\u0161i, kjer dr\u017eavljani prejmejo nezapleteno pomo\u010d pri postopku digitalne prijave. Poleg tega bodo na voljo te\u010daji usposabljanja in delavnice za krepitev digitalnih znanj in spretnosti. Ta ve\u010dstopenjski model olaj\u0161uje digitalno udele\u017ebo, laj\u0161a lokalno upravo in zagotavlja, da digitalni napredek nikogar ne zapostavlja. Kasneje bodo mobilne ekipe raz\u0161irile obseg storitev in zagotovile podporo neposredno na kraju samem.<\/span><\/p>\n<\/div><\/div><\/div><\/div><\/div><div class=\"w-tabs-section has_text_color\" id=\"s384\" style=\"background:var(--color-header-transparent-text);color:var(--color-header-top-text-hover);\"><button class=\"w-tabs-section-header\" aria-controls=\"content-s384\" aria-expanded=\"false\"><div class=\"w-tabs-section-title\">Digitalno na prvem mestu<\/div><div class=\"w-tabs-section-control\"><\/div><\/button><div  class=\"w-tabs-section-content\" id=\"content-s384\"><div class=\"w-tabs-section-content-h i-cf\"><div class=\"wpb_text_column\"><div class=\"wpb_wrapper\"><p><span style=\"font-weight: 400;\">Mestne storitve bi morale biti dostopne digitalno, hitro in nebirokratsko, uprava pa bi morala postati uporabnikom prijaznej\u0161a. Z digitalnim pristopom se zana\u0161amo na avtomatizirane, digitalizirane procese brez aplikacij, ki prihranijo \u010das in stro\u0161ke, pove\u010dajo kakovost storitev in \u0161e vedno zagotavljajo podobne alternative.<\/span><\/p>\n<\/div><\/div><\/div><\/div><\/div><div class=\"w-tabs-section has_text_color\" id=\"y4a0\" style=\"background:var(--color-header-transparent-text);color:var(--color-header-top-text-hover);\"><button class=\"w-tabs-section-header\" aria-controls=\"content-y4a0\" aria-expanded=\"false\"><div class=\"w-tabs-section-title\">Krepitev digitalne suverenosti<\/div><div class=\"w-tabs-section-control\"><\/div><\/button><div  class=\"w-tabs-section-content\" id=\"content-y4a0\"><div class=\"w-tabs-section-content-h i-cf\"><div class=\"wpb_text_column\"><div class=\"wpb_wrapper\"><p><span style=\"font-weight: 400;\">GR\u00dcNE \u017eelimo okrepiti digitalno suverenost Wiesbadna s prednostno uporabo odprtokodne programske opreme v upravi Wiesbadna. Lastni\u0161ke sisteme bodo postopoma nadomestile odprte re\u0161itve, ki jih bo mogo\u010de pro\u017eno prilagoditi lokalnim potrebam v Wiesbadnu. Da bi to dosegli, smo zavezani potrebnim okvirnim pogojem: Usposabljanje zaposlenih in strokovna podpora v sodelovanju z regionalnimi ponudniki IT storitev in univerzami. Na ta na\u010din spodbujamo inovacije, prepre\u010dujemo odvisnost, ustvarjamo preglednost, krepimo varstvo podatkov in pove\u010dujemo digitalno suverenost na\u0161ega mesta, ne da bi pri tem pustili zaposlene pri miru.<\/span><\/p>\n<\/div><\/div><\/div><\/div><\/div><div class=\"w-tabs-section has_text_color\" id=\"h5bc\" style=\"background:var(--color-header-transparent-text);color:var(--color-header-top-text-hover);\"><button class=\"w-tabs-section-header\" aria-controls=\"content-h5bc\" aria-expanded=\"false\"><div class=\"w-tabs-section-title\">IT za prihodnost Wiesbadna<\/div><div class=\"w-tabs-section-control\"><\/div><\/button><div  class=\"w-tabs-section-content\" id=\"content-h5bc\"><div class=\"w-tabs-section-content-h i-cf\"><div class=\"wpb_text_column\"><div class=\"wpb_wrapper\"><p><span style=\"font-weight: 400;\">Utrditi \u017eelimo urbane informacijske procese in jih narediti u\u010dinkovitej\u0161e, tako v Wiesbadnu kot v sodelovanju z drugimi ob\u010dinami. Cilj je bolje povezati procese, okrepiti usklajevanje med uradi in prepre\u010diti posamezne ukrepe. Poleg tega \u017eelimo, da se pri prenosu urbanih IT-procesov preverijo potenciali za skupno, centralizirano zagotavljanje storitev in procesov, da bi zdru\u017eili vire, zmanj\u0161ali stro\u0161ke in pove\u010dali operativno varnost. Skupne re\u0161itve z drugimi ob\u010dinami ustvarjajo u\u010dinke pove\u010danja, zmanj\u0161ujejo stro\u0161ke ter pove\u010dujejo varnost, u\u010dinkovitost in kakovost storitev. To naredi Wiesbadnovo administracijo bolj u\u010dinkovito in uporabniku prijazno.<\/span><\/p>\n<\/div><\/div><\/div><\/div><\/div><div class=\"w-tabs-section has_text_color\" id=\"c6dc\" style=\"background:var(--color-header-transparent-text);color:var(--color-header-top-text-hover);\"><button class=\"w-tabs-section-header\" aria-controls=\"content-c6dc\" aria-expanded=\"false\"><div class=\"w-tabs-section-title\">Digitalna varnost<\/div><div class=\"w-tabs-section-control\"><\/div><\/button><div  class=\"w-tabs-section-content\" id=\"content-c6dc\"><div class=\"w-tabs-section-content-h i-cf\"><div class=\"wpb_text_column\"><div class=\"wpb_wrapper\"><p><span style=\"font-weight: 400;\">Zavezani smo k dosledni krepitvi informacijske varnosti v Wiesbadnu, vklju\u010dno z razvojem sodobnih sistemov za\u0161\u010dite, izvajanjem rednih varnostnih pregledov in stalnim usposabljanjem mestnega osebja za obvladovanje digitalnih tveganj. Tako bodo mestna omre\u017eja in sistemi odpornej\u0161i na kibernetske napade, ob\u010dutljivi podatki pa bodo zanesljivo za\u0161\u010diteni. Samo z visoko informacijsko varnostjo je digitalna uprava \u0161e vedno zaupanja vredna in pripravljena na prihodnost. Podatki prebivalcev Wiesbadna morajo biti varno za\u0161\u010diteni.<\/span><\/p>\n<\/div><\/div><\/div><\/div><\/div><div class=\"w-tabs-section has_text_color\" id=\"y7f5\" style=\"background:var(--color-header-transparent-text);color:var(--color-header-top-text-hover);\"><button class=\"w-tabs-section-header\" aria-controls=\"content-y7f5\" aria-expanded=\"false\"><div class=\"w-tabs-section-title\">Odgovorna uporaba umetne inteligence<\/div><div class=\"w-tabs-section-control\"><\/div><\/button><div  class=\"w-tabs-section-content\" id=\"content-y7f5\"><div class=\"w-tabs-section-content-h i-cf\"><div class=\"wpb_text_column\"><div class=\"wpb_wrapper\"><p><span style=\"font-weight: 400;\">Umetna inteligenca ponuja velike prilo\u017enosti za upravljanje in razvoj mest. \u017delimo, da se sistemi, ki temeljijo na umetni inteligenci, uporabljajo posebej v upravi, kjer ustvarjajo resni\u010dno dodano vrednost za dr\u017eavljane, da bi hitreje obravnavali zahtevke, poenostavili storitve za dr\u017eavljane in u\u010dinkoviteje uporabljali vire. Preglednost, varstvo podatkov in usmerjenost k uporabniku so glavne prednostne naloge. Poleg tega smo zavezani kompeten\u010dnemu centru za umetno inteligenco v Wiesbadnu, ki povezuje administracijo, poslovanje in znanost ter odgovorno spodbuja inovativne aplikacije.<\/span><\/p>\n<\/div><\/div><\/div><\/div><\/div><div class=\"w-tabs-section has_text_color\" id=\"l90e\" style=\"background:var(--color-header-transparent-text);color:var(--color-header-top-text-hover);\"><button class=\"w-tabs-section-header\" aria-controls=\"content-l90e\" aria-expanded=\"false\"><div class=\"w-tabs-section-title\">Pametno mesto 2.0<\/div><div class=\"w-tabs-section-control\"><\/div><\/button><div  class=\"w-tabs-section-content\" id=\"content-l90e\"><div class=\"w-tabs-section-content-h i-cf\"><div class=\"wpb_text_column\"><div class=\"wpb_wrapper\"><p><span style=\"font-weight: 400;\">Obstaja veliko na\u010dinov, kako narediti mesto pametnej\u0161e z digitalnimi sredstvi. Z digitalnimi sredstvi \u017eelimo narediti \u017eivljenje v Wiesbadnu pametnej\u0161e, u\u010dinkovitej\u0161e in prijetnej\u0161e - s sodelovanjem, preglednostjo in skupnim delovanjem. Najbolj\u0161e ideje izhajajo iz dialoga. Zato \u017eelimo, da lahko dr\u017eavljani na delavnicah oblikujejo digitalne teme, kot so mobilnost, uprava ali trajnostni razvoj mest. Politi\u010dno bi radi podprli ideje Pametnega mesta, ki ponujajo najve\u010djo korist za mestno dru\u017ebo, pri njihovem izvajanju.<\/span><\/p>\n<\/div><\/div><\/div><\/div><\/div><div class=\"w-tabs-section has_text_color\" id=\"aa30\" style=\"background:var(--color-header-transparent-text);color:var(--color-header-top-text-hover);\"><button class=\"w-tabs-section-header\" aria-controls=\"content-aa30\" aria-expanded=\"false\"><div class=\"w-tabs-section-title\">Krepitev digitalnih laboratorijev<\/div><div class=\"w-tabs-section-control\"><\/div><\/button><div  class=\"w-tabs-section-content\" id=\"content-aa30\"><div class=\"w-tabs-section-content-h i-cf\"><div class=\"wpb_text_column\"><div class=\"wpb_wrapper\"><p><span style=\"font-weight: 400;\">Zagotavljamo financiranje obstoje\u010dih inovacijskih lokacij, kot je Zukunftswerk, in \u017eelimo, da se raz\u0161irijo kot sestavni del digitalnega razvoja mest. Hkrati digitalni laboratoriji in pobude spodbujajo eksperimente, delavnice in projekte, na primer med po\u010ditnicami ali v \u0161olah, da bi zlasti mlade \u017ee zgodaj navdihnili pri digitalnih temah. To \u017eelimo podpreti. Zavezani smo tudi ustvarjanju nizkopra\u017enih ponudb, kot je \u201edigitalna kavarna\u201c, oblikovana po vzoru kavarne za popravila: Tu lahko dr\u017eavljani postavljajo vpra\u0161anja, sodelujejo pri iskanju re\u0161itev ali se seznanijo z novimi tehnologijami. S temi vsestranskimi testnimi laboratoriji spodbujamo izmenjavo, soustvarjanje in inovacije ter omogo\u010damo, da je digitalizacija oprijemljiva za vse v Wiesbadnu.<\/span><\/p>\n<\/div><\/div><\/div><\/div><\/div><\/div><\/div><div class=\"w-separator size_medium\"><\/div><div class=\"w-btn-wrapper align_left\"><a class=\"w-btn us-btn-style_8 icon_atleft\" href=\"https:\/\/gruene-wiesbaden.de\/sl\/kommunalwahl\/#Kapitel1\"><i class=\"fas fa-chevron-circle-right\"><\/i><span class=\"w-btn-label\">Nazaj na pregled<\/span><\/a><\/div><div class=\"w-separator size_large\"><\/div><div class=\"wpb_text_column\"><div class=\"wpb_wrapper\"><h1>Kaj smo \u017ee dosegli<\/h1>\n<\/div><\/div><div class=\"w-separator size_medium\"><\/div><div class=\"w-tabs us_custom_42d693a0 has_text_color style_default switch_click accordion has_scrolling\" style=\"--sections-title-size:1.4rem\"><div class=\"w-tabs-sections titles-align_none icon_chevron cpos_right\"><div class=\"w-tabs-section has_text_color\" id=\"h1ee\" style=\"background:var(--color-header-transparent-text);color:var(--color-header-top-text-hover);\"><button class=\"w-tabs-section-header\" aria-controls=\"content-h1ee\" aria-expanded=\"false\"><div class=\"w-tabs-section-title\">Nova spletna stran mesta Wiesbaden<\/div><div class=\"w-tabs-section-control\"><\/div><\/button><div  class=\"w-tabs-section-content\" id=\"content-h1ee\"><div class=\"w-tabs-section-content-h i-cf\"><div class=\"wpb_text_column\"><div class=\"wpb_wrapper\"><p><span style=\"font-weight: 400;\">Mesto Wiesbaden je posodobilo svojo spletno stran, da bi olaj\u0161alo dostop do informacij in storitev. Spletna stran je brez ovir in ponuja vsebine v 12 jezikih. Poleg tega bodo na voljo vsebine v preprostem jeziku in nem\u0161kem znakovnem jeziku, da se dodatno pove\u010da dostopnost.<\/span><\/p>\n<\/div><\/div><\/div><\/div><\/div><div class=\"w-tabs-section has_text_color\" id=\"u321\" style=\"background:var(--color-header-transparent-text);color:var(--color-header-top-text-hover);\"><button class=\"w-tabs-section-header\" aria-controls=\"content-u321\" aria-expanded=\"false\"><div class=\"w-tabs-section-title\">Vse ve\u010d digitalnih storitev olaj\u0161uje vsakdanje \u017eivljenje<\/div><div class=\"w-tabs-section-control\"><\/div><\/button><div  class=\"w-tabs-section-content\" id=\"content-u321\"><div class=\"w-tabs-section-content-h i-cf\"><div class=\"wpb_text_column\"><div class=\"wpb_wrapper\"><p><span style=\"font-weight: 400;\">V Wiesbadnu imajo dr\u017eavljani dostop do \u0161tevilnih mestnih storitev na spletu. Za potrdila o registraciji ali potrdila o dobrem ravnanju lahko zaprosite iz udobja va\u0161ega doma. Imenovanja v uradu za dr\u017eavljane ali za potne liste je mogo\u010de rezervirati tudi digitalno, kar bistveno skraj\u0161a \u010dakalne dobe. Interaktivni zemljevid mesta omogo\u010da la\u017eje iskanje \u0161ol, vrtcev, \u0161portnih objektov ali parkiri\u0161\u010d ter dodatne informacije o odpiralnem \u010dasu, ponudbi in dostopnosti. Dr\u017eavljani so vedno obve\u0161\u010deni o aplikacijah in digitalnih biltenih, na primer o gradbi\u0161\u010dih, prevozu ali civilni za\u0161\u010diti.<\/span><\/p>\n<p><span style=\"font-weight: 400;\">Kulturne in prosto\u010dasne dejavnosti so na voljo tudi na spletu: Vstopnice za ob\u010dinska gledali\u0161\u010da, muzeje ali \u0161portne dogodke lahko rezervirate digitalno, virtualni ogledi ali dogodki pa dodatno raz\u0161irijo ponudbo. Obmo\u010dja za \u017ear in mestne hi\u0161e v mestu je mogo\u010de priro\u010dno rezervirati tudi na spletu.<\/span><\/p>\n<\/div><\/div><\/div><\/div><\/div><div class=\"w-tabs-section has_text_color\" id=\"d43c\" style=\"background:var(--color-header-transparent-text);color:var(--color-header-top-text-hover);\"><button class=\"w-tabs-section-header\" aria-controls=\"content-d43c\" aria-expanded=\"false\"><div class=\"w-tabs-section-title\">Informacije o mestu Wiesbaden so digitalno na voljo vsem<\/div><div class=\"w-tabs-section-control\"><\/div><\/button><div  class=\"w-tabs-section-content\" id=\"content-d43c\"><div class=\"w-tabs-section-content-h i-cf\"><div class=\"wpb_text_column\"><div class=\"wpb_wrapper\"><p><span style=\"font-weight: 400;\">Wiesbaden dr\u017eavljanom in zainteresiranim stranem zagotavlja iz\u010drpne digitalne informacije o mestu. Digitalni statisti\u010dni letopis vsebuje podrobne podatke in statistiko, dopolnjene z interaktivnimi zemljevidi in Excelovimi preglednicami, ki zagotavljajo hiter in pregleden vpogled v vse ustrezne mestne metrike.<\/span><\/p>\n<\/div><\/div><\/div><\/div><\/div><div class=\"w-tabs-section has_text_color\" id=\"k556\" style=\"background:var(--color-header-middle-bg);color:var(--color-content-heading);\"><button class=\"w-tabs-section-header\" aria-controls=\"content-k556\" aria-expanded=\"false\"><div class=\"w-tabs-section-title\">Predstavljamo otro\u0161ko aplikacijo Kids Fox<\/div><div class=\"w-tabs-section-control\"><\/div><\/button><div  class=\"w-tabs-section-content\" id=\"content-k556\"><div class=\"w-tabs-section-content-h i-cf\"><div class=\"wpb_text_column\"><div class=\"wpb_wrapper\"><p><span style=\"font-weight: 400;\">Od leta 2025 je bila aplikacija Kids Fox uvedena v vseh 42 mestnih dnevnih centrih. To podpira star\u0161e in osebje v vrtcu pri komunikaciji in organizaciji. Aplikacija ponuja funkcijo samodejnega prevajanja v 27 jezikov.<\/span><\/p>\n<\/div><\/div><\/div><\/div><\/div><div class=\"w-tabs-section has_text_color\" id=\"a677\" style=\"background:var(--color-header-transparent-text);color:var(--color-header-top-text-hover);\"><button class=\"w-tabs-section-header\" aria-controls=\"content-a677\" aria-expanded=\"false\"><div class=\"w-tabs-section-title\">Pregledni podatki za vse<\/div><div class=\"w-tabs-section-control\"><\/div><\/button><div  class=\"w-tabs-section-content\" id=\"content-a677\"><div class=\"w-tabs-section-content-h i-cf\"><div class=\"wpb_text_column\"><div class=\"wpb_wrapper\"><p><span style=\"font-weight: 400;\">Nova strategija za odprte podatke bo do jeseni 2025 v Wiesbadnu vzpostavila osrednjo platformo, ki bo dr\u017eavljanom, podjetjem in akademskim krogom omogo\u010dila prost dostop do podatkov, kar je mejnik za preglednost in inovacije.<\/span><\/p>\n<\/div><\/div><\/div><\/div><\/div><div class=\"w-tabs-section has_text_color\" id=\"d799\" style=\"background:var(--color-header-transparent-text);color:var(--color-header-top-text-hover);\"><button class=\"w-tabs-section-header\" aria-controls=\"content-d799\" aria-expanded=\"false\"><div class=\"w-tabs-section-title\">Okrepljena svoboda obve\u0161\u010danja<\/div><div class=\"w-tabs-section-control\"><\/div><\/button><div  class=\"w-tabs-section-content\" id=\"content-d799\"><div class=\"w-tabs-section-content-h i-cf\"><div class=\"wpb_text_column\"><div class=\"wpb_wrapper\"><p><span style=\"font-weight: 400;\">Statut o svobodi obve\u0161\u010danja v Wiesbadnu velja od januarja 2023. Dr\u017eavljanom omogo\u010da enostaven dostop do uradnih informacij ter tako krepi zaupanje in demokrati\u010dno udele\u017ebo.<\/span><\/p>\n<\/div><\/div><\/div><\/div><\/div><div class=\"w-tabs-section has_text_color\" id=\"p8cc\" style=\"background:var(--color-header-transparent-text);color:var(--color-header-top-text-hover);\"><button class=\"w-tabs-section-header\" aria-controls=\"content-p8cc\" aria-expanded=\"false\"><div class=\"w-tabs-section-title\">Politiko je mogo\u010de izkusiti v \u017eivo<\/div><div class=\"w-tabs-section-control\"><\/div><\/button><div  class=\"w-tabs-section-content\" id=\"content-p8cc\"><div class=\"w-tabs-section-content-h i-cf\"><div class=\"wpb_text_column\"><div class=\"wpb_wrapper\"><p><span style=\"font-weight: 400;\">Od marca 2024 se seje mestnega sveta v \u017eivo prena\u0161ajo na YouTubu. To naredi lokalno politiko preglednej\u0161o in vsakomur olaj\u0161a dostop do odlo\u010ditev.<\/span><\/p>\n<\/div><\/div><\/div><\/div><\/div><div class=\"w-tabs-section has_text_color\" id=\"p9ea\" style=\"background:var(--color-header-transparent-text);color:var(--color-header-top-text-hover);\"><button class=\"w-tabs-section-header\" aria-controls=\"content-p9ea\" aria-expanded=\"false\"><div class=\"w-tabs-section-title\">Platforma za prilo\u017enosti Wiesbaden<\/div><div class=\"w-tabs-section-control\"><\/div><\/button><div  class=\"w-tabs-section-content\" id=\"content-p9ea\"><div class=\"w-tabs-section-content-h i-cf\"><div class=\"wpb_text_column\"><div class=\"wpb_wrapper\"><p><span style=\"font-weight: 400;\">Platforma Prilo\u017enosti je bila vzpostavljena leta 2022 v okviru pobude WI WORK LIFE ?? Industry Skills Initiative. Dr\u017eavljanom zagotavlja digitalno podporo pri izobra\u017eevanju, usposabljanju in poklicnih poteh ter olaj\u0161uje dostop do ponudb za zaposlitev, nadaljnjega izobra\u017eevanja in vajeni\u0161tev v Wiesbadnu.<\/span><\/p>\n<\/div><\/div><\/div><\/div><\/div><div class=\"w-tabs-section has_text_color\" id=\"hb01\" style=\"background:var(--color-header-transparent-text);color:var(--color-header-top-text-hover);\"><button class=\"w-tabs-section-header\" aria-controls=\"content-hb01\" aria-expanded=\"false\"><div class=\"w-tabs-section-title\">Radar za usposabljanje Wiesbaden<\/div><div class=\"w-tabs-section-control\"><\/div><\/button><div  class=\"w-tabs-section-content\" id=\"content-hb01\"><div class=\"w-tabs-section-content-h i-cf\"><div class=\"wpb_text_column\"><div class=\"wpb_wrapper\"><p><span style=\"font-weight: 400;\">Radar za usposabljanje je bil uveden leta 2025. Prek te digitalne platforme lahko podjetja priporo\u010dijo ustrezne kandidate, ki jih zaradi zmogljivosti ne morejo zaposliti, drugim podjetjem s sede\u017eem v Wiesbadnu. Tako so mo\u017enosti usposabljanja v regiji \u0161e vedno pregledne in lahko dostopne.<\/span><\/p>\n<\/div><\/div><\/div><\/div><\/div><div class=\"w-tabs-section has_text_color\" id=\"mc16\" style=\"background:var(--color-header-transparent-text);color:var(--color-header-top-text-hover);\"><button class=\"w-tabs-section-header\" aria-controls=\"content-mc16\" aria-expanded=\"false\"><div class=\"w-tabs-section-title\">Forum za pobudo o kvalificiranih delavcih v industriji<\/div><div class=\"w-tabs-section-control\"><\/div><\/button><div  class=\"w-tabs-section-content\" id=\"content-mc16\"><div class=\"w-tabs-section-content-h i-cf\"><div class=\"wpb_text_column\"><div class=\"wpb_wrapper\"><p><span style=\"font-weight: 400;\">Forum Talent Initiative Industry je bil ustanovljen leta 2022. Digitalno povezuje strokovnjake in podpira podjetja pri iskanju in promociji talentov. Hkrati olaj\u0161uje poklicno izmenjavo med industrijo, izobra\u017eevalnimi ustanovami in organizacijami, da bi se okrepilo zadr\u017eanje usposobljenih delavcev v Wiesbadnu.<\/span><\/p>\n<\/div><\/div><\/div><\/div><\/div><div class=\"w-tabs-section has_text_color\" id=\"zd30\" style=\"background:var(--color-header-transparent-text);color:var(--color-header-top-text-hover);\"><button class=\"w-tabs-section-header\" aria-controls=\"content-zd30\" aria-expanded=\"false\"><div class=\"w-tabs-section-title\">Digitalizacija upravljanja gradnje<\/div><div class=\"w-tabs-section-control\"><\/div><\/button><div  class=\"w-tabs-section-content\" id=\"content-zd30\"><div class=\"w-tabs-section-content-h i-cf\"><div class=\"wpb_text_column\"><div class=\"wpb_wrapper\"><p><span style=\"font-weight: 400;\">Wiesbaden omogo\u010da hitrej\u0161e, preglednej\u0161e in digitalno dostopne gradbene procese. Arhitekti in gradbeniki oddajo vloge za gradbeno dovoljenje ter vloge za gradbeno dovoljenje in spomeni\u0161ko za\u0161\u010dito v celoti na spletu. S hibridno gradbeno aplikacijo od leta 2023 je mogo\u010da digitalna predlo\u017eitev dokumentov v obliki PDF \u2013 papirne kopije so potrebne le \u0161e enkrat. Hkrati digitalni dostop do datotek omogo\u010da gradbenikom, da si ogledajo gradbene datoteke na spletu in neposredno nalo\u017eijo zahtevane dokumente. Zaradi tega so postopki odobritve veliko bolj u\u010dinkoviti in priro\u010dni za vse vpletene.<\/span><\/p>\n<\/div><\/div><\/div><\/div><\/div><\/div><\/div><div class=\"w-separator size_medium\"><\/div><div class=\"w-btn-wrapper align_left\"><a class=\"w-btn us-btn-style_8 icon_atleft\" href=\"https:\/\/gruene-wiesbaden.de\/sl\/kommunalwahl\/#Kapitel1\"><i class=\"fas fa-chevron-circle-right\"><\/i><span class=\"w-btn-label\">Nazaj na pregled<\/span><\/a><\/div><div class=\"w-separator size_large\"><\/div><\/div><\/div><\/div><\/div><\/section>","protected":false},"excerpt":{"rendered":"Digitalna infrastruktura in digitalne storitve za vseDigitalne storitve so ve\u010d kot tehni\u010dna orodja \u2013 so klju\u010dnega pomena za zagotovitev, da uprava deluje hitro, enostavno in pregledno za vse Wiesbadenerje. Olaj\u0161ajo vsakdanje \u017eivljenje z enostavnim izpolnjevanjem prijav, rezervacijami terminov na uradu za dr\u017eavljane ali spletnimi vlogami za nepovratna sredstva. Digitalna udele\u017eba je ve\u010d kot le internetna povezava \u2013 je predpogoj ...","protected":false},"author":1,"featured_media":1511,"comment_status":"closed","ping_status":"closed","sticky":false,"template":"","format":"standard","meta":{"footnotes":""},"categories":[14],"tags":[],"class_list":["post-1335","post","type-post","status-publish","format-standard","has-post-thumbnail","hentry","category-kapitel-1"],"yoast_head":"<!-- This site is optimized with the Yoast SEO plugin v27.5 - https:\/\/yoast.com\/product\/yoast-seo-wordpress\/ -->\n<title>Digitale Infrastruktur und digitale Services f\u00fcr alle - B\u00dcNDNIS 90\/DIE GR\u00dcNEN Wiesbaden<\/title>\n<meta name=\"robots\" content=\"index, follow, max-snippet:-1, max-image-preview:large, max-video-preview:-1\" \/>\n<link rel=\"canonical\" href=\"https:\/\/gruene-wiesbaden.de\/sl\/digitale-infrastruktur-und-digitale-services-fuer-alle\/\" \/>\n<meta property=\"og:locale\" content=\"sl_SI\" \/>\n<meta property=\"og:type\" content=\"article\" \/>\n<meta property=\"og:title\" content=\"Digitale Infrastruktur und digitale Services f\u00fcr alle - B\u00dcNDNIS 90\/DIE GR\u00dcNEN Wiesbaden\" \/>\n<meta property=\"og:url\" content=\"https:\/\/gruene-wiesbaden.de\/sl\/digitale-infrastruktur-und-digitale-services-fuer-alle\/\" \/>\n<meta property=\"og:site_name\" content=\"B\u00dcNDNIS 90\/DIE GR\u00dcNEN Wiesbaden\" \/>\n<meta property=\"article:publisher\" content=\"https:\/\/www.facebook.com\/gruene.wi\" \/>\n<meta property=\"article:published_time\" content=\"2025-11-09T21:49:11+00:00\" \/>\n<meta property=\"article:modified_time\" content=\"2026-04-08T22:16:13+00:00\" \/>\n<meta property=\"og:image\" content=\"https:\/\/gruene-wiesbaden.de\/wp-content\/uploads\/2025\/11\/1.8-Digitale-Infrastruktur-und-digitale-Services-fuer-alle-scaled.jpeg\" \/>\n\t<meta property=\"og:image:width\" content=\"1991\" \/>\n\t<meta property=\"og:image:height\" content=\"2560\" \/>\n\t<meta property=\"og:image:type\" content=\"image\/jpeg\" \/>\n<meta name=\"author\" content=\"admin\" \/>\n<meta name=\"twitter:card\" content=\"summary_large_image\" \/>\n<meta name=\"twitter:label1\" content=\"Written by\" \/>\n\t<meta name=\"twitter:data1\" content=\"admin\" \/>\n\t<meta name=\"twitter:label2\" content=\"Est. reading time\" \/>\n\t<meta name=\"twitter:data2\" content=\"12 minutes\" \/>\n<script type=\"application\/ld+json\" class=\"yoast-schema-graph\">{\"@context\":\"https:\\\/\\\/schema.org\",\"@graph\":[{\"@type\":\"Article\",\"@id\":\"https:\\\/\\\/gruene-wiesbaden.de\\\/digitale-infrastruktur-und-digitale-services-fuer-alle\\\/#article\",\"isPartOf\":{\"@id\":\"https:\\\/\\\/gruene-wiesbaden.de\\\/digitale-infrastruktur-und-digitale-services-fuer-alle\\\/\"},\"author\":{\"name\":\"admin\",\"@id\":\"https:\\\/\\\/gruene-wiesbaden.de\\\/#\\\/schema\\\/person\\\/6785c34779159cd4fd86886bb097afe9\"},\"headline\":\"Digitale Infrastruktur und digitale Services f\u00fcr alle\",\"datePublished\":\"2025-11-09T21:49:11+00:00\",\"dateModified\":\"2026-04-08T22:16:13+00:00\",\"mainEntityOfPage\":{\"@id\":\"https:\\\/\\\/gruene-wiesbaden.de\\\/digitale-infrastruktur-und-digitale-services-fuer-alle\\\/\"},\"wordCount\":3375,\"publisher\":{\"@id\":\"https:\\\/\\\/gruene-wiesbaden.de\\\/#organization\"},\"image\":{\"@id\":\"https:\\\/\\\/gruene-wiesbaden.de\\\/digitale-infrastruktur-und-digitale-services-fuer-alle\\\/#primaryimage\"},\"thumbnailUrl\":\"https:\\\/\\\/gruene-wiesbaden.de\\\/wp-content\\\/uploads\\\/2025\\\/11\\\/1.8-Digitale-Infrastruktur-und-digitale-Services-fuer-alle-scaled.jpeg\",\"articleSection\":[\"Kapitel 1\"],\"inLanguage\":\"sl-SI\"},{\"@type\":\"WebPage\",\"@id\":\"https:\\\/\\\/gruene-wiesbaden.de\\\/digitale-infrastruktur-und-digitale-services-fuer-alle\\\/\",\"url\":\"https:\\\/\\\/gruene-wiesbaden.de\\\/digitale-infrastruktur-und-digitale-services-fuer-alle\\\/\",\"name\":\"Digitale Infrastruktur und digitale Services f\u00fcr alle - B\u00dcNDNIS 90\\\/DIE GR\u00dcNEN Wiesbaden\",\"isPartOf\":{\"@id\":\"https:\\\/\\\/gruene-wiesbaden.de\\\/#website\"},\"primaryImageOfPage\":{\"@id\":\"https:\\\/\\\/gruene-wiesbaden.de\\\/digitale-infrastruktur-und-digitale-services-fuer-alle\\\/#primaryimage\"},\"image\":{\"@id\":\"https:\\\/\\\/gruene-wiesbaden.de\\\/digitale-infrastruktur-und-digitale-services-fuer-alle\\\/#primaryimage\"},\"thumbnailUrl\":\"https:\\\/\\\/gruene-wiesbaden.de\\\/wp-content\\\/uploads\\\/2025\\\/11\\\/1.8-Digitale-Infrastruktur-und-digitale-Services-fuer-alle-scaled.jpeg\",\"datePublished\":\"2025-11-09T21:49:11+00:00\",\"dateModified\":\"2026-04-08T22:16:13+00:00\",\"breadcrumb\":{\"@id\":\"https:\\\/\\\/gruene-wiesbaden.de\\\/digitale-infrastruktur-und-digitale-services-fuer-alle\\\/#breadcrumb\"},\"inLanguage\":\"sl-SI\",\"potentialAction\":[{\"@type\":\"ReadAction\",\"target\":[\"https:\\\/\\\/gruene-wiesbaden.de\\\/digitale-infrastruktur-und-digitale-services-fuer-alle\\\/\"]}]},{\"@type\":\"ImageObject\",\"inLanguage\":\"sl-SI\",\"@id\":\"https:\\\/\\\/gruene-wiesbaden.de\\\/digitale-infrastruktur-und-digitale-services-fuer-alle\\\/#primaryimage\",\"url\":\"https:\\\/\\\/gruene-wiesbaden.de\\\/wp-content\\\/uploads\\\/2025\\\/11\\\/1.8-Digitale-Infrastruktur-und-digitale-Services-fuer-alle-scaled.jpeg\",\"contentUrl\":\"https:\\\/\\\/gruene-wiesbaden.de\\\/wp-content\\\/uploads\\\/2025\\\/11\\\/1.8-Digitale-Infrastruktur-und-digitale-Services-fuer-alle-scaled.jpeg\",\"width\":1991,\"height\":2560},{\"@type\":\"BreadcrumbList\",\"@id\":\"https:\\\/\\\/gruene-wiesbaden.de\\\/digitale-infrastruktur-und-digitale-services-fuer-alle\\\/#breadcrumb\",\"itemListElement\":[{\"@type\":\"ListItem\",\"position\":1,\"name\":\"Startseite\",\"item\":\"https:\\\/\\\/gruene-wiesbaden.de\\\/\"},{\"@type\":\"ListItem\",\"position\":2,\"name\":\"Digitale Infrastruktur und digitale Services f\u00fcr alle\"}]},{\"@type\":\"WebSite\",\"@id\":\"https:\\\/\\\/gruene-wiesbaden.de\\\/#website\",\"url\":\"https:\\\/\\\/gruene-wiesbaden.de\\\/\",\"name\":\"DIE GR\u00dcNEN Wiesbaden\",\"description\":\"\",\"publisher\":{\"@id\":\"https:\\\/\\\/gruene-wiesbaden.de\\\/#organization\"},\"potentialAction\":[{\"@type\":\"SearchAction\",\"target\":{\"@type\":\"EntryPoint\",\"urlTemplate\":\"https:\\\/\\\/gruene-wiesbaden.de\\\/?s={search_term_string}\"},\"query-input\":{\"@type\":\"PropertyValueSpecification\",\"valueRequired\":true,\"valueName\":\"search_term_string\"}}],\"inLanguage\":\"sl-SI\"},{\"@type\":\"Organization\",\"@id\":\"https:\\\/\\\/gruene-wiesbaden.de\\\/#organization\",\"name\":\"DIE GR\u00dcNEN Wiesbaden\",\"url\":\"https:\\\/\\\/gruene-wiesbaden.de\\\/\",\"logo\":{\"@type\":\"ImageObject\",\"inLanguage\":\"sl-SI\",\"@id\":\"https:\\\/\\\/gruene-wiesbaden.de\\\/#\\\/schema\\\/logo\\\/image\\\/\",\"url\":\"https:\\\/\\\/gruene-wiesbaden-fuer-europa.de\\\/wp-content\\\/uploads\\\/2024\\\/04\\\/Machen-was-zaehlt-5.png\",\"contentUrl\":\"https:\\\/\\\/gruene-wiesbaden-fuer-europa.de\\\/wp-content\\\/uploads\\\/2024\\\/04\\\/Machen-was-zaehlt-5.png\",\"width\":1772,\"height\":1772,\"caption\":\"DIE GR\u00dcNEN Wiesbaden\"},\"image\":{\"@id\":\"https:\\\/\\\/gruene-wiesbaden.de\\\/#\\\/schema\\\/logo\\\/image\\\/\"},\"sameAs\":[\"https:\\\/\\\/www.facebook.com\\\/gruene.wi\",\"https:\\\/\\\/instagram.com\\\/gruene_wi\"]},{\"@type\":\"Person\",\"@id\":\"https:\\\/\\\/gruene-wiesbaden.de\\\/#\\\/schema\\\/person\\\/6785c34779159cd4fd86886bb097afe9\",\"name\":\"admin\",\"sameAs\":[\"http:\\\/\\\/gruene-wiesbaden-fuer-europa.de\"],\"url\":\"https:\\\/\\\/gruene-wiesbaden.de\\\/sl\\\/author\\\/admin\\\/\"}]}<\/script>\n<!-- \/ Yoast SEO plugin. -->","yoast_head_json":{"title":"Digitale Infrastruktur und digitale Services f\u00fcr alle - B\u00dcNDNIS 90\/DIE GR\u00dcNEN Wiesbaden","robots":{"index":"index","follow":"follow","max-snippet":"max-snippet:-1","max-image-preview":"max-image-preview:large","max-video-preview":"max-video-preview:-1"},"canonical":"https:\/\/gruene-wiesbaden.de\/sl\/digitale-infrastruktur-und-digitale-services-fuer-alle\/","og_locale":"sl_SI","og_type":"article","og_title":"Digitale Infrastruktur und digitale Services f\u00fcr alle - B\u00dcNDNIS 90\/DIE GR\u00dcNEN Wiesbaden","og_url":"https:\/\/gruene-wiesbaden.de\/sl\/digitale-infrastruktur-und-digitale-services-fuer-alle\/","og_site_name":"B\u00dcNDNIS 90\/DIE GR\u00dcNEN Wiesbaden","article_publisher":"https:\/\/www.facebook.com\/gruene.wi","article_published_time":"2025-11-09T21:49:11+00:00","article_modified_time":"2026-04-08T22:16:13+00:00","og_image":[{"width":1991,"height":2560,"url":"https:\/\/gruene-wiesbaden.de\/wp-content\/uploads\/2025\/11\/1.8-Digitale-Infrastruktur-und-digitale-Services-fuer-alle-scaled.jpeg","type":"image\/jpeg"}],"author":"admin","twitter_card":"summary_large_image","twitter_misc":{"Written by":"admin","Est. reading time":"12 minutes"},"schema":{"@context":"https:\/\/schema.org","@graph":[{"@type":"Article","@id":"https:\/\/gruene-wiesbaden.de\/digitale-infrastruktur-und-digitale-services-fuer-alle\/#article","isPartOf":{"@id":"https:\/\/gruene-wiesbaden.de\/digitale-infrastruktur-und-digitale-services-fuer-alle\/"},"author":{"name":"admin","@id":"https:\/\/gruene-wiesbaden.de\/#\/schema\/person\/6785c34779159cd4fd86886bb097afe9"},"headline":"Digitale Infrastruktur und digitale Services f\u00fcr alle","datePublished":"2025-11-09T21:49:11+00:00","dateModified":"2026-04-08T22:16:13+00:00","mainEntityOfPage":{"@id":"https:\/\/gruene-wiesbaden.de\/digitale-infrastruktur-und-digitale-services-fuer-alle\/"},"wordCount":3375,"publisher":{"@id":"https:\/\/gruene-wiesbaden.de\/#organization"},"image":{"@id":"https:\/\/gruene-wiesbaden.de\/digitale-infrastruktur-und-digitale-services-fuer-alle\/#primaryimage"},"thumbnailUrl":"https:\/\/gruene-wiesbaden.de\/wp-content\/uploads\/2025\/11\/1.8-Digitale-Infrastruktur-und-digitale-Services-fuer-alle-scaled.jpeg","articleSection":["Kapitel 1"],"inLanguage":"sl-SI"},{"@type":"WebPage","@id":"https:\/\/gruene-wiesbaden.de\/digitale-infrastruktur-und-digitale-services-fuer-alle\/","url":"https:\/\/gruene-wiesbaden.de\/digitale-infrastruktur-und-digitale-services-fuer-alle\/","name":"Digitale Infrastruktur und digitale Services f\u00fcr alle - B\u00dcNDNIS 90\/DIE GR\u00dcNEN Wiesbaden","isPartOf":{"@id":"https:\/\/gruene-wiesbaden.de\/#website"},"primaryImageOfPage":{"@id":"https:\/\/gruene-wiesbaden.de\/digitale-infrastruktur-und-digitale-services-fuer-alle\/#primaryimage"},"image":{"@id":"https:\/\/gruene-wiesbaden.de\/digitale-infrastruktur-und-digitale-services-fuer-alle\/#primaryimage"},"thumbnailUrl":"https:\/\/gruene-wiesbaden.de\/wp-content\/uploads\/2025\/11\/1.8-Digitale-Infrastruktur-und-digitale-Services-fuer-alle-scaled.jpeg","datePublished":"2025-11-09T21:49:11+00:00","dateModified":"2026-04-08T22:16:13+00:00","breadcrumb":{"@id":"https:\/\/gruene-wiesbaden.de\/digitale-infrastruktur-und-digitale-services-fuer-alle\/#breadcrumb"},"inLanguage":"sl-SI","potentialAction":[{"@type":"ReadAction","target":["https:\/\/gruene-wiesbaden.de\/digitale-infrastruktur-und-digitale-services-fuer-alle\/"]}]},{"@type":"ImageObject","inLanguage":"sl-SI","@id":"https:\/\/gruene-wiesbaden.de\/digitale-infrastruktur-und-digitale-services-fuer-alle\/#primaryimage","url":"https:\/\/gruene-wiesbaden.de\/wp-content\/uploads\/2025\/11\/1.8-Digitale-Infrastruktur-und-digitale-Services-fuer-alle-scaled.jpeg","contentUrl":"https:\/\/gruene-wiesbaden.de\/wp-content\/uploads\/2025\/11\/1.8-Digitale-Infrastruktur-und-digitale-Services-fuer-alle-scaled.jpeg","width":1991,"height":2560},{"@type":"BreadcrumbList","@id":"https:\/\/gruene-wiesbaden.de\/digitale-infrastruktur-und-digitale-services-fuer-alle\/#breadcrumb","itemListElement":[{"@type":"ListItem","position":1,"name":"Startseite","item":"https:\/\/gruene-wiesbaden.de\/"},{"@type":"ListItem","position":2,"name":"Digitale Infrastruktur und digitale Services f\u00fcr alle"}]},{"@type":"WebSite","@id":"https:\/\/gruene-wiesbaden.de\/#website","url":"https:\/\/gruene-wiesbaden.de\/","name":"DIE GR\u00dcNEN Wiesbaden","description":"","publisher":{"@id":"https:\/\/gruene-wiesbaden.de\/#organization"},"potentialAction":[{"@type":"SearchAction","target":{"@type":"EntryPoint","urlTemplate":"https:\/\/gruene-wiesbaden.de\/?s={search_term_string}"},"query-input":{"@type":"PropertyValueSpecification","valueRequired":true,"valueName":"search_term_string"}}],"inLanguage":"sl-SI"},{"@type":"Organization","@id":"https:\/\/gruene-wiesbaden.de\/#organization","name":"DIE GR\u00dcNEN Wiesbaden","url":"https:\/\/gruene-wiesbaden.de\/","logo":{"@type":"ImageObject","inLanguage":"sl-SI","@id":"https:\/\/gruene-wiesbaden.de\/#\/schema\/logo\/image\/","url":"https:\/\/gruene-wiesbaden-fuer-europa.de\/wp-content\/uploads\/2024\/04\/Machen-was-zaehlt-5.png","contentUrl":"https:\/\/gruene-wiesbaden-fuer-europa.de\/wp-content\/uploads\/2024\/04\/Machen-was-zaehlt-5.png","width":1772,"height":1772,"caption":"DIE GR\u00dcNEN Wiesbaden"},"image":{"@id":"https:\/\/gruene-wiesbaden.de\/#\/schema\/logo\/image\/"},"sameAs":["https:\/\/www.facebook.com\/gruene.wi","https:\/\/instagram.com\/gruene_wi"]},{"@type":"Person","@id":"https:\/\/gruene-wiesbaden.de\/#\/schema\/person\/6785c34779159cd4fd86886bb097afe9","name":"admin","sameAs":["http:\/\/gruene-wiesbaden-fuer-europa.de"],"url":"https:\/\/gruene-wiesbaden.de\/sl\/author\/admin\/"}]}},"_links":{"self":[{"href":"https:\/\/gruene-wiesbaden.de\/sl\/wp-json\/wp\/v2\/posts\/1335","targetHints":{"allow":["GET"]}}],"collection":[{"href":"https:\/\/gruene-wiesbaden.de\/sl\/wp-json\/wp\/v2\/posts"}],"about":[{"href":"https:\/\/gruene-wiesbaden.de\/sl\/wp-json\/wp\/v2\/types\/post"}],"author":[{"embeddable":true,"href":"https:\/\/gruene-wiesbaden.de\/sl\/wp-json\/wp\/v2\/users\/1"}],"replies":[{"embeddable":true,"href":"https:\/\/gruene-wiesbaden.de\/sl\/wp-json\/wp\/v2\/comments?post=1335"}],"version-history":[{"count":9,"href":"https:\/\/gruene-wiesbaden.de\/sl\/wp-json\/wp\/v2\/posts\/1335\/revisions"}],"predecessor-version":[{"id":2374,"href":"https:\/\/gruene-wiesbaden.de\/sl\/wp-json\/wp\/v2\/posts\/1335\/revisions\/2374"}],"wp:featuredmedia":[{"embeddable":true,"href":"https:\/\/gruene-wiesbaden.de\/sl\/wp-json\/wp\/v2\/media\/1511"}],"wp:attachment":[{"href":"https:\/\/gruene-wiesbaden.de\/sl\/wp-json\/wp\/v2\/media?parent=1335"}],"wp:term":[{"taxonomy":"category","embeddable":true,"href":"https:\/\/gruene-wiesbaden.de\/sl\/wp-json\/wp\/v2\/categories?post=1335"},{"taxonomy":"post_tag","embeddable":true,"href":"https:\/\/gruene-wiesbaden.de\/sl\/wp-json\/wp\/v2\/tags?post=1335"}],"curies":[{"name":"wp","href":"https:\/\/api.w.org\/{rel}","templated":true}]}}