{"id":1327,"date":"2025-11-09T23:44:50","date_gmt":"2025-11-09T21:44:50","guid":{"rendered":"https:\/\/gruene-wiesbaden.de\/?p=1327"},"modified":"2026-04-08T22:41:01","modified_gmt":"2026-04-08T20:41:01","slug":"stadtentwicklung","status":"publish","type":"post","link":"https:\/\/gruene-wiesbaden.de\/sl\/stadtentwicklung\/","title":{"rendered":"Razvoj mest"},"content":{"rendered":"<section class=\"l-section wpb_row height_medium with_img\"><div class=\"l-section-img\" role=\"img\" data-img-width=\"1080\" data-img-height=\"800\" style=\"background-image: url(https:\/\/gruene-wiesbaden.de\/wp-content\/uploads\/2025\/11\/neuer-Verlauf-gruene-wiesbaden.de_-2-e1762709402177.png);\"><\/div><div class=\"l-section-overlay\" style=\"background:var(--color-header-top-transparent-bg)\"><\/div><div class=\"l-section-h i-cf\"><div class=\"g-cols vc_row via_grid cols_1 laptops-cols_inherit tablets-cols_inherit mobiles-cols_1 valign_top type_default stacking_default\"><div class=\"wpb_column vc_column_container\"><div class=\"vc_column-inner\"><h1 class=\"w-post-elm post_title us_custom_a574d586 has_text_color entry-title\">Razvoj mest<\/h1><div class=\"w-separator size_medium\"><\/div><div class=\"g-cols wpb_row via_grid cols_2-1 laptops-cols_inherit tablets-cols_inherit mobiles-cols_1 valign_top type_default stacking_default\" style=\"--columns-gap:3rem;\"><div class=\"wpb_column vc_column_container\"><div class=\"vc_column-inner\"><div class=\"wpb_text_column us_custom_8b3d6790 has_text_color\"><div class=\"wpb_wrapper\"><p><span style=\"font-weight: 400;\">Urbanisti\u010dno na\u010drtovanje in razvoj mest sta klju\u010dna za najve\u010dje izzive v ob\u010dini.<\/span><\/p>\n<p><span style=\"font-weight: 400;\">V nasprotnem primeru ne bo sprememb v prometu, ne bomo se mogli spopasti s podnebno krizo, ne bomo mogli ohraniti ali okrepiti socialne kohezije ali zmanj\u0161ati porabe zemlji\u0161\u010d.<\/span><\/p>\n<p><span style=\"font-weight: 400;\">Zdravje, kakovost \u017eivljenja in bivanja, cenovno dostopna stanovanja, socialna kohezija, mo\u010dna poslovna lokacija: Vse to lahko dose\u017eemo le z razumnim, humanim in v javni interes usmerjenim, celovito premi\u0161ljenim in na\u010drtovanim urbanim razvojem. Podro\u010dja ni mogo\u010de pomno\u017eiti. Zato je treba najprej uporabiti obmo\u010dja v obstoje\u010dih stavbah, preden se razvijejo na prostem (notranji razvoj pred zunanjim razvojem). Ponovna uporaba obstoje\u010dih stavb ima prednost pred ru\u0161enjem, stavbe morajo biti v prihodnosti razgradljive, gradbeni materiali pa morajo biti ponovno uporabni.<\/span><\/p>\n<\/div><\/div><div class=\"w-separator size_medium\"><\/div><div class=\"w-btn-wrapper align_left\"><a class=\"w-btn us-btn-style_8 icon_atleft\" href=\"https:\/\/gruene-wiesbaden.de\/sl\/kommunalwahl\/#Kapitel1\"><i class=\"fas fa-chevron-circle-right\"><\/i><span class=\"w-btn-label\">Nazaj na pregled<\/span><\/a><\/div><\/div><\/div><div class=\"wpb_column vc_column_container\"><div class=\"vc_column-inner\"><div class=\"w-image align_center\"><div class=\"w-image-h\"><img decoding=\"async\" width=\"1920\" height=\"2560\" src=\"https:\/\/gruene-wiesbaden.de\/wp-content\/uploads\/2025\/11\/1.5-Stadtentwicklung-scaled.jpg\" class=\"attachment-full size-full\" alt=\"\" loading=\"lazy\" srcset=\"https:\/\/gruene-wiesbaden.de\/wp-content\/uploads\/2025\/11\/1.5-Stadtentwicklung-scaled.jpg 1920w, https:\/\/gruene-wiesbaden.de\/wp-content\/uploads\/2025\/11\/1.5-Stadtentwicklung-300x400.jpg 300w, https:\/\/gruene-wiesbaden.de\/wp-content\/uploads\/2025\/11\/1.5-Stadtentwicklung-450x600.jpg 450w\" sizes=\"auto, (max-width: 1920px) 100vw, 1920px\" \/><\/div><\/div><div class=\"w-separator size_small\"><\/div><\/div><\/div><\/div><div class=\"w-separator size_medium\"><\/div><div class=\"w-separator size_medium\"><\/div><div class=\"wpb_text_column\"><div class=\"wpb_wrapper\"><h1>Kaj nam pomeni trajnostni razvoj mest, usmerjen v skupno dobro<\/h1>\n<\/div><\/div><div class=\"w-separator size_large\"><\/div><div class=\"g-cols wpb_row via_grid cols_2 laptops-cols_inherit tablets-cols_inherit mobiles-cols_1 valign_top type_default stacking_default\" style=\"--columns-gap:3rem;\"><div class=\"wpb_column vc_column_container\"><div class=\"vc_column-inner\"><div class=\"w-iconbox us_custom_8b3d6790 has_text_color iconpos_left style_default color_custom align_left\"><div class=\"w-iconbox-icon\" style=\"font-size:2rem;--icon-color:#Ffffff;--icon-bg-color:var(--color-header-middle-bg);\"><i class=\"fas fa-layer-group\"><\/i><\/div><div class=\"w-iconbox-meta\"><h4 class=\"w-iconbox-title\" style=\"font-size:1.5rem;\">Podnebju prilagojeno mesto<\/h4><div class=\"w-iconbox-text\"><p><span style=\"font-weight: 400;\">Za\u0161\u010dita pred vro\u010dino in mo\u010dno de\u017eevje sta del urbanisti\u010dnega na\u010drtovanja v obstoje\u010dih in novih okro\u017ejih. V podnebni krizi bi morala zato obmo\u010dja v prihodnosti opravljati ve\u010d funkcij: Voda se lahko absorbira in pusti, da de\u017euje, nudi prosti \u010das in kakovost bivanja ter slu\u017ei kot dostopne poti. Primerna zasaditev zagotavlja senco in prispeva k hlajenju v okro\u017eju.<\/span><\/p>\n<\/div><\/div><\/div><\/div><\/div><div class=\"wpb_column vc_column_container\"><div class=\"vc_column-inner\"><div class=\"w-iconbox us_custom_8b3d6790 has_text_color iconpos_left style_default color_custom align_left\"><div class=\"w-iconbox-icon\" style=\"font-size:2rem;--icon-color:#Ffffff;--icon-bg-color:var(--color-header-transparent-text);\"><i class=\"fas fa-layer-group\"><\/i><\/div><div class=\"w-iconbox-meta\"><h4 class=\"w-iconbox-title\" style=\"font-size:1.5rem;\">Vredno \u017eivega mesta<\/h4><div class=\"w-iconbox-text\"><p><span style=\"font-weight: 400;\">V trajnostnem mestu se javni prostor na novo opredeljuje in usklajuje s potrebami prebivalcev \u2013 z novimi oblikami stanovanj, ve\u010d zelenja, kratkimi razdaljami in visoko odpornostjo na toploto.<\/span><\/p>\n<\/div><\/div><\/div><\/div><\/div><\/div><div class=\"w-separator size_medium\"><\/div><div class=\"g-cols wpb_row via_grid cols_2 laptops-cols_inherit tablets-cols_inherit mobiles-cols_1 valign_top type_default stacking_default\" style=\"--columns-gap:3rem;\"><div class=\"wpb_column vc_column_container\"><div class=\"vc_column-inner\"><div class=\"w-iconbox us_custom_8b3d6790 has_text_color iconpos_left style_default color_custom align_left\"><div class=\"w-iconbox-icon\" style=\"font-size:2rem;--icon-color:#Ffffff;--icon-bg-color:var(--color-header-transparent-text);\"><i class=\"fas fa-layer-group\"><\/i><\/div><div class=\"w-iconbox-meta\"><h4 class=\"w-iconbox-title\" style=\"font-size:1.5rem;\">Produktivno mesto<\/h4><div class=\"w-iconbox-text\"><p><span style=\"font-weight: 400;\">V novem na\u010drtu rabe zemlji\u0161\u010d so predvidena zemlji\u0161\u010da za ustanovitev podjetij. Njihov razvoj poteka v skladu z jasnimi koncepti, namesto da bi jih brez razlikovanja porazdelili po obmo\u010dju kot prej. V skladu s tem bodo pregledana tudi obstoje\u010da komercialna obmo\u010dja.<\/span><\/p>\n<\/div><\/div><\/div><\/div><\/div><div class=\"wpb_column vc_column_container\"><div class=\"vc_column-inner\"><div class=\"w-iconbox us_custom_8b3d6790 has_text_color iconpos_left style_default color_custom align_left\"><div class=\"w-iconbox-icon\" style=\"font-size:2rem;--icon-color:#Ffffff;--icon-bg-color:var(--color-header-middle-bg);\"><i class=\"fas fa-layer-group\"><\/i><\/div><div class=\"w-iconbox-meta\"><h4 class=\"w-iconbox-title\" style=\"font-size:1.5rem;\">Dru\u017eabno in okolju prijazno mesto<\/h4><div class=\"w-iconbox-text\"><p><span style=\"font-weight: 400;\">Poceni stanovanja na obmo\u010dju Ren-Majna je tisto, kar \u017eelimo dose\u010di s kopi\u010denjem ob\u010dinskih zalog zemlji\u0161\u010d in smernicami za dele\u017e subvencioniranih stanovanj v novih gradbenih projektih. Pri gradnji so bistvene ekolo\u0161ke zahteve. Wiesbadener Wohnungsbaugesellschaft GWW ima pri tem pionirsko vlogo.<\/span><\/p>\n<\/div><\/div><\/div><\/div><\/div><\/div><div class=\"w-separator size_medium\"><\/div><div class=\"w-btn-wrapper align_left\"><a class=\"w-btn us-btn-style_8 icon_atleft\" href=\"https:\/\/gruene-wiesbaden.de\/sl\/kommunalwahl\/#Kapitel1\"><i class=\"fas fa-chevron-circle-right\"><\/i><span class=\"w-btn-label\">Nazaj na pregled<\/span><\/a><\/div><div class=\"w-separator size_medium\"><\/div><\/div><\/div><\/div><\/div><\/section><section class=\"l-section wpb_row height_auto with_img\"><div class=\"l-section-img\" role=\"img\" data-img-width=\"1920\" data-img-height=\"2560\" style=\"background-image: url(https:\/\/gruene-wiesbaden.de\/wp-content\/uploads\/2025\/11\/1.5-Stadtentwicklung-scaled.jpg);background-repeat: no-repeat;\"><\/div><div class=\"l-section-overlay\" style=\"background:var(--color-header-top-transparent-bg)\"><\/div><div class=\"l-section-h i-cf\"><div class=\"g-cols vc_row via_grid cols_1 laptops-cols_inherit tablets-cols_inherit mobiles-cols_1 valign_middle type_default stacking_default\" style=\"--columns-gap:1rem;\"><div class=\"wpb_column vc_column_container\"><div class=\"vc_column-inner\"><div class=\"w-separator size_large\"><\/div><div class=\"wpb_text_column background_inside_text\"><div class=\"wpb_wrapper\"><h1>Kaj \u017eelimo konkretno storiti na tem podro\u010dju<\/h1>\n<\/div><\/div><div class=\"w-separator size_medium\"><\/div><div class=\"w-tabs us_custom_42d693a0 has_text_color style_default switch_click accordion has_scrolling\" style=\"--sections-title-size:1.4rem\"><div class=\"w-tabs-sections titles-align_none icon_chevron cpos_right\"><div class=\"w-tabs-section has_text_color\" id=\"wd97\" style=\"background:var(--color-header-transparent-text);color:var(--color-header-top-text-hover);\"><button class=\"w-tabs-section-header\" aria-controls=\"content-wd97\" aria-expanded=\"false\"><div class=\"w-tabs-section-title\">Trajnostni razvoj podnebno prilagojenih mest in novih okro\u017eij<\/div><div class=\"w-tabs-section-control\"><\/div><\/button><div  class=\"w-tabs-section-content\" id=\"content-wd97\"><div class=\"w-tabs-section-content-h i-cf\"><div class=\"wpb_text_column\"><div class=\"wpb_wrapper\"><p><span style=\"font-weight: 400;\">Mesto \u017eelimo oblikovati tako, da bo zdr\u017ealo posledice podnebne krize in hkrati postalo bolj \u017eivo. \u017de odlo\u010deno <\/span><i><span style=\"font-weight: 400;\">\"Pravila igre za trajnostni razvoj sosesk\" <\/span><\/i><span style=\"font-weight: 400;\">To je osnova in bo <\/span><i><span style=\"font-weight: 400;\">CLIMATE_PLAN <\/span><\/i><span style=\"font-weight: 400;\">podrobneje dolo\u010deno. Vklju\u010dujejo ukrepe za ve\u010d sen\u010denja, dodatne zelene povr\u0161ine z ve\u010dkratno rabo zemlji\u0161\u010d, odpe\u010datenje stale\u017ea, vodo v okro\u017eju in koncepte trajnostne mobilnosti.<\/span><\/p>\n<p><span style=\"font-weight: 400;\">Stavbe mesta in njegovi dele\u017ei morajo biti zgrajeni v skladu z vodilnimi na\u010deli in povezanimi smernicami trajnostne gradnje \u2013 z nizko porabo energije in ogrevalnimi sistemi brez fosilnih goriv. S tem se zmanj\u0161ajo emisije toplogrednih plinov in stro\u0161ki na dolgi rok.<\/span><\/p>\n<p><span style=\"font-weight: 400;\">Kjer je mogo\u010de, \u017eelimo zagotoviti, da so povr\u0161ine odpe\u010datene. \u0160e posebej v gosto pozidanih okro\u017ejih, kot so Westend, Rheingauviertel in Biebrich-Mitte, je treba ponovno ustvariti bolj zeleno.<\/span><\/p>\n<\/div><\/div><\/div><\/div><\/div><div class=\"w-tabs-section has_text_color\" id=\"wed9\" style=\"background:var(--color-header-transparent-text);color:var(--color-header-top-text-hover);\"><button class=\"w-tabs-section-header\" aria-controls=\"content-wed9\" aria-expanded=\"false\"><div class=\"w-tabs-section-title\">Spodbujanje razvoja notranjosti \u2013 uporaba obmo\u010dij za preobrazbo v korist mesta<\/div><div class=\"w-tabs-section-control\"><\/div><\/button><div  class=\"w-tabs-section-content\" id=\"content-wed9\"><div class=\"w-tabs-section-content-h i-cf\"><div class=\"wpb_text_column\"><div class=\"wpb_wrapper\"><p><span style=\"font-weight: 400;\">Da bi omejili tesnjenje obmo\u010dja v na\u0161i zelo kompaktni regiji, je treba bolj sistemati\u010dno uporabljati mo\u017enosti zbijanja kot prej.<\/span><\/p>\n<p><span style=\"font-weight: 400;\">Pomagajo bolj\u0161a podatkovna podlaga, dosledna uporaba inovacij v gradbeni zakonodaji (npr. pri stre\u0161ni gradnji), pa tudi pripravljenost za inovativne re\u0161itve. Zato \u017eelimo, da mesto Wiesbaden aktivno obravnava mo\u017enosti nadgradnje supermarketov in parkiri\u0161\u010d ter se pogovori z lastniki.<\/span><\/p>\n<p><span style=\"font-weight: 400;\">Podro\u010dja BKA in dr\u017eavne policije, ki bodo spro\u0161\u010dena v prihodnosti, ponujajo poseben potencial za notranji razvoj. \u017delimo pomagati pri oblikovanju prihodnje uporabe s spremembami na\u010drta B. Zato bi to moralo biti mogo\u010de le v smislu na\u0161e resolucije o stavbnem zemlji\u0161\u010du, \u010de je mesto vsaj delni lastnik obmo\u010dja. Za obmo\u010dja BKA, ki so v zvezni lasti, ima mesto prvo pravico dostopa. Da bi to lahko izkoristili pod ugodnimi pogoji, je treba pripraviti okvirni urbanisti\u010dni na\u010drt. Prizadevamo si za to in tudi zagotavljamo, da je aktivna zemlji\u0161ka politika ustrezno opremljena s finan\u010dnimi sredstvi. \u0160ele takrat je urbani razvoj mogo\u010d pod pogoji na\u0161e ob\u010dine.<\/span><\/p>\n<\/div><\/div><\/div><\/div><\/div><div class=\"w-tabs-section has_text_color\" id=\"v011\" style=\"background:var(--color-header-transparent-text);color:var(--color-header-top-text-hover);\"><button class=\"w-tabs-section-header\" aria-controls=\"content-v011\" aria-expanded=\"false\"><div class=\"w-tabs-section-title\">Mesto, revno z avtomobili<\/div><div class=\"w-tabs-section-control\"><\/div><\/button><div  class=\"w-tabs-section-content\" id=\"content-v011\"><div class=\"w-tabs-section-content-h i-cf\"><div class=\"wpb_text_column\"><div class=\"wpb_wrapper\"><p><span style=\"font-weight: 400;\">\u017delimo, da mesto na\u010drtuje nove soseske po na\u010delu kratkih razdalj. Vsako novo okro\u017eje potrebuje koncept prometa in mobilnosti. Vklju\u010deval bo \u010detrtletne gara\u017ee, paketne postaje, prostore za souporabo avtomobilov in skladi\u0161\u010denje koles.<\/span><\/p>\n<p><span style=\"font-weight: 400;\">Zavezani smo k varnim, mirnim stanovanjskim obmo\u010djem brez prometa, na primer z enosmernimi ulicami ali prometnimi ovirami, kot je Adolfsallee.<\/span><\/p>\n<p><span style=\"font-weight: 400;\">Ceste bi morale biti zasnovane tako, da lahko avtomobili potujejo po\u010dasneje in da lahko vsi, bodisi pe\u0161, s kolesom ali v avtomobilu, potujejo varno. Otroci morajo v \u0161olo priti varno, primerne ceste pa je treba uporabljati kot igri\u0161\u010da in kraje za bivanje poleti. V zgodovinskem peterokotniku \u017eelimo manj avtomobilov in ve\u010d kakovosti \u017eivljenja.<\/span><\/p>\n<\/div><\/div><\/div><\/div><\/div><div class=\"w-tabs-section has_text_color\" id=\"l168\" style=\"background:var(--color-header-middle-bg);color:var(--color-content-heading);\"><button class=\"w-tabs-section-header\" aria-controls=\"content-l168\" aria-expanded=\"false\"><div class=\"w-tabs-section-title\">Produktivno mesto<\/div><div class=\"w-tabs-section-control\"><\/div><\/button><div  class=\"w-tabs-section-content\" id=\"content-l168\"><div class=\"w-tabs-section-content-h i-cf\"><div class=\"wpb_text_column\"><div class=\"wpb_wrapper\"><p><span style=\"font-weight: 400;\">Nova komercialna obmo\u010dja \u017eelimo oblikovati tako, da bodo trajnostna in prilagojena podnebju. V ta namen je treba \u017ee opredeliti ustrezna merila za razvojne na\u010drte. Na\u0161 cilj je ohraniti \u010dim manj\u0161o rabo zemlji\u0161\u010d in se izogniti velikim, popolnoma zaprtim obmo\u010djem, kot so parkirna mesta, ali vsaj zagotoviti sekundarno uporabo fotovoltai\u010dnih sistemov.<\/span><\/p>\n<p><span style=\"font-weight: 400;\">Oblikujejo se jasna pravila in postopki za nov razvoj in obnovo obstoje\u010dih poslovnih prostorov, ki temeljijo na obstoje\u010dih <\/span><i><span style=\"font-weight: 400;\">\"Pravila igre za trajnostni razvoj sosesk\" <\/span><\/i><span style=\"font-weight: 400;\">orientacijo. Poudarek je zlasti na trajnostni mobilnosti, skrbni rabi prostora, u\u010dinkoviti in trajnostni oskrbi z energijo ter trajnostnih re\u0161itvah za dostavo in parkiranje tovornjakov.<\/span><\/p>\n<\/div><\/div><\/div><\/div><\/div><div class=\"w-tabs-section has_text_color\" id=\"f2a6\" style=\"background:var(--color-header-transparent-text);color:var(--color-header-top-text-hover);\"><button class=\"w-tabs-section-header\" aria-controls=\"content-f2a6\" aria-expanded=\"false\"><div class=\"w-tabs-section-title\">Dru\u017eabno in okolju prijazno mesto<\/div><div class=\"w-tabs-section-control\"><\/div><\/button><div  class=\"w-tabs-section-content\" id=\"content-f2a6\"><div class=\"w-tabs-section-content-h i-cf\"><div class=\"wpb_text_column\"><div class=\"wpb_wrapper\"><p><span style=\"font-weight: 400;\">\u017delimo ustvariti stanovanja za vse dohodkovne skupine prebivalstva. Poudarek je zlasti na subvencioniranih stanovanjih. Stavbe morajo postati cenej\u0161e \u2013 predpogoj za to so cenovno dostopna zemlji\u0161\u010da. Zato bomo \u0161e naprej zagotavljali, da bo dr\u017eavna prestolnica Wiesbaden strate\u0161ko kopi\u010dila zaloge tal. Na ta na\u010din investitorjem prepre\u010dujemo gradnjo izklju\u010dno dragih stanovanj. V skladu z direktivo o socialni rabi zemlji\u0161\u010d v Wiesbadnu morajo vlagatelji zagotoviti 30 % subvencioniranih stanovanj ter zgraditi socialno infrastrukturo, kot so centri za dnevno varstvo in \u0161ole.<\/span><\/p>\n<p><span style=\"font-weight: 400;\">Za stanovanjska obmo\u010dja upo\u0161tevamo cilj najmanj\u0161e gostote 80 stanovanjskih enot na hektar. Za pode\u017eelska obmo\u010dja, ki ne presegajo 2 hektarjev, se uporablja najmanj\u0161a gostota 50 stanovanjskih enot na hektar. Odstopanja v korist prete\u017eno komercialne uporabe v pritli\u010dju bi morala biti \u0161e naprej mogo\u010da.<\/span><\/p>\n<p><span style=\"font-weight: 400;\">Mesto Wiesbaden s konceptualnimi nagradami \u017ee spodbuja \u0161iritev razli\u010dnih oblik stanovanj, kot so stanovanjski projekti skupnosti, gradbene zadruge ali gradbene skupnosti. \u017delimo nadaljevati s to \u0161iritvijo. S serijsko in modularno gradnjo lahko mesto dose\u017ee tudi hitrej\u0161e rezultate pri izvajanju.<\/span><\/p>\n<\/div><\/div><\/div><\/div><\/div><div class=\"w-tabs-section has_text_color\" id=\"c3c1\" style=\"background:var(--color-header-middle-bg);color:var(--color-header-middle-text);\"><button class=\"w-tabs-section-header\" aria-controls=\"content-c3c1\" aria-expanded=\"false\"><div class=\"w-tabs-section-title\">Ve\u010dja varnost s preletom na glavni postaji<\/div><div class=\"w-tabs-section-control\"><\/div><\/button><div  class=\"w-tabs-section-content\" id=\"content-c3c1\"><div class=\"w-tabs-section-content-h i-cf\"><div class=\"wpb_text_column\"><div class=\"wpb_wrapper\"><p><span style=\"font-weight: 400;\">\u0160e posebej za kolesarjenje, 1. Obro\u010d pred glavno postajo je nevarna ovira. Z izgradnjo visoke ceste za kolesarjenje ustvarjamo ve\u010d varnosti in udobja za vse udele\u017eence v prometu ter mejnik na vhodu v mesto. Zaradi mostu kolesarjem ni ve\u010d treba pre\u010dkati zasedenega kri\u017ei\u0161\u010da na postaji in se lahko odpeljejo od avtomobilov in pe\u0161cev do postaje ali od postaje do mesta.<\/span><\/p>\n<\/div><\/div><\/div><\/div><\/div><div class=\"w-tabs-section has_text_color\" id=\"r4f7\" style=\"background:var(--color-header-transparent-text);color:var(--color-header-top-text-hover);\"><button class=\"w-tabs-section-header\" aria-controls=\"content-r4f7\" aria-expanded=\"false\"><div class=\"w-tabs-section-title\">Ohranjeni spomeniki<\/div><div class=\"w-tabs-section-control\"><\/div><\/button><div  class=\"w-tabs-section-content\" id=\"content-r4f7\"><div class=\"w-tabs-section-content-h i-cf\"><div class=\"wpb_text_column\"><div class=\"wpb_wrapper\"><p><span style=\"font-weight: 400;\">Skrbno ravnanje z na\u0161o gradbeno kulturo v obliki spomenikov in objektov, ki so navedeni, prispeva h kakovosti \u017eivljenja. Tukaj je treba ohraniti na\u0161a pri\u010devanja iz preteklosti in jih za\u0161\u010dititi pred \u0161kodo, ki bi jo povzro\u010dila prosta delovna mesta in\/ali vplivi okolja. Posebno pomembna obmo\u010dja so Valhalla, Spalna glava ali Hofgut Klarenthal. Tudi zasebni lastniki navedenih stavb bodo lahko uporabljali obnovljive vire energije (npr. fotovoltai\u010dne sisteme).<\/span><\/p>\n<\/div><\/div><\/div><\/div><\/div><\/div><\/div><div class=\"w-separator size_medium\"><\/div><div class=\"w-btn-wrapper align_left\"><a class=\"w-btn us-btn-style_8 icon_atleft\" href=\"https:\/\/gruene-wiesbaden.de\/sl\/kommunalwahl\/#Kapitel1\"><i class=\"fas fa-chevron-circle-right\"><\/i><span class=\"w-btn-label\">Nazaj na pregled<\/span><\/a><\/div><div class=\"w-separator size_large\"><\/div><div class=\"wpb_text_column\"><div class=\"wpb_wrapper\"><h1>Kaj smo \u017ee dosegli<\/h1>\n<\/div><\/div><div class=\"w-separator size_medium\"><\/div><div class=\"w-tabs us_custom_42d693a0 has_text_color style_default switch_click accordion has_scrolling\" style=\"--sections-title-size:1.4rem\"><div class=\"w-tabs-sections titles-align_none icon_chevron cpos_right\"><div class=\"w-tabs-section has_text_color\" id=\"t59f\" style=\"background:var(--color-header-transparent-text);color:var(--color-header-top-text-hover);\"><button class=\"w-tabs-section-header\" aria-controls=\"content-t59f\" aria-expanded=\"false\"><div class=\"w-tabs-section-title\">Pravila trajnostnega razvoja sosedstva<\/div><div class=\"w-tabs-section-control\"><\/div><\/button><div  class=\"w-tabs-section-content\" id=\"content-t59f\"><div class=\"w-tabs-section-content-h i-cf\"><div class=\"wpb_text_column\"><div class=\"wpb_wrapper\"><p><span style=\"font-weight: 400;\">Zeleni smo pomembno prispevali k zagotavljanju, da trajnostni razvoj sosedstva ni le cilj, temve\u010d tudi \u017eivljenjska praksa. Zavezujo\u010de smernice za to so pravila igre za trajnostni razvoj soseske. Na\u010drtovanje temelji na petih tematskih podro\u010djih: \u201e\u017eivo mesto\u201c, \u201epodnebno optimizirana urbana zelena\u201c, \u201eob\u010dutljivo upravljanje voda\u201c, \u201eenergija iz obnovljivih virov\u201c in \u201enova mobilnost\u201c. Tem temam so dodeljeni konkretni ukrepi. Z izvajanjem teh smernic in ukrepov je razvoj okro\u017eij v Wiesbadnu zasnovan tako, da je trajnosten in primeren za prihodnost.<\/span><\/p>\n<\/div><\/div><\/div><\/div><\/div><div class=\"w-tabs-section has_text_color\" id=\"s6d5\" style=\"background:var(--color-header-transparent-text);color:var(--color-header-top-text-hover);\"><button class=\"w-tabs-section-header\" aria-controls=\"content-s6d5\" aria-expanded=\"false\"><div class=\"w-tabs-section-title\">Trajnostna gradnja in prenova obstoje\u010dih stavb namesto ru\u0161enja<\/div><div class=\"w-tabs-section-control\"><\/div><\/button><div  class=\"w-tabs-section-content\" id=\"content-s6d5\"><div class=\"w-tabs-section-content-h i-cf\"><div class=\"wpb_text_column\"><div class=\"wpb_wrapper\"><p><span style=\"font-weight: 400;\">Zeleni smo dolo\u010dili jasne smernice za trajnostno gradnjo v Wiesbadnu. V prihodnje morajo biti ob\u010dinske stavbe zgrajene v skladu s smernicami BNB (Assessment System for Sustainable Building), ki v enaki meri upo\u0161tevajo ekolo\u0161ka, socialna in ekonomska merila. Gospodarska u\u010dinkovitost tukaj pomeni, da bo gradbeni projekt v prihodnosti \u0161e naprej ekonomi\u010den in ne le kratkoro\u010dno.<\/span><\/p>\n<p><span style=\"font-weight: 400;\">Osrednja skrb je prenova obstoje\u010dih stavb namesto ru\u0161enja: S prenovo, energetsko u\u010dinkovito modernizacijo in fleksibilno prenovo se lahko obstoje\u010de stavbe ohranijo in hkrati prilagodijo trenutnim zahtevam. S tem se var\u010duje z viri in varuje podnebje, ka\u017ee pa se tudi, kako uspe\u0161en je odgovoren razvoj mest v zvezi z okoljem, stro\u0161ki in skupnim dobrim. Ru\u0161enje je najslab\u0161a od vseh mo\u017enosti. Ker se pri ru\u0161enju stavbe izgubi vsa energija, ki je \u017ee pritekla v njeno proizvodnjo \u2013 od proizvodnje materialov do same gradnje. V novi stavbi je treba to energijo ponovno uporabiti. To stane veliko dodatnih surovin in znatno poslab\u0161a podnebno ravnovesje.<\/span><\/p>\n<\/div><\/div><\/div><\/div><\/div><div class=\"w-tabs-section has_text_color\" id=\"a802\" style=\"background:var(--color-header-transparent-text);color:var(--color-header-top-text-hover);\"><button class=\"w-tabs-section-header\" aria-controls=\"content-a802\" aria-expanded=\"false\"><div class=\"w-tabs-section-title\">Na\u010delo mesta s spu\u017evami \u2013 za odpornost Wiesbadna na podnebne spremembe<\/div><div class=\"w-tabs-section-control\"><\/div><\/button><div  class=\"w-tabs-section-content\" id=\"content-a802\"><div class=\"w-tabs-section-content-h i-cf\"><div class=\"wpb_text_column\"><div class=\"wpb_wrapper\"><p><span style=\"font-weight: 400;\">V Wiesbadnu smo sprejeli konkretne ukrepe za bolj\u0161e oboro\u017eevanje mesta pred mo\u010dnim de\u017eevjem in vro\u010dinskimi valovi, vklju\u010dno z zelenim oddelkom in \u017eupanom, odgovornim za okolje. Ti vklju\u010dujejo odtesnitev povr\u0161in, ekologizacijo streh in fasad, prepustne obloge, preoblikovanje javnih trgov ter namestitev grebenov in zadr\u017eevalnih sistemov za ciljno infiltracijo de\u017eevnice.<\/span><\/p>\n<p><span style=\"font-weight: 400;\">Osrednji projekt je prenova Alza\u0161kega trga, ki bo v prihodnosti slu\u017eil kot zeleni mestni park z za\u010dasnim zadr\u017eevanjem de\u017eja in s tem bla\u017eil hude de\u017eevne dogodke. Poleg tega je mesto vzpostavilo podporne programe za zelene strehe in fasadno ekologizacijo za shranjevanje de\u017eevnice na kraju samem, izbolj\u0161anje kakovosti zraka in zmanj\u0161anje toplote v mestih.<\/span><\/p>\n<\/div><\/div><\/div><\/div><\/div><div class=\"w-tabs-section has_text_color\" id=\"v93b\" style=\"background:var(--color-header-middle-bg);color:var(--color-content-heading);\"><button class=\"w-tabs-section-header\" aria-controls=\"content-v93b\" aria-expanded=\"false\"><div class=\"w-tabs-section-title\">Multikodiranje povr\u0161in<\/div><div class=\"w-tabs-section-control\"><\/div><\/button><div  class=\"w-tabs-section-content\" id=\"content-v93b\"><div class=\"w-tabs-section-content-h i-cf\"><div class=\"wpb_text_column\"><div class=\"wpb_wrapper\"><p><span style=\"font-weight: 400;\">Zeleni smo dejavno spodbujali ve\u010dkodiranje obmo\u010dij v Wiesbadnu in tako dosegli pomemben korak k trajnostnemu razvoju mest. Ta koncept zagotavlja, da obmo\u010dja hkrati opravljajo ve\u010d funkcij, in sicer kot zelene povr\u0161ine, na uli\u010dnih povr\u0161inah, na parkiri\u0161\u010dih, \u0161portnih in \u0161olskih povr\u0161inah ali pri upravljanju voda. Cilj je zdru\u017eiti interese razli\u010dnih akterjev, u\u010dinkovito uporabljati zemlji\u0161\u010da in hkrati izpolnjevati socialne, ekolo\u0161ke in podnebne zahteve.<\/span><\/p>\n<\/div><\/div><\/div><\/div><\/div><div class=\"w-tabs-section has_text_color\" id=\"ma56\" style=\"background:var(--color-header-transparent-text);color:var(--color-header-top-text-hover);\"><button class=\"w-tabs-section-header\" aria-controls=\"content-ma56\" aria-expanded=\"false\"><div class=\"w-tabs-section-title\">CLIMATE_PLAN<\/div><div class=\"w-tabs-section-control\"><\/div><\/button><div  class=\"w-tabs-section-content\" id=\"content-ma56\"><div class=\"w-tabs-section-content-h i-cf\"><div class=\"wpb_text_column\"><div class=\"wpb_wrapper\"><p><span style=\"font-weight: 400;\">Wiesbaden naj bi do leta 2045 postal podnebno nevtralen, za kar so potrebne posebne zahteve. V ta namen je bil sprejet na\u010drt CLIMATE_PLAN. Na\u010drt KLIMA_PLAN zajema podro\u010dja ukrepanja: Energija, mobilnost, podnebju prijazen\/trajnostni razvoj mest in \u010detrti ter mestno omre\u017eje. Za vsako podro\u010dje ukrepanja dolo\u010da konkretne ukrepe za prepre\u010devanje toplogrednih plinov \u2013 od energetsko u\u010dinkovite prenove \u0161ol do elektrifikacije avtobusnega prevoza.<\/span><\/p>\n<\/div><\/div><\/div><\/div><\/div><div class=\"w-tabs-section has_text_color\" id=\"ib74\" style=\"background:var(--color-header-transparent-text);color:var(--color-header-top-text-hover);\"><button class=\"w-tabs-section-header\" aria-controls=\"content-ib74\" aria-expanded=\"false\"><div class=\"w-tabs-section-title\">Ve\u010d zelenja in kakovostnej\u0161e bivanje v okro\u017eju s preoblikovanjem trgov<\/div><div class=\"w-tabs-section-control\"><\/div><\/button><div  class=\"w-tabs-section-content\" id=\"content-ib74\"><div class=\"w-tabs-section-content-h i-cf\"><div class=\"wpb_text_column\"><div class=\"wpb_wrapper\"><p><span style=\"font-weight: 400;\">Zeleni smo napredovali pri preoblikovanju trgov v sredi\u0161\u010du mesta: Sedanplatz je \u017ee kon\u010dan, Alza\u0161ki trg, Schlossplatz in B\u00fclowplatz so v postopku dokon\u010danja. Kraji bodo obnovljeni v to, kar so neko\u010d bili: Zbirna mesta za ljudi iz soseske in zelena \u201eplju\u010da\u201c za sosesko. Njihova prenova prispeva tudi k prilagajanju podnebnim spremembam, zmanj\u0161uje ogrevanje v okro\u017eju ter hkrati pove\u010duje prosti \u010das in kakovost \u017eivljenja. V okro\u017ejih, ki se \u0161e posebej mo\u010dno segrevajo, si bomo \u0161e naprej prizadevali za odpe\u010datenje in preoblikovanje obmo\u010dij v prihodnosti.<\/span><\/p>\n<\/div><\/div><\/div><\/div><\/div><div class=\"w-tabs-section has_text_color\" id=\"ecca\" style=\"background:var(--color-header-transparent-text);color:var(--color-header-top-text-hover);\"><button class=\"w-tabs-section-header\" aria-controls=\"content-ecca\" aria-expanded=\"false\"><div class=\"w-tabs-section-title\">Lo\u010dljivost stavbnih zemlji\u0161\u010d za bolj socialna in podnebju prijazna stanovanja<\/div><div class=\"w-tabs-section-control\"><\/div><\/button><div  class=\"w-tabs-section-content\" id=\"content-ecca\"><div class=\"w-tabs-section-content-h i-cf\"><div class=\"wpb_text_column\"><div class=\"wpb_wrapper\"><p><span style=\"font-weight: 400;\">Z novim sklepom o stavbnih zemlji\u0161\u010dih zdru\u017eujemo in usklajujemo \u0161tevilne odlo\u010ditve, sprejete v preteklosti na podro\u010dju razvoja stavbnih zemlji\u0161\u010d \u2013 kot so dru\u017ebena raba zemlji\u0161\u010d, dodelitev konceptov, dedno gradbeno pravo, subvencionirana stanovanja in podnebju prijazen razvoj naselij \u2013 v skupni smernici. S tem dosegamo varnost na\u010drtovanja in usmerjenost urbanega razvoja k jasnim ciljem. Resolucija o stavbnih zemlji\u0161\u010dih je zmaga za trajnosten in socialno pravi\u010den razvoj Wiesbadna s poudarkom na zagotavljanju stavbnih zemlji\u0161\u010d, varstvu podnebja in cenovno dostopnih stanovanjih.<\/span><\/p>\n<p><span style=\"font-weight: 400;\">Z resolucijo o stavbnih zemlji\u0161\u010dih ustvarjamo jasen okvir za politiko in upravo glede tega, kako se bodo v prihodnosti razvijala nova stavbna zemlji\u0161\u010da v Wiesbadnu. V prihodnosti: Nova stavbna obmo\u010dja za stanovanjsko gradnjo so prikazana le, \u010de je vsaj 50 odstotkov v lasti mesta ali preneseno nanj. Poleg tega bi bilo treba v primerih, ko je urbanisti\u010dno na\u010drtovanje smiselno ali mogo\u010de, uporabiti najmanj\u0161o gostoto 80 stanovanjskih enot na hektar.<\/span><\/p>\n<p><span style=\"font-weight: 400;\">Le tako je mogo\u010de omejiti posledice pregretega nepremi\u010dninskega trga na metropolitanskem obmo\u010dju Ren-Majna ter ustvariti nadzorovana in cenovno dostopna stanovanja za vse dohodkovne skupine. Le tako bo mogo\u010de dose\u010di dru\u017ebeno sprejemljiv in podnebju prijazen razvoj mest.<\/span><\/p>\n<\/div><\/div><\/div><\/div><\/div><div class=\"w-tabs-section has_text_color\" id=\"ee08\" style=\"background:var(--color-header-transparent-text);color:var(--color-header-top-text-hover);\"><button class=\"w-tabs-section-header\" aria-controls=\"content-ee08\" aria-expanded=\"false\"><div class=\"w-tabs-section-title\">Koncept upravljanja tal za trajnostnost in varstvo virov<\/div><div class=\"w-tabs-section-control\"><\/div><\/button><div  class=\"w-tabs-section-content\" id=\"content-ee08\"><div class=\"w-tabs-section-content-h i-cf\"><div class=\"wpb_text_column\"><div class=\"wpb_wrapper\"><p><span style=\"font-weight: 400;\">GR\u00dcNE smo lansirali koncept upravljanja s tlemi mesta Wiesbaden. Wiesbaden tako sledi cilju ohranjanja kakovosti in funkcije tal kot nepogre\u0161ljivega na\u010dina pre\u017eivljanja ter zagotavljanja njihovih funkcij za prihodnje generacije. Srednjero\u010dno se z doslednim upravljanjem tal dose\u017ee neto ni\u010delna poraba.<\/span><span style=\"font-weight: 400;\"><br \/>\n<\/span><span style=\"font-weight: 400;\">To pomeni: Nobena dodatna povr\u0161ina ne sme biti trajno zaprta. \u010ce se v zameno ustvarijo nove stavbe ali ceste, je treba \u017ee pozidano obmo\u010dje ponovno zape\u010datiti drugje in ga vrniti na naravne ali zelene povr\u0161ine. Ko dose\u017eemo neto vrednost 0, bomo vstopili v kro\u017eno gospodarstvo rabe zemlji\u0161\u010d.<\/span><\/p>\n<p><span style=\"font-weight: 400;\">Koncept temelji na stuttgartskem modelu (BOKS) in na obstoje\u010dih podatkih o kakovosti in koli\u010dini tal v urbanih obmo\u010djih. S tem se optimizira gospodarjenje z zemlji\u0161\u010di in za\u0161\u010ditijo dragocena tla pred pozidavo.<\/span><\/p>\n<\/div><\/div><\/div><\/div><\/div><div class=\"w-tabs-section has_text_color\" id=\"qf47\" style=\"background:var(--color-header-transparent-text);color:var(--color-header-top-text-hover);\"><button class=\"w-tabs-section-header\" aria-controls=\"content-qf47\" aria-expanded=\"false\"><div class=\"w-tabs-section-title\">Aktivna politika v zvezi s tlemi<\/div><div class=\"w-tabs-section-control\"><\/div><\/button><div  class=\"w-tabs-section-content\" id=\"content-qf47\"><div class=\"w-tabs-section-content-h i-cf\"><div class=\"wpb_text_column\"><div class=\"wpb_wrapper\"><p><span style=\"font-weight: 400;\">Zeleni smo znatno napredovali na podro\u010dju aktivne politike tal v Wiesbadnu. Je strate\u0161ko orodje za ciljno usmerjeno pridobivanje, upravljanje in razdeljevanje zemlji\u0161\u010d. Tla so redka surovina, ki je ni mogo\u010de reproducirati in je ni mogo\u010de \u0161teti za \u010disto dobrino. Zemlji\u0161ko politiko je treba na\u010drtovati aktivno in dolgoro\u010dno, da bi uresni\u010dili skupne dobro usmerjene cilje ob\u010dine.<\/span><\/p>\n<p><span style=\"font-weight: 400;\">S tem stopamo po poti, po kateri mesta, kot so Ulm, M\u00fcnster in Hamburg, uspe\u0161no hodijo \u017ee desetletja.<\/span><\/p>\n<p><span style=\"font-weight: 400;\">Zgodnje pridobivanje potencialnih razvojnih obmo\u010dij s strani ob\u010din za mestne, stanovanjske in odprte prostore je temelj urbanega razvoja, slu\u017ei kot storitev splo\u0161nega pomena za dr\u017eavljane in ob\u010dinam omogo\u010da, da pove\u010dajo svoj vpliv na lokalni stanovanjski trg. Ob\u010dina se lahko odlo\u010di, komu bo predala nepremi\u010dnine ali zemlji\u0161\u010da. To je edini na\u010din, da se izognemo \u0161pekulacijam tretjih oseb z zemlji\u0161\u010di in dose\u017eemo gradnjo cenovno dostopnih stanovanj. Ob\u010dina se lahko odlo\u010di, ali bo razvila stanovanja, ustvarila socialno infrastrukturo v obliki vrtcev ali \u0161ol ali pa bo na primer spodbujala varstvo okolja in podnebja. Aktivna politika tal tako krepi zmogljivost ob\u010din za ukrepanje.<\/span><\/p>\n<\/div><\/div><\/div><\/div><\/div><\/div><\/div><div class=\"w-separator size_medium\"><\/div><div class=\"w-btn-wrapper align_left\"><a class=\"w-btn us-btn-style_8 icon_atleft\" href=\"https:\/\/gruene-wiesbaden.de\/sl\/kommunalwahl\/#Kapitel1\"><i class=\"fas fa-chevron-circle-right\"><\/i><span class=\"w-btn-label\">Nazaj na pregled<\/span><\/a><\/div><div class=\"w-separator size_large\"><\/div><\/div><\/div><\/div><\/div><\/section>","protected":false},"excerpt":{"rendered":"Urbanisti\u010dno na\u010drtovanje in razvoj mest sta klju\u010dna za najve\u010dje izzive v ob\u010dini. V nasprotnem primeru ne bo sprememb v prometu, ne bomo se mogli spopasti s podnebno krizo, ne bomo mogli ohraniti ali okrepiti socialne kohezije ali zmanj\u0161ati porabe zemlji\u0161\u010d. Zdravje, kakovost \u017eivljenja in bivanja, cenovno dostopna stanovanja, socialna kohezija, mo\u010dna poslovna lokacija: Vse to lahko dose\u017eemo le...","protected":false},"author":1,"featured_media":1502,"comment_status":"closed","ping_status":"closed","sticky":false,"template":"","format":"standard","meta":{"footnotes":""},"categories":[14],"tags":[],"class_list":["post-1327","post","type-post","status-publish","format-standard","has-post-thumbnail","hentry","category-kapitel-1"],"yoast_head":"<!-- This site is optimized with the Yoast SEO plugin v27.5 - https:\/\/yoast.com\/product\/yoast-seo-wordpress\/ -->\n<title>Stadtentwicklung - B\u00dcNDNIS 90\/DIE GR\u00dcNEN Wiesbaden<\/title>\n<meta name=\"robots\" content=\"index, follow, max-snippet:-1, max-image-preview:large, max-video-preview:-1\" \/>\n<link rel=\"canonical\" href=\"https:\/\/gruene-wiesbaden.de\/sl\/stadtentwicklung\/\" \/>\n<meta property=\"og:locale\" content=\"sl_SI\" \/>\n<meta property=\"og:type\" content=\"article\" \/>\n<meta property=\"og:title\" content=\"Stadtentwicklung - B\u00dcNDNIS 90\/DIE GR\u00dcNEN Wiesbaden\" \/>\n<meta property=\"og:url\" content=\"https:\/\/gruene-wiesbaden.de\/sl\/stadtentwicklung\/\" \/>\n<meta property=\"og:site_name\" content=\"B\u00dcNDNIS 90\/DIE GR\u00dcNEN Wiesbaden\" \/>\n<meta property=\"article:publisher\" content=\"https:\/\/www.facebook.com\/gruene.wi\" \/>\n<meta property=\"article:published_time\" content=\"2025-11-09T21:44:50+00:00\" \/>\n<meta property=\"article:modified_time\" content=\"2026-04-08T20:41:01+00:00\" \/>\n<meta property=\"og:image\" content=\"https:\/\/gruene-wiesbaden.de\/wp-content\/uploads\/2025\/11\/1.5-Stadtentwicklung-scaled.jpg\" \/>\n\t<meta property=\"og:image:width\" content=\"1920\" \/>\n\t<meta property=\"og:image:height\" content=\"2560\" \/>\n\t<meta property=\"og:image:type\" content=\"image\/jpeg\" \/>\n<meta name=\"author\" content=\"admin\" \/>\n<meta name=\"twitter:card\" content=\"summary_large_image\" \/>\n<meta name=\"twitter:label1\" content=\"Written by\" \/>\n\t<meta name=\"twitter:data1\" content=\"admin\" \/>\n\t<meta name=\"twitter:label2\" content=\"Est. reading time\" \/>\n\t<meta name=\"twitter:data2\" content=\"14 minutes\" \/>\n<script type=\"application\/ld+json\" class=\"yoast-schema-graph\">{\"@context\":\"https:\\\/\\\/schema.org\",\"@graph\":[{\"@type\":\"Article\",\"@id\":\"https:\\\/\\\/gruene-wiesbaden.de\\\/stadtentwicklung\\\/#article\",\"isPartOf\":{\"@id\":\"https:\\\/\\\/gruene-wiesbaden.de\\\/stadtentwicklung\\\/\"},\"author\":{\"name\":\"admin\",\"@id\":\"https:\\\/\\\/gruene-wiesbaden.de\\\/#\\\/schema\\\/person\\\/6785c34779159cd4fd86886bb097afe9\"},\"headline\":\"Stadtentwicklung\",\"datePublished\":\"2025-11-09T21:44:50+00:00\",\"dateModified\":\"2026-04-08T20:41:01+00:00\",\"mainEntityOfPage\":{\"@id\":\"https:\\\/\\\/gruene-wiesbaden.de\\\/stadtentwicklung\\\/\"},\"wordCount\":3464,\"publisher\":{\"@id\":\"https:\\\/\\\/gruene-wiesbaden.de\\\/#organization\"},\"image\":{\"@id\":\"https:\\\/\\\/gruene-wiesbaden.de\\\/stadtentwicklung\\\/#primaryimage\"},\"thumbnailUrl\":\"https:\\\/\\\/gruene-wiesbaden.de\\\/wp-content\\\/uploads\\\/2025\\\/11\\\/1.5-Stadtentwicklung-scaled.jpg\",\"articleSection\":[\"Kapitel 1\"],\"inLanguage\":\"sl-SI\"},{\"@type\":\"WebPage\",\"@id\":\"https:\\\/\\\/gruene-wiesbaden.de\\\/stadtentwicklung\\\/\",\"url\":\"https:\\\/\\\/gruene-wiesbaden.de\\\/stadtentwicklung\\\/\",\"name\":\"Stadtentwicklung - B\u00dcNDNIS 90\\\/DIE GR\u00dcNEN Wiesbaden\",\"isPartOf\":{\"@id\":\"https:\\\/\\\/gruene-wiesbaden.de\\\/#website\"},\"primaryImageOfPage\":{\"@id\":\"https:\\\/\\\/gruene-wiesbaden.de\\\/stadtentwicklung\\\/#primaryimage\"},\"image\":{\"@id\":\"https:\\\/\\\/gruene-wiesbaden.de\\\/stadtentwicklung\\\/#primaryimage\"},\"thumbnailUrl\":\"https:\\\/\\\/gruene-wiesbaden.de\\\/wp-content\\\/uploads\\\/2025\\\/11\\\/1.5-Stadtentwicklung-scaled.jpg\",\"datePublished\":\"2025-11-09T21:44:50+00:00\",\"dateModified\":\"2026-04-08T20:41:01+00:00\",\"breadcrumb\":{\"@id\":\"https:\\\/\\\/gruene-wiesbaden.de\\\/stadtentwicklung\\\/#breadcrumb\"},\"inLanguage\":\"sl-SI\",\"potentialAction\":[{\"@type\":\"ReadAction\",\"target\":[\"https:\\\/\\\/gruene-wiesbaden.de\\\/stadtentwicklung\\\/\"]}]},{\"@type\":\"ImageObject\",\"inLanguage\":\"sl-SI\",\"@id\":\"https:\\\/\\\/gruene-wiesbaden.de\\\/stadtentwicklung\\\/#primaryimage\",\"url\":\"https:\\\/\\\/gruene-wiesbaden.de\\\/wp-content\\\/uploads\\\/2025\\\/11\\\/1.5-Stadtentwicklung-scaled.jpg\",\"contentUrl\":\"https:\\\/\\\/gruene-wiesbaden.de\\\/wp-content\\\/uploads\\\/2025\\\/11\\\/1.5-Stadtentwicklung-scaled.jpg\",\"width\":1920,\"height\":2560},{\"@type\":\"BreadcrumbList\",\"@id\":\"https:\\\/\\\/gruene-wiesbaden.de\\\/stadtentwicklung\\\/#breadcrumb\",\"itemListElement\":[{\"@type\":\"ListItem\",\"position\":1,\"name\":\"Startseite\",\"item\":\"https:\\\/\\\/gruene-wiesbaden.de\\\/\"},{\"@type\":\"ListItem\",\"position\":2,\"name\":\"Stadtentwicklung\"}]},{\"@type\":\"WebSite\",\"@id\":\"https:\\\/\\\/gruene-wiesbaden.de\\\/#website\",\"url\":\"https:\\\/\\\/gruene-wiesbaden.de\\\/\",\"name\":\"DIE GR\u00dcNEN Wiesbaden\",\"description\":\"\",\"publisher\":{\"@id\":\"https:\\\/\\\/gruene-wiesbaden.de\\\/#organization\"},\"potentialAction\":[{\"@type\":\"SearchAction\",\"target\":{\"@type\":\"EntryPoint\",\"urlTemplate\":\"https:\\\/\\\/gruene-wiesbaden.de\\\/?s={search_term_string}\"},\"query-input\":{\"@type\":\"PropertyValueSpecification\",\"valueRequired\":true,\"valueName\":\"search_term_string\"}}],\"inLanguage\":\"sl-SI\"},{\"@type\":\"Organization\",\"@id\":\"https:\\\/\\\/gruene-wiesbaden.de\\\/#organization\",\"name\":\"DIE GR\u00dcNEN Wiesbaden\",\"url\":\"https:\\\/\\\/gruene-wiesbaden.de\\\/\",\"logo\":{\"@type\":\"ImageObject\",\"inLanguage\":\"sl-SI\",\"@id\":\"https:\\\/\\\/gruene-wiesbaden.de\\\/#\\\/schema\\\/logo\\\/image\\\/\",\"url\":\"https:\\\/\\\/gruene-wiesbaden-fuer-europa.de\\\/wp-content\\\/uploads\\\/2024\\\/04\\\/Machen-was-zaehlt-5.png\",\"contentUrl\":\"https:\\\/\\\/gruene-wiesbaden-fuer-europa.de\\\/wp-content\\\/uploads\\\/2024\\\/04\\\/Machen-was-zaehlt-5.png\",\"width\":1772,\"height\":1772,\"caption\":\"DIE GR\u00dcNEN Wiesbaden\"},\"image\":{\"@id\":\"https:\\\/\\\/gruene-wiesbaden.de\\\/#\\\/schema\\\/logo\\\/image\\\/\"},\"sameAs\":[\"https:\\\/\\\/www.facebook.com\\\/gruene.wi\",\"https:\\\/\\\/instagram.com\\\/gruene_wi\"]},{\"@type\":\"Person\",\"@id\":\"https:\\\/\\\/gruene-wiesbaden.de\\\/#\\\/schema\\\/person\\\/6785c34779159cd4fd86886bb097afe9\",\"name\":\"admin\",\"sameAs\":[\"http:\\\/\\\/gruene-wiesbaden-fuer-europa.de\"],\"url\":\"https:\\\/\\\/gruene-wiesbaden.de\\\/sl\\\/author\\\/admin\\\/\"}]}<\/script>\n<!-- \/ Yoast SEO plugin. -->","yoast_head_json":{"title":"Stadtentwicklung - B\u00dcNDNIS 90\/DIE GR\u00dcNEN Wiesbaden","robots":{"index":"index","follow":"follow","max-snippet":"max-snippet:-1","max-image-preview":"max-image-preview:large","max-video-preview":"max-video-preview:-1"},"canonical":"https:\/\/gruene-wiesbaden.de\/sl\/stadtentwicklung\/","og_locale":"sl_SI","og_type":"article","og_title":"Stadtentwicklung - B\u00dcNDNIS 90\/DIE GR\u00dcNEN Wiesbaden","og_url":"https:\/\/gruene-wiesbaden.de\/sl\/stadtentwicklung\/","og_site_name":"B\u00dcNDNIS 90\/DIE GR\u00dcNEN Wiesbaden","article_publisher":"https:\/\/www.facebook.com\/gruene.wi","article_published_time":"2025-11-09T21:44:50+00:00","article_modified_time":"2026-04-08T20:41:01+00:00","og_image":[{"width":1920,"height":2560,"url":"https:\/\/gruene-wiesbaden.de\/wp-content\/uploads\/2025\/11\/1.5-Stadtentwicklung-scaled.jpg","type":"image\/jpeg"}],"author":"admin","twitter_card":"summary_large_image","twitter_misc":{"Written by":"admin","Est. reading time":"14 minutes"},"schema":{"@context":"https:\/\/schema.org","@graph":[{"@type":"Article","@id":"https:\/\/gruene-wiesbaden.de\/stadtentwicklung\/#article","isPartOf":{"@id":"https:\/\/gruene-wiesbaden.de\/stadtentwicklung\/"},"author":{"name":"admin","@id":"https:\/\/gruene-wiesbaden.de\/#\/schema\/person\/6785c34779159cd4fd86886bb097afe9"},"headline":"Stadtentwicklung","datePublished":"2025-11-09T21:44:50+00:00","dateModified":"2026-04-08T20:41:01+00:00","mainEntityOfPage":{"@id":"https:\/\/gruene-wiesbaden.de\/stadtentwicklung\/"},"wordCount":3464,"publisher":{"@id":"https:\/\/gruene-wiesbaden.de\/#organization"},"image":{"@id":"https:\/\/gruene-wiesbaden.de\/stadtentwicklung\/#primaryimage"},"thumbnailUrl":"https:\/\/gruene-wiesbaden.de\/wp-content\/uploads\/2025\/11\/1.5-Stadtentwicklung-scaled.jpg","articleSection":["Kapitel 1"],"inLanguage":"sl-SI"},{"@type":"WebPage","@id":"https:\/\/gruene-wiesbaden.de\/stadtentwicklung\/","url":"https:\/\/gruene-wiesbaden.de\/stadtentwicklung\/","name":"Stadtentwicklung - B\u00dcNDNIS 90\/DIE GR\u00dcNEN Wiesbaden","isPartOf":{"@id":"https:\/\/gruene-wiesbaden.de\/#website"},"primaryImageOfPage":{"@id":"https:\/\/gruene-wiesbaden.de\/stadtentwicklung\/#primaryimage"},"image":{"@id":"https:\/\/gruene-wiesbaden.de\/stadtentwicklung\/#primaryimage"},"thumbnailUrl":"https:\/\/gruene-wiesbaden.de\/wp-content\/uploads\/2025\/11\/1.5-Stadtentwicklung-scaled.jpg","datePublished":"2025-11-09T21:44:50+00:00","dateModified":"2026-04-08T20:41:01+00:00","breadcrumb":{"@id":"https:\/\/gruene-wiesbaden.de\/stadtentwicklung\/#breadcrumb"},"inLanguage":"sl-SI","potentialAction":[{"@type":"ReadAction","target":["https:\/\/gruene-wiesbaden.de\/stadtentwicklung\/"]}]},{"@type":"ImageObject","inLanguage":"sl-SI","@id":"https:\/\/gruene-wiesbaden.de\/stadtentwicklung\/#primaryimage","url":"https:\/\/gruene-wiesbaden.de\/wp-content\/uploads\/2025\/11\/1.5-Stadtentwicklung-scaled.jpg","contentUrl":"https:\/\/gruene-wiesbaden.de\/wp-content\/uploads\/2025\/11\/1.5-Stadtentwicklung-scaled.jpg","width":1920,"height":2560},{"@type":"BreadcrumbList","@id":"https:\/\/gruene-wiesbaden.de\/stadtentwicklung\/#breadcrumb","itemListElement":[{"@type":"ListItem","position":1,"name":"Startseite","item":"https:\/\/gruene-wiesbaden.de\/"},{"@type":"ListItem","position":2,"name":"Stadtentwicklung"}]},{"@type":"WebSite","@id":"https:\/\/gruene-wiesbaden.de\/#website","url":"https:\/\/gruene-wiesbaden.de\/","name":"DIE GR\u00dcNEN Wiesbaden","description":"","publisher":{"@id":"https:\/\/gruene-wiesbaden.de\/#organization"},"potentialAction":[{"@type":"SearchAction","target":{"@type":"EntryPoint","urlTemplate":"https:\/\/gruene-wiesbaden.de\/?s={search_term_string}"},"query-input":{"@type":"PropertyValueSpecification","valueRequired":true,"valueName":"search_term_string"}}],"inLanguage":"sl-SI"},{"@type":"Organization","@id":"https:\/\/gruene-wiesbaden.de\/#organization","name":"DIE GR\u00dcNEN Wiesbaden","url":"https:\/\/gruene-wiesbaden.de\/","logo":{"@type":"ImageObject","inLanguage":"sl-SI","@id":"https:\/\/gruene-wiesbaden.de\/#\/schema\/logo\/image\/","url":"https:\/\/gruene-wiesbaden-fuer-europa.de\/wp-content\/uploads\/2024\/04\/Machen-was-zaehlt-5.png","contentUrl":"https:\/\/gruene-wiesbaden-fuer-europa.de\/wp-content\/uploads\/2024\/04\/Machen-was-zaehlt-5.png","width":1772,"height":1772,"caption":"DIE GR\u00dcNEN Wiesbaden"},"image":{"@id":"https:\/\/gruene-wiesbaden.de\/#\/schema\/logo\/image\/"},"sameAs":["https:\/\/www.facebook.com\/gruene.wi","https:\/\/instagram.com\/gruene_wi"]},{"@type":"Person","@id":"https:\/\/gruene-wiesbaden.de\/#\/schema\/person\/6785c34779159cd4fd86886bb097afe9","name":"admin","sameAs":["http:\/\/gruene-wiesbaden-fuer-europa.de"],"url":"https:\/\/gruene-wiesbaden.de\/sl\/author\/admin\/"}]}},"_links":{"self":[{"href":"https:\/\/gruene-wiesbaden.de\/sl\/wp-json\/wp\/v2\/posts\/1327","targetHints":{"allow":["GET"]}}],"collection":[{"href":"https:\/\/gruene-wiesbaden.de\/sl\/wp-json\/wp\/v2\/posts"}],"about":[{"href":"https:\/\/gruene-wiesbaden.de\/sl\/wp-json\/wp\/v2\/types\/post"}],"author":[{"embeddable":true,"href":"https:\/\/gruene-wiesbaden.de\/sl\/wp-json\/wp\/v2\/users\/1"}],"replies":[{"embeddable":true,"href":"https:\/\/gruene-wiesbaden.de\/sl\/wp-json\/wp\/v2\/comments?post=1327"}],"version-history":[{"count":9,"href":"https:\/\/gruene-wiesbaden.de\/sl\/wp-json\/wp\/v2\/posts\/1327\/revisions"}],"predecessor-version":[{"id":2370,"href":"https:\/\/gruene-wiesbaden.de\/sl\/wp-json\/wp\/v2\/posts\/1327\/revisions\/2370"}],"wp:featuredmedia":[{"embeddable":true,"href":"https:\/\/gruene-wiesbaden.de\/sl\/wp-json\/wp\/v2\/media\/1502"}],"wp:attachment":[{"href":"https:\/\/gruene-wiesbaden.de\/sl\/wp-json\/wp\/v2\/media?parent=1327"}],"wp:term":[{"taxonomy":"category","embeddable":true,"href":"https:\/\/gruene-wiesbaden.de\/sl\/wp-json\/wp\/v2\/categories?post=1327"},{"taxonomy":"post_tag","embeddable":true,"href":"https:\/\/gruene-wiesbaden.de\/sl\/wp-json\/wp\/v2\/tags?post=1327"}],"curies":[{"name":"wp","href":"https:\/\/api.w.org\/{rel}","templated":true}]}}