{"id":1323,"date":"2025-11-09T23:41:29","date_gmt":"2025-11-09T21:41:29","guid":{"rendered":"https:\/\/gruene-wiesbaden.de\/?p=1323"},"modified":"2026-04-08T22:32:07","modified_gmt":"2026-04-08T20:32:07","slug":"bevoelkerungsschutz","status":"publish","type":"post","link":"https:\/\/gruene-wiesbaden.de\/sl\/bevoelkerungsschutz\/","title":{"rendered":"Civilna za\u0161\u010dita"},"content":{"rendered":"<section class=\"l-section wpb_row height_medium with_img\"><div class=\"l-section-img\" role=\"img\" data-img-width=\"1080\" data-img-height=\"800\" style=\"background-image: url(https:\/\/gruene-wiesbaden.de\/wp-content\/uploads\/2025\/11\/neuer-Verlauf-gruene-wiesbaden.de_-2-e1762709402177.png);\"><\/div><div class=\"l-section-overlay\" style=\"background:var(--color-header-top-transparent-bg)\"><\/div><div class=\"l-section-h i-cf\"><div class=\"g-cols vc_row via_grid cols_1 laptops-cols_inherit tablets-cols_inherit mobiles-cols_1 valign_top type_default stacking_default\"><div class=\"wpb_column vc_column_container\"><div class=\"vc_column-inner\"><h1 class=\"w-post-elm post_title us_custom_a574d586 has_text_color entry-title\">Civilna za\u0161\u010dita<\/h1><div class=\"w-separator size_medium\"><\/div><div class=\"g-cols wpb_row via_grid cols_2-1 laptops-cols_inherit tablets-cols_inherit mobiles-cols_1 valign_top type_default stacking_default\" style=\"--columns-gap:3rem;\"><div class=\"wpb_column vc_column_container\"><div class=\"vc_column-inner\"><div class=\"wpb_text_column us_custom_8b3d6790 has_text_color\"><div class=\"wpb_wrapper\"><p><span style=\"font-weight: 400;\">Glede na vse pogostej\u0161e ekstremne vremenske pojave, ki jih povzro\u010dajo podnebna kriza in geopoliti\u010dne gro\u017enje, je odporno varstvo prebivalstva nujno. Zavezani smo u\u010dinkoviti varnosti in dobremu prepre\u010devanju kriz, ki \u0161\u010diti ljudi v vseh situacijah.<\/span><\/p>\n<p><span style=\"font-weight: 400;\">Ti vklju\u010dujejo nadaljevanje ob\u010dinskega akcijskega na\u010drta za toploto, ki varuje ranljive skupine, ter celovit koncept varstva pred poplavami z renaturacijo re\u010dnih tokov in vzpostavitvijo zadr\u017eevalnih obmo\u010dij.<\/span><\/p>\n<p><span style=\"font-weight: 400;\">Zavezani smo lokalnemu sistemu zgodnjega opozarjanja, ki pravo\u010dasno dose\u017ee vse dr\u017eavljane. Hkrati \u017eelimo okrepiti sposobnost samopomo\u010di prebivalstva.<\/span><\/p>\n<p><span style=\"font-weight: 400;\">Zaposlovanje mladih na podro\u010dju civilne za\u0161\u010dite je klju\u010dni izziv. \u017delimo navdihniti nove ciljne skupine za to prostovoljno delo in zagotoviti privla\u010dne ponudbe usposabljanja in kvalifikacij ter ustrezno opremo za gasilske in humanitarne organizacije.<\/span><\/p>\n<\/div><\/div><div class=\"w-separator size_medium\"><\/div><div class=\"w-btn-wrapper align_left\"><a class=\"w-btn us-btn-style_8 icon_atleft\" href=\"https:\/\/gruene-wiesbaden.de\/sl\/kommunalwahl\/#Kapitel1\"><i class=\"fas fa-chevron-circle-right\"><\/i><span class=\"w-btn-label\">Nazaj na pregled<\/span><\/a><\/div><\/div><\/div><div class=\"wpb_column vc_column_container\"><div class=\"vc_column-inner\"><div class=\"w-image align_center\"><div class=\"w-image-h\"><img decoding=\"async\" width=\"2560\" height=\"1707\" src=\"https:\/\/gruene-wiesbaden.de\/wp-content\/uploads\/2025\/11\/1.2-Bevoelkerungsschutz-scaled.jpeg\" class=\"attachment-full size-full\" alt=\"\" loading=\"lazy\" srcset=\"https:\/\/gruene-wiesbaden.de\/wp-content\/uploads\/2025\/11\/1.2-Bevoelkerungsschutz-scaled.jpeg 2560w, https:\/\/gruene-wiesbaden.de\/wp-content\/uploads\/2025\/11\/1.2-Bevoelkerungsschutz-400x267.jpeg 400w, https:\/\/gruene-wiesbaden.de\/wp-content\/uploads\/2025\/11\/1.2-Bevoelkerungsschutz-600x400.jpeg 600w\" sizes=\"auto, (max-width: 2560px) 100vw, 2560px\" \/><\/div><\/div><div class=\"w-separator size_small\"><\/div><\/div><\/div><\/div><div class=\"w-separator size_medium\"><\/div><div class=\"w-separator size_medium\"><\/div><div class=\"wpb_text_column\"><div class=\"wpb_wrapper\"><h1>Kaj nam pomeni odporna civilna za\u0161\u010dita<\/h1>\n<\/div><\/div><div class=\"w-separator size_large\"><\/div><div class=\"g-cols wpb_row via_grid cols_3 laptops-cols_inherit tablets-cols_inherit mobiles-cols_1 valign_top type_default stacking_default\" style=\"--columns-gap:3rem;\"><div class=\"wpb_column vc_column_container\"><div class=\"vc_column-inner\"><div class=\"w-iconbox us_custom_f4639b64 has_text_color iconpos_left style_default color_custom align_left\"><div class=\"w-iconbox-icon\" style=\"font-size:2rem;--icon-color:#Ffffff;--icon-bg-color:var(--color-header-middle-bg);\"><i class=\"fas fa-layer-group\"><\/i><\/div><div class=\"w-iconbox-meta\"><h4 class=\"w-iconbox-title\" style=\"font-size:1.5rem;\">Delujemo s predvidevanjem<\/h4><div class=\"w-iconbox-text\"><p><span style=\"font-weight: 400;\">\u017delimo vlagati v prepre\u010devanje, namesto da se odzivamo na nesre\u010de. Odpornost na krizo v Wiesbadnu je najbolj\u0161a nalo\u017eba, ki jo lahko naredimo.<\/span><\/p>\n<\/div><\/div><\/div><\/div><\/div><div class=\"wpb_column vc_column_container\"><div class=\"vc_column-inner\"><div class=\"w-iconbox us_custom_f4639b64 has_text_color iconpos_left style_default color_custom align_left\"><div class=\"w-iconbox-icon\" style=\"font-size:2rem;--icon-color:#Ffffff;--icon-bg-color:var(--color-header-transparent-text);\"><i class=\"fas fa-layer-group\"><\/i><\/div><div class=\"w-iconbox-meta\"><h4 class=\"w-iconbox-title\" style=\"font-size:1.5rem;\">Infrastruktura je odporna na krize<\/h4><div class=\"w-iconbox-text\"><p><span style=\"font-weight: 400;\">Za\u0161\u010dita kriti\u010dne infrastrukture na podro\u010dju oskrbe z energijo in vodo, komunikacijskih in zdravstvenih ustanov je za nas \u0161e posebej pomembna.<\/span><\/p>\n<\/div><\/div><\/div><\/div><\/div><div class=\"wpb_column vc_column_container\"><div class=\"vc_column-inner\"><div class=\"w-iconbox us_custom_f4639b64 has_text_color iconpos_left style_default color_custom align_left\"><div class=\"w-iconbox-icon\" style=\"font-size:2rem;--icon-color:#Ffffff;--icon-bg-color:var(--color-header-transparent-text);\"><i class=\"fas fa-layer-group\"><\/i><\/div><div class=\"w-iconbox-meta\"><h4 class=\"w-iconbox-title\" style=\"font-size:1.5rem;\">Za\u0161\u010ditimo najdragocenej\u0161e<\/h4><div class=\"w-iconbox-text\"><p><span style=\"font-weight: 400;\">Skrbimo za vse, ki so nam pomembni: Na\u0161i otroci, na\u0161i star\u0161i, na\u0161i prijatelji, na\u0161i sosedje, na\u0161i hi\u0161ni ljubljen\u010dki. Trudimo se po svojih najbolj\u0161ih mo\u010deh za njihovo dobro po\u010dutje.<\/span><\/p>\n<\/div><\/div><\/div><\/div><\/div><\/div><div class=\"w-separator size_medium\"><\/div><div class=\"g-cols wpb_row via_grid cols_3 laptops-cols_inherit tablets-cols_inherit mobiles-cols_1 valign_top type_default stacking_default\" style=\"--columns-gap:3rem;\"><div class=\"wpb_column vc_column_container\"><div class=\"vc_column-inner\"><div class=\"w-iconbox us_custom_f4639b64 has_text_color iconpos_left style_default color_custom align_left\"><div class=\"w-iconbox-icon\" style=\"font-size:2rem;--icon-color:#Ffffff;--icon-bg-color:var(--color-header-middle-bg);\"><i class=\"fas fa-layer-group\"><\/i><\/div><div class=\"w-iconbox-meta\"><h4 class=\"w-iconbox-title\" style=\"font-size:1.5rem;\">Skupaj smo aktivni<\/h4><div class=\"w-iconbox-text\"><p><span style=\"font-weight: 400;\">Skupno ukrepanje je predpogoj za na\u0161o varnost. Spodbujamo prostovoljstvo in podpiramo mre\u017ee civilne dru\u017ebe.<\/span><\/p>\n<\/div><\/div><\/div><\/div><\/div><div class=\"wpb_column vc_column_container\"><div class=\"vc_column-inner\"><div class=\"w-iconbox us_custom_f4639b64 has_text_color iconpos_left style_default color_custom align_left\"><div class=\"w-iconbox-icon\" style=\"font-size:2rem;--icon-color:#Ffffff;--icon-bg-color:var(--color-header-transparent-text);\"><i class=\"fas fa-layer-group\"><\/i><\/div><div class=\"w-iconbox-meta\"><h4 class=\"w-iconbox-title\" style=\"font-size:1.5rem;\">Delujemo solidarno<\/h4><div class=\"w-iconbox-text\"><p><span style=\"font-weight: 400;\">Stojimo skupaj kot dru\u017eba. Podnebna kriza ne vpliva enako na vse; Pogosto so \u0161e posebej prizadeti starej\u0161i, bolni, osamljeni in prikraj\u0161ani.<\/span><\/p>\n<\/div><\/div><\/div><\/div><\/div><div class=\"wpb_column vc_column_container\"><div class=\"vc_column-inner\"><div class=\"w-iconbox us_custom_f4639b64 has_text_color iconpos_left style_default color_custom align_left\"><div class=\"w-iconbox-icon\" style=\"font-size:2rem;--icon-color:#Ffffff;--icon-bg-color:var(--color-header-transparent-text);\"><i class=\"fas fa-layer-group\"><\/i><\/div><div class=\"w-iconbox-meta\"><h4 class=\"w-iconbox-title\" style=\"font-size:1.5rem;\">Dosegamo vse<\/h4><div class=\"w-iconbox-text\"><p><span style=\"font-weight: 400;\">Sisteme zgodnjega opozarjanja smo vzpostavili \u0161iroko, da bi lahko vse ljudi obve\u0161\u010dali kadar koli in kjer koli.<\/span><\/p>\n<\/div><\/div><\/div><\/div><\/div><\/div><div class=\"w-separator size_medium\"><\/div><div class=\"w-btn-wrapper align_left\"><a class=\"w-btn us-btn-style_8 icon_atleft\" href=\"https:\/\/gruene-wiesbaden.de\/sl\/kommunalwahl\/#Kapitel1\"><i class=\"fas fa-chevron-circle-right\"><\/i><span class=\"w-btn-label\">Nazaj na pregled<\/span><\/a><\/div><div class=\"w-separator size_medium\"><\/div><\/div><\/div><\/div><\/div><\/section><section class=\"l-section wpb_row height_auto with_img\"><div class=\"l-section-img\" role=\"img\" data-img-width=\"2560\" data-img-height=\"1707\" style=\"background-image: url(https:\/\/gruene-wiesbaden.de\/wp-content\/uploads\/2025\/11\/1.2-Bevoelkerungsschutz-scaled.jpeg);background-repeat: no-repeat;\"><\/div><div class=\"l-section-overlay\" style=\"background:var(--color-header-top-transparent-bg)\"><\/div><div class=\"l-section-h i-cf\"><div class=\"g-cols vc_row via_grid cols_1 laptops-cols_inherit tablets-cols_inherit mobiles-cols_1 valign_middle type_default stacking_default\" style=\"--columns-gap:1rem;\"><div class=\"wpb_column vc_column_container\"><div class=\"vc_column-inner\"><div class=\"w-separator size_large\"><\/div><div class=\"wpb_text_column background_inside_text\"><div class=\"wpb_wrapper\"><h1>Kaj \u017eelimo konkretno storiti na tem podro\u010dju<\/h1>\n<\/div><\/div><div class=\"w-separator size_medium\"><\/div><div class=\"w-tabs us_custom_42d693a0 has_text_color style_default switch_click accordion has_scrolling\" style=\"--sections-title-size:1.4rem\"><div class=\"w-tabs-sections titles-align_none icon_chevron cpos_right\"><div class=\"w-tabs-section has_text_color\" id=\"t6be\" style=\"background:var(--color-header-transparent-text);color:var(--color-header-top-text-hover);\"><button class=\"w-tabs-section-header\" aria-controls=\"content-t6be\" aria-expanded=\"false\"><div class=\"w-tabs-section-title\">Dobro se pripravite na vse primere<\/div><div class=\"w-tabs-section-control\"><\/div><\/button><div  class=\"w-tabs-section-content\" id=\"content-t6be\"><div class=\"w-tabs-section-content-h i-cf\"><div class=\"wpb_text_column\"><div class=\"wpb_wrapper\"><p><span style=\"font-weight: 400;\">Preventiva stane le del\u010dek \u0161kode. Zavezani smo k zagotavljanju, da Wiesbaden postane odporen na krize z na\u010drti za za\u0161\u010dito pred vro\u010dino, mo\u010dnim de\u017ejem in poplavami. Zagotoviti \u017eelimo, da se pove\u010da ozave\u0161\u010denost dr\u017eavljanov o nevarnostih, kot so poplave, izpadi elektri\u010dne energije in gozdni po\u017eari. Z vajami civilne za\u0161\u010dite, usposabljanjem in nadaljnjim izobra\u017eevanjem \u017eelimo okrepiti sposobnost samoza\u0161\u010dite prebivalstva in u\u010dinkovito sodelovanje med organi in operativnimi organizacijami ter si prizadevati za raz\u0161iritev komunikacijskih kanalov za (zgodnja) opozorila in opozorila. Virtualni kanali, kot so aplikacije za opozarjanje, so enako pomembni kot sirene in lokalna omre\u017eja za doseganje starej\u0161ih in ljudi brez digitalnega dostopa ali celo invalidov.<\/span><\/p>\n<\/div><\/div><\/div><\/div><\/div><div class=\"w-tabs-section has_text_color\" id=\"n800\" style=\"background:var(--color-header-transparent-text);color:var(--color-header-top-text-hover);\"><button class=\"w-tabs-section-header\" aria-controls=\"content-n800\" aria-expanded=\"false\"><div class=\"w-tabs-section-title\">Nikogar ne pu\u0161\u010damo samega<\/div><div class=\"w-tabs-section-control\"><\/div><\/button><div  class=\"w-tabs-section-content\" id=\"content-n800\"><div class=\"w-tabs-section-content-h i-cf\"><div class=\"wpb_text_column\"><div class=\"wpb_wrapper\"><p><span style=\"font-weight: 400;\">Dr\u017eavljani, ki so jih prizadele nesre\u010de, potrebujejo hitro pomo\u010d, vendar re\u0161evalci in spontani pomo\u010dniki pogosto dose\u017eejo meje svoje odpornosti. V primeru krize \u017eelimo zagotoviti, da lahko mesto Wiesbaden zagotovi nebirokratsko podporo in poskrbi tudi za psihosocialno nujno oskrbo. Za zagotovitev, da socialna infrastruktura, kot so bolni\u0161nice, domovi za ostarele in zdravstvene ordinacije, ne propade, je treba pripraviti na\u010drte za izredne razmere v zvezi z morebitnimi premestitvami pacientov in sprejemom po\u0161kodovanih oseb. Vemo, da je civilna za\u0161\u010dita odvisna zlasti od prizadevanj ve\u010d tiso\u010d prostovoljcev: V Nem\u010diji je 90 odstotkov pomo\u010dnikov v civilni za\u0161\u010diti prostovoljcev. To nepogre\u0161ljivo zavezo \u017eelimo priznati, okrepiti in narediti privla\u010dnej\u0161o, zlasti za mlade, \u017eenske in ljudi z zgodovino migracij.<\/span><\/p>\n<\/div><\/div><\/div><\/div><\/div><div class=\"w-tabs-section has_text_color\" id=\"x91c\" style=\"background:var(--color-header-transparent-text);color:var(--color-header-top-text-hover);\"><button class=\"w-tabs-section-header\" aria-controls=\"content-x91c\" aria-expanded=\"false\"><div class=\"w-tabs-section-title\">Za\u0161\u010dita pred nevarnostmi za zdravje<\/div><div class=\"w-tabs-section-control\"><\/div><\/button><div  class=\"w-tabs-section-content\" id=\"content-x91c\"><div class=\"w-tabs-section-content-h i-cf\"><div class=\"wpb_text_column\"><div class=\"wpb_wrapper\"><p><span style=\"font-weight: 400;\">V mo\u010dnih de\u017eevjih in poplavah lahko poleg neposrednih nevarnosti med drugim pride do uhajanja rezervoarjev za olje v ogrevalnih kleteh. Dolga su\u0161a in vro\u010dina pa povzro\u010data strupeno cvetenje alg v na\u0161ih vodah; V primeru po\u017eara nastajajo nevarni dimni plini. Mesto Wiesbaden bi moralo imeti mo\u017enost, da v teh kriznih razmerah \u017ee v zgodnji fazi opozori dr\u017eavljane in poskrbi za prizadete. Zato \u017eelimo okrepiti sodelovanje enot civilne za\u0161\u010dite z gasilci, THW in humanitarnimi organizacijami.<\/span><\/p>\n<\/div><\/div><\/div><\/div><\/div><div class=\"w-tabs-section has_text_color\" id=\"ga32\" style=\"background:var(--color-alt-content-bg);color:var(--color-content-heading);\"><button class=\"w-tabs-section-header\" aria-controls=\"content-ga32\" aria-expanded=\"false\"><div class=\"w-tabs-section-title\">Uporaba sen\u010dnih obmo\u010dij brez prisile za porabo<\/div><div class=\"w-tabs-section-control\"><\/div><\/button><div  class=\"w-tabs-section-content\" id=\"content-ga32\"><div class=\"w-tabs-section-content-h i-cf\"><div class=\"wpb_text_column\"><div class=\"wpb_wrapper\"><p><span style=\"font-weight: 400;\">Ekstremna obdobja toplote v dalj\u0161em \u010dasovnem obdobju se zaradi podnebnih sprememb pove\u010dujejo in postajajo vse ve\u010dje breme za ljudi. \u0160e posebej v centru mesta se lahko apartmaji ve\u010d dni segrejejo na temperature, ki onemogo\u010dajo spro\u0161\u010dujo\u010de bivanje in spanje. Zato menimo, da je bistveno, da so v Wiesbadnu na voljo hladni in lahko dostopni prostori, kjer lahko dr\u017eavljani brezpla\u010dno bivajo vsaj \u010dez dan.<\/span><\/p>\n<\/div><\/div><\/div><\/div><\/div><div class=\"w-tabs-section has_text_color\" id=\"ob66\" style=\"background:var(--color-header-transparent-text);color:var(--color-header-top-text-hover);\"><button class=\"w-tabs-section-header\" aria-controls=\"content-ob66\" aria-expanded=\"false\"><div class=\"w-tabs-section-title\">Zmanj\u0161anje tveganja gozdnih po\u017earov<\/div><div class=\"w-tabs-section-control\"><\/div><\/button><div  class=\"w-tabs-section-content\" id=\"content-ob66\"><div class=\"w-tabs-section-content-h i-cf\"><div class=\"wpb_text_column\"><div class=\"wpb_wrapper\"><p><span style=\"font-weight: 400;\">Ve\u010d kot 80% Vse po\u017eare v gozdu povzro\u010dajo ljudje. Zato \u017eelimo, da mesto Wiesbaden za\u010dne \u0161iroko zasnovano kampanjo ozave\u0161\u010danja, ki bo obve\u0161\u010dala o nevarnosti po\u017earov v gozdu in ozave\u0161\u010dala o odgovornem ravnanju. Prej ko je gozdni po\u017ear odkrit, la\u017eje se je izogniti ve\u010dji \u0161kodi. Zavezani smo celovitemu digitalnemu sistemu zgodnjega opozarjanja ter podpiramo opremo in usposabljanje na\u0161ih gasilskih enot. Poleg tega \u017eelimo zagotoviti gosto mre\u017eo primernih zbirnih mest za ga\u0161enje vode v mestu Wiesbaden.<\/span><\/p>\n<\/div><\/div><\/div><\/div><\/div><div class=\"w-tabs-section has_text_color\" id=\"fc81\" style=\"background:var(--color-alt-content-bg);color:var(--color-header-middle-text);\"><button class=\"w-tabs-section-header\" aria-controls=\"content-fc81\" aria-expanded=\"false\"><div class=\"w-tabs-section-title\">Bodite dobro pripravljeni na izredne razmere<\/div><div class=\"w-tabs-section-control\"><\/div><\/button><div  class=\"w-tabs-section-content\" id=\"content-fc81\"><div class=\"w-tabs-section-content-h i-cf\"><div class=\"wpb_text_column\"><div class=\"wpb_wrapper\"><p><span style=\"font-weight: 400;\">V kriznih razmerah lahko kriti\u010dna infrastruktura propade. Zato je zlasti pomembno, da so vsi dr\u017eavljani seznanjeni z obstoje\u010dimi na\u010drti civilne za\u0161\u010dite in da se razvije potrebna infrastruktura. Temu smo zavezani. Med njimi so hitra namestitev premi\u010dnih rezervoarjev za vodo in strani\u0161\u010d, izdajanje obrokov hrane in potrebnih zdravil za prebivalstvo ter zasilna oskrba z elektri\u010dno energijo in gorivom za re\u0161evalne slu\u017ebe. Zavezani smo tudi zagotavljanju, da so gasilske brigade in humanitarne organizacije opremljene s potrebno infrastrukturo na na\u010din, ki bo kos izzivom prihodnosti in odporen na krize, ter da jih podpirajo mestni objekti.<\/span><\/p>\n<\/div><\/div><\/div><\/div><\/div><div class=\"w-tabs-section has_text_color\" id=\"ld99\" style=\"background:var(--color-header-transparent-text);color:var(--color-header-top-text-hover);\"><button class=\"w-tabs-section-header\" aria-controls=\"content-ld99\" aria-expanded=\"false\"><div class=\"w-tabs-section-title\">Dajemo prostor za vodo<\/div><div class=\"w-tabs-section-control\"><\/div><\/button><div  class=\"w-tabs-section-content\" id=\"content-ld99\"><div class=\"w-tabs-section-content-h i-cf\"><div class=\"wpb_text_column\"><div class=\"wpb_wrapper\"><p><span style=\"font-weight: 400;\">Za za\u0161\u010dito pred poplavami se zana\u0161amo na na\u010delo mesta gobic: De\u017eevnica bi morala biti sposobna pronicati tja, kjer pade, namesto da te\u010de v preobremenjene kanale. Zato smo zavezani k pove\u010danju \u0161tevila zelenih streh, infiltracijskih obmo\u010dij in podzemnih skladi\u0161\u010d v Wiesbadnu ter k odpe\u010datenju obmo\u010dij, kjer je to mogo\u010de.<\/span><\/p>\n<\/div><\/div><\/div><\/div><\/div><\/div><\/div><div class=\"w-separator size_medium\"><\/div><div class=\"w-btn-wrapper align_left\"><a class=\"w-btn us-btn-style_8 icon_atleft\" href=\"https:\/\/gruene-wiesbaden.de\/sl\/kommunalwahl\/#Kapitel1\"><i class=\"fas fa-chevron-circle-right\"><\/i><span class=\"w-btn-label\">Nazaj na pregled<\/span><\/a><\/div><div class=\"w-separator size_large\"><\/div><div class=\"wpb_text_column\"><div class=\"wpb_wrapper\"><h1>Kaj smo \u017ee dosegli<\/h1>\n<\/div><\/div><div class=\"w-separator size_medium\"><\/div><div class=\"w-tabs us_custom_42d693a0 has_text_color style_default switch_click accordion has_scrolling\" style=\"--sections-title-size:1.4rem\"><div class=\"w-tabs-sections titles-align_none icon_chevron cpos_right\"><div class=\"w-tabs-section has_text_color\" id=\"gdff\" style=\"background:var(--color-header-transparent-text);color:var(--color-header-top-text-hover);\"><button class=\"w-tabs-section-header\" aria-controls=\"content-gdff\" aria-expanded=\"false\"><div class=\"w-tabs-section-title\">Ve\u010d nezape\u010datenih prostorov<\/div><div class=\"w-tabs-section-control\"><\/div><\/button><div  class=\"w-tabs-section-content\" id=\"content-gdff\"><div class=\"w-tabs-section-content-h i-cf\"><div class=\"wpb_text_column\"><div class=\"wpb_wrapper\"><p><span style=\"font-weight: 400;\">Kot zadr\u017eevalna obmo\u010dja in poplavne ravnice so bila mestna obmo\u010dja \u017ee odpe\u010datena in zasajena z vrstami. Ta proces bomo uspe\u0161no nadaljevali.<\/span><\/p>\n<\/div><\/div><\/div><\/div><\/div><div class=\"w-tabs-section has_text_color\" id=\"ef43\" style=\"background:var(--color-header-transparent-text);color:var(--color-header-top-text-hover);\"><button class=\"w-tabs-section-header\" aria-controls=\"content-ef43\" aria-expanded=\"false\"><div class=\"w-tabs-section-title\">Ve\u010dja za\u0161\u010dita pred poplavami in mo\u010dnim de\u017ejem<\/div><div class=\"w-tabs-section-control\"><\/div><\/button><div  class=\"w-tabs-section-content\" id=\"content-ef43\"><div class=\"w-tabs-section-content-h i-cf\"><div class=\"wpb_text_column\"><div class=\"wpb_wrapper\"><p><span style=\"font-weight: 400;\">Mesto Wiesbaden je \u017ee za\u010delo na\u010drtovati zadr\u017eevalnik de\u017eja v Rambachu in dokon\u010dalo Schluckbrunnen v Kurparkweiherju. Poleg tega mesto v na\u0161em urbanem gozdu zagotavlja zadr\u017eevalne gozdne zaloge. Razvito je bilo zavestno upravljanje voda in na primer so bila na celotnem obmo\u010dju ustvarjena majhna zadr\u017eevalna obmo\u010dja.<\/span><\/p>\n<p><span style=\"font-weight: 400;\">Sonaravne gozdne strukture in dosledno nemotena tla spodbujajo absorpcijo vode, kjer padejo padavine, in zmanj\u0161ujejo povr\u0161inski odtok. To upo\u010dasnjuje razvoj poplav, pove\u010duje razpolo\u017eljivost talne vode za drevesa in omogo\u010da nastanek nove podzemne vode.<\/span><\/p>\n<\/div><\/div><\/div><\/div><\/div><div class=\"w-tabs-section has_text_color\" id=\"o05d\" style=\"background:var(--color-header-transparent-text);color:var(--color-header-top-text-hover);\"><button class=\"w-tabs-section-header\" aria-controls=\"content-o05d\" aria-expanded=\"false\"><div class=\"w-tabs-section-title\">Bolj\u0161e informacije o padavinskih dogodkih<\/div><div class=\"w-tabs-section-control\"><\/div><\/button><div  class=\"w-tabs-section-content\" id=\"content-o05d\"><div class=\"w-tabs-section-content-h i-cf\"><div class=\"wpb_text_column\"><div class=\"wpb_wrapper\"><p><span style=\"font-weight: 400;\">Spodbujamo ravnanje s padavinsko vodo, odporno na podnebne spremembe. Zato smo si uspe\u0161no prizadevali, da bi mesto Wiesbaden pripravilo zemljevide o mo\u010dnem de\u017eevju in jih dalo na voljo javnosti. Poleg tega se pripravlja zakon o padavinski vodi. Na\u010delo gobastega mesta se zdaj uporablja pri preoblikovanju trgov (Els\u00e4sser Park, Schlo\u00dfplatz itd.) in pri velikih novih gradbenih projektih.<\/span><\/p>\n<\/div><\/div><\/div><\/div><\/div><div class=\"w-tabs-section has_text_color\" id=\"n174\" style=\"background:var(--color-alt-content-bg);color:var(--color-content-heading);\"><button class=\"w-tabs-section-header\" aria-controls=\"content-n174\" aria-expanded=\"false\"><div class=\"w-tabs-section-title\">Izbolj\u0161anje toplotne za\u0161\u010dite za vse prebivalce Wiesbadna<\/div><div class=\"w-tabs-section-control\"><\/div><\/button><div  class=\"w-tabs-section-content\" id=\"content-n174\"><div class=\"w-tabs-section-content-h i-cf\"><div class=\"wpb_text_column\"><div class=\"wpb_wrapper\"><p><span style=\"font-weight: 400;\">Mesto Wiesbaden je \u017ee objavilo prvo izdajo toplotnega akcijskega na\u010drta, kjer se nenehno posodablja, ocenjuje in nadalje razvija. Poleg tega je bil pripravljen in objavljen \u201eZemljevid hladnih krajev\u201c. Ta zemljevid se nenehno \u0161iri.<\/span><\/p>\n<\/div><\/div><\/div><\/div><\/div><div class=\"w-tabs-section has_text_color\" id=\"z29d\" style=\"background:var(--color-header-transparent-text);color:var(--color-header-top-text-hover);\"><button class=\"w-tabs-section-header\" aria-controls=\"content-z29d\" aria-expanded=\"false\"><div class=\"w-tabs-section-title\">Varna komunikacija v primeru nesre\u010de<\/div><div class=\"w-tabs-section-control\"><\/div><\/button><div  class=\"w-tabs-section-content\" id=\"content-z29d\"><div class=\"w-tabs-section-content-h i-cf\"><div class=\"wpb_text_column\"><div class=\"wpb_wrapper\"><p><span style=\"font-weight: 400;\">V primeru izpada elektri\u010dne energije po vsej dr\u017eavi ali prekinitve telekomunikacij so na\u0161e gasilske in humanitarne organizacije v vseh okro\u017ejih postavile mobilne in stacionarne svetilnike civilne za\u0161\u010dite. To zagotavlja nujno oskrbo in komunikacijo. Tukaj lahko opravite klice v sili v primeru krize, prejmete prakti\u010dno pomo\u010d ter zanesljive in jasne informacije o trenutnih razmerah. Lokacije lahko najdete na spletu v geoportalu Wiesbaden.<\/span><\/p>\n<\/div><\/div><\/div><\/div><\/div><\/div><\/div><div class=\"w-separator size_medium\"><\/div><div class=\"w-btn-wrapper align_left\"><a class=\"w-btn us-btn-style_8 icon_atleft\" href=\"https:\/\/gruene-wiesbaden.de\/sl\/kommunalwahl\/#Kapitel1\"><i class=\"fas fa-chevron-circle-right\"><\/i><span class=\"w-btn-label\">Nazaj na pregled<\/span><\/a><\/div><div class=\"w-separator size_large\"><\/div><\/div><\/div><\/div><\/div><\/section>","protected":false},"excerpt":{"rendered":"Zaradi vse pogostej\u0161ih ekstremnih vremenskih pojavov, ki jih povzro\u010dajo podnebna kriza in geopoliti\u010dne gro\u017enje, je odporna civilna za\u0161\u010dita nepogre\u0161ljiva. Zavezani smo u\u010dinkoviti varnosti in dobremu prepre\u010devanju kriz, ki \u0161\u010diti ljudi v vseh situacijah. Ti vklju\u010dujejo nadaljevanje ob\u010dinskega akcijskega na\u010drta za toploto, ki \u0161\u010diti ranljive skupine, ter celovit koncept varstva pred poplavami z renaturacijo rek in rek.","protected":false},"author":1,"featured_media":1497,"comment_status":"closed","ping_status":"closed","sticky":false,"template":"","format":"standard","meta":{"footnotes":""},"categories":[14],"tags":[],"class_list":["post-1323","post","type-post","status-publish","format-standard","has-post-thumbnail","hentry","category-kapitel-1"],"yoast_head":"<!-- This site is optimized with the Yoast SEO plugin v27.5 - https:\/\/yoast.com\/product\/yoast-seo-wordpress\/ -->\n<title>Bev\u00f6lkerungsschutz - B\u00dcNDNIS 90\/DIE GR\u00dcNEN Wiesbaden<\/title>\n<meta name=\"robots\" content=\"index, follow, max-snippet:-1, max-image-preview:large, max-video-preview:-1\" \/>\n<link rel=\"canonical\" href=\"https:\/\/gruene-wiesbaden.de\/sl\/bevoelkerungsschutz\/\" \/>\n<meta property=\"og:locale\" content=\"sl_SI\" \/>\n<meta property=\"og:type\" content=\"article\" \/>\n<meta property=\"og:title\" content=\"Bev\u00f6lkerungsschutz - B\u00dcNDNIS 90\/DIE GR\u00dcNEN Wiesbaden\" \/>\n<meta property=\"og:url\" content=\"https:\/\/gruene-wiesbaden.de\/sl\/bevoelkerungsschutz\/\" \/>\n<meta property=\"og:site_name\" content=\"B\u00dcNDNIS 90\/DIE GR\u00dcNEN Wiesbaden\" \/>\n<meta property=\"article:publisher\" content=\"https:\/\/www.facebook.com\/gruene.wi\" \/>\n<meta property=\"article:published_time\" content=\"2025-11-09T21:41:29+00:00\" \/>\n<meta property=\"article:modified_time\" content=\"2026-04-08T20:32:07+00:00\" \/>\n<meta property=\"og:image\" content=\"https:\/\/gruene-wiesbaden.de\/wp-content\/uploads\/2025\/11\/1.2-Bevoelkerungsschutz-scaled.jpeg\" \/>\n\t<meta property=\"og:image:width\" content=\"2560\" \/>\n\t<meta property=\"og:image:height\" content=\"1707\" \/>\n\t<meta property=\"og:image:type\" content=\"image\/jpeg\" \/>\n<meta name=\"author\" content=\"admin\" \/>\n<meta name=\"twitter:card\" content=\"summary_large_image\" \/>\n<meta name=\"twitter:label1\" content=\"Written by\" \/>\n\t<meta name=\"twitter:data1\" content=\"admin\" \/>\n\t<meta name=\"twitter:label2\" content=\"Est. reading time\" \/>\n\t<meta name=\"twitter:data2\" content=\"8 minutes\" \/>\n<script type=\"application\/ld+json\" class=\"yoast-schema-graph\">{\"@context\":\"https:\\\/\\\/schema.org\",\"@graph\":[{\"@type\":\"Article\",\"@id\":\"https:\\\/\\\/gruene-wiesbaden.de\\\/bevoelkerungsschutz\\\/#article\",\"isPartOf\":{\"@id\":\"https:\\\/\\\/gruene-wiesbaden.de\\\/bevoelkerungsschutz\\\/\"},\"author\":{\"name\":\"admin\",\"@id\":\"https:\\\/\\\/gruene-wiesbaden.de\\\/#\\\/schema\\\/person\\\/6785c34779159cd4fd86886bb097afe9\"},\"headline\":\"Bev\u00f6lkerungsschutz\",\"datePublished\":\"2025-11-09T21:41:29+00:00\",\"dateModified\":\"2026-04-08T20:32:07+00:00\",\"mainEntityOfPage\":{\"@id\":\"https:\\\/\\\/gruene-wiesbaden.de\\\/bevoelkerungsschutz\\\/\"},\"wordCount\":2343,\"publisher\":{\"@id\":\"https:\\\/\\\/gruene-wiesbaden.de\\\/#organization\"},\"image\":{\"@id\":\"https:\\\/\\\/gruene-wiesbaden.de\\\/bevoelkerungsschutz\\\/#primaryimage\"},\"thumbnailUrl\":\"https:\\\/\\\/gruene-wiesbaden.de\\\/wp-content\\\/uploads\\\/2025\\\/11\\\/1.2-Bevoelkerungsschutz-scaled.jpeg\",\"articleSection\":[\"Kapitel 1\"],\"inLanguage\":\"sl-SI\"},{\"@type\":\"WebPage\",\"@id\":\"https:\\\/\\\/gruene-wiesbaden.de\\\/bevoelkerungsschutz\\\/\",\"url\":\"https:\\\/\\\/gruene-wiesbaden.de\\\/bevoelkerungsschutz\\\/\",\"name\":\"Bev\u00f6lkerungsschutz - B\u00dcNDNIS 90\\\/DIE GR\u00dcNEN Wiesbaden\",\"isPartOf\":{\"@id\":\"https:\\\/\\\/gruene-wiesbaden.de\\\/#website\"},\"primaryImageOfPage\":{\"@id\":\"https:\\\/\\\/gruene-wiesbaden.de\\\/bevoelkerungsschutz\\\/#primaryimage\"},\"image\":{\"@id\":\"https:\\\/\\\/gruene-wiesbaden.de\\\/bevoelkerungsschutz\\\/#primaryimage\"},\"thumbnailUrl\":\"https:\\\/\\\/gruene-wiesbaden.de\\\/wp-content\\\/uploads\\\/2025\\\/11\\\/1.2-Bevoelkerungsschutz-scaled.jpeg\",\"datePublished\":\"2025-11-09T21:41:29+00:00\",\"dateModified\":\"2026-04-08T20:32:07+00:00\",\"breadcrumb\":{\"@id\":\"https:\\\/\\\/gruene-wiesbaden.de\\\/bevoelkerungsschutz\\\/#breadcrumb\"},\"inLanguage\":\"sl-SI\",\"potentialAction\":[{\"@type\":\"ReadAction\",\"target\":[\"https:\\\/\\\/gruene-wiesbaden.de\\\/bevoelkerungsschutz\\\/\"]}]},{\"@type\":\"ImageObject\",\"inLanguage\":\"sl-SI\",\"@id\":\"https:\\\/\\\/gruene-wiesbaden.de\\\/bevoelkerungsschutz\\\/#primaryimage\",\"url\":\"https:\\\/\\\/gruene-wiesbaden.de\\\/wp-content\\\/uploads\\\/2025\\\/11\\\/1.2-Bevoelkerungsschutz-scaled.jpeg\",\"contentUrl\":\"https:\\\/\\\/gruene-wiesbaden.de\\\/wp-content\\\/uploads\\\/2025\\\/11\\\/1.2-Bevoelkerungsschutz-scaled.jpeg\",\"width\":2560,\"height\":1707,\"caption\":\"Boots flooded house closeup. Home rain flood. Generate Ai\"},{\"@type\":\"BreadcrumbList\",\"@id\":\"https:\\\/\\\/gruene-wiesbaden.de\\\/bevoelkerungsschutz\\\/#breadcrumb\",\"itemListElement\":[{\"@type\":\"ListItem\",\"position\":1,\"name\":\"Startseite\",\"item\":\"https:\\\/\\\/gruene-wiesbaden.de\\\/\"},{\"@type\":\"ListItem\",\"position\":2,\"name\":\"Bev\u00f6lkerungsschutz\"}]},{\"@type\":\"WebSite\",\"@id\":\"https:\\\/\\\/gruene-wiesbaden.de\\\/#website\",\"url\":\"https:\\\/\\\/gruene-wiesbaden.de\\\/\",\"name\":\"DIE GR\u00dcNEN Wiesbaden\",\"description\":\"\",\"publisher\":{\"@id\":\"https:\\\/\\\/gruene-wiesbaden.de\\\/#organization\"},\"potentialAction\":[{\"@type\":\"SearchAction\",\"target\":{\"@type\":\"EntryPoint\",\"urlTemplate\":\"https:\\\/\\\/gruene-wiesbaden.de\\\/?s={search_term_string}\"},\"query-input\":{\"@type\":\"PropertyValueSpecification\",\"valueRequired\":true,\"valueName\":\"search_term_string\"}}],\"inLanguage\":\"sl-SI\"},{\"@type\":\"Organization\",\"@id\":\"https:\\\/\\\/gruene-wiesbaden.de\\\/#organization\",\"name\":\"DIE GR\u00dcNEN Wiesbaden\",\"url\":\"https:\\\/\\\/gruene-wiesbaden.de\\\/\",\"logo\":{\"@type\":\"ImageObject\",\"inLanguage\":\"sl-SI\",\"@id\":\"https:\\\/\\\/gruene-wiesbaden.de\\\/#\\\/schema\\\/logo\\\/image\\\/\",\"url\":\"https:\\\/\\\/gruene-wiesbaden-fuer-europa.de\\\/wp-content\\\/uploads\\\/2024\\\/04\\\/Machen-was-zaehlt-5.png\",\"contentUrl\":\"https:\\\/\\\/gruene-wiesbaden-fuer-europa.de\\\/wp-content\\\/uploads\\\/2024\\\/04\\\/Machen-was-zaehlt-5.png\",\"width\":1772,\"height\":1772,\"caption\":\"DIE GR\u00dcNEN Wiesbaden\"},\"image\":{\"@id\":\"https:\\\/\\\/gruene-wiesbaden.de\\\/#\\\/schema\\\/logo\\\/image\\\/\"},\"sameAs\":[\"https:\\\/\\\/www.facebook.com\\\/gruene.wi\",\"https:\\\/\\\/instagram.com\\\/gruene_wi\"]},{\"@type\":\"Person\",\"@id\":\"https:\\\/\\\/gruene-wiesbaden.de\\\/#\\\/schema\\\/person\\\/6785c34779159cd4fd86886bb097afe9\",\"name\":\"admin\",\"sameAs\":[\"http:\\\/\\\/gruene-wiesbaden-fuer-europa.de\"],\"url\":\"https:\\\/\\\/gruene-wiesbaden.de\\\/sl\\\/author\\\/admin\\\/\"}]}<\/script>\n<!-- \/ Yoast SEO plugin. -->","yoast_head_json":{"title":"Bev\u00f6lkerungsschutz - B\u00dcNDNIS 90\/DIE GR\u00dcNEN Wiesbaden","robots":{"index":"index","follow":"follow","max-snippet":"max-snippet:-1","max-image-preview":"max-image-preview:large","max-video-preview":"max-video-preview:-1"},"canonical":"https:\/\/gruene-wiesbaden.de\/sl\/bevoelkerungsschutz\/","og_locale":"sl_SI","og_type":"article","og_title":"Bev\u00f6lkerungsschutz - B\u00dcNDNIS 90\/DIE GR\u00dcNEN Wiesbaden","og_url":"https:\/\/gruene-wiesbaden.de\/sl\/bevoelkerungsschutz\/","og_site_name":"B\u00dcNDNIS 90\/DIE GR\u00dcNEN Wiesbaden","article_publisher":"https:\/\/www.facebook.com\/gruene.wi","article_published_time":"2025-11-09T21:41:29+00:00","article_modified_time":"2026-04-08T20:32:07+00:00","og_image":[{"width":2560,"height":1707,"url":"https:\/\/gruene-wiesbaden.de\/wp-content\/uploads\/2025\/11\/1.2-Bevoelkerungsschutz-scaled.jpeg","type":"image\/jpeg"}],"author":"admin","twitter_card":"summary_large_image","twitter_misc":{"Written by":"admin","Est. reading time":"8 minutes"},"schema":{"@context":"https:\/\/schema.org","@graph":[{"@type":"Article","@id":"https:\/\/gruene-wiesbaden.de\/bevoelkerungsschutz\/#article","isPartOf":{"@id":"https:\/\/gruene-wiesbaden.de\/bevoelkerungsschutz\/"},"author":{"name":"admin","@id":"https:\/\/gruene-wiesbaden.de\/#\/schema\/person\/6785c34779159cd4fd86886bb097afe9"},"headline":"Bev\u00f6lkerungsschutz","datePublished":"2025-11-09T21:41:29+00:00","dateModified":"2026-04-08T20:32:07+00:00","mainEntityOfPage":{"@id":"https:\/\/gruene-wiesbaden.de\/bevoelkerungsschutz\/"},"wordCount":2343,"publisher":{"@id":"https:\/\/gruene-wiesbaden.de\/#organization"},"image":{"@id":"https:\/\/gruene-wiesbaden.de\/bevoelkerungsschutz\/#primaryimage"},"thumbnailUrl":"https:\/\/gruene-wiesbaden.de\/wp-content\/uploads\/2025\/11\/1.2-Bevoelkerungsschutz-scaled.jpeg","articleSection":["Kapitel 1"],"inLanguage":"sl-SI"},{"@type":"WebPage","@id":"https:\/\/gruene-wiesbaden.de\/bevoelkerungsschutz\/","url":"https:\/\/gruene-wiesbaden.de\/bevoelkerungsschutz\/","name":"Bev\u00f6lkerungsschutz - B\u00dcNDNIS 90\/DIE GR\u00dcNEN Wiesbaden","isPartOf":{"@id":"https:\/\/gruene-wiesbaden.de\/#website"},"primaryImageOfPage":{"@id":"https:\/\/gruene-wiesbaden.de\/bevoelkerungsschutz\/#primaryimage"},"image":{"@id":"https:\/\/gruene-wiesbaden.de\/bevoelkerungsschutz\/#primaryimage"},"thumbnailUrl":"https:\/\/gruene-wiesbaden.de\/wp-content\/uploads\/2025\/11\/1.2-Bevoelkerungsschutz-scaled.jpeg","datePublished":"2025-11-09T21:41:29+00:00","dateModified":"2026-04-08T20:32:07+00:00","breadcrumb":{"@id":"https:\/\/gruene-wiesbaden.de\/bevoelkerungsschutz\/#breadcrumb"},"inLanguage":"sl-SI","potentialAction":[{"@type":"ReadAction","target":["https:\/\/gruene-wiesbaden.de\/bevoelkerungsschutz\/"]}]},{"@type":"ImageObject","inLanguage":"sl-SI","@id":"https:\/\/gruene-wiesbaden.de\/bevoelkerungsschutz\/#primaryimage","url":"https:\/\/gruene-wiesbaden.de\/wp-content\/uploads\/2025\/11\/1.2-Bevoelkerungsschutz-scaled.jpeg","contentUrl":"https:\/\/gruene-wiesbaden.de\/wp-content\/uploads\/2025\/11\/1.2-Bevoelkerungsschutz-scaled.jpeg","width":2560,"height":1707,"caption":"Boots flooded house closeup. Home rain flood. Generate Ai"},{"@type":"BreadcrumbList","@id":"https:\/\/gruene-wiesbaden.de\/bevoelkerungsschutz\/#breadcrumb","itemListElement":[{"@type":"ListItem","position":1,"name":"Startseite","item":"https:\/\/gruene-wiesbaden.de\/"},{"@type":"ListItem","position":2,"name":"Bev\u00f6lkerungsschutz"}]},{"@type":"WebSite","@id":"https:\/\/gruene-wiesbaden.de\/#website","url":"https:\/\/gruene-wiesbaden.de\/","name":"DIE GR\u00dcNEN Wiesbaden","description":"","publisher":{"@id":"https:\/\/gruene-wiesbaden.de\/#organization"},"potentialAction":[{"@type":"SearchAction","target":{"@type":"EntryPoint","urlTemplate":"https:\/\/gruene-wiesbaden.de\/?s={search_term_string}"},"query-input":{"@type":"PropertyValueSpecification","valueRequired":true,"valueName":"search_term_string"}}],"inLanguage":"sl-SI"},{"@type":"Organization","@id":"https:\/\/gruene-wiesbaden.de\/#organization","name":"DIE GR\u00dcNEN Wiesbaden","url":"https:\/\/gruene-wiesbaden.de\/","logo":{"@type":"ImageObject","inLanguage":"sl-SI","@id":"https:\/\/gruene-wiesbaden.de\/#\/schema\/logo\/image\/","url":"https:\/\/gruene-wiesbaden-fuer-europa.de\/wp-content\/uploads\/2024\/04\/Machen-was-zaehlt-5.png","contentUrl":"https:\/\/gruene-wiesbaden-fuer-europa.de\/wp-content\/uploads\/2024\/04\/Machen-was-zaehlt-5.png","width":1772,"height":1772,"caption":"DIE GR\u00dcNEN Wiesbaden"},"image":{"@id":"https:\/\/gruene-wiesbaden.de\/#\/schema\/logo\/image\/"},"sameAs":["https:\/\/www.facebook.com\/gruene.wi","https:\/\/instagram.com\/gruene_wi"]},{"@type":"Person","@id":"https:\/\/gruene-wiesbaden.de\/#\/schema\/person\/6785c34779159cd4fd86886bb097afe9","name":"admin","sameAs":["http:\/\/gruene-wiesbaden-fuer-europa.de"],"url":"https:\/\/gruene-wiesbaden.de\/sl\/author\/admin\/"}]}},"_links":{"self":[{"href":"https:\/\/gruene-wiesbaden.de\/sl\/wp-json\/wp\/v2\/posts\/1323","targetHints":{"allow":["GET"]}}],"collection":[{"href":"https:\/\/gruene-wiesbaden.de\/sl\/wp-json\/wp\/v2\/posts"}],"about":[{"href":"https:\/\/gruene-wiesbaden.de\/sl\/wp-json\/wp\/v2\/types\/post"}],"author":[{"embeddable":true,"href":"https:\/\/gruene-wiesbaden.de\/sl\/wp-json\/wp\/v2\/users\/1"}],"replies":[{"embeddable":true,"href":"https:\/\/gruene-wiesbaden.de\/sl\/wp-json\/wp\/v2\/comments?post=1323"}],"version-history":[{"count":10,"href":"https:\/\/gruene-wiesbaden.de\/sl\/wp-json\/wp\/v2\/posts\/1323\/revisions"}],"predecessor-version":[{"id":2367,"href":"https:\/\/gruene-wiesbaden.de\/sl\/wp-json\/wp\/v2\/posts\/1323\/revisions\/2367"}],"wp:featuredmedia":[{"embeddable":true,"href":"https:\/\/gruene-wiesbaden.de\/sl\/wp-json\/wp\/v2\/media\/1497"}],"wp:attachment":[{"href":"https:\/\/gruene-wiesbaden.de\/sl\/wp-json\/wp\/v2\/media?parent=1323"}],"wp:term":[{"taxonomy":"category","embeddable":true,"href":"https:\/\/gruene-wiesbaden.de\/sl\/wp-json\/wp\/v2\/categories?post=1323"},{"taxonomy":"post_tag","embeddable":true,"href":"https:\/\/gruene-wiesbaden.de\/sl\/wp-json\/wp\/v2\/tags?post=1323"}],"curies":[{"name":"wp","href":"https:\/\/api.w.org\/{rel}","templated":true}]}}