{"id":1222,"date":"2025-08-01T22:40:52","date_gmt":"2025-08-01T20:40:52","guid":{"rendered":"https:\/\/gruene-wiesbaden.de\/?p=1222"},"modified":"2026-04-08T22:38:25","modified_gmt":"2026-04-08T20:38:25","slug":"lore-ipsum-samed","status":"publish","type":"post","link":"https:\/\/gruene-wiesbaden.de\/sl\/lore-ipsum-samed\/","title":{"rendered":"Kmetijstvo in gozdarstvo"},"content":{"rendered":"<section class=\"l-section wpb_row height_medium with_img\"><div class=\"l-section-img\" role=\"img\" data-img-width=\"1080\" data-img-height=\"800\" style=\"background-image: url(https:\/\/gruene-wiesbaden.de\/wp-content\/uploads\/2025\/11\/neuer-Verlauf-gruene-wiesbaden.de_-2-e1762709402177.png);\"><\/div><div class=\"l-section-overlay\" style=\"background:var(--color-header-top-transparent-bg)\"><\/div><div class=\"l-section-h i-cf\"><div class=\"g-cols vc_row via_grid cols_1 laptops-cols_inherit tablets-cols_inherit mobiles-cols_1 valign_top type_default stacking_default\"><div class=\"wpb_column vc_column_container\"><div class=\"vc_column-inner\"><h1 class=\"w-post-elm post_title us_custom_a574d586 has_text_color entry-title\">Kmetijstvo in gozdarstvo<\/h1><div class=\"w-separator size_medium\"><\/div><div class=\"g-cols wpb_row via_grid cols_2-1 laptops-cols_inherit tablets-cols_inherit mobiles-cols_1 valign_top type_default stacking_default\" style=\"--columns-gap:3rem;\"><div class=\"wpb_column vc_column_container\"><div class=\"vc_column-inner\"><div class=\"wpb_text_column us_custom_8b3d6790 has_text_color\"><div class=\"wpb_wrapper\"><p><span style=\"font-weight: 400;\">Kmetijstvo in gozdarstvo sta veliko ve\u010d kot le gospodarska sektorja, saj sta temelj na\u0161e hrane, krajine in podnebja. V mestu ali na pode\u017eelju: Na\u010din kmetovanja neposredno vpliva na na\u0161o kakovost \u017eivljenja, zdravje in okolje.<\/span><\/p>\n<p><span style=\"font-weight: 400;\">Soo\u010damo se z izzivom oblikovanja trajnostnega kmetijstva, ki je okoljsko trajnostno in ekonomsko vzdr\u017eno ter katerega izdelke lahko zagotovi vsako gospodinjstvo.<\/span><\/p>\n<p><span style=\"font-weight: 400;\">Gozdovi so \u017ee milijone let motorji velikih ciklov materialov. Njihovo ekolo\u0161ko funkcijo postavljamo v sredi\u0161\u010de na\u0161e strategije za razvoj gozdov, saj so me\u0161ani gozdovi, odporni na podnebne spremembe, garanti \u010diste pitne vode, \u010distega zraka, ohranjanja biotske raznovrstnosti in hladnej\u0161ega mesta v vro\u010dih poletjih.<\/span><\/p>\n<\/div><\/div><div class=\"w-separator size_medium\"><\/div><div class=\"w-btn-wrapper align_left\"><a class=\"w-btn us-btn-style_8 icon_atleft\" href=\"https:\/\/gruene-wiesbaden.de\/sl\/kommunalwahl\/#Kapitel1\"><i class=\"fas fa-chevron-circle-right\"><\/i><span class=\"w-btn-label\">Nazaj na pregled<\/span><\/a><\/div><\/div><\/div><div class=\"wpb_column vc_column_container\"><div class=\"vc_column-inner\"><div class=\"w-image align_center\"><div class=\"w-image-h\"><img decoding=\"async\" width=\"1920\" height=\"2560\" src=\"https:\/\/gruene-wiesbaden.de\/wp-content\/uploads\/2025\/07\/noaa-SkJG9sNkQVQ-unsplash-scaled.jpg\" class=\"attachment-full size-full\" alt=\"\" loading=\"lazy\" srcset=\"https:\/\/gruene-wiesbaden.de\/wp-content\/uploads\/2025\/07\/noaa-SkJG9sNkQVQ-unsplash-scaled.jpg 1920w, https:\/\/gruene-wiesbaden.de\/wp-content\/uploads\/2025\/07\/noaa-SkJG9sNkQVQ-unsplash-300x400.jpg 300w, https:\/\/gruene-wiesbaden.de\/wp-content\/uploads\/2025\/07\/noaa-SkJG9sNkQVQ-unsplash-450x600.jpg 450w\" sizes=\"auto, (max-width: 1920px) 100vw, 1920px\" \/><\/div><\/div><div class=\"w-separator size_small\"><\/div><\/div><\/div><\/div><div class=\"w-separator size_medium\"><\/div><div class=\"w-separator size_medium\"><\/div><div class=\"wpb_text_column\"><div class=\"wpb_wrapper\"><h1>Kaj nam pomenita trajnostno kmetijstvo in gozdarstvo<\/h1>\n<\/div><\/div><div class=\"w-separator size_large\"><\/div><div class=\"g-cols wpb_row via_grid cols_3 laptops-cols_inherit tablets-cols_inherit mobiles-cols_1 valign_top type_default stacking_default\" style=\"--columns-gap:3rem;\"><div class=\"wpb_column vc_column_container\"><div class=\"vc_column-inner\"><div class=\"w-iconbox us_custom_f4639b64 has_text_color iconpos_left style_default color_custom align_left\"><div class=\"w-iconbox-icon\" style=\"font-size:2rem;--icon-color:#Ffffff;--icon-bg-color:var(--color-header-middle-bg);\"><i class=\"fas fa-layer-group\"><\/i><\/div><div class=\"w-iconbox-meta\"><h4 class=\"w-iconbox-title\" style=\"font-size:1.5rem;\">Ohranjanje narave s strani kmetov<\/h4><div class=\"w-iconbox-text\"><p><span style=\"font-weight: 400;\">Zavzemamo se za politiko, ki skupaj s kmeti varuje na\u0161o naravo. Poglobljeno poznajo pomen zdravih tal, \u010diste vode in biotske raznovrstnosti \u2013 temeljev, od katerih je eksistencialno odvisno njihovo delo kot kmeta, pa tudi na\u0161 celoten ekosistem.<\/span><\/p>\n<\/div><\/div><\/div><\/div><\/div><div class=\"wpb_column vc_column_container\"><div class=\"vc_column-inner\"><div class=\"w-iconbox us_custom_f4639b64 has_text_color iconpos_left style_default color_custom align_left\"><div class=\"w-iconbox-icon\" style=\"font-size:2rem;--icon-color:#Ffffff;--icon-bg-color:var(--color-header-transparent-text);\"><i class=\"fas fa-layer-group\"><\/i><\/div><div class=\"w-iconbox-meta\"><h4 class=\"w-iconbox-title\" style=\"font-size:1.5rem;\">Spodbujanje zdravih tal<\/h4><div class=\"w-iconbox-text\"><p><span style=\"font-weight: 400;\">Na\u0161a tla so osnova za skoraj vse, kar pristane na na\u0161ih kro\u017enikih, in so nepogre\u0161ljiva za ohranjanje biotske raznovrstnosti. Podpiramo upravljanje, ki zagotavlja dolgoro\u010dno vitalnost.<\/span><\/p>\n<\/div><\/div><\/div><\/div><\/div><div class=\"wpb_column vc_column_container\"><div class=\"vc_column-inner\"><div class=\"w-iconbox us_custom_f4639b64 has_text_color iconpos_left style_default color_custom align_left\"><div class=\"w-iconbox-icon\" style=\"font-size:2rem;--icon-color:#Ffffff;--icon-bg-color:var(--color-header-transparent-text);\"><i class=\"fas fa-layer-group\"><\/i><\/div><div class=\"w-iconbox-meta\"><h4 class=\"w-iconbox-title\" style=\"font-size:1.5rem;\">Razmi\u0161ljanje o gozdu in igri skupaj<\/h4><div class=\"w-iconbox-text\"><p><span style=\"font-weight: 400;\">Neokrnjen gozd \u017eivi v ravnovesju. Za nas je klju\u010dnega pomena, da politiki namenijo enako pozornost za\u0161\u010diti prosto\u017eive\u010dih \u017eivali in zdravju na\u0161ih gozdov ter tesno sodelujejo z lovci.<\/span><\/p>\n<\/div><\/div><\/div><\/div><\/div><\/div><div class=\"w-separator size_medium\"><\/div><div class=\"g-cols wpb_row via_grid cols_3 laptops-cols_inherit tablets-cols_inherit mobiles-cols_1 valign_top type_default stacking_default\" style=\"--columns-gap:3rem;\"><div class=\"wpb_column vc_column_container\"><div class=\"vc_column-inner\"><div class=\"w-iconbox us_custom_f4639b64 has_text_color iconpos_left style_default color_custom align_left\"><div class=\"w-iconbox-icon\" style=\"font-size:2rem;--icon-color:#Ffffff;--icon-bg-color:var(--color-header-middle-bg);\"><i class=\"fas fa-layer-group\"><\/i><\/div><div class=\"w-iconbox-meta\"><h4 class=\"w-iconbox-title\" style=\"font-size:1.5rem;\">Krepitev regionalnih, zdravih na\u010dinov prehranjevanja<\/h4><div class=\"w-iconbox-text\"><p><span style=\"font-weight: 400;\">Za nas je pomembno, da se zdrava hrana v na\u0161i regiji proizvaja po dostopnih cenah. Dobra hrana je osnova za aktivno in prijetno \u017eivljenje \u2013 za nas, na\u0161e otroke in vnuke. To je za vse, ne kot privilegij nekaterih.<\/span><\/p>\n<\/div><\/div><\/div><\/div><\/div><div class=\"wpb_column vc_column_container\"><div class=\"vc_column-inner\"><div class=\"w-iconbox us_custom_836f727b has_text_color iconpos_left style_default color_custom align_left\"><div class=\"w-iconbox-icon\" style=\"font-size:2rem;--icon-color:#Ffffff;--icon-bg-color:var(--color-header-transparent-text);\"><i class=\"fas fa-layer-group\"><\/i><\/div><div class=\"w-iconbox-meta\"><h4 class=\"w-iconbox-title\" style=\"font-size:1.5rem;\">Zavezanost k ve\u010dji dobrobiti \u017eivali<\/h4><div class=\"w-iconbox-text\"><p><span style=\"font-weight: 400;\">Industrijsko industrijsko kmetijstvo povzro\u010da trpljenje \u017eivali, onesna\u017euje vodo in podnebje ter lahko ogrozi na\u0161e zdravje. Zavezani smo k vrsti primerni, regionalni \u017eivinoreji.<\/span><\/p>\n<\/div><\/div><\/div><\/div><\/div><div class=\"wpb_column vc_column_container\"><div class=\"vc_column-inner\"><div class=\"w-iconbox us_custom_f4639b64 has_text_color iconpos_left style_default color_custom align_left\"><div class=\"w-iconbox-icon\" style=\"font-size:2rem;--icon-color:#Ffffff;--icon-bg-color:var(--color-header-transparent-text);\"><i class=\"fas fa-layer-group\"><\/i><\/div><div class=\"w-iconbox-meta\"><h4 class=\"w-iconbox-title\" style=\"font-size:1.5rem;\">Ohranjanje kulturne krajine<\/h4><div class=\"w-iconbox-text\"><p><span style=\"font-weight: 400;\">Majhne strukture na\u0161ih kmetijskih obmo\u010dij imajo neverjetno bogastvo biotske raznovrstnosti in kulturne dedi\u0161\u010dine. Odra\u017eajo skrbno uporabo na\u0161ih naravnih virov.<\/span><\/p>\n<\/div><\/div><\/div><\/div><\/div><\/div><div class=\"w-separator size_medium\"><\/div><div class=\"w-btn-wrapper align_left\"><a class=\"w-btn us-btn-style_8 icon_atleft\" href=\"https:\/\/gruene-wiesbaden.de\/sl\/kommunalwahl\/#Kapitel1\"><i class=\"fas fa-chevron-circle-right\"><\/i><span class=\"w-btn-label\">Nazaj na pregled<\/span><\/a><\/div><div class=\"w-separator size_medium\"><\/div><\/div><\/div><\/div><\/div><\/section><section class=\"l-section wpb_row height_auto with_img\"><div class=\"l-section-img\" role=\"img\" data-img-width=\"1920\" data-img-height=\"2560\" style=\"background-image: url(https:\/\/gruene-wiesbaden.de\/wp-content\/uploads\/2025\/07\/noaa-SkJG9sNkQVQ-unsplash-scaled.jpg);background-repeat: no-repeat;\"><\/div><div class=\"l-section-overlay\" style=\"background:var(--color-header-top-transparent-bg)\"><\/div><div class=\"l-section-h i-cf\"><div class=\"g-cols vc_row via_grid cols_1 laptops-cols_inherit tablets-cols_inherit mobiles-cols_1 valign_middle type_default stacking_default\" style=\"--columns-gap:1rem;\"><div class=\"wpb_column vc_column_container\"><div class=\"vc_column-inner\"><div class=\"w-separator size_large\"><\/div><div class=\"wpb_text_column background_inside_text\"><div class=\"wpb_wrapper\"><h1>Kaj \u017eelimo konkretno storiti na tem podro\u010dju<\/h1>\n<\/div><\/div><div class=\"w-separator size_medium\"><\/div><div class=\"w-tabs us_custom_42d693a0 has_text_color style_default switch_click accordion has_scrolling\" style=\"--sections-title-size:1.4rem\"><div class=\"w-tabs-sections titles-align_none icon_chevron cpos_right\"><div class=\"w-tabs-section has_text_color\" id=\"zfd1\" style=\"background:var(--color-header-transparent-text);color:var(--color-header-top-text-hover);\"><button class=\"w-tabs-section-header\" aria-controls=\"content-zfd1\" aria-expanded=\"false\"><div class=\"w-tabs-section-title\">Razvoj na\u0161ih primestnih gozdov na na\u010din, ki bo kos izzivom prihodnosti<\/div><div class=\"w-tabs-section-control\"><\/div><\/button><div  class=\"w-tabs-section-content\" id=\"content-zfd1\"><div class=\"w-tabs-section-content-h i-cf\"><div class=\"wpb_text_column\"><div class=\"wpb_wrapper\"><p><span style=\"font-weight: 400;\">Gozdovi so eden na\u0161ih najpomembnej\u0161ih sistemov za shranjevanje ogljika, saj zagotavljajo sve\u017e zrak, varstvo vrst, obnovo in rekreacijo podzemne vode ter nenazadnje tudi surovine. Na\u0161 mestni gozd \u2013 z znamenito \u201egr\u0161ko kapelo\u201c in Opelbadom \u2013 je ena od znamenitosti Wiesbadna, vir kakovosti na\u0161ega \u017eivljenja in je zato \u0161e posebej blizu na\u0161im srcem. \u017delimo, da se konkuren\u010dna raba re\u0161i konstruktivno in da se gozd \u0161e naprej razvija v bli\u017eini narave, da se okrepi odpornost na nara\u0161\u010dajo\u010de temperature, su\u0161e, mo\u010dno de\u017eevje in nevihte. To je edini na\u010din za ohranjanje hladilnega u\u010dinka za mestno sredi\u0161\u010de. \u017delimo okrepiti in narediti vidno okolju prijazno leseno podporo s konji v mestnem gozdu. Na ta na\u010din lahko mesto Wiesbaden ohrani dragocena gozdna tla, zmanj\u0161a porabo fosilnih goriv in postane model za skrb za gozdove, ki je blizu naravi skozi vse leto.<\/span><\/p>\n<\/div><\/div><\/div><\/div><\/div><div class=\"w-tabs-section has_text_color\" id=\"q0f4\" style=\"background:var(--color-header-transparent-text);color:var(--color-header-top-text-hover);\"><button class=\"w-tabs-section-header\" aria-controls=\"content-q0f4\" aria-expanded=\"false\"><div class=\"w-tabs-section-title\">Za\u0161\u010dita tal kot temelj na\u0161e prihodnosti<\/div><div class=\"w-tabs-section-control\"><\/div><\/button><div  class=\"w-tabs-section-content\" id=\"content-q0f4\"><div class=\"w-tabs-section-content-h i-cf\"><div class=\"wpb_text_column\"><div class=\"wpb_wrapper\"><p><span style=\"font-weight: 400;\">Kmetijstvo potrebuje zdrave pridelke. \u017delimo okrepiti varstvo tal in regenerativno upravljanje, da se ohranijo na\u0161i ekosistemi. So osnova za na\u0161o regionalno proizvodnjo hrane ter pomembno prispevajo k varstvu podnebja in biotski raznovrstnosti. Prihodnja zemlji\u0161ka politika mora zdru\u017eevati okoljske, socialne in gospodarske vidike. Izguba rodovitne zemlje zaradi razvoja in pozidave je nepopravljiva in je zato ni mogo\u010de dopustiti. \u017delimo, da mesto Wiesbaden ustavi dodatno zape\u010datenje umazanih cest. Kadar je to mogo\u010de in kadar ni navzkri\u017eij uporabe (npr. s kolesarskimi potmi), bi bilo treba poljske poti ponovno zape\u010datiti, saj so nekatere doma\u010de prosto\u017eive\u010de \u017eivali odvisne od odprtih tal, na primer kot vir gradbenega materiala. Da bi pove\u010dali ozave\u0161\u010denost o vrednosti vitalnih tal, \u017eelimo, da mesto Wiesbaden zagotovi urbana obmo\u010dja za skupnostne vrtove in projekte permakulture.<\/span><\/p>\n<\/div><\/div><\/div><\/div><\/div><div class=\"w-tabs-section has_text_color\" id=\"m20d\" style=\"background:var(--color-header-transparent-text);color:var(--color-header-top-text-hover);\"><button class=\"w-tabs-section-header\" aria-controls=\"content-m20d\" aria-expanded=\"false\"><div class=\"w-tabs-section-title\">Podpora kmetom<\/div><div class=\"w-tabs-section-control\"><\/div><\/button><div  class=\"w-tabs-section-content\" id=\"content-m20d\"><div class=\"w-tabs-section-content-h i-cf\"><div class=\"wpb_text_column\"><div class=\"wpb_wrapper\"><p><span style=\"font-weight: 400;\">Na\u0161i kmetje so najpomembnej\u0161i partnerji za ohranjanje na\u0161ih naravnih virov pre\u017eivljanja in ohranjanje na\u0161e prehrane. \u017delimo kmetijstvo, ki je ekolo\u0161ko zdru\u017eljivo, ekonomsko vzdr\u017eno in cenovno dostopno za vse. Da bi to dosegli, mora biti gojenje odporno na podnebne spremembe in ekstremne vremenske pojave. Prehod na ekolo\u0161ko kmetovanje je prav tako nalo\u017eba v prihodnost kot uvedba digitalnega kmetijstva. \u017delimo, da mesto Wiesbaden dejavno podpira kmete pri teh korakih, da bi ustavili nadaljnje dedi\u010de sodi\u0161\u010d.<\/span><\/p>\n<\/div><\/div><\/div><\/div><\/div><div class=\"w-tabs-section has_text_color\" id=\"i324\" style=\"background:var(--color-header-middle-bg);color:var(--color-content-heading);\"><button class=\"w-tabs-section-header\" aria-controls=\"content-i324\" aria-expanded=\"false\"><div class=\"w-tabs-section-title\">Krepitev regionalne proizvodnje hrane<\/div><div class=\"w-tabs-section-control\"><\/div><\/button><div  class=\"w-tabs-section-content\" id=\"content-i324\"><div class=\"w-tabs-section-content-h i-cf\"><div class=\"wpb_text_column\"><div class=\"wpb_wrapper\"><p><span style=\"font-weight: 400;\">Kmetijstvo v Wiesbadnu je steber na\u0161e prehranske varnosti. Svetovne krize ka\u017eejo, kako pomembna je neodvisna in odporna proizvodnja hrane. Hkrati zmanj\u0161uje porabo energije za prevoz do potro\u0161nika. V ta namen \u017eelimo, da mesto Wiesbaden zgradi lokalno infrastrukturo in spodbuja regionalno tr\u017eenje. To vklju\u010duje promocijo tedenskih trgov, zlasti v predmestjih. Podpiramo koncept kratkih razdalj in proizvodnje novih \u017eivil, kot sta vertikalno kmetijstvo in akvaponika.<\/span><\/p>\n<\/div><\/div><\/div><\/div><\/div><div class=\"w-tabs-section has_text_color\" id=\"s45d\" style=\"background:var(--color-header-transparent-text);color:var(--color-header-top-text-hover);\"><button class=\"w-tabs-section-header\" aria-controls=\"content-s45d\" aria-expanded=\"false\"><div class=\"w-tabs-section-title\">Usklajevanje kmetijstva in ohranjanja narave<\/div><div class=\"w-tabs-section-control\"><\/div><\/button><div  class=\"w-tabs-section-content\" id=\"content-s45d\"><div class=\"w-tabs-section-content-h i-cf\"><div class=\"wpb_text_column\"><div class=\"wpb_wrapper\"><p><span style=\"font-weight: 400;\">Zavezani smo k na\u010dinom kmetovanja, ki ne zahtevajo sinteti\u010dnih fitofarmacevtskih sredstev in tako varujejo tla, vodna telesa, na\u0161e zdravje ter celotno lokalno rastlinstvo in \u017eivalstvo. Kjer to \u0161e ni mogo\u010de, \u017eelimo, da se obre\u017ena obmo\u010dja brez gnojil in pesticidov na potokih in vodah vzpostavijo in raz\u0161irijo, da bi zmanj\u0161ali vnos onesna\u017eeval. Da bi za\u0161\u010ditili biotsko raznovrstnost, \u017eelimo, da mesto Wiesbaden spodbuja ozave\u0161\u010denost o pomenu cveto\u010dih pasov in \u017eivih mej. V prihodnosti \u017eelimo, da se upravljanje krajine vse bolj zagotavlja kot dodaten vir dohodka za kmete.<\/span><\/p>\n<\/div><\/div><\/div><\/div><\/div><div class=\"w-tabs-section has_text_color\" id=\"f587\" style=\"background:var(--color-header-middle-bg);color:var(--color-header-middle-text);\"><button class=\"w-tabs-section-header\" aria-controls=\"content-f587\" aria-expanded=\"false\"><div class=\"w-tabs-section-title\">Krepitev na\u0161e kulturne krajine<\/div><div class=\"w-tabs-section-control\"><\/div><\/button><div  class=\"w-tabs-section-content\" id=\"content-f587\"><div class=\"w-tabs-section-content-h i-cf\"><div class=\"wpb_text_column\"><div class=\"wpb_wrapper\"><p><span style=\"font-weight: 400;\">Stray sadovnjaki in vinogradi, ki se gojijo v bli\u017eini narave, ne le ozna\u010dujejo na\u0161o kulturno krajino, temve\u010d so tudi nepogre\u0161ljivi habitati za \u0161tevilne \u017eivali in rastline, so med habitati, ki so najbolj bogati z vrstami v srednji Evropi. Okoli Wiesbadna je \u0161e vedno velika zaloga starih sadovnjakov, katerih status za\u0161\u010dite \u017eelimo trajno zagotoviti v mestu Wiesbaden. Podpiramo njihovo oskrbo in krepimo lokalno tr\u017eenje, da bi lahko ponovno cenili razpr\u0161ene sadne izdelke in se spla\u010dalo kmetovati.<\/span><\/p>\n<p><span style=\"font-weight: 400;\">S sponzorstvi za sadno drevje, kampanjami oskrbe in projekti se\u010dnje \u017eelimo pove\u010dati ozave\u0161\u010denost o vrednosti teh habitatov in aktivirati sodelovanje civilne dru\u017ebe. \u017delimo, da mesto podpira zavezanost skupnosti in spodbuja sponzorstva sadovnjakov, v katerih na primer prebivalci mestnih sredi\u0161\u010d skrbijo za sadovnjak skupaj z ljudmi iz predmestij.<\/span><\/p>\n<\/div><\/div><\/div><\/div><\/div><div class=\"w-tabs-section has_text_color\" id=\"y6b0\" style=\"background:var(--color-header-transparent-text);color:var(--color-header-top-text-hover);\"><button class=\"w-tabs-section-header\" aria-controls=\"content-y6b0\" aria-expanded=\"false\"><div class=\"w-tabs-section-title\">Podpora domene Mechtildshausen v prihodnosti v okviru WJW<\/div><div class=\"w-tabs-section-control\"><\/div><\/button><div  class=\"w-tabs-section-content\" id=\"content-y6b0\"><div class=\"w-tabs-section-content-h i-cf\"><div class=\"wpb_text_column\"><div class=\"wpb_wrapper\"><p><span style=\"font-weight: 400;\">Z domeno Mechtildshausen ima mesto Wiesbaden vodilno ekolo\u0161ko kmetovanje in obrtno dejavnost, ki vklju\u010duje kmetijske trgovine, gastronomijo in konjske hleve. Je del Wiesbadener Jugendwerkstatt (WJW), ki usposablja socialno prikraj\u0161ane mlade in odrasle ter zagotavlja \u0161iroko paleto nadaljnjih izobra\u017eevalnih mo\u017enosti. Zavezani smo ohranjanju WJW \u2013 vklju\u010dno z domeno Mechtildshausen \u2013 v tej obliki.<\/span><\/p>\n<p><span style=\"font-weight: 400;\">Poleg tega \u017eelimo eksperimentirati s krajevno prilagojenimi zasaditvami in izbolj\u0161ati prenos znanja med raziskovalno in kmetijsko prakso. Zato se zavzemamo za vzpostavitev u\u010dnih mest za inovativno kmetijstvo, kjer se prena\u0161ajo prakti\u010dne izku\u0161nje.<\/span><\/p>\n<\/div><\/div><\/div><\/div><\/div><div class=\"w-tabs-section has_text_color\" id=\"u7f7\" style=\"background:var(--color-header-transparent-text);color:var(--color-header-top-text-hover);\"><button class=\"w-tabs-section-header\" aria-controls=\"content-u7f7\" aria-expanded=\"false\"><div class=\"w-tabs-section-title\">Potopite se v mestni gozd<\/div><div class=\"w-tabs-section-control\"><\/div><\/button><div  class=\"w-tabs-section-content\" id=\"content-u7f7\"><div class=\"w-tabs-section-content-h i-cf\"><div class=\"wpb_text_column\"><div class=\"wpb_wrapper\"><p><span style=\"font-weight: 400;\">Na\u0161i gozdovi niso le grozdi dreves, ampak so plju\u010da na\u0161ega planeta in zakladnice biotske raznovrstnosti.<\/span><\/p>\n<p><span style=\"font-weight: 400;\">Zavezani smo k informacijskemu in medijskemu programu, ki otroke in mlade \u0161e posebej pou\u010duje o pomenu gozda kot digitalne ponudbe. \u017delimo okrepiti sodelovanje ob\u010dinskih gozdarjev s \u0161olami, vrtci in okoljskimi zdru\u017eenji. To vklju\u010duje gozdne ture, projektne dneve in ponudbe za okoljsko izobra\u017eevanje. Z oblikami dialoga med mestom Wiesbaden in prebivalstvom neposredno v mestnem gozdu \u017eelimo vklju\u010diti prebivalce Wiesbadna v strategije ekolo\u0161kega gospodarjenja z gozdovi in uporabiti njihovo znanje v okviru projektov dr\u017eavljanske znanosti.<\/span><\/p>\n<\/div><\/div><\/div><\/div><\/div><div class=\"w-tabs-section has_text_color\" id=\"o914\" style=\"background:var(--color-header-transparent-text);color:var(--color-header-top-text-hover);\"><button class=\"w-tabs-section-header\" aria-controls=\"content-o914\" aria-expanded=\"false\"><div class=\"w-tabs-section-title\">Oblikovati na\u0161e gozdove za vsakogar<\/div><div class=\"w-tabs-section-control\"><\/div><\/button><div  class=\"w-tabs-section-content\" id=\"content-o914\"><div class=\"w-tabs-section-content-h i-cf\"><div class=\"wpb_text_column\"><div class=\"wpb_wrapper\"><p><span style=\"font-weight: 400;\">Mestni gozd je nepogre\u0161ljiv del na\u0161e domovine in rekreacijski prostor, ki je prosto dostopen vsem ob\u010danom. Vzpostaviti \u017eelimo dostopnost z javnim prevozom iz mestnega sredi\u0161\u010da in hkrati za\u0161\u010dititi ob\u010dutljiva obmo\u010dja pred motnjami. Poti brez ovir, gozdna igri\u0161\u010da in rekreacijske mo\u017enosti bi morali vsem ljudem omogo\u010diti spro\u0161\u010deno do\u017eivetje narave. \u017delimo, da mesto zagotovi, da sprehodi po gozdu ne vodijo skozi obmo\u010dje ob\u010dutljive divje ma\u010dke. Lovci pomembno prispevajo k oblikovanju gozdov. Zavezani smo k zagotavljanju, da je lov vse bolj usmerjen k okoljskim kriterijem in omogo\u010da naravno obnavljanje gozdov. Wiesbaden je zato uvedel koncept ekolo\u0161kega lova, ki podpira spremembo namembnosti gozdov in hkrati zagotavlja lovske metode, ki so prijazne do dobrega po\u010dutja \u017eivali. Le s sodelovanjem vseh uporabnikov gozdov lahko ohranimo na\u0161e gozdove za prihodnost. Zavezani smo k nadaljevanju certificiranja po FSC in Naturlandu.<\/span><\/p>\n<\/div><\/div><\/div><\/div><\/div><div class=\"w-tabs-section has_text_color\" id=\"ua29\" style=\"background:var(--color-header-transparent-text);color:var(--color-header-top-text-hover);\"><button class=\"w-tabs-section-header\" aria-controls=\"content-ua29\" aria-expanded=\"false\"><div class=\"w-tabs-section-title\">Spodbujamo spo\u0161tovanje doma\u010dih in divjih \u017eivali<\/div><div class=\"w-tabs-section-control\"><\/div><\/button><div  class=\"w-tabs-section-content\" id=\"content-ua29\"><div class=\"w-tabs-section-content-h i-cf\"><div class=\"wpb_text_column\"><div class=\"wpb_wrapper\"><p><span style=\"font-weight: 400;\">Promoviramo skrbi zaveti\u0161\u010da za \u017eivali v Wiesbadnu in podpiramo park Cyperus, \u017eivalski park Kastel in fazanarstvo. Podpiramo izobra\u017eevanje o odgovornem ravnanju z na novo priseljenimi \u017eivalskimi vrstami. V sredi\u0161\u010du mesta se zavzemamo za vrsto primerno in znanstveno podprto ravnanje z, na primer, populacijami golobov in Nilganov.<\/span><\/p>\n<\/div><\/div><\/div><\/div><\/div><\/div><\/div><div class=\"w-separator size_medium\"><\/div><div class=\"w-btn-wrapper align_left\"><a class=\"w-btn us-btn-style_8 icon_atleft\" href=\"https:\/\/gruene-wiesbaden.de\/sl\/kommunalwahl\/#Kapitel1\"><i class=\"fas fa-chevron-circle-right\"><\/i><span class=\"w-btn-label\">Nazaj na pregled<\/span><\/a><\/div><div class=\"w-separator size_large\"><\/div><div class=\"wpb_text_column\"><div class=\"wpb_wrapper\"><h1>Kaj smo \u017ee dosegli<\/h1>\n<\/div><\/div><div class=\"w-separator size_medium\"><\/div><div class=\"w-tabs us_custom_42d693a0 has_text_color style_default switch_click accordion has_scrolling\" style=\"--sections-title-size:1.4rem\"><div class=\"w-tabs-sections titles-align_none icon_chevron cpos_right\"><div class=\"w-tabs-section has_text_color\" id=\"pe5f\" style=\"background:var(--color-header-transparent-text);color:var(--color-header-top-text-hover);\"><button class=\"w-tabs-section-header\" aria-controls=\"content-pe5f\" aria-expanded=\"false\"><div class=\"w-tabs-section-title\">Wiesbaden je gozdno obmo\u010dje leta 2025<\/div><div class=\"w-tabs-section-control\"><\/div><\/button><div  class=\"w-tabs-section-content\" id=\"content-pe5f\"><div class=\"w-tabs-section-content-h i-cf\"><div class=\"wpb_text_column\"><div class=\"wpb_wrapper\"><p><span style=\"font-weight: 400;\">Mestni gozd v Wiesbadnu je to nagrado prejel za na\u0161o naravovarstveno metodo upravljanja ter za dolgoletni certifikat FSC in Naturland. S ciljno uporabo lesnih konjev v mestnem gozdu je mesto vzpostavilo uspe\u0161en na\u010din zdru\u017eevanja ekologije in gospodarstva.<\/span><\/p>\n<\/div><\/div><\/div><\/div><\/div><div class=\"w-tabs-section has_text_color\" id=\"pf8b\" style=\"background:var(--color-header-transparent-text);color:var(--color-header-top-text-hover);\"><button class=\"w-tabs-section-header\" aria-controls=\"content-pf8b\" aria-expanded=\"false\"><div class=\"w-tabs-section-title\">Divjina in gozd \u2013 koncept lova v Wiesbadnu<\/div><div class=\"w-tabs-section-control\"><\/div><\/button><div  class=\"w-tabs-section-content\" id=\"content-pf8b\"><div class=\"w-tabs-section-content-h i-cf\"><div class=\"wpb_text_column\"><div class=\"wpb_wrapper\"><p><span style=\"font-weight: 400;\">Na\u0161 novi lovski koncept ustreza potrebam gozda in njegovih prosto\u017eive\u010dih \u017eivali ter sodobnim lovskim zahtevam.<\/span><\/p>\n<\/div><\/div><\/div><\/div><\/div><div class=\"w-tabs-section has_text_color\" id=\"w0a1\" style=\"background:var(--color-header-transparent-text);color:var(--color-header-top-text-hover);\"><button class=\"w-tabs-section-header\" aria-controls=\"content-w0a1\" aria-expanded=\"false\"><div class=\"w-tabs-section-title\">Ohranjene redke \u017eivalske vrste<\/div><div class=\"w-tabs-section-control\"><\/div><\/button><div  class=\"w-tabs-section-content\" id=\"content-w0a1\"><div class=\"w-tabs-section-content-h i-cf\"><div class=\"wpb_text_column\"><div class=\"wpb_wrapper\"><p><span style=\"font-weight: 400;\">Za stare in ogro\u017eene pasme \u017eivine je mesto Wiesbaden razvilo fazano v barkarski park s celovitim programom in izobra\u017eevalno ponudbo.<\/span><\/p>\n<\/div><\/div><\/div><\/div><\/div><div class=\"w-tabs-section has_text_color\" id=\"m1b4\" style=\"background:var(--color-header-middle-bg);color:var(--color-content-heading);\"><button class=\"w-tabs-section-header\" aria-controls=\"content-m1b4\" aria-expanded=\"false\"><div class=\"w-tabs-section-title\">Moderno pohodni\u0161tvo je enostavno<\/div><div class=\"w-tabs-section-control\"><\/div><\/button><div  class=\"w-tabs-section-content\" id=\"content-m1b4\"><div class=\"w-tabs-section-content-h i-cf\"><div class=\"wpb_text_column\"><div class=\"wpb_wrapper\"><p><span style=\"font-weight: 400;\">Wiesbaden je skupaj z naravnim parkom RheinTaunus razvil inovativen koncept poti in omogo\u010dil digitalni dostop do 2500 km pohodni\u0161kih poti.<\/span><\/p>\n<\/div><\/div><\/div><\/div><\/div><div class=\"w-tabs-section has_text_color\" id=\"o2ef\" style=\"background:var(--color-header-transparent-text);color:var(--color-header-top-text-hover);\"><button class=\"w-tabs-section-header\" aria-controls=\"content-o2ef\" aria-expanded=\"false\"><div class=\"w-tabs-section-title\">Odgovorno ravnanje z zemlji\u0161\u010dem v Wiesbadnu<\/div><div class=\"w-tabs-section-control\"><\/div><\/button><div  class=\"w-tabs-section-content\" id=\"content-o2ef\"><div class=\"w-tabs-section-content-h i-cf\"><div class=\"wpb_text_column\"><div class=\"wpb_wrapper\"><p><span style=\"font-weight: 400;\">Krajinsko na\u010drtovanje in okoljska presoja za novi na\u010drt rabe zemlji\u0161\u010d in regionalni na\u010drt Ju\u017enega Hessena ustvarjata preglednost. Zagotavljajo trdno tehni\u010dno podlago za prihodnje odlo\u010ditve, tudi in zlasti za dr\u017eavljane.<\/span><\/p>\n<\/div><\/div><\/div><\/div><\/div><\/div><\/div><div class=\"w-separator size_medium\"><\/div><div class=\"w-btn-wrapper align_left\"><a class=\"w-btn us-btn-style_8 icon_atleft\" href=\"https:\/\/gruene-wiesbaden.de\/sl\/kommunalwahl\/#Kapitel1\"><i class=\"fas fa-chevron-circle-right\"><\/i><span class=\"w-btn-label\">Nazaj na pregled<\/span><\/a><\/div><div class=\"w-separator size_large\"><\/div><\/div><\/div><\/div><\/div><\/section>","protected":false},"excerpt":{"rendered":"Kmetijstvo in gozdarstvo sta veliko ve\u010d kot le gospodarska sektorja, saj sta temelj na\u0161e hrane, krajine in podnebja. V mestu ali na pode\u017eelju: Na\u010din kmetovanja neposredno vpliva na na\u0161o kakovost \u017eivljenja, zdravje in okolje. Soo\u010damo se z izzivom ustvarjanja...","protected":false},"author":1,"featured_media":1195,"comment_status":"closed","ping_status":"closed","sticky":false,"template":"","format":"standard","meta":{"footnotes":""},"categories":[14],"tags":[],"class_list":["post-1222","post","type-post","status-publish","format-standard","has-post-thumbnail","hentry","category-kapitel-1"],"yoast_head":"<!-- This site is optimized with the Yoast SEO plugin v27.5 - https:\/\/yoast.com\/product\/yoast-seo-wordpress\/ -->\n<title>Land- und Forstwirtschaft - B\u00dcNDNIS 90\/DIE GR\u00dcNEN Wiesbaden<\/title>\n<meta name=\"robots\" content=\"index, follow, max-snippet:-1, max-image-preview:large, max-video-preview:-1\" \/>\n<link rel=\"canonical\" href=\"https:\/\/gruene-wiesbaden.de\/sl\/lore-ipsum-samed\/\" \/>\n<meta property=\"og:locale\" content=\"sl_SI\" \/>\n<meta property=\"og:type\" content=\"article\" \/>\n<meta property=\"og:title\" content=\"Land- und Forstwirtschaft - B\u00dcNDNIS 90\/DIE GR\u00dcNEN Wiesbaden\" \/>\n<meta property=\"og:url\" content=\"https:\/\/gruene-wiesbaden.de\/sl\/lore-ipsum-samed\/\" \/>\n<meta property=\"og:site_name\" content=\"B\u00dcNDNIS 90\/DIE GR\u00dcNEN Wiesbaden\" \/>\n<meta property=\"article:publisher\" content=\"https:\/\/www.facebook.com\/gruene.wi\" \/>\n<meta property=\"article:published_time\" content=\"2025-08-01T20:40:52+00:00\" \/>\n<meta property=\"article:modified_time\" content=\"2026-04-08T20:38:25+00:00\" \/>\n<meta property=\"og:image\" content=\"https:\/\/gruene-wiesbaden.de\/wp-content\/uploads\/2025\/07\/noaa-SkJG9sNkQVQ-unsplash-scaled.jpg\" \/>\n\t<meta property=\"og:image:width\" content=\"1920\" \/>\n\t<meta property=\"og:image:height\" content=\"2560\" \/>\n\t<meta property=\"og:image:type\" content=\"image\/jpeg\" \/>\n<meta name=\"author\" content=\"admin\" \/>\n<meta name=\"twitter:card\" content=\"summary_large_image\" \/>\n<meta name=\"twitter:label1\" content=\"Written by\" \/>\n\t<meta name=\"twitter:data1\" content=\"admin\" \/>\n\t<meta name=\"twitter:label2\" content=\"Est. reading time\" \/>\n\t<meta name=\"twitter:data2\" content=\"10 minutes\" \/>\n<script type=\"application\/ld+json\" class=\"yoast-schema-graph\">{\"@context\":\"https:\\\/\\\/schema.org\",\"@graph\":[{\"@type\":\"Article\",\"@id\":\"https:\\\/\\\/gruene-wiesbaden.de\\\/lore-ipsum-samed\\\/#article\",\"isPartOf\":{\"@id\":\"https:\\\/\\\/gruene-wiesbaden.de\\\/lore-ipsum-samed\\\/\"},\"author\":{\"name\":\"admin\",\"@id\":\"https:\\\/\\\/gruene-wiesbaden.de\\\/#\\\/schema\\\/person\\\/6785c34779159cd4fd86886bb097afe9\"},\"headline\":\"Land- und Forstwirtschaft\",\"datePublished\":\"2025-08-01T20:40:52+00:00\",\"dateModified\":\"2026-04-08T20:38:25+00:00\",\"mainEntityOfPage\":{\"@id\":\"https:\\\/\\\/gruene-wiesbaden.de\\\/lore-ipsum-samed\\\/\"},\"wordCount\":2860,\"publisher\":{\"@id\":\"https:\\\/\\\/gruene-wiesbaden.de\\\/#organization\"},\"image\":{\"@id\":\"https:\\\/\\\/gruene-wiesbaden.de\\\/lore-ipsum-samed\\\/#primaryimage\"},\"thumbnailUrl\":\"https:\\\/\\\/gruene-wiesbaden.de\\\/wp-content\\\/uploads\\\/2025\\\/07\\\/noaa-SkJG9sNkQVQ-unsplash-scaled.jpg\",\"articleSection\":[\"Kapitel 1\"],\"inLanguage\":\"sl-SI\"},{\"@type\":\"WebPage\",\"@id\":\"https:\\\/\\\/gruene-wiesbaden.de\\\/lore-ipsum-samed\\\/\",\"url\":\"https:\\\/\\\/gruene-wiesbaden.de\\\/lore-ipsum-samed\\\/\",\"name\":\"Land- und Forstwirtschaft - B\u00dcNDNIS 90\\\/DIE GR\u00dcNEN Wiesbaden\",\"isPartOf\":{\"@id\":\"https:\\\/\\\/gruene-wiesbaden.de\\\/#website\"},\"primaryImageOfPage\":{\"@id\":\"https:\\\/\\\/gruene-wiesbaden.de\\\/lore-ipsum-samed\\\/#primaryimage\"},\"image\":{\"@id\":\"https:\\\/\\\/gruene-wiesbaden.de\\\/lore-ipsum-samed\\\/#primaryimage\"},\"thumbnailUrl\":\"https:\\\/\\\/gruene-wiesbaden.de\\\/wp-content\\\/uploads\\\/2025\\\/07\\\/noaa-SkJG9sNkQVQ-unsplash-scaled.jpg\",\"datePublished\":\"2025-08-01T20:40:52+00:00\",\"dateModified\":\"2026-04-08T20:38:25+00:00\",\"breadcrumb\":{\"@id\":\"https:\\\/\\\/gruene-wiesbaden.de\\\/lore-ipsum-samed\\\/#breadcrumb\"},\"inLanguage\":\"sl-SI\",\"potentialAction\":[{\"@type\":\"ReadAction\",\"target\":[\"https:\\\/\\\/gruene-wiesbaden.de\\\/lore-ipsum-samed\\\/\"]}]},{\"@type\":\"ImageObject\",\"inLanguage\":\"sl-SI\",\"@id\":\"https:\\\/\\\/gruene-wiesbaden.de\\\/lore-ipsum-samed\\\/#primaryimage\",\"url\":\"https:\\\/\\\/gruene-wiesbaden.de\\\/wp-content\\\/uploads\\\/2025\\\/07\\\/noaa-SkJG9sNkQVQ-unsplash-scaled.jpg\",\"contentUrl\":\"https:\\\/\\\/gruene-wiesbaden.de\\\/wp-content\\\/uploads\\\/2025\\\/07\\\/noaa-SkJG9sNkQVQ-unsplash-scaled.jpg\",\"width\":1920,\"height\":2560},{\"@type\":\"BreadcrumbList\",\"@id\":\"https:\\\/\\\/gruene-wiesbaden.de\\\/lore-ipsum-samed\\\/#breadcrumb\",\"itemListElement\":[{\"@type\":\"ListItem\",\"position\":1,\"name\":\"Startseite\",\"item\":\"https:\\\/\\\/gruene-wiesbaden.de\\\/\"},{\"@type\":\"ListItem\",\"position\":2,\"name\":\"Land- und Forstwirtschaft\"}]},{\"@type\":\"WebSite\",\"@id\":\"https:\\\/\\\/gruene-wiesbaden.de\\\/#website\",\"url\":\"https:\\\/\\\/gruene-wiesbaden.de\\\/\",\"name\":\"DIE GR\u00dcNEN Wiesbaden\",\"description\":\"\",\"publisher\":{\"@id\":\"https:\\\/\\\/gruene-wiesbaden.de\\\/#organization\"},\"potentialAction\":[{\"@type\":\"SearchAction\",\"target\":{\"@type\":\"EntryPoint\",\"urlTemplate\":\"https:\\\/\\\/gruene-wiesbaden.de\\\/?s={search_term_string}\"},\"query-input\":{\"@type\":\"PropertyValueSpecification\",\"valueRequired\":true,\"valueName\":\"search_term_string\"}}],\"inLanguage\":\"sl-SI\"},{\"@type\":\"Organization\",\"@id\":\"https:\\\/\\\/gruene-wiesbaden.de\\\/#organization\",\"name\":\"DIE GR\u00dcNEN Wiesbaden\",\"url\":\"https:\\\/\\\/gruene-wiesbaden.de\\\/\",\"logo\":{\"@type\":\"ImageObject\",\"inLanguage\":\"sl-SI\",\"@id\":\"https:\\\/\\\/gruene-wiesbaden.de\\\/#\\\/schema\\\/logo\\\/image\\\/\",\"url\":\"https:\\\/\\\/gruene-wiesbaden-fuer-europa.de\\\/wp-content\\\/uploads\\\/2024\\\/04\\\/Machen-was-zaehlt-5.png\",\"contentUrl\":\"https:\\\/\\\/gruene-wiesbaden-fuer-europa.de\\\/wp-content\\\/uploads\\\/2024\\\/04\\\/Machen-was-zaehlt-5.png\",\"width\":1772,\"height\":1772,\"caption\":\"DIE GR\u00dcNEN Wiesbaden\"},\"image\":{\"@id\":\"https:\\\/\\\/gruene-wiesbaden.de\\\/#\\\/schema\\\/logo\\\/image\\\/\"},\"sameAs\":[\"https:\\\/\\\/www.facebook.com\\\/gruene.wi\",\"https:\\\/\\\/instagram.com\\\/gruene_wi\"]},{\"@type\":\"Person\",\"@id\":\"https:\\\/\\\/gruene-wiesbaden.de\\\/#\\\/schema\\\/person\\\/6785c34779159cd4fd86886bb097afe9\",\"name\":\"admin\",\"sameAs\":[\"http:\\\/\\\/gruene-wiesbaden-fuer-europa.de\"],\"url\":\"https:\\\/\\\/gruene-wiesbaden.de\\\/sl\\\/author\\\/admin\\\/\"}]}<\/script>\n<!-- \/ Yoast SEO plugin. -->","yoast_head_json":{"title":"Land- und Forstwirtschaft - B\u00dcNDNIS 90\/DIE GR\u00dcNEN Wiesbaden","robots":{"index":"index","follow":"follow","max-snippet":"max-snippet:-1","max-image-preview":"max-image-preview:large","max-video-preview":"max-video-preview:-1"},"canonical":"https:\/\/gruene-wiesbaden.de\/sl\/lore-ipsum-samed\/","og_locale":"sl_SI","og_type":"article","og_title":"Land- und Forstwirtschaft - B\u00dcNDNIS 90\/DIE GR\u00dcNEN Wiesbaden","og_url":"https:\/\/gruene-wiesbaden.de\/sl\/lore-ipsum-samed\/","og_site_name":"B\u00dcNDNIS 90\/DIE GR\u00dcNEN Wiesbaden","article_publisher":"https:\/\/www.facebook.com\/gruene.wi","article_published_time":"2025-08-01T20:40:52+00:00","article_modified_time":"2026-04-08T20:38:25+00:00","og_image":[{"width":1920,"height":2560,"url":"https:\/\/gruene-wiesbaden.de\/wp-content\/uploads\/2025\/07\/noaa-SkJG9sNkQVQ-unsplash-scaled.jpg","type":"image\/jpeg"}],"author":"admin","twitter_card":"summary_large_image","twitter_misc":{"Written by":"admin","Est. reading time":"10 minutes"},"schema":{"@context":"https:\/\/schema.org","@graph":[{"@type":"Article","@id":"https:\/\/gruene-wiesbaden.de\/lore-ipsum-samed\/#article","isPartOf":{"@id":"https:\/\/gruene-wiesbaden.de\/lore-ipsum-samed\/"},"author":{"name":"admin","@id":"https:\/\/gruene-wiesbaden.de\/#\/schema\/person\/6785c34779159cd4fd86886bb097afe9"},"headline":"Land- und Forstwirtschaft","datePublished":"2025-08-01T20:40:52+00:00","dateModified":"2026-04-08T20:38:25+00:00","mainEntityOfPage":{"@id":"https:\/\/gruene-wiesbaden.de\/lore-ipsum-samed\/"},"wordCount":2860,"publisher":{"@id":"https:\/\/gruene-wiesbaden.de\/#organization"},"image":{"@id":"https:\/\/gruene-wiesbaden.de\/lore-ipsum-samed\/#primaryimage"},"thumbnailUrl":"https:\/\/gruene-wiesbaden.de\/wp-content\/uploads\/2025\/07\/noaa-SkJG9sNkQVQ-unsplash-scaled.jpg","articleSection":["Kapitel 1"],"inLanguage":"sl-SI"},{"@type":"WebPage","@id":"https:\/\/gruene-wiesbaden.de\/lore-ipsum-samed\/","url":"https:\/\/gruene-wiesbaden.de\/lore-ipsum-samed\/","name":"Land- und Forstwirtschaft - B\u00dcNDNIS 90\/DIE GR\u00dcNEN Wiesbaden","isPartOf":{"@id":"https:\/\/gruene-wiesbaden.de\/#website"},"primaryImageOfPage":{"@id":"https:\/\/gruene-wiesbaden.de\/lore-ipsum-samed\/#primaryimage"},"image":{"@id":"https:\/\/gruene-wiesbaden.de\/lore-ipsum-samed\/#primaryimage"},"thumbnailUrl":"https:\/\/gruene-wiesbaden.de\/wp-content\/uploads\/2025\/07\/noaa-SkJG9sNkQVQ-unsplash-scaled.jpg","datePublished":"2025-08-01T20:40:52+00:00","dateModified":"2026-04-08T20:38:25+00:00","breadcrumb":{"@id":"https:\/\/gruene-wiesbaden.de\/lore-ipsum-samed\/#breadcrumb"},"inLanguage":"sl-SI","potentialAction":[{"@type":"ReadAction","target":["https:\/\/gruene-wiesbaden.de\/lore-ipsum-samed\/"]}]},{"@type":"ImageObject","inLanguage":"sl-SI","@id":"https:\/\/gruene-wiesbaden.de\/lore-ipsum-samed\/#primaryimage","url":"https:\/\/gruene-wiesbaden.de\/wp-content\/uploads\/2025\/07\/noaa-SkJG9sNkQVQ-unsplash-scaled.jpg","contentUrl":"https:\/\/gruene-wiesbaden.de\/wp-content\/uploads\/2025\/07\/noaa-SkJG9sNkQVQ-unsplash-scaled.jpg","width":1920,"height":2560},{"@type":"BreadcrumbList","@id":"https:\/\/gruene-wiesbaden.de\/lore-ipsum-samed\/#breadcrumb","itemListElement":[{"@type":"ListItem","position":1,"name":"Startseite","item":"https:\/\/gruene-wiesbaden.de\/"},{"@type":"ListItem","position":2,"name":"Land- und Forstwirtschaft"}]},{"@type":"WebSite","@id":"https:\/\/gruene-wiesbaden.de\/#website","url":"https:\/\/gruene-wiesbaden.de\/","name":"DIE GR\u00dcNEN Wiesbaden","description":"","publisher":{"@id":"https:\/\/gruene-wiesbaden.de\/#organization"},"potentialAction":[{"@type":"SearchAction","target":{"@type":"EntryPoint","urlTemplate":"https:\/\/gruene-wiesbaden.de\/?s={search_term_string}"},"query-input":{"@type":"PropertyValueSpecification","valueRequired":true,"valueName":"search_term_string"}}],"inLanguage":"sl-SI"},{"@type":"Organization","@id":"https:\/\/gruene-wiesbaden.de\/#organization","name":"DIE GR\u00dcNEN Wiesbaden","url":"https:\/\/gruene-wiesbaden.de\/","logo":{"@type":"ImageObject","inLanguage":"sl-SI","@id":"https:\/\/gruene-wiesbaden.de\/#\/schema\/logo\/image\/","url":"https:\/\/gruene-wiesbaden-fuer-europa.de\/wp-content\/uploads\/2024\/04\/Machen-was-zaehlt-5.png","contentUrl":"https:\/\/gruene-wiesbaden-fuer-europa.de\/wp-content\/uploads\/2024\/04\/Machen-was-zaehlt-5.png","width":1772,"height":1772,"caption":"DIE GR\u00dcNEN Wiesbaden"},"image":{"@id":"https:\/\/gruene-wiesbaden.de\/#\/schema\/logo\/image\/"},"sameAs":["https:\/\/www.facebook.com\/gruene.wi","https:\/\/instagram.com\/gruene_wi"]},{"@type":"Person","@id":"https:\/\/gruene-wiesbaden.de\/#\/schema\/person\/6785c34779159cd4fd86886bb097afe9","name":"admin","sameAs":["http:\/\/gruene-wiesbaden-fuer-europa.de"],"url":"https:\/\/gruene-wiesbaden.de\/sl\/author\/admin\/"}]}},"_links":{"self":[{"href":"https:\/\/gruene-wiesbaden.de\/sl\/wp-json\/wp\/v2\/posts\/1222","targetHints":{"allow":["GET"]}}],"collection":[{"href":"https:\/\/gruene-wiesbaden.de\/sl\/wp-json\/wp\/v2\/posts"}],"about":[{"href":"https:\/\/gruene-wiesbaden.de\/sl\/wp-json\/wp\/v2\/types\/post"}],"author":[{"embeddable":true,"href":"https:\/\/gruene-wiesbaden.de\/sl\/wp-json\/wp\/v2\/users\/1"}],"replies":[{"embeddable":true,"href":"https:\/\/gruene-wiesbaden.de\/sl\/wp-json\/wp\/v2\/comments?post=1222"}],"version-history":[{"count":15,"href":"https:\/\/gruene-wiesbaden.de\/sl\/wp-json\/wp\/v2\/posts\/1222\/revisions"}],"predecessor-version":[{"id":2369,"href":"https:\/\/gruene-wiesbaden.de\/sl\/wp-json\/wp\/v2\/posts\/1222\/revisions\/2369"}],"wp:featuredmedia":[{"embeddable":true,"href":"https:\/\/gruene-wiesbaden.de\/sl\/wp-json\/wp\/v2\/media\/1195"}],"wp:attachment":[{"href":"https:\/\/gruene-wiesbaden.de\/sl\/wp-json\/wp\/v2\/media?parent=1222"}],"wp:term":[{"taxonomy":"category","embeddable":true,"href":"https:\/\/gruene-wiesbaden.de\/sl\/wp-json\/wp\/v2\/categories?post=1222"},{"taxonomy":"post_tag","embeddable":true,"href":"https:\/\/gruene-wiesbaden.de\/sl\/wp-json\/wp\/v2\/tags?post=1222"}],"curies":[{"name":"wp","href":"https:\/\/api.w.org\/{rel}","templated":true}]}}