{"id":876,"date":"2024-12-11T12:00:20","date_gmt":"2024-12-11T12:00:20","guid":{"rendered":"http:\/\/gruene-wiesbaden.de.w0207e8f.kasserver.com\/?p=876"},"modified":"2025-06-16T20:55:40","modified_gmt":"2025-06-16T20:55:40","slug":"600-mitglied","status":"publish","type":"post","link":"https:\/\/gruene-wiesbaden.de\/sk\/600-mitglied\/","title":{"rendered":"Pokrajinsk\u00e9 zhroma\u017edenie zelen\u00fdch vo Wiesbadene: Prekvapenie pre 600 \u013eud\u00ed. \u010clen!"},"content":{"rendered":"<section class=\"l-section wpb_row height_medium\"><div class=\"l-section-h i-cf\"><div class=\"g-cols vc_row via_grid cols_1 laptops-cols_inherit tablets-cols_inherit mobiles-cols_1 valign_top type_default stacking_default\"><div class=\"wpb_column vc_column_container\"><div class=\"vc_column-inner\"><h2 class=\"w-post-elm post_title entry-title color_link_inherit\">Pokrajinsk\u00e9 zhroma\u017edenie zelen\u00fdch vo Wiesbadene: Prekvapenie pre 600 \u013eud\u00ed. \u010clen!<\/h2><div class=\"w-post-elm post_image\"><img loading=\"lazy\" decoding=\"async\" width=\"600\" height=\"467\" src=\"https:\/\/gruene-wiesbaden.de\/wp-content\/uploads\/2025\/03\/Bildschirmfoto-2025-06-16-um-22.54.40-600x467.png\" class=\"attachment-large size-large wp-post-image\" alt=\"\" srcset=\"https:\/\/gruene-wiesbaden.de\/wp-content\/uploads\/2025\/03\/Bildschirmfoto-2025-06-16-um-22.54.40-600x467.png 600w, https:\/\/gruene-wiesbaden.de\/wp-content\/uploads\/2025\/03\/Bildschirmfoto-2025-06-16-um-22.54.40-400x312.png 400w, https:\/\/gruene-wiesbaden.de\/wp-content\/uploads\/2025\/03\/Bildschirmfoto-2025-06-16-um-22.54.40.png 1756w\" sizes=\"auto, (max-width: 600px) 100vw, 600px\" \/><\/div><div class=\"w-separator size_medium\"><\/div><div class=\"wpb_text_column\"><div class=\"wpb_wrapper\"><p>Desiateho d\u0148a. V decembri sa konalo okresn\u00e9 zhroma\u017edenie B\u00fcndnis 90\/Die Gr\u00fcnen Wiesbaden \u2013 ve\u010der s mnoh\u00fdmi vo\u013ebami deleg\u00e1tov, d\u00f4le\u017eit\u00fdmi inform\u00e1ciami o volebnej kampani a nov\u00fdmi tv\u00e1rami: Zdru\u017eenie mohlo priv\u00edta\u0165 mnoh\u00fdch svojich nov\u00fdch \u010dlenov!<\/p>\n<p>Jeden \u010dlen o\u010dak\u00e1val \u0161peci\u00e1lne vyst\u00fapenie: Pred nieko\u013ek\u00fdmi d\u0148ami okresn\u00e9 zdru\u017eenie prelomilo zna\u010dku 600. To by sa malo oslavova\u0165. 600-teho. Poslanec bol vopred informovan\u00fd, \u017ee d\u00f4jde k mal\u00e9mu prekvapeniu. Na za\u010diatku stretnutia Jochen dostal ta\u0161ku s materi\u00e1lmi kampane a zelen\u00fdmi dar\u010dekmi ako symbolick\u00fd znak prijatia Larissy, \u010dlenky predstavenstva. Jochen u\u017e m\u00e1 svoje prv\u00e9 pl\u00e1ny: Chce sa zapoji\u0165 do oblasti plag\u00e1tov, a t\u00fdm prispie\u0165 k zvidite\u013eneniu na\u0161ich posolstiev v nadch\u00e1dzaj\u00facej volebnej kampani Bundestagu a OB.<\/p>\n<p>Na\u0161e okresn\u00e9 zdru\u017eenie rastie a ukazuje, \u017ee \u010doraz viac \u013eud\u00ed je pripraven\u00fdch pracova\u0165 na udr\u017eate\u013enej, spravodlivej a ob\u00fdvate\u013enej bud\u00facnosti. \u010eakujeme v\u00e1m za v\u00e1\u0161 z\u00e1v\u00e4zok a te\u0161\u00edme sa na spolupr\u00e1cu s Jochenom a v\u0161etk\u00fdmi ostatn\u00fdmi nov\u00fdmi \u010dlenmi.<\/p>\n<p>M\u00e1te z\u00e1ujem sta\u0165 sa s\u00fa\u010das\u0165ou n\u00e1\u0161ho zelen\u00e9ho hnutia? Tu sa dozviete, ako sa m\u00f4\u017eete sta\u0165 \u010dlenom a akt\u00edvne sa z\u00fa\u010dast\u0148ova\u0165 na Wiesbadene.<\/p>\n<\/div><\/div><\/div><\/div><\/div><\/div><\/section>","protected":false},"excerpt":{"rendered":"Pokrajinsk\u00e9 zhroma\u017edenie zelen\u00fdch vo Wiesbadene: Prekvapenie pre 600 \u013eud\u00ed. Poslanec! d\u0148a 10. V decembri sa konalo okresn\u00e9 zhroma\u017edenie B\u00fcndnis 90\/Die Gr\u00fcnen Wiesbaden \u2013 ve\u010der s mnoh\u00fdmi vo\u013ebami deleg\u00e1tov, d\u00f4le\u017eit\u00fdmi inform\u00e1ciami o volebnej kampani a nov\u00fdmi tv\u00e1rami: Zdru\u017eenie mohlo priv\u00edta\u0165 mnoh\u00fdch svojich nov\u00fdch \u010dlenov! Jeden \u010dlen o\u010dak\u00e1val \u0161peci\u00e1lne vyst\u00fapenie: Pred p\u00e1r d\u0148ami sa okres...","protected":false},"author":1,"featured_media":923,"comment_status":"closed","ping_status":"closed","sticky":false,"template":"","format":"standard","meta":{"footnotes":""},"categories":[9],"tags":[],"class_list":["post-876","post","type-post","status-publish","format-standard","has-post-thumbnail","hentry","category-mitglieder"],"yoast_head":"<!-- This site is optimized with the Yoast SEO plugin v27.5 - https:\/\/yoast.com\/product\/yoast-seo-wordpress\/ -->\n<title>Kreismitgliederversammlung der Gr\u00fcnen Wiesbaden: \u00dcberraschung f\u00fcr unser 600. Mitglied! - B\u00dcNDNIS 90\/DIE GR\u00dcNEN Wiesbaden<\/title>\n<meta name=\"robots\" content=\"index, follow, max-snippet:-1, max-image-preview:large, max-video-preview:-1\" \/>\n<link rel=\"canonical\" href=\"https:\/\/gruene-wiesbaden.de\/sk\/600-mitglied\/\" \/>\n<meta property=\"og:locale\" content=\"sk_SK\" \/>\n<meta property=\"og:type\" content=\"article\" \/>\n<meta property=\"og:title\" content=\"Kreismitgliederversammlung der Gr\u00fcnen Wiesbaden: \u00dcberraschung f\u00fcr unser 600. Mitglied! - B\u00dcNDNIS 90\/DIE GR\u00dcNEN Wiesbaden\" \/>\n<meta property=\"og:url\" content=\"https:\/\/gruene-wiesbaden.de\/sk\/600-mitglied\/\" \/>\n<meta property=\"og:site_name\" content=\"B\u00dcNDNIS 90\/DIE GR\u00dcNEN Wiesbaden\" \/>\n<meta property=\"article:publisher\" content=\"https:\/\/www.facebook.com\/gruene.wi\" \/>\n<meta property=\"article:published_time\" content=\"2024-12-11T12:00:20+00:00\" \/>\n<meta property=\"article:modified_time\" content=\"2025-06-16T20:55:40+00:00\" \/>\n<meta property=\"og:image\" content=\"https:\/\/gruene-wiesbaden.de\/wp-content\/uploads\/2025\/03\/Bildschirmfoto-2025-06-16-um-22.54.40-600x467.png\" \/>\n\t<meta property=\"og:image:width\" content=\"600\" \/>\n\t<meta property=\"og:image:height\" content=\"467\" \/>\n\t<meta property=\"og:image:type\" content=\"image\/png\" \/>\n<meta name=\"author\" content=\"admin\" \/>\n<meta name=\"twitter:card\" content=\"summary_large_image\" \/>\n<meta name=\"twitter:label1\" content=\"Autor\" \/>\n\t<meta name=\"twitter:data1\" content=\"admin\" \/>\n\t<meta name=\"twitter:label2\" content=\"Predpokladan\u00fd \u010das \u010d\u00edtania\" \/>\n\t<meta name=\"twitter:data2\" content=\"2 minutes\" \/>\n<script type=\"application\/ld+json\" class=\"yoast-schema-graph\">{\"@context\":\"https:\\\/\\\/schema.org\",\"@graph\":[{\"@type\":\"Article\",\"@id\":\"https:\\\/\\\/gruene-wiesbaden.de\\\/600-mitglied\\\/#article\",\"isPartOf\":{\"@id\":\"https:\\\/\\\/gruene-wiesbaden.de\\\/600-mitglied\\\/\"},\"author\":{\"name\":\"admin\",\"@id\":\"https:\\\/\\\/gruene-wiesbaden.de\\\/#\\\/schema\\\/person\\\/6785c34779159cd4fd86886bb097afe9\"},\"headline\":\"Kreismitgliederversammlung der Gr\u00fcnen Wiesbaden: \u00dcberraschung f\u00fcr unser 600. Mitglied!\",\"datePublished\":\"2024-12-11T12:00:20+00:00\",\"dateModified\":\"2025-06-16T20:55:40+00:00\",\"mainEntityOfPage\":{\"@id\":\"https:\\\/\\\/gruene-wiesbaden.de\\\/600-mitglied\\\/\"},\"wordCount\":227,\"publisher\":{\"@id\":\"https:\\\/\\\/gruene-wiesbaden.de\\\/#organization\"},\"image\":{\"@id\":\"https:\\\/\\\/gruene-wiesbaden.de\\\/600-mitglied\\\/#primaryimage\"},\"thumbnailUrl\":\"https:\\\/\\\/gruene-wiesbaden.de\\\/wp-content\\\/uploads\\\/2025\\\/03\\\/Bildschirmfoto-2025-06-16-um-22.54.40.png\",\"articleSection\":[\"Mitglieder\"],\"inLanguage\":\"sk-SK\"},{\"@type\":\"WebPage\",\"@id\":\"https:\\\/\\\/gruene-wiesbaden.de\\\/600-mitglied\\\/\",\"url\":\"https:\\\/\\\/gruene-wiesbaden.de\\\/600-mitglied\\\/\",\"name\":\"Kreismitgliederversammlung der Gr\u00fcnen Wiesbaden: \u00dcberraschung f\u00fcr unser 600. Mitglied! - B\u00dcNDNIS 90\\\/DIE GR\u00dcNEN Wiesbaden\",\"isPartOf\":{\"@id\":\"https:\\\/\\\/gruene-wiesbaden.de\\\/#website\"},\"primaryImageOfPage\":{\"@id\":\"https:\\\/\\\/gruene-wiesbaden.de\\\/600-mitglied\\\/#primaryimage\"},\"image\":{\"@id\":\"https:\\\/\\\/gruene-wiesbaden.de\\\/600-mitglied\\\/#primaryimage\"},\"thumbnailUrl\":\"https:\\\/\\\/gruene-wiesbaden.de\\\/wp-content\\\/uploads\\\/2025\\\/03\\\/Bildschirmfoto-2025-06-16-um-22.54.40.png\",\"datePublished\":\"2024-12-11T12:00:20+00:00\",\"dateModified\":\"2025-06-16T20:55:40+00:00\",\"breadcrumb\":{\"@id\":\"https:\\\/\\\/gruene-wiesbaden.de\\\/600-mitglied\\\/#breadcrumb\"},\"inLanguage\":\"sk-SK\",\"potentialAction\":[{\"@type\":\"ReadAction\",\"target\":[\"https:\\\/\\\/gruene-wiesbaden.de\\\/600-mitglied\\\/\"]}]},{\"@type\":\"ImageObject\",\"inLanguage\":\"sk-SK\",\"@id\":\"https:\\\/\\\/gruene-wiesbaden.de\\\/600-mitglied\\\/#primaryimage\",\"url\":\"https:\\\/\\\/gruene-wiesbaden.de\\\/wp-content\\\/uploads\\\/2025\\\/03\\\/Bildschirmfoto-2025-06-16-um-22.54.40.png\",\"contentUrl\":\"https:\\\/\\\/gruene-wiesbaden.de\\\/wp-content\\\/uploads\\\/2025\\\/03\\\/Bildschirmfoto-2025-06-16-um-22.54.40.png\",\"width\":1756,\"height\":1368},{\"@type\":\"BreadcrumbList\",\"@id\":\"https:\\\/\\\/gruene-wiesbaden.de\\\/600-mitglied\\\/#breadcrumb\",\"itemListElement\":[{\"@type\":\"ListItem\",\"position\":1,\"name\":\"Startseite\",\"item\":\"https:\\\/\\\/gruene-wiesbaden.de\\\/\"},{\"@type\":\"ListItem\",\"position\":2,\"name\":\"Kreismitgliederversammlung der Gr\u00fcnen Wiesbaden: \u00dcberraschung f\u00fcr unser 600. Mitglied!\"}]},{\"@type\":\"WebSite\",\"@id\":\"https:\\\/\\\/gruene-wiesbaden.de\\\/#website\",\"url\":\"https:\\\/\\\/gruene-wiesbaden.de\\\/\",\"name\":\"DIE GR\u00dcNEN Wiesbaden\",\"description\":\"\",\"publisher\":{\"@id\":\"https:\\\/\\\/gruene-wiesbaden.de\\\/#organization\"},\"potentialAction\":[{\"@type\":\"SearchAction\",\"target\":{\"@type\":\"EntryPoint\",\"urlTemplate\":\"https:\\\/\\\/gruene-wiesbaden.de\\\/?s={search_term_string}\"},\"query-input\":{\"@type\":\"PropertyValueSpecification\",\"valueRequired\":true,\"valueName\":\"search_term_string\"}}],\"inLanguage\":\"sk-SK\"},{\"@type\":\"Organization\",\"@id\":\"https:\\\/\\\/gruene-wiesbaden.de\\\/#organization\",\"name\":\"DIE GR\u00dcNEN Wiesbaden\",\"url\":\"https:\\\/\\\/gruene-wiesbaden.de\\\/\",\"logo\":{\"@type\":\"ImageObject\",\"inLanguage\":\"sk-SK\",\"@id\":\"https:\\\/\\\/gruene-wiesbaden.de\\\/#\\\/schema\\\/logo\\\/image\\\/\",\"url\":\"https:\\\/\\\/gruene-wiesbaden-fuer-europa.de\\\/wp-content\\\/uploads\\\/2024\\\/04\\\/Machen-was-zaehlt-5.png\",\"contentUrl\":\"https:\\\/\\\/gruene-wiesbaden-fuer-europa.de\\\/wp-content\\\/uploads\\\/2024\\\/04\\\/Machen-was-zaehlt-5.png\",\"width\":1772,\"height\":1772,\"caption\":\"DIE GR\u00dcNEN Wiesbaden\"},\"image\":{\"@id\":\"https:\\\/\\\/gruene-wiesbaden.de\\\/#\\\/schema\\\/logo\\\/image\\\/\"},\"sameAs\":[\"https:\\\/\\\/www.facebook.com\\\/gruene.wi\",\"https:\\\/\\\/instagram.com\\\/gruene_wi\"]},{\"@type\":\"Person\",\"@id\":\"https:\\\/\\\/gruene-wiesbaden.de\\\/#\\\/schema\\\/person\\\/6785c34779159cd4fd86886bb097afe9\",\"name\":\"admin\",\"sameAs\":[\"http:\\\/\\\/gruene-wiesbaden-fuer-europa.de\"],\"url\":\"https:\\\/\\\/gruene-wiesbaden.de\\\/sk\\\/author\\\/admin\\\/\"}]}<\/script>\n<!-- \/ Yoast SEO plugin. -->","yoast_head_json":{"title":"Kreismitgliederversammlung der Gr\u00fcnen Wiesbaden: \u00dcberraschung f\u00fcr unser 600. Mitglied! - B\u00dcNDNIS 90\/DIE GR\u00dcNEN Wiesbaden","robots":{"index":"index","follow":"follow","max-snippet":"max-snippet:-1","max-image-preview":"max-image-preview:large","max-video-preview":"max-video-preview:-1"},"canonical":"https:\/\/gruene-wiesbaden.de\/sk\/600-mitglied\/","og_locale":"sk_SK","og_type":"article","og_title":"Kreismitgliederversammlung der Gr\u00fcnen Wiesbaden: \u00dcberraschung f\u00fcr unser 600. Mitglied! - B\u00dcNDNIS 90\/DIE GR\u00dcNEN Wiesbaden","og_url":"https:\/\/gruene-wiesbaden.de\/sk\/600-mitglied\/","og_site_name":"B\u00dcNDNIS 90\/DIE GR\u00dcNEN Wiesbaden","article_publisher":"https:\/\/www.facebook.com\/gruene.wi","article_published_time":"2024-12-11T12:00:20+00:00","article_modified_time":"2025-06-16T20:55:40+00:00","og_image":[{"width":600,"height":467,"url":"https:\/\/gruene-wiesbaden.de\/wp-content\/uploads\/2025\/03\/Bildschirmfoto-2025-06-16-um-22.54.40-600x467.png","type":"image\/png"}],"author":"admin","twitter_card":"summary_large_image","twitter_misc":{"Autor":"admin","Predpokladan\u00fd \u010das \u010d\u00edtania":"2 minutes"},"schema":{"@context":"https:\/\/schema.org","@graph":[{"@type":"Article","@id":"https:\/\/gruene-wiesbaden.de\/600-mitglied\/#article","isPartOf":{"@id":"https:\/\/gruene-wiesbaden.de\/600-mitglied\/"},"author":{"name":"admin","@id":"https:\/\/gruene-wiesbaden.de\/#\/schema\/person\/6785c34779159cd4fd86886bb097afe9"},"headline":"Kreismitgliederversammlung der Gr\u00fcnen Wiesbaden: \u00dcberraschung f\u00fcr unser 600. Mitglied!","datePublished":"2024-12-11T12:00:20+00:00","dateModified":"2025-06-16T20:55:40+00:00","mainEntityOfPage":{"@id":"https:\/\/gruene-wiesbaden.de\/600-mitglied\/"},"wordCount":227,"publisher":{"@id":"https:\/\/gruene-wiesbaden.de\/#organization"},"image":{"@id":"https:\/\/gruene-wiesbaden.de\/600-mitglied\/#primaryimage"},"thumbnailUrl":"https:\/\/gruene-wiesbaden.de\/wp-content\/uploads\/2025\/03\/Bildschirmfoto-2025-06-16-um-22.54.40.png","articleSection":["Mitglieder"],"inLanguage":"sk-SK"},{"@type":"WebPage","@id":"https:\/\/gruene-wiesbaden.de\/600-mitglied\/","url":"https:\/\/gruene-wiesbaden.de\/600-mitglied\/","name":"Kreismitgliederversammlung der Gr\u00fcnen Wiesbaden: \u00dcberraschung f\u00fcr unser 600. Mitglied! - B\u00dcNDNIS 90\/DIE GR\u00dcNEN Wiesbaden","isPartOf":{"@id":"https:\/\/gruene-wiesbaden.de\/#website"},"primaryImageOfPage":{"@id":"https:\/\/gruene-wiesbaden.de\/600-mitglied\/#primaryimage"},"image":{"@id":"https:\/\/gruene-wiesbaden.de\/600-mitglied\/#primaryimage"},"thumbnailUrl":"https:\/\/gruene-wiesbaden.de\/wp-content\/uploads\/2025\/03\/Bildschirmfoto-2025-06-16-um-22.54.40.png","datePublished":"2024-12-11T12:00:20+00:00","dateModified":"2025-06-16T20:55:40+00:00","breadcrumb":{"@id":"https:\/\/gruene-wiesbaden.de\/600-mitglied\/#breadcrumb"},"inLanguage":"sk-SK","potentialAction":[{"@type":"ReadAction","target":["https:\/\/gruene-wiesbaden.de\/600-mitglied\/"]}]},{"@type":"ImageObject","inLanguage":"sk-SK","@id":"https:\/\/gruene-wiesbaden.de\/600-mitglied\/#primaryimage","url":"https:\/\/gruene-wiesbaden.de\/wp-content\/uploads\/2025\/03\/Bildschirmfoto-2025-06-16-um-22.54.40.png","contentUrl":"https:\/\/gruene-wiesbaden.de\/wp-content\/uploads\/2025\/03\/Bildschirmfoto-2025-06-16-um-22.54.40.png","width":1756,"height":1368},{"@type":"BreadcrumbList","@id":"https:\/\/gruene-wiesbaden.de\/600-mitglied\/#breadcrumb","itemListElement":[{"@type":"ListItem","position":1,"name":"Startseite","item":"https:\/\/gruene-wiesbaden.de\/"},{"@type":"ListItem","position":2,"name":"Kreismitgliederversammlung der Gr\u00fcnen Wiesbaden: \u00dcberraschung f\u00fcr unser 600. Mitglied!"}]},{"@type":"WebSite","@id":"https:\/\/gruene-wiesbaden.de\/#website","url":"https:\/\/gruene-wiesbaden.de\/","name":"DIE GR\u00dcNEN Wiesbaden","description":"","publisher":{"@id":"https:\/\/gruene-wiesbaden.de\/#organization"},"potentialAction":[{"@type":"SearchAction","target":{"@type":"EntryPoint","urlTemplate":"https:\/\/gruene-wiesbaden.de\/?s={search_term_string}"},"query-input":{"@type":"PropertyValueSpecification","valueRequired":true,"valueName":"search_term_string"}}],"inLanguage":"sk-SK"},{"@type":"Organization","@id":"https:\/\/gruene-wiesbaden.de\/#organization","name":"DIE GR\u00dcNEN Wiesbaden","url":"https:\/\/gruene-wiesbaden.de\/","logo":{"@type":"ImageObject","inLanguage":"sk-SK","@id":"https:\/\/gruene-wiesbaden.de\/#\/schema\/logo\/image\/","url":"https:\/\/gruene-wiesbaden-fuer-europa.de\/wp-content\/uploads\/2024\/04\/Machen-was-zaehlt-5.png","contentUrl":"https:\/\/gruene-wiesbaden-fuer-europa.de\/wp-content\/uploads\/2024\/04\/Machen-was-zaehlt-5.png","width":1772,"height":1772,"caption":"DIE GR\u00dcNEN Wiesbaden"},"image":{"@id":"https:\/\/gruene-wiesbaden.de\/#\/schema\/logo\/image\/"},"sameAs":["https:\/\/www.facebook.com\/gruene.wi","https:\/\/instagram.com\/gruene_wi"]},{"@type":"Person","@id":"https:\/\/gruene-wiesbaden.de\/#\/schema\/person\/6785c34779159cd4fd86886bb097afe9","name":"admin","sameAs":["http:\/\/gruene-wiesbaden-fuer-europa.de"],"url":"https:\/\/gruene-wiesbaden.de\/sk\/author\/admin\/"}]}},"_links":{"self":[{"href":"https:\/\/gruene-wiesbaden.de\/sk\/wp-json\/wp\/v2\/posts\/876","targetHints":{"allow":["GET"]}}],"collection":[{"href":"https:\/\/gruene-wiesbaden.de\/sk\/wp-json\/wp\/v2\/posts"}],"about":[{"href":"https:\/\/gruene-wiesbaden.de\/sk\/wp-json\/wp\/v2\/types\/post"}],"author":[{"embeddable":true,"href":"https:\/\/gruene-wiesbaden.de\/sk\/wp-json\/wp\/v2\/users\/1"}],"replies":[{"embeddable":true,"href":"https:\/\/gruene-wiesbaden.de\/sk\/wp-json\/wp\/v2\/comments?post=876"}],"version-history":[{"count":3,"href":"https:\/\/gruene-wiesbaden.de\/sk\/wp-json\/wp\/v2\/posts\/876\/revisions"}],"predecessor-version":[{"id":924,"href":"https:\/\/gruene-wiesbaden.de\/sk\/wp-json\/wp\/v2\/posts\/876\/revisions\/924"}],"wp:featuredmedia":[{"embeddable":true,"href":"https:\/\/gruene-wiesbaden.de\/sk\/wp-json\/wp\/v2\/media\/923"}],"wp:attachment":[{"href":"https:\/\/gruene-wiesbaden.de\/sk\/wp-json\/wp\/v2\/media?parent=876"}],"wp:term":[{"taxonomy":"category","embeddable":true,"href":"https:\/\/gruene-wiesbaden.de\/sk\/wp-json\/wp\/v2\/categories?post=876"},{"taxonomy":"post_tag","embeddable":true,"href":"https:\/\/gruene-wiesbaden.de\/sk\/wp-json\/wp\/v2\/tags?post=876"}],"curies":[{"name":"wp","href":"https:\/\/api.w.org\/{rel}","templated":true}]}}