{"id":702,"date":"2024-11-21T12:00:26","date_gmt":"2024-11-21T12:00:26","guid":{"rendered":"http:\/\/gruene-wiesbaden.de.w0207e8f.kasserver.com\/?p=702"},"modified":"2025-06-16T21:04:30","modified_gmt":"2025-06-16T21:04:30","slug":"katerinagarcia_neuervorstand","status":"publish","type":"post","link":"https:\/\/gruene-wiesbaden.de\/sk\/katerinagarcia_neuervorstand\/","title":{"rendered":"ZELEN\u00c1 zvolila Katerinu Garciu za priamu kandid\u00e1tku vo vo\u013eb\u00e1ch do Spolkov\u00e9ho snemu a nov\u00fa radu"},"content":{"rendered":"<section class=\"l-section wpb_row height_medium\"><div class=\"l-section-h i-cf\"><div class=\"g-cols vc_row via_grid cols_1 laptops-cols_inherit tablets-cols_inherit mobiles-cols_1 valign_top type_default stacking_default\"><div class=\"wpb_column vc_column_container\"><div class=\"vc_column-inner\"><h2 class=\"w-post-elm post_title entry-title color_link_inherit\">ZELEN\u00c1 zvolila Katerinu Garciu za priamu kandid\u00e1tku vo vo\u013eb\u00e1ch do Spolkov\u00e9ho snemu a nov\u00fa radu<\/h2><div class=\"w-post-elm post_image\"><img loading=\"lazy\" decoding=\"async\" width=\"1762\" height=\"1174\" src=\"https:\/\/gruene-wiesbaden.de\/wp-content\/uploads\/2025\/03\/Bildschirmfoto-2025-06-16-um-23.03.22.png\" class=\"attachment-full size-full wp-post-image\" alt=\"\" srcset=\"https:\/\/gruene-wiesbaden.de\/wp-content\/uploads\/2025\/03\/Bildschirmfoto-2025-06-16-um-23.03.22.png 1762w, https:\/\/gruene-wiesbaden.de\/wp-content\/uploads\/2025\/03\/Bildschirmfoto-2025-06-16-um-23.03.22-400x267.png 400w, https:\/\/gruene-wiesbaden.de\/wp-content\/uploads\/2025\/03\/Bildschirmfoto-2025-06-16-um-23.03.22-600x400.png 600w\" sizes=\"auto, (max-width: 1762px) 100vw, 1762px\" \/><\/div><div class=\"w-separator size_medium\"><\/div><div class=\"wpb_text_column\"><div class=\"wpb_wrapper\"><p>B\u00dcNDNIS 90\/DIE GR\u00dcNEN zvolili svojho priameho kandid\u00e1ta na pred\u010dasn\u00e9 feder\u00e1lne vo\u013eby vo febru\u00e1ri, ako aj nov\u00fa okresn\u00fa radu na svojom valnom zhroma\u017eden\u00ed ve\u010der 20. novembra 2024.<\/p>\n<p><strong>Katerina Garcia sa uch\u00e1dza o priamy mand\u00e1t vo Wiesbadene<\/strong><\/p>\n<p>Katerina Garcia bola zvolen\u00e1 za priamu kandid\u00e1tku do feder\u00e1lnych volieb. V prvom kole vyhrala proti svojmu konkurentovi Dilekovi \u00d6zkanovi. \u201eChcem zastupova\u0165 Wiesbaden v nemeckom Spolkovom sneme s \u010derstvou energiou a jasn\u00fdmi cie\u013emi a urobi\u0165 z Nemecka op\u00e4\u0165 krajinu, ktor\u00e1 stoj\u00ed za inovat\u00edvnou, udr\u017eate\u013enou a spravodlivou politikou. Pr\u00e1ve teraz, ke\u010f sa populisti sna\u017eia z\u00edska\u0165 silu n\u00e1zoru, mus\u00edme spolupracova\u0165 na budovan\u00ed spolo\u010dnosti, v ktorej m\u00f4\u017ee ka\u017ed\u00fd prosperova\u0165 a v ktorej soci\u00e1lna spravodlivos\u0165, hospod\u00e1rsky \u00faspech a ochrana \u017eivotn\u00e9ho prostredia id\u00fa ruka v ruke. Katerina Garcia m\u00e1 43 rokov, \u0161tudovala pr\u00e1vo a ekon\u00f3miu a v s\u00fa\u010dasnosti pracuje ako ved\u00faca ekon\u00f3mie a digit\u00e1lnych z\u00e1le\u017eitost\u00ed v kancel\u00e1rii starostky Christiane Hinningerovej v meste Wiesbaden.<\/p>\n<p><strong>Rebecca Thomas a Daniel Schmitt bud\u00fa vies\u0165 nov\u00e9 vedenie<\/strong><\/p>\n<p>Okrem priamej kandidat\u00fary bola postupne zvolen\u00e1 nov\u00e1 okresn\u00e1 rada. Nov\u00fdm predsedom bola Rebecca Thomasov\u00e1 z 90,2% Daniel Schmitt z 94,9% Pr\u00edtomn\u00ed \u010dlenovia boli zvolen\u00ed. Obaja u\u017e boli \u010dlenmi predch\u00e1dzaj\u00facej rady ako spolupracovn\u00edci. \"Ako spolupredseda n\u00e1\u0161ho okresn\u00e9ho zdru\u017eenia by som chcel prispie\u0165 k vytvoreniu podmienok pre \u017eiv\u00e9 okresn\u00e9 zdru\u017eenie, v ktorom sa oce\u0148uj\u00fa diskusie o pr\u00ed\u010dine, ktor\u00e9 \u010dlenovia s\u00fa akt\u00edvni, preto\u017ee sa m\u00f4\u017eu zapoji\u0165, preto\u017ee maj\u00fa pocit, \u017ee s\u00fa s\u00fa\u010das\u0165ou komunity, preto\u017ee maj\u00fa mo\u017enos\u0165 zapoji\u0165 sa do svojich kompetenci\u00ed a objavi\u0165 nov\u00e9 talenty,\" povedala nov\u00e1 predsedn\u00ed\u010dka Rebecca Thomas. \u201eV\u010faka pred\u010dasn\u00fdm feder\u00e1lnym vo\u013eb\u00e1m, vo\u013eb\u00e1m starostov a bl\u00ed\u017eiacim sa komun\u00e1lnym vo\u013eb\u00e1m v roku 2026 \u010del\u00edme ve\u013ek\u00fdm v\u00fdzvam. Chcel by som ka\u017ed\u00e9mu \u010dlenovi poskytn\u00fa\u0165 usmernenie o tom, \u010do chceme dosiahnu\u0165 a ako m\u00f4\u017eu na\u0161i \u010dlenovia prispie\u0165 individu\u00e1lne. Na\u0161e okresn\u00e9 zdru\u017eenie vn\u00edmam ako sie\u0165, ktor\u00e1 \u017eije na\u0161imi hodnotami a st\u00e1le m\u00f4\u017ee z\u00edska\u0165 ve\u013ea sily,\" dod\u00e1va spolupredseda Daniel Schmitt.\u00a0 \u010eal\u0161\u00edmi \u010dlenmi boli Gerald Christoph Dorsch ako pokladn\u00edk, ako aj Marta Moneva, Larissa Reis a Oliver Raudies ako hodnotitelia.<\/p>\n<p><strong>B\u00fdval\u00ed prezidenti sa rozl\u00fa\u010dili<\/strong><\/p>\n<p>Predch\u00e1dzaj\u00faci prezidenti Uta Brehm a Mathias Wagner nekandidovali na znovuzvolenie. \u201ePosledn\u00e9 \u0161tyri roky vo funkcii okresn\u00e9ho predsedu boli dobr\u00fdm a \u00faspe\u0161n\u00fdm obdob\u00edm. Po\u010det \u010dlenov sa zv\u00fd\u0161il. Zelen\u00ed s\u00fa druhou najsilnej\u0161ou silou v mestskom parlamente. Po prv\u00fdkr\u00e1t sme prim\u00e1torom a na\u010falej zastupujeme ministerstvo v\u00fdstavby a dopravy. V hesenskom \u0161t\u00e1tnom parlamente je Wiesbaden zast\u00fapen\u00fd dvoma zelen\u00fdmi poslancami, Larou Klaesovou a mnou. Posledn\u00e9 \u0161t\u00e1tne vo\u013eby pre n\u00e1s znamenali zmenu vl\u00e1dy na opoz\u00edciu. To prin\u00e1\u0161a nov\u00e9 \u00falohy a v\u00fdzvy pre zelen\u00fdch v \u0161t\u00e1tnom parlamente. Ako predseda ich skupiny by som sa na to r\u00e1d v bl\u00edzkej bud\u00facnosti zameral, a preto u\u017e nie som okresn\u00fdm predsedom,\" vysvet\u013euje Wagner svoje rozhodnutie.<\/p>\n<p>\u201eZa posledn\u00fdch \u0161es\u0165 rokov ako okresn\u00fd predseda som v\u017edy mal z\u00e1ujem vies\u0165 okresn\u00e9 zdru\u017eenie interne aj externe s politickou jasnos\u0165ou a bez vzru\u0161enia, ako aj s osobn\u00fdm odhodlan\u00edm a solidaritou. Te\u0161\u00ed ma, \u017ee v posledn\u00fdch rokoch som mohol prispie\u0165 k \u00faspechom na\u0161ej strany a k n\u00e1\u0161mu ukotveniu v mestskej spolo\u010dnosti. Predsedn\u00edctvo strany, podobne ako takmer v\u0161etky politick\u00e9 \u00farady a funkcie na komun\u00e1lnej \u00farovni, je v\u0161ak ve\u013emi \u010dasovo n\u00e1ro\u010dnou \u010destnou poz\u00edciou. Moja dne\u0161n\u00e1 profesia si vy\u017eaduje ove\u013ea v\u00e4\u010d\u0161\u00ed \u010dasov\u00fd z\u00e1v\u00e4zok ako v minulosti, ktor\u00e9mu by som chcel venova\u0165 viac \u010dasu. Rovnako ako Mathias Wagner, aj ja sa ve\u013emi v\u010fa\u010dne pozer\u00e1m na kontakty a sk\u00fasenosti z minul\u00fdch rokov a \u017eel\u00e1me nov\u00fdm okresn\u00fdm prezidentom v\u0161etko najlep\u0161ie a ve\u013ea \u00faspechov,\" dod\u00e1va Uta Brehm.<\/p>\n<\/div><\/div><\/div><\/div><\/div><\/div><\/section>","protected":false},"excerpt":{"rendered":"Zelen\u00ed zvolili Katerinu Garciu za priamu kandid\u00e1tku do feder\u00e1lnych volieb a nov\u00e1 Aliancia 90\/Zelen\u00ed zvolili jej priamu kandid\u00e1tku do pred\u010dasn\u00fdch feder\u00e1lnych volieb vo febru\u00e1ri, ako aj nov\u00fa okresn\u00fa radu na svojom valnom zhroma\u017eden\u00ed ve\u010der 20. novembra 2024. Katerina Garcia kandiduje na Wiesbadner Direktmandat Katerina Garcia bola zvolen\u00e1 za priamu kandid\u00e1tku do feder\u00e1lnych volieb. Posadila sa...","protected":false},"author":1,"featured_media":931,"comment_status":"closed","ping_status":"closed","sticky":false,"template":"","format":"standard","meta":{"footnotes":""},"categories":[5],"tags":[],"class_list":["post-702","post","type-post","status-publish","format-standard","has-post-thumbnail","hentry","category-wahlen"],"yoast_head":"<!-- This site is optimized with the Yoast SEO plugin v27.5 - https:\/\/yoast.com\/product\/yoast-seo-wordpress\/ -->\n<title>GR\u00dcNE w\u00e4hlen Katerina Garcia als Direktkandidatin zur Bundestagswahl und einen neuen Vorstand - B\u00dcNDNIS 90\/DIE GR\u00dcNEN Wiesbaden<\/title>\n<meta name=\"robots\" content=\"index, follow, max-snippet:-1, max-image-preview:large, max-video-preview:-1\" \/>\n<link rel=\"canonical\" href=\"https:\/\/gruene-wiesbaden.de\/sk\/katerinagarcia_neuervorstand\/\" \/>\n<meta property=\"og:locale\" content=\"sk_SK\" \/>\n<meta property=\"og:type\" content=\"article\" \/>\n<meta property=\"og:title\" content=\"GR\u00dcNE w\u00e4hlen Katerina Garcia als Direktkandidatin zur Bundestagswahl und einen neuen Vorstand - B\u00dcNDNIS 90\/DIE GR\u00dcNEN Wiesbaden\" \/>\n<meta property=\"og:url\" content=\"https:\/\/gruene-wiesbaden.de\/sk\/katerinagarcia_neuervorstand\/\" \/>\n<meta property=\"og:site_name\" content=\"B\u00dcNDNIS 90\/DIE GR\u00dcNEN Wiesbaden\" \/>\n<meta property=\"article:publisher\" content=\"https:\/\/www.facebook.com\/gruene.wi\" \/>\n<meta property=\"article:published_time\" content=\"2024-11-21T12:00:26+00:00\" \/>\n<meta property=\"article:modified_time\" content=\"2025-06-16T21:04:30+00:00\" \/>\n<meta property=\"og:image\" content=\"https:\/\/gruene-wiesbaden.de\/wp-content\/uploads\/2025\/03\/Bildschirmfoto-2025-06-16-um-23.03.22-600x400.png\" \/>\n\t<meta property=\"og:image:width\" content=\"600\" \/>\n\t<meta property=\"og:image:height\" content=\"400\" \/>\n\t<meta property=\"og:image:type\" content=\"image\/png\" \/>\n<meta name=\"author\" content=\"admin\" \/>\n<meta name=\"twitter:card\" content=\"summary_large_image\" \/>\n<meta name=\"twitter:label1\" content=\"Autor\" \/>\n\t<meta name=\"twitter:data1\" content=\"admin\" \/>\n\t<meta name=\"twitter:label2\" content=\"Predpokladan\u00fd \u010das \u010d\u00edtania\" \/>\n\t<meta name=\"twitter:data2\" content=\"4 minutes\" \/>\n<script type=\"application\/ld+json\" class=\"yoast-schema-graph\">{\"@context\":\"https:\\\/\\\/schema.org\",\"@graph\":[{\"@type\":\"Article\",\"@id\":\"https:\\\/\\\/gruene-wiesbaden.de\\\/katerinagarcia_neuervorstand\\\/#article\",\"isPartOf\":{\"@id\":\"https:\\\/\\\/gruene-wiesbaden.de\\\/katerinagarcia_neuervorstand\\\/\"},\"author\":{\"name\":\"admin\",\"@id\":\"https:\\\/\\\/gruene-wiesbaden.de\\\/#\\\/schema\\\/person\\\/6785c34779159cd4fd86886bb097afe9\"},\"headline\":\"GR\u00dcNE w\u00e4hlen Katerina Garcia als Direktkandidatin zur Bundestagswahl und einen neuen Vorstand\",\"datePublished\":\"2024-11-21T12:00:26+00:00\",\"dateModified\":\"2025-06-16T21:04:30+00:00\",\"mainEntityOfPage\":{\"@id\":\"https:\\\/\\\/gruene-wiesbaden.de\\\/katerinagarcia_neuervorstand\\\/\"},\"wordCount\":679,\"publisher\":{\"@id\":\"https:\\\/\\\/gruene-wiesbaden.de\\\/#organization\"},\"image\":{\"@id\":\"https:\\\/\\\/gruene-wiesbaden.de\\\/katerinagarcia_neuervorstand\\\/#primaryimage\"},\"thumbnailUrl\":\"https:\\\/\\\/gruene-wiesbaden.de\\\/wp-content\\\/uploads\\\/2025\\\/03\\\/Bildschirmfoto-2025-06-16-um-23.03.22.png\",\"articleSection\":[\"Wahlen\"],\"inLanguage\":\"sk-SK\"},{\"@type\":\"WebPage\",\"@id\":\"https:\\\/\\\/gruene-wiesbaden.de\\\/katerinagarcia_neuervorstand\\\/\",\"url\":\"https:\\\/\\\/gruene-wiesbaden.de\\\/katerinagarcia_neuervorstand\\\/\",\"name\":\"GR\u00dcNE w\u00e4hlen Katerina Garcia als Direktkandidatin zur Bundestagswahl und einen neuen Vorstand - B\u00dcNDNIS 90\\\/DIE GR\u00dcNEN Wiesbaden\",\"isPartOf\":{\"@id\":\"https:\\\/\\\/gruene-wiesbaden.de\\\/#website\"},\"primaryImageOfPage\":{\"@id\":\"https:\\\/\\\/gruene-wiesbaden.de\\\/katerinagarcia_neuervorstand\\\/#primaryimage\"},\"image\":{\"@id\":\"https:\\\/\\\/gruene-wiesbaden.de\\\/katerinagarcia_neuervorstand\\\/#primaryimage\"},\"thumbnailUrl\":\"https:\\\/\\\/gruene-wiesbaden.de\\\/wp-content\\\/uploads\\\/2025\\\/03\\\/Bildschirmfoto-2025-06-16-um-23.03.22.png\",\"datePublished\":\"2024-11-21T12:00:26+00:00\",\"dateModified\":\"2025-06-16T21:04:30+00:00\",\"breadcrumb\":{\"@id\":\"https:\\\/\\\/gruene-wiesbaden.de\\\/katerinagarcia_neuervorstand\\\/#breadcrumb\"},\"inLanguage\":\"sk-SK\",\"potentialAction\":[{\"@type\":\"ReadAction\",\"target\":[\"https:\\\/\\\/gruene-wiesbaden.de\\\/katerinagarcia_neuervorstand\\\/\"]}]},{\"@type\":\"ImageObject\",\"inLanguage\":\"sk-SK\",\"@id\":\"https:\\\/\\\/gruene-wiesbaden.de\\\/katerinagarcia_neuervorstand\\\/#primaryimage\",\"url\":\"https:\\\/\\\/gruene-wiesbaden.de\\\/wp-content\\\/uploads\\\/2025\\\/03\\\/Bildschirmfoto-2025-06-16-um-23.03.22.png\",\"contentUrl\":\"https:\\\/\\\/gruene-wiesbaden.de\\\/wp-content\\\/uploads\\\/2025\\\/03\\\/Bildschirmfoto-2025-06-16-um-23.03.22.png\",\"width\":1762,\"height\":1174},{\"@type\":\"BreadcrumbList\",\"@id\":\"https:\\\/\\\/gruene-wiesbaden.de\\\/katerinagarcia_neuervorstand\\\/#breadcrumb\",\"itemListElement\":[{\"@type\":\"ListItem\",\"position\":1,\"name\":\"Startseite\",\"item\":\"https:\\\/\\\/gruene-wiesbaden.de\\\/\"},{\"@type\":\"ListItem\",\"position\":2,\"name\":\"GR\u00dcNE w\u00e4hlen Katerina Garcia als Direktkandidatin zur Bundestagswahl und einen neuen Vorstand\"}]},{\"@type\":\"WebSite\",\"@id\":\"https:\\\/\\\/gruene-wiesbaden.de\\\/#website\",\"url\":\"https:\\\/\\\/gruene-wiesbaden.de\\\/\",\"name\":\"DIE GR\u00dcNEN Wiesbaden\",\"description\":\"\",\"publisher\":{\"@id\":\"https:\\\/\\\/gruene-wiesbaden.de\\\/#organization\"},\"potentialAction\":[{\"@type\":\"SearchAction\",\"target\":{\"@type\":\"EntryPoint\",\"urlTemplate\":\"https:\\\/\\\/gruene-wiesbaden.de\\\/?s={search_term_string}\"},\"query-input\":{\"@type\":\"PropertyValueSpecification\",\"valueRequired\":true,\"valueName\":\"search_term_string\"}}],\"inLanguage\":\"sk-SK\"},{\"@type\":\"Organization\",\"@id\":\"https:\\\/\\\/gruene-wiesbaden.de\\\/#organization\",\"name\":\"DIE GR\u00dcNEN Wiesbaden\",\"url\":\"https:\\\/\\\/gruene-wiesbaden.de\\\/\",\"logo\":{\"@type\":\"ImageObject\",\"inLanguage\":\"sk-SK\",\"@id\":\"https:\\\/\\\/gruene-wiesbaden.de\\\/#\\\/schema\\\/logo\\\/image\\\/\",\"url\":\"https:\\\/\\\/gruene-wiesbaden-fuer-europa.de\\\/wp-content\\\/uploads\\\/2024\\\/04\\\/Machen-was-zaehlt-5.png\",\"contentUrl\":\"https:\\\/\\\/gruene-wiesbaden-fuer-europa.de\\\/wp-content\\\/uploads\\\/2024\\\/04\\\/Machen-was-zaehlt-5.png\",\"width\":1772,\"height\":1772,\"caption\":\"DIE GR\u00dcNEN Wiesbaden\"},\"image\":{\"@id\":\"https:\\\/\\\/gruene-wiesbaden.de\\\/#\\\/schema\\\/logo\\\/image\\\/\"},\"sameAs\":[\"https:\\\/\\\/www.facebook.com\\\/gruene.wi\",\"https:\\\/\\\/instagram.com\\\/gruene_wi\"]},{\"@type\":\"Person\",\"@id\":\"https:\\\/\\\/gruene-wiesbaden.de\\\/#\\\/schema\\\/person\\\/6785c34779159cd4fd86886bb097afe9\",\"name\":\"admin\",\"sameAs\":[\"http:\\\/\\\/gruene-wiesbaden-fuer-europa.de\"],\"url\":\"https:\\\/\\\/gruene-wiesbaden.de\\\/sk\\\/author\\\/admin\\\/\"}]}<\/script>\n<!-- \/ Yoast SEO plugin. -->","yoast_head_json":{"title":"GR\u00dcNE w\u00e4hlen Katerina Garcia als Direktkandidatin zur Bundestagswahl und einen neuen Vorstand - B\u00dcNDNIS 90\/DIE GR\u00dcNEN Wiesbaden","robots":{"index":"index","follow":"follow","max-snippet":"max-snippet:-1","max-image-preview":"max-image-preview:large","max-video-preview":"max-video-preview:-1"},"canonical":"https:\/\/gruene-wiesbaden.de\/sk\/katerinagarcia_neuervorstand\/","og_locale":"sk_SK","og_type":"article","og_title":"GR\u00dcNE w\u00e4hlen Katerina Garcia als Direktkandidatin zur Bundestagswahl und einen neuen Vorstand - B\u00dcNDNIS 90\/DIE GR\u00dcNEN Wiesbaden","og_url":"https:\/\/gruene-wiesbaden.de\/sk\/katerinagarcia_neuervorstand\/","og_site_name":"B\u00dcNDNIS 90\/DIE GR\u00dcNEN Wiesbaden","article_publisher":"https:\/\/www.facebook.com\/gruene.wi","article_published_time":"2024-11-21T12:00:26+00:00","article_modified_time":"2025-06-16T21:04:30+00:00","og_image":[{"width":600,"height":400,"url":"https:\/\/gruene-wiesbaden.de\/wp-content\/uploads\/2025\/03\/Bildschirmfoto-2025-06-16-um-23.03.22-600x400.png","type":"image\/png"}],"author":"admin","twitter_card":"summary_large_image","twitter_misc":{"Autor":"admin","Predpokladan\u00fd \u010das \u010d\u00edtania":"4 minutes"},"schema":{"@context":"https:\/\/schema.org","@graph":[{"@type":"Article","@id":"https:\/\/gruene-wiesbaden.de\/katerinagarcia_neuervorstand\/#article","isPartOf":{"@id":"https:\/\/gruene-wiesbaden.de\/katerinagarcia_neuervorstand\/"},"author":{"name":"admin","@id":"https:\/\/gruene-wiesbaden.de\/#\/schema\/person\/6785c34779159cd4fd86886bb097afe9"},"headline":"GR\u00dcNE w\u00e4hlen Katerina Garcia als Direktkandidatin zur Bundestagswahl und einen neuen Vorstand","datePublished":"2024-11-21T12:00:26+00:00","dateModified":"2025-06-16T21:04:30+00:00","mainEntityOfPage":{"@id":"https:\/\/gruene-wiesbaden.de\/katerinagarcia_neuervorstand\/"},"wordCount":679,"publisher":{"@id":"https:\/\/gruene-wiesbaden.de\/#organization"},"image":{"@id":"https:\/\/gruene-wiesbaden.de\/katerinagarcia_neuervorstand\/#primaryimage"},"thumbnailUrl":"https:\/\/gruene-wiesbaden.de\/wp-content\/uploads\/2025\/03\/Bildschirmfoto-2025-06-16-um-23.03.22.png","articleSection":["Wahlen"],"inLanguage":"sk-SK"},{"@type":"WebPage","@id":"https:\/\/gruene-wiesbaden.de\/katerinagarcia_neuervorstand\/","url":"https:\/\/gruene-wiesbaden.de\/katerinagarcia_neuervorstand\/","name":"GR\u00dcNE w\u00e4hlen Katerina Garcia als Direktkandidatin zur Bundestagswahl und einen neuen Vorstand - B\u00dcNDNIS 90\/DIE GR\u00dcNEN Wiesbaden","isPartOf":{"@id":"https:\/\/gruene-wiesbaden.de\/#website"},"primaryImageOfPage":{"@id":"https:\/\/gruene-wiesbaden.de\/katerinagarcia_neuervorstand\/#primaryimage"},"image":{"@id":"https:\/\/gruene-wiesbaden.de\/katerinagarcia_neuervorstand\/#primaryimage"},"thumbnailUrl":"https:\/\/gruene-wiesbaden.de\/wp-content\/uploads\/2025\/03\/Bildschirmfoto-2025-06-16-um-23.03.22.png","datePublished":"2024-11-21T12:00:26+00:00","dateModified":"2025-06-16T21:04:30+00:00","breadcrumb":{"@id":"https:\/\/gruene-wiesbaden.de\/katerinagarcia_neuervorstand\/#breadcrumb"},"inLanguage":"sk-SK","potentialAction":[{"@type":"ReadAction","target":["https:\/\/gruene-wiesbaden.de\/katerinagarcia_neuervorstand\/"]}]},{"@type":"ImageObject","inLanguage":"sk-SK","@id":"https:\/\/gruene-wiesbaden.de\/katerinagarcia_neuervorstand\/#primaryimage","url":"https:\/\/gruene-wiesbaden.de\/wp-content\/uploads\/2025\/03\/Bildschirmfoto-2025-06-16-um-23.03.22.png","contentUrl":"https:\/\/gruene-wiesbaden.de\/wp-content\/uploads\/2025\/03\/Bildschirmfoto-2025-06-16-um-23.03.22.png","width":1762,"height":1174},{"@type":"BreadcrumbList","@id":"https:\/\/gruene-wiesbaden.de\/katerinagarcia_neuervorstand\/#breadcrumb","itemListElement":[{"@type":"ListItem","position":1,"name":"Startseite","item":"https:\/\/gruene-wiesbaden.de\/"},{"@type":"ListItem","position":2,"name":"GR\u00dcNE w\u00e4hlen Katerina Garcia als Direktkandidatin zur Bundestagswahl und einen neuen Vorstand"}]},{"@type":"WebSite","@id":"https:\/\/gruene-wiesbaden.de\/#website","url":"https:\/\/gruene-wiesbaden.de\/","name":"DIE GR\u00dcNEN Wiesbaden","description":"","publisher":{"@id":"https:\/\/gruene-wiesbaden.de\/#organization"},"potentialAction":[{"@type":"SearchAction","target":{"@type":"EntryPoint","urlTemplate":"https:\/\/gruene-wiesbaden.de\/?s={search_term_string}"},"query-input":{"@type":"PropertyValueSpecification","valueRequired":true,"valueName":"search_term_string"}}],"inLanguage":"sk-SK"},{"@type":"Organization","@id":"https:\/\/gruene-wiesbaden.de\/#organization","name":"DIE GR\u00dcNEN Wiesbaden","url":"https:\/\/gruene-wiesbaden.de\/","logo":{"@type":"ImageObject","inLanguage":"sk-SK","@id":"https:\/\/gruene-wiesbaden.de\/#\/schema\/logo\/image\/","url":"https:\/\/gruene-wiesbaden-fuer-europa.de\/wp-content\/uploads\/2024\/04\/Machen-was-zaehlt-5.png","contentUrl":"https:\/\/gruene-wiesbaden-fuer-europa.de\/wp-content\/uploads\/2024\/04\/Machen-was-zaehlt-5.png","width":1772,"height":1772,"caption":"DIE GR\u00dcNEN Wiesbaden"},"image":{"@id":"https:\/\/gruene-wiesbaden.de\/#\/schema\/logo\/image\/"},"sameAs":["https:\/\/www.facebook.com\/gruene.wi","https:\/\/instagram.com\/gruene_wi"]},{"@type":"Person","@id":"https:\/\/gruene-wiesbaden.de\/#\/schema\/person\/6785c34779159cd4fd86886bb097afe9","name":"admin","sameAs":["http:\/\/gruene-wiesbaden-fuer-europa.de"],"url":"https:\/\/gruene-wiesbaden.de\/sk\/author\/admin\/"}]}},"_links":{"self":[{"href":"https:\/\/gruene-wiesbaden.de\/sk\/wp-json\/wp\/v2\/posts\/702","targetHints":{"allow":["GET"]}}],"collection":[{"href":"https:\/\/gruene-wiesbaden.de\/sk\/wp-json\/wp\/v2\/posts"}],"about":[{"href":"https:\/\/gruene-wiesbaden.de\/sk\/wp-json\/wp\/v2\/types\/post"}],"author":[{"embeddable":true,"href":"https:\/\/gruene-wiesbaden.de\/sk\/wp-json\/wp\/v2\/users\/1"}],"replies":[{"embeddable":true,"href":"https:\/\/gruene-wiesbaden.de\/sk\/wp-json\/wp\/v2\/comments?post=702"}],"version-history":[{"count":5,"href":"https:\/\/gruene-wiesbaden.de\/sk\/wp-json\/wp\/v2\/posts\/702\/revisions"}],"predecessor-version":[{"id":932,"href":"https:\/\/gruene-wiesbaden.de\/sk\/wp-json\/wp\/v2\/posts\/702\/revisions\/932"}],"wp:featuredmedia":[{"embeddable":true,"href":"https:\/\/gruene-wiesbaden.de\/sk\/wp-json\/wp\/v2\/media\/931"}],"wp:attachment":[{"href":"https:\/\/gruene-wiesbaden.de\/sk\/wp-json\/wp\/v2\/media?parent=702"}],"wp:term":[{"taxonomy":"category","embeddable":true,"href":"https:\/\/gruene-wiesbaden.de\/sk\/wp-json\/wp\/v2\/categories?post=702"},{"taxonomy":"post_tag","embeddable":true,"href":"https:\/\/gruene-wiesbaden.de\/sk\/wp-json\/wp\/v2\/tags?post=702"}],"curies":[{"name":"wp","href":"https:\/\/api.w.org\/{rel}","templated":true}]}}