{"id":1647,"date":"2025-11-27T09:45:08","date_gmt":"2025-11-27T07:45:08","guid":{"rendered":"https:\/\/gruene-wiesbaden.de\/?p=1647"},"modified":"2025-11-27T09:45:08","modified_gmt":"2025-11-27T07:45:08","slug":"stark-aufgestellt-fuer-wiesbaden-gruene-starten-mit-team-und-programm-in-den-wahlkampf","status":"publish","type":"post","link":"https:\/\/gruene-wiesbaden.de\/sk\/stark-aufgestellt-fuer-wiesbaden-gruene-starten-mit-team-und-programm-in-den-wahlkampf\/","title":{"rendered":"Nasleduj\u00face str\u00e1nky odkazuj\u00fa na Wiesbaden: Zelen\u00ed za\u010d\u00ednaj\u00fa volebn\u00fa kampa\u0148 s t\u00edmom a programom"},"content":{"rendered":"<section class=\"l-section wpb_row height_medium\"><div class=\"l-section-h i-cf\"><div class=\"g-cols vc_row via_grid cols_1 laptops-cols_inherit tablets-cols_inherit mobiles-cols_1 valign_top type_default stacking_default\"><div class=\"wpb_column vc_column_container\"><div class=\"vc_column-inner\"><h3 class=\"w-post-elm post_title us_custom_ea76afbe entry-title color_link_inherit\">Nasleduj\u00face str\u00e1nky odkazuj\u00fa na Wiesbaden: Zelen\u00ed za\u010d\u00ednaj\u00fa volebn\u00fa kampa\u0148 s t\u00edmom a programom<\/h3><div class=\"w-post-elm post_image\"><img loading=\"lazy\" decoding=\"async\" width=\"600\" height=\"407\" src=\"https:\/\/gruene-wiesbaden.de\/wp-content\/uploads\/2025\/11\/Post-Wahlprogramm-e1764229378933-600x407.png\" class=\"attachment-large size-large wp-post-image\" alt=\"\" srcset=\"https:\/\/gruene-wiesbaden.de\/wp-content\/uploads\/2025\/11\/Post-Wahlprogramm-e1764229378933-600x407.png 600w, https:\/\/gruene-wiesbaden.de\/wp-content\/uploads\/2025\/11\/Post-Wahlprogramm-e1764229378933-400x271.png 400w, https:\/\/gruene-wiesbaden.de\/wp-content\/uploads\/2025\/11\/Post-Wahlprogramm-e1764229378933-18x12.png 18w, https:\/\/gruene-wiesbaden.de\/wp-content\/uploads\/2025\/11\/Post-Wahlprogramm-e1764229378933.png 1132w\" sizes=\"auto, (max-width: 600px) 100vw, 600px\" \/><\/div><div class=\"w-separator size_medium\"><\/div><div class=\"wpb_text_column\"><div class=\"wpb_wrapper\"><p><b>Wiesbaden, 26.11.2025 \u2013 <\/b><b>B\u00dcNDNIS 90\/DIE GR\u00dcNEN Wiesbaden rozhodne spust\u00ed kampa\u0148 komun\u00e1lnych volieb v roku 2026. S volebn\u00fdm programom, ktor\u00fd u\u017e bol prijat\u00fd v okt\u00f3bri, a teraz zvolen\u00fdm zoznamom pre mestsk\u00fa radu je jasn\u00e9: Zelen\u00ed s\u00fa\u0165a\u017eia s jasn\u00fdm obsahom a t\u00edmom, ktor\u00fd chce akt\u00edvne formova\u0165 Wiesbadenovu bud\u00facnos\u0165.<span class=\"Apple-converted-space\">\u00a0<\/span><\/b><\/p>\n<p>Strana preto zd\u00f4raz\u0148uje svoje tvrdenie, \u017ee preber\u00e1 zodpovednos\u0165 za cel\u00e9 mesto \u2013 naprie\u010d t\u00e9mami, soci\u00e1lnymi skupinami a okresmi. V\u00e1\u0161 vlastn\u00fd obraz: politick\u00e1 sila, ktor\u00e1 sa neobmedzuje na individu\u00e1lne z\u00e1ujmy, ale pracuje pre celkov\u00fd obraz \u2013 pre Wiesbaden, ktor\u00fd sa vyv\u00edja a m\u00e1 dobr\u00fa poz\u00edciu pre bud\u00facnos\u0165.<span class=\"Apple-converted-space\">\u00a0<\/span><\/p>\n<p>Spolupredsedn\u00ed\u010dka Rebecca Thomas zd\u00f4raz\u0148uje v\u00fdznam \u0161irok\u00e9ho person\u00e1lneho obsadenia: \u201eZ n\u00e1\u0161ho zoznamu vypl\u00fdva, \u017ee Wiesbaden berieme v\u00e1\u017ene v celej jeho rozmanitosti. Sk\u00fasen\u00ed miestni politici pracuj\u00fa bok po boku s odhodlan\u00fdmi nov\u00fdmi silami a tie\u017e sp\u00e1jaj\u00fa odborn\u00e9 znalosti pre v\u0161etky oblasti politiky. Osem \u013eud\u00ed mlad\u0161\u00edch ako 35 rokov v top 20 je jasn\u00fdm sign\u00e1lom: Nemysl\u00edme len na bud\u00facnos\u0165, ale akt\u00edvne ju predklad\u00e1me na st\u00f4l.\u201c<span class=\"Apple-converted-space\">\u00a0<\/span><\/p>\n<p>Spolupredseda Daniel Schmitt dodal: \u201eTo, \u010do n\u00e1s sp\u00e1ja, je v\u00f4\u013ea pokro\u010di\u0165 vo Wiesbadene vo v\u0161etk\u00fdch oblastiach \u2013 ekologicky, soci\u00e1lne, hospod\u00e1rsky. Stoj\u00edme za politikou, ktor\u00e1 sp\u00e1ja ochranu kl\u00edmy a \u017eivotn\u00e9ho prostredia, soci\u00e1lnu spravodlivos\u0165 a dobr\u00fa spolupr\u00e1cu a sp\u00e1ja hospod\u00e1rsku silu so zodpovednos\u0165ou a udr\u017eate\u013enos\u0165ou. Stoj\u00edme za politikou, ktor\u00e1 odv\u00e1\u017ene rie\u0161i, ke\u010f je potrebn\u00e9 nie\u010do nov\u00e9, a rozv\u00edja to, \u010do existuje, ke\u010f sa osved\u010dilo. Na\u0161ou hlavnou z\u00e1sadou je mesto, ktor\u00e9 sa nezastav\u00ed, ale postupne sa zlep\u0161uje \u2013 pre ka\u017ed\u00e9ho, kto tu \u017eije.\u201c<span class=\"Apple-converted-space\">\u00a0<\/span><\/p>\n<p>Volebn\u00fd program Zelen\u00fdch je u\u017e za nami <b>gruene-wiesbaden.de <\/b>K dispoz\u00edcii v nem\u010dine a 12 \u010fal\u0161\u00edch jazykoch. \"Je pre n\u00e1s d\u00f4le\u017eit\u00e9, aby ka\u017ed\u00fd vo Wiesbadene pochopil, za \u010d\u00edm stoj\u00edme,\" vysvet\u013euje Rebecca Thomas. Digit\u00e1lna verzia bola navrhnut\u00e1 tak, aby bola bezbari\u00e9rov\u00e1 a mobiln\u00e1. Volebn\u00fd program v jednoduchom jazyku sa v s\u00fa\u010dasnosti pripravuje.<span class=\"Apple-converted-space\">\u00a0<\/span><\/p>\n<p>V pondelok prv\u00fd. V decembri 2025 okresn\u00ed predsedovia spolu s niektor\u00fdmi kandid\u00e1tmi z top 10 zoznamu pre mestsk\u00fa radu predstavili t\u00edm, k\u013e\u00fa\u010dov\u00e9 body programu a po\u010diato\u010dn\u00e9 poznatky o kampani. Poz\u00fdvame z\u00e1stupcov m\u00e9di\u00ed.<\/p>\n<\/div><\/div><\/div><\/div><\/div><\/div><\/section>","protected":false},"excerpt":{"rendered":"Nasleduj\u00face str\u00e1nky odkazuj\u00fa na Wiesbaden: GREEN start with team and programme in the volebn\u00e1 kampa\u0148 Wiesbaden, 26.11.2025 \u2013 B\u00dcNDNIS 90\/DIE GR\u00dcNEN Wiesbaden za\u010da\u0165 rozhodne v miestnej volebnej kampani 2026. S volebn\u00fdm programom, ktor\u00fd u\u017e bol prijat\u00fd v okt\u00f3bri, a teraz zvolen\u00fdm zoznamom pre mestsk\u00fa radu je jasn\u00e9: Zelen\u00ed s\u00fa\u0165a\u017eia s jasn\u00fdm obsahom kurzu a t\u00edmom, ktor\u00fd...","protected":false},"author":1,"featured_media":1650,"comment_status":"closed","ping_status":"closed","sticky":false,"template":"","format":"standard","meta":{"footnotes":""},"categories":[8,6,5],"tags":[],"class_list":["post-1647","post","type-post","status-publish","format-standard","has-post-thumbnail","hentry","category-allgemein","category-veranstaltungen","category-wahlen"],"yoast_head":"<!-- This site is optimized with the Yoast SEO plugin v27.5 - https:\/\/yoast.com\/product\/yoast-seo-wordpress\/ -->\n<title>Stark aufgestellt f\u00fcr Wiesbaden: GR\u00dcNE starten mit Team und Programm in den Wahlkampf - B\u00dcNDNIS 90\/DIE GR\u00dcNEN Wiesbaden<\/title>\n<meta name=\"robots\" content=\"index, follow, max-snippet:-1, max-image-preview:large, max-video-preview:-1\" \/>\n<link rel=\"canonical\" href=\"https:\/\/gruene-wiesbaden.de\/sk\/stark-aufgestellt-fuer-wiesbaden-gruene-starten-mit-team-und-programm-in-den-wahlkampf\/\" \/>\n<meta property=\"og:locale\" content=\"sk_SK\" \/>\n<meta property=\"og:type\" content=\"article\" \/>\n<meta property=\"og:title\" content=\"Stark aufgestellt f\u00fcr Wiesbaden: GR\u00dcNE starten mit Team und Programm in den Wahlkampf - B\u00dcNDNIS 90\/DIE GR\u00dcNEN Wiesbaden\" \/>\n<meta property=\"og:url\" content=\"https:\/\/gruene-wiesbaden.de\/sk\/stark-aufgestellt-fuer-wiesbaden-gruene-starten-mit-team-und-programm-in-den-wahlkampf\/\" \/>\n<meta property=\"og:site_name\" content=\"B\u00dcNDNIS 90\/DIE GR\u00dcNEN Wiesbaden\" \/>\n<meta property=\"article:publisher\" content=\"https:\/\/www.facebook.com\/gruene.wi\" \/>\n<meta property=\"article:published_time\" content=\"2025-11-27T07:45:08+00:00\" \/>\n<meta property=\"og:image\" content=\"https:\/\/gruene-wiesbaden.de\/wp-content\/uploads\/2025\/11\/Post-Wahlprogramm-e1764229378933.png\" \/>\n\t<meta property=\"og:image:width\" content=\"1132\" \/>\n\t<meta property=\"og:image:height\" content=\"767\" \/>\n\t<meta property=\"og:image:type\" content=\"image\/png\" \/>\n<meta name=\"author\" content=\"admin\" \/>\n<meta name=\"twitter:card\" content=\"summary_large_image\" \/>\n<meta name=\"twitter:label1\" content=\"Autor\" \/>\n\t<meta name=\"twitter:data1\" content=\"admin\" \/>\n\t<meta name=\"twitter:label2\" content=\"Predpokladan\u00fd \u010das \u010d\u00edtania\" \/>\n\t<meta name=\"twitter:data2\" content=\"3 minutes\" \/>\n<script type=\"application\/ld+json\" class=\"yoast-schema-graph\">{\"@context\":\"https:\\\/\\\/schema.org\",\"@graph\":[{\"@type\":\"Article\",\"@id\":\"https:\\\/\\\/gruene-wiesbaden.de\\\/stark-aufgestellt-fuer-wiesbaden-gruene-starten-mit-team-und-programm-in-den-wahlkampf\\\/#article\",\"isPartOf\":{\"@id\":\"https:\\\/\\\/gruene-wiesbaden.de\\\/stark-aufgestellt-fuer-wiesbaden-gruene-starten-mit-team-und-programm-in-den-wahlkampf\\\/\"},\"author\":{\"name\":\"admin\",\"@id\":\"https:\\\/\\\/gruene-wiesbaden.de\\\/#\\\/schema\\\/person\\\/6785c34779159cd4fd86886bb097afe9\"},\"headline\":\"Stark aufgestellt f\u00fcr Wiesbaden: GR\u00dcNE starten mit Team und Programm in den Wahlkampf\",\"datePublished\":\"2025-11-27T07:45:08+00:00\",\"mainEntityOfPage\":{\"@id\":\"https:\\\/\\\/gruene-wiesbaden.de\\\/stark-aufgestellt-fuer-wiesbaden-gruene-starten-mit-team-und-programm-in-den-wahlkampf\\\/\"},\"wordCount\":406,\"publisher\":{\"@id\":\"https:\\\/\\\/gruene-wiesbaden.de\\\/#organization\"},\"image\":{\"@id\":\"https:\\\/\\\/gruene-wiesbaden.de\\\/stark-aufgestellt-fuer-wiesbaden-gruene-starten-mit-team-und-programm-in-den-wahlkampf\\\/#primaryimage\"},\"thumbnailUrl\":\"https:\\\/\\\/gruene-wiesbaden.de\\\/wp-content\\\/uploads\\\/2025\\\/11\\\/Post-Wahlprogramm-e1764229378933.png\",\"articleSection\":[\"Allgemein\",\"Veranstaltungen\",\"Wahlen\"],\"inLanguage\":\"sk-SK\"},{\"@type\":\"WebPage\",\"@id\":\"https:\\\/\\\/gruene-wiesbaden.de\\\/stark-aufgestellt-fuer-wiesbaden-gruene-starten-mit-team-und-programm-in-den-wahlkampf\\\/\",\"url\":\"https:\\\/\\\/gruene-wiesbaden.de\\\/stark-aufgestellt-fuer-wiesbaden-gruene-starten-mit-team-und-programm-in-den-wahlkampf\\\/\",\"name\":\"Stark aufgestellt f\u00fcr Wiesbaden: GR\u00dcNE starten mit Team und Programm in den Wahlkampf - B\u00dcNDNIS 90\\\/DIE GR\u00dcNEN Wiesbaden\",\"isPartOf\":{\"@id\":\"https:\\\/\\\/gruene-wiesbaden.de\\\/#website\"},\"primaryImageOfPage\":{\"@id\":\"https:\\\/\\\/gruene-wiesbaden.de\\\/stark-aufgestellt-fuer-wiesbaden-gruene-starten-mit-team-und-programm-in-den-wahlkampf\\\/#primaryimage\"},\"image\":{\"@id\":\"https:\\\/\\\/gruene-wiesbaden.de\\\/stark-aufgestellt-fuer-wiesbaden-gruene-starten-mit-team-und-programm-in-den-wahlkampf\\\/#primaryimage\"},\"thumbnailUrl\":\"https:\\\/\\\/gruene-wiesbaden.de\\\/wp-content\\\/uploads\\\/2025\\\/11\\\/Post-Wahlprogramm-e1764229378933.png\",\"datePublished\":\"2025-11-27T07:45:08+00:00\",\"breadcrumb\":{\"@id\":\"https:\\\/\\\/gruene-wiesbaden.de\\\/stark-aufgestellt-fuer-wiesbaden-gruene-starten-mit-team-und-programm-in-den-wahlkampf\\\/#breadcrumb\"},\"inLanguage\":\"sk-SK\",\"potentialAction\":[{\"@type\":\"ReadAction\",\"target\":[\"https:\\\/\\\/gruene-wiesbaden.de\\\/stark-aufgestellt-fuer-wiesbaden-gruene-starten-mit-team-und-programm-in-den-wahlkampf\\\/\"]}]},{\"@type\":\"ImageObject\",\"inLanguage\":\"sk-SK\",\"@id\":\"https:\\\/\\\/gruene-wiesbaden.de\\\/stark-aufgestellt-fuer-wiesbaden-gruene-starten-mit-team-und-programm-in-den-wahlkampf\\\/#primaryimage\",\"url\":\"https:\\\/\\\/gruene-wiesbaden.de\\\/wp-content\\\/uploads\\\/2025\\\/11\\\/Post-Wahlprogramm-e1764229378933.png\",\"contentUrl\":\"https:\\\/\\\/gruene-wiesbaden.de\\\/wp-content\\\/uploads\\\/2025\\\/11\\\/Post-Wahlprogramm-e1764229378933.png\",\"width\":1132,\"height\":767},{\"@type\":\"BreadcrumbList\",\"@id\":\"https:\\\/\\\/gruene-wiesbaden.de\\\/stark-aufgestellt-fuer-wiesbaden-gruene-starten-mit-team-und-programm-in-den-wahlkampf\\\/#breadcrumb\",\"itemListElement\":[{\"@type\":\"ListItem\",\"position\":1,\"name\":\"Startseite\",\"item\":\"https:\\\/\\\/gruene-wiesbaden.de\\\/\"},{\"@type\":\"ListItem\",\"position\":2,\"name\":\"Stark aufgestellt f\u00fcr Wiesbaden: GR\u00dcNE starten mit Team und Programm in den Wahlkampf\"}]},{\"@type\":\"WebSite\",\"@id\":\"https:\\\/\\\/gruene-wiesbaden.de\\\/#website\",\"url\":\"https:\\\/\\\/gruene-wiesbaden.de\\\/\",\"name\":\"DIE GR\u00dcNEN Wiesbaden\",\"description\":\"\",\"publisher\":{\"@id\":\"https:\\\/\\\/gruene-wiesbaden.de\\\/#organization\"},\"potentialAction\":[{\"@type\":\"SearchAction\",\"target\":{\"@type\":\"EntryPoint\",\"urlTemplate\":\"https:\\\/\\\/gruene-wiesbaden.de\\\/?s={search_term_string}\"},\"query-input\":{\"@type\":\"PropertyValueSpecification\",\"valueRequired\":true,\"valueName\":\"search_term_string\"}}],\"inLanguage\":\"sk-SK\"},{\"@type\":\"Organization\",\"@id\":\"https:\\\/\\\/gruene-wiesbaden.de\\\/#organization\",\"name\":\"DIE GR\u00dcNEN Wiesbaden\",\"url\":\"https:\\\/\\\/gruene-wiesbaden.de\\\/\",\"logo\":{\"@type\":\"ImageObject\",\"inLanguage\":\"sk-SK\",\"@id\":\"https:\\\/\\\/gruene-wiesbaden.de\\\/#\\\/schema\\\/logo\\\/image\\\/\",\"url\":\"https:\\\/\\\/gruene-wiesbaden-fuer-europa.de\\\/wp-content\\\/uploads\\\/2024\\\/04\\\/Machen-was-zaehlt-5.png\",\"contentUrl\":\"https:\\\/\\\/gruene-wiesbaden-fuer-europa.de\\\/wp-content\\\/uploads\\\/2024\\\/04\\\/Machen-was-zaehlt-5.png\",\"width\":1772,\"height\":1772,\"caption\":\"DIE GR\u00dcNEN Wiesbaden\"},\"image\":{\"@id\":\"https:\\\/\\\/gruene-wiesbaden.de\\\/#\\\/schema\\\/logo\\\/image\\\/\"},\"sameAs\":[\"https:\\\/\\\/www.facebook.com\\\/gruene.wi\",\"https:\\\/\\\/instagram.com\\\/gruene_wi\"]},{\"@type\":\"Person\",\"@id\":\"https:\\\/\\\/gruene-wiesbaden.de\\\/#\\\/schema\\\/person\\\/6785c34779159cd4fd86886bb097afe9\",\"name\":\"admin\",\"sameAs\":[\"http:\\\/\\\/gruene-wiesbaden-fuer-europa.de\"],\"url\":\"https:\\\/\\\/gruene-wiesbaden.de\\\/sk\\\/author\\\/admin\\\/\"}]}<\/script>\n<!-- \/ Yoast SEO plugin. -->","yoast_head_json":{"title":"Stark aufgestellt f\u00fcr Wiesbaden: GR\u00dcNE starten mit Team und Programm in den Wahlkampf - B\u00dcNDNIS 90\/DIE GR\u00dcNEN Wiesbaden","robots":{"index":"index","follow":"follow","max-snippet":"max-snippet:-1","max-image-preview":"max-image-preview:large","max-video-preview":"max-video-preview:-1"},"canonical":"https:\/\/gruene-wiesbaden.de\/sk\/stark-aufgestellt-fuer-wiesbaden-gruene-starten-mit-team-und-programm-in-den-wahlkampf\/","og_locale":"sk_SK","og_type":"article","og_title":"Stark aufgestellt f\u00fcr Wiesbaden: GR\u00dcNE starten mit Team und Programm in den Wahlkampf - B\u00dcNDNIS 90\/DIE GR\u00dcNEN Wiesbaden","og_url":"https:\/\/gruene-wiesbaden.de\/sk\/stark-aufgestellt-fuer-wiesbaden-gruene-starten-mit-team-und-programm-in-den-wahlkampf\/","og_site_name":"B\u00dcNDNIS 90\/DIE GR\u00dcNEN Wiesbaden","article_publisher":"https:\/\/www.facebook.com\/gruene.wi","article_published_time":"2025-11-27T07:45:08+00:00","og_image":[{"width":1132,"height":767,"url":"https:\/\/gruene-wiesbaden.de\/wp-content\/uploads\/2025\/11\/Post-Wahlprogramm-e1764229378933.png","type":"image\/png"}],"author":"admin","twitter_card":"summary_large_image","twitter_misc":{"Autor":"admin","Predpokladan\u00fd \u010das \u010d\u00edtania":"3 minutes"},"schema":{"@context":"https:\/\/schema.org","@graph":[{"@type":"Article","@id":"https:\/\/gruene-wiesbaden.de\/stark-aufgestellt-fuer-wiesbaden-gruene-starten-mit-team-und-programm-in-den-wahlkampf\/#article","isPartOf":{"@id":"https:\/\/gruene-wiesbaden.de\/stark-aufgestellt-fuer-wiesbaden-gruene-starten-mit-team-und-programm-in-den-wahlkampf\/"},"author":{"name":"admin","@id":"https:\/\/gruene-wiesbaden.de\/#\/schema\/person\/6785c34779159cd4fd86886bb097afe9"},"headline":"Stark aufgestellt f\u00fcr Wiesbaden: GR\u00dcNE starten mit Team und Programm in den Wahlkampf","datePublished":"2025-11-27T07:45:08+00:00","mainEntityOfPage":{"@id":"https:\/\/gruene-wiesbaden.de\/stark-aufgestellt-fuer-wiesbaden-gruene-starten-mit-team-und-programm-in-den-wahlkampf\/"},"wordCount":406,"publisher":{"@id":"https:\/\/gruene-wiesbaden.de\/#organization"},"image":{"@id":"https:\/\/gruene-wiesbaden.de\/stark-aufgestellt-fuer-wiesbaden-gruene-starten-mit-team-und-programm-in-den-wahlkampf\/#primaryimage"},"thumbnailUrl":"https:\/\/gruene-wiesbaden.de\/wp-content\/uploads\/2025\/11\/Post-Wahlprogramm-e1764229378933.png","articleSection":["Allgemein","Veranstaltungen","Wahlen"],"inLanguage":"sk-SK"},{"@type":"WebPage","@id":"https:\/\/gruene-wiesbaden.de\/stark-aufgestellt-fuer-wiesbaden-gruene-starten-mit-team-und-programm-in-den-wahlkampf\/","url":"https:\/\/gruene-wiesbaden.de\/stark-aufgestellt-fuer-wiesbaden-gruene-starten-mit-team-und-programm-in-den-wahlkampf\/","name":"Stark aufgestellt f\u00fcr Wiesbaden: GR\u00dcNE starten mit Team und Programm in den Wahlkampf - B\u00dcNDNIS 90\/DIE GR\u00dcNEN Wiesbaden","isPartOf":{"@id":"https:\/\/gruene-wiesbaden.de\/#website"},"primaryImageOfPage":{"@id":"https:\/\/gruene-wiesbaden.de\/stark-aufgestellt-fuer-wiesbaden-gruene-starten-mit-team-und-programm-in-den-wahlkampf\/#primaryimage"},"image":{"@id":"https:\/\/gruene-wiesbaden.de\/stark-aufgestellt-fuer-wiesbaden-gruene-starten-mit-team-und-programm-in-den-wahlkampf\/#primaryimage"},"thumbnailUrl":"https:\/\/gruene-wiesbaden.de\/wp-content\/uploads\/2025\/11\/Post-Wahlprogramm-e1764229378933.png","datePublished":"2025-11-27T07:45:08+00:00","breadcrumb":{"@id":"https:\/\/gruene-wiesbaden.de\/stark-aufgestellt-fuer-wiesbaden-gruene-starten-mit-team-und-programm-in-den-wahlkampf\/#breadcrumb"},"inLanguage":"sk-SK","potentialAction":[{"@type":"ReadAction","target":["https:\/\/gruene-wiesbaden.de\/stark-aufgestellt-fuer-wiesbaden-gruene-starten-mit-team-und-programm-in-den-wahlkampf\/"]}]},{"@type":"ImageObject","inLanguage":"sk-SK","@id":"https:\/\/gruene-wiesbaden.de\/stark-aufgestellt-fuer-wiesbaden-gruene-starten-mit-team-und-programm-in-den-wahlkampf\/#primaryimage","url":"https:\/\/gruene-wiesbaden.de\/wp-content\/uploads\/2025\/11\/Post-Wahlprogramm-e1764229378933.png","contentUrl":"https:\/\/gruene-wiesbaden.de\/wp-content\/uploads\/2025\/11\/Post-Wahlprogramm-e1764229378933.png","width":1132,"height":767},{"@type":"BreadcrumbList","@id":"https:\/\/gruene-wiesbaden.de\/stark-aufgestellt-fuer-wiesbaden-gruene-starten-mit-team-und-programm-in-den-wahlkampf\/#breadcrumb","itemListElement":[{"@type":"ListItem","position":1,"name":"Startseite","item":"https:\/\/gruene-wiesbaden.de\/"},{"@type":"ListItem","position":2,"name":"Stark aufgestellt f\u00fcr Wiesbaden: GR\u00dcNE starten mit Team und Programm in den Wahlkampf"}]},{"@type":"WebSite","@id":"https:\/\/gruene-wiesbaden.de\/#website","url":"https:\/\/gruene-wiesbaden.de\/","name":"DIE GR\u00dcNEN Wiesbaden","description":"","publisher":{"@id":"https:\/\/gruene-wiesbaden.de\/#organization"},"potentialAction":[{"@type":"SearchAction","target":{"@type":"EntryPoint","urlTemplate":"https:\/\/gruene-wiesbaden.de\/?s={search_term_string}"},"query-input":{"@type":"PropertyValueSpecification","valueRequired":true,"valueName":"search_term_string"}}],"inLanguage":"sk-SK"},{"@type":"Organization","@id":"https:\/\/gruene-wiesbaden.de\/#organization","name":"DIE GR\u00dcNEN Wiesbaden","url":"https:\/\/gruene-wiesbaden.de\/","logo":{"@type":"ImageObject","inLanguage":"sk-SK","@id":"https:\/\/gruene-wiesbaden.de\/#\/schema\/logo\/image\/","url":"https:\/\/gruene-wiesbaden-fuer-europa.de\/wp-content\/uploads\/2024\/04\/Machen-was-zaehlt-5.png","contentUrl":"https:\/\/gruene-wiesbaden-fuer-europa.de\/wp-content\/uploads\/2024\/04\/Machen-was-zaehlt-5.png","width":1772,"height":1772,"caption":"DIE GR\u00dcNEN Wiesbaden"},"image":{"@id":"https:\/\/gruene-wiesbaden.de\/#\/schema\/logo\/image\/"},"sameAs":["https:\/\/www.facebook.com\/gruene.wi","https:\/\/instagram.com\/gruene_wi"]},{"@type":"Person","@id":"https:\/\/gruene-wiesbaden.de\/#\/schema\/person\/6785c34779159cd4fd86886bb097afe9","name":"admin","sameAs":["http:\/\/gruene-wiesbaden-fuer-europa.de"],"url":"https:\/\/gruene-wiesbaden.de\/sk\/author\/admin\/"}]}},"_links":{"self":[{"href":"https:\/\/gruene-wiesbaden.de\/sk\/wp-json\/wp\/v2\/posts\/1647","targetHints":{"allow":["GET"]}}],"collection":[{"href":"https:\/\/gruene-wiesbaden.de\/sk\/wp-json\/wp\/v2\/posts"}],"about":[{"href":"https:\/\/gruene-wiesbaden.de\/sk\/wp-json\/wp\/v2\/types\/post"}],"author":[{"embeddable":true,"href":"https:\/\/gruene-wiesbaden.de\/sk\/wp-json\/wp\/v2\/users\/1"}],"replies":[{"embeddable":true,"href":"https:\/\/gruene-wiesbaden.de\/sk\/wp-json\/wp\/v2\/comments?post=1647"}],"version-history":[{"count":4,"href":"https:\/\/gruene-wiesbaden.de\/sk\/wp-json\/wp\/v2\/posts\/1647\/revisions"}],"predecessor-version":[{"id":1653,"href":"https:\/\/gruene-wiesbaden.de\/sk\/wp-json\/wp\/v2\/posts\/1647\/revisions\/1653"}],"wp:featuredmedia":[{"embeddable":true,"href":"https:\/\/gruene-wiesbaden.de\/sk\/wp-json\/wp\/v2\/media\/1650"}],"wp:attachment":[{"href":"https:\/\/gruene-wiesbaden.de\/sk\/wp-json\/wp\/v2\/media?parent=1647"}],"wp:term":[{"taxonomy":"category","embeddable":true,"href":"https:\/\/gruene-wiesbaden.de\/sk\/wp-json\/wp\/v2\/categories?post=1647"},{"taxonomy":"post_tag","embeddable":true,"href":"https:\/\/gruene-wiesbaden.de\/sk\/wp-json\/wp\/v2\/tags?post=1647"}],"curies":[{"name":"wp","href":"https:\/\/api.w.org\/{rel}","templated":true}]}}