{"id":1380,"date":"2025-11-10T00:33:24","date_gmt":"2025-11-09T22:33:24","guid":{"rendered":"https:\/\/gruene-wiesbaden.de\/?p=1380"},"modified":"2026-04-09T00:29:47","modified_gmt":"2026-04-08T22:29:47","slug":"wirtschaftsfoerderung-und-beschaeftigung","status":"publish","type":"post","link":"https:\/\/gruene-wiesbaden.de\/sk\/wirtschaftsfoerderung-und-beschaeftigung\/","title":{"rendered":"Hospod\u00e1rsky rozvoj a zamestnanos\u0165"},"content":{"rendered":"<section class=\"l-section wpb_row height_medium with_img\"><div class=\"l-section-img\" role=\"img\" data-img-width=\"1080\" data-img-height=\"800\" style=\"background-image: url(https:\/\/gruene-wiesbaden.de\/wp-content\/uploads\/2025\/11\/neuer-Verlauf-gruene-wiesbaden.de_-2-e1762709402177.png);\"><\/div><div class=\"l-section-overlay\" style=\"background:var(--color-header-top-transparent-bg)\"><\/div><div class=\"l-section-h i-cf\"><div class=\"g-cols vc_row via_grid cols_1 laptops-cols_inherit tablets-cols_inherit mobiles-cols_1 valign_top type_default stacking_default\"><div class=\"wpb_column vc_column_container\"><div class=\"vc_column-inner\"><h1 class=\"w-post-elm post_title us_custom_a574d586 has_text_color entry-title\">Hospod\u00e1rsky rozvoj a zamestnanos\u0165<\/h1><div class=\"w-separator size_medium\"><\/div><div class=\"g-cols wpb_row via_grid cols_2-1 laptops-cols_inherit tablets-cols_inherit mobiles-cols_1 valign_top type_default stacking_default\" style=\"--columns-gap:3rem;\"><div class=\"wpb_column vc_column_container\"><div class=\"vc_column-inner\"><div class=\"wpb_text_column us_custom_8b3d6790 has_text_color\"><div class=\"wpb_wrapper\"><p><span style=\"font-weight: 400;\">Rozhodnutia obc\u00ed maj\u00fa priamy vplyv na miestne hospod\u00e1rstvo, pracovn\u00e9 miesta a kvalitu \u017eivota. Cielenou podporou spolo\u010dnost\u00ed v r\u00f4znych odvetviach, remesl\u00e1ch, startupoch a cestovnom ruchu zabezpe\u010dujeme zamestnanos\u0165, inov\u00e1cie a kvalifikovan\u00fdch pracovn\u00edkov vo Wiesbadene a nastavujeme kurz \u00faspe\u0161nej transform\u00e1cie a o\u017eivenia hospod\u00e1rstva. Verejn\u00e9 z\u00e1kazky zad\u00e1vame spravodlivo, pri\u010dom zoh\u013ead\u0148ujeme s\u00falad s tarifami a krit\u00e9ri\u00e1 udr\u017eate\u013enosti. V\u010faka digitaliz\u00e1cii, modernej infra\u0161trukt\u00fare a strategick\u00fdm sie\u0165am medzi podnikmi, vzdel\u00e1van\u00edm a administrat\u00edvou je Wiesbaden odoln\u00fd a atrakt\u00edvny \u2013 ako spravodliv\u00e9, inovat\u00edvne a udr\u017eate\u013en\u00e9 miesto pre podniky, zamestnancov a cel\u00fa mestsk\u00fa spolo\u010dnos\u0165.<\/span><\/p>\n<\/div><\/div><div class=\"w-separator size_medium\"><\/div><div class=\"w-btn-wrapper align_left\"><a class=\"w-btn us-btn-style_8 icon_atleft\" href=\"https:\/\/gruene-wiesbaden.de\/sk\/kommunalwahl\/#Kapitel3\"><i class=\"fas fa-chevron-circle-right\"><\/i><span class=\"w-btn-label\">Sp\u00e4\u0165 na preh\u013ead<\/span><\/a><\/div><\/div><\/div><div class=\"wpb_column vc_column_container\"><div class=\"vc_column-inner\"><div class=\"w-image align_center\"><div class=\"w-image-h\"><img decoding=\"async\" width=\"2560\" height=\"1707\" src=\"https:\/\/gruene-wiesbaden.de\/wp-content\/uploads\/2025\/11\/3.3-Wirtschaftsfoerderung-und-Beschaeftigung-scaled.jpeg\" class=\"attachment-full size-full\" alt=\"\" loading=\"lazy\" srcset=\"https:\/\/gruene-wiesbaden.de\/wp-content\/uploads\/2025\/11\/3.3-Wirtschaftsfoerderung-und-Beschaeftigung-scaled.jpeg 2560w, https:\/\/gruene-wiesbaden.de\/wp-content\/uploads\/2025\/11\/3.3-Wirtschaftsfoerderung-und-Beschaeftigung-400x267.jpeg 400w, https:\/\/gruene-wiesbaden.de\/wp-content\/uploads\/2025\/11\/3.3-Wirtschaftsfoerderung-und-Beschaeftigung-600x400.jpeg 600w\" sizes=\"auto, (max-width: 2560px) 100vw, 2560px\" \/><\/div><\/div><div class=\"w-separator size_small\"><\/div><\/div><\/div><\/div><div class=\"w-separator size_medium\"><\/div><div class=\"w-separator size_medium\"><\/div><div class=\"wpb_text_column\"><div class=\"wpb_wrapper\"><h1>\u010co pre n\u00e1s znamen\u00e1 siln\u00fd hospod\u00e1rsky rozvoj a dobr\u00e1 politika zamestnanosti<\/h1>\n<\/div><\/div><div class=\"w-separator size_large\"><\/div><div class=\"g-cols wpb_row via_grid cols_3 laptops-cols_inherit tablets-cols_inherit mobiles-cols_1 valign_top type_default stacking_default\" style=\"--columns-gap:3rem;\"><div class=\"wpb_column vc_column_container\"><div class=\"vc_column-inner\"><div class=\"w-iconbox us_custom_8b3d6790 has_text_color iconpos_left style_default color_custom align_left\"><div class=\"w-iconbox-icon\" style=\"font-size:2rem;--icon-color:#Ffffff;--icon-bg-color:var(--color-header-middle-bg);\"><i class=\"fas fa-layer-group\"><\/i><\/div><div class=\"w-iconbox-meta\"><h4 class=\"w-iconbox-title\" style=\"font-size:1.5rem;\">Udr\u017eate\u013enos\u0165 a informovanos\u0165 o \u017eivotnom prostred\u00ed<\/h4><div class=\"w-iconbox-text\"><p><span style=\"font-weight: 400;\">Podporujeme hospod\u00e1rstvo \u0161etrn\u00e9 ku kl\u00edme a efekt\u00edvne vyu\u017e\u00edvaj\u00face zdroje pre udr\u017eate\u013en\u00e9 podniky a ekologick\u00e9 pracovn\u00e9 miesta.<\/span><\/p>\n<\/div><\/div><\/div><\/div><\/div><div class=\"wpb_column vc_column_container\"><div class=\"vc_column-inner\"><div class=\"w-iconbox us_custom_8b3d6790 has_text_color iconpos_left style_default color_custom align_left\"><div class=\"w-iconbox-icon\" style=\"font-size:2rem;--icon-color:#Ffffff;--icon-bg-color:var(--color-header-transparent-text);\"><i class=\"fas fa-layer-group\"><\/i><\/div><div class=\"w-iconbox-meta\"><h4 class=\"w-iconbox-title\" style=\"font-size:1.5rem;\">Rovnak\u00e9 pr\u00edle\u017eitosti a \u00fastretovos\u0165 vo\u010di MSP<\/h4><div class=\"w-iconbox-text\"><p><span style=\"font-weight: 400;\">Verejn\u00e9 z\u00e1kazky zad\u00e1vame spravodliv\u00fdm, stredne ve\u013ek\u00fdm sp\u00f4sobom, ktor\u00fd je vhodn\u00fd pre startupy, s oh\u013eadom na lojalitu a integr\u00e1ciu tar\u00edf. S vhodn\u00fdmi programami podporujeme kvalifik\u00e1ciu a zamestnanos\u0165.<\/span><\/p>\n<\/div><\/div><\/div><\/div><\/div><div class=\"wpb_column vc_column_container\"><div class=\"vc_column-inner\"><div class=\"w-iconbox us_custom_8b3d6790 has_text_color iconpos_left style_default color_custom align_left\"><div class=\"w-iconbox-icon\" style=\"font-size:2rem;--icon-color:#Ffffff;--icon-bg-color:var(--color-header-transparent-text);\"><i class=\"fas fa-layer-group\"><\/i><\/div><div class=\"w-iconbox-meta\"><h4 class=\"w-iconbox-title\" style=\"font-size:1.5rem;\">Inov\u00e1cie, digitaliz\u00e1cia a udr\u017eate\u013enos\u0165<\/h4><div class=\"w-iconbox-text\"><p><span style=\"font-weight: 400;\">GR\u00dcNE posil\u0148uje startupy, digit\u00e1lne platformy, v\u00fdskum a vytv\u00e1ranie siet\u00ed podnikov a vzdel\u00e1vania s cie\u013eom pril\u00e1ka\u0165 kvalifikovan\u00fdch pracovn\u00edkov a zabezpe\u010di\u0165 ekonomick\u00fa odolnos\u0165 Wiesbadenu.<\/span><\/p>\n<p><br style=\"font-weight: 400;\" \/><br style=\"font-weight: 400;\" \/><\/p>\n<\/div><\/div><\/div><\/div><\/div><\/div><div class=\"w-separator size_medium\"><\/div><div class=\"g-cols wpb_row via_grid cols_3 laptops-cols_inherit tablets-cols_inherit mobiles-cols_1 valign_top type_default stacking_default\" style=\"--columns-gap:3rem;\"><div class=\"wpb_column vc_column_container\"><div class=\"vc_column-inner\"><div class=\"w-iconbox us_custom_8b3d6790 has_text_color iconpos_left style_default color_custom align_left\"><div class=\"w-iconbox-icon\" style=\"font-size:2rem;--icon-color:#Ffffff;--icon-bg-color:var(--color-header-middle-bg);\"><i class=\"fas fa-layer-group\"><\/i><\/div><div class=\"w-iconbox-meta\"><h4 class=\"w-iconbox-title\" style=\"font-size:1.5rem;\">Spolupr\u00e1ca a dial\u00f3g<\/h4><div class=\"w-iconbox-text\"><p><span style=\"font-weight: 400;\">Priemysel, remesl\u00e1, zdru\u017eenia a administrat\u00edva \u00fazko spolupracuj\u00fa. Spolo\u010dne vyv\u00edjame strat\u00e9gie pre udr\u017eate\u013en\u00fd cestovn\u00fd ruch, \u00faspe\u0161n\u00fa transform\u00e1ciu vn\u00fatorn\u00e9ho mesta, hospod\u00e1rsky rozvoj, transform\u00e1ciu na klimatick\u00fa neutralitu a inov\u00e1cie.<\/span><\/p>\n<\/div><\/div><\/div><\/div><\/div><div class=\"wpb_column vc_column_container\"><div class=\"vc_column-inner\"><div class=\"w-iconbox us_custom_8b3d6790 has_text_color iconpos_left style_default color_custom align_left\"><div class=\"w-iconbox-icon\" style=\"font-size:2rem;--icon-color:#Ffffff;--icon-bg-color:var(--color-header-transparent-text);\"><i class=\"fas fa-layer-group\"><\/i><\/div><div class=\"w-iconbox-meta\"><h4 class=\"w-iconbox-title\" style=\"font-size:1.5rem;\">Profesijn\u00fd rozvoj a odborn\u00e1 pr\u00edprava<\/h4><div class=\"w-iconbox-text\"><p><span style=\"font-weight: 400;\">Podporujeme mlad\u00e9 talenty, kvalifik\u00e1ciu a kari\u00e9rne vyhliadky vo v\u0161etk\u00fdch odvetviach \u2013 radar odbornej pr\u00edpravy, iniciat\u00edvy v oblasti zru\u010dnost\u00ed a digit\u00e1lne platformy zabezpe\u010duj\u00fa udr\u017eanie talentov a zru\u010dnost\u00ed.<\/span><\/p>\n<\/div><\/div><\/div><\/div><\/div><div class=\"wpb_column vc_column_container\"><div class=\"vc_column-inner\"><div class=\"w-iconbox us_custom_8b3d6790 has_text_color iconpos_left style_default color_custom align_left\"><div class=\"w-iconbox-icon\" style=\"font-size:2rem;--icon-color:#Ffffff;--icon-bg-color:var(--color-header-transparent-text);\"><i class=\"fas fa-layer-group\"><\/i><\/div><div class=\"w-iconbox-meta\"><h4 class=\"w-iconbox-title\" style=\"font-size:1.5rem;\">Atrakt\u00edvnos\u0165 lokality Wiesbaden<\/h4><div class=\"w-iconbox-text\"><p><span style=\"font-weight: 400;\">O\u017eivujeme centrum mesta, cestovn\u00fd ruch a miestnu ekonomiku, vytv\u00e1rame pracovn\u00e9 miesta a sp\u00e1jame kult\u00faru, stretnutia a inov\u00e1cie do atrakt\u00edvnej lokality.<\/span><\/p>\n<\/div><\/div><\/div><\/div><\/div><\/div><div class=\"w-separator size_medium\"><\/div><div class=\"w-btn-wrapper align_left\"><a class=\"w-btn us-btn-style_8 icon_atleft\" href=\"https:\/\/gruene-wiesbaden.de\/sk\/kommunalwahl\/#Kapitel3\"><i class=\"fas fa-chevron-circle-right\"><\/i><span class=\"w-btn-label\">Sp\u00e4\u0165 na preh\u013ead<\/span><\/a><\/div><div class=\"w-separator size_medium\"><\/div><\/div><\/div><\/div><\/div><\/section><section class=\"l-section wpb_row height_auto with_img\"><div class=\"l-section-img\" role=\"img\" data-img-width=\"2560\" data-img-height=\"1707\" style=\"background-image: url(https:\/\/gruene-wiesbaden.de\/wp-content\/uploads\/2025\/11\/3.3-Wirtschaftsfoerderung-und-Beschaeftigung-scaled.jpeg);background-repeat: no-repeat;\"><\/div><div class=\"l-section-overlay\" style=\"background:var(--color-header-top-transparent-bg)\"><\/div><div class=\"l-section-h i-cf\"><div class=\"g-cols vc_row via_grid cols_1 laptops-cols_inherit tablets-cols_inherit mobiles-cols_1 valign_middle type_default stacking_default\" style=\"--columns-gap:1rem;\"><div class=\"wpb_column vc_column_container\"><div class=\"vc_column-inner\"><div class=\"w-separator size_large\"><\/div><div class=\"wpb_text_column background_inside_text\"><div class=\"wpb_wrapper\"><h1>\u010co konkr\u00e9tne chceme v tejto oblasti urobi\u0165<\/h1>\n<\/div><\/div><div class=\"w-separator size_medium\"><\/div><div class=\"w-tabs us_custom_42d693a0 has_text_color style_default switch_click accordion has_scrolling\" style=\"--sections-title-size:1.4rem\"><div class=\"w-tabs-sections titles-align_none icon_chevron cpos_right\"><div class=\"w-tabs-section has_text_color\" id=\"of82\" style=\"background:var(--color-header-transparent-text);color:var(--color-header-top-text-hover);\"><button class=\"w-tabs-section-header\" aria-controls=\"content-of82\" aria-expanded=\"false\"><div class=\"w-tabs-section-title\">Udr\u017eate\u013en\u00e9 obstar\u00e1vanie priazniv\u00e9 pre MSP<\/div><div class=\"w-tabs-section-control\"><\/div><\/button><div  class=\"w-tabs-section-content\" id=\"content-of82\"><div class=\"w-tabs-section-content-h i-cf\"><div class=\"wpb_text_column\"><div class=\"wpb_wrapper\"><p><span style=\"font-weight: 400;\">Verejn\u00e9 obstar\u00e1vanie je pre obce relevantnou p\u00e1kou pri formovan\u00ed miestnych hospod\u00e1rskych vz\u0165ahov. Chceme, aby zad\u00e1vanie verejn\u00fdch z\u00e1kaziek bolo stredne ve\u013ek\u00e9 a \u00fastretov\u00e9 vo\u010di inov\u00e1ci\u00e1m, aby boli miestne spolo\u010dnosti a startupy lep\u0161ie obsluhovan\u00e9. Okrem toho chceme, aby sa zoh\u013eadnili systematick\u00e9 krit\u00e9ri\u00e1 udr\u017eate\u013enosti, ako s\u00fa n\u00e1klady na \u017eivotn\u00fd cyklus a dodr\u017eiavanie tar\u00edf.<\/span><\/p>\n<\/div><\/div><\/div><\/div><\/div><div class=\"w-tabs-section has_text_color\" id=\"l0b4\" style=\"background:var(--color-header-transparent-text);color:var(--color-header-top-text-hover);\"><button class=\"w-tabs-section-header\" aria-controls=\"content-l0b4\" aria-expanded=\"false\"><div class=\"w-tabs-section-title\">Posilnenie \u00falohy miestnej politiky trhu pr\u00e1ce<\/div><div class=\"w-tabs-section-control\"><\/div><\/button><div  class=\"w-tabs-section-content\" id=\"content-l0b4\"><div class=\"w-tabs-section-content-h i-cf\"><div class=\"wpb_text_column\"><div class=\"wpb_wrapper\"><p><span style=\"font-weight: 400;\">Wiesbaden by nemal na nikoho zabudn\u00fa\u0165. Chceme lep\u0161ie koordinova\u0165 ponuky na podporu zamestnanosti a integrova\u0165 podnikov\u00e9 a nepodnikov\u00e9 opatrenia. Cie\u013eom je poskytn\u00fa\u0165 n\u00edzkoprahov\u00e9 kvalifik\u00e1cie, programy prisp\u00f4soben\u00e9 mlad\u00fdm \u013eu\u010fom, \u013eu\u010fom s migr\u00e1ciou v minulosti, ute\u010dencom a dlhodobo nezamestnan\u00fdm. Z\u00fa\u010dastn\u00edme sa Wiesbadensk\u00e9ho ml\u00e1de\u017en\u00edckeho workshopu. Chceme presk\u00fama\u0165 model \u201eOptionskommune\u201c.<\/span><\/p>\n<\/div><\/div><\/div><\/div><\/div><div class=\"w-tabs-section has_text_color\" id=\"l1d0\" style=\"background:var(--color-header-transparent-text);color:var(--color-header-top-text-hover);\"><button class=\"w-tabs-section-header\" aria-controls=\"content-l1d0\" aria-expanded=\"false\"><div class=\"w-tabs-section-title\">\u010eal\u0161ie otvorenie dver\u00ed na trhu pr\u00e1ce<\/div><div class=\"w-tabs-section-control\"><\/div><\/button><div  class=\"w-tabs-section-content\" id=\"content-l1d0\"><div class=\"w-tabs-section-content-h i-cf\"><div class=\"wpb_text_column\"><div class=\"wpb_wrapper\"><p><span style=\"font-weight: 400;\">Chceme d\u00f4sledne pokra\u010dova\u0165 v projekte trhu pr\u00e1ce \u201ePobyt vo Wiesbadene\u201c a vyu\u017ei\u0165 v\u0161etky pr\u00e1vne mo\u017enosti na u\u013eah\u010denie pr\u00edstupu ute\u010dencov na trh pr\u00e1ce. Radi by sme \u00fazko spolupracovali s miestnymi spolo\u010dnos\u0165ami, Priemyselnou a obchodnou komorou a Remeselnou komorou a v r\u00e1mci na\u0161ej \u0161pecializovanej iniciat\u00edvy sa osobitne zameriavame na cie\u013eov\u00fa skupinu ute\u010dencov. Medzi opatrenia, ktor\u00e9 pova\u017eujeme za d\u00f4le\u017eit\u00e9, patr\u00ed podpora pri prekon\u00e1van\u00ed byrokratick\u00fdch prek\u00e1\u017eok a uzn\u00e1van\u00ed zahrani\u010dn\u00fdch kvalifik\u00e1ci\u00ed, n\u00edzkoprahov\u00e9 jazykov\u00e9 kurzy a kurzy odbornej pr\u00edpravy a sponzorstvo medzi spolo\u010dnos\u0165ami a ute\u010dencami. Takto vytv\u00e1rame situ\u00e1ciu, ktor\u00e1 je v\u00fdhodn\u00e1 pre v\u0161etky strany: Ute\u010denci z\u00edskaj\u00fa skuto\u010dn\u00fa perspekt\u00edvu, podniky n\u00e1jdu kvalifikovan\u00fdch pracovn\u00edkov a Wiesbaden sa stane atrakt\u00edvnej\u0161\u00edm \u2013 ako mesto pr\u00edle\u017eitost\u00ed a s\u00fadr\u017enosti.<\/span><\/p>\n<\/div><\/div><\/div><\/div><\/div><div class=\"w-tabs-section has_text_color\" id=\"s2e3\" style=\"background:var(--color-header-middle-bg);color:var(--color-content-heading);\"><button class=\"w-tabs-section-header\" aria-controls=\"content-s2e3\" aria-expanded=\"false\"><div class=\"w-tabs-section-title\">Dial\u00f3g s miestnou ekonomikou<\/div><div class=\"w-tabs-section-control\"><\/div><\/button><div  class=\"w-tabs-section-content\" id=\"content-s2e3\"><div class=\"w-tabs-section-content-h i-cf\"><div class=\"wpb_text_column\"><div class=\"wpb_wrapper\"><p><span style=\"font-weight: 400;\">Chceme pokra\u010dova\u0165 v dial\u00f3gu a kon\u0161trukt\u00edvnej spolupr\u00e1ci so spolo\u010dnos\u0165ami a ich zdru\u017eeniami. Pou\u017e\u00edvame r\u00f4zne form\u00e1ty, ako je napr\u00edklad priemyseln\u00e1 poradn\u00e1 rada. Spolu s remeseln\u00fdm spracovan\u00edm bola vypracovan\u00e1 remeseln\u00e1 agenda, ktor\u00fa chceme d\u00f4sledne implementova\u0165. Sme presved\u010den\u00ed, \u017ee hlavn\u00e9 v\u00fdzvy demografick\u00fdch zmien, digitaliz\u00e1cie a energetickej transform\u00e1cie mo\u017eno prekona\u0165 len prostredn\u00edctvom tejto spolupr\u00e1ce.<\/span><\/p>\n<\/div><\/div><\/div><\/div><\/div><div class=\"w-tabs-section has_text_color\" id=\"a3f6\" style=\"background:var(--color-header-transparent-text);color:var(--color-header-top-text-hover);\"><button class=\"w-tabs-section-header\" aria-controls=\"content-a3f6\" aria-expanded=\"false\"><div class=\"w-tabs-section-title\">Udr\u017eate\u013en\u00e1 v\u00fdstavba \u2013 pr\u00edle\u017eitos\u0165 pre remeseln\u00fd sektor<\/div><div class=\"w-tabs-section-control\"><\/div><\/button><div  class=\"w-tabs-section-content\" id=\"content-a3f6\"><div class=\"w-tabs-section-content-h i-cf\"><div class=\"wpb_text_column\"><div class=\"wpb_wrapper\"><p><span style=\"font-weight: 400;\">Ekologick\u00e1 transform\u00e1cia pon\u00faka ve\u013ek\u00e9 pr\u00edle\u017eitosti pre miestne remesl\u00e1 a stavebn\u00fd priemysel: od energetickej obnovy po fotovoltiku a nov\u00fa mobilitu. Spolu so zdru\u017eeniami, spolo\u010dnos\u0165ami, agent\u00farou na ochranu kl\u00edmy a vzdel\u00e1vac\u00edmi in\u0161tit\u00faciami chceme vytvori\u0165 Wiesbadensk\u00fa alianciu pre ekologick\u00e9 obchody, podporova\u0165 vytv\u00e1ranie siet\u00ed a poradenstvo a z\u00edska\u0165 cielen\u00e9 financovanie.<\/span><\/p>\n<\/div><\/div><\/div><\/div><\/div><div class=\"w-tabs-section has_text_color\" id=\"k511\" style=\"background:var(--color-header-middle-bg);color:var(--color-header-middle-text);\"><button class=\"w-tabs-section-header\" aria-controls=\"content-k511\" aria-expanded=\"false\"><div class=\"w-tabs-section-title\">Podpora podnikov na ich ceste ku klimatickej neutralite<\/div><div class=\"w-tabs-section-control\"><\/div><\/button><div  class=\"w-tabs-section-content\" id=\"content-k511\"><div class=\"w-tabs-section-content-h i-cf\"><div class=\"wpb_text_column\"><div class=\"wpb_wrapper\"><p><span style=\"font-weight: 400;\">Klimaticky neutr\u00e1lne, bezpe\u010dn\u00e9 a cenovo dostupn\u00e9 dod\u00e1vky energie s\u00fa z\u00e1kladn\u00fdm faktorom umiestnenia. T\u00fdmto sp\u00f4sobom chceme podpori\u0165 na\u0161e miestne spolo\u010dnosti, pril\u00e1ka\u0165 finan\u010dn\u00e9 prostriedky a podpori\u0165 inovat\u00edvnu spolupr\u00e1cu, napr\u00edklad pri vyu\u017e\u00edvan\u00ed odpadov\u00e9ho tepla.<\/span><\/p>\n<\/div><\/div><\/div><\/div><\/div><div class=\"w-tabs-section has_text_color\" id=\"a627\" style=\"background:var(--color-header-transparent-text);color:var(--color-header-top-text-hover);\"><button class=\"w-tabs-section-header\" aria-controls=\"content-a627\" aria-expanded=\"false\"><div class=\"w-tabs-section-title\">Podpora udr\u017eate\u013en\u00e9ho cestovn\u00e9ho ruchu<\/div><div class=\"w-tabs-section-control\"><\/div><\/button><div  class=\"w-tabs-section-content\" id=\"content-a627\"><div class=\"w-tabs-section-content-h i-cf\"><div class=\"wpb_text_column\"><div class=\"wpb_wrapper\"><p><span style=\"font-weight: 400;\">Cestovn\u00fd ruch je \u00fastredn\u00fdm prvkom mestskej hospod\u00e1rskej strat\u00e9gie s osobitn\u00fdm v\u00fdznamom v hotelovom, gastronomickom a maloobchodnom sektore. Chceme \u010falej posilni\u0165 Wiesbaden ako atrakt\u00edvnu destin\u00e1ciu a udr\u017eate\u013en\u00fa turistick\u00fa destin\u00e1ciu. V nadv\u00e4znosti na spolo\u010dn\u00fd marketing destin\u00e1cie Wiesbaden Rheingau vytv\u00e1rame stimuly pre cestovanie a dopravu \u0161etrn\u00e9 ku kl\u00edme t\u00fdm, \u017ee zatrakt\u00edv\u0148ujeme slu\u017eby verejnej dopravy a pren\u00e1jmu pre turistov. Na\u010falej rozv\u00edjame ponuky pre mlad\u00e9 cie\u013eov\u00e9 skupiny, rodiny a kult\u00farnych turistov. Chceme zlep\u0161i\u0165 inform\u00e1cie o cestovnom ruchu a roz\u0161\u00edri\u0165 digit\u00e1lne marketingov\u00e9 kan\u00e1ly.<\/span><\/p>\n<\/div><\/div><\/div><\/div><\/div><div class=\"w-tabs-section has_text_color\" id=\"r739\" style=\"background:var(--color-header-transparent-text);color:var(--color-header-top-text-hover);\"><button class=\"w-tabs-section-header\" aria-controls=\"content-r739\" aria-expanded=\"false\"><div class=\"w-tabs-section-title\">Podpora n\u00e1boru kvalifikovan\u00fdch pracovn\u00edkov<\/div><div class=\"w-tabs-section-control\"><\/div><\/button><div  class=\"w-tabs-section-content\" id=\"content-r739\"><div class=\"w-tabs-section-content-h i-cf\"><div class=\"wpb_text_column\"><div class=\"wpb_wrapper\"><p><span style=\"font-weight: 400;\">Nedostatok kvalifikovanej pracovnej sily a n\u00e1bor mlad\u00fdch talentov patria medzi k\u013e\u00fa\u010dov\u00e9 v\u00fdzvy, ktor\u00fdm spolo\u010dnosti \u010delia. Zaviazali sme sa, \u017ee \u201einiciat\u00edvu pre kvalifikovan\u00fdch pracovn\u00edkov v priemysle\u201c, ktor\u00e1 bola vypracovan\u00e1 po\u010das posledn\u00e9ho volebn\u00e9ho obdobia, vybav\u00edme dostato\u010dn\u00fdmi zdrojmi a roz\u0161\u00edrime ju na \u010fal\u0161ie odvetvia, ako s\u00fa remesl\u00e1 a zdravotn\u00edctvo.<\/span><\/p>\n<\/div><\/div><\/div><\/div><\/div><\/div><\/div><div class=\"w-separator size_medium\"><\/div><div class=\"w-btn-wrapper align_left\"><a class=\"w-btn us-btn-style_8 icon_atleft\" href=\"https:\/\/gruene-wiesbaden.de\/sk\/kommunalwahl\/#Kapitel3\"><i class=\"fas fa-chevron-circle-right\"><\/i><span class=\"w-btn-label\">Sp\u00e4\u0165 na preh\u013ead<\/span><\/a><\/div><div class=\"w-separator size_large\"><\/div><div class=\"wpb_text_column\"><div class=\"wpb_wrapper\"><h1>\u010co sme u\u017e dosiahli<\/h1>\n<\/div><\/div><div class=\"w-separator size_medium\"><\/div><div class=\"w-tabs us_custom_42d693a0 has_text_color style_default switch_click accordion has_scrolling\" style=\"--sections-title-size:1.4rem\"><div class=\"w-tabs-sections titles-align_none icon_chevron cpos_right\"><div class=\"w-tabs-section has_text_color\" id=\"u87a\" style=\"background:var(--color-header-transparent-text);color:var(--color-header-top-text-hover);\"><button class=\"w-tabs-section-header\" aria-controls=\"content-u87a\" aria-expanded=\"false\"><div class=\"w-tabs-section-title\">Platforma pr\u00edle\u017eitost\u00ed Wiesbaden<\/div><div class=\"w-tabs-section-control\"><\/div><\/button><div  class=\"w-tabs-section-content\" id=\"content-u87a\"><div class=\"w-tabs-section-content-h i-cf\"><div class=\"wpb_text_column\"><div class=\"wpb_wrapper\"><p><span style=\"font-weight: 400;\">Platforma pr\u00edle\u017eitost\u00ed bola spusten\u00e1 ako s\u00fa\u010das\u0165 iniciat\u00edvy WI WORK LIFE? Industry Skills Initiative v roku 2022. Pon\u00faka ob\u010danom digit\u00e1lnu podporu vo vzdel\u00e1van\u00ed, odbornej pr\u00edprave a kari\u00e9re a u\u013eah\u010duje pr\u00edstup k pracovn\u00fdm ponuk\u00e1m, \u010fal\u0161iemu vzdel\u00e1vaniu a u\u010d\u0148ovskej pr\u00edprave vo Wiesbadene.<\/span><\/p>\n<\/div><\/div><\/div><\/div><\/div><div class=\"w-tabs-section has_text_color\" id=\"s990\" style=\"background:var(--color-header-transparent-text);color:var(--color-header-top-text-hover);\"><button class=\"w-tabs-section-header\" aria-controls=\"content-s990\" aria-expanded=\"false\"><div class=\"w-tabs-section-title\">Tr\u00e9ningov\u00fd radar Wiesbaden<\/div><div class=\"w-tabs-section-control\"><\/div><\/button><div  class=\"w-tabs-section-content\" id=\"content-s990\"><div class=\"w-tabs-section-content-h i-cf\"><div class=\"wpb_text_column\"><div class=\"wpb_wrapper\"><p><span style=\"font-weight: 400;\">Tr\u00e9ningov\u00fd radar bol zaveden\u00fd v roku 2025. Prostredn\u00edctvom tejto digit\u00e1lnej platformy m\u00f4\u017eu spolo\u010dnosti odporu\u010di\u0165 vhodn\u00fdm uch\u00e1dza\u010dom, ktor\u00fdch nem\u00f4\u017eu prija\u0165 z kapacitn\u00fdch d\u00f4vodov, in\u00e9 spolo\u010dnosti so s\u00eddlom vo Wiesbadene. Mo\u017enosti odbornej pr\u00edpravy v regi\u00f3ne tak zost\u00e1vaj\u00fa transparentn\u00e9 a \u013eahko dostupn\u00e9.<\/span><\/p>\n<\/div><\/div><\/div><\/div><\/div><div class=\"w-tabs-section has_text_color\" id=\"oaa3\" style=\"background:var(--color-header-transparent-text);color:var(--color-header-top-text-hover);\"><button class=\"w-tabs-section-header\" aria-controls=\"content-oaa3\" aria-expanded=\"false\"><div class=\"w-tabs-section-title\">F\u00f3rum pre iniciat\u00edvu pre kvalifikovan\u00fdch pracovn\u00edkov v priemysle<\/div><div class=\"w-tabs-section-control\"><\/div><\/button><div  class=\"w-tabs-section-content\" id=\"content-oaa3\"><div class=\"w-tabs-section-content-h i-cf\"><div class=\"wpb_text_column\"><div class=\"wpb_wrapper\"><p><span style=\"font-weight: 400;\">Odvetvie iniciat\u00edvy Forum Talent Initiative bolo zalo\u017een\u00e9 v roku 2022. Digit\u00e1lne sp\u00e1ja odborn\u00edkov a podporuje spolo\u010dnosti pri h\u013eadan\u00ed a propag\u00e1cii talentov. Z\u00e1rove\u0148 u\u013eah\u010duje profesion\u00e1lnu v\u00fdmenu medzi priemyslom, vzdel\u00e1vac\u00edmi in\u0161tit\u00faciami a organiz\u00e1ciami s cie\u013eom posilni\u0165 udr\u017eanie kvalifikovan\u00fdch pracovn\u00edkov vo Wiesbadene.<\/span><\/p>\n<\/div><\/div><\/div><\/div><\/div><div class=\"w-tabs-section has_text_color\" id=\"jbba\" style=\"background:var(--color-header-middle-bg);color:var(--color-content-heading);\"><button class=\"w-tabs-section-header\" aria-controls=\"content-jbba\" aria-expanded=\"false\"><div class=\"w-tabs-section-title\">Remeseln\u00e1 agenda Wiesbaden 2030<\/div><div class=\"w-tabs-section-control\"><\/div><\/button><div  class=\"w-tabs-section-content\" id=\"content-jbba\"><div class=\"w-tabs-section-content-h i-cf\"><div class=\"wpb_text_column\"><div class=\"wpb_wrapper\"><p><span style=\"font-weight: 400;\">Chceme v tomto meste siln\u00e9 remeslo. V m\u00e1ji 2025 bol predstaven\u00fd Wiesbadensk\u00fd program remesiel do roku 2030. S n\u00edm posil\u0148ujeme remeseln\u00e9 podniky n\u00e1\u0161ho mesta a sprev\u00e1dzame ich najm\u00e4 v digitaliz\u00e1cii, pri podpore mlad\u00fdch talentov a kvalifikovan\u00fdch pracovn\u00edkov. Roz\u0161irovan\u00edm modernej infra\u0161trukt\u00fary a inteligentn\u00fdch rie\u0161en\u00ed sa spolo\u010dnosti st\u00e1vaj\u00fa udr\u017eate\u013en\u00fdmi, vytv\u00e1raj\u00fa kvalitn\u00e9 pracovn\u00e9 miesta a pom\u00e1haj\u00fa formova\u0165 Wiesbaden ako \u017eiv\u00e9 a udr\u017eate\u013en\u00e9 mesto.<\/span><\/p>\n<\/div><\/div><\/div><\/div><\/div><div class=\"w-tabs-section has_text_color\" id=\"pcd7\" style=\"background:var(--color-header-transparent-text);color:var(--color-header-top-text-hover);\"><button class=\"w-tabs-section-header\" aria-controls=\"content-pcd7\" aria-expanded=\"false\"><div class=\"w-tabs-section-title\">WiCoPop \u2013 Kreat\u00edvne impulzy pre centrum mesta<\/div><div class=\"w-tabs-section-control\"><\/div><\/button><div  class=\"w-tabs-section-content\" id=\"content-pcd7\"><div class=\"w-tabs-section-content-h i-cf\"><div class=\"wpb_text_column\"><div class=\"wpb_wrapper\"><p><span style=\"font-weight: 400;\">Wiesbaden spustila prostredn\u00edctvom WiCoPop inovat\u00edvny projekt, ktor\u00fd o\u017eivuje vo\u013en\u00e9 obchody v centre mesta. Startupy, mlad\u00ed podnikatelia a kreat\u00edvci prezentovali svoje produkty, n\u00e1pady a kult\u00farne projekty v do\u010dasn\u00fdch predajn\u00fdch a v\u00fdstavn\u00fdch priestoroch \u2013 bez n\u00e1jomn\u00e9ho alebo n\u00e1kladovo efekt\u00edvne. WiCoPop tak nielen podporil miestne hospod\u00e1rstvo, ale vytvoril aj nov\u00e9 pracovn\u00e9 miesta a pr\u00edle\u017eitosti pre za\u010d\u00ednaj\u00face podniky, posilnil centrum mesta ako atrakt\u00edvnu lokalitu a urobil z Wiesbadenu \u017eiv\u00e9 miesto inov\u00e1ci\u00ed a stretnut\u00ed pre ob\u010danov aj podniky.<\/span><\/p>\n<\/div><\/div><\/div><\/div><\/div><div class=\"w-tabs-section has_text_color\" id=\"xdee\" style=\"background:var(--color-header-transparent-text);color:var(--color-header-top-text-hover);\"><button class=\"w-tabs-section-header\" aria-controls=\"content-xdee\" aria-expanded=\"false\"><div class=\"w-tabs-section-title\">Pokra\u010dovanie maloobchodnej koncepcie 2025+<\/div><div class=\"w-tabs-section-control\"><\/div><\/button><div  class=\"w-tabs-section-content\" id=\"content-xdee\"><div class=\"w-tabs-section-content-h i-cf\"><div class=\"wpb_text_column\"><div class=\"wpb_wrapper\"><p><span style=\"font-weight: 400;\">Pokra\u010dovan\u00edm v maloobchodnej koncepcii 2025+ spolo\u010dnos\u0165 Wiesbaden konkr\u00e9tne posil\u0148uje svoje vn\u00fatorn\u00e9 mesto a centr\u00e1lne \u0161tvrte. Koncepcia strategicky sprev\u00e1dza miestnych maloobchodn\u00edkov, startupy a pop-up obchody a podporuje ich v \u010fal\u0161om rozvoji ich ponuky, a to na miestnej aj digit\u00e1lnej \u00farovni. Cie\u013eom je, aby centrum mesta bolo \u017eiv\u00e9 a atrakt\u00edvne, aby sa zabezpe\u010dilo zamestnanie a aby sa Wiesbaden stal ekonomicky silnou a modernou lokalitou. Dlhodob\u00e1 orient\u00e1cia bude pr\u00ednosom pre obchod, hospod\u00e1rstvo aj ob\u010danov.<\/span><\/p>\n<\/div><\/div><\/div><\/div><\/div><div class=\"w-tabs-section has_text_color\" id=\"hf02\" style=\"background:var(--color-header-transparent-text);color:var(--color-header-top-text-hover);\"><button class=\"w-tabs-section-header\" aria-controls=\"content-hf02\" aria-expanded=\"false\"><div class=\"w-tabs-section-title\">Priestor pre parkety<\/div><div class=\"w-tabs-section-control\"><\/div><\/button><div  class=\"w-tabs-section-content\" id=\"content-hf02\"><div class=\"w-tabs-section-content-h i-cf\"><div class=\"wpb_text_column\"><div class=\"wpb_wrapper\"><p><span style=\"font-weight: 400;\">Po\u010das pand\u00e9mie koronav\u00edrusu si re\u0161taur\u00e1tori vo Wiesbadene mohli nekomplikovan\u00fdm sp\u00f4sobom vysk\u00fa\u0161a\u0165 do\u010dasn\u00e9 terasy na parkovisk\u00e1ch \u2013 tzv. parkovisk\u00e1ch. V\u010faka nov\u00e9mu z\u00e1konu je teraz mo\u017en\u00e9 o ne po\u017eiada\u0165 natrvalo. Parkety o\u017eivuj\u00fa ulice, vytv\u00e1raj\u00fa \u010fal\u0161ie miesta pre host\u00ed a robia centrum mesta atrakt\u00edvnej\u0161\u00edm pre stretnutia, kult\u00faru a n\u00e1kupy.<\/span><\/p>\n<\/div><\/div><\/div><\/div><\/div><div class=\"w-tabs-section has_text_color\" id=\"s033\" style=\"background:var(--color-header-transparent-text);color:var(--color-header-top-text-hover);\"><button class=\"w-tabs-section-header\" aria-controls=\"content-s033\" aria-expanded=\"false\"><div class=\"w-tabs-section-title\">Priemyseln\u00e1 poradn\u00e1 rada: Zapojenie priemyslu do rozhodovac\u00edch procesov<\/div><div class=\"w-tabs-section-control\"><\/div><\/button><div  class=\"w-tabs-section-content\" id=\"content-s033\"><div class=\"w-tabs-section-content-h i-cf\"><div class=\"wpb_text_column\"><div class=\"wpb_wrapper\"><p><span style=\"font-weight: 400;\">Odvetvov\u00fd poradn\u00fd v\u00fdbor sa etabloval ako \u00fastredn\u00fd kontaktn\u00fd bod pre hospod\u00e1rstvo Wiesbadenu. Pr\u00e1ve tu sa stret\u00e1vaj\u00fa spolo\u010dnosti, komory, univerzity a odborov\u00e9 zv\u00e4zy, aby diskutovali o s\u00fa\u010dasn\u00fdch v\u00fdzvach, invest\u00edci\u00e1ch a inova\u010dn\u00fdch projektoch. Pod veden\u00edm n\u00e1\u0161ho ministra \u017eivotn\u00e9ho prostredia a starostu sa hospod\u00e1rstvo zap\u00e1ja do rozhodovac\u00edch procesov v po\u010diato\u010dnom \u0161t\u00e1diu. T\u00fdm sa zabezpe\u010d\u00ed, \u017ee potreby odvetvia bud\u00fa vypo\u010dut\u00e9, zv\u00fd\u0161i sa atrakt\u00edvnos\u0165 lokality a z dlhodob\u00e9ho h\u013eadiska sa zaistia pracovn\u00e9 miesta.<\/span><\/p>\n<\/div><\/div><\/div><\/div><\/div><div class=\"w-tabs-section has_text_color\" id=\"h14b\" style=\"background:var(--color-header-transparent-text);color:var(--color-header-top-text-hover);\"><button class=\"w-tabs-section-header\" aria-controls=\"content-h14b\" aria-expanded=\"false\"><div class=\"w-tabs-section-title\">Posilnen\u00e9 riadenie miest \u2013 revitaliz\u00e1cia centra mesta<\/div><div class=\"w-tabs-section-control\"><\/div><\/button><div  class=\"w-tabs-section-content\" id=\"content-h14b\"><div class=\"w-tabs-section-content-h i-cf\"><div class=\"wpb_text_column\"><div class=\"wpb_wrapper\"><p><span style=\"font-weight: 400;\">V \u010dasoch zmien potrebuje na\u0161e vn\u00fatorn\u00e9 mesto siln\u00fd hlas. To je to, \u010do t\u00edm mestsk\u00e9ho mana\u017ementu pod veden\u00edm n\u00e1\u0161ho ZELEN\u00c9HO z\u00e1stupcu a starostu predstavuje, ktor\u00fd spolu s obchodn\u00edkmi a \u010fal\u0161\u00edmi akt\u00e9rmi podporuje \u017eiv\u00e9 centrum mesta. Koordinuje podujatia, trhy a akcie miest, podporuje obchod a gastron\u00f3miu, prep\u00e1ja miestnych akt\u00e9rov a vyprac\u00fava strat\u00e9gie na stimul\u00e1ciu a zv\u00fd\u0161enie atrakt\u00edvnosti. To nielen pri\u0165ahuje n\u00e1v\u0161tevn\u00edkov, ale tie\u017e posil\u0148uje pracovn\u00e9 miesta a zabezpe\u010duje centrum mesta ako ekonomicky \u017eivotaschopn\u00fa lokalitu. Funguje to takto: V roku 2025 sa mesto Wiesbaden v porovnan\u00ed s in\u00fdmi mestami s 250 000 a\u017e 600 000 obyvate\u013emi umiestnilo na celon\u00e1rodnom mieste v s\u00fa\u0165a\u017ei VITALCity Award, ktor\u00e1 sa ka\u017edoro\u010dne ude\u013euje mest\u00e1m v Nemecku s cie\u013eom mera\u0165 a podporova\u0165 vitalitu ich vn\u00fatorn\u00fdch miest.<\/span><\/p>\n<\/div><\/div><\/div><\/div><\/div><div class=\"w-tabs-section has_text_color\" id=\"l262\" style=\"background:var(--color-header-transparent-text);color:var(--color-header-top-text-hover);\"><button class=\"w-tabs-section-header\" aria-controls=\"content-l262\" aria-expanded=\"false\"><div class=\"w-tabs-section-title\">Spravodlivej\u0161\u00ed sadzobn\u00edk poplatkov za v\u00fddavky na tovar<\/div><div class=\"w-tabs-section-control\"><\/div><\/button><div  class=\"w-tabs-section-content\" id=\"content-l262\"><div class=\"w-tabs-section-content-h i-cf\"><div class=\"wpb_text_column\"><div class=\"wpb_wrapper\"><p><span style=\"font-weight: 400;\">Do konca roka 2021 boli poplatky za vystavovanie tovaru zalo\u017een\u00e9 na pozemn\u00fdch referen\u010dn\u00fdch hodnot\u00e1ch pr\u00edslu\u0161nej cestnej situ\u00e1cie. V d\u00f4sledku toho museli maloobchodn\u00edci vo vysokofrekven\u010dn\u00fdch lokalit\u00e1ch, ako je Kirchgasse, plati\u0165 a\u017e 600 EUR za meter \u0161tvorcov\u00fd ro\u010dne, zatia\u013e \u010do obchody v menej centr\u00e1lnych oblastiach mali v\u00fdrazne ni\u017e\u0161ie poplatky. Zaveden\u00edm nov\u00e9ho sadzobn\u00edka poplatkov za vystavovanie tovaru spolo\u010dnos\u0165 Wiesbaden v\u00fdrazne uvo\u013enila maloobchodn\u00fd predaj v centre mesta. Poplatky boli transparentn\u00e9 a rozlo\u017een\u00e9 pod\u013ea polohy v centre mesta, \u010do znamen\u00e1, \u017ee mnoh\u00ed maloobchodn\u00edci profituj\u00fa z v\u00fdrazn\u00e9ho zn\u00ed\u017eenia n\u00e1kladov. Toto opatrenie posil\u0148uje konkurencieschopnos\u0165 maloobchodn\u00e9ho predaja teh\u00e1l a malty a prispieva k o\u017eiveniu centra mesta.<\/span><\/p>\n<\/div><\/div><\/div><\/div><\/div><div class=\"w-tabs-section has_text_color\" id=\"t377\" style=\"background:var(--color-header-transparent-text);color:var(--color-header-top-text-hover);\"><button class=\"w-tabs-section-header\" aria-controls=\"content-t377\" aria-expanded=\"false\"><div class=\"w-tabs-section-title\">Cestovn\u00fd ruch: Spolo\u010dn\u00e1 destin\u00e1cia Wiesbaden-Rheingau<\/div><div class=\"w-tabs-section-control\"><\/div><\/button><div  class=\"w-tabs-section-content\" id=\"content-t377\"><div class=\"w-tabs-section-content-h i-cf\"><div class=\"wpb_text_column\"><div class=\"wpb_wrapper\"><p><span style=\"font-weight: 400;\">Wiesbaden sp\u00e1ja svoje turistick\u00e9 ponuky s regi\u00f3nom Rheingau cez destin\u00e1ciu Wiesbaden Rheingau. Koordinovan\u00e9 marketingov\u00e9 kampane, ponuky na rezerv\u00e1ciu a vytv\u00e1ranie siet\u00ed miestnych produktov vytv\u00e1raj\u00fa pre n\u00e1v\u0161tevn\u00edkov atrakt\u00edvny, holistick\u00fd z\u00e1\u017eitok. Spolupr\u00e1ca podporuje cestovn\u00fd ruch, posil\u0148uje gastron\u00f3miu, hotelov\u00fd priemysel a kult\u00faru a zabezpe\u010duje a vytv\u00e1ra pracovn\u00e9 miesta v regi\u00f3ne. Okrem toho je destin\u00e1cia od roku 2024 certifikovan\u00e1 ako udr\u017eate\u013en\u00e1 destin\u00e1cia, a preto podporuje ekologick\u00fd cestovn\u00fd ruch.<\/span><\/p>\n<\/div><\/div><\/div><\/div><\/div><div class=\"w-tabs-section has_text_color\" id=\"w499\" style=\"background:var(--color-header-transparent-text);color:var(--color-header-top-text-hover);\"><button class=\"w-tabs-section-header\" aria-controls=\"content-w499\" aria-expanded=\"false\"><div class=\"w-tabs-section-title\">Cestovn\u00fd ruch: Kurhaus a kas\u00edno<\/div><div class=\"w-tabs-section-control\"><\/div><\/button><div  class=\"w-tabs-section-content\" id=\"content-w499\"><div class=\"w-tabs-section-content-h i-cf\"><div class=\"wpb_text_column\"><div class=\"wpb_wrapper\"><p><span style=\"font-weight: 400;\">Mesto Wiesbaden investuje najm\u00e4 do centr\u00e1lneho cestovn\u00e9ho ruchu a miest konania podujat\u00ed: Renov\u00e1cia Kurhausu vytv\u00e1ra stavebn\u00e9 a remeseln\u00e9 objedn\u00e1vky a zabezpe\u010duje dlhodob\u00e9 mo\u017enosti vyu\u017eitia pre kult\u00faru a gastron\u00f3miu. Kas\u00edno a Kurhausgastronomie bud\u00fa z\u00e1rove\u0148 predmetom op\u00e4tovnej verejnej s\u00fa\u0165a\u017ee, ke\u010f\u017ee platnos\u0165 predch\u00e1dzaj\u00facich zml\u00fav s prev\u00e1dzkovate\u013eom vypr\u0161\u00ed. T\u00fdm sa zabezpe\u010dia invest\u00edcie, modern\u00e9 koncepcie a pracovn\u00e9 miesta. Tieto opatrenia posil\u0148uj\u00fa centrum mesta ako ekonomicky atrakt\u00edvne miesto pre n\u00e1v\u0161tevn\u00edkov a zamestnanos\u0165.<\/span><\/p>\n<\/div><\/div><\/div><\/div><\/div><\/div><\/div><div class=\"w-separator size_medium\"><\/div><div class=\"w-btn-wrapper align_left\"><a class=\"w-btn us-btn-style_8 icon_atleft\" href=\"https:\/\/gruene-wiesbaden.de\/sk\/kommunalwahl\/#Kapitel3\"><i class=\"fas fa-chevron-circle-right\"><\/i><span class=\"w-btn-label\">Sp\u00e4\u0165 na preh\u013ead<\/span><\/a><\/div><div class=\"w-separator size_large\"><\/div><\/div><\/div><\/div><\/div><\/section>","protected":false},"excerpt":{"rendered":"Miestne rozhodnutia maj\u00fa priamy vplyv na miestne hospod\u00e1rstvo, pracovn\u00e9 miesta a kvalitu \u017eivota. Cielenou podporou spolo\u010dnost\u00ed v r\u00f4znych odvetviach, remesl\u00e1ch, startupoch a cestovnom ruchu zabezpe\u010dujeme zamestnanos\u0165, inov\u00e1cie a kvalifikovan\u00fdch pracovn\u00edkov vo Wiesbadene a nastavujeme kurz \u00faspe\u0161nej transform\u00e1cie a o\u017eivenia hospod\u00e1rstva. Verejn\u00e9 z\u00e1kazky zad\u00e1vame spravodlivo, pri\u010dom zoh\u013ead\u0148ujeme s\u00falad s tarifami a krit\u00e9ri\u00e1 udr\u017eate\u013enosti.","protected":false},"author":1,"featured_media":1566,"comment_status":"closed","ping_status":"closed","sticky":false,"template":"","format":"standard","meta":{"footnotes":""},"categories":[16],"tags":[],"class_list":["post-1380","post","type-post","status-publish","format-standard","has-post-thumbnail","hentry","category-kapitel-3"],"yoast_head":"<!-- This site is optimized with the Yoast SEO plugin v27.5 - https:\/\/yoast.com\/product\/yoast-seo-wordpress\/ -->\n<title>Wirtschaftsf\u00f6rderung und Besch\u00e4ftigung - B\u00dcNDNIS 90\/DIE GR\u00dcNEN Wiesbaden<\/title>\n<meta name=\"robots\" content=\"index, follow, max-snippet:-1, max-image-preview:large, max-video-preview:-1\" \/>\n<link rel=\"canonical\" href=\"https:\/\/gruene-wiesbaden.de\/sk\/wirtschaftsfoerderung-und-beschaeftigung\/\" \/>\n<meta property=\"og:locale\" content=\"sk_SK\" \/>\n<meta property=\"og:type\" content=\"article\" \/>\n<meta property=\"og:title\" content=\"Wirtschaftsf\u00f6rderung und Besch\u00e4ftigung - B\u00dcNDNIS 90\/DIE GR\u00dcNEN Wiesbaden\" \/>\n<meta property=\"og:url\" content=\"https:\/\/gruene-wiesbaden.de\/sk\/wirtschaftsfoerderung-und-beschaeftigung\/\" \/>\n<meta property=\"og:site_name\" content=\"B\u00dcNDNIS 90\/DIE GR\u00dcNEN Wiesbaden\" \/>\n<meta property=\"article:publisher\" content=\"https:\/\/www.facebook.com\/gruene.wi\" \/>\n<meta property=\"article:published_time\" content=\"2025-11-09T22:33:24+00:00\" \/>\n<meta property=\"article:modified_time\" content=\"2026-04-08T22:29:47+00:00\" \/>\n<meta property=\"og:image\" content=\"https:\/\/gruene-wiesbaden.de\/wp-content\/uploads\/2025\/11\/3.3-Wirtschaftsfoerderung-und-Beschaeftigung-scaled.jpeg\" \/>\n\t<meta property=\"og:image:width\" content=\"2560\" \/>\n\t<meta property=\"og:image:height\" content=\"1707\" \/>\n\t<meta property=\"og:image:type\" content=\"image\/jpeg\" \/>\n<meta name=\"author\" content=\"admin\" \/>\n<meta name=\"twitter:card\" content=\"summary_large_image\" \/>\n<meta name=\"twitter:label1\" content=\"Autor\" \/>\n\t<meta name=\"twitter:data1\" content=\"admin\" \/>\n\t<meta name=\"twitter:label2\" content=\"Predpokladan\u00fd \u010das \u010d\u00edtania\" \/>\n\t<meta name=\"twitter:data2\" content=\"10 minutes\" \/>\n<script type=\"application\/ld+json\" class=\"yoast-schema-graph\">{\"@context\":\"https:\\\/\\\/schema.org\",\"@graph\":[{\"@type\":\"Article\",\"@id\":\"https:\\\/\\\/gruene-wiesbaden.de\\\/wirtschaftsfoerderung-und-beschaeftigung\\\/#article\",\"isPartOf\":{\"@id\":\"https:\\\/\\\/gruene-wiesbaden.de\\\/wirtschaftsfoerderung-und-beschaeftigung\\\/\"},\"author\":{\"name\":\"admin\",\"@id\":\"https:\\\/\\\/gruene-wiesbaden.de\\\/#\\\/schema\\\/person\\\/6785c34779159cd4fd86886bb097afe9\"},\"headline\":\"Wirtschaftsf\u00f6rderung und Besch\u00e4ftigung\",\"datePublished\":\"2025-11-09T22:33:24+00:00\",\"dateModified\":\"2026-04-08T22:29:47+00:00\",\"mainEntityOfPage\":{\"@id\":\"https:\\\/\\\/gruene-wiesbaden.de\\\/wirtschaftsfoerderung-und-beschaeftigung\\\/\"},\"wordCount\":3041,\"publisher\":{\"@id\":\"https:\\\/\\\/gruene-wiesbaden.de\\\/#organization\"},\"image\":{\"@id\":\"https:\\\/\\\/gruene-wiesbaden.de\\\/wirtschaftsfoerderung-und-beschaeftigung\\\/#primaryimage\"},\"thumbnailUrl\":\"https:\\\/\\\/gruene-wiesbaden.de\\\/wp-content\\\/uploads\\\/2025\\\/11\\\/3.3-Wirtschaftsfoerderung-und-Beschaeftigung-scaled.jpeg\",\"articleSection\":[\"Kapitel 3\"],\"inLanguage\":\"sk-SK\"},{\"@type\":\"WebPage\",\"@id\":\"https:\\\/\\\/gruene-wiesbaden.de\\\/wirtschaftsfoerderung-und-beschaeftigung\\\/\",\"url\":\"https:\\\/\\\/gruene-wiesbaden.de\\\/wirtschaftsfoerderung-und-beschaeftigung\\\/\",\"name\":\"Wirtschaftsf\u00f6rderung und Besch\u00e4ftigung - B\u00dcNDNIS 90\\\/DIE GR\u00dcNEN Wiesbaden\",\"isPartOf\":{\"@id\":\"https:\\\/\\\/gruene-wiesbaden.de\\\/#website\"},\"primaryImageOfPage\":{\"@id\":\"https:\\\/\\\/gruene-wiesbaden.de\\\/wirtschaftsfoerderung-und-beschaeftigung\\\/#primaryimage\"},\"image\":{\"@id\":\"https:\\\/\\\/gruene-wiesbaden.de\\\/wirtschaftsfoerderung-und-beschaeftigung\\\/#primaryimage\"},\"thumbnailUrl\":\"https:\\\/\\\/gruene-wiesbaden.de\\\/wp-content\\\/uploads\\\/2025\\\/11\\\/3.3-Wirtschaftsfoerderung-und-Beschaeftigung-scaled.jpeg\",\"datePublished\":\"2025-11-09T22:33:24+00:00\",\"dateModified\":\"2026-04-08T22:29:47+00:00\",\"breadcrumb\":{\"@id\":\"https:\\\/\\\/gruene-wiesbaden.de\\\/wirtschaftsfoerderung-und-beschaeftigung\\\/#breadcrumb\"},\"inLanguage\":\"sk-SK\",\"potentialAction\":[{\"@type\":\"ReadAction\",\"target\":[\"https:\\\/\\\/gruene-wiesbaden.de\\\/wirtschaftsfoerderung-und-beschaeftigung\\\/\"]}]},{\"@type\":\"ImageObject\",\"inLanguage\":\"sk-SK\",\"@id\":\"https:\\\/\\\/gruene-wiesbaden.de\\\/wirtschaftsfoerderung-und-beschaeftigung\\\/#primaryimage\",\"url\":\"https:\\\/\\\/gruene-wiesbaden.de\\\/wp-content\\\/uploads\\\/2025\\\/11\\\/3.3-Wirtschaftsfoerderung-und-Beschaeftigung-scaled.jpeg\",\"contentUrl\":\"https:\\\/\\\/gruene-wiesbaden.de\\\/wp-content\\\/uploads\\\/2025\\\/11\\\/3.3-Wirtschaftsfoerderung-und-Beschaeftigung-scaled.jpeg\",\"width\":2560,\"height\":1707},{\"@type\":\"BreadcrumbList\",\"@id\":\"https:\\\/\\\/gruene-wiesbaden.de\\\/wirtschaftsfoerderung-und-beschaeftigung\\\/#breadcrumb\",\"itemListElement\":[{\"@type\":\"ListItem\",\"position\":1,\"name\":\"Startseite\",\"item\":\"https:\\\/\\\/gruene-wiesbaden.de\\\/\"},{\"@type\":\"ListItem\",\"position\":2,\"name\":\"Wirtschaftsf\u00f6rderung und Besch\u00e4ftigung\"}]},{\"@type\":\"WebSite\",\"@id\":\"https:\\\/\\\/gruene-wiesbaden.de\\\/#website\",\"url\":\"https:\\\/\\\/gruene-wiesbaden.de\\\/\",\"name\":\"DIE GR\u00dcNEN Wiesbaden\",\"description\":\"\",\"publisher\":{\"@id\":\"https:\\\/\\\/gruene-wiesbaden.de\\\/#organization\"},\"potentialAction\":[{\"@type\":\"SearchAction\",\"target\":{\"@type\":\"EntryPoint\",\"urlTemplate\":\"https:\\\/\\\/gruene-wiesbaden.de\\\/?s={search_term_string}\"},\"query-input\":{\"@type\":\"PropertyValueSpecification\",\"valueRequired\":true,\"valueName\":\"search_term_string\"}}],\"inLanguage\":\"sk-SK\"},{\"@type\":\"Organization\",\"@id\":\"https:\\\/\\\/gruene-wiesbaden.de\\\/#organization\",\"name\":\"DIE GR\u00dcNEN Wiesbaden\",\"url\":\"https:\\\/\\\/gruene-wiesbaden.de\\\/\",\"logo\":{\"@type\":\"ImageObject\",\"inLanguage\":\"sk-SK\",\"@id\":\"https:\\\/\\\/gruene-wiesbaden.de\\\/#\\\/schema\\\/logo\\\/image\\\/\",\"url\":\"https:\\\/\\\/gruene-wiesbaden-fuer-europa.de\\\/wp-content\\\/uploads\\\/2024\\\/04\\\/Machen-was-zaehlt-5.png\",\"contentUrl\":\"https:\\\/\\\/gruene-wiesbaden-fuer-europa.de\\\/wp-content\\\/uploads\\\/2024\\\/04\\\/Machen-was-zaehlt-5.png\",\"width\":1772,\"height\":1772,\"caption\":\"DIE GR\u00dcNEN Wiesbaden\"},\"image\":{\"@id\":\"https:\\\/\\\/gruene-wiesbaden.de\\\/#\\\/schema\\\/logo\\\/image\\\/\"},\"sameAs\":[\"https:\\\/\\\/www.facebook.com\\\/gruene.wi\",\"https:\\\/\\\/instagram.com\\\/gruene_wi\"]},{\"@type\":\"Person\",\"@id\":\"https:\\\/\\\/gruene-wiesbaden.de\\\/#\\\/schema\\\/person\\\/6785c34779159cd4fd86886bb097afe9\",\"name\":\"admin\",\"sameAs\":[\"http:\\\/\\\/gruene-wiesbaden-fuer-europa.de\"],\"url\":\"https:\\\/\\\/gruene-wiesbaden.de\\\/sk\\\/author\\\/admin\\\/\"}]}<\/script>\n<!-- \/ Yoast SEO plugin. -->","yoast_head_json":{"title":"Wirtschaftsf\u00f6rderung und Besch\u00e4ftigung - B\u00dcNDNIS 90\/DIE GR\u00dcNEN Wiesbaden","robots":{"index":"index","follow":"follow","max-snippet":"max-snippet:-1","max-image-preview":"max-image-preview:large","max-video-preview":"max-video-preview:-1"},"canonical":"https:\/\/gruene-wiesbaden.de\/sk\/wirtschaftsfoerderung-und-beschaeftigung\/","og_locale":"sk_SK","og_type":"article","og_title":"Wirtschaftsf\u00f6rderung und Besch\u00e4ftigung - B\u00dcNDNIS 90\/DIE GR\u00dcNEN Wiesbaden","og_url":"https:\/\/gruene-wiesbaden.de\/sk\/wirtschaftsfoerderung-und-beschaeftigung\/","og_site_name":"B\u00dcNDNIS 90\/DIE GR\u00dcNEN Wiesbaden","article_publisher":"https:\/\/www.facebook.com\/gruene.wi","article_published_time":"2025-11-09T22:33:24+00:00","article_modified_time":"2026-04-08T22:29:47+00:00","og_image":[{"width":2560,"height":1707,"url":"https:\/\/gruene-wiesbaden.de\/wp-content\/uploads\/2025\/11\/3.3-Wirtschaftsfoerderung-und-Beschaeftigung-scaled.jpeg","type":"image\/jpeg"}],"author":"admin","twitter_card":"summary_large_image","twitter_misc":{"Autor":"admin","Predpokladan\u00fd \u010das \u010d\u00edtania":"10 minutes"},"schema":{"@context":"https:\/\/schema.org","@graph":[{"@type":"Article","@id":"https:\/\/gruene-wiesbaden.de\/wirtschaftsfoerderung-und-beschaeftigung\/#article","isPartOf":{"@id":"https:\/\/gruene-wiesbaden.de\/wirtschaftsfoerderung-und-beschaeftigung\/"},"author":{"name":"admin","@id":"https:\/\/gruene-wiesbaden.de\/#\/schema\/person\/6785c34779159cd4fd86886bb097afe9"},"headline":"Wirtschaftsf\u00f6rderung und Besch\u00e4ftigung","datePublished":"2025-11-09T22:33:24+00:00","dateModified":"2026-04-08T22:29:47+00:00","mainEntityOfPage":{"@id":"https:\/\/gruene-wiesbaden.de\/wirtschaftsfoerderung-und-beschaeftigung\/"},"wordCount":3041,"publisher":{"@id":"https:\/\/gruene-wiesbaden.de\/#organization"},"image":{"@id":"https:\/\/gruene-wiesbaden.de\/wirtschaftsfoerderung-und-beschaeftigung\/#primaryimage"},"thumbnailUrl":"https:\/\/gruene-wiesbaden.de\/wp-content\/uploads\/2025\/11\/3.3-Wirtschaftsfoerderung-und-Beschaeftigung-scaled.jpeg","articleSection":["Kapitel 3"],"inLanguage":"sk-SK"},{"@type":"WebPage","@id":"https:\/\/gruene-wiesbaden.de\/wirtschaftsfoerderung-und-beschaeftigung\/","url":"https:\/\/gruene-wiesbaden.de\/wirtschaftsfoerderung-und-beschaeftigung\/","name":"Wirtschaftsf\u00f6rderung und Besch\u00e4ftigung - B\u00dcNDNIS 90\/DIE GR\u00dcNEN Wiesbaden","isPartOf":{"@id":"https:\/\/gruene-wiesbaden.de\/#website"},"primaryImageOfPage":{"@id":"https:\/\/gruene-wiesbaden.de\/wirtschaftsfoerderung-und-beschaeftigung\/#primaryimage"},"image":{"@id":"https:\/\/gruene-wiesbaden.de\/wirtschaftsfoerderung-und-beschaeftigung\/#primaryimage"},"thumbnailUrl":"https:\/\/gruene-wiesbaden.de\/wp-content\/uploads\/2025\/11\/3.3-Wirtschaftsfoerderung-und-Beschaeftigung-scaled.jpeg","datePublished":"2025-11-09T22:33:24+00:00","dateModified":"2026-04-08T22:29:47+00:00","breadcrumb":{"@id":"https:\/\/gruene-wiesbaden.de\/wirtschaftsfoerderung-und-beschaeftigung\/#breadcrumb"},"inLanguage":"sk-SK","potentialAction":[{"@type":"ReadAction","target":["https:\/\/gruene-wiesbaden.de\/wirtschaftsfoerderung-und-beschaeftigung\/"]}]},{"@type":"ImageObject","inLanguage":"sk-SK","@id":"https:\/\/gruene-wiesbaden.de\/wirtschaftsfoerderung-und-beschaeftigung\/#primaryimage","url":"https:\/\/gruene-wiesbaden.de\/wp-content\/uploads\/2025\/11\/3.3-Wirtschaftsfoerderung-und-Beschaeftigung-scaled.jpeg","contentUrl":"https:\/\/gruene-wiesbaden.de\/wp-content\/uploads\/2025\/11\/3.3-Wirtschaftsfoerderung-und-Beschaeftigung-scaled.jpeg","width":2560,"height":1707},{"@type":"BreadcrumbList","@id":"https:\/\/gruene-wiesbaden.de\/wirtschaftsfoerderung-und-beschaeftigung\/#breadcrumb","itemListElement":[{"@type":"ListItem","position":1,"name":"Startseite","item":"https:\/\/gruene-wiesbaden.de\/"},{"@type":"ListItem","position":2,"name":"Wirtschaftsf\u00f6rderung und Besch\u00e4ftigung"}]},{"@type":"WebSite","@id":"https:\/\/gruene-wiesbaden.de\/#website","url":"https:\/\/gruene-wiesbaden.de\/","name":"DIE GR\u00dcNEN Wiesbaden","description":"","publisher":{"@id":"https:\/\/gruene-wiesbaden.de\/#organization"},"potentialAction":[{"@type":"SearchAction","target":{"@type":"EntryPoint","urlTemplate":"https:\/\/gruene-wiesbaden.de\/?s={search_term_string}"},"query-input":{"@type":"PropertyValueSpecification","valueRequired":true,"valueName":"search_term_string"}}],"inLanguage":"sk-SK"},{"@type":"Organization","@id":"https:\/\/gruene-wiesbaden.de\/#organization","name":"DIE GR\u00dcNEN Wiesbaden","url":"https:\/\/gruene-wiesbaden.de\/","logo":{"@type":"ImageObject","inLanguage":"sk-SK","@id":"https:\/\/gruene-wiesbaden.de\/#\/schema\/logo\/image\/","url":"https:\/\/gruene-wiesbaden-fuer-europa.de\/wp-content\/uploads\/2024\/04\/Machen-was-zaehlt-5.png","contentUrl":"https:\/\/gruene-wiesbaden-fuer-europa.de\/wp-content\/uploads\/2024\/04\/Machen-was-zaehlt-5.png","width":1772,"height":1772,"caption":"DIE GR\u00dcNEN Wiesbaden"},"image":{"@id":"https:\/\/gruene-wiesbaden.de\/#\/schema\/logo\/image\/"},"sameAs":["https:\/\/www.facebook.com\/gruene.wi","https:\/\/instagram.com\/gruene_wi"]},{"@type":"Person","@id":"https:\/\/gruene-wiesbaden.de\/#\/schema\/person\/6785c34779159cd4fd86886bb097afe9","name":"admin","sameAs":["http:\/\/gruene-wiesbaden-fuer-europa.de"],"url":"https:\/\/gruene-wiesbaden.de\/sk\/author\/admin\/"}]}},"_links":{"self":[{"href":"https:\/\/gruene-wiesbaden.de\/sk\/wp-json\/wp\/v2\/posts\/1380","targetHints":{"allow":["GET"]}}],"collection":[{"href":"https:\/\/gruene-wiesbaden.de\/sk\/wp-json\/wp\/v2\/posts"}],"about":[{"href":"https:\/\/gruene-wiesbaden.de\/sk\/wp-json\/wp\/v2\/types\/post"}],"author":[{"embeddable":true,"href":"https:\/\/gruene-wiesbaden.de\/sk\/wp-json\/wp\/v2\/users\/1"}],"replies":[{"embeddable":true,"href":"https:\/\/gruene-wiesbaden.de\/sk\/wp-json\/wp\/v2\/comments?post=1380"}],"version-history":[{"count":7,"href":"https:\/\/gruene-wiesbaden.de\/sk\/wp-json\/wp\/v2\/posts\/1380\/revisions"}],"predecessor-version":[{"id":2381,"href":"https:\/\/gruene-wiesbaden.de\/sk\/wp-json\/wp\/v2\/posts\/1380\/revisions\/2381"}],"wp:featuredmedia":[{"embeddable":true,"href":"https:\/\/gruene-wiesbaden.de\/sk\/wp-json\/wp\/v2\/media\/1566"}],"wp:attachment":[{"href":"https:\/\/gruene-wiesbaden.de\/sk\/wp-json\/wp\/v2\/media?parent=1380"}],"wp:term":[{"taxonomy":"category","embeddable":true,"href":"https:\/\/gruene-wiesbaden.de\/sk\/wp-json\/wp\/v2\/categories?post=1380"},{"taxonomy":"post_tag","embeddable":true,"href":"https:\/\/gruene-wiesbaden.de\/sk\/wp-json\/wp\/v2\/tags?post=1380"}],"curies":[{"name":"wp","href":"https:\/\/api.w.org\/{rel}","templated":true}]}}