{"id":1366,"date":"2025-11-10T00:18:23","date_gmt":"2025-11-09T22:18:23","guid":{"rendered":"https:\/\/gruene-wiesbaden.de\/?p=1366"},"modified":"2026-04-09T10:38:51","modified_gmt":"2026-04-09T08:38:51","slug":"kinder-familien-und-alleinerziehende","status":"publish","type":"post","link":"https:\/\/gruene-wiesbaden.de\/sk\/kinder-familien-und-alleinerziehende\/","title":{"rendered":"Deti, rodiny a osamel\u00ed rodi\u010dia"},"content":{"rendered":"<section class=\"l-section wpb_row height_medium with_img\"><div class=\"l-section-img\" role=\"img\" data-img-width=\"1080\" data-img-height=\"800\" style=\"background-image: url(https:\/\/gruene-wiesbaden.de\/wp-content\/uploads\/2025\/11\/neuer-Verlauf-gruene-wiesbaden.de_-2-e1762709402177.png);\"><\/div><div class=\"l-section-overlay\" style=\"background:var(--color-header-top-transparent-bg)\"><\/div><div class=\"l-section-h i-cf\"><div class=\"g-cols vc_row via_grid cols_1 laptops-cols_inherit tablets-cols_inherit mobiles-cols_1 valign_top type_default stacking_default\"><div class=\"wpb_column vc_column_container\"><div class=\"vc_column-inner\"><h1 class=\"w-post-elm post_title us_custom_a574d586 has_text_color entry-title\">Deti, rodiny a osamel\u00ed rodi\u010dia<\/h1><div class=\"w-separator size_medium\"><\/div><div class=\"g-cols wpb_row via_grid cols_2-1 laptops-cols_inherit tablets-cols_inherit mobiles-cols_1 valign_top type_default stacking_default\" style=\"--columns-gap:3rem;\"><div class=\"wpb_column vc_column_container\"><div class=\"vc_column-inner\"><div class=\"wpb_text_column us_custom_8b3d6790 has_text_color\"><div class=\"wpb_wrapper\"><p><span style=\"font-weight: 400;\">Deti s\u00fa na\u0161ou bud\u00facnos\u0165ou a maj\u00fa pr\u00e1vo na dobr\u00e9 \u017eivotn\u00e9 podmienky bez oh\u013eadu na soci\u00e1lny p\u00f4vod svojich rod\u00edn. Chudoba det\u00ed je \u0161truktur\u00e1lnym probl\u00e9mom, ktor\u00fd postihuje najm\u00e4 slobodn\u00e9 \u017eeny a ve\u013ek\u00e9 rodiny. Zos\u00faladenie pracovn\u00e9ho a rodinn\u00e9ho \u017eivota zost\u00e1va soci\u00e1lnou v\u00fdzvou. Deti maj\u00fa svoje vlastn\u00e9 pr\u00e1va a musia by\u0165 zapojen\u00e9 do demokratick\u00fdch rozhodovac\u00edch procesov. Rodina-priate\u013esk\u00e9 mesto podporuje v\u0161etky gener\u00e1cie a vytv\u00e1ra priestory, kde deti m\u00f4\u017eu vyrasta\u0165 bezpe\u010dne a zdravo.<\/span><\/p>\n<\/div><\/div><div class=\"w-separator size_medium\"><\/div><div class=\"w-btn-wrapper align_left\"><a class=\"w-btn us-btn-style_8 icon_atleft\" href=\"https:\/\/gruene-wiesbaden.de\/sk\/kommunalwahl\/#Kapitel2\"><i class=\"fas fa-chevron-circle-right\"><\/i><span class=\"w-btn-label\">Sp\u00e4\u0165 na preh\u013ead<\/span><\/a><\/div><\/div><\/div><div class=\"wpb_column vc_column_container\"><div class=\"vc_column-inner\"><div class=\"w-image align_center\"><div class=\"w-image-h\"><img decoding=\"async\" width=\"2560\" height=\"1707\" src=\"https:\/\/gruene-wiesbaden.de\/wp-content\/uploads\/2025\/11\/2.8-Kinder-Familien-und-Alleinerziehende-scaled.jpg\" class=\"attachment-full size-full\" alt=\"\" loading=\"lazy\" srcset=\"https:\/\/gruene-wiesbaden.de\/wp-content\/uploads\/2025\/11\/2.8-Kinder-Familien-und-Alleinerziehende-scaled.jpg 2560w, https:\/\/gruene-wiesbaden.de\/wp-content\/uploads\/2025\/11\/2.8-Kinder-Familien-und-Alleinerziehende-400x267.jpg 400w, https:\/\/gruene-wiesbaden.de\/wp-content\/uploads\/2025\/11\/2.8-Kinder-Familien-und-Alleinerziehende-600x400.jpg 600w\" sizes=\"auto, (max-width: 2560px) 100vw, 2560px\" \/><\/div><\/div><div class=\"w-separator size_small\"><\/div><\/div><\/div><\/div><div class=\"w-separator size_medium\"><\/div><div class=\"w-separator size_medium\"><\/div><div class=\"wpb_text_column\"><div class=\"wpb_wrapper\"><h1>\u010co dobr\u00e1 politika znamen\u00e1 pre deti, rodiny a osamel\u00fdch rodi\u010dov<\/h1>\n<\/div><\/div><div class=\"w-separator size_large\"><\/div><div class=\"g-cols wpb_row via_grid cols_3 laptops-cols_inherit tablets-cols_inherit mobiles-cols_1 valign_top type_default stacking_default\" style=\"--columns-gap:3rem;\"><div class=\"wpb_column vc_column_container\"><div class=\"vc_column-inner\"><div class=\"w-iconbox us_custom_8b3d6790 has_text_color iconpos_left style_default color_custom align_left\"><div class=\"w-iconbox-icon\" style=\"font-size:2rem;--icon-color:#Ffffff;--icon-bg-color:var(--color-header-middle-bg);\"><i class=\"fas fa-layer-group\"><\/i><\/div><div class=\"w-iconbox-meta\"><h4 class=\"w-iconbox-title\" style=\"font-size:1.5rem;\">Implementova\u0165 pr\u00e1va det\u00ed<\/h4><div class=\"w-iconbox-text\"><p><span style=\"font-weight: 400;\">Deti maj\u00fa pr\u00e1vo by\u0165 vypo\u010dut\u00e9, podporovan\u00e9 a spolo\u010dne ur\u010den\u00e9 vo svojom meste.<\/span><\/p>\n<\/div><\/div><\/div><\/div><\/div><div class=\"wpb_column vc_column_container\"><div class=\"vc_column-inner\"><div class=\"w-iconbox us_custom_8b3d6790 has_text_color iconpos_left style_default color_custom align_left\"><div class=\"w-iconbox-icon\" style=\"font-size:2rem;--icon-color:#Ffffff;--icon-bg-color:var(--color-header-transparent-text);\"><i class=\"fas fa-layer-group\"><\/i><\/div><div class=\"w-iconbox-meta\"><h4 class=\"w-iconbox-title\" style=\"font-size:1.5rem;\">Rodina-priate\u013esk\u00e9 mesto<\/h4><div class=\"w-iconbox-text\"><p><span style=\"font-weight: 400;\">Vytv\u00e1rame priestory, v ktor\u00fdch m\u00f4\u017eu dobre \u017ei\u0165 v\u0161etky gener\u00e1cie.<\/span><\/p>\n<\/div><\/div><\/div><\/div><\/div><div class=\"wpb_column vc_column_container\"><div class=\"vc_column-inner\"><div class=\"w-iconbox us_custom_8b3d6790 has_text_color iconpos_left style_default color_custom align_left\"><div class=\"w-iconbox-icon\" style=\"font-size:2rem;--icon-color:#Ffffff;--icon-bg-color:var(--color-header-transparent-text);\"><i class=\"fas fa-layer-group\"><\/i><\/div><div class=\"w-iconbox-meta\"><h4 class=\"w-iconbox-title\" style=\"font-size:1.5rem;\">Boj proti chudobe<\/h4><div class=\"w-iconbox-text\"><p><span style=\"font-weight: 400;\">Ka\u017ed\u00e9 die\u0165a si zasl\u00fa\u017ei spravodliv\u00e9 pr\u00edle\u017eitosti bez oh\u013eadu na pe\u0148a\u017eenky svojich rodi\u010dov.<\/span><\/p>\n<\/div><\/div><\/div><\/div><\/div><\/div><div class=\"w-separator size_medium\"><\/div><div class=\"g-cols wpb_row via_grid cols_3 laptops-cols_inherit tablets-cols_inherit mobiles-cols_1 valign_top type_default stacking_default\" style=\"--columns-gap:3rem;\"><div class=\"wpb_column vc_column_container\"><div class=\"vc_column-inner\"><div class=\"w-iconbox us_custom_8b3d6790 has_text_color iconpos_left style_default color_custom align_left\"><div class=\"w-iconbox-icon\" style=\"font-size:2rem;--icon-color:#Ffffff;--icon-bg-color:var(--color-header-middle-bg);\"><i class=\"fas fa-layer-group\"><\/i><\/div><div class=\"w-iconbox-meta\"><h4 class=\"w-iconbox-title\" style=\"font-size:1.5rem;\">Vytv\u00e1ranie podpory<\/h4><div class=\"w-iconbox-text\"><p><span style=\"font-weight: 400;\">Rodiny potrebuj\u00fa kvalitn\u00fa a spo\u013eahliv\u00fa starostlivos\u0165 o deti a \u017eiv\u00e9 miesta na stret\u00e1vanie v \u0161tvrti.<\/span><\/p>\n<\/div><\/div><\/div><\/div><\/div><div class=\"wpb_column vc_column_container\"><div class=\"vc_column-inner\"><div class=\"w-iconbox us_custom_8b3d6790 has_text_color iconpos_left style_default color_custom align_left\"><div class=\"w-iconbox-icon\" style=\"font-size:2rem;--icon-color:#Ffffff;--icon-bg-color:var(--color-header-transparent-text);\"><i class=\"fas fa-layer-group\"><\/i><\/div><div class=\"w-iconbox-meta\"><h4 class=\"w-iconbox-title\" style=\"font-size:1.5rem;\">Podpora rovnosti<\/h4><div class=\"w-iconbox-text\"><p><span style=\"font-weight: 400;\">Dobr\u00e9 r\u00e1mcov\u00e9 podmienky umo\u017e\u0148uj\u00fa spravodliv\u00e9 rozdelenie opatrovate\u013eskej pr\u00e1ce a prispievaj\u00fa k rodovej rovnosti. Osamel\u00ed rodi\u010dia im umo\u017e\u0148uj\u00fa z\u00fa\u010dast\u0148ova\u0165 sa na pracovnom a mestskom \u017eivote.<\/span><\/p>\n<\/div><\/div><\/div><\/div><\/div><div class=\"wpb_column vc_column_container\"><div class=\"vc_column-inner\"><\/div><\/div><\/div><div class=\"w-separator size_medium\"><\/div><div class=\"w-btn-wrapper align_left\"><a class=\"w-btn us-btn-style_8 icon_atleft\" href=\"https:\/\/gruene-wiesbaden.de\/sk\/kommunalwahl\/#Kapitel2\"><i class=\"fas fa-chevron-circle-right\"><\/i><span class=\"w-btn-label\">Sp\u00e4\u0165 na preh\u013ead<\/span><\/a><\/div><div class=\"w-separator size_medium\"><\/div><\/div><\/div><\/div><\/div><\/section><section class=\"l-section wpb_row height_auto with_img\"><div class=\"l-section-img\" role=\"img\" data-img-width=\"2560\" data-img-height=\"1707\" style=\"background-image: url(https:\/\/gruene-wiesbaden.de\/wp-content\/uploads\/2025\/11\/2.8-Kinder-Familien-und-Alleinerziehende-scaled.jpg);background-repeat: no-repeat;\"><\/div><div class=\"l-section-overlay\" style=\"background:var(--color-header-top-transparent-bg)\"><\/div><div class=\"l-section-h i-cf\"><div class=\"g-cols vc_row via_grid cols_1 laptops-cols_inherit tablets-cols_inherit mobiles-cols_1 valign_middle type_default stacking_default\" style=\"--columns-gap:1rem;\"><div class=\"wpb_column vc_column_container\"><div class=\"vc_column-inner\"><div class=\"w-separator size_large\"><\/div><div class=\"wpb_text_column us_custom_fa36a3ac has_text_color background_inside_text\"><div class=\"wpb_wrapper\"><h1>\u010co konkr\u00e9tne chceme v tejto oblasti urobi\u0165<\/h1>\n<\/div><\/div><div class=\"w-separator size_medium\"><\/div><div class=\"w-tabs us_custom_42d693a0 has_text_color style_default switch_click accordion has_scrolling\" style=\"--sections-title-size:1.4rem\"><div class=\"w-tabs-sections titles-align_none icon_chevron cpos_right\"><div class=\"w-tabs-section has_text_color\" id=\"f362\" style=\"background:var(--color-header-transparent-text);color:var(--color-header-top-text-hover);\"><button class=\"w-tabs-section-header\" aria-controls=\"content-f362\" aria-expanded=\"false\"><div class=\"w-tabs-section-title\">Zlep\u0161i\u0165 pr\u00edstupnos\u0165 osobitn\u00e9ho programu na boj proti chudobe det\u00ed<\/div><div class=\"w-tabs-section-control\"><\/div><\/button><div  class=\"w-tabs-section-content\" id=\"content-f362\"><div class=\"w-tabs-section-content-h i-cf\"><div class=\"wpb_text_column\"><div class=\"wpb_wrapper\"><p><span style=\"font-weight: 400;\">Chceme, aby v\u0161etky deti mali rovnak\u00e9 pr\u00edle\u017eitosti. Preto chceme posilni\u0165 existuj\u00face ponuky v oblasti vo\u013en\u00e9ho \u010dasu, vzdel\u00e1vania a zdravia a zlep\u0161i\u0165 ich dostupnos\u0165. Vy\u017eaduje si to n\u00edzkoprahov\u00fd, nebyrokratick\u00fd a viacjazy\u010dn\u00fd pr\u00edstup.<\/span><\/p>\n<\/div><\/div><\/div><\/div><\/div><div class=\"w-tabs-section has_text_color\" id=\"j47f\" style=\"background:var(--color-header-transparent-text);color:var(--color-header-top-text-hover);\"><button class=\"w-tabs-section-header\" aria-controls=\"content-j47f\" aria-expanded=\"false\"><div class=\"w-tabs-section-title\">Zapojenie det\u00ed a rod\u00edn do rozhodovania<\/div><div class=\"w-tabs-section-control\"><\/div><\/button><div  class=\"w-tabs-section-content\" id=\"content-j47f\"><div class=\"w-tabs-section-content-h i-cf\"><div class=\"wpb_text_column\"><div class=\"wpb_wrapper\"><p><span style=\"font-weight: 400;\">Chceme, aby sa deti systematicky zap\u00e1jali do rozhodnut\u00ed, ktor\u00e9 sa ich t\u00fdkaj\u00fa a posil\u0148uj\u00fa ich mo\u017enosti demokratickej \u00fa\u010dasti. GR\u00dcNE rob\u00ed z det\u00ed a rod\u00edn akt\u00edvnych spolutvorcov svojho mesta. Ich n\u00e1pady maj\u00fa by\u0165 za\u010dlenen\u00e9 do pl\u00e1novania ihr\u00edsk, vzdel\u00e1vac\u00edch a vo\u013eno\u010dasov\u00fdch aktiv\u00edt, ako aj mestsk\u00fdch projektov. K tomu by mali prispie\u0165 detsk\u00e9 konferencie, form\u00e1ty digit\u00e1lnej \u00fa\u010dasti a zapojenie do projektov vo v\u00fdboroch. Spolupr\u00e1ca s matersk\u00fdmi \u0161kolami, \u0161kolami a KiEZen (centr\u00e1 pre rodi\u010dov det\u00ed) zabezpe\u010duje, aby sa n\u00e1vrhy realizovali a mali vidite\u013en\u00fd \u00fa\u010dinok. Takto podporujeme demokratick\u00fa \u00fa\u010das\u0165 od \u00fatleho veku a spolupracujeme na tom, aby bol Wiesbaden vhodn\u00fd pre deti, \u017eiv\u00fd a orientovan\u00fd na bud\u00facnos\u0165.<\/span><\/p>\n<\/div><\/div><\/div><\/div><\/div><div class=\"w-tabs-section has_text_color\" id=\"q597\" style=\"background:var(--color-header-transparent-text);color:var(--color-header-top-text-hover);\"><button class=\"w-tabs-section-header\" aria-controls=\"content-q597\" aria-expanded=\"false\"><div class=\"w-tabs-section-title\">Zabezpe\u010denie zdrav\u00e9ho \u0161kolsk\u00e9ho stravovania<\/div><div class=\"w-tabs-section-control\"><\/div><\/button><div  class=\"w-tabs-section-content\" id=\"content-q597\"><div class=\"w-tabs-section-content-h i-cf\"><div class=\"wpb_text_column\"><div class=\"wpb_wrapper\"><p><span style=\"font-weight: 400;\">Chceme, aby v\u0161etky deti v centr\u00e1ch dennej starostlivosti a v\u0161etci \u0161tudenti vo Wiesbadene mali ka\u017edodenn\u00fd pr\u00edstup k zdrav\u00fdm, vyv\u00e1\u017een\u00fdm a chutn\u00fdm jedl\u00e1m. Zdrav\u00e9 stravovanie podporuje nielen koncentr\u00e1ciu a v\u00fdkonnos\u0165, ale aj dlhodob\u00e9 zdravie. Preto sme sa zaviazali k vysokokvalitn\u00fdm \u010derstv\u00fdm potravin\u00e1m, ktor\u00e9 s\u00fa tie\u017e cenovo dostupn\u00e9, aby z nich mohli ma\u0165 prospech v\u0161etky deti a mlad\u00ed \u013eudia bez oh\u013eadu na pe\u0148a\u017eenky svojich rod\u00edn.<\/span><\/p>\n<\/div><\/div><\/div><\/div><\/div><div class=\"w-tabs-section has_text_color\" id=\"h6b8\" style=\"background:var(--color-header-middle-bg);color:var(--color-content-heading);\"><button class=\"w-tabs-section-header\" aria-controls=\"content-h6b8\" aria-expanded=\"false\"><div class=\"w-tabs-section-title\">Zabezpe\u010denie okresnej soci\u00e1lnej pr\u00e1ce<\/div><div class=\"w-tabs-section-control\"><\/div><\/button><div  class=\"w-tabs-section-content\" id=\"content-h6b8\"><div class=\"w-tabs-section-content-h i-cf\"><div class=\"wpb_text_column\"><div class=\"wpb_wrapper\"><p><span style=\"font-weight: 400;\">Zaviazali sme sa k efekt\u00edvnej soci\u00e1lnej pr\u00e1ci, ktor\u00e1 sa dostane k \u013eu\u010fom tam, kde potrebuj\u00fa pomoc. Na tento \u00fa\u010del chceme vyhodnoti\u0165 existuj\u00face ponuky a \u010falej ich rozv\u00edja\u0165 v s\u00falade s potrebami mestskej spr\u00e1vy. Dobre vybaven\u00e9 t\u00edmy v ter\u00e9ne m\u00f4\u017eu poskytova\u0165 podporu rodin\u00e1m a de\u0165om v ranom \u0161t\u00e1diu \u2013 \u010di u\u017e v konfliktoch, stresov\u00fdch \u017eivotn\u00fdch situ\u00e1ci\u00e1ch alebo kr\u00edzach v ka\u017edodennom \u017eivote. Okresn\u00e1 soci\u00e1lna pr\u00e1ca m\u00e1 prevent\u00edvny \u00fa\u010dinok: Detekuje nebezpe\u010dn\u00e9 situ\u00e1cie, poskytuje pomoc a zmier\u0148uje rodi\u010dov sk\u00f4r, ako sa probl\u00e9my vystup\u0148ovaj\u00fa. Z\u00e1rove\u0148 podporuje s\u00fadr\u017enos\u0165 v okrese, siete \u0161k\u00f4l, centier dennej starostlivosti a zdru\u017een\u00ed a vytv\u00e1ra n\u00edzkoprahov\u00e9 kontaktn\u00e9 miesta pre v\u0161etky rodiny. V\u010faka dobre umiestnenej okresnej soci\u00e1lnej pr\u00e1ci zabezpe\u010dujeme, aby ka\u017ed\u00e1 rodina dostala podporu, ktor\u00fa potrebuje, a aby deti mohli vyrasta\u0165 v bezpe\u010dnom prostred\u00ed.<\/span><\/p>\n<\/div><\/div><\/div><\/div><\/div><div class=\"w-tabs-section has_text_color\" id=\"d7cd\" style=\"background:var(--color-header-transparent-text);color:var(--color-header-top-text-hover);\"><button class=\"w-tabs-section-header\" aria-controls=\"content-d7cd\" aria-expanded=\"false\"><div class=\"w-tabs-section-title\">Urobi\u0165 starostlivos\u0165 o deti nepr\u00edspevkovou<\/div><div class=\"w-tabs-section-control\"><\/div><\/button><div  class=\"w-tabs-section-content\" id=\"content-d7cd\"><div class=\"w-tabs-section-content-h i-cf\"><div class=\"wpb_text_column\"><div class=\"wpb_wrapper\"><p><span style=\"font-weight: 400;\">Spolupracujeme so \u0161t\u00e1tom, aby sme zabezpe\u010dili, \u017ee detsk\u00e9 centr\u00e1 dennej starostlivosti s\u00fa bezplatn\u00e9. Dovtedy budeme pokra\u010dova\u0165 v existuj\u00facom syst\u00e9me mestsk\u00fdch pr\u00edspevkov, ktor\u00fd zni\u017euje pr\u00edspevky pre rodiny s ve\u013ek\u00fdmi de\u0165mi a oslobodzuje rodiny s n\u00edzkymi pr\u00edjmami od pr\u00edspevkov.<\/span><\/p>\n<\/div><\/div><\/div><\/div><\/div><div class=\"w-tabs-section has_text_color\" id=\"a8e8\" style=\"background:var(--color-header-middle-bg);color:var(--color-header-middle-text);\"><button class=\"w-tabs-section-header\" aria-controls=\"content-a8e8\" aria-expanded=\"false\"><div class=\"w-tabs-section-title\">Podporova\u0165 rodi\u010dovsk\u00e9 centr\u00e1 det\u00ed a roz\u0161irova\u0165 ich do \u010fal\u0161\u00edch okresov<\/div><div class=\"w-tabs-section-control\"><\/div><\/button><div  class=\"w-tabs-section-content\" id=\"content-a8e8\"><div class=\"w-tabs-section-content-h i-cf\"><div class=\"wpb_text_column\"><div class=\"wpb_wrapper\"><p><span style=\"font-weight: 400;\">S KinderElternZentren (KiEZe) posil\u0148ujeme rodiny priamo v ich okresoch. KiEZe vo Wiesbadene \u2013 napr\u00edklad v Klarenthale, Schelmengrabene, Westende a Biebrichu \u2013 u\u017e nieko\u013eko rokov poskytuje poradenstvo, vzdel\u00e1vanie a stretnutia. Sl\u00fa\u017eia ako n\u00edzkoprahov\u00e9 kontaktn\u00e9 miesta v okresoch a pon\u00fakaj\u00fa flexibiln\u00fa starostlivos\u0165 o deti, rodi\u010dovsk\u00e9 kaviarne a vzdel\u00e1vacie poradenstvo z jedn\u00e9ho zdroja \u2013 najm\u00e4 pre osamel\u00fdch rodi\u010dov a rodiny v n\u00e1ro\u010dn\u00fdch situ\u00e1ci\u00e1ch. Sie\u0165 centier dennej starostlivosti KiEZe, soci\u00e1lnych slu\u017eieb a susedsk\u00fdch iniciat\u00edv, a t\u00fdm podporuje komunitu a rovnak\u00e9 pr\u00edle\u017eitosti. My Zelen\u00ed sme t\u00fato koncepciu podporili u\u017e na za\u010diatku a sme odhodlan\u00ed \u010falej posil\u0148ova\u0165 existuj\u00face KiEZe a roz\u0161irova\u0165 ho do \u010fal\u0161\u00edch okresov. Chceme tie\u017e podpori\u0165 KiEZe dostato\u010dn\u00fdmi finan\u010dn\u00fdmi zdrojmi, aby mohli podporova\u0165 rodiny a realizova\u0165 projekty z vlastnej iniciat\u00edvy.<\/span><\/p>\n<\/div><\/div><\/div><\/div><\/div><div class=\"w-tabs-section has_text_color\" id=\"ha02\" style=\"background:var(--color-header-transparent-text);color:var(--color-header-top-text-hover);\"><button class=\"w-tabs-section-header\" aria-controls=\"content-ha02\" aria-expanded=\"false\"><div class=\"w-tabs-section-title\">Urobte ihrisk\u00e1 atrakt\u00edvnymi<\/div><div class=\"w-tabs-section-control\"><\/div><\/button><div  class=\"w-tabs-section-content\" id=\"content-ha02\"><div class=\"w-tabs-section-content-h i-cf\"><div class=\"wpb_text_column\"><div class=\"wpb_wrapper\"><p><span style=\"font-weight: 400;\">V\u0161etky rodiny by mali ma\u0165 mo\u017enos\u0165 dosta\u0165 sa na atrakt\u00edvne ihrisk\u00e1 v pe\u0161ej vzdialenosti. Je pre n\u00e1s d\u00f4le\u017eit\u00e9, aby sa roz\u0161\u00edril po\u010det bezbari\u00e9rov\u00fdch hern\u00fdch zariaden\u00ed.<\/span><\/p>\n<\/div><\/div><\/div><\/div><\/div><\/div><\/div><div class=\"w-separator size_medium\"><\/div><div class=\"w-btn-wrapper align_left\"><a class=\"w-btn us-btn-style_8 icon_atleft\" href=\"https:\/\/gruene-wiesbaden.de\/sk\/kommunalwahl\/#Kapitel2\"><i class=\"fas fa-chevron-circle-right\"><\/i><span class=\"w-btn-label\">Sp\u00e4\u0165 na preh\u013ead<\/span><\/a><\/div><div class=\"w-separator size_large\"><\/div><div class=\"wpb_text_column us_custom_29deb344 has_text_color\"><div class=\"wpb_wrapper\"><h1>\u010co sme u\u017e dosiahli<\/h1>\n<\/div><\/div><div class=\"w-separator size_medium\"><\/div><div class=\"w-tabs us_custom_42d693a0 has_text_color style_default switch_click accordion has_scrolling\" style=\"--sections-title-size:1.4rem\"><div class=\"w-tabs-sections titles-align_none icon_chevron cpos_right\"><div class=\"w-tabs-section has_text_color\" id=\"ca83\" style=\"background:var(--color-header-transparent-text);color:var(--color-header-top-text-hover);\"><button class=\"w-tabs-section-header\" aria-controls=\"content-ca83\" aria-expanded=\"false\"><div class=\"w-tabs-section-title\">Roz\u0161\u00edrenie Kita \u00faspe\u0161ne pokro\u010dilo<\/div><div class=\"w-tabs-section-control\"><\/div><\/button><div  class=\"w-tabs-section-content\" id=\"content-ca83\"><div class=\"w-tabs-section-content-h i-cf\"><div class=\"wpb_text_column\"><div class=\"wpb_wrapper\"><p><span style=\"font-weight: 400;\">Od roku 2022 sme vo Wiesbadene v\u00fdrazne roz\u0161\u00edrili denn\u00fa starostlivos\u0165: V roku 2024\/25 bolo k dispoz\u00edcii 10 308 miest, \u010do je o 227 viac ako v predch\u00e1dzaj\u00facom roku, pri\u010dom po\u010det det\u00ed vo Wiesbadene klesol (2020\/21 11 062, 2024\/25 10 912). V oblasti U3 je k dispoz\u00edcii priestor 37,7% v rokoch 2020\/21 a\u017e 41.1% v rokoch 2024\/25 a v z\u00e1kladnom rozsahu 90% v rokoch 2020\/21 a\u017e 94,4%zv\u00fd\u0161enie v rokoch 2024\/2025. To umo\u017en\u00ed viacer\u00fdm rodin\u00e1m kombinova\u0165 pr\u00e1cu a starostlivos\u0165 o deti.<\/span><\/p>\n<\/div><\/div><\/div><\/div><\/div><div class=\"w-tabs-section has_text_color\" id=\"vb9c\" style=\"background:var(--color-header-transparent-text);color:var(--color-header-top-text-hover);\"><button class=\"w-tabs-section-header\" aria-controls=\"content-vb9c\" aria-expanded=\"false\"><div class=\"w-tabs-section-title\">Otvorili sa nov\u00e9 matersk\u00e9 \u0161koly<\/div><div class=\"w-tabs-section-control\"><\/div><\/button><div  class=\"w-tabs-section-content\" id=\"content-vb9c\"><div class=\"w-tabs-section-content-h i-cf\"><div class=\"wpb_text_column\"><div class=\"wpb_wrapper\"><p><span style=\"font-weight: 400;\">Vytvorili sa nov\u00e9 zariadenia, najm\u00e4 v nov\u00fdch stavebn\u00fdch oblastiach, ako je korut\u00e1nska \u0161tvr\u0165. Preto sa osobitne zlep\u0161ila ponuka v okresoch s vysok\u00fdm rastom.<\/span><\/p>\n<\/div><\/div><\/div><\/div><\/div><div class=\"w-tabs-section has_text_color\" id=\"acb2\" style=\"background:var(--color-header-transparent-text);color:var(--color-header-top-text-hover);\"><button class=\"w-tabs-section-header\" aria-controls=\"content-acb2\" aria-expanded=\"false\"><div class=\"w-tabs-section-title\">Celodenn\u00e1 starostlivos\u0165 na \u0161kol\u00e1ch sa roz\u0161\u00edrila<\/div><div class=\"w-tabs-section-control\"><\/div><\/button><div  class=\"w-tabs-section-content\" id=\"content-acb2\"><div class=\"w-tabs-section-content-h i-cf\"><div class=\"wpb_text_column\"><div class=\"wpb_wrapper\"><p><span style=\"font-weight: 400;\">u\u017e 62 % Deti z\u00e1kladn\u00fdch \u0161k\u00f4l teraz vyu\u017e\u00edvaj\u00fa popolud\u0148aj\u0161iu starostlivos\u0165. Ide o v\u00fdznamn\u00fd krok smerom k uplat\u0148ovaniu z\u00e1konn\u00e9ho pr\u00e1va na starostlivos\u0165 na pln\u00fd \u00fav\u00e4zok.<\/span><\/p>\n<\/div><\/div><\/div><\/div><\/div><div class=\"w-tabs-section has_text_color\" id=\"cdd2\" style=\"background:var(--color-header-middle-bg);color:var(--color-content-heading);\"><button class=\"w-tabs-section-header\" aria-controls=\"content-cdd2\" aria-expanded=\"false\"><div class=\"w-tabs-section-title\">Dovolenkov\u00e1 starostlivos\u0165 sa roz\u0161\u00edrila a zlep\u0161ila<\/div><div class=\"w-tabs-section-control\"><\/div><\/button><div  class=\"w-tabs-section-content\" id=\"content-cdd2\"><div class=\"w-tabs-section-content-h i-cf\"><div class=\"wpb_text_column\"><div class=\"wpb_wrapper\"><p><span style=\"font-weight: 400;\">Slu\u017eby dovolenkovej starostlivosti pre deti a dospievaj\u00facich sa v\u00fdrazne roz\u0161\u00edrili. Spolupr\u00e1cou mestskej spr\u00e1vy s r\u00f4znymi partnermi boli vytvoren\u00e9 \u010fal\u0161ie programy, ktor\u00e9 sp\u013a\u0148aj\u00fa potreby rod\u00edn. Projekty, ako s\u00fa napr\u00edklad letn\u00e9 pr\u00e1zdninov\u00e9 hry v pr\u00edrodnom parku Cyperus, pon\u00fakli de\u0165om mo\u017enos\u0165 str\u00e1vi\u0165 dovolenku v pr\u00edrodnom prostred\u00ed. Okrem toho sme sa my Zelen\u00ed zaviazali za\u010dleni\u0165 ponuky dovoleniek do mestsk\u00e9ho dovolenkov\u00e9ho programu, aby sme zabezpe\u010dili lep\u0161\u00ed preh\u013ead a dostupnos\u0165 pre v\u0161etky rodiny bez oh\u013eadu na ich pr\u00edjem alebo \u017eivotn\u00fa situ\u00e1ciu.<\/span><\/p>\n<\/div><\/div><\/div><\/div><\/div><div class=\"w-tabs-section has_text_color\" id=\"geee\" style=\"background:var(--color-header-transparent-text);color:var(--color-header-top-text-hover);\"><button class=\"w-tabs-section-header\" aria-controls=\"content-geee\" aria-expanded=\"false\"><div class=\"w-tabs-section-title\">Posilnila sa ponuka \u0161kolskej soci\u00e1lnej pr\u00e1ce na \u0161kol\u00e1ch<\/div><div class=\"w-tabs-section-control\"><\/div><\/button><div  class=\"w-tabs-section-content\" id=\"content-geee\"><div class=\"w-tabs-section-content-h i-cf\"><div class=\"wpb_text_column\"><div class=\"wpb_wrapper\"><p><span style=\"font-weight: 400;\">V\u00fdrazne sme posilnili \u0161kolsk\u00fa soci\u00e1lnu pr\u00e1cu vo Wiesbadene: Od roku 2025 p\u00f4sobia na mieste profesion\u00e1lni soci\u00e1lni pracovn\u00edci na v\u0161etk\u00fdch z\u00e1kladn\u00fdch a stredn\u00fdch \u0161kol\u00e1ch, integrovan\u00fdch komplexn\u00fdch \u0161kol\u00e1ch a odborn\u00fdch \u0161kol\u00e1ch. S\u00fa priamym kontaktn\u00fdm miestom pre \u017eiakov, rodi\u010dov a u\u010dite\u013eov \u2013 \u010di u\u017e ide o \u0161kolsk\u00e9, soci\u00e1lne alebo osobn\u00e9 v\u00fdzvy. \u0160kolsk\u00e1 soci\u00e1lna pr\u00e1ca poskytuje prevent\u00edvnu pr\u00e1cu, podporuje konflikty a kr\u00edzy a podporuje soci\u00e1lny rozvoj det\u00ed a dospievaj\u00facich. Roz\u0161\u00edren\u00e1 pr\u00edtomnos\u0165 v \u0161kol\u00e1ch pom\u00e1ha zvy\u0161ova\u0165 rovnos\u0165 pr\u00edle\u017eitost\u00ed, posil\u0148ova\u0165 s\u00fadr\u017enos\u0165 a poskytova\u0165 de\u0165om bezpe\u010dn\u00e9 a podporn\u00e9 vzdel\u00e1vacie prostredie.<\/span><\/p>\n<\/div><\/div><\/div><\/div><\/div><div class=\"w-tabs-section has_text_color\" id=\"z005\" style=\"background:var(--color-header-transparent-text);color:var(--color-header-top-text-hover);\"><button class=\"w-tabs-section-header\" aria-controls=\"content-z005\" aria-expanded=\"false\"><div class=\"w-tabs-section-title\">Informa\u010dn\u00e9 centrum pre ml\u00e1de\u017e (JIZ) ako jednotn\u00e9 kontaktn\u00e9 miesto pre mlad\u00fdch \u013eud\u00ed<\/div><div class=\"w-tabs-section-control\"><\/div><\/button><div  class=\"w-tabs-section-content\" id=\"content-z005\"><div class=\"w-tabs-section-content-h i-cf\"><div class=\"wpb_text_column\"><div class=\"wpb_wrapper\"><p><span style=\"font-weight: 400;\">Novovytvoren\u00e9 jednotn\u00e9 kontaktn\u00e9 miesto JIZ je ove\u013ea viac ako len informa\u010dn\u00fd bod. Mlad\u00ed \u013eudia tu dost\u00e1vaj\u00fa poradenstvo o mo\u017enostiach tr\u00e1venia vo\u013en\u00e9ho \u010dasu, cest\u00e1ch odbornej pr\u00edpravy, pr\u00e1vnych ot\u00e1zkach alebo osobn\u00fdch probl\u00e9moch. JIZ je preto miestom, kde m\u00f4\u017eu mlad\u00ed \u013eudia \u013eahko n\u00e1js\u0165 pomoc, ke\u010f ju potrebuj\u00fa.<\/span><\/p>\n<\/div><\/div><\/div><\/div><\/div><div class=\"w-tabs-section has_text_color\" id=\"y12b\" style=\"background:var(--color-header-transparent-text);color:var(--color-header-top-text-hover);\"><button class=\"w-tabs-section-header\" aria-controls=\"content-y12b\" aria-expanded=\"false\"><div class=\"w-tabs-section-title\">Roz\u0161\u00edrenie vo\u013en\u00fdch \u0161portov\u00fdch a vo\u013eno\u010dasov\u00fdch priestorov<\/div><div class=\"w-tabs-section-control\"><\/div><\/button><div  class=\"w-tabs-section-content\" id=\"content-y12b\"><div class=\"w-tabs-section-content-h i-cf\"><div class=\"wpb_text_column\"><div class=\"wpb_wrapper\"><p><span style=\"font-weight: 400;\">Bolzplatz bol zrekon\u0161truovan\u00fd a napr\u00edklad boli vytvoren\u00e9 nov\u00e9 zariadenia pre kalist\u00e9niku alebo kor\u010du\u013eovanie, ako napr\u00edklad v Kransand v Mainz-Kastel. Chceme pon\u00faknu\u0165 pr\u00edle\u017eitosti v meste \u0161portova\u0165 a pohybova\u0165 sa zadarmo.<\/span><\/p>\n<\/div><\/div><\/div><\/div><\/div><div class=\"w-tabs-section has_text_color\" id=\"f245\" style=\"background:var(--color-header-transparent-text);color:var(--color-header-top-text-hover);\"><button class=\"w-tabs-section-header\" aria-controls=\"content-f245\" aria-expanded=\"false\"><div class=\"w-tabs-section-title\">L\u00edstok WI15<\/div><div class=\"w-tabs-section-control\"><\/div><\/button><div  class=\"w-tabs-section-content\" id=\"content-f245\"><div class=\"w-tabs-section-content-h i-cf\"><div class=\"wpb_text_column\"><div class=\"wpb_wrapper\"><p><span style=\"font-weight: 400;\">Deti a dospievaj\u00faci z Wiesbadenu m\u00f4\u017eu zosta\u0165 a\u017e do svojich 18. naroden\u00edn. Narodeniny vyu\u017e\u00edvaj\u00fa verejn\u00fa dopravu po celom Hesensku a Mainzi len za 15 \u20ac mesa\u010dne. Rodiny s n\u00edzkymi pr\u00edjmami platia len 10 eur. Napriek ned\u00e1vnemu n\u00e1rastu pravideln\u00e9ho \u0161tudentsk\u00e9ho l\u00edstka v Hesensku zo strany RMV na pribli\u017ene 32 EUR mesa\u010dne si mesto Wiesbaden udr\u017eiava stabiln\u00fa cenu l\u00edstka WI15. T\u00fdmto sp\u00f4sobom sa rodin\u00e1m osobitne u\u013eav\u00ed v \u010dasoch infl\u00e1cie a rast\u00facich \u017eivotn\u00fdch n\u00e1kladov.<\/span><\/p>\n<\/div><\/div><\/div><\/div><\/div><div class=\"w-tabs-section has_text_color\" id=\"c363\" style=\"background:var(--color-header-transparent-text);color:var(--color-header-top-text-hover);\"><button class=\"w-tabs-section-header\" aria-controls=\"content-c363\" aria-expanded=\"false\"><div class=\"w-tabs-section-title\">Vo\u013en\u00e9 pl\u00e1vanie po\u010das sviatkov<\/div><div class=\"w-tabs-section-control\"><\/div><\/button><div  class=\"w-tabs-section-content\" id=\"content-c363\"><div class=\"w-tabs-section-content-h i-cf\"><div class=\"wpb_text_column\"><div class=\"wpb_wrapper\"><p><span style=\"font-weight: 400;\">Od decembra 2023 m\u00f4\u017eu deti a dospievaj\u00faci vo veku do 18 rokov po\u010das v\u0161etk\u00fdch hesensk\u00fdch \u0161kolsk\u00fdch pr\u00e1zdnin bezplatne pl\u00e1va\u0165 v mnoh\u00fdch baz\u00e9noch vo Wiesbadene.<\/span><\/p>\n<\/div><\/div><\/div><\/div><\/div><div class=\"w-tabs-section has_text_color\" id=\"d4ae\" style=\"background:var(--color-header-transparent-text);color:var(--color-header-top-text-hover);\"><button class=\"w-tabs-section-header\" aria-controls=\"content-d4ae\" aria-expanded=\"false\"><div class=\"w-tabs-section-title\">V\u00e4\u010d\u0161ia bezpe\u010dnos\u0165 a menej hluku v centre mesta<\/div><div class=\"w-tabs-section-control\"><\/div><\/button><div  class=\"w-tabs-section-content\" id=\"content-d4ae\"><div class=\"w-tabs-section-content-h i-cf\"><div class=\"wpb_text_column\"><div class=\"wpb_wrapper\"><p><span style=\"font-weight: 400;\">40 km\/h na hlavn\u00fdch cest\u00e1ch a viac z\u00f3n 30 km\/h na ved\u013eaj\u0161\u00edch cest\u00e1ch znamen\u00e1 v\u00e4\u010d\u0161iu bezpe\u010dnos\u0165, najm\u00e4 pre deti prech\u00e1dzaj\u00face ulicami pe\u0161o alebo na bicykli. Z\u00e1rove\u0148 sa zni\u017euje zne\u010distenie hlukom pre v\u0161etk\u00fdch, \u010do zlep\u0161uje kvalitu \u017eivota a chr\u00e1ni na\u0161e zdravie.<\/span><\/p>\n<\/div><\/div><\/div><\/div><\/div><div class=\"w-tabs-section has_text_color\" id=\"f603\" style=\"background:var(--color-header-transparent-text);color:var(--color-header-top-text-hover);\"><button class=\"w-tabs-section-header\" aria-controls=\"content-f603\" aria-expanded=\"false\"><div class=\"w-tabs-section-title\">Pred\u013a\u017eenie bezpe\u010dn\u00fdch cyklistick\u00fdch tr\u00e1s<\/div><div class=\"w-tabs-section-control\"><\/div><\/button><div  class=\"w-tabs-section-content\" id=\"content-f603\"><div class=\"w-tabs-section-content-h i-cf\"><div class=\"wpb_text_column\"><div class=\"wpb_wrapper\"><p><span style=\"font-weight: 400;\">Bezpe\u010dn\u00e9 cyklistick\u00e9 trasy u\u013eah\u010duj\u00fa najm\u00e4 de\u0165om dosta\u0165 sa do \u0161koly nez\u00e1visle a s men\u0161\u00edm nebezpe\u010denstvom, ako aj jazdi\u0165 nez\u00e1visle na dennej b\u00e1ze. Preto sme napr\u00edklad premenili dve ulice v bl\u00edzkosti \u0161koly, Lessingstra\u00dfe a Mosbacher Stra\u00dfe, na cyklistick\u00e9 cesty. Pr\u00edklad cyklistick\u00e9ho chodn\u00edka R\u00fdnske l\u00faky tie\u017e ukazuje, \u017ee infra\u0161trukt\u00fara je napl\u00e1novan\u00e1 konkr\u00e9tne tak, aby ju aj mlad\u0161\u00ed cyklisti mohli bezpe\u010dne vyu\u017e\u00edva\u0165 vo svojom vo\u013enom \u010dase alebo na ceste do \u0161koly.<\/span><\/p>\n<\/div><\/div><\/div><\/div><\/div><div class=\"w-tabs-section has_text_color\" id=\"n75c\" style=\"background:var(--color-header-transparent-text);color:var(--color-header-top-text-hover);\"><button class=\"w-tabs-section-header\" aria-controls=\"content-n75c\" aria-expanded=\"false\"><div class=\"w-tabs-section-title\">Modern\u00e9 ihrisk\u00e1 pre rodinn\u00e9 mesto<\/div><div class=\"w-tabs-section-control\"><\/div><\/button><div  class=\"w-tabs-section-content\" id=\"content-n75c\"><div class=\"w-tabs-section-content-h i-cf\"><div class=\"wpb_text_column\"><div class=\"wpb_wrapper\"><p><span style=\"font-weight: 400;\">Vyr\u00e1bame Wiesbaden vhodn\u00fd pre rodiny: S koncepciou v\u00fdvoja detsk\u00fdch ihr\u00edsk vytv\u00e1rame modern\u00e9, bezpe\u010dn\u00e9 a inkluz\u00edvne miesta na hranie a stret\u00e1vanie pre v\u0161etky gener\u00e1cie. Mnoh\u00e9 zariadenia ako Hohenloheplatz, Bolzplatz Bertramstra\u00dfe, Schlosspark Biebrich, Quellbornstra\u00dfe a Wallufer Platz u\u017e boli prepracovan\u00e9 alebo s\u00fa v pr\u00e1cach. Nov\u00e9 ponuky, ako je vodn\u00e9 ihrisko na Luisenplatz, prin\u00e1\u0161aj\u00fa do na\u0161ich okresov aj viac radosti a pohybu \u2013 pre Wiesbaden, ktor\u00fd pon\u00faka de\u0165om priestor na objavovanie a miesta pre rodiny, kde sa m\u00f4\u017eu stret\u00e1va\u0165.<\/span><\/p>\n<\/div><\/div><\/div><\/div><\/div><div class=\"w-tabs-section has_text_color\" id=\"j8af\" style=\"background:var(--color-header-transparent-text);color:var(--color-header-top-text-hover);\"><button class=\"w-tabs-section-header\" aria-controls=\"content-j8af\" aria-expanded=\"false\"><div class=\"w-tabs-section-title\">Bezpe\u010dn\u00e9 a \u017eiv\u00e9 ulice a n\u00e1mestia<\/div><div class=\"w-tabs-section-control\"><\/div><\/button><div  class=\"w-tabs-section-content\" id=\"content-j8af\"><div class=\"w-tabs-section-content-h i-cf\"><div class=\"wpb_text_column\"><div class=\"wpb_wrapper\"><p><span style=\"font-weight: 400;\">Ulice a n\u00e1mestia Wiesbadenu navrhujeme tak, aby boli bezpe\u010dn\u00e9, zelen\u00e9 a st\u00e1lo za to \u017ei\u0165 a poz\u00fdvame v\u00e1s, aby ste zostali dlh\u0161ie. Dokon\u010dili sa prestavby budov Sedanplatz a Court Street, po ktor\u00fdch nasledovali \u010fal\u0161ie projekty ako B\u00fclowplatz, Wallufer Platz, Yorckstra\u00dfe, Schwalbacher Stra\u00dfe a Alsask\u00fd park. Zelen\u00e9 oblasti, vy\u0161\u0161ia kvalita pobytu a bezpe\u010dn\u00e9 cesty vytv\u00e1raj\u00fa miesta, kde sa rodiny c\u00edtia pohodlne. Roz\u0161\u00edren\u00edm pe\u0161ej z\u00f3ny Wellritzstra\u00dfe a moderniz\u00e1ciou mnoh\u00fdch okresn\u00fdch n\u00e1mest\u00ed rob\u00edme z mesta miesto, kde sa deti m\u00f4\u017eu vo\u013ene a bezpe\u010dne pohybova\u0165 a hra\u0165 v bl\u00edzkosti svojho bydliska, a to aj v mestskej oblasti.<\/span><\/p>\n<\/div><\/div><\/div><\/div><\/div><div class=\"w-tabs-section has_text_color\" id=\"p9d0\" style=\"background:var(--color-header-transparent-text);color:var(--color-header-top-text-hover);\"><button class=\"w-tabs-section-header\" aria-controls=\"content-p9d0\" aria-expanded=\"false\"><div class=\"w-tabs-section-title\">Vo\u013en\u00fd \u010das, pr\u00edroda a kult\u00fara pre v\u0161etky gener\u00e1cie<\/div><div class=\"w-tabs-section-control\"><\/div><\/button><div  class=\"w-tabs-section-content\" id=\"content-p9d0\"><div class=\"w-tabs-section-content-h i-cf\"><div class=\"wpb_text_column\"><div class=\"wpb_wrapper\"><p><span style=\"font-weight: 400;\">Pr\u00edvetivos\u0165 k rodine je zjavn\u00e1 aj vo vo\u013enom \u010dase a kult\u00fare. Ba\u017eantstvo bolo roz\u0161\u00edren\u00e9 do Arche Parku, kult\u00farny park bol roz\u0161\u00edren\u00fd a navrhnut\u00fd s toaletami a z\u00e1sobn\u00edkmi vody pre rodiny. Font\u00e1na Play na Luisenplatz, nov\u00e9 vodn\u00e9 ihrisko v zariadeniach Reisinger, ktor\u00e9 sa m\u00e1 uvies\u0165 do prev\u00e1dzky v roku 2025, a podujatia, ako je Wiesbaden na \u013eade, trh s detsk\u00fdmi streleck\u00fdmi hviezdami alebo Playmobile, ktor\u00fd sa pou\u017e\u00edva na r\u00f4znych miestach, pon\u00fakaj\u00fa rados\u0165 a stretnutie pre mlad\u00fdch aj star\u00fdch.<\/span><\/p>\n<\/div><\/div><\/div><\/div><\/div><\/div><\/div><div class=\"w-separator size_medium\"><\/div><div class=\"w-btn-wrapper align_left\"><a class=\"w-btn us-btn-style_8 icon_atleft\" href=\"https:\/\/gruene-wiesbaden.de\/sk\/kommunalwahl\/#Kapitel2\"><i class=\"fas fa-chevron-circle-right\"><\/i><span class=\"w-btn-label\">Sp\u00e4\u0165 na preh\u013ead<\/span><\/a><\/div><div class=\"w-separator size_large\"><\/div><\/div><\/div><\/div><\/div><\/section>","protected":false},"excerpt":{"rendered":"Deti, rodiny a osamel\u00ed rodi\u010diaDeti s\u00fa na\u0161ou bud\u00facnos\u0165ou a maj\u00fa pr\u00e1vo na dobr\u00e9 \u017eivotn\u00e9 podmienky bez oh\u013eadu na soci\u00e1lny p\u00f4vod svojich rod\u00edn. Chudoba det\u00ed je \u0161truktur\u00e1lnym probl\u00e9mom, ktor\u00fd postihuje najm\u00e4 slobodn\u00e9 \u017eeny a ve\u013ek\u00e9 rodiny. Zos\u00faladenie pracovn\u00e9ho a rodinn\u00e9ho \u017eivota zost\u00e1va soci\u00e1lnou v\u00fdzvou. Deti maj\u00fa svoje vlastn\u00e9 pr\u00e1va a musia by\u0165 zapojen\u00e9 do demokratick\u00fdch rozhodovac\u00edch procesov.","protected":false},"author":1,"featured_media":1491,"comment_status":"closed","ping_status":"closed","sticky":false,"template":"","format":"standard","meta":{"footnotes":""},"categories":[15],"tags":[],"class_list":["post-1366","post","type-post","status-publish","format-standard","has-post-thumbnail","hentry","category-kapitel-2"],"yoast_head":"<!-- This site is optimized with the Yoast SEO plugin v27.5 - https:\/\/yoast.com\/product\/yoast-seo-wordpress\/ -->\n<title>Kinder, Familien und Alleinerziehende - B\u00dcNDNIS 90\/DIE GR\u00dcNEN Wiesbaden<\/title>\n<meta name=\"robots\" content=\"index, follow, max-snippet:-1, max-image-preview:large, max-video-preview:-1\" \/>\n<link rel=\"canonical\" href=\"https:\/\/gruene-wiesbaden.de\/sk\/kinder-familien-und-alleinerziehende\/\" \/>\n<meta property=\"og:locale\" content=\"sk_SK\" \/>\n<meta property=\"og:type\" content=\"article\" \/>\n<meta property=\"og:title\" content=\"Kinder, Familien und Alleinerziehende - B\u00dcNDNIS 90\/DIE GR\u00dcNEN Wiesbaden\" \/>\n<meta property=\"og:url\" content=\"https:\/\/gruene-wiesbaden.de\/sk\/kinder-familien-und-alleinerziehende\/\" \/>\n<meta property=\"og:site_name\" content=\"B\u00dcNDNIS 90\/DIE GR\u00dcNEN Wiesbaden\" \/>\n<meta property=\"article:publisher\" content=\"https:\/\/www.facebook.com\/gruene.wi\" \/>\n<meta property=\"article:published_time\" content=\"2025-11-09T22:18:23+00:00\" \/>\n<meta property=\"article:modified_time\" content=\"2026-04-09T08:38:51+00:00\" \/>\n<meta property=\"og:image\" content=\"https:\/\/gruene-wiesbaden.de\/wp-content\/uploads\/2025\/11\/2.8-Kinder-Familien-und-Alleinerziehende-scaled.jpg\" \/>\n\t<meta property=\"og:image:width\" content=\"2560\" \/>\n\t<meta property=\"og:image:height\" content=\"1707\" \/>\n\t<meta property=\"og:image:type\" content=\"image\/jpeg\" \/>\n<meta name=\"author\" content=\"admin\" \/>\n<meta name=\"twitter:card\" content=\"summary_large_image\" \/>\n<meta name=\"twitter:label1\" content=\"Autor\" \/>\n\t<meta name=\"twitter:data1\" content=\"admin\" \/>\n\t<meta name=\"twitter:label2\" content=\"Predpokladan\u00fd \u010das \u010d\u00edtania\" \/>\n\t<meta name=\"twitter:data2\" content=\"10 minutes\" \/>\n<script type=\"application\/ld+json\" class=\"yoast-schema-graph\">{\"@context\":\"https:\\\/\\\/schema.org\",\"@graph\":[{\"@type\":\"Article\",\"@id\":\"https:\\\/\\\/gruene-wiesbaden.de\\\/kinder-familien-und-alleinerziehende\\\/#article\",\"isPartOf\":{\"@id\":\"https:\\\/\\\/gruene-wiesbaden.de\\\/kinder-familien-und-alleinerziehende\\\/\"},\"author\":{\"name\":\"admin\",\"@id\":\"https:\\\/\\\/gruene-wiesbaden.de\\\/#\\\/schema\\\/person\\\/6785c34779159cd4fd86886bb097afe9\"},\"headline\":\"Kinder, Familien und Alleinerziehende\",\"datePublished\":\"2025-11-09T22:18:23+00:00\",\"dateModified\":\"2026-04-09T08:38:51+00:00\",\"mainEntityOfPage\":{\"@id\":\"https:\\\/\\\/gruene-wiesbaden.de\\\/kinder-familien-und-alleinerziehende\\\/\"},\"wordCount\":2989,\"publisher\":{\"@id\":\"https:\\\/\\\/gruene-wiesbaden.de\\\/#organization\"},\"image\":{\"@id\":\"https:\\\/\\\/gruene-wiesbaden.de\\\/kinder-familien-und-alleinerziehende\\\/#primaryimage\"},\"thumbnailUrl\":\"https:\\\/\\\/gruene-wiesbaden.de\\\/wp-content\\\/uploads\\\/2025\\\/11\\\/2.8-Kinder-Familien-und-Alleinerziehende-scaled.jpg\",\"articleSection\":[\"Kapitel 2\"],\"inLanguage\":\"sk-SK\"},{\"@type\":\"WebPage\",\"@id\":\"https:\\\/\\\/gruene-wiesbaden.de\\\/kinder-familien-und-alleinerziehende\\\/\",\"url\":\"https:\\\/\\\/gruene-wiesbaden.de\\\/kinder-familien-und-alleinerziehende\\\/\",\"name\":\"Kinder, Familien und Alleinerziehende - B\u00dcNDNIS 90\\\/DIE GR\u00dcNEN Wiesbaden\",\"isPartOf\":{\"@id\":\"https:\\\/\\\/gruene-wiesbaden.de\\\/#website\"},\"primaryImageOfPage\":{\"@id\":\"https:\\\/\\\/gruene-wiesbaden.de\\\/kinder-familien-und-alleinerziehende\\\/#primaryimage\"},\"image\":{\"@id\":\"https:\\\/\\\/gruene-wiesbaden.de\\\/kinder-familien-und-alleinerziehende\\\/#primaryimage\"},\"thumbnailUrl\":\"https:\\\/\\\/gruene-wiesbaden.de\\\/wp-content\\\/uploads\\\/2025\\\/11\\\/2.8-Kinder-Familien-und-Alleinerziehende-scaled.jpg\",\"datePublished\":\"2025-11-09T22:18:23+00:00\",\"dateModified\":\"2026-04-09T08:38:51+00:00\",\"breadcrumb\":{\"@id\":\"https:\\\/\\\/gruene-wiesbaden.de\\\/kinder-familien-und-alleinerziehende\\\/#breadcrumb\"},\"inLanguage\":\"sk-SK\",\"potentialAction\":[{\"@type\":\"ReadAction\",\"target\":[\"https:\\\/\\\/gruene-wiesbaden.de\\\/kinder-familien-und-alleinerziehende\\\/\"]}]},{\"@type\":\"ImageObject\",\"inLanguage\":\"sk-SK\",\"@id\":\"https:\\\/\\\/gruene-wiesbaden.de\\\/kinder-familien-und-alleinerziehende\\\/#primaryimage\",\"url\":\"https:\\\/\\\/gruene-wiesbaden.de\\\/wp-content\\\/uploads\\\/2025\\\/11\\\/2.8-Kinder-Familien-und-Alleinerziehende-scaled.jpg\",\"contentUrl\":\"https:\\\/\\\/gruene-wiesbaden.de\\\/wp-content\\\/uploads\\\/2025\\\/11\\\/2.8-Kinder-Familien-und-Alleinerziehende-scaled.jpg\",\"width\":2560,\"height\":1707},{\"@type\":\"BreadcrumbList\",\"@id\":\"https:\\\/\\\/gruene-wiesbaden.de\\\/kinder-familien-und-alleinerziehende\\\/#breadcrumb\",\"itemListElement\":[{\"@type\":\"ListItem\",\"position\":1,\"name\":\"Startseite\",\"item\":\"https:\\\/\\\/gruene-wiesbaden.de\\\/\"},{\"@type\":\"ListItem\",\"position\":2,\"name\":\"Kinder, Familien und Alleinerziehende\"}]},{\"@type\":\"WebSite\",\"@id\":\"https:\\\/\\\/gruene-wiesbaden.de\\\/#website\",\"url\":\"https:\\\/\\\/gruene-wiesbaden.de\\\/\",\"name\":\"DIE GR\u00dcNEN Wiesbaden\",\"description\":\"\",\"publisher\":{\"@id\":\"https:\\\/\\\/gruene-wiesbaden.de\\\/#organization\"},\"potentialAction\":[{\"@type\":\"SearchAction\",\"target\":{\"@type\":\"EntryPoint\",\"urlTemplate\":\"https:\\\/\\\/gruene-wiesbaden.de\\\/?s={search_term_string}\"},\"query-input\":{\"@type\":\"PropertyValueSpecification\",\"valueRequired\":true,\"valueName\":\"search_term_string\"}}],\"inLanguage\":\"sk-SK\"},{\"@type\":\"Organization\",\"@id\":\"https:\\\/\\\/gruene-wiesbaden.de\\\/#organization\",\"name\":\"DIE GR\u00dcNEN Wiesbaden\",\"url\":\"https:\\\/\\\/gruene-wiesbaden.de\\\/\",\"logo\":{\"@type\":\"ImageObject\",\"inLanguage\":\"sk-SK\",\"@id\":\"https:\\\/\\\/gruene-wiesbaden.de\\\/#\\\/schema\\\/logo\\\/image\\\/\",\"url\":\"https:\\\/\\\/gruene-wiesbaden-fuer-europa.de\\\/wp-content\\\/uploads\\\/2024\\\/04\\\/Machen-was-zaehlt-5.png\",\"contentUrl\":\"https:\\\/\\\/gruene-wiesbaden-fuer-europa.de\\\/wp-content\\\/uploads\\\/2024\\\/04\\\/Machen-was-zaehlt-5.png\",\"width\":1772,\"height\":1772,\"caption\":\"DIE GR\u00dcNEN Wiesbaden\"},\"image\":{\"@id\":\"https:\\\/\\\/gruene-wiesbaden.de\\\/#\\\/schema\\\/logo\\\/image\\\/\"},\"sameAs\":[\"https:\\\/\\\/www.facebook.com\\\/gruene.wi\",\"https:\\\/\\\/instagram.com\\\/gruene_wi\"]},{\"@type\":\"Person\",\"@id\":\"https:\\\/\\\/gruene-wiesbaden.de\\\/#\\\/schema\\\/person\\\/6785c34779159cd4fd86886bb097afe9\",\"name\":\"admin\",\"sameAs\":[\"http:\\\/\\\/gruene-wiesbaden-fuer-europa.de\"],\"url\":\"https:\\\/\\\/gruene-wiesbaden.de\\\/sk\\\/author\\\/admin\\\/\"}]}<\/script>\n<!-- \/ Yoast SEO plugin. -->","yoast_head_json":{"title":"Kinder, Familien und Alleinerziehende - B\u00dcNDNIS 90\/DIE GR\u00dcNEN Wiesbaden","robots":{"index":"index","follow":"follow","max-snippet":"max-snippet:-1","max-image-preview":"max-image-preview:large","max-video-preview":"max-video-preview:-1"},"canonical":"https:\/\/gruene-wiesbaden.de\/sk\/kinder-familien-und-alleinerziehende\/","og_locale":"sk_SK","og_type":"article","og_title":"Kinder, Familien und Alleinerziehende - B\u00dcNDNIS 90\/DIE GR\u00dcNEN Wiesbaden","og_url":"https:\/\/gruene-wiesbaden.de\/sk\/kinder-familien-und-alleinerziehende\/","og_site_name":"B\u00dcNDNIS 90\/DIE GR\u00dcNEN Wiesbaden","article_publisher":"https:\/\/www.facebook.com\/gruene.wi","article_published_time":"2025-11-09T22:18:23+00:00","article_modified_time":"2026-04-09T08:38:51+00:00","og_image":[{"width":2560,"height":1707,"url":"https:\/\/gruene-wiesbaden.de\/wp-content\/uploads\/2025\/11\/2.8-Kinder-Familien-und-Alleinerziehende-scaled.jpg","type":"image\/jpeg"}],"author":"admin","twitter_card":"summary_large_image","twitter_misc":{"Autor":"admin","Predpokladan\u00fd \u010das \u010d\u00edtania":"10 minutes"},"schema":{"@context":"https:\/\/schema.org","@graph":[{"@type":"Article","@id":"https:\/\/gruene-wiesbaden.de\/kinder-familien-und-alleinerziehende\/#article","isPartOf":{"@id":"https:\/\/gruene-wiesbaden.de\/kinder-familien-und-alleinerziehende\/"},"author":{"name":"admin","@id":"https:\/\/gruene-wiesbaden.de\/#\/schema\/person\/6785c34779159cd4fd86886bb097afe9"},"headline":"Kinder, Familien und Alleinerziehende","datePublished":"2025-11-09T22:18:23+00:00","dateModified":"2026-04-09T08:38:51+00:00","mainEntityOfPage":{"@id":"https:\/\/gruene-wiesbaden.de\/kinder-familien-und-alleinerziehende\/"},"wordCount":2989,"publisher":{"@id":"https:\/\/gruene-wiesbaden.de\/#organization"},"image":{"@id":"https:\/\/gruene-wiesbaden.de\/kinder-familien-und-alleinerziehende\/#primaryimage"},"thumbnailUrl":"https:\/\/gruene-wiesbaden.de\/wp-content\/uploads\/2025\/11\/2.8-Kinder-Familien-und-Alleinerziehende-scaled.jpg","articleSection":["Kapitel 2"],"inLanguage":"sk-SK"},{"@type":"WebPage","@id":"https:\/\/gruene-wiesbaden.de\/kinder-familien-und-alleinerziehende\/","url":"https:\/\/gruene-wiesbaden.de\/kinder-familien-und-alleinerziehende\/","name":"Kinder, Familien und Alleinerziehende - B\u00dcNDNIS 90\/DIE GR\u00dcNEN Wiesbaden","isPartOf":{"@id":"https:\/\/gruene-wiesbaden.de\/#website"},"primaryImageOfPage":{"@id":"https:\/\/gruene-wiesbaden.de\/kinder-familien-und-alleinerziehende\/#primaryimage"},"image":{"@id":"https:\/\/gruene-wiesbaden.de\/kinder-familien-und-alleinerziehende\/#primaryimage"},"thumbnailUrl":"https:\/\/gruene-wiesbaden.de\/wp-content\/uploads\/2025\/11\/2.8-Kinder-Familien-und-Alleinerziehende-scaled.jpg","datePublished":"2025-11-09T22:18:23+00:00","dateModified":"2026-04-09T08:38:51+00:00","breadcrumb":{"@id":"https:\/\/gruene-wiesbaden.de\/kinder-familien-und-alleinerziehende\/#breadcrumb"},"inLanguage":"sk-SK","potentialAction":[{"@type":"ReadAction","target":["https:\/\/gruene-wiesbaden.de\/kinder-familien-und-alleinerziehende\/"]}]},{"@type":"ImageObject","inLanguage":"sk-SK","@id":"https:\/\/gruene-wiesbaden.de\/kinder-familien-und-alleinerziehende\/#primaryimage","url":"https:\/\/gruene-wiesbaden.de\/wp-content\/uploads\/2025\/11\/2.8-Kinder-Familien-und-Alleinerziehende-scaled.jpg","contentUrl":"https:\/\/gruene-wiesbaden.de\/wp-content\/uploads\/2025\/11\/2.8-Kinder-Familien-und-Alleinerziehende-scaled.jpg","width":2560,"height":1707},{"@type":"BreadcrumbList","@id":"https:\/\/gruene-wiesbaden.de\/kinder-familien-und-alleinerziehende\/#breadcrumb","itemListElement":[{"@type":"ListItem","position":1,"name":"Startseite","item":"https:\/\/gruene-wiesbaden.de\/"},{"@type":"ListItem","position":2,"name":"Kinder, Familien und Alleinerziehende"}]},{"@type":"WebSite","@id":"https:\/\/gruene-wiesbaden.de\/#website","url":"https:\/\/gruene-wiesbaden.de\/","name":"DIE GR\u00dcNEN Wiesbaden","description":"","publisher":{"@id":"https:\/\/gruene-wiesbaden.de\/#organization"},"potentialAction":[{"@type":"SearchAction","target":{"@type":"EntryPoint","urlTemplate":"https:\/\/gruene-wiesbaden.de\/?s={search_term_string}"},"query-input":{"@type":"PropertyValueSpecification","valueRequired":true,"valueName":"search_term_string"}}],"inLanguage":"sk-SK"},{"@type":"Organization","@id":"https:\/\/gruene-wiesbaden.de\/#organization","name":"DIE GR\u00dcNEN Wiesbaden","url":"https:\/\/gruene-wiesbaden.de\/","logo":{"@type":"ImageObject","inLanguage":"sk-SK","@id":"https:\/\/gruene-wiesbaden.de\/#\/schema\/logo\/image\/","url":"https:\/\/gruene-wiesbaden-fuer-europa.de\/wp-content\/uploads\/2024\/04\/Machen-was-zaehlt-5.png","contentUrl":"https:\/\/gruene-wiesbaden-fuer-europa.de\/wp-content\/uploads\/2024\/04\/Machen-was-zaehlt-5.png","width":1772,"height":1772,"caption":"DIE GR\u00dcNEN Wiesbaden"},"image":{"@id":"https:\/\/gruene-wiesbaden.de\/#\/schema\/logo\/image\/"},"sameAs":["https:\/\/www.facebook.com\/gruene.wi","https:\/\/instagram.com\/gruene_wi"]},{"@type":"Person","@id":"https:\/\/gruene-wiesbaden.de\/#\/schema\/person\/6785c34779159cd4fd86886bb097afe9","name":"admin","sameAs":["http:\/\/gruene-wiesbaden-fuer-europa.de"],"url":"https:\/\/gruene-wiesbaden.de\/sk\/author\/admin\/"}]}},"_links":{"self":[{"href":"https:\/\/gruene-wiesbaden.de\/sk\/wp-json\/wp\/v2\/posts\/1366","targetHints":{"allow":["GET"]}}],"collection":[{"href":"https:\/\/gruene-wiesbaden.de\/sk\/wp-json\/wp\/v2\/posts"}],"about":[{"href":"https:\/\/gruene-wiesbaden.de\/sk\/wp-json\/wp\/v2\/types\/post"}],"author":[{"embeddable":true,"href":"https:\/\/gruene-wiesbaden.de\/sk\/wp-json\/wp\/v2\/users\/1"}],"replies":[{"embeddable":true,"href":"https:\/\/gruene-wiesbaden.de\/sk\/wp-json\/wp\/v2\/comments?post=1366"}],"version-history":[{"count":7,"href":"https:\/\/gruene-wiesbaden.de\/sk\/wp-json\/wp\/v2\/posts\/1366\/revisions"}],"predecessor-version":[{"id":2396,"href":"https:\/\/gruene-wiesbaden.de\/sk\/wp-json\/wp\/v2\/posts\/1366\/revisions\/2396"}],"wp:featuredmedia":[{"embeddable":true,"href":"https:\/\/gruene-wiesbaden.de\/sk\/wp-json\/wp\/v2\/media\/1491"}],"wp:attachment":[{"href":"https:\/\/gruene-wiesbaden.de\/sk\/wp-json\/wp\/v2\/media?parent=1366"}],"wp:term":[{"taxonomy":"category","embeddable":true,"href":"https:\/\/gruene-wiesbaden.de\/sk\/wp-json\/wp\/v2\/categories?post=1366"},{"taxonomy":"post_tag","embeddable":true,"href":"https:\/\/gruene-wiesbaden.de\/sk\/wp-json\/wp\/v2\/tags?post=1366"}],"curies":[{"name":"wp","href":"https:\/\/api.w.org\/{rel}","templated":true}]}}