{"id":1359,"date":"2025-11-10T00:15:14","date_gmt":"2025-11-09T22:15:14","guid":{"rendered":"https:\/\/gruene-wiesbaden.de\/?p=1359"},"modified":"2026-04-09T10:34:43","modified_gmt":"2026-04-09T08:34:43","slug":"zivilgesellschaftliches-engagement-und-demokratiefoerderung","status":"publish","type":"post","link":"https:\/\/gruene-wiesbaden.de\/sk\/zivilgesellschaftliches-engagement-und-demokratiefoerderung\/","title":{"rendered":"Anga\u017eovanos\u0165 ob\u010dianskej spolo\u010dnosti a podpora demokracie"},"content":{"rendered":"<section class=\"l-section wpb_row height_medium with_img\"><div class=\"l-section-img\" role=\"img\" data-img-width=\"1080\" data-img-height=\"800\" style=\"background-image: url(https:\/\/gruene-wiesbaden.de\/wp-content\/uploads\/2025\/11\/neuer-Verlauf-gruene-wiesbaden.de_-2-e1762709402177.png);\"><\/div><div class=\"l-section-overlay\" style=\"background:var(--color-header-top-transparent-bg)\"><\/div><div class=\"l-section-h i-cf\"><div class=\"g-cols vc_row via_grid cols_1 laptops-cols_inherit tablets-cols_inherit mobiles-cols_1 valign_top type_default stacking_default\"><div class=\"wpb_column vc_column_container\"><div class=\"vc_column-inner\"><h1 class=\"w-post-elm post_title us_custom_a574d586 has_text_color entry-title\">Anga\u017eovanos\u0165 ob\u010dianskej spolo\u010dnosti a podpora demokracie<\/h1><div class=\"w-separator size_medium\"><\/div><div class=\"g-cols wpb_row via_grid cols_2-1 laptops-cols_inherit tablets-cols_inherit mobiles-cols_1 valign_top type_default stacking_default\" style=\"--columns-gap:3rem;\"><div class=\"wpb_column vc_column_container\"><div class=\"vc_column-inner\"><div class=\"wpb_text_column us_custom_8b3d6790 has_text_color\"><div class=\"wpb_wrapper\"><p><span style=\"font-weight: 400;\">Schopnos\u0165 podie\u013ea\u0165 sa na rozvoji vlastnej komunity, \u010di u\u017e prostredn\u00edctvom form\u00e1tov \u00fa\u010dasti pre ob\u010danov, spolo\u010dnej realiz\u00e1cie projektov v okrese alebo charitat\u00edvnej dobrovo\u013en\u00edckej pr\u00e1ce v zdru\u017eeniach, iniciat\u00edvach alebo nad\u00e1ci\u00e1ch, posil\u0148uje zmysel pre komunitu, odstra\u0148uje prek\u00e1\u017eky, sp\u00e1ja \u013eud\u00ed, zvy\u0161uje identifik\u00e1ciu s komunitou a je jedn\u00fdm z naj\u00fa\u010dinnej\u0161\u00edch opatren\u00ed proti nen\u00e1visti, nen\u00e1vistn\u00fdm prejavom, nezn\u00e1\u0161anlivosti a vyl\u00fa\u010deniu.<\/span><\/p>\n<p><span style=\"font-weight: 400;\">Osobitn\u00fa zodpovednos\u0165 v tejto oblasti nesie najm\u00e4 komun\u00e1lna politika: Vytv\u00e1ra r\u00e1mcov\u00e9 podmienky, v ktor\u00fdch m\u00f4\u017ee prekvita\u0165 zapojenie ob\u010dianskej spolo\u010dnosti, otv\u00e1ra priestor na dial\u00f3g a stretnutia a zabezpe\u010duje, aby ob\u010dania mohli by\u0165 priamo efekt\u00edvni svojimi my\u0161lienkami, obavami a zru\u010dnos\u0165ami.<\/span><\/p>\n<\/div><\/div><div class=\"w-separator size_medium\"><\/div><div class=\"w-btn-wrapper align_left\"><a class=\"w-btn us-btn-style_8 icon_atleft\" href=\"https:\/\/gruene-wiesbaden.de\/sk\/kommunalwahl\/#Kapitel2\"><i class=\"fas fa-chevron-circle-right\"><\/i><span class=\"w-btn-label\">Sp\u00e4\u0165 na preh\u013ead<\/span><\/a><\/div><\/div><\/div><div class=\"wpb_column vc_column_container\"><div class=\"vc_column-inner\"><div class=\"w-image align_center\"><div class=\"w-image-h\"><img decoding=\"async\" width=\"750\" height=\"750\" src=\"https:\/\/gruene-wiesbaden.de\/wp-content\/uploads\/2025\/11\/2.6-Zivilgesellschaftliches-Engagement-1.jpg\" class=\"attachment-full size-full\" alt=\"\" loading=\"lazy\" srcset=\"https:\/\/gruene-wiesbaden.de\/wp-content\/uploads\/2025\/11\/2.6-Zivilgesellschaftliches-Engagement-1.jpg 750w, https:\/\/gruene-wiesbaden.de\/wp-content\/uploads\/2025\/11\/2.6-Zivilgesellschaftliches-Engagement-1-400x400.jpg 400w, https:\/\/gruene-wiesbaden.de\/wp-content\/uploads\/2025\/11\/2.6-Zivilgesellschaftliches-Engagement-1-600x600.jpg 600w, https:\/\/gruene-wiesbaden.de\/wp-content\/uploads\/2025\/11\/2.6-Zivilgesellschaftliches-Engagement-1-150x150.jpg 150w\" sizes=\"auto, (max-width: 750px) 100vw, 750px\" \/><\/div><\/div><div class=\"w-separator size_small\"><\/div><\/div><\/div><\/div><div class=\"w-separator size_medium\"><\/div><div class=\"w-separator size_medium\"><\/div><div class=\"wpb_text_column\"><div class=\"wpb_wrapper\"><h1>\u010co pre n\u00e1s znamen\u00e1 anga\u017eovanos\u0165 ob\u010dianskej spolo\u010dnosti a podpora demokracie<\/h1>\n<\/div><\/div><div class=\"w-separator size_large\"><\/div><div class=\"g-cols wpb_row via_grid cols_3 laptops-cols_inherit tablets-cols_inherit mobiles-cols_1 valign_top type_default stacking_default\" style=\"--columns-gap:3rem;\"><div class=\"wpb_column vc_column_container\"><div class=\"vc_column-inner\"><div class=\"w-iconbox us_custom_8b3d6790 has_text_color iconpos_left style_default color_custom align_left\"><div class=\"w-iconbox-icon\" style=\"font-size:2rem;--icon-color:#Ffffff;--icon-bg-color:var(--color-header-middle-bg);\"><i class=\"fas fa-layer-group\"><\/i><\/div><div class=\"w-iconbox-meta\"><h4 class=\"w-iconbox-title\" style=\"font-size:1.5rem;\">Anga\u017eovanos\u0165 ob\u010dianskej spolo\u010dnosti podporuje stretnutia a stavia mosty<\/h4><div class=\"w-iconbox-text\"><p><span style=\"font-weight: 400;\">T\u00ed, ktor\u00ed spolu pracuj\u00fa, spolu rast\u00fa. To vytv\u00e1ra vz\u00e1jomn\u00fa bl\u00edzkos\u0165, porozumenie a podporuje vz\u00e1jomn\u00e9 prijatie. To zase podporuje rozmanitos\u0165, inkl\u00faziu a integr\u00e1ciu.<\/span><\/p>\n<\/div><\/div><\/div><\/div><\/div><div class=\"wpb_column vc_column_container\"><div class=\"vc_column-inner\"><div class=\"w-iconbox us_custom_8b3d6790 has_text_color iconpos_left style_default color_custom align_left\"><div class=\"w-iconbox-icon\" style=\"font-size:2rem;--icon-color:#Ffffff;--icon-bg-color:var(--color-header-transparent-text);\"><i class=\"fas fa-layer-group\"><\/i><\/div><div class=\"w-iconbox-meta\"><h4 class=\"w-iconbox-title\" style=\"font-size:1.5rem;\">\u00da\u010das\u0165 mestskej spolo\u010dnosti posil\u0148uje demokraciu<\/h4><div class=\"w-iconbox-text\"><p><span style=\"font-weight: 400;\">Procesy particip\u00e1cie pre mestsk\u00fa spolo\u010dnos\u0165 podporuj\u00fa particip\u00e1ciu a tvoriv\u00fa silu. To posil\u0148uje demokratick\u00e9 \u0161trukt\u00fary, buduje politick\u00e9 roz\u010darovanie, posil\u0148uje vplyv ob\u010danov a vedie k v\u00e4\u010d\u0161ej akcept\u00e1cii politick\u00fdch rozhodnut\u00ed.<\/span><\/p>\n<\/div><\/div><\/div><\/div><\/div><div class=\"wpb_column vc_column_container\"><div class=\"vc_column-inner\"><div class=\"w-iconbox us_custom_8b3d6790 has_text_color iconpos_left style_default color_custom align_left\"><div class=\"w-iconbox-icon\" style=\"font-size:2rem;--icon-color:#Ffffff;--icon-bg-color:var(--color-header-transparent-text);\"><i class=\"fas fa-layer-group\"><\/i><\/div><div class=\"w-iconbox-meta\"><h4 class=\"w-iconbox-title\" style=\"font-size:1.5rem;\">Z\u00e1v\u00e4zok podporuje \u00fa\u010das\u0165<\/h4><div class=\"w-iconbox-text\"><p><span style=\"font-weight: 400;\">T\u00ed, ktor\u00ed sa anga\u017euj\u00fa, r\u00fdchlo n\u00e1jdu spojenia, vytvoria v\u00e4zby, vytvoria priate\u013estv\u00e1, a tak za\u017eij\u00fa \u00fa\u010dinnos\u0165 svojho vlastn\u00e9ho z\u00e1v\u00e4zku. To zvy\u0161uje stoto\u017enenie sa s obcou, roz\u0161iruje obzory, rob\u00ed demokratick\u00e9 rokovacie procesy a vlastn\u00e9 mo\u017enosti n\u00e1vrhu hmatate\u013en\u00fdmi.<\/span><\/p>\n<\/div><\/div><\/div><\/div><\/div><\/div><div class=\"w-separator size_medium\"><\/div><div class=\"w-separator size_medium\"><\/div><div class=\"w-btn-wrapper align_left\"><a class=\"w-btn us-btn-style_8 icon_atleft\" href=\"https:\/\/gruene-wiesbaden.de\/sk\/kommunalwahl\/#Kapitel2\"><i class=\"fas fa-chevron-circle-right\"><\/i><span class=\"w-btn-label\">Sp\u00e4\u0165 na preh\u013ead<\/span><\/a><\/div><div class=\"w-separator size_medium\"><\/div><\/div><\/div><\/div><\/div><\/section><section class=\"l-section wpb_row height_auto with_img\"><div class=\"l-section-img\" role=\"img\" data-img-width=\"750\" data-img-height=\"750\" style=\"background-image: url(https:\/\/gruene-wiesbaden.de\/wp-content\/uploads\/2025\/11\/2.6-Zivilgesellschaftliches-Engagement-1.jpg);background-repeat: no-repeat;\"><\/div><div class=\"l-section-overlay\" style=\"background:var(--color-header-top-transparent-bg)\"><\/div><div class=\"l-section-h i-cf\"><div class=\"g-cols vc_row via_grid cols_1 laptops-cols_inherit tablets-cols_inherit mobiles-cols_1 valign_middle type_default stacking_default\" style=\"--columns-gap:1rem;\"><div class=\"wpb_column vc_column_container\"><div class=\"vc_column-inner\"><div class=\"w-separator size_large\"><\/div><div class=\"wpb_text_column background_inside_text\"><div class=\"wpb_wrapper\"><h1>\u010co konkr\u00e9tne chceme v tejto oblasti urobi\u0165<\/h1>\n<\/div><\/div><div class=\"w-separator size_medium\"><\/div><div class=\"w-tabs us_custom_42d693a0 has_text_color style_default switch_click accordion has_scrolling\" style=\"--sections-title-size:1.4rem\"><div class=\"w-tabs-sections titles-align_none icon_chevron cpos_right\"><div class=\"w-tabs-section has_text_color\" id=\"t484\" style=\"background:var(--color-header-transparent-text);color:var(--color-header-top-text-hover);\"><button class=\"w-tabs-section-header\" aria-controls=\"content-t484\" aria-expanded=\"false\"><div class=\"w-tabs-section-title\">Ob\u010dianske vzdel\u00e1vanie na aktiviz\u00e1ciu ob\u010dianskej spolo\u010dnosti<\/div><div class=\"w-tabs-section-control\"><\/div><\/button><div  class=\"w-tabs-section-content\" id=\"content-t484\"><div class=\"w-tabs-section-content-h i-cf\"><div class=\"wpb_text_column\"><div class=\"wpb_wrapper\"><p><span style=\"font-weight: 400;\">Demokracia prosperuje v\u010faka particip\u00e1cii. Len akt\u00edvna a kritick\u00e1 ob\u010dianska spolo\u010dnos\u0165 m\u00e1 silu br\u00e1ni\u0165 demokraciu pred pravicov\u00fdmi silami, ktor\u00e9 ju chc\u00fa zni\u010di\u0165. My vo Wiesbadene, Rada pre ute\u010dencov alebo Poradn\u00fd v\u00fdbor pre cudzincov: Wiesbaden m\u00e1 ve\u013ek\u00e9 mno\u017estvo zdru\u017een\u00ed, iniciat\u00edv a in\u0161tit\u00faci\u00ed, ktor\u00e9 sa zaviazali k otvorenej a rozmanitej spolo\u010dnosti. Chceme zachova\u0165 tieto \u0161trukt\u00fary a chr\u00e1ni\u0165 ich pred pr\u00e1vnymi z\u00e1sahmi. Aj v n\u00e1ro\u010dn\u00fdch rozpo\u010dtov\u00fdch situ\u00e1ci\u00e1ch.<\/span><\/p>\n<\/div><\/div><\/div><\/div><\/div><div class=\"w-tabs-section has_text_color\" id=\"j59f\" style=\"background:var(--color-header-transparent-text);color:var(--color-header-top-text-hover);\"><button class=\"w-tabs-section-header\" aria-controls=\"content-j59f\" aria-expanded=\"false\"><div class=\"w-tabs-section-title\">Ka\u017edoro\u010dn\u00fd \"T\u00fd\u017ede\u0148 demokracie\" v meniacich sa okresoch<\/div><div class=\"w-tabs-section-control\"><\/div><\/button><div  class=\"w-tabs-section-content\" id=\"content-j59f\"><div class=\"w-tabs-section-content-h i-cf\"><div class=\"wpb_text_column\"><div class=\"wpb_wrapper\"><p><span style=\"font-weight: 400;\">Hoci z\u00e1kladn\u00fd demokratick\u00fd poriadok vr\u00e1tane z\u00e1kladn\u00fdch pr\u00e1v de facto v\u00fdznamne formuje ka\u017edodenn\u00fd \u017eivot obyvate\u013eov Wiesbadenu, konkr\u00e9tne povedomie o tom kles\u00e1. Aby sa demokracia stala op\u00e4\u0165 hmatate\u013enou a hmatate\u013enou, chceme ka\u017ed\u00fd t\u00fd\u017ede\u0148 konkr\u00e9tne pren\u00e1\u0161a\u0165 to, \u010do demokracia je a rob\u00ed, na workshopoch, \u010d\u00edtaniach, futbalov\u00fdch z\u00e1pasoch, hern\u00fdch podujatiach a podobne. Pilotn\u00fd projekt alebo model je prv\u00fdm Klarenthalsk\u00fdm t\u00fd\u017ed\u0148om demokracie od 22. do 26. septembra 2025.<\/span><\/p>\n<\/div><\/div><\/div><\/div><\/div><div class=\"w-tabs-section has_text_color\" id=\"n6b5\" style=\"background:var(--color-header-transparent-text);color:var(--color-header-top-text-hover);\"><button class=\"w-tabs-section-header\" aria-controls=\"content-n6b5\" aria-expanded=\"false\"><div class=\"w-tabs-section-title\">Posilnenie dru\u017eobn\u00fdch partnerstiev miest<\/div><div class=\"w-tabs-section-control\"><\/div><\/button><div  class=\"w-tabs-section-content\" id=\"content-n6b5\"><div class=\"w-tabs-section-content-h i-cf\"><div class=\"wpb_text_column\"><div class=\"wpb_wrapper\"><p><span style=\"font-weight: 400;\">Wiesbaden je Rainbow City, eur\u00f3pske mesto, v aliancii NExT a podie\u013ea sa na feder\u00e1lnej sieti DemocracyLife. Chceme viac podporova\u0165 partnersk\u00e9 zdru\u017eenia s cie\u013eom \u010falej podporova\u0165 v\u00fdmenu a posil\u0148ovanie demokratick\u00fdch hodn\u00f4t. Je to aj vzh\u013eadom na skuto\u010dnos\u0165, \u017ee existuj\u00fa partnersk\u00e9 mest\u00e1, v ktor\u00fdch sa demokratick\u00e9 hodnoty a rozmanitos\u0165 \u017eivota \u010doraz viac dost\u00e1vaj\u00fa pod tlak, napr\u00edklad v Istanbule alebo G\u00f6rlitz.<\/span><\/p>\n<\/div><\/div><\/div><\/div><\/div><div class=\"w-tabs-section has_text_color\" id=\"o7dd\" style=\"background:var(--color-header-middle-bg);color:var(--color-content-heading);\"><button class=\"w-tabs-section-header\" aria-controls=\"content-o7dd\" aria-expanded=\"false\"><div class=\"w-tabs-section-title\">Pilotn\u00fd projekt Rady ob\u010danov<\/div><div class=\"w-tabs-section-control\"><\/div><\/button><div  class=\"w-tabs-section-content\" id=\"content-o7dd\"><div class=\"w-tabs-section-content-h i-cf\"><div class=\"wpb_text_column\"><div class=\"wpb_wrapper\"><p><span style=\"font-weight: 400;\">V\u00fdznamn\u00ed obyvatelia Wiesbadenu, najm\u00e4 mlad\u00ed \u013eudia a \u013eudia s migrantsk\u00fdm p\u00f4vodom, maj\u00fa v s\u00fa\u010dasnosti st\u00e1le relat\u00edvne mal\u00fd pr\u00edstup k u\u017e existuj\u00facim pr\u00edle\u017eitostiam na \u00fa\u010das\u0165 ob\u010danov \u2013 ako s\u00fa miestne rady, poradn\u00fd v\u00fdbor star\u0161\u00edch ob\u010danov alebo poradn\u00fd v\u00fdbor cudzincov. Na dokon\u010denie tohto syst\u00e9mu by sa preto mal otvori\u0165 \u010fal\u0161\u00ed pr\u00edstup: Ob\u010dianska rada. M\u00f4\u017ee sa zvola\u0165 na t\u00e9my relevantn\u00e9 pre cel\u00e9 mesto. \u00da\u010das\u0165 je mo\u017en\u00e1 pre v\u0161etk\u00fdch obyvate\u013eov Wiesbadenu. Chceme podpori\u0165 pilotn\u00fd projekt na testovanie tohto form\u00e1tu na \u00farovni mesta.<\/span><\/p>\n<\/div><\/div><\/div><\/div><\/div><div class=\"w-tabs-section has_text_color\" id=\"u90f\" style=\"background:var(--color-header-transparent-text);color:var(--color-header-top-text-hover);\"><button class=\"w-tabs-section-header\" aria-controls=\"content-u90f\" aria-expanded=\"false\"><div class=\"w-tabs-section-title\">Posilni\u0165 \u00fa\u010das\u0165<\/div><div class=\"w-tabs-section-control\"><\/div><\/button><div  class=\"w-tabs-section-content\" id=\"content-u90f\"><div class=\"w-tabs-section-content-h i-cf\"><div class=\"wpb_text_column\"><div class=\"wpb_wrapper\"><p><span style=\"font-weight: 400;\">Vytv\u00e1rame existuj\u00face form\u00e1ty, ako s\u00fa <\/span><i><span style=\"font-weight: 400;\">Wiesbaden pracuje <\/span><\/i><span style=\"font-weight: 400;\">Konzistentne rozv\u00edja\u0165 a rozv\u00edja\u0165 nov\u00e9 n\u00e1stroje digit\u00e1lnej \u00fa\u010dasti. V\u010faka tomu je spolutvorba jednoduch\u0161ia, transparentnej\u0161ia a atrakt\u00edvnej\u0161ia. Ob\u010dania maj\u00fa v\u00e4\u010d\u0161\u00ed vplyv na projekty vo svojom meste \u2013 od mestsk\u00e9ho pl\u00e1novania a kult\u00fary a\u017e po ochranu \u017eivotn\u00e9ho prostredia a kl\u00edmy. Prostredn\u00edctvom hybridn\u00fdch pon\u00fak (on-site a digit\u00e1lnych) chceme oslovi\u0165 najm\u00e4 mlad\u00fdch \u013eud\u00ed a skupiny, ktor\u00e9 e\u0161te neboli osloven\u00e9. Wiesbaden sa tak st\u00e1va mestom, v ktorom je \u00fa\u010das\u0165 samozrejmos\u0165ou a rozhodnutia sa prij\u00edmaj\u00fa spolo\u010dne.<\/span><\/p>\n<\/div><\/div><\/div><\/div><\/div><div class=\"w-tabs-section has_text_color\" id=\"xa26\" style=\"background:var(--color-header-middle-bg);color:var(--color-header-middle-text);\"><button class=\"w-tabs-section-header\" aria-controls=\"content-xa26\" aria-expanded=\"false\"><div class=\"w-tabs-section-title\">Zachova\u0165 a posilni\u0165 existuj\u00face \u0161trukt\u00fary<\/div><div class=\"w-tabs-section-control\"><\/div><\/button><div  class=\"w-tabs-section-content\" id=\"content-xa26\"><div class=\"w-tabs-section-content-h i-cf\"><div class=\"wpb_text_column\"><div class=\"wpb_wrapper\"><p><span style=\"font-weight: 400;\">Wiesbaden vybudoval \u0161irok\u00fa infra\u0161trukt\u00faru s dobrovo\u013en\u00edckym centrom, Wiesbadenskou nad\u00e1ciou, servisn\u00fdm strediskom pre zdru\u017eenia alebo B\u00fcrgerkollegom. To nielen\u017ee prin\u00e1\u0161a \u013eu\u010fom charitat\u00edvnu pr\u00e1cu a mno\u017estvo akt\u00edvnych iniciat\u00edv a zdru\u017een\u00ed, ale aj kvalifikuje \u013eud\u00ed v \u0161irokej \u0161k\u00e1le oblast\u00ed, aby mohli pracova\u0165 na dobrovo\u013enom z\u00e1klade. Najm\u00e4 v \u010dasoch nap\u00e4t\u00fdch dom\u00e1cnost\u00ed nesmie by\u0165 t\u00e1to existuj\u00faca sie\u0165 napadnut\u00e1, ale mus\u00ed sa v bud\u00facnosti roz\u0161\u00edri\u0165.<\/span><\/p>\n<\/div><\/div><\/div><\/div><\/div><div class=\"w-tabs-section has_text_color\" id=\"hb3c\" style=\"background:var(--color-header-transparent-text);color:var(--color-header-top-text-hover);\"><button class=\"w-tabs-section-header\" aria-controls=\"content-hb3c\" aria-expanded=\"false\"><div class=\"w-tabs-section-title\">Z\u00e1v\u00e4zok potrebuje mlad\u00e9 talenty<\/div><div class=\"w-tabs-section-control\"><\/div><\/button><div  class=\"w-tabs-section-content\" id=\"content-hb3c\"><div class=\"w-tabs-section-content-h i-cf\"><div class=\"wpb_text_column\"><div class=\"wpb_wrapper\"><p><span style=\"font-weight: 400;\">S cie\u013eom zabezpe\u010di\u0165, aby sa \u013eudia na\u010falej zap\u00e1jali do na\u0161ej komunity, chceme podporova\u0165 opatrenia, ktor\u00e9 in\u0161piruj\u00fa mlad\u00fdch \u013eud\u00ed, aby sa intenz\u00edvnej\u0161ie zap\u00e1jali. Programy ako Young and Committed alebo in\u0161tit\u00facie ako Youth Information Centre (JIZ) alebo Youth Parliament sa preto musia \u010falej podporova\u0165, aby mlad\u00ed \u013eudia mohli vyu\u017e\u00edva\u0165 \u00fa\u010das\u0165 a anga\u017eovanos\u0165. Okrem toho chceme podpori\u0165 opatrenia, ktor\u00e9 zvy\u0161uj\u00fa uznanie \u013eud\u00ed, ktor\u00ed sa dobrovo\u013ene venuj\u00fa. Preto chceme, aby bola karta dobrovo\u013en\u00edka lep\u0161ie zn\u00e1ma a aby sme pre dobrovo\u013en\u00edkov raz ro\u010dne zaviedli oslavu v\u010fakyvzdania.<\/span><\/p>\n<\/div><\/div><\/div><\/div><\/div><\/div><\/div><div class=\"w-separator size_medium\"><\/div><div class=\"w-btn-wrapper align_left\"><a class=\"w-btn us-btn-style_8 icon_atleft\" href=\"https:\/\/gruene-wiesbaden.de\/sk\/kommunalwahl\/#Kapitel2\"><i class=\"fas fa-chevron-circle-right\"><\/i><span class=\"w-btn-label\">Sp\u00e4\u0165 na preh\u013ead<\/span><\/a><\/div><div class=\"w-separator size_large\"><\/div><div class=\"wpb_text_column\"><div class=\"wpb_wrapper\"><h1>\u010co sme u\u017e dosiahli<\/h1>\n<\/div><\/div><div class=\"w-separator size_medium\"><\/div><div class=\"w-tabs us_custom_42d693a0 has_text_color style_default switch_click accordion has_scrolling\" style=\"--sections-title-size:1.4rem\"><div class=\"w-tabs-sections titles-align_none icon_chevron cpos_right\"><div class=\"w-tabs-section has_text_color\" id=\"cb21\" style=\"background:var(--color-header-transparent-text);color:var(--color-header-top-text-hover);\"><button class=\"w-tabs-section-header\" aria-controls=\"content-cb21\" aria-expanded=\"false\"><div class=\"w-tabs-section-title\">Dein.Wiesbaden sa st\u00e1va Wiesbadenom<\/div><div class=\"w-tabs-section-control\"><\/div><\/button><div  class=\"w-tabs-section-content\" id=\"content-cb21\"><div class=\"w-tabs-section-content-h i-cf\"><div class=\"wpb_text_column\"><div class=\"wpb_wrapper\"><p><span style=\"font-weight: 400;\">Webov\u00e1 str\u00e1nka bola obnoven\u00e1. Zaviedli sa v\u00fdznamn\u00e9 pr\u00edle\u017eitosti na zlep\u0161enie, najm\u00e4 pokia\u013e ide o pr\u00edle\u017eitosti na digit\u00e1lnu \u00fa\u010das\u0165. V d\u00f4sledku toho sa m\u00f4\u017ee viac ob\u010danov akt\u00edvne z\u00fa\u010dast\u0148ova\u0165, predklada\u0165 n\u00e1pady a z\u00fa\u010dast\u0148ova\u0165 sa na diskusi\u00e1ch, \u010do je prospe\u0161n\u00e9 pre demokraciu a rozvoj miest.<\/span><\/p>\n<\/div><\/div><\/div><\/div><\/div><div class=\"w-tabs-section has_text_color\" id=\"yc51\" style=\"background:var(--color-header-transparent-text);color:var(--color-header-top-text-hover);\"><button class=\"w-tabs-section-header\" aria-controls=\"content-yc51\" aria-expanded=\"false\"><div class=\"w-tabs-section-title\">Sie\u0165ovanie PiWI \/ Wiesbaden<\/div><div class=\"w-tabs-section-control\"><\/div><\/button><div  class=\"w-tabs-section-content\" id=\"content-yc51\"><div class=\"w-tabs-section-content-h i-cf\"><div class=\"wpb_text_column\"><div class=\"wpb_wrapper\"><p><span style=\"font-weight: 400;\">Zobrazen\u00edm v\u0161etk\u00fdch \u0161abl\u00f3n rel\u00e1cie na <\/span><i><span style=\"font-weight: 400;\">Wiesbadensk\u00e9 z\u00e1kony<\/span><\/i><span style=\"font-weight: 400;\"> Vytvorila sa v\u00e4\u010d\u0161ia transparentnos\u0165 a zlep\u0161ila sa platforma \u00fa\u010dasti.<\/span><\/p>\n<\/div><\/div><\/div><\/div><\/div><div class=\"w-tabs-section has_text_color\" id=\"dd66\" style=\"background:var(--color-header-transparent-text);color:var(--color-header-top-text-hover);\"><button class=\"w-tabs-section-header\" aria-controls=\"content-dd66\" aria-expanded=\"false\"><div class=\"w-tabs-section-title\">Pravideln\u00e1 v\u00fdmena medzi administrat\u00edvou a politikou<\/div><div class=\"w-tabs-section-control\"><\/div><\/button><div  class=\"w-tabs-section-content\" id=\"content-dd66\"><div class=\"w-tabs-section-content-h i-cf\"><div class=\"wpb_text_column\"><div class=\"wpb_wrapper\"><p><span style=\"font-weight: 400;\">\u201eUsmernenia pre \u00fa\u010das\u0165 ob\u010danov\u201c a proces \u00fa\u010dasti sa neust\u00e1le vyhodnocuj\u00fa a prisp\u00f4sobuj\u00fa pri v\u00fdmene medzi administrat\u00edvou a politikou.<\/span><\/p>\n<\/div><\/div><\/div><\/div><\/div><div class=\"w-tabs-section has_text_color\" id=\"ne79\" style=\"background:var(--color-header-middle-bg);color:var(--color-content-heading);\"><button class=\"w-tabs-section-header\" aria-controls=\"content-ne79\" aria-expanded=\"false\"><div class=\"w-tabs-section-title\">Posilnite svoju dobrovo\u013en\u00edcku kartu<\/div><div class=\"w-tabs-section-control\"><\/div><\/button><div  class=\"w-tabs-section-content\" id=\"content-ne79\"><div class=\"w-tabs-section-content-h i-cf\"><div class=\"wpb_text_column\"><div class=\"wpb_wrapper\"><p><span style=\"font-weight: 400;\">Synergick\u00e9 \u00fa\u010dinky sa maj\u00fa vytvori\u0165 prostredn\u00edctvom v\u00e4\u010d\u0161ieho po\u010dtu vz\u0165ahov s verejnos\u0165ou, akviz\u00edciou nov\u00fdch partnersk\u00fdch spolo\u010dnost\u00ed a kombin\u00e1ciou slu\u017eieb vo Wiesbadenskej karte. Tu sa za\u010dal proces. Implement\u00e1cia jednotnej mapy e\u0161te nebola dokon\u010den\u00e1.<\/span><\/p>\n<\/div><\/div><\/div><\/div><\/div><div class=\"w-tabs-section has_text_color\" id=\"uf90\" style=\"background:var(--color-header-transparent-text);color:var(--color-header-top-text-hover);\"><button class=\"w-tabs-section-header\" aria-controls=\"content-uf90\" aria-expanded=\"false\"><div class=\"w-tabs-section-title\">Uv\u00edtac\u00ed bal\u00ed\u010dek<\/div><div class=\"w-tabs-section-control\"><\/div><\/button><div  class=\"w-tabs-section-content\" id=\"content-uf90\"><div class=\"w-tabs-section-content-h i-cf\"><div class=\"wpb_text_column\"><div class=\"wpb_wrapper\"><p><span style=\"font-weight: 400;\">Nov\u00ed ob\u010dania vo Wiesbadene z\u00edskaj\u00fa inform\u00e1cie o pr\u00edstupe k pr\u00edle\u017eitostiam pre dobrovo\u013en\u00edkov. My\u0161lienka je na ceste. Administrat\u00edva kontroluje vykon\u00e1vanie.<\/span><\/p>\n<\/div><\/div><\/div><\/div><\/div><\/div><\/div><div class=\"w-separator size_medium\"><\/div><div class=\"w-btn-wrapper align_left\"><a class=\"w-btn us-btn-style_8 icon_atleft\" href=\"https:\/\/gruene-wiesbaden.de\/sk\/kommunalwahl\/#Kapitel2\"><i class=\"fas fa-chevron-circle-right\"><\/i><span class=\"w-btn-label\">Sp\u00e4\u0165 na preh\u013ead<\/span><\/a><\/div><div class=\"w-separator size_large\"><\/div><\/div><\/div><\/div><\/div><\/section>","protected":false},"excerpt":{"rendered":"By\u0165 schopn\u00fd podie\u013ea\u0165 sa na rozvoji vlastnej komunity, \u010di u\u017e prostredn\u00edctvom participat\u00edvnych form\u00e1tov pre ob\u010danov, spolo\u010dnej realiz\u00e1cie projektov v okrese alebo charitat\u00edvnej dobrovo\u013en\u00edckej pr\u00e1ce v zdru\u017eeniach, iniciat\u00edvach alebo nad\u00e1ci\u00e1ch, posil\u0148uje zmysel pre komunitu, odstra\u0148uje bari\u00e9ry, sp\u00e1ja \u013eud\u00ed, zvy\u0161uje stoto\u017enenie sa s komunitou a je jedn\u00fdm z najviac...","protected":false},"author":1,"featured_media":1490,"comment_status":"closed","ping_status":"closed","sticky":false,"template":"","format":"standard","meta":{"footnotes":""},"categories":[15],"tags":[],"class_list":["post-1359","post","type-post","status-publish","format-standard","has-post-thumbnail","hentry","category-kapitel-2"],"yoast_head":"<!-- This site is optimized with the Yoast SEO plugin v27.5 - https:\/\/yoast.com\/product\/yoast-seo-wordpress\/ -->\n<title>Zivilgesellschaftliches Engagement und Demokratief\u00f6rderung - B\u00dcNDNIS 90\/DIE GR\u00dcNEN Wiesbaden<\/title>\n<meta name=\"robots\" content=\"index, follow, max-snippet:-1, max-image-preview:large, max-video-preview:-1\" \/>\n<link rel=\"canonical\" href=\"https:\/\/gruene-wiesbaden.de\/sk\/zivilgesellschaftliches-engagement-und-demokratiefoerderung\/\" \/>\n<meta property=\"og:locale\" content=\"sk_SK\" \/>\n<meta property=\"og:type\" content=\"article\" \/>\n<meta property=\"og:title\" content=\"Zivilgesellschaftliches Engagement und Demokratief\u00f6rderung - B\u00dcNDNIS 90\/DIE GR\u00dcNEN Wiesbaden\" \/>\n<meta property=\"og:url\" content=\"https:\/\/gruene-wiesbaden.de\/sk\/zivilgesellschaftliches-engagement-und-demokratiefoerderung\/\" \/>\n<meta property=\"og:site_name\" content=\"B\u00dcNDNIS 90\/DIE GR\u00dcNEN Wiesbaden\" \/>\n<meta property=\"article:publisher\" content=\"https:\/\/www.facebook.com\/gruene.wi\" \/>\n<meta property=\"article:published_time\" content=\"2025-11-09T22:15:14+00:00\" \/>\n<meta property=\"article:modified_time\" content=\"2026-04-09T08:34:43+00:00\" \/>\n<meta property=\"og:image\" content=\"https:\/\/gruene-wiesbaden.de\/wp-content\/uploads\/2025\/11\/2.6-Zivilgesellschaftliches-Engagement-1.jpg\" \/>\n\t<meta property=\"og:image:width\" content=\"750\" \/>\n\t<meta property=\"og:image:height\" content=\"750\" \/>\n\t<meta property=\"og:image:type\" content=\"image\/jpeg\" \/>\n<meta name=\"author\" content=\"admin\" \/>\n<meta name=\"twitter:card\" content=\"summary_large_image\" \/>\n<meta name=\"twitter:label1\" content=\"Autor\" \/>\n\t<meta name=\"twitter:data1\" content=\"admin\" \/>\n\t<meta name=\"twitter:label2\" content=\"Predpokladan\u00fd \u010das \u010d\u00edtania\" \/>\n\t<meta name=\"twitter:data2\" content=\"7 minutes\" \/>\n<script type=\"application\/ld+json\" class=\"yoast-schema-graph\">{\"@context\":\"https:\\\/\\\/schema.org\",\"@graph\":[{\"@type\":\"Article\",\"@id\":\"https:\\\/\\\/gruene-wiesbaden.de\\\/zivilgesellschaftliches-engagement-und-demokratiefoerderung\\\/#article\",\"isPartOf\":{\"@id\":\"https:\\\/\\\/gruene-wiesbaden.de\\\/zivilgesellschaftliches-engagement-und-demokratiefoerderung\\\/\"},\"author\":{\"name\":\"admin\",\"@id\":\"https:\\\/\\\/gruene-wiesbaden.de\\\/#\\\/schema\\\/person\\\/6785c34779159cd4fd86886bb097afe9\"},\"headline\":\"Zivilgesellschaftliches Engagement und Demokratief\u00f6rderung\",\"datePublished\":\"2025-11-09T22:15:14+00:00\",\"dateModified\":\"2026-04-09T08:34:43+00:00\",\"mainEntityOfPage\":{\"@id\":\"https:\\\/\\\/gruene-wiesbaden.de\\\/zivilgesellschaftliches-engagement-und-demokratiefoerderung\\\/\"},\"wordCount\":1885,\"publisher\":{\"@id\":\"https:\\\/\\\/gruene-wiesbaden.de\\\/#organization\"},\"image\":{\"@id\":\"https:\\\/\\\/gruene-wiesbaden.de\\\/zivilgesellschaftliches-engagement-und-demokratiefoerderung\\\/#primaryimage\"},\"thumbnailUrl\":\"https:\\\/\\\/gruene-wiesbaden.de\\\/wp-content\\\/uploads\\\/2025\\\/11\\\/2.6-Zivilgesellschaftliches-Engagement-1.jpg\",\"articleSection\":[\"Kapitel 2\"],\"inLanguage\":\"sk-SK\"},{\"@type\":\"WebPage\",\"@id\":\"https:\\\/\\\/gruene-wiesbaden.de\\\/zivilgesellschaftliches-engagement-und-demokratiefoerderung\\\/\",\"url\":\"https:\\\/\\\/gruene-wiesbaden.de\\\/zivilgesellschaftliches-engagement-und-demokratiefoerderung\\\/\",\"name\":\"Zivilgesellschaftliches Engagement und Demokratief\u00f6rderung - B\u00dcNDNIS 90\\\/DIE GR\u00dcNEN Wiesbaden\",\"isPartOf\":{\"@id\":\"https:\\\/\\\/gruene-wiesbaden.de\\\/#website\"},\"primaryImageOfPage\":{\"@id\":\"https:\\\/\\\/gruene-wiesbaden.de\\\/zivilgesellschaftliches-engagement-und-demokratiefoerderung\\\/#primaryimage\"},\"image\":{\"@id\":\"https:\\\/\\\/gruene-wiesbaden.de\\\/zivilgesellschaftliches-engagement-und-demokratiefoerderung\\\/#primaryimage\"},\"thumbnailUrl\":\"https:\\\/\\\/gruene-wiesbaden.de\\\/wp-content\\\/uploads\\\/2025\\\/11\\\/2.6-Zivilgesellschaftliches-Engagement-1.jpg\",\"datePublished\":\"2025-11-09T22:15:14+00:00\",\"dateModified\":\"2026-04-09T08:34:43+00:00\",\"breadcrumb\":{\"@id\":\"https:\\\/\\\/gruene-wiesbaden.de\\\/zivilgesellschaftliches-engagement-und-demokratiefoerderung\\\/#breadcrumb\"},\"inLanguage\":\"sk-SK\",\"potentialAction\":[{\"@type\":\"ReadAction\",\"target\":[\"https:\\\/\\\/gruene-wiesbaden.de\\\/zivilgesellschaftliches-engagement-und-demokratiefoerderung\\\/\"]}]},{\"@type\":\"ImageObject\",\"inLanguage\":\"sk-SK\",\"@id\":\"https:\\\/\\\/gruene-wiesbaden.de\\\/zivilgesellschaftliches-engagement-und-demokratiefoerderung\\\/#primaryimage\",\"url\":\"https:\\\/\\\/gruene-wiesbaden.de\\\/wp-content\\\/uploads\\\/2025\\\/11\\\/2.6-Zivilgesellschaftliches-Engagement-1.jpg\",\"contentUrl\":\"https:\\\/\\\/gruene-wiesbaden.de\\\/wp-content\\\/uploads\\\/2025\\\/11\\\/2.6-Zivilgesellschaftliches-Engagement-1.jpg\",\"width\":750,\"height\":750},{\"@type\":\"BreadcrumbList\",\"@id\":\"https:\\\/\\\/gruene-wiesbaden.de\\\/zivilgesellschaftliches-engagement-und-demokratiefoerderung\\\/#breadcrumb\",\"itemListElement\":[{\"@type\":\"ListItem\",\"position\":1,\"name\":\"Startseite\",\"item\":\"https:\\\/\\\/gruene-wiesbaden.de\\\/\"},{\"@type\":\"ListItem\",\"position\":2,\"name\":\"Zivilgesellschaftliches Engagement und Demokratief\u00f6rderung\"}]},{\"@type\":\"WebSite\",\"@id\":\"https:\\\/\\\/gruene-wiesbaden.de\\\/#website\",\"url\":\"https:\\\/\\\/gruene-wiesbaden.de\\\/\",\"name\":\"DIE GR\u00dcNEN Wiesbaden\",\"description\":\"\",\"publisher\":{\"@id\":\"https:\\\/\\\/gruene-wiesbaden.de\\\/#organization\"},\"potentialAction\":[{\"@type\":\"SearchAction\",\"target\":{\"@type\":\"EntryPoint\",\"urlTemplate\":\"https:\\\/\\\/gruene-wiesbaden.de\\\/?s={search_term_string}\"},\"query-input\":{\"@type\":\"PropertyValueSpecification\",\"valueRequired\":true,\"valueName\":\"search_term_string\"}}],\"inLanguage\":\"sk-SK\"},{\"@type\":\"Organization\",\"@id\":\"https:\\\/\\\/gruene-wiesbaden.de\\\/#organization\",\"name\":\"DIE GR\u00dcNEN Wiesbaden\",\"url\":\"https:\\\/\\\/gruene-wiesbaden.de\\\/\",\"logo\":{\"@type\":\"ImageObject\",\"inLanguage\":\"sk-SK\",\"@id\":\"https:\\\/\\\/gruene-wiesbaden.de\\\/#\\\/schema\\\/logo\\\/image\\\/\",\"url\":\"https:\\\/\\\/gruene-wiesbaden-fuer-europa.de\\\/wp-content\\\/uploads\\\/2024\\\/04\\\/Machen-was-zaehlt-5.png\",\"contentUrl\":\"https:\\\/\\\/gruene-wiesbaden-fuer-europa.de\\\/wp-content\\\/uploads\\\/2024\\\/04\\\/Machen-was-zaehlt-5.png\",\"width\":1772,\"height\":1772,\"caption\":\"DIE GR\u00dcNEN Wiesbaden\"},\"image\":{\"@id\":\"https:\\\/\\\/gruene-wiesbaden.de\\\/#\\\/schema\\\/logo\\\/image\\\/\"},\"sameAs\":[\"https:\\\/\\\/www.facebook.com\\\/gruene.wi\",\"https:\\\/\\\/instagram.com\\\/gruene_wi\"]},{\"@type\":\"Person\",\"@id\":\"https:\\\/\\\/gruene-wiesbaden.de\\\/#\\\/schema\\\/person\\\/6785c34779159cd4fd86886bb097afe9\",\"name\":\"admin\",\"sameAs\":[\"http:\\\/\\\/gruene-wiesbaden-fuer-europa.de\"],\"url\":\"https:\\\/\\\/gruene-wiesbaden.de\\\/sk\\\/author\\\/admin\\\/\"}]}<\/script>\n<!-- \/ Yoast SEO plugin. -->","yoast_head_json":{"title":"Zivilgesellschaftliches Engagement und Demokratief\u00f6rderung - B\u00dcNDNIS 90\/DIE GR\u00dcNEN Wiesbaden","robots":{"index":"index","follow":"follow","max-snippet":"max-snippet:-1","max-image-preview":"max-image-preview:large","max-video-preview":"max-video-preview:-1"},"canonical":"https:\/\/gruene-wiesbaden.de\/sk\/zivilgesellschaftliches-engagement-und-demokratiefoerderung\/","og_locale":"sk_SK","og_type":"article","og_title":"Zivilgesellschaftliches Engagement und Demokratief\u00f6rderung - B\u00dcNDNIS 90\/DIE GR\u00dcNEN Wiesbaden","og_url":"https:\/\/gruene-wiesbaden.de\/sk\/zivilgesellschaftliches-engagement-und-demokratiefoerderung\/","og_site_name":"B\u00dcNDNIS 90\/DIE GR\u00dcNEN Wiesbaden","article_publisher":"https:\/\/www.facebook.com\/gruene.wi","article_published_time":"2025-11-09T22:15:14+00:00","article_modified_time":"2026-04-09T08:34:43+00:00","og_image":[{"width":750,"height":750,"url":"https:\/\/gruene-wiesbaden.de\/wp-content\/uploads\/2025\/11\/2.6-Zivilgesellschaftliches-Engagement-1.jpg","type":"image\/jpeg"}],"author":"admin","twitter_card":"summary_large_image","twitter_misc":{"Autor":"admin","Predpokladan\u00fd \u010das \u010d\u00edtania":"7 minutes"},"schema":{"@context":"https:\/\/schema.org","@graph":[{"@type":"Article","@id":"https:\/\/gruene-wiesbaden.de\/zivilgesellschaftliches-engagement-und-demokratiefoerderung\/#article","isPartOf":{"@id":"https:\/\/gruene-wiesbaden.de\/zivilgesellschaftliches-engagement-und-demokratiefoerderung\/"},"author":{"name":"admin","@id":"https:\/\/gruene-wiesbaden.de\/#\/schema\/person\/6785c34779159cd4fd86886bb097afe9"},"headline":"Zivilgesellschaftliches Engagement und Demokratief\u00f6rderung","datePublished":"2025-11-09T22:15:14+00:00","dateModified":"2026-04-09T08:34:43+00:00","mainEntityOfPage":{"@id":"https:\/\/gruene-wiesbaden.de\/zivilgesellschaftliches-engagement-und-demokratiefoerderung\/"},"wordCount":1885,"publisher":{"@id":"https:\/\/gruene-wiesbaden.de\/#organization"},"image":{"@id":"https:\/\/gruene-wiesbaden.de\/zivilgesellschaftliches-engagement-und-demokratiefoerderung\/#primaryimage"},"thumbnailUrl":"https:\/\/gruene-wiesbaden.de\/wp-content\/uploads\/2025\/11\/2.6-Zivilgesellschaftliches-Engagement-1.jpg","articleSection":["Kapitel 2"],"inLanguage":"sk-SK"},{"@type":"WebPage","@id":"https:\/\/gruene-wiesbaden.de\/zivilgesellschaftliches-engagement-und-demokratiefoerderung\/","url":"https:\/\/gruene-wiesbaden.de\/zivilgesellschaftliches-engagement-und-demokratiefoerderung\/","name":"Zivilgesellschaftliches Engagement und Demokratief\u00f6rderung - B\u00dcNDNIS 90\/DIE GR\u00dcNEN Wiesbaden","isPartOf":{"@id":"https:\/\/gruene-wiesbaden.de\/#website"},"primaryImageOfPage":{"@id":"https:\/\/gruene-wiesbaden.de\/zivilgesellschaftliches-engagement-und-demokratiefoerderung\/#primaryimage"},"image":{"@id":"https:\/\/gruene-wiesbaden.de\/zivilgesellschaftliches-engagement-und-demokratiefoerderung\/#primaryimage"},"thumbnailUrl":"https:\/\/gruene-wiesbaden.de\/wp-content\/uploads\/2025\/11\/2.6-Zivilgesellschaftliches-Engagement-1.jpg","datePublished":"2025-11-09T22:15:14+00:00","dateModified":"2026-04-09T08:34:43+00:00","breadcrumb":{"@id":"https:\/\/gruene-wiesbaden.de\/zivilgesellschaftliches-engagement-und-demokratiefoerderung\/#breadcrumb"},"inLanguage":"sk-SK","potentialAction":[{"@type":"ReadAction","target":["https:\/\/gruene-wiesbaden.de\/zivilgesellschaftliches-engagement-und-demokratiefoerderung\/"]}]},{"@type":"ImageObject","inLanguage":"sk-SK","@id":"https:\/\/gruene-wiesbaden.de\/zivilgesellschaftliches-engagement-und-demokratiefoerderung\/#primaryimage","url":"https:\/\/gruene-wiesbaden.de\/wp-content\/uploads\/2025\/11\/2.6-Zivilgesellschaftliches-Engagement-1.jpg","contentUrl":"https:\/\/gruene-wiesbaden.de\/wp-content\/uploads\/2025\/11\/2.6-Zivilgesellschaftliches-Engagement-1.jpg","width":750,"height":750},{"@type":"BreadcrumbList","@id":"https:\/\/gruene-wiesbaden.de\/zivilgesellschaftliches-engagement-und-demokratiefoerderung\/#breadcrumb","itemListElement":[{"@type":"ListItem","position":1,"name":"Startseite","item":"https:\/\/gruene-wiesbaden.de\/"},{"@type":"ListItem","position":2,"name":"Zivilgesellschaftliches Engagement und Demokratief\u00f6rderung"}]},{"@type":"WebSite","@id":"https:\/\/gruene-wiesbaden.de\/#website","url":"https:\/\/gruene-wiesbaden.de\/","name":"DIE GR\u00dcNEN Wiesbaden","description":"","publisher":{"@id":"https:\/\/gruene-wiesbaden.de\/#organization"},"potentialAction":[{"@type":"SearchAction","target":{"@type":"EntryPoint","urlTemplate":"https:\/\/gruene-wiesbaden.de\/?s={search_term_string}"},"query-input":{"@type":"PropertyValueSpecification","valueRequired":true,"valueName":"search_term_string"}}],"inLanguage":"sk-SK"},{"@type":"Organization","@id":"https:\/\/gruene-wiesbaden.de\/#organization","name":"DIE GR\u00dcNEN Wiesbaden","url":"https:\/\/gruene-wiesbaden.de\/","logo":{"@type":"ImageObject","inLanguage":"sk-SK","@id":"https:\/\/gruene-wiesbaden.de\/#\/schema\/logo\/image\/","url":"https:\/\/gruene-wiesbaden-fuer-europa.de\/wp-content\/uploads\/2024\/04\/Machen-was-zaehlt-5.png","contentUrl":"https:\/\/gruene-wiesbaden-fuer-europa.de\/wp-content\/uploads\/2024\/04\/Machen-was-zaehlt-5.png","width":1772,"height":1772,"caption":"DIE GR\u00dcNEN Wiesbaden"},"image":{"@id":"https:\/\/gruene-wiesbaden.de\/#\/schema\/logo\/image\/"},"sameAs":["https:\/\/www.facebook.com\/gruene.wi","https:\/\/instagram.com\/gruene_wi"]},{"@type":"Person","@id":"https:\/\/gruene-wiesbaden.de\/#\/schema\/person\/6785c34779159cd4fd86886bb097afe9","name":"admin","sameAs":["http:\/\/gruene-wiesbaden-fuer-europa.de"],"url":"https:\/\/gruene-wiesbaden.de\/sk\/author\/admin\/"}]}},"_links":{"self":[{"href":"https:\/\/gruene-wiesbaden.de\/sk\/wp-json\/wp\/v2\/posts\/1359","targetHints":{"allow":["GET"]}}],"collection":[{"href":"https:\/\/gruene-wiesbaden.de\/sk\/wp-json\/wp\/v2\/posts"}],"about":[{"href":"https:\/\/gruene-wiesbaden.de\/sk\/wp-json\/wp\/v2\/types\/post"}],"author":[{"embeddable":true,"href":"https:\/\/gruene-wiesbaden.de\/sk\/wp-json\/wp\/v2\/users\/1"}],"replies":[{"embeddable":true,"href":"https:\/\/gruene-wiesbaden.de\/sk\/wp-json\/wp\/v2\/comments?post=1359"}],"version-history":[{"count":7,"href":"https:\/\/gruene-wiesbaden.de\/sk\/wp-json\/wp\/v2\/posts\/1359\/revisions"}],"predecessor-version":[{"id":2394,"href":"https:\/\/gruene-wiesbaden.de\/sk\/wp-json\/wp\/v2\/posts\/1359\/revisions\/2394"}],"wp:featuredmedia":[{"embeddable":true,"href":"https:\/\/gruene-wiesbaden.de\/sk\/wp-json\/wp\/v2\/media\/1490"}],"wp:attachment":[{"href":"https:\/\/gruene-wiesbaden.de\/sk\/wp-json\/wp\/v2\/media?parent=1359"}],"wp:term":[{"taxonomy":"category","embeddable":true,"href":"https:\/\/gruene-wiesbaden.de\/sk\/wp-json\/wp\/v2\/categories?post=1359"},{"taxonomy":"post_tag","embeddable":true,"href":"https:\/\/gruene-wiesbaden.de\/sk\/wp-json\/wp\/v2\/tags?post=1359"}],"curies":[{"name":"wp","href":"https:\/\/api.w.org\/{rel}","templated":true}]}}