{"id":1357,"date":"2025-11-10T00:14:08","date_gmt":"2025-11-09T22:14:08","guid":{"rendered":"https:\/\/gruene-wiesbaden.de\/?p=1357"},"modified":"2026-04-09T10:33:03","modified_gmt":"2026-04-09T08:33:03","slug":"sicherheit-und-schutz-vor-gewalt","status":"publish","type":"post","link":"https:\/\/gruene-wiesbaden.de\/sk\/sicherheit-und-schutz-vor-gewalt\/","title":{"rendered":"Bezpe\u010dnos\u0165 a ochrana pred n\u00e1sil\u00edm"},"content":{"rendered":"<section class=\"l-section wpb_row height_medium with_img\"><div class=\"l-section-img\" role=\"img\" data-img-width=\"1080\" data-img-height=\"800\" style=\"background-image: url(https:\/\/gruene-wiesbaden.de\/wp-content\/uploads\/2025\/11\/neuer-Verlauf-gruene-wiesbaden.de_-2-e1762709402177.png);\"><\/div><div class=\"l-section-overlay\" style=\"background:var(--color-header-top-transparent-bg)\"><\/div><div class=\"l-section-h i-cf\"><div class=\"g-cols vc_row via_grid cols_1 laptops-cols_inherit tablets-cols_inherit mobiles-cols_1 valign_top type_default stacking_default\"><div class=\"wpb_column vc_column_container\"><div class=\"vc_column-inner\"><h1 class=\"w-post-elm post_title us_custom_a574d586 has_text_color entry-title\">Bezpe\u010dnos\u0165 a ochrana pred n\u00e1sil\u00edm<\/h1><div class=\"w-separator size_medium\"><\/div><div class=\"g-cols wpb_row via_grid cols_2-1 laptops-cols_inherit tablets-cols_inherit mobiles-cols_1 valign_top type_default stacking_default\" style=\"--columns-gap:3rem;\"><div class=\"wpb_column vc_column_container\"><div class=\"vc_column-inner\"><div class=\"wpb_text_column us_custom_8b3d6790 has_text_color\"><div class=\"wpb_wrapper\"><p><span style=\"font-weight: 400;\">Chceme, aby sa ka\u017ed\u00fd vo Wiesbadene c\u00edtil bezpe\u010dne a bez diskrimin\u00e1cie a n\u00e1silia \u2013 cestou domov, v \u0161kole alebo na verejn\u00fdch priestranstv\u00e1ch. Bezpe\u010dnos\u0165 znamen\u00e1 pre ka\u017ed\u00e9ho nie\u010do in\u00e9, preto venujeme pozornos\u0165 perspekt\u00edvam \u013eud\u00ed, ktor\u00ed za\u017e\u00edvaj\u00fa diskrimin\u00e1ciu, nen\u00e1vis\u0165 alebo vyl\u00fa\u010denie. Obzvl\u00e1\u0161\u0165 d\u00f4le\u017eit\u00e9 je, aby sme posilnili hlasy, ktor\u00e9 sa \u010dasto prehliadaj\u00fa: \u013dudia, ktor\u00ed za\u017e\u00edvaj\u00fa rasistick\u00e9, antisemitsk\u00e9, anti-zdravotne postihnut\u00e9, sexistick\u00e9 alebo queer a transf\u00f3bne \u00fatoky.<\/span><\/p>\n<p><span style=\"font-weight: 400;\">Ochrana neza\u010d\u00edna mestskou pol\u00edciou a \u00faradom verejn\u00e9ho poriadku, ale s d\u00f4verou, pr\u00edstupn\u00fdmi kontaktn\u00fdmi osobami, dobre navrhnut\u00fdmi miestnos\u0165ami a \u00factiv\u00fdm spolu\u017eit\u00edm. Zaviazali sme sa k mestu, v ktorom \u017eije rozmanitos\u0165, kde s\u00fa vypo\u010dut\u00ed postihnut\u00ed \u013eudia a kde sa neust\u00e1le bojuje proti n\u00e1siliu \u2013 v z\u00e1ujme bezpe\u010dn\u00e9ho a solid\u00e1rneho Wiesbadenu.<\/span><\/p>\n<\/div><\/div><div class=\"w-separator size_medium\"><\/div><div class=\"w-btn-wrapper align_left\"><a class=\"w-btn us-btn-style_8 icon_atleft\" href=\"https:\/\/gruene-wiesbaden.de\/sk\/kommunalwahl\/#Kapitel2\"><i class=\"fas fa-chevron-circle-right\"><\/i><span class=\"w-btn-label\">Sp\u00e4\u0165 na preh\u013ead<\/span><\/a><\/div><\/div><\/div><div class=\"wpb_column vc_column_container\"><div class=\"vc_column-inner\"><div class=\"w-image align_center\"><div class=\"w-image-h\"><img decoding=\"async\" width=\"2048\" height=\"2560\" src=\"https:\/\/gruene-wiesbaden.de\/wp-content\/uploads\/2025\/11\/2.5-Sicherheit-und-Schutz-vor-Gewalt-scaled.jpg\" class=\"attachment-full size-full\" alt=\"\" loading=\"lazy\" srcset=\"https:\/\/gruene-wiesbaden.de\/wp-content\/uploads\/2025\/11\/2.5-Sicherheit-und-Schutz-vor-Gewalt-scaled.jpg 2048w, https:\/\/gruene-wiesbaden.de\/wp-content\/uploads\/2025\/11\/2.5-Sicherheit-und-Schutz-vor-Gewalt-320x400.jpg 320w, https:\/\/gruene-wiesbaden.de\/wp-content\/uploads\/2025\/11\/2.5-Sicherheit-und-Schutz-vor-Gewalt-480x600.jpg 480w\" sizes=\"auto, (max-width: 2048px) 100vw, 2048px\" \/><\/div><\/div><div class=\"w-separator size_small\"><\/div><\/div><\/div><\/div><div class=\"w-separator size_medium\"><\/div><div class=\"w-separator size_medium\"><\/div><div class=\"wpb_text_column us_custom_29deb344 has_text_color\"><div class=\"wpb_wrapper\"><h1>\u010co pre n\u00e1s znamen\u00e1 bezpe\u010dnos\u0165 a ochrana pred n\u00e1sil\u00edm<\/h1>\n<\/div><\/div><div class=\"w-separator size_large\"><\/div><div class=\"g-cols wpb_row via_grid cols_3 laptops-cols_inherit tablets-cols_inherit mobiles-cols_1 valign_top type_default stacking_default\" style=\"--columns-gap:3rem;\"><div class=\"wpb_column vc_column_container\"><div class=\"vc_column-inner\"><div class=\"w-iconbox us_custom_8b3d6790 has_text_color iconpos_left style_default color_custom align_left\"><div class=\"w-iconbox-icon\" style=\"font-size:2rem;--icon-color:#Ffffff;--icon-bg-color:var(--color-header-middle-bg);\"><i class=\"fas fa-layer-group\"><\/i><\/div><div class=\"w-iconbox-meta\"><h4 class=\"w-iconbox-title\" style=\"font-size:1.5rem;\">Bezpe\u010dnos\u0165 pre v\u0161etk\u00fdch<\/h4><div class=\"w-iconbox-text\"><p><span style=\"font-weight: 400;\">Kto je v\u0161ak v bezpe\u010d\u00ed, nesmie z\u00e1visie\u0165 od toho, ak\u00e9 pohlavie, sexualitu alebo p\u00f4vod m\u00e1 \u010dlovek. Wiesbaden mus\u00ed by\u0165 mesto, kde sa ka\u017ed\u00fd c\u00edti bezpe\u010dne.<\/span><\/p>\n<\/div><\/div><\/div><\/div><\/div><div class=\"wpb_column vc_column_container\"><div class=\"vc_column-inner\"><div class=\"w-iconbox us_custom_8b3d6790 has_text_color iconpos_left style_default color_custom align_left\"><div class=\"w-iconbox-icon\" style=\"font-size:2rem;--icon-color:#Ffffff;--icon-bg-color:var(--color-header-transparent-text);\"><i class=\"fas fa-layer-group\"><\/i><\/div><div class=\"w-iconbox-meta\"><h4 class=\"w-iconbox-title\" style=\"font-size:1.5rem;\">Prekon\u00e1vanie rodovo motivovan\u00e9ho n\u00e1silia<\/h4><div class=\"w-iconbox-text\"><p><span style=\"font-weight: 400;\">\u017deny s\u00fa najv\u00e4\u010d\u0161ou skupinou \u013eud\u00ed postihnut\u00fdch partnersk\u00fdm n\u00e1sil\u00edm. Je d\u00f4le\u017eit\u00e9, aby ste sa na to osobitne pozreli tu.<\/span><\/p>\n<\/div><\/div><\/div><\/div><\/div><div class=\"wpb_column vc_column_container\"><div class=\"vc_column-inner\"><div class=\"w-iconbox us_custom_8b3d6790 has_text_color iconpos_left style_default color_custom align_left\"><div class=\"w-iconbox-icon\" style=\"font-size:2rem;--icon-color:#Ffffff;--icon-bg-color:var(--color-header-transparent-text);\"><i class=\"fas fa-layer-group\"><\/i><\/div><div class=\"w-iconbox-meta\"><h4 class=\"w-iconbox-title\" style=\"font-size:1.5rem;\">Bezpe\u010dnej\u0161ie miesta v\u010faka v\u00e4\u010d\u0161ej \u017eivosti a osvetleniu namiesto v\u00e4\u010d\u0161ieho monitorovania<\/h4><div class=\"w-iconbox-text\"><p><span style=\"font-weight: 400;\">Nechceme vytv\u00e1ra\u0165 bezpe\u010dnos\u0165 prostredn\u00edctvom st\u00e1le v\u00e4\u010d\u0161ieho sledovania, ale prostredn\u00edctvom \u017eiv\u00fdch, dobre osvetlen\u00fdch a pr\u00edjemn\u00fdch verejn\u00fdch priestorov.<\/span><\/p>\n<\/div><\/div><\/div><\/div><\/div><\/div><div class=\"w-separator size_medium\"><\/div><div class=\"g-cols wpb_row via_grid cols_3 laptops-cols_inherit tablets-cols_inherit mobiles-cols_1 valign_top type_default stacking_default\" style=\"--columns-gap:3rem;\"><div class=\"wpb_column vc_column_container\"><div class=\"vc_column-inner\"><div class=\"w-iconbox us_custom_8b3d6790 has_text_color iconpos_left style_default color_custom align_left\"><div class=\"w-iconbox-icon\" style=\"font-size:2rem;--icon-color:#Ffffff;--icon-bg-color:var(--color-header-middle-bg);\"><i class=\"fas fa-layer-group\"><\/i><\/div><div class=\"w-iconbox-meta\"><h4 class=\"w-iconbox-title\" style=\"font-size:1.5rem;\">Informovanos\u0165 regula\u010dn\u00fdch org\u00e1nov<\/h4><div class=\"w-iconbox-text\"><p><span style=\"font-weight: 400;\">Regula\u010dn\u00e9 org\u00e1ny posil\u0148uj\u00fa bezpe\u010dnos\u0165 zvy\u0161ovan\u00edm informovanosti o diskrimin\u00e1cii, v\u00fdmenou inform\u00e1ci\u00ed so z\u00e1ujmov\u00fdmi skupinami a spr\u00edstup\u0148ovan\u00edm \u013eud\u00ed - to vytv\u00e1ra d\u00f4veru a ochranu pre v\u0161etk\u00fdch obyvate\u013eov Wiesbadenu.<\/span><\/p>\n<\/div><\/div><\/div><\/div><\/div><div class=\"wpb_column vc_column_container\"><div class=\"vc_column-inner\"><div class=\"w-iconbox us_custom_8b3d6790 has_text_color iconpos_left style_default color_custom align_left\"><div class=\"w-iconbox-icon\" style=\"font-size:2rem;--icon-color:#Ffffff;--icon-bg-color:var(--color-header-transparent-text);\"><i class=\"fas fa-layer-group\"><\/i><\/div><div class=\"w-iconbox-meta\"><h4 class=\"w-iconbox-title\" style=\"font-size:1.5rem;\">Mestsk\u00e1 pol\u00edcia a \u00farad verejn\u00e9ho poriadku v bl\u00edzkosti ob\u010danov<\/h4><div class=\"w-iconbox-text\"><p><span style=\"font-weight: 400;\">Spoliehame sa na spravodliv\u00fa a \u00factiv\u00fa mestsk\u00fa pol\u00edciu a obecn\u00fa poriadkov\u00fa kancel\u00e1riu, ktor\u00e9 pracuj\u00fa nediskrimina\u010dne, po\u010d\u00favaj\u00fa postihnut\u00e9 osoby a pon\u00fakaj\u00fa v\u0161etk\u00fdm Wiesbadeners bezpe\u010dnos\u0165 a slobodu pohybu.<\/span><\/p>\n<\/div><\/div><\/div><\/div><\/div><div class=\"wpb_column vc_column_container\"><div class=\"vc_column-inner\"><\/div><\/div><\/div><div class=\"w-separator size_medium\"><\/div><div class=\"w-btn-wrapper align_left\"><a class=\"w-btn us-btn-style_8 icon_atleft\" href=\"https:\/\/gruene-wiesbaden.de\/sk\/kommunalwahl\/#Kapitel2\"><i class=\"fas fa-chevron-circle-right\"><\/i><span class=\"w-btn-label\">Sp\u00e4\u0165 na preh\u013ead<\/span><\/a><\/div><div class=\"w-separator size_medium\"><\/div><\/div><\/div><\/div><\/div><\/section><section class=\"l-section wpb_row height_auto with_img\"><div class=\"l-section-img\" role=\"img\" data-img-width=\"2048\" data-img-height=\"2560\" style=\"background-image: url(https:\/\/gruene-wiesbaden.de\/wp-content\/uploads\/2025\/11\/2.5-Sicherheit-und-Schutz-vor-Gewalt-scaled.jpg);background-repeat: no-repeat;\"><\/div><div class=\"l-section-overlay\" style=\"background:var(--color-header-top-transparent-bg)\"><\/div><div class=\"l-section-h i-cf\"><div class=\"g-cols vc_row via_grid cols_1 laptops-cols_inherit tablets-cols_inherit mobiles-cols_1 valign_middle type_default stacking_default\" style=\"--columns-gap:1rem;\"><div class=\"wpb_column vc_column_container\"><div class=\"vc_column-inner\"><div class=\"w-separator size_large\"><\/div><div class=\"wpb_text_column background_inside_text\"><div class=\"wpb_wrapper\"><h1>\u010co konkr\u00e9tne chceme v tejto oblasti urobi\u0165<\/h1>\n<\/div><\/div><div class=\"w-separator size_medium\"><\/div><div class=\"w-tabs us_custom_42d693a0 has_text_color style_default switch_click accordion has_scrolling\" style=\"--sections-title-size:1.4rem\"><div class=\"w-tabs-sections titles-align_none icon_chevron cpos_right\"><div class=\"w-tabs-section has_text_color\" id=\"wedb\" style=\"background:var(--color-header-transparent-text);color:var(--color-header-top-text-hover);\"><button class=\"w-tabs-section-header\" aria-controls=\"content-wedb\" aria-expanded=\"false\"><div class=\"w-tabs-section-title\">Zabezpe\u010dte verejn\u00e9 priestory bez kamerov\u00e9ho doh\u013eadu<\/div><div class=\"w-tabs-section-control\"><\/div><\/button><div  class=\"w-tabs-section-content\" id=\"content-wedb\"><div class=\"w-tabs-section-content-h i-cf\"><div class=\"wpb_text_column\"><div class=\"wpb_wrapper\"><p><span style=\"font-weight: 400;\">My GR\u00dcNE chceme, aby verejn\u00e9 n\u00e1mestia vo Wiesbadene boli \u017eiv\u00e9, bezpe\u010dn\u00e9 a pr\u00edjemn\u00e9. Posil\u0148ujeme bezpe\u010dnos\u0165 a s\u00fadr\u017enos\u0165 vo v\u0161etk\u00fdch okresoch prostredn\u00edctvom riadenia kozmick\u00e9ho priestoru, soci\u00e1lnej podpory a cielenej podpory ml\u00e1de\u017en\u00edckych in\u0161tit\u00faci\u00ed. Verejn\u00e9 priestory by mali by\u0165 dobre osvetlen\u00e9, bezbari\u00e9rov\u00e9 a pr\u00edstupn\u00e9.<\/span><\/p>\n<p><span style=\"font-weight: 400;\">Odmietame roz\u0161\u00edrenie pozorovania videa; Bezpe\u010dnos\u0165 poch\u00e1dza zo \u017eivotn\u00fdch miest a spolo\u010denskej pr\u00edtomnosti. Zatrakt\u00edv\u0148ujeme miesta, ktor\u00e9 s\u00fa dnes vn\u00edman\u00e9 ako nebezpe\u010dn\u00e9, prostredn\u00edctvom nov\u00fdch pr\u00edle\u017eitost\u00ed na vyu\u017eitie \u2013 napr\u00edklad prostredn\u00edctvom gastron\u00f3mie, kult\u00farnych pon\u00fak alebo miest spolo\u010dn\u00fdch stretnut\u00ed. To vytv\u00e1ra priestor, v ktorom sa \u013eudia radi stret\u00e1vaj\u00fa, rozmanitos\u0165 mestsk\u00e9ho \u017eivota sa st\u00e1va vidite\u013enou a soci\u00e1lne zabezpe\u010denie rastie. Dobr\u00fdm pr\u00edkladom je maur\u00edcijsk\u00e9 n\u00e1mestie.<\/span><\/p>\n<p><span style=\"font-weight: 400;\">Na v\u00fdznamn\u00fdch podujatiach chceme zaisti\u0165 bezpe\u010dnos\u0165 prostredn\u00edctvom z\u00e1kazov skla, \u201ebezpe\u010dn\u00fdch osl\u00e1v\u201c a bezplatnej kontroly drog. T\u00fdmto sp\u00f4sobom sa v\u0161etci \u013eudia \u2013 \u010di u\u017e rodiny, mlad\u00ed \u013eudia alebo star\u0161\u00ed ob\u010dania \u2013 m\u00f4\u017eu vo\u013ene a bezpe\u010dne pohybova\u0165.<\/span><\/p>\n<\/div><\/div><\/div><\/div><\/div><div class=\"w-tabs-section has_text_color\" id=\"qff4\" style=\"background:var(--color-header-transparent-text);color:var(--color-header-top-text-hover);\"><button class=\"w-tabs-section-header\" aria-controls=\"content-qff4\" aria-expanded=\"false\"><div class=\"w-tabs-section-title\">Bezpe\u010dnos\u0165 t\u00fdm, \u017ee je vidite\u013en\u00e1<\/div><div class=\"w-tabs-section-control\"><\/div><\/button><div  class=\"w-tabs-section-content\" id=\"content-qff4\"><div class=\"w-tabs-section-content-h i-cf\"><div class=\"wpb_text_column\"><div class=\"wpb_wrapper\"><p><span style=\"font-weight: 400;\">Akt\u00edvnou starostlivos\u0165ou o existuj\u00face priestory sa chceme vyhn\u00fa\u0165 vo\u013en\u00e9mu miestu a neosvetlen\u00fdm oblastiam. Chceme zachova\u0165 verejn\u00fd priestor a \u0161truktur\u00e1lne zmodernizova\u0165 okresy s probl\u00e9mami. Okrem toho chceme lep\u0161ie osvetli\u0165 zast\u00e1vky a stanice mobility. Na tento \u00fa\u010del sa m\u00e1 vyvin\u00fa\u0165 koncepcia osvetlenia, ktor\u00e1 mysl\u00ed tak na cel\u00e9 mesto, ako aj na \u017eivotn\u00e9 prostredie. To tie\u017e posil\u0148uje pocit bezpe\u010dia. Platforma na pod\u00e1vanie spr\u00e1v by mala zvidite\u013eni\u0165 nebezpe\u010dn\u00e9 miesta.<\/span><\/p>\n<\/div><\/div><\/div><\/div><\/div><div class=\"w-tabs-section has_text_color\" id=\"g120\" style=\"background:var(--color-header-transparent-text);color:var(--color-header-top-text-hover);\"><button class=\"w-tabs-section-header\" aria-controls=\"content-g120\" aria-expanded=\"false\"><div class=\"w-tabs-section-title\">\u010ealej posil\u0148ova\u0165 koncepcie prevencie a ochrany: Luisa je tu! a dom\u00e1ci telef\u00f3n<\/div><div class=\"w-tabs-section-control\"><\/div><\/button><div  class=\"w-tabs-section-content\" id=\"content-g120\"><div class=\"w-tabs-section-content-h i-cf\"><div class=\"wpb_text_column\"><div class=\"wpb_wrapper\"><p><span style=\"font-weight: 400;\">Projekt \u201eLuisa je tu!\u201c bol vo Wiesbadene \u00faspe\u0161n\u00fd u\u017e nejak\u00fd \u010das. Chceme udr\u017ea\u0165 a roz\u0161\u00edri\u0165 tento projekt, aby sme vytvorili v\u00e4\u010d\u0161iu bezpe\u010dnos\u0165 a pozornos\u0165 v no\u010dnom \u017eivote vo Wiesbadene, v baroch, kluboch a na festivaloch vo Wiesbadene. Tak\u017ee ka\u017ed\u00fd mestsk\u00fd festival vo Wiesbadene je miestom, kde ka\u017ed\u00fd \u010dlovek m\u00f4\u017ee r\u00fdchlo z\u00edska\u0165 bezpe\u010dnos\u0165. Cezhrani\u010dn\u00e9, invaz\u00edvne a diskrimina\u010dn\u00e9 spr\u00e1vanie nem\u00e1 miesto.<\/span><\/p>\n<p><span style=\"font-weight: 400;\">Okrem toho mesto u\u017e spolupracuje s Heimwegtelefon e.V., nemeckou slu\u017ebou, ktor\u00e1 sprev\u00e1dza volaj\u00facich telefonicky v noci, ak sa na ceste domov c\u00edtia nebezpe\u010dn\u00ed. T\u00e1to ponuka je k dispoz\u00edcii v nede\u013eu a\u017e \u0161tvrtok od 21:00 do polnoci a v piatok a sobotu od 21:00 do 15:00 pod \u010d\u00edslom 030 12074182. Zaviazali sme sa k \u010fal\u0161iemu vytv\u00e1raniu tak\u00fdchto koncepci\u00ed ochrany a ich spr\u00edstupneniu v\u0161etk\u00fdm.<\/span><\/p>\n<\/div><\/div><\/div><\/div><\/div><div class=\"w-tabs-section has_text_color\" id=\"c236\" style=\"background:var(--color-header-middle-bg);color:var(--color-content-heading);\"><button class=\"w-tabs-section-header\" aria-controls=\"content-c236\" aria-expanded=\"false\"><div class=\"w-tabs-section-title\">D\u00e1mske tax\u00edky<\/div><div class=\"w-tabs-section-control\"><\/div><\/button><div  class=\"w-tabs-section-content\" id=\"content-c236\"><div class=\"w-tabs-section-content-h i-cf\"><div class=\"wpb_text_column\"><div class=\"wpb_wrapper\"><p><span style=\"font-weight: 400;\">Aby sa \u017eeny mohli kedyko\u013evek bezpe\u010dne vr\u00e1ti\u0165 domov, chceme prinies\u0165 model \u017eensk\u00fdch no\u010dn\u00fdch tax\u00edkov do Wiesbadenu. V Stuttgarte je tento model u\u017e 20 rokov a je \u00faspe\u0161n\u00fd. Aby si ka\u017ed\u00fd mohol dovoli\u0165 jazdu tax\u00edkom, chceme vyvin\u00fa\u0165 model, prostredn\u00edctvom ktor\u00e9ho \u017eeny cestuj\u00face samostatne dostan\u00fa dot\u00e1ciu na jazdu domov s tak\u00fdmto tax\u00edkom.<\/span><\/p>\n<\/div><\/div><\/div><\/div><\/div><div class=\"w-tabs-section has_text_color\" id=\"x35c\" style=\"background:var(--color-header-transparent-text);color:var(--color-header-top-text-hover);\"><button class=\"w-tabs-section-header\" aria-controls=\"content-x35c\" aria-expanded=\"false\"><div class=\"w-tabs-section-title\">Roz\u0161\u00edrenie \u00fatulkov pre \u017eeny a poradensk\u00fdch centier<\/div><div class=\"w-tabs-section-control\"><\/div><\/button><div  class=\"w-tabs-section-content\" id=\"content-x35c\"><div class=\"w-tabs-section-content-h i-cf\"><div class=\"wpb_text_column\"><div class=\"wpb_wrapper\"><p><span style=\"font-weight: 400;\">Sme odhodlan\u00ed zabezpe\u010di\u0165, aby \u017eeny vo Wiesbadene na\u0161li ochranu r\u00fdchlo a \u013eahko. Na tento \u00fa\u010del chceme roz\u0161\u00edri\u0165 \u00fatulky pre \u017eeny a poradensk\u00e9 slu\u017eby, podpori\u0165 miestne in\u0161tit\u00facie a zabezpe\u010di\u0165 \u013eudsk\u00e9 a finan\u010dn\u00e9 zdroje. Ochrana nesmie z\u00e1visie\u0165 od pe\u0148a\u017eenky: Zabezpe\u010dujeme, aby \u017eeny, ktor\u00e9 h\u013eadaj\u00fa ochranu, nemuseli zn\u00e1\u0161a\u0165 svoje vlastn\u00e9 n\u00e1klady.<\/span><\/p>\n<p><span style=\"font-weight: 400;\">Z\u00e1rove\u0148 chceme podporova\u0165 n\u00edzkoprahov\u00e9 ponuky a prevent\u00edvnu pr\u00e1cu, aby sa n\u00e1silie odha\u013eovalo a predch\u00e1dzalo sa mu v po\u010diato\u010dnom \u0161t\u00e1diu. T\u00fdmto z\u00e1v\u00e4zkom akt\u00edvne prispievame k vykon\u00e1vaniu Istanbulsk\u00e9ho dohovoru a posil\u0148ujeme ochranu a bezpe\u010dnos\u0165 \u017eien v na\u0161om meste.<\/span><\/p>\n<\/div><\/div><\/div><\/div><\/div><div class=\"w-tabs-section has_text_color\" id=\"k494\" style=\"background:var(--color-header-middle-bg);color:var(--color-header-middle-text);\"><button class=\"w-tabs-section-header\" aria-controls=\"content-k494\" aria-expanded=\"false\"><div class=\"w-tabs-section-title\">Zabezpe\u010denie vykon\u00e1vania Istanbulsk\u00e9ho dohovoru<\/div><div class=\"w-tabs-section-control\"><\/div><\/button><div  class=\"w-tabs-section-content\" id=\"content-k494\"><div class=\"w-tabs-section-content-h i-cf\"><div class=\"wpb_text_column\"><div class=\"wpb_wrapper\"><p><span style=\"font-weight: 400;\">Na d\u00f4sledn\u00e9 vykon\u00e1vanie Istanbulsk\u00e9ho dohovoru vo Wiesbadene s\u00fa potrebn\u00e9 aj potrebn\u00e9 \u013eudsk\u00e9 zdroje. Miestny koordina\u010dn\u00fd org\u00e1n pre vykon\u00e1vanie Istanbulsk\u00e9ho dohovoru za\u010dal pracova\u0165. Je v\u0161ak d\u00f4le\u017eit\u00e9, aby sa finan\u010dn\u00e9 zdroje na tento \u00fa\u010del zv\u00fd\u0161ili, aby sa vykon\u00e1vanie mohlo uskuto\u010dni\u0165 \u010do najr\u00fdchlej\u0161ie.<\/span><\/p>\n<\/div><\/div><\/div><\/div><\/div><div class=\"w-tabs-section has_text_color\" id=\"u5a7\" style=\"background:var(--color-header-transparent-text);color:var(--color-header-top-text-hover);\"><button class=\"w-tabs-section-header\" aria-controls=\"content-u5a7\" aria-expanded=\"false\"><div class=\"w-tabs-section-title\">Chr\u00e1nen\u00e9 b\u00fdvanie pre \u013eud\u00ed s n\u00fatenou prostit\u00faciou<\/div><div class=\"w-tabs-section-control\"><\/div><\/button><div  class=\"w-tabs-section-content\" id=\"content-u5a7\"><div class=\"w-tabs-section-content-h i-cf\"><div class=\"wpb_text_column\"><div class=\"wpb_wrapper\"><p><span style=\"font-weight: 400;\">N\u00faten\u00e1 prostit\u00facia je trestn\u00fdm \u010dinom v oblasti \u013eudsk\u00fdch pr\u00e1v. Preto by sa mali zriadi\u0165 \u00fatulky, ktor\u00e9 by prij\u00edmali \u013eud\u00ed z n\u00fatenej prostit\u00facie a poskytovali im ochrann\u00e9 miesto.<\/span><\/p>\n<\/div><\/div><\/div><\/div><\/div><div class=\"w-tabs-section has_text_color\" id=\"f6cb\" style=\"background:var(--color-header-transparent-text);color:var(--color-header-top-text-hover);\"><button class=\"w-tabs-section-header\" aria-controls=\"content-f6cb\" aria-expanded=\"false\"><div class=\"w-tabs-section-title\">Prekon\u00e1vanie bezdomovectva \u2013 b\u00fdvanie ako prv\u00e9<\/div><div class=\"w-tabs-section-control\"><\/div><\/button><div  class=\"w-tabs-section-content\" id=\"content-f6cb\"><div class=\"w-tabs-section-content-h i-cf\"><div class=\"wpb_text_column\"><div class=\"wpb_wrapper\"><p><span style=\"font-weight: 400;\">Podporujeme \u013eud\u00ed, aby sa nestali bezdomovcami. Bezdomovectvo chceme prekona\u0165 pr\u00edstupom \u201eb\u00fdvanie ako prv\u00e9\u201c. Tam, kde to nie je mo\u017en\u00e9 alebo \u017eiaduce pre postihnut\u00fdch, poskytujeme dostatok miest na spanie a lek\u00e1rsku starostlivos\u0165.<\/span><\/p>\n<p><span style=\"font-weight: 400;\">\u013dudia, ktor\u00ed upadli do bezdomovectva, potrebuj\u00fa predov\u0161etk\u00fdm byt na rie\u0161enie probl\u00e9mov, ako je z\u00e1vislos\u0165, nezamestnanos\u0165, probl\u00e9my s du\u0161evn\u00fdm zdrav\u00edm alebo podobne.<\/span><\/p>\n<\/div><\/div><\/div><\/div><\/div><div class=\"w-tabs-section has_text_color\" id=\"v7e2\" style=\"background:var(--color-header-transparent-text);color:var(--color-header-top-text-hover);\"><button class=\"w-tabs-section-header\" aria-controls=\"content-v7e2\" aria-expanded=\"false\"><div class=\"w-tabs-section-title\">Mestsk\u00e1 pol\u00edcia a \u00farad verejn\u00e9ho poriadku ako d\u00f4veryhodn\u00e9 osoby pre v\u0161etk\u00fdch<\/div><div class=\"w-tabs-section-control\"><\/div><\/button><div  class=\"w-tabs-section-content\" id=\"content-v7e2\"><div class=\"w-tabs-section-content-h i-cf\"><div class=\"wpb_text_column\"><div class=\"wpb_wrapper\"><p><span style=\"font-weight: 400;\">Spoliehame sa na mestsk\u00fa pol\u00edciu v bl\u00edzkosti ob\u010danov a obecn\u00fd \u00farad, ktor\u00fd kon\u00e1 spravodlivo, \u00factivo a bez v\u00fdzbroje. Pravideln\u00e9 p\u00e1sy na nohy a bicykle, prevent\u00edvna pr\u00edtomnos\u0165 a ochrann\u00e9 opatrenia pre z\u00e1chrann\u00e9 slu\u017eby posil\u0148uj\u00fa pocit bezpe\u010dnosti obyvate\u013estva. Odmietame zavedenie striekac\u00edch pi\u0161tol\u00ed na korenie. Okrem toho chceme zvr\u00e1ti\u0165 vizu\u00e1lne zos\u00faladenie \u00daradu pre verejn\u00fd poriadok s pol\u00edciou, aby boli r\u00f4zne \u00falohy a mand\u00e1ty org\u00e1nov jasne rozpoznate\u013en\u00e9.<\/span><\/p>\n<\/div><\/div><\/div><\/div><\/div><div class=\"w-tabs-section has_text_color\" id=\"i924\" style=\"background:var(--color-header-transparent-text);color:var(--color-header-top-text-hover);\"><button class=\"w-tabs-section-header\" aria-controls=\"content-i924\" aria-expanded=\"false\"><div class=\"w-tabs-section-title\">Informovanos\u0165, odborn\u00e1 pr\u00edprava a ochrana mestskej pol\u00edcie a org\u00e1nov presadzovania pr\u00e1va<\/div><div class=\"w-tabs-section-control\"><\/div><\/button><div  class=\"w-tabs-section-content\" id=\"content-i924\"><div class=\"w-tabs-section-content-h i-cf\"><div class=\"wpb_text_column\"><div class=\"wpb_wrapper\"><p><span style=\"font-weight: 400;\">Na\u0161a obava \u2013 mestsk\u00e1 pol\u00edcia a \u00farad verejn\u00e9ho poriadku s vedom\u00edm: Mestsk\u00e1 pol\u00edcia a \u00farad verejn\u00e9ho poriadku maj\u00fa spolupracova\u0165 so soci\u00e1lnymi in\u0161tit\u00faciami a in\u0161tit\u00faciami ob\u010dianskej spolo\u010dnosti a maj\u00fa by\u0165 vy\u0161kolen\u00ed sp\u00f4sobom, ktor\u00fd je citliv\u00fd na diskrimin\u00e1ciu. Cie\u013eom \u0161peci\u00e1lnych kurzov odbornej pr\u00edpravy o queer nepriate\u013estve, pravicovom extr\u00e9mizme, dom\u00e1com n\u00e1sil\u00ed a psychologick\u00fdch kr\u00edzach je zabezpe\u010di\u0165, aby z\u00e1chrann\u00e9 slu\u017eby konali profesion\u00e1lne. Decentralizovan\u00e9 \u0161trukt\u00fary, pravideln\u00e9 extern\u00e9 hodnotenia a vidite\u013en\u00e1 kult\u00fara ch\u00fdb podporuj\u00fa d\u00f4veru a boj proti rasizmu.<\/span><\/p>\n<p><span style=\"font-weight: 400;\">Z\u00e1rove\u0148 je cie\u013eom chr\u00e1ni\u0165 zamestnancov pred verb\u00e1lnymi a fyzick\u00fdmi \u00fatokmi a podporova\u0165 ich v postupoch nahlasovania, napr\u00edklad prostredn\u00edctvom syst\u00e9mu nahlasovania a obecnej jednotky s n\u00e1zvom N\u00e1silie proti z\u00e1chrann\u00fdm a z\u00e1chrann\u00fdm slu\u017eb\u00e1m.<\/span><\/p>\n<\/div><\/div><\/div><\/div><\/div><div class=\"w-tabs-section has_text_color\" id=\"xa3d\" style=\"background:var(--color-header-transparent-text);color:var(--color-header-top-text-hover);\"><button class=\"w-tabs-section-header\" aria-controls=\"content-xa3d\" aria-expanded=\"false\"><div class=\"w-tabs-section-title\">Masterplan Security pre na mieru \u0161it\u00e9 bezpe\u010dnostn\u00e9 opatrenia v meste<\/div><div class=\"w-tabs-section-control\"><\/div><\/button><div  class=\"w-tabs-section-content\" id=\"content-xa3d\"><div class=\"w-tabs-section-content-h i-cf\"><div class=\"wpb_text_column\"><div class=\"wpb_wrapper\"><p><span style=\"font-weight: 400;\">Vyv\u00edjame a realizujeme hlavn\u00fd pl\u00e1n bezpe\u010dnosti, ktor\u00fd systematicky analyzuje pr\u00ed\u010diny kriminality vo Wiesbadene a zah\u0155\u0148a regula\u010dn\u00e9 aj soci\u00e1lne opatrenia. Cie\u013eom je prisp\u00f4sobi\u0165 opatrenia r\u00f4znym okresom a verejn\u00fdm priestorom. Na tento \u00fa\u010del \u00fadaje a svedectv\u00e1 pol\u00edcie, \u00faradu verejn\u00e9ho poriadku, soci\u00e1lnych in\u0161tit\u00faci\u00ed a in\u0161tit\u00faci\u00ed ob\u010dianskej spolo\u010dnosti, ako aj pracovn\u00fdch skup\u00edn Public Space a #Kde sa dali dokopy. Na z\u00e1klade anal\u00fdzy konkr\u00e9tne podporujeme prevent\u00edvne projekty, posil\u0148ujeme decentralizovan\u00e9 \u0161trukt\u00fary a v pr\u00edpade potreby iniciujeme \u010fal\u0161ie regula\u010dn\u00e9 partnerstv\u00e1 v okresoch. T\u00fdmto sp\u00f4sobom vytv\u00e1rame bezpe\u010dnostn\u00e9 koncepcie, ktor\u00e9 maj\u00fa \u00fa\u010dinn\u00fd, kooperat\u00edvny a udr\u017eate\u013en\u00fd \u00fa\u010dinok a v\u00fdrazne zvy\u0161uj\u00fa pocit bezpe\u010dnosti v\u0161etk\u00fdch ob\u010danov.<\/span><\/p>\n<\/div><\/div><\/div><\/div><\/div><\/div><\/div><div class=\"w-separator size_medium\"><\/div><div class=\"w-btn-wrapper align_left\"><a class=\"w-btn us-btn-style_8 icon_atleft\" href=\"https:\/\/gruene-wiesbaden.de\/sk\/kommunalwahl\/#Kapitel2\"><i class=\"fas fa-chevron-circle-right\"><\/i><span class=\"w-btn-label\">Sp\u00e4\u0165 na preh\u013ead<\/span><\/a><\/div><div class=\"w-separator size_large\"><\/div><div class=\"wpb_text_column\"><div class=\"wpb_wrapper\"><h1>\u010co sme u\u017e dosiahli<\/h1>\n<\/div><\/div><div class=\"w-separator size_medium\"><\/div><div class=\"w-tabs us_custom_42d693a0 has_text_color style_default switch_click accordion has_scrolling\" style=\"--sections-title-size:1.4rem\"><div class=\"w-tabs-sections titles-align_none icon_chevron cpos_right\"><div class=\"w-tabs-section has_text_color\" id=\"rf97\" style=\"background:var(--color-header-transparent-text);color:var(--color-header-top-text-hover);\"><button class=\"w-tabs-section-header\" aria-controls=\"content-rf97\" aria-expanded=\"false\"><div class=\"w-tabs-section-title\">Zriadila sa sie\u0165 Istanbulsk\u00e9ho dohovoru<\/div><div class=\"w-tabs-section-control\"><\/div><\/button><div  class=\"w-tabs-section-content\" id=\"content-rf97\"><div class=\"w-tabs-section-content-h i-cf\"><div class=\"wpb_text_column\"><div class=\"wpb_wrapper\"><p><span style=\"font-weight: 400;\">Vo Wiesbadene sme zriadili sie\u0165 na vykon\u00e1vanie Istanbulsk\u00e9ho dohovoru. Viac ako 80 akt\u00e9rov z administrat\u00edvy, politiky a syst\u00e9mov pomoci spolupracuje na predch\u00e1dzan\u00ed n\u00e1siliu p\u00e1chan\u00e9mu na \u017een\u00e1ch, jeho odha\u013eovan\u00ed a \u00fa\u010dinnej podpore. Sie\u0165 posil\u0148uje v\u00fdmeny, podporuje koordinovan\u00e9 opatrenia a vysiela jasn\u00fd sign\u00e1l: Wiesbaden berie ochranu \u017eien v\u00e1\u017ene a zabezpe\u010duje, aby sa medzin\u00e1rodn\u00e9 normy Istanbulsk\u00e9ho dohovoru stali v meste skuto\u010dnos\u0165ou.<\/span><\/p>\n<\/div><\/div><\/div><\/div><\/div><div class=\"w-tabs-section has_text_color\" id=\"t0b2\" style=\"background:var(--color-header-transparent-text);color:var(--color-header-top-text-hover);\"><button class=\"w-tabs-section-header\" aria-controls=\"content-t0b2\" aria-expanded=\"false\"><div class=\"w-tabs-section-title\">Projekt \u201eJe tu Luisa?\u201c<\/div><div class=\"w-tabs-section-control\"><\/div><\/button><div  class=\"w-tabs-section-content\" id=\"content-t0b2\"><div class=\"w-tabs-section-content-h i-cf\"><div class=\"wpb_text_column\"><div class=\"wpb_wrapper\"><p><span style=\"font-weight: 400;\">Sme odhodlan\u00ed zabezpe\u010di\u0165, aby \u017eeny vo Wiesbadene boli pri odchode v bezpe\u010d\u00ed. Kampa\u0148 \u201eJe tu Luisa?\u201c umo\u017e\u0148uje \u017een\u00e1m diskr\u00e9tne vyh\u013eada\u0165 pomoc v z\u00fa\u010dastnen\u00fdch baroch, kluboch a verejn\u00fdch in\u0161tit\u00faci\u00e1ch, ke\u010f sa c\u00edtia ohrozen\u00e9 alebo nepr\u00edjemn\u00e9. Za\u010dali sme kampa\u0148, zabezpe\u010dili sme vidite\u013enos\u0165 a roz\u0161\u00edrili projekt na \u010fal\u0161ie verejn\u00e9 in\u0161tit\u00facie a poskytli sme \u0161kolenie pre tamoj\u0161\u00edch zamestnancov. T\u00fdmto sp\u00f4sobom posil\u0148ujeme ochranu \u017eien, predch\u00e1dzame n\u00e1siliu a podporujeme bezpe\u010dn\u00e9 a \u00factiv\u00e9 spolu\u017eitie v meste.<\/span><\/p>\n<\/div><\/div><\/div><\/div><\/div><div class=\"w-tabs-section has_text_color\" id=\"y1c8\" style=\"background:var(--color-header-transparent-text);color:var(--color-header-top-text-hover);\"><button class=\"w-tabs-section-header\" aria-controls=\"content-y1c8\" aria-expanded=\"false\"><div class=\"w-tabs-section-title\">Dom\u00e1ci telef\u00f3n Project<\/div><div class=\"w-tabs-section-control\"><\/div><\/button><div  class=\"w-tabs-section-content\" id=\"content-y1c8\"><div class=\"w-tabs-section-content-h i-cf\"><div class=\"wpb_text_column\"><div class=\"wpb_wrapper\"><p><span style=\"font-weight: 400;\">Okrem toho mesto spolupracuje s Heimwegtelefon e.V., nemeckou slu\u017ebou, ktor\u00e1 sprev\u00e1dza volaj\u00facich telefonicky v noci, ak sa na ceste domov c\u00edtia nebezpe\u010dn\u00ed. T\u00e1to ponuka je k dispoz\u00edcii v nede\u013eu a\u017e \u0161tvrtok od 21:00 do polnoci a v piatok a sobotu od 21:00 do 15:00 pod \u010d\u00edslom 030 12074182. Zaviazali sme sa k \u010fal\u0161iemu vytv\u00e1raniu tak\u00fdchto koncepci\u00ed ochrany a ich spr\u00edstupneniu v\u0161etk\u00fdm.<\/span><\/p>\n<\/div><\/div><\/div><\/div><\/div><div class=\"w-tabs-section has_text_color\" id=\"i2dc\" style=\"background:var(--color-header-middle-bg);color:var(--color-content-heading);\"><button class=\"w-tabs-section-header\" aria-controls=\"content-i2dc\" aria-expanded=\"false\"><div class=\"w-tabs-section-title\">Wiesbaden Model I a II \u2013 Mestsk\u00e9 strat\u00e9gie v oblasti prostit\u00facie<\/div><div class=\"w-tabs-section-control\"><\/div><\/button><div  class=\"w-tabs-section-content\" id=\"content-i2dc\"><div class=\"w-tabs-section-content-h i-cf\"><div class=\"wpb_text_column\"><div class=\"wpb_wrapper\"><p><span style=\"font-weight: 400;\">Zabezpe\u010dili sme, aby si mesto najalo traumaterapeuta, ktor\u00fd vykon\u00e1va ter\u00e9nnu soci\u00e1lnu pr\u00e1cu v oblasti prostit\u00facie a pon\u00faka pomoc pri odchode. Od tohto volebn\u00e9ho obdobia oddelenie pre \u017eeny takisto \u00faspe\u0161ne podniklo kroky proti nez\u00e1konnej prostit\u00facii v dovolenkov\u00fdch bytoch a hoteloch. Wiesbadensk\u00fd model je najlep\u0161\u00edm postupom pre ostatn\u00e9 obce.<\/span><\/p>\n<\/div><\/div><\/div><\/div><\/div><div class=\"w-tabs-section has_text_color\" id=\"g3fc\" style=\"background:var(--color-header-transparent-text);color:var(--color-header-top-text-hover);\"><button class=\"w-tabs-section-header\" aria-controls=\"content-g3fc\" aria-expanded=\"false\"><div class=\"w-tabs-section-title\">Konferencia: N\u00e1silie vo\u010di LGBTQIA*<\/div><div class=\"w-tabs-section-control\"><\/div><\/button><div  class=\"w-tabs-section-content\" id=\"content-g3fc\"><div class=\"w-tabs-section-content-h i-cf\"><div class=\"wpb_text_column\"><div class=\"wpb_wrapper\"><p><span style=\"font-weight: 400;\">Za\u010dali sme symp\u00f3zium o n\u00e1sil\u00ed vo\u010di LGBTQIAI* osob\u00e1m. Odborn\u00edci a organiz\u00e1cie si vymie\u0148aj\u00fa n\u00e1zory s cie\u013eom zlep\u0161i\u0165 ochrann\u00e9 opatrenia a posilni\u0165 predch\u00e1dzanie n\u00e1siliu a diskrimin\u00e1cii.<\/span><\/p>\n<\/div><\/div><\/div><\/div><\/div><div class=\"w-tabs-section has_text_color\" id=\"s523\" style=\"background:var(--color-header-transparent-text);color:var(--color-header-top-text-hover);\"><button class=\"w-tabs-section-header\" aria-controls=\"content-s523\" aria-expanded=\"false\"><div class=\"w-tabs-section-title\">Kontrola drog a Wiesbaden ako modelov\u00fd regi\u00f3n pre predaj kanabisu<\/div><div class=\"w-tabs-section-control\"><\/div><\/button><div  class=\"w-tabs-section-content\" id=\"content-s523\"><div class=\"w-tabs-section-content-h i-cf\"><div class=\"wpb_text_column\"><div class=\"wpb_wrapper\"><p><span style=\"font-weight: 400;\">Vo Wiesbadene sme vytvorili pilotn\u00fd projekt \"Kontrola drog\" s cie\u013eom lep\u0161ie chr\u00e1ni\u0165 spotrebite\u013eov pred kontaminovan\u00fdmi drogami. Na vybran\u00fdch podujatiach strany vo Wiesbadene sk\u00famaj\u00fa drogy, ako je kanabis, odborn\u00edci na kontaminanty a z\u00e1rove\u0148 sa posil\u0148uj\u00fa ponuky prevencie. Pilotn\u00fd projekt by mal zah\u0155\u0148a\u0165 aj testovanie in\u00fdch l\u00e1tok v neskor\u0161\u00edch f\u00e1zach, aby bolo mo\u017en\u00e9 \u010do najlep\u0161ie chr\u00e1ni\u0165 spotrebite\u013eov.<\/span><\/p>\n<p><span style=\"font-weight: 400;\">Podie\u013eali sme sa aj na \u017eiadostiach vo Wiesbadene o vedom\u00fd a kontrolovan\u00fd predaj kanabisu v lek\u00e1r\u0148ach ako s\u00fa\u010das\u0165 modelov\u00e9ho projektu. Tento postup st\u00e1le prebieha. Zodpovedn\u00e1 protidrogov\u00e1 politika v\u0161ak znamen\u00e1 aj akt\u00edvne vytv\u00e1ranie prevent\u00edvnych a podporn\u00fdch slu\u017eieb s cie\u013eom \u010do najlep\u0161ie chr\u00e1ni\u0165 spotrebite\u013eov.<\/span><\/p>\n<\/div><\/div><\/div><\/div><\/div><\/div><\/div><div class=\"w-separator size_medium\"><\/div><div class=\"w-btn-wrapper align_left\"><a class=\"w-btn us-btn-style_8 icon_atleft\" href=\"https:\/\/gruene-wiesbaden.de\/sk\/kommunalwahl\/#Kapitel2\"><i class=\"fas fa-chevron-circle-right\"><\/i><span class=\"w-btn-label\">Sp\u00e4\u0165 na preh\u013ead<\/span><\/a><\/div><div class=\"w-separator size_large\"><\/div><\/div><\/div><\/div><\/div><\/section>","protected":false},"excerpt":{"rendered":"Chceme, aby sa ka\u017ed\u00fd vo Wiesbadene c\u00edtil bezpe\u010dne a bez diskrimin\u00e1cie a n\u00e1silia \u2013 cestou domov, v \u0161kole alebo na verejn\u00fdch priestranstv\u00e1ch. Bezpe\u010dnos\u0165 znamen\u00e1 pre ka\u017ed\u00e9ho nie\u010do in\u00e9, preto venujeme pozornos\u0165 perspekt\u00edvam \u013eud\u00ed, ktor\u00ed za\u017e\u00edvaj\u00fa diskrimin\u00e1ciu, nen\u00e1vis\u0165 alebo vyl\u00fa\u010denie. Je to pre n\u00e1s obzvl\u00e1\u0161\u0165 d\u00f4le\u017eit\u00e9...","protected":false},"author":1,"featured_media":1489,"comment_status":"closed","ping_status":"closed","sticky":false,"template":"","format":"standard","meta":{"footnotes":""},"categories":[15],"tags":[],"class_list":["post-1357","post","type-post","status-publish","format-standard","has-post-thumbnail","hentry","category-kapitel-2"],"yoast_head":"<!-- This site is optimized with the Yoast SEO plugin v27.5 - https:\/\/yoast.com\/product\/yoast-seo-wordpress\/ -->\n<title>Sicherheit und Schutz vor Gewalt - B\u00dcNDNIS 90\/DIE GR\u00dcNEN Wiesbaden<\/title>\n<meta name=\"robots\" content=\"index, follow, max-snippet:-1, max-image-preview:large, max-video-preview:-1\" \/>\n<link rel=\"canonical\" href=\"https:\/\/gruene-wiesbaden.de\/sk\/sicherheit-und-schutz-vor-gewalt\/\" \/>\n<meta property=\"og:locale\" content=\"sk_SK\" \/>\n<meta property=\"og:type\" content=\"article\" \/>\n<meta property=\"og:title\" content=\"Sicherheit und Schutz vor Gewalt - B\u00dcNDNIS 90\/DIE GR\u00dcNEN Wiesbaden\" \/>\n<meta property=\"og:url\" content=\"https:\/\/gruene-wiesbaden.de\/sk\/sicherheit-und-schutz-vor-gewalt\/\" \/>\n<meta property=\"og:site_name\" content=\"B\u00dcNDNIS 90\/DIE GR\u00dcNEN Wiesbaden\" \/>\n<meta property=\"article:publisher\" content=\"https:\/\/www.facebook.com\/gruene.wi\" \/>\n<meta property=\"article:published_time\" content=\"2025-11-09T22:14:08+00:00\" \/>\n<meta property=\"article:modified_time\" content=\"2026-04-09T08:33:03+00:00\" \/>\n<meta property=\"og:image\" content=\"https:\/\/gruene-wiesbaden.de\/wp-content\/uploads\/2025\/11\/2.5-Sicherheit-und-Schutz-vor-Gewalt-scaled.jpg\" \/>\n\t<meta property=\"og:image:width\" content=\"2048\" \/>\n\t<meta property=\"og:image:height\" content=\"2560\" \/>\n\t<meta property=\"og:image:type\" content=\"image\/jpeg\" \/>\n<meta name=\"author\" content=\"admin\" \/>\n<meta name=\"twitter:card\" content=\"summary_large_image\" \/>\n<meta name=\"twitter:label1\" content=\"Autor\" \/>\n\t<meta name=\"twitter:data1\" content=\"admin\" \/>\n\t<meta name=\"twitter:label2\" content=\"Predpokladan\u00fd \u010das \u010d\u00edtania\" \/>\n\t<meta name=\"twitter:data2\" content=\"11 minutes\" \/>\n<script type=\"application\/ld+json\" class=\"yoast-schema-graph\">{\"@context\":\"https:\\\/\\\/schema.org\",\"@graph\":[{\"@type\":\"Article\",\"@id\":\"https:\\\/\\\/gruene-wiesbaden.de\\\/sicherheit-und-schutz-vor-gewalt\\\/#article\",\"isPartOf\":{\"@id\":\"https:\\\/\\\/gruene-wiesbaden.de\\\/sicherheit-und-schutz-vor-gewalt\\\/\"},\"author\":{\"name\":\"admin\",\"@id\":\"https:\\\/\\\/gruene-wiesbaden.de\\\/#\\\/schema\\\/person\\\/6785c34779159cd4fd86886bb097afe9\"},\"headline\":\"Sicherheit und Schutz vor Gewalt\",\"datePublished\":\"2025-11-09T22:14:08+00:00\",\"dateModified\":\"2026-04-09T08:33:03+00:00\",\"mainEntityOfPage\":{\"@id\":\"https:\\\/\\\/gruene-wiesbaden.de\\\/sicherheit-und-schutz-vor-gewalt\\\/\"},\"wordCount\":2926,\"publisher\":{\"@id\":\"https:\\\/\\\/gruene-wiesbaden.de\\\/#organization\"},\"image\":{\"@id\":\"https:\\\/\\\/gruene-wiesbaden.de\\\/sicherheit-und-schutz-vor-gewalt\\\/#primaryimage\"},\"thumbnailUrl\":\"https:\\\/\\\/gruene-wiesbaden.de\\\/wp-content\\\/uploads\\\/2025\\\/11\\\/2.5-Sicherheit-und-Schutz-vor-Gewalt-scaled.jpg\",\"articleSection\":[\"Kapitel 2\"],\"inLanguage\":\"sk-SK\"},{\"@type\":\"WebPage\",\"@id\":\"https:\\\/\\\/gruene-wiesbaden.de\\\/sicherheit-und-schutz-vor-gewalt\\\/\",\"url\":\"https:\\\/\\\/gruene-wiesbaden.de\\\/sicherheit-und-schutz-vor-gewalt\\\/\",\"name\":\"Sicherheit und Schutz vor Gewalt - B\u00dcNDNIS 90\\\/DIE GR\u00dcNEN Wiesbaden\",\"isPartOf\":{\"@id\":\"https:\\\/\\\/gruene-wiesbaden.de\\\/#website\"},\"primaryImageOfPage\":{\"@id\":\"https:\\\/\\\/gruene-wiesbaden.de\\\/sicherheit-und-schutz-vor-gewalt\\\/#primaryimage\"},\"image\":{\"@id\":\"https:\\\/\\\/gruene-wiesbaden.de\\\/sicherheit-und-schutz-vor-gewalt\\\/#primaryimage\"},\"thumbnailUrl\":\"https:\\\/\\\/gruene-wiesbaden.de\\\/wp-content\\\/uploads\\\/2025\\\/11\\\/2.5-Sicherheit-und-Schutz-vor-Gewalt-scaled.jpg\",\"datePublished\":\"2025-11-09T22:14:08+00:00\",\"dateModified\":\"2026-04-09T08:33:03+00:00\",\"breadcrumb\":{\"@id\":\"https:\\\/\\\/gruene-wiesbaden.de\\\/sicherheit-und-schutz-vor-gewalt\\\/#breadcrumb\"},\"inLanguage\":\"sk-SK\",\"potentialAction\":[{\"@type\":\"ReadAction\",\"target\":[\"https:\\\/\\\/gruene-wiesbaden.de\\\/sicherheit-und-schutz-vor-gewalt\\\/\"]}]},{\"@type\":\"ImageObject\",\"inLanguage\":\"sk-SK\",\"@id\":\"https:\\\/\\\/gruene-wiesbaden.de\\\/sicherheit-und-schutz-vor-gewalt\\\/#primaryimage\",\"url\":\"https:\\\/\\\/gruene-wiesbaden.de\\\/wp-content\\\/uploads\\\/2025\\\/11\\\/2.5-Sicherheit-und-Schutz-vor-Gewalt-scaled.jpg\",\"contentUrl\":\"https:\\\/\\\/gruene-wiesbaden.de\\\/wp-content\\\/uploads\\\/2025\\\/11\\\/2.5-Sicherheit-und-Schutz-vor-Gewalt-scaled.jpg\",\"width\":2048,\"height\":2560},{\"@type\":\"BreadcrumbList\",\"@id\":\"https:\\\/\\\/gruene-wiesbaden.de\\\/sicherheit-und-schutz-vor-gewalt\\\/#breadcrumb\",\"itemListElement\":[{\"@type\":\"ListItem\",\"position\":1,\"name\":\"Startseite\",\"item\":\"https:\\\/\\\/gruene-wiesbaden.de\\\/\"},{\"@type\":\"ListItem\",\"position\":2,\"name\":\"Sicherheit und Schutz vor Gewalt\"}]},{\"@type\":\"WebSite\",\"@id\":\"https:\\\/\\\/gruene-wiesbaden.de\\\/#website\",\"url\":\"https:\\\/\\\/gruene-wiesbaden.de\\\/\",\"name\":\"DIE GR\u00dcNEN Wiesbaden\",\"description\":\"\",\"publisher\":{\"@id\":\"https:\\\/\\\/gruene-wiesbaden.de\\\/#organization\"},\"potentialAction\":[{\"@type\":\"SearchAction\",\"target\":{\"@type\":\"EntryPoint\",\"urlTemplate\":\"https:\\\/\\\/gruene-wiesbaden.de\\\/?s={search_term_string}\"},\"query-input\":{\"@type\":\"PropertyValueSpecification\",\"valueRequired\":true,\"valueName\":\"search_term_string\"}}],\"inLanguage\":\"sk-SK\"},{\"@type\":\"Organization\",\"@id\":\"https:\\\/\\\/gruene-wiesbaden.de\\\/#organization\",\"name\":\"DIE GR\u00dcNEN Wiesbaden\",\"url\":\"https:\\\/\\\/gruene-wiesbaden.de\\\/\",\"logo\":{\"@type\":\"ImageObject\",\"inLanguage\":\"sk-SK\",\"@id\":\"https:\\\/\\\/gruene-wiesbaden.de\\\/#\\\/schema\\\/logo\\\/image\\\/\",\"url\":\"https:\\\/\\\/gruene-wiesbaden-fuer-europa.de\\\/wp-content\\\/uploads\\\/2024\\\/04\\\/Machen-was-zaehlt-5.png\",\"contentUrl\":\"https:\\\/\\\/gruene-wiesbaden-fuer-europa.de\\\/wp-content\\\/uploads\\\/2024\\\/04\\\/Machen-was-zaehlt-5.png\",\"width\":1772,\"height\":1772,\"caption\":\"DIE GR\u00dcNEN Wiesbaden\"},\"image\":{\"@id\":\"https:\\\/\\\/gruene-wiesbaden.de\\\/#\\\/schema\\\/logo\\\/image\\\/\"},\"sameAs\":[\"https:\\\/\\\/www.facebook.com\\\/gruene.wi\",\"https:\\\/\\\/instagram.com\\\/gruene_wi\"]},{\"@type\":\"Person\",\"@id\":\"https:\\\/\\\/gruene-wiesbaden.de\\\/#\\\/schema\\\/person\\\/6785c34779159cd4fd86886bb097afe9\",\"name\":\"admin\",\"sameAs\":[\"http:\\\/\\\/gruene-wiesbaden-fuer-europa.de\"],\"url\":\"https:\\\/\\\/gruene-wiesbaden.de\\\/sk\\\/author\\\/admin\\\/\"}]}<\/script>\n<!-- \/ Yoast SEO plugin. -->","yoast_head_json":{"title":"Sicherheit und Schutz vor Gewalt - B\u00dcNDNIS 90\/DIE GR\u00dcNEN Wiesbaden","robots":{"index":"index","follow":"follow","max-snippet":"max-snippet:-1","max-image-preview":"max-image-preview:large","max-video-preview":"max-video-preview:-1"},"canonical":"https:\/\/gruene-wiesbaden.de\/sk\/sicherheit-und-schutz-vor-gewalt\/","og_locale":"sk_SK","og_type":"article","og_title":"Sicherheit und Schutz vor Gewalt - B\u00dcNDNIS 90\/DIE GR\u00dcNEN Wiesbaden","og_url":"https:\/\/gruene-wiesbaden.de\/sk\/sicherheit-und-schutz-vor-gewalt\/","og_site_name":"B\u00dcNDNIS 90\/DIE GR\u00dcNEN Wiesbaden","article_publisher":"https:\/\/www.facebook.com\/gruene.wi","article_published_time":"2025-11-09T22:14:08+00:00","article_modified_time":"2026-04-09T08:33:03+00:00","og_image":[{"width":2048,"height":2560,"url":"https:\/\/gruene-wiesbaden.de\/wp-content\/uploads\/2025\/11\/2.5-Sicherheit-und-Schutz-vor-Gewalt-scaled.jpg","type":"image\/jpeg"}],"author":"admin","twitter_card":"summary_large_image","twitter_misc":{"Autor":"admin","Predpokladan\u00fd \u010das \u010d\u00edtania":"11 minutes"},"schema":{"@context":"https:\/\/schema.org","@graph":[{"@type":"Article","@id":"https:\/\/gruene-wiesbaden.de\/sicherheit-und-schutz-vor-gewalt\/#article","isPartOf":{"@id":"https:\/\/gruene-wiesbaden.de\/sicherheit-und-schutz-vor-gewalt\/"},"author":{"name":"admin","@id":"https:\/\/gruene-wiesbaden.de\/#\/schema\/person\/6785c34779159cd4fd86886bb097afe9"},"headline":"Sicherheit und Schutz vor Gewalt","datePublished":"2025-11-09T22:14:08+00:00","dateModified":"2026-04-09T08:33:03+00:00","mainEntityOfPage":{"@id":"https:\/\/gruene-wiesbaden.de\/sicherheit-und-schutz-vor-gewalt\/"},"wordCount":2926,"publisher":{"@id":"https:\/\/gruene-wiesbaden.de\/#organization"},"image":{"@id":"https:\/\/gruene-wiesbaden.de\/sicherheit-und-schutz-vor-gewalt\/#primaryimage"},"thumbnailUrl":"https:\/\/gruene-wiesbaden.de\/wp-content\/uploads\/2025\/11\/2.5-Sicherheit-und-Schutz-vor-Gewalt-scaled.jpg","articleSection":["Kapitel 2"],"inLanguage":"sk-SK"},{"@type":"WebPage","@id":"https:\/\/gruene-wiesbaden.de\/sicherheit-und-schutz-vor-gewalt\/","url":"https:\/\/gruene-wiesbaden.de\/sicherheit-und-schutz-vor-gewalt\/","name":"Sicherheit und Schutz vor Gewalt - B\u00dcNDNIS 90\/DIE GR\u00dcNEN Wiesbaden","isPartOf":{"@id":"https:\/\/gruene-wiesbaden.de\/#website"},"primaryImageOfPage":{"@id":"https:\/\/gruene-wiesbaden.de\/sicherheit-und-schutz-vor-gewalt\/#primaryimage"},"image":{"@id":"https:\/\/gruene-wiesbaden.de\/sicherheit-und-schutz-vor-gewalt\/#primaryimage"},"thumbnailUrl":"https:\/\/gruene-wiesbaden.de\/wp-content\/uploads\/2025\/11\/2.5-Sicherheit-und-Schutz-vor-Gewalt-scaled.jpg","datePublished":"2025-11-09T22:14:08+00:00","dateModified":"2026-04-09T08:33:03+00:00","breadcrumb":{"@id":"https:\/\/gruene-wiesbaden.de\/sicherheit-und-schutz-vor-gewalt\/#breadcrumb"},"inLanguage":"sk-SK","potentialAction":[{"@type":"ReadAction","target":["https:\/\/gruene-wiesbaden.de\/sicherheit-und-schutz-vor-gewalt\/"]}]},{"@type":"ImageObject","inLanguage":"sk-SK","@id":"https:\/\/gruene-wiesbaden.de\/sicherheit-und-schutz-vor-gewalt\/#primaryimage","url":"https:\/\/gruene-wiesbaden.de\/wp-content\/uploads\/2025\/11\/2.5-Sicherheit-und-Schutz-vor-Gewalt-scaled.jpg","contentUrl":"https:\/\/gruene-wiesbaden.de\/wp-content\/uploads\/2025\/11\/2.5-Sicherheit-und-Schutz-vor-Gewalt-scaled.jpg","width":2048,"height":2560},{"@type":"BreadcrumbList","@id":"https:\/\/gruene-wiesbaden.de\/sicherheit-und-schutz-vor-gewalt\/#breadcrumb","itemListElement":[{"@type":"ListItem","position":1,"name":"Startseite","item":"https:\/\/gruene-wiesbaden.de\/"},{"@type":"ListItem","position":2,"name":"Sicherheit und Schutz vor Gewalt"}]},{"@type":"WebSite","@id":"https:\/\/gruene-wiesbaden.de\/#website","url":"https:\/\/gruene-wiesbaden.de\/","name":"DIE GR\u00dcNEN Wiesbaden","description":"","publisher":{"@id":"https:\/\/gruene-wiesbaden.de\/#organization"},"potentialAction":[{"@type":"SearchAction","target":{"@type":"EntryPoint","urlTemplate":"https:\/\/gruene-wiesbaden.de\/?s={search_term_string}"},"query-input":{"@type":"PropertyValueSpecification","valueRequired":true,"valueName":"search_term_string"}}],"inLanguage":"sk-SK"},{"@type":"Organization","@id":"https:\/\/gruene-wiesbaden.de\/#organization","name":"DIE GR\u00dcNEN Wiesbaden","url":"https:\/\/gruene-wiesbaden.de\/","logo":{"@type":"ImageObject","inLanguage":"sk-SK","@id":"https:\/\/gruene-wiesbaden.de\/#\/schema\/logo\/image\/","url":"https:\/\/gruene-wiesbaden-fuer-europa.de\/wp-content\/uploads\/2024\/04\/Machen-was-zaehlt-5.png","contentUrl":"https:\/\/gruene-wiesbaden-fuer-europa.de\/wp-content\/uploads\/2024\/04\/Machen-was-zaehlt-5.png","width":1772,"height":1772,"caption":"DIE GR\u00dcNEN Wiesbaden"},"image":{"@id":"https:\/\/gruene-wiesbaden.de\/#\/schema\/logo\/image\/"},"sameAs":["https:\/\/www.facebook.com\/gruene.wi","https:\/\/instagram.com\/gruene_wi"]},{"@type":"Person","@id":"https:\/\/gruene-wiesbaden.de\/#\/schema\/person\/6785c34779159cd4fd86886bb097afe9","name":"admin","sameAs":["http:\/\/gruene-wiesbaden-fuer-europa.de"],"url":"https:\/\/gruene-wiesbaden.de\/sk\/author\/admin\/"}]}},"_links":{"self":[{"href":"https:\/\/gruene-wiesbaden.de\/sk\/wp-json\/wp\/v2\/posts\/1357","targetHints":{"allow":["GET"]}}],"collection":[{"href":"https:\/\/gruene-wiesbaden.de\/sk\/wp-json\/wp\/v2\/posts"}],"about":[{"href":"https:\/\/gruene-wiesbaden.de\/sk\/wp-json\/wp\/v2\/types\/post"}],"author":[{"embeddable":true,"href":"https:\/\/gruene-wiesbaden.de\/sk\/wp-json\/wp\/v2\/users\/1"}],"replies":[{"embeddable":true,"href":"https:\/\/gruene-wiesbaden.de\/sk\/wp-json\/wp\/v2\/comments?post=1357"}],"version-history":[{"count":7,"href":"https:\/\/gruene-wiesbaden.de\/sk\/wp-json\/wp\/v2\/posts\/1357\/revisions"}],"predecessor-version":[{"id":2393,"href":"https:\/\/gruene-wiesbaden.de\/sk\/wp-json\/wp\/v2\/posts\/1357\/revisions\/2393"}],"wp:featuredmedia":[{"embeddable":true,"href":"https:\/\/gruene-wiesbaden.de\/sk\/wp-json\/wp\/v2\/media\/1489"}],"wp:attachment":[{"href":"https:\/\/gruene-wiesbaden.de\/sk\/wp-json\/wp\/v2\/media?parent=1357"}],"wp:term":[{"taxonomy":"category","embeddable":true,"href":"https:\/\/gruene-wiesbaden.de\/sk\/wp-json\/wp\/v2\/categories?post=1357"},{"taxonomy":"post_tag","embeddable":true,"href":"https:\/\/gruene-wiesbaden.de\/sk\/wp-json\/wp\/v2\/tags?post=1357"}],"curies":[{"name":"wp","href":"https:\/\/api.w.org\/{rel}","templated":true}]}}