{"id":1353,"date":"2025-11-10T00:11:46","date_gmt":"2025-11-09T22:11:46","guid":{"rendered":"https:\/\/gruene-wiesbaden.de\/?p=1353"},"modified":"2026-04-09T10:29:24","modified_gmt":"2026-04-09T08:29:24","slug":"inklusion-und-barrierefreiheit","status":"publish","type":"post","link":"https:\/\/gruene-wiesbaden.de\/sk\/inklusion-und-barrierefreiheit\/","title":{"rendered":"Za\u010dlenenie a pr\u00edstupnos\u0165"},"content":{"rendered":"<section class=\"l-section wpb_row height_medium with_img\"><div class=\"l-section-img\" role=\"img\" data-img-width=\"1080\" data-img-height=\"800\" style=\"background-image: url(https:\/\/gruene-wiesbaden.de\/wp-content\/uploads\/2025\/11\/neuer-Verlauf-gruene-wiesbaden.de_-2-e1762709402177.png);\"><\/div><div class=\"l-section-overlay\" style=\"background:var(--color-header-top-transparent-bg)\"><\/div><div class=\"l-section-h i-cf\"><div class=\"g-cols vc_row via_grid cols_1 laptops-cols_inherit tablets-cols_inherit mobiles-cols_1 valign_top type_default stacking_default\"><div class=\"wpb_column vc_column_container\"><div class=\"vc_column-inner\"><h1 class=\"w-post-elm post_title us_custom_a574d586 has_text_color entry-title\">Za\u010dlenenie a pr\u00edstupnos\u0165<\/h1><div class=\"w-separator size_medium\"><\/div><div class=\"g-cols wpb_row via_grid cols_2-1 laptops-cols_inherit tablets-cols_inherit mobiles-cols_1 valign_top type_default stacking_default\" style=\"--columns-gap:3rem;\"><div class=\"wpb_column vc_column_container\"><div class=\"vc_column-inner\"><div class=\"wpb_text_column us_custom_8b3d6790 has_text_color\"><div class=\"wpb_wrapper\"><p><span style=\"font-weight: 400;\">\u013dudia so zdravotn\u00fdm postihnut\u00edm s\u00fa stredobodom na\u0161ej spolo\u010dnosti. Pr\u00edstupnos\u0165 je \u013eudsk\u00fdm pr\u00e1vom a predpokladom skuto\u010dnej \u00fa\u010dasti. Vo Wiesbadene chceme prelomi\u0165 fyzick\u00e9 a du\u0161evn\u00e9 bari\u00e9ry \u2013 vo verejn\u00fdch priestoroch a v mysliach \u013eud\u00ed. Len ak sa v\u0161etci \u013eudia bud\u00fa m\u00f4c\u0165 z\u00fa\u010dast\u0148ova\u0165 na spolo\u010denskom \u017eivote za rovnak\u00fdch podmienok, vznikne solid\u00e1rna mestsk\u00e1 spolo\u010dnos\u0165. Pre n\u00e1s za\u010dlenenie neznamen\u00e1 integr\u00e1ciu do existuj\u00facich \u0161trukt\u00far, ale ich transform\u00e1ciu pre v\u0161etk\u00fdch. Pr\u00edstupnos\u0165 je prospe\u0161n\u00e1 nielen pre \u013eud\u00ed so zdravotn\u00fdm postihnut\u00edm, ale u\u013eah\u010duje aj \u017eivot a rob\u00ed ho pohodlnej\u0161\u00edm pre v\u0161etk\u00fdch.<\/span><\/p>\n<\/div><\/div><div class=\"w-separator size_medium\"><\/div><div class=\"w-btn-wrapper align_left\"><a class=\"w-btn us-btn-style_8 icon_atleft\" href=\"https:\/\/gruene-wiesbaden.de\/sk\/kommunalwahl\/#Kapitel2\"><i class=\"fas fa-chevron-circle-right\"><\/i><span class=\"w-btn-label\">Sp\u00e4\u0165 na preh\u013ead<\/span><\/a><\/div><\/div><\/div><div class=\"wpb_column vc_column_container\"><div class=\"vc_column-inner\"><div class=\"w-image align_center\"><div class=\"w-image-h\"><img decoding=\"async\" width=\"2560\" height=\"1435\" src=\"https:\/\/gruene-wiesbaden.de\/wp-content\/uploads\/2025\/11\/2.3-Inklusion-und-Barrierefreiheit-scaled.jpeg\" class=\"attachment-full size-full\" alt=\"\" loading=\"lazy\" srcset=\"https:\/\/gruene-wiesbaden.de\/wp-content\/uploads\/2025\/11\/2.3-Inklusion-und-Barrierefreiheit-scaled.jpeg 2560w, https:\/\/gruene-wiesbaden.de\/wp-content\/uploads\/2025\/11\/2.3-Inklusion-und-Barrierefreiheit-400x224.jpeg 400w, https:\/\/gruene-wiesbaden.de\/wp-content\/uploads\/2025\/11\/2.3-Inklusion-und-Barrierefreiheit-600x336.jpeg 600w\" sizes=\"auto, (max-width: 2560px) 100vw, 2560px\" \/><\/div><\/div><div class=\"w-separator size_small\"><\/div><\/div><\/div><\/div><div class=\"w-separator size_medium\"><\/div><div class=\"w-separator size_medium\"><\/div><div class=\"wpb_text_column us_custom_29deb344 has_text_color\"><div class=\"wpb_wrapper\"><h1>\u010co pre n\u00e1s znamen\u00e1 za\u010dlenenie a pr\u00edstupnos\u0165<\/h1>\n<\/div><\/div><div class=\"w-separator size_large\"><\/div><div class=\"g-cols wpb_row via_grid cols_3 laptops-cols_inherit tablets-cols_inherit mobiles-cols_1 valign_top type_default stacking_default\" style=\"--columns-gap:3rem;\"><div class=\"wpb_column vc_column_container\"><div class=\"vc_column-inner\"><div class=\"w-iconbox us_custom_8b3d6790 has_text_color iconpos_left style_default color_custom align_left\"><div class=\"w-iconbox-icon\" style=\"font-size:2rem;--icon-color:#Ffffff;--icon-bg-color:var(--color-header-middle-bg);\"><i class=\"fas fa-layer-group\"><\/i><\/div><div class=\"w-iconbox-meta\"><h4 class=\"w-iconbox-title\" style=\"font-size:1.5rem;\">Politick\u00e1 \u00fa\u010das\u0165<\/h4><div class=\"w-iconbox-text\"><p><span style=\"font-weight: 400;\">Ni\u010d o n\u00e1s bez n\u00e1s \u2013 \u013eudia so zdravotn\u00fdm postihnut\u00edm ako odborn\u00edci vo svojom \u017eivote musia zohr\u00e1va\u0165 \u00falohu pri formovan\u00ed v\u0161etk\u00fdch rozhodnut\u00ed.<\/span><\/p>\n<\/div><\/div><\/div><\/div><\/div><div class=\"wpb_column vc_column_container\"><div class=\"vc_column-inner\"><div class=\"w-iconbox us_custom_8b3d6790 has_text_color iconpos_left style_default color_custom align_left\"><div class=\"w-iconbox-icon\" style=\"font-size:2rem;--icon-color:#Ffffff;--icon-bg-color:var(--color-header-transparent-text);\"><i class=\"fas fa-layer-group\"><\/i><\/div><div class=\"w-iconbox-meta\"><h4 class=\"w-iconbox-title\" style=\"font-size:1.5rem;\">Bezbari\u00e9rov\u00fd mestsk\u00fd priestor<\/h4><div class=\"w-iconbox-text\"><p><span style=\"font-weight: 400;\">Verejn\u00e9 priestory, budovy a dopravn\u00e9 trasy musia by\u0165 plne pou\u017eite\u013en\u00e9 a pr\u00edstupn\u00e9 pre v\u0161etk\u00fdch.<\/span><\/p>\n<\/div><\/div><\/div><\/div><\/div><div class=\"wpb_column vc_column_container\"><div class=\"vc_column-inner\"><div class=\"w-iconbox us_custom_8b3d6790 has_text_color iconpos_left style_default color_custom align_left\"><div class=\"w-iconbox-icon\" style=\"font-size:2rem;--icon-color:#Ffffff;--icon-bg-color:var(--color-header-transparent-text);\"><i class=\"fas fa-layer-group\"><\/i><\/div><div class=\"w-iconbox-meta\"><h4 class=\"w-iconbox-title\" style=\"font-size:1.5rem;\">Digit\u00e1lna inkl\u00fazia<\/h4><div class=\"w-iconbox-text\"><p><span style=\"font-weight: 400;\">Cie\u013eom modern\u00fdch technol\u00f3gi\u00ed je odstr\u00e1ni\u0165 prek\u00e1\u017eky, nie vytv\u00e1ra\u0165 nov\u00e9 \u2013 od aplik\u00e1ci\u00ed a\u017e po mestsk\u00fa spr\u00e1vu.<\/span><\/p>\n<\/div><\/div><\/div><\/div><\/div><\/div><div class=\"w-separator size_medium\"><\/div><div class=\"g-cols wpb_row via_grid cols_3 laptops-cols_inherit tablets-cols_inherit mobiles-cols_1 valign_top type_default stacking_default\" style=\"--columns-gap:3rem;\"><div class=\"wpb_column vc_column_container\"><div class=\"vc_column-inner\"><div class=\"w-iconbox us_custom_8b3d6790 has_text_color iconpos_left style_default color_custom align_left\"><div class=\"w-iconbox-icon\" style=\"font-size:2rem;--icon-color:#Ffffff;--icon-bg-color:var(--color-header-middle-bg);\"><i class=\"fas fa-layer-group\"><\/i><\/div><div class=\"w-iconbox-meta\"><h4 class=\"w-iconbox-title\" style=\"font-size:1.5rem;\">Za\u010dlenenie do trhu pr\u00e1ce<\/h4><div class=\"w-iconbox-text\"><p><span style=\"font-weight: 400;\">Ka\u017ed\u00fd m\u00e1 pr\u00e1vo na spravodliv\u00e9 zamestnanie \u2013 zdravotn\u00e9 postihnutie by nemalo by\u0165 krit\u00e9riom vyl\u00fa\u010denia.<\/span><\/p>\n<\/div><\/div><\/div><\/div><\/div><div class=\"wpb_column vc_column_container\"><div class=\"vc_column-inner\"><div class=\"w-iconbox us_custom_8b3d6790 has_text_color iconpos_left style_default color_custom align_left\"><div class=\"w-iconbox-icon\" style=\"font-size:2rem;--icon-color:#Ffffff;--icon-bg-color:var(--color-header-transparent-text);\"><i class=\"fas fa-layer-group\"><\/i><\/div><div class=\"w-iconbox-meta\"><h4 class=\"w-iconbox-title\" style=\"font-size:1.5rem;\">Inkluz\u00edvne vzdel\u00e1vanie<\/h4><div class=\"w-iconbox-text\"><p><span style=\"font-weight: 400;\">V\u0161etky deti sa u\u010dia spolo\u010dne, bez oh\u013eadu na ich individu\u00e1lne potreby a potreby.<\/span><\/p>\n<\/div><\/div><\/div><\/div><\/div><div class=\"wpb_column vc_column_container\"><div class=\"vc_column-inner\"><\/div><\/div><\/div><div class=\"w-separator size_medium\"><\/div><div class=\"w-btn-wrapper align_left\"><a class=\"w-btn us-btn-style_8 icon_atleft\" href=\"https:\/\/gruene-wiesbaden.de\/sk\/kommunalwahl\/#Kapitel2\"><i class=\"fas fa-chevron-circle-right\"><\/i><span class=\"w-btn-label\">Sp\u00e4\u0165 na preh\u013ead<\/span><\/a><\/div><div class=\"w-separator size_medium\"><\/div><\/div><\/div><\/div><\/div><\/section><section class=\"l-section wpb_row height_auto with_img\"><div class=\"l-section-img\" role=\"img\" data-img-width=\"2560\" data-img-height=\"1435\" style=\"background-image: url(https:\/\/gruene-wiesbaden.de\/wp-content\/uploads\/2025\/11\/2.3-Inklusion-und-Barrierefreiheit-scaled.jpeg);background-repeat: no-repeat;\"><\/div><div class=\"l-section-overlay\" style=\"background:var(--color-header-top-transparent-bg)\"><\/div><div class=\"l-section-h i-cf\"><div class=\"g-cols vc_row via_grid cols_1 laptops-cols_inherit tablets-cols_inherit mobiles-cols_1 valign_middle type_default stacking_default\" style=\"--columns-gap:1rem;\"><div class=\"wpb_column vc_column_container\"><div class=\"vc_column-inner\"><div class=\"w-separator size_large\"><\/div><div class=\"wpb_text_column background_inside_text\"><div class=\"wpb_wrapper\"><h1>\u010co konkr\u00e9tne chceme v tejto oblasti urobi\u0165<\/h1>\n<\/div><\/div><div class=\"w-separator size_medium\"><\/div><div class=\"w-tabs us_custom_42d693a0 has_text_color style_default switch_click accordion has_scrolling\" style=\"--sections-title-size:1.4rem\"><div class=\"w-tabs-sections titles-align_none icon_chevron cpos_right\"><div class=\"w-tabs-section has_text_color\" id=\"kbf3\" style=\"background:var(--color-header-transparent-text);color:var(--color-header-top-text-hover);\"><button class=\"w-tabs-section-header\" aria-controls=\"content-kbf3\" aria-expanded=\"false\"><div class=\"w-tabs-section-title\">Vypracovanie ak\u010dn\u00e9ho pl\u00e1nu za\u010dle\u0148ovania<\/div><div class=\"w-tabs-section-control\"><\/div><\/button><div  class=\"w-tabs-section-content\" id=\"content-kbf3\"><div class=\"w-tabs-section-content-h i-cf\"><div class=\"wpb_text_column\"><div class=\"wpb_wrapper\"><p><span style=\"font-weight: 400;\">Vytv\u00e1rame ak\u010dn\u00fd pl\u00e1n systematickej inkl\u00fazie pre Wiesbaden, ktor\u00fd pokr\u00fdva v\u0161etky oblasti \u017eivota a definuje merate\u013en\u00e9 ciele. K\u013e\u00fa\u010dov\u00e1 je \u00fa\u010das\u0165 os\u00f4b so zdravotn\u00fdm postihnut\u00edm.<\/span><\/p>\n<\/div><\/div><\/div><\/div><\/div><div class=\"w-tabs-section has_text_color\" id=\"od51\" style=\"background:var(--color-header-transparent-text);color:var(--color-header-top-text-hover);\"><button class=\"w-tabs-section-header\" aria-controls=\"content-od51\" aria-expanded=\"false\"><div class=\"w-tabs-section-title\">Posilnenie \u00fa\u010dasti os\u00f4b so zdravotn\u00fdm postihnut\u00edm<\/div><div class=\"w-tabs-section-control\"><\/div><\/button><div  class=\"w-tabs-section-content\" id=\"content-od51\"><div class=\"w-tabs-section-content-h i-cf\"><div class=\"wpb_text_column\"><div class=\"wpb_wrapper\"><p><span style=\"font-weight: 400;\">Prostredn\u00edctvom pracovnej skupiny organiz\u00e1ci\u00ed zdravotne postihnut\u00fdch vo Wiesbadene a z\u00e1ujmovej skupiny zdravotne postihnut\u00fdch zap\u00e1jame \u013eud\u00ed so zdravotn\u00fdm postihnut\u00edm v ranom \u0161t\u00e1diu do pl\u00e1novania soci\u00e1lneho priestoru a projektov v\u00fdstavby miest, aby sme ich odborn\u00e9 znalosti mohli priamo vyu\u017ei\u0165.<\/span><\/p>\n<\/div><\/div><\/div><\/div><\/div><div class=\"w-tabs-section has_text_color\" id=\"se8b\" style=\"background:var(--color-header-transparent-text);color:var(--color-header-top-text-hover);\"><button class=\"w-tabs-section-header\" aria-controls=\"content-se8b\" aria-expanded=\"false\"><div class=\"w-tabs-section-title\">Bezbari\u00e9rov\u00e9 pod\u00e1vanie<\/div><div class=\"w-tabs-section-control\"><\/div><\/button><div  class=\"w-tabs-section-content\" id=\"content-se8b\"><div class=\"w-tabs-section-content-h i-cf\"><div class=\"wpb_text_column\"><div class=\"wpb_wrapper\"><p><span style=\"font-weight: 400;\">Digit\u00e1lne ponuky a publik\u00e1cie musia by\u0165 pr\u00edstupn\u00e9 pre v\u0161etk\u00fdch bez oh\u013eadu na vek, jazyk alebo obmedzenia. Jazyk orientovan\u00fd na ob\u010danov, jasn\u00e9 \u0161trukt\u00fary a absencia skratiek zabezpe\u010duj\u00fa transparentnos\u0165, zrozumite\u013enos\u0165 a skuto\u010dn\u00fa \u00fa\u010das\u0165.<\/span><\/p>\n<\/div><\/div><\/div><\/div><\/div><div class=\"w-tabs-section has_text_color\" id=\"efa7\" style=\"background:var(--color-header-middle-bg);color:var(--color-content-heading);\"><button class=\"w-tabs-section-header\" aria-controls=\"content-efa7\" aria-expanded=\"false\"><div class=\"w-tabs-section-title\">Plne bezbari\u00e9rov\u00e1 implement\u00e1cia autobusov a vlakov<\/div><div class=\"w-tabs-section-control\"><\/div><\/button><div  class=\"w-tabs-section-content\" id=\"content-efa7\"><div class=\"w-tabs-section-content-h i-cf\"><div class=\"wpb_text_column\"><div class=\"wpb_wrapper\"><p><span style=\"font-weight: 400;\">Bezbari\u00e9rov\u00e9 zast\u00e1vky, vozidl\u00e1 a cestovn\u00e9 umo\u017e\u0148uj\u00fa v\u0161etk\u00fdm \u013eu\u010fom neobmedzen\u00fa mobilitu v s\u00falade s ustanoveniami z\u00e1kona o osobnej doprave v pl\u00e1ne miestnej dopravy.<\/span><\/p>\n<\/div><\/div><\/div><\/div><\/div><div class=\"w-tabs-section has_text_color\" id=\"m14a\" style=\"background:var(--color-header-transparent-text);color:var(--color-header-top-text-hover);\"><button class=\"w-tabs-section-header\" aria-controls=\"content-m14a\" aria-expanded=\"false\"><div class=\"w-tabs-section-title\">Skontrolova\u0165 rie\u0161enia zdru\u017eovania pre participat\u00edvnu pomoc<\/div><div class=\"w-tabs-section-control\"><\/div><\/button><div  class=\"w-tabs-section-content\" id=\"content-m14a\"><div class=\"w-tabs-section-content-h i-cf\"><div class=\"wpb_text_column\"><div class=\"wpb_wrapper\"><p><span style=\"font-weight: 400;\">Chceme prelomi\u0165 nov\u00fa p\u00f4du, aby sme splnili po\u017eiadavky feder\u00e1lneho z\u00e1kona o \u00fa\u010dasti aj v \u010dasoch nedostatku kvalifikovan\u00fdch pracovn\u00edkov a obmedzen\u00fdch finan\u010dn\u00fdch zdrojov. Pokia\u013e ide o participat\u00edvnu pomoc v \u0161kol\u00e1ch, chceme otestova\u0165 spolo\u010dn\u00e9 rie\u0161enia. V d\u00f4sledku toho je mo\u017en\u00e9 upusti\u0165 od zlo\u017eit\u00fdch \u017eiadost\u00ed a diagnostick\u00fdch postupov pre ka\u017ed\u00e9 jednotliv\u00e9 die\u0165a a z\u00e1rove\u0148 vyu\u017e\u00edva\u0165 aj deti, ktor\u00e9 potrebuj\u00fa podporu bez n\u00e1roku na participat\u00edvnu pomoc.<\/span><\/p>\n<\/div><\/div><\/div><\/div><\/div><div class=\"w-tabs-section has_text_color\" id=\"w32f\" style=\"background:var(--color-header-middle-bg);color:var(--color-header-middle-text);\"><button class=\"w-tabs-section-header\" aria-controls=\"content-w32f\" aria-expanded=\"false\"><div class=\"w-tabs-section-title\">Roz\u0161\u00edri\u0165 detsk\u00e9 ihrisk\u00e1 v cene<\/div><div class=\"w-tabs-section-control\"><\/div><\/button><div  class=\"w-tabs-section-content\" id=\"content-w32f\"><div class=\"w-tabs-section-content-h i-cf\"><div class=\"wpb_text_column\"><div class=\"wpb_wrapper\"><p><span style=\"font-weight: 400;\">Chceme navrhn\u00fa\u0165 vybavenie detsk\u00fdch ihr\u00edsk na verejn\u00fdch ihrisk\u00e1ch tak, aby sa deti so zdravotn\u00fdm postihnut\u00edm a bez neho mohli hra\u0165 spolo\u010dne.<\/span><\/p>\n<\/div><\/div><\/div><\/div><\/div><div class=\"w-tabs-section has_text_color\" id=\"j48b\" style=\"background:var(--color-header-transparent-text);color:var(--color-header-top-text-hover);\"><button class=\"w-tabs-section-header\" aria-controls=\"content-j48b\" aria-expanded=\"false\"><div class=\"w-tabs-section-title\">Zavies\u0165 inkluz\u00edvnu person\u00e1lnu politiku<\/div><div class=\"w-tabs-section-control\"><\/div><\/button><div  class=\"w-tabs-section-content\" id=\"content-j48b\"><div class=\"w-tabs-section-content-h i-cf\"><div class=\"wpb_text_column\"><div class=\"wpb_wrapper\"><p><span style=\"font-weight: 400;\">Mestsk\u00e1 spr\u00e1va sa st\u00e1va vzorom pri zamestn\u00e1van\u00ed \u013eud\u00ed so zdravotn\u00fdm postihnut\u00edm prostredn\u00edctvom vhodn\u00e9ho n\u00e1vrhu pracoviska a podporn\u00fdch \u0161trukt\u00far.<\/span><\/p>\n<\/div><\/div><\/div><\/div><\/div><\/div><\/div><div class=\"w-separator size_medium\"><\/div><div class=\"w-btn-wrapper align_left\"><a class=\"w-btn us-btn-style_8 icon_atleft\" href=\"https:\/\/gruene-wiesbaden.de\/sk\/kommunalwahl\/#Kapitel2\"><i class=\"fas fa-chevron-circle-right\"><\/i><span class=\"w-btn-label\">Sp\u00e4\u0165 na preh\u013ead<\/span><\/a><\/div><div class=\"w-separator size_large\"><\/div><div class=\"wpb_text_column\"><div class=\"wpb_wrapper\"><h1>\u010co sme u\u017e dosiahli<\/h1>\n<\/div><\/div><div class=\"w-separator size_medium\"><\/div><div class=\"w-tabs us_custom_42d693a0 has_text_color style_default switch_click accordion has_scrolling\" style=\"--sections-title-size:1.4rem\"><div class=\"w-tabs-sections titles-align_none icon_chevron cpos_right\"><div class=\"w-tabs-section has_text_color\" id=\"y5ba\" style=\"background:var(--color-header-transparent-text);color:var(--color-header-top-text-hover);\"><button class=\"w-tabs-section-header\" aria-controls=\"content-y5ba\" aria-expanded=\"false\"><div class=\"w-tabs-section-title\">Nov\u00e1 webov\u00e1 str\u00e1nka mesta Wiesbaden<\/div><div class=\"w-tabs-section-control\"><\/div><\/button><div  class=\"w-tabs-section-content\" id=\"content-y5ba\"><div class=\"w-tabs-section-content-h i-cf\"><div class=\"wpb_text_column\"><div class=\"wpb_wrapper\"><p><span style=\"font-weight: 400;\">Mesto Wiesbaden zmodernizovalo svoje webov\u00e9 s\u00eddlo s cie\u013eom u\u013eah\u010di\u0165 pr\u00edstup k inform\u00e1ci\u00e1m a slu\u017eb\u00e1m. Str\u00e1nka je bezbari\u00e9rov\u00e1 a pon\u00faka obsah v 12 jazykoch. Okrem toho sa pon\u00fakne obsah v jednoduchom jazyku a nemeckom posunkovom jazyku s cie\u013eom \u010falej zv\u00fd\u0161i\u0165 pr\u00edstupnos\u0165.<\/span><\/p>\n<\/div><\/div><\/div><\/div><\/div><div class=\"w-tabs-section has_text_color\" id=\"k6d5\" style=\"background:var(--color-header-transparent-text);color:var(--color-header-top-text-hover);\"><button class=\"w-tabs-section-header\" aria-controls=\"content-k6d5\" aria-expanded=\"false\"><div class=\"w-tabs-section-title\">Predstavujeme detsk\u00fa aplik\u00e1ciu Kids Fox<\/div><div class=\"w-tabs-section-control\"><\/div><\/button><div  class=\"w-tabs-section-content\" id=\"content-k6d5\"><div class=\"w-tabs-section-content-h i-cf\"><div class=\"wpb_text_column\"><div class=\"wpb_wrapper\"><p><span style=\"font-weight: 400;\">Od roku 2025 bola aplik\u00e1cia Kids Fox zaveden\u00e1 vo v\u0161etk\u00fdch 42 mestsk\u00fdch centr\u00e1ch dennej starostlivosti. To podporuje rodi\u010dov a zamestnancov \u0161k\u00f4lky v komunik\u00e1cii a organiz\u00e1cii. Aplik\u00e1cia pon\u00faka funkciu automatick\u00e9ho prekladu v 27 jazykoch. To tie\u017e u\u013eah\u010duje nepo\u010duj\u00facim komunikova\u0165 bez tlmo\u010dn\u00edka.<\/span><\/p>\n<\/div><\/div><\/div><\/div><\/div><div class=\"w-tabs-section has_text_color\" id=\"x819\" style=\"background:var(--color-header-transparent-text);color:var(--color-header-top-text-hover);\"><button class=\"w-tabs-section-header\" aria-controls=\"content-x819\" aria-expanded=\"false\"><div class=\"w-tabs-section-title\">Bezbari\u00e9rov\u00e1 mapa mesta a hmatov\u00e9 modely miest<\/div><div class=\"w-tabs-section-control\"><\/div><\/button><div  class=\"w-tabs-section-content\" id=\"content-x819\"><div class=\"w-tabs-section-content-h i-cf\"><div class=\"wpb_text_column\"><div class=\"wpb_wrapper\"><p><span style=\"font-weight: 400;\">V \u00fazkej spolupr\u00e1ci s veden\u00edm mesta, \u00faradn\u00edkmi pre inkl\u00faziu obc\u00ed a pracovnou skupinou pre inkl\u00faziu a pr\u00edstupnos\u0165 sme vypracovali nov\u00fd pl\u00e1n vn\u00fatorn\u00e9ho mesta pre Wiesbaden. Tento pl\u00e1n poskytuje podrobn\u00e9 inform\u00e1cie o bezbari\u00e9rov\u00fdch cest\u00e1ch, autobusov\u00fdch zast\u00e1vkach, parkovisk\u00e1ch pre osoby so zdravotn\u00fdm postihnut\u00edm, toalet\u00e1ch pr\u00edstupn\u00fdch pre invalidn\u00e9 voz\u00edky, bezbari\u00e9rovom stravovan\u00ed, hoteloch s bezbari\u00e9rov\u00fdmi izbami a verejne pr\u00edstupn\u00fdch bezbari\u00e9rov\u00fdch toalet\u00e1ch. Okrem toho s\u00fa zrete\u013ene ozna\u010den\u00e9 pamiatky, kult\u00farne zariadenia a turistick\u00e9 destin\u00e1cie. Bezbari\u00e9rov\u00e1 mapa mesta je dostupn\u00e1 aj online a poskytuje cenn\u00e9 usmernenia pre v\u0161etk\u00fdch, ktor\u00ed s\u00fa z\u00e1visl\u00ed od bezbari\u00e9rovej infra\u0161trukt\u00fary.<\/span><\/p>\n<p><span style=\"font-weight: 400;\">Pre \u013eud\u00ed so zrakov\u00fdm postihnut\u00edm alebo slepotou boli nain\u0161talovan\u00e9 hmatov\u00e9 mestsk\u00e9 modely. Tieto modely, ktor\u00e9 vyr\u00e1ba Deutsche Blindenstudienanstalt v Marburgu, sa nach\u00e1dzaj\u00fa na trhovom n\u00e1mest\u00ed a na hlavnej \u017eelezni\u010dnej stanici. Umo\u017e\u0148uj\u00fa hmatov\u00fa orient\u00e1ciu a u\u013eah\u010duj\u00fa nez\u00e1visl\u00fd pohyb v centre mesta.<\/span><\/p>\n<p><br style=\"font-weight: 400;\" \/><br style=\"font-weight: 400;\" \/><\/p>\n<\/div><\/div><\/div><\/div><\/div><div class=\"w-tabs-section has_text_color\" id=\"v950\" style=\"background:var(--color-header-middle-bg);color:var(--color-content-heading);\"><button class=\"w-tabs-section-header\" aria-controls=\"content-v950\" aria-expanded=\"false\"><div class=\"w-tabs-section-title\">Pr\u00edstupn\u00e9 autobusov\u00e9 zast\u00e1vky a prejazdy na semaforoch s akustick\u00fdm sign\u00e1lom<\/div><div class=\"w-tabs-section-control\"><\/div><\/button><div  class=\"w-tabs-section-content\" id=\"content-v950\"><div class=\"w-tabs-section-content-h i-cf\"><div class=\"wpb_text_column\"><div class=\"wpb_wrapper\"><p><span style=\"font-weight: 400;\">Od roku 2022 sa mnoh\u00e9 autobusov\u00e9 zast\u00e1vky vo Wiesbadene zmenili na bezbari\u00e9rov\u00e9 zariadenia vr\u00e1tane Waldstra\u00dfe, Dyckerhoffstra\u00dfe, Flachstra\u00dfe, Kahle M\u00fchle P+R a Bussteig D na hlavnej stanici. Zv\u00fd\u0161en\u00e9 obrubn\u00edky, roz\u0161\u00edren\u00e9 zast\u00e1vky a hmatov\u00e9 vodiace prvky u\u013eah\u010duj\u00fa vstup a v\u00fdstup pre osoby so zdravotn\u00fdm postihnut\u00edm, star\u0161\u00edch ob\u010danov a rodiny s ko\u010d\u00edkmi. Kombin\u00e1ciou \u0161t\u00e1tnych a mestsk\u00fdch zdrojov sa verejn\u00e1 doprava vo Wiesbadene postupne st\u00e1va inkluz\u00edvnej\u0161ou, pr\u00edstupnej\u0161ou a pohodlnej\u0161ou pre v\u0161etk\u00fdch. Okrem toho s\u00fa u\u017e mnoh\u00e9 semafory vybaven\u00e9 akustick\u00fdmi sign\u00e1lmi, aby \u013eudia so zrakov\u00fdm postihnut\u00edm mohli bezpe\u010dne prech\u00e1dza\u0165 cez cesty a kri\u017eovatky.<\/span><\/p>\n<\/div><\/div><\/div><\/div><\/div><div class=\"w-tabs-section has_text_color\" id=\"za69\" style=\"background:var(--color-header-transparent-text);color:var(--color-header-top-text-hover);\"><button class=\"w-tabs-section-header\" aria-controls=\"content-za69\" aria-expanded=\"false\"><div class=\"w-tabs-section-title\">Dostupnos\u0165 v Kransand v Mainz-Kastel sa zlep\u0161ila<\/div><div class=\"w-tabs-section-control\"><\/div><\/button><div  class=\"w-tabs-section-content\" id=\"content-za69\"><div class=\"w-tabs-section-content-h i-cf\"><div class=\"wpb_text_column\"><div class=\"wpb_wrapper\"><p><span style=\"font-weight: 400;\">V meste Kransand v Mainz-Kasteli bol nain\u0161talovan\u00fd v\u00fd\u0165ah, ktor\u00fd zabezpe\u010duje bezbari\u00e9rov\u00e9 spojenie medzi brehom R\u00fdna a mostom. S v\u00fd\u0161kov\u00fdm rozdielom 6,5 metra sa \u013eudia so zn\u00ed\u017eenou pohyblivos\u0165ou m\u00f4\u017eu \u013eahko dosta\u0165 do rekrea\u010dnej oblasti na R\u00fdne. Okrem toho je samotn\u00e1 lokalita vybaven\u00e1 bezbari\u00e9rov\u00fdmi prvkami vr\u00e1tane kor\u010duliarskeho parku, vybavenia Trimm Dich a d\u00e1vkovacieho priestoru. To poskytne ka\u017ed\u00e9mu rovnak\u00fd pr\u00edstup k vo\u013eno\u010dasov\u00fdm aktivit\u00e1m a rekre\u00e1cii na brehoch R\u00fdna.<\/span><\/p>\n<\/div><\/div><\/div><\/div><\/div><div class=\"w-tabs-section has_text_color\" id=\"jb83\" style=\"background:var(--color-header-transparent-text);color:var(--color-header-top-text-hover);\"><button class=\"w-tabs-section-header\" aria-controls=\"content-jb83\" aria-expanded=\"false\"><div class=\"w-tabs-section-title\">Tich\u00e1 hodina pre v\u00e4\u010d\u0161iu inkl\u00faziu a \u00fa\u010das\u0165<\/div><div class=\"w-tabs-section-control\"><\/div><\/button><div  class=\"w-tabs-section-content\" id=\"content-jb83\"><div class=\"w-tabs-section-content-h i-cf\"><div class=\"wpb_text_column\"><div class=\"wpb_wrapper\"><p><span style=\"font-weight: 400;\">Od j\u00fala 2025 Wiesbaden ka\u017ed\u00fd \u0161tvrtok od 15.00 do 17.00 hod. pon\u00faka \u201etich\u00fa hodinu\u201c vo viac ako 20 obchodoch v centre mesta. Po\u010das tejto doby sa zni\u017euje jasn\u00e9 svetlo, hlasn\u00e1 hudba a ozn\u00e1menia, aby sa vytvoril z\u00e1\u017eitok z nakupovania s n\u00edzkym podr\u00e1\u017eden\u00edm. Cie\u013eom je u\u013eah\u010di\u0165 pr\u00edstup k verejn\u00e9mu \u017eivotu \u013eu\u010fom so zmyslov\u00fdm alebo psychologick\u00fdm postihnut\u00edm, ako je autizmus, ADHD alebo dlhodobo chor\u00fd. Wiesbaden je tak prv\u00fdm mestom v Nemecku, ktor\u00e9 implementuje t\u00fato koncepciu na celo\u0161t\u00e1tnej \u00farovni a vysiela siln\u00fd sign\u00e1l pre \u017eiv\u00e9 za\u010dlenenie.<\/span><\/p>\n<\/div><\/div><\/div><\/div><\/div><div class=\"w-tabs-section has_text_color\" id=\"tc99\" style=\"background:var(--color-header-transparent-text);color:var(--color-header-top-text-hover);\"><button class=\"w-tabs-section-header\" aria-controls=\"content-tc99\" aria-expanded=\"false\"><div class=\"w-tabs-section-title\">Odborn\u00e1 pr\u00edprava pre centr\u00e1 dennej starostlivosti \u2013 zameranie na za\u010dle\u0148ovanie<\/div><div class=\"w-tabs-section-control\"><\/div><\/button><div  class=\"w-tabs-section-content\" id=\"content-tc99\"><div class=\"w-tabs-section-content-h i-cf\"><div class=\"wpb_text_column\"><div class=\"wpb_wrapper\"><p><span style=\"font-weight: 400;\">V roku 2025 sa program odbornej pr\u00edpravy pre mestsk\u00e9 centr\u00e1 dennej starostlivosti zameria na \u201eza\u010dlenenie do v\u0161etk\u00fdch jeho aspektov\u201c. Cie\u013eom je poskytn\u00fa\u0165 v\u0161etk\u00fdm de\u0165om dobr\u00e9 pr\u00edle\u017eitosti na vzdel\u00e1vanie a rozvoj a n\u00e1js\u0165 odpovede na v\u00fdzvy inkluz\u00edvneho vzdel\u00e1vania.<\/span><\/p>\n<\/div><\/div><\/div><\/div><\/div><div class=\"w-tabs-section has_text_color\" id=\"udc8\" style=\"background:var(--color-header-transparent-text);color:var(--color-header-top-text-hover);\"><button class=\"w-tabs-section-header\" aria-controls=\"content-udc8\" aria-expanded=\"false\"><div class=\"w-tabs-section-title\">Wiesbaden Participa\u010dn\u00fd \u0161tandard - Inkluz\u00edvna pr\u00e1ca v okrese<\/div><div class=\"w-tabs-section-control\"><\/div><\/button><div  class=\"w-tabs-section-content\" id=\"content-udc8\"><div class=\"w-tabs-section-content-h i-cf\"><div class=\"wpb_text_column\"><div class=\"wpb_wrapper\"><p><span style=\"font-weight: 400;\">Mesto Wiesbaden vypracovalo \u201eWiesbadensk\u00fd \u0161tandard \u00fa\u010dasti pre okresy s vysok\u00fdmi soci\u00e1lnymi potrebami\u201c. V tejto norme sa opisuj\u00fa opatrenia na zlep\u0161enie soci\u00e1lnej infra\u0161trukt\u00fary v znev\u00fdhodnen\u00fdch oblastiach. Osobitn\u00fd d\u00f4raz sa kladie na za\u010dlenenie, napr\u00edklad zahrnut\u00edm pon\u00fak pre osoby so zdravotn\u00fdm postihnut\u00edm do pl\u00e1novania.<\/span><\/p>\n<\/div><\/div><\/div><\/div><\/div><div class=\"w-tabs-section has_text_color\" id=\"jedd\" style=\"background:var(--color-header-transparent-text);color:var(--color-header-top-text-hover);\"><button class=\"w-tabs-section-header\" aria-controls=\"content-jedd\" aria-expanded=\"false\"><div class=\"w-tabs-section-title\">Eur\u00f3psky de\u0148 protestov za rovnos\u0165<\/div><div class=\"w-tabs-section-control\"><\/div><\/button><div  class=\"w-tabs-section-content\" id=\"content-jedd\"><div class=\"w-tabs-section-content-h i-cf\"><div class=\"wpb_text_column\"><div class=\"wpb_wrapper\"><p><span style=\"font-weight: 400;\">V m\u00e1ji 2025 sa vo Wiesbadene po prv\u00fdkr\u00e1t konal Eur\u00f3psky de\u0148 protestov za rovnos\u0165 os\u00f4b so zdravotn\u00fdm postihnut\u00edm. Mesto spolu so z\u00e1ujmov\u00fdmi skupinami, zdru\u017eeniami a administrat\u00edvou vykazovalo vidite\u013en\u00e9 zn\u00e1mky za\u010dlenenia a pr\u00edstupnosti \u2013 pred radnicou a pred \u0148ou. Tento projekt spolupr\u00e1ce ukazuje, ako mest\u00e1, politici a akt\u00e9ri ob\u010dianskej spolo\u010dnosti spolupracuj\u00fa na posilnen\u00ed za\u010dlenenia, podpore \u00fa\u010dasti os\u00f4b so zdravotn\u00fdm postihnut\u00edm a zvidite\u013enen\u00ed za\u010dlenenia.<\/span><\/p>\n<\/div><\/div><\/div><\/div><\/div><\/div><\/div><div class=\"w-separator size_medium\"><\/div><div class=\"w-btn-wrapper align_left\"><a class=\"w-btn us-btn-style_8 icon_atleft\" href=\"https:\/\/gruene-wiesbaden.de\/sk\/kommunalwahl\/#Kapitel2\"><i class=\"fas fa-chevron-circle-right\"><\/i><span class=\"w-btn-label\">Sp\u00e4\u0165 na preh\u013ead<\/span><\/a><\/div><div class=\"w-separator size_large\"><\/div><\/div><\/div><\/div><\/div><\/section>","protected":false},"excerpt":{"rendered":"Za\u010dlenenie a dostupnos\u0165\u013dudia so zdravotn\u00fdm postihnut\u00edm s\u00fa stredobodom na\u0161ej spolo\u010dnosti. Pr\u00edstupnos\u0165 je \u013eudsk\u00fdm pr\u00e1vom a predpokladom skuto\u010dnej \u00fa\u010dasti. Vo Wiesbadene chceme prelomi\u0165 fyzick\u00e9 a du\u0161evn\u00e9 bari\u00e9ry \u2013 vo verejn\u00fdch priestoroch a v mysliach \u013eud\u00ed. Len ak sa v\u0161etci \u013eudia bud\u00fa m\u00f4c\u0165 z\u00fa\u010dast\u0148ova\u0165 na spolo\u010denskom \u017eivote za rovnak\u00fdch podmienok, vznikne solid\u00e1rna mestsk\u00e1 spolo\u010dnos\u0165. Inkl\u00fazia pre n\u00e1s znamen\u00e1...","protected":false},"author":1,"featured_media":1549,"comment_status":"closed","ping_status":"closed","sticky":false,"template":"","format":"standard","meta":{"footnotes":""},"categories":[15],"tags":[],"class_list":["post-1353","post","type-post","status-publish","format-standard","has-post-thumbnail","hentry","category-kapitel-2"],"yoast_head":"<!-- This site is optimized with the Yoast SEO plugin v27.5 - https:\/\/yoast.com\/product\/yoast-seo-wordpress\/ -->\n<title>Inklusion und Barrierefreiheit - B\u00dcNDNIS 90\/DIE GR\u00dcNEN Wiesbaden<\/title>\n<meta name=\"robots\" content=\"index, follow, max-snippet:-1, max-image-preview:large, max-video-preview:-1\" \/>\n<link rel=\"canonical\" href=\"https:\/\/gruene-wiesbaden.de\/sk\/inklusion-und-barrierefreiheit\/\" \/>\n<meta property=\"og:locale\" content=\"sk_SK\" \/>\n<meta property=\"og:type\" content=\"article\" \/>\n<meta property=\"og:title\" content=\"Inklusion und Barrierefreiheit - B\u00dcNDNIS 90\/DIE GR\u00dcNEN Wiesbaden\" \/>\n<meta property=\"og:url\" content=\"https:\/\/gruene-wiesbaden.de\/sk\/inklusion-und-barrierefreiheit\/\" \/>\n<meta property=\"og:site_name\" content=\"B\u00dcNDNIS 90\/DIE GR\u00dcNEN Wiesbaden\" \/>\n<meta property=\"article:publisher\" content=\"https:\/\/www.facebook.com\/gruene.wi\" \/>\n<meta property=\"article:published_time\" content=\"2025-11-09T22:11:46+00:00\" \/>\n<meta property=\"article:modified_time\" content=\"2026-04-09T08:29:24+00:00\" \/>\n<meta property=\"og:image\" content=\"https:\/\/gruene-wiesbaden.de\/wp-content\/uploads\/2025\/11\/2.3-Inklusion-und-Barrierefreiheit-scaled.jpeg\" \/>\n\t<meta property=\"og:image:width\" content=\"2560\" \/>\n\t<meta property=\"og:image:height\" content=\"1435\" \/>\n\t<meta property=\"og:image:type\" content=\"image\/jpeg\" \/>\n<meta name=\"author\" content=\"admin\" \/>\n<meta name=\"twitter:card\" content=\"summary_large_image\" \/>\n<meta name=\"twitter:label1\" content=\"Autor\" \/>\n\t<meta name=\"twitter:data1\" content=\"admin\" \/>\n\t<meta name=\"twitter:label2\" content=\"Predpokladan\u00fd \u010das \u010d\u00edtania\" \/>\n\t<meta name=\"twitter:data2\" content=\"8 minutes\" \/>\n<script type=\"application\/ld+json\" class=\"yoast-schema-graph\">{\"@context\":\"https:\\\/\\\/schema.org\",\"@graph\":[{\"@type\":\"Article\",\"@id\":\"https:\\\/\\\/gruene-wiesbaden.de\\\/inklusion-und-barrierefreiheit\\\/#article\",\"isPartOf\":{\"@id\":\"https:\\\/\\\/gruene-wiesbaden.de\\\/inklusion-und-barrierefreiheit\\\/\"},\"author\":{\"name\":\"admin\",\"@id\":\"https:\\\/\\\/gruene-wiesbaden.de\\\/#\\\/schema\\\/person\\\/6785c34779159cd4fd86886bb097afe9\"},\"headline\":\"Inklusion und Barrierefreiheit\",\"datePublished\":\"2025-11-09T22:11:46+00:00\",\"dateModified\":\"2026-04-09T08:29:24+00:00\",\"mainEntityOfPage\":{\"@id\":\"https:\\\/\\\/gruene-wiesbaden.de\\\/inklusion-und-barrierefreiheit\\\/\"},\"wordCount\":2280,\"publisher\":{\"@id\":\"https:\\\/\\\/gruene-wiesbaden.de\\\/#organization\"},\"image\":{\"@id\":\"https:\\\/\\\/gruene-wiesbaden.de\\\/inklusion-und-barrierefreiheit\\\/#primaryimage\"},\"thumbnailUrl\":\"https:\\\/\\\/gruene-wiesbaden.de\\\/wp-content\\\/uploads\\\/2025\\\/11\\\/2.3-Inklusion-und-Barrierefreiheit-scaled.jpeg\",\"articleSection\":[\"Kapitel 2\"],\"inLanguage\":\"sk-SK\"},{\"@type\":\"WebPage\",\"@id\":\"https:\\\/\\\/gruene-wiesbaden.de\\\/inklusion-und-barrierefreiheit\\\/\",\"url\":\"https:\\\/\\\/gruene-wiesbaden.de\\\/inklusion-und-barrierefreiheit\\\/\",\"name\":\"Inklusion und Barrierefreiheit - B\u00dcNDNIS 90\\\/DIE GR\u00dcNEN Wiesbaden\",\"isPartOf\":{\"@id\":\"https:\\\/\\\/gruene-wiesbaden.de\\\/#website\"},\"primaryImageOfPage\":{\"@id\":\"https:\\\/\\\/gruene-wiesbaden.de\\\/inklusion-und-barrierefreiheit\\\/#primaryimage\"},\"image\":{\"@id\":\"https:\\\/\\\/gruene-wiesbaden.de\\\/inklusion-und-barrierefreiheit\\\/#primaryimage\"},\"thumbnailUrl\":\"https:\\\/\\\/gruene-wiesbaden.de\\\/wp-content\\\/uploads\\\/2025\\\/11\\\/2.3-Inklusion-und-Barrierefreiheit-scaled.jpeg\",\"datePublished\":\"2025-11-09T22:11:46+00:00\",\"dateModified\":\"2026-04-09T08:29:24+00:00\",\"breadcrumb\":{\"@id\":\"https:\\\/\\\/gruene-wiesbaden.de\\\/inklusion-und-barrierefreiheit\\\/#breadcrumb\"},\"inLanguage\":\"sk-SK\",\"potentialAction\":[{\"@type\":\"ReadAction\",\"target\":[\"https:\\\/\\\/gruene-wiesbaden.de\\\/inklusion-und-barrierefreiheit\\\/\"]}]},{\"@type\":\"ImageObject\",\"inLanguage\":\"sk-SK\",\"@id\":\"https:\\\/\\\/gruene-wiesbaden.de\\\/inklusion-und-barrierefreiheit\\\/#primaryimage\",\"url\":\"https:\\\/\\\/gruene-wiesbaden.de\\\/wp-content\\\/uploads\\\/2025\\\/11\\\/2.3-Inklusion-und-Barrierefreiheit-scaled.jpeg\",\"contentUrl\":\"https:\\\/\\\/gruene-wiesbaden.de\\\/wp-content\\\/uploads\\\/2025\\\/11\\\/2.3-Inklusion-und-Barrierefreiheit-scaled.jpeg\",\"width\":2560,\"height\":1435},{\"@type\":\"BreadcrumbList\",\"@id\":\"https:\\\/\\\/gruene-wiesbaden.de\\\/inklusion-und-barrierefreiheit\\\/#breadcrumb\",\"itemListElement\":[{\"@type\":\"ListItem\",\"position\":1,\"name\":\"Startseite\",\"item\":\"https:\\\/\\\/gruene-wiesbaden.de\\\/\"},{\"@type\":\"ListItem\",\"position\":2,\"name\":\"Inklusion und Barrierefreiheit\"}]},{\"@type\":\"WebSite\",\"@id\":\"https:\\\/\\\/gruene-wiesbaden.de\\\/#website\",\"url\":\"https:\\\/\\\/gruene-wiesbaden.de\\\/\",\"name\":\"DIE GR\u00dcNEN Wiesbaden\",\"description\":\"\",\"publisher\":{\"@id\":\"https:\\\/\\\/gruene-wiesbaden.de\\\/#organization\"},\"potentialAction\":[{\"@type\":\"SearchAction\",\"target\":{\"@type\":\"EntryPoint\",\"urlTemplate\":\"https:\\\/\\\/gruene-wiesbaden.de\\\/?s={search_term_string}\"},\"query-input\":{\"@type\":\"PropertyValueSpecification\",\"valueRequired\":true,\"valueName\":\"search_term_string\"}}],\"inLanguage\":\"sk-SK\"},{\"@type\":\"Organization\",\"@id\":\"https:\\\/\\\/gruene-wiesbaden.de\\\/#organization\",\"name\":\"DIE GR\u00dcNEN Wiesbaden\",\"url\":\"https:\\\/\\\/gruene-wiesbaden.de\\\/\",\"logo\":{\"@type\":\"ImageObject\",\"inLanguage\":\"sk-SK\",\"@id\":\"https:\\\/\\\/gruene-wiesbaden.de\\\/#\\\/schema\\\/logo\\\/image\\\/\",\"url\":\"https:\\\/\\\/gruene-wiesbaden-fuer-europa.de\\\/wp-content\\\/uploads\\\/2024\\\/04\\\/Machen-was-zaehlt-5.png\",\"contentUrl\":\"https:\\\/\\\/gruene-wiesbaden-fuer-europa.de\\\/wp-content\\\/uploads\\\/2024\\\/04\\\/Machen-was-zaehlt-5.png\",\"width\":1772,\"height\":1772,\"caption\":\"DIE GR\u00dcNEN Wiesbaden\"},\"image\":{\"@id\":\"https:\\\/\\\/gruene-wiesbaden.de\\\/#\\\/schema\\\/logo\\\/image\\\/\"},\"sameAs\":[\"https:\\\/\\\/www.facebook.com\\\/gruene.wi\",\"https:\\\/\\\/instagram.com\\\/gruene_wi\"]},{\"@type\":\"Person\",\"@id\":\"https:\\\/\\\/gruene-wiesbaden.de\\\/#\\\/schema\\\/person\\\/6785c34779159cd4fd86886bb097afe9\",\"name\":\"admin\",\"sameAs\":[\"http:\\\/\\\/gruene-wiesbaden-fuer-europa.de\"],\"url\":\"https:\\\/\\\/gruene-wiesbaden.de\\\/sk\\\/author\\\/admin\\\/\"}]}<\/script>\n<!-- \/ Yoast SEO plugin. -->","yoast_head_json":{"title":"Inklusion und Barrierefreiheit - B\u00dcNDNIS 90\/DIE GR\u00dcNEN Wiesbaden","robots":{"index":"index","follow":"follow","max-snippet":"max-snippet:-1","max-image-preview":"max-image-preview:large","max-video-preview":"max-video-preview:-1"},"canonical":"https:\/\/gruene-wiesbaden.de\/sk\/inklusion-und-barrierefreiheit\/","og_locale":"sk_SK","og_type":"article","og_title":"Inklusion und Barrierefreiheit - B\u00dcNDNIS 90\/DIE GR\u00dcNEN Wiesbaden","og_url":"https:\/\/gruene-wiesbaden.de\/sk\/inklusion-und-barrierefreiheit\/","og_site_name":"B\u00dcNDNIS 90\/DIE GR\u00dcNEN Wiesbaden","article_publisher":"https:\/\/www.facebook.com\/gruene.wi","article_published_time":"2025-11-09T22:11:46+00:00","article_modified_time":"2026-04-09T08:29:24+00:00","og_image":[{"width":2560,"height":1435,"url":"https:\/\/gruene-wiesbaden.de\/wp-content\/uploads\/2025\/11\/2.3-Inklusion-und-Barrierefreiheit-scaled.jpeg","type":"image\/jpeg"}],"author":"admin","twitter_card":"summary_large_image","twitter_misc":{"Autor":"admin","Predpokladan\u00fd \u010das \u010d\u00edtania":"8 minutes"},"schema":{"@context":"https:\/\/schema.org","@graph":[{"@type":"Article","@id":"https:\/\/gruene-wiesbaden.de\/inklusion-und-barrierefreiheit\/#article","isPartOf":{"@id":"https:\/\/gruene-wiesbaden.de\/inklusion-und-barrierefreiheit\/"},"author":{"name":"admin","@id":"https:\/\/gruene-wiesbaden.de\/#\/schema\/person\/6785c34779159cd4fd86886bb097afe9"},"headline":"Inklusion und Barrierefreiheit","datePublished":"2025-11-09T22:11:46+00:00","dateModified":"2026-04-09T08:29:24+00:00","mainEntityOfPage":{"@id":"https:\/\/gruene-wiesbaden.de\/inklusion-und-barrierefreiheit\/"},"wordCount":2280,"publisher":{"@id":"https:\/\/gruene-wiesbaden.de\/#organization"},"image":{"@id":"https:\/\/gruene-wiesbaden.de\/inklusion-und-barrierefreiheit\/#primaryimage"},"thumbnailUrl":"https:\/\/gruene-wiesbaden.de\/wp-content\/uploads\/2025\/11\/2.3-Inklusion-und-Barrierefreiheit-scaled.jpeg","articleSection":["Kapitel 2"],"inLanguage":"sk-SK"},{"@type":"WebPage","@id":"https:\/\/gruene-wiesbaden.de\/inklusion-und-barrierefreiheit\/","url":"https:\/\/gruene-wiesbaden.de\/inklusion-und-barrierefreiheit\/","name":"Inklusion und Barrierefreiheit - B\u00dcNDNIS 90\/DIE GR\u00dcNEN Wiesbaden","isPartOf":{"@id":"https:\/\/gruene-wiesbaden.de\/#website"},"primaryImageOfPage":{"@id":"https:\/\/gruene-wiesbaden.de\/inklusion-und-barrierefreiheit\/#primaryimage"},"image":{"@id":"https:\/\/gruene-wiesbaden.de\/inklusion-und-barrierefreiheit\/#primaryimage"},"thumbnailUrl":"https:\/\/gruene-wiesbaden.de\/wp-content\/uploads\/2025\/11\/2.3-Inklusion-und-Barrierefreiheit-scaled.jpeg","datePublished":"2025-11-09T22:11:46+00:00","dateModified":"2026-04-09T08:29:24+00:00","breadcrumb":{"@id":"https:\/\/gruene-wiesbaden.de\/inklusion-und-barrierefreiheit\/#breadcrumb"},"inLanguage":"sk-SK","potentialAction":[{"@type":"ReadAction","target":["https:\/\/gruene-wiesbaden.de\/inklusion-und-barrierefreiheit\/"]}]},{"@type":"ImageObject","inLanguage":"sk-SK","@id":"https:\/\/gruene-wiesbaden.de\/inklusion-und-barrierefreiheit\/#primaryimage","url":"https:\/\/gruene-wiesbaden.de\/wp-content\/uploads\/2025\/11\/2.3-Inklusion-und-Barrierefreiheit-scaled.jpeg","contentUrl":"https:\/\/gruene-wiesbaden.de\/wp-content\/uploads\/2025\/11\/2.3-Inklusion-und-Barrierefreiheit-scaled.jpeg","width":2560,"height":1435},{"@type":"BreadcrumbList","@id":"https:\/\/gruene-wiesbaden.de\/inklusion-und-barrierefreiheit\/#breadcrumb","itemListElement":[{"@type":"ListItem","position":1,"name":"Startseite","item":"https:\/\/gruene-wiesbaden.de\/"},{"@type":"ListItem","position":2,"name":"Inklusion und Barrierefreiheit"}]},{"@type":"WebSite","@id":"https:\/\/gruene-wiesbaden.de\/#website","url":"https:\/\/gruene-wiesbaden.de\/","name":"DIE GR\u00dcNEN Wiesbaden","description":"","publisher":{"@id":"https:\/\/gruene-wiesbaden.de\/#organization"},"potentialAction":[{"@type":"SearchAction","target":{"@type":"EntryPoint","urlTemplate":"https:\/\/gruene-wiesbaden.de\/?s={search_term_string}"},"query-input":{"@type":"PropertyValueSpecification","valueRequired":true,"valueName":"search_term_string"}}],"inLanguage":"sk-SK"},{"@type":"Organization","@id":"https:\/\/gruene-wiesbaden.de\/#organization","name":"DIE GR\u00dcNEN Wiesbaden","url":"https:\/\/gruene-wiesbaden.de\/","logo":{"@type":"ImageObject","inLanguage":"sk-SK","@id":"https:\/\/gruene-wiesbaden.de\/#\/schema\/logo\/image\/","url":"https:\/\/gruene-wiesbaden-fuer-europa.de\/wp-content\/uploads\/2024\/04\/Machen-was-zaehlt-5.png","contentUrl":"https:\/\/gruene-wiesbaden-fuer-europa.de\/wp-content\/uploads\/2024\/04\/Machen-was-zaehlt-5.png","width":1772,"height":1772,"caption":"DIE GR\u00dcNEN Wiesbaden"},"image":{"@id":"https:\/\/gruene-wiesbaden.de\/#\/schema\/logo\/image\/"},"sameAs":["https:\/\/www.facebook.com\/gruene.wi","https:\/\/instagram.com\/gruene_wi"]},{"@type":"Person","@id":"https:\/\/gruene-wiesbaden.de\/#\/schema\/person\/6785c34779159cd4fd86886bb097afe9","name":"admin","sameAs":["http:\/\/gruene-wiesbaden-fuer-europa.de"],"url":"https:\/\/gruene-wiesbaden.de\/sk\/author\/admin\/"}]}},"_links":{"self":[{"href":"https:\/\/gruene-wiesbaden.de\/sk\/wp-json\/wp\/v2\/posts\/1353","targetHints":{"allow":["GET"]}}],"collection":[{"href":"https:\/\/gruene-wiesbaden.de\/sk\/wp-json\/wp\/v2\/posts"}],"about":[{"href":"https:\/\/gruene-wiesbaden.de\/sk\/wp-json\/wp\/v2\/types\/post"}],"author":[{"embeddable":true,"href":"https:\/\/gruene-wiesbaden.de\/sk\/wp-json\/wp\/v2\/users\/1"}],"replies":[{"embeddable":true,"href":"https:\/\/gruene-wiesbaden.de\/sk\/wp-json\/wp\/v2\/comments?post=1353"}],"version-history":[{"count":7,"href":"https:\/\/gruene-wiesbaden.de\/sk\/wp-json\/wp\/v2\/posts\/1353\/revisions"}],"predecessor-version":[{"id":2391,"href":"https:\/\/gruene-wiesbaden.de\/sk\/wp-json\/wp\/v2\/posts\/1353\/revisions\/2391"}],"wp:featuredmedia":[{"embeddable":true,"href":"https:\/\/gruene-wiesbaden.de\/sk\/wp-json\/wp\/v2\/media\/1549"}],"wp:attachment":[{"href":"https:\/\/gruene-wiesbaden.de\/sk\/wp-json\/wp\/v2\/media?parent=1353"}],"wp:term":[{"taxonomy":"category","embeddable":true,"href":"https:\/\/gruene-wiesbaden.de\/sk\/wp-json\/wp\/v2\/categories?post=1353"},{"taxonomy":"post_tag","embeddable":true,"href":"https:\/\/gruene-wiesbaden.de\/sk\/wp-json\/wp\/v2\/tags?post=1353"}],"curies":[{"name":"wp","href":"https:\/\/api.w.org\/{rel}","templated":true}]}}