{"id":1351,"date":"2025-11-10T00:10:26","date_gmt":"2025-11-09T22:10:26","guid":{"rendered":"https:\/\/gruene-wiesbaden.de\/?p=1351"},"modified":"2026-04-09T10:27:25","modified_gmt":"2026-04-09T08:27:25","slug":"gleichstellung-von-lgbtqia","status":"publish","type":"post","link":"https:\/\/gruene-wiesbaden.de\/sk\/gleichstellung-von-lgbtqia\/","title":{"rendered":"Rovnos\u0165 LGBTQIA*"},"content":{"rendered":"<section class=\"l-section wpb_row height_medium with_img\"><div class=\"l-section-img\" role=\"img\" data-img-width=\"1080\" data-img-height=\"800\" style=\"background-image: url(https:\/\/gruene-wiesbaden.de\/wp-content\/uploads\/2025\/11\/neuer-Verlauf-gruene-wiesbaden.de_-2-e1762709402177.png);\"><\/div><div class=\"l-section-overlay\" style=\"background:var(--color-header-top-transparent-bg)\"><\/div><div class=\"l-section-h i-cf\"><div class=\"g-cols vc_row via_grid cols_1 laptops-cols_inherit tablets-cols_inherit mobiles-cols_1 valign_top type_default stacking_default\"><div class=\"wpb_column vc_column_container\"><div class=\"vc_column-inner\"><h1 class=\"w-post-elm post_title us_custom_a574d586 has_text_color entry-title\">Rovnos\u0165 LGBTQIA*<\/h1><div class=\"w-separator size_medium\"><\/div><div class=\"g-cols wpb_row via_grid cols_2-1 laptops-cols_inherit tablets-cols_inherit mobiles-cols_1 valign_top type_default stacking_default\" style=\"--columns-gap:3rem;\"><div class=\"wpb_column vc_column_container\"><div class=\"vc_column-inner\"><div class=\"wpb_text_column us_custom_8b3d6790 has_text_color\"><div class=\"wpb_wrapper\"><p><span style=\"font-weight: 400;\">Otvoren\u00e1, rozmanit\u00e1 a spravodliv\u00e1 mestsk\u00e1 spolo\u010dnos\u0165 znamen\u00e1, \u017ee \u013eudia m\u00f4\u017eu \u017ei\u0165 bezpe\u010dn\u00fd, vidite\u013en\u00fd a samour\u010den\u00fd \u017eivot bez oh\u013eadu na svoju sexu\u00e1lnu orient\u00e1ciu alebo rodov\u00fa identitu. Vo Wiesbadene sa v\u0161ak LGBTQIA* \u013eudia st\u00e1le stret\u00e1vaj\u00fa s diskrimin\u00e1ciou, nevidite\u013enos\u0165ou a nepriate\u013estvom \u2013 v ka\u017edodennom \u017eivote, na verejn\u00fdch priestranstv\u00e1ch alebo v in\u0161tit\u00faci\u00e1ch. Zelen\u00e1 je pre n\u00e1s jasn\u00e1: Rovnak\u00e9 pr\u00e1va a uznanie s\u00fa nespochybnite\u013en\u00e9. Rozmanitos\u0165 posil\u0148uje na\u0161u demokraciu a rob\u00ed Wiesbaden ob\u00fdvate\u013enej\u0161\u00edm pre v\u0161etk\u00fdch. Preto sa zav\u00e4zujeme k zvidite\u013eneniu, \u00fatulkom, nediskrimina\u010dnej \u00fa\u010dasti a siln\u00fdm sie\u0165am \u2013 od kult\u00fary a vzdel\u00e1vania a\u017e po spr\u00e1vu a mestsk\u00e9 pl\u00e1novanie.<\/span><\/p>\n<\/div><\/div><div class=\"w-separator size_medium\"><\/div><div class=\"w-btn-wrapper align_left\"><a class=\"w-btn us-btn-style_8 icon_atleft\" href=\"https:\/\/gruene-wiesbaden.de\/sk\/kommunalwahl\/#Kapitel2\"><i class=\"fas fa-chevron-circle-right\"><\/i><span class=\"w-btn-label\">Sp\u00e4\u0165 na preh\u013ead<\/span><\/a><\/div><\/div><\/div><div class=\"wpb_column vc_column_container\"><div class=\"vc_column-inner\"><div class=\"w-image align_center\"><div class=\"w-image-h\"><img decoding=\"async\" width=\"2560\" height=\"1707\" src=\"https:\/\/gruene-wiesbaden.de\/wp-content\/uploads\/2025\/11\/2.2-Gleichstellung-LGBTQAI-scaled.jpeg\" class=\"attachment-full size-full\" alt=\"\" loading=\"lazy\" srcset=\"https:\/\/gruene-wiesbaden.de\/wp-content\/uploads\/2025\/11\/2.2-Gleichstellung-LGBTQAI-scaled.jpeg 2560w, https:\/\/gruene-wiesbaden.de\/wp-content\/uploads\/2025\/11\/2.2-Gleichstellung-LGBTQAI-400x267.jpeg 400w, https:\/\/gruene-wiesbaden.de\/wp-content\/uploads\/2025\/11\/2.2-Gleichstellung-LGBTQAI-600x400.jpeg 600w\" sizes=\"auto, (max-width: 2560px) 100vw, 2560px\" \/><\/div><\/div><div class=\"w-separator size_small\"><\/div><\/div><\/div><\/div><div class=\"w-separator size_medium\"><\/div><div class=\"w-separator size_medium\"><\/div><div class=\"wpb_text_column\"><div class=\"wpb_wrapper\"><h1>\u010co pre n\u00e1s znamen\u00e1 rovnos\u0165 LGBTQIA<\/h1>\n<\/div><\/div><div class=\"w-separator size_large\"><\/div><div class=\"g-cols wpb_row via_grid cols_3 laptops-cols_inherit tablets-cols_inherit mobiles-cols_1 valign_top type_default stacking_default\" style=\"--columns-gap:3rem;\"><div class=\"wpb_column vc_column_container\"><div class=\"vc_column-inner\"><div class=\"w-iconbox us_custom_8b3d6790 has_text_color iconpos_left style_default color_custom align_left\"><div class=\"w-iconbox-icon\" style=\"font-size:2rem;--icon-color:#Ffffff;--icon-bg-color:var(--color-header-middle-bg);\"><i class=\"fas fa-layer-group\"><\/i><\/div><div class=\"w-iconbox-meta\"><h4 class=\"w-iconbox-title\" style=\"font-size:1.5rem;\">Podpora kult\u00fary a centr\u00e1lneho depozit\u00e1ra<\/h4><div class=\"w-iconbox-text\"><p><span style=\"font-weight: 400;\">Kult\u00farne ponuky Queer a centr\u00e1lny depozit\u00e1r s\u00fa d\u00f4le\u017eit\u00fdmi znakmi vidite\u013enosti \u2013 zasl\u00fa\u017eia si spo\u013eahliv\u00fa podporu.<\/span><\/p>\n<\/div><\/div><\/div><\/div><\/div><div class=\"wpb_column vc_column_container\"><div class=\"vc_column-inner\"><div class=\"w-iconbox us_custom_8b3d6790 has_text_color iconpos_left style_default color_custom align_left\"><div class=\"w-iconbox-icon\" style=\"font-size:2rem;--icon-color:#Ffffff;--icon-bg-color:var(--color-header-transparent-text);\"><i class=\"fas fa-layer-group\"><\/i><\/div><div class=\"w-iconbox-meta\"><h4 class=\"w-iconbox-title\" style=\"font-size:1.5rem;\">Ochrana zdravia<\/h4><div class=\"w-iconbox-text\"><p><span style=\"font-weight: 400;\">Zdravotn\u00e9 a poradensk\u00e9 slu\u017eby pre LGBTQIA* zalo\u017een\u00e9 na potreb\u00e1ch s\u00fa predpokladom rovnak\u00fdch pr\u00edle\u017eitost\u00ed.<\/span><\/p>\n<\/div><\/div><\/div><\/div><\/div><div class=\"wpb_column vc_column_container\"><div class=\"vc_column-inner\"><div class=\"w-iconbox us_custom_8b3d6790 has_text_color iconpos_left style_default color_custom align_left\"><div class=\"w-iconbox-icon\" style=\"font-size:2rem;--icon-color:#Ffffff;--icon-bg-color:var(--color-header-transparent-text);\"><i class=\"fas fa-layer-group\"><\/i><\/div><div class=\"w-iconbox-meta\"><h4 class=\"w-iconbox-title\" style=\"font-size:1.5rem;\">Podpora ml\u00e1de\u017ee<\/h4><div class=\"w-iconbox-text\"><p><span style=\"font-weight: 400;\">Mlad\u00ed \u013eudia potrebuj\u00fa bezpe\u010dn\u00e9 priestory, poradenstvo a ponuky, ktor\u00e9 umo\u017e\u0148uj\u00fa prijatie a \u00fa\u010das\u0165.<\/span><\/p>\n<\/div><\/div><\/div><\/div><\/div><\/div><div class=\"w-separator size_medium\"><\/div><div class=\"g-cols wpb_row via_grid cols_3 laptops-cols_inherit tablets-cols_inherit mobiles-cols_1 valign_top type_default stacking_default\" style=\"--columns-gap:3rem;\"><div class=\"wpb_column vc_column_container\"><div class=\"vc_column-inner\"><div class=\"w-iconbox us_custom_8b3d6790 has_text_color iconpos_left style_default color_custom align_left\"><div class=\"w-iconbox-icon\" style=\"font-size:2rem;--icon-color:#Ffffff;--icon-bg-color:var(--color-header-middle-bg);\"><i class=\"fas fa-layer-group\"><\/i><\/div><div class=\"w-iconbox-meta\"><h4 class=\"w-iconbox-title\" style=\"font-size:1.5rem;\">Boj proti diskrimin\u00e1cii<\/h4><div class=\"w-iconbox-text\"><p><span style=\"font-weight: 400;\">Sme proti nepriate\u013estvu a vytv\u00e1rame \u0161trukt\u00fary, ktor\u00e9 zaru\u010duj\u00fa ochranu a podporu.<\/span><\/p>\n<\/div><\/div><\/div><\/div><\/div><div class=\"wpb_column vc_column_container\"><div class=\"vc_column-inner\"><div class=\"w-iconbox us_custom_8b3d6790 has_text_color iconpos_left style_default color_custom align_left\"><div class=\"w-iconbox-icon\" style=\"font-size:2rem;--icon-color:#Ffffff;--icon-bg-color:var(--color-header-transparent-text);\"><i class=\"fas fa-layer-group\"><\/i><\/div><div class=\"w-iconbox-meta\"><h4 class=\"w-iconbox-title\" style=\"font-size:1.5rem;\">Posilni\u0165 vidite\u013enos\u0165<\/h4><div class=\"w-iconbox-text\"><p><span style=\"font-weight: 400;\">Rozmanitos\u0165 je v centre mesta \u2013 LGBTQIA* mus\u00ed by\u0165 vo Wiesbadene vidite\u013en\u00e1 a cenen\u00e1.<\/span><\/p>\n<\/div><\/div><\/div><\/div><\/div><div class=\"wpb_column vc_column_container\"><div class=\"vc_column-inner\"><\/div><\/div><\/div><div class=\"w-separator size_medium\"><\/div><div class=\"w-btn-wrapper align_left\"><a class=\"w-btn us-btn-style_8 icon_atleft\" href=\"https:\/\/gruene-wiesbaden.de\/sk\/kommunalwahl\/#Kapitel2\"><i class=\"fas fa-chevron-circle-right\"><\/i><span class=\"w-btn-label\">Sp\u00e4\u0165 na preh\u013ead<\/span><\/a><\/div><div class=\"w-separator size_medium\"><\/div><\/div><\/div><\/div><\/div><\/section><section class=\"l-section wpb_row height_auto with_img\"><div class=\"l-section-img\" role=\"img\" data-img-width=\"2560\" data-img-height=\"1707\" style=\"background-image: url(https:\/\/gruene-wiesbaden.de\/wp-content\/uploads\/2025\/11\/2.2-Gleichstellung-LGBTQAI-scaled.jpeg);background-repeat: no-repeat;\"><\/div><div class=\"l-section-overlay\" style=\"background:var(--color-header-top-transparent-bg)\"><\/div><div class=\"l-section-h i-cf\"><div class=\"g-cols vc_row via_grid cols_1 laptops-cols_inherit tablets-cols_inherit mobiles-cols_1 valign_middle type_default stacking_default\" style=\"--columns-gap:1rem;\"><div class=\"wpb_column vc_column_container\"><div class=\"vc_column-inner\"><div class=\"w-separator size_large\"><\/div><div class=\"wpb_text_column background_inside_text\"><div class=\"wpb_wrapper\"><h1>\u010co konkr\u00e9tne chceme v tejto oblasti urobi\u0165<\/h1>\n<\/div><\/div><div class=\"w-separator size_medium\"><\/div><div class=\"w-tabs us_custom_42d693a0 has_text_color style_default switch_click accordion has_scrolling\" style=\"--sections-title-size:1.4rem\"><div class=\"w-tabs-sections titles-align_none icon_chevron cpos_right\"><div class=\"w-tabs-section has_text_color\" id=\"p0db\" style=\"background:var(--color-header-transparent-text);color:var(--color-header-top-text-hover);\"><button class=\"w-tabs-section-header\" aria-controls=\"content-p0db\" aria-expanded=\"false\"><div class=\"w-tabs-section-title\">Rodovo neutr\u00e1lne priestory vo verejn\u00fdch budov\u00e1ch<\/div><div class=\"w-tabs-section-control\"><\/div><\/button><div  class=\"w-tabs-section-content\" id=\"content-p0db\"><div class=\"w-tabs-section-content-h i-cf\"><div class=\"wpb_text_column\"><div class=\"wpb_wrapper\"><p><span style=\"font-weight: 400;\">Zaviazali sme sa zabezpe\u010di\u0165, aby v\u0161etky verejn\u00e9 budovy v meste mali rodovo neutr\u00e1lne priestory vr\u00e1tane toaliet a v pr\u00edpade potreby \u0161atn\u00ed. Pre mnoh\u00fdch \u013eud\u00ed v komunite LGBTQIA* to znamen\u00e1 vidite\u013en\u00e9 uznanie, bezpe\u010dnos\u0165 a sebaur\u010denie: M\u00f4\u017eu vyu\u017e\u00edva\u0165 zariadenia bez strachu z diskrimin\u00e1cie, nepriate\u013estva alebo nepr\u00edjemn\u00fdch situ\u00e1ci\u00ed. Tak\u00e9to priestory s\u00fa konkr\u00e9tnym znakom inkl\u00fazie a re\u0161pektu a podporuj\u00fa otvoren\u00e9 a r\u00f4znorod\u00e9 spolu\u017eitie v administrat\u00edve, \u0161kol\u00e1ch, kult\u00farnych a \u0161portov\u00fdch zariadeniach.<\/span><\/p>\n<\/div><\/div><\/div><\/div><\/div><div class=\"w-tabs-section has_text_color\" id=\"k1fe\" style=\"background:var(--color-header-transparent-text);color:var(--color-header-top-text-hover);\"><button class=\"w-tabs-section-header\" aria-controls=\"content-k1fe\" aria-expanded=\"false\"><div class=\"w-tabs-section-title\">Spo\u013eahliv\u00e1 podpora centr\u00e1lneho depozit\u00e1ra<\/div><div class=\"w-tabs-section-control\"><\/div><\/button><div  class=\"w-tabs-section-content\" id=\"content-k1fe\"><div class=\"w-tabs-section-content-h i-cf\"><div class=\"wpb_text_column\"><div class=\"wpb_wrapper\"><p><span style=\"font-weight: 400;\">Zabezpe\u010dujeme finan\u010dn\u00fa podporu na De\u0148 Christophera Streeta vo Wiesbadene. CSD pripom\u00edna historick\u00fd boj komunity LGBTQIA* za rovnos\u0165 a boj proti diskrimin\u00e1cii \u2013 glob\u00e1lny symbol vidite\u013enosti, uznania a rozmanitosti od nepokojov v Stonewalle v roku 1969. Najm\u00e4 vzh\u013eadom na soci\u00e1lny posun smerom doprava je d\u00f4le\u017eit\u00e9, aby mesto preuk\u00e1zalo svoj postoj a podporilo komunitu \u2013 aj ke\u010f niektor\u00e9 spolo\u010dnosti odstupuj\u00fa ako sponzori. Poskytovan\u00edm spo\u013eahlivej podpory vysielame siln\u00fd sign\u00e1l solidarity, \u013eudsk\u00fdch pr\u00e1v a soci\u00e1lnej \u00fa\u010dasti.<\/span><\/p>\n<\/div><\/div><\/div><\/div><\/div><div class=\"w-tabs-section has_text_color\" id=\"u316\" style=\"background:var(--color-header-transparent-text);color:var(--color-header-top-text-hover);\"><button class=\"w-tabs-section-header\" aria-controls=\"content-u316\" aria-expanded=\"false\"><div class=\"w-tabs-section-title\">Podporova\u0165 poradensk\u00e9 centr\u00e1<\/div><div class=\"w-tabs-section-control\"><\/div><\/button><div  class=\"w-tabs-section-content\" id=\"content-u316\"><div class=\"w-tabs-section-content-h i-cf\"><div class=\"wpb_text_column\"><div class=\"wpb_wrapper\"><p><span style=\"font-weight: 400;\">Podporujeme queer poradenstvo a podporn\u00e9 slu\u017eby, ako je SCHLAU Wiesbaden. S\u00fa d\u00f4le\u017eit\u00fdmi kontaktn\u00fdmi miestami pre boj proti diskrimin\u00e1cii a posilnenie postavenia. Miera samovr\u00e1\u017ed medzi mlad\u00fdmi divn\u00fdmi \u013eu\u010fmi je st\u00e1le v\u00fdrazne vy\u0161\u0161ia \u2013 tu chceme akt\u00edvne bojova\u0165. Preto sme odhodlan\u00ed zabezpe\u010di\u0165 prevenciu a ponuky svojpomoci a podporova\u0165 iniciat\u00edvy v oblasti \u0161kolsk\u00e9ho vzdel\u00e1vania. Prostredn\u00edctvom t\u00fdchto opatren\u00ed vytv\u00e1rame bezpe\u010dnos\u0165, \u00fatulky a vyhliadky pre queer mlad\u00fdch \u013eud\u00ed a posil\u0148ujeme ich spolo\u010densk\u00fa \u00fa\u010das\u0165.<\/span><\/p>\n<\/div><\/div><\/div><\/div><\/div><div class=\"w-tabs-section has_text_color\" id=\"g42c\" style=\"background:var(--color-header-middle-bg);color:var(--color-content-heading);\"><button class=\"w-tabs-section-header\" aria-controls=\"content-g42c\" aria-expanded=\"false\"><div class=\"w-tabs-section-title\">Podpora ml\u00e1de\u017en\u00edckych priestorov Queer<\/div><div class=\"w-tabs-section-control\"><\/div><\/button><div  class=\"w-tabs-section-content\" id=\"content-g42c\"><div class=\"w-tabs-section-content-h i-cf\"><div class=\"wpb_text_column\"><div class=\"wpb_wrapper\"><p><span style=\"font-weight: 400;\">Vytv\u00e1rame bezpe\u010dn\u00e9 priestory, v ktor\u00fdch queer mlad\u00ed \u013eudia m\u00f4\u017eu tr\u00e1vi\u0165 svoj vo\u013en\u00fd \u010das, prij\u00edma\u0165 rady a rozv\u00edja\u0165 sa sp\u00f4sobom, ktor\u00fd si sami ur\u010dia. Tak\u00e9to priestory maj\u00fa z\u00e1sadn\u00fd v\u00fdznam pre posilnenie postavenia, sebad\u00f4veru a soci\u00e1lnu \u00fa\u010das\u0165, najm\u00e4 v \u010dase, ke\u010f mlad\u00ed \u013eudia st\u00e1le \u010delia diskrimin\u00e1cii a vyl\u00fa\u010deniu. Spolu s miestnou komunitou chceme rozv\u00edja\u0165 ponuky, ktor\u00e9 s\u00fa prisp\u00f4soben\u00e9 potreb\u00e1m mlad\u00fdch \u013eud\u00ed vo Wiesbadene. T\u00fdmto sp\u00f4sobom podporujeme prijatie od mlad\u00e9ho veku a d\u00e1vame mlad\u00fdm \u013eu\u010fom istotu, \u017ee s\u00fa sami sebou.<\/span><\/p>\n<\/div><\/div><\/div><\/div><\/div><div class=\"w-tabs-section has_text_color\" id=\"l558\" style=\"background:var(--color-header-transparent-text);color:var(--color-header-top-text-hover);\"><button class=\"w-tabs-section-header\" aria-controls=\"content-l558\" aria-expanded=\"false\"><div class=\"w-tabs-section-title\">Podporova\u0165 projekty v \u0161kol\u00e1ch prostredn\u00edctvom queer poradensk\u00fdch centier<\/div><div class=\"w-tabs-section-control\"><\/div><\/button><div  class=\"w-tabs-section-content\" id=\"content-l558\"><div class=\"w-tabs-section-content-h i-cf\"><div class=\"wpb_text_column\"><div class=\"wpb_wrapper\"><p><span style=\"font-weight: 400;\">Vzdel\u00e1vacie projekty m\u00f4\u017eu \u0161kol\u00e1m pom\u00f4c\u0165 zn\u00ed\u017ei\u0165 predsudky vo\u010di \u013eu\u010fom z queer komunity, a t\u00fdm zabr\u00e1ni\u0165 dlhodob\u00e9mu n\u00e1siliu vo\u010di queer \u013eu\u010fom. Tak\u00e9to projekty m\u00f4\u017eu z\u00e1rove\u0148 pom\u00f4c\u0165 queer mlad\u00fdm \u013eu\u010fom n\u00e1js\u0165 vhodn\u00e9 poradensk\u00e9 slu\u017eby v mestskej spolo\u010dnosti.<\/span><\/p>\n<\/div><\/div><\/div><\/div><\/div><div class=\"w-tabs-section has_text_color\" id=\"e67a\" style=\"background:var(--color-header-middle-bg);color:var(--color-header-middle-text);\"><button class=\"w-tabs-section-header\" aria-controls=\"content-e67a\" aria-expanded=\"false\"><div class=\"w-tabs-section-title\">Podporova\u0165 vidite\u013enos\u0165 queer \u017eivota v meste<\/div><div class=\"w-tabs-section-control\"><\/div><\/button><div  class=\"w-tabs-section-content\" id=\"content-e67a\"><div class=\"w-tabs-section-content-h i-cf\"><div class=\"wpb_text_column\"><div class=\"wpb_wrapper\"><p><span style=\"font-weight: 400;\">Queer \u017eivot by mal by\u0165 e\u0161te vidite\u013enej\u0161\u00ed na panor\u00e1me mesta, preto sme bojovali za zdvihnutie d\u00fahovej vlajky na verejn\u00fdch budov\u00e1ch a chceme vytvori\u0165 vy\u0161\u0161ie zast\u00fapenie vo panor\u00e1me mesta Wiesbaden, napr\u00edklad queer p\u00e1rmi semaforov, d\u00fahov\u00fdmi lavi\u010dkami a pruhmi d\u00fahov\u00fdch zebier. Okrem toho sme odhodlan\u00ed zabezpe\u010di\u0165, aby mestsk\u00e9 publik\u00e1cie a reklamn\u00e9 kampane zobrazovali aj realitu \u017eivota LGBTQIA* \u013eud\u00ed bez oh\u013eadu na t\u00e9mu.<\/span><\/p>\n<\/div><\/div><\/div><\/div><\/div><div class=\"w-tabs-section has_text_color\" id=\"g790\" style=\"background:var(--color-header-transparent-text);color:var(--color-header-top-text-hover);\"><button class=\"w-tabs-section-header\" aria-controls=\"content-g790\" aria-expanded=\"false\"><div class=\"w-tabs-section-title\">Udr\u017eate\u013en\u00e1 podpora poradensk\u00fdch a podporn\u00fdch slu\u017eieb<\/div><div class=\"w-tabs-section-control\"><\/div><\/button><div  class=\"w-tabs-section-content\" id=\"content-g790\"><div class=\"w-tabs-section-content-h i-cf\"><div class=\"wpb_text_column\"><div class=\"wpb_wrapper\"><p><span style=\"font-weight: 400;\">Zdru\u017eenia a zdru\u017eenia vykon\u00e1vaj\u00fa nenahradite\u013en\u00fa pr\u00e1cu, napr\u00edklad pri poradenstve, prevencii a sprev\u00e1dzan\u00ed \u013eud\u00ed \u017eij\u00facich s HIV a AIDS a ich rod\u00edn. S\u00fa jednotn\u00fdm kontaktn\u00fdm miestom pre komunitu LGBTQIA* a plnia d\u00f4le\u017eit\u00e9 soci\u00e1lne \u00falohy. Spolo\u010dnos\u0165 GR\u00dcNE sa zaviazala poskytova\u0165 nepretr\u017eit\u00fa a spo\u013eahliv\u00fa finan\u010dn\u00fa podporu t\u00fdmto organiz\u00e1ci\u00e1m, ako s\u00fa Pro Familia e.V. a AIDS-Hilfe Wiesbaden.<\/span><\/p>\n<\/div><\/div><\/div><\/div><\/div><div class=\"w-tabs-section has_text_color\" id=\"i8a8\" style=\"background:var(--color-header-transparent-text);color:var(--color-header-top-text-hover);\"><button class=\"w-tabs-section-header\" aria-controls=\"content-i8a8\" aria-expanded=\"false\"><div class=\"w-tabs-section-title\">Posilni\u0165 a zvidite\u013eni\u0165 queer \u013eud\u00ed v starobe<\/div><div class=\"w-tabs-section-control\"><\/div><\/button><div  class=\"w-tabs-section-content\" id=\"content-i8a8\"><div class=\"w-tabs-section-content-h i-cf\"><div class=\"wpb_text_column\"><div class=\"wpb_wrapper\"><p><span style=\"font-weight: 400;\">Star\u0161\u00ed \u013eudia v komunite LGBTQIA* \u010dasto tvrdo bojovali o prijatie a vidite\u013enos\u0165. Vyrastali v prostred\u00ed, ktor\u00e9 ich okrem soci\u00e1lnej stigmy obmedzovalo aj z\u00e1konmi. Toto odmietnutie m\u00e1 \u010dasto \u00fa\u010dinok a\u017e do dne\u0161n\u00e9ho d\u0148a a zabezpe\u010duje, \u017ee star\u0161\u00ed queer \u013eudia skr\u00fdvaj\u00fa svoju identitu. Spolu s Poradnou radou seniorov, queer asoci\u00e1ciami a Koordina\u010dn\u00fdm centrom LSBT*IQ chceme rozv\u00edja\u0165 koncepcie, ktor\u00e9 posil\u0148uj\u00fa a zvidite\u013e\u0148uj\u00fa queer \u013eud\u00ed v starobe. Okrem toho maj\u00fa by\u0165 zamestnanci v zariadeniach mestskej starostlivosti osobitne vy\u0161kolen\u00ed na to, aby sa zaoberali queer realitou \u017eivota v starobe.<\/span><\/p>\n<\/div><\/div><\/div><\/div><\/div><\/div><\/div><div class=\"w-separator size_medium\"><\/div><div class=\"w-btn-wrapper align_left\"><a class=\"w-btn us-btn-style_8 icon_atleft\" href=\"https:\/\/gruene-wiesbaden.de\/sk\/kommunalwahl\/#Kapitel2\"><i class=\"fas fa-chevron-circle-right\"><\/i><span class=\"w-btn-label\">Sp\u00e4\u0165 na preh\u013ead<\/span><\/a><\/div><div class=\"w-separator size_large\"><\/div><div class=\"wpb_text_column\"><div class=\"wpb_wrapper\"><h1>\u010co sme u\u017e dosiahli<\/h1>\n<\/div><\/div><div class=\"w-separator size_medium\"><\/div><div class=\"w-tabs us_custom_42d693a0 has_text_color style_default switch_click accordion has_scrolling\" style=\"--sections-title-size:1.4rem\"><div class=\"w-tabs-sections titles-align_none icon_chevron cpos_right\"><div class=\"w-tabs-section has_text_color\" id=\"ya4e\" style=\"background:var(--color-header-transparent-text);color:var(--color-header-top-text-hover);\"><button class=\"w-tabs-section-header\" aria-controls=\"content-ya4e\" aria-expanded=\"false\"><div class=\"w-tabs-section-title\">Sie\u0165 Queer v mestskej spr\u00e1ve<\/div><div class=\"w-tabs-section-control\"><\/div><\/button><div  class=\"w-tabs-section-content\" id=\"content-ya4e\"><div class=\"w-tabs-section-content-h i-cf\"><div class=\"wpb_text_column\"><div class=\"wpb_wrapper\"><p><span style=\"font-weight: 400;\">Vytvorili sme queer sie\u0165 v mestskej spr\u00e1ve vo Wiesbadene. Podporuje v\u00fdmenu zamestnancov LGBTQIA*, podporuje vykon\u00e1vanie inkluz\u00edvnych opatren\u00ed a zabezpe\u010duje, aby sa do v\u0161etk\u00fdch rozhodnut\u00ed zahrnuli queer obavy. T\u00fdm vytv\u00e1rame vidite\u013en\u00e9, nediskrimina\u010dn\u00e9 pracovn\u00e9 prostredie a posil\u0148ujeme pr\u00e1va a uznanie queer \u013eud\u00ed v administrat\u00edve. T\u00e1to sie\u0165 je jasn\u00fdm \u00faspechom pre rozmanitos\u0165, rovnos\u0165 a \u00fa\u010das\u0165 vo Wiesbadene.<\/span><\/p>\n<\/div><\/div><\/div><\/div><\/div><div class=\"w-tabs-section has_text_color\" id=\"bb64\" style=\"background:var(--color-header-transparent-text);color:var(--color-header-top-text-hover);\"><button class=\"w-tabs-section-header\" aria-controls=\"content-bb64\" aria-expanded=\"false\"><div class=\"w-tabs-section-title\">Zabezpe\u010denie centr\u00e1lneho depozit\u00e1ra do roku 2025 napriek zv\u00fd\u0161en\u00fdm n\u00e1kladom<\/div><div class=\"w-tabs-section-control\"><\/div><\/button><div  class=\"w-tabs-section-content\" id=\"content-bb64\"><div class=\"w-tabs-section-content-h i-cf\"><div class=\"wpb_text_column\"><div class=\"wpb_wrapper\"><p><span style=\"font-weight: 400;\">V roku 2025 sme zv\u00fd\u0161ili rozpo\u010det na De\u0148 Christophera Streeta, aby sme pokryli zv\u00fd\u0161en\u00e9 n\u00e1klady, a tak sme prispeli k tomu, \u017ee napriek z\u00e1niku sponzorov centr\u00e1lneho depozit\u00e1ra vo Wiesbadene by sa mohlo kona\u0165. Poskytovan\u00edm spo\u013eahlivej podpory vysielame siln\u00fd sign\u00e1l solidarity, \u013eudsk\u00fdch pr\u00e1v a soci\u00e1lnej \u00fa\u010dasti.<\/span><\/p>\n<\/div><\/div><\/div><\/div><\/div><div class=\"w-tabs-section has_text_color\" id=\"kc7d\" style=\"background:var(--color-header-transparent-text);color:var(--color-header-top-text-hover);\"><button class=\"w-tabs-section-header\" aria-controls=\"content-kc7d\" aria-expanded=\"false\"><div class=\"w-tabs-section-title\">IDAHOBIT \u2013 Posilni\u0165 vidite\u013enos\u0165 a akcept\u00e1ciu<\/div><div class=\"w-tabs-section-control\"><\/div><\/button><div  class=\"w-tabs-section-content\" id=\"content-kc7d\"><div class=\"w-tabs-section-content-h i-cf\"><div class=\"wpb_text_column\"><div class=\"wpb_wrapper\"><p><span style=\"font-weight: 400;\">Zabezpe\u010dili sme a finan\u010dne sme podporili realiz\u00e1ciu Medzin\u00e1rodn\u00e9ho d\u0148a boja proti homof\u00f3bii, bif\u00f3bii, interf\u00f3bii a transf\u00f3bii (IDAHOBIT) vo Wiesbadene. Podujatie zvidite\u013e\u0148uje z\u00e1ujmy komunity LGBTQIA+, vysiela jasn\u00fd sign\u00e1l proti diskrimin\u00e1cii a podporuje uznanie, rozmanitos\u0165 a spolo\u010densk\u00fa \u00fa\u010das\u0165. S na\u0161ou podporou sa IDAHOBIT stal st\u00e1lym verejn\u00fdm f\u00f3rom, ktor\u00e9 umo\u017e\u0148uje posilnenie postavenia, v\u00fdmenu a zvy\u0161ovanie povedomia v mestskej spolo\u010dnosti.<\/span><\/p>\n<\/div><\/div><\/div><\/div><\/div><div class=\"w-tabs-section has_text_color\" id=\"sdad\" style=\"background:var(--color-header-middle-bg);color:var(--color-content-heading);\"><button class=\"w-tabs-section-header\" aria-controls=\"content-sdad\" aria-expanded=\"false\"><div class=\"w-tabs-section-title\">Podpora Queer Youth: Vt\u00e1ky p\u00fdchy (Warmes Wiesbaden e.V.)<\/div><div class=\"w-tabs-section-control\"><\/div><\/button><div  class=\"w-tabs-section-content\" id=\"content-sdad\"><div class=\"w-tabs-section-content-h i-cf\"><div class=\"wpb_text_column\"><div class=\"wpb_wrapper\"><p><span style=\"font-weight: 400;\">Podporili sme pr\u00e1cu Warmes Wiesbaden e.V., aby si mlad\u00ed \u013eudia v ml\u00e1de\u017en\u00edckej skupine \u201eVt\u00e1ky hrdosti\u201c mohli vymie\u0148a\u0165 n\u00e1pady, z\u00edska\u0165 podporu a slobodne rozv\u00edja\u0165 svoju identitu. Na\u0161a politick\u00e1 podpora zabezpe\u010dila potrebn\u00e9 r\u00e1mcov\u00e9 podmienky a zdroje. T\u00fdmto sp\u00f4sobom vytv\u00e1rame chr\u00e1nen\u00fd priestor na posilnenie postavenia, vytv\u00e1ranie siet\u00ed a \u00fa\u010das\u0165 a posil\u0148ujeme vidite\u013enos\u0165 a akcept\u00e1ciu queer mlad\u00fdch \u013eud\u00ed vo Wiesbadene.<\/span><\/p>\n<\/div><\/div><\/div><\/div><\/div><div class=\"w-tabs-section has_text_color\" id=\"bec2\" style=\"background:var(--color-header-transparent-text);color:var(--color-header-top-text-hover);\"><button class=\"w-tabs-section-header\" aria-controls=\"content-bec2\" aria-expanded=\"false\"><div class=\"w-tabs-section-title\">Queeres Zentrum Wiesbaden e.V. posilnen\u00e9<\/div><div class=\"w-tabs-section-control\"><\/div><\/button><div  class=\"w-tabs-section-content\" id=\"content-bec2\"><div class=\"w-tabs-section-content-h i-cf\"><div class=\"wpb_text_column\"><div class=\"wpb_wrapper\"><p><span style=\"font-weight: 400;\">Queeren Zentrum Wiesbaden (QZ e.V.) sme poskytli do\u010dasn\u00e9 rie\u0161enie a umo\u017enili sme pres\u0165ahova\u0165 sa do kone\u010dn\u00fdch miestnost\u00ed do konca roka 2025. Centrum pon\u00faka bezpe\u010dn\u00e9 miesto pre poradenstvo, vo\u013en\u00fd \u010das, vytv\u00e1ranie siet\u00ed a posilnenie queer komunity. Prostredn\u00edctvom na\u0161ej politickej podpory by mohli by\u0165 zabezpe\u010den\u00e9 miestnosti, vybavenie a prev\u00e1dzka. T\u00fdmto sp\u00f4sobom vytv\u00e1rame vidite\u013en\u00e9, chr\u00e1nen\u00e9 kontaktn\u00e9 miesta, posil\u0148ujeme \u00fa\u010das\u0165 queer \u013eud\u00ed a podporujeme rozmanit\u00e9, otvoren\u00e9 Wiesbaden.<\/span><\/p>\n<\/div><\/div><\/div><\/div><\/div><div class=\"w-tabs-section has_text_color\" id=\"afd5\" style=\"background:var(--color-header-transparent-text);color:var(--color-header-top-text-hover);\"><button class=\"w-tabs-section-header\" aria-controls=\"content-afd5\" aria-expanded=\"false\"><div class=\"w-tabs-section-title\">Posilnen\u00e1 koordina\u010dn\u00e1 jednotka LSBT*IQ<\/div><div class=\"w-tabs-section-control\"><\/div><\/button><div  class=\"w-tabs-section-content\" id=\"content-afd5\"><div class=\"w-tabs-section-content-h i-cf\"><div class=\"wpb_text_column\"><div class=\"wpb_wrapper\"><p><span style=\"font-weight: 400;\">Presadili sme a obsadili druh\u00e9 miesto v Koordina\u010dnej jednotke LGBT*IQ. V d\u00f4sledku toho sa obavy queer komunity m\u00f4\u017eu rie\u0161i\u0165 r\u00fdchlej\u0161ie, opatrenia sa m\u00f4\u017eu vykon\u00e1va\u0165 a ochrana, vidite\u013enos\u0165 a \u00fa\u010das\u0165 sa m\u00f4\u017eu zabezpe\u010di\u0165 udr\u017eate\u013en\u00fdm sp\u00f4sobom.<\/span><\/p>\n<\/div><\/div><\/div><\/div><\/div><div class=\"w-tabs-section has_text_color\" id=\"e0ff\" style=\"background:var(--color-header-transparent-text);color:var(--color-header-top-text-hover);\"><button class=\"w-tabs-section-header\" aria-controls=\"content-e0ff\" aria-expanded=\"false\"><div class=\"w-tabs-section-title\">Okr\u00fahly st\u00f4l LSBT*IQ<\/div><div class=\"w-tabs-section-control\"><\/div><\/button><div  class=\"w-tabs-section-content\" id=\"content-e0ff\"><div class=\"w-tabs-section-content-h i-cf\"><div class=\"wpb_text_column\"><div class=\"wpb_wrapper\"><p><span style=\"font-weight: 400;\">\u0160tvr\u0165ro\u010dne sme vytvorili okr\u00fahly st\u00f4l LSBT*IQ. Tu si administrat\u00edva, politika a komunita vymie\u0148aj\u00fa inform\u00e1cie o aktu\u00e1lnych t\u00e9mach a spolo\u010dne vyprac\u00favaj\u00fa opatrenia na zlep\u0161enie vidite\u013enosti, ochrany a rovnosti.<\/span><\/p>\n<\/div><\/div><\/div><\/div><\/div><div class=\"w-tabs-section has_text_color\" id=\"u211\" style=\"background:var(--color-header-transparent-text);color:var(--color-header-top-text-hover);\"><button class=\"w-tabs-section-header\" aria-controls=\"content-u211\" aria-expanded=\"false\"><div class=\"w-tabs-section-title\">Konferencia o n\u00e1sil\u00ed<\/div><div class=\"w-tabs-section-control\"><\/div><\/button><div  class=\"w-tabs-section-content\" id=\"content-u211\"><div class=\"w-tabs-section-content-h i-cf\"><div class=\"wpb_text_column\"><div class=\"wpb_wrapper\"><p><span style=\"font-weight: 400;\">Za\u010dali sme symp\u00f3zium o n\u00e1sil\u00ed vo\u010di LGBTQIA* osob\u00e1m. Odborn\u00edci a organiz\u00e1cie si vymie\u0148aj\u00fa n\u00e1zory s cie\u013eom zlep\u0161i\u0165 ochrann\u00e9 opatrenia a posilni\u0165 predch\u00e1dzanie n\u00e1siliu a diskrimin\u00e1cii.<\/span><\/p>\n<\/div><\/div><\/div><\/div><\/div><div class=\"w-tabs-section has_text_color\" id=\"d326\" style=\"background:var(--color-header-transparent-text);color:var(--color-header-top-text-hover);\"><button class=\"w-tabs-section-header\" aria-controls=\"content-d326\" aria-expanded=\"false\"><div class=\"w-tabs-section-title\">Podporovan\u00ed d\u00fahov\u00ed ute\u010denci<\/div><div class=\"w-tabs-section-control\"><\/div><\/button><div  class=\"w-tabs-section-content\" id=\"content-d326\"><div class=\"w-tabs-section-content-h i-cf\"><div class=\"wpb_text_column\"><div class=\"wpb_wrapper\"><p><span style=\"font-weight: 400;\">Zabezpe\u010dili sme, aby boli queer ute\u010denci vo Wiesbadene vidite\u013ene podporovan\u00ed a dobre integrovan\u00ed. Prostredn\u00edctvom politick\u00fdch rozhodnut\u00ed sme podporili spolupr\u00e1cu medzi mestom, AIDS-Hilfe Hessen a \u010fal\u0161\u00edmi organiz\u00e1ciami. Projekt Rainbow Refugee Support poskytuje poradenstvo, podporu v azylov\u00fdch konaniach, psychosoci\u00e1lnu podporu a skupinov\u00e9 ponuky na zabr\u00e1nenie izol\u00e1cii. My Zelen\u00ed sme vytvorili r\u00e1mec pre queer ute\u010dencov, aby za\u017eili ochranu, posilnenie postavenia a \u00fa\u010das\u0165 v na\u0161om meste.<\/span><\/p>\n<\/div><\/div><\/div><\/div><\/div><div class=\"w-tabs-section has_text_color\" id=\"t43c\" style=\"background:var(--color-header-transparent-text);color:var(--color-header-top-text-hover);\"><button class=\"w-tabs-section-header\" aria-controls=\"content-t43c\" aria-expanded=\"false\"><div class=\"w-tabs-section-title\">Zvidite\u013enenie rozmanitosti vo Wiesbadene<\/div><div class=\"w-tabs-section-control\"><\/div><\/button><div  class=\"w-tabs-section-content\" id=\"content-t43c\"><div class=\"w-tabs-section-content-h i-cf\"><div class=\"wpb_text_column\"><div class=\"wpb_wrapper\"><p><span style=\"font-weight: 400;\">Nastavili sme znamenia: D\u00fahov\u00fd p\u00e1s zebry a kruh d\u00fahy zvidite\u013e\u0148uj\u00fa rozmanitos\u0165 n\u00e1\u0161ho mesta. S\u00fa konkr\u00e9tnymi symbolmi prijatia, vidite\u013enosti a rovnosti a ukazuj\u00fa, \u017ee Wiesbaden je otvoren\u00fdm mestom pre LGBTQIA* \u013eud\u00ed. Tieto trvalo vidite\u013en\u00e9 znaky posil\u0148uj\u00fa sebavedomie komunity a senzibilizuj\u00fa cel\u00fa mestsk\u00fa spolo\u010dnos\u0165.<\/span><\/p>\n<\/div><\/div><\/div><\/div><\/div><\/div><\/div><div class=\"w-separator size_medium\"><\/div><div class=\"w-btn-wrapper align_left\"><a class=\"w-btn us-btn-style_8 icon_atleft\" href=\"https:\/\/gruene-wiesbaden.de\/sk\/kommunalwahl\/#Kapitel2\"><i class=\"fas fa-chevron-circle-right\"><\/i><span class=\"w-btn-label\">Sp\u00e4\u0165 na preh\u013ead<\/span><\/a><\/div><div class=\"w-separator size_large\"><\/div><\/div><\/div><\/div><\/div><\/section>","protected":false},"excerpt":{"rendered":"Otvoren\u00e1, rozmanit\u00e1 a spravodliv\u00e1 mestsk\u00e1 spolo\u010dnos\u0165 znamen\u00e1, \u017ee \u013eudia bez oh\u013eadu na svoju sexu\u00e1lnu orient\u00e1ciu alebo rodov\u00fa identitu m\u00f4\u017eu \u017ei\u0165 bezpe\u010dn\u00fd, vidite\u013en\u00fd a sebaur\u010den\u00fd \u017eivot. Vo Wiesbadene sa v\u0161ak LGBTQIA* \u013eudia st\u00e1le stret\u00e1vaj\u00fa s diskrimin\u00e1ciou, nevidite\u013enos\u0165ou a nepriate\u013estvom \u2013 v ka\u017edodennom \u017eivote, na verejn\u00fdch priestranstv\u00e1ch alebo v in\u0161tit\u00faci\u00e1ch. Zelen\u00e1 je pre n\u00e1s jasn\u00e1: Rovnak\u00e9 pr\u00e1va a uznanie nie s\u00fa...","protected":false},"author":1,"featured_media":1547,"comment_status":"closed","ping_status":"closed","sticky":false,"template":"","format":"standard","meta":{"footnotes":""},"categories":[15],"tags":[],"class_list":["post-1351","post","type-post","status-publish","format-standard","has-post-thumbnail","hentry","category-kapitel-2"],"yoast_head":"<!-- This site is optimized with the Yoast SEO plugin v27.5 - https:\/\/yoast.com\/product\/yoast-seo-wordpress\/ -->\n<title>Gleichstellung von LGBTQIA* - B\u00dcNDNIS 90\/DIE GR\u00dcNEN Wiesbaden<\/title>\n<meta name=\"robots\" content=\"index, follow, max-snippet:-1, max-image-preview:large, max-video-preview:-1\" \/>\n<link rel=\"canonical\" href=\"https:\/\/gruene-wiesbaden.de\/sk\/gleichstellung-von-lgbtqia\/\" \/>\n<meta property=\"og:locale\" content=\"sk_SK\" \/>\n<meta property=\"og:type\" content=\"article\" \/>\n<meta property=\"og:title\" content=\"Gleichstellung von LGBTQIA* - B\u00dcNDNIS 90\/DIE GR\u00dcNEN Wiesbaden\" \/>\n<meta property=\"og:url\" content=\"https:\/\/gruene-wiesbaden.de\/sk\/gleichstellung-von-lgbtqia\/\" \/>\n<meta property=\"og:site_name\" content=\"B\u00dcNDNIS 90\/DIE GR\u00dcNEN Wiesbaden\" \/>\n<meta property=\"article:publisher\" content=\"https:\/\/www.facebook.com\/gruene.wi\" \/>\n<meta property=\"article:published_time\" content=\"2025-11-09T22:10:26+00:00\" \/>\n<meta property=\"article:modified_time\" content=\"2026-04-09T08:27:25+00:00\" \/>\n<meta property=\"og:image\" content=\"https:\/\/gruene-wiesbaden.de\/wp-content\/uploads\/2025\/11\/2.2-Gleichstellung-LGBTQAI-scaled.jpeg\" \/>\n\t<meta property=\"og:image:width\" content=\"2560\" \/>\n\t<meta property=\"og:image:height\" content=\"1707\" \/>\n\t<meta property=\"og:image:type\" content=\"image\/jpeg\" \/>\n<meta name=\"author\" content=\"admin\" \/>\n<meta name=\"twitter:card\" content=\"summary_large_image\" \/>\n<meta name=\"twitter:label1\" content=\"Autor\" \/>\n\t<meta name=\"twitter:data1\" content=\"admin\" \/>\n\t<meta name=\"twitter:label2\" content=\"Predpokladan\u00fd \u010das \u010d\u00edtania\" \/>\n\t<meta name=\"twitter:data2\" content=\"9 minutes\" \/>\n<script type=\"application\/ld+json\" class=\"yoast-schema-graph\">{\"@context\":\"https:\\\/\\\/schema.org\",\"@graph\":[{\"@type\":\"Article\",\"@id\":\"https:\\\/\\\/gruene-wiesbaden.de\\\/gleichstellung-von-lgbtqia\\\/#article\",\"isPartOf\":{\"@id\":\"https:\\\/\\\/gruene-wiesbaden.de\\\/gleichstellung-von-lgbtqia\\\/\"},\"author\":{\"name\":\"admin\",\"@id\":\"https:\\\/\\\/gruene-wiesbaden.de\\\/#\\\/schema\\\/person\\\/6785c34779159cd4fd86886bb097afe9\"},\"headline\":\"Gleichstellung von LGBTQIA*\",\"datePublished\":\"2025-11-09T22:10:26+00:00\",\"dateModified\":\"2026-04-09T08:27:25+00:00\",\"mainEntityOfPage\":{\"@id\":\"https:\\\/\\\/gruene-wiesbaden.de\\\/gleichstellung-von-lgbtqia\\\/\"},\"wordCount\":2670,\"publisher\":{\"@id\":\"https:\\\/\\\/gruene-wiesbaden.de\\\/#organization\"},\"image\":{\"@id\":\"https:\\\/\\\/gruene-wiesbaden.de\\\/gleichstellung-von-lgbtqia\\\/#primaryimage\"},\"thumbnailUrl\":\"https:\\\/\\\/gruene-wiesbaden.de\\\/wp-content\\\/uploads\\\/2025\\\/11\\\/2.2-Gleichstellung-LGBTQAI-scaled.jpeg\",\"articleSection\":[\"Kapitel 2\"],\"inLanguage\":\"sk-SK\"},{\"@type\":\"WebPage\",\"@id\":\"https:\\\/\\\/gruene-wiesbaden.de\\\/gleichstellung-von-lgbtqia\\\/\",\"url\":\"https:\\\/\\\/gruene-wiesbaden.de\\\/gleichstellung-von-lgbtqia\\\/\",\"name\":\"Gleichstellung von LGBTQIA* - B\u00dcNDNIS 90\\\/DIE GR\u00dcNEN Wiesbaden\",\"isPartOf\":{\"@id\":\"https:\\\/\\\/gruene-wiesbaden.de\\\/#website\"},\"primaryImageOfPage\":{\"@id\":\"https:\\\/\\\/gruene-wiesbaden.de\\\/gleichstellung-von-lgbtqia\\\/#primaryimage\"},\"image\":{\"@id\":\"https:\\\/\\\/gruene-wiesbaden.de\\\/gleichstellung-von-lgbtqia\\\/#primaryimage\"},\"thumbnailUrl\":\"https:\\\/\\\/gruene-wiesbaden.de\\\/wp-content\\\/uploads\\\/2025\\\/11\\\/2.2-Gleichstellung-LGBTQAI-scaled.jpeg\",\"datePublished\":\"2025-11-09T22:10:26+00:00\",\"dateModified\":\"2026-04-09T08:27:25+00:00\",\"breadcrumb\":{\"@id\":\"https:\\\/\\\/gruene-wiesbaden.de\\\/gleichstellung-von-lgbtqia\\\/#breadcrumb\"},\"inLanguage\":\"sk-SK\",\"potentialAction\":[{\"@type\":\"ReadAction\",\"target\":[\"https:\\\/\\\/gruene-wiesbaden.de\\\/gleichstellung-von-lgbtqia\\\/\"]}]},{\"@type\":\"ImageObject\",\"inLanguage\":\"sk-SK\",\"@id\":\"https:\\\/\\\/gruene-wiesbaden.de\\\/gleichstellung-von-lgbtqia\\\/#primaryimage\",\"url\":\"https:\\\/\\\/gruene-wiesbaden.de\\\/wp-content\\\/uploads\\\/2025\\\/11\\\/2.2-Gleichstellung-LGBTQAI-scaled.jpeg\",\"contentUrl\":\"https:\\\/\\\/gruene-wiesbaden.de\\\/wp-content\\\/uploads\\\/2025\\\/11\\\/2.2-Gleichstellung-LGBTQAI-scaled.jpeg\",\"width\":2560,\"height\":1707},{\"@type\":\"BreadcrumbList\",\"@id\":\"https:\\\/\\\/gruene-wiesbaden.de\\\/gleichstellung-von-lgbtqia\\\/#breadcrumb\",\"itemListElement\":[{\"@type\":\"ListItem\",\"position\":1,\"name\":\"Startseite\",\"item\":\"https:\\\/\\\/gruene-wiesbaden.de\\\/\"},{\"@type\":\"ListItem\",\"position\":2,\"name\":\"Gleichstellung von LGBTQIA*\"}]},{\"@type\":\"WebSite\",\"@id\":\"https:\\\/\\\/gruene-wiesbaden.de\\\/#website\",\"url\":\"https:\\\/\\\/gruene-wiesbaden.de\\\/\",\"name\":\"DIE GR\u00dcNEN Wiesbaden\",\"description\":\"\",\"publisher\":{\"@id\":\"https:\\\/\\\/gruene-wiesbaden.de\\\/#organization\"},\"potentialAction\":[{\"@type\":\"SearchAction\",\"target\":{\"@type\":\"EntryPoint\",\"urlTemplate\":\"https:\\\/\\\/gruene-wiesbaden.de\\\/?s={search_term_string}\"},\"query-input\":{\"@type\":\"PropertyValueSpecification\",\"valueRequired\":true,\"valueName\":\"search_term_string\"}}],\"inLanguage\":\"sk-SK\"},{\"@type\":\"Organization\",\"@id\":\"https:\\\/\\\/gruene-wiesbaden.de\\\/#organization\",\"name\":\"DIE GR\u00dcNEN Wiesbaden\",\"url\":\"https:\\\/\\\/gruene-wiesbaden.de\\\/\",\"logo\":{\"@type\":\"ImageObject\",\"inLanguage\":\"sk-SK\",\"@id\":\"https:\\\/\\\/gruene-wiesbaden.de\\\/#\\\/schema\\\/logo\\\/image\\\/\",\"url\":\"https:\\\/\\\/gruene-wiesbaden-fuer-europa.de\\\/wp-content\\\/uploads\\\/2024\\\/04\\\/Machen-was-zaehlt-5.png\",\"contentUrl\":\"https:\\\/\\\/gruene-wiesbaden-fuer-europa.de\\\/wp-content\\\/uploads\\\/2024\\\/04\\\/Machen-was-zaehlt-5.png\",\"width\":1772,\"height\":1772,\"caption\":\"DIE GR\u00dcNEN Wiesbaden\"},\"image\":{\"@id\":\"https:\\\/\\\/gruene-wiesbaden.de\\\/#\\\/schema\\\/logo\\\/image\\\/\"},\"sameAs\":[\"https:\\\/\\\/www.facebook.com\\\/gruene.wi\",\"https:\\\/\\\/instagram.com\\\/gruene_wi\"]},{\"@type\":\"Person\",\"@id\":\"https:\\\/\\\/gruene-wiesbaden.de\\\/#\\\/schema\\\/person\\\/6785c34779159cd4fd86886bb097afe9\",\"name\":\"admin\",\"sameAs\":[\"http:\\\/\\\/gruene-wiesbaden-fuer-europa.de\"],\"url\":\"https:\\\/\\\/gruene-wiesbaden.de\\\/sk\\\/author\\\/admin\\\/\"}]}<\/script>\n<!-- \/ Yoast SEO plugin. -->","yoast_head_json":{"title":"Gleichstellung von LGBTQIA* - B\u00dcNDNIS 90\/DIE GR\u00dcNEN Wiesbaden","robots":{"index":"index","follow":"follow","max-snippet":"max-snippet:-1","max-image-preview":"max-image-preview:large","max-video-preview":"max-video-preview:-1"},"canonical":"https:\/\/gruene-wiesbaden.de\/sk\/gleichstellung-von-lgbtqia\/","og_locale":"sk_SK","og_type":"article","og_title":"Gleichstellung von LGBTQIA* - B\u00dcNDNIS 90\/DIE GR\u00dcNEN Wiesbaden","og_url":"https:\/\/gruene-wiesbaden.de\/sk\/gleichstellung-von-lgbtqia\/","og_site_name":"B\u00dcNDNIS 90\/DIE GR\u00dcNEN Wiesbaden","article_publisher":"https:\/\/www.facebook.com\/gruene.wi","article_published_time":"2025-11-09T22:10:26+00:00","article_modified_time":"2026-04-09T08:27:25+00:00","og_image":[{"width":2560,"height":1707,"url":"https:\/\/gruene-wiesbaden.de\/wp-content\/uploads\/2025\/11\/2.2-Gleichstellung-LGBTQAI-scaled.jpeg","type":"image\/jpeg"}],"author":"admin","twitter_card":"summary_large_image","twitter_misc":{"Autor":"admin","Predpokladan\u00fd \u010das \u010d\u00edtania":"9 minutes"},"schema":{"@context":"https:\/\/schema.org","@graph":[{"@type":"Article","@id":"https:\/\/gruene-wiesbaden.de\/gleichstellung-von-lgbtqia\/#article","isPartOf":{"@id":"https:\/\/gruene-wiesbaden.de\/gleichstellung-von-lgbtqia\/"},"author":{"name":"admin","@id":"https:\/\/gruene-wiesbaden.de\/#\/schema\/person\/6785c34779159cd4fd86886bb097afe9"},"headline":"Gleichstellung von LGBTQIA*","datePublished":"2025-11-09T22:10:26+00:00","dateModified":"2026-04-09T08:27:25+00:00","mainEntityOfPage":{"@id":"https:\/\/gruene-wiesbaden.de\/gleichstellung-von-lgbtqia\/"},"wordCount":2670,"publisher":{"@id":"https:\/\/gruene-wiesbaden.de\/#organization"},"image":{"@id":"https:\/\/gruene-wiesbaden.de\/gleichstellung-von-lgbtqia\/#primaryimage"},"thumbnailUrl":"https:\/\/gruene-wiesbaden.de\/wp-content\/uploads\/2025\/11\/2.2-Gleichstellung-LGBTQAI-scaled.jpeg","articleSection":["Kapitel 2"],"inLanguage":"sk-SK"},{"@type":"WebPage","@id":"https:\/\/gruene-wiesbaden.de\/gleichstellung-von-lgbtqia\/","url":"https:\/\/gruene-wiesbaden.de\/gleichstellung-von-lgbtqia\/","name":"Gleichstellung von LGBTQIA* - B\u00dcNDNIS 90\/DIE GR\u00dcNEN Wiesbaden","isPartOf":{"@id":"https:\/\/gruene-wiesbaden.de\/#website"},"primaryImageOfPage":{"@id":"https:\/\/gruene-wiesbaden.de\/gleichstellung-von-lgbtqia\/#primaryimage"},"image":{"@id":"https:\/\/gruene-wiesbaden.de\/gleichstellung-von-lgbtqia\/#primaryimage"},"thumbnailUrl":"https:\/\/gruene-wiesbaden.de\/wp-content\/uploads\/2025\/11\/2.2-Gleichstellung-LGBTQAI-scaled.jpeg","datePublished":"2025-11-09T22:10:26+00:00","dateModified":"2026-04-09T08:27:25+00:00","breadcrumb":{"@id":"https:\/\/gruene-wiesbaden.de\/gleichstellung-von-lgbtqia\/#breadcrumb"},"inLanguage":"sk-SK","potentialAction":[{"@type":"ReadAction","target":["https:\/\/gruene-wiesbaden.de\/gleichstellung-von-lgbtqia\/"]}]},{"@type":"ImageObject","inLanguage":"sk-SK","@id":"https:\/\/gruene-wiesbaden.de\/gleichstellung-von-lgbtqia\/#primaryimage","url":"https:\/\/gruene-wiesbaden.de\/wp-content\/uploads\/2025\/11\/2.2-Gleichstellung-LGBTQAI-scaled.jpeg","contentUrl":"https:\/\/gruene-wiesbaden.de\/wp-content\/uploads\/2025\/11\/2.2-Gleichstellung-LGBTQAI-scaled.jpeg","width":2560,"height":1707},{"@type":"BreadcrumbList","@id":"https:\/\/gruene-wiesbaden.de\/gleichstellung-von-lgbtqia\/#breadcrumb","itemListElement":[{"@type":"ListItem","position":1,"name":"Startseite","item":"https:\/\/gruene-wiesbaden.de\/"},{"@type":"ListItem","position":2,"name":"Gleichstellung von LGBTQIA*"}]},{"@type":"WebSite","@id":"https:\/\/gruene-wiesbaden.de\/#website","url":"https:\/\/gruene-wiesbaden.de\/","name":"DIE GR\u00dcNEN Wiesbaden","description":"","publisher":{"@id":"https:\/\/gruene-wiesbaden.de\/#organization"},"potentialAction":[{"@type":"SearchAction","target":{"@type":"EntryPoint","urlTemplate":"https:\/\/gruene-wiesbaden.de\/?s={search_term_string}"},"query-input":{"@type":"PropertyValueSpecification","valueRequired":true,"valueName":"search_term_string"}}],"inLanguage":"sk-SK"},{"@type":"Organization","@id":"https:\/\/gruene-wiesbaden.de\/#organization","name":"DIE GR\u00dcNEN Wiesbaden","url":"https:\/\/gruene-wiesbaden.de\/","logo":{"@type":"ImageObject","inLanguage":"sk-SK","@id":"https:\/\/gruene-wiesbaden.de\/#\/schema\/logo\/image\/","url":"https:\/\/gruene-wiesbaden-fuer-europa.de\/wp-content\/uploads\/2024\/04\/Machen-was-zaehlt-5.png","contentUrl":"https:\/\/gruene-wiesbaden-fuer-europa.de\/wp-content\/uploads\/2024\/04\/Machen-was-zaehlt-5.png","width":1772,"height":1772,"caption":"DIE GR\u00dcNEN Wiesbaden"},"image":{"@id":"https:\/\/gruene-wiesbaden.de\/#\/schema\/logo\/image\/"},"sameAs":["https:\/\/www.facebook.com\/gruene.wi","https:\/\/instagram.com\/gruene_wi"]},{"@type":"Person","@id":"https:\/\/gruene-wiesbaden.de\/#\/schema\/person\/6785c34779159cd4fd86886bb097afe9","name":"admin","sameAs":["http:\/\/gruene-wiesbaden-fuer-europa.de"],"url":"https:\/\/gruene-wiesbaden.de\/sk\/author\/admin\/"}]}},"_links":{"self":[{"href":"https:\/\/gruene-wiesbaden.de\/sk\/wp-json\/wp\/v2\/posts\/1351","targetHints":{"allow":["GET"]}}],"collection":[{"href":"https:\/\/gruene-wiesbaden.de\/sk\/wp-json\/wp\/v2\/posts"}],"about":[{"href":"https:\/\/gruene-wiesbaden.de\/sk\/wp-json\/wp\/v2\/types\/post"}],"author":[{"embeddable":true,"href":"https:\/\/gruene-wiesbaden.de\/sk\/wp-json\/wp\/v2\/users\/1"}],"replies":[{"embeddable":true,"href":"https:\/\/gruene-wiesbaden.de\/sk\/wp-json\/wp\/v2\/comments?post=1351"}],"version-history":[{"count":8,"href":"https:\/\/gruene-wiesbaden.de\/sk\/wp-json\/wp\/v2\/posts\/1351\/revisions"}],"predecessor-version":[{"id":2390,"href":"https:\/\/gruene-wiesbaden.de\/sk\/wp-json\/wp\/v2\/posts\/1351\/revisions\/2390"}],"wp:featuredmedia":[{"embeddable":true,"href":"https:\/\/gruene-wiesbaden.de\/sk\/wp-json\/wp\/v2\/media\/1547"}],"wp:attachment":[{"href":"https:\/\/gruene-wiesbaden.de\/sk\/wp-json\/wp\/v2\/media?parent=1351"}],"wp:term":[{"taxonomy":"category","embeddable":true,"href":"https:\/\/gruene-wiesbaden.de\/sk\/wp-json\/wp\/v2\/categories?post=1351"},{"taxonomy":"post_tag","embeddable":true,"href":"https:\/\/gruene-wiesbaden.de\/sk\/wp-json\/wp\/v2\/tags?post=1351"}],"curies":[{"name":"wp","href":"https:\/\/api.w.org\/{rel}","templated":true}]}}