{"id":1349,"date":"2025-11-10T00:09:19","date_gmt":"2025-11-09T22:09:19","guid":{"rendered":"https:\/\/gruene-wiesbaden.de\/?p=1349"},"modified":"2026-04-09T10:25:16","modified_gmt":"2026-04-09T08:25:16","slug":"geschlechtergerechtigkeit","status":"publish","type":"post","link":"https:\/\/gruene-wiesbaden.de\/sk\/geschlechtergerechtigkeit\/","title":{"rendered":"Rodov\u00e1 rovnos\u0165"},"content":{"rendered":"<section class=\"l-section wpb_row height_medium with_img\"><div class=\"l-section-img\" role=\"img\" data-img-width=\"1080\" data-img-height=\"800\" style=\"background-image: url(https:\/\/gruene-wiesbaden.de\/wp-content\/uploads\/2025\/11\/neuer-Verlauf-gruene-wiesbaden.de_-2-e1762709402177.png);\"><\/div><div class=\"l-section-overlay\" style=\"background:var(--color-header-top-transparent-bg)\"><\/div><div class=\"l-section-h i-cf\"><div class=\"g-cols vc_row via_grid cols_1 laptops-cols_inherit tablets-cols_inherit mobiles-cols_1 valign_top type_default stacking_default\"><div class=\"wpb_column vc_column_container\"><div class=\"vc_column-inner\"><h1 class=\"w-post-elm post_title us_custom_a574d586 has_text_color entry-title\">Rodov\u00e1 rovnos\u0165<\/h1><div class=\"w-separator size_medium\"><\/div><div class=\"g-cols wpb_row via_grid cols_2-1 laptops-cols_inherit tablets-cols_inherit mobiles-cols_1 valign_top type_default stacking_default\" style=\"--columns-gap:3rem;\"><div class=\"wpb_column vc_column_container\"><div class=\"vc_column-inner\"><div class=\"wpb_text_column us_custom_8b3d6790 has_text_color\"><div class=\"wpb_wrapper\"><p><span style=\"font-weight: 400;\">Rodov\u00e1 rovnos\u0165 je predpokladom spravodliv\u00e9ho a udr\u017eate\u013en\u00e9ho mesta. Vz\u0165ahuje sa rovnako na pr\u00e1cu, vzdel\u00e1vanie, zdravie, bezpe\u010dnos\u0165, kult\u00faru, dopravu a \u00fazemn\u00e9 pl\u00e1novanie. \u017deny a mu\u017ei za\u017e\u00edvaj\u00fa Wiesbaden inak: \u017deny s\u00fa \u010dastej\u0161ie postihnut\u00e9 chudobou, opatrovate\u013eskou pr\u00e1cou, n\u00e1sil\u00edm a neistotou na verejn\u00fdch priestranstv\u00e1ch, zatia\u013e \u010do mu\u017ei st\u00e1le dominuj\u00fa vo ved\u00facich poz\u00edci\u00e1ch a viac pou\u017e\u00edvaj\u00fa auto. Tieto rozdiely odr\u00e1\u017eaj\u00fa aj zdravotn\u00edcke a vzdel\u00e1vacie slu\u017eby.<\/span><\/p>\n<p><span style=\"font-weight: 400;\">Pre n\u00e1s zelen\u00fdch nie je rodov\u00e1 rovnos\u0165 okrajovou ot\u00e1zkou, ale prierezovou \u00falohou: V\u010faka tomu je na\u0161e mesto spravodlivej\u0161ie, bezpe\u010dnej\u0161ie a ob\u00fdvate\u013enej\u0161ie \u2013 pre v\u0161etk\u00fdch obyvate\u013eov mesta Wiesbaden.<\/span><\/p>\n<\/div><\/div><div class=\"w-separator size_medium\"><\/div><div class=\"w-btn-wrapper align_left\"><a class=\"w-btn us-btn-style_8 icon_atleft\" href=\"https:\/\/gruene-wiesbaden.de\/sk\/kommunalwahl\/#Kapitel2\"><i class=\"fas fa-chevron-circle-right\"><\/i><span class=\"w-btn-label\">Sp\u00e4\u0165 na preh\u013ead<\/span><\/a><\/div><\/div><\/div><div class=\"wpb_column vc_column_container\"><div class=\"vc_column-inner\"><div class=\"w-image align_center\"><div class=\"w-image-h\"><img decoding=\"async\" width=\"2560\" height=\"1350\" src=\"https:\/\/gruene-wiesbaden.de\/wp-content\/uploads\/2025\/11\/2.1-Geschlechtergerechtigkeit-scaled.jpeg\" class=\"attachment-full size-full\" alt=\"\" loading=\"lazy\" srcset=\"https:\/\/gruene-wiesbaden.de\/wp-content\/uploads\/2025\/11\/2.1-Geschlechtergerechtigkeit-scaled.jpeg 2560w, https:\/\/gruene-wiesbaden.de\/wp-content\/uploads\/2025\/11\/2.1-Geschlechtergerechtigkeit-400x211.jpeg 400w, https:\/\/gruene-wiesbaden.de\/wp-content\/uploads\/2025\/11\/2.1-Geschlechtergerechtigkeit-600x316.jpeg 600w\" sizes=\"auto, (max-width: 2560px) 100vw, 2560px\" \/><\/div><\/div><div class=\"w-separator size_small\"><\/div><\/div><\/div><\/div><div class=\"w-separator size_medium\"><\/div><div class=\"w-separator size_medium\"><\/div><div class=\"wpb_text_column\"><div class=\"wpb_wrapper\"><h1>\u010co pre n\u00e1s znamen\u00e1 rodov\u00e1 rovnos\u0165<\/h1>\n<\/div><\/div><div class=\"w-separator size_large\"><\/div><div class=\"g-cols wpb_row via_grid cols_3 laptops-cols_inherit tablets-cols_inherit mobiles-cols_1 valign_top type_default stacking_default\" style=\"--columns-gap:3rem;\"><div class=\"wpb_column vc_column_container\"><div class=\"vc_column-inner\"><div class=\"w-iconbox us_custom_8b3d6790 has_text_color iconpos_left style_default color_custom align_left\"><div class=\"w-iconbox-icon\" style=\"font-size:2rem;--icon-color:#Ffffff;--icon-bg-color:var(--color-header-middle-bg);\"><i class=\"fas fa-layer-group\"><\/i><\/div><div class=\"w-iconbox-meta\"><h4 class=\"w-iconbox-title\" style=\"font-size:1.5rem;\">Bezpe\u010dne na cest\u00e1ch, kedyko\u013evek a kdeko\u013evek<\/h4><div class=\"w-iconbox-text\"><p><span style=\"font-weight: 400;\">\u017deny pou\u017e\u00edvaj\u00fa verejn\u00fa dopravu a \u010dasto chodia pe\u0161o. Osvetlenie, bezpe\u010dn\u00e9 zast\u00e1vky a verejn\u00e9 priestory chr\u00e1nia pred n\u00e1sil\u00edm a katapultovan\u00edm.<\/span><\/p>\n<\/div><\/div><\/div><\/div><\/div><div class=\"wpb_column vc_column_container\"><div class=\"vc_column-inner\"><div class=\"w-iconbox us_custom_8b3d6790 has_text_color iconpos_left style_default color_custom align_left\"><div class=\"w-iconbox-icon\" style=\"font-size:2rem;--icon-color:#Ffffff;--icon-bg-color:var(--color-header-transparent-text);\"><i class=\"fas fa-layer-group\"><\/i><\/div><div class=\"w-iconbox-meta\"><h4 class=\"w-iconbox-title\" style=\"font-size:1.5rem;\">Spravodliv\u00e1 pr\u00e1ca<\/h4><div class=\"w-iconbox-text\"><p><span style=\"font-weight: 400;\">Nerovnak\u00e9 odme\u0148ovanie a viacn\u00e1sobn\u00e9 za\u0165a\u017eenie postihuj\u00fa najm\u00e4 \u017eeny. Vytv\u00e1rame \u0161trukt\u00fary pre spravodliv\u00e9 zamestnanie a opatrovate\u013esk\u00fa pr\u00e1cu.<\/span><\/p>\n<\/div><\/div><\/div><\/div><\/div><div class=\"wpb_column vc_column_container\"><div class=\"vc_column-inner\"><div class=\"w-iconbox us_custom_8b3d6790 has_text_color iconpos_left style_default color_custom align_left\"><div class=\"w-iconbox-icon\" style=\"font-size:2rem;--icon-color:#Ffffff;--icon-bg-color:var(--color-header-transparent-text);\"><i class=\"fas fa-layer-group\"><\/i><\/div><div class=\"w-iconbox-meta\"><h4 class=\"w-iconbox-title\" style=\"font-size:1.5rem;\">parity<\/h4><div class=\"w-iconbox-text\"><p><span style=\"font-weight: 400;\">Org\u00e1ny a administrat\u00edva musia odr\u00e1\u017ea\u0165 rozmanitos\u0165 Wiesbadenu \u2013 skuto\u010dn\u00e1 parita je samozrejme demokratick\u00e1 z\u00e1le\u017eitos\u0165.<\/span><\/p>\n<\/div><\/div><\/div><\/div><\/div><\/div><div class=\"w-separator size_medium\"><\/div><div class=\"g-cols wpb_row via_grid cols_3 laptops-cols_inherit tablets-cols_inherit mobiles-cols_1 valign_top type_default stacking_default\" style=\"--columns-gap:3rem;\"><div class=\"wpb_column vc_column_container\"><div class=\"vc_column-inner\"><div class=\"w-iconbox us_custom_8b3d6790 has_text_color iconpos_left style_default color_custom align_left\"><div class=\"w-iconbox-icon\" style=\"font-size:2rem;--icon-color:#Ffffff;--icon-bg-color:var(--color-header-middle-bg);\"><i class=\"fas fa-layer-group\"><\/i><\/div><div class=\"w-iconbox-meta\"><h4 class=\"w-iconbox-title\" style=\"font-size:1.5rem;\">zdravie<\/h4><div class=\"w-iconbox-text\"><p><span style=\"font-weight: 400;\">Posil\u0148ujeme pr\u00edstup k antikoncepcii, men\u0161trua\u010dn\u00fdm pr\u00edpravkom a prevencii \u0161pecifickej pre \u017eeny. Rodovo responz\u00edvna starostlivos\u0165 zabezpe\u010duje skuto\u010dn\u00fa slobodu v\u00fdberu.<\/span><\/p>\n<\/div><\/div><\/div><\/div><\/div><div class=\"wpb_column vc_column_container\"><div class=\"vc_column-inner\"><div class=\"w-iconbox us_custom_8b3d6790 has_text_color iconpos_left style_default color_custom align_left\"><div class=\"w-iconbox-icon\" style=\"font-size:2rem;--icon-color:#Ffffff;--icon-bg-color:var(--color-header-transparent-text);\"><i class=\"fas fa-layer-group\"><\/i><\/div><div class=\"w-iconbox-meta\"><h4 class=\"w-iconbox-title\" style=\"font-size:1.5rem;\">prierezovos\u0165<\/h4><div class=\"w-iconbox-text\"><p><span style=\"font-weight: 400;\">Prierezovos\u0165 opisuje viacn\u00e1sobn\u00fa diskrimin\u00e1ciu, napr. u farebn\u00fdch \u017eien alebo TINA* os\u00f4b. Posil\u0148ujeme vidite\u013enos\u0165 a \u00fa\u010das\u0165 tak, aby Wiesbaden zah\u0155\u0148al v\u0161etky perspekt\u00edvy.<\/span><\/p>\n<\/div><\/div><\/div><\/div><\/div><div class=\"wpb_column vc_column_container\"><div class=\"vc_column-inner\"><\/div><\/div><\/div><div class=\"w-separator size_medium\"><\/div><div class=\"w-btn-wrapper align_left\"><a class=\"w-btn us-btn-style_8 icon_atleft\" href=\"https:\/\/gruene-wiesbaden.de\/sk\/kommunalwahl\/#Kapitel2\"><i class=\"fas fa-chevron-circle-right\"><\/i><span class=\"w-btn-label\">Sp\u00e4\u0165 na preh\u013ead<\/span><\/a><\/div><div class=\"w-separator size_medium\"><\/div><\/div><\/div><\/div><\/div><\/section><section class=\"l-section wpb_row height_auto with_img\"><div class=\"l-section-img\" role=\"img\" data-img-width=\"2560\" data-img-height=\"1350\" style=\"background-image: url(https:\/\/gruene-wiesbaden.de\/wp-content\/uploads\/2025\/11\/2.1-Geschlechtergerechtigkeit-scaled.jpeg);background-repeat: no-repeat;\"><\/div><div class=\"l-section-overlay\" style=\"background:var(--color-header-top-transparent-bg)\"><\/div><div class=\"l-section-h i-cf\"><div class=\"g-cols vc_row via_grid cols_1 laptops-cols_inherit tablets-cols_inherit mobiles-cols_1 valign_middle type_default stacking_default\" style=\"--columns-gap:1rem;\"><div class=\"wpb_column vc_column_container\"><div class=\"vc_column-inner\"><div class=\"w-separator size_large\"><\/div><div class=\"wpb_text_column background_inside_text\"><div class=\"wpb_wrapper\"><h1>\u010co konkr\u00e9tne chceme v tejto oblasti urobi\u0165<\/h1>\n<\/div><\/div><div class=\"w-separator size_medium\"><\/div><div class=\"w-tabs us_custom_42d693a0 has_text_color style_default switch_click accordion has_scrolling\" style=\"--sections-title-size:1.4rem\"><div class=\"w-tabs-sections titles-align_none icon_chevron cpos_right\"><div class=\"w-tabs-section has_text_color\" id=\"d302\" style=\"background:var(--color-header-transparent-text);color:var(--color-header-top-text-hover);\"><button class=\"w-tabs-section-header\" aria-controls=\"content-d302\" aria-expanded=\"false\"><div class=\"w-tabs-section-title\">15-min\u00fatov\u00e9 mesto<\/div><div class=\"w-tabs-section-control\"><\/div><\/button><div  class=\"w-tabs-section-content\" id=\"content-d302\"><div class=\"w-tabs-section-content-h i-cf\"><div class=\"wpb_text_column\"><div class=\"wpb_wrapper\"><p><span style=\"font-weight: 400;\">Chceme mesto na kr\u00e1tke vzdialenosti, do ktor\u00e9ho sa v\u0161etky hlavn\u00e9 destin\u00e1cie dostan\u00fa za 15 min\u00fat. To \u0161etr\u00ed \u010das \u2013 najm\u00e4 pre \u017eeny, ktor\u00e9 st\u00e1le vykon\u00e1vaj\u00fa v\u00e4\u010d\u0161inu opatrovate\u013eskej pr\u00e1ce. Menej automobilovej dopravy a udr\u017eate\u013en\u00e1 mobilita z\u00e1rove\u0148 zabezpe\u010duj\u00fa bezpe\u010dn\u00e9, dobre osvetlen\u00e9 cesty a miesta, kde sa \u017eeny m\u00f4\u017eu vo\u013enej\u0161ie pohybova\u0165. Miestne z\u00e1sobovanie v okrese posil\u0148uje \u0161tvrte a u\u013eah\u010duje \u017eivot.<\/span><\/p>\n<\/div><\/div><\/div><\/div><\/div><div class=\"w-tabs-section has_text_color\" id=\"m43d\" style=\"background:var(--color-header-transparent-text);color:var(--color-header-top-text-hover);\"><button class=\"w-tabs-section-header\" aria-controls=\"content-m43d\" aria-expanded=\"false\"><div class=\"w-tabs-section-title\">Pl\u00e1nujte miestnu dopravu rodovo primeran\u00fdm sp\u00f4sobom<\/div><div class=\"w-tabs-section-control\"><\/div><\/button><div  class=\"w-tabs-section-content\" id=\"content-m43d\"><div class=\"w-tabs-section-content-h i-cf\"><div class=\"wpb_text_column\"><div class=\"wpb_wrapper\"><p><span style=\"font-weight: 400;\">Mu\u017ei a \u017eeny pou\u017e\u00edvaj\u00fa dopravu inak. \u017deny \u010dastej\u0161ie cestuj\u00fa re\u0165azou ciest, \u010dastej\u0161ie cestuj\u00fa s de\u0165mi alebo nakupuj\u00fa a venuj\u00fa osobitn\u00fa pozornos\u0165 bezpe\u010dnosti. To je d\u00f4vod, pre\u010do Wiesbaden potrebuje bezbari\u00e9rov\u00e9 vozidl\u00e1, bezpe\u010dn\u00e9 zast\u00e1vky, pr\u00edsne letov\u00e9 poriadky aj vo ve\u010dern\u00fdch hodin\u00e1ch a spravodliv\u00e9 tarify. Zaviazali sme sa zabezpe\u010di\u0165, aby nov\u00fd pl\u00e1n miestnej dopravy zoh\u013ead\u0148oval potreby mobility v\u0161etk\u00fdch, a t\u00fdm vytv\u00e1ral skuto\u010dn\u00fa rovnos\u0165 v ka\u017edodennom \u017eivote.<\/span><\/p>\n<\/div><\/div><\/div><\/div><\/div><div class=\"w-tabs-section has_text_color\" id=\"g55f\" style=\"background:var(--color-header-transparent-text);color:var(--color-header-top-text-hover);\"><button class=\"w-tabs-section-header\" aria-controls=\"content-g55f\" aria-expanded=\"false\"><div class=\"w-tabs-section-title\">Urobi\u0165 Catcalling vidite\u013en\u00fdm<\/div><div class=\"w-tabs-section-control\"><\/div><\/button><div  class=\"w-tabs-section-content\" id=\"content-g55f\"><div class=\"w-tabs-section-content-h i-cf\"><div class=\"wpb_text_column\"><div class=\"wpb_wrapper\"><p><span style=\"font-weight: 400;\">Podporujeme kampa\u0148 Catcalls of Wiesbaden s cie\u013eom zv\u00fd\u0161i\u0165 informovanos\u0165 o ka\u017edodennom sexizme. Vidite\u013enos\u0165 je prv\u00fdm krokom v d\u00f4slednom boji proti ob\u0165a\u017eovaniu. Chceme budova\u0165 spolupr\u00e1cu s touto kampa\u0148ou a upriami\u0165 pozornos\u0165 na altagssexizmus a diskrimin\u00e1ciu prostredn\u00edctvom kampan\u00ed vo verejnej doprave, ako aj v panor\u00e1me mesta Wiesbaden.<\/span><\/p>\n<\/div><\/div><\/div><\/div><\/div><div class=\"w-tabs-section has_text_color\" id=\"i676\" style=\"background:var(--color-header-middle-bg);color:var(--color-content-heading);\"><button class=\"w-tabs-section-header\" aria-controls=\"content-i676\" aria-expanded=\"false\"><div class=\"w-tabs-section-title\">Zos\u00faladenie starostlivosti o deti a politiky<\/div><div class=\"w-tabs-section-control\"><\/div><\/button><div  class=\"w-tabs-section-content\" id=\"content-i676\"><div class=\"w-tabs-section-content-h i-cf\"><div class=\"wpb_text_column\"><div class=\"wpb_wrapper\"><p><span style=\"font-weight: 400;\">Dobrovo\u013en\u00edctvo mus\u00ed by\u0165 inkluz\u00edvnej\u0161ie. \u017deny s\u00fa st\u00e1le nedostato\u010dne zast\u00fapen\u00e9 v mestskej politike \u2013 aj preto, \u017ee stretnutia sa \u010dasto konaj\u00fa ve\u010der, ke\u010f je potrebn\u00e1 rodinn\u00e1 pr\u00e1ca. Bez spo\u013eahlivej starostlivosti o deti je prek\u00e1\u017eka pre matky obzvl\u00e1\u0161\u0165 vysok\u00e1, aby sa zapojili. Preto sme odhodlan\u00ed zabezpe\u010di\u0165, aby boli zdroje starostlivosti o deti aj na\u010falej k dispoz\u00edcii a aby sa stretnutia stali efekt\u00edvnej\u0161\u00edmi a krat\u0161\u00edmi. T\u00fdmto sp\u00f4sobom zvy\u0161ujeme pr\u00edstupnos\u0165 a spravodlivos\u0165 politickej \u00fa\u010dasti a vytv\u00e1rame skuto\u010dn\u00e9 pr\u00edle\u017eitosti pre viac \u017eien, aby prispeli svojimi perspekt\u00edvami k mestskej politike.<\/span><\/p>\n<\/div><\/div><\/div><\/div><\/div><div class=\"w-tabs-section has_text_color\" id=\"w793\" style=\"background:var(--color-header-transparent-text);color:var(--color-header-top-text-hover);\"><button class=\"w-tabs-section-header\" aria-controls=\"content-w793\" aria-expanded=\"false\"><div class=\"w-tabs-section-title\">Implementova\u0165 paritu vo v\u00fdboroch<\/div><div class=\"w-tabs-section-control\"><\/div><\/button><div  class=\"w-tabs-section-content\" id=\"content-w793\"><div class=\"w-tabs-section-content-h i-cf\"><div class=\"wpb_text_column\"><div class=\"wpb_wrapper\"><p><span style=\"font-weight: 400;\">Hrub\u00e9 org\u00e1ny s\u00fa st\u00e1le v\u00fdrazne nedostato\u010dne zast\u00fapen\u00e9 v dozorn\u00fdch rad\u00e1ch, spr\u00e1vnych rad\u00e1ch a mestsk\u00fdch rad\u00e1ch, hoci tvoria polovicu obyvate\u013estva. Nedostatok rozmanitosti vedie k nevyu\u017eit\u00fdm perspekt\u00edvam, sk\u00fasenostiam a zru\u010dnostiam. Zabezpe\u010dujeme preto d\u00f4sledn\u00e9 uplat\u0148ovanie parity. K\u00f3dex \u00fa\u010dasti to umo\u017e\u0148uje \u2013 rovnak\u00e9 zast\u00fapenie sa mus\u00ed kone\u010dne sta\u0165 realitou vo Wiesbadene.<\/span><\/p>\n<\/div><\/div><\/div><\/div><\/div><div class=\"w-tabs-section has_text_color\" id=\"v8ad\" style=\"background:var(--color-header-middle-bg);color:var(--color-header-middle-text);\"><button class=\"w-tabs-section-header\" aria-controls=\"content-v8ad\" aria-expanded=\"false\"><div class=\"w-tabs-section-title\">Zavedenie \u0161kolen\u00ed o sexizme<\/div><div class=\"w-tabs-section-control\"><\/div><\/button><div  class=\"w-tabs-section-content\" id=\"content-v8ad\"><div class=\"w-tabs-section-content-h i-cf\"><div class=\"wpb_text_column\"><div class=\"wpb_wrapper\"><p><span style=\"font-weight: 400;\">\u010clenovia obecn\u00fdch v\u00fdborov nes\u00fa zodpovednos\u0165 za \u00factiv\u00e9 spolu\u017eitie. Preto chceme zavies\u0165 povinn\u00e9 \u0161kolenie o sexizme a diskrimin\u00e1cii. Vytv\u00e1raj\u00fa povedomie o nerovn\u00fdch mocensk\u00fdch vz\u0165ahoch, zvy\u0161uj\u00fa povedomie o \u00factivom jazyku a posil\u0148uj\u00fa kult\u00faru rovnosti. T\u00fdmto sp\u00f4sobom zabezpe\u010dujeme, aby bola Wiesbadenova politika spravodliv\u00e1, inkluz\u00edvna a udr\u017eate\u013en\u00e1 a aby sa posilnila rovnos\u0165 vo Wiesbadenovej politike.<\/span><\/p>\n<\/div><\/div><\/div><\/div><\/div><div class=\"w-tabs-section has_text_color\" id=\"u9c6\" style=\"background:var(--color-header-transparent-text);color:var(--color-header-top-text-hover);\"><button class=\"w-tabs-section-header\" aria-controls=\"content-u9c6\" aria-expanded=\"false\"><div class=\"w-tabs-section-title\">Podpora digit\u00e1lnej rovnosti<\/div><div class=\"w-tabs-section-control\"><\/div><\/button><div  class=\"w-tabs-section-content\" id=\"content-u9c6\"><div class=\"w-tabs-section-content-h i-cf\"><div class=\"wpb_text_column\"><div class=\"wpb_wrapper\"><p><span style=\"font-weight: 400;\">Posil\u0148ujeme \u00fa\u010das\u0165 diev\u010dat a \u017eien na digit\u00e1lnej bud\u00facnosti cielen\u00fdm \u00fasil\u00edm o roz\u0161\u00edrenie ich podpory v oblasti informa\u010dn\u00fdch technol\u00f3gi\u00ed a umelej inteligencie. Na tento \u00fa\u010del podporujeme \u0161kolsk\u00e9 projekty, ponuky Girls\u2019Day a spolupr\u00e1cu s univerzitami vo Wiesbadene. Mentorsk\u00e9 programy a miestne siete zvidite\u013e\u0148uj\u00fa \u017eensk\u00e9 vzory a posil\u0148uj\u00fa rozmanitos\u0165 v digit\u00e1lnych profesi\u00e1ch.<\/span><\/p>\n<\/div><\/div><\/div><\/div><\/div><div class=\"w-tabs-section has_text_color\" id=\"wae1\" style=\"background:var(--color-header-transparent-text);color:var(--color-header-top-text-hover);\"><button class=\"w-tabs-section-header\" aria-controls=\"content-wae1\" aria-expanded=\"false\"><div class=\"w-tabs-section-title\">Podpora semin\u00e1rov o prevencii v \u0161kol\u00e1ch<\/div><div class=\"w-tabs-section-control\"><\/div><\/button><div  class=\"w-tabs-section-content\" id=\"content-wae1\"><div class=\"w-tabs-section-content-h i-cf\"><div class=\"wpb_text_column\"><div class=\"wpb_wrapper\"><p><span style=\"font-weight: 400;\">Zaviazali sme sa k pravideln\u00fdm semin\u00e1rom o rovnosti, re\u0161pekte a prevencii sexu\u00e1lneho n\u00e1silia na v\u0161etk\u00fdch \u0161kol\u00e1ch vo Wiesbadene. Do tohto procesu sa m\u00f4\u017eu zapoji\u0165 aj extern\u00e9 \u0161pecializovan\u00e9 org\u00e1ny. T\u00fdmto sp\u00f4sobom sa deti a mlad\u00ed \u013eudia u\u010dia u\u017e v ranom veku oce\u0148ova\u0165 rozmanitos\u0165 a bojova\u0165 proti diskrimin\u00e1cii.<\/span><\/p>\n<\/div><\/div><\/div><\/div><\/div><div class=\"w-tabs-section has_text_color\" id=\"bbfc\" style=\"background:var(--color-header-transparent-text);color:var(--color-header-top-text-hover);\"><button class=\"w-tabs-section-header\" aria-controls=\"content-bbfc\" aria-expanded=\"false\"><div class=\"w-tabs-section-title\">Roz\u0161\u00edrenie \u00fatulkov pre \u017eeny a poradensk\u00fdch centier<\/div><div class=\"w-tabs-section-control\"><\/div><\/button><div  class=\"w-tabs-section-content\" id=\"content-bbfc\"><div class=\"w-tabs-section-content-h i-cf\"><div class=\"wpb_text_column\"><div class=\"wpb_wrapper\"><p><span style=\"font-weight: 400;\">Sme odhodlan\u00ed zabezpe\u010di\u0165, aby \u017eeny vo Wiesbadene na\u0161li ochranu r\u00fdchlo a \u013eahko. Na tento \u00fa\u010del chceme, aby mesto roz\u0161\u00edrilo priestory pre \u00fatulky pre \u017eeny a poradensk\u00e9 slu\u017eby, podporilo miestne in\u0161tit\u00facie a zabezpe\u010dilo \u013eudsk\u00e9 a finan\u010dn\u00e9 zdroje. Ochrana nesmie z\u00e1visie\u0165 od pe\u0148a\u017eenky: Zabezpe\u010dujeme, aby \u017eeny h\u013eadaj\u00face ochranu nemuseli zn\u00e1\u0161a\u0165 svoje vlastn\u00e9 n\u00e1klady. Z\u00e1rove\u0148 s\u00fa potrebn\u00e9 n\u00edzkoprahov\u00e9 ponuky a prevent\u00edvna pr\u00e1ca s cie\u013eom odhali\u0165 n\u00e1silie a predch\u00e1dza\u0165 mu v po\u010diato\u010dnom \u0161t\u00e1diu. T\u00fdmto z\u00e1v\u00e4zkom akt\u00edvne prispievame k vykon\u00e1vaniu Istanbulsk\u00e9ho dohovoru a posil\u0148ujeme ochranu a bezpe\u010dnos\u0165 \u017eien v na\u0161om meste.<\/span><\/p>\n<\/div><\/div><\/div><\/div><\/div><div class=\"w-tabs-section has_text_color\" id=\"nd52\" style=\"background:var(--color-header-transparent-text);color:var(--color-header-top-text-hover);\"><button class=\"w-tabs-section-header\" aria-controls=\"content-nd52\" aria-expanded=\"false\"><div class=\"w-tabs-section-title\">Antikoncepcia a amp; Zriadenie finan\u010dn\u00fdch prostriedkov na obdobie<\/div><div class=\"w-tabs-section-control\"><\/div><\/button><div  class=\"w-tabs-section-content\" id=\"content-nd52\"><div class=\"w-tabs-section-content-h i-cf\"><div class=\"wpb_text_column\"><div class=\"wpb_wrapper\"><p><span style=\"font-weight: 400;\">Zaviazali sme sa k pokra\u010dovaniu a roz\u0161irovaniu ponuky bezplatn\u00fdch men\u0161trua\u010dn\u00fdch produktov a antikoncepcie v \u0161kol\u00e1ch a verejn\u00fdch in\u0161tit\u00faci\u00e1ch. T\u00fdmto sp\u00f4sobom zabezpe\u010dujeme sebaur\u010denie a \u00fa\u010das\u0165 bez oh\u013eadu na pr\u00edjem a detabuujeme d\u00f4le\u017eit\u00e9 t\u00e9my t\u00fdkaj\u00face sa zdravia.<\/span><\/p>\n<\/div><\/div><\/div><\/div><\/div><\/div><\/div><div class=\"w-separator size_medium\"><\/div><div class=\"w-btn-wrapper align_left\"><a class=\"w-btn us-btn-style_8 icon_atleft\" href=\"https:\/\/gruene-wiesbaden.de\/sk\/kommunalwahl\/#Kapitel2\"><i class=\"fas fa-chevron-circle-right\"><\/i><span class=\"w-btn-label\">Sp\u00e4\u0165 na preh\u013ead<\/span><\/a><\/div><div class=\"w-separator size_large\"><\/div><div class=\"wpb_text_column\"><div class=\"wpb_wrapper\"><h1>\u010co sme u\u017e dosiahli<\/h1>\n<\/div><\/div><div class=\"w-separator size_medium\"><\/div><div class=\"w-tabs us_custom_42d693a0 has_text_color style_default switch_click accordion has_scrolling\" style=\"--sections-title-size:1.4rem\"><div class=\"w-tabs-sections titles-align_none icon_chevron cpos_right\"><div class=\"w-tabs-section has_text_color\" id=\"q1ed\" style=\"background:var(--color-header-transparent-text);color:var(--color-header-top-text-hover);\"><button class=\"w-tabs-section-header\" aria-controls=\"content-q1ed\" aria-expanded=\"false\"><div class=\"w-tabs-section-title\">Podp\u00edsanie Eur\u00f3pskej charty rovnosti \u017eien a mu\u017eov<\/div><div class=\"w-tabs-section-control\"><\/div><\/button><div  class=\"w-tabs-section-content\" id=\"content-q1ed\"><div class=\"w-tabs-section-content-h i-cf\"><div class=\"wpb_text_column\"><div class=\"wpb_wrapper\"><p><span style=\"font-weight: 400;\">Zaviazali sme sa k \u00fapln\u00e9mu vykon\u00e1vaniu Eur\u00f3pskej charty rovnosti \u017eien a mu\u017eov a zabezpe\u010dili sme, aby sa Wiesbaden pripojil k Eur\u00f3pskej charte rovnosti \u017eien a mu\u017eov na miestnej \u00farovni. To zav\u00e4zuje mesto ku konkr\u00e9tnym opatreniam a cie\u013eom na podporu rodovej rovnosti v r\u00f4znych oblastiach mestsk\u00e9ho rozvoja a spr\u00e1vy. Chceme podpori\u0165 vykon\u00e1vanie tak politicky, ako aj verejne a poskytnut\u00edm finan\u010dn\u00fdch zdrojov.<\/span><\/p>\n<\/div><\/div><\/div><\/div><\/div><div class=\"w-tabs-section has_text_color\" id=\"u30f\" style=\"background:var(--color-header-transparent-text);color:var(--color-header-top-text-hover);\"><button class=\"w-tabs-section-header\" aria-controls=\"content-u30f\" aria-expanded=\"false\"><div class=\"w-tabs-section-title\">Siln\u00e9 mo\u017enosti financovania politiky \u017eien<\/div><div class=\"w-tabs-section-control\"><\/div><\/button><div  class=\"w-tabs-section-content\" id=\"content-u30f\"><div class=\"w-tabs-section-content-h i-cf\"><div class=\"wpb_text_column\"><div class=\"wpb_wrapper\"><p><span style=\"font-weight: 400;\">V r\u00e1mci na\u0161ej vl\u00e1dnej spolupr\u00e1ce sme my Zelen\u00ed mohli v minul\u00fdch rozpo\u010dtoch rokova\u0165 o finan\u010dn\u00fdch prostriedkoch v \u0161es\u0165cifernom rozsahu do rozpo\u010dtu, s ktor\u00fdmi m\u00f4\u017ee vo\u013ene disponova\u0165 mestsk\u00e1 komis\u00e1rka pre \u017eeny, ktor\u00e1 \u00fazko spolupracuje s na\u0161\u00edm zelen\u00fdm oddelen\u00edm pre rodov\u00fa rovnos\u0165. Podporuje projekty, iniciat\u00edvy a poradensk\u00e9 slu\u017eby, ktor\u00e9 podporuj\u00fa rodov\u00fa rovnos\u0165, posil\u0148uj\u00fa postavenie \u017eien a zabezpe\u010duj\u00fa ich pr\u00e1va. Poskytnutie t\u00fdchto zdrojov dokazuje n\u00e1\u0161 trval\u00fd z\u00e1v\u00e4zok k inkluz\u00edvnemu a spravodliv\u00e9mu mestu, ktor\u00e9 podporuje \u017eeny vo v\u0161etk\u00fdch oblastiach \u017eivota, od prevencie a vzdel\u00e1vania a\u017e po projekty zameran\u00e9 na posilnenie kari\u00e9ry a soci\u00e1lneho postavenia.<\/span><\/p>\n<\/div><\/div><\/div><\/div><\/div><div class=\"w-tabs-section has_text_color\" id=\"w426\" style=\"background:var(--color-header-transparent-text);color:var(--color-header-top-text-hover);\"><button class=\"w-tabs-section-header\" aria-controls=\"content-w426\" aria-expanded=\"false\"><div class=\"w-tabs-section-title\">Rodovo responz\u00edvny jazyk zaveden\u00fd v mestskej spr\u00e1ve<\/div><div class=\"w-tabs-section-control\"><\/div><\/button><div  class=\"w-tabs-section-content\" id=\"content-w426\"><div class=\"w-tabs-section-content-h i-cf\"><div class=\"wpb_text_column\"><div class=\"wpb_wrapper\"><p><span style=\"font-weight: 400;\">Od roku 2022 spr\u00e1va mesta Wiesbaden pou\u017e\u00edva oce\u0148uj\u00faci a rodovo citliv\u00fd jazyk. Zaveden\u00edm pr\u00edru\u010dky sa posil\u0148uje vidite\u013enos\u0165 v\u0161etk\u00fdch rodov v administrat\u00edvnej komunik\u00e1cii a akt\u00edvne sa bojuje proti diskrimin\u00e1cii. Tento krok rob\u00ed mestsk\u00fa spr\u00e1vu modernej\u0161ou, inkluz\u00edvnej\u0161ou a ukazuje, \u017ee Wiesbaden berie rozmanitos\u0165 v\u00e1\u017ene a \u017ee vz\u00e1jomn\u00e1 \u00factiv\u00e1 interakcia je d\u00f4le\u017eit\u00e1.<\/span><\/p>\n<\/div><\/div><\/div><\/div><\/div><div class=\"w-tabs-section has_text_color\" id=\"i53e\" style=\"background:var(--color-header-middle-bg);color:var(--color-content-heading);\"><button class=\"w-tabs-section-header\" aria-controls=\"content-i53e\" aria-expanded=\"false\"><div class=\"w-tabs-section-title\">\u017deny vo ved\u00facich poz\u00edci\u00e1ch<\/div><div class=\"w-tabs-section-control\"><\/div><\/button><div  class=\"w-tabs-section-content\" id=\"content-i53e\"><div class=\"w-tabs-section-content-h i-cf\"><div class=\"wpb_text_column\"><div class=\"wpb_wrapper\"><p><span style=\"font-weight: 400;\">Akt\u00edvne sme za\u010dali obsadzova\u0165 riadiace poz\u00edcie obecn\u00fdch podnikov kvalifikovan\u00fdmi \u017eenami. Medzit\u00fdm ved\u00fa WVV, SEG a ESWE Verkehr \u017eeny, \u010do je jasn\u00fd krok smerom k v\u00e4\u010d\u0161ej rovnosti v mestsk\u00fdch podnikoch. Prostredn\u00edctvom t\u00fdchto vymenovan\u00ed vytv\u00e1rame vzory pre mlad\u00e9 \u017eeny, podporujeme rozmanitos\u0165 v rozhodovac\u00edch procesoch a posil\u0148ujeme rovnak\u00e9 pr\u00edle\u017eitosti vo Wiesbadene. Cie\u013eom je systematicky odstra\u0148ova\u0165 prek\u00e1\u017eky, aby boli \u017eeny zast\u00fapen\u00e9 na v\u0161etk\u00fdch \u00farovniach riadenia mestskej spr\u00e1vy a mestsk\u00fdch spolo\u010dnost\u00ed.<\/span><\/p>\n<\/div><\/div><\/div><\/div><\/div><div class=\"w-tabs-section has_text_color\" id=\"h66e\" style=\"background:var(--color-header-transparent-text);color:var(--color-header-top-text-hover);\"><button class=\"w-tabs-section-header\" aria-controls=\"content-h66e\" aria-expanded=\"false\"><div class=\"w-tabs-section-title\">Roz\u0161\u00edrenie Kita pokro\u010dilo<\/div><div class=\"w-tabs-section-control\"><\/div><\/button><div  class=\"w-tabs-section-content\" id=\"content-h66e\"><div class=\"w-tabs-section-content-h i-cf\"><div class=\"wpb_text_column\"><div class=\"wpb_wrapper\"><p><span style=\"font-weight: 400;\">Od roku 2022 sme vo Wiesbadene v\u00fdrazne roz\u0161\u00edrili denn\u00fa starostlivos\u0165: V roku 2024\/25 bolo k dispoz\u00edcii 10 308 miest, \u010do je o 227 viac ako v predch\u00e1dzaj\u00facom roku, pri\u010dom po\u010det det\u00ed vo Wiesbadene klesol (2020\/21 11 062, 2024\/25 10 912). V oblasti U3 m\u00e1me priestor 37,7% v rokoch 2020\/21 a\u017e 41.1% v rokoch 2024\/25 a v z\u00e1kladnom rozsahu 90% v rokoch 2020\/21 a\u017e 94,4%zv\u00fd\u0161enie v rokoch 2024\/2025. S otvoren\u00edm nov\u00fdch zariaden\u00ed, ako je centrum dennej starostlivosti vo Wiesbaden-Biebrich s \u010fal\u0161\u00edmi 50 miestami, sme roz\u0161\u00edrili podporn\u00e9 kapacity. Tento v\u00fdvoj podporuje zos\u00faladenie pracovn\u00e9ho a rodinn\u00e9ho \u017eivota, najm\u00e4 v pr\u00edpade \u017eien, a posil\u0148uje ich ekonomick\u00fa nez\u00e1vislos\u0165. Starostlivos\u0165 o deti umo\u017e\u0148uje pr\u00e1cu pre oboch rodi\u010dov alebo pr\u00e1cu pre osamel\u00fdch rodi\u010dov. Vytvorili sme viac matersk\u00fdch miest, aby sme splnili cie\u013e dod\u00e1vok. Vieme, \u017ee starostlivos\u0165 v niektor\u00fdch okresoch e\u0161te nie je dostato\u010dn\u00e1, a sme osobitne odhodlan\u00ed \u010falej roz\u0161irova\u0165 zariadenia dennej starostlivosti v celom Wiesbadene, aby rodiny mohli vyu\u017e\u00edva\u0165 spo\u013eahliv\u00fa starostlivos\u0165 v celej krajine.<\/span><\/p>\n<\/div><\/div><\/div><\/div><\/div><div class=\"w-tabs-section has_text_color\" id=\"v789\" style=\"background:var(--color-header-transparent-text);color:var(--color-header-top-text-hover);\"><button class=\"w-tabs-section-header\" aria-controls=\"content-v789\" aria-expanded=\"false\"><div class=\"w-tabs-section-title\">Zriadila sa sie\u0165 Istanbulsk\u00e9ho dohovoru<\/div><div class=\"w-tabs-section-control\"><\/div><\/button><div  class=\"w-tabs-section-content\" id=\"content-v789\"><div class=\"w-tabs-section-content-h i-cf\"><div class=\"wpb_text_column\"><div class=\"wpb_wrapper\"><p><span style=\"font-weight: 400;\">Vo Wiesbadene sme zriadili sie\u0165 na vykon\u00e1vanie Istanbulsk\u00e9ho dohovoru. Viac ako 80 akt\u00e9rov z administrat\u00edvy, politiky a syst\u00e9mov pomoci spolupracuje na predch\u00e1dzan\u00ed n\u00e1siliu p\u00e1chan\u00e9mu na \u017een\u00e1ch, jeho odha\u013eovan\u00ed a \u00fa\u010dinnej podpore. Sie\u0165 posil\u0148uje v\u00fdmeny, podporuje koordinovan\u00e9 opatrenia a vysiela jasn\u00fd sign\u00e1l: Wiesbaden berie ochranu \u017eien v\u00e1\u017ene a zabezpe\u010duje, aby sa medzin\u00e1rodn\u00e9 normy Istanbulsk\u00e9ho dohovoru stali v meste skuto\u010dnos\u0165ou.<\/span><\/p>\n<\/div><\/div><\/div><\/div><\/div><div class=\"w-tabs-section has_text_color\" id=\"d8cd\" style=\"background:var(--color-header-transparent-text);color:var(--color-header-top-text-hover);\"><button class=\"w-tabs-section-header\" aria-controls=\"content-d8cd\" aria-expanded=\"false\"><div class=\"w-tabs-section-title\">Podpora \u017eensk\u00fdch a diev\u010densk\u00fdch in\u0161tit\u00faci\u00ed<\/div><div class=\"w-tabs-section-control\"><\/div><\/button><div  class=\"w-tabs-section-content\" id=\"content-d8cd\"><div class=\"w-tabs-section-content-h i-cf\"><div class=\"wpb_text_column\"><div class=\"wpb_wrapper\"><p><span style=\"font-weight: 400;\">My Zelen\u00ed sme sa zasadzovali za finan\u010dn\u00fa ochranu a podporu in\u0161tit\u00faci\u00ed pre \u017eeny a diev\u010dat\u00e1, ako aj poradensk\u00fdch centier vo Wiesbadene. D\u00f4raz sa kladie najm\u00e4 na \u017eeny v zranite\u013en\u00fdch situ\u00e1ci\u00e1ch, ako je prostit\u00facia alebo bezdomovectvo. U\u017e sme vypracovali opatrenia na predch\u00e1dzanie bezdomovectvu a podporu vytv\u00e1rania \u00fatulkov na mieru pre \u017eeny. Okrem toho sme sa zaviazali k roz\u0161\u00edreniu poradensk\u00fdch slu\u017eieb pre prostit\u00fatky.<\/span><\/p>\n<\/div><\/div><\/div><\/div><\/div><div class=\"w-tabs-section has_text_color\" id=\"q9e6\" style=\"background:var(--color-header-transparent-text);color:var(--color-header-top-text-hover);\"><button class=\"w-tabs-section-header\" aria-controls=\"content-q9e6\" aria-expanded=\"false\"><div class=\"w-tabs-section-title\">N\u00fadzov\u00e1 pomoc po zn\u00e1silnen\u00ed<\/div><div class=\"w-tabs-section-control\"><\/div><\/button><div  class=\"w-tabs-section-content\" id=\"content-q9e6\"><div class=\"w-tabs-section-content-h i-cf\"><div class=\"wpb_text_column\"><div class=\"wpb_wrapper\"><p><span style=\"font-weight: 400;\">Vo Wiesbadene sa roz\u0161\u00edrila n\u00fadzov\u00e1 lek\u00e1rska pomoc po zn\u00e1silnen\u00ed. Dotknut\u00e9 osoby m\u00f4\u017eu dosta\u0165 lek\u00e1rsku pomoc na vybran\u00fdch klinik\u00e1ch a maj\u00fa anonymne zabezpe\u010den\u00e9 stopy, a to aj bez okam\u017eit\u00e9ho ozn\u00e1menia. Ponuka je d\u00f4vern\u00e1, bezplatn\u00e1 a umo\u017e\u0148uje dotknut\u00fdm osob\u00e1m, aby sa sami rozhodli o \u010fal\u0161om postupe. Dop\u013a\u0148a ho sie\u0165 na vykon\u00e1vanie Istanbulsk\u00e9ho dohovoru, ktor\u00e1 posil\u0148uje spolupr\u00e1cu v\u0161etk\u00fdch pr\u00edslu\u0161n\u00fdch akt\u00e9rov, predch\u00e1dza n\u00e1siliu p\u00e1chan\u00e9mu na \u017een\u00e1ch a \u00fa\u010dinne podporuje postihnut\u00e9 osoby.<\/span><\/p>\n<\/div><\/div><\/div><\/div><\/div><div class=\"w-tabs-section has_text_color\" id=\"sb10\" style=\"background:var(--color-header-transparent-text);color:var(--color-header-top-text-hover);\"><button class=\"w-tabs-section-header\" aria-controls=\"content-sb10\" aria-expanded=\"false\"><div class=\"w-tabs-section-title\">Projekt \u201eJe tu Luisa?\u201c<\/div><div class=\"w-tabs-section-control\"><\/div><\/button><div  class=\"w-tabs-section-content\" id=\"content-sb10\"><div class=\"w-tabs-section-content-h i-cf\"><div class=\"wpb_text_column\"><div class=\"wpb_wrapper\"><p><span style=\"font-weight: 400;\">Sme odhodlan\u00ed zabezpe\u010di\u0165, aby \u017eeny vo Wiesbadene boli pri odchode v bezpe\u010d\u00ed. Kampa\u0148 \u201eJe tu Luisa?\u201c umo\u017e\u0148uje \u017een\u00e1m diskr\u00e9tne vyh\u013eada\u0165 pomoc v z\u00fa\u010dastnen\u00fdch baroch, kluboch a verejn\u00fdch in\u0161tit\u00faci\u00e1ch, ke\u010f sa c\u00edtia ohrozen\u00e9 alebo nepr\u00edjemn\u00e9. Za\u010dali sme kampa\u0148, zabezpe\u010dili sme vidite\u013enos\u0165 a roz\u0161\u00edrili projekt na \u010fal\u0161ie verejn\u00e9 in\u0161tit\u00facie a poskytli sme \u0161kolenie pre tamoj\u0161\u00edch zamestnancov. T\u00fdmto sp\u00f4sobom posil\u0148ujeme ochranu \u017eien, predch\u00e1dzame n\u00e1siliu a podporujeme bezpe\u010dn\u00e9 a \u00factiv\u00e9 spolu\u017eitie v meste.<\/span><\/p>\n<\/div><\/div><\/div><\/div><\/div><div class=\"w-tabs-section has_text_color\" id=\"uc30\" style=\"background:var(--color-header-transparent-text);color:var(--color-header-top-text-hover);\"><button class=\"w-tabs-section-header\" aria-controls=\"content-uc30\" aria-expanded=\"false\"><div class=\"w-tabs-section-title\">Dom\u00e1ci telef\u00f3n Project<\/div><div class=\"w-tabs-section-control\"><\/div><\/button><div  class=\"w-tabs-section-content\" id=\"content-uc30\"><div class=\"w-tabs-section-content-h i-cf\"><div class=\"wpb_text_column\"><div class=\"wpb_wrapper\"><p><span style=\"font-weight: 400;\">Okrem toho mesto spolupracuje s Heimwegtelefon e.V., nemeckou slu\u017ebou, ktor\u00e1 sprev\u00e1dza volaj\u00facich telefonicky v noci, ak sa na ceste domov c\u00edtia nebezpe\u010dn\u00ed. T\u00e1to ponuka je k dispoz\u00edcii v nede\u013eu a\u017e \u0161tvrtok od 21:00 do polnoci a v piatok a sobotu od 21:00 do 15:00 pod \u010d\u00edslom 030 12074182. Zaviazali sme sa k \u010fal\u0161iemu vytv\u00e1raniu tak\u00fdchto koncepci\u00ed ochrany a ich spr\u00edstupneniu v\u0161etk\u00fdm.<\/span><\/p>\n<\/div><\/div><\/div><\/div><\/div><div class=\"w-tabs-section has_text_color\" id=\"td4f\" style=\"background:var(--color-header-transparent-text);color:var(--color-header-top-text-hover);\"><button class=\"w-tabs-section-header\" aria-controls=\"content-td4f\" aria-expanded=\"false\"><div class=\"w-tabs-section-title\">Vo\u013en\u00e9 men\u0161trua\u010dn\u00e9 produkty<\/div><div class=\"w-tabs-section-control\"><\/div><\/button><div  class=\"w-tabs-section-content\" id=\"content-td4f\"><div class=\"w-tabs-section-content-h i-cf\"><div class=\"wpb_text_column\"><div class=\"wpb_wrapper\"><p><span style=\"font-weight: 400;\">Zabezpe\u010dili sme, aby men\u0161trua\u010dn\u00e9 produkty boli k dispoz\u00edcii bezplatne v \u0161kol\u00e1ch, kancel\u00e1ri\u00e1ch a verejn\u00fdch in\u0161tit\u00faci\u00e1ch vo Wiesbadene. Nikto nie je diskriminovan\u00fd z finan\u010dn\u00fdch d\u00f4vodov a najm\u00e4 diev\u010dat\u00e1 a mlad\u00e9 \u017eeny maj\u00fa spo\u013eahliv\u00fd pr\u00edstup k hygienick\u00fdm v\u00fdrobkom. To posil\u0148uje sebaur\u010denie, rovnos\u0165 a zdravie, oslobodzuje rodiny a vysiela jasn\u00fd sign\u00e1l proti tabu men\u0161tru\u00e1cie \u2013 pre inkluz\u00edvnu, modern\u00fa mestsk\u00fa spr\u00e1vu, v ktorej sa so v\u0161etk\u00fdmi \u013eu\u010fmi zaobch\u00e1dza rovnako.<\/span><\/p>\n<\/div><\/div><\/div><\/div><\/div><div class=\"w-tabs-section has_text_color\" id=\"ve82\" style=\"background:var(--color-header-transparent-text);color:var(--color-header-top-text-hover);\"><button class=\"w-tabs-section-header\" aria-controls=\"content-ve82\" aria-expanded=\"false\"><div class=\"w-tabs-section-title\">Vidite\u013enos\u0165 pr\u00e1v \u017eien a ochrana pred n\u00e1sil\u00edm<\/div><div class=\"w-tabs-section-control\"><\/div><\/button><div  class=\"w-tabs-section-content\" id=\"content-ve82\"><div class=\"w-tabs-section-content-h i-cf\"><div class=\"wpb_text_column\"><div class=\"wpb_wrapper\"><p><span style=\"font-weight: 400;\">Pracovali sme na tom, aby boli ot\u00e1zky ako n\u00e1silie p\u00e1chan\u00e9 na \u017een\u00e1ch, rovnos\u0165 a pr\u00e1va \u017eien vidite\u013en\u00e9 \u2013 vo verejn\u00fdch priestoroch, vo vzdel\u00e1van\u00ed a v kult\u00fare. Spolu so Zonta Club Wiesbaden sme zriadili \u201eoran\u017eov\u00e9 banky\u201c, ktor\u00e9 upozor\u0148uj\u00fa na \u00fatulky a probl\u00e9m n\u00e1silia. S RheinMain University of Applied Sciences sme iniciovali s\u00e9riu predn\u00e1\u0161ok o pornografii a vzoroch a v\u00fdstavy ako Faceless rie\u0161ili s\u0165a\u017enosti a propagovali diskurz v mestskej spolo\u010dnosti.<\/span><\/p>\n<\/div><\/div><\/div><\/div><\/div><\/div><\/div><div class=\"w-separator size_medium\"><\/div><div class=\"w-btn-wrapper align_left\"><a class=\"w-btn us-btn-style_8 icon_atleft\" href=\"https:\/\/gruene-wiesbaden.de\/sk\/kommunalwahl\/#Kapitel2\"><i class=\"fas fa-chevron-circle-right\"><\/i><span class=\"w-btn-label\">Sp\u00e4\u0165 na preh\u013ead<\/span><\/a><\/div><div class=\"w-separator size_large\"><\/div><\/div><\/div><\/div><\/div><\/section>","protected":false},"excerpt":{"rendered":"Rodov\u00e1 rovnos\u0165 je predpokladom spravodliv\u00e9ho a udr\u017eate\u013en\u00e9ho mesta. Vz\u0165ahuje sa rovnako na pr\u00e1cu, vzdel\u00e1vanie, zdravie, bezpe\u010dnos\u0165, kult\u00faru, dopravu a \u00fazemn\u00e9 pl\u00e1novanie. \u017deny a mu\u017ei za\u017e\u00edvaj\u00fa Wiesbaden inak: \u017deny s\u00fa \u010dastej\u0161ie postihnut\u00e9 chudobou, opatrovate\u013eskou pr\u00e1cou, n\u00e1sil\u00edm a neistotou na verejn\u00fdch priestranstv\u00e1ch, zatia\u013e \u010do mu\u017ei st\u00e1le dominuj\u00fa vo ved\u00facich poz\u00edci\u00e1ch a viac pou\u017e\u00edvaj\u00fa auto. Zdravotn\u00edcke a vzdel\u00e1vacie slu\u017eby...","protected":false},"author":1,"featured_media":1545,"comment_status":"closed","ping_status":"closed","sticky":false,"template":"","format":"standard","meta":{"footnotes":""},"categories":[15],"tags":[],"class_list":["post-1349","post","type-post","status-publish","format-standard","has-post-thumbnail","hentry","category-kapitel-2"],"yoast_head":"<!-- This site is optimized with the Yoast SEO plugin v27.5 - https:\/\/yoast.com\/product\/yoast-seo-wordpress\/ -->\n<title>Geschlechtergerechtigkeit - B\u00dcNDNIS 90\/DIE GR\u00dcNEN Wiesbaden<\/title>\n<meta name=\"robots\" content=\"index, follow, max-snippet:-1, max-image-preview:large, max-video-preview:-1\" \/>\n<link rel=\"canonical\" href=\"https:\/\/gruene-wiesbaden.de\/sk\/geschlechtergerechtigkeit\/\" \/>\n<meta property=\"og:locale\" content=\"sk_SK\" \/>\n<meta property=\"og:type\" content=\"article\" \/>\n<meta property=\"og:title\" content=\"Geschlechtergerechtigkeit - B\u00dcNDNIS 90\/DIE GR\u00dcNEN Wiesbaden\" \/>\n<meta property=\"og:url\" content=\"https:\/\/gruene-wiesbaden.de\/sk\/geschlechtergerechtigkeit\/\" \/>\n<meta property=\"og:site_name\" content=\"B\u00dcNDNIS 90\/DIE GR\u00dcNEN Wiesbaden\" \/>\n<meta property=\"article:publisher\" content=\"https:\/\/www.facebook.com\/gruene.wi\" \/>\n<meta property=\"article:published_time\" content=\"2025-11-09T22:09:19+00:00\" \/>\n<meta property=\"article:modified_time\" content=\"2026-04-09T08:25:16+00:00\" \/>\n<meta property=\"og:image\" content=\"https:\/\/gruene-wiesbaden.de\/wp-content\/uploads\/2025\/11\/2.1-Geschlechtergerechtigkeit-scaled.jpeg\" \/>\n\t<meta property=\"og:image:width\" content=\"2560\" \/>\n\t<meta property=\"og:image:height\" content=\"1350\" \/>\n\t<meta property=\"og:image:type\" content=\"image\/jpeg\" \/>\n<meta name=\"author\" content=\"admin\" \/>\n<meta name=\"twitter:card\" content=\"summary_large_image\" \/>\n<meta name=\"twitter:label1\" content=\"Autor\" \/>\n\t<meta name=\"twitter:data1\" content=\"admin\" \/>\n\t<meta name=\"twitter:label2\" content=\"Predpokladan\u00fd \u010das \u010d\u00edtania\" \/>\n\t<meta name=\"twitter:data2\" content=\"12 minutes\" \/>\n<script type=\"application\/ld+json\" class=\"yoast-schema-graph\">{\"@context\":\"https:\\\/\\\/schema.org\",\"@graph\":[{\"@type\":\"Article\",\"@id\":\"https:\\\/\\\/gruene-wiesbaden.de\\\/geschlechtergerechtigkeit\\\/#article\",\"isPartOf\":{\"@id\":\"https:\\\/\\\/gruene-wiesbaden.de\\\/geschlechtergerechtigkeit\\\/\"},\"author\":{\"name\":\"admin\",\"@id\":\"https:\\\/\\\/gruene-wiesbaden.de\\\/#\\\/schema\\\/person\\\/6785c34779159cd4fd86886bb097afe9\"},\"headline\":\"Geschlechtergerechtigkeit\",\"datePublished\":\"2025-11-09T22:09:19+00:00\",\"dateModified\":\"2026-04-09T08:25:16+00:00\",\"mainEntityOfPage\":{\"@id\":\"https:\\\/\\\/gruene-wiesbaden.de\\\/geschlechtergerechtigkeit\\\/\"},\"wordCount\":3266,\"publisher\":{\"@id\":\"https:\\\/\\\/gruene-wiesbaden.de\\\/#organization\"},\"image\":{\"@id\":\"https:\\\/\\\/gruene-wiesbaden.de\\\/geschlechtergerechtigkeit\\\/#primaryimage\"},\"thumbnailUrl\":\"https:\\\/\\\/gruene-wiesbaden.de\\\/wp-content\\\/uploads\\\/2025\\\/11\\\/2.1-Geschlechtergerechtigkeit-scaled.jpeg\",\"articleSection\":[\"Kapitel 2\"],\"inLanguage\":\"sk-SK\"},{\"@type\":\"WebPage\",\"@id\":\"https:\\\/\\\/gruene-wiesbaden.de\\\/geschlechtergerechtigkeit\\\/\",\"url\":\"https:\\\/\\\/gruene-wiesbaden.de\\\/geschlechtergerechtigkeit\\\/\",\"name\":\"Geschlechtergerechtigkeit - B\u00dcNDNIS 90\\\/DIE GR\u00dcNEN Wiesbaden\",\"isPartOf\":{\"@id\":\"https:\\\/\\\/gruene-wiesbaden.de\\\/#website\"},\"primaryImageOfPage\":{\"@id\":\"https:\\\/\\\/gruene-wiesbaden.de\\\/geschlechtergerechtigkeit\\\/#primaryimage\"},\"image\":{\"@id\":\"https:\\\/\\\/gruene-wiesbaden.de\\\/geschlechtergerechtigkeit\\\/#primaryimage\"},\"thumbnailUrl\":\"https:\\\/\\\/gruene-wiesbaden.de\\\/wp-content\\\/uploads\\\/2025\\\/11\\\/2.1-Geschlechtergerechtigkeit-scaled.jpeg\",\"datePublished\":\"2025-11-09T22:09:19+00:00\",\"dateModified\":\"2026-04-09T08:25:16+00:00\",\"breadcrumb\":{\"@id\":\"https:\\\/\\\/gruene-wiesbaden.de\\\/geschlechtergerechtigkeit\\\/#breadcrumb\"},\"inLanguage\":\"sk-SK\",\"potentialAction\":[{\"@type\":\"ReadAction\",\"target\":[\"https:\\\/\\\/gruene-wiesbaden.de\\\/geschlechtergerechtigkeit\\\/\"]}]},{\"@type\":\"ImageObject\",\"inLanguage\":\"sk-SK\",\"@id\":\"https:\\\/\\\/gruene-wiesbaden.de\\\/geschlechtergerechtigkeit\\\/#primaryimage\",\"url\":\"https:\\\/\\\/gruene-wiesbaden.de\\\/wp-content\\\/uploads\\\/2025\\\/11\\\/2.1-Geschlechtergerechtigkeit-scaled.jpeg\",\"contentUrl\":\"https:\\\/\\\/gruene-wiesbaden.de\\\/wp-content\\\/uploads\\\/2025\\\/11\\\/2.1-Geschlechtergerechtigkeit-scaled.jpeg\",\"width\":2560,\"height\":1350,\"caption\":\"Gender equality, pay gap and woman with a sign in the office with a female and male symbol. Business, equity and girl employee with a feminism card in protest for equal salary, opportunity and equity.\"},{\"@type\":\"BreadcrumbList\",\"@id\":\"https:\\\/\\\/gruene-wiesbaden.de\\\/geschlechtergerechtigkeit\\\/#breadcrumb\",\"itemListElement\":[{\"@type\":\"ListItem\",\"position\":1,\"name\":\"Startseite\",\"item\":\"https:\\\/\\\/gruene-wiesbaden.de\\\/\"},{\"@type\":\"ListItem\",\"position\":2,\"name\":\"Geschlechtergerechtigkeit\"}]},{\"@type\":\"WebSite\",\"@id\":\"https:\\\/\\\/gruene-wiesbaden.de\\\/#website\",\"url\":\"https:\\\/\\\/gruene-wiesbaden.de\\\/\",\"name\":\"DIE GR\u00dcNEN Wiesbaden\",\"description\":\"\",\"publisher\":{\"@id\":\"https:\\\/\\\/gruene-wiesbaden.de\\\/#organization\"},\"potentialAction\":[{\"@type\":\"SearchAction\",\"target\":{\"@type\":\"EntryPoint\",\"urlTemplate\":\"https:\\\/\\\/gruene-wiesbaden.de\\\/?s={search_term_string}\"},\"query-input\":{\"@type\":\"PropertyValueSpecification\",\"valueRequired\":true,\"valueName\":\"search_term_string\"}}],\"inLanguage\":\"sk-SK\"},{\"@type\":\"Organization\",\"@id\":\"https:\\\/\\\/gruene-wiesbaden.de\\\/#organization\",\"name\":\"DIE GR\u00dcNEN Wiesbaden\",\"url\":\"https:\\\/\\\/gruene-wiesbaden.de\\\/\",\"logo\":{\"@type\":\"ImageObject\",\"inLanguage\":\"sk-SK\",\"@id\":\"https:\\\/\\\/gruene-wiesbaden.de\\\/#\\\/schema\\\/logo\\\/image\\\/\",\"url\":\"https:\\\/\\\/gruene-wiesbaden-fuer-europa.de\\\/wp-content\\\/uploads\\\/2024\\\/04\\\/Machen-was-zaehlt-5.png\",\"contentUrl\":\"https:\\\/\\\/gruene-wiesbaden-fuer-europa.de\\\/wp-content\\\/uploads\\\/2024\\\/04\\\/Machen-was-zaehlt-5.png\",\"width\":1772,\"height\":1772,\"caption\":\"DIE GR\u00dcNEN Wiesbaden\"},\"image\":{\"@id\":\"https:\\\/\\\/gruene-wiesbaden.de\\\/#\\\/schema\\\/logo\\\/image\\\/\"},\"sameAs\":[\"https:\\\/\\\/www.facebook.com\\\/gruene.wi\",\"https:\\\/\\\/instagram.com\\\/gruene_wi\"]},{\"@type\":\"Person\",\"@id\":\"https:\\\/\\\/gruene-wiesbaden.de\\\/#\\\/schema\\\/person\\\/6785c34779159cd4fd86886bb097afe9\",\"name\":\"admin\",\"sameAs\":[\"http:\\\/\\\/gruene-wiesbaden-fuer-europa.de\"],\"url\":\"https:\\\/\\\/gruene-wiesbaden.de\\\/sk\\\/author\\\/admin\\\/\"}]}<\/script>\n<!-- \/ Yoast SEO plugin. -->","yoast_head_json":{"title":"Geschlechtergerechtigkeit - B\u00dcNDNIS 90\/DIE GR\u00dcNEN Wiesbaden","robots":{"index":"index","follow":"follow","max-snippet":"max-snippet:-1","max-image-preview":"max-image-preview:large","max-video-preview":"max-video-preview:-1"},"canonical":"https:\/\/gruene-wiesbaden.de\/sk\/geschlechtergerechtigkeit\/","og_locale":"sk_SK","og_type":"article","og_title":"Geschlechtergerechtigkeit - B\u00dcNDNIS 90\/DIE GR\u00dcNEN Wiesbaden","og_url":"https:\/\/gruene-wiesbaden.de\/sk\/geschlechtergerechtigkeit\/","og_site_name":"B\u00dcNDNIS 90\/DIE GR\u00dcNEN Wiesbaden","article_publisher":"https:\/\/www.facebook.com\/gruene.wi","article_published_time":"2025-11-09T22:09:19+00:00","article_modified_time":"2026-04-09T08:25:16+00:00","og_image":[{"width":2560,"height":1350,"url":"https:\/\/gruene-wiesbaden.de\/wp-content\/uploads\/2025\/11\/2.1-Geschlechtergerechtigkeit-scaled.jpeg","type":"image\/jpeg"}],"author":"admin","twitter_card":"summary_large_image","twitter_misc":{"Autor":"admin","Predpokladan\u00fd \u010das \u010d\u00edtania":"12 minutes"},"schema":{"@context":"https:\/\/schema.org","@graph":[{"@type":"Article","@id":"https:\/\/gruene-wiesbaden.de\/geschlechtergerechtigkeit\/#article","isPartOf":{"@id":"https:\/\/gruene-wiesbaden.de\/geschlechtergerechtigkeit\/"},"author":{"name":"admin","@id":"https:\/\/gruene-wiesbaden.de\/#\/schema\/person\/6785c34779159cd4fd86886bb097afe9"},"headline":"Geschlechtergerechtigkeit","datePublished":"2025-11-09T22:09:19+00:00","dateModified":"2026-04-09T08:25:16+00:00","mainEntityOfPage":{"@id":"https:\/\/gruene-wiesbaden.de\/geschlechtergerechtigkeit\/"},"wordCount":3266,"publisher":{"@id":"https:\/\/gruene-wiesbaden.de\/#organization"},"image":{"@id":"https:\/\/gruene-wiesbaden.de\/geschlechtergerechtigkeit\/#primaryimage"},"thumbnailUrl":"https:\/\/gruene-wiesbaden.de\/wp-content\/uploads\/2025\/11\/2.1-Geschlechtergerechtigkeit-scaled.jpeg","articleSection":["Kapitel 2"],"inLanguage":"sk-SK"},{"@type":"WebPage","@id":"https:\/\/gruene-wiesbaden.de\/geschlechtergerechtigkeit\/","url":"https:\/\/gruene-wiesbaden.de\/geschlechtergerechtigkeit\/","name":"Geschlechtergerechtigkeit - B\u00dcNDNIS 90\/DIE GR\u00dcNEN Wiesbaden","isPartOf":{"@id":"https:\/\/gruene-wiesbaden.de\/#website"},"primaryImageOfPage":{"@id":"https:\/\/gruene-wiesbaden.de\/geschlechtergerechtigkeit\/#primaryimage"},"image":{"@id":"https:\/\/gruene-wiesbaden.de\/geschlechtergerechtigkeit\/#primaryimage"},"thumbnailUrl":"https:\/\/gruene-wiesbaden.de\/wp-content\/uploads\/2025\/11\/2.1-Geschlechtergerechtigkeit-scaled.jpeg","datePublished":"2025-11-09T22:09:19+00:00","dateModified":"2026-04-09T08:25:16+00:00","breadcrumb":{"@id":"https:\/\/gruene-wiesbaden.de\/geschlechtergerechtigkeit\/#breadcrumb"},"inLanguage":"sk-SK","potentialAction":[{"@type":"ReadAction","target":["https:\/\/gruene-wiesbaden.de\/geschlechtergerechtigkeit\/"]}]},{"@type":"ImageObject","inLanguage":"sk-SK","@id":"https:\/\/gruene-wiesbaden.de\/geschlechtergerechtigkeit\/#primaryimage","url":"https:\/\/gruene-wiesbaden.de\/wp-content\/uploads\/2025\/11\/2.1-Geschlechtergerechtigkeit-scaled.jpeg","contentUrl":"https:\/\/gruene-wiesbaden.de\/wp-content\/uploads\/2025\/11\/2.1-Geschlechtergerechtigkeit-scaled.jpeg","width":2560,"height":1350,"caption":"Gender equality, pay gap and woman with a sign in the office with a female and male symbol. Business, equity and girl employee with a feminism card in protest for equal salary, opportunity and equity."},{"@type":"BreadcrumbList","@id":"https:\/\/gruene-wiesbaden.de\/geschlechtergerechtigkeit\/#breadcrumb","itemListElement":[{"@type":"ListItem","position":1,"name":"Startseite","item":"https:\/\/gruene-wiesbaden.de\/"},{"@type":"ListItem","position":2,"name":"Geschlechtergerechtigkeit"}]},{"@type":"WebSite","@id":"https:\/\/gruene-wiesbaden.de\/#website","url":"https:\/\/gruene-wiesbaden.de\/","name":"DIE GR\u00dcNEN Wiesbaden","description":"","publisher":{"@id":"https:\/\/gruene-wiesbaden.de\/#organization"},"potentialAction":[{"@type":"SearchAction","target":{"@type":"EntryPoint","urlTemplate":"https:\/\/gruene-wiesbaden.de\/?s={search_term_string}"},"query-input":{"@type":"PropertyValueSpecification","valueRequired":true,"valueName":"search_term_string"}}],"inLanguage":"sk-SK"},{"@type":"Organization","@id":"https:\/\/gruene-wiesbaden.de\/#organization","name":"DIE GR\u00dcNEN Wiesbaden","url":"https:\/\/gruene-wiesbaden.de\/","logo":{"@type":"ImageObject","inLanguage":"sk-SK","@id":"https:\/\/gruene-wiesbaden.de\/#\/schema\/logo\/image\/","url":"https:\/\/gruene-wiesbaden-fuer-europa.de\/wp-content\/uploads\/2024\/04\/Machen-was-zaehlt-5.png","contentUrl":"https:\/\/gruene-wiesbaden-fuer-europa.de\/wp-content\/uploads\/2024\/04\/Machen-was-zaehlt-5.png","width":1772,"height":1772,"caption":"DIE GR\u00dcNEN Wiesbaden"},"image":{"@id":"https:\/\/gruene-wiesbaden.de\/#\/schema\/logo\/image\/"},"sameAs":["https:\/\/www.facebook.com\/gruene.wi","https:\/\/instagram.com\/gruene_wi"]},{"@type":"Person","@id":"https:\/\/gruene-wiesbaden.de\/#\/schema\/person\/6785c34779159cd4fd86886bb097afe9","name":"admin","sameAs":["http:\/\/gruene-wiesbaden-fuer-europa.de"],"url":"https:\/\/gruene-wiesbaden.de\/sk\/author\/admin\/"}]}},"_links":{"self":[{"href":"https:\/\/gruene-wiesbaden.de\/sk\/wp-json\/wp\/v2\/posts\/1349","targetHints":{"allow":["GET"]}}],"collection":[{"href":"https:\/\/gruene-wiesbaden.de\/sk\/wp-json\/wp\/v2\/posts"}],"about":[{"href":"https:\/\/gruene-wiesbaden.de\/sk\/wp-json\/wp\/v2\/types\/post"}],"author":[{"embeddable":true,"href":"https:\/\/gruene-wiesbaden.de\/sk\/wp-json\/wp\/v2\/users\/1"}],"replies":[{"embeddable":true,"href":"https:\/\/gruene-wiesbaden.de\/sk\/wp-json\/wp\/v2\/comments?post=1349"}],"version-history":[{"count":7,"href":"https:\/\/gruene-wiesbaden.de\/sk\/wp-json\/wp\/v2\/posts\/1349\/revisions"}],"predecessor-version":[{"id":2389,"href":"https:\/\/gruene-wiesbaden.de\/sk\/wp-json\/wp\/v2\/posts\/1349\/revisions\/2389"}],"wp:featuredmedia":[{"embeddable":true,"href":"https:\/\/gruene-wiesbaden.de\/sk\/wp-json\/wp\/v2\/media\/1545"}],"wp:attachment":[{"href":"https:\/\/gruene-wiesbaden.de\/sk\/wp-json\/wp\/v2\/media?parent=1349"}],"wp:term":[{"taxonomy":"category","embeddable":true,"href":"https:\/\/gruene-wiesbaden.de\/sk\/wp-json\/wp\/v2\/categories?post=1349"},{"taxonomy":"post_tag","embeddable":true,"href":"https:\/\/gruene-wiesbaden.de\/sk\/wp-json\/wp\/v2\/tags?post=1349"}],"curies":[{"name":"wp","href":"https:\/\/api.w.org\/{rel}","templated":true}]}}