{"id":1337,"date":"2025-11-09T23:50:07","date_gmt":"2025-11-09T21:50:07","guid":{"rendered":"https:\/\/gruene-wiesbaden.de\/?p=1337"},"modified":"2026-04-09T00:18:22","modified_gmt":"2026-04-08T22:18:22","slug":"kultur","status":"publish","type":"post","link":"https:\/\/gruene-wiesbaden.de\/sk\/kultur\/","title":{"rendered":"kult\u00fara"},"content":{"rendered":"<section class=\"l-section wpb_row height_medium with_img\"><div class=\"l-section-img\" role=\"img\" data-img-width=\"1080\" data-img-height=\"800\" style=\"background-image: url(https:\/\/gruene-wiesbaden.de\/wp-content\/uploads\/2025\/11\/neuer-Verlauf-gruene-wiesbaden.de_-2-e1762709402177.png);\"><\/div><div class=\"l-section-overlay\" style=\"background:var(--color-header-top-transparent-bg)\"><\/div><div class=\"l-section-h i-cf\"><div class=\"g-cols vc_row via_grid cols_1 laptops-cols_inherit tablets-cols_inherit mobiles-cols_1 valign_top type_default stacking_default\"><div class=\"wpb_column vc_column_container\"><div class=\"vc_column-inner\"><h1 class=\"w-post-elm post_title us_custom_a574d586 has_text_color entry-title\">kult\u00fara<\/h1><div class=\"w-separator size_medium\"><\/div><div class=\"g-cols wpb_row via_grid cols_2-1 laptops-cols_inherit tablets-cols_inherit mobiles-cols_1 valign_top type_default stacking_default\" style=\"--columns-gap:3rem;\"><div class=\"wpb_column vc_column_container\"><div class=\"vc_column-inner\"><div class=\"wpb_text_column us_custom_8b3d6790 has_text_color\"><div class=\"wpb_wrapper\"><p><span style=\"font-weight: 400;\">Kult\u00fara existuje, ale je toho ove\u013ea viac: Ich rozmanit\u00e1 ponuka vytv\u00e1ra pr\u00edle\u017eitosti na stretnutia, otv\u00e1ra nov\u00e9 perspekt\u00edvy a poskytuje orient\u00e1ciu v ka\u017edodennom \u017eivote. Ich odstrediv\u00e9 sily maj\u00fa pozit\u00edvny vplyv na osobn\u00fd rozvoj, ako aj na soci\u00e1lnu s\u00fadr\u017enos\u0165. \u00da\u010das\u0165 na kult\u00farnom \u017eivote je preto \u013eudsk\u00fdm pr\u00e1vom zakotven\u00fdm vo V\u0161eobecnej deklar\u00e1cii \u013eudsk\u00fdch pr\u00e1v a v Dohovore OSN o pr\u00e1vach os\u00f4b so zdravotn\u00fdm postihnut\u00edm.<\/span><\/p>\n<p><span style=\"font-weight: 400;\">Umenie a kult\u00fara s\u00fa de\u0165mi slobody. Kult\u00farna krajina vo Wiesbadene sa mus\u00ed zachova\u0165 vo svojej rozmanitosti a chr\u00e1ni\u0165 pred ak\u00fdmko\u013evek politick\u00fdm vplyvom, aby sa mohla rozv\u00edja\u0165 a rozv\u00edja\u0165.<\/span><\/p>\n<\/div><\/div><div class=\"w-separator size_medium\"><\/div><div class=\"w-btn-wrapper align_left\"><a class=\"w-btn us-btn-style_8 icon_atleft\" href=\"https:\/\/gruene-wiesbaden.de\/sk\/kommunalwahl\/#Kapitel1\"><i class=\"fas fa-chevron-circle-right\"><\/i><span class=\"w-btn-label\">Sp\u00e4\u0165 na preh\u013ead<\/span><\/a><\/div><\/div><\/div><div class=\"wpb_column vc_column_container\"><div class=\"vc_column-inner\"><div class=\"w-image align_center\"><div class=\"w-image-h\"><img decoding=\"async\" width=\"2560\" height=\"1708\" src=\"https:\/\/gruene-wiesbaden.de\/wp-content\/uploads\/2025\/11\/1.10-Kultur-scaled.jpeg\" class=\"attachment-full size-full\" alt=\"\" loading=\"lazy\" srcset=\"https:\/\/gruene-wiesbaden.de\/wp-content\/uploads\/2025\/11\/1.10-Kultur-scaled.jpeg 2560w, https:\/\/gruene-wiesbaden.de\/wp-content\/uploads\/2025\/11\/1.10-Kultur-400x267.jpeg 400w, https:\/\/gruene-wiesbaden.de\/wp-content\/uploads\/2025\/11\/1.10-Kultur-600x400.jpeg 600w\" sizes=\"auto, (max-width: 2560px) 100vw, 2560px\" \/><\/div><\/div><div class=\"w-separator size_small\"><\/div><\/div><\/div><\/div><div class=\"w-separator size_medium\"><\/div><div class=\"w-separator size_medium\"><\/div><div class=\"wpb_text_column\"><div class=\"wpb_wrapper\"><h1>\u010co pre n\u00e1s znamen\u00e1 udr\u017eate\u013en\u00e9 po\u013enohospod\u00e1rstvo a lesn\u00e9 hospod\u00e1rstvo<\/h1>\n<\/div><\/div><div class=\"w-separator size_large\"><\/div><div class=\"g-cols wpb_row via_grid cols_3 laptops-cols_inherit tablets-cols_inherit mobiles-cols_1 valign_top type_default stacking_default\" style=\"--columns-gap:3rem;\"><div class=\"wpb_column vc_column_container\"><div class=\"vc_column-inner\"><div class=\"w-iconbox us_custom_8b3d6790 has_text_color iconpos_left style_default color_custom align_left\"><div class=\"w-iconbox-icon\" style=\"font-size:2rem;--icon-color:#Ffffff;--icon-bg-color:var(--color-header-middle-bg);\"><i class=\"fas fa-layer-group\"><\/i><\/div><div class=\"w-iconbox-meta\"><h4 class=\"w-iconbox-title\" style=\"font-size:1.5rem;\">Podpora kult\u00fary je ochrana demokracie<\/h4><div class=\"w-iconbox-text\"><p><span style=\"font-weight: 400;\">Kult\u00fara je viac ako z\u00e1bava. Podporuje stretnutia, povzbudzuje reflexiu a posil\u0148uje na\u0161e demokratick\u00e9 spolu\u017eitie. Kult\u00fara ukazuje r\u00f4zne hlasy a \u017eivotn\u00fd \u0161t\u00fdl a rob\u00ed ich hmatate\u013en\u00fdmi. \u017dije sa tu rozmanitos\u0165 a za\u010dlenenie, podporuje sa zdravie a soci\u00e1lna s\u00fadr\u017enos\u0165.<\/span><\/p>\n<p><span style=\"font-weight: 400;\">Kult\u00fara je preto k\u013e\u00fa\u010dov\u00fdm pilierom otvorenej a demokratickej spolo\u010dnosti.<\/span><\/p>\n<p><br style=\"font-weight: 400;\" \/><br style=\"font-weight: 400;\" \/><\/p>\n<\/div><\/div><\/div><\/div><\/div><div class=\"wpb_column vc_column_container\"><div class=\"vc_column-inner\"><div class=\"w-iconbox us_custom_8b3d6790 has_text_color iconpos_left style_default color_custom align_left\"><div class=\"w-iconbox-icon\" style=\"font-size:2rem;--icon-color:#Ffffff;--icon-bg-color:var(--color-header-transparent-text);\"><i class=\"fas fa-layer-group\"><\/i><\/div><div class=\"w-iconbox-meta\"><h4 class=\"w-iconbox-title\" style=\"font-size:1.5rem;\">Kult\u00fara je lokaliza\u010dn\u00fd faktor<\/h4><div class=\"w-iconbox-text\"><p><span style=\"font-weight: 400;\">Atrakt\u00edvna kult\u00farna ponuka posil\u0148uje cestovn\u00fd ruch vo Wiesbadene a zvy\u0161uje pr\u00ed\u0165a\u017elivos\u0165 pre obchodn\u00e9 s\u00eddla, pr\u00edlev kvalifikovan\u00fdch pracovn\u00edkov a \u0161tudentov a via\u017ee \u013eud\u00ed k n\u00e1\u0161mu mestu.<\/span><\/p>\n<\/div><\/div><\/div><\/div><\/div><div class=\"wpb_column vc_column_container\"><div class=\"vc_column-inner\"><div class=\"w-iconbox us_custom_8b3d6790 has_text_color iconpos_left style_default color_custom align_left\"><div class=\"w-iconbox-icon\" style=\"font-size:2rem;--icon-color:#Ffffff;--icon-bg-color:var(--color-header-transparent-text);\"><i class=\"fas fa-layer-group\"><\/i><\/div><div class=\"w-iconbox-meta\"><h4 class=\"w-iconbox-title\" style=\"font-size:1.5rem;\">Kult\u00fara ako hnacia sila rozvoja<\/h4><div class=\"w-iconbox-text\"><p><span style=\"font-weight: 400;\">Kult\u00fara sk\u00fama hranice a kriticky sprev\u00e1dza soci\u00e1lne procesy. Olizuje sa, je nepr\u00edjemn\u00e1 a rozb\u00edja tabu. Kult\u00fara je experiment\u00e1lna oblas\u0165, v ktorej sa d\u00e1 praktizova\u0165 demokracia a \u017ei\u0165 rokovac\u00ed proces. Kult\u00fara je preto nevyhnutn\u00fdm impulzom pre \u010fal\u0161\u00ed rozvoj demokratickej spolo\u010dnosti orientovan\u00fd na bud\u00facnos\u0165.<\/span><\/p>\n<\/div><\/div><\/div><\/div><\/div><\/div><div class=\"w-separator size_medium\"><\/div><div class=\"g-cols wpb_row via_grid cols_1-2 laptops-cols_inherit tablets-cols_inherit mobiles-cols_1 valign_top type_default stacking_default\" style=\"--columns-gap:3rem;\"><div class=\"wpb_column vc_column_container\"><div class=\"vc_column-inner\"><div class=\"w-iconbox us_custom_8b3d6790 has_text_color iconpos_left style_default color_custom align_left\"><div class=\"w-iconbox-icon\" style=\"font-size:2rem;--icon-color:#Ffffff;--icon-bg-color:var(--color-header-middle-bg);\"><i class=\"fas fa-layer-group\"><\/i><\/div><div class=\"w-iconbox-meta\"><h4 class=\"w-iconbox-title\" style=\"font-size:1.5rem;\">Kult\u00fara vytv\u00e1ra slobodu<\/h4><div class=\"w-iconbox-text\"><p><span style=\"font-weight: 400;\">Kult\u00farna \u00fa\u010das\u0165 nie je \u201epekn\u00e9 ma\u0165\u201c, ale \u013eudsk\u00e9 pr\u00e1vo. Kult\u00fara poskytuje in\u0161pir\u00e1ciu a povzbudzuje reflexiu. Kult\u00farne vzdel\u00e1vanie roz\u0161iruje horizont, posil\u0148uje toleranciu a seba\u00fa\u010dinnos\u0165. Kult\u00farne priestory poskytuj\u00fa bezpe\u010dn\u00e9 priestory na podporu rozvoja vlastnej identity. Kult\u00fara pon\u00faka skuto\u010dn\u00fa spolo\u010dn\u00fa sk\u00fasenos\u0165 a vedie spolu namiesto delenia.<\/span><\/p>\n<p><br style=\"font-weight: 400;\" \/><br style=\"font-weight: 400;\" \/><\/p>\n<\/div><\/div><\/div><\/div><\/div><div class=\"wpb_column vc_column_container\"><div class=\"vc_column-inner\"><div class=\"w-iconbox us_custom_8b3d6790 has_text_color iconpos_left style_default color_custom align_left\"><div class=\"w-iconbox-icon\" style=\"font-size:2rem;--icon-color:#Ffffff;--icon-bg-color:var(--color-header-transparent-text);\"><i class=\"fas fa-layer-group\"><\/i><\/div><div class=\"w-iconbox-meta\"><h4 class=\"w-iconbox-title\" style=\"font-size:1.5rem;\">Kult\u00fara je mestsk\u00fd rozvoj<\/h4><div class=\"w-iconbox-text\"><p><span style=\"font-weight: 400;\">Aj vo Wiesbadene zanech\u00e1va rast\u00faci internetov\u00fd obchod svoju stopu. Vo\u013enos\u0165 rastie. \u0160pecializovan\u00e9 obchody a dokonca aj ve\u013ek\u00e9 obchodn\u00e9 domy maj\u00fa probl\u00e9my. Opusten\u00e9 centrum mesta je nielen neatrakt\u00edvne, ale aj neistota \u2013 \u010di u\u017e skuto\u010dn\u00e1 alebo poci\u0165ovan\u00e1 \u2013 sa v \u0148om r\u00fdchlo st\u00e1va probl\u00e9mom.<\/span><\/p>\n<p><span style=\"font-weight: 400;\">Kreat\u00edvny a kult\u00farny potenci\u00e1l n\u00e1\u0161ho mesta m\u00f4\u017ee stava\u0165 mosty tu: Vyu\u017e\u00edvanie vo\u013en\u00fdch pracovn\u00fdch miest, vytv\u00e1ranie \u201etret\u00edch miest\u201c, revitaliz\u00e1cia n\u00e1mest\u00ed s podujatiami a zria\u010fovanie klubov a gastron\u00f3mie vytv\u00e1raj\u00fa nov\u00e9 miesta stretnutia, ktor\u00e9 zvy\u0161uj\u00fa atrakt\u00edvnos\u0165 centra mesta.<\/span><\/p>\n<p><br style=\"font-weight: 400;\" \/><br style=\"font-weight: 400;\" \/><\/p>\n<\/div><\/div><\/div><\/div><\/div><\/div><div class=\"w-separator size_medium\"><\/div><div class=\"w-btn-wrapper align_left\"><a class=\"w-btn us-btn-style_8 icon_atleft\" href=\"https:\/\/gruene-wiesbaden.de\/sk\/kommunalwahl\/#Kapitel1\"><i class=\"fas fa-chevron-circle-right\"><\/i><span class=\"w-btn-label\">Sp\u00e4\u0165 na preh\u013ead<\/span><\/a><\/div><div class=\"w-separator size_medium\"><\/div><\/div><\/div><\/div><\/div><\/section><section class=\"l-section wpb_row height_auto with_img\"><div class=\"l-section-img\" role=\"img\" data-img-width=\"2560\" data-img-height=\"1708\" style=\"background-image: url(https:\/\/gruene-wiesbaden.de\/wp-content\/uploads\/2025\/11\/1.10-Kultur-scaled.jpeg);background-repeat: no-repeat;\"><\/div><div class=\"l-section-overlay\" style=\"background:var(--color-header-top-transparent-bg)\"><\/div><div class=\"l-section-h i-cf\"><div class=\"g-cols vc_row via_grid cols_1 laptops-cols_inherit tablets-cols_inherit mobiles-cols_1 valign_middle type_default stacking_default\" style=\"--columns-gap:1rem;\"><div class=\"wpb_column vc_column_container\"><div class=\"vc_column-inner\"><div class=\"w-separator size_large\"><\/div><div class=\"wpb_text_column background_inside_text\"><div class=\"wpb_wrapper\"><h1>\u010co konkr\u00e9tne chceme v tejto oblasti urobi\u0165<\/h1>\n<\/div><\/div><div class=\"w-separator size_medium\"><\/div><div class=\"w-tabs us_custom_42d693a0 has_text_color style_default switch_click accordion has_scrolling\" style=\"--sections-title-size:1.4rem\"><div class=\"w-tabs-sections titles-align_none icon_chevron cpos_right\"><div class=\"w-tabs-section has_text_color\" id=\"xcd7\" style=\"background:var(--color-header-transparent-text);color:var(--color-header-top-text-hover);\"><button class=\"w-tabs-section-header\" aria-controls=\"content-xcd7\" aria-expanded=\"false\"><div class=\"w-tabs-section-title\">Kult\u00fara potrebuje priestor<\/div><div class=\"w-tabs-section-control\"><\/div><\/button><div  class=\"w-tabs-section-content\" id=\"content-xcd7\"><div class=\"w-tabs-section-content-h i-cf\"><div class=\"wpb_text_column\"><div class=\"wpb_wrapper\"><p><span style=\"font-weight: 400;\">K\u00fcnstlerhaus43, VHS, Stadtmuseum, Kreativfabrik, KONTEXT alebo Tanzhaus \u2013 v\u0161etky s\u00fa obzvl\u00e1\u0161\u0165 jednotn\u00e9: Kult\u00fara potrebuje priestory, ochranu z\u00e1sob a jasn\u00e9 perspekt\u00edvy. Preto podporujeme kult\u00farny rozvoj miest prostredn\u00edctvom op\u00e4tovn\u00e9ho vyu\u017e\u00edvania vo\u013en\u00fdch pracovn\u00fdch miest, \u010fal\u0161ieho rozvoja KULTurCAMPu a vzniku nov\u00fdch \u201etret\u00edch miest\u201c, ako je napr\u00edklad WALHALLA.<\/span><\/p>\n<\/div><\/div><\/div><\/div><\/div><div class=\"w-tabs-section has_text_color\" id=\"gdf4\" style=\"background:var(--color-header-transparent-text);color:var(--color-header-top-text-hover);\"><button class=\"w-tabs-section-header\" aria-controls=\"content-gdf4\" aria-expanded=\"false\"><div class=\"w-tabs-section-title\">Udr\u017eate\u013en\u00e1 kult\u00fara<\/div><div class=\"w-tabs-section-control\"><\/div><\/button><div  class=\"w-tabs-section-content\" id=\"content-gdf4\"><div class=\"w-tabs-section-content-h i-cf\"><div class=\"wpb_text_column\"><div class=\"wpb_wrapper\"><p><span style=\"font-weight: 400;\">Environment\u00e1lna a soci\u00e1lna udr\u017eate\u013enos\u0165 je tie\u017e d\u00f4le\u017eit\u00fdm cie\u013eom v kult\u00fare. \u010casto v\u0161ak ch\u00fdba know-how a finan\u010dn\u00e9 zdroje na realiz\u00e1ciu udr\u017eate\u013en\u00fdch my\u0161lienok. Chceme preto u\u013eah\u010di\u0165 pr\u00edstup k existuj\u00facim mo\u017enostiam financovania prostredn\u00edctvom poradenstva a zlep\u0161i\u0165 prenos poznatkov medzi kult\u00farnymi in\u0161tit\u00faciami prostredn\u00edctvom pravideln\u00fdch semin\u00e1rov a nepretr\u017eitej podpory TourCert a \u00d6koprofit alebo odvetvov\u00fdch certifika\u010dn\u00fdch noriem.<\/span><\/p>\n<\/div><\/div><\/div><\/div><\/div><div class=\"w-tabs-section has_text_color\" id=\"ef29\" style=\"background:var(--color-header-transparent-text);color:var(--color-header-top-text-hover);\"><button class=\"w-tabs-section-header\" aria-controls=\"content-ef29\" aria-expanded=\"false\"><div class=\"w-tabs-section-title\">Kult\u00fara potrebuje perspekt\u00edvu<\/div><div class=\"w-tabs-section-control\"><\/div><\/button><div  class=\"w-tabs-section-content\" id=\"content-ef29\"><div class=\"w-tabs-section-content-h i-cf\"><div class=\"wpb_text_column\"><div class=\"wpb_wrapper\"><p><span style=\"font-weight: 400;\">Podpora kult\u00fary nie je luxus, ktor\u00fd si mus\u00edte dovoli\u0165. Podpora kult\u00fary je ochranou demokracie. Preto je v hospod\u00e1rsky a politicky \u0165a\u017ek\u00fdch \u010dasoch mimoriadne d\u00f4le\u017eit\u00e9, aby sa kult\u00farna podpora nedostala pod kontrolu. Ke\u010f dot\u00e1cie z\u00e1visia od politickej svojv\u00f4le a ne\u017eelan\u00fd obsah sa odstra\u0148uje, z\u00e1kladn\u00e9 kamene na\u0161ej demokracie s\u00fa ohrozen\u00e9. ZELEN\u00cd sme preto za zachovanie na\u0161ej r\u00f4znorodej kult\u00farnej krajiny, za loby kult\u00farneho poradn\u00e9ho v\u00fdboru, za \u010fal\u0161iu podporu odboru anga\u017eovanosti v kult\u00fare a za vykon\u00e1vanie pl\u00e1nu kult\u00farneho rozvoja.<\/span><\/p>\n<\/div><\/div><\/div><\/div><\/div><div class=\"w-tabs-section has_text_color\" id=\"l046\" style=\"background:var(--color-header-middle-bg);color:var(--color-content-heading);\"><button class=\"w-tabs-section-header\" aria-controls=\"content-l046\" aria-expanded=\"false\"><div class=\"w-tabs-section-title\">Posil\u0148ovanie vo\u013enej sc\u00e9ny<\/div><div class=\"w-tabs-section-control\"><\/div><\/button><div  class=\"w-tabs-section-content\" id=\"content-l046\"><div class=\"w-tabs-section-content-h i-cf\"><div class=\"wpb_text_column\"><div class=\"wpb_wrapper\"><p><span style=\"font-weight: 400;\">Otvoren\u00e9 p\u00f3di\u00e1, \u0161t\u00fadi\u00e1 a soci\u00e1lno-kult\u00farne centr\u00e1 s\u00fa tvoriv\u00fdm humusom spolo\u010dnosti. Pr\u00e1ve tu vznikaj\u00fa nov\u00e9 my\u0161lienky a medzisektorov\u00e9 projekty. My Zelen\u00ed chceme, aby sa ich podpora udr\u017eala a aby sa skoncovalo s diskrimin\u00e1ciou kult\u00farnych in\u0161tit\u00faci\u00ed v meste a na vidieku s cie\u013eom zlep\u0161i\u0165 finan\u010dn\u00e9 zabezpe\u010denie umelcov a pracovn\u00edkov v oblasti kult\u00fary.<\/span><\/p>\n<\/div><\/div><\/div><\/div><\/div><div class=\"w-tabs-section has_text_color\" id=\"n15d\" style=\"background:var(--color-header-transparent-text);color:var(--color-header-top-text-hover);\"><button class=\"w-tabs-section-header\" aria-controls=\"content-n15d\" aria-expanded=\"false\"><div class=\"w-tabs-section-title\">\u0160t\u00e1tne divadlo a festival<\/div><div class=\"w-tabs-section-control\"><\/div><\/button><div  class=\"w-tabs-section-content\" id=\"content-n15d\"><div class=\"w-tabs-section-content-h i-cf\"><div class=\"wpb_text_column\"><div class=\"wpb_wrapper\"><p><span style=\"font-weight: 400;\">Hessian State Theatre s International Maifestspiele a Wiesbaden Biennale oslovi\u0165 mnoho \u013eud\u00ed z Wiesbaden a za hranicami mesta. Chceme dosiahnu\u0165 v\u00e4\u010d\u0161iu \u00fa\u010das\u0165 krajiny na financovan\u00ed \u0160t\u00e1tneho divadla a zav\u00e4zujeme sa otvori\u0165 dom \u010do najv\u00e4\u010d\u0161iemu po\u010dtu skup\u00edn obyvate\u013estva.<\/span><\/p>\n<\/div><\/div><\/div><\/div><\/div><div class=\"w-tabs-section has_text_color\" id=\"t277\" style=\"background:var(--color-header-middle-bg);color:var(--color-header-middle-text);\"><button class=\"w-tabs-section-header\" aria-controls=\"content-t277\" aria-expanded=\"false\"><div class=\"w-tabs-section-title\">Zvidite\u013enenie kult\u00fary ako hospod\u00e1rskeho faktora<\/div><div class=\"w-tabs-section-control\"><\/div><\/button><div  class=\"w-tabs-section-content\" id=\"content-t277\"><div class=\"w-tabs-section-content-h i-cf\"><div class=\"wpb_text_column\"><div class=\"wpb_wrapper\"><p><span style=\"font-weight: 400;\">Kult\u00farna rozmanitos\u0165 rob\u00ed Wiesbaden \u017eiv\u00fdm a atrakt\u00edvnym pre turistov, odborn\u00edkov, \u0161tudentov a spolo\u010dnosti. Chceme e\u0161te viac zvidite\u013eni\u0165 kult\u00farnu sc\u00e9nu v na\u0161ej externej prezent\u00e1cii, \u010falej posilni\u0165 spolupr\u00e1cu medzi kult\u00farou, cestovn\u00fdm ruchom a podnikan\u00edm a ukotvi\u0165 kult\u00faru ako st\u00e1leho partnera spolupr\u00e1ce v oblasti rozvoja miest.<\/span><\/p>\n<\/div><\/div><\/div><\/div><\/div><div class=\"w-tabs-section has_text_color\" id=\"n392\" style=\"background:var(--color-header-transparent-text);color:var(--color-header-top-text-hover);\"><button class=\"w-tabs-section-header\" aria-controls=\"content-n392\" aria-expanded=\"false\"><div class=\"w-tabs-section-title\">Podpora umenia na verejn\u00fdch priestranstv\u00e1ch<\/div><div class=\"w-tabs-section-control\"><\/div><\/button><div  class=\"w-tabs-section-content\" id=\"content-n392\"><div class=\"w-tabs-section-content-h i-cf\"><div class=\"wpb_text_column\"><div class=\"wpb_wrapper\"><p><span style=\"font-weight: 400;\">Umenie vo verejnom priestore vytv\u00e1ra miesta stret\u00e1vania a \u017eiv\u00e9 v\u00fdstavn\u00e9 priestory. Podporuje miestnych umelcov a zvy\u0161uje stoto\u017enenie sa s mestom a miestnou sc\u00e9nou. Chceme pracova\u0165 pre priestory a do\u010dasn\u00fa v\u00fdstavu umenia vo verejnom priestore.<\/span><\/p>\n<\/div><\/div><\/div><\/div><\/div><div class=\"w-tabs-section has_text_color\" id=\"l4aa\" style=\"background:var(--color-header-transparent-text);color:var(--color-header-top-text-hover);\"><button class=\"w-tabs-section-header\" aria-controls=\"content-l4aa\" aria-expanded=\"false\"><div class=\"w-tabs-section-title\">Festival kult\u00fary ml\u00e1de\u017ee \u2013 Zvy\u0161ovanie pr\u00edle\u017eitost\u00ed na \u00fa\u010das\u0165<\/div><div class=\"w-tabs-section-control\"><\/div><\/button><div  class=\"w-tabs-section-content\" id=\"content-l4aa\"><div class=\"w-tabs-section-content-h i-cf\"><div class=\"wpb_text_column\"><div class=\"wpb_wrapper\"><p><span style=\"font-weight: 400;\">Pr\u00edklad festivalu kult\u00fary ml\u00e1de\u017ee p\u00f4sobivo ukazuje, \u017ee mlad\u00ed \u013eudia prejavuj\u00fa ve\u013ek\u00fd z\u00e1ujem nielen o \u00fa\u010das\u0165 na organizovan\u00ed kult\u00farnych podujat\u00ed, ale aj o ich formovanie. Chceme pracova\u0165 na roz\u0161\u00edren\u00ed pr\u00edle\u017eitost\u00ed na particip\u00e1ciu a sebaur\u010denie v oblasti kult\u00fary pre mlad\u00fdch \u013eud\u00ed spolu s partnermi pr\u00e1ce s ml\u00e1de\u017eou a nez\u00e1vislou sc\u00e9nou.<\/span><\/p>\n<\/div><\/div><\/div><\/div><\/div><div class=\"w-tabs-section has_text_color\" id=\"y5d2\" style=\"background:var(--color-header-transparent-text);color:var(--color-header-top-text-hover);\"><button class=\"w-tabs-section-header\" aria-controls=\"content-y5d2\" aria-expanded=\"false\"><div class=\"w-tabs-section-title\">Posilnite no\u010dn\u00fd \u017eivot a aplik\u00e1ciu V\u0161etko Wiesbaden pre lep\u0161\u00ed preh\u013ead o udalostiach vo Wiesbadene<\/div><div class=\"w-tabs-section-control\"><\/div><\/button><div  class=\"w-tabs-section-content\" id=\"content-y5d2\"><div class=\"w-tabs-section-content-h i-cf\"><div class=\"wpb_text_column\"><div class=\"wpb_wrapper\"><p><span style=\"font-weight: 400;\">S cie\u013eom posilni\u0165 no\u010dn\u00fd \u017eivot vo Wiesbadene ako celku sa na\u010falej dr\u017e\u00edme vytvorenia miesta pre no\u010dn\u00e9ho starostu. Jeho cie\u013eom je spoji\u0165 r\u00f4znych akt\u00e9rov no\u010dnej ekonomiky s politikou, administrat\u00edvou a ob\u010danmi, odstr\u00e1ni\u0165 prek\u00e1\u017eky, vytvori\u0165 vz\u00e1jomn\u00e9 porozumenie, pom\u00f4c\u0165 formova\u0165 rozvoj miest a podporova\u0165 usadzovanie klubov a gastron\u00f3miu.<\/span><\/p>\n<p><span style=\"font-weight: 400;\">Chceme tie\u017e, aby bol kalend\u00e1r podujat\u00ed v mobilnom zariaden\u00ed mesta Wiesbaden z\u00e1\u017eitkov\u00fd v aplik\u00e1cii Alles Wiesbaden, \u010d\u00edm sa e\u0161te viac zvidite\u013en\u00ed kult\u00fara.<\/span><\/p>\n<\/div><\/div><\/div><\/div><\/div><\/div><\/div><div class=\"w-separator size_medium\"><\/div><div class=\"w-btn-wrapper align_left\"><a class=\"w-btn us-btn-style_8 icon_atleft\" href=\"https:\/\/gruene-wiesbaden.de\/sk\/kommunalwahl\/#Kapitel1\"><i class=\"fas fa-chevron-circle-right\"><\/i><span class=\"w-btn-label\">Sp\u00e4\u0165 na preh\u013ead<\/span><\/a><\/div><div class=\"w-separator size_large\"><\/div><div class=\"wpb_text_column\"><div class=\"wpb_wrapper\"><h1>\u010co sme u\u017e dosiahli<\/h1>\n<\/div><\/div><div class=\"w-separator size_medium\"><\/div><div class=\"w-tabs us_custom_42d693a0 has_text_color style_default switch_click accordion has_scrolling\" style=\"--sections-title-size:1.4rem\"><div class=\"w-tabs-sections titles-align_none icon_chevron cpos_right\"><div class=\"w-tabs-section has_text_color\" id=\"w8fd\" style=\"background:var(--color-header-transparent-text);color:var(--color-header-top-text-hover);\"><button class=\"w-tabs-section-header\" aria-controls=\"content-w8fd\" aria-expanded=\"false\"><div class=\"w-tabs-section-title\">Kult\u00farna \u00fa\u010das\u0165 je \u013eudsk\u00fdm pr\u00e1vom<\/div><div class=\"w-tabs-section-control\"><\/div><\/button><div  class=\"w-tabs-section-content\" id=\"content-w8fd\"><div class=\"w-tabs-section-content-h i-cf\"><div class=\"wpb_text_column\"><div class=\"wpb_wrapper\"><p><span style=\"font-weight: 400;\">V\u0161etci \u013eudia by mali ma\u0165 mo\u017enos\u0165 z\u00fa\u010dast\u0148ova\u0165 sa na kult\u00fare. Preto sme spustili bezplatn\u00e9 \u010dlenstvo v mestskej kni\u017enici. S cie\u013eom zozn\u00e1mi\u0165 mlad\u00fdch \u013eud\u00ed s kult\u00farou v ranom \u0161t\u00e1diu bol zriaden\u00fd aj program financovania Kult\u00farne vzdel\u00e1vanie v \u0161kol\u00e1ch. Program financovania medzikult\u00farnych projektov osobitne podporuje umelcov, zdru\u017eenia a iniciat\u00edvy z r\u00f4znych kult\u00farnych prostred\u00ed s cie\u013eom spusti\u0165 projekty pre \u0161irok\u00fa \u0161k\u00e1lu publika.<\/span><\/p>\n<\/div><\/div><\/div><\/div><\/div><div class=\"w-tabs-section has_text_color\" id=\"ba19\" style=\"background:var(--color-header-transparent-text);color:var(--color-header-top-text-hover);\"><button class=\"w-tabs-section-header\" aria-controls=\"content-ba19\" aria-expanded=\"false\"><div class=\"w-tabs-section-title\">Revitaliz\u00e1cia centra mesta<\/div><div class=\"w-tabs-section-control\"><\/div><\/button><div  class=\"w-tabs-section-content\" id=\"content-ba19\"><div class=\"w-tabs-section-content-h i-cf\"><div class=\"wpb_text_column\"><div class=\"wpb_wrapper\"><p><span style=\"font-weight: 400;\">S premiestnen\u00edm VHS do centra mesta a za\u010diatkom renov\u00e1cie Walhally ako tretej lokality prebiehaj\u00fa dva prv\u00e9 projekty, ktor\u00fdch cie\u013eom je v spolupr\u00e1ci s kult\u00farnymi a vzdel\u00e1vac\u00edmi in\u0161tit\u00faciami zv\u00fd\u0161i\u0165 atrakt\u00edvnos\u0165 centra mesta Wiesbaden.<\/span><\/p>\n<\/div><\/div><\/div><\/div><\/div><div class=\"w-tabs-section has_text_color\" id=\"ob65\" style=\"background:var(--color-header-transparent-text);color:var(--color-header-top-text-hover);\"><button class=\"w-tabs-section-header\" aria-controls=\"content-ob65\" aria-expanded=\"false\"><div class=\"w-tabs-section-title\">Udr\u017eate\u013enos\u0165 v kult\u00fare<\/div><div class=\"w-tabs-section-control\"><\/div><\/button><div  class=\"w-tabs-section-content\" id=\"content-ob65\"><div class=\"w-tabs-section-content-h i-cf\"><div class=\"wpb_text_column\"><div class=\"wpb_wrapper\"><p><span style=\"font-weight: 400;\">Spolu s partnerskou sie\u0165ou je TourCert implementovan\u00fd aj ako certifik\u00e1cia pre kult\u00farne in\u0161tit\u00facie. Eko-zisk je otvoren\u00fd aj pre kult\u00farne in\u0161tit\u00facie. P\u00f4\u017ei\u010dky namiesto n\u00e1kupu zni\u017euj\u00fa spotrebu zdrojov a individu\u00e1lnu ekologick\u00fa stopu. Pre trvalo udr\u017eate\u013en\u00e9 vyu\u017e\u00edvanie zdrojov sme zabezpe\u010dili zriadenie kni\u017enice vec\u00ed v mestskej kni\u017enici, kde si m\u00f4\u017eete bezplatne po\u017ei\u010da\u0165 predmety ka\u017edodenn\u00e9ho pou\u017eitia.<\/span><span style=\"font-weight: 400;\"><br \/>\n<\/span><span style=\"font-weight: 400;\">V okt\u00f3bri 2025 usporiada mesto Wiesbaden svoju prv\u00fa v\u00fdznamn\u00fa konferenciu o udr\u017eate\u013enosti s kult\u00farnymi in\u0161tit\u00faciami mesta Wiesbaden s cie\u013eom podpori\u0165 prenos a v\u00fdmenu poznatkov medzi kult\u00farnymi in\u0161tit\u00faciami.<\/span><\/p>\n<\/div><\/div><\/div><\/div><\/div><div class=\"w-tabs-section has_text_color\" id=\"tc7d\" style=\"background:var(--color-header-middle-bg);color:var(--color-content-heading);\"><button class=\"w-tabs-section-header\" aria-controls=\"content-tc7d\" aria-expanded=\"false\"><div class=\"w-tabs-section-title\">Transparentnos\u0165 pri podpore kult\u00fary<\/div><div class=\"w-tabs-section-control\"><\/div><\/button><div  class=\"w-tabs-section-content\" id=\"content-tc7d\"><div class=\"w-tabs-section-content-h i-cf\"><div class=\"wpb_text_column\"><div class=\"wpb_wrapper\"><p><span style=\"font-weight: 400;\">S cie\u013eom dosiahnu\u0165 transparentnos\u0165 a minimalizova\u0165 vplyv politiky na podporu kult\u00fary bol zriaden\u00fd \u0161pecializovan\u00fd poradn\u00fd v\u00fdbor a jeho odpor\u00fa\u010dania t\u00fdkaj\u00face sa in\u0161titucion\u00e1lnej podpory sa vo ve\u013ekej miere vykon\u00e1vali. Pl\u00e1n kult\u00farneho rozvoja sa realizuje postupne.<\/span><\/p>\n<\/div><\/div><\/div><\/div><\/div><\/div><\/div><div class=\"w-separator size_medium\"><\/div><div class=\"w-btn-wrapper align_left\"><a class=\"w-btn us-btn-style_8 icon_atleft\" href=\"https:\/\/gruene-wiesbaden.de\/sk\/kommunalwahl\/#Kapitel1\"><i class=\"fas fa-chevron-circle-right\"><\/i><span class=\"w-btn-label\">Sp\u00e4\u0165 na preh\u013ead<\/span><\/a><\/div><div class=\"w-separator size_large\"><\/div><\/div><\/div><\/div><\/div><\/section>","protected":false},"excerpt":{"rendered":"Kult\u00fara udr\u017euje, ale je ove\u013ea viac: Ich rozmanit\u00e1 ponuka vytv\u00e1ra pr\u00edle\u017eitosti na stretnutia, otv\u00e1ra nov\u00e9 perspekt\u00edvy a poskytuje orient\u00e1ciu v ka\u017edodennom \u017eivote. Ich odstrediv\u00e9 sily maj\u00fa pozit\u00edvny vplyv na osobn\u00fd rozvoj, ako aj na soci\u00e1lnu s\u00fadr\u017enos\u0165. \u00da\u010das\u0165 na kult\u00farnom \u017eivote je preto \u013eudsk\u00fdm pr\u00e1vom uznan\u00fdm vo V\u0161eobecnej deklar\u00e1cii \u013eudsk\u00fdch pr\u00e1v a v Dohovore OSN o pr\u00e1vach os\u00f4b so zdravotn\u00fdm postihnut\u00edm.","protected":false},"author":1,"featured_media":1513,"comment_status":"closed","ping_status":"closed","sticky":false,"template":"","format":"standard","meta":{"footnotes":""},"categories":[14],"tags":[],"class_list":["post-1337","post","type-post","status-publish","format-standard","has-post-thumbnail","hentry","category-kapitel-1"],"yoast_head":"<!-- This site is optimized with the Yoast SEO plugin v27.5 - https:\/\/yoast.com\/product\/yoast-seo-wordpress\/ -->\n<title>Kultur - B\u00dcNDNIS 90\/DIE GR\u00dcNEN Wiesbaden<\/title>\n<meta name=\"robots\" content=\"index, follow, max-snippet:-1, max-image-preview:large, max-video-preview:-1\" \/>\n<link rel=\"canonical\" href=\"https:\/\/gruene-wiesbaden.de\/sk\/kultur\/\" \/>\n<meta property=\"og:locale\" content=\"sk_SK\" \/>\n<meta property=\"og:type\" content=\"article\" \/>\n<meta property=\"og:title\" content=\"Kultur - B\u00dcNDNIS 90\/DIE GR\u00dcNEN Wiesbaden\" \/>\n<meta property=\"og:url\" content=\"https:\/\/gruene-wiesbaden.de\/sk\/kultur\/\" \/>\n<meta property=\"og:site_name\" content=\"B\u00dcNDNIS 90\/DIE GR\u00dcNEN Wiesbaden\" \/>\n<meta property=\"article:publisher\" content=\"https:\/\/www.facebook.com\/gruene.wi\" \/>\n<meta property=\"article:published_time\" content=\"2025-11-09T21:50:07+00:00\" \/>\n<meta property=\"article:modified_time\" content=\"2026-04-08T22:18:22+00:00\" \/>\n<meta property=\"og:image\" content=\"https:\/\/gruene-wiesbaden.de\/wp-content\/uploads\/2025\/11\/1.10-Kultur-scaled.jpeg\" \/>\n\t<meta property=\"og:image:width\" content=\"2560\" \/>\n\t<meta property=\"og:image:height\" content=\"1708\" \/>\n\t<meta property=\"og:image:type\" content=\"image\/jpeg\" \/>\n<meta name=\"author\" content=\"admin\" \/>\n<meta name=\"twitter:card\" content=\"summary_large_image\" \/>\n<meta name=\"twitter:label1\" content=\"Autor\" \/>\n\t<meta name=\"twitter:data1\" content=\"admin\" \/>\n\t<meta name=\"twitter:label2\" content=\"Predpokladan\u00fd \u010das \u010d\u00edtania\" \/>\n\t<meta name=\"twitter:data2\" content=\"8 minutes\" \/>\n<script type=\"application\/ld+json\" class=\"yoast-schema-graph\">{\"@context\":\"https:\\\/\\\/schema.org\",\"@graph\":[{\"@type\":\"Article\",\"@id\":\"https:\\\/\\\/gruene-wiesbaden.de\\\/kultur\\\/#article\",\"isPartOf\":{\"@id\":\"https:\\\/\\\/gruene-wiesbaden.de\\\/kultur\\\/\"},\"author\":{\"name\":\"admin\",\"@id\":\"https:\\\/\\\/gruene-wiesbaden.de\\\/#\\\/schema\\\/person\\\/6785c34779159cd4fd86886bb097afe9\"},\"headline\":\"Kultur\",\"datePublished\":\"2025-11-09T21:50:07+00:00\",\"dateModified\":\"2026-04-08T22:18:22+00:00\",\"mainEntityOfPage\":{\"@id\":\"https:\\\/\\\/gruene-wiesbaden.de\\\/kultur\\\/\"},\"wordCount\":2309,\"publisher\":{\"@id\":\"https:\\\/\\\/gruene-wiesbaden.de\\\/#organization\"},\"image\":{\"@id\":\"https:\\\/\\\/gruene-wiesbaden.de\\\/kultur\\\/#primaryimage\"},\"thumbnailUrl\":\"https:\\\/\\\/gruene-wiesbaden.de\\\/wp-content\\\/uploads\\\/2025\\\/11\\\/1.10-Kultur-scaled.jpeg\",\"articleSection\":[\"Kapitel 1\"],\"inLanguage\":\"sk-SK\"},{\"@type\":\"WebPage\",\"@id\":\"https:\\\/\\\/gruene-wiesbaden.de\\\/kultur\\\/\",\"url\":\"https:\\\/\\\/gruene-wiesbaden.de\\\/kultur\\\/\",\"name\":\"Kultur - B\u00dcNDNIS 90\\\/DIE GR\u00dcNEN Wiesbaden\",\"isPartOf\":{\"@id\":\"https:\\\/\\\/gruene-wiesbaden.de\\\/#website\"},\"primaryImageOfPage\":{\"@id\":\"https:\\\/\\\/gruene-wiesbaden.de\\\/kultur\\\/#primaryimage\"},\"image\":{\"@id\":\"https:\\\/\\\/gruene-wiesbaden.de\\\/kultur\\\/#primaryimage\"},\"thumbnailUrl\":\"https:\\\/\\\/gruene-wiesbaden.de\\\/wp-content\\\/uploads\\\/2025\\\/11\\\/1.10-Kultur-scaled.jpeg\",\"datePublished\":\"2025-11-09T21:50:07+00:00\",\"dateModified\":\"2026-04-08T22:18:22+00:00\",\"breadcrumb\":{\"@id\":\"https:\\\/\\\/gruene-wiesbaden.de\\\/kultur\\\/#breadcrumb\"},\"inLanguage\":\"sk-SK\",\"potentialAction\":[{\"@type\":\"ReadAction\",\"target\":[\"https:\\\/\\\/gruene-wiesbaden.de\\\/kultur\\\/\"]}]},{\"@type\":\"ImageObject\",\"inLanguage\":\"sk-SK\",\"@id\":\"https:\\\/\\\/gruene-wiesbaden.de\\\/kultur\\\/#primaryimage\",\"url\":\"https:\\\/\\\/gruene-wiesbaden.de\\\/wp-content\\\/uploads\\\/2025\\\/11\\\/1.10-Kultur-scaled.jpeg\",\"contentUrl\":\"https:\\\/\\\/gruene-wiesbaden.de\\\/wp-content\\\/uploads\\\/2025\\\/11\\\/1.10-Kultur-scaled.jpeg\",\"width\":2560,\"height\":1708},{\"@type\":\"BreadcrumbList\",\"@id\":\"https:\\\/\\\/gruene-wiesbaden.de\\\/kultur\\\/#breadcrumb\",\"itemListElement\":[{\"@type\":\"ListItem\",\"position\":1,\"name\":\"Startseite\",\"item\":\"https:\\\/\\\/gruene-wiesbaden.de\\\/\"},{\"@type\":\"ListItem\",\"position\":2,\"name\":\"Kultur\"}]},{\"@type\":\"WebSite\",\"@id\":\"https:\\\/\\\/gruene-wiesbaden.de\\\/#website\",\"url\":\"https:\\\/\\\/gruene-wiesbaden.de\\\/\",\"name\":\"DIE GR\u00dcNEN Wiesbaden\",\"description\":\"\",\"publisher\":{\"@id\":\"https:\\\/\\\/gruene-wiesbaden.de\\\/#organization\"},\"potentialAction\":[{\"@type\":\"SearchAction\",\"target\":{\"@type\":\"EntryPoint\",\"urlTemplate\":\"https:\\\/\\\/gruene-wiesbaden.de\\\/?s={search_term_string}\"},\"query-input\":{\"@type\":\"PropertyValueSpecification\",\"valueRequired\":true,\"valueName\":\"search_term_string\"}}],\"inLanguage\":\"sk-SK\"},{\"@type\":\"Organization\",\"@id\":\"https:\\\/\\\/gruene-wiesbaden.de\\\/#organization\",\"name\":\"DIE GR\u00dcNEN Wiesbaden\",\"url\":\"https:\\\/\\\/gruene-wiesbaden.de\\\/\",\"logo\":{\"@type\":\"ImageObject\",\"inLanguage\":\"sk-SK\",\"@id\":\"https:\\\/\\\/gruene-wiesbaden.de\\\/#\\\/schema\\\/logo\\\/image\\\/\",\"url\":\"https:\\\/\\\/gruene-wiesbaden-fuer-europa.de\\\/wp-content\\\/uploads\\\/2024\\\/04\\\/Machen-was-zaehlt-5.png\",\"contentUrl\":\"https:\\\/\\\/gruene-wiesbaden-fuer-europa.de\\\/wp-content\\\/uploads\\\/2024\\\/04\\\/Machen-was-zaehlt-5.png\",\"width\":1772,\"height\":1772,\"caption\":\"DIE GR\u00dcNEN Wiesbaden\"},\"image\":{\"@id\":\"https:\\\/\\\/gruene-wiesbaden.de\\\/#\\\/schema\\\/logo\\\/image\\\/\"},\"sameAs\":[\"https:\\\/\\\/www.facebook.com\\\/gruene.wi\",\"https:\\\/\\\/instagram.com\\\/gruene_wi\"]},{\"@type\":\"Person\",\"@id\":\"https:\\\/\\\/gruene-wiesbaden.de\\\/#\\\/schema\\\/person\\\/6785c34779159cd4fd86886bb097afe9\",\"name\":\"admin\",\"sameAs\":[\"http:\\\/\\\/gruene-wiesbaden-fuer-europa.de\"],\"url\":\"https:\\\/\\\/gruene-wiesbaden.de\\\/sk\\\/author\\\/admin\\\/\"}]}<\/script>\n<!-- \/ Yoast SEO plugin. -->","yoast_head_json":{"title":"Kultur - B\u00dcNDNIS 90\/DIE GR\u00dcNEN Wiesbaden","robots":{"index":"index","follow":"follow","max-snippet":"max-snippet:-1","max-image-preview":"max-image-preview:large","max-video-preview":"max-video-preview:-1"},"canonical":"https:\/\/gruene-wiesbaden.de\/sk\/kultur\/","og_locale":"sk_SK","og_type":"article","og_title":"Kultur - B\u00dcNDNIS 90\/DIE GR\u00dcNEN Wiesbaden","og_url":"https:\/\/gruene-wiesbaden.de\/sk\/kultur\/","og_site_name":"B\u00dcNDNIS 90\/DIE GR\u00dcNEN Wiesbaden","article_publisher":"https:\/\/www.facebook.com\/gruene.wi","article_published_time":"2025-11-09T21:50:07+00:00","article_modified_time":"2026-04-08T22:18:22+00:00","og_image":[{"width":2560,"height":1708,"url":"https:\/\/gruene-wiesbaden.de\/wp-content\/uploads\/2025\/11\/1.10-Kultur-scaled.jpeg","type":"image\/jpeg"}],"author":"admin","twitter_card":"summary_large_image","twitter_misc":{"Autor":"admin","Predpokladan\u00fd \u010das \u010d\u00edtania":"8 minutes"},"schema":{"@context":"https:\/\/schema.org","@graph":[{"@type":"Article","@id":"https:\/\/gruene-wiesbaden.de\/kultur\/#article","isPartOf":{"@id":"https:\/\/gruene-wiesbaden.de\/kultur\/"},"author":{"name":"admin","@id":"https:\/\/gruene-wiesbaden.de\/#\/schema\/person\/6785c34779159cd4fd86886bb097afe9"},"headline":"Kultur","datePublished":"2025-11-09T21:50:07+00:00","dateModified":"2026-04-08T22:18:22+00:00","mainEntityOfPage":{"@id":"https:\/\/gruene-wiesbaden.de\/kultur\/"},"wordCount":2309,"publisher":{"@id":"https:\/\/gruene-wiesbaden.de\/#organization"},"image":{"@id":"https:\/\/gruene-wiesbaden.de\/kultur\/#primaryimage"},"thumbnailUrl":"https:\/\/gruene-wiesbaden.de\/wp-content\/uploads\/2025\/11\/1.10-Kultur-scaled.jpeg","articleSection":["Kapitel 1"],"inLanguage":"sk-SK"},{"@type":"WebPage","@id":"https:\/\/gruene-wiesbaden.de\/kultur\/","url":"https:\/\/gruene-wiesbaden.de\/kultur\/","name":"Kultur - B\u00dcNDNIS 90\/DIE GR\u00dcNEN Wiesbaden","isPartOf":{"@id":"https:\/\/gruene-wiesbaden.de\/#website"},"primaryImageOfPage":{"@id":"https:\/\/gruene-wiesbaden.de\/kultur\/#primaryimage"},"image":{"@id":"https:\/\/gruene-wiesbaden.de\/kultur\/#primaryimage"},"thumbnailUrl":"https:\/\/gruene-wiesbaden.de\/wp-content\/uploads\/2025\/11\/1.10-Kultur-scaled.jpeg","datePublished":"2025-11-09T21:50:07+00:00","dateModified":"2026-04-08T22:18:22+00:00","breadcrumb":{"@id":"https:\/\/gruene-wiesbaden.de\/kultur\/#breadcrumb"},"inLanguage":"sk-SK","potentialAction":[{"@type":"ReadAction","target":["https:\/\/gruene-wiesbaden.de\/kultur\/"]}]},{"@type":"ImageObject","inLanguage":"sk-SK","@id":"https:\/\/gruene-wiesbaden.de\/kultur\/#primaryimage","url":"https:\/\/gruene-wiesbaden.de\/wp-content\/uploads\/2025\/11\/1.10-Kultur-scaled.jpeg","contentUrl":"https:\/\/gruene-wiesbaden.de\/wp-content\/uploads\/2025\/11\/1.10-Kultur-scaled.jpeg","width":2560,"height":1708},{"@type":"BreadcrumbList","@id":"https:\/\/gruene-wiesbaden.de\/kultur\/#breadcrumb","itemListElement":[{"@type":"ListItem","position":1,"name":"Startseite","item":"https:\/\/gruene-wiesbaden.de\/"},{"@type":"ListItem","position":2,"name":"Kultur"}]},{"@type":"WebSite","@id":"https:\/\/gruene-wiesbaden.de\/#website","url":"https:\/\/gruene-wiesbaden.de\/","name":"DIE GR\u00dcNEN Wiesbaden","description":"","publisher":{"@id":"https:\/\/gruene-wiesbaden.de\/#organization"},"potentialAction":[{"@type":"SearchAction","target":{"@type":"EntryPoint","urlTemplate":"https:\/\/gruene-wiesbaden.de\/?s={search_term_string}"},"query-input":{"@type":"PropertyValueSpecification","valueRequired":true,"valueName":"search_term_string"}}],"inLanguage":"sk-SK"},{"@type":"Organization","@id":"https:\/\/gruene-wiesbaden.de\/#organization","name":"DIE GR\u00dcNEN Wiesbaden","url":"https:\/\/gruene-wiesbaden.de\/","logo":{"@type":"ImageObject","inLanguage":"sk-SK","@id":"https:\/\/gruene-wiesbaden.de\/#\/schema\/logo\/image\/","url":"https:\/\/gruene-wiesbaden-fuer-europa.de\/wp-content\/uploads\/2024\/04\/Machen-was-zaehlt-5.png","contentUrl":"https:\/\/gruene-wiesbaden-fuer-europa.de\/wp-content\/uploads\/2024\/04\/Machen-was-zaehlt-5.png","width":1772,"height":1772,"caption":"DIE GR\u00dcNEN Wiesbaden"},"image":{"@id":"https:\/\/gruene-wiesbaden.de\/#\/schema\/logo\/image\/"},"sameAs":["https:\/\/www.facebook.com\/gruene.wi","https:\/\/instagram.com\/gruene_wi"]},{"@type":"Person","@id":"https:\/\/gruene-wiesbaden.de\/#\/schema\/person\/6785c34779159cd4fd86886bb097afe9","name":"admin","sameAs":["http:\/\/gruene-wiesbaden-fuer-europa.de"],"url":"https:\/\/gruene-wiesbaden.de\/sk\/author\/admin\/"}]}},"_links":{"self":[{"href":"https:\/\/gruene-wiesbaden.de\/sk\/wp-json\/wp\/v2\/posts\/1337","targetHints":{"allow":["GET"]}}],"collection":[{"href":"https:\/\/gruene-wiesbaden.de\/sk\/wp-json\/wp\/v2\/posts"}],"about":[{"href":"https:\/\/gruene-wiesbaden.de\/sk\/wp-json\/wp\/v2\/types\/post"}],"author":[{"embeddable":true,"href":"https:\/\/gruene-wiesbaden.de\/sk\/wp-json\/wp\/v2\/users\/1"}],"replies":[{"embeddable":true,"href":"https:\/\/gruene-wiesbaden.de\/sk\/wp-json\/wp\/v2\/comments?post=1337"}],"version-history":[{"count":9,"href":"https:\/\/gruene-wiesbaden.de\/sk\/wp-json\/wp\/v2\/posts\/1337\/revisions"}],"predecessor-version":[{"id":2375,"href":"https:\/\/gruene-wiesbaden.de\/sk\/wp-json\/wp\/v2\/posts\/1337\/revisions\/2375"}],"wp:featuredmedia":[{"embeddable":true,"href":"https:\/\/gruene-wiesbaden.de\/sk\/wp-json\/wp\/v2\/media\/1513"}],"wp:attachment":[{"href":"https:\/\/gruene-wiesbaden.de\/sk\/wp-json\/wp\/v2\/media?parent=1337"}],"wp:term":[{"taxonomy":"category","embeddable":true,"href":"https:\/\/gruene-wiesbaden.de\/sk\/wp-json\/wp\/v2\/categories?post=1337"},{"taxonomy":"post_tag","embeddable":true,"href":"https:\/\/gruene-wiesbaden.de\/sk\/wp-json\/wp\/v2\/tags?post=1337"}],"curies":[{"name":"wp","href":"https:\/\/api.w.org\/{rel}","templated":true}]}}