{"id":1335,"date":"2025-11-09T23:49:11","date_gmt":"2025-11-09T21:49:11","guid":{"rendered":"https:\/\/gruene-wiesbaden.de\/?p=1335"},"modified":"2026-04-09T00:16:13","modified_gmt":"2026-04-08T22:16:13","slug":"digitale-infrastruktur-und-digitale-services-fuer-alle","status":"publish","type":"post","link":"https:\/\/gruene-wiesbaden.de\/sk\/digitale-infrastruktur-und-digitale-services-fuer-alle\/","title":{"rendered":"Digit\u00e1lna infra\u0161trukt\u00fara a digit\u00e1lne slu\u017eby pre v\u0161etk\u00fdch"},"content":{"rendered":"<section class=\"l-section wpb_row height_medium with_img\"><div class=\"l-section-img\" role=\"img\" data-img-width=\"1080\" data-img-height=\"800\" style=\"background-image: url(https:\/\/gruene-wiesbaden.de\/wp-content\/uploads\/2025\/11\/neuer-Verlauf-gruene-wiesbaden.de_-2-e1762709402177.png);\"><\/div><div class=\"l-section-overlay\" style=\"background:var(--color-header-top-transparent-bg)\"><\/div><div class=\"l-section-h i-cf\"><div class=\"g-cols vc_row via_grid cols_1 laptops-cols_inherit tablets-cols_inherit mobiles-cols_1 valign_top type_default stacking_default\"><div class=\"wpb_column vc_column_container\"><div class=\"vc_column-inner\"><h1 class=\"w-post-elm post_title us_custom_a574d586 has_text_color entry-title\">Digit\u00e1lna infra\u0161trukt\u00fara a digit\u00e1lne slu\u017eby pre v\u0161etk\u00fdch<\/h1><div class=\"w-separator size_medium\"><\/div><div class=\"g-cols wpb_row via_grid cols_2-1 laptops-cols_inherit tablets-cols_inherit mobiles-cols_1 valign_top type_default stacking_default\" style=\"--columns-gap:3rem;\"><div class=\"wpb_column vc_column_container\"><div class=\"vc_column-inner\"><div class=\"wpb_text_column us_custom_8b3d6790 has_text_color\"><div class=\"wpb_wrapper\"><p><span style=\"font-weight: 400;\">Digit\u00e1lne slu\u017eby s\u00fa viac ne\u017e len technick\u00e9 n\u00e1stroje \u2013 s\u00fa nevyhnutn\u00e9 na zabezpe\u010denie toho, aby administrat\u00edva fungovala r\u00fdchlo, jednoducho a transparentne pre v\u0161etk\u00fdch Wiesbadeners. U\u013eah\u010duj\u00fa ka\u017edodenn\u00fd \u017eivot t\u00fdm, \u017ee u\u013eah\u010duj\u00fa vyp\u013a\u0148anie registr\u00e1ci\u00ed, rezervovanie term\u00ednov na \u00farade ob\u010danov alebo pod\u00e1vanie \u017eiadost\u00ed o grant online.<\/span><\/p>\n<p><span style=\"font-weight: 400;\">Digit\u00e1lna \u00fa\u010das\u0165 je viac ne\u017e len internetov\u00e9 pripojenie \u2013 je predpokladom rovnak\u00fdch pr\u00edle\u017eitost\u00ed a soci\u00e1lnej \u00fa\u010dasti. My Zelen\u00ed chceme, aby v\u0161etci \u013eudia vo Wiesbadene rovnako vyu\u017e\u00edvali pr\u00edle\u017eitosti, ktor\u00e9 pon\u00faka digitaliz\u00e1cia. To znamen\u00e1 pr\u00edstupn\u00e9 ponuky, pr\u00edle\u017eitosti na digit\u00e1lne vzdel\u00e1vanie a podporu pri z\u00edskavan\u00ed zru\u010dnost\u00ed, aby sa na nikoho nezabudlo.<\/span><\/p>\n<p><span style=\"font-weight: 400;\">Chceme napredova\u0165 v roz\u0161irovan\u00ed digit\u00e1lnej infra\u0161trukt\u00fary a inteligentn\u00fdch slu\u017eieb, preto\u017ee to zv\u00fd\u0161i \u00fa\u010das\u0165, efekt\u00edvnos\u0165 a kvalitu \u017eivota v na\u0161om meste. Spoliehame sa na bezpe\u010dnos\u0165, nez\u00e1vislos\u0165 a rie\u0161enia s otvoren\u00fdm zdrojov\u00fdm k\u00f3dom, aby sme chr\u00e1nili \u00fadaje a vyhli sa z\u00e1vislostiam.<\/span><\/p>\n<\/div><\/div><div class=\"w-separator size_medium\"><\/div><div class=\"w-btn-wrapper align_left\"><a class=\"w-btn us-btn-style_8 icon_atleft\" href=\"https:\/\/gruene-wiesbaden.de\/sk\/kommunalwahl\/#Kapitel1\"><i class=\"fas fa-chevron-circle-right\"><\/i><span class=\"w-btn-label\">Sp\u00e4\u0165 na preh\u013ead<\/span><\/a><\/div><\/div><\/div><div class=\"wpb_column vc_column_container\"><div class=\"vc_column-inner\"><div class=\"w-image align_center\"><div class=\"w-image-h\"><img decoding=\"async\" width=\"1991\" height=\"2560\" src=\"https:\/\/gruene-wiesbaden.de\/wp-content\/uploads\/2025\/11\/1.8-Digitale-Infrastruktur-und-digitale-Services-fuer-alle-scaled.jpeg\" class=\"attachment-full size-full\" alt=\"\" loading=\"lazy\" srcset=\"https:\/\/gruene-wiesbaden.de\/wp-content\/uploads\/2025\/11\/1.8-Digitale-Infrastruktur-und-digitale-Services-fuer-alle-scaled.jpeg 1991w, https:\/\/gruene-wiesbaden.de\/wp-content\/uploads\/2025\/11\/1.8-Digitale-Infrastruktur-und-digitale-Services-fuer-alle-311x400.jpeg 311w, https:\/\/gruene-wiesbaden.de\/wp-content\/uploads\/2025\/11\/1.8-Digitale-Infrastruktur-und-digitale-Services-fuer-alle-467x600.jpeg 467w\" sizes=\"auto, (max-width: 1991px) 100vw, 1991px\" \/><\/div><\/div><div class=\"w-separator size_small\"><\/div><\/div><\/div><\/div><div class=\"w-separator size_medium\"><\/div><div class=\"w-separator size_medium\"><\/div><div class=\"wpb_text_column\"><div class=\"wpb_wrapper\"><h1>\u010co pre n\u00e1s v\u0161etk\u00fdch znamen\u00e1 politika digit\u00e1lnej infra\u0161trukt\u00fary a digit\u00e1lnych slu\u017eieb<\/h1>\n<\/div><\/div><div class=\"w-separator size_large\"><\/div><div class=\"g-cols wpb_row via_grid cols_3 laptops-cols_inherit tablets-cols_inherit mobiles-cols_1 valign_top type_default stacking_default\" style=\"--columns-gap:3rem;\"><div class=\"wpb_column vc_column_container\"><div class=\"vc_column-inner\"><div class=\"w-iconbox us_custom_8b3d6790 has_text_color iconpos_left style_default color_custom align_left\"><div class=\"w-iconbox-icon\" style=\"font-size:2rem;--icon-color:#Ffffff;--icon-bg-color:var(--color-header-middle-bg);\"><i class=\"fas fa-layer-group\"><\/i><\/div><div class=\"w-iconbox-meta\"><h4 class=\"w-iconbox-title\" style=\"font-size:1.5rem;\">Zabezpe\u010denie digit\u00e1lnej \u00fa\u010dasti<\/h4><div class=\"w-iconbox-text\"><p><span style=\"font-weight: 400;\">V\u0161etci \u013eudia musia ma\u0165 mo\u017enos\u0165 vyu\u017e\u00edva\u0165 digitaliz\u00e1ciu bez oh\u013eadu na pr\u00edjem, vek alebo p\u00f4vod. Chceme zabezpe\u010di\u0165, aby sa na nikoho nezabudlo.<\/span><\/p>\n<\/div><\/div><\/div><\/div><\/div><div class=\"wpb_column vc_column_container\"><div class=\"vc_column-inner\"><div class=\"w-iconbox us_custom_8b3d6790 has_text_color iconpos_left style_default color_custom align_left\"><div class=\"w-iconbox-icon\" style=\"font-size:2rem;--icon-color:#Ffffff;--icon-bg-color:var(--color-header-transparent-text);\"><i class=\"fas fa-layer-group\"><\/i><\/div><div class=\"w-iconbox-meta\"><h4 class=\"w-iconbox-title\" style=\"font-size:1.5rem;\">Servis digit\u00e1lny, jednoduch\u00fd<\/h4><div class=\"w-iconbox-text\"><p><span style=\"font-weight: 400;\">Digit\u00e1lne ponuky musia by\u0165 r\u00fdchle, pou\u017e\u00edvate\u013esky \u00fastretov\u00e9 a nekomplikovan\u00e9 \u2013 s jasnou orient\u00e1ciou na ka\u017edodenn\u00fd \u017eivot ob\u010danov namiesto ofici\u00e1lnej logiky.<\/span><\/p>\n<\/div><\/div><\/div><\/div><\/div><div class=\"wpb_column vc_column_container\"><div class=\"vc_column-inner\"><div class=\"w-iconbox us_custom_8b3d6790 has_text_color iconpos_left style_default color_custom align_left\"><div class=\"w-iconbox-icon\" style=\"font-size:2rem;--icon-color:#Ffffff;--icon-bg-color:var(--color-header-transparent-text);\"><i class=\"fas fa-layer-group\"><\/i><\/div><div class=\"w-iconbox-meta\"><h4 class=\"w-iconbox-title\" style=\"font-size:1.5rem;\">Zodpovedn\u00e9 vyu\u017e\u00edvanie umelej inteligencie<\/h4><div class=\"w-iconbox-text\"><p><span style=\"font-weight: 400;\">Umel\u00e1 inteligencia by mala urobi\u0165 Wiesbaden inteligentnej\u0161\u00edm: prostredn\u00edctvom efekt\u00edvneho riadenia a lep\u0161\u00edch slu\u017eieb. Pre n\u00e1s plat\u00ed nasledovn\u00e9: Ochrana \u00fadajov, transparentnos\u0165 a etick\u00e9 normy maj\u00fa v\u017edy prednos\u0165.<\/span><\/p>\n<p><br style=\"font-weight: 400;\" \/><br style=\"font-weight: 400;\" \/><\/p>\n<\/div><\/div><\/div><\/div><\/div><\/div><div class=\"w-separator size_medium\"><\/div><div class=\"g-cols wpb_row via_grid cols_3 laptops-cols_inherit tablets-cols_inherit mobiles-cols_1 valign_top type_default stacking_default\" style=\"--columns-gap:3rem;\"><div class=\"wpb_column vc_column_container\"><div class=\"vc_column-inner\"><div class=\"w-iconbox us_custom_8b3d6790 has_text_color iconpos_left style_default color_custom align_left\"><div class=\"w-iconbox-icon\" style=\"font-size:2rem;--icon-color:#Ffffff;--icon-bg-color:var(--color-header-middle-bg);\"><i class=\"fas fa-layer-group\"><\/i><\/div><div class=\"w-iconbox-meta\"><h4 class=\"w-iconbox-title\" style=\"font-size:1.5rem;\">Zvrchovan\u00fd a bezpe\u010dn\u00fd<\/h4><div class=\"w-iconbox-text\"><p><span style=\"font-weight: 400;\">Spoliehame sa na open source, ochranu \u00fadajov a vysok\u00fa bezpe\u010dnos\u0165 IT. V d\u00f4sledku toho zost\u00e1va Wiesbaden nez\u00e1visl\u00fd a odoln\u00fd vo\u010di digit\u00e1lnym rizik\u00e1m.<\/span><\/p>\n<\/div><\/div><\/div><\/div><\/div><div class=\"wpb_column vc_column_container\"><div class=\"vc_column-inner\"><div class=\"w-iconbox us_custom_8b3d6790 has_text_color iconpos_left style_default color_custom align_left\"><div class=\"w-iconbox-icon\" style=\"font-size:2rem;--icon-color:#Ffffff;--icon-bg-color:var(--color-header-transparent-text);\"><i class=\"fas fa-layer-group\"><\/i><\/div><div class=\"w-iconbox-meta\"><h4 class=\"w-iconbox-title\" style=\"font-size:1.5rem;\">Udr\u017eate\u013en\u00e1 digitaliz\u00e1cia<\/h4><div class=\"w-iconbox-text\"><p><span style=\"font-weight: 400;\">Infra\u0161trukt\u00fara a slu\u017eby IT by mali \u0161etri\u0165 zdroje, by\u0165 \u0161etrn\u00e9 ku kl\u00edme a spravodlivo obstaran\u00e9. Udr\u017eate\u013enos\u0165 je usmernen\u00edm pre ka\u017ed\u00fa digit\u00e1lnu invest\u00edciu.<\/span><\/p>\n<\/div><\/div><\/div><\/div><\/div><div class=\"wpb_column vc_column_container\"><div class=\"vc_column-inner\"><div class=\"w-iconbox us_custom_8b3d6790 has_text_color iconpos_left style_default color_custom align_left\"><div class=\"w-iconbox-icon\" style=\"font-size:2rem;--icon-color:#Ffffff;--icon-bg-color:var(--color-header-transparent-text);\"><i class=\"fas fa-layer-group\"><\/i><\/div><div class=\"w-iconbox-meta\"><h4 class=\"w-iconbox-title\" style=\"font-size:1.5rem;\">Spolo\u010dn\u00e9 formovanie inov\u00e1ci\u00ed<\/h4><div class=\"w-iconbox-text\"><p><span style=\"font-weight: 400;\">Digitaliz\u00e1ciu mo\u017eno dosiahnu\u0165 len prostredn\u00edctvom dial\u00f3gu. Podporujeme otvoren\u00e9 laborat\u00f3ri\u00e1, inteligentn\u00e9 n\u00e1pady z mestskej spolo\u010dnosti a \u00fa\u010das\u0165 na projektoch inteligentn\u00fdch miest.<\/span><\/p>\n<\/div><\/div><\/div><\/div><\/div><\/div><div class=\"w-separator size_medium\"><\/div><div class=\"w-btn-wrapper align_left\"><a class=\"w-btn us-btn-style_8 icon_atleft\" href=\"https:\/\/gruene-wiesbaden.de\/sk\/kommunalwahl\/#Kapitel1\"><i class=\"fas fa-chevron-circle-right\"><\/i><span class=\"w-btn-label\">Sp\u00e4\u0165 na preh\u013ead<\/span><\/a><\/div><div class=\"w-separator size_medium\"><\/div><\/div><\/div><\/div><\/div><\/section><section class=\"l-section wpb_row height_auto with_img\"><div class=\"l-section-img\" role=\"img\" data-img-width=\"1991\" data-img-height=\"2560\" style=\"background-image: url(https:\/\/gruene-wiesbaden.de\/wp-content\/uploads\/2025\/11\/1.8-Digitale-Infrastruktur-und-digitale-Services-fuer-alle-scaled.jpeg);background-repeat: no-repeat;\"><\/div><div class=\"l-section-overlay\" style=\"background:var(--color-header-top-transparent-bg)\"><\/div><div class=\"l-section-h i-cf\"><div class=\"g-cols vc_row via_grid cols_1 laptops-cols_inherit tablets-cols_inherit mobiles-cols_1 valign_middle type_default stacking_default\" style=\"--columns-gap:1rem;\"><div class=\"wpb_column vc_column_container\"><div class=\"vc_column-inner\"><div class=\"w-separator size_large\"><\/div><div class=\"wpb_text_column background_inside_text\"><div class=\"wpb_wrapper\"><h1>\u010co konkr\u00e9tne chceme v tejto oblasti urobi\u0165<\/h1>\n<\/div><\/div><div class=\"w-separator size_medium\"><\/div><div class=\"w-tabs us_custom_42d693a0 has_text_color style_default switch_click accordion has_scrolling\" style=\"--sections-title-size:1.4rem\"><div class=\"w-tabs-sections titles-align_none icon_chevron cpos_right\"><div class=\"w-tabs-section has_text_color\" id=\"l2bb\" style=\"background:var(--color-header-transparent-text);color:var(--color-header-top-text-hover);\"><button class=\"w-tabs-section-header\" aria-controls=\"content-l2bb\" aria-expanded=\"false\"><div class=\"w-tabs-section-title\">Roz\u0161\u00edrenie Wi-Fi pre verejn\u00e9 pou\u017eitie<\/div><div class=\"w-tabs-section-control\"><\/div><\/button><div  class=\"w-tabs-section-content\" id=\"content-l2bb\"><div class=\"w-tabs-section-content-h i-cf\"><div class=\"wpb_text_column\"><div class=\"wpb_wrapper\"><p><span style=\"font-weight: 400;\">Digit\u00e1lna \u00fa\u010das\u0165 si vy\u017eaduje bezplatn\u00fd pr\u00edstup. Sme odhodlan\u00ed zabezpe\u010di\u0165, aby parky, n\u00e1mestia, ml\u00e1de\u017en\u00edcke zariadenia a vzdel\u00e1vacie in\u0161tit\u00facie vo Wiesbadene boli vybaven\u00e9 bezplatn\u00fdm Wi-Fi pripojen\u00edm na internet, aby z neho mohol ma\u0165 prospech ka\u017ed\u00fd. T\u00fdmto sp\u00f4sobom umo\u017e\u0148ujeme digit\u00e1lnu \u00fa\u010das\u0165 bez oh\u013eadu na rozpo\u010det a rob\u00edme mesto modern\u00fdm, atrakt\u00edvnym a nad\u010dasov\u00fdm.<\/span><\/p>\n<\/div><\/div><\/div><\/div><\/div><div class=\"w-tabs-section has_text_color\" id=\"z3d9\" style=\"background:var(--color-header-transparent-text);color:var(--color-header-top-text-hover);\"><button class=\"w-tabs-section-header\" aria-controls=\"content-z3d9\" aria-expanded=\"false\"><div class=\"w-tabs-section-title\">App Predstavi\u0165 v\u0161etko Wiesbaden<\/div><div class=\"w-tabs-section-control\"><\/div><\/button><div  class=\"w-tabs-section-content\" id=\"content-z3d9\"><div class=\"w-tabs-section-content-h i-cf\"><div class=\"wpb_text_column\"><div class=\"wpb_wrapper\"><p><span style=\"font-weight: 400;\">Chceme zjednoti\u0165 kult\u00farne, vo\u013eno\u010dasov\u00e9 a vzdel\u00e1vacie ponuky, ako aj digit\u00e1lne slu\u017eby na jednom mieste. V spojen\u00ed s webovou str\u00e1nkou mesta a \u010fal\u0161\u00edmi relevantn\u00fdmi slu\u017ebami sa \u201eAlles Wiesbaden\u201c stane digit\u00e1lnym srdcom mesta \u2013 informat\u00edvnym, interakt\u00edvnym a \u0161etrn\u00fdm ku kl\u00edme. Aplik\u00e1cia sa m\u00e1 d\u00f4sledne roz\u0161irova\u0165 o \u010fal\u0161ie inform\u00e1cie a mo\u017enosti interakcie.<\/span><\/p>\n<\/div><\/div><\/div><\/div><\/div><div class=\"w-tabs-section has_text_color\" id=\"w50a\" style=\"background:var(--color-header-transparent-text);color:var(--color-header-top-text-hover);\"><button class=\"w-tabs-section-header\" aria-controls=\"content-w50a\" aria-expanded=\"false\"><div class=\"w-tabs-section-title\">Bezbari\u00e9rov\u00e9 riadenie<\/div><div class=\"w-tabs-section-control\"><\/div><\/button><div  class=\"w-tabs-section-content\" id=\"content-w50a\"><div class=\"w-tabs-section-content-h i-cf\"><div class=\"wpb_text_column\"><div class=\"wpb_wrapper\"><p><span style=\"font-weight: 400;\">Chceme rozv\u00edja\u0165 slu\u017eby digit\u00e1lnej spr\u00e1vy Wiesbadenu tak, aby boli pr\u00edstupn\u00e9 pre v\u0161etk\u00fdch \u2013 pou\u017e\u00edvate\u013esky \u00fastretov\u00e9, viacjazy\u010dn\u00e9 a bezbari\u00e9rov\u00e9. Formul\u00e1re a slu\u017eby s\u00fa zjednodu\u0161en\u00e9, mobiln\u00e9 zariadenia s\u00fa lep\u0161ie zoh\u013eadnen\u00e9 a ponuky pomoci s\u00fa integrovan\u00e9. Vytv\u00e1rame tak administrat\u00edvu, ktor\u00e1 nikoho nevylu\u010duje a umo\u017e\u0148uje v\u0161etk\u00fdm ob\u010danom r\u00fdchlo a jednoducho rie\u0161i\u0165 ich obavy online.<\/span><\/p>\n<\/div><\/div><\/div><\/div><\/div><div class=\"w-tabs-section has_text_color\" id=\"w625\" style=\"background:var(--color-header-middle-bg);color:var(--color-content-heading);\"><button class=\"w-tabs-section-header\" aria-controls=\"content-w625\" aria-expanded=\"false\"><div class=\"w-tabs-section-title\">Prehodnotenie administrat\u00edvy<\/div><div class=\"w-tabs-section-control\"><\/div><\/button><div  class=\"w-tabs-section-content\" id=\"content-w625\"><div class=\"w-tabs-section-content-h i-cf\"><div class=\"wpb_text_column\"><div class=\"wpb_wrapper\"><p><span style=\"font-weight: 400;\">Digit\u00e1lne upomienky sa vyh\u00fdbaj\u00fa vynechaniu, zmier\u0148uj\u00fa administrat\u00edvu a \u0161etria \u010das. Zaviazali sme sa k zavedeniu postupu digit\u00e1lnej pripomienky pre vypr\u0161anie platnosti preukazov toto\u017enosti. Ob\u010dania s\u00fa v\u010das informovan\u00ed listom, e-mailom alebo aplik\u00e1ciou a m\u00f4\u017eu poda\u0165 svoju prihl\u00e1\u0161ku v\u010das. To zni\u017euje stres, zabra\u0148uje vynechaniu a zmier\u0148uje pod\u00e1vanie, preto\u017ee kr\u00e1tkodob\u00e9 aplik\u00e1cie sa st\u00e1vaj\u00fa zriedkavej\u0161\u00edmi. Z\u00e1rove\u0148 sa zlep\u0161uje slu\u017eba pre v\u0161etk\u00fdch ob\u010danov a administrat\u00edva sa st\u00e1va jednoduch\u0161ou a pou\u017e\u00edvate\u013esky \u00fastretovej\u0161ou.<\/span><\/p>\n<\/div><\/div><\/div><\/div><\/div><div class=\"w-tabs-section has_text_color\" id=\"u74c\" style=\"background:var(--color-header-transparent-text);color:var(--color-header-top-text-hover);\"><button class=\"w-tabs-section-header\" aria-controls=\"content-u74c\" aria-expanded=\"false\"><div class=\"w-tabs-section-title\">Pripojenie administrat\u00edvy k 115<\/div><div class=\"w-tabs-section-control\"><\/div><\/button><div  class=\"w-tabs-section-content\" id=\"content-u74c\"><div class=\"w-tabs-section-content-h i-cf\"><div class=\"wpb_text_column\"><div class=\"wpb_wrapper\"><p><span style=\"font-weight: 400;\">Chceme spoji\u0165 Wiesbadensk\u00fa administrat\u00edvu s celonemeckou autoritou \u010d\u00edslo 115. Ob\u010dania a podniky maj\u00fa napr\u00edklad pr\u00edslu\u0161n\u00e9 kontaktn\u00e9 miesto pre v\u0161etky ot\u00e1zky verejnej spr\u00e1vy \u2013 od likvid\u00e1cie odpadu a\u017e po registr\u00e1ciu vozidiel. To u\u013eah\u010duje pr\u00edstup, zni\u017euje byrokraciu a posil\u0148uje slu\u017eby ob\u010danom.<\/span><\/p>\n<\/div><\/div><\/div><\/div><\/div><div class=\"w-tabs-section has_text_color\" id=\"d883\" style=\"background:var(--color-header-middle-bg);color:var(--color-header-middle-text);\"><button class=\"w-tabs-section-header\" aria-controls=\"content-d883\" aria-expanded=\"false\"><div class=\"w-tabs-section-title\">Digit\u00e1lny mana\u017ement, jednoducho vysvetlen\u00e9<\/div><div class=\"w-tabs-section-control\"><\/div><\/button><div  class=\"w-tabs-section-content\" id=\"content-d883\"><div class=\"w-tabs-section-content-h i-cf\"><div class=\"wpb_text_column\"><div class=\"wpb_wrapper\"><p><span style=\"font-weight: 400;\">Chceme zriadi\u0165 st\u00e1le kontaktn\u00e9 miesta pre digit\u00e1lnu podporu vo Wiesbadene \u2013 po\u010dn\u00fac centr\u00e1lnou podporou prvej \u00farovne na radnici, kde ob\u010dania dost\u00e1vaj\u00fa nekomplikovan\u00fa pomoc s procesom digit\u00e1lnej \u017eiadosti. Okrem toho sa pon\u00faknu kurzy odbornej pr\u00edpravy a semin\u00e1re na posilnenie digit\u00e1lnych zru\u010dnost\u00ed. Tento viac\u00farov\u0148ov\u00fd model u\u013eah\u010duje digit\u00e1lnu \u00fa\u010das\u0165, oslobodzuje miestne samospr\u00e1vy a zabezpe\u010duje, aby digit\u00e1lny pokrok na nikoho nezabudol. Nesk\u00f4r mobiln\u00e9 t\u00edmy roz\u0161\u00edria ponuku slu\u017eieb a poskytn\u00fa podporu priamo na mieste.<\/span><\/p>\n<\/div><\/div><\/div><\/div><\/div><div class=\"w-tabs-section has_text_color\" id=\"i99c\" style=\"background:var(--color-header-transparent-text);color:var(--color-header-top-text-hover);\"><button class=\"w-tabs-section-header\" aria-controls=\"content-i99c\" aria-expanded=\"false\"><div class=\"w-tabs-section-title\">Digit\u00e1lny prv\u00fd<\/div><div class=\"w-tabs-section-control\"><\/div><\/button><div  class=\"w-tabs-section-content\" id=\"content-i99c\"><div class=\"w-tabs-section-content-h i-cf\"><div class=\"wpb_text_column\"><div class=\"wpb_wrapper\"><p><span style=\"font-weight: 400;\">Slu\u017eby mesta by mali by\u0165 pr\u00edstupn\u00e9 digit\u00e1lne, r\u00fdchlo a nebyrokraticky a administrat\u00edva by mala by\u0165 u\u017e\u00edvate\u013esky pr\u00edstupnej\u0161ia. S digit\u00e1lnym pr\u00edstupom sa spoliehame na automatizovan\u00e9, digitalizovan\u00e9 procesy bez pou\u017eitia aplik\u00e1ci\u00ed, ktor\u00e9 \u0161etria \u010das a n\u00e1klady, zvy\u0161uj\u00fa kvalitu slu\u017eieb a st\u00e1le zabezpe\u010duj\u00fa analogick\u00e9 alternat\u00edvy.<\/span><\/p>\n<\/div><\/div><\/div><\/div><\/div><div class=\"w-tabs-section has_text_color\" id=\"habb\" style=\"background:var(--color-header-transparent-text);color:var(--color-header-top-text-hover);\"><button class=\"w-tabs-section-header\" aria-controls=\"content-habb\" aria-expanded=\"false\"><div class=\"w-tabs-section-title\">Posilnenie digit\u00e1lnej suverenity<\/div><div class=\"w-tabs-section-control\"><\/div><\/button><div  class=\"w-tabs-section-content\" id=\"content-habb\"><div class=\"w-tabs-section-content-h i-cf\"><div class=\"wpb_text_column\"><div class=\"wpb_wrapper\"><p><span style=\"font-weight: 400;\">GR\u00dcNE chce posilni\u0165 digit\u00e1lnu suverenitu Wiesbadenu prostredn\u00edctvom prioritn\u00e9ho pou\u017e\u00edvania softv\u00e9ru s otvoren\u00fdm zdrojov\u00fdm k\u00f3dom v administr\u00e1cii Wiesbadenu. Propriet\u00e1rne syst\u00e9my bud\u00fa postupne nahraden\u00e9 otvoren\u00fdmi rie\u0161eniami, ktor\u00e9 mo\u017eno flexibilne prisp\u00f4sobi\u0165 miestnym potreb\u00e1m vo Wiesbadene. Aby sme to dosiahli, zav\u00e4zujeme sa k potrebn\u00fdm r\u00e1mcov\u00fdm podmienkam: Odborn\u00e1 pr\u00edprava pre zamestnancov a odborn\u00e1 podpora v spolupr\u00e1ci s region\u00e1lnymi poskytovate\u013emi IT slu\u017eieb a univerzitami. T\u00fdmto sp\u00f4sobom podporujeme inov\u00e1cie, vyh\u00fdbame sa z\u00e1vislostiam, vytv\u00e1rame transparentnos\u0165, posil\u0148ujeme ochranu \u00fadajov a zvy\u0161ujeme digit\u00e1lnu suverenitu n\u00e1\u0161ho mesta - bez toho, aby sme nechali zamestnancov na pokoji.<\/span><\/p>\n<\/div><\/div><\/div><\/div><\/div><div class=\"w-tabs-section has_text_color\" id=\"ebf7\" style=\"background:var(--color-header-transparent-text);color:var(--color-header-top-text-hover);\"><button class=\"w-tabs-section-header\" aria-controls=\"content-ebf7\" aria-expanded=\"false\"><div class=\"w-tabs-section-title\">IT pre Wiesbadenovu bud\u00facnos\u0165<\/div><div class=\"w-tabs-section-control\"><\/div><\/button><div  class=\"w-tabs-section-content\" id=\"content-ebf7\"><div class=\"w-tabs-section-content-h i-cf\"><div class=\"wpb_text_column\"><div class=\"wpb_wrapper\"><p><span style=\"font-weight: 400;\">Chceme konsolidova\u0165 mestsk\u00e9 IT procesy a zefekt\u00edvni\u0165 ich tak v r\u00e1mci Wiesbadenu, ako aj v spolupr\u00e1ci s in\u00fdmi obcami. Cie\u013eom je lep\u0161ie prepoji\u0165 procesy, posilni\u0165 koordin\u00e1ciu medzi \u00faradmi a vyhn\u00fa\u0165 sa individu\u00e1lnym opatreniam. Okrem toho chceme, aby sa presk\u00famal prenos mestsk\u00fdch IT procesov z h\u013eadiska potenci\u00e1lu spolo\u010dn\u00e9ho centralizovan\u00e9ho poskytovania slu\u017eieb a procesov s cie\u013eom zdru\u017ei\u0165 zdroje, zn\u00ed\u017ei\u0165 n\u00e1klady a zv\u00fd\u0161i\u0165 prev\u00e1dzkov\u00fa bezpe\u010dnos\u0165. Spolo\u010dn\u00e9 rie\u0161enia s in\u00fdmi obcami vytv\u00e1raj\u00fa efekt \u0161k\u00e1lovania, zni\u017euj\u00fa n\u00e1klady a zvy\u0161uj\u00fa bezpe\u010dnos\u0165, v\u00fdkonnos\u0165 a kvalitu slu\u017eieb. V\u010faka tomu je administr\u00e1cia Wiesbadenu efekt\u00edvnej\u0161ia a u\u017e\u00edvate\u013esky pr\u00edjemnej\u0161ia.<\/span><\/p>\n<\/div><\/div><\/div><\/div><\/div><div class=\"w-tabs-section has_text_color\" id=\"fd1c\" style=\"background:var(--color-header-transparent-text);color:var(--color-header-top-text-hover);\"><button class=\"w-tabs-section-header\" aria-controls=\"content-fd1c\" aria-expanded=\"false\"><div class=\"w-tabs-section-title\">Digit\u00e1lna bezpe\u010dnos\u0165<\/div><div class=\"w-tabs-section-control\"><\/div><\/button><div  class=\"w-tabs-section-content\" id=\"content-fd1c\"><div class=\"w-tabs-section-content-h i-cf\"><div class=\"wpb_text_column\"><div class=\"wpb_wrapper\"><p><span style=\"font-weight: 400;\">Zaviazali sme sa k d\u00f4sledn\u00e9mu posil\u0148ovaniu bezpe\u010dnosti IT vo Wiesbadene vr\u00e1tane v\u00fdvoja modern\u00fdch syst\u00e9mov ochrany, vykon\u00e1vania pravideln\u00fdch bezpe\u010dnostn\u00fdch auditov a neust\u00e1leho \u0161kolenia mestsk\u00e9ho person\u00e1lu v oblasti rie\u0161enia digit\u00e1lnych riz\u00edk. T\u00fdmto sp\u00f4sobom zvy\u0161ujeme odolnos\u0165 mestsk\u00fdch siet\u00ed a syst\u00e9mov vo\u010di kybernetick\u00fdm \u00fatokom a zabezpe\u010dujeme spo\u013eahliv\u00fa ochranu citliv\u00fdch \u00fadajov. Iba s vysokou bezpe\u010dnos\u0165ou IT zost\u00e1va digit\u00e1lna spr\u00e1va d\u00f4veryhodn\u00e1 a nad\u010dasov\u00e1 vo Wiesbadene. \u00dadaje obyvate\u013eov Wiesbadenu musia by\u0165 bezpe\u010dne chr\u00e1nen\u00e9.<\/span><\/p>\n<\/div><\/div><\/div><\/div><\/div><div class=\"w-tabs-section has_text_color\" id=\"ie39\" style=\"background:var(--color-header-transparent-text);color:var(--color-header-top-text-hover);\"><button class=\"w-tabs-section-header\" aria-controls=\"content-ie39\" aria-expanded=\"false\"><div class=\"w-tabs-section-title\">Umel\u00fa inteligenciu pou\u017e\u00edvajte zodpovedne<\/div><div class=\"w-tabs-section-control\"><\/div><\/button><div  class=\"w-tabs-section-content\" id=\"content-ie39\"><div class=\"w-tabs-section-content-h i-cf\"><div class=\"wpb_text_column\"><div class=\"wpb_wrapper\"><p><span style=\"font-weight: 400;\">Umel\u00e1 inteligencia pon\u00faka ve\u013ek\u00e9 pr\u00edle\u017eitosti pre administrat\u00edvu a rozvoj miest. Chceme, aby sa syst\u00e9my zalo\u017een\u00e9 na umelej inteligencii pou\u017e\u00edvali konkr\u00e9tne v administrat\u00edve, kde vytv\u00e1raj\u00fa skuto\u010dn\u00fa pridan\u00fa hodnotu pre ob\u010danov s cie\u013eom r\u00fdchlej\u0161ie spracova\u0165 \u017eiadosti, zjednodu\u0161i\u0165 slu\u017eby pre ob\u010danov a efekt\u00edvnej\u0161ie vyu\u017e\u00edva\u0165 zdroje. Transparentnos\u0165, ochrana \u00fadajov a orient\u00e1cia na pou\u017e\u00edvate\u013ea s\u00fa hlavn\u00fdmi prioritami. Okrem toho sme sa zaviazali vytvori\u0165 kompeten\u010dn\u00e9 centrum pre umel\u00fa inteligenciu vo Wiesbadene, ktor\u00e9 sp\u00e1ja administrat\u00edvu, podnikanie a vedu a zodpovedne podporuje inovat\u00edvne aplik\u00e1cie.<\/span><\/p>\n<\/div><\/div><\/div><\/div><\/div><div class=\"w-tabs-section has_text_color\" id=\"jf51\" style=\"background:var(--color-header-transparent-text);color:var(--color-header-top-text-hover);\"><button class=\"w-tabs-section-header\" aria-controls=\"content-jf51\" aria-expanded=\"false\"><div class=\"w-tabs-section-title\">Inteligentn\u00e9 mesto 2.0<\/div><div class=\"w-tabs-section-control\"><\/div><\/button><div  class=\"w-tabs-section-content\" id=\"content-jf51\"><div class=\"w-tabs-section-content-h i-cf\"><div class=\"wpb_text_column\"><div class=\"wpb_wrapper\"><p><span style=\"font-weight: 400;\">Existuje mnoho sp\u00f4sobov, ako urobi\u0165 mesto inteligentnej\u0161\u00edm pomocou digit\u00e1lnych prostriedkov. Digit\u00e1lnymi prostriedkami chceme, aby bol \u017eivot vo Wiesbadene inteligentnej\u0161\u00ed, efekt\u00edvnej\u0161\u00ed a ob\u00fdvate\u013enej\u0161\u00ed - s \u00fa\u010das\u0165ou, transparentnos\u0165ou a spolo\u010dnou \u010dinnos\u0165ou. Najlep\u0161ie n\u00e1pady poch\u00e1dzaj\u00fa z dial\u00f3gu. Preto chceme, aby ob\u010dania mohli na semin\u00e1roch formova\u0165 digit\u00e1lne t\u00e9my, ako je mobilita, administrat\u00edva alebo udr\u017eate\u013en\u00fd rozvoj miest. Radi by sme politicky podporili my\u0161lienky Smart City, ktor\u00e9 pon\u00fakaj\u00fa najv\u00e4\u010d\u0161\u00ed pr\u00ednos pre mestsk\u00fa spolo\u010dnos\u0165, pri ich realiz\u00e1cii.<\/span><\/p>\n<\/div><\/div><\/div><\/div><\/div><div class=\"w-tabs-section has_text_color\" id=\"i071\" style=\"background:var(--color-header-transparent-text);color:var(--color-header-top-text-hover);\"><button class=\"w-tabs-section-header\" aria-controls=\"content-i071\" aria-expanded=\"false\"><div class=\"w-tabs-section-title\">Posilnenie digit\u00e1lnych laborat\u00f3ri\u00ed<\/div><div class=\"w-tabs-section-control\"><\/div><\/button><div  class=\"w-tabs-section-content\" id=\"content-i071\"><div class=\"w-tabs-section-content-h i-cf\"><div class=\"wpb_text_column\"><div class=\"wpb_wrapper\"><p><span style=\"font-weight: 400;\">Zabezpe\u010dujeme financovanie existuj\u00facich inova\u010dn\u00fdch lokal\u00edt, ako je Zukunftswerk, a chceme, aby sa roz\u0161\u00edrili ako neoddelite\u013en\u00e1 s\u00fa\u010das\u0165 digit\u00e1lneho rozvoja miest. Digit\u00e1lne laborat\u00f3ri\u00e1 a iniciat\u00edvy z\u00e1rove\u0148 podporuj\u00fa experimenty, workshopy a projekty \u2013 napr\u00edklad po\u010das pr\u00e1zdnin alebo v \u0161kol\u00e1ch \u2013 s cie\u013eom in\u0161pirova\u0165 najm\u00e4 mlad\u00fdch \u013eud\u00ed v ranom \u0161t\u00e1diu digit\u00e1lnych t\u00e9m. Chceme to podpori\u0165. Zaviazali sme sa aj k vytv\u00e1raniu n\u00edzkoprahov\u00fdch pon\u00fak, ako je \u201edigit\u00e1lna kaviare\u0148\u201c modelovan\u00e1 pod\u013ea oprav\u00e1renskej kaviarne: Ob\u010dania tu m\u00f4\u017eu kl\u00e1s\u0165 ot\u00e1zky, spolupracova\u0165 na rie\u0161eniach alebo sa dozvedie\u0165 o nov\u00fdch technol\u00f3gi\u00e1ch. V\u010faka t\u00fdmto v\u0161estrann\u00fdm sk\u00fa\u0161obn\u00fdm laborat\u00f3ri\u00e1m podporujeme v\u00fdmenu, spolo\u010dn\u00fa tvorbu a inov\u00e1cie \u2013 a digitaliz\u00e1ciu rob\u00edme hmatate\u013enou pre ka\u017ed\u00e9ho vo Wiesbadene.<\/span><\/p>\n<\/div><\/div><\/div><\/div><\/div><\/div><\/div><div class=\"w-separator size_medium\"><\/div><div class=\"w-btn-wrapper align_left\"><a class=\"w-btn us-btn-style_8 icon_atleft\" href=\"https:\/\/gruene-wiesbaden.de\/sk\/kommunalwahl\/#Kapitel1\"><i class=\"fas fa-chevron-circle-right\"><\/i><span class=\"w-btn-label\">Sp\u00e4\u0165 na preh\u013ead<\/span><\/a><\/div><div class=\"w-separator size_large\"><\/div><div class=\"wpb_text_column\"><div class=\"wpb_wrapper\"><h1>\u010co sme u\u017e dosiahli<\/h1>\n<\/div><\/div><div class=\"w-separator size_medium\"><\/div><div class=\"w-tabs us_custom_42d693a0 has_text_color style_default switch_click accordion has_scrolling\" style=\"--sections-title-size:1.4rem\"><div class=\"w-tabs-sections titles-align_none icon_chevron cpos_right\"><div class=\"w-tabs-section has_text_color\" id=\"c888\" style=\"background:var(--color-header-transparent-text);color:var(--color-header-top-text-hover);\"><button class=\"w-tabs-section-header\" aria-controls=\"content-c888\" aria-expanded=\"false\"><div class=\"w-tabs-section-title\">Nov\u00e1 webov\u00e1 str\u00e1nka mesta Wiesbaden<\/div><div class=\"w-tabs-section-control\"><\/div><\/button><div  class=\"w-tabs-section-content\" id=\"content-c888\"><div class=\"w-tabs-section-content-h i-cf\"><div class=\"wpb_text_column\"><div class=\"wpb_wrapper\"><p><span style=\"font-weight: 400;\">Mesto Wiesbaden zmodernizovalo svoje webov\u00e9 s\u00eddlo s cie\u013eom u\u013eah\u010di\u0165 pr\u00edstup k inform\u00e1ci\u00e1m a slu\u017eb\u00e1m. Str\u00e1nka je bezbari\u00e9rov\u00e1 a pon\u00faka obsah v 12 jazykoch. Okrem toho sa pon\u00fakne obsah v jednoduchom jazyku a nemeckom posunkovom jazyku s cie\u013eom \u010falej zv\u00fd\u0161i\u0165 pr\u00edstupnos\u0165.<\/span><\/p>\n<\/div><\/div><\/div><\/div><\/div><div class=\"w-tabs-section has_text_color\" id=\"w9b9\" style=\"background:var(--color-header-transparent-text);color:var(--color-header-top-text-hover);\"><button class=\"w-tabs-section-header\" aria-controls=\"content-w9b9\" aria-expanded=\"false\"><div class=\"w-tabs-section-title\">\u010coraz viac digit\u00e1lnych slu\u017eieb u\u013eah\u010duje ka\u017edodenn\u00fd \u017eivot<\/div><div class=\"w-tabs-section-control\"><\/div><\/button><div  class=\"w-tabs-section-content\" id=\"content-w9b9\"><div class=\"w-tabs-section-content-h i-cf\"><div class=\"wpb_text_column\"><div class=\"wpb_wrapper\"><p><span style=\"font-weight: 400;\">Vo Wiesbadene maj\u00fa ob\u010dania pr\u00edstup k mnoh\u00fdm mestsk\u00fdm slu\u017eb\u00e1m online. O registra\u010dn\u00e9 osved\u010denia alebo osved\u010denia o dobrom spr\u00e1van\u00ed m\u00f4\u017eete po\u017eiada\u0165 z pohodlia v\u00e1\u0161ho domova. Vymenovania na \u00farade ob\u010danov alebo do pasov je mo\u017en\u00e9 rezervova\u0165 aj digit\u00e1lne, \u010do v\u00fdrazne skracuje \u010dakacie lehoty. Interakt\u00edvna mapa mesta u\u013eah\u010duje vyh\u013ead\u00e1vanie \u0161k\u00f4l, centier dennej starostlivosti, \u0161portov\u00fdch zariaden\u00ed alebo parkov\u00edsk a poskytuje \u010fal\u0161ie inform\u00e1cie o otv\u00e1rac\u00edch hodin\u00e1ch, ponuk\u00e1ch a pr\u00edstupnosti. Ob\u010dania s\u00fa v\u017edy informovan\u00ed o aplik\u00e1ci\u00e1ch a digit\u00e1lnych informa\u010dn\u00fdch bulletinoch \u2013 napr\u00edklad o stavenisk\u00e1ch, doprave alebo civilnej ochrane.<\/span><\/p>\n<p><span style=\"font-weight: 400;\">Kult\u00farne a vo\u013eno\u010dasov\u00e9 aktivity s\u00fa k dispoz\u00edcii aj online: Vstupenky na obecn\u00e9 divadl\u00e1, m\u00faze\u00e1 alebo \u0161portov\u00e9 podujatia je mo\u017en\u00e9 rezervova\u0165 digit\u00e1lne a virtu\u00e1lne prehliadky alebo podujatia navy\u0161e roz\u0161iruj\u00fa ponuku. Priestory na grilovanie a mestsk\u00e9 domy v meste m\u00f4\u017eu by\u0165 tie\u017e pohodlne rezervovan\u00e9 online.<\/span><\/p>\n<\/div><\/div><\/div><\/div><\/div><div class=\"w-tabs-section has_text_color\" id=\"rad5\" style=\"background:var(--color-header-transparent-text);color:var(--color-header-top-text-hover);\"><button class=\"w-tabs-section-header\" aria-controls=\"content-rad5\" aria-expanded=\"false\"><div class=\"w-tabs-section-title\">Inform\u00e1cie o meste Wiesbaden s\u00fa digit\u00e1lne dostupn\u00e9 pre ka\u017ed\u00e9ho<\/div><div class=\"w-tabs-section-control\"><\/div><\/button><div  class=\"w-tabs-section-content\" id=\"content-rad5\"><div class=\"w-tabs-section-content-h i-cf\"><div class=\"wpb_text_column\"><div class=\"wpb_wrapper\"><p><span style=\"font-weight: 400;\">Wiesbaden poskytuje ob\u010danom a zainteresovan\u00fdm stran\u00e1m komplexn\u00e9 inform\u00e1cie o meste digit\u00e1lne. Digit\u00e1lna \u0161tatistick\u00e1 ro\u010denka poskytuje podrobn\u00e9 \u00fadaje a \u0161tatistiky doplnen\u00e9 interakt\u00edvnymi mapami a excelov\u00fdmi tabu\u013ekami, ktor\u00e9 poskytuj\u00fa r\u00fdchly a transparentn\u00fd poh\u013ead na v\u0161etky relevantn\u00e9 metriky miest.<\/span><\/p>\n<\/div><\/div><\/div><\/div><\/div><div class=\"w-tabs-section has_text_color\" id=\"yc13\" style=\"background:var(--color-header-middle-bg);color:var(--color-content-heading);\"><button class=\"w-tabs-section-header\" aria-controls=\"content-yc13\" aria-expanded=\"false\"><div class=\"w-tabs-section-title\">Predstavujeme detsk\u00fa aplik\u00e1ciu Kids Fox<\/div><div class=\"w-tabs-section-control\"><\/div><\/button><div  class=\"w-tabs-section-content\" id=\"content-yc13\"><div class=\"w-tabs-section-content-h i-cf\"><div class=\"wpb_text_column\"><div class=\"wpb_wrapper\"><p><span style=\"font-weight: 400;\">Od roku 2025 bola aplik\u00e1cia Kids Fox zaveden\u00e1 vo v\u0161etk\u00fdch 42 mestsk\u00fdch centr\u00e1ch dennej starostlivosti. To podporuje rodi\u010dov a zamestnancov \u0161k\u00f4lky v komunik\u00e1cii a organiz\u00e1cii. Aplik\u00e1cia pon\u00faka funkciu automatick\u00e9ho prekladu v 27 jazykoch.<\/span><\/p>\n<\/div><\/div><\/div><\/div><\/div><div class=\"w-tabs-section has_text_color\" id=\"id2b\" style=\"background:var(--color-header-transparent-text);color:var(--color-header-top-text-hover);\"><button class=\"w-tabs-section-header\" aria-controls=\"content-id2b\" aria-expanded=\"false\"><div class=\"w-tabs-section-title\">Transparentn\u00e9 d\u00e1ta pre v\u0161etk\u00fdch<\/div><div class=\"w-tabs-section-control\"><\/div><\/button><div  class=\"w-tabs-section-content\" id=\"content-id2b\"><div class=\"w-tabs-section-content-h i-cf\"><div class=\"wpb_text_column\"><div class=\"wpb_wrapper\"><p><span style=\"font-weight: 400;\">Nov\u00e1 strat\u00e9gia otvoren\u00e9ho pr\u00edstupu k \u00fadajom vytvor\u00ed do jesene 2025 vo Wiesbadene centr\u00e1lnu platformu, ktor\u00e1 bezplatne spr\u00edstupn\u00ed \u00fadaje ob\u010danom, podnikom a akademickej obci \u2013 m\u00ed\u013enik pre transparentnos\u0165 a inov\u00e1cie.<\/span><\/p>\n<\/div><\/div><\/div><\/div><\/div><div class=\"w-tabs-section has_text_color\" id=\"ie40\" style=\"background:var(--color-header-transparent-text);color:var(--color-header-top-text-hover);\"><button class=\"w-tabs-section-header\" aria-controls=\"content-ie40\" aria-expanded=\"false\"><div class=\"w-tabs-section-title\">Posilnen\u00e1 sloboda inform\u00e1ci\u00ed<\/div><div class=\"w-tabs-section-control\"><\/div><\/button><div  class=\"w-tabs-section-content\" id=\"content-ie40\"><div class=\"w-tabs-section-content-h i-cf\"><div class=\"wpb_text_column\"><div class=\"wpb_wrapper\"><p><span style=\"font-weight: 400;\">\u0160tat\u00fat slobody inform\u00e1ci\u00ed je vo Wiesbadene v platnosti od janu\u00e1ra 2023. Poskytuje ob\u010danom nekomplikovan\u00fd pr\u00edstup k ofici\u00e1lnym inform\u00e1ci\u00e1m, a t\u00fdm posil\u0148uje d\u00f4veru a demokratick\u00fa \u00fa\u010das\u0165.<\/span><\/p>\n<\/div><\/div><\/div><\/div><\/div><div class=\"w-tabs-section has_text_color\" id=\"tf5c\" style=\"background:var(--color-header-transparent-text);color:var(--color-header-top-text-hover);\"><button class=\"w-tabs-section-header\" aria-controls=\"content-tf5c\" aria-expanded=\"false\"><div class=\"w-tabs-section-title\">Politika sa d\u00e1 za\u017ei\u0165 na\u017eivo<\/div><div class=\"w-tabs-section-control\"><\/div><\/button><div  class=\"w-tabs-section-content\" id=\"content-tf5c\"><div class=\"w-tabs-section-content-h i-cf\"><div class=\"wpb_text_column\"><div class=\"wpb_wrapper\"><p><span style=\"font-weight: 400;\">Od marca 2024 sa zasadnutia mestskej rady vysielaj\u00fa na\u017eivo na YouTube. V\u010faka tomu je miestna politika transparentnej\u0161ia a v\u0161etk\u00fdm sa u\u013eah\u010duje pr\u00edstup k rozhodnutiam.<\/span><\/p>\n<\/div><\/div><\/div><\/div><\/div><div class=\"w-tabs-section has_text_color\" id=\"v072\" style=\"background:var(--color-header-transparent-text);color:var(--color-header-top-text-hover);\"><button class=\"w-tabs-section-header\" aria-controls=\"content-v072\" aria-expanded=\"false\"><div class=\"w-tabs-section-title\">Platforma pr\u00edle\u017eitost\u00ed Wiesbaden<\/div><div class=\"w-tabs-section-control\"><\/div><\/button><div  class=\"w-tabs-section-content\" id=\"content-v072\"><div class=\"w-tabs-section-content-h i-cf\"><div class=\"wpb_text_column\"><div class=\"wpb_wrapper\"><p><span style=\"font-weight: 400;\">Platforma pr\u00edle\u017eitost\u00ed bola spusten\u00e1 ako s\u00fa\u010das\u0165 iniciat\u00edvy WI WORK LIFE? Industry Skills Initiative v roku 2022. Pon\u00faka ob\u010danom digit\u00e1lnu podporu vo vzdel\u00e1van\u00ed, odbornej pr\u00edprave a kari\u00e9re a u\u013eah\u010duje pr\u00edstup k pracovn\u00fdm ponuk\u00e1m, \u010fal\u0161iemu vzdel\u00e1vaniu a u\u010d\u0148ovskej pr\u00edprave vo Wiesbadene.<\/span><\/p>\n<\/div><\/div><\/div><\/div><\/div><div class=\"w-tabs-section has_text_color\" id=\"t188\" style=\"background:var(--color-header-transparent-text);color:var(--color-header-top-text-hover);\"><button class=\"w-tabs-section-header\" aria-controls=\"content-t188\" aria-expanded=\"false\"><div class=\"w-tabs-section-title\">Tr\u00e9ningov\u00fd radar Wiesbaden<\/div><div class=\"w-tabs-section-control\"><\/div><\/button><div  class=\"w-tabs-section-content\" id=\"content-t188\"><div class=\"w-tabs-section-content-h i-cf\"><div class=\"wpb_text_column\"><div class=\"wpb_wrapper\"><p><span style=\"font-weight: 400;\">Tr\u00e9ningov\u00fd radar bol zaveden\u00fd v roku 2025. Prostredn\u00edctvom tejto digit\u00e1lnej platformy m\u00f4\u017eu spolo\u010dnosti odporu\u010di\u0165 vhodn\u00fdm uch\u00e1dza\u010dom, ktor\u00fdch nem\u00f4\u017eu prija\u0165 z kapacitn\u00fdch d\u00f4vodov, in\u00e9 spolo\u010dnosti so s\u00eddlom vo Wiesbadene. Mo\u017enosti odbornej pr\u00edpravy v regi\u00f3ne tak zost\u00e1vaj\u00fa transparentn\u00e9 a \u013eahko dostupn\u00e9.<\/span><\/p>\n<\/div><\/div><\/div><\/div><\/div><div class=\"w-tabs-section has_text_color\" id=\"v29c\" style=\"background:var(--color-header-transparent-text);color:var(--color-header-top-text-hover);\"><button class=\"w-tabs-section-header\" aria-controls=\"content-v29c\" aria-expanded=\"false\"><div class=\"w-tabs-section-title\">F\u00f3rum pre iniciat\u00edvu pre kvalifikovan\u00fdch pracovn\u00edkov v priemysle<\/div><div class=\"w-tabs-section-control\"><\/div><\/button><div  class=\"w-tabs-section-content\" id=\"content-v29c\"><div class=\"w-tabs-section-content-h i-cf\"><div class=\"wpb_text_column\"><div class=\"wpb_wrapper\"><p><span style=\"font-weight: 400;\">Odvetvie iniciat\u00edvy Forum Talent Initiative bolo zalo\u017een\u00e9 v roku 2022. Digit\u00e1lne sp\u00e1ja odborn\u00edkov a podporuje spolo\u010dnosti pri h\u013eadan\u00ed a propag\u00e1cii talentov. Z\u00e1rove\u0148 u\u013eah\u010duje profesion\u00e1lnu v\u00fdmenu medzi priemyslom, vzdel\u00e1vac\u00edmi in\u0161tit\u00faciami a organiz\u00e1ciami s cie\u013eom posilni\u0165 udr\u017eanie kvalifikovan\u00fdch pracovn\u00edkov vo Wiesbadene.<\/span><\/p>\n<\/div><\/div><\/div><\/div><\/div><div class=\"w-tabs-section has_text_color\" id=\"c3d0\" style=\"background:var(--color-header-transparent-text);color:var(--color-header-top-text-hover);\"><button class=\"w-tabs-section-header\" aria-controls=\"content-c3d0\" aria-expanded=\"false\"><div class=\"w-tabs-section-title\">Digitaliz\u00e1cia riadenia v\u00fdstavby<\/div><div class=\"w-tabs-section-control\"><\/div><\/button><div  class=\"w-tabs-section-content\" id=\"content-c3d0\"><div class=\"w-tabs-section-content-h i-cf\"><div class=\"wpb_text_column\"><div class=\"wpb_wrapper\"><p><span style=\"font-weight: 400;\">Wiesbaden rob\u00ed stavebn\u00e9 procesy r\u00fdchlej\u0161\u00edmi, transparentnej\u0161\u00edmi a digit\u00e1lne pr\u00edstupn\u00fdmi. Architekti a stavitelia predkladaj\u00fa stavebn\u00e9 \u017eiadosti, ako aj \u017eiadosti o stavebn\u00e9 povolenia a ochranu pamiatok \u00faplne online. S hybridnou stavebnou aplik\u00e1ciou od roku 2023 je digit\u00e1lne predkladanie dokumentov vo form\u00e1te PDF mo\u017en\u00e9 \u2013 papierov\u00e9 k\u00f3pie sa vy\u017eaduj\u00fa len raz. Digit\u00e1lny pr\u00edstup k s\u00faborom z\u00e1rove\u0148 umo\u017e\u0148uje stavite\u013eom prezera\u0165 s\u00fabory budov online a priamo nahr\u00e1va\u0165 po\u017eadovan\u00e9 dokumenty. V\u010faka tomu s\u00fa schva\u013eovacie procesy ove\u013ea efekt\u00edvnej\u0161ie a pohodlnej\u0161ie pre v\u0161etk\u00fdch z\u00fa\u010dastnen\u00fdch.<\/span><\/p>\n<\/div><\/div><\/div><\/div><\/div><\/div><\/div><div class=\"w-separator size_medium\"><\/div><div class=\"w-btn-wrapper align_left\"><a class=\"w-btn us-btn-style_8 icon_atleft\" href=\"https:\/\/gruene-wiesbaden.de\/sk\/kommunalwahl\/#Kapitel1\"><i class=\"fas fa-chevron-circle-right\"><\/i><span class=\"w-btn-label\">Sp\u00e4\u0165 na preh\u013ead<\/span><\/a><\/div><div class=\"w-separator size_large\"><\/div><\/div><\/div><\/div><\/div><\/section>","protected":false},"excerpt":{"rendered":"Digit\u00e1lna infra\u0161trukt\u00fara a digit\u00e1lne slu\u017eby pre v\u0161etk\u00fdchDigit\u00e1lne slu\u017eby s\u00fa viac ne\u017e len technick\u00e9 n\u00e1stroje \u2013 s\u00fa nevyhnutn\u00e9 na zabezpe\u010denie toho, aby administrat\u00edva fungovala r\u00fdchlo, jednoducho a transparentne pre v\u0161etk\u00fdch Wiesbadeners. U\u013eah\u010duj\u00fa ka\u017edodenn\u00fd \u017eivot t\u00fdm, \u017ee u\u013eah\u010duj\u00fa vyp\u013a\u0148anie registr\u00e1ci\u00ed, rezervovanie term\u00ednov na \u00farade ob\u010danov alebo pod\u00e1vanie \u017eiadost\u00ed o grant online. Digit\u00e1lna \u00fa\u010das\u0165 je viac ne\u017e len internetov\u00e9 pripojenie \u2013 je predpokladom...","protected":false},"author":1,"featured_media":1511,"comment_status":"closed","ping_status":"closed","sticky":false,"template":"","format":"standard","meta":{"footnotes":""},"categories":[14],"tags":[],"class_list":["post-1335","post","type-post","status-publish","format-standard","has-post-thumbnail","hentry","category-kapitel-1"],"yoast_head":"<!-- This site is optimized with the Yoast SEO plugin v27.5 - https:\/\/yoast.com\/product\/yoast-seo-wordpress\/ -->\n<title>Digitale Infrastruktur und digitale Services f\u00fcr alle - B\u00dcNDNIS 90\/DIE GR\u00dcNEN Wiesbaden<\/title>\n<meta name=\"robots\" content=\"index, follow, max-snippet:-1, max-image-preview:large, max-video-preview:-1\" \/>\n<link rel=\"canonical\" href=\"https:\/\/gruene-wiesbaden.de\/sk\/digitale-infrastruktur-und-digitale-services-fuer-alle\/\" \/>\n<meta property=\"og:locale\" content=\"sk_SK\" \/>\n<meta property=\"og:type\" content=\"article\" \/>\n<meta property=\"og:title\" content=\"Digitale Infrastruktur und digitale Services f\u00fcr alle - B\u00dcNDNIS 90\/DIE GR\u00dcNEN Wiesbaden\" \/>\n<meta property=\"og:url\" content=\"https:\/\/gruene-wiesbaden.de\/sk\/digitale-infrastruktur-und-digitale-services-fuer-alle\/\" \/>\n<meta property=\"og:site_name\" content=\"B\u00dcNDNIS 90\/DIE GR\u00dcNEN Wiesbaden\" \/>\n<meta property=\"article:publisher\" content=\"https:\/\/www.facebook.com\/gruene.wi\" \/>\n<meta property=\"article:published_time\" content=\"2025-11-09T21:49:11+00:00\" \/>\n<meta property=\"article:modified_time\" content=\"2026-04-08T22:16:13+00:00\" \/>\n<meta property=\"og:image\" content=\"https:\/\/gruene-wiesbaden.de\/wp-content\/uploads\/2025\/11\/1.8-Digitale-Infrastruktur-und-digitale-Services-fuer-alle-scaled.jpeg\" \/>\n\t<meta property=\"og:image:width\" content=\"1991\" \/>\n\t<meta property=\"og:image:height\" content=\"2560\" \/>\n\t<meta property=\"og:image:type\" content=\"image\/jpeg\" \/>\n<meta name=\"author\" content=\"admin\" \/>\n<meta name=\"twitter:card\" content=\"summary_large_image\" \/>\n<meta name=\"twitter:label1\" content=\"Autor\" \/>\n\t<meta name=\"twitter:data1\" content=\"admin\" \/>\n\t<meta name=\"twitter:label2\" content=\"Predpokladan\u00fd \u010das \u010d\u00edtania\" \/>\n\t<meta name=\"twitter:data2\" content=\"12 minutes\" \/>\n<script type=\"application\/ld+json\" class=\"yoast-schema-graph\">{\"@context\":\"https:\\\/\\\/schema.org\",\"@graph\":[{\"@type\":\"Article\",\"@id\":\"https:\\\/\\\/gruene-wiesbaden.de\\\/digitale-infrastruktur-und-digitale-services-fuer-alle\\\/#article\",\"isPartOf\":{\"@id\":\"https:\\\/\\\/gruene-wiesbaden.de\\\/digitale-infrastruktur-und-digitale-services-fuer-alle\\\/\"},\"author\":{\"name\":\"admin\",\"@id\":\"https:\\\/\\\/gruene-wiesbaden.de\\\/#\\\/schema\\\/person\\\/6785c34779159cd4fd86886bb097afe9\"},\"headline\":\"Digitale Infrastruktur und digitale Services f\u00fcr alle\",\"datePublished\":\"2025-11-09T21:49:11+00:00\",\"dateModified\":\"2026-04-08T22:16:13+00:00\",\"mainEntityOfPage\":{\"@id\":\"https:\\\/\\\/gruene-wiesbaden.de\\\/digitale-infrastruktur-und-digitale-services-fuer-alle\\\/\"},\"wordCount\":3375,\"publisher\":{\"@id\":\"https:\\\/\\\/gruene-wiesbaden.de\\\/#organization\"},\"image\":{\"@id\":\"https:\\\/\\\/gruene-wiesbaden.de\\\/digitale-infrastruktur-und-digitale-services-fuer-alle\\\/#primaryimage\"},\"thumbnailUrl\":\"https:\\\/\\\/gruene-wiesbaden.de\\\/wp-content\\\/uploads\\\/2025\\\/11\\\/1.8-Digitale-Infrastruktur-und-digitale-Services-fuer-alle-scaled.jpeg\",\"articleSection\":[\"Kapitel 1\"],\"inLanguage\":\"sk-SK\"},{\"@type\":\"WebPage\",\"@id\":\"https:\\\/\\\/gruene-wiesbaden.de\\\/digitale-infrastruktur-und-digitale-services-fuer-alle\\\/\",\"url\":\"https:\\\/\\\/gruene-wiesbaden.de\\\/digitale-infrastruktur-und-digitale-services-fuer-alle\\\/\",\"name\":\"Digitale Infrastruktur und digitale Services f\u00fcr alle - B\u00dcNDNIS 90\\\/DIE GR\u00dcNEN Wiesbaden\",\"isPartOf\":{\"@id\":\"https:\\\/\\\/gruene-wiesbaden.de\\\/#website\"},\"primaryImageOfPage\":{\"@id\":\"https:\\\/\\\/gruene-wiesbaden.de\\\/digitale-infrastruktur-und-digitale-services-fuer-alle\\\/#primaryimage\"},\"image\":{\"@id\":\"https:\\\/\\\/gruene-wiesbaden.de\\\/digitale-infrastruktur-und-digitale-services-fuer-alle\\\/#primaryimage\"},\"thumbnailUrl\":\"https:\\\/\\\/gruene-wiesbaden.de\\\/wp-content\\\/uploads\\\/2025\\\/11\\\/1.8-Digitale-Infrastruktur-und-digitale-Services-fuer-alle-scaled.jpeg\",\"datePublished\":\"2025-11-09T21:49:11+00:00\",\"dateModified\":\"2026-04-08T22:16:13+00:00\",\"breadcrumb\":{\"@id\":\"https:\\\/\\\/gruene-wiesbaden.de\\\/digitale-infrastruktur-und-digitale-services-fuer-alle\\\/#breadcrumb\"},\"inLanguage\":\"sk-SK\",\"potentialAction\":[{\"@type\":\"ReadAction\",\"target\":[\"https:\\\/\\\/gruene-wiesbaden.de\\\/digitale-infrastruktur-und-digitale-services-fuer-alle\\\/\"]}]},{\"@type\":\"ImageObject\",\"inLanguage\":\"sk-SK\",\"@id\":\"https:\\\/\\\/gruene-wiesbaden.de\\\/digitale-infrastruktur-und-digitale-services-fuer-alle\\\/#primaryimage\",\"url\":\"https:\\\/\\\/gruene-wiesbaden.de\\\/wp-content\\\/uploads\\\/2025\\\/11\\\/1.8-Digitale-Infrastruktur-und-digitale-Services-fuer-alle-scaled.jpeg\",\"contentUrl\":\"https:\\\/\\\/gruene-wiesbaden.de\\\/wp-content\\\/uploads\\\/2025\\\/11\\\/1.8-Digitale-Infrastruktur-und-digitale-Services-fuer-alle-scaled.jpeg\",\"width\":1991,\"height\":2560},{\"@type\":\"BreadcrumbList\",\"@id\":\"https:\\\/\\\/gruene-wiesbaden.de\\\/digitale-infrastruktur-und-digitale-services-fuer-alle\\\/#breadcrumb\",\"itemListElement\":[{\"@type\":\"ListItem\",\"position\":1,\"name\":\"Startseite\",\"item\":\"https:\\\/\\\/gruene-wiesbaden.de\\\/\"},{\"@type\":\"ListItem\",\"position\":2,\"name\":\"Digitale Infrastruktur und digitale Services f\u00fcr alle\"}]},{\"@type\":\"WebSite\",\"@id\":\"https:\\\/\\\/gruene-wiesbaden.de\\\/#website\",\"url\":\"https:\\\/\\\/gruene-wiesbaden.de\\\/\",\"name\":\"DIE GR\u00dcNEN Wiesbaden\",\"description\":\"\",\"publisher\":{\"@id\":\"https:\\\/\\\/gruene-wiesbaden.de\\\/#organization\"},\"potentialAction\":[{\"@type\":\"SearchAction\",\"target\":{\"@type\":\"EntryPoint\",\"urlTemplate\":\"https:\\\/\\\/gruene-wiesbaden.de\\\/?s={search_term_string}\"},\"query-input\":{\"@type\":\"PropertyValueSpecification\",\"valueRequired\":true,\"valueName\":\"search_term_string\"}}],\"inLanguage\":\"sk-SK\"},{\"@type\":\"Organization\",\"@id\":\"https:\\\/\\\/gruene-wiesbaden.de\\\/#organization\",\"name\":\"DIE GR\u00dcNEN Wiesbaden\",\"url\":\"https:\\\/\\\/gruene-wiesbaden.de\\\/\",\"logo\":{\"@type\":\"ImageObject\",\"inLanguage\":\"sk-SK\",\"@id\":\"https:\\\/\\\/gruene-wiesbaden.de\\\/#\\\/schema\\\/logo\\\/image\\\/\",\"url\":\"https:\\\/\\\/gruene-wiesbaden-fuer-europa.de\\\/wp-content\\\/uploads\\\/2024\\\/04\\\/Machen-was-zaehlt-5.png\",\"contentUrl\":\"https:\\\/\\\/gruene-wiesbaden-fuer-europa.de\\\/wp-content\\\/uploads\\\/2024\\\/04\\\/Machen-was-zaehlt-5.png\",\"width\":1772,\"height\":1772,\"caption\":\"DIE GR\u00dcNEN Wiesbaden\"},\"image\":{\"@id\":\"https:\\\/\\\/gruene-wiesbaden.de\\\/#\\\/schema\\\/logo\\\/image\\\/\"},\"sameAs\":[\"https:\\\/\\\/www.facebook.com\\\/gruene.wi\",\"https:\\\/\\\/instagram.com\\\/gruene_wi\"]},{\"@type\":\"Person\",\"@id\":\"https:\\\/\\\/gruene-wiesbaden.de\\\/#\\\/schema\\\/person\\\/6785c34779159cd4fd86886bb097afe9\",\"name\":\"admin\",\"sameAs\":[\"http:\\\/\\\/gruene-wiesbaden-fuer-europa.de\"],\"url\":\"https:\\\/\\\/gruene-wiesbaden.de\\\/sk\\\/author\\\/admin\\\/\"}]}<\/script>\n<!-- \/ Yoast SEO plugin. -->","yoast_head_json":{"title":"Digitale Infrastruktur und digitale Services f\u00fcr alle - B\u00dcNDNIS 90\/DIE GR\u00dcNEN Wiesbaden","robots":{"index":"index","follow":"follow","max-snippet":"max-snippet:-1","max-image-preview":"max-image-preview:large","max-video-preview":"max-video-preview:-1"},"canonical":"https:\/\/gruene-wiesbaden.de\/sk\/digitale-infrastruktur-und-digitale-services-fuer-alle\/","og_locale":"sk_SK","og_type":"article","og_title":"Digitale Infrastruktur und digitale Services f\u00fcr alle - B\u00dcNDNIS 90\/DIE GR\u00dcNEN Wiesbaden","og_url":"https:\/\/gruene-wiesbaden.de\/sk\/digitale-infrastruktur-und-digitale-services-fuer-alle\/","og_site_name":"B\u00dcNDNIS 90\/DIE GR\u00dcNEN Wiesbaden","article_publisher":"https:\/\/www.facebook.com\/gruene.wi","article_published_time":"2025-11-09T21:49:11+00:00","article_modified_time":"2026-04-08T22:16:13+00:00","og_image":[{"width":1991,"height":2560,"url":"https:\/\/gruene-wiesbaden.de\/wp-content\/uploads\/2025\/11\/1.8-Digitale-Infrastruktur-und-digitale-Services-fuer-alle-scaled.jpeg","type":"image\/jpeg"}],"author":"admin","twitter_card":"summary_large_image","twitter_misc":{"Autor":"admin","Predpokladan\u00fd \u010das \u010d\u00edtania":"12 minutes"},"schema":{"@context":"https:\/\/schema.org","@graph":[{"@type":"Article","@id":"https:\/\/gruene-wiesbaden.de\/digitale-infrastruktur-und-digitale-services-fuer-alle\/#article","isPartOf":{"@id":"https:\/\/gruene-wiesbaden.de\/digitale-infrastruktur-und-digitale-services-fuer-alle\/"},"author":{"name":"admin","@id":"https:\/\/gruene-wiesbaden.de\/#\/schema\/person\/6785c34779159cd4fd86886bb097afe9"},"headline":"Digitale Infrastruktur und digitale Services f\u00fcr alle","datePublished":"2025-11-09T21:49:11+00:00","dateModified":"2026-04-08T22:16:13+00:00","mainEntityOfPage":{"@id":"https:\/\/gruene-wiesbaden.de\/digitale-infrastruktur-und-digitale-services-fuer-alle\/"},"wordCount":3375,"publisher":{"@id":"https:\/\/gruene-wiesbaden.de\/#organization"},"image":{"@id":"https:\/\/gruene-wiesbaden.de\/digitale-infrastruktur-und-digitale-services-fuer-alle\/#primaryimage"},"thumbnailUrl":"https:\/\/gruene-wiesbaden.de\/wp-content\/uploads\/2025\/11\/1.8-Digitale-Infrastruktur-und-digitale-Services-fuer-alle-scaled.jpeg","articleSection":["Kapitel 1"],"inLanguage":"sk-SK"},{"@type":"WebPage","@id":"https:\/\/gruene-wiesbaden.de\/digitale-infrastruktur-und-digitale-services-fuer-alle\/","url":"https:\/\/gruene-wiesbaden.de\/digitale-infrastruktur-und-digitale-services-fuer-alle\/","name":"Digitale Infrastruktur und digitale Services f\u00fcr alle - B\u00dcNDNIS 90\/DIE GR\u00dcNEN Wiesbaden","isPartOf":{"@id":"https:\/\/gruene-wiesbaden.de\/#website"},"primaryImageOfPage":{"@id":"https:\/\/gruene-wiesbaden.de\/digitale-infrastruktur-und-digitale-services-fuer-alle\/#primaryimage"},"image":{"@id":"https:\/\/gruene-wiesbaden.de\/digitale-infrastruktur-und-digitale-services-fuer-alle\/#primaryimage"},"thumbnailUrl":"https:\/\/gruene-wiesbaden.de\/wp-content\/uploads\/2025\/11\/1.8-Digitale-Infrastruktur-und-digitale-Services-fuer-alle-scaled.jpeg","datePublished":"2025-11-09T21:49:11+00:00","dateModified":"2026-04-08T22:16:13+00:00","breadcrumb":{"@id":"https:\/\/gruene-wiesbaden.de\/digitale-infrastruktur-und-digitale-services-fuer-alle\/#breadcrumb"},"inLanguage":"sk-SK","potentialAction":[{"@type":"ReadAction","target":["https:\/\/gruene-wiesbaden.de\/digitale-infrastruktur-und-digitale-services-fuer-alle\/"]}]},{"@type":"ImageObject","inLanguage":"sk-SK","@id":"https:\/\/gruene-wiesbaden.de\/digitale-infrastruktur-und-digitale-services-fuer-alle\/#primaryimage","url":"https:\/\/gruene-wiesbaden.de\/wp-content\/uploads\/2025\/11\/1.8-Digitale-Infrastruktur-und-digitale-Services-fuer-alle-scaled.jpeg","contentUrl":"https:\/\/gruene-wiesbaden.de\/wp-content\/uploads\/2025\/11\/1.8-Digitale-Infrastruktur-und-digitale-Services-fuer-alle-scaled.jpeg","width":1991,"height":2560},{"@type":"BreadcrumbList","@id":"https:\/\/gruene-wiesbaden.de\/digitale-infrastruktur-und-digitale-services-fuer-alle\/#breadcrumb","itemListElement":[{"@type":"ListItem","position":1,"name":"Startseite","item":"https:\/\/gruene-wiesbaden.de\/"},{"@type":"ListItem","position":2,"name":"Digitale Infrastruktur und digitale Services f\u00fcr alle"}]},{"@type":"WebSite","@id":"https:\/\/gruene-wiesbaden.de\/#website","url":"https:\/\/gruene-wiesbaden.de\/","name":"DIE GR\u00dcNEN Wiesbaden","description":"","publisher":{"@id":"https:\/\/gruene-wiesbaden.de\/#organization"},"potentialAction":[{"@type":"SearchAction","target":{"@type":"EntryPoint","urlTemplate":"https:\/\/gruene-wiesbaden.de\/?s={search_term_string}"},"query-input":{"@type":"PropertyValueSpecification","valueRequired":true,"valueName":"search_term_string"}}],"inLanguage":"sk-SK"},{"@type":"Organization","@id":"https:\/\/gruene-wiesbaden.de\/#organization","name":"DIE GR\u00dcNEN Wiesbaden","url":"https:\/\/gruene-wiesbaden.de\/","logo":{"@type":"ImageObject","inLanguage":"sk-SK","@id":"https:\/\/gruene-wiesbaden.de\/#\/schema\/logo\/image\/","url":"https:\/\/gruene-wiesbaden-fuer-europa.de\/wp-content\/uploads\/2024\/04\/Machen-was-zaehlt-5.png","contentUrl":"https:\/\/gruene-wiesbaden-fuer-europa.de\/wp-content\/uploads\/2024\/04\/Machen-was-zaehlt-5.png","width":1772,"height":1772,"caption":"DIE GR\u00dcNEN Wiesbaden"},"image":{"@id":"https:\/\/gruene-wiesbaden.de\/#\/schema\/logo\/image\/"},"sameAs":["https:\/\/www.facebook.com\/gruene.wi","https:\/\/instagram.com\/gruene_wi"]},{"@type":"Person","@id":"https:\/\/gruene-wiesbaden.de\/#\/schema\/person\/6785c34779159cd4fd86886bb097afe9","name":"admin","sameAs":["http:\/\/gruene-wiesbaden-fuer-europa.de"],"url":"https:\/\/gruene-wiesbaden.de\/sk\/author\/admin\/"}]}},"_links":{"self":[{"href":"https:\/\/gruene-wiesbaden.de\/sk\/wp-json\/wp\/v2\/posts\/1335","targetHints":{"allow":["GET"]}}],"collection":[{"href":"https:\/\/gruene-wiesbaden.de\/sk\/wp-json\/wp\/v2\/posts"}],"about":[{"href":"https:\/\/gruene-wiesbaden.de\/sk\/wp-json\/wp\/v2\/types\/post"}],"author":[{"embeddable":true,"href":"https:\/\/gruene-wiesbaden.de\/sk\/wp-json\/wp\/v2\/users\/1"}],"replies":[{"embeddable":true,"href":"https:\/\/gruene-wiesbaden.de\/sk\/wp-json\/wp\/v2\/comments?post=1335"}],"version-history":[{"count":9,"href":"https:\/\/gruene-wiesbaden.de\/sk\/wp-json\/wp\/v2\/posts\/1335\/revisions"}],"predecessor-version":[{"id":2374,"href":"https:\/\/gruene-wiesbaden.de\/sk\/wp-json\/wp\/v2\/posts\/1335\/revisions\/2374"}],"wp:featuredmedia":[{"embeddable":true,"href":"https:\/\/gruene-wiesbaden.de\/sk\/wp-json\/wp\/v2\/media\/1511"}],"wp:attachment":[{"href":"https:\/\/gruene-wiesbaden.de\/sk\/wp-json\/wp\/v2\/media?parent=1335"}],"wp:term":[{"taxonomy":"category","embeddable":true,"href":"https:\/\/gruene-wiesbaden.de\/sk\/wp-json\/wp\/v2\/categories?post=1335"},{"taxonomy":"post_tag","embeddable":true,"href":"https:\/\/gruene-wiesbaden.de\/sk\/wp-json\/wp\/v2\/tags?post=1335"}],"curies":[{"name":"wp","href":"https:\/\/api.w.org\/{rel}","templated":true}]}}