{"id":1327,"date":"2025-11-09T23:44:50","date_gmt":"2025-11-09T21:44:50","guid":{"rendered":"https:\/\/gruene-wiesbaden.de\/?p=1327"},"modified":"2026-04-08T22:41:01","modified_gmt":"2026-04-08T20:41:01","slug":"stadtentwicklung","status":"publish","type":"post","link":"https:\/\/gruene-wiesbaden.de\/sk\/stadtentwicklung\/","title":{"rendered":"Rozvoj miest"},"content":{"rendered":"<section class=\"l-section wpb_row height_medium with_img\"><div class=\"l-section-img\" role=\"img\" data-img-width=\"1080\" data-img-height=\"800\" style=\"background-image: url(https:\/\/gruene-wiesbaden.de\/wp-content\/uploads\/2025\/11\/neuer-Verlauf-gruene-wiesbaden.de_-2-e1762709402177.png);\"><\/div><div class=\"l-section-overlay\" style=\"background:var(--color-header-top-transparent-bg)\"><\/div><div class=\"l-section-h i-cf\"><div class=\"g-cols vc_row via_grid cols_1 laptops-cols_inherit tablets-cols_inherit mobiles-cols_1 valign_top type_default stacking_default\"><div class=\"wpb_column vc_column_container\"><div class=\"vc_column-inner\"><h1 class=\"w-post-elm post_title us_custom_a574d586 has_text_color entry-title\">Rozvoj miest<\/h1><div class=\"w-separator size_medium\"><\/div><div class=\"g-cols wpb_row via_grid cols_2-1 laptops-cols_inherit tablets-cols_inherit mobiles-cols_1 valign_top type_default stacking_default\" style=\"--columns-gap:3rem;\"><div class=\"wpb_column vc_column_container\"><div class=\"vc_column-inner\"><div class=\"wpb_text_column us_custom_8b3d6790 has_text_color\"><div class=\"wpb_wrapper\"><p><span style=\"font-weight: 400;\">Mestsk\u00e9 pl\u00e1novanie a rozvoj miest s\u00fa k\u013e\u00fa\u010dom k najv\u00e4\u010d\u0161\u00edm v\u00fdzvam v obci.<\/span><\/p>\n<p><span style=\"font-weight: 400;\">V opa\u010dnom pr\u00edpade ned\u00f4jde k \u017eiadnej zmene v doprave, nebudeme schopn\u00ed \u010deli\u0165 klimatickej kr\u00edze, nebudeme schopn\u00ed zachova\u0165 alebo posilni\u0165 soci\u00e1lnu s\u00fadr\u017enos\u0165 ani zn\u00ed\u017ei\u0165 spotrebu p\u00f4dy.<\/span><\/p>\n<p><span style=\"font-weight: 400;\">\u010ci u\u017e zdravie, dobr\u00e1 kvalita \u017eivota a pobytu, cenovo dostupn\u00e9 b\u00fdvanie, soci\u00e1lna s\u00fadr\u017enos\u0165, siln\u00e9 miesto podnikania: To v\u0161etko m\u00f4\u017eeme dosiahnu\u0165 len s rozumn\u00fdm, \u013eudsk\u00fdm rozmerom a orientovan\u00fdm na verejn\u00fd z\u00e1ujem, komplexne premyslen\u00fdm a pl\u00e1novan\u00fdm mestsk\u00fdm rozvojom. Oblas\u0165 nie je multiplikovate\u013en\u00e1. Preto je potrebn\u00e9 najprv vyu\u017ei\u0165 priestory v r\u00e1mci existuj\u00facich budov predt\u00fdm, ako sa vybuduj\u00fa vonku (vn\u00fatorn\u00fd v\u00fdvoj pred vonkaj\u0161\u00edm v\u00fdvojom). Op\u00e4tovn\u00e9 vyu\u017eitie existuj\u00facich budov m\u00e1 prednos\u0165 pred demol\u00e1ciou, budovy musia by\u0165 v bud\u00facnosti rozlo\u017eite\u013en\u00e9 a stavebn\u00e9 materi\u00e1ly musia by\u0165 op\u00e4tovne pou\u017eite\u013en\u00e9.<\/span><\/p>\n<\/div><\/div><div class=\"w-separator size_medium\"><\/div><div class=\"w-btn-wrapper align_left\"><a class=\"w-btn us-btn-style_8 icon_atleft\" href=\"https:\/\/gruene-wiesbaden.de\/sk\/kommunalwahl\/#Kapitel1\"><i class=\"fas fa-chevron-circle-right\"><\/i><span class=\"w-btn-label\">Sp\u00e4\u0165 na preh\u013ead<\/span><\/a><\/div><\/div><\/div><div class=\"wpb_column vc_column_container\"><div class=\"vc_column-inner\"><div class=\"w-image align_center\"><div class=\"w-image-h\"><img decoding=\"async\" width=\"1920\" height=\"2560\" src=\"https:\/\/gruene-wiesbaden.de\/wp-content\/uploads\/2025\/11\/1.5-Stadtentwicklung-scaled.jpg\" class=\"attachment-full size-full\" alt=\"\" loading=\"lazy\" srcset=\"https:\/\/gruene-wiesbaden.de\/wp-content\/uploads\/2025\/11\/1.5-Stadtentwicklung-scaled.jpg 1920w, https:\/\/gruene-wiesbaden.de\/wp-content\/uploads\/2025\/11\/1.5-Stadtentwicklung-300x400.jpg 300w, https:\/\/gruene-wiesbaden.de\/wp-content\/uploads\/2025\/11\/1.5-Stadtentwicklung-450x600.jpg 450w\" sizes=\"auto, (max-width: 1920px) 100vw, 1920px\" \/><\/div><\/div><div class=\"w-separator size_small\"><\/div><\/div><\/div><\/div><div class=\"w-separator size_medium\"><\/div><div class=\"w-separator size_medium\"><\/div><div class=\"wpb_text_column\"><div class=\"wpb_wrapper\"><h1>\u010co pre n\u00e1s znamen\u00e1 udr\u017eate\u013en\u00fd rozvoj miest zameran\u00fd na spolo\u010dn\u00e9 dobro<\/h1>\n<\/div><\/div><div class=\"w-separator size_large\"><\/div><div class=\"g-cols wpb_row via_grid cols_2 laptops-cols_inherit tablets-cols_inherit mobiles-cols_1 valign_top type_default stacking_default\" style=\"--columns-gap:3rem;\"><div class=\"wpb_column vc_column_container\"><div class=\"vc_column-inner\"><div class=\"w-iconbox us_custom_8b3d6790 has_text_color iconpos_left style_default color_custom align_left\"><div class=\"w-iconbox-icon\" style=\"font-size:2rem;--icon-color:#Ffffff;--icon-bg-color:var(--color-header-middle-bg);\"><i class=\"fas fa-layer-group\"><\/i><\/div><div class=\"w-iconbox-meta\"><h4 class=\"w-iconbox-title\" style=\"font-size:1.5rem;\">Klimaticky prisp\u00f4soben\u00e9 mesto<\/h4><div class=\"w-iconbox-text\"><p><span style=\"font-weight: 400;\">Ochrana pred teplom a siln\u00e9 da\u017ede s\u00fa s\u00fa\u010das\u0165ou mestsk\u00e9ho pl\u00e1novania v existuj\u00facich a nov\u00fdch okresoch. V \u010dase klimatickej kr\u00edzy by preto oblasti mali v bud\u00facnosti plni\u0165 nieko\u013eko funkci\u00ed: Voda m\u00f4\u017ee by\u0165 absorbovan\u00e1 a necha\u0165 presakova\u0165 v da\u017edi, pon\u00faknu\u0165 vo\u013en\u00fd \u010das a kvalitu pobytu a sl\u00fa\u017ei\u0165 ako pr\u00edstupov\u00e9 cesty. Vhodn\u00e1 v\u00fdsadba poskytuje tie\u0148 a prispieva k chladeniu v okrese.<\/span><\/p>\n<\/div><\/div><\/div><\/div><\/div><div class=\"wpb_column vc_column_container\"><div class=\"vc_column-inner\"><div class=\"w-iconbox us_custom_8b3d6790 has_text_color iconpos_left style_default color_custom align_left\"><div class=\"w-iconbox-icon\" style=\"font-size:2rem;--icon-color:#Ffffff;--icon-bg-color:var(--color-header-transparent-text);\"><i class=\"fas fa-layer-group\"><\/i><\/div><div class=\"w-iconbox-meta\"><h4 class=\"w-iconbox-title\" style=\"font-size:1.5rem;\">Oplat\u00ed sa \u017ei\u0165 v meste<\/h4><div class=\"w-iconbox-text\"><p><span style=\"font-weight: 400;\">V udr\u017eate\u013enom meste sa verejn\u00fd priestor nanovo vymedzuje a zos\u00fala\u010fuje s potrebami obyvate\u013eov \u2013 s nov\u00fdmi formami b\u00fdvania, v\u00e4\u010d\u0161ou zele\u0148ou, kr\u00e1tkymi vzdialenos\u0165ami a vysokou odolnos\u0165ou vo\u010di teplu.<\/span><\/p>\n<\/div><\/div><\/div><\/div><\/div><\/div><div class=\"w-separator size_medium\"><\/div><div class=\"g-cols wpb_row via_grid cols_2 laptops-cols_inherit tablets-cols_inherit mobiles-cols_1 valign_top type_default stacking_default\" style=\"--columns-gap:3rem;\"><div class=\"wpb_column vc_column_container\"><div class=\"vc_column-inner\"><div class=\"w-iconbox us_custom_8b3d6790 has_text_color iconpos_left style_default color_custom align_left\"><div class=\"w-iconbox-icon\" style=\"font-size:2rem;--icon-color:#Ffffff;--icon-bg-color:var(--color-header-transparent-text);\"><i class=\"fas fa-layer-group\"><\/i><\/div><div class=\"w-iconbox-meta\"><h4 class=\"w-iconbox-title\" style=\"font-size:1.5rem;\">Produkt\u00edvne mesto<\/h4><div class=\"w-iconbox-text\"><p><span style=\"font-weight: 400;\">V novom pl\u00e1ne vyu\u017e\u00edvania p\u00f4dy sa po\u010d\u00edta s pozemkami na zakladanie podnikov. Ich rozvoj sa uskuto\u010d\u0148uje pod\u013ea jasn\u00fdch koncepci\u00ed, namiesto toho, aby sa rozde\u013eovali bez rozdielu po celej oblasti ako predt\u00fdm. Zodpovedaj\u00facim sp\u00f4sobom sa zreviduj\u00fa aj existuj\u00face obchodn\u00e9 oblasti.<\/span><\/p>\n<\/div><\/div><\/div><\/div><\/div><div class=\"wpb_column vc_column_container\"><div class=\"vc_column-inner\"><div class=\"w-iconbox us_custom_8b3d6790 has_text_color iconpos_left style_default color_custom align_left\"><div class=\"w-iconbox-icon\" style=\"font-size:2rem;--icon-color:#Ffffff;--icon-bg-color:var(--color-header-middle-bg);\"><i class=\"fas fa-layer-group\"><\/i><\/div><div class=\"w-iconbox-meta\"><h4 class=\"w-iconbox-title\" style=\"font-size:1.5rem;\">Spolo\u010densky a ekologicky \u0161etrn\u00e9 mesto<\/h4><div class=\"w-iconbox-text\"><p><span style=\"font-weight: 400;\">Lacn\u00e9 b\u00fdvanie v oblasti R\u00fdn-Mohan je to, \u010do chceme dosiahnu\u0165 prostredn\u00edctvom hromadenia obecn\u00fdch pozemkov a usmernen\u00ed pre podiel dotovan\u00e9ho b\u00fdvania v nov\u00fdch stavebn\u00fdch projektoch. Ekologick\u00e9 po\u017eiadavky s\u00fa pri v\u00fdstavbe nevyhnutn\u00e9. Priekopn\u00edcku \u00falohu tu zohr\u00e1va Wiesbadener Wohnungsbaugesellschaft GWW.<\/span><\/p>\n<\/div><\/div><\/div><\/div><\/div><\/div><div class=\"w-separator size_medium\"><\/div><div class=\"w-btn-wrapper align_left\"><a class=\"w-btn us-btn-style_8 icon_atleft\" href=\"https:\/\/gruene-wiesbaden.de\/sk\/kommunalwahl\/#Kapitel1\"><i class=\"fas fa-chevron-circle-right\"><\/i><span class=\"w-btn-label\">Sp\u00e4\u0165 na preh\u013ead<\/span><\/a><\/div><div class=\"w-separator size_medium\"><\/div><\/div><\/div><\/div><\/div><\/section><section class=\"l-section wpb_row height_auto with_img\"><div class=\"l-section-img\" role=\"img\" data-img-width=\"1920\" data-img-height=\"2560\" style=\"background-image: url(https:\/\/gruene-wiesbaden.de\/wp-content\/uploads\/2025\/11\/1.5-Stadtentwicklung-scaled.jpg);background-repeat: no-repeat;\"><\/div><div class=\"l-section-overlay\" style=\"background:var(--color-header-top-transparent-bg)\"><\/div><div class=\"l-section-h i-cf\"><div class=\"g-cols vc_row via_grid cols_1 laptops-cols_inherit tablets-cols_inherit mobiles-cols_1 valign_middle type_default stacking_default\" style=\"--columns-gap:1rem;\"><div class=\"wpb_column vc_column_container\"><div class=\"vc_column-inner\"><div class=\"w-separator size_large\"><\/div><div class=\"wpb_text_column background_inside_text\"><div class=\"wpb_wrapper\"><h1>\u010co konkr\u00e9tne chceme v tejto oblasti urobi\u0165<\/h1>\n<\/div><\/div><div class=\"w-separator size_medium\"><\/div><div class=\"w-tabs us_custom_42d693a0 has_text_color style_default switch_click accordion has_scrolling\" style=\"--sections-title-size:1.4rem\"><div class=\"w-tabs-sections titles-align_none icon_chevron cpos_right\"><div class=\"w-tabs-section has_text_color\" id=\"f926\" style=\"background:var(--color-header-transparent-text);color:var(--color-header-top-text-hover);\"><button class=\"w-tabs-section-header\" aria-controls=\"content-f926\" aria-expanded=\"false\"><div class=\"w-tabs-section-title\">Udr\u017eate\u013en\u00fd rozvoj miest a nov\u00fdch okresov prisp\u00f4soben\u00fdch kl\u00edme<\/div><div class=\"w-tabs-section-control\"><\/div><\/button><div  class=\"w-tabs-section-content\" id=\"content-f926\"><div class=\"w-tabs-section-content-h i-cf\"><div class=\"wpb_text_column\"><div class=\"wpb_wrapper\"><p><span style=\"font-weight: 400;\">Chceme formova\u0165 mesto tak, aby odolalo d\u00f4sledkom klimatickej kr\u00edzy a z\u00e1rove\u0148 sa stalo ob\u00fdvate\u013enej\u0161\u00edm. U\u017e rozhodnut\u00e9 <\/span><i><span style=\"font-weight: 400;\">\u201ePravidl\u00e1 hry pre trvalo udr\u017eate\u013en\u00fd rozvoj \u0161tvrt\u00ed\u201c <\/span><\/i><span style=\"font-weight: 400;\">Toto je z\u00e1klad a bude <\/span><i><span style=\"font-weight: 400;\">CLIMATE_PLAN <\/span><\/i><span style=\"font-weight: 400;\">bli\u017e\u0161ie \u0161pecifikovan\u00e9. Zah\u0155\u0148aj\u00fa opatrenia na v\u00e4\u010d\u0161ie zatienenie, \u010fal\u0161ie zelen\u00e9 plochy prostredn\u00edctvom viacn\u00e1sobn\u00e9ho vyu\u017e\u00edvania p\u00f4dy, odpe\u010datenie popul\u00e1cie, vodu v okrese a koncepcie udr\u017eate\u013enej mobility.<\/span><\/p>\n<p><span style=\"font-weight: 400;\">Budovy mesta a jeho podiely sa maj\u00fa stava\u0165 pod\u013ea hlavn\u00fdch z\u00e1sad a s\u00favisiacich usmernen\u00ed pre udr\u017eate\u013en\u00fa v\u00fdstavbu \u2013 s n\u00edzkou spotrebou energie a vykurovac\u00edmi syst\u00e9mami bez fos\u00edlnych pal\u00edv. Zni\u017euj\u00fa sa t\u00fdm emisie sklen\u00edkov\u00fdch plynov a z dlhodob\u00e9ho h\u013eadiska sa zni\u017euj\u00fa n\u00e1klady.<\/span><\/p>\n<p><span style=\"font-weight: 400;\">V\u0161ade, kde je to mo\u017en\u00e9, chceme zabezpe\u010di\u0165, aby povrchy boli odlepen\u00e9. Najm\u00e4 v husto zastavan\u00fdch okresoch, ako s\u00fa Westend, Rheingauviertel a Biebrich-Mitte, sa m\u00e1 znovu vytvori\u0165 viac zelene.<\/span><\/p>\n<\/div><\/div><\/div><\/div><\/div><div class=\"w-tabs-section has_text_color\" id=\"va86\" style=\"background:var(--color-header-transparent-text);color:var(--color-header-top-text-hover);\"><button class=\"w-tabs-section-header\" aria-controls=\"content-va86\" aria-expanded=\"false\"><div class=\"w-tabs-section-title\">Podpora rozvoja interi\u00e9rov \u2013 vyu\u017e\u00edvanie oblast\u00ed konverzie v prospech mesta<\/div><div class=\"w-tabs-section-control\"><\/div><\/button><div  class=\"w-tabs-section-content\" id=\"content-va86\"><div class=\"w-tabs-section-content-h i-cf\"><div class=\"wpb_text_column\"><div class=\"wpb_wrapper\"><p><span style=\"font-weight: 400;\">S cie\u013eom obmedzi\u0165 tesnenie oblast\u00ed v na\u0161om vysoko kompaktnom regi\u00f3ne je potrebn\u00e9 systematickej\u0161ie vyu\u017e\u00edva\u0165 mo\u017enosti zhut\u0148ovania ako predt\u00fdm.<\/span><\/p>\n<p><span style=\"font-weight: 400;\">Lep\u0161ia d\u00e1tov\u00e1 z\u00e1klad\u0148a, d\u00f4sledn\u00e9 uplat\u0148ovanie inov\u00e1ci\u00ed v stavebnom pr\u00e1ve (napr. pri v\u00fdstavbe striech), ale aj ochota k inovat\u00edvnym rie\u0161eniam pom\u00e1haj\u00fa. Chceme preto, aby sa mesto Wiesbaden akt\u00edvne zaoberalo mo\u017enos\u0165ami nadstavby supermarketov a parkov\u00edsk a aby sa dostalo do rozhovorov s majite\u013emi.<\/span><\/p>\n<p><span style=\"font-weight: 400;\">Oblasti BKA a \u0161t\u00e1tnej pol\u00edcie, ktor\u00e9 bud\u00fa v bud\u00facnosti uvo\u013enen\u00e9, pon\u00fakaj\u00fa osobitn\u00fd potenci\u00e1l pre vn\u00fatorn\u00fd rozvoj. Chceme pom\u00f4c\u0165 formova\u0165 bud\u00face vyu\u017eitie prostredn\u00edctvom zmien pl\u00e1nu B. Preto by to malo by\u0165 mo\u017en\u00e9 len v zmysle n\u00e1\u0161ho rie\u0161enia stavebn\u00fdch pozemkov, ak je mesto aspo\u0148 \u010diasto\u010dn\u00fdm vlastn\u00edkom oblasti. Pre oblasti BKA, ktor\u00e9 s\u00fa vo feder\u00e1lnom vlastn\u00edctve, m\u00e1 mesto prv\u00e9 pr\u00edstupov\u00e9 pr\u00e1vo. Aby to bolo mo\u017en\u00e9 vyu\u017ei\u0165 za v\u00fdhodn\u00fdch podmienok, mus\u00ed sa zavies\u0165 mestsk\u00fd r\u00e1mcov\u00fd pl\u00e1n. Presadzujeme to a tie\u017e zabezpe\u010dujeme, aby akt\u00edvna p\u00f4dna politika bola primerane vybaven\u00e1 finan\u010dn\u00fdmi zdrojmi. Len vtedy je mo\u017en\u00fd mestsk\u00fd rozvoj za podmienok na\u0161ej obce.<\/span><\/p>\n<\/div><\/div><\/div><\/div><\/div><div class=\"w-tabs-section has_text_color\" id=\"nbbc\" style=\"background:var(--color-header-transparent-text);color:var(--color-header-top-text-hover);\"><button class=\"w-tabs-section-header\" aria-controls=\"content-nbbc\" aria-expanded=\"false\"><div class=\"w-tabs-section-title\">Mesto chudobn\u00e9 na aut\u00e1<\/div><div class=\"w-tabs-section-control\"><\/div><\/button><div  class=\"w-tabs-section-content\" id=\"content-nbbc\"><div class=\"w-tabs-section-content-h i-cf\"><div class=\"wpb_text_column\"><div class=\"wpb_wrapper\"><p><span style=\"font-weight: 400;\">Chceme, aby mesto pl\u00e1novalo nov\u00e9 \u0161tvrte pod\u013ea princ\u00edpu kr\u00e1tkych vzdialenost\u00ed. Ka\u017ed\u00fd nov\u00fd okres potrebuje koncepciu dopravy a mobility. Bude zah\u0155\u0148a\u0165 \u0161tvr\u0165 gar\u00e1\u017ee, bal\u00edkov\u00e9 stanice, spolo\u010dn\u00e9 vyu\u017e\u00edvanie automobilov a zariadenia na uskladnenie bicyklov.<\/span><\/p>\n<p><span style=\"font-weight: 400;\">Zaviazali sme sa k bezpe\u010dn\u00fdm, tich\u00fdm obytn\u00fdm oblastiam bez prem\u00e1vky, napr\u00edklad jednosmern\u00fdmi ulicami alebo dopravn\u00fdmi bari\u00e9rami, ako napr\u00edklad v Adolfsallee.<\/span><\/p>\n<p><span style=\"font-weight: 400;\">Cesty by mali by\u0165 navrhnut\u00e9 tak, aby aut\u00e1 mohli cestova\u0165 pomal\u0161ie a aby ka\u017ed\u00fd, \u010di u\u017e pe\u0161o, na bicykli alebo v aute, mohol cestova\u0165 bezpe\u010dne. Deti by mali pr\u00eds\u0165 do \u0161koly bezpe\u010dne a vhodn\u00e9 cesty by sa mali pou\u017e\u00edva\u0165 ako detsk\u00e9 ihrisk\u00e1 a miesta na pobyt v lete. V historickom p\u00e4\u0165uholn\u00edku chceme menej \u00e1ut a vy\u0161\u0161iu kvalitu \u017eivota.<\/span><\/p>\n<\/div><\/div><\/div><\/div><\/div><div class=\"w-tabs-section has_text_color\" id=\"hcf7\" style=\"background:var(--color-header-middle-bg);color:var(--color-content-heading);\"><button class=\"w-tabs-section-header\" aria-controls=\"content-hcf7\" aria-expanded=\"false\"><div class=\"w-tabs-section-title\">Produkt\u00edvne mesto<\/div><div class=\"w-tabs-section-control\"><\/div><\/button><div  class=\"w-tabs-section-content\" id=\"content-hcf7\"><div class=\"w-tabs-section-content-h i-cf\"><div class=\"wpb_text_column\"><div class=\"wpb_wrapper\"><p><span style=\"font-weight: 400;\">Chceme navrhn\u00fa\u0165 nov\u00e9 obchodn\u00e9 oblasti tak, aby boli udr\u017eate\u013en\u00e9 a prisp\u00f4soben\u00e9 kl\u00edme. Na tento \u00fa\u010del sa u\u017e musia vymedzi\u0165 vhodn\u00e9 krit\u00e9ri\u00e1 pre rozvojov\u00e9 pl\u00e1ny. Na\u0161\u00edm cie\u013eom je udr\u017ea\u0165 vyu\u017e\u00edvanie p\u00f4dy na \u010do najni\u017e\u0161ej \u00farovni a vyhn\u00fa\u0165 sa ve\u013ek\u00fdm, plne uzavret\u00fdm ploch\u00e1m, ako s\u00fa parkovacie miesta, alebo aspo\u0148 zabezpe\u010di\u0165 druhotn\u00e9 vyu\u017e\u00edvanie fotovoltick\u00fdch syst\u00e9mov.<\/span><\/p>\n<p><span style=\"font-weight: 400;\">Vypracovali sa jasn\u00e9 pravidl\u00e1 a postupy pre nov\u00fd rozvoj a renov\u00e1ciu existuj\u00facich obchodn\u00fdch priestorov, ktor\u00e9 vych\u00e1dzaj\u00fa z existuj\u00facich <\/span><i><span style=\"font-weight: 400;\">\u201ePravidl\u00e1 hry pre trvalo udr\u017eate\u013en\u00fd rozvoj \u0161tvrt\u00ed\u201c <\/span><\/i><span style=\"font-weight: 400;\">orientova\u0165. D\u00f4raz sa kladie najm\u00e4 na udr\u017eate\u013en\u00fa mobilitu, starostliv\u00e9 vyu\u017e\u00edvanie priestoru, efekt\u00edvne a udr\u017eate\u013en\u00e9 dod\u00e1vky energie, ako aj udr\u017eate\u013en\u00e9 rie\u0161enia pre dod\u00e1vky a parkovanie n\u00e1kladn\u00fdch vozidiel.<\/span><\/p>\n<\/div><\/div><\/div><\/div><\/div><div class=\"w-tabs-section has_text_color\" id=\"oe52\" style=\"background:var(--color-header-transparent-text);color:var(--color-header-top-text-hover);\"><button class=\"w-tabs-section-header\" aria-controls=\"content-oe52\" aria-expanded=\"false\"><div class=\"w-tabs-section-title\">Spolo\u010densky a ekologicky \u0161etrn\u00e9 mesto<\/div><div class=\"w-tabs-section-control\"><\/div><\/button><div  class=\"w-tabs-section-content\" id=\"content-oe52\"><div class=\"w-tabs-section-content-h i-cf\"><div class=\"wpb_text_column\"><div class=\"wpb_wrapper\"><p><span style=\"font-weight: 400;\">Chceme vytvori\u0165 b\u00fdvanie pre v\u0161etky pr\u00edjmov\u00e9 skupiny obyvate\u013estva. D\u00f4raz sa kladie najm\u00e4 na dotovan\u00e9 b\u00fdvanie. Budova mus\u00ed by\u0165 lacnej\u0161ia \u2013 predpokladom je cenovo dostupn\u00e1 p\u00f4da. Preto budeme na\u010falej zabezpe\u010dova\u0165 strategick\u00e9 vytv\u00e1ranie z\u00e1sob p\u00f4dy v hlavnom meste \u0161t\u00e1tu Wiesbaden. T\u00fdmto sp\u00f4sobom br\u00e1nime investorom stava\u0165 v\u00fdlu\u010dne cenovo v\u00fdhodn\u00e9 byty. V smernici o soci\u00e1lnom vyu\u017e\u00edvan\u00ed p\u00f4dy vo Wiesbadene sa vy\u017eaduje, aby investori poskytovali 30 % dotovan\u00e9ho b\u00fdvania, ako aj v\u00fdstavbu soci\u00e1lnej infra\u0161trukt\u00fary, ako s\u00fa centr\u00e1 dennej starostlivosti a \u0161koly.<\/span><\/p>\n<p><span style=\"font-weight: 400;\">Pre obytn\u00e9 oblasti dodr\u017eiavame cie\u013e minim\u00e1lnej hustoty 80 obytn\u00fdch jednotiek na hekt\u00e1r. Na vidiecke oblasti, ktor\u00e9 nepresahuj\u00fa 2 hekt\u00e1re, sa uplat\u0148uje minim\u00e1lna hustota 50 bytov\u00fdch jednotiek na hekt\u00e1r. Odch\u00fdlky v prospech preva\u017ene komer\u010dn\u00e9ho vyu\u017eitia na pr\u00edzem\u00ed by mali by\u0165 na\u010falej mo\u017en\u00e9.<\/span><\/p>\n<p><span style=\"font-weight: 400;\">V\u010faka koncep\u010dn\u00fdm oceneniam mesto Wiesbaden u\u017e podporuje roz\u0161irovanie r\u00f4znych foriem b\u00fdvania, ako s\u00fa projekty komunitn\u00e9ho b\u00fdvania, stavebn\u00e9 dru\u017estv\u00e1 alebo stavebn\u00e9 komunity. Chceme pokra\u010dova\u0165 v tejto expanzii. V\u010faka s\u00e9riovej a modul\u00e1rnej kon\u0161trukcii m\u00f4\u017ee mesto dosiahnu\u0165 aj r\u00fdchlej\u0161ie v\u00fdsledky pri realiz\u00e1cii.<\/span><\/p>\n<\/div><\/div><\/div><\/div><\/div><div class=\"w-tabs-section has_text_color\" id=\"ef6d\" style=\"background:var(--color-header-middle-bg);color:var(--color-header-middle-text);\"><button class=\"w-tabs-section-header\" aria-controls=\"content-ef6d\" aria-expanded=\"false\"><div class=\"w-tabs-section-title\">V\u00e4\u010d\u0161ia bezpe\u010dnos\u0165 v\u010faka preletu na hlavnej stanici<\/div><div class=\"w-tabs-section-control\"><\/div><\/button><div  class=\"w-tabs-section-content\" id=\"content-ef6d\"><div class=\"w-tabs-section-content-h i-cf\"><div class=\"wpb_text_column\"><div class=\"wpb_wrapper\"><p><span style=\"font-weight: 400;\">Najm\u00e4 pokia\u013e ide o cyklistiku, 1. Kr\u00fa\u017eok pred hlavnou stanicou je nebezpe\u010dn\u00e1 prek\u00e1\u017eka. Vybudovan\u00edm vysokej cesty pre cyklistiku vytv\u00e1rame v\u00e4\u010d\u0161iu bezpe\u010dnos\u0165 a pohodlie pre v\u0161etk\u00fdch \u00fa\u010dastn\u00edkov cestnej prem\u00e1vky a orienta\u010dn\u00fd bod pri vchode do mesta. V d\u00f4sledku mosta u\u017e cyklisti nemusia prech\u00e1dza\u0165 cez ru\u0161n\u00fa kri\u017eovatku na stanici a m\u00f4\u017eu sa odviez\u0165 z \u00e1ut a chodcov na stanicu alebo zo stanice do mesta.<\/span><\/p>\n<\/div><\/div><\/div><\/div><\/div><div class=\"w-tabs-section has_text_color\" id=\"a086\" style=\"background:var(--color-header-transparent-text);color:var(--color-header-top-text-hover);\"><button class=\"w-tabs-section-header\" aria-controls=\"content-a086\" aria-expanded=\"false\"><div class=\"w-tabs-section-title\">Zachovan\u00e9 pamiatky<\/div><div class=\"w-tabs-section-control\"><\/div><\/button><div  class=\"w-tabs-section-content\" id=\"content-a086\"><div class=\"w-tabs-section-content-h i-cf\"><div class=\"wpb_text_column\"><div class=\"wpb_wrapper\"><p><span style=\"font-weight: 400;\">Starostliv\u00e9 zaobch\u00e1dzanie s na\u0161ou stavebnou kult\u00farou vo forme pamiatok a budov, ktor\u00e9 s\u00fa uveden\u00e9, prispieva ku kvalite \u017eivota. Tu musia by\u0165 na\u0161e svedectv\u00e1 z minulosti zachovan\u00e9 a chr\u00e1nen\u00e9 pred \u0161kodami sp\u00f4soben\u00fdmi vo\u013en\u00fdmi pracovn\u00fdmi miestami a \/ alebo vplyvmi \u017eivotn\u00e9ho prostredia. Zvl\u00e1\u0161\u0165 d\u00f4le\u017eit\u00e9 s\u00fa lokality Valhalla, Sleeper's Head alebo Hofgut Klarenthal. S\u00fakromn\u00ed vlastn\u00edci pamiatkovo chr\u00e1nen\u00fdch budov bud\u00fa m\u00f4c\u0165 vyu\u017e\u00edva\u0165 aj energiu z obnovite\u013en\u00fdch zdrojov (napr. fotovoltick\u00e9 syst\u00e9my).<\/span><\/p>\n<\/div><\/div><\/div><\/div><\/div><\/div><\/div><div class=\"w-separator size_medium\"><\/div><div class=\"w-btn-wrapper align_left\"><a class=\"w-btn us-btn-style_8 icon_atleft\" href=\"https:\/\/gruene-wiesbaden.de\/sk\/kommunalwahl\/#Kapitel1\"><i class=\"fas fa-chevron-circle-right\"><\/i><span class=\"w-btn-label\">Sp\u00e4\u0165 na preh\u013ead<\/span><\/a><\/div><div class=\"w-separator size_large\"><\/div><div class=\"wpb_text_column\"><div class=\"wpb_wrapper\"><h1>\u010co sme u\u017e dosiahli<\/h1>\n<\/div><\/div><div class=\"w-separator size_medium\"><\/div><div class=\"w-tabs us_custom_42d693a0 has_text_color style_default switch_click accordion has_scrolling\" style=\"--sections-title-size:1.4rem\"><div class=\"w-tabs-sections titles-align_none icon_chevron cpos_right\"><div class=\"w-tabs-section has_text_color\" id=\"p11b\" style=\"background:var(--color-header-transparent-text);color:var(--color-header-top-text-hover);\"><button class=\"w-tabs-section-header\" aria-controls=\"content-p11b\" aria-expanded=\"false\"><div class=\"w-tabs-section-title\">Pravidl\u00e1 udr\u017eate\u013en\u00e9ho rozvoja susedstva<\/div><div class=\"w-tabs-section-control\"><\/div><\/button><div  class=\"w-tabs-section-content\" id=\"content-p11b\"><div class=\"w-tabs-section-content-h i-cf\"><div class=\"wpb_text_column\"><div class=\"wpb_wrapper\"><p><span style=\"font-weight: 400;\">My Zelen\u00ed sme v\u00fdznamne prispeli k zabezpe\u010deniu toho, aby udr\u017eate\u013en\u00fd rozvoj susedstva nebol len cie\u013eom, ale pre\u017eit\u00fdm postupom. Z\u00e1v\u00e4zn\u00e9 usmernenia na tento \u00fa\u010del tvoria pravidl\u00e1 hry pre trvalo udr\u017eate\u013en\u00fd rozvoj susedstva. Pl\u00e1novanie je zalo\u017een\u00e9 na piatich tematick\u00fdch oblastiach: \u201eLiving city\u201c, \u201eClimate-optimised urban green\u201c, \u201eSensitive water management\u201c, \u201eRenewable energy\u201c a \u201eNew mobility\u201c. K t\u00fdmto t\u00e9mam s\u00fa priraden\u00e9 konkr\u00e9tne opatrenia. Realiz\u00e1ciou t\u00fdchto usmernen\u00ed a opatren\u00ed je rozvoj okresu vo Wiesbadene navrhnut\u00fd tak, aby bol udr\u017eate\u013en\u00fd a nad\u010dasov\u00fd.<\/span><\/p>\n<\/div><\/div><\/div><\/div><\/div><div class=\"w-tabs-section has_text_color\" id=\"d27a\" style=\"background:var(--color-header-transparent-text);color:var(--color-header-top-text-hover);\"><button class=\"w-tabs-section-header\" aria-controls=\"content-d27a\" aria-expanded=\"false\"><div class=\"w-tabs-section-title\">Udr\u017eate\u013en\u00e1 v\u00fdstavba a prestavba existuj\u00facich budov namiesto demol\u00e1cie<\/div><div class=\"w-tabs-section-control\"><\/div><\/button><div  class=\"w-tabs-section-content\" id=\"content-d27a\"><div class=\"w-tabs-section-content-h i-cf\"><div class=\"wpb_text_column\"><div class=\"wpb_wrapper\"><p><span style=\"font-weight: 400;\">My Zelen\u00ed sme stanovili jasn\u00e9 usmernenia pre udr\u017eate\u013en\u00fa v\u00fdstavbu vo Wiesbadene. V bud\u00facnosti musia by\u0165 obecn\u00e9 budovy postaven\u00e9 v s\u00falade s usmerneniami BNB (Syst\u00e9m hodnotenia udr\u017eate\u013en\u00fdch budov), ktor\u00e9 rovnako zoh\u013ead\u0148uj\u00fa ekologick\u00e9, soci\u00e1lne a hospod\u00e1rske krit\u00e9ri\u00e1. Ekonomick\u00e1 efekt\u00edvnos\u0165 tu znamen\u00e1, \u017ee stavebn\u00fd projekt bude aj v bud\u00facnosti hospod\u00e1rny, a to nielen v kr\u00e1tkodobom horizonte.<\/span><\/p>\n<p><span style=\"font-weight: 400;\">\u00dastredn\u00fdm probl\u00e9mom je prestavba existuj\u00facich budov namiesto demol\u00e1cie: Prostredn\u00edctvom renov\u00e1cie, energeticky efekt\u00edvnej moderniz\u00e1cie a flexibiln\u00e9ho prestavby je mo\u017en\u00e9 zachova\u0165 existuj\u00face budovy a z\u00e1rove\u0148 ich prisp\u00f4sobi\u0165 s\u00fa\u010dasn\u00fdm po\u017eiadavk\u00e1m. T\u00fdm sa \u0161etria zdroje a chr\u00e1ni kl\u00edma \u2013 a ukazuje sa, ak\u00fd \u00faspe\u0161n\u00fd je zodpovedn\u00fd rozvoj miest, pokia\u013e ide o \u017eivotn\u00e9 prostredie, n\u00e1klady a spolo\u010dn\u00e9 blaho. Demol\u00e1cia je najhor\u0161ia zo v\u0161etk\u00fdch mo\u017enost\u00ed. Preto\u017ee pri demol\u00e1cii budovy sa str\u00e1ca v\u0161etka energia, ktor\u00e1 u\u017e pr\u00fadila do jej v\u00fdroby \u2013 od v\u00fdroby materi\u00e1lov a\u017e po samotn\u00fa v\u00fdstavbu. V novej budove sa potom mus\u00ed t\u00e1to energia znovu pou\u017ei\u0165. To stoj\u00ed mnoho \u010fal\u0161\u00edch surov\u00edn a v\u00fdrazne zhor\u0161uje klimatick\u00fa rovnov\u00e1hu.<\/span><\/p>\n<\/div><\/div><\/div><\/div><\/div><div class=\"w-tabs-section has_text_color\" id=\"t3a8\" style=\"background:var(--color-header-transparent-text);color:var(--color-header-top-text-hover);\"><button class=\"w-tabs-section-header\" aria-controls=\"content-t3a8\" aria-expanded=\"false\"><div class=\"w-tabs-section-title\">Z\u00e1sada \u0161pongiov\u00e9ho mesta \u2013 zabezpe\u010denie odolnosti Wiesbadenu proti zmene kl\u00edmy<\/div><div class=\"w-tabs-section-control\"><\/div><\/button><div  class=\"w-tabs-section-content\" id=\"content-t3a8\"><div class=\"w-tabs-section-content-h i-cf\"><div class=\"wpb_text_column\"><div class=\"wpb_wrapper\"><p><span style=\"font-weight: 400;\">Vo Wiesbadene sme podnikli konkr\u00e9tne kroky na lep\u0161ie vyzbrojenie mesta pred siln\u00fdmi da\u017e\u010fami a vlnami hor\u00fa\u010dav vr\u00e1tane oddelenia zelen\u00fdch a starostu zodpovedn\u00e9ho za \u017eivotn\u00e9 prostredie. Patr\u00ed medzi ne odpe\u010datenie povrchov, ekologiz\u00e1cia striech a fas\u00e1d, priepustn\u00e9 krytiny, prepracovanie verejn\u00fdch n\u00e1mest\u00ed, ako aj in\u0161tal\u00e1cia hrebe\u0148ov a zadr\u017eiavac\u00edch syst\u00e9mov na cielen\u00fa infiltr\u00e1ciu da\u017e\u010fovej vody.<\/span><\/p>\n<p><span style=\"font-weight: 400;\">\u00dastredn\u00fdm projektom je rekon\u0161trukcia Alsask\u00e9ho n\u00e1mestia, ktor\u00e9 bude v bud\u00facnosti sl\u00fa\u017ei\u0165 ako zelen\u00fd mestsk\u00fd park s do\u010dasn\u00fdm zadr\u017eiavan\u00edm da\u017e\u010fov, a t\u00fdm tlm\u00ed siln\u00e9 da\u017ede. Mesto okrem toho vytvorilo podporn\u00e9 programy pre zelen\u00e9 strechy a ekologiz\u00e1ciu fas\u00e1d na ukladanie da\u017e\u010fovej vody na mieste, zlep\u0161enie kvality ovzdu\u0161ia a zn\u00ed\u017eenie mestsk\u00e9ho tepla.<\/span><\/p>\n<\/div><\/div><\/div><\/div><\/div><div class=\"w-tabs-section has_text_color\" id=\"v4c4\" style=\"background:var(--color-header-middle-bg);color:var(--color-content-heading);\"><button class=\"w-tabs-section-header\" aria-controls=\"content-v4c4\" aria-expanded=\"false\"><div class=\"w-tabs-section-title\">Viack\u00f3dovanie povrchov<\/div><div class=\"w-tabs-section-control\"><\/div><\/button><div  class=\"w-tabs-section-content\" id=\"content-v4c4\"><div class=\"w-tabs-section-content-h i-cf\"><div class=\"wpb_text_column\"><div class=\"wpb_wrapper\"><p><span style=\"font-weight: 400;\">My Zelen\u00ed akt\u00edvne podporujeme viack\u00f3dovanie oblast\u00ed vo Wiesbadene a t\u00fdm sme dosiahli d\u00f4le\u017eit\u00fd krok pre udr\u017eate\u013en\u00fd rozvoj miest. T\u00e1to koncepcia zabezpe\u010duje, \u017ee plochy plnia nieko\u013eko funkci\u00ed s\u00fa\u010dasne \u2013 \u010di u\u017e ako zelen\u00e9 plochy, na uliciach, na parkovisk\u00e1ch, v \u0161portov\u00fdch a \u0161kolsk\u00fdch priestoroch alebo pri vyu\u017e\u00edvan\u00ed vodn\u00e9ho hospod\u00e1rstva. Cie\u013eom je spoji\u0165 z\u00e1ujmy r\u00f4znych akt\u00e9rov, efekt\u00edvne vyu\u017e\u00edva\u0165 p\u00f4du a z\u00e1rove\u0148 plni\u0165 soci\u00e1lne, ekologick\u00e9 a klimatick\u00e9 po\u017eiadavky.<\/span><\/p>\n<\/div><\/div><\/div><\/div><\/div><div class=\"w-tabs-section has_text_color\" id=\"f5ff\" style=\"background:var(--color-header-transparent-text);color:var(--color-header-top-text-hover);\"><button class=\"w-tabs-section-header\" aria-controls=\"content-f5ff\" aria-expanded=\"false\"><div class=\"w-tabs-section-title\">CLIMATE_PLAN<\/div><div class=\"w-tabs-section-control\"><\/div><\/button><div  class=\"w-tabs-section-content\" id=\"content-f5ff\"><div class=\"w-tabs-section-content-h i-cf\"><div class=\"wpb_text_column\"><div class=\"wpb_wrapper\"><p><span style=\"font-weight: 400;\">Wiesbaden sa m\u00e1 do roku 2045 sta\u0165 klimaticky neutr\u00e1lnym, \u010do si vy\u017eaduje osobitn\u00e9 po\u017eiadavky. Na tento \u00fa\u010del bol prijat\u00fd pl\u00e1n CLIMATE_PLAN. KLIMA_PLAN pokr\u00fdva oblasti \u010dinnosti: Energetika, mobilita, rozvoj miest \u0161etrn\u00fd ku kl\u00edme\/udr\u017eate\u013en\u00fd rozvoj miest a okresov a mestsk\u00e1 sie\u0165. Pre ka\u017ed\u00fa oblas\u0165 \u010dinnosti sa v \u0148om stanovuj\u00fa konkr\u00e9tne opatrenia na predch\u00e1dzanie vzniku sklen\u00edkov\u00fdch plynov \u2013 od energeticky efekt\u00edvnej obnovy \u0161k\u00f4l a\u017e po elektrifik\u00e1ciu autobusovej dopravy.<\/span><\/p>\n<\/div><\/div><\/div><\/div><\/div><div class=\"w-tabs-section has_text_color\" id=\"w71b\" style=\"background:var(--color-header-transparent-text);color:var(--color-header-top-text-hover);\"><button class=\"w-tabs-section-header\" aria-controls=\"content-w71b\" aria-expanded=\"false\"><div class=\"w-tabs-section-title\">Viac zelene a viac kvality pobytu v okrese prepracovan\u00edm n\u00e1mestia<\/div><div class=\"w-tabs-section-control\"><\/div><\/button><div  class=\"w-tabs-section-content\" id=\"content-w71b\"><div class=\"w-tabs-section-content-h i-cf\"><div class=\"wpb_text_column\"><div class=\"wpb_wrapper\"><p><span style=\"font-weight: 400;\">My Zelen\u00ed sme posunuli dopredu prestavbu n\u00e1mest\u00ed v centre mesta: Sedanplatz u\u017e bol dokon\u010den\u00fd, Alsask\u00e9 n\u00e1mestie, Schlossplatz a B\u00fclowplatz s\u00fa v procese dokon\u010denia. Miesta maj\u00fa by\u0165 obnoven\u00e9 na to, \u010do kedysi boli: Zasadacie miesta pre \u013eud\u00ed zo susedstva a zelen\u00e9 \u201ep\u013e\u00faca\u201c pre susedstvo. Ich prepracovanie tie\u017e prispieva k adapt\u00e1cii na zmenu kl\u00edmy, zni\u017euje vykurovanie v okrese a z\u00e1rove\u0148 zvy\u0161uje vo\u013en\u00fd \u010das a kvalitu \u017eivota. V okresoch, ktor\u00e9 sa mimoriadne silno zahrievaj\u00fa, budeme v bud\u00facnosti pokra\u010dova\u0165 v pr\u00e1ci na odpe\u010daten\u00ed a prepracovan\u00ed oblast\u00ed.<\/span><\/p>\n<\/div><\/div><\/div><\/div><\/div><div class=\"w-tabs-section has_text_color\" id=\"r86b\" style=\"background:var(--color-header-transparent-text);color:var(--color-header-top-text-hover);\"><button class=\"w-tabs-section-header\" aria-controls=\"content-r86b\" aria-expanded=\"false\"><div class=\"w-tabs-section-title\">Rozl\u00ed\u0161enie stavebn\u00fdch pozemkov pre soci\u00e1lne a klimaticky \u0161etrnej\u0161ie b\u00fdvanie<\/div><div class=\"w-tabs-section-control\"><\/div><\/button><div  class=\"w-tabs-section-content\" id=\"content-r86b\"><div class=\"w-tabs-section-content-h i-cf\"><div class=\"wpb_text_column\"><div class=\"wpb_wrapper\"><p><span style=\"font-weight: 400;\">Nov\u00fdm rozhodnut\u00edm o stavebn\u00fdch pozemkoch sp\u00e1jame a koordinujeme po\u010detn\u00e9 rozhodnutia prijat\u00e9 v minulosti v oblasti rozvoja stavebn\u00fdch pozemkov \u2013 ako je soci\u00e1lne vyu\u017e\u00edvanie p\u00f4dy, pride\u013eovanie koncepci\u00ed, dedi\u010dn\u00e9 stavebn\u00e9 pr\u00e1vo, dotovan\u00e9 b\u00fdvanie a rozvoj os\u00eddlenia \u0161etrn\u00e9ho ku kl\u00edme \u2013 do spolo\u010dn\u00e9ho usmernenia. V d\u00f4sledku toho dosahujeme bezpe\u010dnos\u0165 pl\u00e1novania a orient\u00e1ciu mestsk\u00e9ho rozvoja smerom k jasn\u00fdm cie\u013eom. Rezol\u00facia o stavebn\u00fdch pozemkoch je v\u00ed\u0165azstvom pre udr\u017eate\u013en\u00fd a soci\u00e1lne spravodliv\u00fd rozvoj Wiesbadenu so zameran\u00edm na poskytovanie stavebn\u00fdch pozemkov, ochranu kl\u00edmy a cenovo dostupn\u00e9 b\u00fdvanie.<\/span><\/p>\n<p><span style=\"font-weight: 400;\">Rezol\u00faciou o stavebn\u00fdch pozemkoch vytv\u00e1rame jasn\u00fd r\u00e1mec pre politiku a spr\u00e1vu, pokia\u013e ide o to, ako sa bud\u00fa vo Wiesbadene v bud\u00facnosti rozv\u00edja\u0165 nov\u00e9 stavebn\u00e9 pozemky. V bud\u00facnosti: Nov\u00e9 stavebn\u00e9 plochy pre bytov\u00fa v\u00fdstavbu sa zobrazuj\u00fa len vtedy, ak aspo\u0148 50 percent je vo vlastn\u00edctve mesta alebo preveden\u00fdch na mesto. Okrem toho, ak m\u00e1 mestsk\u00e9 pl\u00e1novanie zmysel alebo je mo\u017en\u00e9, mala by sa uplat\u0148ova\u0165 minim\u00e1lna hustota 80 obytn\u00fdch jednotiek na hekt\u00e1r.<\/span><\/p>\n<p><span style=\"font-weight: 400;\">Len tak mo\u017eno obmedzi\u0165 d\u00f4sledky prehriateho trhu s nehnute\u013enos\u0165ami v metropolitnej oblasti R\u00fdn \u2013 Mohan a vytvori\u0165 kontrolovan\u00e9 a cenovo dostupn\u00e9 b\u00fdvanie pre v\u0161etky pr\u00edjmov\u00e9 skupiny. Len tak sa m\u00f4\u017ee uskuto\u010dni\u0165 spolo\u010densky prijate\u013en\u00fd mestsk\u00fd rozvoj \u0161etrn\u00fd ku kl\u00edme.<\/span><\/p>\n<\/div><\/div><\/div><\/div><\/div><div class=\"w-tabs-section has_text_color\" id=\"d9c3\" style=\"background:var(--color-header-transparent-text);color:var(--color-header-top-text-hover);\"><button class=\"w-tabs-section-header\" aria-controls=\"content-d9c3\" aria-expanded=\"false\"><div class=\"w-tabs-section-title\">Koncepcia obhospodarovania p\u00f4dy pre udr\u017eate\u013enos\u0165 a ochranu zdrojov<\/div><div class=\"w-tabs-section-control\"><\/div><\/button><div  class=\"w-tabs-section-content\" id=\"content-d9c3\"><div class=\"w-tabs-section-content-h i-cf\"><div class=\"wpb_text_column\"><div class=\"wpb_wrapper\"><p><span style=\"font-weight: 400;\">GR\u00dcNE spustilo koncepciu pozemn\u00e9ho mana\u017ementu mesta Wiesbaden. Wiesbaden tak sleduje cie\u013e zachovania kvality a funkcie p\u00f4dy ako nenahradite\u013en\u00e9ho \u017eivobytia a zabezpe\u010denia jej funkci\u00ed pre bud\u00face gener\u00e1cie. V strednodobom horizonte vedie konzistentn\u00e9 obhospodarovanie p\u00f4dy k nulovej spotrebe.<\/span><span style=\"font-weight: 400;\"><br \/>\n<\/span><span style=\"font-weight: 400;\">To znamen\u00e1: \u017diadne \u010fal\u0161ie povrchy nesm\u00fa by\u0165 trvalo utesnen\u00e9. Na druhej strane, ak sa vytvoria nov\u00e9 budovy alebo cesty, u\u017e zastavan\u00e1 oblas\u0165 sa mus\u00ed op\u00e4tovne zaplombova\u0165 inde a vr\u00e1ti\u0165 do pr\u00edrodn\u00fdch alebo zelen\u00fdch oblast\u00ed. Po dosiahnut\u00ed \u010distej hodnoty 0 vst\u00fapime do obehov\u00e9ho hospod\u00e1rstva vyu\u017e\u00edvania p\u00f4dy.<\/span><\/p>\n<p><span style=\"font-weight: 400;\">Koncepcia je zalo\u017een\u00e1 na Stuttgartskom modeli (BOKS) a vych\u00e1dza z existuj\u00facich \u00fadajov o kvalite a kvantite p\u00f4dy v mestsk\u00fdch oblastiach. T\u00fdm sa optimalizuje obhospodarovanie p\u00f4dy a chr\u00e1ni sa cenn\u00e1 p\u00f4da pred z\u00e1stavbou.<\/span><\/p>\n<\/div><\/div><\/div><\/div><\/div><div class=\"w-tabs-section has_text_color\" id=\"qb00\" style=\"background:var(--color-header-transparent-text);color:var(--color-header-top-text-hover);\"><button class=\"w-tabs-section-header\" aria-controls=\"content-qb00\" aria-expanded=\"false\"><div class=\"w-tabs-section-title\">Akt\u00edvna p\u00f4dna politika<\/div><div class=\"w-tabs-section-control\"><\/div><\/button><div  class=\"w-tabs-section-content\" id=\"content-qb00\"><div class=\"w-tabs-section-content-h i-cf\"><div class=\"wpb_text_column\"><div class=\"wpb_wrapper\"><p><span style=\"font-weight: 400;\">My Zelen\u00ed sme vo Wiesbadene v\u00fdrazne pokro\u010dili v akt\u00edvnej politike v oblasti p\u00f4dy. Ide o strategick\u00fd n\u00e1stroj na cielen\u00e9 nadob\u00fadanie, spr\u00e1vu a distrib\u00faciu p\u00f4dy. P\u00f4da je vz\u00e1cna, nereprodukovate\u013en\u00e1 surovina, ktor\u00fa nemo\u017eno pova\u017eova\u0165 za \u010dist\u00fa komoditu. Pozemkov\u00e1 politika sa mus\u00ed pl\u00e1nova\u0165 akt\u00edvne a z dlhodob\u00e9ho h\u013eadiska, aby sa realizovali ciele obce zameran\u00e9 na spolo\u010dn\u00e9 dobro.<\/span><\/p>\n<p><span style=\"font-weight: 400;\">T\u00fdmto sa vyd\u00e1vame na cestu, ktor\u00fa mest\u00e1 ako Ulm, M\u00fcnster a Hamburg \u00faspe\u0161ne sleduj\u00fa u\u017e desa\u0165ro\u010dia.<\/span><\/p>\n<p><span style=\"font-weight: 400;\">V\u010dasn\u00e9 nadobudnutie potenci\u00e1lnych rozvojov\u00fdch oblast\u00ed obcami pre mestsk\u00e9, obytn\u00e9 a otvoren\u00e9 priestory je z\u00e1kladom mestsk\u00e9ho rozvoja, sl\u00fa\u017ei ako slu\u017eba v\u0161eobecn\u00e9ho z\u00e1ujmu pre ob\u010danov a umo\u017e\u0148uje obciam zv\u00fd\u0161i\u0165 svoj vplyv na miestny trh s b\u00fdvan\u00edm. Obec sa m\u00f4\u017ee rozhodn\u00fa\u0165, komu odovzd\u00e1 nehnute\u013enos\u0165 alebo pozemok. Je to jedin\u00fd sp\u00f4sob, ako zabr\u00e1ni\u0165 \u0161pekul\u00e1ci\u00e1m tret\u00edch str\u00e1n s p\u00f4dou a dosiahnu\u0165 v\u00fdstavbu cenovo dostupn\u00e9ho b\u00fdvania. Obec sa m\u00f4\u017ee rozhodn\u00fa\u0165, \u010di sa bude rozv\u00edja\u0165 b\u00fdvanie, \u010di sa vytvor\u00ed soci\u00e1lna infra\u0161trukt\u00fara vo forme centier dennej starostlivosti alebo \u0161k\u00f4l, alebo \u010di sa bude podporova\u0165 napr\u00edklad ochrana \u017eivotn\u00e9ho prostredia a kl\u00edmy. Akt\u00edvna politika v oblasti p\u00f4dy tak posil\u0148uje schopnos\u0165 obc\u00ed kona\u0165.<\/span><\/p>\n<\/div><\/div><\/div><\/div><\/div><\/div><\/div><div class=\"w-separator size_medium\"><\/div><div class=\"w-btn-wrapper align_left\"><a class=\"w-btn us-btn-style_8 icon_atleft\" href=\"https:\/\/gruene-wiesbaden.de\/sk\/kommunalwahl\/#Kapitel1\"><i class=\"fas fa-chevron-circle-right\"><\/i><span class=\"w-btn-label\">Sp\u00e4\u0165 na preh\u013ead<\/span><\/a><\/div><div class=\"w-separator size_large\"><\/div><\/div><\/div><\/div><\/div><\/section>","protected":false},"excerpt":{"rendered":"Mestsk\u00e9 pl\u00e1novanie a rozvoj miest s\u00fa k\u013e\u00fa\u010dom k najv\u00e4\u010d\u0161\u00edm v\u00fdzvam v obci. V opa\u010dnom pr\u00edpade ned\u00f4jde k \u017eiadnej zmene v doprave, nebudeme schopn\u00ed \u010deli\u0165 klimatickej kr\u00edze, nebudeme schopn\u00ed zachova\u0165 alebo posilni\u0165 soci\u00e1lnu s\u00fadr\u017enos\u0165 ani zn\u00ed\u017ei\u0165 spotrebu p\u00f4dy. \u010ci u\u017e zdravie, dobr\u00e1 kvalita \u017eivota a pobytu, cenovo dostupn\u00e9 b\u00fdvanie, soci\u00e1lna s\u00fadr\u017enos\u0165, siln\u00e9 miesto podnikania: To v\u0161etko m\u00f4\u017eeme dosiahnu\u0165 len...","protected":false},"author":1,"featured_media":1502,"comment_status":"closed","ping_status":"closed","sticky":false,"template":"","format":"standard","meta":{"footnotes":""},"categories":[14],"tags":[],"class_list":["post-1327","post","type-post","status-publish","format-standard","has-post-thumbnail","hentry","category-kapitel-1"],"yoast_head":"<!-- This site is optimized with the Yoast SEO plugin v27.5 - https:\/\/yoast.com\/product\/yoast-seo-wordpress\/ -->\n<title>Stadtentwicklung - B\u00dcNDNIS 90\/DIE GR\u00dcNEN Wiesbaden<\/title>\n<meta name=\"robots\" content=\"index, follow, max-snippet:-1, max-image-preview:large, max-video-preview:-1\" \/>\n<link rel=\"canonical\" href=\"https:\/\/gruene-wiesbaden.de\/sk\/stadtentwicklung\/\" \/>\n<meta property=\"og:locale\" content=\"sk_SK\" \/>\n<meta property=\"og:type\" content=\"article\" \/>\n<meta property=\"og:title\" content=\"Stadtentwicklung - B\u00dcNDNIS 90\/DIE GR\u00dcNEN Wiesbaden\" \/>\n<meta property=\"og:url\" content=\"https:\/\/gruene-wiesbaden.de\/sk\/stadtentwicklung\/\" \/>\n<meta property=\"og:site_name\" content=\"B\u00dcNDNIS 90\/DIE GR\u00dcNEN Wiesbaden\" \/>\n<meta property=\"article:publisher\" content=\"https:\/\/www.facebook.com\/gruene.wi\" \/>\n<meta property=\"article:published_time\" content=\"2025-11-09T21:44:50+00:00\" \/>\n<meta property=\"article:modified_time\" content=\"2026-04-08T20:41:01+00:00\" \/>\n<meta property=\"og:image\" content=\"https:\/\/gruene-wiesbaden.de\/wp-content\/uploads\/2025\/11\/1.5-Stadtentwicklung-scaled.jpg\" \/>\n\t<meta property=\"og:image:width\" content=\"1920\" \/>\n\t<meta property=\"og:image:height\" content=\"2560\" \/>\n\t<meta property=\"og:image:type\" content=\"image\/jpeg\" \/>\n<meta name=\"author\" content=\"admin\" \/>\n<meta name=\"twitter:card\" content=\"summary_large_image\" \/>\n<meta name=\"twitter:label1\" content=\"Autor\" \/>\n\t<meta name=\"twitter:data1\" content=\"admin\" \/>\n\t<meta name=\"twitter:label2\" content=\"Predpokladan\u00fd \u010das \u010d\u00edtania\" \/>\n\t<meta name=\"twitter:data2\" content=\"14 minutes\" \/>\n<script type=\"application\/ld+json\" class=\"yoast-schema-graph\">{\"@context\":\"https:\\\/\\\/schema.org\",\"@graph\":[{\"@type\":\"Article\",\"@id\":\"https:\\\/\\\/gruene-wiesbaden.de\\\/stadtentwicklung\\\/#article\",\"isPartOf\":{\"@id\":\"https:\\\/\\\/gruene-wiesbaden.de\\\/stadtentwicklung\\\/\"},\"author\":{\"name\":\"admin\",\"@id\":\"https:\\\/\\\/gruene-wiesbaden.de\\\/#\\\/schema\\\/person\\\/6785c34779159cd4fd86886bb097afe9\"},\"headline\":\"Stadtentwicklung\",\"datePublished\":\"2025-11-09T21:44:50+00:00\",\"dateModified\":\"2026-04-08T20:41:01+00:00\",\"mainEntityOfPage\":{\"@id\":\"https:\\\/\\\/gruene-wiesbaden.de\\\/stadtentwicklung\\\/\"},\"wordCount\":3464,\"publisher\":{\"@id\":\"https:\\\/\\\/gruene-wiesbaden.de\\\/#organization\"},\"image\":{\"@id\":\"https:\\\/\\\/gruene-wiesbaden.de\\\/stadtentwicklung\\\/#primaryimage\"},\"thumbnailUrl\":\"https:\\\/\\\/gruene-wiesbaden.de\\\/wp-content\\\/uploads\\\/2025\\\/11\\\/1.5-Stadtentwicklung-scaled.jpg\",\"articleSection\":[\"Kapitel 1\"],\"inLanguage\":\"sk-SK\"},{\"@type\":\"WebPage\",\"@id\":\"https:\\\/\\\/gruene-wiesbaden.de\\\/stadtentwicklung\\\/\",\"url\":\"https:\\\/\\\/gruene-wiesbaden.de\\\/stadtentwicklung\\\/\",\"name\":\"Stadtentwicklung - B\u00dcNDNIS 90\\\/DIE GR\u00dcNEN Wiesbaden\",\"isPartOf\":{\"@id\":\"https:\\\/\\\/gruene-wiesbaden.de\\\/#website\"},\"primaryImageOfPage\":{\"@id\":\"https:\\\/\\\/gruene-wiesbaden.de\\\/stadtentwicklung\\\/#primaryimage\"},\"image\":{\"@id\":\"https:\\\/\\\/gruene-wiesbaden.de\\\/stadtentwicklung\\\/#primaryimage\"},\"thumbnailUrl\":\"https:\\\/\\\/gruene-wiesbaden.de\\\/wp-content\\\/uploads\\\/2025\\\/11\\\/1.5-Stadtentwicklung-scaled.jpg\",\"datePublished\":\"2025-11-09T21:44:50+00:00\",\"dateModified\":\"2026-04-08T20:41:01+00:00\",\"breadcrumb\":{\"@id\":\"https:\\\/\\\/gruene-wiesbaden.de\\\/stadtentwicklung\\\/#breadcrumb\"},\"inLanguage\":\"sk-SK\",\"potentialAction\":[{\"@type\":\"ReadAction\",\"target\":[\"https:\\\/\\\/gruene-wiesbaden.de\\\/stadtentwicklung\\\/\"]}]},{\"@type\":\"ImageObject\",\"inLanguage\":\"sk-SK\",\"@id\":\"https:\\\/\\\/gruene-wiesbaden.de\\\/stadtentwicklung\\\/#primaryimage\",\"url\":\"https:\\\/\\\/gruene-wiesbaden.de\\\/wp-content\\\/uploads\\\/2025\\\/11\\\/1.5-Stadtentwicklung-scaled.jpg\",\"contentUrl\":\"https:\\\/\\\/gruene-wiesbaden.de\\\/wp-content\\\/uploads\\\/2025\\\/11\\\/1.5-Stadtentwicklung-scaled.jpg\",\"width\":1920,\"height\":2560},{\"@type\":\"BreadcrumbList\",\"@id\":\"https:\\\/\\\/gruene-wiesbaden.de\\\/stadtentwicklung\\\/#breadcrumb\",\"itemListElement\":[{\"@type\":\"ListItem\",\"position\":1,\"name\":\"Startseite\",\"item\":\"https:\\\/\\\/gruene-wiesbaden.de\\\/\"},{\"@type\":\"ListItem\",\"position\":2,\"name\":\"Stadtentwicklung\"}]},{\"@type\":\"WebSite\",\"@id\":\"https:\\\/\\\/gruene-wiesbaden.de\\\/#website\",\"url\":\"https:\\\/\\\/gruene-wiesbaden.de\\\/\",\"name\":\"DIE GR\u00dcNEN Wiesbaden\",\"description\":\"\",\"publisher\":{\"@id\":\"https:\\\/\\\/gruene-wiesbaden.de\\\/#organization\"},\"potentialAction\":[{\"@type\":\"SearchAction\",\"target\":{\"@type\":\"EntryPoint\",\"urlTemplate\":\"https:\\\/\\\/gruene-wiesbaden.de\\\/?s={search_term_string}\"},\"query-input\":{\"@type\":\"PropertyValueSpecification\",\"valueRequired\":true,\"valueName\":\"search_term_string\"}}],\"inLanguage\":\"sk-SK\"},{\"@type\":\"Organization\",\"@id\":\"https:\\\/\\\/gruene-wiesbaden.de\\\/#organization\",\"name\":\"DIE GR\u00dcNEN Wiesbaden\",\"url\":\"https:\\\/\\\/gruene-wiesbaden.de\\\/\",\"logo\":{\"@type\":\"ImageObject\",\"inLanguage\":\"sk-SK\",\"@id\":\"https:\\\/\\\/gruene-wiesbaden.de\\\/#\\\/schema\\\/logo\\\/image\\\/\",\"url\":\"https:\\\/\\\/gruene-wiesbaden-fuer-europa.de\\\/wp-content\\\/uploads\\\/2024\\\/04\\\/Machen-was-zaehlt-5.png\",\"contentUrl\":\"https:\\\/\\\/gruene-wiesbaden-fuer-europa.de\\\/wp-content\\\/uploads\\\/2024\\\/04\\\/Machen-was-zaehlt-5.png\",\"width\":1772,\"height\":1772,\"caption\":\"DIE GR\u00dcNEN Wiesbaden\"},\"image\":{\"@id\":\"https:\\\/\\\/gruene-wiesbaden.de\\\/#\\\/schema\\\/logo\\\/image\\\/\"},\"sameAs\":[\"https:\\\/\\\/www.facebook.com\\\/gruene.wi\",\"https:\\\/\\\/instagram.com\\\/gruene_wi\"]},{\"@type\":\"Person\",\"@id\":\"https:\\\/\\\/gruene-wiesbaden.de\\\/#\\\/schema\\\/person\\\/6785c34779159cd4fd86886bb097afe9\",\"name\":\"admin\",\"sameAs\":[\"http:\\\/\\\/gruene-wiesbaden-fuer-europa.de\"],\"url\":\"https:\\\/\\\/gruene-wiesbaden.de\\\/sk\\\/author\\\/admin\\\/\"}]}<\/script>\n<!-- \/ Yoast SEO plugin. -->","yoast_head_json":{"title":"Stadtentwicklung - B\u00dcNDNIS 90\/DIE GR\u00dcNEN Wiesbaden","robots":{"index":"index","follow":"follow","max-snippet":"max-snippet:-1","max-image-preview":"max-image-preview:large","max-video-preview":"max-video-preview:-1"},"canonical":"https:\/\/gruene-wiesbaden.de\/sk\/stadtentwicklung\/","og_locale":"sk_SK","og_type":"article","og_title":"Stadtentwicklung - B\u00dcNDNIS 90\/DIE GR\u00dcNEN Wiesbaden","og_url":"https:\/\/gruene-wiesbaden.de\/sk\/stadtentwicklung\/","og_site_name":"B\u00dcNDNIS 90\/DIE GR\u00dcNEN Wiesbaden","article_publisher":"https:\/\/www.facebook.com\/gruene.wi","article_published_time":"2025-11-09T21:44:50+00:00","article_modified_time":"2026-04-08T20:41:01+00:00","og_image":[{"width":1920,"height":2560,"url":"https:\/\/gruene-wiesbaden.de\/wp-content\/uploads\/2025\/11\/1.5-Stadtentwicklung-scaled.jpg","type":"image\/jpeg"}],"author":"admin","twitter_card":"summary_large_image","twitter_misc":{"Autor":"admin","Predpokladan\u00fd \u010das \u010d\u00edtania":"14 minutes"},"schema":{"@context":"https:\/\/schema.org","@graph":[{"@type":"Article","@id":"https:\/\/gruene-wiesbaden.de\/stadtentwicklung\/#article","isPartOf":{"@id":"https:\/\/gruene-wiesbaden.de\/stadtentwicklung\/"},"author":{"name":"admin","@id":"https:\/\/gruene-wiesbaden.de\/#\/schema\/person\/6785c34779159cd4fd86886bb097afe9"},"headline":"Stadtentwicklung","datePublished":"2025-11-09T21:44:50+00:00","dateModified":"2026-04-08T20:41:01+00:00","mainEntityOfPage":{"@id":"https:\/\/gruene-wiesbaden.de\/stadtentwicklung\/"},"wordCount":3464,"publisher":{"@id":"https:\/\/gruene-wiesbaden.de\/#organization"},"image":{"@id":"https:\/\/gruene-wiesbaden.de\/stadtentwicklung\/#primaryimage"},"thumbnailUrl":"https:\/\/gruene-wiesbaden.de\/wp-content\/uploads\/2025\/11\/1.5-Stadtentwicklung-scaled.jpg","articleSection":["Kapitel 1"],"inLanguage":"sk-SK"},{"@type":"WebPage","@id":"https:\/\/gruene-wiesbaden.de\/stadtentwicklung\/","url":"https:\/\/gruene-wiesbaden.de\/stadtentwicklung\/","name":"Stadtentwicklung - B\u00dcNDNIS 90\/DIE GR\u00dcNEN Wiesbaden","isPartOf":{"@id":"https:\/\/gruene-wiesbaden.de\/#website"},"primaryImageOfPage":{"@id":"https:\/\/gruene-wiesbaden.de\/stadtentwicklung\/#primaryimage"},"image":{"@id":"https:\/\/gruene-wiesbaden.de\/stadtentwicklung\/#primaryimage"},"thumbnailUrl":"https:\/\/gruene-wiesbaden.de\/wp-content\/uploads\/2025\/11\/1.5-Stadtentwicklung-scaled.jpg","datePublished":"2025-11-09T21:44:50+00:00","dateModified":"2026-04-08T20:41:01+00:00","breadcrumb":{"@id":"https:\/\/gruene-wiesbaden.de\/stadtentwicklung\/#breadcrumb"},"inLanguage":"sk-SK","potentialAction":[{"@type":"ReadAction","target":["https:\/\/gruene-wiesbaden.de\/stadtentwicklung\/"]}]},{"@type":"ImageObject","inLanguage":"sk-SK","@id":"https:\/\/gruene-wiesbaden.de\/stadtentwicklung\/#primaryimage","url":"https:\/\/gruene-wiesbaden.de\/wp-content\/uploads\/2025\/11\/1.5-Stadtentwicklung-scaled.jpg","contentUrl":"https:\/\/gruene-wiesbaden.de\/wp-content\/uploads\/2025\/11\/1.5-Stadtentwicklung-scaled.jpg","width":1920,"height":2560},{"@type":"BreadcrumbList","@id":"https:\/\/gruene-wiesbaden.de\/stadtentwicklung\/#breadcrumb","itemListElement":[{"@type":"ListItem","position":1,"name":"Startseite","item":"https:\/\/gruene-wiesbaden.de\/"},{"@type":"ListItem","position":2,"name":"Stadtentwicklung"}]},{"@type":"WebSite","@id":"https:\/\/gruene-wiesbaden.de\/#website","url":"https:\/\/gruene-wiesbaden.de\/","name":"DIE GR\u00dcNEN Wiesbaden","description":"","publisher":{"@id":"https:\/\/gruene-wiesbaden.de\/#organization"},"potentialAction":[{"@type":"SearchAction","target":{"@type":"EntryPoint","urlTemplate":"https:\/\/gruene-wiesbaden.de\/?s={search_term_string}"},"query-input":{"@type":"PropertyValueSpecification","valueRequired":true,"valueName":"search_term_string"}}],"inLanguage":"sk-SK"},{"@type":"Organization","@id":"https:\/\/gruene-wiesbaden.de\/#organization","name":"DIE GR\u00dcNEN Wiesbaden","url":"https:\/\/gruene-wiesbaden.de\/","logo":{"@type":"ImageObject","inLanguage":"sk-SK","@id":"https:\/\/gruene-wiesbaden.de\/#\/schema\/logo\/image\/","url":"https:\/\/gruene-wiesbaden-fuer-europa.de\/wp-content\/uploads\/2024\/04\/Machen-was-zaehlt-5.png","contentUrl":"https:\/\/gruene-wiesbaden-fuer-europa.de\/wp-content\/uploads\/2024\/04\/Machen-was-zaehlt-5.png","width":1772,"height":1772,"caption":"DIE GR\u00dcNEN Wiesbaden"},"image":{"@id":"https:\/\/gruene-wiesbaden.de\/#\/schema\/logo\/image\/"},"sameAs":["https:\/\/www.facebook.com\/gruene.wi","https:\/\/instagram.com\/gruene_wi"]},{"@type":"Person","@id":"https:\/\/gruene-wiesbaden.de\/#\/schema\/person\/6785c34779159cd4fd86886bb097afe9","name":"admin","sameAs":["http:\/\/gruene-wiesbaden-fuer-europa.de"],"url":"https:\/\/gruene-wiesbaden.de\/sk\/author\/admin\/"}]}},"_links":{"self":[{"href":"https:\/\/gruene-wiesbaden.de\/sk\/wp-json\/wp\/v2\/posts\/1327","targetHints":{"allow":["GET"]}}],"collection":[{"href":"https:\/\/gruene-wiesbaden.de\/sk\/wp-json\/wp\/v2\/posts"}],"about":[{"href":"https:\/\/gruene-wiesbaden.de\/sk\/wp-json\/wp\/v2\/types\/post"}],"author":[{"embeddable":true,"href":"https:\/\/gruene-wiesbaden.de\/sk\/wp-json\/wp\/v2\/users\/1"}],"replies":[{"embeddable":true,"href":"https:\/\/gruene-wiesbaden.de\/sk\/wp-json\/wp\/v2\/comments?post=1327"}],"version-history":[{"count":9,"href":"https:\/\/gruene-wiesbaden.de\/sk\/wp-json\/wp\/v2\/posts\/1327\/revisions"}],"predecessor-version":[{"id":2370,"href":"https:\/\/gruene-wiesbaden.de\/sk\/wp-json\/wp\/v2\/posts\/1327\/revisions\/2370"}],"wp:featuredmedia":[{"embeddable":true,"href":"https:\/\/gruene-wiesbaden.de\/sk\/wp-json\/wp\/v2\/media\/1502"}],"wp:attachment":[{"href":"https:\/\/gruene-wiesbaden.de\/sk\/wp-json\/wp\/v2\/media?parent=1327"}],"wp:term":[{"taxonomy":"category","embeddable":true,"href":"https:\/\/gruene-wiesbaden.de\/sk\/wp-json\/wp\/v2\/categories?post=1327"},{"taxonomy":"post_tag","embeddable":true,"href":"https:\/\/gruene-wiesbaden.de\/sk\/wp-json\/wp\/v2\/tags?post=1327"}],"curies":[{"name":"wp","href":"https:\/\/api.w.org\/{rel}","templated":true}]}}