{"id":1323,"date":"2025-11-09T23:41:29","date_gmt":"2025-11-09T21:41:29","guid":{"rendered":"https:\/\/gruene-wiesbaden.de\/?p=1323"},"modified":"2026-04-08T22:32:07","modified_gmt":"2026-04-08T20:32:07","slug":"bevoelkerungsschutz","status":"publish","type":"post","link":"https:\/\/gruene-wiesbaden.de\/sk\/bevoelkerungsschutz\/","title":{"rendered":"Civiln\u00e1 ochrana"},"content":{"rendered":"<section class=\"l-section wpb_row height_medium with_img\"><div class=\"l-section-img\" role=\"img\" data-img-width=\"1080\" data-img-height=\"800\" style=\"background-image: url(https:\/\/gruene-wiesbaden.de\/wp-content\/uploads\/2025\/11\/neuer-Verlauf-gruene-wiesbaden.de_-2-e1762709402177.png);\"><\/div><div class=\"l-section-overlay\" style=\"background:var(--color-header-top-transparent-bg)\"><\/div><div class=\"l-section-h i-cf\"><div class=\"g-cols vc_row via_grid cols_1 laptops-cols_inherit tablets-cols_inherit mobiles-cols_1 valign_top type_default stacking_default\"><div class=\"wpb_column vc_column_container\"><div class=\"vc_column-inner\"><h1 class=\"w-post-elm post_title us_custom_a574d586 has_text_color entry-title\">Civiln\u00e1 ochrana<\/h1><div class=\"w-separator size_medium\"><\/div><div class=\"g-cols wpb_row via_grid cols_2-1 laptops-cols_inherit tablets-cols_inherit mobiles-cols_1 valign_top type_default stacking_default\" style=\"--columns-gap:3rem;\"><div class=\"wpb_column vc_column_container\"><div class=\"vc_column-inner\"><div class=\"wpb_text_column us_custom_8b3d6790 has_text_color\"><div class=\"wpb_wrapper\"><p><span style=\"font-weight: 400;\">Vzh\u013eadom na rast\u00face extr\u00e9mne v\u00fdkyvy po\u010dasia sp\u00f4soben\u00e9 klimatickou kr\u00edzou a geopolitick\u00fdmi hrozbami je odoln\u00e1 ochrana obyvate\u013estva nevyhnutn\u00e1. Zaviazali sme sa k \u00fa\u010dinnej bezpe\u010dnosti a dobr\u00e9mu predch\u00e1dzaniu kr\u00edzam, ktor\u00e9 chr\u00e1nia \u013eud\u00ed vo v\u0161etk\u00fdch situ\u00e1ci\u00e1ch.<\/span><\/p>\n<p><span style=\"font-weight: 400;\">Patr\u00ed medzi ne pokra\u010dovanie mestsk\u00e9ho ak\u010dn\u00e9ho pl\u00e1nu pre teplo, ktor\u00fd chr\u00e1ni zranite\u013en\u00e9 skupiny, ako aj komplexn\u00e1 koncepcia protipovod\u0148ovej ochrany s renatur\u00e1ciou rie\u010dnych tokov a vytvoren\u00edm reten\u010dn\u00fdch oblast\u00ed.<\/span><\/p>\n<p><span style=\"font-weight: 400;\">Zaviazali sme sa k miestnemu syst\u00e9mu v\u010dasn\u00e9ho varovania, ktor\u00fd sa v\u010das dostane ku v\u0161etk\u00fdm ob\u010danom. Z\u00e1rove\u0148 chceme posilni\u0165 svojpomocn\u00fa kapacitu obyvate\u013estva.<\/span><\/p>\n<p><span style=\"font-weight: 400;\">N\u00e1bor mlad\u00fdch \u013eud\u00ed v oblasti civilnej ochrany je k\u013e\u00fa\u010dovou v\u00fdzvou. Chceme in\u0161pirova\u0165 nov\u00e9 cie\u013eov\u00e9 skupiny pre t\u00fato dobrovo\u013en\u00edcku slu\u017ebu a zabezpe\u010di\u0165 atrakt\u00edvne vzdel\u00e1vacie a kvalifika\u010dn\u00e9 ponuky, ako aj vhodn\u00e9 vybavenie pre hasi\u010dsk\u00e9 zbory a pomocn\u00e9 organiz\u00e1cie.<\/span><\/p>\n<\/div><\/div><div class=\"w-separator size_medium\"><\/div><div class=\"w-btn-wrapper align_left\"><a class=\"w-btn us-btn-style_8 icon_atleft\" href=\"https:\/\/gruene-wiesbaden.de\/sk\/kommunalwahl\/#Kapitel1\"><i class=\"fas fa-chevron-circle-right\"><\/i><span class=\"w-btn-label\">Sp\u00e4\u0165 na preh\u013ead<\/span><\/a><\/div><\/div><\/div><div class=\"wpb_column vc_column_container\"><div class=\"vc_column-inner\"><div class=\"w-image align_center\"><div class=\"w-image-h\"><img decoding=\"async\" width=\"2560\" height=\"1707\" src=\"https:\/\/gruene-wiesbaden.de\/wp-content\/uploads\/2025\/11\/1.2-Bevoelkerungsschutz-scaled.jpeg\" class=\"attachment-full size-full\" alt=\"\" loading=\"lazy\" srcset=\"https:\/\/gruene-wiesbaden.de\/wp-content\/uploads\/2025\/11\/1.2-Bevoelkerungsschutz-scaled.jpeg 2560w, https:\/\/gruene-wiesbaden.de\/wp-content\/uploads\/2025\/11\/1.2-Bevoelkerungsschutz-400x267.jpeg 400w, https:\/\/gruene-wiesbaden.de\/wp-content\/uploads\/2025\/11\/1.2-Bevoelkerungsschutz-600x400.jpeg 600w\" sizes=\"auto, (max-width: 2560px) 100vw, 2560px\" \/><\/div><\/div><div class=\"w-separator size_small\"><\/div><\/div><\/div><\/div><div class=\"w-separator size_medium\"><\/div><div class=\"w-separator size_medium\"><\/div><div class=\"wpb_text_column\"><div class=\"wpb_wrapper\"><h1>\u010co pre n\u00e1s znamen\u00e1 odoln\u00e1 civiln\u00e1 ochrana<\/h1>\n<\/div><\/div><div class=\"w-separator size_large\"><\/div><div class=\"g-cols wpb_row via_grid cols_3 laptops-cols_inherit tablets-cols_inherit mobiles-cols_1 valign_top type_default stacking_default\" style=\"--columns-gap:3rem;\"><div class=\"wpb_column vc_column_container\"><div class=\"vc_column-inner\"><div class=\"w-iconbox us_custom_f4639b64 has_text_color iconpos_left style_default color_custom align_left\"><div class=\"w-iconbox-icon\" style=\"font-size:2rem;--icon-color:#Ffffff;--icon-bg-color:var(--color-header-middle-bg);\"><i class=\"fas fa-layer-group\"><\/i><\/div><div class=\"w-iconbox-meta\"><h4 class=\"w-iconbox-title\" style=\"font-size:1.5rem;\">Kon\u00e1me predv\u00eddavo<\/h4><div class=\"w-iconbox-text\"><p><span style=\"font-weight: 400;\">Chceme investova\u0165 do prevencie namiesto toho, aby sme reagovali na katastrofy. Zabezpe\u010denie odolnosti Wiesbadenu vo\u010di kr\u00edze je tou najlep\u0161ou invest\u00edciou, ak\u00fa m\u00f4\u017eeme urobi\u0165.<\/span><\/p>\n<\/div><\/div><\/div><\/div><\/div><div class=\"wpb_column vc_column_container\"><div class=\"vc_column-inner\"><div class=\"w-iconbox us_custom_f4639b64 has_text_color iconpos_left style_default color_custom align_left\"><div class=\"w-iconbox-icon\" style=\"font-size:2rem;--icon-color:#Ffffff;--icon-bg-color:var(--color-header-transparent-text);\"><i class=\"fas fa-layer-group\"><\/i><\/div><div class=\"w-iconbox-meta\"><h4 class=\"w-iconbox-title\" style=\"font-size:1.5rem;\">Zabezpe\u010dujeme odolnos\u0165 infra\u0161trukt\u00fary vo\u010di kr\u00edzam<\/h4><div class=\"w-iconbox-text\"><p><span style=\"font-weight: 400;\">Ochrana kritickej infra\u0161trukt\u00fary v oblasti z\u00e1sobovania energiou a vodou, komunika\u010dn\u00fdch a zdravotn\u00edckych zariaden\u00ed je pre n\u00e1s mimoriadne d\u00f4le\u017eit\u00e1.<\/span><\/p>\n<\/div><\/div><\/div><\/div><\/div><div class=\"wpb_column vc_column_container\"><div class=\"vc_column-inner\"><div class=\"w-iconbox us_custom_f4639b64 has_text_color iconpos_left style_default color_custom align_left\"><div class=\"w-iconbox-icon\" style=\"font-size:2rem;--icon-color:#Ffffff;--icon-bg-color:var(--color-header-transparent-text);\"><i class=\"fas fa-layer-group\"><\/i><\/div><div class=\"w-iconbox-meta\"><h4 class=\"w-iconbox-title\" style=\"font-size:1.5rem;\">Chr\u00e1nime najcennej\u0161ie<\/h4><div class=\"w-iconbox-text\"><p><span style=\"font-weight: 400;\">Star\u00e1me sa o v\u0161etk\u00fdch, ktor\u00ed s\u00fa pre n\u00e1s d\u00f4le\u017eit\u00ed: Na\u0161e deti, na\u0161i rodi\u010dia, na\u0161i priatelia, na\u0161i susedia, na\u0161e dom\u00e1ce zvierat\u00e1. Rob\u00edme v\u0161etko, \u010do je v na\u0161ich sil\u00e1ch, pre ich blaho.<\/span><\/p>\n<\/div><\/div><\/div><\/div><\/div><\/div><div class=\"w-separator size_medium\"><\/div><div class=\"g-cols wpb_row via_grid cols_3 laptops-cols_inherit tablets-cols_inherit mobiles-cols_1 valign_top type_default stacking_default\" style=\"--columns-gap:3rem;\"><div class=\"wpb_column vc_column_container\"><div class=\"vc_column-inner\"><div class=\"w-iconbox us_custom_f4639b64 has_text_color iconpos_left style_default color_custom align_left\"><div class=\"w-iconbox-icon\" style=\"font-size:2rem;--icon-color:#Ffffff;--icon-bg-color:var(--color-header-middle-bg);\"><i class=\"fas fa-layer-group\"><\/i><\/div><div class=\"w-iconbox-meta\"><h4 class=\"w-iconbox-title\" style=\"font-size:1.5rem;\">Sme spolu akt\u00edvni<\/h4><div class=\"w-iconbox-text\"><p><span style=\"font-weight: 400;\">Spolo\u010dn\u00fd postup je predpokladom na\u0161ej bezpe\u010dnosti. Podporujeme dobrovo\u013en\u00edctvo a siete ob\u010dianskej spolo\u010dnosti.<\/span><\/p>\n<\/div><\/div><\/div><\/div><\/div><div class=\"wpb_column vc_column_container\"><div class=\"vc_column-inner\"><div class=\"w-iconbox us_custom_f4639b64 has_text_color iconpos_left style_default color_custom align_left\"><div class=\"w-iconbox-icon\" style=\"font-size:2rem;--icon-color:#Ffffff;--icon-bg-color:var(--color-header-transparent-text);\"><i class=\"fas fa-layer-group\"><\/i><\/div><div class=\"w-iconbox-meta\"><h4 class=\"w-iconbox-title\" style=\"font-size:1.5rem;\">Kon\u00e1me solid\u00e1rne<\/h4><div class=\"w-iconbox-text\"><p><span style=\"font-weight: 400;\">Stoj\u00edme spolu ako spolo\u010dnos\u0165. Klimatick\u00e1 kr\u00edza sa net\u00fdka v\u0161etk\u00fdch rovnako; Obzvl\u00e1\u0161\u0165 postihnut\u00ed s\u00fa \u010dasto star\u0161\u00ed \u013eudia, chor\u00ed, osamel\u00ed a znev\u00fdhodnen\u00ed.<\/span><\/p>\n<\/div><\/div><\/div><\/div><\/div><div class=\"wpb_column vc_column_container\"><div class=\"vc_column-inner\"><div class=\"w-iconbox us_custom_f4639b64 has_text_color iconpos_left style_default color_custom align_left\"><div class=\"w-iconbox-icon\" style=\"font-size:2rem;--icon-color:#Ffffff;--icon-bg-color:var(--color-header-transparent-text);\"><i class=\"fas fa-layer-group\"><\/i><\/div><div class=\"w-iconbox-meta\"><h4 class=\"w-iconbox-title\" style=\"font-size:1.5rem;\">Dost\u00e1vame sa ku v\u0161etk\u00fdm<\/h4><div class=\"w-iconbox-text\"><p><span style=\"font-weight: 400;\">Nastavili sme na\u0161e syst\u00e9my v\u010dasn\u00e9ho varovania vo v\u0161eobecnosti, aby sme mohli informova\u0165 v\u0161etk\u00fdch \u013eud\u00ed kedyko\u013evek a kdeko\u013evek.<\/span><\/p>\n<\/div><\/div><\/div><\/div><\/div><\/div><div class=\"w-separator size_medium\"><\/div><div class=\"w-btn-wrapper align_left\"><a class=\"w-btn us-btn-style_8 icon_atleft\" href=\"https:\/\/gruene-wiesbaden.de\/sk\/kommunalwahl\/#Kapitel1\"><i class=\"fas fa-chevron-circle-right\"><\/i><span class=\"w-btn-label\">Sp\u00e4\u0165 na preh\u013ead<\/span><\/a><\/div><div class=\"w-separator size_medium\"><\/div><\/div><\/div><\/div><\/div><\/section><section class=\"l-section wpb_row height_auto with_img\"><div class=\"l-section-img\" role=\"img\" data-img-width=\"2560\" data-img-height=\"1707\" style=\"background-image: url(https:\/\/gruene-wiesbaden.de\/wp-content\/uploads\/2025\/11\/1.2-Bevoelkerungsschutz-scaled.jpeg);background-repeat: no-repeat;\"><\/div><div class=\"l-section-overlay\" style=\"background:var(--color-header-top-transparent-bg)\"><\/div><div class=\"l-section-h i-cf\"><div class=\"g-cols vc_row via_grid cols_1 laptops-cols_inherit tablets-cols_inherit mobiles-cols_1 valign_middle type_default stacking_default\" style=\"--columns-gap:1rem;\"><div class=\"wpb_column vc_column_container\"><div class=\"vc_column-inner\"><div class=\"w-separator size_large\"><\/div><div class=\"wpb_text_column background_inside_text\"><div class=\"wpb_wrapper\"><h1>\u010co konkr\u00e9tne chceme v tejto oblasti urobi\u0165<\/h1>\n<\/div><\/div><div class=\"w-separator size_medium\"><\/div><div class=\"w-tabs us_custom_42d693a0 has_text_color style_default switch_click accordion has_scrolling\" style=\"--sections-title-size:1.4rem\"><div class=\"w-tabs-sections titles-align_none icon_chevron cpos_right\"><div class=\"w-tabs-section has_text_color\" id=\"s06f\" style=\"background:var(--color-header-transparent-text);color:var(--color-header-top-text-hover);\"><button class=\"w-tabs-section-header\" aria-controls=\"content-s06f\" aria-expanded=\"false\"><div class=\"w-tabs-section-title\">Dobre sa pripravte na v\u0161etky pr\u00edpady<\/div><div class=\"w-tabs-section-control\"><\/div><\/button><div  class=\"w-tabs-section-content\" id=\"content-s06f\"><div class=\"w-tabs-section-content-h i-cf\"><div class=\"wpb_text_column\"><div class=\"wpb_wrapper\"><p><span style=\"font-weight: 400;\">Prevencia stoj\u00ed zlomok \u0161kody. Sme odhodlan\u00ed zabezpe\u010di\u0165, aby sa Wiesbaden stal odoln\u00fdm vo\u010di kr\u00edzam prostredn\u00edctvom pl\u00e1nov ochrany pred hor\u00fa\u010davami, siln\u00fdmi da\u017e\u010fami a povod\u0148ami. Chceme zabezpe\u010di\u0165, aby ob\u010dania boli informovan\u00ed o nebezpe\u010denstv\u00e1ch, ako s\u00fa povodne, v\u00fdpadky elektrickej energie a lesn\u00e9 po\u017eiare. Prostredn\u00edctvom cvi\u010den\u00ed civilnej ochrany, odbornej pr\u00edpravy a \u010fal\u0161ieho vzdel\u00e1vania chceme posilni\u0165 schopnos\u0165 sebaobrany obyvate\u013estva a \u00fa\u010dinn\u00fa spolupr\u00e1cu medzi org\u00e1nmi a opera\u010dn\u00fdmi organiz\u00e1ciami a pracova\u0165 na roz\u0161\u00edren\u00ed komunika\u010dn\u00fdch kan\u00e1lov pre (v\u010dasn\u00e9) varovania a v\u00fdstrahy. Virtu\u00e1lne kan\u00e1ly, ako s\u00fa varovn\u00e9 aplik\u00e1cie, s\u00fa rovnako d\u00f4le\u017eit\u00e9 ako sir\u00e9ny a miestne siete na oslovenie star\u0161\u00edch \u013eud\u00ed a \u013eud\u00ed bez digit\u00e1lneho pr\u00edstupu alebo dokonca \u013eud\u00ed so zdravotn\u00fdm postihnut\u00edm.<\/span><\/p>\n<\/div><\/div><\/div><\/div><\/div><div class=\"w-tabs-section has_text_color\" id=\"j18e\" style=\"background:var(--color-header-transparent-text);color:var(--color-header-top-text-hover);\"><button class=\"w-tabs-section-header\" aria-controls=\"content-j18e\" aria-expanded=\"false\"><div class=\"w-tabs-section-title\">Nikoho nenech\u00e1me sam\u00e9ho<\/div><div class=\"w-tabs-section-control\"><\/div><\/button><div  class=\"w-tabs-section-content\" id=\"content-j18e\"><div class=\"w-tabs-section-content-h i-cf\"><div class=\"wpb_text_column\"><div class=\"wpb_wrapper\"><p><span style=\"font-weight: 400;\">Ob\u010dania postihnut\u00ed katastrofami potrebuj\u00fa r\u00fdchlu pomoc, ale z\u00e1chran\u00e1ri a spont\u00e1nni pomocn\u00edci \u010dasto dosahuj\u00fa hranice svojej odolnosti. V pr\u00edpade kr\u00edzy chceme zabezpe\u010di\u0165, aby mesto Wiesbaden mohlo poskytova\u0165 nebyrokratick\u00fa podporu a tie\u017e sa stara\u0165 o psychosoci\u00e1lnu pohotovostn\u00fa starostlivos\u0165. S cie\u013eom zabezpe\u010di\u0165, aby soci\u00e1lne infra\u0161trukt\u00fary, ako s\u00fa nemocnice, zariadenia opatrovate\u013eskej starostlivosti a lek\u00e1rske postupy, nezlyhali, sa musia vypracova\u0165 n\u00fadzov\u00e9 pl\u00e1ny t\u00fdkaj\u00face sa mo\u017en\u00e9ho premiestnenia pacientov a prijatia zranen\u00fdch os\u00f4b. Vieme, \u017ee civiln\u00e1 ochrana z\u00e1vis\u00ed najm\u00e4 od anga\u017eovanosti tis\u00edcov dobrovo\u013en\u00edkov: V Nemecku je 90 percent pomocn\u00edkov v oblasti civilnej ochrany dobrovo\u013en\u00edkov! Chceme uzna\u0165, posilni\u0165 a zatrakt\u00edvni\u0165 tento nevyhnutn\u00fd z\u00e1v\u00e4zok, najm\u00e4 pre mlad\u00fdch \u013eud\u00ed, \u017eeny a \u013eud\u00ed s hist\u00f3riou migr\u00e1cie.<\/span><\/p>\n<\/div><\/div><\/div><\/div><\/div><div class=\"w-tabs-section has_text_color\" id=\"l2b1\" style=\"background:var(--color-header-transparent-text);color:var(--color-header-top-text-hover);\"><button class=\"w-tabs-section-header\" aria-controls=\"content-l2b1\" aria-expanded=\"false\"><div class=\"w-tabs-section-title\">Ochrana pred zdravotn\u00fdmi rizikami<\/div><div class=\"w-tabs-section-control\"><\/div><\/button><div  class=\"w-tabs-section-content\" id=\"content-l2b1\"><div class=\"w-tabs-section-content-h i-cf\"><div class=\"wpb_text_column\"><div class=\"wpb_wrapper\"><p><span style=\"font-weight: 400;\">Pri siln\u00fdch da\u017e\u010foch a povodniach m\u00f4\u017ee okrem priamych nebezpe\u010denstiev doch\u00e1dza\u0165 okrem in\u00e9ho k \u00faniku ropn\u00fdch n\u00e1dr\u017e\u00ed vo vykurovac\u00edch pivniciach. Dlh\u00e9 sucho a teplo na druhej strane sp\u00f4sobuj\u00fa jedovat\u00e9 kvety rias v na\u0161ich vod\u00e1ch; V pr\u00edpade po\u017eiaru vznikaj\u00fa nebezpe\u010dn\u00e9 spaliny. Mesto Wiesbaden by malo by\u0165 schopn\u00e9 v\u010das varova\u0165 ob\u010danov v t\u00fdchto kr\u00edzov\u00fdch situ\u00e1ci\u00e1ch a postara\u0165 sa o postihnut\u00e9 osoby. Preto chceme posilni\u0165 spolupr\u00e1cu jednotiek civilnej ochrany s hasi\u010dsk\u00fdm zborom, THW a humanit\u00e1rnymi organiz\u00e1ciami.<\/span><\/p>\n<\/div><\/div><\/div><\/div><\/div><div class=\"w-tabs-section has_text_color\" id=\"x3c8\" style=\"background:var(--color-alt-content-bg);color:var(--color-content-heading);\"><button class=\"w-tabs-section-header\" aria-controls=\"content-x3c8\" aria-expanded=\"false\"><div class=\"w-tabs-section-title\">Pou\u017e\u00edvajte tie\u0148ov\u00e9 z\u00f3ny bez nutnosti konzumova\u0165<\/div><div class=\"w-tabs-section-control\"><\/div><\/button><div  class=\"w-tabs-section-content\" id=\"content-x3c8\"><div class=\"w-tabs-section-content-h i-cf\"><div class=\"wpb_text_column\"><div class=\"wpb_wrapper\"><p><span style=\"font-weight: 400;\">Extr\u00e9mne obdobia hor\u00fa\u010dav po\u010das dlh\u0161ieho \u010dasov\u00e9ho obdobia sa zvy\u0161uj\u00fa v d\u00f4sledku zmeny kl\u00edmy a st\u00e1vaj\u00fa sa \u010doraz v\u00e4\u010d\u0161ou z\u00e1\u0165a\u017eou pre \u013eud\u00ed. Najm\u00e4 v centre mesta sa apartm\u00e1ny m\u00f4\u017eu nieko\u013eko dn\u00ed ohrieva\u0165 na teploty, ktor\u00e9 znemo\u017e\u0148uj\u00fa relaxa\u010dn\u00fd pobyt a sp\u00e1nok. Preto pova\u017eujeme za nevyhnutn\u00e9, aby vo Wiesbadene boli \u013eahko dostupn\u00e9 chladn\u00e9 miesta, kde m\u00f4\u017eu ob\u010dania zosta\u0165 bezplatne aspo\u0148 po\u010das d\u0148a.<\/span><\/p>\n<\/div><\/div><\/div><\/div><\/div><div class=\"w-tabs-section has_text_color\" id=\"m4e0\" style=\"background:var(--color-header-transparent-text);color:var(--color-header-top-text-hover);\"><button class=\"w-tabs-section-header\" aria-controls=\"content-m4e0\" aria-expanded=\"false\"><div class=\"w-tabs-section-title\">Zni\u017eovanie rizika lesn\u00fdch po\u017eiarov<\/div><div class=\"w-tabs-section-control\"><\/div><\/button><div  class=\"w-tabs-section-content\" id=\"content-m4e0\"><div class=\"w-tabs-section-content-h i-cf\"><div class=\"wpb_text_column\"><div class=\"wpb_wrapper\"><p><span style=\"font-weight: 400;\">Viac ako 80% V\u0161etky po\u017eiare v lese s\u00fa sp\u00f4soben\u00e9 \u013eu\u010fmi. Preto chceme, aby mesto Wiesbaden spustilo rozsiahlu informa\u010dn\u00fa kampa\u0148, ktor\u00e1 bude informova\u0165 o nebezpe\u010denstv\u00e1ch po\u017eiarov v lese a zv\u00fd\u0161i povedomie o zodpovednom spr\u00e1van\u00ed. \u010c\u00edm sk\u00f4r sa zist\u00ed lesn\u00fd po\u017eiar, t\u00fdm \u013eah\u0161ie sa zabr\u00e1ni ve\u013ek\u00fdm \u0161kod\u00e1m. Zaviazali sme sa ku komplexn\u00e9mu digit\u00e1lnemu syst\u00e9mu v\u010dasn\u00e9ho varovania a podporujeme vybavenie a v\u00fdcvik na\u0161ich hasi\u010dsk\u00fdch zborov. Okrem toho chceme zabezpe\u010di\u0165 hust\u00fa sie\u0165 vhodn\u00fdch zbern\u00fdch miest hasiacej vody v meste Wiesbaden.<\/span><\/p>\n<\/div><\/div><\/div><\/div><\/div><div class=\"w-tabs-section has_text_color\" id=\"z5f8\" style=\"background:var(--color-alt-content-bg);color:var(--color-header-middle-text);\"><button class=\"w-tabs-section-header\" aria-controls=\"content-z5f8\" aria-expanded=\"false\"><div class=\"w-tabs-section-title\">Bu\u010fte dobre pripraven\u00ed na n\u00fadzov\u00fa situ\u00e1ciu<\/div><div class=\"w-tabs-section-control\"><\/div><\/button><div  class=\"w-tabs-section-content\" id=\"content-z5f8\"><div class=\"w-tabs-section-content-h i-cf\"><div class=\"wpb_text_column\"><div class=\"wpb_wrapper\"><p><span style=\"font-weight: 400;\">V kr\u00edzovej situ\u00e1cii m\u00f4\u017ee kritick\u00e1 infra\u0161trukt\u00fara zlyha\u0165. Preto je mimoriadne d\u00f4le\u017eit\u00e9, aby v\u0161etci ob\u010dania poznali existuj\u00face pl\u00e1ny civilnej ochrany a aby sa vytvorila potrebn\u00e1 infra\u0161trukt\u00fara. To je to, k \u010domu sme odhodlan\u00ed. Patr\u00ed medzi ne r\u00fdchla in\u0161tal\u00e1cia mobiln\u00fdch n\u00e1dr\u017e\u00ed na vodu a toaliet, vyd\u00e1vanie potravinov\u00fdch d\u00e1vok a potrebn\u00fdch liekov pre obyvate\u013estvo, ako aj n\u00fadzov\u00e9 dod\u00e1vky energie a paliva pre pohotovostn\u00e9 slu\u017eby. Zaviazali sme sa tie\u017e zabezpe\u010di\u0165, aby boli hasi\u010dsk\u00e9 zbory a humanit\u00e1rne organiz\u00e1cie vybaven\u00e9 potrebnou infra\u0161trukt\u00farou, ktor\u00e1 obstoj\u00ed v bud\u00facnosti a bude odoln\u00e1 vo\u010di kr\u00edzam, a aby boli podporovan\u00e9 mestsk\u00fdmi zariadeniami.<\/span><\/p>\n<\/div><\/div><\/div><\/div><\/div><div class=\"w-tabs-section has_text_color\" id=\"y714\" style=\"background:var(--color-header-transparent-text);color:var(--color-header-top-text-hover);\"><button class=\"w-tabs-section-header\" aria-controls=\"content-y714\" aria-expanded=\"false\"><div class=\"w-tabs-section-title\">D\u00e1vame priestor vode<\/div><div class=\"w-tabs-section-control\"><\/div><\/button><div  class=\"w-tabs-section-content\" id=\"content-y714\"><div class=\"w-tabs-section-content-h i-cf\"><div class=\"wpb_text_column\"><div class=\"wpb_wrapper\"><p><span style=\"font-weight: 400;\">Na ochranu pred povod\u0148ami sa spoliehame na z\u00e1sadu mesta \u0161pongie: Da\u017e\u010fov\u00e1 voda by mala by\u0165 schopn\u00e1 presakova\u0165 tam, kde pad\u00e1, namiesto toho, aby pr\u00fadila do pre\u0165a\u017een\u00fdch kan\u00e1lov. Preto sme odhodlan\u00ed zv\u00fd\u0161i\u0165 po\u010det zelen\u00fdch striech, infiltra\u010dn\u00fdch priestorov a podzemn\u00fdch skladovac\u00edch priestorov vo Wiesbadene, ako aj odpe\u010dati\u0165 priestory tam, kde je to mo\u017en\u00e9.<\/span><\/p>\n<\/div><\/div><\/div><\/div><\/div><\/div><\/div><div class=\"w-separator size_medium\"><\/div><div class=\"w-btn-wrapper align_left\"><a class=\"w-btn us-btn-style_8 icon_atleft\" href=\"https:\/\/gruene-wiesbaden.de\/sk\/kommunalwahl\/#Kapitel1\"><i class=\"fas fa-chevron-circle-right\"><\/i><span class=\"w-btn-label\">Sp\u00e4\u0165 na preh\u013ead<\/span><\/a><\/div><div class=\"w-separator size_large\"><\/div><div class=\"wpb_text_column\"><div class=\"wpb_wrapper\"><h1>\u010co sme u\u017e dosiahli<\/h1>\n<\/div><\/div><div class=\"w-separator size_medium\"><\/div><div class=\"w-tabs us_custom_42d693a0 has_text_color style_default switch_click accordion has_scrolling\" style=\"--sections-title-size:1.4rem\"><div class=\"w-tabs-sections titles-align_none icon_chevron cpos_right\"><div class=\"w-tabs-section has_text_color\" id=\"n701\" style=\"background:var(--color-header-transparent-text);color:var(--color-header-top-text-hover);\"><button class=\"w-tabs-section-header\" aria-controls=\"content-n701\" aria-expanded=\"false\"><div class=\"w-tabs-section-title\">Viac nezape\u010daten\u00fdch priestorov<\/div><div class=\"w-tabs-section-control\"><\/div><\/button><div  class=\"w-tabs-section-content\" id=\"content-n701\"><div class=\"w-tabs-section-content-h i-cf\"><div class=\"wpb_text_column\"><div class=\"wpb_wrapper\"><p><span style=\"font-weight: 400;\">Mestsk\u00e9 oblasti ako reten\u010dn\u00e9 oblasti a z\u00e1plavov\u00e9 \u00fazemia u\u017e boli odpe\u010daten\u00e9 a vysaden\u00e9 druhmi. V tomto procese budeme \u00faspe\u0161ne pokra\u010dova\u0165.<\/span><\/p>\n<\/div><\/div><\/div><\/div><\/div><div class=\"w-tabs-section has_text_color\" id=\"a828\" style=\"background:var(--color-header-transparent-text);color:var(--color-header-top-text-hover);\"><button class=\"w-tabs-section-header\" aria-controls=\"content-a828\" aria-expanded=\"false\"><div class=\"w-tabs-section-title\">V\u00e4\u010d\u0161ia ochrana pred povod\u0148ami a siln\u00fdm da\u017e\u010fom<\/div><div class=\"w-tabs-section-control\"><\/div><\/button><div  class=\"w-tabs-section-content\" id=\"content-a828\"><div class=\"w-tabs-section-content-h i-cf\"><div class=\"wpb_text_column\"><div class=\"wpb_wrapper\"><p><span style=\"font-weight: 400;\">Mesto Wiesbaden u\u017e za\u010dalo pl\u00e1nova\u0165 n\u00e1dr\u017e na zadr\u017eiavanie da\u017e\u010fov v Rambachu a dokon\u010dilo Schluckbrunnen v Kurparkweiher. Okrem toho mesto v na\u0161om mestskom lese poskytuje udr\u017eate\u013en\u00e9 lesn\u00e9 z\u00e1soby. Vyvinulo sa vedom\u00e9 hospod\u00e1renie s vodou a v celej oblasti sa napr\u00edklad vytvorili mal\u00e9 reten\u010dn\u00e9 oblasti.<\/span><\/p>\n<p><span style=\"font-weight: 400;\">Pr\u00edrodne bl\u00edzke lesn\u00e9 \u0161trukt\u00fary a trvalo nenaru\u0161en\u00e1 p\u00f4da podporuj\u00fa absorpciu vody tam, kde padaj\u00fa zr\u00e1\u017eky, a zni\u017euj\u00fa povrchov\u00fd odtok. To spoma\u013euje rozvoj povodn\u00ed, zvy\u0161uje dostupnos\u0165 p\u00f4dnej vody pre stromy a umo\u017e\u0148uje tvorbu nov\u00fdch podzemn\u00fdch v\u00f4d.<\/span><\/p>\n<\/div><\/div><\/div><\/div><\/div><div class=\"w-tabs-section has_text_color\" id=\"m942\" style=\"background:var(--color-header-transparent-text);color:var(--color-header-top-text-hover);\"><button class=\"w-tabs-section-header\" aria-controls=\"content-m942\" aria-expanded=\"false\"><div class=\"w-tabs-section-title\">Lep\u0161ie inform\u00e1cie o zr\u00e1\u017ekach<\/div><div class=\"w-tabs-section-control\"><\/div><\/button><div  class=\"w-tabs-section-content\" id=\"content-m942\"><div class=\"w-tabs-section-content-h i-cf\"><div class=\"wpb_text_column\"><div class=\"wpb_wrapper\"><p><span style=\"font-weight: 400;\">Podporujeme manipul\u00e1ciu so zr\u00e1\u017ekovou vodou odoln\u00fa vo\u010di zmene kl\u00edmy. Preto sme \u00faspe\u0161ne bojovali za to, aby mesto Wiesbaden vypracovalo a spr\u00edstupnilo verejnosti mapy siln\u00fdch da\u017e\u010fov. Okrem toho sa pracuje na z\u00e1kone o zr\u00e1\u017ekovej vode. Princ\u00edp hubovit\u00e9ho mesta sa teraz pou\u017e\u00edva pri rekon\u0161trukcii n\u00e1mest\u00ed (Els\u00e4sser Park, Schlo\u00dfplatz at\u010f.) a vo ve\u013ek\u00fdch nov\u00fdch stavebn\u00fdch projektoch.<\/span><\/p>\n<\/div><\/div><\/div><\/div><\/div><div class=\"w-tabs-section has_text_color\" id=\"fa5b\" style=\"background:var(--color-alt-content-bg);color:var(--color-content-heading);\"><button class=\"w-tabs-section-header\" aria-controls=\"content-fa5b\" aria-expanded=\"false\"><div class=\"w-tabs-section-title\">Zlep\u0161enie tepelnej ochrany pre v\u0161etk\u00fdch obyvate\u013eov Wiesbadenu<\/div><div class=\"w-tabs-section-control\"><\/div><\/button><div  class=\"w-tabs-section-content\" id=\"content-fa5b\"><div class=\"w-tabs-section-content-h i-cf\"><div class=\"wpb_text_column\"><div class=\"wpb_wrapper\"><p><span style=\"font-weight: 400;\">Mesto Wiesbaden u\u017e uverejnilo prv\u00e9 vydanie ak\u010dn\u00e9ho pl\u00e1nu pre teplo, v ktorom sa neust\u00e1le aktualizuje, hodnot\u00ed a \u010falej rozv\u00edja. Okrem toho bola vypracovan\u00e1 a uverejnen\u00e1 \u201emapa chladn\u00fdch miest\u201c. T\u00e1to mapa sa neust\u00e1le roz\u0161iruje.<\/span><\/p>\n<\/div><\/div><\/div><\/div><\/div><div class=\"w-tabs-section has_text_color\" id=\"db72\" style=\"background:var(--color-header-transparent-text);color:var(--color-header-top-text-hover);\"><button class=\"w-tabs-section-header\" aria-controls=\"content-db72\" aria-expanded=\"false\"><div class=\"w-tabs-section-title\">Bezpe\u010dn\u00e1 komunik\u00e1cia v pr\u00edpade katastrofy<\/div><div class=\"w-tabs-section-control\"><\/div><\/button><div  class=\"w-tabs-section-content\" id=\"content-db72\"><div class=\"w-tabs-section-content-h i-cf\"><div class=\"wpb_text_column\"><div class=\"wpb_wrapper\"><p><span style=\"font-weight: 400;\">V pr\u00edpade celo\u0161t\u00e1tneho v\u00fdpadku elektrickej energie alebo preru\u0161enia telekomunik\u00e1ci\u00ed na\u0161e hasi\u010dsk\u00e9 zbory a humanit\u00e1rne organiz\u00e1cie zriadia mobiln\u00e9 a stacion\u00e1rne maj\u00e1ky civilnej ochrany vo v\u0161etk\u00fdch okresoch. T\u00fdm sa zabezpe\u010d\u00ed n\u00fadzov\u00e9 z\u00e1sobovanie a komunik\u00e1cia. Tu m\u00f4\u017eete uskuto\u010dni\u0165 ties\u0148ov\u00e9 volania v pr\u00edpade kr\u00edzy, z\u00edska\u0165 praktick\u00fa pomoc, ako aj spo\u013eahliv\u00e9 a jasn\u00e9 inform\u00e1cie o s\u00fa\u010dasnej situ\u00e1cii. Lokality mo\u017eno n\u00e1js\u0165 online v geoport\u00e1li Wiesbaden.<\/span><\/p>\n<\/div><\/div><\/div><\/div><\/div><\/div><\/div><div class=\"w-separator size_medium\"><\/div><div class=\"w-btn-wrapper align_left\"><a class=\"w-btn us-btn-style_8 icon_atleft\" href=\"https:\/\/gruene-wiesbaden.de\/sk\/kommunalwahl\/#Kapitel1\"><i class=\"fas fa-chevron-circle-right\"><\/i><span class=\"w-btn-label\">Sp\u00e4\u0165 na preh\u013ead<\/span><\/a><\/div><div class=\"w-separator size_large\"><\/div><\/div><\/div><\/div><\/div><\/section>","protected":false},"excerpt":{"rendered":"Vzh\u013eadom na rast\u00face extr\u00e9mne v\u00fdkyvy po\u010dasia sp\u00f4soben\u00e9 klimatickou kr\u00edzou a geopolitick\u00fdmi hrozbami je odoln\u00e1 civiln\u00e1 ochrana nevyhnutn\u00e1. Zaviazali sme sa k \u00fa\u010dinnej bezpe\u010dnosti a dobr\u00e9mu predch\u00e1dzaniu kr\u00edzam, ktor\u00e9 chr\u00e1nia \u013eud\u00ed vo v\u0161etk\u00fdch situ\u00e1ci\u00e1ch. Patr\u00ed medzi ne pokra\u010dovanie mestsk\u00e9ho ak\u010dn\u00e9ho pl\u00e1nu pre teplo, ktor\u00fd chr\u00e1ni zranite\u013en\u00e9 skupiny, ako aj komplexn\u00e1 koncepcia protipovod\u0148ovej ochrany s renatur\u00e1ciou riek a riek.","protected":false},"author":1,"featured_media":1497,"comment_status":"closed","ping_status":"closed","sticky":false,"template":"","format":"standard","meta":{"footnotes":""},"categories":[14],"tags":[],"class_list":["post-1323","post","type-post","status-publish","format-standard","has-post-thumbnail","hentry","category-kapitel-1"],"yoast_head":"<!-- This site is optimized with the Yoast SEO plugin v27.5 - https:\/\/yoast.com\/product\/yoast-seo-wordpress\/ -->\n<title>Bev\u00f6lkerungsschutz - B\u00dcNDNIS 90\/DIE GR\u00dcNEN Wiesbaden<\/title>\n<meta name=\"robots\" content=\"index, follow, max-snippet:-1, max-image-preview:large, max-video-preview:-1\" \/>\n<link rel=\"canonical\" href=\"https:\/\/gruene-wiesbaden.de\/sk\/bevoelkerungsschutz\/\" \/>\n<meta property=\"og:locale\" content=\"sk_SK\" \/>\n<meta property=\"og:type\" content=\"article\" \/>\n<meta property=\"og:title\" content=\"Bev\u00f6lkerungsschutz - B\u00dcNDNIS 90\/DIE GR\u00dcNEN Wiesbaden\" \/>\n<meta property=\"og:url\" content=\"https:\/\/gruene-wiesbaden.de\/sk\/bevoelkerungsschutz\/\" \/>\n<meta property=\"og:site_name\" content=\"B\u00dcNDNIS 90\/DIE GR\u00dcNEN Wiesbaden\" \/>\n<meta property=\"article:publisher\" content=\"https:\/\/www.facebook.com\/gruene.wi\" \/>\n<meta property=\"article:published_time\" content=\"2025-11-09T21:41:29+00:00\" \/>\n<meta property=\"article:modified_time\" content=\"2026-04-08T20:32:07+00:00\" \/>\n<meta property=\"og:image\" content=\"https:\/\/gruene-wiesbaden.de\/wp-content\/uploads\/2025\/11\/1.2-Bevoelkerungsschutz-scaled.jpeg\" \/>\n\t<meta property=\"og:image:width\" content=\"2560\" \/>\n\t<meta property=\"og:image:height\" content=\"1707\" \/>\n\t<meta property=\"og:image:type\" content=\"image\/jpeg\" \/>\n<meta name=\"author\" content=\"admin\" \/>\n<meta name=\"twitter:card\" content=\"summary_large_image\" \/>\n<meta name=\"twitter:label1\" content=\"Autor\" \/>\n\t<meta name=\"twitter:data1\" content=\"admin\" \/>\n\t<meta name=\"twitter:label2\" content=\"Predpokladan\u00fd \u010das \u010d\u00edtania\" \/>\n\t<meta name=\"twitter:data2\" content=\"8 minutes\" \/>\n<script type=\"application\/ld+json\" class=\"yoast-schema-graph\">{\"@context\":\"https:\\\/\\\/schema.org\",\"@graph\":[{\"@type\":\"Article\",\"@id\":\"https:\\\/\\\/gruene-wiesbaden.de\\\/bevoelkerungsschutz\\\/#article\",\"isPartOf\":{\"@id\":\"https:\\\/\\\/gruene-wiesbaden.de\\\/bevoelkerungsschutz\\\/\"},\"author\":{\"name\":\"admin\",\"@id\":\"https:\\\/\\\/gruene-wiesbaden.de\\\/#\\\/schema\\\/person\\\/6785c34779159cd4fd86886bb097afe9\"},\"headline\":\"Bev\u00f6lkerungsschutz\",\"datePublished\":\"2025-11-09T21:41:29+00:00\",\"dateModified\":\"2026-04-08T20:32:07+00:00\",\"mainEntityOfPage\":{\"@id\":\"https:\\\/\\\/gruene-wiesbaden.de\\\/bevoelkerungsschutz\\\/\"},\"wordCount\":2343,\"publisher\":{\"@id\":\"https:\\\/\\\/gruene-wiesbaden.de\\\/#organization\"},\"image\":{\"@id\":\"https:\\\/\\\/gruene-wiesbaden.de\\\/bevoelkerungsschutz\\\/#primaryimage\"},\"thumbnailUrl\":\"https:\\\/\\\/gruene-wiesbaden.de\\\/wp-content\\\/uploads\\\/2025\\\/11\\\/1.2-Bevoelkerungsschutz-scaled.jpeg\",\"articleSection\":[\"Kapitel 1\"],\"inLanguage\":\"sk-SK\"},{\"@type\":\"WebPage\",\"@id\":\"https:\\\/\\\/gruene-wiesbaden.de\\\/bevoelkerungsschutz\\\/\",\"url\":\"https:\\\/\\\/gruene-wiesbaden.de\\\/bevoelkerungsschutz\\\/\",\"name\":\"Bev\u00f6lkerungsschutz - B\u00dcNDNIS 90\\\/DIE GR\u00dcNEN Wiesbaden\",\"isPartOf\":{\"@id\":\"https:\\\/\\\/gruene-wiesbaden.de\\\/#website\"},\"primaryImageOfPage\":{\"@id\":\"https:\\\/\\\/gruene-wiesbaden.de\\\/bevoelkerungsschutz\\\/#primaryimage\"},\"image\":{\"@id\":\"https:\\\/\\\/gruene-wiesbaden.de\\\/bevoelkerungsschutz\\\/#primaryimage\"},\"thumbnailUrl\":\"https:\\\/\\\/gruene-wiesbaden.de\\\/wp-content\\\/uploads\\\/2025\\\/11\\\/1.2-Bevoelkerungsschutz-scaled.jpeg\",\"datePublished\":\"2025-11-09T21:41:29+00:00\",\"dateModified\":\"2026-04-08T20:32:07+00:00\",\"breadcrumb\":{\"@id\":\"https:\\\/\\\/gruene-wiesbaden.de\\\/bevoelkerungsschutz\\\/#breadcrumb\"},\"inLanguage\":\"sk-SK\",\"potentialAction\":[{\"@type\":\"ReadAction\",\"target\":[\"https:\\\/\\\/gruene-wiesbaden.de\\\/bevoelkerungsschutz\\\/\"]}]},{\"@type\":\"ImageObject\",\"inLanguage\":\"sk-SK\",\"@id\":\"https:\\\/\\\/gruene-wiesbaden.de\\\/bevoelkerungsschutz\\\/#primaryimage\",\"url\":\"https:\\\/\\\/gruene-wiesbaden.de\\\/wp-content\\\/uploads\\\/2025\\\/11\\\/1.2-Bevoelkerungsschutz-scaled.jpeg\",\"contentUrl\":\"https:\\\/\\\/gruene-wiesbaden.de\\\/wp-content\\\/uploads\\\/2025\\\/11\\\/1.2-Bevoelkerungsschutz-scaled.jpeg\",\"width\":2560,\"height\":1707,\"caption\":\"Boots flooded house closeup. Home rain flood. Generate Ai\"},{\"@type\":\"BreadcrumbList\",\"@id\":\"https:\\\/\\\/gruene-wiesbaden.de\\\/bevoelkerungsschutz\\\/#breadcrumb\",\"itemListElement\":[{\"@type\":\"ListItem\",\"position\":1,\"name\":\"Startseite\",\"item\":\"https:\\\/\\\/gruene-wiesbaden.de\\\/\"},{\"@type\":\"ListItem\",\"position\":2,\"name\":\"Bev\u00f6lkerungsschutz\"}]},{\"@type\":\"WebSite\",\"@id\":\"https:\\\/\\\/gruene-wiesbaden.de\\\/#website\",\"url\":\"https:\\\/\\\/gruene-wiesbaden.de\\\/\",\"name\":\"DIE GR\u00dcNEN Wiesbaden\",\"description\":\"\",\"publisher\":{\"@id\":\"https:\\\/\\\/gruene-wiesbaden.de\\\/#organization\"},\"potentialAction\":[{\"@type\":\"SearchAction\",\"target\":{\"@type\":\"EntryPoint\",\"urlTemplate\":\"https:\\\/\\\/gruene-wiesbaden.de\\\/?s={search_term_string}\"},\"query-input\":{\"@type\":\"PropertyValueSpecification\",\"valueRequired\":true,\"valueName\":\"search_term_string\"}}],\"inLanguage\":\"sk-SK\"},{\"@type\":\"Organization\",\"@id\":\"https:\\\/\\\/gruene-wiesbaden.de\\\/#organization\",\"name\":\"DIE GR\u00dcNEN Wiesbaden\",\"url\":\"https:\\\/\\\/gruene-wiesbaden.de\\\/\",\"logo\":{\"@type\":\"ImageObject\",\"inLanguage\":\"sk-SK\",\"@id\":\"https:\\\/\\\/gruene-wiesbaden.de\\\/#\\\/schema\\\/logo\\\/image\\\/\",\"url\":\"https:\\\/\\\/gruene-wiesbaden-fuer-europa.de\\\/wp-content\\\/uploads\\\/2024\\\/04\\\/Machen-was-zaehlt-5.png\",\"contentUrl\":\"https:\\\/\\\/gruene-wiesbaden-fuer-europa.de\\\/wp-content\\\/uploads\\\/2024\\\/04\\\/Machen-was-zaehlt-5.png\",\"width\":1772,\"height\":1772,\"caption\":\"DIE GR\u00dcNEN Wiesbaden\"},\"image\":{\"@id\":\"https:\\\/\\\/gruene-wiesbaden.de\\\/#\\\/schema\\\/logo\\\/image\\\/\"},\"sameAs\":[\"https:\\\/\\\/www.facebook.com\\\/gruene.wi\",\"https:\\\/\\\/instagram.com\\\/gruene_wi\"]},{\"@type\":\"Person\",\"@id\":\"https:\\\/\\\/gruene-wiesbaden.de\\\/#\\\/schema\\\/person\\\/6785c34779159cd4fd86886bb097afe9\",\"name\":\"admin\",\"sameAs\":[\"http:\\\/\\\/gruene-wiesbaden-fuer-europa.de\"],\"url\":\"https:\\\/\\\/gruene-wiesbaden.de\\\/sk\\\/author\\\/admin\\\/\"}]}<\/script>\n<!-- \/ Yoast SEO plugin. -->","yoast_head_json":{"title":"Bev\u00f6lkerungsschutz - B\u00dcNDNIS 90\/DIE GR\u00dcNEN Wiesbaden","robots":{"index":"index","follow":"follow","max-snippet":"max-snippet:-1","max-image-preview":"max-image-preview:large","max-video-preview":"max-video-preview:-1"},"canonical":"https:\/\/gruene-wiesbaden.de\/sk\/bevoelkerungsschutz\/","og_locale":"sk_SK","og_type":"article","og_title":"Bev\u00f6lkerungsschutz - B\u00dcNDNIS 90\/DIE GR\u00dcNEN Wiesbaden","og_url":"https:\/\/gruene-wiesbaden.de\/sk\/bevoelkerungsschutz\/","og_site_name":"B\u00dcNDNIS 90\/DIE GR\u00dcNEN Wiesbaden","article_publisher":"https:\/\/www.facebook.com\/gruene.wi","article_published_time":"2025-11-09T21:41:29+00:00","article_modified_time":"2026-04-08T20:32:07+00:00","og_image":[{"width":2560,"height":1707,"url":"https:\/\/gruene-wiesbaden.de\/wp-content\/uploads\/2025\/11\/1.2-Bevoelkerungsschutz-scaled.jpeg","type":"image\/jpeg"}],"author":"admin","twitter_card":"summary_large_image","twitter_misc":{"Autor":"admin","Predpokladan\u00fd \u010das \u010d\u00edtania":"8 minutes"},"schema":{"@context":"https:\/\/schema.org","@graph":[{"@type":"Article","@id":"https:\/\/gruene-wiesbaden.de\/bevoelkerungsschutz\/#article","isPartOf":{"@id":"https:\/\/gruene-wiesbaden.de\/bevoelkerungsschutz\/"},"author":{"name":"admin","@id":"https:\/\/gruene-wiesbaden.de\/#\/schema\/person\/6785c34779159cd4fd86886bb097afe9"},"headline":"Bev\u00f6lkerungsschutz","datePublished":"2025-11-09T21:41:29+00:00","dateModified":"2026-04-08T20:32:07+00:00","mainEntityOfPage":{"@id":"https:\/\/gruene-wiesbaden.de\/bevoelkerungsschutz\/"},"wordCount":2343,"publisher":{"@id":"https:\/\/gruene-wiesbaden.de\/#organization"},"image":{"@id":"https:\/\/gruene-wiesbaden.de\/bevoelkerungsschutz\/#primaryimage"},"thumbnailUrl":"https:\/\/gruene-wiesbaden.de\/wp-content\/uploads\/2025\/11\/1.2-Bevoelkerungsschutz-scaled.jpeg","articleSection":["Kapitel 1"],"inLanguage":"sk-SK"},{"@type":"WebPage","@id":"https:\/\/gruene-wiesbaden.de\/bevoelkerungsschutz\/","url":"https:\/\/gruene-wiesbaden.de\/bevoelkerungsschutz\/","name":"Bev\u00f6lkerungsschutz - B\u00dcNDNIS 90\/DIE GR\u00dcNEN Wiesbaden","isPartOf":{"@id":"https:\/\/gruene-wiesbaden.de\/#website"},"primaryImageOfPage":{"@id":"https:\/\/gruene-wiesbaden.de\/bevoelkerungsschutz\/#primaryimage"},"image":{"@id":"https:\/\/gruene-wiesbaden.de\/bevoelkerungsschutz\/#primaryimage"},"thumbnailUrl":"https:\/\/gruene-wiesbaden.de\/wp-content\/uploads\/2025\/11\/1.2-Bevoelkerungsschutz-scaled.jpeg","datePublished":"2025-11-09T21:41:29+00:00","dateModified":"2026-04-08T20:32:07+00:00","breadcrumb":{"@id":"https:\/\/gruene-wiesbaden.de\/bevoelkerungsschutz\/#breadcrumb"},"inLanguage":"sk-SK","potentialAction":[{"@type":"ReadAction","target":["https:\/\/gruene-wiesbaden.de\/bevoelkerungsschutz\/"]}]},{"@type":"ImageObject","inLanguage":"sk-SK","@id":"https:\/\/gruene-wiesbaden.de\/bevoelkerungsschutz\/#primaryimage","url":"https:\/\/gruene-wiesbaden.de\/wp-content\/uploads\/2025\/11\/1.2-Bevoelkerungsschutz-scaled.jpeg","contentUrl":"https:\/\/gruene-wiesbaden.de\/wp-content\/uploads\/2025\/11\/1.2-Bevoelkerungsschutz-scaled.jpeg","width":2560,"height":1707,"caption":"Boots flooded house closeup. Home rain flood. Generate Ai"},{"@type":"BreadcrumbList","@id":"https:\/\/gruene-wiesbaden.de\/bevoelkerungsschutz\/#breadcrumb","itemListElement":[{"@type":"ListItem","position":1,"name":"Startseite","item":"https:\/\/gruene-wiesbaden.de\/"},{"@type":"ListItem","position":2,"name":"Bev\u00f6lkerungsschutz"}]},{"@type":"WebSite","@id":"https:\/\/gruene-wiesbaden.de\/#website","url":"https:\/\/gruene-wiesbaden.de\/","name":"DIE GR\u00dcNEN Wiesbaden","description":"","publisher":{"@id":"https:\/\/gruene-wiesbaden.de\/#organization"},"potentialAction":[{"@type":"SearchAction","target":{"@type":"EntryPoint","urlTemplate":"https:\/\/gruene-wiesbaden.de\/?s={search_term_string}"},"query-input":{"@type":"PropertyValueSpecification","valueRequired":true,"valueName":"search_term_string"}}],"inLanguage":"sk-SK"},{"@type":"Organization","@id":"https:\/\/gruene-wiesbaden.de\/#organization","name":"DIE GR\u00dcNEN Wiesbaden","url":"https:\/\/gruene-wiesbaden.de\/","logo":{"@type":"ImageObject","inLanguage":"sk-SK","@id":"https:\/\/gruene-wiesbaden.de\/#\/schema\/logo\/image\/","url":"https:\/\/gruene-wiesbaden-fuer-europa.de\/wp-content\/uploads\/2024\/04\/Machen-was-zaehlt-5.png","contentUrl":"https:\/\/gruene-wiesbaden-fuer-europa.de\/wp-content\/uploads\/2024\/04\/Machen-was-zaehlt-5.png","width":1772,"height":1772,"caption":"DIE GR\u00dcNEN Wiesbaden"},"image":{"@id":"https:\/\/gruene-wiesbaden.de\/#\/schema\/logo\/image\/"},"sameAs":["https:\/\/www.facebook.com\/gruene.wi","https:\/\/instagram.com\/gruene_wi"]},{"@type":"Person","@id":"https:\/\/gruene-wiesbaden.de\/#\/schema\/person\/6785c34779159cd4fd86886bb097afe9","name":"admin","sameAs":["http:\/\/gruene-wiesbaden-fuer-europa.de"],"url":"https:\/\/gruene-wiesbaden.de\/sk\/author\/admin\/"}]}},"_links":{"self":[{"href":"https:\/\/gruene-wiesbaden.de\/sk\/wp-json\/wp\/v2\/posts\/1323","targetHints":{"allow":["GET"]}}],"collection":[{"href":"https:\/\/gruene-wiesbaden.de\/sk\/wp-json\/wp\/v2\/posts"}],"about":[{"href":"https:\/\/gruene-wiesbaden.de\/sk\/wp-json\/wp\/v2\/types\/post"}],"author":[{"embeddable":true,"href":"https:\/\/gruene-wiesbaden.de\/sk\/wp-json\/wp\/v2\/users\/1"}],"replies":[{"embeddable":true,"href":"https:\/\/gruene-wiesbaden.de\/sk\/wp-json\/wp\/v2\/comments?post=1323"}],"version-history":[{"count":10,"href":"https:\/\/gruene-wiesbaden.de\/sk\/wp-json\/wp\/v2\/posts\/1323\/revisions"}],"predecessor-version":[{"id":2367,"href":"https:\/\/gruene-wiesbaden.de\/sk\/wp-json\/wp\/v2\/posts\/1323\/revisions\/2367"}],"wp:featuredmedia":[{"embeddable":true,"href":"https:\/\/gruene-wiesbaden.de\/sk\/wp-json\/wp\/v2\/media\/1497"}],"wp:attachment":[{"href":"https:\/\/gruene-wiesbaden.de\/sk\/wp-json\/wp\/v2\/media?parent=1323"}],"wp:term":[{"taxonomy":"category","embeddable":true,"href":"https:\/\/gruene-wiesbaden.de\/sk\/wp-json\/wp\/v2\/categories?post=1323"},{"taxonomy":"post_tag","embeddable":true,"href":"https:\/\/gruene-wiesbaden.de\/sk\/wp-json\/wp\/v2\/tags?post=1323"}],"curies":[{"name":"wp","href":"https:\/\/api.w.org\/{rel}","templated":true}]}}