{"id":1222,"date":"2025-08-01T22:40:52","date_gmt":"2025-08-01T20:40:52","guid":{"rendered":"https:\/\/gruene-wiesbaden.de\/?p=1222"},"modified":"2026-04-08T22:38:25","modified_gmt":"2026-04-08T20:38:25","slug":"lore-ipsum-samed","status":"publish","type":"post","link":"https:\/\/gruene-wiesbaden.de\/sk\/lore-ipsum-samed\/","title":{"rendered":"Po\u013enohospod\u00e1rstvo a lesn\u00e9 hospod\u00e1rstvo"},"content":{"rendered":"<section class=\"l-section wpb_row height_medium with_img\"><div class=\"l-section-img\" role=\"img\" data-img-width=\"1080\" data-img-height=\"800\" style=\"background-image: url(https:\/\/gruene-wiesbaden.de\/wp-content\/uploads\/2025\/11\/neuer-Verlauf-gruene-wiesbaden.de_-2-e1762709402177.png);\"><\/div><div class=\"l-section-overlay\" style=\"background:var(--color-header-top-transparent-bg)\"><\/div><div class=\"l-section-h i-cf\"><div class=\"g-cols vc_row via_grid cols_1 laptops-cols_inherit tablets-cols_inherit mobiles-cols_1 valign_top type_default stacking_default\"><div class=\"wpb_column vc_column_container\"><div class=\"vc_column-inner\"><h1 class=\"w-post-elm post_title us_custom_a574d586 has_text_color entry-title\">Po\u013enohospod\u00e1rstvo a lesn\u00e9 hospod\u00e1rstvo<\/h1><div class=\"w-separator size_medium\"><\/div><div class=\"g-cols wpb_row via_grid cols_2-1 laptops-cols_inherit tablets-cols_inherit mobiles-cols_1 valign_top type_default stacking_default\" style=\"--columns-gap:3rem;\"><div class=\"wpb_column vc_column_container\"><div class=\"vc_column-inner\"><div class=\"wpb_text_column us_custom_8b3d6790 has_text_color\"><div class=\"wpb_wrapper\"><p><span style=\"font-weight: 400;\">Po\u013enohospod\u00e1rstvo a lesn\u00e9 hospod\u00e1rstvo s\u00fa ove\u013ea viac ne\u017e len hospod\u00e1rske odvetvia \u2013 s\u00fa z\u00e1kladom na\u0161ich potrav\u00edn, na\u0161ej krajiny a na\u0161ej kl\u00edmy. \u010ci u\u017e v meste alebo na vidieku: Sp\u00f4sob, ak\u00fdm hospod\u00e1rime, m\u00e1 priamy vplyv na kvalitu n\u00e1\u0161ho \u017eivota, na\u0161e zdravie a \u017eivotn\u00e9 prostredie.<\/span><\/p>\n<p><span style=\"font-weight: 400;\">\u010cel\u00edme v\u00fdzve navrhn\u00fa\u0165 udr\u017eate\u013en\u00e9 po\u013enohospod\u00e1rstvo, ktor\u00e9 je environment\u00e1lne udr\u017eate\u013en\u00e9 a ekonomicky \u017eivotaschopn\u00e9 a ktor\u00e9ho v\u00fdrobky si m\u00f4\u017ee dovoli\u0165 ka\u017ed\u00e1 dom\u00e1cnos\u0165.<\/span><\/p>\n<p><span style=\"font-weight: 400;\">Lesy s\u00fa motorom hlavn\u00fdch materi\u00e1lov\u00fdch cyklov u\u017e mili\u00f3ny rokov. Ich ekologick\u00fa funkciu kladieme do centra na\u0161ej strat\u00e9gie rozvoja lesov, preto\u017ee zmie\u0161an\u00e9 lesy odoln\u00e9 vo\u010di zmene kl\u00edmy s\u00fa garantmi \u010distej pitnej vody, \u010dist\u00e9ho ovzdu\u0161ia, zachovania biodiverzity a chladnej\u0161ieho mesta v hor\u00facich let\u00e1ch.<\/span><\/p>\n<\/div><\/div><div class=\"w-separator size_medium\"><\/div><div class=\"w-btn-wrapper align_left\"><a class=\"w-btn us-btn-style_8 icon_atleft\" href=\"https:\/\/gruene-wiesbaden.de\/sk\/kommunalwahl\/#Kapitel1\"><i class=\"fas fa-chevron-circle-right\"><\/i><span class=\"w-btn-label\">Sp\u00e4\u0165 na preh\u013ead<\/span><\/a><\/div><\/div><\/div><div class=\"wpb_column vc_column_container\"><div class=\"vc_column-inner\"><div class=\"w-image align_center\"><div class=\"w-image-h\"><img decoding=\"async\" width=\"1920\" height=\"2560\" src=\"https:\/\/gruene-wiesbaden.de\/wp-content\/uploads\/2025\/07\/noaa-SkJG9sNkQVQ-unsplash-scaled.jpg\" class=\"attachment-full size-full\" alt=\"\" loading=\"lazy\" srcset=\"https:\/\/gruene-wiesbaden.de\/wp-content\/uploads\/2025\/07\/noaa-SkJG9sNkQVQ-unsplash-scaled.jpg 1920w, https:\/\/gruene-wiesbaden.de\/wp-content\/uploads\/2025\/07\/noaa-SkJG9sNkQVQ-unsplash-300x400.jpg 300w, https:\/\/gruene-wiesbaden.de\/wp-content\/uploads\/2025\/07\/noaa-SkJG9sNkQVQ-unsplash-450x600.jpg 450w\" sizes=\"auto, (max-width: 1920px) 100vw, 1920px\" \/><\/div><\/div><div class=\"w-separator size_small\"><\/div><\/div><\/div><\/div><div class=\"w-separator size_medium\"><\/div><div class=\"w-separator size_medium\"><\/div><div class=\"wpb_text_column\"><div class=\"wpb_wrapper\"><h1>\u010co pre n\u00e1s znamen\u00e1 udr\u017eate\u013en\u00e9 po\u013enohospod\u00e1rstvo a lesn\u00e9 hospod\u00e1rstvo<\/h1>\n<\/div><\/div><div class=\"w-separator size_large\"><\/div><div class=\"g-cols wpb_row via_grid cols_3 laptops-cols_inherit tablets-cols_inherit mobiles-cols_1 valign_top type_default stacking_default\" style=\"--columns-gap:3rem;\"><div class=\"wpb_column vc_column_container\"><div class=\"vc_column-inner\"><div class=\"w-iconbox us_custom_f4639b64 has_text_color iconpos_left style_default color_custom align_left\"><div class=\"w-iconbox-icon\" style=\"font-size:2rem;--icon-color:#Ffffff;--icon-bg-color:var(--color-header-middle-bg);\"><i class=\"fas fa-layer-group\"><\/i><\/div><div class=\"w-iconbox-meta\"><h4 class=\"w-iconbox-title\" style=\"font-size:1.5rem;\">Ochrana pr\u00edrody po\u013enohospod\u00e1rmi<\/h4><div class=\"w-iconbox-text\"><p><span style=\"font-weight: 400;\">Podporujeme politiku, ktor\u00e1 spolupracuje s po\u013enohospod\u00e1rmi na ochrane na\u0161ej pr\u00edrody. Maj\u00fa hlbok\u00e9 vedomosti o v\u00fdzname zdravej p\u00f4dy, \u010distej vody a biodiverzity \u2013 z\u00e1klady, od ktor\u00fdch existenci\u00e1lne z\u00e1vis\u00ed ich pr\u00e1ca ako po\u013enohospod\u00e1rov, ako aj cel\u00fd n\u00e1\u0161 ekosyst\u00e9m.<\/span><\/p>\n<\/div><\/div><\/div><\/div><\/div><div class=\"wpb_column vc_column_container\"><div class=\"vc_column-inner\"><div class=\"w-iconbox us_custom_f4639b64 has_text_color iconpos_left style_default color_custom align_left\"><div class=\"w-iconbox-icon\" style=\"font-size:2rem;--icon-color:#Ffffff;--icon-bg-color:var(--color-header-transparent-text);\"><i class=\"fas fa-layer-group\"><\/i><\/div><div class=\"w-iconbox-meta\"><h4 class=\"w-iconbox-title\" style=\"font-size:1.5rem;\">Podpora zdravej p\u00f4dy<\/h4><div class=\"w-iconbox-text\"><p><span style=\"font-weight: 400;\">Na\u0161e p\u00f4dy s\u00fa z\u00e1kladom takmer v\u0161etk\u00e9ho, \u010do sa nach\u00e1dza na na\u0161ich dosk\u00e1ch, a s\u00fa nevyhnutn\u00e9 na zachovanie biodiverzity. Podporujeme mana\u017ement, ktor\u00fd zaru\u010duje dlhodob\u00fa vitalitu.<\/span><\/p>\n<\/div><\/div><\/div><\/div><\/div><div class=\"wpb_column vc_column_container\"><div class=\"vc_column-inner\"><div class=\"w-iconbox us_custom_f4639b64 has_text_color iconpos_left style_default color_custom align_left\"><div class=\"w-iconbox-icon\" style=\"font-size:2rem;--icon-color:#Ffffff;--icon-bg-color:var(--color-header-transparent-text);\"><i class=\"fas fa-layer-group\"><\/i><\/div><div class=\"w-iconbox-meta\"><h4 class=\"w-iconbox-title\" style=\"font-size:1.5rem;\">Myslenie lesa a hry spolu<\/h4><div class=\"w-iconbox-text\"><p><span style=\"font-weight: 400;\">Neporu\u0161en\u00fd les \u017eije v rovnov\u00e1he. Pre n\u00e1s je ve\u013emi d\u00f4le\u017eit\u00e9, aby politici venovali rovnak\u00fa pozornos\u0165 ochrane vo\u013ene \u017eij\u00facich \u017eivo\u010d\u00edchov a zdravia na\u0161ich lesov a \u00fazko spolupracovali s po\u013eovn\u00edkmi.<\/span><\/p>\n<\/div><\/div><\/div><\/div><\/div><\/div><div class=\"w-separator size_medium\"><\/div><div class=\"g-cols wpb_row via_grid cols_3 laptops-cols_inherit tablets-cols_inherit mobiles-cols_1 valign_top type_default stacking_default\" style=\"--columns-gap:3rem;\"><div class=\"wpb_column vc_column_container\"><div class=\"vc_column-inner\"><div class=\"w-iconbox us_custom_f4639b64 has_text_color iconpos_left style_default color_custom align_left\"><div class=\"w-iconbox-icon\" style=\"font-size:2rem;--icon-color:#Ffffff;--icon-bg-color:var(--color-header-middle-bg);\"><i class=\"fas fa-layer-group\"><\/i><\/div><div class=\"w-iconbox-meta\"><h4 class=\"w-iconbox-title\" style=\"font-size:1.5rem;\">Posilnenie region\u00e1lnej zdravej v\u00fd\u017eivy<\/h4><div class=\"w-iconbox-text\"><p><span style=\"font-weight: 400;\">Je pre n\u00e1s d\u00f4le\u017eit\u00e9, aby sa zdrav\u00e9 potraviny vyr\u00e1bali v na\u0161om regi\u00f3ne za prijate\u013en\u00e9 ceny. Dobr\u00e9 jedlo je z\u00e1kladom akt\u00edvneho a pr\u00edjemn\u00e9ho \u017eivota \u2013 pre n\u00e1s, na\u0161e deti a vn\u00fa\u010dat\u00e1. Je to pre ka\u017ed\u00e9ho, nie ako privil\u00e9gium nieko\u013ek\u00fdch.<\/span><\/p>\n<\/div><\/div><\/div><\/div><\/div><div class=\"wpb_column vc_column_container\"><div class=\"vc_column-inner\"><div class=\"w-iconbox us_custom_836f727b has_text_color iconpos_left style_default color_custom align_left\"><div class=\"w-iconbox-icon\" style=\"font-size:2rem;--icon-color:#Ffffff;--icon-bg-color:var(--color-header-transparent-text);\"><i class=\"fas fa-layer-group\"><\/i><\/div><div class=\"w-iconbox-meta\"><h4 class=\"w-iconbox-title\" style=\"font-size:1.5rem;\">Z\u00e1v\u00e4zok k lep\u0161\u00edm \u017eivotn\u00fdm podmienkam zvierat<\/h4><div class=\"w-iconbox-text\"><p><span style=\"font-weight: 400;\">Priemyseln\u00e9 tov\u00e1rensk\u00e9 po\u013enohospod\u00e1rstvo sp\u00f4sobuje utrpenie zvierat, zne\u010dis\u0165uje vodu a kl\u00edmu a m\u00f4\u017ee ohrozi\u0165 na\u0161e zdravie. Zaviazali sme sa k region\u00e1lnemu chovu hospod\u00e1rskych zvierat vhodn\u00e9mu pre jednotliv\u00e9 druhy.<\/span><\/p>\n<\/div><\/div><\/div><\/div><\/div><div class=\"wpb_column vc_column_container\"><div class=\"vc_column-inner\"><div class=\"w-iconbox us_custom_f4639b64 has_text_color iconpos_left style_default color_custom align_left\"><div class=\"w-iconbox-icon\" style=\"font-size:2rem;--icon-color:#Ffffff;--icon-bg-color:var(--color-header-transparent-text);\"><i class=\"fas fa-layer-group\"><\/i><\/div><div class=\"w-iconbox-meta\"><h4 class=\"w-iconbox-title\" style=\"font-size:1.5rem;\">Zachovanie kult\u00farnej krajiny<\/h4><div class=\"w-iconbox-text\"><p><span style=\"font-weight: 400;\">Mal\u00e9 \u0161trukt\u00fary na\u0161ich po\u013enohospod\u00e1rskych oblast\u00ed maj\u00fa neuverite\u013en\u00fd poklad biodiverzity a kult\u00farneho dedi\u010dstva. Odr\u00e1\u017eaj\u00fa starostliv\u00e9 vyu\u017e\u00edvanie na\u0161ich pr\u00edrodn\u00fdch zdrojov.<\/span><\/p>\n<\/div><\/div><\/div><\/div><\/div><\/div><div class=\"w-separator size_medium\"><\/div><div class=\"w-btn-wrapper align_left\"><a class=\"w-btn us-btn-style_8 icon_atleft\" href=\"https:\/\/gruene-wiesbaden.de\/sk\/kommunalwahl\/#Kapitel1\"><i class=\"fas fa-chevron-circle-right\"><\/i><span class=\"w-btn-label\">Sp\u00e4\u0165 na preh\u013ead<\/span><\/a><\/div><div class=\"w-separator size_medium\"><\/div><\/div><\/div><\/div><\/div><\/section><section class=\"l-section wpb_row height_auto with_img\"><div class=\"l-section-img\" role=\"img\" data-img-width=\"1920\" data-img-height=\"2560\" style=\"background-image: url(https:\/\/gruene-wiesbaden.de\/wp-content\/uploads\/2025\/07\/noaa-SkJG9sNkQVQ-unsplash-scaled.jpg);background-repeat: no-repeat;\"><\/div><div class=\"l-section-overlay\" style=\"background:var(--color-header-top-transparent-bg)\"><\/div><div class=\"l-section-h i-cf\"><div class=\"g-cols vc_row via_grid cols_1 laptops-cols_inherit tablets-cols_inherit mobiles-cols_1 valign_middle type_default stacking_default\" style=\"--columns-gap:1rem;\"><div class=\"wpb_column vc_column_container\"><div class=\"vc_column-inner\"><div class=\"w-separator size_large\"><\/div><div class=\"wpb_text_column background_inside_text\"><div class=\"wpb_wrapper\"><h1>\u010co konkr\u00e9tne chceme v tejto oblasti urobi\u0165<\/h1>\n<\/div><\/div><div class=\"w-separator size_medium\"><\/div><div class=\"w-tabs us_custom_42d693a0 has_text_color style_default switch_click accordion has_scrolling\" style=\"--sections-title-size:1.4rem\"><div class=\"w-tabs-sections titles-align_none icon_chevron cpos_right\"><div class=\"w-tabs-section has_text_color\" id=\"n27f\" style=\"background:var(--color-header-transparent-text);color:var(--color-header-top-text-hover);\"><button class=\"w-tabs-section-header\" aria-controls=\"content-n27f\" aria-expanded=\"false\"><div class=\"w-tabs-section-title\">Rozvoj na\u0161ich pr\u00edmestsk\u00fdch lesov nad\u010dasov\u00fdm sp\u00f4sobom<\/div><div class=\"w-tabs-section-control\"><\/div><\/button><div  class=\"w-tabs-section-content\" id=\"content-n27f\"><div class=\"w-tabs-section-content-h i-cf\"><div class=\"wpb_text_column\"><div class=\"wpb_wrapper\"><p><span style=\"font-weight: 400;\">Lesy s\u00fa jedn\u00fdm z na\u0161ich najd\u00f4le\u017eitej\u0161\u00edch syst\u00e9mov ukladania uhl\u00edka, ktor\u00fd poskytuje \u010derstv\u00fd vzduch, ochranu druhov, obnovu a rekre\u00e1ciu podzemn\u00fdch v\u00f4d a v neposlednom rade aj suroviny. N\u00e1\u0161 mestsk\u00fd les \u2013 so sl\u00e1vnou \u201egr\u00e9ckou kaplnkou\u201c a Opelbadom \u2013 je jednou z pamiatok mesta Wiesbaden, zdrojom kvality n\u00e1\u0161ho \u017eivota, a preto je n\u00e1m mimoriadne bl\u00edzky. Chceme, aby sa kon\u0161trukt\u00edvne vyrie\u0161ili konkuren\u010dn\u00e9 sp\u00f4soby vyu\u017e\u00edvania a aby sa les \u010falej rozv\u00edjal v bl\u00edzkosti pr\u00edrody s cie\u013eom posilni\u0165 odolnos\u0165 vo\u010di rast\u00facim teplot\u00e1m, such\u00e1m, siln\u00fdm da\u017e\u010fom a b\u00farkam. To je jedin\u00fd sp\u00f4sob, ako udr\u017ea\u0165 chladiaci efekt pre centrum mesta. Chceme pracova\u0165 na posilnen\u00ed a zvidite\u013enen\u00ed ekologick\u00e9ho dreven\u00e9ho podkladu s ko\u0148mi v mestskom lese. T\u00fdmto sp\u00f4sobom m\u00f4\u017ee mesto Wiesbaden zachova\u0165 cenn\u00fa lesn\u00fa p\u00f4du, zn\u00ed\u017ei\u0165 spotrebu fos\u00edlnych pal\u00edv a sta\u0165 sa modelom starostlivosti o lesy, ktor\u00fd je bl\u00edzky pr\u00edrode po cel\u00fd rok.<\/span><\/p>\n<\/div><\/div><\/div><\/div><\/div><div class=\"w-tabs-section has_text_color\" id=\"u3a7\" style=\"background:var(--color-header-transparent-text);color:var(--color-header-top-text-hover);\"><button class=\"w-tabs-section-header\" aria-controls=\"content-u3a7\" aria-expanded=\"false\"><div class=\"w-tabs-section-title\">Ochrana p\u00f4dy ako z\u00e1klad na\u0161ej bud\u00facnosti<\/div><div class=\"w-tabs-section-control\"><\/div><\/button><div  class=\"w-tabs-section-content\" id=\"content-u3a7\"><div class=\"w-tabs-section-content-h i-cf\"><div class=\"wpb_text_column\"><div class=\"wpb_wrapper\"><p><span style=\"font-weight: 400;\">Po\u013enohospod\u00e1rstvo potrebuje zdrav\u00e9 plodiny. Chceme posilni\u0165 ochranu p\u00f4dy a regenera\u010dn\u00e9 riadenie, aby sa zachovali na\u0161e ekosyst\u00e9my. S\u00fa z\u00e1kladom na\u0161ej region\u00e1lnej v\u00fdroby potrav\u00edn a v\u00fdznamne prispievaj\u00fa k ochrane kl\u00edmy a biodiverzity. Bud\u00faca p\u00f4dna politika mus\u00ed sp\u00e1ja\u0165 environment\u00e1lne, soci\u00e1lne a hospod\u00e1rske aspekty. Strata \u00farodnej p\u00f4dy prostredn\u00edctvom rozvoja a z\u00e1stavby je nezvratn\u00e1, a preto ju nemo\u017eno tolerova\u0165. Chceme, aby mesto Wiesbaden zastavilo \u010fal\u0161ie utes\u0148ovanie pra\u0161n\u00fdch ciest. Ak je to mo\u017en\u00e9 a ak nedoch\u00e1dza ku konfliktom pri pou\u017e\u00edvan\u00ed (napr. s cyklistick\u00fdmi chodn\u00edkmi), po\u013en\u00e9 chodn\u00edky by sa namiesto toho mali op\u00e4tovne zape\u010dati\u0165 \u2013 ke\u010f\u017ee niektor\u00e9 dom\u00e1ce vo\u013ene \u017eij\u00face \u017eivo\u010d\u00edchy sa spoliehaj\u00fa na otvoren\u00fa p\u00f4du, napr\u00edklad ako zdroj stavebn\u00fdch materi\u00e1lov. S cie\u013eom zv\u00fd\u0161i\u0165 povedomie o hodnote \u017eivotne d\u00f4le\u017eit\u00fdch p\u00f4d chceme, aby mesto Wiesbaden spr\u00edstupnilo mestsk\u00e9 oblasti pre komunitn\u00e9 z\u00e1hrady a permakult\u00farne projekty.<\/span><\/p>\n<\/div><\/div><\/div><\/div><\/div><div class=\"w-tabs-section has_text_color\" id=\"t4c3\" style=\"background:var(--color-header-transparent-text);color:var(--color-header-top-text-hover);\"><button class=\"w-tabs-section-header\" aria-controls=\"content-t4c3\" aria-expanded=\"false\"><div class=\"w-tabs-section-title\">Podpora po\u013enohospod\u00e1rov<\/div><div class=\"w-tabs-section-control\"><\/div><\/button><div  class=\"w-tabs-section-content\" id=\"content-t4c3\"><div class=\"w-tabs-section-content-h i-cf\"><div class=\"wpb_text_column\"><div class=\"wpb_wrapper\"><p><span style=\"font-weight: 400;\">Na\u0161i po\u013enohospod\u00e1ri s\u00fa najd\u00f4le\u017eitej\u0161\u00edmi partnermi pre zachovanie n\u00e1\u0161ho prirodzen\u00e9ho \u017eivobytia a ochranu na\u0161ej v\u00fd\u017eivy. Chceme po\u013enohospod\u00e1rstvo, ktor\u00e9 je ekologicky kompatibiln\u00e9, ekonomicky \u017eivotaschopn\u00e9 a cenovo dostupn\u00e9 pre v\u0161etk\u00fdch. Na dosiahnutie tohto cie\u013ea mus\u00ed by\u0165 pestovanie odoln\u00e9 vo\u010di zmene kl\u00edmy a extr\u00e9mnym poveternostn\u00fdm javom. Prechod na ekologick\u00e9 po\u013enohospod\u00e1rstvo je rovnako invest\u00edciou do bud\u00facnosti ako zavedenie digit\u00e1lneho po\u013enohospod\u00e1rstva. Chceme, aby mesto Wiesbaden akt\u00edvne podporovalo po\u013enohospod\u00e1rov v t\u00fdchto krokoch s cie\u013eom zastavi\u0165 \u010fal\u0161\u00edch s\u00fadnych dedi\u010dov.<\/span><\/p>\n<\/div><\/div><\/div><\/div><\/div><div class=\"w-tabs-section has_text_color\" id=\"d5f6\" style=\"background:var(--color-header-middle-bg);color:var(--color-content-heading);\"><button class=\"w-tabs-section-header\" aria-controls=\"content-d5f6\" aria-expanded=\"false\"><div class=\"w-tabs-section-title\">Posilnenie region\u00e1lnej v\u00fdroby potrav\u00edn<\/div><div class=\"w-tabs-section-control\"><\/div><\/button><div  class=\"w-tabs-section-content\" id=\"content-d5f6\"><div class=\"w-tabs-section-content-h i-cf\"><div class=\"wpb_text_column\"><div class=\"wpb_wrapper\"><p><span style=\"font-weight: 400;\">Po\u013enohospod\u00e1rstvo vo Wiesbadene je pilierom na\u0161ej potravinovej bezpe\u010dnosti. Glob\u00e1lne kr\u00edzy poukazuj\u00fa na v\u00fdznam nez\u00e1vislej a odolnej v\u00fdroby potrav\u00edn. Z\u00e1rove\u0148 zni\u017euje v\u00fddavky na energiu pri doprave k spotrebite\u013eovi. Na tento \u00fa\u010del chceme, aby mesto Wiesbaden vybudovalo miestnu infra\u0161trukt\u00faru a podporovalo region\u00e1lny marketing. To zah\u0155\u0148a podporu t\u00fd\u017edenn\u00fdch trhov, najm\u00e4 na predmestiach. Podporujeme koncepciu kr\u00e1tkych vzdialenost\u00ed a v\u00fdroby nov\u00fdch potrav\u00edn, ako je vertik\u00e1lne po\u013enohospod\u00e1rstvo a akvap\u00f3nia.<\/span><\/p>\n<\/div><\/div><\/div><\/div><\/div><div class=\"w-tabs-section has_text_color\" id=\"e713\" style=\"background:var(--color-header-transparent-text);color:var(--color-header-top-text-hover);\"><button class=\"w-tabs-section-header\" aria-controls=\"content-e713\" aria-expanded=\"false\"><div class=\"w-tabs-section-title\">Zos\u00faladenie po\u013enohospod\u00e1rstva a ochrany pr\u00edrody<\/div><div class=\"w-tabs-section-control\"><\/div><\/button><div  class=\"w-tabs-section-content\" id=\"content-e713\"><div class=\"w-tabs-section-content-h i-cf\"><div class=\"wpb_text_column\"><div class=\"wpb_wrapper\"><p><span style=\"font-weight: 400;\">Zaviazali sme sa k po\u013enohospod\u00e1rskym met\u00f3dam, ktor\u00e9 nevy\u017eaduj\u00fa syntetick\u00e9 pr\u00edpravky na ochranu rastl\u00edn, a tak chr\u00e1nia p\u00f4du, vodn\u00e9 \u00fatvary, na\u0161e zdravie a cel\u00fa miestnu fl\u00f3ru a faunu. Ak to e\u0161te nie je mo\u017en\u00e9, chceme, aby sa zriadili a roz\u0161\u00edrili n\u00e1bre\u017en\u00e9 z\u00f3ny bez hnoj\u00edv a pestic\u00eddov na potokoch a vod\u00e1ch s cie\u013eom zn\u00ed\u017ei\u0165 pr\u00edsun zne\u010dis\u0165uj\u00facich l\u00e1tok. V z\u00e1ujme ochrany biodiverzity chceme, aby mesto Wiesbaden podporovalo povedomie o v\u00fdzname kvitn\u00facich p\u00e1sov a \u017eiv\u00fdch plotov. V bud\u00facnosti chceme, aby sa spr\u00e1va krajiny \u010doraz viac zabezpe\u010dovala ako dodato\u010dn\u00fd zdroj pr\u00edjmov pre po\u013enohospod\u00e1rov.<\/span><\/p>\n<\/div><\/div><\/div><\/div><\/div><div class=\"w-tabs-section has_text_color\" id=\"p841\" style=\"background:var(--color-header-middle-bg);color:var(--color-header-middle-text);\"><button class=\"w-tabs-section-header\" aria-controls=\"content-p841\" aria-expanded=\"false\"><div class=\"w-tabs-section-title\">Posilnenie na\u0161ej kult\u00farnej krajiny<\/div><div class=\"w-tabs-section-control\"><\/div><\/button><div  class=\"w-tabs-section-content\" id=\"content-p841\"><div class=\"w-tabs-section-content-h i-cf\"><div class=\"wpb_text_column\"><div class=\"wpb_wrapper\"><p><span style=\"font-weight: 400;\">T\u00falav\u00e9 sady a vinohrady pestovan\u00e9 v bl\u00edzkosti pr\u00edrody nielen charakterizuj\u00fa na\u0161u kult\u00farnu krajinu, ale s\u00fa tie\u017e nepostr\u00e1date\u013en\u00fdmi biotopmi pre po\u010detn\u00e9 zvierat\u00e1 a rastliny, patria medzi biotopy najbohat\u0161ie na druhy v strednej Eur\u00f3pe. V okol\u00ed Wiesbadenu je st\u00e1le uspokojuj\u00faco ve\u013ek\u00e1 z\u00e1soba star\u00fdch sadov, ktor\u00fdch stav ochrany chceme trvalo zabezpe\u010di\u0165 mestom Wiesbaden. Podporujeme ich starostlivos\u0165 a posil\u0148ujeme miestny marketing, aby sa roztr\u00fasen\u00e9 ovocn\u00e9 v\u00fdrobky mohli op\u00e4\u0165 oceni\u0165 a aby sa po\u013enohospod\u00e1rstvo oplatilo.<\/span><\/p>\n<p><span style=\"font-weight: 400;\">Sponzorstvom ovocn\u00fdch stromov, kampa\u0148ami zameran\u00fdmi na starostlivos\u0165 a projektmi zameran\u00fdmi na zber \u00farody chceme zv\u00fd\u0161i\u0165 informovanos\u0165 o hodnote t\u00fdchto biotopov a aktivova\u0165 zapojenie ob\u010dianskej spolo\u010dnosti. Chceme, aby mesto podporovalo komunitn\u00fd z\u00e1v\u00e4zok a propagovalo sponzorstvo sadov, v ktor\u00fdch sa napr\u00edklad obyvatelia vn\u00fatorn\u00e9ho mesta staraj\u00fa o sad spolu s \u013eu\u010fmi z predmest\u00ed.<\/span><\/p>\n<\/div><\/div><\/div><\/div><\/div><div class=\"w-tabs-section has_text_color\" id=\"a96b\" style=\"background:var(--color-header-transparent-text);color:var(--color-header-top-text-hover);\"><button class=\"w-tabs-section-header\" aria-controls=\"content-a96b\" aria-expanded=\"false\"><div class=\"w-tabs-section-title\">Podpora dom\u00e9ny Mechtildshausen v bud\u00facnosti v r\u00e1mci WJW<\/div><div class=\"w-tabs-section-control\"><\/div><\/button><div  class=\"w-tabs-section-content\" id=\"content-a96b\"><div class=\"w-tabs-section-content-h i-cf\"><div class=\"wpb_text_column\"><div class=\"wpb_wrapper\"><p><span style=\"font-weight: 400;\">S dom\u00e9nou Mechtildshausen m\u00e1 mesto Wiesbaden vlajkov\u00fa lo\u010f ekologick\u00e9ho po\u013enohospod\u00e1rstva a remeselnej v\u00fdroby, ktor\u00e1 zah\u0155\u0148a farm\u00e1rske obchody, gastron\u00f3miu a konsk\u00e9 stajne. Je s\u00fa\u010das\u0165ou Wiesbadener Jugendwerkstatt (WJW), ktor\u00fd \u0161kol\u00ed soci\u00e1lne znev\u00fdhodnen\u00fdch mlad\u00fdch \u013eud\u00ed a dospel\u00fdch a poskytuje \u0161irok\u00fa \u0161k\u00e1lu \u010fal\u0161\u00edch vzdel\u00e1vac\u00edch pr\u00edle\u017eitost\u00ed. Sme odhodlan\u00ed zachova\u0165 WJW \u2013 vr\u00e1tane dom\u00e9ny Mechtildshausen \u2013 v tejto forme.<\/span><\/p>\n<p><span style=\"font-weight: 400;\">Okrem toho chceme experimentova\u0165 s v\u00fdsadbou prisp\u00f4sobenou miestu a zlep\u0161i\u0165 prenos poznatkov medzi v\u00fdskumnou a po\u013enohospod\u00e1rskou praxou. Preto sme odhodlan\u00ed vytvori\u0165 vzdel\u00e1vacie miesta pre inovat\u00edvne po\u013enohospod\u00e1rstvo, kde sa odovzd\u00e1vaj\u00fa praktick\u00e9 sk\u00fasenosti.<\/span><\/p>\n<\/div><\/div><\/div><\/div><\/div><div class=\"w-tabs-section has_text_color\" id=\"uaa5\" style=\"background:var(--color-header-transparent-text);color:var(--color-header-top-text-hover);\"><button class=\"w-tabs-section-header\" aria-controls=\"content-uaa5\" aria-expanded=\"false\"><div class=\"w-tabs-section-title\">Ponorte sa do mestsk\u00e9ho lesa<\/div><div class=\"w-tabs-section-control\"><\/div><\/button><div  class=\"w-tabs-section-content\" id=\"content-uaa5\"><div class=\"w-tabs-section-content-h i-cf\"><div class=\"wpb_text_column\"><div class=\"wpb_wrapper\"><p><span style=\"font-weight: 400;\">Na\u0161e lesy nie s\u00fa len zhluky stromov, s\u00fa p\u013e\u00facami na\u0161ej plan\u00e9ty a pokladnicami biodiverzity.<\/span><\/p>\n<p><span style=\"font-weight: 400;\">Zaviazali sme sa k informa\u010dn\u00e9mu a medi\u00e1lnemu programu, ktor\u00fd u\u010d\u00ed deti a mlad\u00fdch \u013eud\u00ed najm\u00e4 o v\u00fdzname lesa ako digit\u00e1lnej ponuky. Chceme posilni\u0165 spolupr\u00e1cu obecn\u00fdch lesn\u00edkov so \u0161kolami, centrami dennej starostlivosti a environment\u00e1lnymi zdru\u017eeniami. Patria sem prehliadky lesov, projektov\u00e9 dni a ponuky vzdel\u00e1vania v oblasti \u017eivotn\u00e9ho prostredia. Prostredn\u00edctvom foriem dial\u00f3gu medzi mestom Wiesbaden a obyvate\u013estvom priamo v mestskom lese chceme zapoji\u0165 obyvate\u013eov mesta Wiesbaden do strat\u00e9gi\u00ed ekologick\u00e9ho obhospodarovania lesov a vyu\u017ei\u0165 ich poznatky v kontexte ob\u010dianskych vedeck\u00fdch projektov.<\/span><\/p>\n<\/div><\/div><\/div><\/div><\/div><div class=\"w-tabs-section has_text_color\" id=\"ubc7\" style=\"background:var(--color-header-transparent-text);color:var(--color-header-top-text-hover);\"><button class=\"w-tabs-section-header\" aria-controls=\"content-ubc7\" aria-expanded=\"false\"><div class=\"w-tabs-section-title\">Navrhn\u00fa\u0165 na\u0161e lesy pre ka\u017ed\u00e9ho<\/div><div class=\"w-tabs-section-control\"><\/div><\/button><div  class=\"w-tabs-section-content\" id=\"content-ubc7\"><div class=\"w-tabs-section-content-h i-cf\"><div class=\"wpb_text_column\"><div class=\"wpb_wrapper\"><p><span style=\"font-weight: 400;\">Mestsk\u00fd les je neodmyslite\u013enou s\u00fa\u010das\u0165ou na\u0161ej vlasti a rekrea\u010dnou oblas\u0165ou, ktor\u00e1 je vo\u013ene dostupn\u00e1 v\u0161etk\u00fdm ob\u010danom. Chceme zabezpe\u010di\u0165 dostupnos\u0165 verejnou dopravou z centra mesta a z\u00e1rove\u0148 chr\u00e1ni\u0165 citliv\u00e9 oblasti pred naru\u0161en\u00edm. Bezbari\u00e9rov\u00e9 chodn\u00edky, lesn\u00e9 ihrisk\u00e1 a rekrea\u010dn\u00e9 mo\u017enosti by mali umo\u017eni\u0165 v\u0161etk\u00fdm \u013eu\u010fom za\u017ei\u0165 pr\u00edrodu uvo\u013enen\u00fdm sp\u00f4sobom. Chceme, aby mesto zabezpe\u010dilo, \u017ee lesn\u00e9 prech\u00e1dzky neved\u00fa cez oblas\u0165 citlivej divokej ma\u010dky. Lovci s\u00fa d\u00f4le\u017eit\u00fdmi prispievate\u013emi k n\u00e1vrhu lesa. Zaviazali sme sa zabezpe\u010di\u0165, aby sa lov \u010doraz viac orientoval na ekologick\u00e9 krit\u00e9ri\u00e1 a umo\u017e\u0148oval prirodzen\u00fa obnovu lesov. Wiesbaden preto zaviedol koncepciu ekologick\u00e9ho lovu, ktor\u00e1 podporuje konverziu lesov a z\u00e1rove\u0148 zabezpe\u010duje met\u00f3dy lovu \u0161etrn\u00e9 k dobr\u00fdm \u017eivotn\u00fdm podmienkam zvierat. Len ak bud\u00fa v\u0161etci pou\u017e\u00edvatelia lesov spolupracova\u0165, m\u00f4\u017eeme na\u0161e lesy zachova\u0165 pre bud\u00facnos\u0165. Zaviazali sme sa pokra\u010dova\u0165 v certifik\u00e1cii pod\u013ea FSC a Naturland.<\/span><\/p>\n<\/div><\/div><\/div><\/div><\/div><div class=\"w-tabs-section has_text_color\" id=\"dcdf\" style=\"background:var(--color-header-transparent-text);color:var(--color-header-top-text-hover);\"><button class=\"w-tabs-section-header\" aria-controls=\"content-dcdf\" aria-expanded=\"false\"><div class=\"w-tabs-section-title\">Podporujeme \u00factu k dom\u00e1cim a vo\u013ene \u017eij\u00facim zvierat\u00e1m<\/div><div class=\"w-tabs-section-control\"><\/div><\/button><div  class=\"w-tabs-section-content\" id=\"content-dcdf\"><div class=\"w-tabs-section-content-h i-cf\"><div class=\"wpb_text_column\"><div class=\"wpb_wrapper\"><p><span style=\"font-weight: 400;\">Podporujeme z\u00e1ujmy \u00fatulku pre zvierat\u00e1 vo Wiesbadene a podporujeme park Cyperus, zvierac\u00ed park Kastel a ba\u017eantstvo. Podporujeme vzdel\u00e1vanie o zodpovednom zaobch\u00e1dzan\u00ed s novo pris\u0165ahovaleck\u00fdmi \u017eivo\u010d\u00ed\u0161nymi druhmi. V centre mesta sme sa zaviazali k druhovo primeran\u00e9mu a vedecky podlo\u017een\u00e9mu zaobch\u00e1dzaniu napr\u00edklad s popul\u00e1ciami holubov a Nilgans.<\/span><\/p>\n<\/div><\/div><\/div><\/div><\/div><\/div><\/div><div class=\"w-separator size_medium\"><\/div><div class=\"w-btn-wrapper align_left\"><a class=\"w-btn us-btn-style_8 icon_atleft\" href=\"https:\/\/gruene-wiesbaden.de\/sk\/kommunalwahl\/#Kapitel1\"><i class=\"fas fa-chevron-circle-right\"><\/i><span class=\"w-btn-label\">Sp\u00e4\u0165 na preh\u013ead<\/span><\/a><\/div><div class=\"w-separator size_large\"><\/div><div class=\"wpb_text_column\"><div class=\"wpb_wrapper\"><h1>\u010co sme u\u017e dosiahli<\/h1>\n<\/div><\/div><div class=\"w-separator size_medium\"><\/div><div class=\"w-tabs us_custom_42d693a0 has_text_color style_default switch_click accordion has_scrolling\" style=\"--sections-title-size:1.4rem\"><div class=\"w-tabs-sections titles-align_none icon_chevron cpos_right\"><div class=\"w-tabs-section has_text_color\" id=\"x0e9\" style=\"background:var(--color-header-transparent-text);color:var(--color-header-top-text-hover);\"><button class=\"w-tabs-section-header\" aria-controls=\"content-x0e9\" aria-expanded=\"false\"><div class=\"w-tabs-section-title\">Wiesbaden je lesn\u00e1 oblas\u0165 roka 2025<\/div><div class=\"w-tabs-section-control\"><\/div><\/button><div  class=\"w-tabs-section-content\" id=\"content-x0e9\"><div class=\"w-tabs-section-content-h i-cf\"><div class=\"wpb_text_column\"><div class=\"wpb_wrapper\"><p><span style=\"font-weight: 400;\">Mestsk\u00fd les vo Wiesbadene z\u00edskal toto ocenenie za na\u0161u met\u00f3du riadenia orientovan\u00fa na pr\u00edrodu, ako aj za dlhoro\u010dn\u00fa certifik\u00e1ciu FSC a Naturland. S cielen\u00fdm vyu\u017e\u00edvan\u00edm dreven\u00fdch kon\u00ed v mestskom lese si mesto vytvorilo \u00faspe\u0161n\u00fd sp\u00f4sob, ako kombinova\u0165 ekol\u00f3giu a ekonomiku.<\/span><\/p>\n<\/div><\/div><\/div><\/div><\/div><div class=\"w-tabs-section has_text_color\" id=\"t211\" style=\"background:var(--color-header-transparent-text);color:var(--color-header-top-text-hover);\"><button class=\"w-tabs-section-header\" aria-controls=\"content-t211\" aria-expanded=\"false\"><div class=\"w-tabs-section-title\">Vo\u013ene \u017eij\u00face zvierat\u00e1 a lesy \u2013 koncepcia lovu vo Wiesbadene<\/div><div class=\"w-tabs-section-control\"><\/div><\/button><div  class=\"w-tabs-section-content\" id=\"content-t211\"><div class=\"w-tabs-section-content-h i-cf\"><div class=\"wpb_text_column\"><div class=\"wpb_wrapper\"><p><span style=\"font-weight: 400;\">N\u00e1\u0161 nov\u00fd koncept lovu sp\u013a\u0148a potreby lesa a jeho vo\u013ene \u017eij\u00facich \u017eivo\u010d\u00edchov, ako aj s\u00fa\u010dasn\u00e9 po\u017eiadavky na lov.<\/span><\/p>\n<\/div><\/div><\/div><\/div><\/div><div class=\"w-tabs-section has_text_color\" id=\"l328\" style=\"background:var(--color-header-transparent-text);color:var(--color-header-top-text-hover);\"><button class=\"w-tabs-section-header\" aria-controls=\"content-l328\" aria-expanded=\"false\"><div class=\"w-tabs-section-title\">Zriedkav\u00e9 druhy zvierat s\u00fa zachovan\u00e9<\/div><div class=\"w-tabs-section-control\"><\/div><\/button><div  class=\"w-tabs-section-content\" id=\"content-l328\"><div class=\"w-tabs-section-content-h i-cf\"><div class=\"wpb_text_column\"><div class=\"wpb_wrapper\"><p><span style=\"font-weight: 400;\">Pre star\u00e9 a ohrozen\u00e9 plemen\u00e1 hospod\u00e1rskych zvierat mesto Wiesbaden vyvinulo ba\u017eantstvo na archov\u00fd park s komplexn\u00fdm programom a vzdel\u00e1vac\u00edmi ponukami.<\/span><\/p>\n<\/div><\/div><\/div><\/div><\/div><div class=\"w-tabs-section has_text_color\" id=\"z43b\" style=\"background:var(--color-header-middle-bg);color:var(--color-content-heading);\"><button class=\"w-tabs-section-header\" aria-controls=\"content-z43b\" aria-expanded=\"false\"><div class=\"w-tabs-section-title\">Modern\u00e1 pe\u0161ia turistika jednoduch\u00e1<\/div><div class=\"w-tabs-section-control\"><\/div><\/button><div  class=\"w-tabs-section-content\" id=\"content-z43b\"><div class=\"w-tabs-section-content-h i-cf\"><div class=\"wpb_text_column\"><div class=\"wpb_wrapper\"><p><span style=\"font-weight: 400;\">Spolu s pr\u00edrodn\u00fdm parkom RheinTaunus vyvinul Wiesbaden inovat\u00edvny koncept tr\u00e1s a digit\u00e1lne spr\u00edstupnil 2500 km turistick\u00fdch chodn\u00edkov.<\/span><\/p>\n<\/div><\/div><\/div><\/div><\/div><div class=\"w-tabs-section has_text_color\" id=\"d576\" style=\"background:var(--color-header-transparent-text);color:var(--color-header-top-text-hover);\"><button class=\"w-tabs-section-header\" aria-controls=\"content-d576\" aria-expanded=\"false\"><div class=\"w-tabs-section-title\">Zodpovedn\u00e9 zaobch\u00e1dzanie s pozemkami Wiesbadenu<\/div><div class=\"w-tabs-section-control\"><\/div><\/button><div  class=\"w-tabs-section-content\" id=\"content-d576\"><div class=\"w-tabs-section-content-h i-cf\"><div class=\"wpb_text_column\"><div class=\"wpb_wrapper\"><p><span style=\"font-weight: 400;\">Krajinn\u00e9 pl\u00e1novanie a environment\u00e1lne posudzovanie nov\u00e9ho \u00fazemn\u00e9ho pl\u00e1nu, ako aj region\u00e1lneho pl\u00e1nu Ju\u017en\u00e9 Hesensko vytv\u00e1raj\u00fa transparentnos\u0165. Poskytuj\u00fa pevn\u00fd technick\u00fd z\u00e1klad pre bud\u00face rozhodnutia, a to najm\u00e4 pre ob\u010danov.<\/span><\/p>\n<\/div><\/div><\/div><\/div><\/div><\/div><\/div><div class=\"w-separator size_medium\"><\/div><div class=\"w-btn-wrapper align_left\"><a class=\"w-btn us-btn-style_8 icon_atleft\" href=\"https:\/\/gruene-wiesbaden.de\/sk\/kommunalwahl\/#Kapitel1\"><i class=\"fas fa-chevron-circle-right\"><\/i><span class=\"w-btn-label\">Sp\u00e4\u0165 na preh\u013ead<\/span><\/a><\/div><div class=\"w-separator size_large\"><\/div><\/div><\/div><\/div><\/div><\/section>","protected":false},"excerpt":{"rendered":"Po\u013enohospod\u00e1rstvo a lesn\u00e9 hospod\u00e1rstvo s\u00fa ove\u013ea viac ne\u017e len hospod\u00e1rske odvetvia \u2013 s\u00fa z\u00e1kladom na\u0161ich potrav\u00edn, na\u0161ej krajiny a na\u0161ej kl\u00edmy. \u010ci u\u017e v meste alebo na vidieku: Sp\u00f4sob, ak\u00fdm hospod\u00e1rime, m\u00e1 priamy vplyv na kvalitu n\u00e1\u0161ho \u017eivota, na\u0161e zdravie a \u017eivotn\u00e9 prostredie. Stoj\u00edme pred v\u00fdzvou vytvori\u0165...","protected":false},"author":1,"featured_media":1195,"comment_status":"closed","ping_status":"closed","sticky":false,"template":"","format":"standard","meta":{"footnotes":""},"categories":[14],"tags":[],"class_list":["post-1222","post","type-post","status-publish","format-standard","has-post-thumbnail","hentry","category-kapitel-1"],"yoast_head":"<!-- This site is optimized with the Yoast SEO plugin v27.5 - https:\/\/yoast.com\/product\/yoast-seo-wordpress\/ -->\n<title>Land- und Forstwirtschaft - B\u00dcNDNIS 90\/DIE GR\u00dcNEN Wiesbaden<\/title>\n<meta name=\"robots\" content=\"index, follow, max-snippet:-1, max-image-preview:large, max-video-preview:-1\" \/>\n<link rel=\"canonical\" href=\"https:\/\/gruene-wiesbaden.de\/sk\/lore-ipsum-samed\/\" \/>\n<meta property=\"og:locale\" content=\"sk_SK\" \/>\n<meta property=\"og:type\" content=\"article\" \/>\n<meta property=\"og:title\" content=\"Land- und Forstwirtschaft - B\u00dcNDNIS 90\/DIE GR\u00dcNEN Wiesbaden\" \/>\n<meta property=\"og:url\" content=\"https:\/\/gruene-wiesbaden.de\/sk\/lore-ipsum-samed\/\" \/>\n<meta property=\"og:site_name\" content=\"B\u00dcNDNIS 90\/DIE GR\u00dcNEN Wiesbaden\" \/>\n<meta property=\"article:publisher\" content=\"https:\/\/www.facebook.com\/gruene.wi\" \/>\n<meta property=\"article:published_time\" content=\"2025-08-01T20:40:52+00:00\" \/>\n<meta property=\"article:modified_time\" content=\"2026-04-08T20:38:25+00:00\" \/>\n<meta property=\"og:image\" content=\"https:\/\/gruene-wiesbaden.de\/wp-content\/uploads\/2025\/07\/noaa-SkJG9sNkQVQ-unsplash-scaled.jpg\" \/>\n\t<meta property=\"og:image:width\" content=\"1920\" \/>\n\t<meta property=\"og:image:height\" content=\"2560\" \/>\n\t<meta property=\"og:image:type\" content=\"image\/jpeg\" \/>\n<meta name=\"author\" content=\"admin\" \/>\n<meta name=\"twitter:card\" content=\"summary_large_image\" \/>\n<meta name=\"twitter:label1\" content=\"Autor\" \/>\n\t<meta name=\"twitter:data1\" content=\"admin\" \/>\n\t<meta name=\"twitter:label2\" content=\"Predpokladan\u00fd \u010das \u010d\u00edtania\" \/>\n\t<meta name=\"twitter:data2\" content=\"10 minutes\" \/>\n<script type=\"application\/ld+json\" class=\"yoast-schema-graph\">{\"@context\":\"https:\\\/\\\/schema.org\",\"@graph\":[{\"@type\":\"Article\",\"@id\":\"https:\\\/\\\/gruene-wiesbaden.de\\\/lore-ipsum-samed\\\/#article\",\"isPartOf\":{\"@id\":\"https:\\\/\\\/gruene-wiesbaden.de\\\/lore-ipsum-samed\\\/\"},\"author\":{\"name\":\"admin\",\"@id\":\"https:\\\/\\\/gruene-wiesbaden.de\\\/#\\\/schema\\\/person\\\/6785c34779159cd4fd86886bb097afe9\"},\"headline\":\"Land- und Forstwirtschaft\",\"datePublished\":\"2025-08-01T20:40:52+00:00\",\"dateModified\":\"2026-04-08T20:38:25+00:00\",\"mainEntityOfPage\":{\"@id\":\"https:\\\/\\\/gruene-wiesbaden.de\\\/lore-ipsum-samed\\\/\"},\"wordCount\":2860,\"publisher\":{\"@id\":\"https:\\\/\\\/gruene-wiesbaden.de\\\/#organization\"},\"image\":{\"@id\":\"https:\\\/\\\/gruene-wiesbaden.de\\\/lore-ipsum-samed\\\/#primaryimage\"},\"thumbnailUrl\":\"https:\\\/\\\/gruene-wiesbaden.de\\\/wp-content\\\/uploads\\\/2025\\\/07\\\/noaa-SkJG9sNkQVQ-unsplash-scaled.jpg\",\"articleSection\":[\"Kapitel 1\"],\"inLanguage\":\"sk-SK\"},{\"@type\":\"WebPage\",\"@id\":\"https:\\\/\\\/gruene-wiesbaden.de\\\/lore-ipsum-samed\\\/\",\"url\":\"https:\\\/\\\/gruene-wiesbaden.de\\\/lore-ipsum-samed\\\/\",\"name\":\"Land- und Forstwirtschaft - B\u00dcNDNIS 90\\\/DIE GR\u00dcNEN Wiesbaden\",\"isPartOf\":{\"@id\":\"https:\\\/\\\/gruene-wiesbaden.de\\\/#website\"},\"primaryImageOfPage\":{\"@id\":\"https:\\\/\\\/gruene-wiesbaden.de\\\/lore-ipsum-samed\\\/#primaryimage\"},\"image\":{\"@id\":\"https:\\\/\\\/gruene-wiesbaden.de\\\/lore-ipsum-samed\\\/#primaryimage\"},\"thumbnailUrl\":\"https:\\\/\\\/gruene-wiesbaden.de\\\/wp-content\\\/uploads\\\/2025\\\/07\\\/noaa-SkJG9sNkQVQ-unsplash-scaled.jpg\",\"datePublished\":\"2025-08-01T20:40:52+00:00\",\"dateModified\":\"2026-04-08T20:38:25+00:00\",\"breadcrumb\":{\"@id\":\"https:\\\/\\\/gruene-wiesbaden.de\\\/lore-ipsum-samed\\\/#breadcrumb\"},\"inLanguage\":\"sk-SK\",\"potentialAction\":[{\"@type\":\"ReadAction\",\"target\":[\"https:\\\/\\\/gruene-wiesbaden.de\\\/lore-ipsum-samed\\\/\"]}]},{\"@type\":\"ImageObject\",\"inLanguage\":\"sk-SK\",\"@id\":\"https:\\\/\\\/gruene-wiesbaden.de\\\/lore-ipsum-samed\\\/#primaryimage\",\"url\":\"https:\\\/\\\/gruene-wiesbaden.de\\\/wp-content\\\/uploads\\\/2025\\\/07\\\/noaa-SkJG9sNkQVQ-unsplash-scaled.jpg\",\"contentUrl\":\"https:\\\/\\\/gruene-wiesbaden.de\\\/wp-content\\\/uploads\\\/2025\\\/07\\\/noaa-SkJG9sNkQVQ-unsplash-scaled.jpg\",\"width\":1920,\"height\":2560},{\"@type\":\"BreadcrumbList\",\"@id\":\"https:\\\/\\\/gruene-wiesbaden.de\\\/lore-ipsum-samed\\\/#breadcrumb\",\"itemListElement\":[{\"@type\":\"ListItem\",\"position\":1,\"name\":\"Startseite\",\"item\":\"https:\\\/\\\/gruene-wiesbaden.de\\\/\"},{\"@type\":\"ListItem\",\"position\":2,\"name\":\"Land- und Forstwirtschaft\"}]},{\"@type\":\"WebSite\",\"@id\":\"https:\\\/\\\/gruene-wiesbaden.de\\\/#website\",\"url\":\"https:\\\/\\\/gruene-wiesbaden.de\\\/\",\"name\":\"DIE GR\u00dcNEN Wiesbaden\",\"description\":\"\",\"publisher\":{\"@id\":\"https:\\\/\\\/gruene-wiesbaden.de\\\/#organization\"},\"potentialAction\":[{\"@type\":\"SearchAction\",\"target\":{\"@type\":\"EntryPoint\",\"urlTemplate\":\"https:\\\/\\\/gruene-wiesbaden.de\\\/?s={search_term_string}\"},\"query-input\":{\"@type\":\"PropertyValueSpecification\",\"valueRequired\":true,\"valueName\":\"search_term_string\"}}],\"inLanguage\":\"sk-SK\"},{\"@type\":\"Organization\",\"@id\":\"https:\\\/\\\/gruene-wiesbaden.de\\\/#organization\",\"name\":\"DIE GR\u00dcNEN Wiesbaden\",\"url\":\"https:\\\/\\\/gruene-wiesbaden.de\\\/\",\"logo\":{\"@type\":\"ImageObject\",\"inLanguage\":\"sk-SK\",\"@id\":\"https:\\\/\\\/gruene-wiesbaden.de\\\/#\\\/schema\\\/logo\\\/image\\\/\",\"url\":\"https:\\\/\\\/gruene-wiesbaden-fuer-europa.de\\\/wp-content\\\/uploads\\\/2024\\\/04\\\/Machen-was-zaehlt-5.png\",\"contentUrl\":\"https:\\\/\\\/gruene-wiesbaden-fuer-europa.de\\\/wp-content\\\/uploads\\\/2024\\\/04\\\/Machen-was-zaehlt-5.png\",\"width\":1772,\"height\":1772,\"caption\":\"DIE GR\u00dcNEN Wiesbaden\"},\"image\":{\"@id\":\"https:\\\/\\\/gruene-wiesbaden.de\\\/#\\\/schema\\\/logo\\\/image\\\/\"},\"sameAs\":[\"https:\\\/\\\/www.facebook.com\\\/gruene.wi\",\"https:\\\/\\\/instagram.com\\\/gruene_wi\"]},{\"@type\":\"Person\",\"@id\":\"https:\\\/\\\/gruene-wiesbaden.de\\\/#\\\/schema\\\/person\\\/6785c34779159cd4fd86886bb097afe9\",\"name\":\"admin\",\"sameAs\":[\"http:\\\/\\\/gruene-wiesbaden-fuer-europa.de\"],\"url\":\"https:\\\/\\\/gruene-wiesbaden.de\\\/sk\\\/author\\\/admin\\\/\"}]}<\/script>\n<!-- \/ Yoast SEO plugin. -->","yoast_head_json":{"title":"Land- und Forstwirtschaft - B\u00dcNDNIS 90\/DIE GR\u00dcNEN Wiesbaden","robots":{"index":"index","follow":"follow","max-snippet":"max-snippet:-1","max-image-preview":"max-image-preview:large","max-video-preview":"max-video-preview:-1"},"canonical":"https:\/\/gruene-wiesbaden.de\/sk\/lore-ipsum-samed\/","og_locale":"sk_SK","og_type":"article","og_title":"Land- und Forstwirtschaft - B\u00dcNDNIS 90\/DIE GR\u00dcNEN Wiesbaden","og_url":"https:\/\/gruene-wiesbaden.de\/sk\/lore-ipsum-samed\/","og_site_name":"B\u00dcNDNIS 90\/DIE GR\u00dcNEN Wiesbaden","article_publisher":"https:\/\/www.facebook.com\/gruene.wi","article_published_time":"2025-08-01T20:40:52+00:00","article_modified_time":"2026-04-08T20:38:25+00:00","og_image":[{"width":1920,"height":2560,"url":"https:\/\/gruene-wiesbaden.de\/wp-content\/uploads\/2025\/07\/noaa-SkJG9sNkQVQ-unsplash-scaled.jpg","type":"image\/jpeg"}],"author":"admin","twitter_card":"summary_large_image","twitter_misc":{"Autor":"admin","Predpokladan\u00fd \u010das \u010d\u00edtania":"10 minutes"},"schema":{"@context":"https:\/\/schema.org","@graph":[{"@type":"Article","@id":"https:\/\/gruene-wiesbaden.de\/lore-ipsum-samed\/#article","isPartOf":{"@id":"https:\/\/gruene-wiesbaden.de\/lore-ipsum-samed\/"},"author":{"name":"admin","@id":"https:\/\/gruene-wiesbaden.de\/#\/schema\/person\/6785c34779159cd4fd86886bb097afe9"},"headline":"Land- und Forstwirtschaft","datePublished":"2025-08-01T20:40:52+00:00","dateModified":"2026-04-08T20:38:25+00:00","mainEntityOfPage":{"@id":"https:\/\/gruene-wiesbaden.de\/lore-ipsum-samed\/"},"wordCount":2860,"publisher":{"@id":"https:\/\/gruene-wiesbaden.de\/#organization"},"image":{"@id":"https:\/\/gruene-wiesbaden.de\/lore-ipsum-samed\/#primaryimage"},"thumbnailUrl":"https:\/\/gruene-wiesbaden.de\/wp-content\/uploads\/2025\/07\/noaa-SkJG9sNkQVQ-unsplash-scaled.jpg","articleSection":["Kapitel 1"],"inLanguage":"sk-SK"},{"@type":"WebPage","@id":"https:\/\/gruene-wiesbaden.de\/lore-ipsum-samed\/","url":"https:\/\/gruene-wiesbaden.de\/lore-ipsum-samed\/","name":"Land- und Forstwirtschaft - B\u00dcNDNIS 90\/DIE GR\u00dcNEN Wiesbaden","isPartOf":{"@id":"https:\/\/gruene-wiesbaden.de\/#website"},"primaryImageOfPage":{"@id":"https:\/\/gruene-wiesbaden.de\/lore-ipsum-samed\/#primaryimage"},"image":{"@id":"https:\/\/gruene-wiesbaden.de\/lore-ipsum-samed\/#primaryimage"},"thumbnailUrl":"https:\/\/gruene-wiesbaden.de\/wp-content\/uploads\/2025\/07\/noaa-SkJG9sNkQVQ-unsplash-scaled.jpg","datePublished":"2025-08-01T20:40:52+00:00","dateModified":"2026-04-08T20:38:25+00:00","breadcrumb":{"@id":"https:\/\/gruene-wiesbaden.de\/lore-ipsum-samed\/#breadcrumb"},"inLanguage":"sk-SK","potentialAction":[{"@type":"ReadAction","target":["https:\/\/gruene-wiesbaden.de\/lore-ipsum-samed\/"]}]},{"@type":"ImageObject","inLanguage":"sk-SK","@id":"https:\/\/gruene-wiesbaden.de\/lore-ipsum-samed\/#primaryimage","url":"https:\/\/gruene-wiesbaden.de\/wp-content\/uploads\/2025\/07\/noaa-SkJG9sNkQVQ-unsplash-scaled.jpg","contentUrl":"https:\/\/gruene-wiesbaden.de\/wp-content\/uploads\/2025\/07\/noaa-SkJG9sNkQVQ-unsplash-scaled.jpg","width":1920,"height":2560},{"@type":"BreadcrumbList","@id":"https:\/\/gruene-wiesbaden.de\/lore-ipsum-samed\/#breadcrumb","itemListElement":[{"@type":"ListItem","position":1,"name":"Startseite","item":"https:\/\/gruene-wiesbaden.de\/"},{"@type":"ListItem","position":2,"name":"Land- und Forstwirtschaft"}]},{"@type":"WebSite","@id":"https:\/\/gruene-wiesbaden.de\/#website","url":"https:\/\/gruene-wiesbaden.de\/","name":"DIE GR\u00dcNEN Wiesbaden","description":"","publisher":{"@id":"https:\/\/gruene-wiesbaden.de\/#organization"},"potentialAction":[{"@type":"SearchAction","target":{"@type":"EntryPoint","urlTemplate":"https:\/\/gruene-wiesbaden.de\/?s={search_term_string}"},"query-input":{"@type":"PropertyValueSpecification","valueRequired":true,"valueName":"search_term_string"}}],"inLanguage":"sk-SK"},{"@type":"Organization","@id":"https:\/\/gruene-wiesbaden.de\/#organization","name":"DIE GR\u00dcNEN Wiesbaden","url":"https:\/\/gruene-wiesbaden.de\/","logo":{"@type":"ImageObject","inLanguage":"sk-SK","@id":"https:\/\/gruene-wiesbaden.de\/#\/schema\/logo\/image\/","url":"https:\/\/gruene-wiesbaden-fuer-europa.de\/wp-content\/uploads\/2024\/04\/Machen-was-zaehlt-5.png","contentUrl":"https:\/\/gruene-wiesbaden-fuer-europa.de\/wp-content\/uploads\/2024\/04\/Machen-was-zaehlt-5.png","width":1772,"height":1772,"caption":"DIE GR\u00dcNEN Wiesbaden"},"image":{"@id":"https:\/\/gruene-wiesbaden.de\/#\/schema\/logo\/image\/"},"sameAs":["https:\/\/www.facebook.com\/gruene.wi","https:\/\/instagram.com\/gruene_wi"]},{"@type":"Person","@id":"https:\/\/gruene-wiesbaden.de\/#\/schema\/person\/6785c34779159cd4fd86886bb097afe9","name":"admin","sameAs":["http:\/\/gruene-wiesbaden-fuer-europa.de"],"url":"https:\/\/gruene-wiesbaden.de\/sk\/author\/admin\/"}]}},"_links":{"self":[{"href":"https:\/\/gruene-wiesbaden.de\/sk\/wp-json\/wp\/v2\/posts\/1222","targetHints":{"allow":["GET"]}}],"collection":[{"href":"https:\/\/gruene-wiesbaden.de\/sk\/wp-json\/wp\/v2\/posts"}],"about":[{"href":"https:\/\/gruene-wiesbaden.de\/sk\/wp-json\/wp\/v2\/types\/post"}],"author":[{"embeddable":true,"href":"https:\/\/gruene-wiesbaden.de\/sk\/wp-json\/wp\/v2\/users\/1"}],"replies":[{"embeddable":true,"href":"https:\/\/gruene-wiesbaden.de\/sk\/wp-json\/wp\/v2\/comments?post=1222"}],"version-history":[{"count":15,"href":"https:\/\/gruene-wiesbaden.de\/sk\/wp-json\/wp\/v2\/posts\/1222\/revisions"}],"predecessor-version":[{"id":2369,"href":"https:\/\/gruene-wiesbaden.de\/sk\/wp-json\/wp\/v2\/posts\/1222\/revisions\/2369"}],"wp:featuredmedia":[{"embeddable":true,"href":"https:\/\/gruene-wiesbaden.de\/sk\/wp-json\/wp\/v2\/media\/1195"}],"wp:attachment":[{"href":"https:\/\/gruene-wiesbaden.de\/sk\/wp-json\/wp\/v2\/media?parent=1222"}],"wp:term":[{"taxonomy":"category","embeddable":true,"href":"https:\/\/gruene-wiesbaden.de\/sk\/wp-json\/wp\/v2\/categories?post=1222"},{"taxonomy":"post_tag","embeddable":true,"href":"https:\/\/gruene-wiesbaden.de\/sk\/wp-json\/wp\/v2\/tags?post=1222"}],"curies":[{"name":"wp","href":"https:\/\/api.w.org\/{rel}","templated":true}]}}