{"id":884,"date":"2025-03-12T12:00:45","date_gmt":"2025-03-12T12:00:45","guid":{"rendered":"http:\/\/gruene-wiesbaden.de.w0207e8f.kasserver.com\/?p=884"},"modified":"2025-06-17T15:47:58","modified_gmt":"2025-06-17T15:47:58","slug":"ob-stichwahl2025","status":"publish","type":"post","link":"https:\/\/gruene-wiesbaden.de\/ro\/ob-stichwahl2025\/","title":{"rendered":"B\u00dcNDNIS 90\/ DIE GR\u00dcNEN Wiesbaden solicit\u0103 participarea la alegerile pentru OB \u0219i recomand\u0103 candidatul SPD Gert-Uwe Mende"},"content":{"rendered":"<section class=\"l-section wpb_row height_medium\"><div class=\"l-section-h i-cf\"><div class=\"g-cols vc_row via_grid cols_1 laptops-cols_inherit tablets-cols_inherit mobiles-cols_1 valign_top type_default stacking_default\"><div class=\"wpb_column vc_column_container\"><div class=\"vc_column-inner\"><h3 class=\"w-post-elm post_title us_custom_ea76afbe entry-title color_link_inherit\">B\u00dcNDNIS 90\/ DIE GR\u00dcNEN Wiesbaden solicit\u0103 participarea la alegerile pentru OB \u0219i recomand\u0103 candidatul SPD Gert-Uwe Mende<\/h3><div class=\"w-post-elm post_image\"><img loading=\"lazy\" decoding=\"async\" width=\"600\" height=\"400\" src=\"https:\/\/gruene-wiesbaden.de\/wp-content\/uploads\/2025\/03\/OB-Wahl-Gesine-600x400.png\" class=\"attachment-large size-large wp-post-image\" alt=\"\" srcset=\"https:\/\/gruene-wiesbaden.de\/wp-content\/uploads\/2025\/03\/OB-Wahl-Gesine-600x400.png 600w, https:\/\/gruene-wiesbaden.de\/wp-content\/uploads\/2025\/03\/OB-Wahl-Gesine-400x267.png 400w, https:\/\/gruene-wiesbaden.de\/wp-content\/uploads\/2025\/03\/OB-Wahl-Gesine.png 1750w\" sizes=\"auto, (max-width: 600px) 100vw, 600px\" \/><\/div><div class=\"w-separator size_medium\"><\/div><div class=\"wpb_text_column\"><div class=\"wpb_wrapper\"><p><strong><span>\u00cen cadrul adun\u0103rii generale de mar\u021bi seara, membrii asocia\u021biei districtuale Wiesbaden din B\u00dcNDNIS 90\/DIE GR\u00dcNEN au analizat rezultatele alegerilor federale \u0219i pentru prim\u0103rie, au f\u0103cut un schimb de opinii cu privire la avantajele \u0219i dezavantajele unei recomand\u0103ri electorale pentru al doilea tur de scrutin al alegerilor pentru prim\u0103rie \u0219i au luat decizia de a emite o recomandare electoral\u0103 pentru Gert-Uwe Mende (SPD).\u00a0<\/span><\/strong><\/p>\n<p><span>\u201eDorim s\u0103 le mul\u021bumim tuturor aleg\u0103torilor care au votat pentru candidatul nostru verde la alegerile pentru OB. O mul\u021bumire special\u0103 se \u00eendreapt\u0103 chiar c\u0103tre Gesine Bonnet, care a promovat cu mult\u0103 energie viitorul progresist \u0219i ecologic al lui Wiesbaden. Campania lor electoral\u0103 a dat un impuls important, \u00een special pentru tranzi\u021bia c\u0103tre mobilitate, protec\u021bia climei \u0219i copii \u0219i tineri\u201d, au declarat cei doi pre\u0219edin\u021bi de district Rebecca Thomas \u0219i Daniel Schmitt.<\/span><\/p>\n<h4><span><strong>Recomandare electoral\u0103 pentru Gert-Uwe Mende (SPD) \u00een al doilea tur de scrutin<\/strong><\/span><\/h4>\n<p><span>Verzii din Wiesbaden au lucrat cu succes timp de aproximativ trei ani \u00eentr-o <\/span><span><strong>Cooperarea cu SPD, VOLT \u0219i DIE LINKE<\/strong><\/span><span> \u00eempreun\u0103. \u201e\u00cen ultimii ani, am colaborat cu Gert-Uwe Mende \u00een calitate de OB \u00eentr-un spirit de \u00eencredere \u00een cooperarea cu prim\u0103ria \u0219i am pus \u00een aplicare sau am lansat \u00een comun multe proiecte ecologice, cum ar fi noi zone pietonale, transformarea Pie\u021bei Alsaciei \u00eentr-o zon\u0103 verde \u0219i modernizarea Schwalbacher Stra\u00dfe. \u00cempreun\u0103 cu el, am reu\u0219it s\u0103 dep\u0103\u0219im criza provocat\u0103 de coronavirus \u0219i criza energetic\u0103. Suntem, de asemenea, uni\u021bi \u00een lupta \u00eempotriva extremismului de dreapta \u0219i pentru o societate urban\u0103 divers\u0103\", spune Gesine Bonnet, care este \u0219i liderul Grupului Verzilor. \"\u00cen acela\u0219i timp, exist\u0103 domenii \u00een care trebuie s\u0103 se \u00eent\u00e2mple \u0219i mai mult. Am discutat acest lucru cu Gert-Uwe Mende \u00een persoan\u0103 mar\u021bi. El ne-a asigurat c\u0103, \u00een eventualitatea realegerii sale, va continua s\u0103 avanseze proiecte viitoare importante cu noi: Acestea includ tranzi\u021bia la transport \u0219i \u00eenc\u0103lzire, construirea \u00een cl\u0103dirile existente pentru a reduce la minimum consumul de terenuri, gestionarea protec\u021biei climei la nivelul \u00eentregului ora\u0219 \u0219i proiectul \"Modernizare administrativ\u0103\", spune Bonnet.<\/span><\/p>\n<p><span>De asemenea, a fost important pentru GR\u00dcNEN ca Gert-Uwe Mende, spre deosebire de concurentul s\u0103u, s\u0103 p\u0103r\u0103seasc\u0103 Consiliul de Supraveghere al ESWE Verkehr a\u0219a cum este. \u201eCompania noastr\u0103 municipal\u0103 de autobuze este din nou pe drumul cel bun, cooperarea cu prim\u0103ria a sporit finan\u021barea, orarul a fost prelungit din nou. Av\u00e2nd \u00een vedere planul de transport local adoptat recent \u0219i noul depozit planificat, exist\u0103 o perspectiv\u0103 puternic\u0103 pentru viitor. Pentru angaja\u021bi \u0219i pasagerii autobuzelor, este important ca munca s\u0103 poat\u0103 continua acum \u00een pace \u0219i continuitate \u2013 iar acest lucru este asigurat doar de un Lord Mayor Mende\u201d, spune Bonnet.<\/span><\/p>\n<p><span>Membrii asocia\u021biei districtuale Wiesbaden<\/span><span><\/span><span>A se vedea \u00een cazul realegerii <\/span><span><strong>Gert-Uwe Mende<\/strong><\/span><span> Cel mai bun mod de a promova con\u021binutul verde. Prin urmare, adunarea general\u0103 a B\u00dcNDNIS 90\/DIE GR\u00dcNEN Wiesbaden a decis s\u0103 voteze pentru al doilea tur de scrutin din data de <\/span><span><strong>30 martie<\/strong><\/span><span> O recomandare electoral\u0103 pentru <\/span><span><strong>Gert-Uwe Mende<\/strong><\/span><span> Pronun\u021b\u0103.<\/span><\/p>\n<h4><span><strong>Apel la prezen\u021ba la vot<\/strong><\/span><\/h4>\n<p><span>La 30 martie 2025, al doilea tur de scrutin va avea loc la Wiesbaden, \u00een care Gert-Uwe Mende (SPD) \u0219i Thilo von Debschitz (candidat comun al CDU \u0219i FDP) vor concura \u00eentre ei. \"Chiar dac\u0103 nu candid\u0103m pentru al doilea tur de scrutin cu un candidat verde, este \u00eenc\u0103 important ca aleg\u0103torii no\u0219tri s\u0103-\u0219i pun\u0103 votul pe c\u00e2ntar\", spune Rebecca Thomas. \u201ePrin urmare, solicit\u0103m aleg\u0103torilor no\u0219tri s\u0103 mearg\u0103 la al doilea tur de scrutin \u0219i recomand\u0103m votarea candidatului OB Gert-Uwe Mende (SPD)\u201d, spune Daniel Schmitt.<\/span><\/p>\n<\/div><\/div><\/div><\/div><\/div><\/div><\/section>","protected":false},"excerpt":{"rendered":"B\u00dcNDNIS 90\/ DIE GR\u00dcNEN Wiesbaden solicit\u0103 participarea la alegerile pentru OB \u0219i recomand\u0103 candidatul SPD Gert-Uwe MendeMembrii asocia\u021biei districtuale Wiesbaden din B\u00dcNDNIS 90\/DIE GR\u00dcNEN au analizat rezultatele alegerilor federale \u0219i pentru prim\u0103rie la adunarea general\u0103 de mar\u021bi seara, au f\u0103cut schimb de opinii cu privire la avantajele \u0219i dezavantajele unei recomand\u0103ri electorale pentru al doilea tur de scrutin al alegerilor pentru prim\u0103rie \u0219i...","protected":false},"author":1,"featured_media":911,"comment_status":"closed","ping_status":"closed","sticky":false,"template":"","format":"standard","meta":{"footnotes":""},"categories":[5],"tags":[],"class_list":["post-884","post","type-post","status-publish","format-standard","has-post-thumbnail","hentry","category-wahlen"],"yoast_head":"<!-- This site is optimized with the Yoast SEO plugin v27.5 - https:\/\/yoast.com\/product\/yoast-seo-wordpress\/ -->\n<title>B\u00dcNDNIS 90\/ DIE GR\u00dcNEN Wiesbaden rufen zur Beteiligung an der OB-Stichwahl auf und empfehlen den SPD-Kandidaten Gert-Uwe Mende - B\u00dcNDNIS 90\/DIE GR\u00dcNEN Wiesbaden<\/title>\n<meta name=\"robots\" content=\"index, follow, max-snippet:-1, max-image-preview:large, max-video-preview:-1\" \/>\n<link rel=\"canonical\" href=\"https:\/\/gruene-wiesbaden.de\/ro\/ob-stichwahl2025\/\" \/>\n<meta property=\"og:locale\" content=\"ro_RO\" \/>\n<meta property=\"og:type\" content=\"article\" \/>\n<meta property=\"og:title\" content=\"B\u00dcNDNIS 90\/ DIE GR\u00dcNEN Wiesbaden rufen zur Beteiligung an der OB-Stichwahl auf und empfehlen den SPD-Kandidaten Gert-Uwe Mende - B\u00dcNDNIS 90\/DIE GR\u00dcNEN Wiesbaden\" \/>\n<meta property=\"og:url\" content=\"https:\/\/gruene-wiesbaden.de\/ro\/ob-stichwahl2025\/\" \/>\n<meta property=\"og:site_name\" content=\"B\u00dcNDNIS 90\/DIE GR\u00dcNEN Wiesbaden\" \/>\n<meta property=\"article:publisher\" content=\"https:\/\/www.facebook.com\/gruene.wi\" \/>\n<meta property=\"article:published_time\" content=\"2025-03-12T12:00:45+00:00\" \/>\n<meta property=\"article:modified_time\" content=\"2025-06-17T15:47:58+00:00\" \/>\n<meta property=\"og:image\" content=\"https:\/\/gruene-wiesbaden.de\/wp-content\/uploads\/2025\/03\/OB-Wahl-Gesine-600x400.png\" \/>\n\t<meta property=\"og:image:width\" content=\"600\" \/>\n\t<meta property=\"og:image:height\" content=\"400\" \/>\n\t<meta property=\"og:image:type\" content=\"image\/png\" \/>\n<meta name=\"author\" content=\"admin\" \/>\n<meta name=\"twitter:card\" content=\"summary_large_image\" \/>\n<meta name=\"twitter:label1\" content=\"Scris de\" \/>\n\t<meta name=\"twitter:data1\" content=\"admin\" \/>\n\t<meta name=\"twitter:label2\" content=\"Timp estimat pentru citire\" \/>\n\t<meta name=\"twitter:data2\" content=\"3 minutes\" \/>\n<script type=\"application\/ld+json\" class=\"yoast-schema-graph\">{\"@context\":\"https:\\\/\\\/schema.org\",\"@graph\":[{\"@type\":\"Article\",\"@id\":\"https:\\\/\\\/gruene-wiesbaden.de\\\/ob-stichwahl2025\\\/#article\",\"isPartOf\":{\"@id\":\"https:\\\/\\\/gruene-wiesbaden.de\\\/ob-stichwahl2025\\\/\"},\"author\":{\"name\":\"admin\",\"@id\":\"https:\\\/\\\/gruene-wiesbaden.de\\\/#\\\/schema\\\/person\\\/6785c34779159cd4fd86886bb097afe9\"},\"headline\":\"B\u00dcNDNIS 90\\\/ DIE GR\u00dcNEN Wiesbaden rufen zur Beteiligung an der OB-Stichwahl auf und empfehlen den SPD-Kandidaten Gert-Uwe Mende\",\"datePublished\":\"2025-03-12T12:00:45+00:00\",\"dateModified\":\"2025-06-17T15:47:58+00:00\",\"mainEntityOfPage\":{\"@id\":\"https:\\\/\\\/gruene-wiesbaden.de\\\/ob-stichwahl2025\\\/\"},\"wordCount\":590,\"publisher\":{\"@id\":\"https:\\\/\\\/gruene-wiesbaden.de\\\/#organization\"},\"image\":{\"@id\":\"https:\\\/\\\/gruene-wiesbaden.de\\\/ob-stichwahl2025\\\/#primaryimage\"},\"thumbnailUrl\":\"https:\\\/\\\/gruene-wiesbaden.de\\\/wp-content\\\/uploads\\\/2025\\\/03\\\/OB-Wahl-Gesine.png\",\"articleSection\":[\"Wahlen\"],\"inLanguage\":\"ro-RO\"},{\"@type\":\"WebPage\",\"@id\":\"https:\\\/\\\/gruene-wiesbaden.de\\\/ob-stichwahl2025\\\/\",\"url\":\"https:\\\/\\\/gruene-wiesbaden.de\\\/ob-stichwahl2025\\\/\",\"name\":\"B\u00dcNDNIS 90\\\/ DIE GR\u00dcNEN Wiesbaden rufen zur Beteiligung an der OB-Stichwahl auf und empfehlen den SPD-Kandidaten Gert-Uwe Mende - B\u00dcNDNIS 90\\\/DIE GR\u00dcNEN Wiesbaden\",\"isPartOf\":{\"@id\":\"https:\\\/\\\/gruene-wiesbaden.de\\\/#website\"},\"primaryImageOfPage\":{\"@id\":\"https:\\\/\\\/gruene-wiesbaden.de\\\/ob-stichwahl2025\\\/#primaryimage\"},\"image\":{\"@id\":\"https:\\\/\\\/gruene-wiesbaden.de\\\/ob-stichwahl2025\\\/#primaryimage\"},\"thumbnailUrl\":\"https:\\\/\\\/gruene-wiesbaden.de\\\/wp-content\\\/uploads\\\/2025\\\/03\\\/OB-Wahl-Gesine.png\",\"datePublished\":\"2025-03-12T12:00:45+00:00\",\"dateModified\":\"2025-06-17T15:47:58+00:00\",\"breadcrumb\":{\"@id\":\"https:\\\/\\\/gruene-wiesbaden.de\\\/ob-stichwahl2025\\\/#breadcrumb\"},\"inLanguage\":\"ro-RO\",\"potentialAction\":[{\"@type\":\"ReadAction\",\"target\":[\"https:\\\/\\\/gruene-wiesbaden.de\\\/ob-stichwahl2025\\\/\"]}]},{\"@type\":\"ImageObject\",\"inLanguage\":\"ro-RO\",\"@id\":\"https:\\\/\\\/gruene-wiesbaden.de\\\/ob-stichwahl2025\\\/#primaryimage\",\"url\":\"https:\\\/\\\/gruene-wiesbaden.de\\\/wp-content\\\/uploads\\\/2025\\\/03\\\/OB-Wahl-Gesine.png\",\"contentUrl\":\"https:\\\/\\\/gruene-wiesbaden.de\\\/wp-content\\\/uploads\\\/2025\\\/03\\\/OB-Wahl-Gesine.png\",\"width\":1750,\"height\":1166},{\"@type\":\"BreadcrumbList\",\"@id\":\"https:\\\/\\\/gruene-wiesbaden.de\\\/ob-stichwahl2025\\\/#breadcrumb\",\"itemListElement\":[{\"@type\":\"ListItem\",\"position\":1,\"name\":\"Startseite\",\"item\":\"https:\\\/\\\/gruene-wiesbaden.de\\\/\"},{\"@type\":\"ListItem\",\"position\":2,\"name\":\"B\u00dcNDNIS 90\\\/ DIE GR\u00dcNEN Wiesbaden rufen zur Beteiligung an der OB-Stichwahl auf und empfehlen den SPD-Kandidaten Gert-Uwe Mende\"}]},{\"@type\":\"WebSite\",\"@id\":\"https:\\\/\\\/gruene-wiesbaden.de\\\/#website\",\"url\":\"https:\\\/\\\/gruene-wiesbaden.de\\\/\",\"name\":\"DIE GR\u00dcNEN Wiesbaden\",\"description\":\"\",\"publisher\":{\"@id\":\"https:\\\/\\\/gruene-wiesbaden.de\\\/#organization\"},\"potentialAction\":[{\"@type\":\"SearchAction\",\"target\":{\"@type\":\"EntryPoint\",\"urlTemplate\":\"https:\\\/\\\/gruene-wiesbaden.de\\\/?s={search_term_string}\"},\"query-input\":{\"@type\":\"PropertyValueSpecification\",\"valueRequired\":true,\"valueName\":\"search_term_string\"}}],\"inLanguage\":\"ro-RO\"},{\"@type\":\"Organization\",\"@id\":\"https:\\\/\\\/gruene-wiesbaden.de\\\/#organization\",\"name\":\"DIE GR\u00dcNEN Wiesbaden\",\"url\":\"https:\\\/\\\/gruene-wiesbaden.de\\\/\",\"logo\":{\"@type\":\"ImageObject\",\"inLanguage\":\"ro-RO\",\"@id\":\"https:\\\/\\\/gruene-wiesbaden.de\\\/#\\\/schema\\\/logo\\\/image\\\/\",\"url\":\"https:\\\/\\\/gruene-wiesbaden-fuer-europa.de\\\/wp-content\\\/uploads\\\/2024\\\/04\\\/Machen-was-zaehlt-5.png\",\"contentUrl\":\"https:\\\/\\\/gruene-wiesbaden-fuer-europa.de\\\/wp-content\\\/uploads\\\/2024\\\/04\\\/Machen-was-zaehlt-5.png\",\"width\":1772,\"height\":1772,\"caption\":\"DIE GR\u00dcNEN Wiesbaden\"},\"image\":{\"@id\":\"https:\\\/\\\/gruene-wiesbaden.de\\\/#\\\/schema\\\/logo\\\/image\\\/\"},\"sameAs\":[\"https:\\\/\\\/www.facebook.com\\\/gruene.wi\",\"https:\\\/\\\/instagram.com\\\/gruene_wi\"]},{\"@type\":\"Person\",\"@id\":\"https:\\\/\\\/gruene-wiesbaden.de\\\/#\\\/schema\\\/person\\\/6785c34779159cd4fd86886bb097afe9\",\"name\":\"admin\",\"sameAs\":[\"http:\\\/\\\/gruene-wiesbaden-fuer-europa.de\"],\"url\":\"https:\\\/\\\/gruene-wiesbaden.de\\\/ro\\\/author\\\/admin\\\/\"}]}<\/script>\n<!-- \/ Yoast SEO plugin. -->","yoast_head_json":{"title":"B\u00dcNDNIS 90\/ DIE GR\u00dcNEN Wiesbaden rufen zur Beteiligung an der OB-Stichwahl auf und empfehlen den SPD-Kandidaten Gert-Uwe Mende - B\u00dcNDNIS 90\/DIE GR\u00dcNEN Wiesbaden","robots":{"index":"index","follow":"follow","max-snippet":"max-snippet:-1","max-image-preview":"max-image-preview:large","max-video-preview":"max-video-preview:-1"},"canonical":"https:\/\/gruene-wiesbaden.de\/ro\/ob-stichwahl2025\/","og_locale":"ro_RO","og_type":"article","og_title":"B\u00dcNDNIS 90\/ DIE GR\u00dcNEN Wiesbaden rufen zur Beteiligung an der OB-Stichwahl auf und empfehlen den SPD-Kandidaten Gert-Uwe Mende - B\u00dcNDNIS 90\/DIE GR\u00dcNEN Wiesbaden","og_url":"https:\/\/gruene-wiesbaden.de\/ro\/ob-stichwahl2025\/","og_site_name":"B\u00dcNDNIS 90\/DIE GR\u00dcNEN Wiesbaden","article_publisher":"https:\/\/www.facebook.com\/gruene.wi","article_published_time":"2025-03-12T12:00:45+00:00","article_modified_time":"2025-06-17T15:47:58+00:00","og_image":[{"width":600,"height":400,"url":"https:\/\/gruene-wiesbaden.de\/wp-content\/uploads\/2025\/03\/OB-Wahl-Gesine-600x400.png","type":"image\/png"}],"author":"admin","twitter_card":"summary_large_image","twitter_misc":{"Scris de":"admin","Timp estimat pentru citire":"3 minutes"},"schema":{"@context":"https:\/\/schema.org","@graph":[{"@type":"Article","@id":"https:\/\/gruene-wiesbaden.de\/ob-stichwahl2025\/#article","isPartOf":{"@id":"https:\/\/gruene-wiesbaden.de\/ob-stichwahl2025\/"},"author":{"name":"admin","@id":"https:\/\/gruene-wiesbaden.de\/#\/schema\/person\/6785c34779159cd4fd86886bb097afe9"},"headline":"B\u00dcNDNIS 90\/ DIE GR\u00dcNEN Wiesbaden rufen zur Beteiligung an der OB-Stichwahl auf und empfehlen den SPD-Kandidaten Gert-Uwe Mende","datePublished":"2025-03-12T12:00:45+00:00","dateModified":"2025-06-17T15:47:58+00:00","mainEntityOfPage":{"@id":"https:\/\/gruene-wiesbaden.de\/ob-stichwahl2025\/"},"wordCount":590,"publisher":{"@id":"https:\/\/gruene-wiesbaden.de\/#organization"},"image":{"@id":"https:\/\/gruene-wiesbaden.de\/ob-stichwahl2025\/#primaryimage"},"thumbnailUrl":"https:\/\/gruene-wiesbaden.de\/wp-content\/uploads\/2025\/03\/OB-Wahl-Gesine.png","articleSection":["Wahlen"],"inLanguage":"ro-RO"},{"@type":"WebPage","@id":"https:\/\/gruene-wiesbaden.de\/ob-stichwahl2025\/","url":"https:\/\/gruene-wiesbaden.de\/ob-stichwahl2025\/","name":"B\u00dcNDNIS 90\/ DIE GR\u00dcNEN Wiesbaden rufen zur Beteiligung an der OB-Stichwahl auf und empfehlen den SPD-Kandidaten Gert-Uwe Mende - B\u00dcNDNIS 90\/DIE GR\u00dcNEN Wiesbaden","isPartOf":{"@id":"https:\/\/gruene-wiesbaden.de\/#website"},"primaryImageOfPage":{"@id":"https:\/\/gruene-wiesbaden.de\/ob-stichwahl2025\/#primaryimage"},"image":{"@id":"https:\/\/gruene-wiesbaden.de\/ob-stichwahl2025\/#primaryimage"},"thumbnailUrl":"https:\/\/gruene-wiesbaden.de\/wp-content\/uploads\/2025\/03\/OB-Wahl-Gesine.png","datePublished":"2025-03-12T12:00:45+00:00","dateModified":"2025-06-17T15:47:58+00:00","breadcrumb":{"@id":"https:\/\/gruene-wiesbaden.de\/ob-stichwahl2025\/#breadcrumb"},"inLanguage":"ro-RO","potentialAction":[{"@type":"ReadAction","target":["https:\/\/gruene-wiesbaden.de\/ob-stichwahl2025\/"]}]},{"@type":"ImageObject","inLanguage":"ro-RO","@id":"https:\/\/gruene-wiesbaden.de\/ob-stichwahl2025\/#primaryimage","url":"https:\/\/gruene-wiesbaden.de\/wp-content\/uploads\/2025\/03\/OB-Wahl-Gesine.png","contentUrl":"https:\/\/gruene-wiesbaden.de\/wp-content\/uploads\/2025\/03\/OB-Wahl-Gesine.png","width":1750,"height":1166},{"@type":"BreadcrumbList","@id":"https:\/\/gruene-wiesbaden.de\/ob-stichwahl2025\/#breadcrumb","itemListElement":[{"@type":"ListItem","position":1,"name":"Startseite","item":"https:\/\/gruene-wiesbaden.de\/"},{"@type":"ListItem","position":2,"name":"B\u00dcNDNIS 90\/ DIE GR\u00dcNEN Wiesbaden rufen zur Beteiligung an der OB-Stichwahl auf und empfehlen den SPD-Kandidaten Gert-Uwe Mende"}]},{"@type":"WebSite","@id":"https:\/\/gruene-wiesbaden.de\/#website","url":"https:\/\/gruene-wiesbaden.de\/","name":"DIE GR\u00dcNEN Wiesbaden","description":"","publisher":{"@id":"https:\/\/gruene-wiesbaden.de\/#organization"},"potentialAction":[{"@type":"SearchAction","target":{"@type":"EntryPoint","urlTemplate":"https:\/\/gruene-wiesbaden.de\/?s={search_term_string}"},"query-input":{"@type":"PropertyValueSpecification","valueRequired":true,"valueName":"search_term_string"}}],"inLanguage":"ro-RO"},{"@type":"Organization","@id":"https:\/\/gruene-wiesbaden.de\/#organization","name":"DIE GR\u00dcNEN Wiesbaden","url":"https:\/\/gruene-wiesbaden.de\/","logo":{"@type":"ImageObject","inLanguage":"ro-RO","@id":"https:\/\/gruene-wiesbaden.de\/#\/schema\/logo\/image\/","url":"https:\/\/gruene-wiesbaden-fuer-europa.de\/wp-content\/uploads\/2024\/04\/Machen-was-zaehlt-5.png","contentUrl":"https:\/\/gruene-wiesbaden-fuer-europa.de\/wp-content\/uploads\/2024\/04\/Machen-was-zaehlt-5.png","width":1772,"height":1772,"caption":"DIE GR\u00dcNEN Wiesbaden"},"image":{"@id":"https:\/\/gruene-wiesbaden.de\/#\/schema\/logo\/image\/"},"sameAs":["https:\/\/www.facebook.com\/gruene.wi","https:\/\/instagram.com\/gruene_wi"]},{"@type":"Person","@id":"https:\/\/gruene-wiesbaden.de\/#\/schema\/person\/6785c34779159cd4fd86886bb097afe9","name":"admin","sameAs":["http:\/\/gruene-wiesbaden-fuer-europa.de"],"url":"https:\/\/gruene-wiesbaden.de\/ro\/author\/admin\/"}]}},"_links":{"self":[{"href":"https:\/\/gruene-wiesbaden.de\/ro\/wp-json\/wp\/v2\/posts\/884","targetHints":{"allow":["GET"]}}],"collection":[{"href":"https:\/\/gruene-wiesbaden.de\/ro\/wp-json\/wp\/v2\/posts"}],"about":[{"href":"https:\/\/gruene-wiesbaden.de\/ro\/wp-json\/wp\/v2\/types\/post"}],"author":[{"embeddable":true,"href":"https:\/\/gruene-wiesbaden.de\/ro\/wp-json\/wp\/v2\/users\/1"}],"replies":[{"embeddable":true,"href":"https:\/\/gruene-wiesbaden.de\/ro\/wp-json\/wp\/v2\/comments?post=884"}],"version-history":[{"count":5,"href":"https:\/\/gruene-wiesbaden.de\/ro\/wp-json\/wp\/v2\/posts\/884\/revisions"}],"predecessor-version":[{"id":910,"href":"https:\/\/gruene-wiesbaden.de\/ro\/wp-json\/wp\/v2\/posts\/884\/revisions\/910"}],"wp:featuredmedia":[{"embeddable":true,"href":"https:\/\/gruene-wiesbaden.de\/ro\/wp-json\/wp\/v2\/media\/911"}],"wp:attachment":[{"href":"https:\/\/gruene-wiesbaden.de\/ro\/wp-json\/wp\/v2\/media?parent=884"}],"wp:term":[{"taxonomy":"category","embeddable":true,"href":"https:\/\/gruene-wiesbaden.de\/ro\/wp-json\/wp\/v2\/categories?post=884"},{"taxonomy":"post_tag","embeddable":true,"href":"https:\/\/gruene-wiesbaden.de\/ro\/wp-json\/wp\/v2\/tags?post=884"}],"curies":[{"name":"wp","href":"https:\/\/api.w.org\/{rel}","templated":true}]}}