{"id":872,"date":"2024-11-22T12:00:22","date_gmt":"2024-11-22T12:00:22","guid":{"rendered":"http:\/\/gruene-wiesbaden.de.w0207e8f.kasserver.com\/?p=872"},"modified":"2025-06-16T21:02:09","modified_gmt":"2025-06-16T21:02:09","slug":"neuerfraktionsvorstand2024","status":"publish","type":"post","link":"https:\/\/gruene-wiesbaden.de\/ro\/neuerfraktionsvorstand2024\/","title":{"rendered":"A fost aleas\u0103 noua comisie parlamentar\u0103 a Grupului Prim\u0103riei"},"content":{"rendered":"<section class=\"l-section wpb_row height_medium\"><div class=\"l-section-h i-cf\"><div class=\"g-cols vc_row via_grid cols_1 laptops-cols_inherit tablets-cols_inherit mobiles-cols_1 valign_top type_default stacking_default\"><div class=\"wpb_column vc_column_container\"><div class=\"vc_column-inner\"><h2 class=\"w-post-elm post_title entry-title color_link_inherit\">A fost aleas\u0103 noua comisie parlamentar\u0103 a Grupului Prim\u0103riei<\/h2><div class=\"w-post-elm post_image\"><img loading=\"lazy\" decoding=\"async\" width=\"560\" height=\"600\" src=\"https:\/\/gruene-wiesbaden.de\/wp-content\/uploads\/2025\/03\/Bildschirmfoto-2025-06-16-um-22.59.36-560x600.png\" class=\"attachment-large size-large wp-post-image\" alt=\"\" srcset=\"https:\/\/gruene-wiesbaden.de\/wp-content\/uploads\/2025\/03\/Bildschirmfoto-2025-06-16-um-22.59.36-560x600.png 560w, https:\/\/gruene-wiesbaden.de\/wp-content\/uploads\/2025\/03\/Bildschirmfoto-2025-06-16-um-22.59.36-374x400.png 374w, https:\/\/gruene-wiesbaden.de\/wp-content\/uploads\/2025\/03\/Bildschirmfoto-2025-06-16-um-22.59.36.png 1756w\" sizes=\"auto, (max-width: 560px) 100vw, 560px\" \/><\/div><div class=\"w-separator size_medium\"><\/div><div class=\"wpb_text_column\"><div class=\"wpb_wrapper\"><p><strong>Frac\u021biunea Green Town Hall din Wiesbaden a ales joi un nou director al grupului. Liderul grupului \u0219i candidatul la func\u021bia de primar al Verzilor, Gesine Bonnet, a fost confirmat\u0103 \u00een biroul s\u0103u. Noul pre\u0219edinte de l\u00e2ng\u0103 ea va fi purt\u0103torul de cuv\u00e2nt politic digital al Verzilor din prim\u0103rie, Prof. Dr. Johannes Luderschmidt. \u00cempreun\u0103, ace\u0219tia formeaz\u0103 noul \u0219ef dublu al Grupului Verzilor.<\/strong><strong>Adjunc\u021bii Comitetului executiv vor r\u0103m\u00e2ne Doroth\u00e9e Andes-M\u00fcller \u0219i Hendrik Seipel-Rotter, care a fost, de asemenea, reales \u00een func\u021bia de director executiv parlamentar. <\/strong><\/p>\n<p>\"V\u0103 mul\u021bumesc pentru \u00eencrederea pe care mi-a\u021bi acordat-o \u0219i a\u0219tept cu ner\u0103bdare s\u0103 lucr\u0103m \u00eempreun\u0103 \u00een echipa nou format\u0103\", a declarat Gesine Bonnet, pre\u0219edinta Grupului. \u201eContinu\u0103m s\u0103 sus\u021binem politici progresiste care s\u0103 r\u0103spund\u0103 provoc\u0103rilor vremurilor \u0219i s\u0103 preg\u0103teasc\u0103 ora\u0219ul nostru pentru viitor.\u201d<\/p>\n<p>\u201ePentru noi, acestea includ o mai bun\u0103 protec\u021bie a climei, noi concepte de mobilitate, consolidarea re\u021belei sociale \u0219i a scenei culturale din Wiesbaden, precum \u0219i o planificare urban\u0103 inteligent\u0103 \u0219i durabil\u0103\u201d, adaug\u0103 Johannes Luderschmidt. \u201eMul\u021bumesc c\u0103lduros grupului pentru aceast\u0103 recunoa\u0219tere \u0219i a\u0219tept cu interes s\u0103 abordez noua sarcin\u0103 cu angajament.\u201d<\/p>\n<p>\"Suntem foarte \u00eenc\u00e2nta\u021bi c\u0103 cei doi suplean\u021bi ai no\u0219tri, Doroth\u00e9e Andes-M\u00fcller \u0219i Hendrik Seipel-Rotter, au fost, de asemenea, confirma\u021bi \u00een func\u021bie \u0219i se angajeaz\u0103 s\u0103 ne sprijine pe noi, precum \u0219i \u00eentregul grup\", a subliniat Bonnet. Fostul lider al grupului, Felix Kisseler, nu mai candidase la alegeri. \u00cei mul\u021bumim \u00een mod special pentru angajamentul \u0219i buna sa cooperare\u201d, spune Luderschmidt.<\/p>\n<\/div><\/div><\/div><\/div><\/div><\/div><\/section>","protected":false},"excerpt":{"rendered":"Grupul parlamentar Green Town Hall din Wiesbaden a ales joi un nou executiv al grupului parlamentar. Liderul grupului \u0219i candidatul la func\u021bia de primar al Verzilor, Gesine Bonnet, a fost confirmat\u0103 \u00een biroul s\u0103u. Noul pre\u0219edinte de l\u00e2ng\u0103 ea va fi purt\u0103torul de cuv\u00e2nt politic digital al Verzilor din prim\u0103rie, Prof. Dr. Johannes Luderschmidt. \u00cempreun\u0103, ei formeaz\u0103 noua conducere dual\u0103 a Grupului Verde.Deputa\u021bii Biroului r\u0103m\u00e2n...","protected":false},"author":1,"featured_media":929,"comment_status":"closed","ping_status":"closed","sticky":false,"template":"","format":"standard","meta":{"footnotes":""},"categories":[5],"tags":[],"class_list":["post-872","post","type-post","status-publish","format-standard","has-post-thumbnail","hentry","category-wahlen"],"yoast_head":"<!-- This site is optimized with the Yoast SEO plugin v27.5 - https:\/\/yoast.com\/product\/yoast-seo-wordpress\/ -->\n<title>Neuer Fraktionsvorstand der Rathausfraktion gew\u00e4hlt - B\u00dcNDNIS 90\/DIE GR\u00dcNEN Wiesbaden<\/title>\n<meta name=\"robots\" content=\"index, follow, max-snippet:-1, max-image-preview:large, max-video-preview:-1\" \/>\n<link rel=\"canonical\" href=\"https:\/\/gruene-wiesbaden.de\/ro\/neuerfraktionsvorstand2024\/\" \/>\n<meta property=\"og:locale\" content=\"ro_RO\" \/>\n<meta property=\"og:type\" content=\"article\" \/>\n<meta property=\"og:title\" content=\"Neuer Fraktionsvorstand der Rathausfraktion gew\u00e4hlt - B\u00dcNDNIS 90\/DIE GR\u00dcNEN Wiesbaden\" \/>\n<meta property=\"og:url\" content=\"https:\/\/gruene-wiesbaden.de\/ro\/neuerfraktionsvorstand2024\/\" \/>\n<meta property=\"og:site_name\" content=\"B\u00dcNDNIS 90\/DIE GR\u00dcNEN Wiesbaden\" \/>\n<meta property=\"article:publisher\" content=\"https:\/\/www.facebook.com\/gruene.wi\" \/>\n<meta property=\"article:published_time\" content=\"2024-11-22T12:00:22+00:00\" \/>\n<meta property=\"article:modified_time\" content=\"2025-06-16T21:02:09+00:00\" \/>\n<meta property=\"og:image\" content=\"https:\/\/gruene-wiesbaden.de\/wp-content\/uploads\/2025\/03\/Bildschirmfoto-2025-06-16-um-22.59.36-560x600.png\" \/>\n\t<meta property=\"og:image:width\" content=\"560\" \/>\n\t<meta property=\"og:image:height\" content=\"600\" \/>\n\t<meta property=\"og:image:type\" content=\"image\/png\" \/>\n<meta name=\"author\" content=\"admin\" \/>\n<meta name=\"twitter:card\" content=\"summary_large_image\" \/>\n<meta name=\"twitter:label1\" content=\"Scris de\" \/>\n\t<meta name=\"twitter:data1\" content=\"admin\" \/>\n\t<meta name=\"twitter:label2\" content=\"Timp estimat pentru citire\" \/>\n\t<meta name=\"twitter:data2\" content=\"2 minutes\" \/>\n<script type=\"application\/ld+json\" class=\"yoast-schema-graph\">{\"@context\":\"https:\\\/\\\/schema.org\",\"@graph\":[{\"@type\":\"Article\",\"@id\":\"https:\\\/\\\/gruene-wiesbaden.de\\\/neuerfraktionsvorstand2024\\\/#article\",\"isPartOf\":{\"@id\":\"https:\\\/\\\/gruene-wiesbaden.de\\\/neuerfraktionsvorstand2024\\\/\"},\"author\":{\"name\":\"admin\",\"@id\":\"https:\\\/\\\/gruene-wiesbaden.de\\\/#\\\/schema\\\/person\\\/6785c34779159cd4fd86886bb097afe9\"},\"headline\":\"Neuer Fraktionsvorstand der Rathausfraktion gew\u00e4hlt\",\"datePublished\":\"2024-11-22T12:00:22+00:00\",\"dateModified\":\"2025-06-16T21:02:09+00:00\",\"mainEntityOfPage\":{\"@id\":\"https:\\\/\\\/gruene-wiesbaden.de\\\/neuerfraktionsvorstand2024\\\/\"},\"wordCount\":263,\"publisher\":{\"@id\":\"https:\\\/\\\/gruene-wiesbaden.de\\\/#organization\"},\"image\":{\"@id\":\"https:\\\/\\\/gruene-wiesbaden.de\\\/neuerfraktionsvorstand2024\\\/#primaryimage\"},\"thumbnailUrl\":\"https:\\\/\\\/gruene-wiesbaden.de\\\/wp-content\\\/uploads\\\/2025\\\/03\\\/Bildschirmfoto-2025-06-16-um-22.59.36.png\",\"articleSection\":[\"Wahlen\"],\"inLanguage\":\"ro-RO\"},{\"@type\":\"WebPage\",\"@id\":\"https:\\\/\\\/gruene-wiesbaden.de\\\/neuerfraktionsvorstand2024\\\/\",\"url\":\"https:\\\/\\\/gruene-wiesbaden.de\\\/neuerfraktionsvorstand2024\\\/\",\"name\":\"Neuer Fraktionsvorstand der Rathausfraktion gew\u00e4hlt - B\u00dcNDNIS 90\\\/DIE GR\u00dcNEN Wiesbaden\",\"isPartOf\":{\"@id\":\"https:\\\/\\\/gruene-wiesbaden.de\\\/#website\"},\"primaryImageOfPage\":{\"@id\":\"https:\\\/\\\/gruene-wiesbaden.de\\\/neuerfraktionsvorstand2024\\\/#primaryimage\"},\"image\":{\"@id\":\"https:\\\/\\\/gruene-wiesbaden.de\\\/neuerfraktionsvorstand2024\\\/#primaryimage\"},\"thumbnailUrl\":\"https:\\\/\\\/gruene-wiesbaden.de\\\/wp-content\\\/uploads\\\/2025\\\/03\\\/Bildschirmfoto-2025-06-16-um-22.59.36.png\",\"datePublished\":\"2024-11-22T12:00:22+00:00\",\"dateModified\":\"2025-06-16T21:02:09+00:00\",\"breadcrumb\":{\"@id\":\"https:\\\/\\\/gruene-wiesbaden.de\\\/neuerfraktionsvorstand2024\\\/#breadcrumb\"},\"inLanguage\":\"ro-RO\",\"potentialAction\":[{\"@type\":\"ReadAction\",\"target\":[\"https:\\\/\\\/gruene-wiesbaden.de\\\/neuerfraktionsvorstand2024\\\/\"]}]},{\"@type\":\"ImageObject\",\"inLanguage\":\"ro-RO\",\"@id\":\"https:\\\/\\\/gruene-wiesbaden.de\\\/neuerfraktionsvorstand2024\\\/#primaryimage\",\"url\":\"https:\\\/\\\/gruene-wiesbaden.de\\\/wp-content\\\/uploads\\\/2025\\\/03\\\/Bildschirmfoto-2025-06-16-um-22.59.36.png\",\"contentUrl\":\"https:\\\/\\\/gruene-wiesbaden.de\\\/wp-content\\\/uploads\\\/2025\\\/03\\\/Bildschirmfoto-2025-06-16-um-22.59.36.png\",\"width\":1756,\"height\":1880},{\"@type\":\"BreadcrumbList\",\"@id\":\"https:\\\/\\\/gruene-wiesbaden.de\\\/neuerfraktionsvorstand2024\\\/#breadcrumb\",\"itemListElement\":[{\"@type\":\"ListItem\",\"position\":1,\"name\":\"Startseite\",\"item\":\"https:\\\/\\\/gruene-wiesbaden.de\\\/\"},{\"@type\":\"ListItem\",\"position\":2,\"name\":\"Neuer Fraktionsvorstand der Rathausfraktion gew\u00e4hlt\"}]},{\"@type\":\"WebSite\",\"@id\":\"https:\\\/\\\/gruene-wiesbaden.de\\\/#website\",\"url\":\"https:\\\/\\\/gruene-wiesbaden.de\\\/\",\"name\":\"DIE GR\u00dcNEN Wiesbaden\",\"description\":\"\",\"publisher\":{\"@id\":\"https:\\\/\\\/gruene-wiesbaden.de\\\/#organization\"},\"potentialAction\":[{\"@type\":\"SearchAction\",\"target\":{\"@type\":\"EntryPoint\",\"urlTemplate\":\"https:\\\/\\\/gruene-wiesbaden.de\\\/?s={search_term_string}\"},\"query-input\":{\"@type\":\"PropertyValueSpecification\",\"valueRequired\":true,\"valueName\":\"search_term_string\"}}],\"inLanguage\":\"ro-RO\"},{\"@type\":\"Organization\",\"@id\":\"https:\\\/\\\/gruene-wiesbaden.de\\\/#organization\",\"name\":\"DIE GR\u00dcNEN Wiesbaden\",\"url\":\"https:\\\/\\\/gruene-wiesbaden.de\\\/\",\"logo\":{\"@type\":\"ImageObject\",\"inLanguage\":\"ro-RO\",\"@id\":\"https:\\\/\\\/gruene-wiesbaden.de\\\/#\\\/schema\\\/logo\\\/image\\\/\",\"url\":\"https:\\\/\\\/gruene-wiesbaden-fuer-europa.de\\\/wp-content\\\/uploads\\\/2024\\\/04\\\/Machen-was-zaehlt-5.png\",\"contentUrl\":\"https:\\\/\\\/gruene-wiesbaden-fuer-europa.de\\\/wp-content\\\/uploads\\\/2024\\\/04\\\/Machen-was-zaehlt-5.png\",\"width\":1772,\"height\":1772,\"caption\":\"DIE GR\u00dcNEN Wiesbaden\"},\"image\":{\"@id\":\"https:\\\/\\\/gruene-wiesbaden.de\\\/#\\\/schema\\\/logo\\\/image\\\/\"},\"sameAs\":[\"https:\\\/\\\/www.facebook.com\\\/gruene.wi\",\"https:\\\/\\\/instagram.com\\\/gruene_wi\"]},{\"@type\":\"Person\",\"@id\":\"https:\\\/\\\/gruene-wiesbaden.de\\\/#\\\/schema\\\/person\\\/6785c34779159cd4fd86886bb097afe9\",\"name\":\"admin\",\"sameAs\":[\"http:\\\/\\\/gruene-wiesbaden-fuer-europa.de\"],\"url\":\"https:\\\/\\\/gruene-wiesbaden.de\\\/ro\\\/author\\\/admin\\\/\"}]}<\/script>\n<!-- \/ Yoast SEO plugin. -->","yoast_head_json":{"title":"Neuer Fraktionsvorstand der Rathausfraktion gew\u00e4hlt - B\u00dcNDNIS 90\/DIE GR\u00dcNEN Wiesbaden","robots":{"index":"index","follow":"follow","max-snippet":"max-snippet:-1","max-image-preview":"max-image-preview:large","max-video-preview":"max-video-preview:-1"},"canonical":"https:\/\/gruene-wiesbaden.de\/ro\/neuerfraktionsvorstand2024\/","og_locale":"ro_RO","og_type":"article","og_title":"Neuer Fraktionsvorstand der Rathausfraktion gew\u00e4hlt - B\u00dcNDNIS 90\/DIE GR\u00dcNEN Wiesbaden","og_url":"https:\/\/gruene-wiesbaden.de\/ro\/neuerfraktionsvorstand2024\/","og_site_name":"B\u00dcNDNIS 90\/DIE GR\u00dcNEN Wiesbaden","article_publisher":"https:\/\/www.facebook.com\/gruene.wi","article_published_time":"2024-11-22T12:00:22+00:00","article_modified_time":"2025-06-16T21:02:09+00:00","og_image":[{"width":560,"height":600,"url":"https:\/\/gruene-wiesbaden.de\/wp-content\/uploads\/2025\/03\/Bildschirmfoto-2025-06-16-um-22.59.36-560x600.png","type":"image\/png"}],"author":"admin","twitter_card":"summary_large_image","twitter_misc":{"Scris de":"admin","Timp estimat pentru citire":"2 minutes"},"schema":{"@context":"https:\/\/schema.org","@graph":[{"@type":"Article","@id":"https:\/\/gruene-wiesbaden.de\/neuerfraktionsvorstand2024\/#article","isPartOf":{"@id":"https:\/\/gruene-wiesbaden.de\/neuerfraktionsvorstand2024\/"},"author":{"name":"admin","@id":"https:\/\/gruene-wiesbaden.de\/#\/schema\/person\/6785c34779159cd4fd86886bb097afe9"},"headline":"Neuer Fraktionsvorstand der Rathausfraktion gew\u00e4hlt","datePublished":"2024-11-22T12:00:22+00:00","dateModified":"2025-06-16T21:02:09+00:00","mainEntityOfPage":{"@id":"https:\/\/gruene-wiesbaden.de\/neuerfraktionsvorstand2024\/"},"wordCount":263,"publisher":{"@id":"https:\/\/gruene-wiesbaden.de\/#organization"},"image":{"@id":"https:\/\/gruene-wiesbaden.de\/neuerfraktionsvorstand2024\/#primaryimage"},"thumbnailUrl":"https:\/\/gruene-wiesbaden.de\/wp-content\/uploads\/2025\/03\/Bildschirmfoto-2025-06-16-um-22.59.36.png","articleSection":["Wahlen"],"inLanguage":"ro-RO"},{"@type":"WebPage","@id":"https:\/\/gruene-wiesbaden.de\/neuerfraktionsvorstand2024\/","url":"https:\/\/gruene-wiesbaden.de\/neuerfraktionsvorstand2024\/","name":"Neuer Fraktionsvorstand der Rathausfraktion gew\u00e4hlt - B\u00dcNDNIS 90\/DIE GR\u00dcNEN Wiesbaden","isPartOf":{"@id":"https:\/\/gruene-wiesbaden.de\/#website"},"primaryImageOfPage":{"@id":"https:\/\/gruene-wiesbaden.de\/neuerfraktionsvorstand2024\/#primaryimage"},"image":{"@id":"https:\/\/gruene-wiesbaden.de\/neuerfraktionsvorstand2024\/#primaryimage"},"thumbnailUrl":"https:\/\/gruene-wiesbaden.de\/wp-content\/uploads\/2025\/03\/Bildschirmfoto-2025-06-16-um-22.59.36.png","datePublished":"2024-11-22T12:00:22+00:00","dateModified":"2025-06-16T21:02:09+00:00","breadcrumb":{"@id":"https:\/\/gruene-wiesbaden.de\/neuerfraktionsvorstand2024\/#breadcrumb"},"inLanguage":"ro-RO","potentialAction":[{"@type":"ReadAction","target":["https:\/\/gruene-wiesbaden.de\/neuerfraktionsvorstand2024\/"]}]},{"@type":"ImageObject","inLanguage":"ro-RO","@id":"https:\/\/gruene-wiesbaden.de\/neuerfraktionsvorstand2024\/#primaryimage","url":"https:\/\/gruene-wiesbaden.de\/wp-content\/uploads\/2025\/03\/Bildschirmfoto-2025-06-16-um-22.59.36.png","contentUrl":"https:\/\/gruene-wiesbaden.de\/wp-content\/uploads\/2025\/03\/Bildschirmfoto-2025-06-16-um-22.59.36.png","width":1756,"height":1880},{"@type":"BreadcrumbList","@id":"https:\/\/gruene-wiesbaden.de\/neuerfraktionsvorstand2024\/#breadcrumb","itemListElement":[{"@type":"ListItem","position":1,"name":"Startseite","item":"https:\/\/gruene-wiesbaden.de\/"},{"@type":"ListItem","position":2,"name":"Neuer Fraktionsvorstand der Rathausfraktion gew\u00e4hlt"}]},{"@type":"WebSite","@id":"https:\/\/gruene-wiesbaden.de\/#website","url":"https:\/\/gruene-wiesbaden.de\/","name":"DIE GR\u00dcNEN Wiesbaden","description":"","publisher":{"@id":"https:\/\/gruene-wiesbaden.de\/#organization"},"potentialAction":[{"@type":"SearchAction","target":{"@type":"EntryPoint","urlTemplate":"https:\/\/gruene-wiesbaden.de\/?s={search_term_string}"},"query-input":{"@type":"PropertyValueSpecification","valueRequired":true,"valueName":"search_term_string"}}],"inLanguage":"ro-RO"},{"@type":"Organization","@id":"https:\/\/gruene-wiesbaden.de\/#organization","name":"DIE GR\u00dcNEN Wiesbaden","url":"https:\/\/gruene-wiesbaden.de\/","logo":{"@type":"ImageObject","inLanguage":"ro-RO","@id":"https:\/\/gruene-wiesbaden.de\/#\/schema\/logo\/image\/","url":"https:\/\/gruene-wiesbaden-fuer-europa.de\/wp-content\/uploads\/2024\/04\/Machen-was-zaehlt-5.png","contentUrl":"https:\/\/gruene-wiesbaden-fuer-europa.de\/wp-content\/uploads\/2024\/04\/Machen-was-zaehlt-5.png","width":1772,"height":1772,"caption":"DIE GR\u00dcNEN Wiesbaden"},"image":{"@id":"https:\/\/gruene-wiesbaden.de\/#\/schema\/logo\/image\/"},"sameAs":["https:\/\/www.facebook.com\/gruene.wi","https:\/\/instagram.com\/gruene_wi"]},{"@type":"Person","@id":"https:\/\/gruene-wiesbaden.de\/#\/schema\/person\/6785c34779159cd4fd86886bb097afe9","name":"admin","sameAs":["http:\/\/gruene-wiesbaden-fuer-europa.de"],"url":"https:\/\/gruene-wiesbaden.de\/ro\/author\/admin\/"}]}},"_links":{"self":[{"href":"https:\/\/gruene-wiesbaden.de\/ro\/wp-json\/wp\/v2\/posts\/872","targetHints":{"allow":["GET"]}}],"collection":[{"href":"https:\/\/gruene-wiesbaden.de\/ro\/wp-json\/wp\/v2\/posts"}],"about":[{"href":"https:\/\/gruene-wiesbaden.de\/ro\/wp-json\/wp\/v2\/types\/post"}],"author":[{"embeddable":true,"href":"https:\/\/gruene-wiesbaden.de\/ro\/wp-json\/wp\/v2\/users\/1"}],"replies":[{"embeddable":true,"href":"https:\/\/gruene-wiesbaden.de\/ro\/wp-json\/wp\/v2\/comments?post=872"}],"version-history":[{"count":3,"href":"https:\/\/gruene-wiesbaden.de\/ro\/wp-json\/wp\/v2\/posts\/872\/revisions"}],"predecessor-version":[{"id":930,"href":"https:\/\/gruene-wiesbaden.de\/ro\/wp-json\/wp\/v2\/posts\/872\/revisions\/930"}],"wp:featuredmedia":[{"embeddable":true,"href":"https:\/\/gruene-wiesbaden.de\/ro\/wp-json\/wp\/v2\/media\/929"}],"wp:attachment":[{"href":"https:\/\/gruene-wiesbaden.de\/ro\/wp-json\/wp\/v2\/media?parent=872"}],"wp:term":[{"taxonomy":"category","embeddable":true,"href":"https:\/\/gruene-wiesbaden.de\/ro\/wp-json\/wp\/v2\/categories?post=872"},{"taxonomy":"post_tag","embeddable":true,"href":"https:\/\/gruene-wiesbaden.de\/ro\/wp-json\/wp\/v2\/tags?post=872"}],"curies":[{"name":"wp","href":"https:\/\/api.w.org\/{rel}","templated":true}]}}