{"id":1660,"date":"2025-12-01T12:53:02","date_gmt":"2025-12-01T10:53:02","guid":{"rendered":"https:\/\/gruene-wiesbaden.de\/?p=1660"},"modified":"2025-12-01T12:55:39","modified_gmt":"2025-12-01T10:55:39","slug":"mehr-moeglich-machen-fuer-wiesbaden-gruene-wiesbaden-starten-mit-starkem-team-und-zukunftsprogramm-in-den-kommunalwahlkampf-2026","status":"publish","type":"post","link":"https:\/\/gruene-wiesbaden.de\/ro\/mehr-moeglich-machen-fuer-wiesbaden-gruene-wiesbaden-starten-mit-starkem-team-und-zukunftsprogramm-in-den-kommunalwahlkampf-2026\/","title":{"rendered":"MAI POSIBIL PENTRU Wiesbaden - GREEN Wiesbaden \u00eencepe campania electoral\u0103 municipal\u0103 \u00een 2026 cu o echip\u0103 puternic\u0103 \u0219i un program pentru viitor"},"content":{"rendered":"<section class=\"l-section wpb_row height_medium\"><div class=\"l-section-h i-cf\"><div class=\"g-cols vc_row via_grid cols_1 laptops-cols_inherit tablets-cols_inherit mobiles-cols_1 valign_top type_default stacking_default\"><div class=\"wpb_column vc_column_container\"><div class=\"vc_column-inner\"><h3 class=\"w-post-elm post_title us_custom_ea76afbe entry-title color_link_inherit\">MAI POSIBIL PENTRU Wiesbaden - GREEN Wiesbaden \u00eencepe campania electoral\u0103 municipal\u0103 \u00een 2026 cu o echip\u0103 puternic\u0103 \u0219i un program pentru viitor<\/h3><div class=\"w-post-elm post_image\"><img loading=\"lazy\" decoding=\"async\" width=\"600\" height=\"452\" src=\"https:\/\/gruene-wiesbaden.de\/wp-content\/uploads\/2025\/12\/Bild-GRUeNE-WIESBADEN-600x452.png\" class=\"attachment-large size-large wp-post-image\" alt=\"\" srcset=\"https:\/\/gruene-wiesbaden.de\/wp-content\/uploads\/2025\/12\/Bild-GRUeNE-WIESBADEN-600x452.png 600w, https:\/\/gruene-wiesbaden.de\/wp-content\/uploads\/2025\/12\/Bild-GRUeNE-WIESBADEN-400x302.png 400w, https:\/\/gruene-wiesbaden.de\/wp-content\/uploads\/2025\/12\/Bild-GRUeNE-WIESBADEN-16x12.png 16w, https:\/\/gruene-wiesbaden.de\/wp-content\/uploads\/2025\/12\/Bild-GRUeNE-WIESBADEN.png 968w\" sizes=\"auto, (max-width: 600px) 100vw, 600px\" \/><\/div><div class=\"w-separator size_medium\"><\/div><div class=\"wpb_text_column\"><div class=\"wpb_wrapper\"><p style=\"font-weight: 400;\">Verzii din Wiesbaden \u0219i-au prezentat ast\u0103zi programul electoral \u0219i lista pentru alegerile locale din 2026. Cu o conducere puternic\u0103, o echip\u0103 larg\u0103 de candida\u021bi deja experimenta\u021bi \u0219i noi, ei doresc s\u0103 continue s\u0103 modeleze Wiesbaden politic \u00een urm\u0103torii ani \u0219i s\u0103 fac\u0103 acest ora\u0219 mai locuibil \u0219i mai durabil pentru to\u021bi.<\/p>\n<p style=\"font-weight: 400;\"><strong>Verzii concureaz\u0103 cu o echip\u0103 divers\u0103, cu multe fe\u021be tinere<\/strong><\/p>\n<p style=\"font-weight: 400;\">Pe lista pentru consiliul municipal exist\u0103 multe nume noi, precum \u0219i persoane care au fost deja pentru Green Wiesbaden \u00een consiliul municipal.<\/p>\n<p style=\"font-weight: 400;\">\u201ePrin lista noastr\u0103, ne pozi\u021bion\u0103m \u00een linii mari \u0219i, \u00eempreun\u0103 cu diferitele contexte, aducem expertiz\u0103 \u00een toate domeniile de politic\u0103. Faptul c\u0103 am ales opt persoane cu v\u00e2rsta sub 35 de ani ca persoane par\u021bial foarte experimentate pe lista noastr\u0103 arat\u0103 \u00een mod clar: Nu ne g\u00e2ndim doar la viitor, ci \u00eel prezent\u0103m \u00een mod activ\u201d, afirm\u0103 Rebecca Thomas, pre\u0219edinta districtului B\u00dcNDNIS 90\/DIE GR\u00dcNEN Wiesbaden.<\/p>\n<p style=\"font-weight: 400;\"><strong>Verzii din Wiesbaden vor s\u0103 \"fac\u0103 mai mult posibil\"<\/strong><\/p>\n<p style=\"font-weight: 400;\">Cu programul electoral amplu, Verzii doresc s\u0103 ofere ceva tuturor p\u0103r\u021bilor societ\u0103\u021bii ora\u0219ului Wiesbaden.<\/p>\n<p style=\"font-weight: 400;\">Rebecca Thomas, pre\u0219edinta districtului B\u00dcNDNIS 90\/DIE GR\u00dcNEN Wiesbaden: \u201eNe asum\u0103m responsabilitatea pentru \u00eentregul ora\u0219. Nu dorim s\u0103 fim o for\u021b\u0103 politic\u0103 care se limiteaz\u0103 la interesele individuale, ci s\u0103 facem ora\u0219ul mai bun pentru to\u021bi oamenii din Wiesbaden \u0219i s\u0103-l pozi\u021bion\u0103m bine pentru viitor \u0219i s\u0103-l facem mai posibil pentru toat\u0103 lumea din Wiesbaden.\u201d<\/p>\n<p style=\"font-weight: 400;\">Prin urmare, programul electoral al GREEN Wiesbaden este structurat nu numai pe domenii de politic\u0103, ci \u0219i pe grupuri-\u021bint\u0103, cum ar fi \u201ecopii, familii \u0219i p\u0103rin\u021bi singuri\u201d sau \u201ev\u00e2rstnici\u201d, astfel \u00eenc\u00e2t cititorii s\u0103 poat\u0103 g\u0103si rapid con\u021binutul care este deosebit de relevant pentru ei.<\/p>\n<p style=\"font-weight: 400;\">\u201eAnii urm\u0103tori vor fi esen\u021biali pentru r\u0103spunsul Wiesbaden la provoc\u0103rile legate de schimb\u0103rile climatice, justi\u021bia social\u0103, mobilitate \u0219i transformarea digital\u0103. Ast\u0103zi ar\u0103t\u0103m c\u0103 suntem preg\u0103ti\u021bi s\u0103 continu\u0103m s\u0103 ne asum\u0103m responsabilitatea, cu un program ambi\u021bios \u0219i realist \u00een acela\u0219i timp. Sus\u021binem o politic\u0103 care abordeaz\u0103 cu curaj atunci c\u00e2nd este nevoie de ceva nou \u0219i dezvolt\u0103 ceea ce exist\u0103 atunci c\u00e2nd \u0219i-a dovedit valoarea. Ideea noastr\u0103 c\u0103l\u0103uzitoare este un ora\u0219 care nu se opre\u0219te, ci se \u00eembun\u0103t\u0103\u021be\u0219te treptat \u2013 pentru to\u021bi cei care locuiesc aici\u201d, spune Daniel Schmitt, pre\u0219edintele districtului B\u00dcNDNIS 90\/DIE GR\u00dcNEN Wiesbaden.<\/p>\n<p style=\"font-weight: 400;\">Cu trei capitole principale, programul electoral se axeaz\u0103 pe trei domenii principale:<\/p>\n<ol>\n<li><strong>Dezvoltarea ulterioar\u0103 a ora\u0219ului Wiesbaden \u00eentr-un ora\u0219 \u00een care toat\u0103 lumea poate tr\u0103i bine:<\/strong> Acest capitol se refer\u0103 la toate aspectele legate de infrastructur\u0103 ale vie\u021bii care \u00eei afecteaz\u0103 pe to\u021bi reziden\u021bii din Wiesbaden \u2013 de la locuin\u021be, mobilitate, asisten\u021b\u0103 medical\u0103 \u0219i servicii de \u00eengrijire a copiilor, precum \u0219i servicii digitale pentru cet\u0103\u021beni, p\u00e2n\u0103 la activit\u0103\u021bi culturale \u0219i sportive. Mai presus de toate, accentul se pune pe conservarea \u0219i \u00eembun\u0103t\u0103\u021birea calit\u0103\u021bii vie\u021bii pentru to\u021bi oamenii din Wiesbaden. Av\u00e2nd \u00een vedere criza climatic\u0103 \u0219i provoc\u0103rile viitoare care decurg din aceasta, Verzii combin\u0103 dezvoltarea urban\u0103 cu protec\u021bia climei, adaptarea la schimb\u0103rile climatice \u0219i protec\u021bia mediului, precum \u0219i cu protec\u021bia popula\u021biei.<\/li>\n<li><strong>Proiectarea Wiesbaden ca un ora\u0219 \u00een care toat\u0103 lumea apar\u021bine:<\/strong> Aici, GR\u00dcNEN arat\u0103 c\u0103 este preocuparea lor ca toate grupurile sociale diferite, cu realit\u0103\u021bile, nevoile \u0219i perspectivele lor diferite, s\u0103 primeasc\u0103 o ofert\u0103 politic\u0103 care va face Wiesbaden mai bun pentru ei \u2013 de la femei, familii, adul\u021bi tineri \u0219i cet\u0103\u021beni \u00een v\u00e2rst\u0103 la persoane din comunitatea LGBTQAI*, persoane cu handicap, persoane cu istorie a migra\u021biei \u0219i, de asemenea, persoane aflate \u00een situa\u021bii de urgen\u021b\u0103 social\u0103.<\/li>\n<li><strong>Asigurarea viabilit\u0103\u021bii viitoare a Wiesbaden ca municipalitate puternic\u0103<\/strong>: Aici, GREEN Wiesbaden combin\u0103 m\u0103suri de promovare a atractivit\u0103\u021bii \u0219i puterii Wiesbaden ca loca\u021bie universitar\u0103 \u0219i de afaceri cu m\u0103suri de modernizare \u0219i transformare a infrastructurii Wiesbaden pentru a crea condi\u021bii fiabile, func\u021bionale \u0219i durabile pentru Wiesbaden ca loca\u021bie de afaceri. Verzii doresc, de asemenea, s\u0103 modernizeze administra\u021bia, s\u0103 o preg\u0103teasc\u0103 pentru viitor \u00een vederea digitaliz\u0103rii \u0219i a schimb\u0103rilor demografice \u0219i s\u0103 fac\u0103 administra\u021bia ora\u0219ului atractiv\u0103 pentru tinerii profesioni\u0219ti \u00een calitate de angajator.<\/li>\n<\/ol>\n<p style=\"font-weight: 400;\"><strong>Gesine Bonnet \u0219i Martin Kraft ca duo-ul principal al echipei verzi<\/strong><\/p>\n<p style=\"font-weight: 400;\">Lista \u00eent\u00e2lnirii consiliului local B\u00dcNDNIS 90\/DIE GR\u00dcNEN Wiesbaden este condus\u0103 de Gesine Bonnet \u0219i Martin Kraft, care combin\u0103 experien\u021ba \u0219i perspectivele de viitor.<\/p>\n<p style=\"font-weight: 400;\">\u201eApreciem o politic\u0103 care valorific\u0103 oportunit\u0103\u021bile schimb\u0103rii, de la tranzi\u021bia energetic\u0103 la transformarea structural\u0103 a centrului ora\u0219ului p\u00e2n\u0103 la transformarea digital\u0103. \u00cen acest fel, ne consolid\u0103m locul de desf\u0103\u0219urare a activit\u0103\u021bii, asigur\u0103m o administra\u021bie eficace \u0219i orientat\u0103 c\u0103tre cet\u0103\u021beni, chiar \u0219i \u00een perioade de penurie de lucr\u0103tori califica\u021bi, \u0219i facem re\u021beaua noastr\u0103 social\u0103 rezistent\u0103 la crize\u201d, spune Gesine Bonnet. \u201eAceasta este singura modalitate de a g\u0103si r\u0103spunsuri reale la preocup\u0103rile existente cu privire la viitor. Pe de alt\u0103 parte, cei care cred c\u0103 solu\u021bia este \u00eentr-o zi de ieri nostalgic\u0103 \u00eei p\u0103c\u0103lesc pe oameni.\u201d<\/p>\n<p style=\"font-weight: 400;\">Candidatul principal Martin Kraft adaug\u0103: \u201eOra\u0219ul nostru are un poten\u021bial enorm. Cu toate acestea, acest lucru trebuie, de asemenea, utilizat. Ast\u0103zi asist\u0103m la consecin\u021bele congestion\u0103rii renov\u0103rilor din ultimele decenii. Prin urmare, este esen\u021bial s\u0103 preg\u0103tim Wiesbaden pentru viitor acum \u2013 prin investi\u021bii \u00een aprovizionarea cu energie neutr\u0103 din punct de vedere climatic, \u00een \u0219coli \u0219i case de ora\u0219, precum \u0219i \u00een infrastructura de transport. Vrem s\u0103 folosim protec\u021bia climei ca o oportunitate pentru dezvoltarea urban\u0103. Exemple \u00een acest sens sunt transformarea Pie\u021bei Alsaciei \u00eentr-un parc sau transformarea Schwalbacher Stra\u00dfe.\u201d<\/p>\n<p style=\"font-weight: 400;\"><strong>Programul electoral \u2013 multilingv, f\u0103r\u0103 bariere \u0219i mobil<\/strong><\/p>\n<p style=\"font-weight: 400;\">Pe <a href=\"https:\/\/gruene-wiesbaden.de\/ro\/\">gruene-wiesbaden.de<\/a> Programul electoral \u0219i lista pentru consiliul municipal sunt disponibile sub form\u0103 de fi\u0219iere PDF, iar programul electoral este, de asemenea, disponibil pe site-ul propriu-zis.<\/p>\n<p style=\"font-weight: 400;\">Rebecca Thomas subliniaz\u0103: \u201eEste important pentru noi ca toat\u0103 lumea s\u0103 \u00een\u021beleag\u0103 ce sus\u021binem. De aceea, oferim site-ul nostru \u0219i programul electoral \u00een multe limbi diferite \u0219i am lucrat pentru a face site-ul nostru c\u00e2t mai lipsit de bariere \u0219i mai incluziv posibil. \u00centruc\u00e2t multe persoane \u00ee\u0219i folosesc \u00een principal telefoanele inteligente pentru a ob\u021bine informa\u021bii, lizibilitatea mobil\u0103 a fost, de asemenea, important\u0103 pentru noi\u201d.<\/p>\n<\/div><\/div><\/div><\/div><\/div><\/div><\/section>","protected":false},"excerpt":{"rendered":"MAI POSIBIL PENTRU Wiesbaden \u2013 GREEN Wiesbaden \u00eencepe campania electoral\u0103 municipal\u0103 din 2026 cu o echip\u0103 puternic\u0103 \u0219i un program pentru viitor. Wiesbaden GREEN \u0219i-a prezentat ast\u0103zi programul electoral \u0219i lista pentru alegerile municipale din 2026. Cu o conducere puternic\u0103, o echip\u0103 larg\u0103 de candida\u021bi deja experimenta\u021bi \u0219i noi, doresc s\u0103 continue s\u0103 sprijine politic Wiesbaden \u00een urm\u0103torii ani.","protected":false},"author":1,"featured_media":1661,"comment_status":"closed","ping_status":"closed","sticky":false,"template":"","format":"standard","meta":{"footnotes":""},"categories":[8,5],"tags":[],"class_list":["post-1660","post","type-post","status-publish","format-standard","has-post-thumbnail","hentry","category-allgemein","category-wahlen"],"yoast_head":"<!-- This site is optimized with the Yoast SEO plugin v27.5 - https:\/\/yoast.com\/product\/yoast-seo-wordpress\/ -->\n<title>MEHR M\u00d6GLICH MACHEN f\u00fcr Wiesbaden - GR\u00dcNE Wiesbaden starten mit starkem Team und Zukunftsprogramm in den Kommunalwahlkampf 2026 - B\u00dcNDNIS 90\/DIE GR\u00dcNEN Wiesbaden<\/title>\n<meta name=\"robots\" content=\"index, follow, max-snippet:-1, max-image-preview:large, max-video-preview:-1\" \/>\n<link rel=\"canonical\" href=\"https:\/\/gruene-wiesbaden.de\/ro\/mehr-moeglich-machen-fuer-wiesbaden-gruene-wiesbaden-starten-mit-starkem-team-und-zukunftsprogramm-in-den-kommunalwahlkampf-2026\/\" \/>\n<meta property=\"og:locale\" content=\"ro_RO\" \/>\n<meta property=\"og:type\" content=\"article\" \/>\n<meta property=\"og:title\" content=\"MEHR M\u00d6GLICH MACHEN f\u00fcr Wiesbaden - GR\u00dcNE Wiesbaden starten mit starkem Team und Zukunftsprogramm in den Kommunalwahlkampf 2026 - B\u00dcNDNIS 90\/DIE GR\u00dcNEN Wiesbaden\" \/>\n<meta property=\"og:url\" content=\"https:\/\/gruene-wiesbaden.de\/ro\/mehr-moeglich-machen-fuer-wiesbaden-gruene-wiesbaden-starten-mit-starkem-team-und-zukunftsprogramm-in-den-kommunalwahlkampf-2026\/\" \/>\n<meta property=\"og:site_name\" content=\"B\u00dcNDNIS 90\/DIE GR\u00dcNEN Wiesbaden\" \/>\n<meta property=\"article:publisher\" content=\"https:\/\/www.facebook.com\/gruene.wi\" \/>\n<meta property=\"article:published_time\" content=\"2025-12-01T10:53:02+00:00\" \/>\n<meta property=\"article:modified_time\" content=\"2025-12-01T10:55:39+00:00\" \/>\n<meta property=\"og:image\" content=\"https:\/\/gruene-wiesbaden.de\/wp-content\/uploads\/2025\/12\/Bild-GRUeNE-WIESBADEN.png\" \/>\n\t<meta property=\"og:image:width\" content=\"968\" \/>\n\t<meta property=\"og:image:height\" content=\"730\" \/>\n\t<meta property=\"og:image:type\" content=\"image\/png\" \/>\n<meta name=\"author\" content=\"admin\" \/>\n<meta name=\"twitter:card\" content=\"summary_large_image\" \/>\n<meta name=\"twitter:label1\" content=\"Scris de\" \/>\n\t<meta name=\"twitter:data1\" content=\"admin\" \/>\n\t<meta name=\"twitter:label2\" content=\"Timp estimat pentru citire\" \/>\n\t<meta name=\"twitter:data2\" content=\"5 minutes\" \/>\n<script type=\"application\/ld+json\" class=\"yoast-schema-graph\">{\"@context\":\"https:\\\/\\\/schema.org\",\"@graph\":[{\"@type\":\"Article\",\"@id\":\"https:\\\/\\\/gruene-wiesbaden.de\\\/mehr-moeglich-machen-fuer-wiesbaden-gruene-wiesbaden-starten-mit-starkem-team-und-zukunftsprogramm-in-den-kommunalwahlkampf-2026\\\/#article\",\"isPartOf\":{\"@id\":\"https:\\\/\\\/gruene-wiesbaden.de\\\/mehr-moeglich-machen-fuer-wiesbaden-gruene-wiesbaden-starten-mit-starkem-team-und-zukunftsprogramm-in-den-kommunalwahlkampf-2026\\\/\"},\"author\":{\"name\":\"admin\",\"@id\":\"https:\\\/\\\/gruene-wiesbaden.de\\\/#\\\/schema\\\/person\\\/6785c34779159cd4fd86886bb097afe9\"},\"headline\":\"MEHR M\u00d6GLICH MACHEN f\u00fcr Wiesbaden &#8211; GR\u00dcNE Wiesbaden starten mit starkem Team und Zukunftsprogramm in den Kommunalwahlkampf 2026\",\"datePublished\":\"2025-12-01T10:53:02+00:00\",\"dateModified\":\"2025-12-01T10:55:39+00:00\",\"mainEntityOfPage\":{\"@id\":\"https:\\\/\\\/gruene-wiesbaden.de\\\/mehr-moeglich-machen-fuer-wiesbaden-gruene-wiesbaden-starten-mit-starkem-team-und-zukunftsprogramm-in-den-kommunalwahlkampf-2026\\\/\"},\"wordCount\":1000,\"publisher\":{\"@id\":\"https:\\\/\\\/gruene-wiesbaden.de\\\/#organization\"},\"image\":{\"@id\":\"https:\\\/\\\/gruene-wiesbaden.de\\\/mehr-moeglich-machen-fuer-wiesbaden-gruene-wiesbaden-starten-mit-starkem-team-und-zukunftsprogramm-in-den-kommunalwahlkampf-2026\\\/#primaryimage\"},\"thumbnailUrl\":\"https:\\\/\\\/gruene-wiesbaden.de\\\/wp-content\\\/uploads\\\/2025\\\/12\\\/Bild-GRUeNE-WIESBADEN.png\",\"articleSection\":[\"Allgemein\",\"Wahlen\"],\"inLanguage\":\"ro-RO\"},{\"@type\":\"WebPage\",\"@id\":\"https:\\\/\\\/gruene-wiesbaden.de\\\/mehr-moeglich-machen-fuer-wiesbaden-gruene-wiesbaden-starten-mit-starkem-team-und-zukunftsprogramm-in-den-kommunalwahlkampf-2026\\\/\",\"url\":\"https:\\\/\\\/gruene-wiesbaden.de\\\/mehr-moeglich-machen-fuer-wiesbaden-gruene-wiesbaden-starten-mit-starkem-team-und-zukunftsprogramm-in-den-kommunalwahlkampf-2026\\\/\",\"name\":\"MEHR M\u00d6GLICH MACHEN f\u00fcr Wiesbaden - GR\u00dcNE Wiesbaden starten mit starkem Team und Zukunftsprogramm in den Kommunalwahlkampf 2026 - B\u00dcNDNIS 90\\\/DIE GR\u00dcNEN Wiesbaden\",\"isPartOf\":{\"@id\":\"https:\\\/\\\/gruene-wiesbaden.de\\\/#website\"},\"primaryImageOfPage\":{\"@id\":\"https:\\\/\\\/gruene-wiesbaden.de\\\/mehr-moeglich-machen-fuer-wiesbaden-gruene-wiesbaden-starten-mit-starkem-team-und-zukunftsprogramm-in-den-kommunalwahlkampf-2026\\\/#primaryimage\"},\"image\":{\"@id\":\"https:\\\/\\\/gruene-wiesbaden.de\\\/mehr-moeglich-machen-fuer-wiesbaden-gruene-wiesbaden-starten-mit-starkem-team-und-zukunftsprogramm-in-den-kommunalwahlkampf-2026\\\/#primaryimage\"},\"thumbnailUrl\":\"https:\\\/\\\/gruene-wiesbaden.de\\\/wp-content\\\/uploads\\\/2025\\\/12\\\/Bild-GRUeNE-WIESBADEN.png\",\"datePublished\":\"2025-12-01T10:53:02+00:00\",\"dateModified\":\"2025-12-01T10:55:39+00:00\",\"breadcrumb\":{\"@id\":\"https:\\\/\\\/gruene-wiesbaden.de\\\/mehr-moeglich-machen-fuer-wiesbaden-gruene-wiesbaden-starten-mit-starkem-team-und-zukunftsprogramm-in-den-kommunalwahlkampf-2026\\\/#breadcrumb\"},\"inLanguage\":\"ro-RO\",\"potentialAction\":[{\"@type\":\"ReadAction\",\"target\":[\"https:\\\/\\\/gruene-wiesbaden.de\\\/mehr-moeglich-machen-fuer-wiesbaden-gruene-wiesbaden-starten-mit-starkem-team-und-zukunftsprogramm-in-den-kommunalwahlkampf-2026\\\/\"]}]},{\"@type\":\"ImageObject\",\"inLanguage\":\"ro-RO\",\"@id\":\"https:\\\/\\\/gruene-wiesbaden.de\\\/mehr-moeglich-machen-fuer-wiesbaden-gruene-wiesbaden-starten-mit-starkem-team-und-zukunftsprogramm-in-den-kommunalwahlkampf-2026\\\/#primaryimage\",\"url\":\"https:\\\/\\\/gruene-wiesbaden.de\\\/wp-content\\\/uploads\\\/2025\\\/12\\\/Bild-GRUeNE-WIESBADEN.png\",\"contentUrl\":\"https:\\\/\\\/gruene-wiesbaden.de\\\/wp-content\\\/uploads\\\/2025\\\/12\\\/Bild-GRUeNE-WIESBADEN.png\",\"width\":968,\"height\":730},{\"@type\":\"BreadcrumbList\",\"@id\":\"https:\\\/\\\/gruene-wiesbaden.de\\\/mehr-moeglich-machen-fuer-wiesbaden-gruene-wiesbaden-starten-mit-starkem-team-und-zukunftsprogramm-in-den-kommunalwahlkampf-2026\\\/#breadcrumb\",\"itemListElement\":[{\"@type\":\"ListItem\",\"position\":1,\"name\":\"Startseite\",\"item\":\"https:\\\/\\\/gruene-wiesbaden.de\\\/\"},{\"@type\":\"ListItem\",\"position\":2,\"name\":\"MEHR M\u00d6GLICH MACHEN f\u00fcr Wiesbaden &#8211; GR\u00dcNE Wiesbaden starten mit starkem Team und Zukunftsprogramm in den Kommunalwahlkampf 2026\"}]},{\"@type\":\"WebSite\",\"@id\":\"https:\\\/\\\/gruene-wiesbaden.de\\\/#website\",\"url\":\"https:\\\/\\\/gruene-wiesbaden.de\\\/\",\"name\":\"DIE GR\u00dcNEN Wiesbaden\",\"description\":\"\",\"publisher\":{\"@id\":\"https:\\\/\\\/gruene-wiesbaden.de\\\/#organization\"},\"potentialAction\":[{\"@type\":\"SearchAction\",\"target\":{\"@type\":\"EntryPoint\",\"urlTemplate\":\"https:\\\/\\\/gruene-wiesbaden.de\\\/?s={search_term_string}\"},\"query-input\":{\"@type\":\"PropertyValueSpecification\",\"valueRequired\":true,\"valueName\":\"search_term_string\"}}],\"inLanguage\":\"ro-RO\"},{\"@type\":\"Organization\",\"@id\":\"https:\\\/\\\/gruene-wiesbaden.de\\\/#organization\",\"name\":\"DIE GR\u00dcNEN Wiesbaden\",\"url\":\"https:\\\/\\\/gruene-wiesbaden.de\\\/\",\"logo\":{\"@type\":\"ImageObject\",\"inLanguage\":\"ro-RO\",\"@id\":\"https:\\\/\\\/gruene-wiesbaden.de\\\/#\\\/schema\\\/logo\\\/image\\\/\",\"url\":\"https:\\\/\\\/gruene-wiesbaden-fuer-europa.de\\\/wp-content\\\/uploads\\\/2024\\\/04\\\/Machen-was-zaehlt-5.png\",\"contentUrl\":\"https:\\\/\\\/gruene-wiesbaden-fuer-europa.de\\\/wp-content\\\/uploads\\\/2024\\\/04\\\/Machen-was-zaehlt-5.png\",\"width\":1772,\"height\":1772,\"caption\":\"DIE GR\u00dcNEN Wiesbaden\"},\"image\":{\"@id\":\"https:\\\/\\\/gruene-wiesbaden.de\\\/#\\\/schema\\\/logo\\\/image\\\/\"},\"sameAs\":[\"https:\\\/\\\/www.facebook.com\\\/gruene.wi\",\"https:\\\/\\\/instagram.com\\\/gruene_wi\"]},{\"@type\":\"Person\",\"@id\":\"https:\\\/\\\/gruene-wiesbaden.de\\\/#\\\/schema\\\/person\\\/6785c34779159cd4fd86886bb097afe9\",\"name\":\"admin\",\"sameAs\":[\"http:\\\/\\\/gruene-wiesbaden-fuer-europa.de\"],\"url\":\"https:\\\/\\\/gruene-wiesbaden.de\\\/ro\\\/author\\\/admin\\\/\"}]}<\/script>\n<!-- \/ Yoast SEO plugin. -->","yoast_head_json":{"title":"MEHR M\u00d6GLICH MACHEN f\u00fcr Wiesbaden - GR\u00dcNE Wiesbaden starten mit starkem Team und Zukunftsprogramm in den Kommunalwahlkampf 2026 - B\u00dcNDNIS 90\/DIE GR\u00dcNEN Wiesbaden","robots":{"index":"index","follow":"follow","max-snippet":"max-snippet:-1","max-image-preview":"max-image-preview:large","max-video-preview":"max-video-preview:-1"},"canonical":"https:\/\/gruene-wiesbaden.de\/ro\/mehr-moeglich-machen-fuer-wiesbaden-gruene-wiesbaden-starten-mit-starkem-team-und-zukunftsprogramm-in-den-kommunalwahlkampf-2026\/","og_locale":"ro_RO","og_type":"article","og_title":"MEHR M\u00d6GLICH MACHEN f\u00fcr Wiesbaden - GR\u00dcNE Wiesbaden starten mit starkem Team und Zukunftsprogramm in den Kommunalwahlkampf 2026 - B\u00dcNDNIS 90\/DIE GR\u00dcNEN Wiesbaden","og_url":"https:\/\/gruene-wiesbaden.de\/ro\/mehr-moeglich-machen-fuer-wiesbaden-gruene-wiesbaden-starten-mit-starkem-team-und-zukunftsprogramm-in-den-kommunalwahlkampf-2026\/","og_site_name":"B\u00dcNDNIS 90\/DIE GR\u00dcNEN Wiesbaden","article_publisher":"https:\/\/www.facebook.com\/gruene.wi","article_published_time":"2025-12-01T10:53:02+00:00","article_modified_time":"2025-12-01T10:55:39+00:00","og_image":[{"width":968,"height":730,"url":"https:\/\/gruene-wiesbaden.de\/wp-content\/uploads\/2025\/12\/Bild-GRUeNE-WIESBADEN.png","type":"image\/png"}],"author":"admin","twitter_card":"summary_large_image","twitter_misc":{"Scris de":"admin","Timp estimat pentru citire":"5 minutes"},"schema":{"@context":"https:\/\/schema.org","@graph":[{"@type":"Article","@id":"https:\/\/gruene-wiesbaden.de\/mehr-moeglich-machen-fuer-wiesbaden-gruene-wiesbaden-starten-mit-starkem-team-und-zukunftsprogramm-in-den-kommunalwahlkampf-2026\/#article","isPartOf":{"@id":"https:\/\/gruene-wiesbaden.de\/mehr-moeglich-machen-fuer-wiesbaden-gruene-wiesbaden-starten-mit-starkem-team-und-zukunftsprogramm-in-den-kommunalwahlkampf-2026\/"},"author":{"name":"admin","@id":"https:\/\/gruene-wiesbaden.de\/#\/schema\/person\/6785c34779159cd4fd86886bb097afe9"},"headline":"MEHR M\u00d6GLICH MACHEN f\u00fcr Wiesbaden &#8211; GR\u00dcNE Wiesbaden starten mit starkem Team und Zukunftsprogramm in den Kommunalwahlkampf 2026","datePublished":"2025-12-01T10:53:02+00:00","dateModified":"2025-12-01T10:55:39+00:00","mainEntityOfPage":{"@id":"https:\/\/gruene-wiesbaden.de\/mehr-moeglich-machen-fuer-wiesbaden-gruene-wiesbaden-starten-mit-starkem-team-und-zukunftsprogramm-in-den-kommunalwahlkampf-2026\/"},"wordCount":1000,"publisher":{"@id":"https:\/\/gruene-wiesbaden.de\/#organization"},"image":{"@id":"https:\/\/gruene-wiesbaden.de\/mehr-moeglich-machen-fuer-wiesbaden-gruene-wiesbaden-starten-mit-starkem-team-und-zukunftsprogramm-in-den-kommunalwahlkampf-2026\/#primaryimage"},"thumbnailUrl":"https:\/\/gruene-wiesbaden.de\/wp-content\/uploads\/2025\/12\/Bild-GRUeNE-WIESBADEN.png","articleSection":["Allgemein","Wahlen"],"inLanguage":"ro-RO"},{"@type":"WebPage","@id":"https:\/\/gruene-wiesbaden.de\/mehr-moeglich-machen-fuer-wiesbaden-gruene-wiesbaden-starten-mit-starkem-team-und-zukunftsprogramm-in-den-kommunalwahlkampf-2026\/","url":"https:\/\/gruene-wiesbaden.de\/mehr-moeglich-machen-fuer-wiesbaden-gruene-wiesbaden-starten-mit-starkem-team-und-zukunftsprogramm-in-den-kommunalwahlkampf-2026\/","name":"MEHR M\u00d6GLICH MACHEN f\u00fcr Wiesbaden - GR\u00dcNE Wiesbaden starten mit starkem Team und Zukunftsprogramm in den Kommunalwahlkampf 2026 - B\u00dcNDNIS 90\/DIE GR\u00dcNEN Wiesbaden","isPartOf":{"@id":"https:\/\/gruene-wiesbaden.de\/#website"},"primaryImageOfPage":{"@id":"https:\/\/gruene-wiesbaden.de\/mehr-moeglich-machen-fuer-wiesbaden-gruene-wiesbaden-starten-mit-starkem-team-und-zukunftsprogramm-in-den-kommunalwahlkampf-2026\/#primaryimage"},"image":{"@id":"https:\/\/gruene-wiesbaden.de\/mehr-moeglich-machen-fuer-wiesbaden-gruene-wiesbaden-starten-mit-starkem-team-und-zukunftsprogramm-in-den-kommunalwahlkampf-2026\/#primaryimage"},"thumbnailUrl":"https:\/\/gruene-wiesbaden.de\/wp-content\/uploads\/2025\/12\/Bild-GRUeNE-WIESBADEN.png","datePublished":"2025-12-01T10:53:02+00:00","dateModified":"2025-12-01T10:55:39+00:00","breadcrumb":{"@id":"https:\/\/gruene-wiesbaden.de\/mehr-moeglich-machen-fuer-wiesbaden-gruene-wiesbaden-starten-mit-starkem-team-und-zukunftsprogramm-in-den-kommunalwahlkampf-2026\/#breadcrumb"},"inLanguage":"ro-RO","potentialAction":[{"@type":"ReadAction","target":["https:\/\/gruene-wiesbaden.de\/mehr-moeglich-machen-fuer-wiesbaden-gruene-wiesbaden-starten-mit-starkem-team-und-zukunftsprogramm-in-den-kommunalwahlkampf-2026\/"]}]},{"@type":"ImageObject","inLanguage":"ro-RO","@id":"https:\/\/gruene-wiesbaden.de\/mehr-moeglich-machen-fuer-wiesbaden-gruene-wiesbaden-starten-mit-starkem-team-und-zukunftsprogramm-in-den-kommunalwahlkampf-2026\/#primaryimage","url":"https:\/\/gruene-wiesbaden.de\/wp-content\/uploads\/2025\/12\/Bild-GRUeNE-WIESBADEN.png","contentUrl":"https:\/\/gruene-wiesbaden.de\/wp-content\/uploads\/2025\/12\/Bild-GRUeNE-WIESBADEN.png","width":968,"height":730},{"@type":"BreadcrumbList","@id":"https:\/\/gruene-wiesbaden.de\/mehr-moeglich-machen-fuer-wiesbaden-gruene-wiesbaden-starten-mit-starkem-team-und-zukunftsprogramm-in-den-kommunalwahlkampf-2026\/#breadcrumb","itemListElement":[{"@type":"ListItem","position":1,"name":"Startseite","item":"https:\/\/gruene-wiesbaden.de\/"},{"@type":"ListItem","position":2,"name":"MEHR M\u00d6GLICH MACHEN f\u00fcr Wiesbaden &#8211; GR\u00dcNE Wiesbaden starten mit starkem Team und Zukunftsprogramm in den Kommunalwahlkampf 2026"}]},{"@type":"WebSite","@id":"https:\/\/gruene-wiesbaden.de\/#website","url":"https:\/\/gruene-wiesbaden.de\/","name":"DIE GR\u00dcNEN Wiesbaden","description":"","publisher":{"@id":"https:\/\/gruene-wiesbaden.de\/#organization"},"potentialAction":[{"@type":"SearchAction","target":{"@type":"EntryPoint","urlTemplate":"https:\/\/gruene-wiesbaden.de\/?s={search_term_string}"},"query-input":{"@type":"PropertyValueSpecification","valueRequired":true,"valueName":"search_term_string"}}],"inLanguage":"ro-RO"},{"@type":"Organization","@id":"https:\/\/gruene-wiesbaden.de\/#organization","name":"DIE GR\u00dcNEN Wiesbaden","url":"https:\/\/gruene-wiesbaden.de\/","logo":{"@type":"ImageObject","inLanguage":"ro-RO","@id":"https:\/\/gruene-wiesbaden.de\/#\/schema\/logo\/image\/","url":"https:\/\/gruene-wiesbaden-fuer-europa.de\/wp-content\/uploads\/2024\/04\/Machen-was-zaehlt-5.png","contentUrl":"https:\/\/gruene-wiesbaden-fuer-europa.de\/wp-content\/uploads\/2024\/04\/Machen-was-zaehlt-5.png","width":1772,"height":1772,"caption":"DIE GR\u00dcNEN Wiesbaden"},"image":{"@id":"https:\/\/gruene-wiesbaden.de\/#\/schema\/logo\/image\/"},"sameAs":["https:\/\/www.facebook.com\/gruene.wi","https:\/\/instagram.com\/gruene_wi"]},{"@type":"Person","@id":"https:\/\/gruene-wiesbaden.de\/#\/schema\/person\/6785c34779159cd4fd86886bb097afe9","name":"admin","sameAs":["http:\/\/gruene-wiesbaden-fuer-europa.de"],"url":"https:\/\/gruene-wiesbaden.de\/ro\/author\/admin\/"}]}},"_links":{"self":[{"href":"https:\/\/gruene-wiesbaden.de\/ro\/wp-json\/wp\/v2\/posts\/1660","targetHints":{"allow":["GET"]}}],"collection":[{"href":"https:\/\/gruene-wiesbaden.de\/ro\/wp-json\/wp\/v2\/posts"}],"about":[{"href":"https:\/\/gruene-wiesbaden.de\/ro\/wp-json\/wp\/v2\/types\/post"}],"author":[{"embeddable":true,"href":"https:\/\/gruene-wiesbaden.de\/ro\/wp-json\/wp\/v2\/users\/1"}],"replies":[{"embeddable":true,"href":"https:\/\/gruene-wiesbaden.de\/ro\/wp-json\/wp\/v2\/comments?post=1660"}],"version-history":[{"count":4,"href":"https:\/\/gruene-wiesbaden.de\/ro\/wp-json\/wp\/v2\/posts\/1660\/revisions"}],"predecessor-version":[{"id":1665,"href":"https:\/\/gruene-wiesbaden.de\/ro\/wp-json\/wp\/v2\/posts\/1660\/revisions\/1665"}],"wp:featuredmedia":[{"embeddable":true,"href":"https:\/\/gruene-wiesbaden.de\/ro\/wp-json\/wp\/v2\/media\/1661"}],"wp:attachment":[{"href":"https:\/\/gruene-wiesbaden.de\/ro\/wp-json\/wp\/v2\/media?parent=1660"}],"wp:term":[{"taxonomy":"category","embeddable":true,"href":"https:\/\/gruene-wiesbaden.de\/ro\/wp-json\/wp\/v2\/categories?post=1660"},{"taxonomy":"post_tag","embeddable":true,"href":"https:\/\/gruene-wiesbaden.de\/ro\/wp-json\/wp\/v2\/tags?post=1660"}],"curies":[{"name":"wp","href":"https:\/\/api.w.org\/{rel}","templated":true}]}}