{"id":1388,"date":"2025-11-10T00:37:40","date_gmt":"2025-11-09T22:37:40","guid":{"rendered":"https:\/\/gruene-wiesbaden.de\/?p=1388"},"modified":"2026-04-09T00:38:19","modified_gmt":"2026-04-08T22:38:19","slug":"die-stadt-wiesbaden-als-attraktiver-arbeitgeber","status":"publish","type":"post","link":"https:\/\/gruene-wiesbaden.de\/ro\/die-stadt-wiesbaden-als-attraktiver-arbeitgeber\/","title":{"rendered":"Ora\u0219ul Wiesbaden ca angajator atractiv"},"content":{"rendered":"<section class=\"l-section wpb_row height_medium with_img\"><div class=\"l-section-img\" role=\"img\" data-img-width=\"1080\" data-img-height=\"800\" style=\"background-image: url(https:\/\/gruene-wiesbaden.de\/wp-content\/uploads\/2025\/11\/neuer-Verlauf-gruene-wiesbaden.de_-2-e1762709402177.png);\"><\/div><div class=\"l-section-overlay\" style=\"background:var(--color-header-top-transparent-bg)\"><\/div><div class=\"l-section-h i-cf\"><div class=\"g-cols vc_row via_grid cols_1 laptops-cols_inherit tablets-cols_inherit mobiles-cols_1 valign_top type_default stacking_default\"><div class=\"wpb_column vc_column_container\"><div class=\"vc_column-inner\"><h1 class=\"w-post-elm post_title us_custom_a574d586 has_text_color entry-title\">Ora\u0219ul Wiesbaden ca angajator atractiv<\/h1><div class=\"w-separator size_medium\"><\/div><div class=\"g-cols wpb_row via_grid cols_2-1 laptops-cols_inherit tablets-cols_inherit mobiles-cols_1 valign_top type_default stacking_default\" style=\"--columns-gap:3rem;\"><div class=\"wpb_column vc_column_container\"><div class=\"vc_column-inner\"><div class=\"wpb_text_column us_custom_8b3d6790 has_text_color\"><div class=\"wpb_wrapper\"><p><span style=\"font-weight: 400;\">Capitala statului Wiesbaden este unul dintre cei mai importan\u021bi angajatori din regiune: Aproximativ 6.000 de persoane lucreaz\u0103 \u00een administra\u021bia central\u0103, cu exploata\u021biile ora\u0219ului de aproximativ dou\u0103 ori mai multe. Indiferent dac\u0103 sunte\u021bi educator, gr\u0103dinar, \u0219ofer de autobuz sau manager de digitalizare, toate acestea fac ca ora\u0219ul nostru s\u0103 func\u021bioneze. Noi, Verzii, dorim ca angaja\u021bii municipali s\u0103 se simt\u0103 aprecia\u021bi, s\u0103 aib\u0103 perspective de dezvoltare \u0219i s\u0103 fie capabili s\u0103-\u0219i reconcilieze \u00een mod flexibil munca cu via\u021ba privat\u0103.<\/span><\/p>\n<p><span style=\"font-weight: 400;\">Angaja\u021bii satisf\u0103cu\u021bi sunt cruciali, nu \u00een ultimul r\u00e2nd pentru c\u0103 administra\u021bia joac\u0103 un rol cheie \u00een echiparea ora\u0219ului nostru pentru viitor.<\/span><\/p>\n<p><span style=\"font-weight: 400;\">\u00cen acela\u0219i timp, administra\u021bia \u00eens\u0103\u0219i trece prin schimb\u0103ri majore \u2013 de la deficitul de competen\u021be la digitalizare. Dorim s\u0103 abord\u0103m aceste provoc\u0103ri cu angaja\u021bii, s\u0103 le lu\u0103m \u00een serios experien\u021bele \u0219i s\u0103 le ascult\u0103m opiniile \u2013 \u00eentotdeauna cu ambi\u021bia de a profita de noi oportunit\u0103\u021bi, de a ne asuma responsabilitatea social\u0103 \u0219i de a face Wiesbaden mai atractiv pentru toat\u0103 lumea.<\/span><\/p>\n<\/div><\/div><div class=\"w-separator size_medium\"><\/div><div class=\"w-btn-wrapper align_left\"><a class=\"w-btn us-btn-style_8 icon_atleft\" href=\"https:\/\/gruene-wiesbaden.de\/ro\/kommunalwahl\/#Kapitel3\"><i class=\"fas fa-chevron-circle-right\"><\/i><span class=\"w-btn-label\">\u00cenapoi la prezentare general\u0103<\/span><\/a><\/div><\/div><\/div><div class=\"wpb_column vc_column_container\"><div class=\"vc_column-inner\"><div class=\"w-image align_center\"><div class=\"w-image-h\"><img decoding=\"async\" width=\"2560\" height=\"1703\" src=\"https:\/\/gruene-wiesbaden.de\/wp-content\/uploads\/2025\/11\/3.7-Stadt-Wiesbaden-als-attraktive-Arbeitgeberin-scaled.jpeg\" class=\"attachment-full size-full\" alt=\"\" loading=\"lazy\" srcset=\"https:\/\/gruene-wiesbaden.de\/wp-content\/uploads\/2025\/11\/3.7-Stadt-Wiesbaden-als-attraktive-Arbeitgeberin-scaled.jpeg 2560w, https:\/\/gruene-wiesbaden.de\/wp-content\/uploads\/2025\/11\/3.7-Stadt-Wiesbaden-als-attraktive-Arbeitgeberin-400x266.jpeg 400w, https:\/\/gruene-wiesbaden.de\/wp-content\/uploads\/2025\/11\/3.7-Stadt-Wiesbaden-als-attraktive-Arbeitgeberin-600x399.jpeg 600w\" sizes=\"auto, (max-width: 2560px) 100vw, 2560px\" \/><\/div><\/div><div class=\"w-separator size_small\"><\/div><\/div><\/div><\/div><div class=\"w-separator size_medium\"><\/div><div class=\"w-separator size_medium\"><\/div><div class=\"wpb_text_column us_custom_29deb344 has_text_color\"><div class=\"wpb_wrapper\"><h1>Ce atractivitate a ora\u0219ului Wiesbaden ca angajator \u00eenseamn\u0103 pentru noi<\/h1>\n<\/div><\/div><div class=\"w-separator size_large\"><\/div><div class=\"g-cols wpb_row via_grid cols_3 laptops-cols_inherit tablets-cols_inherit mobiles-cols_1 valign_top type_default stacking_default\" style=\"--columns-gap:3rem;\"><div class=\"wpb_column vc_column_container\"><div class=\"vc_column-inner\"><div class=\"w-iconbox us_custom_8b3d6790 has_text_color iconpos_left style_default color_custom align_left\"><div class=\"w-iconbox-icon\" style=\"font-size:2rem;--icon-color:#Ffffff;--icon-bg-color:var(--color-header-middle-bg);\"><i class=\"fas fa-layer-group\"><\/i><\/div><div class=\"w-iconbox-meta\"><h4 class=\"w-iconbox-title\" style=\"font-size:1.5rem;\">Pl\u0103tite \u00een mod echitabil, tarifare<\/h4><div class=\"w-iconbox-text\"><p><span style=\"font-weight: 400;\">Sus\u021binem o munc\u0103 bun\u0103, cu un salariu echitabil. To\u021bi angaja\u021bii \u0219i contractan\u021bii externi beneficiaz\u0103 de negocieri colective \u0219i de condi\u021bii de munc\u0103 echitabile \u0219i transparente.<\/span><\/p>\n<\/div><\/div><\/div><\/div><\/div><div class=\"wpb_column vc_column_container\"><div class=\"vc_column-inner\"><div class=\"w-iconbox us_custom_8b3d6790 has_text_color iconpos_left style_default color_custom align_left\"><div class=\"w-iconbox-icon\" style=\"font-size:2rem;--icon-color:#Ffffff;--icon-bg-color:var(--color-header-transparent-text);\"><i class=\"fas fa-layer-group\"><\/i><\/div><div class=\"w-iconbox-meta\"><h4 class=\"w-iconbox-title\" style=\"font-size:1.5rem;\">Munce\u0219te s\u0103n\u0103tos, r\u0103m\u00e2i s\u0103n\u0103tos<\/h4><div class=\"w-iconbox-text\"><p><span style=\"font-weight: 400;\">Prevenirea, exerci\u021biile fizice \u0219i s\u0103n\u0103tatea mintal\u0103 sunt importante pentru noi. Cre\u0103m structuri care asigur\u0103 s\u0103n\u0103tatea \u0219i bun\u0103starea pe termen lung.<\/span><\/p>\n<\/div><\/div><\/div><\/div><\/div><div class=\"wpb_column vc_column_container\"><div class=\"vc_column-inner\"><div class=\"w-iconbox us_custom_8b3d6790 has_text_color iconpos_left style_default color_custom align_left\"><div class=\"w-iconbox-icon\" style=\"font-size:2rem;--icon-color:#Ffffff;--icon-bg-color:var(--color-header-transparent-text);\"><i class=\"fas fa-layer-group\"><\/i><\/div><div class=\"w-iconbox-meta\"><h4 class=\"w-iconbox-title\" style=\"font-size:1.5rem;\">Echilibrul dintre via\u021ba profesional\u0103 \u0219i cea privat\u0103<\/h4><div class=\"w-iconbox-text\"><p><span style=\"font-weight: 400;\">Modelele flexibile ale timpului de lucru, biroul de la domiciliu (dac\u0103 este legat de locul de munc\u0103) \u0219i sprijinul pentru convenirea obliga\u021biilor de \u00eengrijire privat\u0103 cu munca permit un echilibru modern \u00eentre via\u021ba profesional\u0103 \u0219i cea privat\u0103.<\/span><\/p>\n<\/div><\/div><\/div><\/div><\/div><\/div><div class=\"w-separator size_medium\"><\/div><div class=\"g-cols wpb_row via_grid cols_3 laptops-cols_inherit tablets-cols_inherit mobiles-cols_1 valign_top type_default stacking_default\" style=\"--columns-gap:3rem;\"><div class=\"wpb_column vc_column_container\"><div class=\"vc_column-inner\"><div class=\"w-iconbox us_custom_8b3d6790 has_text_color iconpos_left style_default color_custom align_left\"><div class=\"w-iconbox-icon\" style=\"font-size:2rem;--icon-color:#Ffffff;--icon-bg-color:var(--color-header-transparent-text);\"><i class=\"fas fa-layer-group\"><\/i><\/div><div class=\"w-iconbox-meta\"><h4 class=\"w-iconbox-title\" style=\"font-size:1.5rem;\">Participare \u0219i co-determinare<\/h4><div class=\"w-iconbox-text\"><p><span style=\"font-weight: 400;\">Angaja\u021bii sunt implica\u021bi activ \u00een modelarea schimb\u0103rii. Ne baz\u0103m pe transparen\u021b\u0103, pe cultura feedback-ului \u0219i pe codeterminarea democratic\u0103 \u2013 \u00een str\u00e2ns\u0103 cooperare cu Consiliul pentru personal, cu reprezentan\u021bii persoanelor cu handicap grav \u0219i cu responsabilii pentru egalitatea de gen \u0219i femei.<\/span><\/p>\n<\/div><\/div><\/div><\/div><\/div><div class=\"wpb_column vc_column_container\"><div class=\"vc_column-inner\"><div class=\"w-iconbox us_custom_8b3d6790 has_text_color iconpos_left style_default color_custom align_left\"><div class=\"w-iconbox-icon\" style=\"font-size:2rem;--icon-color:#Ffffff;--icon-bg-color:var(--color-header-middle-bg);\"><i class=\"fas fa-layer-group\"><\/i><\/div><div class=\"w-iconbox-meta\"><h4 class=\"w-iconbox-title\" style=\"font-size:1.5rem;\">Mediu de lucru inteligent \u0219i durabil<\/h4><div class=\"w-iconbox-text\"><p><span style=\"font-weight: 400;\">Ne angaj\u0103m s\u0103 oferim locuri de munc\u0103 moderne, eficiente \u0219i durabile: Modelele mobile de lucru \u0219i noile locuri de munc\u0103 reduc spa\u021biul de birouri \u0219i traficul, locurile de munc\u0103 eficiente din punct de vedere energetic, precum \u0219i ofertele de mobilitate, cum ar fi biletele de munc\u0103 sau bicicletele de lucru, conserv\u0103 resursele.<\/span><\/p>\n<\/div><\/div><\/div><\/div><\/div><div class=\"wpb_column vc_column_container\"><div class=\"vc_column-inner\"><div class=\"w-iconbox us_custom_8b3d6790 has_text_color iconpos_left style_default color_custom align_left\"><div class=\"w-iconbox-icon\" style=\"font-size:2rem;--icon-color:#Ffffff;--icon-bg-color:var(--color-header-transparent-text);\"><i class=\"fas fa-layer-group\"><\/i><\/div><div class=\"w-iconbox-meta\"><h4 class=\"w-iconbox-title\" style=\"font-size:1.5rem;\">Viitorul prin educa\u021bie continu\u0103<\/h4><div class=\"w-iconbox-text\"><p><span style=\"font-weight: 400;\">Formarea specific\u0103 \u0219i dezvoltarea competen\u021belor digitale consolideaz\u0103 to\u021bi angaja\u021bii ora\u0219ului, asigur\u0103 dezvoltarea personal\u0103 \u0219i adapteaz\u0103 ora\u0219ul Wiesbaden pentru viitor.<\/span><\/p>\n<\/div><\/div><\/div><\/div><\/div><\/div><div class=\"w-separator size_medium\"><\/div><div class=\"g-cols wpb_row via_grid cols_3 laptops-cols_inherit tablets-cols_inherit mobiles-cols_1 valign_top type_default stacking_default\" style=\"--columns-gap:3rem;\"><div class=\"wpb_column vc_column_container\"><div class=\"vc_column-inner\"><div class=\"w-iconbox us_custom_8b3d6790 has_text_color iconpos_left style_default color_custom align_left\"><div class=\"w-iconbox-icon\" style=\"font-size:2rem;--icon-color:#Ffffff;--icon-bg-color:var(--color-header-middle-bg);\"><i class=\"fas fa-layer-group\"><\/i><\/div><div class=\"w-iconbox-meta\"><h4 class=\"w-iconbox-title\" style=\"font-size:1.5rem;\">Diversitatea ca for\u021b\u0103<\/h4><div class=\"w-iconbox-text\"><p><span style=\"font-weight: 400;\">Promov\u0103m diversitatea \u00een toate domeniile de activitate urban\u0103 \u2013 fiecare angajat conteaz\u0103, indiferent de origine, gen sau identitate.<\/span><\/p>\n<\/div><\/div><\/div><\/div><\/div><div class=\"wpb_column vc_column_container\"><div class=\"vc_column-inner\"><\/div><\/div><div class=\"wpb_column vc_column_container\"><div class=\"vc_column-inner\"><\/div><\/div><\/div><div class=\"w-separator size_medium\"><\/div><div class=\"w-btn-wrapper align_left\"><a class=\"w-btn us-btn-style_8 icon_atleft\" href=\"https:\/\/gruene-wiesbaden.de\/ro\/kommunalwahl\/#Kapitel3\"><i class=\"fas fa-chevron-circle-right\"><\/i><span class=\"w-btn-label\">\u00cenapoi la prezentare general\u0103<\/span><\/a><\/div><div class=\"w-separator size_medium\"><\/div><\/div><\/div><\/div><\/div><\/section><section class=\"l-section wpb_row height_auto with_img\"><div class=\"l-section-img\" role=\"img\" data-img-width=\"2560\" data-img-height=\"1703\" style=\"background-image: url(https:\/\/gruene-wiesbaden.de\/wp-content\/uploads\/2025\/11\/3.7-Stadt-Wiesbaden-als-attraktive-Arbeitgeberin-scaled.jpeg);background-repeat: no-repeat;\"><\/div><div class=\"l-section-overlay\" style=\"background:var(--color-header-top-transparent-bg)\"><\/div><div class=\"l-section-h i-cf\"><div class=\"g-cols vc_row via_grid cols_1 laptops-cols_inherit tablets-cols_inherit mobiles-cols_1 valign_middle type_default stacking_default\" style=\"--columns-gap:1rem;\"><div class=\"wpb_column vc_column_container\"><div class=\"vc_column-inner\"><div class=\"w-separator size_large\"><\/div><div class=\"wpb_text_column us_custom_fa36a3ac has_text_color background_inside_text\"><div class=\"wpb_wrapper\"><h1>Ce vrem s\u0103 facem \u00een mod special \u00een acest domeniu<\/h1>\n<\/div><\/div><div class=\"w-separator size_medium\"><\/div><div class=\"w-tabs us_custom_42d693a0 has_text_color style_default switch_click accordion has_scrolling\" style=\"--sections-title-size:1.4rem\"><div class=\"w-tabs-sections titles-align_none icon_chevron cpos_right\"><div class=\"w-tabs-section has_text_color\" id=\"rc52\" style=\"background:var(--color-header-transparent-text);color:var(--color-header-top-text-hover);\"><button class=\"w-tabs-section-header\" aria-controls=\"content-rc52\" aria-expanded=\"false\"><div class=\"w-tabs-section-title\">Consolidarea gestion\u0103rii s\u0103n\u0103t\u0103\u021bii \u0219i a echilibrului dintre via\u021ba profesional\u0103 \u0219i cea privat\u0103<\/div><div class=\"w-tabs-section-control\"><\/div><\/button><div  class=\"w-tabs-section-content\" id=\"content-rc52\"><div class=\"w-tabs-section-content-h i-cf\"><div class=\"wpb_text_column\"><div class=\"wpb_wrapper\"><p><span style=\"font-weight: 400;\">Dorim s\u0103 asigur\u0103m \u0219i s\u0103 dezvolt\u0103m \u00een continuare ofertele de promovare a s\u0103n\u0103t\u0103\u021bii \u0219i un bun echilibru \u00eentre via\u021ba profesional\u0103 \u0219i cea privat\u0103 \u00een viitor. Prevenirea, exerci\u021biile fizice, consilierea, proiectarea sigur\u0103 \u0219i ergonomic\u0103 a locului de munc\u0103 \u0219i modelele flexibile de lucru \u00eei ajut\u0103 pe angaja\u021bi s\u0103 r\u0103m\u00e2n\u0103 s\u0103n\u0103to\u0219i, s\u0103 se simt\u0103 bine \u0219i s\u0103 \u00ee\u0219i dezvolte poten\u021bialul. \u00cen acest fel, consolid\u0103m satisfac\u021bia, motiva\u021bia \u0219i performan\u021ba \u0219i transform\u0103m ora\u0219ul Wiesbaden \u00eentr-un angajator modern \u0219i atractiv.<\/span><\/p>\n<\/div><\/div><\/div><\/div><\/div><div class=\"w-tabs-section has_text_color\" id=\"td6f\" style=\"background:var(--color-header-transparent-text);color:var(--color-header-top-text-hover);\"><button class=\"w-tabs-section-header\" aria-controls=\"content-td6f\" aria-expanded=\"false\"><div class=\"w-tabs-section-title\">Promovarea \u00een continuare a mobilit\u0103\u021bii durabile a angaja\u021bilor<\/div><div class=\"w-tabs-section-control\"><\/div><\/button><div  class=\"w-tabs-section-content\" id=\"content-td6f\"><div class=\"w-tabs-section-content-h i-cf\"><div class=\"wpb_text_column\"><div class=\"wpb_wrapper\"><p><span style=\"font-weight: 400;\">GR\u00dcNE va continua s\u0103 ofere gratuit biletul de angajare RMV \u0219i va introduce un serviciu de \u00eenchiriere de biciclete pentru a consolida mobilitatea ecologic\u0103. \u00cen acela\u0219i timp, dorim s\u0103 proiect\u0103m spa\u021bii de parcare \u00een func\u021bie de cerere, s\u0103 cre\u0103m zone pentru parcarea sigur\u0103 \u0219i acoperit\u0103 a bicicletelor \u0219i s\u0103 extindem infrastructura de \u00eenc\u0103rcare pentru vehiculele electrice. \u00cen acest fel, promov\u0103m mobilitatea durabil\u0103, protej\u0103m mediul \u0219i sprijinim s\u0103n\u0103tatea, satisfac\u021bia \u0219i flexibilitatea angaja\u021bilor no\u0219tri.<\/span><\/p>\n<\/div><\/div><\/div><\/div><\/div><div class=\"w-tabs-section has_text_color\" id=\"xe93\" style=\"background:var(--color-header-transparent-text);color:var(--color-header-top-text-hover);\"><button class=\"w-tabs-section-header\" aria-controls=\"content-xe93\" aria-expanded=\"false\"><div class=\"w-tabs-section-title\">Crearea de noi locuri de munc\u0103 \u00een administra\u021bie<\/div><div class=\"w-tabs-section-control\"><\/div><\/button><div  class=\"w-tabs-section-content\" id=\"content-xe93\"><div class=\"w-tabs-section-content-h i-cf\"><div class=\"wpb_text_column\"><div class=\"wpb_wrapper\"><p><span style=\"font-weight: 400;\">Ca parte a New Work, ora\u0219ul Wiesbaden proiecteaz\u0103 modalit\u0103\u021bi moderne \u0219i flexibile de lucru. \u00cen plus, este \u00een curs de elaborare un acord de servicii privind noi forme de munc\u0103 \u0219i de partajare a documentelor. Acesta creeaz\u0103 cadrul organiza\u021bional pentru munca mobil\u0103, partajarea birourilor \u0219i colaborarea digital\u0103 care urmeaz\u0103 s\u0103 fie introduse \u00een ora\u0219 \u00een viitor. Pas cu pas, acest lucru creeaz\u0103 o administra\u021bie care este actualizat\u0103, orientat\u0103 spre cet\u0103\u021beni \u0219i atractiv\u0103 ca angajator.<\/span><\/p>\n<\/div><\/div><\/div><\/div><\/div><div class=\"w-tabs-section has_text_color\" id=\"qfaf\" style=\"background:var(--color-header-middle-bg);color:var(--color-content-heading);\"><button class=\"w-tabs-section-header\" aria-controls=\"content-qfaf\" aria-expanded=\"false\"><div class=\"w-tabs-section-title\">Activa\u021bi munca flexibil\u0103 \u00een administra\u021bie<\/div><div class=\"w-tabs-section-control\"><\/div><\/button><div  class=\"w-tabs-section-content\" id=\"content-qfaf\"><div class=\"w-tabs-section-content-h i-cf\"><div class=\"wpb_text_column\"><div class=\"wpb_wrapper\"><p><span style=\"font-weight: 400;\">Cre\u0103m mai multe oportunit\u0103\u021bi pentru biroul de acas\u0103 \u0219i pentru munca mobil\u0103 \u00een administra\u021bia ora\u0219ului Wiesbaden \u2013 \u00een mod explicit \u0219i pentru ucenici. Condi\u021bia prealabil\u0103 \u00een acest sens este introducerea dosarului electronic \u0219i a unor procese de lucru digitale coerente \u2013 desigur, \u00een str\u00e2ns\u0103 coordonare cu consiliul general al personalului. Astfel de modele moderne de lucru \u00eembun\u0103t\u0103\u021besc echilibrul dintre via\u021ba profesional\u0103 \u0219i cea privat\u0103, sporesc satisfac\u021bia angaja\u021bilor \u0219i consolideaz\u0103 ora\u0219ul ca angajator atractiv. Acest lucru creeaz\u0103 o administra\u021bie orientat\u0103 spre viitor, care ofer\u0103 perspective tinerelor talente \u0219i \u00eendepline\u0219te cerin\u021bele unei lumi moderne a muncii.<\/span><\/p>\n<\/div><\/div><\/div><\/div><\/div><div class=\"w-tabs-section has_text_color\" id=\"h0c8\" style=\"background:var(--color-header-transparent-text);color:var(--color-header-top-text-hover);\"><button class=\"w-tabs-section-header\" aria-controls=\"content-h0c8\" aria-expanded=\"false\"><div class=\"w-tabs-section-title\">Capacitarea directorilor \u0219i angaja\u021bilor pentru transformarea digital\u0103<\/div><div class=\"w-tabs-section-control\"><\/div><\/button><div  class=\"w-tabs-section-content\" id=\"content-h0c8\"><div class=\"w-tabs-section-content-h i-cf\"><div class=\"wpb_text_column\"><div class=\"wpb_wrapper\"><p><span style=\"font-weight: 400;\">Transformarea digital\u0103 necesit\u0103 noi competen\u021be: munca \u00een re\u021bea, metodele agile \u0219i dorin\u021ba de schimbare. Este cu at\u00e2t mai important s\u0103 existe oferte de formare personalizate, programe de mentorat \u0219i formare continu\u0103 pentru managerii \u0219i angaja\u021bii din toate zonele de lucru urbane. Promovarea tinerelor talente, parcursuri profesionale clare \u0219i egalitatea de \u0219anse asigur\u0103 perspective de dezvoltare pe termen lung. De asemenea, este nevoie de o cultur\u0103 care s\u0103 promoveze inovarea, s\u0103 motiveze angaja\u021bii \u0219i s\u0103 adapteze ora\u0219ul Wiesbaden la exigen\u021bele viitorului \u2013 flexibil\u0103, competent\u0103 din punct de vedere digital \u0219i favorabil\u0103 incluziunii pentru to\u021bi angaja\u021bii.<\/span><\/p>\n<\/div><\/div><\/div><\/div><\/div><div class=\"w-tabs-section has_text_color\" id=\"w1df\" style=\"background:var(--color-header-middle-bg);color:var(--color-header-middle-text);\"><button class=\"w-tabs-section-header\" aria-controls=\"content-w1df\" aria-expanded=\"false\"><div class=\"w-tabs-section-title\">Extinderea apartamentelor pentru ucenici \u0219i companii<\/div><div class=\"w-tabs-section-control\"><\/div><\/button><div  class=\"w-tabs-section-content\" id=\"content-w1df\"><div class=\"w-tabs-section-content-h i-cf\"><div class=\"wpb_text_column\"><div class=\"wpb_wrapper\"><p><span style=\"font-weight: 400;\">De asemenea, dorim s\u0103 \u00eembun\u0103t\u0103\u021bim oferta de locuin\u021be pentru lucr\u0103torii din mediul urban. De asemenea, dorim s\u0103 test\u0103m apartamentele companiei, deoarece le-am construit deja pe terenul Helios Dr. Horst Schmidt Kliniken (HSK) de c\u0103tre GWW, pentru alte grupuri de angaja\u021bi, cum ar fi \u0219oferii de autobuz ai ESWE Verkehr. Dorim s\u0103 extindem proiectul-model de locuin\u021be pentru ucenici \u0219i, de asemenea, s\u0103 aducem beneficii ucenicilor din mediul urban.<\/span><\/p>\n<\/div><\/div><\/div><\/div><\/div><div class=\"w-tabs-section has_text_color\" id=\"r2fd\" style=\"background:var(--color-header-transparent-text);color:var(--color-header-top-text-hover);\"><button class=\"w-tabs-section-header\" aria-controls=\"content-r2fd\" aria-expanded=\"false\"><div class=\"w-tabs-section-title\">Atribuirea echitabil\u0103 a contractelor externe<\/div><div class=\"w-tabs-section-control\"><\/div><\/button><div  class=\"w-tabs-section-content\" id=\"content-r2fd\"><div class=\"w-tabs-section-content-h i-cf\"><div class=\"wpb_text_column\"><div class=\"wpb_wrapper\"><p><span style=\"font-weight: 400;\">Ora\u0219ul Wiesbaden acord\u0103 \u00een mod constant toate comenzile externe numai companiilor obligate prin tarife. Acest lucru asigur\u0103 condi\u021bii de munc\u0103 echitabile, salarii decente \u0219i standarde sociale, inclusiv pentru angaja\u021bii care nu lucreaz\u0103 direct cu ora\u0219ul. Acest lucru \u00eent\u0103re\u0219te atractivitatea administra\u021biei ora\u0219ului nostru ca model de ac\u021biune responsabil\u0103 \u0219i subliniaz\u0103 preten\u021bia noastr\u0103 la justi\u021bie \u0219i apreciere \u00een toate domeniile.<\/span><\/p>\n<\/div><\/div><\/div><\/div><\/div><div class=\"w-tabs-section has_text_color\" id=\"i411\" style=\"background:var(--color-header-transparent-text);color:var(--color-header-top-text-hover);\"><button class=\"w-tabs-section-header\" aria-controls=\"content-i411\" aria-expanded=\"false\"><div class=\"w-tabs-section-title\">Cre\u0219terea diversit\u0103\u021bii \u00een administra\u021bie<\/div><div class=\"w-tabs-section-control\"><\/div><\/button><div  class=\"w-tabs-section-content\" id=\"content-i411\"><div class=\"w-tabs-section-content-h i-cf\"><div class=\"wpb_text_column\"><div class=\"wpb_wrapper\"><p><span style=\"font-weight: 400;\">Wiesbaden, ca ora\u0219 divers, beneficiaz\u0103 de acest lucru, chiar dac\u0103 personalul administrativ este divers \u0219i are competen\u021be interculturale. Dorim s\u0103 promov\u0103m acest lucru \u0219i, de asemenea, s\u0103 subliniem \u00een mod explicit \u00een anun\u021burile de angajare c\u0103 cererile de la persoanele cu istoric de migra\u021bie sunt dorite \u00een mod explicit.<\/span><\/p>\n<\/div><\/div><\/div><\/div><\/div><div class=\"w-tabs-section has_text_color\" id=\"v528\" style=\"background:var(--color-header-transparent-text);color:var(--color-header-top-text-hover);\"><button class=\"w-tabs-section-header\" aria-controls=\"content-v528\" aria-expanded=\"false\"><div class=\"w-tabs-section-title\">Promovarea consecvent\u0103 a incluziunii la locul de munc\u0103<\/div><div class=\"w-tabs-section-control\"><\/div><\/button><div  class=\"w-tabs-section-content\" id=\"content-v528\"><div class=\"w-tabs-section-content-h i-cf\"><div class=\"wpb_text_column\"><div class=\"wpb_wrapper\"><p><span style=\"font-weight: 400;\">Lu\u0103m \u00een serios incluziunea: Persoanele cu handicap ar trebui s\u0103 poat\u0103 contribui la \u00eentregul lor poten\u021bial \u00een calitate de angaja\u021bi \u0219i exper\u021bi. Vedem rata persoanelor cu handicap grav nu numai ca o cerin\u021b\u0103 formal\u0103, ci \u0219i ca o oportunitate de a atrage speciali\u0219ti dedica\u021bi. Am dori s\u0103 contracar\u0103m rezerv\u0103rile cu sensibilizare, manipulare bun\u0103 \u0219i ajutoare tehnice. Ofertele de sprijin din partea Biroului de integrare trebuie utilizate \u00een mod consecvent pentru a face locurile de munc\u0103 f\u0103r\u0103 bariere \u0219i pentru a \u021bine seama de nevoile individuale. Toate acestea contribuie la o cultur\u0103 a muncii incluziv\u0103, \u00een care to\u021bi angaja\u021bii sunt aprecia\u021bi \u0219i au \u0219anse egale de dezvoltare \u0219i participare.<\/span><\/p>\n<\/div><\/div><\/div><\/div><\/div><\/div><\/div><div class=\"w-separator size_medium\"><\/div><div class=\"w-btn-wrapper align_left\"><a class=\"w-btn us-btn-style_8 icon_atleft\" href=\"https:\/\/gruene-wiesbaden.de\/ro\/kommunalwahl\/#Kapitel3\"><i class=\"fas fa-chevron-circle-right\"><\/i><span class=\"w-btn-label\">\u00cenapoi la prezentare general\u0103<\/span><\/a><\/div><div class=\"w-separator size_large\"><\/div><div class=\"wpb_text_column us_custom_29deb344 has_text_color\"><div class=\"wpb_wrapper\"><h1>Ceea ce am realizat deja<\/h1>\n<\/div><\/div><div class=\"w-separator size_medium\"><\/div><div class=\"w-tabs us_custom_42d693a0 has_text_color style_default switch_click accordion has_scrolling\" style=\"--sections-title-size:1.4rem\"><div class=\"w-tabs-sections titles-align_none icon_chevron cpos_right\"><div class=\"w-tabs-section has_text_color\" id=\"m7c5\" style=\"background:var(--color-header-transparent-text);color:var(--color-header-top-text-hover);\"><button class=\"w-tabs-section-header\" aria-controls=\"content-m7c5\" aria-expanded=\"false\"><div class=\"w-tabs-section-title\">Ora\u0219ul Wiesbaden, premiat ca angajator favorabil familiei<\/div><div class=\"w-tabs-section-control\"><\/div><\/button><div  class=\"w-tabs-section-content\" id=\"content-m7c5\"><div class=\"w-tabs-section-content-h i-cf\"><div class=\"wpb_text_column\"><div class=\"wpb_wrapper\"><p><span style=\"font-weight: 400;\">Administra\u021bia municipal\u0103 a primit din nou, \u00een 2025, sigiliul de aprobare \u201eangajator favorabil familiei\u201d din partea landului Hessen. Acest lucru recunoa\u0219te faptul c\u0103 ora\u0219ul ofer\u0103 angaja\u021bilor s\u0103i un program de lucru flexibil, oportunit\u0103\u021bi de birou la domiciliu, modele cu frac\u021biune de norm\u0103 \u0219i de Sabat, precum \u0219i servicii de consiliere privind familia \u0219i \u00eengrijirea. Oferta este completat\u0103 de \u00eengrijire de vacan\u021b\u0103 pentru copii. Aceste m\u0103suri permit angaja\u021bilor s\u0103 reconcilieze via\u021ba profesional\u0103 cu cea privat\u0103, s\u0103 promoveze satisfac\u021bia \u0219i p\u0103strarea angaja\u021bilor \u0219i s\u0103 sublinieze faptul c\u0103 Wiesbaden este un angajator modern \u0219i responsabil.<\/span><\/p>\n<\/div><\/div><\/div><\/div><\/div><div class=\"w-tabs-section has_text_color\" id=\"m8e2\" style=\"background:var(--color-header-transparent-text);color:var(--color-header-top-text-hover);\"><button class=\"w-tabs-section-header\" aria-controls=\"content-m8e2\" aria-expanded=\"false\"><div class=\"w-tabs-section-title\">Consolidarea gestion\u0103rii s\u0103n\u0103t\u0103\u021bii \u0219i a echilibrului dintre via\u021ba profesional\u0103 \u0219i cea privat\u0103<\/div><div class=\"w-tabs-section-control\"><\/div><\/button><div  class=\"w-tabs-section-content\" id=\"content-m8e2\"><div class=\"w-tabs-section-content-h i-cf\"><div class=\"wpb_text_column\"><div class=\"wpb_wrapper\"><p><span style=\"font-weight: 400;\">Ora\u0219ul Wiesbaden promoveaz\u0103 s\u0103n\u0103tatea angaja\u021bilor s\u0103i \u0219i un echilibru \u00eentre via\u021ba profesional\u0103 \u0219i cea privat\u0103 \u0219i permite, printre altele, utilizarea eficient\u0103 din punctul de vedere al costurilor a s\u0103lilor de sport partenere \u0219i utilizarea redus\u0103 sau gratuit\u0103 a piscinelor exterioare \u0219i interioare din Wiesbaden. \u00cen acest sens, transmitem un semnal clar pentru prevenire, bun\u0103stare \u0219i condi\u021bii de munc\u0103 durabile \u2013 elemente constitutive importante pentru a asigura satisfac\u021bia \u0219i performan\u021ba angaja\u021bilor.<\/span><\/p>\n<\/div><\/div><\/div><\/div><\/div><div class=\"w-tabs-section has_text_color\" id=\"na01\" style=\"background:var(--color-header-transparent-text);color:var(--color-header-top-text-hover);\"><button class=\"w-tabs-section-header\" aria-controls=\"content-na01\" aria-expanded=\"false\"><div class=\"w-tabs-section-title\">Mobilitatea durabil\u0103, atractiv\u0103 pentru angaja\u021bi<\/div><div class=\"w-tabs-section-control\"><\/div><\/button><div  class=\"w-tabs-section-content\" id=\"content-na01\"><div class=\"w-tabs-section-content-h i-cf\"><div class=\"wpb_text_column\"><div class=\"wpb_wrapper\"><p><span style=\"font-weight: 400;\">Ora\u0219ul Wiesbaden promoveaz\u0103 mobilitatea durabil\u0103 printr-un bilet de munc\u0103 RMV gratuit pentru to\u021bi angaja\u021bii, care acoper\u0103 toate mijloacele de transport public din zona RMV. \u00cen plus, ora\u0219ul este membru al re\u021belei PENDLA, care ofer\u0103 oferte de ride-sharing pentru naveti\u0219ti. Aceste m\u0103suri contribuie, de asemenea, la reducerea emisiilor de CO2.<\/span><\/p>\n<\/div><\/div><\/div><\/div><\/div><div class=\"w-tabs-section has_text_color\" id=\"tb1b\" style=\"background:var(--color-header-middle-bg);color:var(--color-content-heading);\"><button class=\"w-tabs-section-header\" aria-controls=\"content-tb1b\" aria-expanded=\"false\"><div class=\"w-tabs-section-title\">Digitalizarea proceselor ofensive \u0219i moderne de lucru<\/div><div class=\"w-tabs-section-control\"><\/div><\/button><div  class=\"w-tabs-section-content\" id=\"content-tb1b\"><div class=\"w-tabs-section-content-h i-cf\"><div class=\"wpb_text_column\"><div class=\"wpb_wrapper\"><p><span style=\"font-weight: 400;\">Wiesbaden este una dintre cele \u0219ase municipalit\u0103\u021bi pilot din Hessa \u00eentr-o ofensiv\u0103 comun\u0103 de digitalizare \u00eentre guvernul federal \u0219i statul Hessa. Scopul este de a face serviciile administrative mai rapide, mai u\u0219oare \u0219i mai u\u0219or de utilizat pentru cet\u0103\u021beni. Aceasta include dezvoltarea unui model digital 3D al ora\u0219ului \u00een cadrul proiectului \u201eSmart City 2030 \u2013 Wiesbaden goes smart\u201d, care este sprijinit de Ministerul digitaliz\u0103rii \u0219i inov\u0103rii din Hessa cu 2,25 milioane EUR.<\/span><\/p>\n<\/div><\/div><\/div><\/div><\/div><div class=\"w-tabs-section has_text_color\" id=\"xc2e\" style=\"background:var(--color-header-transparent-text);color:var(--color-header-top-text-hover);\"><button class=\"w-tabs-section-header\" aria-controls=\"content-xc2e\" aria-expanded=\"false\"><div class=\"w-tabs-section-title\">Wintra - Intranet \u00een interiorul ora\u0219ului<\/div><div class=\"w-tabs-section-control\"><\/div><\/button><div  class=\"w-tabs-section-content\" id=\"content-xc2e\"><div class=\"w-tabs-section-content-h i-cf\"><div class=\"wpb_text_column\"><div class=\"wpb_wrapper\"><p><span style=\"font-weight: 400;\">Cu Wintra, a fost creat un intranet central pentru to\u021bi angaja\u021bii din mediul urban. Acesta reune\u0219te informa\u021biile, serviciile digitale \u0219i procesele administrative \u00eentr-un singur loc \u0219i faciliteaz\u0103 comunicarea \u0219i colaborarea intern\u0103 \u00een cadrul administra\u021biei.<\/span><\/p>\n<\/div><\/div><\/div><\/div><\/div><\/div><\/div><div class=\"w-separator size_medium\"><\/div><div class=\"w-btn-wrapper align_left\"><a class=\"w-btn us-btn-style_8 icon_atleft\" href=\"https:\/\/gruene-wiesbaden.de\/ro\/kommunalwahl\/#Kapitel3\"><i class=\"fas fa-chevron-circle-right\"><\/i><span class=\"w-btn-label\">\u00cenapoi la prezentare general\u0103<\/span><\/a><\/div><div class=\"w-separator size_large\"><\/div><\/div><\/div><\/div><\/div><\/section>","protected":false},"excerpt":{"rendered":"Ora\u0219ul Wiesbaden ca angajator atractivCapitala de stat Wiesbaden este unul dintre cei mai importan\u021bi angajatori din regiune: Aproximativ 6.000 de persoane lucreaz\u0103 \u00een administra\u021bia central\u0103, cu exploata\u021biile ora\u0219ului de aproximativ dou\u0103 ori mai multe. Indiferent dac\u0103 sunte\u021bi educator, gr\u0103dinar, \u0219ofer de autobuz sau manager de digitalizare, toate acestea fac ca ora\u0219ul nostru s\u0103 func\u021bioneze. Noi, Verzii, vrem ca muncitorii municipali s\u0103...","protected":false},"author":1,"featured_media":1572,"comment_status":"closed","ping_status":"closed","sticky":false,"template":"","format":"standard","meta":{"footnotes":""},"categories":[16],"tags":[],"class_list":["post-1388","post","type-post","status-publish","format-standard","has-post-thumbnail","hentry","category-kapitel-3"],"yoast_head":"<!-- This site is optimized with the Yoast SEO plugin v27.5 - https:\/\/yoast.com\/product\/yoast-seo-wordpress\/ -->\n<title>Die Stadt Wiesbaden als attraktiver Arbeitgeber - B\u00dcNDNIS 90\/DIE GR\u00dcNEN Wiesbaden<\/title>\n<meta name=\"robots\" content=\"index, follow, max-snippet:-1, max-image-preview:large, max-video-preview:-1\" \/>\n<link rel=\"canonical\" href=\"https:\/\/gruene-wiesbaden.de\/ro\/die-stadt-wiesbaden-als-attraktiver-arbeitgeber\/\" \/>\n<meta property=\"og:locale\" content=\"ro_RO\" \/>\n<meta property=\"og:type\" content=\"article\" \/>\n<meta property=\"og:title\" content=\"Die Stadt Wiesbaden als attraktiver Arbeitgeber - B\u00dcNDNIS 90\/DIE GR\u00dcNEN Wiesbaden\" \/>\n<meta property=\"og:url\" content=\"https:\/\/gruene-wiesbaden.de\/ro\/die-stadt-wiesbaden-als-attraktiver-arbeitgeber\/\" \/>\n<meta property=\"og:site_name\" content=\"B\u00dcNDNIS 90\/DIE GR\u00dcNEN Wiesbaden\" \/>\n<meta property=\"article:publisher\" content=\"https:\/\/www.facebook.com\/gruene.wi\" \/>\n<meta property=\"article:published_time\" content=\"2025-11-09T22:37:40+00:00\" \/>\n<meta property=\"article:modified_time\" content=\"2026-04-08T22:38:19+00:00\" \/>\n<meta property=\"og:image\" content=\"https:\/\/gruene-wiesbaden.de\/wp-content\/uploads\/2025\/11\/3.7-Stadt-Wiesbaden-als-attraktive-Arbeitgeberin-scaled.jpeg\" \/>\n\t<meta property=\"og:image:width\" content=\"2560\" \/>\n\t<meta property=\"og:image:height\" content=\"1703\" \/>\n\t<meta property=\"og:image:type\" content=\"image\/jpeg\" \/>\n<meta name=\"author\" content=\"admin\" \/>\n<meta name=\"twitter:card\" content=\"summary_large_image\" \/>\n<meta name=\"twitter:label1\" content=\"Scris de\" \/>\n\t<meta name=\"twitter:data1\" content=\"admin\" \/>\n\t<meta name=\"twitter:label2\" content=\"Timp estimat pentru citire\" \/>\n\t<meta name=\"twitter:data2\" content=\"9 minutes\" \/>\n<script type=\"application\/ld+json\" class=\"yoast-schema-graph\">{\"@context\":\"https:\\\/\\\/schema.org\",\"@graph\":[{\"@type\":\"Article\",\"@id\":\"https:\\\/\\\/gruene-wiesbaden.de\\\/die-stadt-wiesbaden-als-attraktiver-arbeitgeber\\\/#article\",\"isPartOf\":{\"@id\":\"https:\\\/\\\/gruene-wiesbaden.de\\\/die-stadt-wiesbaden-als-attraktiver-arbeitgeber\\\/\"},\"author\":{\"name\":\"admin\",\"@id\":\"https:\\\/\\\/gruene-wiesbaden.de\\\/#\\\/schema\\\/person\\\/6785c34779159cd4fd86886bb097afe9\"},\"headline\":\"Die Stadt Wiesbaden als attraktiver Arbeitgeber\",\"datePublished\":\"2025-11-09T22:37:40+00:00\",\"dateModified\":\"2026-04-08T22:38:19+00:00\",\"mainEntityOfPage\":{\"@id\":\"https:\\\/\\\/gruene-wiesbaden.de\\\/die-stadt-wiesbaden-als-attraktiver-arbeitgeber\\\/\"},\"wordCount\":2612,\"publisher\":{\"@id\":\"https:\\\/\\\/gruene-wiesbaden.de\\\/#organization\"},\"image\":{\"@id\":\"https:\\\/\\\/gruene-wiesbaden.de\\\/die-stadt-wiesbaden-als-attraktiver-arbeitgeber\\\/#primaryimage\"},\"thumbnailUrl\":\"https:\\\/\\\/gruene-wiesbaden.de\\\/wp-content\\\/uploads\\\/2025\\\/11\\\/3.7-Stadt-Wiesbaden-als-attraktive-Arbeitgeberin-scaled.jpeg\",\"articleSection\":[\"Kapitel 3\"],\"inLanguage\":\"ro-RO\"},{\"@type\":\"WebPage\",\"@id\":\"https:\\\/\\\/gruene-wiesbaden.de\\\/die-stadt-wiesbaden-als-attraktiver-arbeitgeber\\\/\",\"url\":\"https:\\\/\\\/gruene-wiesbaden.de\\\/die-stadt-wiesbaden-als-attraktiver-arbeitgeber\\\/\",\"name\":\"Die Stadt Wiesbaden als attraktiver Arbeitgeber - B\u00dcNDNIS 90\\\/DIE GR\u00dcNEN Wiesbaden\",\"isPartOf\":{\"@id\":\"https:\\\/\\\/gruene-wiesbaden.de\\\/#website\"},\"primaryImageOfPage\":{\"@id\":\"https:\\\/\\\/gruene-wiesbaden.de\\\/die-stadt-wiesbaden-als-attraktiver-arbeitgeber\\\/#primaryimage\"},\"image\":{\"@id\":\"https:\\\/\\\/gruene-wiesbaden.de\\\/die-stadt-wiesbaden-als-attraktiver-arbeitgeber\\\/#primaryimage\"},\"thumbnailUrl\":\"https:\\\/\\\/gruene-wiesbaden.de\\\/wp-content\\\/uploads\\\/2025\\\/11\\\/3.7-Stadt-Wiesbaden-als-attraktive-Arbeitgeberin-scaled.jpeg\",\"datePublished\":\"2025-11-09T22:37:40+00:00\",\"dateModified\":\"2026-04-08T22:38:19+00:00\",\"breadcrumb\":{\"@id\":\"https:\\\/\\\/gruene-wiesbaden.de\\\/die-stadt-wiesbaden-als-attraktiver-arbeitgeber\\\/#breadcrumb\"},\"inLanguage\":\"ro-RO\",\"potentialAction\":[{\"@type\":\"ReadAction\",\"target\":[\"https:\\\/\\\/gruene-wiesbaden.de\\\/die-stadt-wiesbaden-als-attraktiver-arbeitgeber\\\/\"]}]},{\"@type\":\"ImageObject\",\"inLanguage\":\"ro-RO\",\"@id\":\"https:\\\/\\\/gruene-wiesbaden.de\\\/die-stadt-wiesbaden-als-attraktiver-arbeitgeber\\\/#primaryimage\",\"url\":\"https:\\\/\\\/gruene-wiesbaden.de\\\/wp-content\\\/uploads\\\/2025\\\/11\\\/3.7-Stadt-Wiesbaden-als-attraktive-Arbeitgeberin-scaled.jpeg\",\"contentUrl\":\"https:\\\/\\\/gruene-wiesbaden.de\\\/wp-content\\\/uploads\\\/2025\\\/11\\\/3.7-Stadt-Wiesbaden-als-attraktive-Arbeitgeberin-scaled.jpeg\",\"width\":2560,\"height\":1703,\"caption\":\"Portrait of confident female lawyer with arms crossed smiling and leaning on column in modern office\"},{\"@type\":\"BreadcrumbList\",\"@id\":\"https:\\\/\\\/gruene-wiesbaden.de\\\/die-stadt-wiesbaden-als-attraktiver-arbeitgeber\\\/#breadcrumb\",\"itemListElement\":[{\"@type\":\"ListItem\",\"position\":1,\"name\":\"Startseite\",\"item\":\"https:\\\/\\\/gruene-wiesbaden.de\\\/\"},{\"@type\":\"ListItem\",\"position\":2,\"name\":\"Die Stadt Wiesbaden als attraktiver Arbeitgeber\"}]},{\"@type\":\"WebSite\",\"@id\":\"https:\\\/\\\/gruene-wiesbaden.de\\\/#website\",\"url\":\"https:\\\/\\\/gruene-wiesbaden.de\\\/\",\"name\":\"DIE GR\u00dcNEN Wiesbaden\",\"description\":\"\",\"publisher\":{\"@id\":\"https:\\\/\\\/gruene-wiesbaden.de\\\/#organization\"},\"potentialAction\":[{\"@type\":\"SearchAction\",\"target\":{\"@type\":\"EntryPoint\",\"urlTemplate\":\"https:\\\/\\\/gruene-wiesbaden.de\\\/?s={search_term_string}\"},\"query-input\":{\"@type\":\"PropertyValueSpecification\",\"valueRequired\":true,\"valueName\":\"search_term_string\"}}],\"inLanguage\":\"ro-RO\"},{\"@type\":\"Organization\",\"@id\":\"https:\\\/\\\/gruene-wiesbaden.de\\\/#organization\",\"name\":\"DIE GR\u00dcNEN Wiesbaden\",\"url\":\"https:\\\/\\\/gruene-wiesbaden.de\\\/\",\"logo\":{\"@type\":\"ImageObject\",\"inLanguage\":\"ro-RO\",\"@id\":\"https:\\\/\\\/gruene-wiesbaden.de\\\/#\\\/schema\\\/logo\\\/image\\\/\",\"url\":\"https:\\\/\\\/gruene-wiesbaden-fuer-europa.de\\\/wp-content\\\/uploads\\\/2024\\\/04\\\/Machen-was-zaehlt-5.png\",\"contentUrl\":\"https:\\\/\\\/gruene-wiesbaden-fuer-europa.de\\\/wp-content\\\/uploads\\\/2024\\\/04\\\/Machen-was-zaehlt-5.png\",\"width\":1772,\"height\":1772,\"caption\":\"DIE GR\u00dcNEN Wiesbaden\"},\"image\":{\"@id\":\"https:\\\/\\\/gruene-wiesbaden.de\\\/#\\\/schema\\\/logo\\\/image\\\/\"},\"sameAs\":[\"https:\\\/\\\/www.facebook.com\\\/gruene.wi\",\"https:\\\/\\\/instagram.com\\\/gruene_wi\"]},{\"@type\":\"Person\",\"@id\":\"https:\\\/\\\/gruene-wiesbaden.de\\\/#\\\/schema\\\/person\\\/6785c34779159cd4fd86886bb097afe9\",\"name\":\"admin\",\"sameAs\":[\"http:\\\/\\\/gruene-wiesbaden-fuer-europa.de\"],\"url\":\"https:\\\/\\\/gruene-wiesbaden.de\\\/ro\\\/author\\\/admin\\\/\"}]}<\/script>\n<!-- \/ Yoast SEO plugin. -->","yoast_head_json":{"title":"Die Stadt Wiesbaden als attraktiver Arbeitgeber - B\u00dcNDNIS 90\/DIE GR\u00dcNEN Wiesbaden","robots":{"index":"index","follow":"follow","max-snippet":"max-snippet:-1","max-image-preview":"max-image-preview:large","max-video-preview":"max-video-preview:-1"},"canonical":"https:\/\/gruene-wiesbaden.de\/ro\/die-stadt-wiesbaden-als-attraktiver-arbeitgeber\/","og_locale":"ro_RO","og_type":"article","og_title":"Die Stadt Wiesbaden als attraktiver Arbeitgeber - B\u00dcNDNIS 90\/DIE GR\u00dcNEN Wiesbaden","og_url":"https:\/\/gruene-wiesbaden.de\/ro\/die-stadt-wiesbaden-als-attraktiver-arbeitgeber\/","og_site_name":"B\u00dcNDNIS 90\/DIE GR\u00dcNEN Wiesbaden","article_publisher":"https:\/\/www.facebook.com\/gruene.wi","article_published_time":"2025-11-09T22:37:40+00:00","article_modified_time":"2026-04-08T22:38:19+00:00","og_image":[{"width":2560,"height":1703,"url":"https:\/\/gruene-wiesbaden.de\/wp-content\/uploads\/2025\/11\/3.7-Stadt-Wiesbaden-als-attraktive-Arbeitgeberin-scaled.jpeg","type":"image\/jpeg"}],"author":"admin","twitter_card":"summary_large_image","twitter_misc":{"Scris de":"admin","Timp estimat pentru citire":"9 minutes"},"schema":{"@context":"https:\/\/schema.org","@graph":[{"@type":"Article","@id":"https:\/\/gruene-wiesbaden.de\/die-stadt-wiesbaden-als-attraktiver-arbeitgeber\/#article","isPartOf":{"@id":"https:\/\/gruene-wiesbaden.de\/die-stadt-wiesbaden-als-attraktiver-arbeitgeber\/"},"author":{"name":"admin","@id":"https:\/\/gruene-wiesbaden.de\/#\/schema\/person\/6785c34779159cd4fd86886bb097afe9"},"headline":"Die Stadt Wiesbaden als attraktiver Arbeitgeber","datePublished":"2025-11-09T22:37:40+00:00","dateModified":"2026-04-08T22:38:19+00:00","mainEntityOfPage":{"@id":"https:\/\/gruene-wiesbaden.de\/die-stadt-wiesbaden-als-attraktiver-arbeitgeber\/"},"wordCount":2612,"publisher":{"@id":"https:\/\/gruene-wiesbaden.de\/#organization"},"image":{"@id":"https:\/\/gruene-wiesbaden.de\/die-stadt-wiesbaden-als-attraktiver-arbeitgeber\/#primaryimage"},"thumbnailUrl":"https:\/\/gruene-wiesbaden.de\/wp-content\/uploads\/2025\/11\/3.7-Stadt-Wiesbaden-als-attraktive-Arbeitgeberin-scaled.jpeg","articleSection":["Kapitel 3"],"inLanguage":"ro-RO"},{"@type":"WebPage","@id":"https:\/\/gruene-wiesbaden.de\/die-stadt-wiesbaden-als-attraktiver-arbeitgeber\/","url":"https:\/\/gruene-wiesbaden.de\/die-stadt-wiesbaden-als-attraktiver-arbeitgeber\/","name":"Die Stadt Wiesbaden als attraktiver Arbeitgeber - B\u00dcNDNIS 90\/DIE GR\u00dcNEN Wiesbaden","isPartOf":{"@id":"https:\/\/gruene-wiesbaden.de\/#website"},"primaryImageOfPage":{"@id":"https:\/\/gruene-wiesbaden.de\/die-stadt-wiesbaden-als-attraktiver-arbeitgeber\/#primaryimage"},"image":{"@id":"https:\/\/gruene-wiesbaden.de\/die-stadt-wiesbaden-als-attraktiver-arbeitgeber\/#primaryimage"},"thumbnailUrl":"https:\/\/gruene-wiesbaden.de\/wp-content\/uploads\/2025\/11\/3.7-Stadt-Wiesbaden-als-attraktive-Arbeitgeberin-scaled.jpeg","datePublished":"2025-11-09T22:37:40+00:00","dateModified":"2026-04-08T22:38:19+00:00","breadcrumb":{"@id":"https:\/\/gruene-wiesbaden.de\/die-stadt-wiesbaden-als-attraktiver-arbeitgeber\/#breadcrumb"},"inLanguage":"ro-RO","potentialAction":[{"@type":"ReadAction","target":["https:\/\/gruene-wiesbaden.de\/die-stadt-wiesbaden-als-attraktiver-arbeitgeber\/"]}]},{"@type":"ImageObject","inLanguage":"ro-RO","@id":"https:\/\/gruene-wiesbaden.de\/die-stadt-wiesbaden-als-attraktiver-arbeitgeber\/#primaryimage","url":"https:\/\/gruene-wiesbaden.de\/wp-content\/uploads\/2025\/11\/3.7-Stadt-Wiesbaden-als-attraktive-Arbeitgeberin-scaled.jpeg","contentUrl":"https:\/\/gruene-wiesbaden.de\/wp-content\/uploads\/2025\/11\/3.7-Stadt-Wiesbaden-als-attraktive-Arbeitgeberin-scaled.jpeg","width":2560,"height":1703,"caption":"Portrait of confident female lawyer with arms crossed smiling and leaning on column in modern office"},{"@type":"BreadcrumbList","@id":"https:\/\/gruene-wiesbaden.de\/die-stadt-wiesbaden-als-attraktiver-arbeitgeber\/#breadcrumb","itemListElement":[{"@type":"ListItem","position":1,"name":"Startseite","item":"https:\/\/gruene-wiesbaden.de\/"},{"@type":"ListItem","position":2,"name":"Die Stadt Wiesbaden als attraktiver Arbeitgeber"}]},{"@type":"WebSite","@id":"https:\/\/gruene-wiesbaden.de\/#website","url":"https:\/\/gruene-wiesbaden.de\/","name":"DIE GR\u00dcNEN Wiesbaden","description":"","publisher":{"@id":"https:\/\/gruene-wiesbaden.de\/#organization"},"potentialAction":[{"@type":"SearchAction","target":{"@type":"EntryPoint","urlTemplate":"https:\/\/gruene-wiesbaden.de\/?s={search_term_string}"},"query-input":{"@type":"PropertyValueSpecification","valueRequired":true,"valueName":"search_term_string"}}],"inLanguage":"ro-RO"},{"@type":"Organization","@id":"https:\/\/gruene-wiesbaden.de\/#organization","name":"DIE GR\u00dcNEN Wiesbaden","url":"https:\/\/gruene-wiesbaden.de\/","logo":{"@type":"ImageObject","inLanguage":"ro-RO","@id":"https:\/\/gruene-wiesbaden.de\/#\/schema\/logo\/image\/","url":"https:\/\/gruene-wiesbaden-fuer-europa.de\/wp-content\/uploads\/2024\/04\/Machen-was-zaehlt-5.png","contentUrl":"https:\/\/gruene-wiesbaden-fuer-europa.de\/wp-content\/uploads\/2024\/04\/Machen-was-zaehlt-5.png","width":1772,"height":1772,"caption":"DIE GR\u00dcNEN Wiesbaden"},"image":{"@id":"https:\/\/gruene-wiesbaden.de\/#\/schema\/logo\/image\/"},"sameAs":["https:\/\/www.facebook.com\/gruene.wi","https:\/\/instagram.com\/gruene_wi"]},{"@type":"Person","@id":"https:\/\/gruene-wiesbaden.de\/#\/schema\/person\/6785c34779159cd4fd86886bb097afe9","name":"admin","sameAs":["http:\/\/gruene-wiesbaden-fuer-europa.de"],"url":"https:\/\/gruene-wiesbaden.de\/ro\/author\/admin\/"}]}},"_links":{"self":[{"href":"https:\/\/gruene-wiesbaden.de\/ro\/wp-json\/wp\/v2\/posts\/1388","targetHints":{"allow":["GET"]}}],"collection":[{"href":"https:\/\/gruene-wiesbaden.de\/ro\/wp-json\/wp\/v2\/posts"}],"about":[{"href":"https:\/\/gruene-wiesbaden.de\/ro\/wp-json\/wp\/v2\/types\/post"}],"author":[{"embeddable":true,"href":"https:\/\/gruene-wiesbaden.de\/ro\/wp-json\/wp\/v2\/users\/1"}],"replies":[{"embeddable":true,"href":"https:\/\/gruene-wiesbaden.de\/ro\/wp-json\/wp\/v2\/comments?post=1388"}],"version-history":[{"count":7,"href":"https:\/\/gruene-wiesbaden.de\/ro\/wp-json\/wp\/v2\/posts\/1388\/revisions"}],"predecessor-version":[{"id":2385,"href":"https:\/\/gruene-wiesbaden.de\/ro\/wp-json\/wp\/v2\/posts\/1388\/revisions\/2385"}],"wp:featuredmedia":[{"embeddable":true,"href":"https:\/\/gruene-wiesbaden.de\/ro\/wp-json\/wp\/v2\/media\/1572"}],"wp:attachment":[{"href":"https:\/\/gruene-wiesbaden.de\/ro\/wp-json\/wp\/v2\/media?parent=1388"}],"wp:term":[{"taxonomy":"category","embeddable":true,"href":"https:\/\/gruene-wiesbaden.de\/ro\/wp-json\/wp\/v2\/categories?post=1388"},{"taxonomy":"post_tag","embeddable":true,"href":"https:\/\/gruene-wiesbaden.de\/ro\/wp-json\/wp\/v2\/tags?post=1388"}],"curies":[{"name":"wp","href":"https:\/\/api.w.org\/{rel}","templated":true}]}}