{"id":1386,"date":"2025-11-10T00:36:31","date_gmt":"2025-11-09T22:36:31","guid":{"rendered":"https:\/\/gruene-wiesbaden.de\/?p=1386"},"modified":"2026-04-09T00:36:02","modified_gmt":"2026-04-08T22:36:02","slug":"verwaltungsmodernisierung-und-digitalisierung","status":"publish","type":"post","link":"https:\/\/gruene-wiesbaden.de\/ro\/verwaltungsmodernisierung-und-digitalisierung\/","title":{"rendered":"Modernizarea administrativ\u0103 \u0219i digitalizarea"},"content":{"rendered":"<section class=\"l-section wpb_row height_medium with_img\"><div class=\"l-section-img\" role=\"img\" data-img-width=\"1080\" data-img-height=\"800\" style=\"background-image: url(https:\/\/gruene-wiesbaden.de\/wp-content\/uploads\/2025\/11\/neuer-Verlauf-gruene-wiesbaden.de_-2-e1762709402177.png);\"><\/div><div class=\"l-section-overlay\" style=\"background:var(--color-header-top-transparent-bg)\"><\/div><div class=\"l-section-h i-cf\"><div class=\"g-cols vc_row via_grid cols_1 laptops-cols_inherit tablets-cols_inherit mobiles-cols_1 valign_top type_default stacking_default\"><div class=\"wpb_column vc_column_container\"><div class=\"vc_column-inner\"><h1 class=\"w-post-elm post_title us_custom_a574d586 has_text_color entry-title\">Modernizarea administrativ\u0103 \u0219i digitalizarea<\/h1><div class=\"w-separator size_medium\"><\/div><div class=\"g-cols wpb_row via_grid cols_2-1 laptops-cols_inherit tablets-cols_inherit mobiles-cols_1 valign_top type_default stacking_default\" style=\"--columns-gap:3rem;\"><div class=\"wpb_column vc_column_container\"><div class=\"vc_column-inner\"><div class=\"wpb_text_column us_custom_8b3d6790 has_text_color\"><div class=\"wpb_wrapper\"><p><span style=\"font-weight: 400;\">O administra\u021bie modern\u0103 \u0219i eficient\u0103 este esen\u021bial\u0103 pentru func\u021bionarea democra\u021biei noastre: Acesta decide \u00een mod decisiv modul \u00een care cet\u0103\u021benii experimenteaz\u0103 serviciile \u0219i c\u00e2t de capabil este ora\u0219ul nostru s\u0103 ac\u021bioneze. \u00cen vremuri de schimb\u0103ri tehnologice \u0219i societale profunde, precum \u0219i de schimb\u0103ri demografice, Wiesbaden trebuie s\u0103 fie preg\u0103tit pentru viitor \u2013 \u00een acela\u0219i timp, deficitul de for\u021b\u0103 de munc\u0103 \u0219i de competen\u021be trebuie abordat \u00een mod activ.<\/span><\/p>\n<p><span style=\"font-weight: 400;\">Ne baz\u0103m pe digitalizarea consecvent\u0103 a administra\u021biei \u0219i extinderea serviciilor pentru cet\u0103\u021beni, \u00eentotdeauna \u00een conformitate cu principiul nostru director: Reducerea birocra\u021biei are prioritate fa\u021b\u0103 de digitalizarea consumatoare de timp. Serviciile ar trebui s\u0103 fie f\u0103r\u0103 bariere, necomplicate \u0219i favorabile incluziunii. Sustenabilitatea \u00een IT, utilizarea inteligent\u0103 a datelor existente, precum \u0219i utilizarea direc\u021bionat\u0103 a instrumentelor digitale \u0219i a IA scutesc angaja\u021bii \u0219i creeaz\u0103 libertate pentru domeniile \u00een care contactul uman este esen\u021bial.<\/span><\/p>\n<p><span style=\"font-weight: 400;\">Revendicarea noastr\u0103: S\u0103 pun\u0103 rapid \u00een aplicare foaia de parcurs privind digitalizarea, s\u0103 revizuiasc\u0103 procesele, s\u0103 modernizeze structurile \u0219i s\u0103 ofere cet\u0103\u021benilor servicii digitale pe tot parcursul procesului, de la crearea de aplica\u021bii la \u00eenregistrarea \u00eentreprinderilor \u2013 pentru o administra\u021bie care s\u0103 func\u021bioneze eficient, durabil \u0219i \u00eendeaproape cu nevoile reziden\u021bilor din Wiesbaden.<\/span><\/p>\n<\/div><\/div><div class=\"w-separator size_medium\"><\/div><div class=\"w-btn-wrapper align_left\"><a class=\"w-btn us-btn-style_8 icon_atleft\" href=\"https:\/\/gruene-wiesbaden.de\/ro\/kommunalwahl\/#Kapitel3\"><i class=\"fas fa-chevron-circle-right\"><\/i><span class=\"w-btn-label\">\u00cenapoi la prezentare general\u0103<\/span><\/a><\/div><\/div><\/div><div class=\"wpb_column vc_column_container\"><div class=\"vc_column-inner\"><div class=\"w-image align_center\"><div class=\"w-image-h\"><img decoding=\"async\" width=\"2560\" height=\"1513\" src=\"https:\/\/gruene-wiesbaden.de\/wp-content\/uploads\/2025\/11\/3.6-Verwaltungsmodernisierung-und-Digitalisierung-scaled.jpeg\" class=\"attachment-full size-full\" alt=\"\" loading=\"lazy\" srcset=\"https:\/\/gruene-wiesbaden.de\/wp-content\/uploads\/2025\/11\/3.6-Verwaltungsmodernisierung-und-Digitalisierung-scaled.jpeg 2560w, https:\/\/gruene-wiesbaden.de\/wp-content\/uploads\/2025\/11\/3.6-Verwaltungsmodernisierung-und-Digitalisierung-400x236.jpeg 400w, https:\/\/gruene-wiesbaden.de\/wp-content\/uploads\/2025\/11\/3.6-Verwaltungsmodernisierung-und-Digitalisierung-600x355.jpeg 600w\" sizes=\"auto, (max-width: 2560px) 100vw, 2560px\" \/><\/div><\/div><div class=\"w-separator size_small\"><\/div><\/div><\/div><\/div><div class=\"w-separator size_medium\"><\/div><div class=\"w-separator size_medium\"><\/div><div class=\"wpb_text_column\"><div class=\"wpb_wrapper\"><h1>Ce \u00eenseamn\u0103 pentru noi modernizarea administrativ\u0103 \u0219i digitalizarea<\/h1>\n<\/div><\/div><div class=\"w-separator size_large\"><\/div><div class=\"g-cols wpb_row via_grid cols_2 laptops-cols_inherit tablets-cols_inherit mobiles-cols_1 valign_top type_default stacking_default\" style=\"--columns-gap:3rem;\"><div class=\"wpb_column vc_column_container\"><div class=\"vc_column-inner\"><div class=\"w-iconbox us_custom_8b3d6790 has_text_color iconpos_left style_default color_custom align_left\"><div class=\"w-iconbox-icon\" style=\"font-size:2rem;--icon-color:#Ffffff;--icon-bg-color:var(--color-header-middle-bg);\"><i class=\"fas fa-layer-group\"><\/i><\/div><div class=\"w-iconbox-meta\"><h4 class=\"w-iconbox-title\" style=\"font-size:1.5rem;\">Instituirea unei administra\u021bii durabile<\/h4><div class=\"w-iconbox-text\"><p><span style=\"font-weight: 400;\">Structurile, procesele \u0219i tehnologiile sunt \u00een mod constant modernizate. Instrumentele digitale scutesc angaja\u021bii \u0219i creeaz\u0103 libertate pentru contactul personal. Angaja\u021bii trebuie s\u0103 fie sau s\u0103 devin\u0103 instrui\u021bi sau califica\u021bi \u00een mod corespunz\u0103tor. Acest lucru face, de asemenea, administra\u021bia atractiv\u0103 pentru personalul junior.<\/span><\/p>\n<\/div><\/div><\/div><\/div><\/div><div class=\"wpb_column vc_column_container\"><div class=\"vc_column-inner\"><div class=\"w-iconbox us_custom_8b3d6790 has_text_color iconpos_left style_default color_custom align_left\"><div class=\"w-iconbox-icon\" style=\"font-size:2rem;--icon-color:#Ffffff;--icon-bg-color:var(--color-header-transparent-text);\"><i class=\"fas fa-layer-group\"><\/i><\/div><div class=\"w-iconbox-meta\"><h4 class=\"w-iconbox-title\" style=\"font-size:1.5rem;\">Reducerea birocra\u021biei<\/h4><div class=\"w-iconbox-text\"><p><span style=\"font-weight: 400;\">Ne baz\u0103m pe procese simple, transparente \u0219i u\u0219or de \u00een\u021beles, care economisesc timp \u0219i resurse \u2013 at\u00e2t pentru cet\u0103\u021beni, c\u00e2t \u0219i pentru \u00eentreprinderi \u0219i angaja\u021bi.<\/span><\/p>\n<\/div><\/div><\/div><\/div><\/div><\/div><div class=\"w-separator size_medium\"><\/div><div class=\"g-cols wpb_row via_grid cols_2 laptops-cols_inherit tablets-cols_inherit mobiles-cols_1 valign_top type_default stacking_default\" style=\"--columns-gap:3rem;\"><div class=\"wpb_column vc_column_container\"><div class=\"vc_column-inner\"><div class=\"w-iconbox us_custom_8b3d6790 has_text_color iconpos_left style_default color_custom align_left\"><div class=\"w-iconbox-icon\" style=\"font-size:2rem;--icon-color:#Ffffff;--icon-bg-color:var(--color-header-middle-bg);\"><i class=\"fas fa-layer-group\"><\/i><\/div><div class=\"w-iconbox-meta\"><h4 class=\"w-iconbox-title\" style=\"font-size:1.5rem;\">Incluziunea digital\u0103<\/h4><div class=\"w-iconbox-text\"><p><span style=\"font-weight: 400;\">Serviciile digitale trebuie s\u0103 fie f\u0103r\u0103 bariere \u0219i accesibile tuturor, indiferent de v\u00e2rst\u0103, limb\u0103 sau experien\u021b\u0103 anterioar\u0103, astfel \u00eenc\u00e2t nimeni s\u0103 nu fie exclus de la oferte.<\/span><\/p>\n<\/div><\/div><\/div><\/div><\/div><div class=\"wpb_column vc_column_container\"><div class=\"vc_column-inner\"><div class=\"w-iconbox us_custom_8b3d6790 has_text_color iconpos_left style_default color_custom align_left\"><div class=\"w-iconbox-icon\" style=\"font-size:2rem;--icon-color:#Ffffff;--icon-bg-color:var(--color-header-transparent-text);\"><i class=\"fas fa-layer-group\"><\/i><\/div><div class=\"w-iconbox-meta\"><h4 class=\"w-iconbox-title\" style=\"font-size:1.5rem;\">Digitalizare, dar durabil\u0103<\/h4><div class=\"w-iconbox-text\"><p><span style=\"font-weight: 400;\">IT ar trebui s\u0103 fie responsabil din punct de vedere ecologic: Sistemele eficiente din punct de vedere energetic, achizi\u021biile echitabile \u0219i solu\u021biile digitale care economisesc resurse combin\u0103 inovarea cu protec\u021bia climei.<\/span><\/p>\n<\/div><\/div><\/div><\/div><\/div><\/div><div class=\"w-separator size_medium\"><\/div><div class=\"w-btn-wrapper align_left\"><a class=\"w-btn us-btn-style_8 icon_atleft\" href=\"https:\/\/gruene-wiesbaden.de\/ro\/kommunalwahl\/#Kapitel3\"><i class=\"fas fa-chevron-circle-right\"><\/i><span class=\"w-btn-label\">\u00cenapoi la prezentare general\u0103<\/span><\/a><\/div><div class=\"w-separator size_medium\"><\/div><\/div><\/div><\/div><\/div><\/section><section class=\"l-section wpb_row height_auto with_img\"><div class=\"l-section-img\" role=\"img\" data-img-width=\"2560\" data-img-height=\"1513\" style=\"background-image: url(https:\/\/gruene-wiesbaden.de\/wp-content\/uploads\/2025\/11\/3.6-Verwaltungsmodernisierung-und-Digitalisierung-scaled.jpeg);background-repeat: no-repeat;\"><\/div><div class=\"l-section-overlay\" style=\"background:var(--color-header-top-transparent-bg)\"><\/div><div class=\"l-section-h i-cf\"><div class=\"g-cols vc_row via_grid cols_1 laptops-cols_inherit tablets-cols_inherit mobiles-cols_1 valign_middle type_default stacking_default\" style=\"--columns-gap:1rem;\"><div class=\"wpb_column vc_column_container\"><div class=\"vc_column-inner\"><div class=\"w-separator size_large\"><\/div><div class=\"wpb_text_column background_inside_text\"><div class=\"wpb_wrapper\"><h1>Ce vrem s\u0103 facem \u00een mod special \u00een acest domeniu<\/h1>\n<\/div><\/div><div class=\"w-separator size_medium\"><\/div><div class=\"w-tabs us_custom_42d693a0 has_text_color style_default switch_click accordion has_scrolling\" style=\"--sections-title-size:1.4rem\"><div class=\"w-tabs-sections titles-align_none icon_chevron cpos_right\"><div class=\"w-tabs-section has_text_color\" id=\"ecfc\" style=\"background:var(--color-header-transparent-text);color:var(--color-header-top-text-hover);\"><button class=\"w-tabs-section-header\" aria-controls=\"content-ecfc\" aria-expanded=\"false\"><div class=\"w-tabs-section-title\">Stabilirea de noi locuri de munc\u0103<\/div><div class=\"w-tabs-section-control\"><\/div><\/button><div  class=\"w-tabs-section-content\" id=\"content-ecfc\"><div class=\"w-tabs-section-content-h i-cf\"><div class=\"wpb_text_column\"><div class=\"wpb_wrapper\"><p><span style=\"font-weight: 400;\">Dorim s\u0103 promov\u0103m \u00een continuare munca nou\u0103 \u00een administra\u021bia ora\u0219ului \u0219i, astfel, s\u0103 stabilim modalit\u0103\u021bi moderne \u0219i flexibile de lucru. \u00cen plus, este \u00een curs de elaborare un acord de servicii privind noi forme de munc\u0103 \u0219i de partajare a documentelor. Acesta creeaz\u0103 cadrul organiza\u021bional pentru munca mobil\u0103, partajarea birourilor \u0219i colaborarea digital\u0103 care urmeaz\u0103 s\u0103 fie introduse \u00een ora\u0219 \u00een viitor. Pas cu pas, acest lucru creeaz\u0103 o administra\u021bie care este actualizat\u0103, orientat\u0103 spre cet\u0103\u021beni \u0219i atractiv\u0103 ca angajator.<\/span><\/p>\n<\/div><\/div><\/div><\/div><\/div><div class=\"w-tabs-section has_text_color\" id=\"ee82\" style=\"background:var(--color-header-transparent-text);color:var(--color-header-top-text-hover);\"><button class=\"w-tabs-section-header\" aria-controls=\"content-ee82\" aria-expanded=\"false\"><div class=\"w-tabs-section-title\">Fi\u0219ier electronic<\/div><div class=\"w-tabs-section-control\"><\/div><\/button><div  class=\"w-tabs-section-content\" id=\"content-ee82\"><div class=\"w-tabs-section-content-h i-cf\"><div class=\"wpb_text_column\"><div class=\"wpb_wrapper\"><p><span style=\"font-weight: 400;\">Dosarul electronic modernizeaz\u0103 administra\u021bia: Accelereaz\u0103 procesele, economise\u0219te h\u00e2rtia, permite accesul independent de loca\u021bie \u0219i asigur\u0103 procese transparente. Fi\u0219ierul electronic este baza pentru munca mobil\u0103. Sprijinim departamentele de administra\u021bie cu produse de fi\u0219iere electronice personalizate \u0219i, astfel, acceler\u0103m tranzi\u021bia c\u0103tre procesele digitale.<\/span><\/p>\n<\/div><\/div><\/div><\/div><\/div><div class=\"w-tabs-section has_text_color\" id=\"jfba\" style=\"background:var(--color-header-transparent-text);color:var(--color-header-top-text-hover);\"><button class=\"w-tabs-section-header\" aria-controls=\"content-jfba\" aria-expanded=\"false\"><div class=\"w-tabs-section-title\">Consolidarea pozi\u021biei de lider \u00een domeniul digital<\/div><div class=\"w-tabs-section-control\"><\/div><\/button><div  class=\"w-tabs-section-content\" id=\"content-jfba\"><div class=\"w-tabs-section-content-h i-cf\"><div class=\"wpb_text_column\"><div class=\"wpb_wrapper\"><p><span style=\"font-weight: 400;\">Transformarea digital\u0103 necesit\u0103 o nou\u0103 \u00een\u021belegere a rolului de lider: Lucrul \u00een re\u021bea, metodele agile \u0219i capacitatea de a modela \u00een mod activ schimbarea. Ne-am angajat la formarea \u021bintit\u0103, formatele de formare digital\u0103 \u0219i formarea continu\u0103 pentru a face directorii potrivi\u021bi pentru cerin\u021bele unei administra\u021bii moderne. Aceasta include o cultur\u0103 care motiveaz\u0103 angaja\u021bii, promoveaz\u0103 inova\u021bia \u0219i adapteaz\u0103 administra\u021bia ora\u0219ului la exigen\u021bele viitorului. De aceea, ne-am angajat la programe de calificare digital\u0103 pentru directori. Cursurile de formare privind metodele agile \u0219i munca \u00een re\u021bea fac administra\u021bia potrivit\u0103 pentru transformarea digital\u0103 \u0219i formeaz\u0103 o cultur\u0103 de management motivant\u0103 \u0219i orientat\u0103 spre viitor.<\/span><\/p>\n<\/div><\/div><\/div><\/div><\/div><div class=\"w-tabs-section has_text_color\" id=\"l0ec\" style=\"background:var(--color-header-middle-bg);color:var(--color-content-heading);\"><button class=\"w-tabs-section-header\" aria-controls=\"content-l0ec\" aria-expanded=\"false\"><div class=\"w-tabs-section-title\">Reducerea birocra\u021biei<\/div><div class=\"w-tabs-section-control\"><\/div><\/button><div  class=\"w-tabs-section-content\" id=\"content-l0ec\"><div class=\"w-tabs-section-content-h i-cf\"><div class=\"wpb_text_column\"><div class=\"wpb_wrapper\"><p><span style=\"font-weight: 400;\">Dorim s\u0103 reducem \u00een mod constant birocra\u021bia din Wiesbaden cu ajutorul solu\u021biilor digitale. \u00cen viitor, procesele administrative vor fi standardizate, automatizate \u0219i \u00een mare parte f\u0103r\u0103 h\u00e2rtie. Formularele digitale, program\u0103rile online \u0219i procedurile nesolicitate economisesc timp pentru cet\u0103\u021beni \u0219i \u00eentreprinderi \u0219i reduc frustrarea. \u00cen acela\u0219i timp, acest lucru cre\u0219te eficien\u021ba administra\u021biei \u0219i creeaz\u0103 spa\u021biu pentru servicii reale \u00een loc de documente. Acest lucru creeaz\u0103 o administra\u021bie modern\u0103, orientat\u0103 spre servicii, care serve\u0219te oamenii \u0219i utilizeaz\u0103 resursele \u00een mod sensibil.<\/span><\/p>\n<\/div><\/div><\/div><\/div><\/div><div class=\"w-tabs-section has_text_color\" id=\"v24d\" style=\"background:var(--color-header-transparent-text);color:var(--color-header-top-text-hover);\"><button class=\"w-tabs-section-header\" aria-controls=\"content-v24d\" aria-expanded=\"false\"><div class=\"w-tabs-section-title\">Utiliza\u021bi IA cu \u00een\u021belepciune<\/div><div class=\"w-tabs-section-control\"><\/div><\/button><div  class=\"w-tabs-section-content\" id=\"content-v24d\"><div class=\"w-tabs-section-content-h i-cf\"><div class=\"wpb_text_column\"><div class=\"wpb_wrapper\"><p><span style=\"font-weight: 400;\">Dorim ca utilizarea IA s\u0103 fie testat\u0103 \u00een mod consecvent \u0219i ne angaj\u0103m s\u0103 ne asigur\u0103m c\u0103 IA este utilizat\u0103 numai \u00een cazul \u00een care creeaz\u0103 o valoare ad\u0103ugat\u0103 clar\u0103. Scopul este o administra\u021bie modern\u0103 care s\u0103 func\u021bioneze eficient, s\u0103 sprijine angaja\u021bii \u0219i s\u0103 \u00eembun\u0103t\u0103\u021beasc\u0103 serviciile pentru locuitorii din Wiesbaden. Acest lucru se realizeaz\u0103 \u00eentotdeauna \u0219i \u00een ceea ce prive\u0219te protec\u021bia datelor \u0219i transparen\u021ba.<\/span><\/p>\n<\/div><\/div><\/div><\/div><\/div><div class=\"w-tabs-section has_text_color\" id=\"g373\" style=\"background:var(--color-header-middle-bg);color:var(--color-header-middle-text);\"><button class=\"w-tabs-section-header\" aria-controls=\"content-g373\" aria-expanded=\"false\"><div class=\"w-tabs-section-title\">Gestionarea f\u0103r\u0103 bariere<\/div><div class=\"w-tabs-section-control\"><\/div><\/button><div  class=\"w-tabs-section-content\" id=\"content-g373\"><div class=\"w-tabs-section-content-h i-cf\"><div class=\"wpb_text_column\"><div class=\"wpb_wrapper\"><p><span style=\"font-weight: 400;\">Serviciile de administrare digital\u0103 ale Wiesbaden urmeaz\u0103 s\u0103 fie dezvoltate astfel \u00eenc\u00e2t s\u0103 fie accesibile tuturor \u2013 u\u0219or de utilizat, multilingve \u0219i f\u0103r\u0103 bariere. Formularele \u0219i serviciile sunt simplificate, dispozitivele mobile sunt mai bine luate \u00een considerare \u0219i ofertele de ajutor sunt integrate. \u00cen acest sens, cre\u0103m o administra\u021bie care nu exclude pe nimeni \u0219i permite tuturor cet\u0103\u021benilor s\u0103 se ocupe de preocup\u0103rile lor rapid \u0219i u\u0219or online.<\/span><\/p>\n<\/div><\/div><\/div><\/div><\/div><div class=\"w-tabs-section has_text_color\" id=\"z499\" style=\"background:var(--color-header-transparent-text);color:var(--color-header-top-text-hover);\"><button class=\"w-tabs-section-header\" aria-controls=\"content-z499\" aria-expanded=\"false\"><div class=\"w-tabs-section-title\">Conexiunea administra\u021biei cu 115<\/div><div class=\"w-tabs-section-control\"><\/div><\/button><div  class=\"w-tabs-section-content\" id=\"content-z499\"><div class=\"w-tabs-section-content-h i-cf\"><div class=\"wpb_text_column\"><div class=\"wpb_wrapper\"><p><span style=\"font-weight: 400;\">Vrem s\u0103 conect\u0103m administra\u021bia Wiesbaden cu autoritatea num\u0103rul 115 din Germania. De exemplu, cet\u0103\u021benii \u0219i \u00eentreprinderile dispun de un punct de contact competent pentru toate aspectele guvernamentale \u2013 de la eliminarea de\u0219eurilor p\u00e2n\u0103 la \u00eenmatricularea vehiculelor. Acest lucru faciliteaz\u0103 accesul, reduce birocra\u021bia \u0219i consolideaz\u0103 serviciile oferite cet\u0103\u021benilor.<\/span><\/p>\n<\/div><\/div><\/div><\/div><\/div><div class=\"w-tabs-section has_text_color\" id=\"p5fc\" style=\"background:var(--color-header-transparent-text);color:var(--color-header-top-text-hover);\"><button class=\"w-tabs-section-header\" aria-controls=\"content-p5fc\" aria-expanded=\"false\"><div class=\"w-tabs-section-title\">Eliminarea decalajului digital de gen<\/div><div class=\"w-tabs-section-control\"><\/div><\/button><div  class=\"w-tabs-section-content\" id=\"content-p5fc\"><div class=\"w-tabs-section-content-h i-cf\"><div class=\"wpb_text_column\"><div class=\"wpb_wrapper\"><p><span style=\"font-weight: 400;\">Studiul privind decalajul digital \u00eentre femei \u0219i b\u0103rba\u021bi arat\u0103: Femeile utilizeaz\u0103 adesea serviciile digitale cu mai pu\u021bin\u0103 \u00eencredere, ceea ce le \u00eengreuneaz\u0103 accesul la serviciile online ale cet\u0103\u021benilor, cum ar fi aplica\u021biile, rezerv\u0103rile de program\u0103ri sau informa\u021biile digitale.<\/span><\/p>\n<p><span style=\"font-weight: 400;\">Ne concentr\u0103m \u00een mod special pe consolidarea particip\u0103rii femeilor \u00een IT \u0219i administra\u021bie, ne propunem s\u0103 promov\u0103m modelele feminine \u0219i extinderea re\u021belelor \u0219i s\u0103 sprijinim programe care \u00eembun\u0103t\u0103\u021besc egalitatea de \u0219anse \u0219i reduc vizibil decalajul de gen \u00een Wiesbaden.<\/span><\/p>\n<\/div><\/div><\/div><\/div><\/div><div class=\"w-tabs-section has_text_color\" id=\"u71f\" style=\"background:var(--color-header-transparent-text);color:var(--color-header-top-text-hover);\"><button class=\"w-tabs-section-header\" aria-controls=\"content-u71f\" aria-expanded=\"false\"><div class=\"w-tabs-section-title\">IT durabil<\/div><div class=\"w-tabs-section-control\"><\/div><\/button><div  class=\"w-tabs-section-content\" id=\"content-u71f\"><div class=\"w-tabs-section-content-h i-cf\"><div class=\"wpb_text_column\"><div class=\"wpb_wrapper\"><p><span style=\"font-weight: 400;\">Pozi\u021bion\u0103m \u00een mod constant achizi\u021biile \u0219i opera\u021biunile IT ale Wiesbaden \u00eentr-o manier\u0103 sustenabil\u0103: De la achizi\u021bii echitabile la utilizarea dispozitivelor recondi\u021bionate, la centre de date care func\u021bioneaz\u0103 \u00een \u00eentregime cu energie regenerabil\u0103. \u00cen acest fel, combin\u0103m inova\u021bia digital\u0103 cu responsabilitatea ecologic\u0103.<\/span><\/p>\n<\/div><\/div><\/div><\/div><\/div><div class=\"w-tabs-section has_text_color\" id=\"g857\" style=\"background:var(--color-header-transparent-text);color:var(--color-header-top-text-hover);\"><button class=\"w-tabs-section-header\" aria-controls=\"content-g857\" aria-expanded=\"false\"><div class=\"w-tabs-section-title\">\u00cenfiin\u021barea Consiliului pentru inovare de la Wiesbaden<\/div><div class=\"w-tabs-section-control\"><\/div><\/button><div  class=\"w-tabs-section-content\" id=\"content-g857\"><div class=\"w-tabs-section-content-h i-cf\"><div class=\"wpb_text_column\"><div class=\"wpb_wrapper\"><p><span style=\"font-weight: 400;\">GR\u00dcNE se angajeaz\u0103 s\u0103 \u00eenfiin\u021beze un Consiliu de Inovare \u00een Wiesbaden, care reune\u0219te administra\u021bia, politica, afacerile, \u0219tiin\u021ba \u0219i reziden\u021bii din Wiesbaden \u00een mod permanent. Scopul este de a modela \u00een mod activ evolu\u021biile digitale, de a pune \u00een comun cuno\u0219tin\u021bele \u0219i de a dezvolta solu\u021bii practice pentru ora\u0219. Consiliul pentru inovare ar trebui s\u0103 se reuneasc\u0103 periodic, s\u0103 abordeze provoc\u0103rile actuale \u0219i s\u0103 ini\u021bieze proiecte-pilot \u2013 de la mobilitatea inteligent\u0103 la participarea digital\u0103 \u0219i modernizarea administrativ\u0103. Acest schimb continuu creeaz\u0103 transparen\u021b\u0103, \u00eencredere \u0219i o cultur\u0103 a cooper\u0103rii. Wiesbaden se pozi\u021bioneaz\u0103 astfel ca un ora\u0219 de pionierat care nu numai c\u0103 implementeaz\u0103 digitalizarea, ci \u0219i o modeleaz\u0103 \u00eempreun\u0103.<\/span><\/p>\n<\/div><\/div><\/div><\/div><\/div><\/div><\/div><div class=\"w-separator size_medium\"><\/div><div class=\"w-btn-wrapper align_left\"><a class=\"w-btn us-btn-style_8 icon_atleft\" href=\"https:\/\/gruene-wiesbaden.de\/ro\/kommunalwahl\/#Kapitel3\"><i class=\"fas fa-chevron-circle-right\"><\/i><span class=\"w-btn-label\">\u00cenapoi la prezentare general\u0103<\/span><\/a><\/div><div class=\"w-separator size_large\"><\/div><div class=\"wpb_text_column\"><div class=\"wpb_wrapper\"><h1>Ceea ce am realizat deja<\/h1>\n<\/div><\/div><div class=\"w-separator size_medium\"><\/div><div class=\"w-tabs us_custom_42d693a0 has_text_color style_default switch_click accordion has_scrolling\" style=\"--sections-title-size:1.4rem\"><div class=\"w-tabs-sections titles-align_none icon_chevron cpos_right\"><div class=\"w-tabs-section has_text_color\" id=\"g133\" style=\"background:var(--color-header-transparent-text);color:var(--color-header-top-text-hover);\"><button class=\"w-tabs-section-header\" aria-controls=\"content-g133\" aria-expanded=\"false\"><div class=\"w-tabs-section-title\">Declara\u021bie de misiune digital\u0103 pentru administra\u021bia ora\u0219ului<\/div><div class=\"w-tabs-section-control\"><\/div><\/button><div  class=\"w-tabs-section-content\" id=\"content-g133\"><div class=\"w-tabs-section-content-h i-cf\"><div class=\"wpb_text_column\"><div class=\"wpb_wrapper\"><p><span style=\"font-weight: 400;\">Prin declara\u021bia sa de misiune digital\u0103, Wiesbaden a dezvoltat principii clare pentru gestionarea viitorului. Aceasta define\u0219te standarde pentru serviciile digitale, procesele interne \u0219i utilizarea noilor tehnologii pentru a asigura o administrare modern\u0103, accesibil\u0103 cet\u0103\u021benilor \u0219i eficient\u0103.<\/span><\/p>\n<\/div><\/div><\/div><\/div><\/div><div class=\"w-tabs-section has_text_color\" id=\"m2ba\" style=\"background:var(--color-header-transparent-text);color:var(--color-header-top-text-hover);\"><button class=\"w-tabs-section-header\" aria-controls=\"content-m2ba\" aria-expanded=\"false\"><div class=\"w-tabs-section-title\">Digitalizarea central\u0103 Strategia ora\u0219ului<\/div><div class=\"w-tabs-section-control\"><\/div><\/button><div  class=\"w-tabs-section-content\" id=\"content-m2ba\"><div class=\"w-tabs-section-content-h i-cf\"><div class=\"wpb_text_column\"><div class=\"wpb_wrapper\"><p><span style=\"font-weight: 400;\">Digitalizarea central\u0103 a strategiei ora\u0219ului asigur\u0103 c\u0103 toate proiectele digitale ale ora\u0219ului sunt coordonate \u0219i implementate \u00een mod durabil. Odat\u0103 cu actualizarea anual\u0103, obiectivele \u0219i m\u0103surile sunt ajustate \u00een mod regulat, astfel \u00eenc\u00e2t Wiesbaden s\u0103 continue s\u0103 avanseze digital.<\/span><\/p>\n<\/div><\/div><\/div><\/div><\/div><div class=\"w-tabs-section has_text_color\" id=\"m402\" style=\"background:var(--color-header-transparent-text);color:var(--color-header-top-text-hover);\"><button class=\"w-tabs-section-header\" aria-controls=\"content-m402\" aria-expanded=\"false\"><div class=\"w-tabs-section-title\">Transformarea administrativ\u0103 este \u00een curs de desf\u0103\u0219urare<\/div><div class=\"w-tabs-section-control\"><\/div><\/button><div  class=\"w-tabs-section-content\" id=\"content-m402\"><div class=\"w-tabs-section-content-h i-cf\"><div class=\"wpb_text_column\"><div class=\"wpb_wrapper\"><p><span style=\"font-weight: 400;\">Ora\u0219ul Wiesbaden \u00ee\u0219i modernizeaz\u0103 \u00een mod fundamental administra\u021bia. Transformarea administrativ\u0103 \u00eenseamn\u0103: Procesele sunt simplificate, deciziile sunt luate mai rapid, iar instrumentele digitale sunt utilizate \u00eentr-un mod specific. \u00cen acela\u0219i timp, cultura muncii se schimb\u0103, trec\u00e2nd de la ierarhii rigide la o cooperare mai str\u00e2ns\u0103. Pentru cet\u0103\u021beni, aceasta \u00eenseamn\u0103: Preocup\u0103rile sunt abordate mai rapid, informa\u021biile sunt mai accesibile, iar administra\u021bia \u00een ansamblu devine mai u\u0219or de \u00een\u021beles \u0219i mai apropiat\u0103 de cet\u0103\u021beni.<\/span><\/p>\n<\/div><\/div><\/div><\/div><\/div><div class=\"w-tabs-section has_text_color\" id=\"g53d\" style=\"background:var(--color-header-middle-bg);color:var(--color-content-heading);\"><button class=\"w-tabs-section-header\" aria-controls=\"content-g53d\" aria-expanded=\"false\"><div class=\"w-tabs-section-title\">Gestionarea inovatoare a locurilor de munc\u0103<\/div><div class=\"w-tabs-section-control\"><\/div><\/button><div  class=\"w-tabs-section-content\" id=\"content-g53d\"><div class=\"w-tabs-section-content-h i-cf\"><div class=\"wpb_text_column\"><div class=\"wpb_wrapper\"><p><span style=\"font-weight: 400;\">Pentru a r\u0103m\u00e2ne eficient \u00een viitor, ora\u0219ul Wiesbaden se bazeaz\u0103 pe gestionarea inovatoare a locurilor de munc\u0103. \u00cen spatele acestui lucru se afl\u0103 un tip mai modern de planificare a personalului: Pozi\u021biile deschise sunt ocupate mai flexibil, uneori pozi\u021biile sunt, de asemenea, grupate pentru proiecte, iar aplica\u021biile pot fi procesate digital. Ca urmare, administra\u021bia reac\u021bioneaz\u0103 mai bine la deficitul de lucr\u0103tori califica\u021bi \u0219i se asigur\u0103 c\u0103 sarcinile importante - de la \u00eengrijirea de zi la autorit\u0103\u021bile din domeniul construc\u021biilor - sunt \u00eendeplinite \u00een mod fiabil.<\/span><\/p>\n<\/div><\/div><\/div><\/div><\/div><div class=\"w-tabs-section has_text_color\" id=\"q671\" style=\"background:var(--color-header-transparent-text);color:var(--color-header-top-text-hover);\"><button class=\"w-tabs-section-header\" aria-controls=\"content-q671\" aria-expanded=\"false\"><div class=\"w-tabs-section-title\">Wintra - Intranet \u00een interiorul ora\u0219ului<\/div><div class=\"w-tabs-section-control\"><\/div><\/button><div  class=\"w-tabs-section-content\" id=\"content-q671\"><div class=\"w-tabs-section-content-h i-cf\"><div class=\"wpb_text_column\"><div class=\"wpb_wrapper\"><p><span style=\"font-weight: 400;\">Cu Wintra, a fost creat un intranet central pentru to\u021bi angaja\u021bii din mediul urban. Acesta reune\u0219te informa\u021biile, serviciile digitale \u0219i procesele administrative \u00eentr-un singur loc \u0219i faciliteaz\u0103 comunicarea \u0219i colaborarea intern\u0103 \u00een cadrul administra\u021biei.<\/span><\/p>\n<\/div><\/div><\/div><\/div><\/div><div class=\"w-tabs-section has_text_color\" id=\"u7a2\" style=\"background:var(--color-header-transparent-text);color:var(--color-header-top-text-hover);\"><button class=\"w-tabs-section-header\" aria-controls=\"content-u7a2\" aria-expanded=\"false\"><div class=\"w-tabs-section-title\">Lucr\u0103ri noi - Rezervarea digital\u0103 a camerelor<\/div><div class=\"w-tabs-section-control\"><\/div><\/button><div  class=\"w-tabs-section-content\" id=\"content-u7a2\"><div class=\"w-tabs-section-content-h i-cf\"><div class=\"wpb_text_column\"><div class=\"wpb_wrapper\"><p><span style=\"font-weight: 400;\">Introducerea sistemelor digitale de rezervare a spa\u021biului ca parte a lucr\u0103rilor noi face mai eficient\u0103 utilizarea spa\u021biilor de lucru urbane. Angaja\u021bii pot rezerva \u00een mod flexibil posturi de lucru \u0219i s\u0103li de reuniune, ceea ce permite forme moderne \u0219i flexibile de lucru \u00een administra\u021bie.<\/span><\/p>\n<\/div><\/div><\/div><\/div><\/div><div class=\"w-tabs-section has_text_color\" id=\"s8ec\" style=\"background:var(--color-header-transparent-text);color:var(--color-header-top-text-hover);\"><button class=\"w-tabs-section-header\" aria-controls=\"content-s8ec\" aria-expanded=\"false\"><div class=\"w-tabs-section-title\">Geam\u0103n digital<\/div><div class=\"w-tabs-section-control\"><\/div><\/button><div  class=\"w-tabs-section-content\" id=\"content-s8ec\"><div class=\"w-tabs-section-content-h i-cf\"><div class=\"wpb_text_column\"><div class=\"wpb_wrapper\"><p><span style=\"font-weight: 400;\">Crearea unui geam\u0103n digital creeaz\u0103 o imagine virtual\u0103 a ora\u0219ului Wiesbaden \u2013 o reprezentare detaliat\u0103 2D \u0219i 3D a ora\u0219ului, completat\u0103 de date actualizate privind cl\u0103dirile, transporturile, mediul \u0219i infrastructura. Acest model digital face posibil\u0103 simularea evolu\u021biilor \u0219i realizarea unor scenarii vizibile care ar fi dificil de experimentat \u00een lumea real\u0103. Astfel, planificarea urban\u0103, protec\u021bia climei \u0219i mobilitatea pot fi sprijinite \u00een mod specific: De exemplu, efectele noilor proiecte de construc\u021bii, umbrirea cl\u0103dirilor, inunda\u021biile sau \u00eenc\u0103rc\u0103rile termice, precum \u0219i fluxurile de trafic pot fi examinate \u00een prealabil. Geam\u0103nul digital face ca conexiunile complexe s\u0103 fie transparente \u0219i u\u0219or de \u00een\u021beles pentru administra\u021bie, politic\u0103 \u0219i cet\u0103\u021beni \u0219i, prin urmare, creeaz\u0103 o baz\u0103 solid\u0103 pentru decizii durabile.<\/span><\/p>\n<\/div><\/div><\/div><\/div><\/div><div class=\"w-tabs-section has_text_color\" id=\"na13\" style=\"background:var(--color-header-transparent-text);color:var(--color-header-top-text-hover);\"><button class=\"w-tabs-section-header\" aria-controls=\"content-na13\" aria-expanded=\"false\"><div class=\"w-tabs-section-title\">IT verde<\/div><div class=\"w-tabs-section-control\"><\/div><\/button><div  class=\"w-tabs-section-content\" id=\"content-na13\"><div class=\"w-tabs-section-content-h i-cf\"><div class=\"wpb_text_column\"><div class=\"wpb_wrapper\"><p><span style=\"font-weight: 400;\">Centrul de date al furnizorului de servicii municipale WiTCOM este acum alimentat integral cu energie electric\u0103 natural\u0103. \u00cen acest sens, am f\u0103cut un pas important c\u0103tre o digitalizare favorabil\u0103 climei.<\/span><\/p>\n<\/div><\/div><\/div><\/div><\/div><div class=\"w-tabs-section has_text_color\" id=\"ib47\" style=\"background:var(--color-header-transparent-text);color:var(--color-header-top-text-hover);\"><button class=\"w-tabs-section-header\" aria-controls=\"content-ib47\" aria-expanded=\"false\"><div class=\"w-tabs-section-title\">Digitalizarea gestion\u0103rii construc\u021biilor<\/div><div class=\"w-tabs-section-control\"><\/div><\/button><div  class=\"w-tabs-section-content\" id=\"content-ib47\"><div class=\"w-tabs-section-content-h i-cf\"><div class=\"wpb_text_column\"><div class=\"wpb_wrapper\"><p><span style=\"font-weight: 400;\">Wiesbaden face ca procesele de construc\u021bie s\u0103 fie mai rapide, mai transparente \u0219i mai accesibile din punct de vedere digital. Arhitec\u021bii \u0219i constructorii pot depune cereri de construc\u021bie, precum \u0219i cereri de autoriza\u021bii de construc\u021bie \u0219i de protec\u021bie a monumentelor complet online. Cu aplica\u021bia de construc\u021bie hibrid\u0103 din 2023, depunerea digital\u0103 a documentelor \u00een format PDF este posibil\u0103 \u2013 copiile pe suport de h\u00e2rtie sunt necesare doar o singur\u0103 dat\u0103. \u00cen acela\u0219i timp, accesul la fi\u0219iere digitale permite constructorilor s\u0103 vizualizeze online fi\u0219ierele cl\u0103dirii \u0219i s\u0103 \u00eencarce direct documentele necesare. Acest lucru face ca procesele de aprobare s\u0103 fie mult mai eficiente \u0219i mai convenabile pentru to\u021bi cei implica\u021bi.<\/span><\/p>\n<\/div><\/div><\/div><\/div><\/div><div class=\"w-tabs-section has_text_color\" id=\"uc81\" style=\"background:var(--color-header-transparent-text);color:var(--color-header-top-text-hover);\"><button class=\"w-tabs-section-header\" aria-controls=\"content-uc81\" aria-expanded=\"false\"><div class=\"w-tabs-section-title\">Servicii digitale pentru companii<\/div><div class=\"w-tabs-section-control\"><\/div><\/button><div  class=\"w-tabs-section-content\" id=\"content-uc81\"><div class=\"w-tabs-section-content-h i-cf\"><div class=\"wpb_text_column\"><div class=\"wpb_wrapper\"><p><span style=\"font-weight: 400;\">Wiesbaden sprijin\u0103 \u00een mod activ \u00eentreprinderile \u00een transformarea lor digital\u0103. Agenda de me\u0219te\u0219uguri Wiesbaden 2030 promoveaz\u0103 \u00een mod specific \u00eentreprinderile me\u0219te\u0219ug\u0103re\u0219ti prin extinderea infrastructurii de fibr\u0103 optic\u0103 \u0219i prin dezvoltarea de solu\u021bii inovatoare pentru ora\u0219e inteligente. \u00cen plus, \u00eencep\u00e2nd din 2025, contul companiei va introduce accesul digital central la serviciile urbane, permi\u021b\u00e2nd companiilor accesul direct \u0219i convenabil la toate serviciile relevante.<\/span><\/p>\n<\/div><\/div><\/div><\/div><\/div><\/div><\/div><div class=\"w-separator size_medium\"><\/div><div class=\"w-btn-wrapper align_left\"><a class=\"w-btn us-btn-style_8 icon_atleft\" href=\"https:\/\/gruene-wiesbaden.de\/ro\/kommunalwahl\/#Kapitel3\"><i class=\"fas fa-chevron-circle-right\"><\/i><span class=\"w-btn-label\">\u00cenapoi la prezentare general\u0103<\/span><\/a><\/div><div class=\"w-separator size_large\"><\/div><\/div><\/div><\/div><\/div><\/section>","protected":false},"excerpt":{"rendered":"O administra\u021bie modern\u0103 \u0219i eficient\u0103 este esen\u021bial\u0103 pentru func\u021bionarea democra\u021biei noastre: Acesta decide \u00een mod decisiv modul \u00een care cet\u0103\u021benii experimenteaz\u0103 serviciile \u0219i c\u00e2t de capabil este ora\u0219ul nostru s\u0103 ac\u021bioneze. \u00cen vremuri de schimb\u0103ri tehnologice \u0219i societale profunde, precum \u0219i de schimb\u0103ri demografice, Wiesbaden trebuie s\u0103 fie preg\u0103tit pentru viitor \u2013 \u00een acela\u0219i timp, deficitul de for\u021b\u0103 de munc\u0103 \u0219i de competen\u021be trebuie abordat \u00een mod activ....","protected":false},"author":1,"featured_media":1568,"comment_status":"closed","ping_status":"closed","sticky":false,"template":"","format":"standard","meta":{"footnotes":""},"categories":[16],"tags":[],"class_list":["post-1386","post","type-post","status-publish","format-standard","has-post-thumbnail","hentry","category-kapitel-3"],"yoast_head":"<!-- This site is optimized with the Yoast SEO plugin v27.5 - https:\/\/yoast.com\/product\/yoast-seo-wordpress\/ -->\n<title>Verwaltungsmodernisierung und Digitalisierung - B\u00dcNDNIS 90\/DIE GR\u00dcNEN Wiesbaden<\/title>\n<meta name=\"robots\" content=\"index, follow, max-snippet:-1, max-image-preview:large, max-video-preview:-1\" \/>\n<link rel=\"canonical\" href=\"https:\/\/gruene-wiesbaden.de\/ro\/verwaltungsmodernisierung-und-digitalisierung\/\" \/>\n<meta property=\"og:locale\" content=\"ro_RO\" \/>\n<meta property=\"og:type\" content=\"article\" \/>\n<meta property=\"og:title\" content=\"Verwaltungsmodernisierung und Digitalisierung - B\u00dcNDNIS 90\/DIE GR\u00dcNEN Wiesbaden\" \/>\n<meta property=\"og:url\" content=\"https:\/\/gruene-wiesbaden.de\/ro\/verwaltungsmodernisierung-und-digitalisierung\/\" \/>\n<meta property=\"og:site_name\" content=\"B\u00dcNDNIS 90\/DIE GR\u00dcNEN Wiesbaden\" \/>\n<meta property=\"article:publisher\" content=\"https:\/\/www.facebook.com\/gruene.wi\" \/>\n<meta property=\"article:published_time\" content=\"2025-11-09T22:36:31+00:00\" \/>\n<meta property=\"article:modified_time\" content=\"2026-04-08T22:36:02+00:00\" \/>\n<meta property=\"og:image\" content=\"https:\/\/gruene-wiesbaden.de\/wp-content\/uploads\/2025\/11\/3.6-Verwaltungsmodernisierung-und-Digitalisierung-scaled.jpeg\" \/>\n\t<meta property=\"og:image:width\" content=\"2560\" \/>\n\t<meta property=\"og:image:height\" content=\"1513\" \/>\n\t<meta property=\"og:image:type\" content=\"image\/jpeg\" \/>\n<meta name=\"author\" content=\"admin\" \/>\n<meta name=\"twitter:card\" content=\"summary_large_image\" \/>\n<meta name=\"twitter:label1\" content=\"Scris de\" \/>\n\t<meta name=\"twitter:data1\" content=\"admin\" \/>\n\t<meta name=\"twitter:label2\" content=\"Timp estimat pentru citire\" \/>\n\t<meta name=\"twitter:data2\" content=\"10 minutes\" \/>\n<script type=\"application\/ld+json\" class=\"yoast-schema-graph\">{\"@context\":\"https:\\\/\\\/schema.org\",\"@graph\":[{\"@type\":\"Article\",\"@id\":\"https:\\\/\\\/gruene-wiesbaden.de\\\/verwaltungsmodernisierung-und-digitalisierung\\\/#article\",\"isPartOf\":{\"@id\":\"https:\\\/\\\/gruene-wiesbaden.de\\\/verwaltungsmodernisierung-und-digitalisierung\\\/\"},\"author\":{\"name\":\"admin\",\"@id\":\"https:\\\/\\\/gruene-wiesbaden.de\\\/#\\\/schema\\\/person\\\/6785c34779159cd4fd86886bb097afe9\"},\"headline\":\"Verwaltungsmodernisierung und Digitalisierung\",\"datePublished\":\"2025-11-09T22:36:31+00:00\",\"dateModified\":\"2026-04-08T22:36:02+00:00\",\"mainEntityOfPage\":{\"@id\":\"https:\\\/\\\/gruene-wiesbaden.de\\\/verwaltungsmodernisierung-und-digitalisierung\\\/\"},\"wordCount\":2776,\"publisher\":{\"@id\":\"https:\\\/\\\/gruene-wiesbaden.de\\\/#organization\"},\"image\":{\"@id\":\"https:\\\/\\\/gruene-wiesbaden.de\\\/verwaltungsmodernisierung-und-digitalisierung\\\/#primaryimage\"},\"thumbnailUrl\":\"https:\\\/\\\/gruene-wiesbaden.de\\\/wp-content\\\/uploads\\\/2025\\\/11\\\/3.6-Verwaltungsmodernisierung-und-Digitalisierung-scaled.jpeg\",\"articleSection\":[\"Kapitel 3\"],\"inLanguage\":\"ro-RO\"},{\"@type\":\"WebPage\",\"@id\":\"https:\\\/\\\/gruene-wiesbaden.de\\\/verwaltungsmodernisierung-und-digitalisierung\\\/\",\"url\":\"https:\\\/\\\/gruene-wiesbaden.de\\\/verwaltungsmodernisierung-und-digitalisierung\\\/\",\"name\":\"Verwaltungsmodernisierung und Digitalisierung - B\u00dcNDNIS 90\\\/DIE GR\u00dcNEN Wiesbaden\",\"isPartOf\":{\"@id\":\"https:\\\/\\\/gruene-wiesbaden.de\\\/#website\"},\"primaryImageOfPage\":{\"@id\":\"https:\\\/\\\/gruene-wiesbaden.de\\\/verwaltungsmodernisierung-und-digitalisierung\\\/#primaryimage\"},\"image\":{\"@id\":\"https:\\\/\\\/gruene-wiesbaden.de\\\/verwaltungsmodernisierung-und-digitalisierung\\\/#primaryimage\"},\"thumbnailUrl\":\"https:\\\/\\\/gruene-wiesbaden.de\\\/wp-content\\\/uploads\\\/2025\\\/11\\\/3.6-Verwaltungsmodernisierung-und-Digitalisierung-scaled.jpeg\",\"datePublished\":\"2025-11-09T22:36:31+00:00\",\"dateModified\":\"2026-04-08T22:36:02+00:00\",\"breadcrumb\":{\"@id\":\"https:\\\/\\\/gruene-wiesbaden.de\\\/verwaltungsmodernisierung-und-digitalisierung\\\/#breadcrumb\"},\"inLanguage\":\"ro-RO\",\"potentialAction\":[{\"@type\":\"ReadAction\",\"target\":[\"https:\\\/\\\/gruene-wiesbaden.de\\\/verwaltungsmodernisierung-und-digitalisierung\\\/\"]}]},{\"@type\":\"ImageObject\",\"inLanguage\":\"ro-RO\",\"@id\":\"https:\\\/\\\/gruene-wiesbaden.de\\\/verwaltungsmodernisierung-und-digitalisierung\\\/#primaryimage\",\"url\":\"https:\\\/\\\/gruene-wiesbaden.de\\\/wp-content\\\/uploads\\\/2025\\\/11\\\/3.6-Verwaltungsmodernisierung-und-Digitalisierung-scaled.jpeg\",\"contentUrl\":\"https:\\\/\\\/gruene-wiesbaden.de\\\/wp-content\\\/uploads\\\/2025\\\/11\\\/3.6-Verwaltungsmodernisierung-und-Digitalisierung-scaled.jpeg\",\"width\":2560,\"height\":1513,\"caption\":\"Hand touching secure access service edge icon on smartphone virtual screen background, password, network, framework and support technology in office. secure access service edge concept.\"},{\"@type\":\"BreadcrumbList\",\"@id\":\"https:\\\/\\\/gruene-wiesbaden.de\\\/verwaltungsmodernisierung-und-digitalisierung\\\/#breadcrumb\",\"itemListElement\":[{\"@type\":\"ListItem\",\"position\":1,\"name\":\"Startseite\",\"item\":\"https:\\\/\\\/gruene-wiesbaden.de\\\/\"},{\"@type\":\"ListItem\",\"position\":2,\"name\":\"Verwaltungsmodernisierung und Digitalisierung\"}]},{\"@type\":\"WebSite\",\"@id\":\"https:\\\/\\\/gruene-wiesbaden.de\\\/#website\",\"url\":\"https:\\\/\\\/gruene-wiesbaden.de\\\/\",\"name\":\"DIE GR\u00dcNEN Wiesbaden\",\"description\":\"\",\"publisher\":{\"@id\":\"https:\\\/\\\/gruene-wiesbaden.de\\\/#organization\"},\"potentialAction\":[{\"@type\":\"SearchAction\",\"target\":{\"@type\":\"EntryPoint\",\"urlTemplate\":\"https:\\\/\\\/gruene-wiesbaden.de\\\/?s={search_term_string}\"},\"query-input\":{\"@type\":\"PropertyValueSpecification\",\"valueRequired\":true,\"valueName\":\"search_term_string\"}}],\"inLanguage\":\"ro-RO\"},{\"@type\":\"Organization\",\"@id\":\"https:\\\/\\\/gruene-wiesbaden.de\\\/#organization\",\"name\":\"DIE GR\u00dcNEN Wiesbaden\",\"url\":\"https:\\\/\\\/gruene-wiesbaden.de\\\/\",\"logo\":{\"@type\":\"ImageObject\",\"inLanguage\":\"ro-RO\",\"@id\":\"https:\\\/\\\/gruene-wiesbaden.de\\\/#\\\/schema\\\/logo\\\/image\\\/\",\"url\":\"https:\\\/\\\/gruene-wiesbaden-fuer-europa.de\\\/wp-content\\\/uploads\\\/2024\\\/04\\\/Machen-was-zaehlt-5.png\",\"contentUrl\":\"https:\\\/\\\/gruene-wiesbaden-fuer-europa.de\\\/wp-content\\\/uploads\\\/2024\\\/04\\\/Machen-was-zaehlt-5.png\",\"width\":1772,\"height\":1772,\"caption\":\"DIE GR\u00dcNEN Wiesbaden\"},\"image\":{\"@id\":\"https:\\\/\\\/gruene-wiesbaden.de\\\/#\\\/schema\\\/logo\\\/image\\\/\"},\"sameAs\":[\"https:\\\/\\\/www.facebook.com\\\/gruene.wi\",\"https:\\\/\\\/instagram.com\\\/gruene_wi\"]},{\"@type\":\"Person\",\"@id\":\"https:\\\/\\\/gruene-wiesbaden.de\\\/#\\\/schema\\\/person\\\/6785c34779159cd4fd86886bb097afe9\",\"name\":\"admin\",\"sameAs\":[\"http:\\\/\\\/gruene-wiesbaden-fuer-europa.de\"],\"url\":\"https:\\\/\\\/gruene-wiesbaden.de\\\/ro\\\/author\\\/admin\\\/\"}]}<\/script>\n<!-- \/ Yoast SEO plugin. -->","yoast_head_json":{"title":"Verwaltungsmodernisierung und Digitalisierung - B\u00dcNDNIS 90\/DIE GR\u00dcNEN Wiesbaden","robots":{"index":"index","follow":"follow","max-snippet":"max-snippet:-1","max-image-preview":"max-image-preview:large","max-video-preview":"max-video-preview:-1"},"canonical":"https:\/\/gruene-wiesbaden.de\/ro\/verwaltungsmodernisierung-und-digitalisierung\/","og_locale":"ro_RO","og_type":"article","og_title":"Verwaltungsmodernisierung und Digitalisierung - B\u00dcNDNIS 90\/DIE GR\u00dcNEN Wiesbaden","og_url":"https:\/\/gruene-wiesbaden.de\/ro\/verwaltungsmodernisierung-und-digitalisierung\/","og_site_name":"B\u00dcNDNIS 90\/DIE GR\u00dcNEN Wiesbaden","article_publisher":"https:\/\/www.facebook.com\/gruene.wi","article_published_time":"2025-11-09T22:36:31+00:00","article_modified_time":"2026-04-08T22:36:02+00:00","og_image":[{"width":2560,"height":1513,"url":"https:\/\/gruene-wiesbaden.de\/wp-content\/uploads\/2025\/11\/3.6-Verwaltungsmodernisierung-und-Digitalisierung-scaled.jpeg","type":"image\/jpeg"}],"author":"admin","twitter_card":"summary_large_image","twitter_misc":{"Scris de":"admin","Timp estimat pentru citire":"10 minutes"},"schema":{"@context":"https:\/\/schema.org","@graph":[{"@type":"Article","@id":"https:\/\/gruene-wiesbaden.de\/verwaltungsmodernisierung-und-digitalisierung\/#article","isPartOf":{"@id":"https:\/\/gruene-wiesbaden.de\/verwaltungsmodernisierung-und-digitalisierung\/"},"author":{"name":"admin","@id":"https:\/\/gruene-wiesbaden.de\/#\/schema\/person\/6785c34779159cd4fd86886bb097afe9"},"headline":"Verwaltungsmodernisierung und Digitalisierung","datePublished":"2025-11-09T22:36:31+00:00","dateModified":"2026-04-08T22:36:02+00:00","mainEntityOfPage":{"@id":"https:\/\/gruene-wiesbaden.de\/verwaltungsmodernisierung-und-digitalisierung\/"},"wordCount":2776,"publisher":{"@id":"https:\/\/gruene-wiesbaden.de\/#organization"},"image":{"@id":"https:\/\/gruene-wiesbaden.de\/verwaltungsmodernisierung-und-digitalisierung\/#primaryimage"},"thumbnailUrl":"https:\/\/gruene-wiesbaden.de\/wp-content\/uploads\/2025\/11\/3.6-Verwaltungsmodernisierung-und-Digitalisierung-scaled.jpeg","articleSection":["Kapitel 3"],"inLanguage":"ro-RO"},{"@type":"WebPage","@id":"https:\/\/gruene-wiesbaden.de\/verwaltungsmodernisierung-und-digitalisierung\/","url":"https:\/\/gruene-wiesbaden.de\/verwaltungsmodernisierung-und-digitalisierung\/","name":"Verwaltungsmodernisierung und Digitalisierung - B\u00dcNDNIS 90\/DIE GR\u00dcNEN Wiesbaden","isPartOf":{"@id":"https:\/\/gruene-wiesbaden.de\/#website"},"primaryImageOfPage":{"@id":"https:\/\/gruene-wiesbaden.de\/verwaltungsmodernisierung-und-digitalisierung\/#primaryimage"},"image":{"@id":"https:\/\/gruene-wiesbaden.de\/verwaltungsmodernisierung-und-digitalisierung\/#primaryimage"},"thumbnailUrl":"https:\/\/gruene-wiesbaden.de\/wp-content\/uploads\/2025\/11\/3.6-Verwaltungsmodernisierung-und-Digitalisierung-scaled.jpeg","datePublished":"2025-11-09T22:36:31+00:00","dateModified":"2026-04-08T22:36:02+00:00","breadcrumb":{"@id":"https:\/\/gruene-wiesbaden.de\/verwaltungsmodernisierung-und-digitalisierung\/#breadcrumb"},"inLanguage":"ro-RO","potentialAction":[{"@type":"ReadAction","target":["https:\/\/gruene-wiesbaden.de\/verwaltungsmodernisierung-und-digitalisierung\/"]}]},{"@type":"ImageObject","inLanguage":"ro-RO","@id":"https:\/\/gruene-wiesbaden.de\/verwaltungsmodernisierung-und-digitalisierung\/#primaryimage","url":"https:\/\/gruene-wiesbaden.de\/wp-content\/uploads\/2025\/11\/3.6-Verwaltungsmodernisierung-und-Digitalisierung-scaled.jpeg","contentUrl":"https:\/\/gruene-wiesbaden.de\/wp-content\/uploads\/2025\/11\/3.6-Verwaltungsmodernisierung-und-Digitalisierung-scaled.jpeg","width":2560,"height":1513,"caption":"Hand touching secure access service edge icon on smartphone virtual screen background, password, network, framework and support technology in office. secure access service edge concept."},{"@type":"BreadcrumbList","@id":"https:\/\/gruene-wiesbaden.de\/verwaltungsmodernisierung-und-digitalisierung\/#breadcrumb","itemListElement":[{"@type":"ListItem","position":1,"name":"Startseite","item":"https:\/\/gruene-wiesbaden.de\/"},{"@type":"ListItem","position":2,"name":"Verwaltungsmodernisierung und Digitalisierung"}]},{"@type":"WebSite","@id":"https:\/\/gruene-wiesbaden.de\/#website","url":"https:\/\/gruene-wiesbaden.de\/","name":"DIE GR\u00dcNEN Wiesbaden","description":"","publisher":{"@id":"https:\/\/gruene-wiesbaden.de\/#organization"},"potentialAction":[{"@type":"SearchAction","target":{"@type":"EntryPoint","urlTemplate":"https:\/\/gruene-wiesbaden.de\/?s={search_term_string}"},"query-input":{"@type":"PropertyValueSpecification","valueRequired":true,"valueName":"search_term_string"}}],"inLanguage":"ro-RO"},{"@type":"Organization","@id":"https:\/\/gruene-wiesbaden.de\/#organization","name":"DIE GR\u00dcNEN Wiesbaden","url":"https:\/\/gruene-wiesbaden.de\/","logo":{"@type":"ImageObject","inLanguage":"ro-RO","@id":"https:\/\/gruene-wiesbaden.de\/#\/schema\/logo\/image\/","url":"https:\/\/gruene-wiesbaden-fuer-europa.de\/wp-content\/uploads\/2024\/04\/Machen-was-zaehlt-5.png","contentUrl":"https:\/\/gruene-wiesbaden-fuer-europa.de\/wp-content\/uploads\/2024\/04\/Machen-was-zaehlt-5.png","width":1772,"height":1772,"caption":"DIE GR\u00dcNEN Wiesbaden"},"image":{"@id":"https:\/\/gruene-wiesbaden.de\/#\/schema\/logo\/image\/"},"sameAs":["https:\/\/www.facebook.com\/gruene.wi","https:\/\/instagram.com\/gruene_wi"]},{"@type":"Person","@id":"https:\/\/gruene-wiesbaden.de\/#\/schema\/person\/6785c34779159cd4fd86886bb097afe9","name":"admin","sameAs":["http:\/\/gruene-wiesbaden-fuer-europa.de"],"url":"https:\/\/gruene-wiesbaden.de\/ro\/author\/admin\/"}]}},"_links":{"self":[{"href":"https:\/\/gruene-wiesbaden.de\/ro\/wp-json\/wp\/v2\/posts\/1386","targetHints":{"allow":["GET"]}}],"collection":[{"href":"https:\/\/gruene-wiesbaden.de\/ro\/wp-json\/wp\/v2\/posts"}],"about":[{"href":"https:\/\/gruene-wiesbaden.de\/ro\/wp-json\/wp\/v2\/types\/post"}],"author":[{"embeddable":true,"href":"https:\/\/gruene-wiesbaden.de\/ro\/wp-json\/wp\/v2\/users\/1"}],"replies":[{"embeddable":true,"href":"https:\/\/gruene-wiesbaden.de\/ro\/wp-json\/wp\/v2\/comments?post=1386"}],"version-history":[{"count":7,"href":"https:\/\/gruene-wiesbaden.de\/ro\/wp-json\/wp\/v2\/posts\/1386\/revisions"}],"predecessor-version":[{"id":2384,"href":"https:\/\/gruene-wiesbaden.de\/ro\/wp-json\/wp\/v2\/posts\/1386\/revisions\/2384"}],"wp:featuredmedia":[{"embeddable":true,"href":"https:\/\/gruene-wiesbaden.de\/ro\/wp-json\/wp\/v2\/media\/1568"}],"wp:attachment":[{"href":"https:\/\/gruene-wiesbaden.de\/ro\/wp-json\/wp\/v2\/media?parent=1386"}],"wp:term":[{"taxonomy":"category","embeddable":true,"href":"https:\/\/gruene-wiesbaden.de\/ro\/wp-json\/wp\/v2\/categories?post=1386"},{"taxonomy":"post_tag","embeddable":true,"href":"https:\/\/gruene-wiesbaden.de\/ro\/wp-json\/wp\/v2\/tags?post=1386"}],"curies":[{"name":"wp","href":"https:\/\/api.w.org\/{rel}","templated":true}]}}