{"id":1380,"date":"2025-11-10T00:33:24","date_gmt":"2025-11-09T22:33:24","guid":{"rendered":"https:\/\/gruene-wiesbaden.de\/?p=1380"},"modified":"2026-04-09T00:29:47","modified_gmt":"2026-04-08T22:29:47","slug":"wirtschaftsfoerderung-und-beschaeftigung","status":"publish","type":"post","link":"https:\/\/gruene-wiesbaden.de\/ro\/wirtschaftsfoerderung-und-beschaeftigung\/","title":{"rendered":"Dezvoltare economic\u0103 \u0219i ocuparea for\u021bei de munc\u0103"},"content":{"rendered":"<section class=\"l-section wpb_row height_medium with_img\"><div class=\"l-section-img\" role=\"img\" data-img-width=\"1080\" data-img-height=\"800\" style=\"background-image: url(https:\/\/gruene-wiesbaden.de\/wp-content\/uploads\/2025\/11\/neuer-Verlauf-gruene-wiesbaden.de_-2-e1762709402177.png);\"><\/div><div class=\"l-section-overlay\" style=\"background:var(--color-header-top-transparent-bg)\"><\/div><div class=\"l-section-h i-cf\"><div class=\"g-cols vc_row via_grid cols_1 laptops-cols_inherit tablets-cols_inherit mobiles-cols_1 valign_top type_default stacking_default\"><div class=\"wpb_column vc_column_container\"><div class=\"vc_column-inner\"><h1 class=\"w-post-elm post_title us_custom_a574d586 has_text_color entry-title\">Dezvoltare economic\u0103 \u0219i ocuparea for\u021bei de munc\u0103<\/h1><div class=\"w-separator size_medium\"><\/div><div class=\"g-cols wpb_row via_grid cols_2-1 laptops-cols_inherit tablets-cols_inherit mobiles-cols_1 valign_top type_default stacking_default\" style=\"--columns-gap:3rem;\"><div class=\"wpb_column vc_column_container\"><div class=\"vc_column-inner\"><div class=\"wpb_text_column us_custom_8b3d6790 has_text_color\"><div class=\"wpb_wrapper\"><p><span style=\"font-weight: 400;\">Deciziile municipale au un impact direct asupra economiei locale, a locurilor de munc\u0103 \u0219i a calit\u0103\u021bii vie\u021bii. Cu sprijin specific pentru \u00eentreprinderile din diferite sectoare, artizanat, \u00eentreprinderi nou-\u00eenfiin\u021bate \u0219i turism, asigur\u0103m ocuparea for\u021bei de munc\u0103, inovarea \u0219i lucr\u0103torii califica\u021bi \u00een Wiesbaden \u0219i stabilim cursul pentru o transformare \u0219i o redresare economic\u0103 de succes. Atribuim contractele de achizi\u021bii publice \u00een mod echitabil, \u021bin\u00e2nd seama de respectarea tarifelor \u0219i de criteriile de durabilitate. Digitalizarea, infrastructura modern\u0103 \u0219i crearea de re\u021bele strategice \u00eentre \u00eentreprinderi, educa\u021bie \u0219i administra\u021bie fac Wiesbaden rezilient \u0219i atractiv \u2013 ca loca\u021bie echitabil\u0103, inovatoare \u0219i durabil\u0103 pentru \u00eentreprinderi, angaja\u021bi \u0219i \u00eentreaga societate urban\u0103.<\/span><\/p>\n<\/div><\/div><div class=\"w-separator size_medium\"><\/div><div class=\"w-btn-wrapper align_left\"><a class=\"w-btn us-btn-style_8 icon_atleft\" href=\"https:\/\/gruene-wiesbaden.de\/ro\/kommunalwahl\/#Kapitel3\"><i class=\"fas fa-chevron-circle-right\"><\/i><span class=\"w-btn-label\">\u00cenapoi la prezentare general\u0103<\/span><\/a><\/div><\/div><\/div><div class=\"wpb_column vc_column_container\"><div class=\"vc_column-inner\"><div class=\"w-image align_center\"><div class=\"w-image-h\"><img decoding=\"async\" width=\"2560\" height=\"1707\" src=\"https:\/\/gruene-wiesbaden.de\/wp-content\/uploads\/2025\/11\/3.3-Wirtschaftsfoerderung-und-Beschaeftigung-scaled.jpeg\" class=\"attachment-full size-full\" alt=\"\" loading=\"lazy\" srcset=\"https:\/\/gruene-wiesbaden.de\/wp-content\/uploads\/2025\/11\/3.3-Wirtschaftsfoerderung-und-Beschaeftigung-scaled.jpeg 2560w, https:\/\/gruene-wiesbaden.de\/wp-content\/uploads\/2025\/11\/3.3-Wirtschaftsfoerderung-und-Beschaeftigung-400x267.jpeg 400w, https:\/\/gruene-wiesbaden.de\/wp-content\/uploads\/2025\/11\/3.3-Wirtschaftsfoerderung-und-Beschaeftigung-600x400.jpeg 600w\" sizes=\"auto, (max-width: 2560px) 100vw, 2560px\" \/><\/div><\/div><div class=\"w-separator size_small\"><\/div><\/div><\/div><\/div><div class=\"w-separator size_medium\"><\/div><div class=\"w-separator size_medium\"><\/div><div class=\"wpb_text_column\"><div class=\"wpb_wrapper\"><h1>Ce \u00eenseamn\u0103 pentru noi o dezvoltare economic\u0103 puternic\u0103 \u0219i o bun\u0103 politic\u0103 de ocupare a for\u021bei de munc\u0103<\/h1>\n<\/div><\/div><div class=\"w-separator size_large\"><\/div><div class=\"g-cols wpb_row via_grid cols_3 laptops-cols_inherit tablets-cols_inherit mobiles-cols_1 valign_top type_default stacking_default\" style=\"--columns-gap:3rem;\"><div class=\"wpb_column vc_column_container\"><div class=\"vc_column-inner\"><div class=\"w-iconbox us_custom_8b3d6790 has_text_color iconpos_left style_default color_custom align_left\"><div class=\"w-iconbox-icon\" style=\"font-size:2rem;--icon-color:#Ffffff;--icon-bg-color:var(--color-header-middle-bg);\"><i class=\"fas fa-layer-group\"><\/i><\/div><div class=\"w-iconbox-meta\"><h4 class=\"w-iconbox-title\" style=\"font-size:1.5rem;\">Durabilitatea \u0219i sensibilizarea cu privire la mediu<\/h4><div class=\"w-iconbox-text\"><p><span style=\"font-weight: 400;\">Promov\u0103m o economie favorabil\u0103 climei \u0219i eficient\u0103 din punctul de vedere al utiliz\u0103rii resurselor pentru \u00eentreprinderi durabile \u0219i locuri de munc\u0103 ecologice.<\/span><\/p>\n<\/div><\/div><\/div><\/div><\/div><div class=\"wpb_column vc_column_container\"><div class=\"vc_column-inner\"><div class=\"w-iconbox us_custom_8b3d6790 has_text_color iconpos_left style_default color_custom align_left\"><div class=\"w-iconbox-icon\" style=\"font-size:2rem;--icon-color:#Ffffff;--icon-bg-color:var(--color-header-transparent-text);\"><i class=\"fas fa-layer-group\"><\/i><\/div><div class=\"w-iconbox-meta\"><h4 class=\"w-iconbox-title\" style=\"font-size:1.5rem;\">Egalitatea de \u0219anse \u0219i accesibilitatea pentru IMM-uri<\/h4><div class=\"w-iconbox-text\"><p><span style=\"font-weight: 400;\">Atribuim contractele de achizi\u021bii publice \u00eentr-un mod echitabil, mediu \u0219i favorabil \u00eentreprinderilor nou-\u00eenfiin\u021bate, \u00een vederea loializ\u0103rii \u0219i integr\u0103rii tarifare. Cu programe adecvate, sprijinim calificarea \u0219i ocuparea for\u021bei de munc\u0103.<\/span><\/p>\n<\/div><\/div><\/div><\/div><\/div><div class=\"wpb_column vc_column_container\"><div class=\"vc_column-inner\"><div class=\"w-iconbox us_custom_8b3d6790 has_text_color iconpos_left style_default color_custom align_left\"><div class=\"w-iconbox-icon\" style=\"font-size:2rem;--icon-color:#Ffffff;--icon-bg-color:var(--color-header-transparent-text);\"><i class=\"fas fa-layer-group\"><\/i><\/div><div class=\"w-iconbox-meta\"><h4 class=\"w-iconbox-title\" style=\"font-size:1.5rem;\">Inovarea, digitalizarea \u0219i durabilitatea<\/h4><div class=\"w-iconbox-text\"><p><span style=\"font-weight: 400;\">GR\u00dcNE consolideaz\u0103 start-up-urile, platformele digitale, cercetarea \u0219i crearea de re\u021bele de afaceri \u0219i educa\u021bie pentru a atrage lucr\u0103tori califica\u021bi \u0219i pentru a face Wiesbaden rezistent din punct de vedere economic.<\/span><\/p>\n<p><br style=\"font-weight: 400;\" \/><br style=\"font-weight: 400;\" \/><\/p>\n<\/div><\/div><\/div><\/div><\/div><\/div><div class=\"w-separator size_medium\"><\/div><div class=\"g-cols wpb_row via_grid cols_3 laptops-cols_inherit tablets-cols_inherit mobiles-cols_1 valign_top type_default stacking_default\" style=\"--columns-gap:3rem;\"><div class=\"wpb_column vc_column_container\"><div class=\"vc_column-inner\"><div class=\"w-iconbox us_custom_8b3d6790 has_text_color iconpos_left style_default color_custom align_left\"><div class=\"w-iconbox-icon\" style=\"font-size:2rem;--icon-color:#Ffffff;--icon-bg-color:var(--color-header-middle-bg);\"><i class=\"fas fa-layer-group\"><\/i><\/div><div class=\"w-iconbox-meta\"><h4 class=\"w-iconbox-title\" style=\"font-size:1.5rem;\">Cooperare \u0219i dialog<\/h4><div class=\"w-iconbox-text\"><p><span style=\"font-weight: 400;\">Industria, me\u0219te\u0219ugurile, asocia\u021biile \u0219i administra\u021bia colaboreaz\u0103 \u00eendeaproape. \u00cempreun\u0103 dezvolt\u0103m strategii pentru turismul durabil, o transformare reu\u0219it\u0103 a centrului ora\u0219ului, dezvoltare economic\u0103, transformarea \u00een neutralitate climatic\u0103 \u0219i inovare.<\/span><\/p>\n<\/div><\/div><\/div><\/div><\/div><div class=\"wpb_column vc_column_container\"><div class=\"vc_column-inner\"><div class=\"w-iconbox us_custom_8b3d6790 has_text_color iconpos_left style_default color_custom align_left\"><div class=\"w-iconbox-icon\" style=\"font-size:2rem;--icon-color:#Ffffff;--icon-bg-color:var(--color-header-transparent-text);\"><i class=\"fas fa-layer-group\"><\/i><\/div><div class=\"w-iconbox-meta\"><h4 class=\"w-iconbox-title\" style=\"font-size:1.5rem;\">Dezvoltare \u0219i formare profesional\u0103<\/h4><div class=\"w-iconbox-text\"><p><span style=\"font-weight: 400;\">Promov\u0103m tinerele talente, calific\u0103rile \u0219i perspectivele de carier\u0103 \u00een toate sectoarele \u2013 radarul form\u0103rii, ini\u021biativele \u00een materie de competen\u021be \u0219i platformele digitale asigur\u0103 p\u0103strarea talentelor \u0219i a competen\u021belor.<\/span><\/p>\n<\/div><\/div><\/div><\/div><\/div><div class=\"wpb_column vc_column_container\"><div class=\"vc_column-inner\"><div class=\"w-iconbox us_custom_8b3d6790 has_text_color iconpos_left style_default color_custom align_left\"><div class=\"w-iconbox-icon\" style=\"font-size:2rem;--icon-color:#Ffffff;--icon-bg-color:var(--color-header-transparent-text);\"><i class=\"fas fa-layer-group\"><\/i><\/div><div class=\"w-iconbox-meta\"><h4 class=\"w-iconbox-title\" style=\"font-size:1.5rem;\">Atractivitatea loca\u021biei Wiesbaden<\/h4><div class=\"w-iconbox-text\"><p><span style=\"font-weight: 400;\">\u00cenvigor\u0103m centrul ora\u0219ului, turismul \u0219i economia local\u0103, cre\u0103m locuri de munc\u0103 \u0219i combin\u0103m cultura, \u00eent\u00e2lnirea \u0219i inova\u021bia \u00eentr-o loca\u021bie atractiv\u0103.<\/span><\/p>\n<\/div><\/div><\/div><\/div><\/div><\/div><div class=\"w-separator size_medium\"><\/div><div class=\"w-btn-wrapper align_left\"><a class=\"w-btn us-btn-style_8 icon_atleft\" href=\"https:\/\/gruene-wiesbaden.de\/ro\/kommunalwahl\/#Kapitel3\"><i class=\"fas fa-chevron-circle-right\"><\/i><span class=\"w-btn-label\">\u00cenapoi la prezentare general\u0103<\/span><\/a><\/div><div class=\"w-separator size_medium\"><\/div><\/div><\/div><\/div><\/div><\/section><section class=\"l-section wpb_row height_auto with_img\"><div class=\"l-section-img\" role=\"img\" data-img-width=\"2560\" data-img-height=\"1707\" style=\"background-image: url(https:\/\/gruene-wiesbaden.de\/wp-content\/uploads\/2025\/11\/3.3-Wirtschaftsfoerderung-und-Beschaeftigung-scaled.jpeg);background-repeat: no-repeat;\"><\/div><div class=\"l-section-overlay\" style=\"background:var(--color-header-top-transparent-bg)\"><\/div><div class=\"l-section-h i-cf\"><div class=\"g-cols vc_row via_grid cols_1 laptops-cols_inherit tablets-cols_inherit mobiles-cols_1 valign_middle type_default stacking_default\" style=\"--columns-gap:1rem;\"><div class=\"wpb_column vc_column_container\"><div class=\"vc_column-inner\"><div class=\"w-separator size_large\"><\/div><div class=\"wpb_text_column background_inside_text\"><div class=\"wpb_wrapper\"><h1>Ce vrem s\u0103 facem \u00een mod special \u00een acest domeniu<\/h1>\n<\/div><\/div><div class=\"w-separator size_medium\"><\/div><div class=\"w-tabs us_custom_42d693a0 has_text_color style_default switch_click accordion has_scrolling\" style=\"--sections-title-size:1.4rem\"><div class=\"w-tabs-sections titles-align_none icon_chevron cpos_right\"><div class=\"w-tabs-section has_text_color\" id=\"x0d3\" style=\"background:var(--color-header-transparent-text);color:var(--color-header-top-text-hover);\"><button class=\"w-tabs-section-header\" aria-controls=\"content-x0d3\" aria-expanded=\"false\"><div class=\"w-tabs-section-title\">Achizi\u021bii durabile \u0219i favorabile IMM-urilor<\/div><div class=\"w-tabs-section-control\"><\/div><\/button><div  class=\"w-tabs-section-content\" id=\"content-x0d3\"><div class=\"w-tabs-section-content-h i-cf\"><div class=\"wpb_text_column\"><div class=\"wpb_wrapper\"><p><span style=\"font-weight: 400;\">Achizi\u021biile publice reprezint\u0103 o p\u00e2rghie relevant\u0103 pentru municipalit\u0103\u021bi \u00een modelarea rela\u021biilor economice locale. Dorim ca atribuirea contractelor de achizi\u021bii publice s\u0103 devin\u0103 mai medie \u0219i mai favorabil\u0103 inov\u0103rii, astfel \u00eenc\u00e2t \u00eentreprinderile locale \u0219i \u00eentreprinderile nou-\u00eenfiin\u021bate s\u0103 fie mai bine deservite. \u00cen plus, dorim s\u0103 se \u021bin\u0103 seama de criterii sistematice de durabilitate, cum ar fi costurile pe ciclu de via\u021b\u0103 \u0219i aderarea la tarife.<\/span><\/p>\n<\/div><\/div><\/div><\/div><\/div><div class=\"w-tabs-section has_text_color\" id=\"m1f2\" style=\"background:var(--color-header-transparent-text);color:var(--color-header-top-text-hover);\"><button class=\"w-tabs-section-header\" aria-controls=\"content-m1f2\" aria-expanded=\"false\"><div class=\"w-tabs-section-title\">Consolidarea rolului politicii locale \u00een domeniul pie\u021bei for\u021bei de munc\u0103<\/div><div class=\"w-tabs-section-control\"><\/div><\/button><div  class=\"w-tabs-section-content\" id=\"content-m1f2\"><div class=\"w-tabs-section-content-h i-cf\"><div class=\"wpb_text_column\"><div class=\"wpb_wrapper\"><p><span style=\"font-weight: 400;\">Wiesbaden nu trebuie s\u0103 lase pe nimeni \u00een urm\u0103. Dorim s\u0103 coordon\u0103m mai bine ofertele de promovare a ocup\u0103rii for\u021bei de munc\u0103 \u0219i s\u0103 integr\u0103m m\u0103surile luate de \u00eentreprinderi \u0219i de alte \u00eentreprinderi. Scopul este de a oferi calific\u0103ri cu prag sc\u0103zut, programe adaptate pentru tineri, persoane cu o istorie a migra\u021biei, refugia\u021bi \u0219i \u0219omeri de lung\u0103 durat\u0103. Vom primi atelierul de tineret de la Wiesbaden. Dorim s\u0103 revizuim modelul \u201eOptionskommune\u201d.<\/span><\/p>\n<\/div><\/div><\/div><\/div><\/div><div class=\"w-tabs-section has_text_color\" id=\"e375\" style=\"background:var(--color-header-transparent-text);color:var(--color-header-top-text-hover);\"><button class=\"w-tabs-section-header\" aria-controls=\"content-e375\" aria-expanded=\"false\"><div class=\"w-tabs-section-title\">Deschiderea \u00een continuare a u\u0219ilor c\u0103tre pia\u021ba for\u021bei de munc\u0103<\/div><div class=\"w-tabs-section-control\"><\/div><\/button><div  class=\"w-tabs-section-content\" id=\"content-e375\"><div class=\"w-tabs-section-content-h i-cf\"><div class=\"wpb_text_column\"><div class=\"wpb_wrapper\"><p><span style=\"font-weight: 400;\">Dorim s\u0103 urm\u0103m \u00een mod consecvent calea urmat\u0103 de proiectul privind pia\u021ba for\u021bei de munc\u0103 \u201eStay in Wiesbaden\u201d \u0219i s\u0103 utiliz\u0103m toate op\u021biunile legale pentru a facilita accesul refugia\u021bilor la pia\u021ba for\u021bei de munc\u0103. Am dori s\u0103 colabor\u0103m \u00eendeaproape cu companiile locale, Camera de Industrie \u0219i Comer\u021b \u0219i Camera de Meserii \u0219i, de asemenea, s\u0103 acord\u0103m o aten\u021bie deosebit\u0103 grupului \u021bint\u0103 de refugia\u021bi \u00een cadrul ini\u021biativei noastre de specialitate. M\u0103surile pe care le consider\u0103m importante includ sprijin pentru dep\u0103\u0219irea obstacolelor birocratice \u0219i recunoa\u0219terea calific\u0103rilor str\u0103ine, cursuri de limb\u0103 \u0219i de preg\u0103tire profesional\u0103 cu prag sc\u0103zut, precum \u0219i sponsoriz\u0103ri \u00eentre \u00eentreprinderi \u0219i refugia\u021bi. Acesta este modul \u00een care cre\u0103m o situa\u021bie win-win: Refugia\u021bii au o perspectiv\u0103 real\u0103, \u00eentreprinderile g\u0103sesc lucr\u0103tori califica\u021bi, iar Wiesbaden devine mai atractiv \u2013 ca ora\u0219 al oportunit\u0103\u021bilor \u0219i coeziunii.<\/span><\/p>\n<\/div><\/div><\/div><\/div><\/div><div class=\"w-tabs-section has_text_color\" id=\"w490\" style=\"background:var(--color-header-middle-bg);color:var(--color-content-heading);\"><button class=\"w-tabs-section-header\" aria-controls=\"content-w490\" aria-expanded=\"false\"><div class=\"w-tabs-section-title\">Dialogul cu economia local\u0103<\/div><div class=\"w-tabs-section-control\"><\/div><\/button><div  class=\"w-tabs-section-content\" id=\"content-w490\"><div class=\"w-tabs-section-content-h i-cf\"><div class=\"wpb_text_column\"><div class=\"wpb_wrapper\"><p><span style=\"font-weight: 400;\">Dorim s\u0103 continu\u0103m dialogul \u0219i cooperarea constructiv\u0103 cu companiile \u0219i asocia\u021biile acestora. Utiliz\u0103m diferite formate, cum ar fi Consiliul consultativ industrial. \u00cempreun\u0103 cu m\u0103iestria, a fost elaborat\u0103 agenda me\u0219te\u0219ugurilor, pe care dorim s\u0103 o implement\u0103m \u00een mod consecvent. Suntem convin\u0219i c\u0103 provoc\u0103rile majore ale schimb\u0103rilor demografice, ale digitaliz\u0103rii \u0219i ale tranzi\u021biei energetice pot fi dep\u0103\u0219ite numai prin aceast\u0103 cooperare.<\/span><\/p>\n<\/div><\/div><\/div><\/div><\/div><div class=\"w-tabs-section has_text_color\" id=\"q5a5\" style=\"background:var(--color-header-transparent-text);color:var(--color-header-top-text-hover);\"><button class=\"w-tabs-section-header\" aria-controls=\"content-q5a5\" aria-expanded=\"false\"><div class=\"w-tabs-section-title\">Construirea durabil\u0103 \u2013 o oportunitate pentru sectorul me\u0219te\u0219ug\u0103resc<\/div><div class=\"w-tabs-section-control\"><\/div><\/button><div  class=\"w-tabs-section-content\" id=\"content-q5a5\"><div class=\"w-tabs-section-content-h i-cf\"><div class=\"wpb_text_column\"><div class=\"wpb_wrapper\"><p><span style=\"font-weight: 400;\">Transformarea ecologic\u0103 ofer\u0103 mari oportunit\u0103\u021bi pentru me\u0219te\u0219ugurile locale \u0219i industria construc\u021biilor: de la renovarea energetic\u0103 la energia fotovoltaic\u0103 \u0219i mobilitatea nou\u0103. \u00cempreun\u0103 cu asocia\u021biile, companiile, agen\u021bia de protec\u021bie a climei \u0219i institu\u021biile de \u00eenv\u0103\u021b\u0103m\u00e2nt, dorim s\u0103 cre\u0103m o alian\u021b\u0103 Wiesbaden pentru comer\u021bul verde, s\u0103 promov\u0103m crearea de re\u021bele \u0219i consultan\u021b\u0103 \u0219i s\u0103 ob\u021binem finan\u021bare specific\u0103.<\/span><\/p>\n<\/div><\/div><\/div><\/div><\/div><div class=\"w-tabs-section has_text_color\" id=\"d6ba\" style=\"background:var(--color-header-middle-bg);color:var(--color-header-middle-text);\"><button class=\"w-tabs-section-header\" aria-controls=\"content-d6ba\" aria-expanded=\"false\"><div class=\"w-tabs-section-title\">Sprijinirea \u00eentreprinderilor pe calea c\u0103tre neutralitatea climatic\u0103<\/div><div class=\"w-tabs-section-control\"><\/div><\/button><div  class=\"w-tabs-section-content\" id=\"content-d6ba\"><div class=\"w-tabs-section-content-h i-cf\"><div class=\"wpb_text_column\"><div class=\"wpb_wrapper\"><p><span style=\"font-weight: 400;\">O aprovizionare cu energie neutr\u0103 din punct de vedere climatic, sigur\u0103 \u0219i la pre\u021buri accesibile este un factor esen\u021bial de localizare. Dorim s\u0103 sprijinim companiile noastre locale \u00een acest mod, s\u0103 atragem finan\u021bare \u0219i s\u0103 promov\u0103m cooperarea inovatoare, de exemplu \u00een ceea ce prive\u0219te utilizarea c\u0103ldurii reziduale.<\/span><\/p>\n<\/div><\/div><\/div><\/div><\/div><div class=\"w-tabs-section has_text_color\" id=\"t860\" style=\"background:var(--color-header-transparent-text);color:var(--color-header-top-text-hover);\"><button class=\"w-tabs-section-header\" aria-controls=\"content-t860\" aria-expanded=\"false\"><div class=\"w-tabs-section-title\">Promovarea turismului durabil<\/div><div class=\"w-tabs-section-control\"><\/div><\/button><div  class=\"w-tabs-section-content\" id=\"content-t860\"><div class=\"w-tabs-section-content-h i-cf\"><div class=\"wpb_text_column\"><div class=\"wpb_wrapper\"><p><span style=\"font-weight: 400;\">Turismul este o component\u0103 central\u0103 a strategiei economice urbane, cu o importan\u021b\u0103 deosebit\u0103 \u00een sectorul hotelier, gastronomic \u0219i al comer\u021bului cu am\u0103nuntul. Dorim s\u0103 consolid\u0103m \u00een continuare Wiesbaden ca destina\u021bie atractiv\u0103 \u0219i destina\u021bie turistic\u0103 durabil\u0103. \u00cen urma comercializ\u0103rii \u00een comun a \u201eDestina\u021biei Wiesbaden Rheingau\u201d, cre\u0103m stimulente pentru c\u0103l\u0103torii \u0219i transporturi ecologice, f\u0103c\u00e2nd transportul public \u0219i serviciile de \u00eenchiriere mai atractive pentru turi\u0219ti. Continu\u0103m s\u0103 dezvolt\u0103m ofertele pentru grupuri \u021bint\u0103 tinere, familii \u0219i turi\u0219ti culturali. Dorim s\u0103 \u00eembun\u0103t\u0103\u021bim informa\u021biile turistice \u0219i s\u0103 extindem canalele de marketing digital.<\/span><\/p>\n<\/div><\/div><\/div><\/div><\/div><div class=\"w-tabs-section has_text_color\" id=\"a99e\" style=\"background:var(--color-header-transparent-text);color:var(--color-header-top-text-hover);\"><button class=\"w-tabs-section-header\" aria-controls=\"content-a99e\" aria-expanded=\"false\"><div class=\"w-tabs-section-title\">Sprijinirea recrut\u0103rii de lucr\u0103tori califica\u021bi<\/div><div class=\"w-tabs-section-control\"><\/div><\/button><div  class=\"w-tabs-section-content\" id=\"content-a99e\"><div class=\"w-tabs-section-content-h i-cf\"><div class=\"wpb_text_column\"><div class=\"wpb_wrapper\"><p><span style=\"font-weight: 400;\">Deficitul de for\u021b\u0103 de munc\u0103 calificat\u0103 \u0219i recrutarea de tinere talente se num\u0103r\u0103 printre principalele provoc\u0103ri cu care se confrunt\u0103 \u00eentreprinderile. Ne angaj\u0103m s\u0103 dot\u0103m \u201eIni\u021biativa privind lucr\u0103torii califica\u021bi industriali\u201d elaborat\u0103 \u00een cursul ultimei legislaturi cu resurse suficiente \u0219i s\u0103 o extindem la alte sectoare, cum ar fi artizanatul \u0219i s\u0103n\u0103tatea.<\/span><\/p>\n<\/div><\/div><\/div><\/div><\/div><\/div><\/div><div class=\"w-separator size_medium\"><\/div><div class=\"w-btn-wrapper align_left\"><a class=\"w-btn us-btn-style_8 icon_atleft\" href=\"https:\/\/gruene-wiesbaden.de\/ro\/kommunalwahl\/#Kapitel3\"><i class=\"fas fa-chevron-circle-right\"><\/i><span class=\"w-btn-label\">\u00cenapoi la prezentare general\u0103<\/span><\/a><\/div><div class=\"w-separator size_large\"><\/div><div class=\"wpb_text_column\"><div class=\"wpb_wrapper\"><h1>Ceea ce am realizat deja<\/h1>\n<\/div><\/div><div class=\"w-separator size_medium\"><\/div><div class=\"w-tabs us_custom_42d693a0 has_text_color style_default switch_click accordion has_scrolling\" style=\"--sections-title-size:1.4rem\"><div class=\"w-tabs-sections titles-align_none icon_chevron cpos_right\"><div class=\"w-tabs-section has_text_color\" id=\"zd11\" style=\"background:var(--color-header-transparent-text);color:var(--color-header-top-text-hover);\"><button class=\"w-tabs-section-header\" aria-controls=\"content-zd11\" aria-expanded=\"false\"><div class=\"w-tabs-section-title\">Platforma de oportunit\u0103\u021bi Wiesbaden<\/div><div class=\"w-tabs-section-control\"><\/div><\/button><div  class=\"w-tabs-section-content\" id=\"content-zd11\"><div class=\"w-tabs-section-content-h i-cf\"><div class=\"wpb_text_column\"><div class=\"wpb_wrapper\"><p><span style=\"font-weight: 400;\">Platforma de oportunit\u0103\u021bi a fost lansat\u0103 \u00een 2022 ca parte a ini\u021biativei WI WORK LIFE ?? Industry Skills Initiative. Acesta ofer\u0103 cet\u0103\u021benilor sprijin digital \u00een educa\u021bie, formare \u0219i carier\u0103 \u0219i faciliteaz\u0103 accesul la oferte de locuri de munc\u0103, la educa\u021bie suplimentar\u0103 \u0219i la ucenicii \u00een Wiesbaden.<\/span><\/p>\n<\/div><\/div><\/div><\/div><\/div><div class=\"w-tabs-section has_text_color\" id=\"ze9c\" style=\"background:var(--color-header-transparent-text);color:var(--color-header-top-text-hover);\"><button class=\"w-tabs-section-header\" aria-controls=\"content-ze9c\" aria-expanded=\"false\"><div class=\"w-tabs-section-title\">Radarul de antrenament Wiesbaden<\/div><div class=\"w-tabs-section-control\"><\/div><\/button><div  class=\"w-tabs-section-content\" id=\"content-ze9c\"><div class=\"w-tabs-section-content-h i-cf\"><div class=\"wpb_text_column\"><div class=\"wpb_wrapper\"><p><span style=\"font-weight: 400;\">Radarul de antrenament a fost introdus \u00een 2025. Prin intermediul acestei platforme digitale, \u00eentreprinderile pot recomanda altor \u00eentreprinderi cu sediul \u00een Wiesbaden candida\u021bi adecva\u021bi pe care nu \u00eei pot recruta din motive de capacitate. Astfel, oportunit\u0103\u021bile de formare din regiune r\u0103m\u00e2n transparente \u0219i u\u0219or accesibile.<\/span><\/p>\n<\/div><\/div><\/div><\/div><\/div><div class=\"w-tabs-section has_text_color\" id=\"qffa\" style=\"background:var(--color-header-transparent-text);color:var(--color-header-top-text-hover);\"><button class=\"w-tabs-section-header\" aria-controls=\"content-qffa\" aria-expanded=\"false\"><div class=\"w-tabs-section-title\">Forumul pentru Ini\u021biativa privind lucr\u0103torii califica\u021bi din industrie<\/div><div class=\"w-tabs-section-control\"><\/div><\/button><div  class=\"w-tabs-section-content\" id=\"content-qffa\"><div class=\"w-tabs-section-content-h i-cf\"><div class=\"wpb_text_column\"><div class=\"wpb_wrapper\"><p><span style=\"font-weight: 400;\">Forumul industriei ini\u021biativei pentru atragerea de talente a fost \u00eenfiin\u021bat \u00een 2022. Acesta conecteaz\u0103 profesioni\u0219tii digital \u0219i sprijin\u0103 companiile \u00een g\u0103sirea \u0219i promovarea talentelor. \u00cen acela\u0219i timp, faciliteaz\u0103 schimburile profesionale \u00eentre industrie, institu\u021biile de \u00eenv\u0103\u021b\u0103m\u00e2nt \u0219i organiza\u021bii pentru a consolida p\u0103strarea lucr\u0103torilor califica\u021bi \u00een Wiesbaden.<\/span><\/p>\n<\/div><\/div><\/div><\/div><\/div><div class=\"w-tabs-section has_text_color\" id=\"l142\" style=\"background:var(--color-header-middle-bg);color:var(--color-content-heading);\"><button class=\"w-tabs-section-header\" aria-controls=\"content-l142\" aria-expanded=\"false\"><div class=\"w-tabs-section-title\">Agenda pentru artizanat Wiesbaden 2030<\/div><div class=\"w-tabs-section-control\"><\/div><\/button><div  class=\"w-tabs-section-content\" id=\"content-l142\"><div class=\"w-tabs-section-content-h i-cf\"><div class=\"wpb_text_column\"><div class=\"wpb_wrapper\"><p><span style=\"font-weight: 400;\">Vrem o nav\u0103 puternic\u0103 \u00een acest ora\u0219. \u00cen mai 2025, a fost prezentat\u0103 Agenda 2030 pentru artizanat de la Wiesbaden. Cu aceasta, consolid\u0103m afacerile artizanale ale ora\u0219ului nostru \u0219i le \u00eenso\u021bim \u00een mod specific \u00een digitalizare, \u00een promovarea talentelor tinere \u0219i a lucr\u0103torilor califica\u021bi. Prin extinderea infrastructurii moderne \u0219i a solu\u021biilor inteligente, companiile devin durabile, cre\u00e2nd locuri de munc\u0103 de \u00eenalt\u0103 calitate \u0219i ajut\u00e2nd la modelarea ora\u0219ului Wiesbaden ca un ora\u0219 vibrant \u0219i durabil.<\/span><\/p>\n<\/div><\/div><\/div><\/div><\/div><div class=\"w-tabs-section has_text_color\" id=\"e26e\" style=\"background:var(--color-header-transparent-text);color:var(--color-header-top-text-hover);\"><button class=\"w-tabs-section-header\" aria-controls=\"content-e26e\" aria-expanded=\"false\"><div class=\"w-tabs-section-title\">WiCoPop \u2013 Impulsuri creative pentru centrul ora\u0219ului<\/div><div class=\"w-tabs-section-control\"><\/div><\/button><div  class=\"w-tabs-section-content\" id=\"content-e26e\"><div class=\"w-tabs-section-content-h i-cf\"><div class=\"wpb_text_column\"><div class=\"wpb_wrapper\"><p><span style=\"font-weight: 400;\">Cu WiCoPop, Wiesbaden a lansat un proiect inovator care revitalizeaz\u0103 magazinele vacante din centrul ora\u0219ului. \u00centreprinderile nou-\u00eenfiin\u021bate, tinerii antreprenori \u0219i creatorii \u0219i-au prezentat produsele, ideile \u0219i proiectele culturale \u00een s\u0103li temporare de v\u00e2nzare \u0219i expozi\u021bie \u2013 f\u0103r\u0103 chirie sau eficiente din punctul de vedere al costurilor. Astfel, WiCoPop nu numai c\u0103 a promovat economia local\u0103, ci a creat \u0219i noi oportunit\u0103\u021bi de ocupare a for\u021bei de munc\u0103 \u0219i de \u00eenfiin\u021bare, a consolidat centrul ora\u0219ului ca loca\u021bie atractiv\u0103 \u0219i a transformat Wiesbaden \u00eentr-un loc plin de via\u021b\u0103 pentru inovare \u0219i \u00eent\u00e2lnire at\u00e2t pentru cet\u0103\u021beni, c\u00e2t \u0219i pentru \u00eentreprinderi.<\/span><\/p>\n<\/div><\/div><\/div><\/div><\/div><div class=\"w-tabs-section has_text_color\" id=\"b3a5\" style=\"background:var(--color-header-transparent-text);color:var(--color-header-top-text-hover);\"><button class=\"w-tabs-section-header\" aria-controls=\"content-b3a5\" aria-expanded=\"false\"><div class=\"w-tabs-section-title\">Continuarea conceptului de comer\u021b cu am\u0103nuntul 2025+<\/div><div class=\"w-tabs-section-control\"><\/div><\/button><div  class=\"w-tabs-section-content\" id=\"content-b3a5\"><div class=\"w-tabs-section-content-h i-cf\"><div class=\"wpb_text_column\"><div class=\"wpb_wrapper\"><p><span style=\"font-weight: 400;\">Odat\u0103 cu continuarea conceptului de v\u00e2nzare cu am\u0103nuntul 2025+, Wiesbaden \u00ee\u0219i consolideaz\u0103 \u00een mod specific ora\u0219ul interior \u0219i districtele centrale. Conceptul \u00eenso\u021be\u0219te strategic retailerii locali, start-up-urile \u0219i magazinele pop-up \u0219i le sprijin\u0103 \u00een dezvoltarea ulterioar\u0103 a ofertelor lor, at\u00e2t la nivel local, c\u00e2t \u0219i digital. Scopul este de a face centrul ora\u0219ului plin de via\u021b\u0103 \u0219i atractiv, de a asigura locuri de munc\u0103 \u0219i de a pozi\u021biona Wiesbaden ca o loca\u021bie puternic\u0103 din punct de vedere economic \u0219i modern\u0103. Orientarea pe termen lung va aduce beneficii at\u00e2t comer\u021bului, c\u00e2t \u0219i economiei \u0219i cet\u0103\u021benilor.<\/span><\/p>\n<\/div><\/div><\/div><\/div><\/div><div class=\"w-tabs-section has_text_color\" id=\"r4c1\" style=\"background:var(--color-header-transparent-text);color:var(--color-header-top-text-hover);\"><button class=\"w-tabs-section-header\" aria-controls=\"content-r4c1\" aria-expanded=\"false\"><div class=\"w-tabs-section-title\">Spa\u021biu pentru parc\u0103ri<\/div><div class=\"w-tabs-section-control\"><\/div><\/button><div  class=\"w-tabs-section-content\" id=\"content-r4c1\"><div class=\"w-tabs-section-content-h i-cf\"><div class=\"wpb_text_column\"><div class=\"wpb_wrapper\"><p><span style=\"font-weight: 400;\">\u00cen timpul pandemiei de coronavirus, restaurantele din Wiesbaden au putut \u00eencerca terasele temporare din parc\u0103ri \u2013 a\u0219a-numitele parc\u0103ri \u2013 \u00eentr-un mod necomplicat. Datorit\u0103 unui nou statut, acestea pot fi acum aplicate permanent. Parcurile revigoreaz\u0103 str\u0103zile, creeaz\u0103 locuri suplimentare pentru oaspe\u021bi \u0219i fac centrul ora\u0219ului mai atractiv pentru \u00eent\u00e2lniri, cultur\u0103 \u0219i cump\u0103r\u0103turi.<\/span><\/p>\n<\/div><\/div><\/div><\/div><\/div><div class=\"w-tabs-section has_text_color\" id=\"h5d8\" style=\"background:var(--color-header-transparent-text);color:var(--color-header-top-text-hover);\"><button class=\"w-tabs-section-header\" aria-controls=\"content-h5d8\" aria-expanded=\"false\"><div class=\"w-tabs-section-title\">Consiliul consultativ industrial: Implicarea industriei \u00een procesele decizionale<\/div><div class=\"w-tabs-section-control\"><\/div><\/button><div  class=\"w-tabs-section-content\" id=\"content-h5d8\"><div class=\"w-tabs-section-content-h i-cf\"><div class=\"wpb_text_column\"><div class=\"wpb_wrapper\"><p><span style=\"font-weight: 400;\">Consiliul consultativ pentru industrie s-a impus ca punct central de contact pentru economia din Wiesbaden. Aici se reunesc \u00eentreprinderile, camerele, universit\u0103\u021bile \u0219i sindicatele pentru a discuta provoc\u0103rile actuale, investi\u021biile \u0219i proiectele de inovare. Sub conducerea ministrului nostru verde \u0219i a primarului, economia este implicat\u0103 \u00een procesele decizionale \u00eentr-un stadiu incipient. Acest lucru asigur\u0103 faptul c\u0103 nevoile industriei sunt auzite, c\u0103 atractivitatea loca\u021biei este consolidat\u0103 \u0219i c\u0103 locurile de munc\u0103 sunt asigurate pe termen lung.<\/span><\/p>\n<\/div><\/div><\/div><\/div><\/div><div class=\"w-tabs-section has_text_color\" id=\"y722\" style=\"background:var(--color-header-transparent-text);color:var(--color-header-top-text-hover);\"><button class=\"w-tabs-section-header\" aria-controls=\"content-y722\" aria-expanded=\"false\"><div class=\"w-tabs-section-title\">Consolidarea gestion\u0103rii ora\u0219elor \u2013 revitalizarea centrului ora\u0219ului<\/div><div class=\"w-tabs-section-control\"><\/div><\/button><div  class=\"w-tabs-section-content\" id=\"content-y722\"><div class=\"w-tabs-section-content-h i-cf\"><div class=\"wpb_text_column\"><div class=\"wpb_wrapper\"><p><span style=\"font-weight: 400;\">\u00cen vremuri de schimbare, ora\u0219ul nostru interior are nevoie de o voce puternic\u0103. Aceasta este ceea ce reprezint\u0103 echipa de management urban sub conducerea deputatului \u0219i primarului nostru GREEN, care, \u00eempreun\u0103 cu comercian\u021bii \u0219i al\u021bi actori, promoveaz\u0103 un centru urban plin de via\u021b\u0103. Coordoneaz\u0103 evenimente, pie\u021be \u0219i ac\u021biuni urbane, sprijin\u0103 comer\u021bul \u0219i gastronomia, conecteaz\u0103 actorii locali \u0219i dezvolt\u0103 strategii de stimulare \u0219i cre\u0219tere a atractivit\u0103\u021bii. Acest lucru nu numai c\u0103 atrage vizitatori, ci \u0219i consolideaz\u0103 locurile de munc\u0103 \u0219i asigur\u0103 centrul ora\u0219ului ca o loca\u021bie vibrant\u0103 din punct de vedere economic. Aceasta func\u021bioneaz\u0103: \u00cen 2025, \u00een compara\u021bie cu alte ora\u0219e cu 250.000 p\u00e2n\u0103 la 600.000 de locuitori, ora\u0219ul Wiesbaden a ocupat primul loc la nivel na\u021bional \u00een Premiul VITALCity, un premiu care este acordat anual ora\u0219elor din Germania pentru a m\u0103sura \u0219i promova vibra\u021bia ora\u0219elor lor interioare.<\/span><\/p>\n<\/div><\/div><\/div><\/div><\/div><div class=\"w-tabs-section has_text_color\" id=\"k83b\" style=\"background:var(--color-header-transparent-text);color:var(--color-header-top-text-hover);\"><button class=\"w-tabs-section-header\" aria-controls=\"content-k83b\" aria-expanded=\"false\"><div class=\"w-tabs-section-title\">O list\u0103 mai echitabil\u0103 a taxelor pentru cheltuielile cu bunurile<\/div><div class=\"w-tabs-section-control\"><\/div><\/button><div  class=\"w-tabs-section-content\" id=\"content-k83b\"><div class=\"w-tabs-section-content-h i-cf\"><div class=\"wpb_text_column\"><div class=\"wpb_wrapper\"><p><span style=\"font-weight: 400;\">P\u00e2n\u0103 la sf\u00e2r\u0219itul anului 2021, taxele pentru afi\u0219area m\u0103rfurilor s-au bazat pe criteriile de referin\u021b\u0103 de la sol ale situa\u021biei rutiere respective. Ca urmare, comercian\u021bii cu am\u0103nuntul din loca\u021biile de \u00eenalt\u0103 frecven\u021b\u0103, cum ar fi Kirchgasse, au trebuit s\u0103 pl\u0103teasc\u0103 p\u00e2n\u0103 la 600 de euro pe metru p\u0103trat pe an, \u00een timp ce magazinele din zonele mai pu\u021bin centrale au avut taxe semnificativ mai mici. Odat\u0103 cu introducerea unui nou barem de taxe pentru afi\u0219ajele de m\u0103rfuri, Wiesbaden a u\u0219urat \u00een mod semnificativ comer\u021bul cu am\u0103nuntul \u00een centrul ora\u0219ului. Taxele au fost transparente \u0219i e\u0219alonate \u00een func\u021bie de loca\u021bia din centrul ora\u0219ului, ceea ce \u00eenseamn\u0103 c\u0103 mul\u021bi comercian\u021bi cu am\u0103nuntul beneficiaz\u0103 de o reducere semnificativ\u0103 a costurilor. Aceast\u0103 m\u0103sur\u0103 consolideaz\u0103 competitivitatea comer\u021bului cu am\u0103nuntul tradi\u021bional \u0219i contribuie la revitalizarea centrului ora\u0219ului.<\/span><\/p>\n<\/div><\/div><\/div><\/div><\/div><div class=\"w-tabs-section has_text_color\" id=\"x96c\" style=\"background:var(--color-header-transparent-text);color:var(--color-header-top-text-hover);\"><button class=\"w-tabs-section-header\" aria-controls=\"content-x96c\" aria-expanded=\"false\"><div class=\"w-tabs-section-title\">Turismul: Destina\u021bia comun\u0103 Wiesbaden-Rheingau<\/div><div class=\"w-tabs-section-control\"><\/div><\/button><div  class=\"w-tabs-section-content\" id=\"content-x96c\"><div class=\"w-tabs-section-content-h i-cf\"><div class=\"wpb_text_column\"><div class=\"wpb_wrapper\"><p><span style=\"font-weight: 400;\">Wiesbaden \u00ee\u0219i grupeaz\u0103 ofertele turistice \u00eempreun\u0103 cu regiunea Rheingau prin destina\u021bia Wiesbaden Rheingau. Campaniile de marketing coordonate, ofertele care pot fi rezervate \u0219i crearea de re\u021bele de produse locale creeaz\u0103 o experien\u021b\u0103 atractiv\u0103 \u0219i holistic\u0103 pentru vizitatori. Cooperarea promoveaz\u0103 turismul, consolideaz\u0103 gastronomia, industria hotelier\u0103 \u0219i cultura \u0219i asigur\u0103 \u0219i creeaz\u0103 locuri de munc\u0103 \u00een regiune. \u00cen plus, destina\u021bia a fost certificat\u0103 ca destina\u021bie durabil\u0103 din 2024 \u0219i, prin urmare, sprijin\u0103 turismul ecologic.<\/span><\/p>\n<\/div><\/div><\/div><\/div><\/div><div class=\"w-tabs-section has_text_color\" id=\"zaa9\" style=\"background:var(--color-header-transparent-text);color:var(--color-header-top-text-hover);\"><button class=\"w-tabs-section-header\" aria-controls=\"content-zaa9\" aria-expanded=\"false\"><div class=\"w-tabs-section-title\">Turismul: Kurhaus \u0219i Casino<\/div><div class=\"w-tabs-section-control\"><\/div><\/button><div  class=\"w-tabs-section-content\" id=\"content-zaa9\"><div class=\"w-tabs-section-content-h i-cf\"><div class=\"wpb_text_column\"><div class=\"wpb_wrapper\"><p><span style=\"font-weight: 400;\">Ora\u0219ul Wiesbaden investe\u0219te \u00een mod specific \u00een turismul central \u0219i \u00een loca\u021biile pentru evenimente: Renovarea Kurhaus creeaz\u0103 comenzi de construc\u021bie \u0219i artizanat \u0219i asigur\u0103 oportunit\u0103\u021bi pe termen lung de utilizare pentru cultur\u0103 \u0219i gastronomie. \u00cen acela\u0219i timp, Casino \u0219i Kurhausgastronomie vor fi relicita\u021bi, deoarece contractele anterioare ale operatorului expir\u0103. Acest lucru asigur\u0103 investi\u021bii, concepte moderne \u0219i locuri de munc\u0103. Aceste m\u0103suri consolideaz\u0103 centrul ora\u0219ului ca loc atractiv din punct de vedere economic pentru vizitatori \u0219i ocuparea for\u021bei de munc\u0103.<\/span><\/p>\n<\/div><\/div><\/div><\/div><\/div><\/div><\/div><div class=\"w-separator size_medium\"><\/div><div class=\"w-btn-wrapper align_left\"><a class=\"w-btn us-btn-style_8 icon_atleft\" href=\"https:\/\/gruene-wiesbaden.de\/ro\/kommunalwahl\/#Kapitel3\"><i class=\"fas fa-chevron-circle-right\"><\/i><span class=\"w-btn-label\">\u00cenapoi la prezentare general\u0103<\/span><\/a><\/div><div class=\"w-separator size_large\"><\/div><\/div><\/div><\/div><\/div><\/section>","protected":false},"excerpt":{"rendered":"Deciziile locale au un impact direct asupra economiei locale, a locurilor de munc\u0103 \u0219i a calit\u0103\u021bii vie\u021bii. Cu sprijin specific pentru \u00eentreprinderile din diferite sectoare, artizanat, \u00eentreprinderi nou-\u00eenfiin\u021bate \u0219i turism, asigur\u0103m ocuparea for\u021bei de munc\u0103, inovarea \u0219i lucr\u0103torii califica\u021bi \u00een Wiesbaden \u0219i stabilim cursul pentru o transformare \u0219i o redresare economic\u0103 de succes. Atribuim contractele de achizi\u021bii publice \u00een mod echitabil, \u021bin\u00e2nd seama de respectarea tarifelor \u0219i de criteriile de durabilitate.","protected":false},"author":1,"featured_media":1566,"comment_status":"closed","ping_status":"closed","sticky":false,"template":"","format":"standard","meta":{"footnotes":""},"categories":[16],"tags":[],"class_list":["post-1380","post","type-post","status-publish","format-standard","has-post-thumbnail","hentry","category-kapitel-3"],"yoast_head":"<!-- This site is optimized with the Yoast SEO plugin v27.5 - https:\/\/yoast.com\/product\/yoast-seo-wordpress\/ -->\n<title>Wirtschaftsf\u00f6rderung und Besch\u00e4ftigung - B\u00dcNDNIS 90\/DIE GR\u00dcNEN Wiesbaden<\/title>\n<meta name=\"robots\" content=\"index, follow, max-snippet:-1, max-image-preview:large, max-video-preview:-1\" \/>\n<link rel=\"canonical\" href=\"https:\/\/gruene-wiesbaden.de\/ro\/wirtschaftsfoerderung-und-beschaeftigung\/\" \/>\n<meta property=\"og:locale\" content=\"ro_RO\" \/>\n<meta property=\"og:type\" content=\"article\" \/>\n<meta property=\"og:title\" content=\"Wirtschaftsf\u00f6rderung und Besch\u00e4ftigung - B\u00dcNDNIS 90\/DIE GR\u00dcNEN Wiesbaden\" \/>\n<meta property=\"og:url\" content=\"https:\/\/gruene-wiesbaden.de\/ro\/wirtschaftsfoerderung-und-beschaeftigung\/\" \/>\n<meta property=\"og:site_name\" content=\"B\u00dcNDNIS 90\/DIE GR\u00dcNEN Wiesbaden\" \/>\n<meta property=\"article:publisher\" content=\"https:\/\/www.facebook.com\/gruene.wi\" \/>\n<meta property=\"article:published_time\" content=\"2025-11-09T22:33:24+00:00\" \/>\n<meta property=\"article:modified_time\" content=\"2026-04-08T22:29:47+00:00\" \/>\n<meta property=\"og:image\" content=\"https:\/\/gruene-wiesbaden.de\/wp-content\/uploads\/2025\/11\/3.3-Wirtschaftsfoerderung-und-Beschaeftigung-scaled.jpeg\" \/>\n\t<meta property=\"og:image:width\" content=\"2560\" \/>\n\t<meta property=\"og:image:height\" content=\"1707\" \/>\n\t<meta property=\"og:image:type\" content=\"image\/jpeg\" \/>\n<meta name=\"author\" content=\"admin\" \/>\n<meta name=\"twitter:card\" content=\"summary_large_image\" \/>\n<meta name=\"twitter:label1\" content=\"Scris de\" \/>\n\t<meta name=\"twitter:data1\" content=\"admin\" \/>\n\t<meta name=\"twitter:label2\" content=\"Timp estimat pentru citire\" \/>\n\t<meta name=\"twitter:data2\" content=\"10 minutes\" \/>\n<script type=\"application\/ld+json\" class=\"yoast-schema-graph\">{\"@context\":\"https:\\\/\\\/schema.org\",\"@graph\":[{\"@type\":\"Article\",\"@id\":\"https:\\\/\\\/gruene-wiesbaden.de\\\/wirtschaftsfoerderung-und-beschaeftigung\\\/#article\",\"isPartOf\":{\"@id\":\"https:\\\/\\\/gruene-wiesbaden.de\\\/wirtschaftsfoerderung-und-beschaeftigung\\\/\"},\"author\":{\"name\":\"admin\",\"@id\":\"https:\\\/\\\/gruene-wiesbaden.de\\\/#\\\/schema\\\/person\\\/6785c34779159cd4fd86886bb097afe9\"},\"headline\":\"Wirtschaftsf\u00f6rderung und Besch\u00e4ftigung\",\"datePublished\":\"2025-11-09T22:33:24+00:00\",\"dateModified\":\"2026-04-08T22:29:47+00:00\",\"mainEntityOfPage\":{\"@id\":\"https:\\\/\\\/gruene-wiesbaden.de\\\/wirtschaftsfoerderung-und-beschaeftigung\\\/\"},\"wordCount\":3041,\"publisher\":{\"@id\":\"https:\\\/\\\/gruene-wiesbaden.de\\\/#organization\"},\"image\":{\"@id\":\"https:\\\/\\\/gruene-wiesbaden.de\\\/wirtschaftsfoerderung-und-beschaeftigung\\\/#primaryimage\"},\"thumbnailUrl\":\"https:\\\/\\\/gruene-wiesbaden.de\\\/wp-content\\\/uploads\\\/2025\\\/11\\\/3.3-Wirtschaftsfoerderung-und-Beschaeftigung-scaled.jpeg\",\"articleSection\":[\"Kapitel 3\"],\"inLanguage\":\"ro-RO\"},{\"@type\":\"WebPage\",\"@id\":\"https:\\\/\\\/gruene-wiesbaden.de\\\/wirtschaftsfoerderung-und-beschaeftigung\\\/\",\"url\":\"https:\\\/\\\/gruene-wiesbaden.de\\\/wirtschaftsfoerderung-und-beschaeftigung\\\/\",\"name\":\"Wirtschaftsf\u00f6rderung und Besch\u00e4ftigung - B\u00dcNDNIS 90\\\/DIE GR\u00dcNEN Wiesbaden\",\"isPartOf\":{\"@id\":\"https:\\\/\\\/gruene-wiesbaden.de\\\/#website\"},\"primaryImageOfPage\":{\"@id\":\"https:\\\/\\\/gruene-wiesbaden.de\\\/wirtschaftsfoerderung-und-beschaeftigung\\\/#primaryimage\"},\"image\":{\"@id\":\"https:\\\/\\\/gruene-wiesbaden.de\\\/wirtschaftsfoerderung-und-beschaeftigung\\\/#primaryimage\"},\"thumbnailUrl\":\"https:\\\/\\\/gruene-wiesbaden.de\\\/wp-content\\\/uploads\\\/2025\\\/11\\\/3.3-Wirtschaftsfoerderung-und-Beschaeftigung-scaled.jpeg\",\"datePublished\":\"2025-11-09T22:33:24+00:00\",\"dateModified\":\"2026-04-08T22:29:47+00:00\",\"breadcrumb\":{\"@id\":\"https:\\\/\\\/gruene-wiesbaden.de\\\/wirtschaftsfoerderung-und-beschaeftigung\\\/#breadcrumb\"},\"inLanguage\":\"ro-RO\",\"potentialAction\":[{\"@type\":\"ReadAction\",\"target\":[\"https:\\\/\\\/gruene-wiesbaden.de\\\/wirtschaftsfoerderung-und-beschaeftigung\\\/\"]}]},{\"@type\":\"ImageObject\",\"inLanguage\":\"ro-RO\",\"@id\":\"https:\\\/\\\/gruene-wiesbaden.de\\\/wirtschaftsfoerderung-und-beschaeftigung\\\/#primaryimage\",\"url\":\"https:\\\/\\\/gruene-wiesbaden.de\\\/wp-content\\\/uploads\\\/2025\\\/11\\\/3.3-Wirtschaftsfoerderung-und-Beschaeftigung-scaled.jpeg\",\"contentUrl\":\"https:\\\/\\\/gruene-wiesbaden.de\\\/wp-content\\\/uploads\\\/2025\\\/11\\\/3.3-Wirtschaftsfoerderung-und-Beschaeftigung-scaled.jpeg\",\"width\":2560,\"height\":1707},{\"@type\":\"BreadcrumbList\",\"@id\":\"https:\\\/\\\/gruene-wiesbaden.de\\\/wirtschaftsfoerderung-und-beschaeftigung\\\/#breadcrumb\",\"itemListElement\":[{\"@type\":\"ListItem\",\"position\":1,\"name\":\"Startseite\",\"item\":\"https:\\\/\\\/gruene-wiesbaden.de\\\/\"},{\"@type\":\"ListItem\",\"position\":2,\"name\":\"Wirtschaftsf\u00f6rderung und Besch\u00e4ftigung\"}]},{\"@type\":\"WebSite\",\"@id\":\"https:\\\/\\\/gruene-wiesbaden.de\\\/#website\",\"url\":\"https:\\\/\\\/gruene-wiesbaden.de\\\/\",\"name\":\"DIE GR\u00dcNEN Wiesbaden\",\"description\":\"\",\"publisher\":{\"@id\":\"https:\\\/\\\/gruene-wiesbaden.de\\\/#organization\"},\"potentialAction\":[{\"@type\":\"SearchAction\",\"target\":{\"@type\":\"EntryPoint\",\"urlTemplate\":\"https:\\\/\\\/gruene-wiesbaden.de\\\/?s={search_term_string}\"},\"query-input\":{\"@type\":\"PropertyValueSpecification\",\"valueRequired\":true,\"valueName\":\"search_term_string\"}}],\"inLanguage\":\"ro-RO\"},{\"@type\":\"Organization\",\"@id\":\"https:\\\/\\\/gruene-wiesbaden.de\\\/#organization\",\"name\":\"DIE GR\u00dcNEN Wiesbaden\",\"url\":\"https:\\\/\\\/gruene-wiesbaden.de\\\/\",\"logo\":{\"@type\":\"ImageObject\",\"inLanguage\":\"ro-RO\",\"@id\":\"https:\\\/\\\/gruene-wiesbaden.de\\\/#\\\/schema\\\/logo\\\/image\\\/\",\"url\":\"https:\\\/\\\/gruene-wiesbaden-fuer-europa.de\\\/wp-content\\\/uploads\\\/2024\\\/04\\\/Machen-was-zaehlt-5.png\",\"contentUrl\":\"https:\\\/\\\/gruene-wiesbaden-fuer-europa.de\\\/wp-content\\\/uploads\\\/2024\\\/04\\\/Machen-was-zaehlt-5.png\",\"width\":1772,\"height\":1772,\"caption\":\"DIE GR\u00dcNEN Wiesbaden\"},\"image\":{\"@id\":\"https:\\\/\\\/gruene-wiesbaden.de\\\/#\\\/schema\\\/logo\\\/image\\\/\"},\"sameAs\":[\"https:\\\/\\\/www.facebook.com\\\/gruene.wi\",\"https:\\\/\\\/instagram.com\\\/gruene_wi\"]},{\"@type\":\"Person\",\"@id\":\"https:\\\/\\\/gruene-wiesbaden.de\\\/#\\\/schema\\\/person\\\/6785c34779159cd4fd86886bb097afe9\",\"name\":\"admin\",\"sameAs\":[\"http:\\\/\\\/gruene-wiesbaden-fuer-europa.de\"],\"url\":\"https:\\\/\\\/gruene-wiesbaden.de\\\/ro\\\/author\\\/admin\\\/\"}]}<\/script>\n<!-- \/ Yoast SEO plugin. -->","yoast_head_json":{"title":"Wirtschaftsf\u00f6rderung und Besch\u00e4ftigung - B\u00dcNDNIS 90\/DIE GR\u00dcNEN Wiesbaden","robots":{"index":"index","follow":"follow","max-snippet":"max-snippet:-1","max-image-preview":"max-image-preview:large","max-video-preview":"max-video-preview:-1"},"canonical":"https:\/\/gruene-wiesbaden.de\/ro\/wirtschaftsfoerderung-und-beschaeftigung\/","og_locale":"ro_RO","og_type":"article","og_title":"Wirtschaftsf\u00f6rderung und Besch\u00e4ftigung - B\u00dcNDNIS 90\/DIE GR\u00dcNEN Wiesbaden","og_url":"https:\/\/gruene-wiesbaden.de\/ro\/wirtschaftsfoerderung-und-beschaeftigung\/","og_site_name":"B\u00dcNDNIS 90\/DIE GR\u00dcNEN Wiesbaden","article_publisher":"https:\/\/www.facebook.com\/gruene.wi","article_published_time":"2025-11-09T22:33:24+00:00","article_modified_time":"2026-04-08T22:29:47+00:00","og_image":[{"width":2560,"height":1707,"url":"https:\/\/gruene-wiesbaden.de\/wp-content\/uploads\/2025\/11\/3.3-Wirtschaftsfoerderung-und-Beschaeftigung-scaled.jpeg","type":"image\/jpeg"}],"author":"admin","twitter_card":"summary_large_image","twitter_misc":{"Scris de":"admin","Timp estimat pentru citire":"10 minutes"},"schema":{"@context":"https:\/\/schema.org","@graph":[{"@type":"Article","@id":"https:\/\/gruene-wiesbaden.de\/wirtschaftsfoerderung-und-beschaeftigung\/#article","isPartOf":{"@id":"https:\/\/gruene-wiesbaden.de\/wirtschaftsfoerderung-und-beschaeftigung\/"},"author":{"name":"admin","@id":"https:\/\/gruene-wiesbaden.de\/#\/schema\/person\/6785c34779159cd4fd86886bb097afe9"},"headline":"Wirtschaftsf\u00f6rderung und Besch\u00e4ftigung","datePublished":"2025-11-09T22:33:24+00:00","dateModified":"2026-04-08T22:29:47+00:00","mainEntityOfPage":{"@id":"https:\/\/gruene-wiesbaden.de\/wirtschaftsfoerderung-und-beschaeftigung\/"},"wordCount":3041,"publisher":{"@id":"https:\/\/gruene-wiesbaden.de\/#organization"},"image":{"@id":"https:\/\/gruene-wiesbaden.de\/wirtschaftsfoerderung-und-beschaeftigung\/#primaryimage"},"thumbnailUrl":"https:\/\/gruene-wiesbaden.de\/wp-content\/uploads\/2025\/11\/3.3-Wirtschaftsfoerderung-und-Beschaeftigung-scaled.jpeg","articleSection":["Kapitel 3"],"inLanguage":"ro-RO"},{"@type":"WebPage","@id":"https:\/\/gruene-wiesbaden.de\/wirtschaftsfoerderung-und-beschaeftigung\/","url":"https:\/\/gruene-wiesbaden.de\/wirtschaftsfoerderung-und-beschaeftigung\/","name":"Wirtschaftsf\u00f6rderung und Besch\u00e4ftigung - B\u00dcNDNIS 90\/DIE GR\u00dcNEN Wiesbaden","isPartOf":{"@id":"https:\/\/gruene-wiesbaden.de\/#website"},"primaryImageOfPage":{"@id":"https:\/\/gruene-wiesbaden.de\/wirtschaftsfoerderung-und-beschaeftigung\/#primaryimage"},"image":{"@id":"https:\/\/gruene-wiesbaden.de\/wirtschaftsfoerderung-und-beschaeftigung\/#primaryimage"},"thumbnailUrl":"https:\/\/gruene-wiesbaden.de\/wp-content\/uploads\/2025\/11\/3.3-Wirtschaftsfoerderung-und-Beschaeftigung-scaled.jpeg","datePublished":"2025-11-09T22:33:24+00:00","dateModified":"2026-04-08T22:29:47+00:00","breadcrumb":{"@id":"https:\/\/gruene-wiesbaden.de\/wirtschaftsfoerderung-und-beschaeftigung\/#breadcrumb"},"inLanguage":"ro-RO","potentialAction":[{"@type":"ReadAction","target":["https:\/\/gruene-wiesbaden.de\/wirtschaftsfoerderung-und-beschaeftigung\/"]}]},{"@type":"ImageObject","inLanguage":"ro-RO","@id":"https:\/\/gruene-wiesbaden.de\/wirtschaftsfoerderung-und-beschaeftigung\/#primaryimage","url":"https:\/\/gruene-wiesbaden.de\/wp-content\/uploads\/2025\/11\/3.3-Wirtschaftsfoerderung-und-Beschaeftigung-scaled.jpeg","contentUrl":"https:\/\/gruene-wiesbaden.de\/wp-content\/uploads\/2025\/11\/3.3-Wirtschaftsfoerderung-und-Beschaeftigung-scaled.jpeg","width":2560,"height":1707},{"@type":"BreadcrumbList","@id":"https:\/\/gruene-wiesbaden.de\/wirtschaftsfoerderung-und-beschaeftigung\/#breadcrumb","itemListElement":[{"@type":"ListItem","position":1,"name":"Startseite","item":"https:\/\/gruene-wiesbaden.de\/"},{"@type":"ListItem","position":2,"name":"Wirtschaftsf\u00f6rderung und Besch\u00e4ftigung"}]},{"@type":"WebSite","@id":"https:\/\/gruene-wiesbaden.de\/#website","url":"https:\/\/gruene-wiesbaden.de\/","name":"DIE GR\u00dcNEN Wiesbaden","description":"","publisher":{"@id":"https:\/\/gruene-wiesbaden.de\/#organization"},"potentialAction":[{"@type":"SearchAction","target":{"@type":"EntryPoint","urlTemplate":"https:\/\/gruene-wiesbaden.de\/?s={search_term_string}"},"query-input":{"@type":"PropertyValueSpecification","valueRequired":true,"valueName":"search_term_string"}}],"inLanguage":"ro-RO"},{"@type":"Organization","@id":"https:\/\/gruene-wiesbaden.de\/#organization","name":"DIE GR\u00dcNEN Wiesbaden","url":"https:\/\/gruene-wiesbaden.de\/","logo":{"@type":"ImageObject","inLanguage":"ro-RO","@id":"https:\/\/gruene-wiesbaden.de\/#\/schema\/logo\/image\/","url":"https:\/\/gruene-wiesbaden-fuer-europa.de\/wp-content\/uploads\/2024\/04\/Machen-was-zaehlt-5.png","contentUrl":"https:\/\/gruene-wiesbaden-fuer-europa.de\/wp-content\/uploads\/2024\/04\/Machen-was-zaehlt-5.png","width":1772,"height":1772,"caption":"DIE GR\u00dcNEN Wiesbaden"},"image":{"@id":"https:\/\/gruene-wiesbaden.de\/#\/schema\/logo\/image\/"},"sameAs":["https:\/\/www.facebook.com\/gruene.wi","https:\/\/instagram.com\/gruene_wi"]},{"@type":"Person","@id":"https:\/\/gruene-wiesbaden.de\/#\/schema\/person\/6785c34779159cd4fd86886bb097afe9","name":"admin","sameAs":["http:\/\/gruene-wiesbaden-fuer-europa.de"],"url":"https:\/\/gruene-wiesbaden.de\/ro\/author\/admin\/"}]}},"_links":{"self":[{"href":"https:\/\/gruene-wiesbaden.de\/ro\/wp-json\/wp\/v2\/posts\/1380","targetHints":{"allow":["GET"]}}],"collection":[{"href":"https:\/\/gruene-wiesbaden.de\/ro\/wp-json\/wp\/v2\/posts"}],"about":[{"href":"https:\/\/gruene-wiesbaden.de\/ro\/wp-json\/wp\/v2\/types\/post"}],"author":[{"embeddable":true,"href":"https:\/\/gruene-wiesbaden.de\/ro\/wp-json\/wp\/v2\/users\/1"}],"replies":[{"embeddable":true,"href":"https:\/\/gruene-wiesbaden.de\/ro\/wp-json\/wp\/v2\/comments?post=1380"}],"version-history":[{"count":7,"href":"https:\/\/gruene-wiesbaden.de\/ro\/wp-json\/wp\/v2\/posts\/1380\/revisions"}],"predecessor-version":[{"id":2381,"href":"https:\/\/gruene-wiesbaden.de\/ro\/wp-json\/wp\/v2\/posts\/1380\/revisions\/2381"}],"wp:featuredmedia":[{"embeddable":true,"href":"https:\/\/gruene-wiesbaden.de\/ro\/wp-json\/wp\/v2\/media\/1566"}],"wp:attachment":[{"href":"https:\/\/gruene-wiesbaden.de\/ro\/wp-json\/wp\/v2\/media?parent=1380"}],"wp:term":[{"taxonomy":"category","embeddable":true,"href":"https:\/\/gruene-wiesbaden.de\/ro\/wp-json\/wp\/v2\/categories?post=1380"},{"taxonomy":"post_tag","embeddable":true,"href":"https:\/\/gruene-wiesbaden.de\/ro\/wp-json\/wp\/v2\/tags?post=1380"}],"curies":[{"name":"wp","href":"https:\/\/api.w.org\/{rel}","templated":true}]}}