{"id":1378,"date":"2025-11-10T00:32:20","date_gmt":"2025-11-09T22:32:20","guid":{"rendered":"https:\/\/gruene-wiesbaden.de\/?p=1378"},"modified":"2026-04-09T00:27:51","modified_gmt":"2026-04-08T22:27:51","slug":"wiesbaden-als-attraktiver-wirtschaftsstandort","status":"publish","type":"post","link":"https:\/\/gruene-wiesbaden.de\/ro\/wiesbaden-als-attraktiver-wirtschaftsstandort\/","title":{"rendered":"Wiesbaden ca loca\u021bie de afaceri atractiv\u0103"},"content":{"rendered":"<section class=\"l-section wpb_row height_medium with_img\"><div class=\"l-section-img\" role=\"img\" data-img-width=\"1080\" data-img-height=\"800\" style=\"background-image: url(https:\/\/gruene-wiesbaden.de\/wp-content\/uploads\/2025\/11\/neuer-Verlauf-gruene-wiesbaden.de_-2-e1762709402177.png);\"><\/div><div class=\"l-section-overlay\" style=\"background:var(--color-header-top-transparent-bg)\"><\/div><div class=\"l-section-h i-cf\"><div class=\"g-cols vc_row via_grid cols_1 laptops-cols_inherit tablets-cols_inherit mobiles-cols_1 valign_top type_default stacking_default\"><div class=\"wpb_column vc_column_container\"><div class=\"vc_column-inner\"><h1 class=\"w-post-elm post_title us_custom_a574d586 has_text_color entry-title\">Wiesbaden ca loca\u021bie de afaceri atractiv\u0103<\/h1><div class=\"w-separator size_medium\"><\/div><div class=\"g-cols wpb_row via_grid cols_2-1 laptops-cols_inherit tablets-cols_inherit mobiles-cols_1 valign_top type_default stacking_default\" style=\"--columns-gap:3rem;\"><div class=\"wpb_column vc_column_container\"><div class=\"vc_column-inner\"><div class=\"wpb_text_column us_custom_8b3d6790 has_text_color\"><div class=\"wpb_wrapper\"><p><span style=\"font-weight: 400;\">O economie local\u0103 puternic\u0103 asigur\u0103 locuri de munc\u0103 bune, inovare \u0219i calitatea vie\u021bii, iar deciziile municipale joac\u0103 un rol esen\u021bial \u00een acest sens. GR\u00dcNE proiecteaz\u0103 \u00een mod strategic spa\u021bii comerciale, promoveaz\u0103 \u00eentreprinderile nou-\u00eenfiin\u021bate, digitalizarea \u0219i dezvoltarea lucr\u0103torilor califica\u021bi, sprijin\u0103 cre\u0219terea durabil\u0103 \u0219i \u00eentreprinderile care economisesc resurse. \u00cen acela\u0219i timp, consolid\u0103m diversitatea, participarea social\u0103 \u0219i cooperarea cu me\u0219te\u0219ugurile, industria, educa\u021bia \u0219i cultura. Prin proiectarea activ\u0103 a centrului ora\u0219ului, cooperarea intercomunitar\u0103 \u0219i investi\u021biile specifice, cre\u0103m un mediu atractiv at\u00e2t pentru \u00eentreprinderi, c\u00e2t \u0219i pentru cet\u0103\u021beni. Obiectivul nostru: Pozi\u021biona\u021bi Wiesbaden ca o loca\u021bie rezilient\u0103, inovatoare, responsabil\u0103 din punct de vedere ecologic \u0219i vibrant\u0103, care combin\u0103 \u00een mod durabil afacerile, ocuparea for\u021bei de munc\u0103 \u0219i calitatea vie\u021bii.<\/span><\/p>\n<\/div><\/div><div class=\"w-separator size_medium\"><\/div><div class=\"w-btn-wrapper align_left\"><a class=\"w-btn us-btn-style_8 icon_atleft\" href=\"https:\/\/gruene-wiesbaden.de\/ro\/kommunalwahl\/#Kapitel3\"><i class=\"fas fa-chevron-circle-right\"><\/i><span class=\"w-btn-label\">\u00cenapoi la prezentare general\u0103<\/span><\/a><\/div><\/div><\/div><div class=\"wpb_column vc_column_container\"><div class=\"vc_column-inner\"><div class=\"w-image align_center\"><div class=\"w-image-h\"><img decoding=\"async\" width=\"2560\" height=\"1707\" src=\"https:\/\/gruene-wiesbaden.de\/wp-content\/uploads\/2025\/11\/3.2-Wiesbaden-als-attraktiver-Wirtschaftsstandort-scaled.jpg\" class=\"attachment-full size-full\" alt=\"\" loading=\"lazy\" srcset=\"https:\/\/gruene-wiesbaden.de\/wp-content\/uploads\/2025\/11\/3.2-Wiesbaden-als-attraktiver-Wirtschaftsstandort-scaled.jpg 2560w, https:\/\/gruene-wiesbaden.de\/wp-content\/uploads\/2025\/11\/3.2-Wiesbaden-als-attraktiver-Wirtschaftsstandort-400x267.jpg 400w, https:\/\/gruene-wiesbaden.de\/wp-content\/uploads\/2025\/11\/3.2-Wiesbaden-als-attraktiver-Wirtschaftsstandort-600x400.jpg 600w\" sizes=\"auto, (max-width: 2560px) 100vw, 2560px\" \/><\/div><\/div><div class=\"w-separator size_small\"><\/div><\/div><\/div><\/div><div class=\"w-separator size_medium\"><\/div><div class=\"w-separator size_medium\"><\/div><div class=\"wpb_text_column\"><div class=\"wpb_wrapper\"><h1>Ceea ce consider\u0103m a fi o loca\u021bie de afaceri atractiv\u0103 \u0219i durabil\u0103<\/h1>\n<\/div><\/div><div class=\"w-separator size_large\"><\/div><div class=\"g-cols wpb_row via_grid cols_2 laptops-cols_inherit tablets-cols_inherit mobiles-cols_1 valign_top type_default stacking_default\" style=\"--columns-gap:3rem;\"><div class=\"wpb_column vc_column_container\"><div class=\"vc_column-inner\"><div class=\"w-iconbox us_custom_8b3d6790 has_text_color iconpos_left style_default color_custom align_left\"><div class=\"w-iconbox-icon\" style=\"font-size:2rem;--icon-color:#Ffffff;--icon-bg-color:var(--color-header-middle-bg);\"><i class=\"fas fa-layer-group\"><\/i><\/div><div class=\"w-iconbox-meta\"><h4 class=\"w-iconbox-title\" style=\"font-size:1.5rem;\">Diversitate \u0219i rezilien\u021b\u0103<\/h4><div class=\"w-iconbox-text\"><p><span style=\"font-weight: 400;\">\u00centreprinderile stabilite dintr-o gam\u0103 larg\u0103 de industrii \u0219i un mediu favorabil \u00eentreprinderilor nou-\u00eenfiin\u021bate \u0219i inov\u0103rii consolideaz\u0103 rezilien\u021ba economiei noastre locale.<\/span><\/p>\n<\/div><\/div><\/div><\/div><\/div><div class=\"wpb_column vc_column_container\"><div class=\"vc_column-inner\"><div class=\"w-iconbox us_custom_8b3d6790 has_text_color iconpos_left style_default color_custom align_left\"><div class=\"w-iconbox-icon\" style=\"font-size:2rem;--icon-color:#Ffffff;--icon-bg-color:var(--color-header-transparent-text);\"><i class=\"fas fa-layer-group\"><\/i><\/div><div class=\"w-iconbox-meta\"><h4 class=\"w-iconbox-title\" style=\"font-size:1.5rem;\">Durabilitatea \u0219i sensibilizarea cu privire la mediu<\/h4><div class=\"w-iconbox-text\"><p><span style=\"font-weight: 400;\">Disponibilitatea energiei neutre din punct de vedere climatic, ofertele de mobilitate durabil\u0103 \u0219i o utilizare eficient\u0103 a poten\u021bialului funciar existent sunt condi\u021bii prealabile importante pentru o cre\u0219tere durabil\u0103 \u0219i o dezvoltare economic\u0103 responsabil\u0103 din punct de vedere ecologic.<\/span><\/p>\n<\/div><\/div><\/div><\/div><\/div><\/div><div class=\"w-separator size_medium\"><\/div><div class=\"g-cols wpb_row via_grid cols_2 laptops-cols_inherit tablets-cols_inherit mobiles-cols_1 valign_top type_default stacking_default\" style=\"--columns-gap:3rem;\"><div class=\"wpb_column vc_column_container\"><div class=\"vc_column-inner\"><div class=\"w-iconbox us_custom_8b3d6790 has_text_color iconpos_left style_default color_custom align_left\"><div class=\"w-iconbox-icon\" style=\"font-size:2rem;--icon-color:#Ffffff;--icon-bg-color:var(--color-header-transparent-text);\"><i class=\"fas fa-layer-group\"><\/i><\/div><div class=\"w-iconbox-meta\"><h4 class=\"w-iconbox-title\" style=\"font-size:1.5rem;\">Egalitatea de \u0219anse \u0219i participarea<\/h4><div class=\"w-iconbox-text\"><p><span style=\"font-weight: 400;\">Achizi\u021biile publice echitabile, sprijinul personalizat pentru fondatori, recrutarea de tineri talenta\u021bi \u0219i de lucr\u0103tori califica\u021bi, precum \u0219i sprijinul pentru inova\u021biile sociale asigur\u0103 \u0219anse economice egale.<\/span><\/p>\n<\/div><\/div><\/div><\/div><\/div><div class=\"wpb_column vc_column_container\"><div class=\"vc_column-inner\"><div class=\"w-iconbox us_custom_8b3d6790 has_text_color iconpos_left style_default color_custom align_left\"><div class=\"w-iconbox-icon\" style=\"font-size:2rem;--icon-color:#Ffffff;--icon-bg-color:var(--color-header-middle-bg);\"><i class=\"fas fa-layer-group\"><\/i><\/div><div class=\"w-iconbox-meta\"><h4 class=\"w-iconbox-title\" style=\"font-size:1.5rem;\">Inovarea \u0219i digitalizarea<\/h4><div class=\"w-iconbox-text\"><p><span style=\"font-weight: 400;\">\u00centreprinderile nou-\u00eenfiin\u021bate, \u00eentreprinderile din domeniul tehnologiei, proiectele privind ora\u0219ele inteligente \u0219i serviciile digitale promoveaz\u0103 viabilitatea viitoare, crearea de re\u021bele \u0219i competitivitatea economic\u0103.<\/span><\/p>\n<\/div><\/div><\/div><\/div><\/div><\/div><div class=\"w-separator size_medium\"><\/div><div class=\"g-cols wpb_row via_grid cols_2 laptops-cols_inherit tablets-cols_inherit mobiles-cols_1 valign_top type_default stacking_default\" style=\"--columns-gap:3rem;\"><div class=\"wpb_column vc_column_container\"><div class=\"vc_column-inner\"><div class=\"w-iconbox us_custom_8b3d6790 has_text_color iconpos_left style_default color_custom align_left\"><div class=\"w-iconbox-icon\" style=\"font-size:2rem;--icon-color:#Ffffff;--icon-bg-color:var(--color-header-middle-bg);\"><i class=\"fas fa-layer-group\"><\/i><\/div><div class=\"w-iconbox-meta\"><h4 class=\"w-iconbox-title\" style=\"font-size:1.5rem;\">Management strategic \u0219i cooperare<\/h4><div class=\"w-iconbox-text\"><p><span style=\"font-weight: 400;\">Dezvoltarea zonei vizate, cooperarea intermunicipal\u0103 \u0219i proiectarea activ\u0103 a ora\u0219ului interior permit utilizarea eficient\u0103 a resurselor \u0219i consolideaz\u0103 Wiesbaden ca loca\u021bie.<\/span><\/p>\n<\/div><\/div><\/div><\/div><\/div><div class=\"wpb_column vc_column_container\"><div class=\"vc_column-inner\"><div class=\"w-iconbox us_custom_8b3d6790 has_text_color iconpos_left style_default color_custom align_left\"><div class=\"w-iconbox-icon\" style=\"font-size:2rem;--icon-color:#Ffffff;--icon-bg-color:var(--color-header-transparent-text);\"><i class=\"fas fa-layer-group\"><\/i><\/div><div class=\"w-iconbox-meta\"><h4 class=\"w-iconbox-title\" style=\"font-size:1.5rem;\">Vitalitate economic\u0103 prin creativitate \u0219i spirit antreprenorial<\/h4><div class=\"w-iconbox-text\"><p><span style=\"font-weight: 400;\">Proiectele pop-up, incubatoarele \u0219i revigorarea cultural\u0103 a ora\u0219ului interior promoveaz\u0103 economia local\u0103, ocuparea for\u021bei de munc\u0103 \u0219i cultura inov\u0103rii.<\/span><\/p>\n<\/div><\/div><\/div><\/div><\/div><\/div><div class=\"w-separator size_medium\"><\/div><div class=\"g-cols wpb_row via_grid cols_2 laptops-cols_inherit tablets-cols_inherit mobiles-cols_1 valign_top type_default stacking_default\" style=\"--columns-gap:3rem;\"><div class=\"wpb_column vc_column_container\"><div class=\"vc_column-inner\"><div class=\"w-iconbox us_custom_8b3d6790 has_text_color iconpos_left style_default color_custom align_left\"><div class=\"w-iconbox-icon\" style=\"font-size:2rem;--icon-color:#Ffffff;--icon-bg-color:var(--color-header-transparent-text);\"><i class=\"fas fa-layer-group\"><\/i><\/div><div class=\"w-iconbox-meta\"><h4 class=\"w-iconbox-title\" style=\"font-size:1.5rem;\">Asisten\u021ba medical\u0103 ca motor al cre\u0219terii economice<\/h4><div class=\"w-iconbox-text\"><p><span style=\"font-weight: 400;\">Promovarea infrastructurii medicale, prevenirea \u0219i inovarea consolideaz\u0103 o industrie durabil\u0103, orientat\u0103 spre viitor.<\/span><\/p>\n<\/div><\/div><\/div><\/div><\/div><div class=\"wpb_column vc_column_container\"><div class=\"vc_column-inner\"><\/div><\/div><\/div><div class=\"w-separator size_medium\"><\/div><div class=\"w-btn-wrapper align_left\"><a class=\"w-btn us-btn-style_8 icon_atleft\" href=\"https:\/\/gruene-wiesbaden.de\/ro\/kommunalwahl\/#Kapitel3\"><i class=\"fas fa-chevron-circle-right\"><\/i><span class=\"w-btn-label\">\u00cenapoi la prezentare general\u0103<\/span><\/a><\/div><div class=\"w-separator size_medium\"><\/div><\/div><\/div><\/div><\/div><\/section><section class=\"l-section wpb_row height_auto with_img\"><div class=\"l-section-img\" role=\"img\" data-img-width=\"2560\" data-img-height=\"1707\" style=\"background-image: url(https:\/\/gruene-wiesbaden.de\/wp-content\/uploads\/2025\/11\/3.2-Wiesbaden-als-attraktiver-Wirtschaftsstandort-scaled.jpg);background-repeat: no-repeat;\"><\/div><div class=\"l-section-overlay\" style=\"background:var(--color-header-top-transparent-bg)\"><\/div><div class=\"l-section-h i-cf\"><div class=\"g-cols vc_row via_grid cols_1 laptops-cols_inherit tablets-cols_inherit mobiles-cols_1 valign_middle type_default stacking_default\" style=\"--columns-gap:1rem;\"><div class=\"wpb_column vc_column_container\"><div class=\"vc_column-inner\"><div class=\"w-separator size_large\"><\/div><div class=\"wpb_text_column background_inside_text\"><div class=\"wpb_wrapper\"><h1>Ce vrem s\u0103 facem \u00een mod special \u00een acest domeniu<\/h1>\n<\/div><\/div><div class=\"w-separator size_medium\"><\/div><div class=\"w-tabs us_custom_42d693a0 has_text_color style_default switch_click accordion has_scrolling\" style=\"--sections-title-size:1.4rem\"><div class=\"w-tabs-sections titles-align_none icon_chevron cpos_right\"><div class=\"w-tabs-section has_text_color\" id=\"d308\" style=\"background:var(--color-header-transparent-text);color:var(--color-header-top-text-hover);\"><button class=\"w-tabs-section-header\" aria-controls=\"content-d308\" aria-expanded=\"false\"><div class=\"w-tabs-section-title\">Rezilien\u021b\u0103 prin diversitate<\/div><div class=\"w-tabs-section-control\"><\/div><\/button><div  class=\"w-tabs-section-content\" id=\"content-d308\"><div class=\"w-tabs-section-content-h i-cf\"><div class=\"wpb_text_column\"><div class=\"wpb_wrapper\"><p><span style=\"font-weight: 400;\">Economia Wiesbaden este caracterizat\u0103 de o mare varietate de industrii pe care dorim s\u0103 le p\u0103str\u0103m. Acest lucru asigur\u0103 rezilien\u021ba \u00een perioade de criz\u0103. Printre acestea se num\u0103r\u0103 finan\u021bele \u0219i asigur\u0103rile, industria, asisten\u021ba medical\u0103, industriile creative, printre altele.<\/span><\/p>\n<\/div><\/div><\/div><\/div><\/div><div class=\"w-tabs-section has_text_color\" id=\"o43e\" style=\"background:var(--color-header-transparent-text);color:var(--color-header-top-text-hover);\"><button class=\"w-tabs-section-header\" aria-controls=\"content-o43e\" aria-expanded=\"false\"><div class=\"w-tabs-section-title\">Promovarea cre\u0219terii eficiente din punctul de vedere al utiliz\u0103rii resurselor a economiei locale<\/div><div class=\"w-tabs-section-control\"><\/div><\/button><div  class=\"w-tabs-section-content\" id=\"content-o43e\"><div class=\"w-tabs-section-content-h i-cf\"><div class=\"wpb_text_column\"><div class=\"wpb_wrapper\"><p><span style=\"font-weight: 400;\">Noi, Verzii, dorim s\u0103 promov\u0103m transformarea \u0219i s\u0103 sprijinim tranzi\u021bia c\u0103tre energii neutre din punct de vedere climatic, precum \u0219i transformarea digital\u0103. Vrem s\u0103 inspir\u0103m companiile din aceste zone pentru Wiesbaden.<\/span><\/p>\n<\/div><\/div><\/div><\/div><\/div><div class=\"w-tabs-section has_text_color\" id=\"r563\" style=\"background:var(--color-header-transparent-text);color:var(--color-header-top-text-hover);\"><button class=\"w-tabs-section-header\" aria-controls=\"content-r563\" aria-expanded=\"false\"><div class=\"w-tabs-section-title\">\u00cembun\u0103t\u0103\u021bi\u021bi \u00een mod cuprinz\u0103tor condi\u021biile de localizare<\/div><div class=\"w-tabs-section-control\"><\/div><\/button><div  class=\"w-tabs-section-content\" id=\"content-r563\"><div class=\"w-tabs-section-content-h i-cf\"><div class=\"wpb_text_column\"><div class=\"wpb_wrapper\"><p><span style=\"font-weight: 400;\">\u00cen\u021belegem condi\u021biile bune de localizare \u00een mod cuprinz\u0103tor. Pe l\u00e2ng\u0103 spa\u021biul comercial disponibil, aceasta include o bun\u0103 infrastructur\u0103 de transport (inclusiv rute bune de transport public \u0219i ciclism), o aprovizionare cu energie sigur\u0103 \u0219i la pre\u021buri accesibile, procese de aprobare mai rapide \u00een ora\u0219, de exemplu prin digitalizare, oportunit\u0103\u021bi de angajare \u0219i de studiu pentru tineri, precum \u0219i tot ceea ce men\u021bine lucr\u0103tori califica\u021bi \u00een ora\u0219ul nostru: apartamente la pre\u021buri accesibile, \u0219coli bune \u0219i facilit\u0103\u021bi de \u00eengrijire a copiilor, o ofert\u0103 cultural\u0103 \u0219i de agrement atractiv\u0103, aer curat, mult\u0103 verdea\u021b\u0103 \u0219i un spa\u021biu public locuibil.<\/span><\/p>\n<\/div><\/div><\/div><\/div><\/div><div class=\"w-tabs-section has_text_color\" id=\"f6a5\" style=\"background:var(--color-header-middle-bg);color:var(--color-content-heading);\"><button class=\"w-tabs-section-header\" aria-controls=\"content-f6a5\" aria-expanded=\"false\"><div class=\"w-tabs-section-title\">Promovarea Wiesbaden ca loca\u021bie de pornire<\/div><div class=\"w-tabs-section-control\"><\/div><\/button><div  class=\"w-tabs-section-content\" id=\"content-f6a5\"><div class=\"w-tabs-section-content-h i-cf\"><div class=\"wpb_text_column\"><div class=\"wpb_wrapper\"><p><span style=\"font-weight: 400;\">O scen\u0103 vibrant\u0103 \u0219i inovatoare de pornire inspir\u0103 economia. Dar fondatorii au nevoie, de asemenea, de sfaturi personalizate \u0219i de sprijin pe calea de a deveni o companie de succes. Dorim s\u0103 consolid\u0103m \u0219i s\u0103 perpetu\u0103m \u00een continuare ecosistemul fondatorilor, pe care l-am lansat deja \u00een ultima legislatur\u0103, \u00eempreun\u0103 cu actorii de pe scena \u00eentreprinderilor nou-\u00eenfiin\u021bate. \u00cen cadrul Centrului pentru \u00eentreprinderi nou-\u00eenfiin\u021bate \u0219i inovare \u201eHeimathafen\u201d (Curtea Veche), un centru de \u00eentreprinderi nou-\u00eenfiin\u021bate sociale \u0219i durabile urmeaz\u0103 s\u0103 se dezvolte ca nucleu pentru noi solu\u021bii antreprenoriale pentru viitoarele sarcini sociale. Alte subiecte includ birouri ieftine pentru fondatori, de exemplu \u00een blocul de start-up, precum \u0219i sprijinirea succesiunilor de companii.<\/span><\/p>\n<\/div><\/div><\/div><\/div><\/div><div class=\"w-tabs-section has_text_color\" id=\"b7dd\" style=\"background:var(--color-header-transparent-text);color:var(--color-header-top-text-hover);\"><button class=\"w-tabs-section-header\" aria-controls=\"content-b7dd\" aria-expanded=\"false\"><div class=\"w-tabs-section-title\">Gestiona\u021bi strategic configurarea afacerii<\/div><div class=\"w-tabs-section-control\"><\/div><\/button><div  class=\"w-tabs-section-content\" id=\"content-b7dd\"><div class=\"w-tabs-section-content-h i-cf\"><div class=\"wpb_text_column\"><div class=\"wpb_wrapper\"><p><span style=\"font-weight: 400;\">Zonele sunt o marf\u0103 rar\u0103 \u00een regiunea noastr\u0103 foarte condensat\u0103. Prin urmare, dorim s\u0103 dezvolt\u0103m \u00een continuare profilul loca\u021biei noastre \u0219i s\u0103 extindem punctele forte existente. Cu ajutorul conceptului deja stabilit de dezvoltare a spa\u021biului comercial, dorim s\u0103 punem \u00een comun resursele, s\u0103 dezvolt\u0103m un management al a\u0219ez\u0103rilor orientat strategic \u0219i s\u0103 definim criterii pentru alocarea spa\u021biului comercial urban. \u00cen acest context, criteriile sociale \u0219i ecologice, precum \u0219i criteriile de durabilitate economic\u0103 ar trebui s\u0103 joace un rol important.<\/span><\/p>\n<\/div><\/div><\/div><\/div><\/div><div class=\"w-tabs-section has_text_color\" id=\"l8fd\" style=\"background:var(--color-header-middle-bg);color:var(--color-header-middle-text);\"><button class=\"w-tabs-section-header\" aria-controls=\"content-l8fd\" aria-expanded=\"false\"><div class=\"w-tabs-section-title\">Dezvoltarea zonelor industriale \u00eentr-un mod durabil<\/div><div class=\"w-tabs-section-control\"><\/div><\/button><div  class=\"w-tabs-section-content\" id=\"content-l8fd\"><div class=\"w-tabs-section-content-h i-cf\"><div class=\"wpb_text_column\"><div class=\"wpb_wrapper\"><p><span style=\"font-weight: 400;\">Noi, Verzii, dorim s\u0103 dezvolt\u0103m \u00een mod durabil zone industriale mai pu\u021bin utilizate (de exemplu, pe Petersweg) \u0219i s\u0103 cre\u0103m mai mult spa\u021biu \u0219i poten\u021bial spa\u021bial, de exemplu prin cre\u0219terea dimensiunii zonei. Putem folosi facilit\u0103\u021bile de parcare mai eficient, de exemplu prin intermediul parc\u0103rilor centrale. \u00cen plus, trebuie desemnate noi spa\u021bii comerciale.<\/span><\/p>\n<\/div><\/div><\/div><\/div><\/div><div class=\"w-tabs-section has_text_color\" id=\"ma3b\" style=\"background:var(--color-header-transparent-text);color:var(--color-header-top-text-hover);\"><button class=\"w-tabs-section-header\" aria-controls=\"content-ma3b\" aria-expanded=\"false\"><div class=\"w-tabs-section-title\">Promovarea cooper\u0103rii intercomunitare<\/div><div class=\"w-tabs-section-control\"><\/div><\/button><div  class=\"w-tabs-section-content\" id=\"content-ma3b\"><div class=\"w-tabs-section-content-h i-cf\"><div class=\"wpb_text_column\"><div class=\"wpb_wrapper\"><p><span style=\"font-weight: 400;\">Revendicarea noastr\u0103 este: G\u00e2ndirea \u00een afara cadrului, punerea \u00een comun a resurselor \u0219i exploatarea sinergiilor \u00een regiune, inclusiv pe Rin. Acest lucru se face deja, de exemplu, \u00een turism (funda\u021bia destina\u021biei Wiesbaden-Rheingau) sau la centrala bioelectric\u0103 comun\u0103. De asemenea, depunem eforturi pentru cooperarea intercomunitar\u0103 \u00een dezvoltarea zonelor comerciale (de exemplu, la noua intersec\u021bie S-Bahn Wallauer Spange).<\/span><\/p>\n<\/div><\/div><\/div><\/div><\/div><div class=\"w-tabs-section has_text_color\" id=\"kb84\" style=\"background:var(--color-header-transparent-text);color:var(--color-header-top-text-hover);\"><button class=\"w-tabs-section-header\" aria-controls=\"content-kb84\" aria-expanded=\"false\"><div class=\"w-tabs-section-title\">S\u0103 \u00eenso\u021beasc\u0103 activ schimbarea centrului ora\u0219ului<\/div><div class=\"w-tabs-section-control\"><\/div><\/button><div  class=\"w-tabs-section-content\" id=\"content-kb84\"><div class=\"w-tabs-section-content-h i-cf\"><div class=\"wpb_text_column\"><div class=\"wpb_wrapper\"><p><span style=\"font-weight: 400;\">Viitorul centrului ora\u0219ului \u0219i al centrelor districtelor const\u0103 \u00eentr-o nou\u0103 combina\u021bie de utiliz\u0103ri: Mai mult\u0103 gastronomie, educa\u021bie, cultur\u0103 \u0219i locuin\u021be, dar \u0219i utiliz\u0103ri publice, precum \u0219i noi concepte creative de v\u00e2nzare cu am\u0103nuntul. Ne angaj\u0103m s\u0103 ne asigur\u0103m c\u0103 municipalitatea joac\u0103 un rol activ \u0219i strategic \u00een acest proces de schimbare.<\/span><\/p>\n<p><span style=\"font-weight: 400;\">Cu toate acestea, cl\u0103dirile goale (de exemplu, fosta Galerie) nu pot fi cump\u0103rate \u0219i dezvoltate de ora\u0219. Prin urmare, sprijinim toate eforturile de restabilire a comer\u021bului \u00een aceste loca\u021bii \u0219i, de asemenea, de combinare a acestuia cu utiliz\u0103rile publice. Reunim diver\u0219i actori, utiliz\u0103m programe de finan\u021bare, stabilim o gestionare integrat\u0103 a locurilor de munc\u0103 vacante \u0219i a a\u0219ez\u0103rilor \u0219i facem spa\u021biul public mai ecologic \u0219i mai locuibil.<\/span><\/p>\n<\/div><\/div><\/div><\/div><\/div><div class=\"w-tabs-section has_text_color\" id=\"hca6\" style=\"background:var(--color-header-transparent-text);color:var(--color-header-top-text-hover);\"><button class=\"w-tabs-section-header\" aria-controls=\"content-hca6\" aria-expanded=\"false\"><div class=\"w-tabs-section-title\">Combaterea locurilor de munc\u0103 vacante \u00een domeniul imobiliar comercial<\/div><div class=\"w-tabs-section-control\"><\/div><\/button><div  class=\"w-tabs-section-content\" id=\"content-hca6\"><div class=\"w-tabs-section-content-h i-cf\"><div class=\"wpb_text_column\"><div class=\"wpb_wrapper\"><p><span style=\"font-weight: 400;\">Prin utilizarea temporar\u0103 a afacerilor vacante \u00een conformitate cu principiul pop-up, asigur\u0103m o revigorare \u00eempreun\u0103 cu cet\u0103\u021benii \u0219i ini\u021biativele angajate. Aici, marele poten\u021bial al proiectelor culturale \u0219i de construire a comunit\u0103\u021bii devine vizibil.<\/span><\/p>\n<\/div><\/div><\/div><\/div><\/div><div class=\"w-tabs-section has_text_color\" id=\"xddc\" style=\"background:var(--color-header-transparent-text);color:var(--color-header-top-text-hover);\"><button class=\"w-tabs-section-header\" aria-controls=\"content-xddc\" aria-expanded=\"false\"><div class=\"w-tabs-section-title\">Stabilirea statutelor de preemp\u021biune pentru centrul ora\u0219ului<\/div><div class=\"w-tabs-section-control\"><\/div><\/button><div  class=\"w-tabs-section-content\" id=\"content-xddc\"><div class=\"w-tabs-section-content-h i-cf\"><div class=\"wpb_text_column\"><div class=\"wpb_wrapper\"><p><span style=\"font-weight: 400;\">Proprietatea imobiliar\u0103 este un factor central \u00een dezvoltarea urban\u0103. Cu un statut al dreptului de preemp\u021biune \u00een conformitate cu \u00a725 BauGB, dorim s\u0103 c\u00e2\u0219tig\u0103m influen\u021b\u0103 urban\u0103 asupra zonelor importante din punct de vedere strategic din centrul ora\u0219ului \u0219i din alte districte adecvate \u0219i s\u0103 rupem ciclurile speculative.<\/span><\/p>\n<\/div><\/div><\/div><\/div><\/div><div class=\"w-tabs-section has_text_color\" id=\"pf14\" style=\"background:var(--color-header-transparent-text);color:var(--color-header-top-text-hover);\"><button class=\"w-tabs-section-header\" aria-controls=\"content-pf14\" aria-expanded=\"false\"><div class=\"w-tabs-section-title\">Consolidarea industriei de asisten\u021b\u0103 medical\u0103 ca profil de loca\u021bie<\/div><div class=\"w-tabs-section-control\"><\/div><\/button><div  class=\"w-tabs-section-content\" id=\"content-pf14\"><div class=\"w-tabs-section-content-h i-cf\"><div class=\"wpb_text_column\"><div class=\"wpb_wrapper\"><p><span style=\"font-weight: 400;\">Wiesbaden are un poten\u021bial puternic \u00een industria de asisten\u021b\u0103 medical\u0103, cu clinici sale, facilit\u0103\u021bi de reabilitare, b\u0103i \u0219i sectorul industrial de s\u0103n\u0103tate. Prin \u201ePlanul general pentru economia s\u0103n\u0103t\u0103\u021bii\u201d, dorim s\u0103 ne asigur\u0103m c\u0103 sectorul s\u0103n\u0103t\u0103\u021bii din Wiesbaden este pozi\u021bionat pentru viitor. Aceasta include crearea de re\u021bele \u00eentre participan\u021bi, coordonarea proceselor \u0219i planificarea urban\u0103 a zonelor de dezvoltare. Astfel, planul reune\u0219te politica, furnizorii de servicii medicale, mediul de afaceri \u0219i cercetarea pentru a consolida Wiesbaden ca loca\u021bie de afaceri \u00een sectorul s\u0103n\u0103t\u0103\u021bii \u0219i, \u00een acela\u0219i timp, pentru a asigura \u0219i \u00eembun\u0103t\u0103\u021bi \u00eengrijirea medical\u0103 a oamenilor.<\/span><\/p>\n<\/div><\/div><\/div><\/div><\/div><\/div><\/div><div class=\"w-separator size_medium\"><\/div><div class=\"w-btn-wrapper align_left\"><a class=\"w-btn us-btn-style_8 icon_atleft\" href=\"https:\/\/gruene-wiesbaden.de\/ro\/kommunalwahl\/#Kapitel3\"><i class=\"fas fa-chevron-circle-right\"><\/i><span class=\"w-btn-label\">\u00cenapoi la prezentare general\u0103<\/span><\/a><\/div><div class=\"w-separator size_large\"><\/div><div class=\"wpb_text_column\"><div class=\"wpb_wrapper\"><h1>Ceea ce am realizat deja<\/h1>\n<\/div><\/div><div class=\"w-separator size_medium\"><\/div><div class=\"w-tabs us_custom_42d693a0 has_text_color style_default switch_click accordion has_scrolling\" style=\"--sections-title-size:1.4rem\"><div class=\"w-tabs-sections titles-align_none icon_chevron cpos_right\"><div class=\"w-tabs-section has_text_color\" id=\"y5a0\" style=\"background:var(--color-header-transparent-text);color:var(--color-header-top-text-hover);\"><button class=\"w-tabs-section-header\" aria-controls=\"content-y5a0\" aria-expanded=\"false\"><div class=\"w-tabs-section-title\">Conceptul de dezvoltare a spa\u021biului comercial GEKO 2040<\/div><div class=\"w-tabs-section-control\"><\/div><\/button><div  class=\"w-tabs-section-content\" id=\"content-y5a0\"><div class=\"w-tabs-section-content-h i-cf\"><div class=\"wpb_text_column\"><div class=\"wpb_wrapper\"><p><span style=\"font-weight: 400;\">Cu GEKO 2040, Wiesbaden are pentru prima dat\u0103 un concept strategic pentru controlul sistematic \u0219i durabil al dezvolt\u0103rii spa\u021biului comercial. Aceasta va analiza terenurile existente, va identifica nevoile viitoare \u0219i va elabora criterii pentru o utilizare viabil\u0103 din punct de vedere ecologic, social \u0219i economic. \u00cen acest fel, prevenim impermeabilizarea terenurilor, consolid\u0103m stabilirea \u00eentreprinderilor durabile \u0219i asigur\u0103m locuri de munc\u0103 bune la fa\u021ba locului. GEKO 2040 este un element central pentru o politic\u0103 economic\u0103 rezilient\u0103 \u0219i favorabil\u0103 climei \u00een ora\u0219ul nostru.<\/span><\/p>\n<\/div><\/div><\/div><\/div><\/div><div class=\"w-tabs-section has_text_color\" id=\"q6c4\" style=\"background:var(--color-header-transparent-text);color:var(--color-header-top-text-hover);\"><button class=\"w-tabs-section-header\" aria-controls=\"content-q6c4\" aria-expanded=\"false\"><div class=\"w-tabs-section-title\">Consiliul consultativ industrial<\/div><div class=\"w-tabs-section-control\"><\/div><\/button><div  class=\"w-tabs-section-content\" id=\"content-q6c4\"><div class=\"w-tabs-section-content-h i-cf\"><div class=\"wpb_text_column\"><div class=\"wpb_wrapper\"><p><span style=\"font-weight: 400;\">Cu Consiliul consultativ industrial ini\u021biat de ora\u0219ul Wiesbaden ca organism municipal, am creat un dialog obligatoriu \u00eentre politic\u0103, administra\u021bie \u0219i industrie. Condus de reprezentantul nostru verde \u0219i primar, Consiliul consultativ al industriei reune\u0219te \u00eentreprinderi, camere, sindicate \u0219i mediul academic pentru a colabora \u00een vederea unei transform\u0103ri economice durabile. \u00cen locul intereselor individuale, accentul se pune pe cooperare, protec\u021bia climei \u0219i asigurarea lucr\u0103torilor califica\u021bi. Acesta este modul \u00een care model\u0103m \u00een mod activ viitorul industriei din Wiesbaden \u2013 \u00een mod transparent, \u00een parteneriat \u0219i \u00een conformitate cu responsabilitatea fa\u021b\u0103 de mediu \u0219i justi\u021bia social\u0103.<\/span><\/p>\n<\/div><\/div><\/div><\/div><\/div><div class=\"w-tabs-section has_text_color\" id=\"i7e6\" style=\"background:var(--color-header-transparent-text);color:var(--color-header-top-text-hover);\"><button class=\"w-tabs-section-header\" aria-controls=\"content-i7e6\" aria-expanded=\"false\"><div class=\"w-tabs-section-title\">Consolidarea strategic\u0103 a Wiesbaden ca loca\u021bie industrial\u0103<\/div><div class=\"w-tabs-section-control\"><\/div><\/button><div  class=\"w-tabs-section-content\" id=\"content-i7e6\"><div class=\"w-tabs-section-content-h i-cf\"><div class=\"wpb_text_column\"><div class=\"wpb_wrapper\"><p><span style=\"font-weight: 400;\">Cu studiul industrial Wiesbaden, am analizat pentru prima dat\u0103 \u00een mod cuprinz\u0103tor nevoile \u0219i poten\u021bialul industriei noastre locale. Rezultatele vor fi disponibile p\u00e2n\u0103 la sf\u00e2r\u0219itul anului 2025. Scopul studiului este de a furniza date fiabile privind factorii de localizare, securizarea lucr\u0103torilor califica\u021bi \u0219i tendin\u021bele de dezvoltare. Pe baza acestora, putem ob\u021bine recomand\u0103ri concrete de ac\u021biune \u0219i le putem integra \u00een politica economic\u0103 local\u0103. \u00cen acest fel, consolid\u0103m competitivitatea industriei Wiesbaden, asigur\u0103m locuri de munc\u0103, promov\u0103m inovarea \u0219i cre\u0103m baza pentru o industrie durabil\u0103 \u0219i durabil\u0103 \u00een Wiesbaden.<\/span><\/p>\n<\/div><\/div><\/div><\/div><\/div><div class=\"w-tabs-section has_text_color\" id=\"q90e\" style=\"background:var(--color-header-middle-bg);color:var(--color-content-heading);\"><button class=\"w-tabs-section-header\" aria-controls=\"content-q90e\" aria-expanded=\"false\"><div class=\"w-tabs-section-title\">Tailwind pentru startup-uri<\/div><div class=\"w-tabs-section-control\"><\/div><\/button><div  class=\"w-tabs-section-content\" id=\"content-q90e\"><div class=\"w-tabs-section-content-h i-cf\"><div class=\"wpb_text_column\"><div class=\"wpb_wrapper\"><p><span style=\"font-weight: 400;\">Wiesbaden a ajuns pe harta hotspoturilor fondatoare: Acest lucru este asigurat de oferte de sprijin personalizate, de o re\u021bea larg\u0103, de contacte cu investitorii \u0219i de Curtea Veche ca centru de inovare.<\/span><\/p>\n<\/div><\/div><\/div><\/div><\/div><div class=\"w-tabs-section has_text_color\" id=\"ga61\" style=\"background:var(--color-header-transparent-text);color:var(--color-header-top-text-hover);\"><button class=\"w-tabs-section-header\" aria-controls=\"content-ga61\" aria-expanded=\"false\"><div class=\"w-tabs-section-title\">Grant de \u00eenfiin\u021bare InnoStartWi<\/div><div class=\"w-tabs-section-control\"><\/div><\/button><div  class=\"w-tabs-section-content\" id=\"content-ga61\"><div class=\"w-tabs-section-content-h i-cf\"><div class=\"wpb_text_column\"><div class=\"wpb_wrapper\"><p><span style=\"font-weight: 400;\">Cu ajutorul grantului de start-up InnoStartWi, ora\u0219ul nostru sprijin\u0103 \u00een mod special persoanele care doresc s\u0103 \u00eenceap\u0103 idei de afaceri inovatoare, durabile sau sociale \u00een Wiesbaden. Ei primesc p\u00e2n\u0103 la 1.000 de euro pe lun\u0103 timp de dou\u0103sprezece luni pentru a-\u0219i pune \u00een aplicare ideile f\u0103r\u0103 presiune financiar\u0103. Acest lucru creeaz\u0103 un \u00eenceput echitabil pentru toat\u0103 lumea, indiferent de capitalul propriu. Acest lucru consolideaz\u0103 o cultur\u0103 divers\u0103 a \u00eentreprinderilor nou-\u00eenfiin\u021bate, promoveaz\u0103 idei de afaceri durabile \u0219i contribuie la asigurarea faptului c\u0103 Wiesbaden r\u0103m\u00e2ne o loca\u021bie atractiv\u0103 pentru \u00eentreprinderile orientate spre viitor.<\/span><\/p>\n<\/div><\/div><\/div><\/div><\/div><div class=\"w-tabs-section has_text_color\" id=\"fba1\" style=\"background:var(--color-header-transparent-text);color:var(--color-header-top-text-hover);\"><button class=\"w-tabs-section-header\" aria-controls=\"content-fba1\" aria-expanded=\"false\"><div class=\"w-tabs-section-title\">StartAward Wiesbaden 2024<\/div><div class=\"w-tabs-section-control\"><\/div><\/button><div  class=\"w-tabs-section-content\" id=\"content-fba1\"><div class=\"w-tabs-section-content-h i-cf\"><div class=\"wpb_text_column\"><div class=\"wpb_wrapper\"><p><span style=\"font-weight: 400;\">Cu StartAward 2024, am pus \u00een centrul aten\u021biei scena fondatorului Wiesbaden. Peste 55 de aplica\u021bii arat\u0103: Ora\u0219ul nostru este plin de min\u021bi inteligente, creative \u0219i antreprenoriale. Premiul recunoa\u0219te modelele de afaceri inovatoare care modeleaz\u0103 viitorul, fie \u00een domeniul durabilit\u0103\u021bii, al digitaliz\u0103rii sau al inov\u0103rii sociale. \u00cen special, premiul special \u201eImpact\u201d arat\u0103 c\u0103 succesul economic \u0219i valoarea ad\u0103ugat\u0103 social\u0103 merg m\u00e2n\u0103 \u00een m\u00e2n\u0103. \u00cen acest sens, stabilim un semnal verde pentru o economie responsabil\u0103, echitabil\u0103 \u0219i durabil\u0103.<\/span><\/p>\n<\/div><\/div><\/div><\/div><\/div><div class=\"w-tabs-section has_text_color\" id=\"gcc3\" style=\"background:var(--color-header-transparent-text);color:var(--color-header-top-text-hover);\"><button class=\"w-tabs-section-header\" aria-controls=\"content-gcc3\" aria-expanded=\"false\"><div class=\"w-tabs-section-title\">Makerspace Wiesbaden \u2013 sprijin municipal pentru creativitate \u0219i tehnologie<\/div><div class=\"w-tabs-section-control\"><\/div><\/button><div  class=\"w-tabs-section-content\" id=\"content-gcc3\"><div class=\"w-tabs-section-content-h i-cf\"><div class=\"wpb_text_column\"><div class=\"wpb_wrapper\"><p><span style=\"font-weight: 400;\">Makerspace Wiesbaden este sus\u021binut \u00een mod activ de ora\u0219: Fondurile municipale asigur\u0103 infrastructura, costurile de \u00eenchiriere \u0219i spa\u021biile publice \u00een care au loc ateliere, mese regulate \u0219i oferte de proiecte. De exemplu, ora\u0219ul permite studen\u021bilor, tinerilor adul\u021bi \u0219i pasiona\u021bilor de tehnologie s\u0103 \u00eenve\u021be \u00eentr-un mod practic, s\u0103 \u00ee\u0219i implementeze propriile idei \u0219i s\u0103 construiasc\u0103 re\u021bele. Politica creeaz\u0103 astfel un loc plin de via\u021b\u0103 de \u00eenv\u0103\u021bare \u0219i inovare, care \u00eent\u0103re\u0219te \u00een mod durabil entuziasmul tehnologic, creativitatea \u0219i comunitatea din Wiesbaden.<\/span><\/p>\n<\/div><\/div><\/div><\/div><\/div><div class=\"w-tabs-section has_text_color\" id=\"rded\" style=\"background:var(--color-header-transparent-text);color:var(--color-header-top-text-hover);\"><button class=\"w-tabs-section-header\" aria-controls=\"content-rded\" aria-expanded=\"false\"><div class=\"w-tabs-section-title\">Social &amp; Sustainability Hub - Promovarea fondatorilor prin intermediul strategiei municipale<\/div><div class=\"w-tabs-section-control\"><\/div><\/button><div  class=\"w-tabs-section-content\" id=\"content-rded\"><div class=\"w-tabs-section-content-h i-cf\"><div class=\"wpb_text_column\"><div class=\"wpb_wrapper\"><p><span style=\"font-weight: 400;\">Platforma social\u0103 \u0219i de durabilitate (S3HW) este rezultatul sprijinului municipal specific pentru \u00eentreprinderile nou-\u00eenfiin\u021bate: \u00cen 2024, ora\u0219ul a furnizat infrastructur\u0103, acces la re\u021bea \u0219i servicii de consiliere pentru a sprijini fondatorii cu orientare socioecologic\u0103. Aceste m\u0103suri consolideaz\u0103 Wiesbaden ca loc de inovare durabil\u0103, leag\u0103 dezvoltarea economic\u0103 local\u0103 de responsabilitatea ecologic\u0103 \u0219i social\u0103 \u0219i asigur\u0103 competitivitatea \u00eentreprinderilor tinere din regiune.<\/span><\/p>\n<\/div><\/div><\/div><\/div><\/div><div class=\"w-tabs-section has_text_color\" id=\"gf1d\" style=\"background:var(--color-header-transparent-text);color:var(--color-header-top-text-hover);\"><button class=\"w-tabs-section-header\" aria-controls=\"content-gf1d\" aria-expanded=\"false\"><div class=\"w-tabs-section-title\">Servicii digitale pentru companii<\/div><div class=\"w-tabs-section-control\"><\/div><\/button><div  class=\"w-tabs-section-content\" id=\"content-gf1d\"><div class=\"w-tabs-section-content-h i-cf\"><div class=\"wpb_text_column\"><div class=\"wpb_wrapper\"><p><span style=\"font-weight: 400;\">Wiesbaden sprijin\u0103 \u00een mod activ \u00eentreprinderile \u00een transformarea lor digital\u0103. \u00cen mai 2025, a fost prezentat\u0103 Agenda 2030 pentru artizanat de la Wiesbaden. Cu aceasta, consolid\u0103m afacerile artizanale ale ora\u0219ului nostru \u0219i le \u00eenso\u021bim \u00een mod specific \u00een digitalizare. Promoveaz\u0103 \u00een mod specific \u00eentreprinderile artizanale prin extinderea infrastructurii de fibr\u0103 optic\u0103 \u0219i dezvoltarea de solu\u021bii inovatoare pentru ora\u0219e inteligente.<\/span><\/p>\n<p><span style=\"font-weight: 400;\">\u00cen plus, \u00eencep\u00e2nd din 2025, contul companiei va introduce accesul digital central la serviciile urbane, permi\u021b\u00e2nd companiilor accesul direct \u0219i convenabil la toate serviciile relevante.<\/span><\/p>\n<\/div><\/div><\/div><\/div><\/div><div class=\"w-tabs-section has_text_color\" id=\"l040\" style=\"background:var(--color-header-transparent-text);color:var(--color-header-top-text-hover);\"><button class=\"w-tabs-section-header\" aria-controls=\"content-l040\" aria-expanded=\"false\"><div class=\"w-tabs-section-title\">Alian\u021ba WiTECH<\/div><div class=\"w-tabs-section-control\"><\/div><\/button><div  class=\"w-tabs-section-content\" id=\"content-l040\"><div class=\"w-tabs-section-content-h i-cf\"><div class=\"wpb_text_column\"><div class=\"wpb_wrapper\"><p><span style=\"font-weight: 400;\">Alian\u021ba WiTECH a fost lansat\u0103 \u00een ianuarie 2024. Acesta conecteaz\u0103 companiile de tehnologie \u0219i IT din Wiesbaden \u0219i promoveaz\u0103 proiecte inovatoare, digitale. Acest lucru creeaz\u0103 un ecosistem tehnologic local puternic, care sprijin\u0103 fondatorii, \u00eentreprinderile nou-\u00eenfiin\u021bate \u0219i companiile deopotriv\u0103 \u0219i consolideaz\u0103 ora\u0219ul ca loca\u021bie de inovare digital\u0103.<\/span><\/p>\n<\/div><\/div><\/div><\/div><\/div><div class=\"w-tabs-section has_text_color\" id=\"d17c\" style=\"background:var(--color-header-transparent-text);color:var(--color-header-top-text-hover);\"><button class=\"w-tabs-section-header\" aria-controls=\"content-d17c\" aria-expanded=\"false\"><div class=\"w-tabs-section-title\">V\u00e2rful din fibr\u0103 optic\u0103<\/div><div class=\"w-tabs-section-control\"><\/div><\/button><div  class=\"w-tabs-section-content\" id=\"content-d17c\"><div class=\"w-tabs-section-content-h i-cf\"><div class=\"wpb_text_column\"><div class=\"wpb_wrapper\"><p><span style=\"font-weight: 400;\">Summitul privind fibra optic\u0103 de la Hessen a avut loc pentru prima dat\u0103 la 21 iulie 2022 la Wiesbaden. Cu aceasta, ne baz\u0103m pe re\u021bele digitale puternice pentru \u0219coli, companii \u0219i institu\u021bii publice. Prin coordonarea specific\u0103 a extinderii \u0219i cooper\u0103rii, asigur\u0103m o infrastructur\u0103 de internet rapid\u0103 \u0219i adaptat\u0103 exigen\u021belor viitorului \u2013 un element central pentru educa\u021bie, \u00eentreprinderi \u0219i mobilitatea favorabil\u0103 climei.<\/span><\/p>\n<\/div><\/div><\/div><\/div><\/div><\/div><\/div><div class=\"w-separator size_medium\"><\/div><div class=\"w-btn-wrapper align_left\"><a class=\"w-btn us-btn-style_8 icon_atleft\" href=\"https:\/\/gruene-wiesbaden.de\/ro\/kommunalwahl\/#Kapitel3\"><i class=\"fas fa-chevron-circle-right\"><\/i><span class=\"w-btn-label\">\u00cenapoi la prezentare general\u0103<\/span><\/a><\/div><div class=\"w-separator size_large\"><\/div><\/div><\/div><\/div><\/div><\/section>","protected":false},"excerpt":{"rendered":"Wiesbaden ca loca\u021bie atractiv\u0103 pentru \u00eentreprinderiO economie local\u0103 puternic\u0103 asigur\u0103 locuri de munc\u0103 bune, inovare \u0219i calitatea vie\u021bii, iar deciziile municipale joac\u0103 un rol central \u00een acest sens. GR\u00dcNE proiecteaz\u0103 \u00een mod strategic spa\u021bii comerciale, promoveaz\u0103 \u00eentreprinderile nou-\u00eenfiin\u021bate, digitalizarea \u0219i dezvoltarea lucr\u0103torilor califica\u021bi, sprijin\u0103 cre\u0219terea durabil\u0103 \u0219i \u00eentreprinderile care economisesc resurse. \u00cen acela\u0219i timp, consolid\u0103m diversitatea, participarea social\u0103 \u0219i cooperarea cu me\u0219te\u0219ugurile, industria, educa\u021bia \u0219i cultura. Prin design-ul activ al centrului,...","protected":false},"author":1,"featured_media":1564,"comment_status":"closed","ping_status":"closed","sticky":false,"template":"","format":"standard","meta":{"footnotes":""},"categories":[16],"tags":[],"class_list":["post-1378","post","type-post","status-publish","format-standard","has-post-thumbnail","hentry","category-kapitel-3"],"yoast_head":"<!-- This site is optimized with the Yoast SEO plugin v27.5 - https:\/\/yoast.com\/product\/yoast-seo-wordpress\/ -->\n<title>Wiesbaden als attraktiver Wirtschaftsstandort - B\u00dcNDNIS 90\/DIE GR\u00dcNEN Wiesbaden<\/title>\n<meta name=\"robots\" content=\"index, follow, max-snippet:-1, max-image-preview:large, max-video-preview:-1\" \/>\n<link rel=\"canonical\" href=\"https:\/\/gruene-wiesbaden.de\/ro\/wiesbaden-als-attraktiver-wirtschaftsstandort\/\" \/>\n<meta property=\"og:locale\" content=\"ro_RO\" \/>\n<meta property=\"og:type\" content=\"article\" \/>\n<meta property=\"og:title\" content=\"Wiesbaden als attraktiver Wirtschaftsstandort - B\u00dcNDNIS 90\/DIE GR\u00dcNEN Wiesbaden\" \/>\n<meta property=\"og:url\" content=\"https:\/\/gruene-wiesbaden.de\/ro\/wiesbaden-als-attraktiver-wirtschaftsstandort\/\" \/>\n<meta property=\"og:site_name\" content=\"B\u00dcNDNIS 90\/DIE GR\u00dcNEN Wiesbaden\" \/>\n<meta property=\"article:publisher\" content=\"https:\/\/www.facebook.com\/gruene.wi\" \/>\n<meta property=\"article:published_time\" content=\"2025-11-09T22:32:20+00:00\" \/>\n<meta property=\"article:modified_time\" content=\"2026-04-08T22:27:51+00:00\" \/>\n<meta property=\"og:image\" content=\"https:\/\/gruene-wiesbaden.de\/wp-content\/uploads\/2025\/11\/3.2-Wiesbaden-als-attraktiver-Wirtschaftsstandort-scaled.jpg\" \/>\n\t<meta property=\"og:image:width\" content=\"2560\" \/>\n\t<meta property=\"og:image:height\" content=\"1707\" \/>\n\t<meta property=\"og:image:type\" content=\"image\/jpeg\" \/>\n<meta name=\"author\" content=\"admin\" \/>\n<meta name=\"twitter:card\" content=\"summary_large_image\" \/>\n<meta name=\"twitter:label1\" content=\"Scris de\" \/>\n\t<meta name=\"twitter:data1\" content=\"admin\" \/>\n\t<meta name=\"twitter:label2\" content=\"Timp estimat pentru citire\" \/>\n\t<meta name=\"twitter:data2\" content=\"11 minutes\" \/>\n<script type=\"application\/ld+json\" class=\"yoast-schema-graph\">{\"@context\":\"https:\\\/\\\/schema.org\",\"@graph\":[{\"@type\":\"Article\",\"@id\":\"https:\\\/\\\/gruene-wiesbaden.de\\\/wiesbaden-als-attraktiver-wirtschaftsstandort\\\/#article\",\"isPartOf\":{\"@id\":\"https:\\\/\\\/gruene-wiesbaden.de\\\/wiesbaden-als-attraktiver-wirtschaftsstandort\\\/\"},\"author\":{\"name\":\"admin\",\"@id\":\"https:\\\/\\\/gruene-wiesbaden.de\\\/#\\\/schema\\\/person\\\/6785c34779159cd4fd86886bb097afe9\"},\"headline\":\"Wiesbaden als attraktiver Wirtschaftsstandort\",\"datePublished\":\"2025-11-09T22:32:20+00:00\",\"dateModified\":\"2026-04-08T22:27:51+00:00\",\"mainEntityOfPage\":{\"@id\":\"https:\\\/\\\/gruene-wiesbaden.de\\\/wiesbaden-als-attraktiver-wirtschaftsstandort\\\/\"},\"wordCount\":3216,\"publisher\":{\"@id\":\"https:\\\/\\\/gruene-wiesbaden.de\\\/#organization\"},\"image\":{\"@id\":\"https:\\\/\\\/gruene-wiesbaden.de\\\/wiesbaden-als-attraktiver-wirtschaftsstandort\\\/#primaryimage\"},\"thumbnailUrl\":\"https:\\\/\\\/gruene-wiesbaden.de\\\/wp-content\\\/uploads\\\/2025\\\/11\\\/3.2-Wiesbaden-als-attraktiver-Wirtschaftsstandort-scaled.jpg\",\"articleSection\":[\"Kapitel 3\"],\"inLanguage\":\"ro-RO\"},{\"@type\":\"WebPage\",\"@id\":\"https:\\\/\\\/gruene-wiesbaden.de\\\/wiesbaden-als-attraktiver-wirtschaftsstandort\\\/\",\"url\":\"https:\\\/\\\/gruene-wiesbaden.de\\\/wiesbaden-als-attraktiver-wirtschaftsstandort\\\/\",\"name\":\"Wiesbaden als attraktiver Wirtschaftsstandort - B\u00dcNDNIS 90\\\/DIE GR\u00dcNEN Wiesbaden\",\"isPartOf\":{\"@id\":\"https:\\\/\\\/gruene-wiesbaden.de\\\/#website\"},\"primaryImageOfPage\":{\"@id\":\"https:\\\/\\\/gruene-wiesbaden.de\\\/wiesbaden-als-attraktiver-wirtschaftsstandort\\\/#primaryimage\"},\"image\":{\"@id\":\"https:\\\/\\\/gruene-wiesbaden.de\\\/wiesbaden-als-attraktiver-wirtschaftsstandort\\\/#primaryimage\"},\"thumbnailUrl\":\"https:\\\/\\\/gruene-wiesbaden.de\\\/wp-content\\\/uploads\\\/2025\\\/11\\\/3.2-Wiesbaden-als-attraktiver-Wirtschaftsstandort-scaled.jpg\",\"datePublished\":\"2025-11-09T22:32:20+00:00\",\"dateModified\":\"2026-04-08T22:27:51+00:00\",\"breadcrumb\":{\"@id\":\"https:\\\/\\\/gruene-wiesbaden.de\\\/wiesbaden-als-attraktiver-wirtschaftsstandort\\\/#breadcrumb\"},\"inLanguage\":\"ro-RO\",\"potentialAction\":[{\"@type\":\"ReadAction\",\"target\":[\"https:\\\/\\\/gruene-wiesbaden.de\\\/wiesbaden-als-attraktiver-wirtschaftsstandort\\\/\"]}]},{\"@type\":\"ImageObject\",\"inLanguage\":\"ro-RO\",\"@id\":\"https:\\\/\\\/gruene-wiesbaden.de\\\/wiesbaden-als-attraktiver-wirtschaftsstandort\\\/#primaryimage\",\"url\":\"https:\\\/\\\/gruene-wiesbaden.de\\\/wp-content\\\/uploads\\\/2025\\\/11\\\/3.2-Wiesbaden-als-attraktiver-Wirtschaftsstandort-scaled.jpg\",\"contentUrl\":\"https:\\\/\\\/gruene-wiesbaden.de\\\/wp-content\\\/uploads\\\/2025\\\/11\\\/3.2-Wiesbaden-als-attraktiver-Wirtschaftsstandort-scaled.jpg\",\"width\":2560,\"height\":1707},{\"@type\":\"BreadcrumbList\",\"@id\":\"https:\\\/\\\/gruene-wiesbaden.de\\\/wiesbaden-als-attraktiver-wirtschaftsstandort\\\/#breadcrumb\",\"itemListElement\":[{\"@type\":\"ListItem\",\"position\":1,\"name\":\"Startseite\",\"item\":\"https:\\\/\\\/gruene-wiesbaden.de\\\/\"},{\"@type\":\"ListItem\",\"position\":2,\"name\":\"Wiesbaden als attraktiver Wirtschaftsstandort\"}]},{\"@type\":\"WebSite\",\"@id\":\"https:\\\/\\\/gruene-wiesbaden.de\\\/#website\",\"url\":\"https:\\\/\\\/gruene-wiesbaden.de\\\/\",\"name\":\"DIE GR\u00dcNEN Wiesbaden\",\"description\":\"\",\"publisher\":{\"@id\":\"https:\\\/\\\/gruene-wiesbaden.de\\\/#organization\"},\"potentialAction\":[{\"@type\":\"SearchAction\",\"target\":{\"@type\":\"EntryPoint\",\"urlTemplate\":\"https:\\\/\\\/gruene-wiesbaden.de\\\/?s={search_term_string}\"},\"query-input\":{\"@type\":\"PropertyValueSpecification\",\"valueRequired\":true,\"valueName\":\"search_term_string\"}}],\"inLanguage\":\"ro-RO\"},{\"@type\":\"Organization\",\"@id\":\"https:\\\/\\\/gruene-wiesbaden.de\\\/#organization\",\"name\":\"DIE GR\u00dcNEN Wiesbaden\",\"url\":\"https:\\\/\\\/gruene-wiesbaden.de\\\/\",\"logo\":{\"@type\":\"ImageObject\",\"inLanguage\":\"ro-RO\",\"@id\":\"https:\\\/\\\/gruene-wiesbaden.de\\\/#\\\/schema\\\/logo\\\/image\\\/\",\"url\":\"https:\\\/\\\/gruene-wiesbaden-fuer-europa.de\\\/wp-content\\\/uploads\\\/2024\\\/04\\\/Machen-was-zaehlt-5.png\",\"contentUrl\":\"https:\\\/\\\/gruene-wiesbaden-fuer-europa.de\\\/wp-content\\\/uploads\\\/2024\\\/04\\\/Machen-was-zaehlt-5.png\",\"width\":1772,\"height\":1772,\"caption\":\"DIE GR\u00dcNEN Wiesbaden\"},\"image\":{\"@id\":\"https:\\\/\\\/gruene-wiesbaden.de\\\/#\\\/schema\\\/logo\\\/image\\\/\"},\"sameAs\":[\"https:\\\/\\\/www.facebook.com\\\/gruene.wi\",\"https:\\\/\\\/instagram.com\\\/gruene_wi\"]},{\"@type\":\"Person\",\"@id\":\"https:\\\/\\\/gruene-wiesbaden.de\\\/#\\\/schema\\\/person\\\/6785c34779159cd4fd86886bb097afe9\",\"name\":\"admin\",\"sameAs\":[\"http:\\\/\\\/gruene-wiesbaden-fuer-europa.de\"],\"url\":\"https:\\\/\\\/gruene-wiesbaden.de\\\/ro\\\/author\\\/admin\\\/\"}]}<\/script>\n<!-- \/ Yoast SEO plugin. -->","yoast_head_json":{"title":"Wiesbaden als attraktiver Wirtschaftsstandort - B\u00dcNDNIS 90\/DIE GR\u00dcNEN Wiesbaden","robots":{"index":"index","follow":"follow","max-snippet":"max-snippet:-1","max-image-preview":"max-image-preview:large","max-video-preview":"max-video-preview:-1"},"canonical":"https:\/\/gruene-wiesbaden.de\/ro\/wiesbaden-als-attraktiver-wirtschaftsstandort\/","og_locale":"ro_RO","og_type":"article","og_title":"Wiesbaden als attraktiver Wirtschaftsstandort - B\u00dcNDNIS 90\/DIE GR\u00dcNEN Wiesbaden","og_url":"https:\/\/gruene-wiesbaden.de\/ro\/wiesbaden-als-attraktiver-wirtschaftsstandort\/","og_site_name":"B\u00dcNDNIS 90\/DIE GR\u00dcNEN Wiesbaden","article_publisher":"https:\/\/www.facebook.com\/gruene.wi","article_published_time":"2025-11-09T22:32:20+00:00","article_modified_time":"2026-04-08T22:27:51+00:00","og_image":[{"width":2560,"height":1707,"url":"https:\/\/gruene-wiesbaden.de\/wp-content\/uploads\/2025\/11\/3.2-Wiesbaden-als-attraktiver-Wirtschaftsstandort-scaled.jpg","type":"image\/jpeg"}],"author":"admin","twitter_card":"summary_large_image","twitter_misc":{"Scris de":"admin","Timp estimat pentru citire":"11 minutes"},"schema":{"@context":"https:\/\/schema.org","@graph":[{"@type":"Article","@id":"https:\/\/gruene-wiesbaden.de\/wiesbaden-als-attraktiver-wirtschaftsstandort\/#article","isPartOf":{"@id":"https:\/\/gruene-wiesbaden.de\/wiesbaden-als-attraktiver-wirtschaftsstandort\/"},"author":{"name":"admin","@id":"https:\/\/gruene-wiesbaden.de\/#\/schema\/person\/6785c34779159cd4fd86886bb097afe9"},"headline":"Wiesbaden als attraktiver Wirtschaftsstandort","datePublished":"2025-11-09T22:32:20+00:00","dateModified":"2026-04-08T22:27:51+00:00","mainEntityOfPage":{"@id":"https:\/\/gruene-wiesbaden.de\/wiesbaden-als-attraktiver-wirtschaftsstandort\/"},"wordCount":3216,"publisher":{"@id":"https:\/\/gruene-wiesbaden.de\/#organization"},"image":{"@id":"https:\/\/gruene-wiesbaden.de\/wiesbaden-als-attraktiver-wirtschaftsstandort\/#primaryimage"},"thumbnailUrl":"https:\/\/gruene-wiesbaden.de\/wp-content\/uploads\/2025\/11\/3.2-Wiesbaden-als-attraktiver-Wirtschaftsstandort-scaled.jpg","articleSection":["Kapitel 3"],"inLanguage":"ro-RO"},{"@type":"WebPage","@id":"https:\/\/gruene-wiesbaden.de\/wiesbaden-als-attraktiver-wirtschaftsstandort\/","url":"https:\/\/gruene-wiesbaden.de\/wiesbaden-als-attraktiver-wirtschaftsstandort\/","name":"Wiesbaden als attraktiver Wirtschaftsstandort - B\u00dcNDNIS 90\/DIE GR\u00dcNEN Wiesbaden","isPartOf":{"@id":"https:\/\/gruene-wiesbaden.de\/#website"},"primaryImageOfPage":{"@id":"https:\/\/gruene-wiesbaden.de\/wiesbaden-als-attraktiver-wirtschaftsstandort\/#primaryimage"},"image":{"@id":"https:\/\/gruene-wiesbaden.de\/wiesbaden-als-attraktiver-wirtschaftsstandort\/#primaryimage"},"thumbnailUrl":"https:\/\/gruene-wiesbaden.de\/wp-content\/uploads\/2025\/11\/3.2-Wiesbaden-als-attraktiver-Wirtschaftsstandort-scaled.jpg","datePublished":"2025-11-09T22:32:20+00:00","dateModified":"2026-04-08T22:27:51+00:00","breadcrumb":{"@id":"https:\/\/gruene-wiesbaden.de\/wiesbaden-als-attraktiver-wirtschaftsstandort\/#breadcrumb"},"inLanguage":"ro-RO","potentialAction":[{"@type":"ReadAction","target":["https:\/\/gruene-wiesbaden.de\/wiesbaden-als-attraktiver-wirtschaftsstandort\/"]}]},{"@type":"ImageObject","inLanguage":"ro-RO","@id":"https:\/\/gruene-wiesbaden.de\/wiesbaden-als-attraktiver-wirtschaftsstandort\/#primaryimage","url":"https:\/\/gruene-wiesbaden.de\/wp-content\/uploads\/2025\/11\/3.2-Wiesbaden-als-attraktiver-Wirtschaftsstandort-scaled.jpg","contentUrl":"https:\/\/gruene-wiesbaden.de\/wp-content\/uploads\/2025\/11\/3.2-Wiesbaden-als-attraktiver-Wirtschaftsstandort-scaled.jpg","width":2560,"height":1707},{"@type":"BreadcrumbList","@id":"https:\/\/gruene-wiesbaden.de\/wiesbaden-als-attraktiver-wirtschaftsstandort\/#breadcrumb","itemListElement":[{"@type":"ListItem","position":1,"name":"Startseite","item":"https:\/\/gruene-wiesbaden.de\/"},{"@type":"ListItem","position":2,"name":"Wiesbaden als attraktiver Wirtschaftsstandort"}]},{"@type":"WebSite","@id":"https:\/\/gruene-wiesbaden.de\/#website","url":"https:\/\/gruene-wiesbaden.de\/","name":"DIE GR\u00dcNEN Wiesbaden","description":"","publisher":{"@id":"https:\/\/gruene-wiesbaden.de\/#organization"},"potentialAction":[{"@type":"SearchAction","target":{"@type":"EntryPoint","urlTemplate":"https:\/\/gruene-wiesbaden.de\/?s={search_term_string}"},"query-input":{"@type":"PropertyValueSpecification","valueRequired":true,"valueName":"search_term_string"}}],"inLanguage":"ro-RO"},{"@type":"Organization","@id":"https:\/\/gruene-wiesbaden.de\/#organization","name":"DIE GR\u00dcNEN Wiesbaden","url":"https:\/\/gruene-wiesbaden.de\/","logo":{"@type":"ImageObject","inLanguage":"ro-RO","@id":"https:\/\/gruene-wiesbaden.de\/#\/schema\/logo\/image\/","url":"https:\/\/gruene-wiesbaden-fuer-europa.de\/wp-content\/uploads\/2024\/04\/Machen-was-zaehlt-5.png","contentUrl":"https:\/\/gruene-wiesbaden-fuer-europa.de\/wp-content\/uploads\/2024\/04\/Machen-was-zaehlt-5.png","width":1772,"height":1772,"caption":"DIE GR\u00dcNEN Wiesbaden"},"image":{"@id":"https:\/\/gruene-wiesbaden.de\/#\/schema\/logo\/image\/"},"sameAs":["https:\/\/www.facebook.com\/gruene.wi","https:\/\/instagram.com\/gruene_wi"]},{"@type":"Person","@id":"https:\/\/gruene-wiesbaden.de\/#\/schema\/person\/6785c34779159cd4fd86886bb097afe9","name":"admin","sameAs":["http:\/\/gruene-wiesbaden-fuer-europa.de"],"url":"https:\/\/gruene-wiesbaden.de\/ro\/author\/admin\/"}]}},"_links":{"self":[{"href":"https:\/\/gruene-wiesbaden.de\/ro\/wp-json\/wp\/v2\/posts\/1378","targetHints":{"allow":["GET"]}}],"collection":[{"href":"https:\/\/gruene-wiesbaden.de\/ro\/wp-json\/wp\/v2\/posts"}],"about":[{"href":"https:\/\/gruene-wiesbaden.de\/ro\/wp-json\/wp\/v2\/types\/post"}],"author":[{"embeddable":true,"href":"https:\/\/gruene-wiesbaden.de\/ro\/wp-json\/wp\/v2\/users\/1"}],"replies":[{"embeddable":true,"href":"https:\/\/gruene-wiesbaden.de\/ro\/wp-json\/wp\/v2\/comments?post=1378"}],"version-history":[{"count":9,"href":"https:\/\/gruene-wiesbaden.de\/ro\/wp-json\/wp\/v2\/posts\/1378\/revisions"}],"predecessor-version":[{"id":2380,"href":"https:\/\/gruene-wiesbaden.de\/ro\/wp-json\/wp\/v2\/posts\/1378\/revisions\/2380"}],"wp:featuredmedia":[{"embeddable":true,"href":"https:\/\/gruene-wiesbaden.de\/ro\/wp-json\/wp\/v2\/media\/1564"}],"wp:attachment":[{"href":"https:\/\/gruene-wiesbaden.de\/ro\/wp-json\/wp\/v2\/media?parent=1378"}],"wp:term":[{"taxonomy":"category","embeddable":true,"href":"https:\/\/gruene-wiesbaden.de\/ro\/wp-json\/wp\/v2\/categories?post=1378"},{"taxonomy":"post_tag","embeddable":true,"href":"https:\/\/gruene-wiesbaden.de\/ro\/wp-json\/wp\/v2\/tags?post=1378"}],"curies":[{"name":"wp","href":"https:\/\/api.w.org\/{rel}","templated":true}]}}