{"id":1372,"date":"2025-11-10T00:21:37","date_gmt":"2025-11-09T22:21:37","guid":{"rendered":"https:\/\/gruene-wiesbaden.de\/?p=1372"},"modified":"2026-04-09T10:46:37","modified_gmt":"2026-04-09T08:46:37","slug":"soziale-teilhabe-und-unterstuetzung-von-menschen-in-notlagen","status":"publish","type":"post","link":"https:\/\/gruene-wiesbaden.de\/ro\/soziale-teilhabe-und-unterstuetzung-von-menschen-in-notlagen\/","title":{"rendered":"Participarea social\u0103 \u0219i sprijinul acordat persoanelor aflate \u00een situa\u021bii de urgen\u021b\u0103"},"content":{"rendered":"<section class=\"l-section wpb_row height_medium with_img\"><div class=\"l-section-img\" role=\"img\" data-img-width=\"1080\" data-img-height=\"800\" style=\"background-image: url(https:\/\/gruene-wiesbaden.de\/wp-content\/uploads\/2025\/11\/neuer-Verlauf-gruene-wiesbaden.de_-2-e1762709402177.png);\"><\/div><div class=\"l-section-overlay\" style=\"background:var(--color-header-top-transparent-bg)\"><\/div><div class=\"l-section-h i-cf\"><div class=\"g-cols vc_row via_grid cols_1 laptops-cols_inherit tablets-cols_inherit mobiles-cols_1 valign_top type_default stacking_default\"><div class=\"wpb_column vc_column_container\"><div class=\"vc_column-inner\"><h1 class=\"w-post-elm post_title us_custom_a574d586 has_text_color entry-title\">Participarea social\u0103 \u0219i sprijinul acordat persoanelor aflate \u00een situa\u021bii de urgen\u021b\u0103<\/h1><div class=\"w-separator size_medium\"><\/div><div class=\"g-cols wpb_row via_grid cols_2-1 laptops-cols_inherit tablets-cols_inherit mobiles-cols_1 valign_top type_default stacking_default\" style=\"--columns-gap:3rem;\"><div class=\"wpb_column vc_column_container\"><div class=\"vc_column-inner\"><div class=\"wpb_text_column us_custom_8b3d6790 has_text_color\"><div class=\"wpb_wrapper\"><p><span style=\"font-weight: 400;\">Participarea social\u0103 este un drept fundamental care apar\u021bine tuturor oamenilor din societatea noastr\u0103. Numai prin abord\u0103ri preventive, o societate urban\u0103 solidar\u0103 \u0219i extinderea sprijinului cu prag sc\u0103zut putem preveni excluziunea \u0219i permite tuturor Wiesbadenerilor s\u0103 tr\u0103iasc\u0103 o via\u021b\u0103 demn\u0103. S\u0103r\u0103cia, \u00een special s\u0103r\u0103cia \u00een r\u00e2ndul copiilor \u0219i al persoanelor \u00een v\u00e2rst\u0103, precum \u0219i lipsa de ad\u0103post amenin\u021b\u0103 coeziunea social\u0103 \u0219i marginalizeaz\u0103 persoanele. \u00cen vremuri \u00een care cuferele municipale sunt limitate, resursele trebuie utilizate \u00eentr-un mod orientat \u0219i orientat spre cerere. Noi, Verzii, dorim s\u0103 cre\u0103m structuri durabile, rezistente la crize, care s\u0103 fie adaptate optim \u0219i s\u0103 se concentreze asupra nevoilor oamenilor. \u00cen acest sens, \u021binem cont de faptul c\u0103 societatea \u0219i nevoile sale se pot schimba.<\/span><\/p>\n<\/div><\/div><div class=\"w-separator size_medium\"><\/div><div class=\"w-btn-wrapper align_left\"><a class=\"w-btn us-btn-style_8 icon_atleft\" href=\"https:\/\/gruene-wiesbaden.de\/ro\/kommunalwahl\/#Kapitel2\"><i class=\"fas fa-chevron-circle-right\"><\/i><span class=\"w-btn-label\">\u00cenapoi la prezentare general\u0103<\/span><\/a><\/div><\/div><\/div><div class=\"wpb_column vc_column_container\"><div class=\"vc_column-inner\"><div class=\"w-image align_center\"><div class=\"w-image-h\"><img decoding=\"async\" width=\"2560\" height=\"1707\" src=\"https:\/\/gruene-wiesbaden.de\/wp-content\/uploads\/2025\/11\/2.11-Soziale-Teilhabe-und-Unterstuetzung-fuer-Menschen-in-Notlagen-scaled.jpg\" class=\"attachment-full size-full\" alt=\"\" loading=\"lazy\" srcset=\"https:\/\/gruene-wiesbaden.de\/wp-content\/uploads\/2025\/11\/2.11-Soziale-Teilhabe-und-Unterstuetzung-fuer-Menschen-in-Notlagen-scaled.jpg 2560w, https:\/\/gruene-wiesbaden.de\/wp-content\/uploads\/2025\/11\/2.11-Soziale-Teilhabe-und-Unterstuetzung-fuer-Menschen-in-Notlagen-400x267.jpg 400w, https:\/\/gruene-wiesbaden.de\/wp-content\/uploads\/2025\/11\/2.11-Soziale-Teilhabe-und-Unterstuetzung-fuer-Menschen-in-Notlagen-600x400.jpg 600w\" sizes=\"auto, (max-width: 2560px) 100vw, 2560px\" \/><\/div><\/div><div class=\"w-separator size_small\"><\/div><\/div><\/div><\/div><div class=\"w-separator size_medium\"><\/div><div class=\"w-separator size_medium\"><\/div><div class=\"wpb_text_column\"><div class=\"wpb_wrapper\"><h1>Ce \u00eenseamn\u0103 pentru noi participarea social\u0103 \u0219i sprijinul pentru persoanele aflate \u00een dificultate<\/h1>\n<\/div><\/div><div class=\"w-separator size_large\"><\/div><div class=\"g-cols wpb_row via_grid cols_3 laptops-cols_inherit tablets-cols_inherit mobiles-cols_1 valign_top type_default stacking_default\" style=\"--columns-gap:3rem;\"><div class=\"wpb_column vc_column_container\"><div class=\"vc_column-inner\"><div class=\"w-iconbox us_custom_8b3d6790 has_text_color iconpos_left style_default color_custom align_left\"><div class=\"w-iconbox-icon\" style=\"font-size:2rem;--icon-color:#Ffffff;--icon-bg-color:var(--color-header-middle-bg);\"><i class=\"fas fa-layer-group\"><\/i><\/div><div class=\"w-iconbox-meta\"><h4 class=\"w-iconbox-title\" style=\"font-size:1.5rem;\">Abord\u0103ri preventive<\/h4><div class=\"w-iconbox-text\"><p><span style=\"font-weight: 400;\">Prevenim s\u0103r\u0103cia \u00eentr-un stadiu incipient prin strategii municipale integrate \u0219i sprijin bazat pe nevoi pentru to\u021bi cet\u0103\u021benii.<\/span><\/p>\n<\/div><\/div><\/div><\/div><\/div><div class=\"wpb_column vc_column_container\"><div class=\"vc_column-inner\"><div class=\"w-iconbox us_custom_8b3d6790 has_text_color iconpos_left style_default color_custom align_left\"><div class=\"w-iconbox-icon\" style=\"font-size:2rem;--icon-color:#Ffffff;--icon-bg-color:var(--color-header-transparent-text);\"><i class=\"fas fa-layer-group\"><\/i><\/div><div class=\"w-iconbox-meta\"><h4 class=\"w-iconbox-title\" style=\"font-size:1.5rem;\">Asisten\u021b\u0103 social\u0103 la fa\u021ba locului<\/h4><div class=\"w-iconbox-text\"><p><span style=\"font-weight: 400;\">Oferim asisten\u021b\u0103 social\u0103 bine echipat\u0103 pentru ajutor \u00een situa\u021bii de criz\u0103 \u0219i sprijin preventiv pe teren.<\/span><\/p>\n<\/div><\/div><\/div><\/div><\/div><div class=\"wpb_column vc_column_container\"><div class=\"vc_column-inner\"><div class=\"w-iconbox us_custom_8b3d6790 has_text_color iconpos_left style_default color_custom align_left\"><div class=\"w-iconbox-icon\" style=\"font-size:2rem;--icon-color:#Ffffff;--icon-bg-color:var(--color-header-transparent-text);\"><i class=\"fas fa-layer-group\"><\/i><\/div><div class=\"w-iconbox-meta\"><h4 class=\"w-iconbox-title\" style=\"font-size:1.5rem;\">Participarea egal\u0103<\/h4><div class=\"w-iconbox-text\"><p><span style=\"font-weight: 400;\">To\u021bi oamenii ar trebui s\u0103 poat\u0103 participa la via\u021ba social\u0103 \u0219i cultural\u0103, indiferent de venituri.<\/span><\/p>\n<\/div><\/div><\/div><\/div><\/div><\/div><div class=\"w-separator size_medium\"><\/div><div class=\"g-cols wpb_row via_grid cols_3 laptops-cols_inherit tablets-cols_inherit mobiles-cols_1 valign_top type_default stacking_default\" style=\"--columns-gap:3rem;\"><div class=\"wpb_column vc_column_container\"><div class=\"vc_column-inner\"><div class=\"w-iconbox us_custom_8b3d6790 has_text_color iconpos_left style_default color_custom align_left\"><div class=\"w-iconbox-icon\" style=\"font-size:2rem;--icon-color:#Ffffff;--icon-bg-color:var(--color-header-middle-bg);\"><i class=\"fas fa-layer-group\"><\/i><\/div><div class=\"w-iconbox-meta\"><h4 class=\"w-iconbox-title\" style=\"font-size:1.5rem;\">Urm\u0103rirea grupurilor vulnerabile<\/h4><div class=\"w-iconbox-text\"><p><span style=\"font-weight: 400;\">Oferim sprijin special persoanelor f\u0103r\u0103 ad\u0103post, persoanelor care au nevoie de asisten\u021b\u0103 social\u0103 \u0219i reziden\u021bilor caselor de b\u0103tr\u00e2ni \u0219i de \u00eengrijire.<\/span><\/p>\n<\/div><\/div><\/div><\/div><\/div><div class=\"wpb_column vc_column_container\"><div class=\"vc_column-inner\"><div class=\"w-iconbox us_custom_8b3d6790 has_text_color iconpos_left style_default color_custom align_left\"><div class=\"w-iconbox-icon\" style=\"font-size:2rem;--icon-color:#Ffffff;--icon-bg-color:var(--color-header-transparent-text);\"><i class=\"fas fa-layer-group\"><\/i><\/div><div class=\"w-iconbox-meta\"><h4 class=\"w-iconbox-title\" style=\"font-size:1.5rem;\">Spa\u021bii publice pentru to\u021bi<\/h4><div class=\"w-iconbox-text\"><p><span style=\"font-weight: 400;\">Promov\u0103m abord\u0103rile legate de vecin\u0103tate \u0219i cre\u0103m spa\u021bii publice f\u0103r\u0103 consum pentru to\u021bi cet\u0103\u021benii.<\/span><\/p>\n<\/div><\/div><\/div><\/div><\/div><div class=\"wpb_column vc_column_container\"><div class=\"vc_column-inner\"><div class=\"w-iconbox us_custom_8b3d6790 has_text_color iconpos_left style_default color_custom align_left\"><div class=\"w-iconbox-icon\" style=\"font-size:2rem;--icon-color:#Ffffff;--icon-bg-color:var(--color-header-transparent-text);\"><i class=\"fas fa-layer-group\"><\/i><\/div><div class=\"w-iconbox-meta\"><h4 class=\"w-iconbox-title\" style=\"font-size:1.5rem;\">Acces cu prag sc\u0103zut<\/h4><div class=\"w-iconbox-text\"><p><span style=\"font-weight: 400;\">Chiar \u0219i cele mai bune oferte nu func\u021bioneaz\u0103 dac\u0103 oamenii nu le pot g\u0103si sau dac\u0103 utilizarea este \u00eengreunat\u0103.<\/span><\/p>\n<\/div><\/div><\/div><\/div><\/div><\/div><div class=\"w-separator size_medium\"><\/div><div class=\"w-btn-wrapper align_left\"><a class=\"w-btn us-btn-style_8 icon_atleft\" href=\"https:\/\/gruene-wiesbaden.de\/ro\/kommunalwahl\/#Kapitel2\"><i class=\"fas fa-chevron-circle-right\"><\/i><span class=\"w-btn-label\">\u00cenapoi la prezentare general\u0103<\/span><\/a><\/div><div class=\"w-separator size_medium\"><\/div><\/div><\/div><\/div><\/div><\/section><section class=\"l-section wpb_row height_auto with_img\"><div class=\"l-section-img\" role=\"img\" data-img-width=\"2560\" data-img-height=\"1707\" style=\"background-image: url(https:\/\/gruene-wiesbaden.de\/wp-content\/uploads\/2025\/11\/2.11-Soziale-Teilhabe-und-Unterstuetzung-fuer-Menschen-in-Notlagen-scaled.jpg);background-repeat: no-repeat;\"><\/div><div class=\"l-section-overlay\" style=\"background:var(--color-header-top-transparent-bg)\"><\/div><div class=\"l-section-h i-cf\"><div class=\"g-cols vc_row via_grid cols_1 laptops-cols_inherit tablets-cols_inherit mobiles-cols_1 valign_middle type_default stacking_default\" style=\"--columns-gap:1rem;\"><div class=\"wpb_column vc_column_container\"><div class=\"vc_column-inner\"><div class=\"w-separator size_large\"><\/div><div class=\"wpb_text_column background_inside_text\"><div class=\"wpb_wrapper\"><h1>Ce vrem s\u0103 facem \u00een mod special \u00een acest domeniu<\/h1>\n<\/div><\/div><div class=\"w-separator size_medium\"><\/div><div class=\"w-tabs us_custom_42d693a0 has_text_color style_default switch_click accordion has_scrolling\" style=\"--sections-title-size:1.4rem\"><div class=\"w-tabs-sections titles-align_none icon_chevron cpos_right\"><div class=\"w-tabs-section has_text_color\" id=\"ade2\" style=\"background:var(--color-header-transparent-text);color:var(--color-header-top-text-hover);\"><button class=\"w-tabs-section-header\" aria-controls=\"content-ade2\" aria-expanded=\"false\"><div class=\"w-tabs-section-title\">Extinderea acoperirii centrelor de consiliere social\u0103<\/div><div class=\"w-tabs-section-control\"><\/div><\/button><div  class=\"w-tabs-section-content\" id=\"content-ade2\"><div class=\"w-tabs-section-content-h i-cf\"><div class=\"wpb_text_column\"><div class=\"wpb_wrapper\"><p><span style=\"font-weight: 400;\">Dorim s\u0103 cre\u0103m centre de consiliere social\u0103 non-birocratice \u00een toate raioanele pentru a ajuta oamenii s\u0103-\u0219i satisfac\u0103 nevoile sociale \u0219i s\u0103 primeasc\u0103 sprijin \u00een situa\u021bii dificile. Aceste organisme municipale sau organisme organizate prin intermediul asocia\u021biilor ofer\u0103 acces la presta\u021bii de stat, cum ar fi presta\u021biile pentru cet\u0103\u021beni \u0219i aloca\u021biile pentru locuin\u021b\u0103.<\/span><\/p>\n<\/div><\/div><\/div><\/div><\/div><div class=\"w-tabs-section has_text_color\" id=\"qf06\" style=\"background:var(--color-header-transparent-text);color:var(--color-header-top-text-hover);\"><button class=\"w-tabs-section-header\" aria-controls=\"content-qf06\" aria-expanded=\"false\"><div class=\"w-tabs-section-title\">Promovarea spa\u021biilor publice care nu sunt destinate consumatorilor<\/div><div class=\"w-tabs-section-control\"><\/div><\/button><div  class=\"w-tabs-section-content\" id=\"content-qf06\"><div class=\"w-tabs-section-content-h i-cf\"><div class=\"wpb_text_column\"><div class=\"wpb_wrapper\"><p><span style=\"font-weight: 400;\">Dorim s\u0103 cre\u0103m locuri cu infrastructur\u0103, cum ar fi b\u0103nci, ap\u0103 potabil\u0103, toalete \u0219i zone de joac\u0103, precum \u0219i mai multe biblioteci, \u00eent\u00e2lniri ale tinerilor \u0219i ale districtelor. Scopul este participarea persoanelor cu orice statut socio-economic \u0219i reunirea tuturor grupurilor sociale.<\/span><\/p>\n<\/div><\/div><\/div><\/div><\/div><div class=\"w-tabs-section has_text_color\" id=\"k02f\" style=\"background:var(--color-header-transparent-text);color:var(--color-header-top-text-hover);\"><button class=\"w-tabs-section-header\" aria-controls=\"content-k02f\" aria-expanded=\"false\"><div class=\"w-tabs-section-title\">Introducerea cardului de cet\u0103\u021bean Wiesbaden<\/div><div class=\"w-tabs-section-control\"><\/div><\/button><div  class=\"w-tabs-section-content\" id=\"content-k02f\"><div class=\"w-tabs-section-content-h i-cf\"><div class=\"wpb_text_column\"><div class=\"wpb_wrapper\"><p><span style=\"font-weight: 400;\">Dorim s\u0103 introducem un card digital nediscriminatoriu pentru cet\u0103\u021beni, care s\u0103 includ\u0103 nu numai presta\u021biile sociale, ci \u0219i cardul de voluntariat \u0219i cardul de bibliotec\u0103. Acest lucru simplific\u0103 accesul la serviciile urbane \u0219i reduce stigmatizarea.<\/span><\/p>\n<\/div><\/div><\/div><\/div><\/div><div class=\"w-tabs-section has_text_color\" id=\"m161\" style=\"background:var(--color-header-middle-bg);color:var(--color-content-heading);\"><button class=\"w-tabs-section-header\" aria-controls=\"content-m161\" aria-expanded=\"false\"><div class=\"w-tabs-section-title\">Combaterea sistematic\u0103 a s\u0103r\u0103ciei \u00een r\u00e2ndul copiilor<\/div><div class=\"w-tabs-section-control\"><\/div><\/button><div  class=\"w-tabs-section-content\" id=\"content-m161\"><div class=\"w-tabs-section-content-h i-cf\"><div class=\"wpb_text_column\"><div class=\"wpb_wrapper\"><p><span style=\"font-weight: 400;\">Ne angaj\u0103m s\u0103 dezvolt\u0103m o strategie de prevenire trans-departamental\u0103 cu crearea de re\u021bele \u00een toate domeniile care afecteaz\u0103 copiii \u0219i familiile. Pachetul privind educa\u021bia \u0219i participarea urmeaz\u0103 s\u0103 fie extins \u0219i s\u0103 fie posibil\u0103 o acoperire suplimentar\u0103 pentru \u00eendrumarea bazat\u0103 pe nevoi.<\/span><\/p>\n<\/div><\/div><\/div><\/div><\/div><div class=\"w-tabs-section has_text_color\" id=\"g277\" style=\"background:var(--color-header-transparent-text);color:var(--color-header-top-text-hover);\"><button class=\"w-tabs-section-header\" aria-controls=\"content-g277\" aria-expanded=\"false\"><div class=\"w-tabs-section-title\">Consolidarea particip\u0103rii<\/div><div class=\"w-tabs-section-control\"><\/div><\/button><div  class=\"w-tabs-section-content\" id=\"content-g277\"><div class=\"w-tabs-section-content-h i-cf\"><div class=\"wpb_text_column\"><div class=\"wpb_wrapper\"><p><span style=\"font-weight: 400;\">Dorim s\u0103 lans\u0103m un proiect-pilot pentru Consiliul cet\u0103\u021benilor. Acest lucru poate fi convocat pe teme relevante la nivelul \u00eentregului ora\u0219. Participarea este posibil\u0103 pentru to\u021bi reziden\u021bii din Wiesbaden. \u00cen plus, dezvolt\u0103m un indice de participare pentru promovarea orientat\u0103 a particip\u0103rii sociale. \u00cen acest sens, ne asigur\u0103m c\u0103 sunt implicate grupurile marginalizate.<\/span><\/p>\n<\/div><\/div><\/div><\/div><\/div><div class=\"w-tabs-section has_text_color\" id=\"m38a\" style=\"background:var(--color-header-middle-bg);color:var(--color-header-middle-text);\"><button class=\"w-tabs-section-header\" aria-controls=\"content-m38a\" aria-expanded=\"false\"><div class=\"w-tabs-section-title\">Structuri de mas\u0103 men\u021binute<\/div><div class=\"w-tabs-section-control\"><\/div><\/button><div  class=\"w-tabs-section-content\" id=\"content-m38a\"><div class=\"w-tabs-section-content-h i-cf\"><div class=\"wpb_text_column\"><div class=\"wpb_wrapper\"><p><span style=\"font-weight: 400;\">Dorim s\u0103 asigur\u0103m structuri de panouri \u0219i magazine sociale ca ajutoare de tranzi\u021bie, at\u00e2ta timp c\u00e2t acestea sunt necesare. Scopul nostru r\u0103m\u00e2ne s\u0103 nu mai existe mese.<\/span><\/p>\n<\/div><\/div><\/div><\/div><\/div><div class=\"w-tabs-section has_text_color\" id=\"u4ba\" style=\"background:var(--color-header-transparent-text);color:var(--color-header-top-text-hover);\"><button class=\"w-tabs-section-header\" aria-controls=\"content-u4ba\" aria-expanded=\"false\"><div class=\"w-tabs-section-title\">Consolidarea orelor de consultare umanitar\u0103<\/div><div class=\"w-tabs-section-control\"><\/div><\/button><div  class=\"w-tabs-section-content\" id=\"content-u4ba\"><div class=\"w-tabs-section-content-h i-cf\"><div class=\"wpb_text_column\"><div class=\"wpb_wrapper\"><p><span style=\"font-weight: 400;\">Dorim s\u0103 promov\u0103m asisten\u021ba medical\u0103 de baz\u0103 pentru persoanele f\u0103r\u0103 ad\u0103post prin intermediul Fondului pentru costurile de s\u0103n\u0103tate \u0219i s\u0103 elimin\u0103m extinderea structurilor de consiliere psihosocial\u0103 pentru persoanele aflate \u00een situa\u021bii de criz\u0103.<\/span><\/p>\n<\/div><\/div><\/div><\/div><\/div><div class=\"w-tabs-section has_text_color\" id=\"y5d0\" style=\"background:var(--color-header-transparent-text);color:var(--color-header-top-text-hover);\"><button class=\"w-tabs-section-header\" aria-controls=\"content-y5d0\" aria-expanded=\"false\"><div class=\"w-tabs-section-title\">Promovarea proiectelor de s\u0103n\u0103tate legate de vecin\u0103tate<\/div><div class=\"w-tabs-section-control\"><\/div><\/button><div  class=\"w-tabs-section-content\" id=\"content-y5d0\"><div class=\"w-tabs-section-content-h i-cf\"><div class=\"wpb_text_column\"><div class=\"wpb_wrapper\"><p><span style=\"font-weight: 400;\">Plas\u0103m ini\u021biativele proprii ale reziden\u021bilor pe o baz\u0103 financiar\u0103 sigur\u0103 \u0219i ne angaj\u0103m s\u0103 coordon\u0103m mai bine implicarea voluntar\u0103 \u00een munca pentru refugia\u021bi \u0219i integrare.<\/span><\/p>\n<\/div><\/div><\/div><\/div><\/div><div class=\"w-tabs-section has_text_color\" id=\"x6ef\" style=\"background:var(--color-header-transparent-text);color:var(--color-header-top-text-hover);\"><button class=\"w-tabs-section-header\" aria-controls=\"content-x6ef\" aria-expanded=\"false\"><div class=\"w-tabs-section-title\">Prima abordare a lipsei de ad\u0103post \u00een ceea ce prive\u0219te locuin\u021bele<\/div><div class=\"w-tabs-section-control\"><\/div><\/button><div  class=\"w-tabs-section-content\" id=\"content-x6ef\"><div class=\"w-tabs-section-content-h i-cf\"><div class=\"wpb_text_column\"><div class=\"wpb_wrapper\"><p><span style=\"font-weight: 400;\">Vrem ca guvernul ora\u0219ului s\u0103 sprijine oamenii \u00een a\u0219a fel \u00eenc\u00e2t s\u0103 nu cad\u0103 \u00een lipsa de ad\u0103post. Dorim s\u0103 dep\u0103\u0219im problema lipsei de ad\u0103post prin abordarea \u201eLocuin\u021bele pe primul loc\u201d. Dac\u0103 acest lucru nu este posibil sau nu este dorit de cei afecta\u021bi, ar trebui s\u0103 se asigure suficiente locuri de dormit \u0219i \u00eengrijire medical\u0103, precum \u0219i psihologic\u0103 \u0219i psihiatric\u0103.<\/span><\/p>\n<\/div><\/div><\/div><\/div><\/div><div class=\"w-tabs-section has_text_color\" id=\"s823\" style=\"background:var(--color-header-transparent-text);color:var(--color-header-top-text-hover);\"><button class=\"w-tabs-section-header\" aria-controls=\"content-s823\" aria-expanded=\"false\"><div class=\"w-tabs-section-title\">Locuin\u021be protejate pentru persoanele care practic\u0103 prostitu\u021bia for\u021bat\u0103<\/div><div class=\"w-tabs-section-control\"><\/div><\/button><div  class=\"w-tabs-section-content\" id=\"content-s823\"><div class=\"w-tabs-section-content-h i-cf\"><div class=\"wpb_text_column\"><div class=\"wpb_wrapper\"><p><span style=\"font-weight: 400;\">Prostitu\u021bia for\u021bat\u0103 este o infrac\u021biune pentru drepturile omului. Prin urmare, ar trebui \u00eenfiin\u021bate ad\u0103posturi pentru a primi persoane care se prostitueaz\u0103 for\u021bat \u0219i pentru a le oferi un loc de protec\u021bie.<\/span><\/p>\n<\/div><\/div><\/div><\/div><\/div><\/div><\/div><div class=\"w-separator size_medium\"><\/div><div class=\"w-btn-wrapper align_left\"><a class=\"w-btn us-btn-style_8 icon_atleft\" href=\"https:\/\/gruene-wiesbaden.de\/ro\/kommunalwahl\/#Kapitel2\"><i class=\"fas fa-chevron-circle-right\"><\/i><span class=\"w-btn-label\">\u00cenapoi la prezentare general\u0103<\/span><\/a><\/div><div class=\"w-separator size_large\"><\/div><div class=\"wpb_text_column\"><div class=\"wpb_wrapper\"><h1>Ceea ce am realizat deja<\/h1>\n<\/div><\/div><div class=\"w-separator size_medium\"><\/div><div class=\"w-tabs us_custom_42d693a0 has_text_color style_default switch_click accordion has_scrolling\" style=\"--sections-title-size:1.4rem\"><div class=\"w-tabs-sections titles-align_none icon_chevron cpos_right\"><div class=\"w-tabs-section has_text_color\" id=\"jce2\" style=\"background:var(--color-header-transparent-text);color:var(--color-header-top-text-hover);\"><button class=\"w-tabs-section-header\" aria-controls=\"content-jce2\" aria-expanded=\"false\"><div class=\"w-tabs-section-title\">Case de cartier pentru o via\u021b\u0103 auto-determinat\u0103 la b\u0103tr\u00e2ne\u021be<\/div><div class=\"w-tabs-section-control\"><\/div><\/button><div  class=\"w-tabs-section-content\" id=\"content-jce2\"><div class=\"w-tabs-section-content-h i-cf\"><div class=\"wpb_text_column\"><div class=\"wpb_wrapper\"><p><span style=\"font-weight: 400;\">Proiectul Quartiersh\u00e4user Wiesbaden, lansat \u00een 2023, a creat noi spa\u021bii pentru \u00eent\u00e2lnire, participare \u0219i via\u021b\u0103 autonom\u0103 la b\u0103tr\u00e2ne\u021be. Urm\u00e2nd modelul \u201emodelului Bielefeld\u201d, casele de cartier combin\u0103 via\u021ba f\u0103r\u0103 bariere cu infrastructura social\u0103 \u2013 s\u0103li de reuniune, consiliere \u0219i asisten\u021b\u0103 pentru vecin\u0103tate. Ele promoveaz\u0103 coeziunea \u00een district \u0219i previn singur\u0103tatea. Acest lucru consolideaz\u0103 coexisten\u021ba \u00eentre genera\u021bii, participarea social\u0103 \u0219i posibilitatea de a tr\u0103i autodeterminat \u00eentr-un mediu familiar chiar \u0219i la b\u0103tr\u00e2ne\u021be.<\/span><\/p>\n<\/div><\/div><\/div><\/div><\/div><div class=\"w-tabs-section has_text_color\" id=\"qe0f\" style=\"background:var(--color-header-transparent-text);color:var(--color-header-top-text-hover);\"><button class=\"w-tabs-section-header\" aria-controls=\"content-qe0f\" aria-expanded=\"false\"><div class=\"w-tabs-section-title\">Ajutor coordonat pentru persoanele f\u0103r\u0103 ad\u0103post<\/div><div class=\"w-tabs-section-control\"><\/div><\/button><div  class=\"w-tabs-section-content\" id=\"content-qe0f\"><div class=\"w-tabs-section-content-h i-cf\"><div class=\"wpb_text_column\"><div class=\"wpb_wrapper\"><p><span style=\"font-weight: 400;\">Noi, Verzii, am militat pentru sistematizarea \u00eengrijirii persoanelor f\u0103r\u0103 ad\u0103post din Wiesbaden: Grupul de lucru <\/span><i><span style=\"font-weight: 400;\">#unde <\/span><\/i><span style=\"font-weight: 400;\">conecteaz\u0103 centrele de asisten\u021b\u0103 social\u0103 \u0219i de ocupare a for\u021bei de munc\u0103, poli\u021bia municipal\u0103, asisten\u021ba \u00een materie de s\u0103n\u0103tate \u0219i dependen\u021b\u0103, caritas, diaconia \u0219i voluntarii \u00een cadrul unei singure unit\u0103\u021bi de coordonare pentru a ajuta persoanele f\u0103r\u0103 ad\u0103post \u00een spa\u021biile publice. Ora\u0219ul opereaz\u0103 22 de ad\u0103posturi de urgen\u021b\u0103 cu peste 400 de locuri, testeaz\u0103 Housing-First cu sate de containere pe Freudenberg \u0219i a extins asisten\u021ba social\u0103 de la dou\u0103 la unsprezece locuri, precum \u0219i asisten\u021ba social\u0103 stradal\u0103 \u00een orele de sear\u0103 \u0219i de noapte. Prin implicarea \u00een asisten\u021ba social\u0103 de strad\u0103, persoanele afectate sunt abordate \u00een mod direct, sunt consiliate \u0219i sunt dezvoltate perspective pentru eradicarea lipsei de ad\u0103post. Accentul se pune pe m\u0103suri precum interven\u021bia \u00een situa\u021bii de criz\u0103 \u0219i \u00eembun\u0103t\u0103\u021birea situa\u021biei vie\u021bii.<\/span><\/p>\n<\/div><\/div><\/div><\/div><\/div><div class=\"w-tabs-section has_text_color\" id=\"uf25\" style=\"background:var(--color-header-transparent-text);color:var(--color-header-top-text-hover);\"><button class=\"w-tabs-section-header\" aria-controls=\"content-uf25\" aria-expanded=\"false\"><div class=\"w-tabs-section-title\">Modelele I \u0219i II de la Wiesbaden \u2013 Strategii municipale privind prostitu\u021bia<\/div><div class=\"w-tabs-section-control\"><\/div><\/button><div  class=\"w-tabs-section-content\" id=\"content-uf25\"><div class=\"w-tabs-section-content-h i-cf\"><div class=\"wpb_text_column\"><div class=\"wpb_wrapper\"><p><span style=\"font-weight: 400;\">Am angajat un terapeut de traume care efectueaz\u0103 asisten\u021b\u0103 social\u0103 \u00een domeniul prostitu\u021biei \u0219i ofer\u0103 asisten\u021b\u0103 la ie\u0219ire. De la aceast\u0103 legislatur\u0103, Unitatea pentru femei a luat, de asemenea, m\u0103suri cu succes \u00eempotriva prostitu\u021biei ilegale \u00een apartamentele \u0219i hotelurile de vacan\u021b\u0103. Modelul Wiesbaden este cea mai bun\u0103 practic\u0103 pentru alte municipalit\u0103\u021bi.<\/span><\/p>\n<\/div><\/div><\/div><\/div><\/div><div class=\"w-tabs-section has_text_color\" id=\"l05b\" style=\"background:var(--color-header-middle-bg);color:var(--color-content-heading);\"><button class=\"w-tabs-section-header\" aria-controls=\"content-l05b\" aria-expanded=\"false\"><div class=\"w-tabs-section-title\">Asisten\u021b\u0103 social\u0103 districtual\u0103 consolidat\u0103<\/div><div class=\"w-tabs-section-control\"><\/div><\/button><div  class=\"w-tabs-section-content\" id=\"content-l05b\"><div class=\"w-tabs-section-content-h i-cf\"><div class=\"wpb_text_column\"><div class=\"wpb_wrapper\"><p><span style=\"font-weight: 400;\">Asisten\u021ba social\u0103 districtual\u0103 din Wiesbaden a fost extins\u0103, iar consilierea social\u0103 din districte a fost consolidat\u0103. Persoanele aflate \u00een situa\u021bii dificile primesc sprijin aproape de cas\u0103 \u2013 de la asisten\u021b\u0103 preventiv\u0103 la interven\u021bii \u00een situa\u021bii de criz\u0103. Echipele mobile \u0219i persoanele de contact permanente din cartiere promoveaz\u0103 participarea social\u0103, previn izolarea \u0219i faciliteaz\u0103 accesul la servicii. Acest lucru ajut\u0103 \u00eentr-un stadiu incipient \u00eenainte ca problemele s\u0103 escaladeze \u0219i consolideaz\u0103 \u00een mod durabil infrastructura social\u0103 din Wiesbaden.<\/span><\/p>\n<\/div><\/div><\/div><\/div><\/div><\/div><\/div><div class=\"w-separator size_medium\"><\/div><div class=\"w-btn-wrapper align_left\"><a class=\"w-btn us-btn-style_8 icon_atleft\" href=\"https:\/\/gruene-wiesbaden.de\/ro\/kommunalwahl\/#Kapitel2\"><i class=\"fas fa-chevron-circle-right\"><\/i><span class=\"w-btn-label\">\u00cenapoi la prezentare general\u0103<\/span><\/a><\/div><div class=\"w-separator size_large\"><\/div><\/div><\/div><\/div><\/div><\/section>","protected":false},"excerpt":{"rendered":"Participarea social\u0103 \u0219i sprijinul pentru persoanele aflate \u00een dificultateParticiparea social\u0103 este un drept fundamental care apar\u021bine tuturor persoanelor din societatea noastr\u0103. Numai prin abord\u0103ri preventive, o societate urban\u0103 solidar\u0103 \u0219i extinderea sprijinului cu prag sc\u0103zut putem preveni excluziunea \u0219i permite tuturor Wiesbadenerilor s\u0103 tr\u0103iasc\u0103 o via\u021b\u0103 demn\u0103. S\u0103r\u0103cia, \u00een special s\u0103r\u0103cia \u00een r\u00e2ndul copiilor \u0219i al persoanelor \u00een v\u00e2rst\u0103, precum \u0219i lipsa de ad\u0103post amenin\u021b\u0103 coeziunea social\u0103 \u0219i limiteaz\u0103...","protected":false},"author":1,"featured_media":1494,"comment_status":"closed","ping_status":"closed","sticky":false,"template":"","format":"standard","meta":{"footnotes":""},"categories":[15],"tags":[],"class_list":["post-1372","post","type-post","status-publish","format-standard","has-post-thumbnail","hentry","category-kapitel-2"],"yoast_head":"<!-- This site is optimized with the Yoast SEO plugin v27.5 - https:\/\/yoast.com\/product\/yoast-seo-wordpress\/ -->\n<title>Soziale Teilhabe und Unterst\u00fctzung von Menschen in Notlagen - B\u00dcNDNIS 90\/DIE GR\u00dcNEN Wiesbaden<\/title>\n<meta name=\"robots\" content=\"index, follow, max-snippet:-1, max-image-preview:large, max-video-preview:-1\" \/>\n<link rel=\"canonical\" href=\"https:\/\/gruene-wiesbaden.de\/ro\/soziale-teilhabe-und-unterstuetzung-von-menschen-in-notlagen\/\" \/>\n<meta property=\"og:locale\" content=\"ro_RO\" \/>\n<meta property=\"og:type\" content=\"article\" \/>\n<meta property=\"og:title\" content=\"Soziale Teilhabe und Unterst\u00fctzung von Menschen in Notlagen - B\u00dcNDNIS 90\/DIE GR\u00dcNEN Wiesbaden\" \/>\n<meta property=\"og:url\" content=\"https:\/\/gruene-wiesbaden.de\/ro\/soziale-teilhabe-und-unterstuetzung-von-menschen-in-notlagen\/\" \/>\n<meta property=\"og:site_name\" content=\"B\u00dcNDNIS 90\/DIE GR\u00dcNEN Wiesbaden\" \/>\n<meta property=\"article:publisher\" content=\"https:\/\/www.facebook.com\/gruene.wi\" \/>\n<meta property=\"article:published_time\" content=\"2025-11-09T22:21:37+00:00\" \/>\n<meta property=\"article:modified_time\" content=\"2026-04-09T08:46:37+00:00\" \/>\n<meta property=\"og:image\" content=\"https:\/\/gruene-wiesbaden.de\/wp-content\/uploads\/2025\/11\/2.11-Soziale-Teilhabe-und-Unterstuetzung-fuer-Menschen-in-Notlagen-scaled.jpg\" \/>\n\t<meta property=\"og:image:width\" content=\"2560\" \/>\n\t<meta property=\"og:image:height\" content=\"1707\" \/>\n\t<meta property=\"og:image:type\" content=\"image\/jpeg\" \/>\n<meta name=\"author\" content=\"admin\" \/>\n<meta name=\"twitter:card\" content=\"summary_large_image\" \/>\n<meta name=\"twitter:label1\" content=\"Scris de\" \/>\n\t<meta name=\"twitter:data1\" content=\"admin\" \/>\n\t<meta name=\"twitter:label2\" content=\"Timp estimat pentru citire\" \/>\n\t<meta name=\"twitter:data2\" content=\"7 minutes\" \/>\n<script type=\"application\/ld+json\" class=\"yoast-schema-graph\">{\"@context\":\"https:\\\/\\\/schema.org\",\"@graph\":[{\"@type\":\"Article\",\"@id\":\"https:\\\/\\\/gruene-wiesbaden.de\\\/soziale-teilhabe-und-unterstuetzung-von-menschen-in-notlagen\\\/#article\",\"isPartOf\":{\"@id\":\"https:\\\/\\\/gruene-wiesbaden.de\\\/soziale-teilhabe-und-unterstuetzung-von-menschen-in-notlagen\\\/\"},\"author\":{\"name\":\"admin\",\"@id\":\"https:\\\/\\\/gruene-wiesbaden.de\\\/#\\\/schema\\\/person\\\/6785c34779159cd4fd86886bb097afe9\"},\"headline\":\"Soziale Teilhabe und Unterst\u00fctzung von Menschen in Notlagen\",\"datePublished\":\"2025-11-09T22:21:37+00:00\",\"dateModified\":\"2026-04-09T08:46:37+00:00\",\"mainEntityOfPage\":{\"@id\":\"https:\\\/\\\/gruene-wiesbaden.de\\\/soziale-teilhabe-und-unterstuetzung-von-menschen-in-notlagen\\\/\"},\"wordCount\":2083,\"publisher\":{\"@id\":\"https:\\\/\\\/gruene-wiesbaden.de\\\/#organization\"},\"image\":{\"@id\":\"https:\\\/\\\/gruene-wiesbaden.de\\\/soziale-teilhabe-und-unterstuetzung-von-menschen-in-notlagen\\\/#primaryimage\"},\"thumbnailUrl\":\"https:\\\/\\\/gruene-wiesbaden.de\\\/wp-content\\\/uploads\\\/2025\\\/11\\\/2.11-Soziale-Teilhabe-und-Unterstuetzung-fuer-Menschen-in-Notlagen-scaled.jpg\",\"articleSection\":[\"Kapitel 2\"],\"inLanguage\":\"ro-RO\"},{\"@type\":\"WebPage\",\"@id\":\"https:\\\/\\\/gruene-wiesbaden.de\\\/soziale-teilhabe-und-unterstuetzung-von-menschen-in-notlagen\\\/\",\"url\":\"https:\\\/\\\/gruene-wiesbaden.de\\\/soziale-teilhabe-und-unterstuetzung-von-menschen-in-notlagen\\\/\",\"name\":\"Soziale Teilhabe und Unterst\u00fctzung von Menschen in Notlagen - B\u00dcNDNIS 90\\\/DIE GR\u00dcNEN Wiesbaden\",\"isPartOf\":{\"@id\":\"https:\\\/\\\/gruene-wiesbaden.de\\\/#website\"},\"primaryImageOfPage\":{\"@id\":\"https:\\\/\\\/gruene-wiesbaden.de\\\/soziale-teilhabe-und-unterstuetzung-von-menschen-in-notlagen\\\/#primaryimage\"},\"image\":{\"@id\":\"https:\\\/\\\/gruene-wiesbaden.de\\\/soziale-teilhabe-und-unterstuetzung-von-menschen-in-notlagen\\\/#primaryimage\"},\"thumbnailUrl\":\"https:\\\/\\\/gruene-wiesbaden.de\\\/wp-content\\\/uploads\\\/2025\\\/11\\\/2.11-Soziale-Teilhabe-und-Unterstuetzung-fuer-Menschen-in-Notlagen-scaled.jpg\",\"datePublished\":\"2025-11-09T22:21:37+00:00\",\"dateModified\":\"2026-04-09T08:46:37+00:00\",\"breadcrumb\":{\"@id\":\"https:\\\/\\\/gruene-wiesbaden.de\\\/soziale-teilhabe-und-unterstuetzung-von-menschen-in-notlagen\\\/#breadcrumb\"},\"inLanguage\":\"ro-RO\",\"potentialAction\":[{\"@type\":\"ReadAction\",\"target\":[\"https:\\\/\\\/gruene-wiesbaden.de\\\/soziale-teilhabe-und-unterstuetzung-von-menschen-in-notlagen\\\/\"]}]},{\"@type\":\"ImageObject\",\"inLanguage\":\"ro-RO\",\"@id\":\"https:\\\/\\\/gruene-wiesbaden.de\\\/soziale-teilhabe-und-unterstuetzung-von-menschen-in-notlagen\\\/#primaryimage\",\"url\":\"https:\\\/\\\/gruene-wiesbaden.de\\\/wp-content\\\/uploads\\\/2025\\\/11\\\/2.11-Soziale-Teilhabe-und-Unterstuetzung-fuer-Menschen-in-Notlagen-scaled.jpg\",\"contentUrl\":\"https:\\\/\\\/gruene-wiesbaden.de\\\/wp-content\\\/uploads\\\/2025\\\/11\\\/2.11-Soziale-Teilhabe-und-Unterstuetzung-fuer-Menschen-in-Notlagen-scaled.jpg\",\"width\":2560,\"height\":1707},{\"@type\":\"BreadcrumbList\",\"@id\":\"https:\\\/\\\/gruene-wiesbaden.de\\\/soziale-teilhabe-und-unterstuetzung-von-menschen-in-notlagen\\\/#breadcrumb\",\"itemListElement\":[{\"@type\":\"ListItem\",\"position\":1,\"name\":\"Startseite\",\"item\":\"https:\\\/\\\/gruene-wiesbaden.de\\\/\"},{\"@type\":\"ListItem\",\"position\":2,\"name\":\"Soziale Teilhabe und Unterst\u00fctzung von Menschen in Notlagen\"}]},{\"@type\":\"WebSite\",\"@id\":\"https:\\\/\\\/gruene-wiesbaden.de\\\/#website\",\"url\":\"https:\\\/\\\/gruene-wiesbaden.de\\\/\",\"name\":\"DIE GR\u00dcNEN Wiesbaden\",\"description\":\"\",\"publisher\":{\"@id\":\"https:\\\/\\\/gruene-wiesbaden.de\\\/#organization\"},\"potentialAction\":[{\"@type\":\"SearchAction\",\"target\":{\"@type\":\"EntryPoint\",\"urlTemplate\":\"https:\\\/\\\/gruene-wiesbaden.de\\\/?s={search_term_string}\"},\"query-input\":{\"@type\":\"PropertyValueSpecification\",\"valueRequired\":true,\"valueName\":\"search_term_string\"}}],\"inLanguage\":\"ro-RO\"},{\"@type\":\"Organization\",\"@id\":\"https:\\\/\\\/gruene-wiesbaden.de\\\/#organization\",\"name\":\"DIE GR\u00dcNEN Wiesbaden\",\"url\":\"https:\\\/\\\/gruene-wiesbaden.de\\\/\",\"logo\":{\"@type\":\"ImageObject\",\"inLanguage\":\"ro-RO\",\"@id\":\"https:\\\/\\\/gruene-wiesbaden.de\\\/#\\\/schema\\\/logo\\\/image\\\/\",\"url\":\"https:\\\/\\\/gruene-wiesbaden-fuer-europa.de\\\/wp-content\\\/uploads\\\/2024\\\/04\\\/Machen-was-zaehlt-5.png\",\"contentUrl\":\"https:\\\/\\\/gruene-wiesbaden-fuer-europa.de\\\/wp-content\\\/uploads\\\/2024\\\/04\\\/Machen-was-zaehlt-5.png\",\"width\":1772,\"height\":1772,\"caption\":\"DIE GR\u00dcNEN Wiesbaden\"},\"image\":{\"@id\":\"https:\\\/\\\/gruene-wiesbaden.de\\\/#\\\/schema\\\/logo\\\/image\\\/\"},\"sameAs\":[\"https:\\\/\\\/www.facebook.com\\\/gruene.wi\",\"https:\\\/\\\/instagram.com\\\/gruene_wi\"]},{\"@type\":\"Person\",\"@id\":\"https:\\\/\\\/gruene-wiesbaden.de\\\/#\\\/schema\\\/person\\\/6785c34779159cd4fd86886bb097afe9\",\"name\":\"admin\",\"sameAs\":[\"http:\\\/\\\/gruene-wiesbaden-fuer-europa.de\"],\"url\":\"https:\\\/\\\/gruene-wiesbaden.de\\\/ro\\\/author\\\/admin\\\/\"}]}<\/script>\n<!-- \/ Yoast SEO plugin. -->","yoast_head_json":{"title":"Soziale Teilhabe und Unterst\u00fctzung von Menschen in Notlagen - B\u00dcNDNIS 90\/DIE GR\u00dcNEN Wiesbaden","robots":{"index":"index","follow":"follow","max-snippet":"max-snippet:-1","max-image-preview":"max-image-preview:large","max-video-preview":"max-video-preview:-1"},"canonical":"https:\/\/gruene-wiesbaden.de\/ro\/soziale-teilhabe-und-unterstuetzung-von-menschen-in-notlagen\/","og_locale":"ro_RO","og_type":"article","og_title":"Soziale Teilhabe und Unterst\u00fctzung von Menschen in Notlagen - B\u00dcNDNIS 90\/DIE GR\u00dcNEN Wiesbaden","og_url":"https:\/\/gruene-wiesbaden.de\/ro\/soziale-teilhabe-und-unterstuetzung-von-menschen-in-notlagen\/","og_site_name":"B\u00dcNDNIS 90\/DIE GR\u00dcNEN Wiesbaden","article_publisher":"https:\/\/www.facebook.com\/gruene.wi","article_published_time":"2025-11-09T22:21:37+00:00","article_modified_time":"2026-04-09T08:46:37+00:00","og_image":[{"width":2560,"height":1707,"url":"https:\/\/gruene-wiesbaden.de\/wp-content\/uploads\/2025\/11\/2.11-Soziale-Teilhabe-und-Unterstuetzung-fuer-Menschen-in-Notlagen-scaled.jpg","type":"image\/jpeg"}],"author":"admin","twitter_card":"summary_large_image","twitter_misc":{"Scris de":"admin","Timp estimat pentru citire":"7 minutes"},"schema":{"@context":"https:\/\/schema.org","@graph":[{"@type":"Article","@id":"https:\/\/gruene-wiesbaden.de\/soziale-teilhabe-und-unterstuetzung-von-menschen-in-notlagen\/#article","isPartOf":{"@id":"https:\/\/gruene-wiesbaden.de\/soziale-teilhabe-und-unterstuetzung-von-menschen-in-notlagen\/"},"author":{"name":"admin","@id":"https:\/\/gruene-wiesbaden.de\/#\/schema\/person\/6785c34779159cd4fd86886bb097afe9"},"headline":"Soziale Teilhabe und Unterst\u00fctzung von Menschen in Notlagen","datePublished":"2025-11-09T22:21:37+00:00","dateModified":"2026-04-09T08:46:37+00:00","mainEntityOfPage":{"@id":"https:\/\/gruene-wiesbaden.de\/soziale-teilhabe-und-unterstuetzung-von-menschen-in-notlagen\/"},"wordCount":2083,"publisher":{"@id":"https:\/\/gruene-wiesbaden.de\/#organization"},"image":{"@id":"https:\/\/gruene-wiesbaden.de\/soziale-teilhabe-und-unterstuetzung-von-menschen-in-notlagen\/#primaryimage"},"thumbnailUrl":"https:\/\/gruene-wiesbaden.de\/wp-content\/uploads\/2025\/11\/2.11-Soziale-Teilhabe-und-Unterstuetzung-fuer-Menschen-in-Notlagen-scaled.jpg","articleSection":["Kapitel 2"],"inLanguage":"ro-RO"},{"@type":"WebPage","@id":"https:\/\/gruene-wiesbaden.de\/soziale-teilhabe-und-unterstuetzung-von-menschen-in-notlagen\/","url":"https:\/\/gruene-wiesbaden.de\/soziale-teilhabe-und-unterstuetzung-von-menschen-in-notlagen\/","name":"Soziale Teilhabe und Unterst\u00fctzung von Menschen in Notlagen - B\u00dcNDNIS 90\/DIE GR\u00dcNEN Wiesbaden","isPartOf":{"@id":"https:\/\/gruene-wiesbaden.de\/#website"},"primaryImageOfPage":{"@id":"https:\/\/gruene-wiesbaden.de\/soziale-teilhabe-und-unterstuetzung-von-menschen-in-notlagen\/#primaryimage"},"image":{"@id":"https:\/\/gruene-wiesbaden.de\/soziale-teilhabe-und-unterstuetzung-von-menschen-in-notlagen\/#primaryimage"},"thumbnailUrl":"https:\/\/gruene-wiesbaden.de\/wp-content\/uploads\/2025\/11\/2.11-Soziale-Teilhabe-und-Unterstuetzung-fuer-Menschen-in-Notlagen-scaled.jpg","datePublished":"2025-11-09T22:21:37+00:00","dateModified":"2026-04-09T08:46:37+00:00","breadcrumb":{"@id":"https:\/\/gruene-wiesbaden.de\/soziale-teilhabe-und-unterstuetzung-von-menschen-in-notlagen\/#breadcrumb"},"inLanguage":"ro-RO","potentialAction":[{"@type":"ReadAction","target":["https:\/\/gruene-wiesbaden.de\/soziale-teilhabe-und-unterstuetzung-von-menschen-in-notlagen\/"]}]},{"@type":"ImageObject","inLanguage":"ro-RO","@id":"https:\/\/gruene-wiesbaden.de\/soziale-teilhabe-und-unterstuetzung-von-menschen-in-notlagen\/#primaryimage","url":"https:\/\/gruene-wiesbaden.de\/wp-content\/uploads\/2025\/11\/2.11-Soziale-Teilhabe-und-Unterstuetzung-fuer-Menschen-in-Notlagen-scaled.jpg","contentUrl":"https:\/\/gruene-wiesbaden.de\/wp-content\/uploads\/2025\/11\/2.11-Soziale-Teilhabe-und-Unterstuetzung-fuer-Menschen-in-Notlagen-scaled.jpg","width":2560,"height":1707},{"@type":"BreadcrumbList","@id":"https:\/\/gruene-wiesbaden.de\/soziale-teilhabe-und-unterstuetzung-von-menschen-in-notlagen\/#breadcrumb","itemListElement":[{"@type":"ListItem","position":1,"name":"Startseite","item":"https:\/\/gruene-wiesbaden.de\/"},{"@type":"ListItem","position":2,"name":"Soziale Teilhabe und Unterst\u00fctzung von Menschen in Notlagen"}]},{"@type":"WebSite","@id":"https:\/\/gruene-wiesbaden.de\/#website","url":"https:\/\/gruene-wiesbaden.de\/","name":"DIE GR\u00dcNEN Wiesbaden","description":"","publisher":{"@id":"https:\/\/gruene-wiesbaden.de\/#organization"},"potentialAction":[{"@type":"SearchAction","target":{"@type":"EntryPoint","urlTemplate":"https:\/\/gruene-wiesbaden.de\/?s={search_term_string}"},"query-input":{"@type":"PropertyValueSpecification","valueRequired":true,"valueName":"search_term_string"}}],"inLanguage":"ro-RO"},{"@type":"Organization","@id":"https:\/\/gruene-wiesbaden.de\/#organization","name":"DIE GR\u00dcNEN Wiesbaden","url":"https:\/\/gruene-wiesbaden.de\/","logo":{"@type":"ImageObject","inLanguage":"ro-RO","@id":"https:\/\/gruene-wiesbaden.de\/#\/schema\/logo\/image\/","url":"https:\/\/gruene-wiesbaden-fuer-europa.de\/wp-content\/uploads\/2024\/04\/Machen-was-zaehlt-5.png","contentUrl":"https:\/\/gruene-wiesbaden-fuer-europa.de\/wp-content\/uploads\/2024\/04\/Machen-was-zaehlt-5.png","width":1772,"height":1772,"caption":"DIE GR\u00dcNEN Wiesbaden"},"image":{"@id":"https:\/\/gruene-wiesbaden.de\/#\/schema\/logo\/image\/"},"sameAs":["https:\/\/www.facebook.com\/gruene.wi","https:\/\/instagram.com\/gruene_wi"]},{"@type":"Person","@id":"https:\/\/gruene-wiesbaden.de\/#\/schema\/person\/6785c34779159cd4fd86886bb097afe9","name":"admin","sameAs":["http:\/\/gruene-wiesbaden-fuer-europa.de"],"url":"https:\/\/gruene-wiesbaden.de\/ro\/author\/admin\/"}]}},"_links":{"self":[{"href":"https:\/\/gruene-wiesbaden.de\/ro\/wp-json\/wp\/v2\/posts\/1372","targetHints":{"allow":["GET"]}}],"collection":[{"href":"https:\/\/gruene-wiesbaden.de\/ro\/wp-json\/wp\/v2\/posts"}],"about":[{"href":"https:\/\/gruene-wiesbaden.de\/ro\/wp-json\/wp\/v2\/types\/post"}],"author":[{"embeddable":true,"href":"https:\/\/gruene-wiesbaden.de\/ro\/wp-json\/wp\/v2\/users\/1"}],"replies":[{"embeddable":true,"href":"https:\/\/gruene-wiesbaden.de\/ro\/wp-json\/wp\/v2\/comments?post=1372"}],"version-history":[{"count":7,"href":"https:\/\/gruene-wiesbaden.de\/ro\/wp-json\/wp\/v2\/posts\/1372\/revisions"}],"predecessor-version":[{"id":2399,"href":"https:\/\/gruene-wiesbaden.de\/ro\/wp-json\/wp\/v2\/posts\/1372\/revisions\/2399"}],"wp:featuredmedia":[{"embeddable":true,"href":"https:\/\/gruene-wiesbaden.de\/ro\/wp-json\/wp\/v2\/media\/1494"}],"wp:attachment":[{"href":"https:\/\/gruene-wiesbaden.de\/ro\/wp-json\/wp\/v2\/media?parent=1372"}],"wp:term":[{"taxonomy":"category","embeddable":true,"href":"https:\/\/gruene-wiesbaden.de\/ro\/wp-json\/wp\/v2\/categories?post=1372"},{"taxonomy":"post_tag","embeddable":true,"href":"https:\/\/gruene-wiesbaden.de\/ro\/wp-json\/wp\/v2\/tags?post=1372"}],"curies":[{"name":"wp","href":"https:\/\/api.w.org\/{rel}","templated":true}]}}