{"id":1370,"date":"2025-11-10T00:20:32","date_gmt":"2025-11-09T22:20:32","guid":{"rendered":"https:\/\/gruene-wiesbaden.de\/?p=1370"},"modified":"2026-04-09T10:43:56","modified_gmt":"2026-04-09T08:43:56","slug":"seniorinnen","status":"publish","type":"post","link":"https:\/\/gruene-wiesbaden.de\/ro\/seniorinnen\/","title":{"rendered":"V\u00e2rstnici"},"content":{"rendered":"<section class=\"l-section wpb_row height_medium with_img\"><div class=\"l-section-img\" role=\"img\" data-img-width=\"1080\" data-img-height=\"800\" style=\"background-image: url(https:\/\/gruene-wiesbaden.de\/wp-content\/uploads\/2025\/11\/neuer-Verlauf-gruene-wiesbaden.de_-2-e1762709402177.png);\"><\/div><div class=\"l-section-overlay\" style=\"background:var(--color-header-top-transparent-bg)\"><\/div><div class=\"l-section-h i-cf\"><div class=\"g-cols vc_row via_grid cols_1 laptops-cols_inherit tablets-cols_inherit mobiles-cols_1 valign_top type_default stacking_default\"><div class=\"wpb_column vc_column_container\"><div class=\"vc_column-inner\"><h1 class=\"w-post-elm post_title us_custom_a574d586 has_text_color entry-title\">V\u00e2rstnici<\/h1><div class=\"w-separator size_medium\"><\/div><div class=\"g-cols wpb_row via_grid cols_2-1 laptops-cols_inherit tablets-cols_inherit mobiles-cols_1 valign_top type_default stacking_default\" style=\"--columns-gap:3rem;\"><div class=\"wpb_column vc_column_container\"><div class=\"vc_column-inner\"><div class=\"wpb_text_column us_custom_8b3d6790 has_text_color\"><div class=\"wpb_wrapper\"><p><span style=\"font-weight: 400;\">Schimb\u0103rile demografice au avut loc de mult timp la Wiesbaden. \u00cen prezent, 20% dintre Wiesbadeners au peste 65 de ani. Politica municipal\u0103 a cet\u0103\u021benilor \u00een v\u00e2rst\u0103 se confrunt\u0103 cu provoc\u0103ri majore \u00een contextul schimb\u0103rilor structurale sociale \u0219i demografice. Noi, Verzii, dorim s\u0103 promov\u0103m nevoile persoanelor \u00een v\u00e2rst\u0103 \u00een cadrul ini\u021biativelor de politic\u0103 social\u0103: \u00cen domeniile s\u0103n\u0103t\u0103\u021bii \u0219i \u00eengrijirii, dar \u0219i al educa\u021biei, culturii \u0219i particip\u0103rii. Autodeterminarea \u0219i p\u0103strarea independen\u021bei persoanelor \u00een v\u00e2rst\u0103 reprezint\u0103 o preocupare deosebit\u0103 pentru noi. Sus\u021binem diverse imagini de v\u00e2rst\u0103 \u0219i vedem poten\u021bialul societ\u0103\u021bii urbane \u00een faza de v\u00e2rst\u0103 a vie\u021bii.<\/span><\/p>\n<\/div><\/div><div class=\"w-separator size_medium\"><\/div><div class=\"w-btn-wrapper align_left\"><a class=\"w-btn us-btn-style_8 icon_atleft\" href=\"https:\/\/gruene-wiesbaden.de\/ro\/kommunalwahl\/#Kapitel2\"><i class=\"fas fa-chevron-circle-right\"><\/i><span class=\"w-btn-label\">\u00cenapoi la prezentare general\u0103<\/span><\/a><\/div><\/div><\/div><div class=\"wpb_column vc_column_container\"><div class=\"vc_column-inner\"><div class=\"w-image align_center\"><div class=\"w-image-h\"><img decoding=\"async\" width=\"1707\" height=\"2560\" src=\"https:\/\/gruene-wiesbaden.de\/wp-content\/uploads\/2025\/11\/2.10-Seniorinnen-scaled.jpg\" class=\"attachment-full size-full\" alt=\"\" loading=\"lazy\" srcset=\"https:\/\/gruene-wiesbaden.de\/wp-content\/uploads\/2025\/11\/2.10-Seniorinnen-scaled.jpg 1707w, https:\/\/gruene-wiesbaden.de\/wp-content\/uploads\/2025\/11\/2.10-Seniorinnen-267x400.jpg 267w, https:\/\/gruene-wiesbaden.de\/wp-content\/uploads\/2025\/11\/2.10-Seniorinnen-400x600.jpg 400w\" sizes=\"auto, (max-width: 1707px) 100vw, 1707px\" \/><\/div><\/div><div class=\"w-separator size_small\"><\/div><\/div><\/div><\/div><div class=\"w-separator size_medium\"><\/div><div class=\"w-separator size_medium\"><\/div><div class=\"wpb_text_column us_custom_29deb344 has_text_color\"><div class=\"wpb_wrapper\"><h1>Ce \u00eenseamn\u0103 o politic\u0103 bun\u0103 pentru v\u00e2rstnici<\/h1>\n<\/div><\/div><div class=\"w-separator size_large\"><\/div><div class=\"g-cols wpb_row via_grid cols_3 laptops-cols_inherit tablets-cols_inherit mobiles-cols_1 valign_top type_default stacking_default\" style=\"--columns-gap:3rem;\"><div class=\"wpb_column vc_column_container\"><div class=\"vc_column-inner\"><div class=\"w-iconbox us_custom_8b3d6790 has_text_color iconpos_left style_default color_custom align_left\"><div class=\"w-iconbox-icon\" style=\"font-size:2rem;--icon-color:#Ffffff;--icon-bg-color:var(--color-header-middle-bg);\"><i class=\"fas fa-layer-group\"><\/i><\/div><div class=\"w-iconbox-meta\"><h4 class=\"w-iconbox-title\" style=\"font-size:1.5rem;\">Autodeterminarea garan\u021biei<\/h4><div class=\"w-iconbox-text\"><p><span style=\"font-weight: 400;\">Persoanele \u00een v\u00e2rst\u0103 ar trebui s\u0103 fie \u00een m\u0103sur\u0103 s\u0103 ia propriile decizii cu privire la via\u021ba lor \u0219i s\u0103 primeasc\u0103 sprijin cuprinz\u0103tor \u00een acest proces.<\/span><\/p>\n<\/div><\/div><\/div><\/div><\/div><div class=\"wpb_column vc_column_container\"><div class=\"vc_column-inner\"><div class=\"w-iconbox us_custom_8b3d6790 has_text_color iconpos_left style_default color_custom align_left\"><div class=\"w-iconbox-icon\" style=\"font-size:2rem;--icon-color:#Ffffff;--icon-bg-color:var(--color-header-transparent-text);\"><i class=\"fas fa-layer-group\"><\/i><\/div><div class=\"w-iconbox-meta\"><h4 class=\"w-iconbox-title\" style=\"font-size:1.5rem;\">Facilitarea particip\u0103rii<\/h4><div class=\"w-iconbox-text\"><p><span style=\"font-weight: 400;\">Persoanele \u00een v\u00e2rst\u0103 reprezint\u0103 o parte important\u0103 a societ\u0103\u021bii urbane \u0219i ar trebui s\u0103 poat\u0103 participa activ la via\u021ba social\u0103.<\/span><\/p>\n<\/div><\/div><\/div><\/div><\/div><div class=\"wpb_column vc_column_container\"><div class=\"vc_column-inner\"><div class=\"w-iconbox us_custom_8b3d6790 has_text_color iconpos_left style_default color_custom align_left\"><div class=\"w-iconbox-icon\" style=\"font-size:2rem;--icon-color:#Ffffff;--icon-bg-color:var(--color-header-transparent-text);\"><i class=\"fas fa-layer-group\"><\/i><\/div><div class=\"w-iconbox-meta\"><h4 class=\"w-iconbox-title\" style=\"font-size:1.5rem;\">accesibilitatea<\/h4><div class=\"w-iconbox-text\"><p><span style=\"font-weight: 400;\">Un ora\u0219 adaptat v\u00e2rstei permite tuturor oamenilor, indiferent de v\u00e2rst\u0103, s\u0103 utilizeze spa\u021biul public pe picior de egalitate.<\/span><\/p>\n<\/div><\/div><\/div><\/div><\/div><\/div><div class=\"w-separator size_medium\"><\/div><div class=\"g-cols wpb_row via_grid cols_3 laptops-cols_inherit tablets-cols_inherit mobiles-cols_1 valign_top type_default stacking_default\" style=\"--columns-gap:3rem;\"><div class=\"wpb_column vc_column_container\"><div class=\"vc_column-inner\"><div class=\"w-iconbox us_custom_8b3d6790 has_text_color iconpos_left style_default color_custom align_left\"><div class=\"w-iconbox-icon\" style=\"font-size:2rem;--icon-color:#Ffffff;--icon-bg-color:var(--color-header-middle-bg);\"><i class=\"fas fa-layer-group\"><\/i><\/div><div class=\"w-iconbox-meta\"><h4 class=\"w-iconbox-title\" style=\"font-size:1.5rem;\">Condi\u021bii de via\u021b\u0103 \u00een vecin\u0103tate<\/h4><div class=\"w-iconbox-text\"><p><span style=\"font-weight: 400;\">\u00cengrijirea reziden\u021bial\u0103 \u0219i structurile \u00eenvecinate permit o via\u021b\u0103 independent\u0103 \u00eentr-un mediu familiar.<\/span><\/p>\n<\/div><\/div><\/div><\/div><\/div><div class=\"wpb_column vc_column_container\"><div class=\"vc_column-inner\"><div class=\"w-iconbox us_custom_8b3d6790 has_text_color iconpos_left style_default color_custom align_left\"><div class=\"w-iconbox-icon\" style=\"font-size:2rem;--icon-color:#Ffffff;--icon-bg-color:var(--color-header-transparent-text);\"><i class=\"fas fa-layer-group\"><\/i><\/div><div class=\"w-iconbox-meta\"><h4 class=\"w-iconbox-title\" style=\"font-size:1.5rem;\">Reunirea genera\u021biilor<\/h4><div class=\"w-iconbox-text\"><p><span style=\"font-weight: 400;\">Schimbul dintre tineri \u0219i b\u0103tr\u00e2ni \u00eembog\u0103\u021be\u0219te societatea noastr\u0103 urban\u0103 \u0219i consolideaz\u0103 coeziunea social\u0103.<\/span><\/p>\n<\/div><\/div><\/div><\/div><\/div><div class=\"wpb_column vc_column_container\"><div class=\"vc_column-inner\"><div class=\"w-iconbox us_custom_8b3d6790 has_text_color iconpos_left style_default color_custom align_left\"><div class=\"w-iconbox-icon\" style=\"font-size:2rem;--icon-color:#Ffffff;--icon-bg-color:var(--color-header-transparent-text);\"><i class=\"fas fa-layer-group\"><\/i><\/div><div class=\"w-iconbox-meta\"><h4 class=\"w-iconbox-title\" style=\"font-size:1.5rem;\">prevenire<\/h4><div class=\"w-iconbox-text\"><p><span style=\"font-weight: 400;\">Sprijinul timpuriu \u0219i promovarea s\u0103n\u0103t\u0103\u021bii contribuie la men\u021binerea activit\u0103\u021bii independente c\u00e2t mai mult timp posibil.<\/span><\/p>\n<\/div><\/div><\/div><\/div><\/div><\/div><div class=\"w-separator size_medium\"><\/div><div class=\"w-btn-wrapper align_left\"><a class=\"w-btn us-btn-style_8 icon_atleft\" href=\"https:\/\/gruene-wiesbaden.de\/ro\/kommunalwahl\/#Kapitel2\"><i class=\"fas fa-chevron-circle-right\"><\/i><span class=\"w-btn-label\">\u00cenapoi la prezentare general\u0103<\/span><\/a><\/div><div class=\"w-separator size_medium\"><\/div><\/div><\/div><\/div><\/div><\/section><section class=\"l-section wpb_row height_auto with_img\"><div class=\"l-section-img\" role=\"img\" data-img-width=\"1707\" data-img-height=\"2560\" style=\"background-image: url(https:\/\/gruene-wiesbaden.de\/wp-content\/uploads\/2025\/11\/2.10-Seniorinnen-scaled.jpg);background-repeat: no-repeat;\"><\/div><div class=\"l-section-overlay\" style=\"background:var(--color-header-top-transparent-bg)\"><\/div><div class=\"l-section-h i-cf\"><div class=\"g-cols vc_row via_grid cols_1 laptops-cols_inherit tablets-cols_inherit mobiles-cols_1 valign_middle type_default stacking_default\" style=\"--columns-gap:1rem;\"><div class=\"wpb_column vc_column_container\"><div class=\"vc_column-inner\"><div class=\"w-separator size_large\"><\/div><div class=\"wpb_text_column background_inside_text\"><div class=\"wpb_wrapper\"><h1>Ce vrem s\u0103 facem \u00een mod special \u00een acest domeniu<\/h1>\n<\/div><\/div><div class=\"w-separator size_medium\"><\/div><div class=\"w-tabs us_custom_42d693a0 has_text_color style_default switch_click accordion has_scrolling\" style=\"--sections-title-size:1.4rem\"><div class=\"w-tabs-sections titles-align_none icon_chevron cpos_right\"><div class=\"w-tabs-section has_text_color\" id=\"i923\" style=\"background:var(--color-header-transparent-text);color:var(--color-header-top-text-hover);\"><button class=\"w-tabs-section-header\" aria-controls=\"content-i923\" aria-expanded=\"false\"><div class=\"w-tabs-section-title\">Transformarea Wiesbaden \u00eentr-un ora\u0219 mai adaptat v\u00e2rstei<\/div><div class=\"w-tabs-section-control\"><\/div><\/button><div  class=\"w-tabs-section-content\" id=\"content-i923\"><div class=\"w-tabs-section-content-h i-cf\"><div class=\"wpb_text_column\"><div class=\"wpb_wrapper\"><p><span style=\"font-weight: 400;\">Pentru a face \u00een mod sistematic Wiesbaden adecvat v\u00e2rstei, Wiesbaden s-a al\u0103turat ini\u021biativei OMS \"Ora\u0219ul prietenos v\u00e2rstei\". \u00cen acest context, dorim s\u0103 punem \u00een aplicare concepte suplimentare pentru transport, locuin\u021be, spa\u021biu public, participare social\u0103 \u0219i asisten\u021b\u0103 medical\u0103.<\/span><\/p>\n<\/div><\/div><\/div><\/div><\/div><div class=\"w-tabs-section has_text_color\" id=\"ta3b\" style=\"background:var(--color-header-transparent-text);color:var(--color-header-top-text-hover);\"><button class=\"w-tabs-section-header\" aria-controls=\"content-ta3b\" aria-expanded=\"false\"><div class=\"w-tabs-section-title\">Consolidarea centrelor de consiliere pentru o via\u021b\u0103 independent\u0103<\/div><div class=\"w-tabs-section-control\"><\/div><\/button><div  class=\"w-tabs-section-content\" id=\"content-ta3b\"><div class=\"w-tabs-section-content-h i-cf\"><div class=\"wpb_text_column\"><div class=\"wpb_wrapper\"><p><span style=\"font-weight: 400;\">Promov\u0103m concepte pentru o via\u021b\u0103 autonom\u0103 la b\u0103tr\u00e2ne\u021be, cu accent pe formele comune de via\u021b\u0103, locurile de \u00eent\u00e2lnire pentru persoanele \u00een v\u00e2rst\u0103 \u0219i mobilitatea local\u0103 f\u0103r\u0103 bariere pentru a consolida activitatea independent\u0103.<\/span><\/p>\n<\/div><\/div><\/div><\/div><\/div><div class=\"w-tabs-section has_text_color\" id=\"bb53\" style=\"background:var(--color-header-transparent-text);color:var(--color-header-top-text-hover);\"><button class=\"w-tabs-section-header\" aria-controls=\"content-bb53\" aria-expanded=\"false\"><div class=\"w-tabs-section-title\">Introducerea unui proiect de asistent comunitar<\/div><div class=\"w-tabs-section-control\"><\/div><\/button><div  class=\"w-tabs-section-content\" id=\"content-bb53\"><div class=\"w-tabs-section-content-h i-cf\"><div class=\"wpb_text_column\"><div class=\"wpb_wrapper\"><p><span style=\"font-weight: 400;\">Profesioni\u0219tii instrui\u021bi viziteaz\u0103 \u00een mod regulat persoanele \u00een v\u00e2rst\u0103 la domiciliu, identific\u0103 nevoile de \u00eengrijire \u0219i coordoneaz\u0103 serviciile de sprijin pe teren, chiar \u0219i dincolo de nevoile tradi\u021bionale de \u00eengrijire.<\/span><\/p>\n<\/div><\/div><\/div><\/div><\/div><div class=\"w-tabs-section has_text_color\" id=\"fc99\" style=\"background:var(--color-header-middle-bg);color:var(--color-content-heading);\"><button class=\"w-tabs-section-header\" aria-controls=\"content-fc99\" aria-expanded=\"false\"><div class=\"w-tabs-section-title\">Promovarea siguran\u021bei la volan \u0219i a form\u0103rii \u00een domeniul aplica\u021biilor<\/div><div class=\"w-tabs-section-control\"><\/div><\/button><div  class=\"w-tabs-section-content\" id=\"content-fc99\"><div class=\"w-tabs-section-content-h i-cf\"><div class=\"wpb_text_column\"><div class=\"wpb_wrapper\"><p><span style=\"font-weight: 400;\">Instruirile practice pentru manipularea \u00een siguran\u021b\u0103 a bicicletelor electrice, utilizarea aplica\u021biei RMV sau comportamentul \u00een autobuz \u0219i tren consolideaz\u0103 independen\u021ba \u0219i siguran\u021ba, \u00een special a persoanelor \u00een v\u00e2rst\u0103.<\/span><\/p>\n<\/div><\/div><\/div><\/div><\/div><div class=\"w-tabs-section has_text_color\" id=\"hdad\" style=\"background:var(--color-header-transparent-text);color:var(--color-header-top-text-hover);\"><button class=\"w-tabs-section-header\" aria-controls=\"content-hdad\" aria-expanded=\"false\"><div class=\"w-tabs-section-title\">Extinderea re\u021belelor de demen\u021b\u0103 \u0219i a facilit\u0103\u021bilor de consiliere<\/div><div class=\"w-tabs-section-control\"><\/div><\/button><div  class=\"w-tabs-section-content\" id=\"content-hdad\"><div class=\"w-tabs-section-content-h i-cf\"><div class=\"wpb_text_column\"><div class=\"wpb_wrapper\"><p><span style=\"font-weight: 400;\">Dorim ca strategia na\u021bional\u0103 privind demen\u021ba s\u0103 fie pus\u0103 \u00een aplicare prin m\u0103suri de sprijin \u0219i de prevenire, cum ar fi participarea social\u0103, comunicarea, exerci\u021biile fizice \u0219i serviciile speciale de mobilitate.<\/span><\/p>\n<\/div><\/div><\/div><\/div><\/div><div class=\"w-tabs-section has_text_color\" id=\"dec1\" style=\"background:var(--color-header-middle-bg);color:var(--color-header-middle-text);\"><button class=\"w-tabs-section-header\" aria-controls=\"content-dec1\" aria-expanded=\"false\"><div class=\"w-tabs-section-title\">Strategii de combatere a singur\u0103t\u0103\u021bii<\/div><div class=\"w-tabs-section-control\"><\/div><\/button><div  class=\"w-tabs-section-content\" id=\"content-dec1\"><div class=\"w-tabs-section-content-h i-cf\"><div class=\"wpb_text_column\"><div class=\"wpb_wrapper\"><p><span style=\"font-weight: 400;\">Dorim s\u0103 promov\u0103m via\u021ba \u00een vecin\u0103tate prin programe comunitare \u0219i intergenera\u021bionale care s\u0103 contracareze izolarea social\u0103 \u0219i s\u0103 consolideze leg\u0103turile de vecin\u0103tate. \u00cent\u00e2lnirile cet\u0103\u021benilor \u00een v\u00e2rst\u0103 din districte trebuie p\u0103strate.<\/span><\/p>\n<\/div><\/div><\/div><\/div><\/div><div class=\"w-tabs-section has_text_color\" id=\"mfd5\" style=\"background:var(--color-header-transparent-text);color:var(--color-header-top-text-hover);\"><button class=\"w-tabs-section-header\" aria-controls=\"content-mfd5\" aria-expanded=\"false\"><div class=\"w-tabs-section-title\">Sprijin financiar pentru academie pentru persoanele \u00een v\u00e2rst\u0103<\/div><div class=\"w-tabs-section-control\"><\/div><\/button><div  class=\"w-tabs-section-content\" id=\"content-mfd5\"><div class=\"w-tabs-section-content-h i-cf\"><div class=\"wpb_text_column\"><div class=\"wpb_wrapper\"><p><span style=\"font-weight: 400;\">Re\u021beaua institu\u021biilor de \u00eenv\u0103\u021b\u0103m\u00e2nt prime\u0219te sprijin financiar pentru coordonarea \u0219i dezvoltarea de oferte educa\u021bionale adecvate v\u00e2rstei \u0219i de proiecte intergenera\u021bionale.<\/span><\/p>\n<\/div><\/div><\/div><\/div><\/div><div class=\"w-tabs-section has_text_color\" id=\"a114\" style=\"background:var(--color-header-transparent-text);color:var(--color-header-top-text-hover);\"><button class=\"w-tabs-section-header\" aria-controls=\"content-a114\" aria-expanded=\"false\"><div class=\"w-tabs-section-title\">Elaborarea de m\u0103suri de protec\u021bie \u00eempotriva violen\u021bei la b\u0103tr\u00e2ne\u021be<\/div><div class=\"w-tabs-section-control\"><\/div><\/button><div  class=\"w-tabs-section-content\" id=\"content-a114\"><div class=\"w-tabs-section-content-h i-cf\"><div class=\"wpb_text_column\"><div class=\"wpb_wrapper\"><p><span style=\"font-weight: 400;\">Persoanele \u00een v\u00e2rst\u0103 sunt supuse \u00een mod repetat violen\u021bei fizice sau psihologice. \u00centruc\u00e2t se confrunt\u0103 adesea cu obstacole mai mari \u00een calea accesului la asisten\u021b\u0103 \u0219i sunt mai susceptibile de a fi afectate de s\u0103r\u0103cie \u00een viitor, ele au nevoie de o protec\u021bie cu prag sc\u0103zut, \u00een special pentru femeile \u00een v\u00e2rst\u0103.<\/span><\/p>\n<\/div><\/div><\/div><\/div><\/div><\/div><\/div><div class=\"w-separator size_medium\"><\/div><div class=\"w-btn-wrapper align_left\"><a class=\"w-btn us-btn-style_8 icon_atleft\" href=\"https:\/\/gruene-wiesbaden.de\/ro\/kommunalwahl\/#Kapitel2\"><i class=\"fas fa-chevron-circle-right\"><\/i><span class=\"w-btn-label\">\u00cenapoi la prezentare general\u0103<\/span><\/a><\/div><div class=\"w-separator size_large\"><\/div><div class=\"wpb_text_column\"><div class=\"wpb_wrapper\"><h1>Ceea ce am realizat deja<\/h1>\n<\/div><\/div><div class=\"w-separator size_medium\"><\/div><div class=\"w-tabs us_custom_42d693a0 has_text_color style_default switch_click accordion has_scrolling\" style=\"--sections-title-size:1.4rem\"><div class=\"w-tabs-sections titles-align_none icon_chevron cpos_right\"><div class=\"w-tabs-section has_text_color\" id=\"i2a6\" style=\"background:var(--color-header-transparent-text);color:var(--color-header-top-text-hover);\"><button class=\"w-tabs-section-header\" aria-controls=\"content-i2a6\" aria-expanded=\"false\"><div class=\"w-tabs-section-title\">Case de cartier pentru o via\u021b\u0103 auto-determinat\u0103 la b\u0103tr\u00e2ne\u021be<\/div><div class=\"w-tabs-section-control\"><\/div><\/button><div  class=\"w-tabs-section-content\" id=\"content-i2a6\"><div class=\"w-tabs-section-content-h i-cf\"><div class=\"wpb_text_column\"><div class=\"wpb_wrapper\"><p><span style=\"font-weight: 400;\">Odat\u0103 cu lansarea proiectului Quartiersh\u00e4user Wiesbaden \u00een 2023, exist\u0103 noi spa\u021bii pentru \u00eent\u00e2lnire, participare \u0219i via\u021b\u0103 autonom\u0103 la b\u0103tr\u00e2ne\u021be. Urm\u00e2nd modelul \u201emodelului Bielefeld\u201d, casele de cartier combin\u0103 via\u021ba f\u0103r\u0103 bariere cu infrastructura social\u0103 \u2013 s\u0103li de reuniune, consiliere \u0219i asisten\u021b\u0103 pentru vecin\u0103tate. Ele promoveaz\u0103 coeziunea \u00een district \u0219i previn singur\u0103tatea. Acest lucru promoveaz\u0103 coexisten\u021ba \u00eentre genera\u021bii, participarea social\u0103 \u0219i posibilitatea de a tr\u0103i autodeterminat \u00eentr-un mediu familiar chiar \u0219i la b\u0103tr\u00e2ne\u021be.<\/span><\/p>\n<\/div><\/div><\/div><\/div><\/div><div class=\"w-tabs-section has_text_color\" id=\"l3e0\" style=\"background:var(--color-header-transparent-text);color:var(--color-header-top-text-hover);\"><button class=\"w-tabs-section-header\" aria-controls=\"content-l3e0\" aria-expanded=\"false\"><div class=\"w-tabs-section-title\">Mai multe locuri de \u00eengrijire create<\/div><div class=\"w-tabs-section-control\"><\/div><\/button><div  class=\"w-tabs-section-content\" id=\"content-l3e0\"><div class=\"w-tabs-section-content-h i-cf\"><div class=\"wpb_text_column\"><div class=\"wpb_wrapper\"><p><span style=\"font-weight: 400;\">Casa Moritz Lang din Dotzheim va fi gata de ocupare din toamna anului 2026, cu 104 locuri de spitalizare \u0219i 14 de \u00eengrijire pe termen scurt. Acest lucru creeaz\u0103 capacit\u0103\u021bile at\u00e2t de necesare \u0219i permite o \u00eengrijire modernizat\u0103 \u00een conformitate cu standardele actuale.<\/span><\/p>\n<\/div><\/div><\/div><\/div><\/div><div class=\"w-tabs-section has_text_color\" id=\"m4fb\" style=\"background:var(--color-header-transparent-text);color:var(--color-header-top-text-hover);\"><button class=\"w-tabs-section-header\" aria-controls=\"content-m4fb\" aria-expanded=\"false\"><div class=\"w-tabs-section-title\">Consolidarea mobilit\u0103\u021bii f\u0103r\u0103 bariere<\/div><div class=\"w-tabs-section-control\"><\/div><\/button><div  class=\"w-tabs-section-content\" id=\"content-m4fb\"><div class=\"w-tabs-section-content-h i-cf\"><div class=\"wpb_text_column\"><div class=\"wpb_wrapper\"><p><span style=\"font-weight: 400;\">GR\u00dcNE a asigurat o \u00eembun\u0103t\u0103\u021bire semnificativ\u0103 a mobilit\u0103\u021bii pentru persoanele \u00een v\u00e2rst\u0103 din Wiesbaden. Numeroase sta\u021bii de autobuz au fost adaptate pentru a fi utilizate f\u0103r\u0103 bariere \u2013 cu borduri ridicate, elemente de ghidare tactile \u0219i zone de intrare extinse. Multe semafoare au acum \u0219i semnale acustice. La gara principal\u0103 \u0219i \u00een pia\u021b\u0103, noile h\u0103r\u021bi tactile ale ora\u0219ului le permit nev\u0103z\u0103torilor \u0219i persoanelor cu deficien\u021be de vedere s\u0103 se orienteze mai u\u0219or. \u00cen plus, o informare digital\u0103 a pasagerilor cu anun\u021bul cererii f\u0103r\u0103 bariere la gara principal\u0103 asigur\u0103 faptul c\u0103 to\u021bi pasagerii pot prelua informa\u021biile \u00een mod independent. Aceste m\u0103suri faciliteaz\u0103 accesul \u00een condi\u021bii de siguran\u021b\u0103 al persoanelor \u00een v\u00e2rst\u0103 la autobuze, trenuri \u0219i spa\u021bii publice \u2013 pentru o mai mare autonomie, siguran\u021b\u0103 \u0219i calitate a vie\u021bii \u00een via\u021ba de zi cu zi.<\/span><\/p>\n<\/div><\/div><\/div><\/div><\/div><div class=\"w-tabs-section has_text_color\" id=\"b612\" style=\"background:var(--color-header-middle-bg);color:var(--color-content-heading);\"><button class=\"w-tabs-section-header\" aria-controls=\"content-b612\" aria-expanded=\"false\"><div class=\"w-tabs-section-title\">Facilitarea timpului liber \u0219i a recreerii pentru toate genera\u021biile<\/div><div class=\"w-tabs-section-control\"><\/div><\/button><div  class=\"w-tabs-section-content\" id=\"content-b612\"><div class=\"w-tabs-section-content-h i-cf\"><div class=\"wpb_text_column\"><div class=\"wpb_wrapper\"><p><span style=\"font-weight: 400;\">La Kransand din Mainz-Kastel, am \u00eembun\u0103t\u0103\u021bit \u00een mod cuprinz\u0103tor accesibilitatea. Un nou ascensor conecteaz\u0103 malurile Rinului \u0219i capul de pod pe o diferen\u021b\u0103 de \u00een\u0103l\u021bime de \u0219ase metri, astfel \u00eenc\u00e2t persoanele cu mobilitate redus\u0103 s\u0103 poat\u0103 ajunge cu u\u0219urin\u021b\u0103 la zona de agrement. Traseele f\u0103r\u0103 bariere, scaunele \u0219i instala\u021biile sanitare permit persoanelor \u00een v\u00e2rst\u0103 accesul egal la mi\u0219care, \u00eent\u00e2lnire \u0219i recreere pe Rin.<\/span><\/p>\n<\/div><\/div><\/div><\/div><\/div><\/div><\/div><div class=\"w-separator size_medium\"><\/div><div class=\"w-btn-wrapper align_left\"><a class=\"w-btn us-btn-style_8 icon_atleft\" href=\"https:\/\/gruene-wiesbaden.de\/ro\/kommunalwahl\/#Kapitel2\"><i class=\"fas fa-chevron-circle-right\"><\/i><span class=\"w-btn-label\">\u00cenapoi la prezentare general\u0103<\/span><\/a><\/div><div class=\"w-separator size_large\"><\/div><\/div><\/div><\/div><\/div><\/section>","protected":false},"excerpt":{"rendered":"Schimb\u0103rile demografice au avut loc de mult timp la Wiesbaden. \u00cen prezent, 20% dintre Wiesbadeners au peste 65 de ani. Politica municipal\u0103 a cet\u0103\u021benilor \u00een v\u00e2rst\u0103 se confrunt\u0103 cu provoc\u0103ri majore \u00een contextul schimb\u0103rilor structurale sociale \u0219i demografice. Noi, Verzii, dorim s\u0103 promov\u0103m nevoile persoanelor \u00een v\u00e2rst\u0103 \u00een cadrul ini\u021biativelor de politic\u0103 social\u0103: \u00cen domeniile s\u0103n\u0103t\u0103\u021bii \u0219i \u00eengrijirii, dar \u0219i al educa\u021biei, culturii \u0219i particip\u0103rii. \u00cen...","protected":false},"author":1,"featured_media":1493,"comment_status":"closed","ping_status":"closed","sticky":false,"template":"","format":"standard","meta":{"footnotes":""},"categories":[15],"tags":[],"class_list":["post-1370","post","type-post","status-publish","format-standard","has-post-thumbnail","hentry","category-kapitel-2"],"yoast_head":"<!-- This site is optimized with the Yoast SEO plugin v27.5 - https:\/\/yoast.com\/product\/yoast-seo-wordpress\/ -->\n<title>Senior*innen - B\u00dcNDNIS 90\/DIE GR\u00dcNEN Wiesbaden<\/title>\n<meta name=\"robots\" content=\"index, follow, max-snippet:-1, max-image-preview:large, max-video-preview:-1\" \/>\n<link rel=\"canonical\" href=\"https:\/\/gruene-wiesbaden.de\/ro\/seniorinnen\/\" \/>\n<meta property=\"og:locale\" content=\"ro_RO\" \/>\n<meta property=\"og:type\" content=\"article\" \/>\n<meta property=\"og:title\" content=\"Senior*innen - B\u00dcNDNIS 90\/DIE GR\u00dcNEN Wiesbaden\" \/>\n<meta property=\"og:url\" content=\"https:\/\/gruene-wiesbaden.de\/ro\/seniorinnen\/\" \/>\n<meta property=\"og:site_name\" content=\"B\u00dcNDNIS 90\/DIE GR\u00dcNEN Wiesbaden\" \/>\n<meta property=\"article:publisher\" content=\"https:\/\/www.facebook.com\/gruene.wi\" \/>\n<meta property=\"article:published_time\" content=\"2025-11-09T22:20:32+00:00\" \/>\n<meta property=\"article:modified_time\" content=\"2026-04-09T08:43:56+00:00\" \/>\n<meta property=\"og:image\" content=\"https:\/\/gruene-wiesbaden.de\/wp-content\/uploads\/2025\/11\/2.10-Seniorinnen-scaled.jpg\" \/>\n\t<meta property=\"og:image:width\" content=\"1707\" \/>\n\t<meta property=\"og:image:height\" content=\"2560\" \/>\n\t<meta property=\"og:image:type\" content=\"image\/jpeg\" \/>\n<meta name=\"author\" content=\"admin\" \/>\n<meta name=\"twitter:card\" content=\"summary_large_image\" \/>\n<meta name=\"twitter:label1\" content=\"Scris de\" \/>\n\t<meta name=\"twitter:data1\" content=\"admin\" \/>\n\t<meta name=\"twitter:label2\" content=\"Timp estimat pentru citire\" \/>\n\t<meta name=\"twitter:data2\" content=\"6 minutes\" \/>\n<script type=\"application\/ld+json\" class=\"yoast-schema-graph\">{\"@context\":\"https:\\\/\\\/schema.org\",\"@graph\":[{\"@type\":\"Article\",\"@id\":\"https:\\\/\\\/gruene-wiesbaden.de\\\/seniorinnen\\\/#article\",\"isPartOf\":{\"@id\":\"https:\\\/\\\/gruene-wiesbaden.de\\\/seniorinnen\\\/\"},\"author\":{\"name\":\"admin\",\"@id\":\"https:\\\/\\\/gruene-wiesbaden.de\\\/#\\\/schema\\\/person\\\/6785c34779159cd4fd86886bb097afe9\"},\"headline\":\"Senior*innen\",\"datePublished\":\"2025-11-09T22:20:32+00:00\",\"dateModified\":\"2026-04-09T08:43:56+00:00\",\"mainEntityOfPage\":{\"@id\":\"https:\\\/\\\/gruene-wiesbaden.de\\\/seniorinnen\\\/\"},\"wordCount\":1849,\"publisher\":{\"@id\":\"https:\\\/\\\/gruene-wiesbaden.de\\\/#organization\"},\"image\":{\"@id\":\"https:\\\/\\\/gruene-wiesbaden.de\\\/seniorinnen\\\/#primaryimage\"},\"thumbnailUrl\":\"https:\\\/\\\/gruene-wiesbaden.de\\\/wp-content\\\/uploads\\\/2025\\\/11\\\/2.10-Seniorinnen-scaled.jpg\",\"articleSection\":[\"Kapitel 2\"],\"inLanguage\":\"ro-RO\"},{\"@type\":\"WebPage\",\"@id\":\"https:\\\/\\\/gruene-wiesbaden.de\\\/seniorinnen\\\/\",\"url\":\"https:\\\/\\\/gruene-wiesbaden.de\\\/seniorinnen\\\/\",\"name\":\"Senior*innen - B\u00dcNDNIS 90\\\/DIE GR\u00dcNEN Wiesbaden\",\"isPartOf\":{\"@id\":\"https:\\\/\\\/gruene-wiesbaden.de\\\/#website\"},\"primaryImageOfPage\":{\"@id\":\"https:\\\/\\\/gruene-wiesbaden.de\\\/seniorinnen\\\/#primaryimage\"},\"image\":{\"@id\":\"https:\\\/\\\/gruene-wiesbaden.de\\\/seniorinnen\\\/#primaryimage\"},\"thumbnailUrl\":\"https:\\\/\\\/gruene-wiesbaden.de\\\/wp-content\\\/uploads\\\/2025\\\/11\\\/2.10-Seniorinnen-scaled.jpg\",\"datePublished\":\"2025-11-09T22:20:32+00:00\",\"dateModified\":\"2026-04-09T08:43:56+00:00\",\"breadcrumb\":{\"@id\":\"https:\\\/\\\/gruene-wiesbaden.de\\\/seniorinnen\\\/#breadcrumb\"},\"inLanguage\":\"ro-RO\",\"potentialAction\":[{\"@type\":\"ReadAction\",\"target\":[\"https:\\\/\\\/gruene-wiesbaden.de\\\/seniorinnen\\\/\"]}]},{\"@type\":\"ImageObject\",\"inLanguage\":\"ro-RO\",\"@id\":\"https:\\\/\\\/gruene-wiesbaden.de\\\/seniorinnen\\\/#primaryimage\",\"url\":\"https:\\\/\\\/gruene-wiesbaden.de\\\/wp-content\\\/uploads\\\/2025\\\/11\\\/2.10-Seniorinnen-scaled.jpg\",\"contentUrl\":\"https:\\\/\\\/gruene-wiesbaden.de\\\/wp-content\\\/uploads\\\/2025\\\/11\\\/2.10-Seniorinnen-scaled.jpg\",\"width\":1707,\"height\":2560},{\"@type\":\"BreadcrumbList\",\"@id\":\"https:\\\/\\\/gruene-wiesbaden.de\\\/seniorinnen\\\/#breadcrumb\",\"itemListElement\":[{\"@type\":\"ListItem\",\"position\":1,\"name\":\"Startseite\",\"item\":\"https:\\\/\\\/gruene-wiesbaden.de\\\/\"},{\"@type\":\"ListItem\",\"position\":2,\"name\":\"Senior*innen\"}]},{\"@type\":\"WebSite\",\"@id\":\"https:\\\/\\\/gruene-wiesbaden.de\\\/#website\",\"url\":\"https:\\\/\\\/gruene-wiesbaden.de\\\/\",\"name\":\"DIE GR\u00dcNEN Wiesbaden\",\"description\":\"\",\"publisher\":{\"@id\":\"https:\\\/\\\/gruene-wiesbaden.de\\\/#organization\"},\"potentialAction\":[{\"@type\":\"SearchAction\",\"target\":{\"@type\":\"EntryPoint\",\"urlTemplate\":\"https:\\\/\\\/gruene-wiesbaden.de\\\/?s={search_term_string}\"},\"query-input\":{\"@type\":\"PropertyValueSpecification\",\"valueRequired\":true,\"valueName\":\"search_term_string\"}}],\"inLanguage\":\"ro-RO\"},{\"@type\":\"Organization\",\"@id\":\"https:\\\/\\\/gruene-wiesbaden.de\\\/#organization\",\"name\":\"DIE GR\u00dcNEN Wiesbaden\",\"url\":\"https:\\\/\\\/gruene-wiesbaden.de\\\/\",\"logo\":{\"@type\":\"ImageObject\",\"inLanguage\":\"ro-RO\",\"@id\":\"https:\\\/\\\/gruene-wiesbaden.de\\\/#\\\/schema\\\/logo\\\/image\\\/\",\"url\":\"https:\\\/\\\/gruene-wiesbaden-fuer-europa.de\\\/wp-content\\\/uploads\\\/2024\\\/04\\\/Machen-was-zaehlt-5.png\",\"contentUrl\":\"https:\\\/\\\/gruene-wiesbaden-fuer-europa.de\\\/wp-content\\\/uploads\\\/2024\\\/04\\\/Machen-was-zaehlt-5.png\",\"width\":1772,\"height\":1772,\"caption\":\"DIE GR\u00dcNEN Wiesbaden\"},\"image\":{\"@id\":\"https:\\\/\\\/gruene-wiesbaden.de\\\/#\\\/schema\\\/logo\\\/image\\\/\"},\"sameAs\":[\"https:\\\/\\\/www.facebook.com\\\/gruene.wi\",\"https:\\\/\\\/instagram.com\\\/gruene_wi\"]},{\"@type\":\"Person\",\"@id\":\"https:\\\/\\\/gruene-wiesbaden.de\\\/#\\\/schema\\\/person\\\/6785c34779159cd4fd86886bb097afe9\",\"name\":\"admin\",\"sameAs\":[\"http:\\\/\\\/gruene-wiesbaden-fuer-europa.de\"],\"url\":\"https:\\\/\\\/gruene-wiesbaden.de\\\/ro\\\/author\\\/admin\\\/\"}]}<\/script>\n<!-- \/ Yoast SEO plugin. -->","yoast_head_json":{"title":"Senior*innen - B\u00dcNDNIS 90\/DIE GR\u00dcNEN Wiesbaden","robots":{"index":"index","follow":"follow","max-snippet":"max-snippet:-1","max-image-preview":"max-image-preview:large","max-video-preview":"max-video-preview:-1"},"canonical":"https:\/\/gruene-wiesbaden.de\/ro\/seniorinnen\/","og_locale":"ro_RO","og_type":"article","og_title":"Senior*innen - B\u00dcNDNIS 90\/DIE GR\u00dcNEN Wiesbaden","og_url":"https:\/\/gruene-wiesbaden.de\/ro\/seniorinnen\/","og_site_name":"B\u00dcNDNIS 90\/DIE GR\u00dcNEN Wiesbaden","article_publisher":"https:\/\/www.facebook.com\/gruene.wi","article_published_time":"2025-11-09T22:20:32+00:00","article_modified_time":"2026-04-09T08:43:56+00:00","og_image":[{"width":1707,"height":2560,"url":"https:\/\/gruene-wiesbaden.de\/wp-content\/uploads\/2025\/11\/2.10-Seniorinnen-scaled.jpg","type":"image\/jpeg"}],"author":"admin","twitter_card":"summary_large_image","twitter_misc":{"Scris de":"admin","Timp estimat pentru citire":"6 minutes"},"schema":{"@context":"https:\/\/schema.org","@graph":[{"@type":"Article","@id":"https:\/\/gruene-wiesbaden.de\/seniorinnen\/#article","isPartOf":{"@id":"https:\/\/gruene-wiesbaden.de\/seniorinnen\/"},"author":{"name":"admin","@id":"https:\/\/gruene-wiesbaden.de\/#\/schema\/person\/6785c34779159cd4fd86886bb097afe9"},"headline":"Senior*innen","datePublished":"2025-11-09T22:20:32+00:00","dateModified":"2026-04-09T08:43:56+00:00","mainEntityOfPage":{"@id":"https:\/\/gruene-wiesbaden.de\/seniorinnen\/"},"wordCount":1849,"publisher":{"@id":"https:\/\/gruene-wiesbaden.de\/#organization"},"image":{"@id":"https:\/\/gruene-wiesbaden.de\/seniorinnen\/#primaryimage"},"thumbnailUrl":"https:\/\/gruene-wiesbaden.de\/wp-content\/uploads\/2025\/11\/2.10-Seniorinnen-scaled.jpg","articleSection":["Kapitel 2"],"inLanguage":"ro-RO"},{"@type":"WebPage","@id":"https:\/\/gruene-wiesbaden.de\/seniorinnen\/","url":"https:\/\/gruene-wiesbaden.de\/seniorinnen\/","name":"Senior*innen - B\u00dcNDNIS 90\/DIE GR\u00dcNEN Wiesbaden","isPartOf":{"@id":"https:\/\/gruene-wiesbaden.de\/#website"},"primaryImageOfPage":{"@id":"https:\/\/gruene-wiesbaden.de\/seniorinnen\/#primaryimage"},"image":{"@id":"https:\/\/gruene-wiesbaden.de\/seniorinnen\/#primaryimage"},"thumbnailUrl":"https:\/\/gruene-wiesbaden.de\/wp-content\/uploads\/2025\/11\/2.10-Seniorinnen-scaled.jpg","datePublished":"2025-11-09T22:20:32+00:00","dateModified":"2026-04-09T08:43:56+00:00","breadcrumb":{"@id":"https:\/\/gruene-wiesbaden.de\/seniorinnen\/#breadcrumb"},"inLanguage":"ro-RO","potentialAction":[{"@type":"ReadAction","target":["https:\/\/gruene-wiesbaden.de\/seniorinnen\/"]}]},{"@type":"ImageObject","inLanguage":"ro-RO","@id":"https:\/\/gruene-wiesbaden.de\/seniorinnen\/#primaryimage","url":"https:\/\/gruene-wiesbaden.de\/wp-content\/uploads\/2025\/11\/2.10-Seniorinnen-scaled.jpg","contentUrl":"https:\/\/gruene-wiesbaden.de\/wp-content\/uploads\/2025\/11\/2.10-Seniorinnen-scaled.jpg","width":1707,"height":2560},{"@type":"BreadcrumbList","@id":"https:\/\/gruene-wiesbaden.de\/seniorinnen\/#breadcrumb","itemListElement":[{"@type":"ListItem","position":1,"name":"Startseite","item":"https:\/\/gruene-wiesbaden.de\/"},{"@type":"ListItem","position":2,"name":"Senior*innen"}]},{"@type":"WebSite","@id":"https:\/\/gruene-wiesbaden.de\/#website","url":"https:\/\/gruene-wiesbaden.de\/","name":"DIE GR\u00dcNEN Wiesbaden","description":"","publisher":{"@id":"https:\/\/gruene-wiesbaden.de\/#organization"},"potentialAction":[{"@type":"SearchAction","target":{"@type":"EntryPoint","urlTemplate":"https:\/\/gruene-wiesbaden.de\/?s={search_term_string}"},"query-input":{"@type":"PropertyValueSpecification","valueRequired":true,"valueName":"search_term_string"}}],"inLanguage":"ro-RO"},{"@type":"Organization","@id":"https:\/\/gruene-wiesbaden.de\/#organization","name":"DIE GR\u00dcNEN Wiesbaden","url":"https:\/\/gruene-wiesbaden.de\/","logo":{"@type":"ImageObject","inLanguage":"ro-RO","@id":"https:\/\/gruene-wiesbaden.de\/#\/schema\/logo\/image\/","url":"https:\/\/gruene-wiesbaden-fuer-europa.de\/wp-content\/uploads\/2024\/04\/Machen-was-zaehlt-5.png","contentUrl":"https:\/\/gruene-wiesbaden-fuer-europa.de\/wp-content\/uploads\/2024\/04\/Machen-was-zaehlt-5.png","width":1772,"height":1772,"caption":"DIE GR\u00dcNEN Wiesbaden"},"image":{"@id":"https:\/\/gruene-wiesbaden.de\/#\/schema\/logo\/image\/"},"sameAs":["https:\/\/www.facebook.com\/gruene.wi","https:\/\/instagram.com\/gruene_wi"]},{"@type":"Person","@id":"https:\/\/gruene-wiesbaden.de\/#\/schema\/person\/6785c34779159cd4fd86886bb097afe9","name":"admin","sameAs":["http:\/\/gruene-wiesbaden-fuer-europa.de"],"url":"https:\/\/gruene-wiesbaden.de\/ro\/author\/admin\/"}]}},"_links":{"self":[{"href":"https:\/\/gruene-wiesbaden.de\/ro\/wp-json\/wp\/v2\/posts\/1370","targetHints":{"allow":["GET"]}}],"collection":[{"href":"https:\/\/gruene-wiesbaden.de\/ro\/wp-json\/wp\/v2\/posts"}],"about":[{"href":"https:\/\/gruene-wiesbaden.de\/ro\/wp-json\/wp\/v2\/types\/post"}],"author":[{"embeddable":true,"href":"https:\/\/gruene-wiesbaden.de\/ro\/wp-json\/wp\/v2\/users\/1"}],"replies":[{"embeddable":true,"href":"https:\/\/gruene-wiesbaden.de\/ro\/wp-json\/wp\/v2\/comments?post=1370"}],"version-history":[{"count":7,"href":"https:\/\/gruene-wiesbaden.de\/ro\/wp-json\/wp\/v2\/posts\/1370\/revisions"}],"predecessor-version":[{"id":2398,"href":"https:\/\/gruene-wiesbaden.de\/ro\/wp-json\/wp\/v2\/posts\/1370\/revisions\/2398"}],"wp:featuredmedia":[{"embeddable":true,"href":"https:\/\/gruene-wiesbaden.de\/ro\/wp-json\/wp\/v2\/media\/1493"}],"wp:attachment":[{"href":"https:\/\/gruene-wiesbaden.de\/ro\/wp-json\/wp\/v2\/media?parent=1370"}],"wp:term":[{"taxonomy":"category","embeddable":true,"href":"https:\/\/gruene-wiesbaden.de\/ro\/wp-json\/wp\/v2\/categories?post=1370"},{"taxonomy":"post_tag","embeddable":true,"href":"https:\/\/gruene-wiesbaden.de\/ro\/wp-json\/wp\/v2\/tags?post=1370"}],"curies":[{"name":"wp","href":"https:\/\/api.w.org\/{rel}","templated":true}]}}